{"id":969,"date":"2019-10-01T00:01:00","date_gmt":"2019-09-30T22:01:00","guid":{"rendered":"http:\/\/womenhouse.cz\/?p=969"},"modified":"2019-12-03T01:01:05","modified_gmt":"2019-12-03T00:01:05","slug":"balet-tri-mesice-vyuky-v-baletni-akademii-adely-pollertove","status":"publish","type":"post","link":"https:\/\/womenhouse.cz\/index.php\/2019\/10\/01\/balet-tri-mesice-vyuky-v-baletni-akademii-adely-pollertove\/","title":{"rendered":"Balet: T\u0159i m\u011bs\u00edce v\u00fduky v Baletn\u00ed akademii Ad\u00e9ly Pollertov\u00e9"},"content":{"rendered":"\n<figure class=\"wp-block-image\"><img loading=\"lazy\" decoding=\"async\" width=\"1024\" height=\"644\" src=\"http:\/\/womenhouse.cz\/wp-content\/uploads\/2019\/09\/ballerina-3055155_1920-1024x644.jpg\" alt=\"\" class=\"wp-image-972\" srcset=\"https:\/\/womenhouse.cz\/wp-content\/uploads\/2019\/09\/ballerina-3055155_1920-1024x644.jpg 1024w, https:\/\/womenhouse.cz\/wp-content\/uploads\/2019\/09\/ballerina-3055155_1920-300x189.jpg 300w, https:\/\/womenhouse.cz\/wp-content\/uploads\/2019\/09\/ballerina-3055155_1920-768x483.jpg 768w, https:\/\/womenhouse.cz\/wp-content\/uploads\/2019\/09\/ballerina-3055155_1920.jpg 1920w\" sizes=\"(max-width: 1024px) 100vw, 1024px\" \/><\/figure>\n\n\n\n<p><strong>Balet v\u011bt\u0161ina z&nbsp;n\u00e1s zn\u00e1 z&nbsp;divadeln\u00edch p\u0159edstaven\u00ed a televize. Obvykle obdivujeme \u00e9terickou d\u00edvku, kter\u00e1 tan\u010d\u00ed na \u0161pi\u010dk\u00e1ch a p\u016fsob\u00ed u toho velmi ladn\u011b. Pohyby jsou plynul\u00e9 a vypadaj\u00ed jednodu\u0161e. <\/strong>Ale jen do chv\u00edle, ne\u017e si v&nbsp;ob\u00fdvac\u00edm pokoji, p\u0159idr\u017euj\u00edce se stolu, zkou\u0161\u00edme arabesku na polo\u0161pi\u010dk\u00e1ch.<\/p>\n\n\n\n<p>I v&nbsp;dosp\u011blosti m\u016f\u017eeme propadnout kouzlu baletu. Kurzy\nbaletu pro dosp\u011bl\u00e9 za\u010d\u00e1te\u010dn\u00edky toti\u017e v&nbsp;sou\u010dasnosti najdete v&nbsp;ka\u017ed\u00e9m\nv\u011bt\u0161\u00edm m\u011bst\u011b. J\u00e1 jsem si vybrala a na vlastn\u00ed k\u016f\u017ei vyzkou\u0161ela <strong>Baletn\u00ed akademii Ad\u00e9ly Pollertov\u00e9<\/strong>,\ns\u00eddl\u00edc\u00ed na pra\u017esk\u00e9 Florenci v&nbsp;Dom\u011b \u010cern\u00e1 Labu\u0165.<\/p>\n\n\n\n<p>Zku\u0161enosti s prvn\u00ed lekc\u00ed jsme v\u00e1m ji\u017e p\u0159edstavili v&nbsp;tomto <a href=\"http:\/\/womenhouse.cz\/index.php\/2019\/08\/13\/navsteva-baletni-lekce-co-to-obnasi\/\">\u010dl\u00e1nku<\/a>. Ale co se d\u011bje potom?<\/p>\n\n\n\n<div class=\"wp-block-image\"><figure class=\"aligncenter\"><img loading=\"lazy\" decoding=\"async\" width=\"1024\" height=\"758\" src=\"http:\/\/womenhouse.cz\/wp-content\/uploads\/2019\/09\/IMG_20190924_180718-e1569573111721-1024x758.jpg\" alt=\"\" class=\"wp-image-970\" srcset=\"https:\/\/womenhouse.cz\/wp-content\/uploads\/2019\/09\/IMG_20190924_180718-e1569573111721-1024x758.jpg 1024w, https:\/\/womenhouse.cz\/wp-content\/uploads\/2019\/09\/IMG_20190924_180718-e1569573111721-300x222.jpg 300w, https:\/\/womenhouse.cz\/wp-content\/uploads\/2019\/09\/IMG_20190924_180718-e1569573111721-768x568.jpg 768w\" sizes=\"(max-width: 1024px) 100vw, 1024px\" \/><\/figure><\/div>\n\n\n\n<h3 class=\"wp-block-heading\"><strong>Moje za\u010d\u00e1tky s&nbsp;baletn\u00ed v\u00fdukou<\/strong><\/h3>\n\n\n\n<p>Prvn\u00edch p\u00e1r lekc\u00ed jsem si p\u0159ipadala dost nemotorn\u011b. V&nbsp;zrcadle jsem vid\u011bla, \u017ee m\u00e9 pohyby v\u016fbec nejsou ladn\u00e9. Sna\u017eila jsem se, ale stejn\u011b si m\u00e9 t\u011blo d\u011blalo, co cht\u011blo. P\u0159i v\u00fduce na volnosti, kter\u00e1 je za\u0159azena v\u017edy ke konci lekce, jsem skoro ani neudr\u017eela rovnov\u00e1hu. Ji\u017e po prvn\u00edm m\u011bs\u00edci ale bylo v\u0161e jinak. Moje \u201et\u011blo bylo disciplinovan\u011bj\u0161\u00ed\u201c. Automaticky jsem vyto\u010dila nohu p\u0159i <strong><em>batman tendu<\/em><\/strong>. Dop\u0159edu jsem tu\u0161ila, kter\u00fd cvik m\u016f\u017eu o\u010dek\u00e1vat. A p\u0159i <strong><em>pli\u00e9<\/em><\/strong> mi p\u0159i\u0161lo p\u0159irozen\u00e9 vyto\u010dit kolena\u2026<\/p>\n\n\n\n<figure class=\"wp-block-image\"><img loading=\"lazy\" decoding=\"async\" width=\"1024\" height=\"649\" src=\"http:\/\/womenhouse.cz\/wp-content\/uploads\/2019\/08\/balet7-1024x649.jpg\" alt=\"\" class=\"wp-image-507\" srcset=\"https:\/\/womenhouse.cz\/wp-content\/uploads\/2019\/08\/balet7-1024x649.jpg 1024w, https:\/\/womenhouse.cz\/wp-content\/uploads\/2019\/08\/balet7-300x190.jpg 300w, https:\/\/womenhouse.cz\/wp-content\/uploads\/2019\/08\/balet7-768x487.jpg 768w, https:\/\/womenhouse.cz\/wp-content\/uploads\/2019\/08\/balet7.jpg 1950w\" sizes=\"(max-width: 1024px) 100vw, 1024px\" \/><\/figure>\n\n\n\n<h3 class=\"wp-block-heading\"><strong>Prvn\u00ed kurz je za mnou<\/strong><\/h3>\n\n\n\n<p>T\u0159i m\u011bs\u00edce baletn\u00ed v\u00fduky m\u00e1m zd\u00e1rn\u011b za sebou. P\u0159i posledn\u00ed\nlekci jsem bez probl\u00e9m\u016f udr\u017eela rovnov\u00e1hu na polo\u0161pi\u010dk\u00e1ch. Zvl\u00e1dla jsem\nzkoordinovat nohy i ruce. A tak\u00e9 automaticky prop\u00edn\u00e1m kolena a sna\u017e\u00edm se je\nnekr\u010dit. Pamatuji si z\u00e1kladn\u00ed n\u00e1zvy a zvl\u00e1d\u00e1m del\u0161\u00ed choreografie prvk\u016f. I tempo\nkurzu se postupn\u011b zv\u00fd\u0161ilo na \u201ebaletn\u00ed standard\u201c. A pozitivn\u00ed zpr\u00e1va pro zdrav\u00fd\npohyb, pokud d\u011bl\u00e1te prvky opravdu poctiv\u011b, v\u00fddej kalori\u00ed se vyrovn\u00e1 hodin\u011b ve\nfitness.<\/p>\n\n\n\n<h3 class=\"wp-block-heading\"><strong>Vliv na m\u016fj \u017eivot<\/strong><\/h3>\n\n\n\n<p>Mus\u00edm p\u0159iznat, \u017ee velmi pozitivn\u00ed. V&nbsp;b\u011b\u017en\u00e9m \u017eivot\u011b chod\u00edm v\u00edce narovnan\u00e1 a p\u0159estala m\u011b bolet z\u00e1da. Na ka\u017edou lekci se doslova t\u011b\u0161\u00edm, je to pro m\u011b \u00fanik z&nbsp;pracovn\u00edho \u017eivota. V\u00edm, \u017ee primabaler\u00edna ze m\u011b ur\u010dit\u011b nikdy nebude. T\u0159eba ale jednou obuju \u0161pi\u010dky a zatan\u010d\u00edm si s\u00f3lo v&nbsp;baletn\u00edm s\u00e1le.<\/p>\n\n\n\n<figure class=\"wp-block-image\"><img loading=\"lazy\" decoding=\"async\" width=\"1024\" height=\"608\" src=\"http:\/\/womenhouse.cz\/wp-content\/uploads\/2019\/08\/balet1-1024x608.jpg\" alt=\"\" class=\"wp-image-501\" srcset=\"https:\/\/womenhouse.cz\/wp-content\/uploads\/2019\/08\/balet1-1024x608.jpg 1024w, https:\/\/womenhouse.cz\/wp-content\/uploads\/2019\/08\/balet1-300x178.jpg 300w, https:\/\/womenhouse.cz\/wp-content\/uploads\/2019\/08\/balet1-768x456.jpg 768w, https:\/\/womenhouse.cz\/wp-content\/uploads\/2019\/08\/balet1.jpg 1950w\" sizes=\"(max-width: 1024px) 100vw, 1024px\" \/><\/figure>\n\n\n\n<h3 class=\"wp-block-heading\"><strong>Dostala jsem \u0161anci pokra\u010dovat d\u00e1l<\/strong><\/h3>\n\n\n\n<p>Pr\u00e1v\u011b se chyst\u00e1m na dal\u0161\u00ed \u00farove\u0148 kurzu. <strong><a href=\"https:\/\/www.baletniakademie.cz\/balet-dospeli\/\">Baletn\u00ed akademie Ad\u00e9ly Pollertov\u00e9<\/a><\/strong> je vypisuje ka\u017ed\u00fd p\u016flrok, a te\u010f aktu\u00e1ln\u011b prob\u00edh\u00e1 z\u00e1pis. <strong>Zkusit to tedy m\u016f\u017eete i vy.<\/strong> <\/p>\n\n\n\n<h3 class=\"wp-block-heading\"><strong>P\u0159ihl\u00e1sit m\u016f\u017eete sebe i sv\u00e9 d\u00edt\u011b<\/strong><\/h3>\n\n\n\n<p>A nemus\u00ed z\u016fstat jen u v\u00e1s! Tan\u010dit m\u016f\u017ee i va\u0161e dcera.\nV&nbsp;Baletn\u00ed akademii prob\u00edhaj\u00ed i kurzy pro mal\u00e9 baletky, kter\u00e9 jsou dokonce\nzakon\u010deny baletn\u00edm p\u0159edstaven\u00edm.<\/p>\n\n\n\n<p>V\u00edce informac\u00ed a p\u0159ihl\u00e1\u0161ky naleznete na <strong><a href=\"https:\/\/www.baletniakademie.cz\/\">www.baletniakademie.cz<\/a><\/strong><a href=\"https:\/\/www.baletniakademie.cz\/\">.<\/a><\/p>\n\n\n\n<p><\/p>\n\n\n\n<div class=\"wp-block-image\"><figure class=\"aligncenter is-resized\"><img loading=\"lazy\" decoding=\"async\" src=\"http:\/\/womenhouse.cz\/wp-content\/uploads\/2019\/08\/logo_banner-300x191.jpg\" alt=\"\" class=\"wp-image-508\" width=\"300\" height=\"191\" srcset=\"https:\/\/womenhouse.cz\/wp-content\/uploads\/2019\/08\/logo_banner-300x191.jpg 300w, https:\/\/womenhouse.cz\/wp-content\/uploads\/2019\/08\/logo_banner-768x489.jpg 768w, https:\/\/womenhouse.cz\/wp-content\/uploads\/2019\/08\/logo_banner-1024x652.jpg 1024w, https:\/\/womenhouse.cz\/wp-content\/uploads\/2019\/08\/logo_banner.jpg 1950w\" sizes=\"(max-width: 300px) 100vw, 300px\" \/><\/figure><\/div>\n","protected":false},"excerpt":{"rendered":"<p>Balet v\u011bt\u0161ina z&nbsp;n\u00e1s zn\u00e1 z&nbsp;divadeln\u00edch p\u0159edstaven\u00ed a televize. Obvykle obdivujeme \u00e9terickou d\u00edvku, kter\u00e1 tan\u010d\u00ed na \u0161pi\u010dk\u00e1ch a p\u016fsob\u00ed u toho velmi ladn\u011b. Pohyby jsou plynul\u00e9 a vypadaj\u00ed jednodu\u0161e. Ale jen do chv\u00edle, ne\u017e si v&nbsp;ob\u00fdvac\u00edm pokoji, p\u0159idr\u017euj\u00edce se stolu, zkou\u0161\u00edme arabesku na polo\u0161pi\u010dk\u00e1ch. I v&nbsp;dosp\u011blosti m\u016f\u017eeme propadnout kouzlu baletu. Kurzy baletu pro dosp\u011bl\u00e9 za\u010d\u00e1te\u010dn\u00edky toti\u017e [&hellip;]<\/p>\n","protected":false},"author":5,"featured_media":974,"comment_status":"closed","ping_status":"closed","sticky":false,"template":"","format":"standard","meta":{"_mi_skip_tracking":false,"_monsterinsights_sitenote_active":false,"_monsterinsights_sitenote_note":"","_monsterinsights_sitenote_category":0,"footnotes":""},"categories":[2,22],"tags":[],"yoast_head":"<!-- This site is optimized with the Yoast SEO plugin v21.5 - https:\/\/yoast.com\/wordpress\/plugins\/seo\/ -->\n<title>Balet: T\u0159i m\u011bs\u00edce v\u00fduky v Baletn\u00ed akademii Ad\u00e9ly Pollertov\u00e9 - WOMENHOUSE.cz<\/title>\n<meta name=\"robots\" content=\"index, follow, max-snippet:-1, max-image-preview:large, max-video-preview:-1\" \/>\n<link rel=\"canonical\" href=\"https:\/\/womenhouse.cz\/index.php\/2019\/10\/01\/balet-tri-mesice-vyuky-v-baletni-akademii-adely-pollertove\/\" \/>\n<meta property=\"og:locale\" content=\"cs_CZ\" \/>\n<meta property=\"og:type\" content=\"article\" \/>\n<meta property=\"og:title\" content=\"Balet: T\u0159i m\u011bs\u00edce v\u00fduky v Baletn\u00ed akademii Ad\u00e9ly Pollertov\u00e9 - WOMENHOUSE.cz\" \/>\n<meta property=\"og:description\" content=\"Balet v\u011bt\u0161ina z&nbsp;n\u00e1s zn\u00e1 z&nbsp;divadeln\u00edch p\u0159edstaven\u00ed a televize. Obvykle obdivujeme \u00e9terickou d\u00edvku, kter\u00e1 tan\u010d\u00ed na \u0161pi\u010dk\u00e1ch a p\u016fsob\u00ed u toho velmi ladn\u011b. Pohyby jsou plynul\u00e9 a vypadaj\u00ed jednodu\u0161e. Ale jen do chv\u00edle, ne\u017e si v&nbsp;ob\u00fdvac\u00edm pokoji, p\u0159idr\u017euj\u00edce se stolu, zkou\u0161\u00edme arabesku na polo\u0161pi\u010dk\u00e1ch. I v&nbsp;dosp\u011blosti m\u016f\u017eeme propadnout kouzlu baletu. Kurzy baletu pro dosp\u011bl\u00e9 za\u010d\u00e1te\u010dn\u00edky toti\u017e [&hellip;]\" \/>\n<meta property=\"og:url\" content=\"https:\/\/womenhouse.cz\/index.php\/2019\/10\/01\/balet-tri-mesice-vyuky-v-baletni-akademii-adely-pollertove\/\" \/>\n<meta property=\"og:site_name\" content=\"WOMENHOUSE.cz\" \/>\n<meta property=\"article:publisher\" content=\"https:\/\/www.facebook.com\/womenhousecz\" \/>\n<meta property=\"article:published_time\" content=\"2019-09-30T22:01:00+00:00\" \/>\n<meta property=\"article:modified_time\" content=\"2019-12-03T00:01:05+00:00\" \/>\n<meta property=\"og:image\" content=\"https:\/\/womenhouse.cz\/wp-content\/uploads\/2019\/09\/classic-dance-2079980_1920.jpg\" \/>\n\t<meta property=\"og:image:width\" content=\"1920\" \/>\n\t<meta property=\"og:image:height\" content=\"1277\" \/>\n\t<meta property=\"og:image:type\" content=\"image\/jpeg\" \/>\n<meta name=\"author\" content=\"Marcela Karafizievov\u00e1\" \/>\n<meta name=\"twitter:card\" content=\"summary_large_image\" \/>\n<meta name=\"twitter:label1\" content=\"Napsal(a)\" \/>\n\t<meta name=\"twitter:data1\" content=\"Marcela Karafizievov\u00e1\" \/>\n\t<meta name=\"twitter:label2\" content=\"Odhadovan\u00e1 doba \u010dten\u00ed\" \/>\n\t<meta name=\"twitter:data2\" content=\"3 minuty\" \/>\n<script type=\"application\/ld+json\" class=\"yoast-schema-graph\">{\"@context\":\"https:\/\/schema.org\",\"@graph\":[{\"@type\":\"Article\",\"@id\":\"https:\/\/womenhouse.cz\/index.php\/2019\/10\/01\/balet-tri-mesice-vyuky-v-baletni-akademii-adely-pollertove\/#article\",\"isPartOf\":{\"@id\":\"https:\/\/womenhouse.cz\/index.php\/2019\/10\/01\/balet-tri-mesice-vyuky-v-baletni-akademii-adely-pollertove\/\"},\"author\":{\"name\":\"Marcela Karafizievov\u00e1\",\"@id\":\"https:\/\/womenhouse.cz\/#\/schema\/person\/bb23de047f36ce228c1df3119aa23bff\"},\"headline\":\"Balet: T\u0159i m\u011bs\u00edce v\u00fduky v Baletn\u00ed akademii Ad\u00e9ly Pollertov\u00e9\",\"datePublished\":\"2019-09-30T22:01:00+00:00\",\"dateModified\":\"2019-12-03T00:01:05+00:00\",\"mainEntityOfPage\":{\"@id\":\"https:\/\/womenhouse.cz\/index.php\/2019\/10\/01\/balet-tri-mesice-vyuky-v-baletni-akademii-adely-pollertove\/\"},\"wordCount\":570,\"publisher\":{\"@id\":\"https:\/\/womenhouse.cz\/#organization\"},\"articleSection\":[\"NEWS\",\"RELAX &amp; SPORT\"],\"inLanguage\":\"cs\"},{\"@type\":\"WebPage\",\"@id\":\"https:\/\/womenhouse.cz\/index.php\/2019\/10\/01\/balet-tri-mesice-vyuky-v-baletni-akademii-adely-pollertove\/\",\"url\":\"https:\/\/womenhouse.cz\/index.php\/2019\/10\/01\/balet-tri-mesice-vyuky-v-baletni-akademii-adely-pollertove\/\",\"name\":\"Balet: T\u0159i m\u011bs\u00edce v\u00fduky v Baletn\u00ed akademii Ad\u00e9ly Pollertov\u00e9 - WOMENHOUSE.cz\",\"isPartOf\":{\"@id\":\"https:\/\/womenhouse.cz\/#website\"},\"datePublished\":\"2019-09-30T22:01:00+00:00\",\"dateModified\":\"2019-12-03T00:01:05+00:00\",\"breadcrumb\":{\"@id\":\"https:\/\/womenhouse.cz\/index.php\/2019\/10\/01\/balet-tri-mesice-vyuky-v-baletni-akademii-adely-pollertove\/#breadcrumb\"},\"inLanguage\":\"cs\",\"potentialAction\":[{\"@type\":\"ReadAction\",\"target\":[\"https:\/\/womenhouse.cz\/index.php\/2019\/10\/01\/balet-tri-mesice-vyuky-v-baletni-akademii-adely-pollertove\/\"]}]},{\"@type\":\"BreadcrumbList\",\"@id\":\"https:\/\/womenhouse.cz\/index.php\/2019\/10\/01\/balet-tri-mesice-vyuky-v-baletni-akademii-adely-pollertove\/#breadcrumb\",\"itemListElement\":[{\"@type\":\"ListItem\",\"position\":1,\"name\":\"Dom\u016f\",\"item\":\"https:\/\/womenhouse.cz\/\"},{\"@type\":\"ListItem\",\"position\":2,\"name\":\"Balet: T\u0159i m\u011bs\u00edce v\u00fduky v Baletn\u00ed akademii Ad\u00e9ly Pollertov\u00e9\"}]},{\"@type\":\"WebSite\",\"@id\":\"https:\/\/womenhouse.cz\/#website\",\"url\":\"https:\/\/womenhouse.cz\/\",\"name\":\"WOMENHOUSE.cz\",\"description\":\"Port\u00e1l v\u00fdhradn\u011b jen pro \u017eeny...\",\"publisher\":{\"@id\":\"https:\/\/womenhouse.cz\/#organization\"},\"potentialAction\":[{\"@type\":\"SearchAction\",\"target\":{\"@type\":\"EntryPoint\",\"urlTemplate\":\"https:\/\/womenhouse.cz\/?s={search_term_string}\"},\"query-input\":\"required name=search_term_string\"}],\"inLanguage\":\"cs\"},{\"@type\":\"Organization\",\"@id\":\"https:\/\/womenhouse.cz\/#organization\",\"name\":\"WOMENHOUSE.cz\",\"url\":\"https:\/\/womenhouse.cz\/\",\"logo\":{\"@type\":\"ImageObject\",\"inLanguage\":\"cs\",\"@id\":\"https:\/\/womenhouse.cz\/#\/schema\/logo\/image\/\",\"url\":\"https:\/\/womenhouse.cz\/wp-content\/uploads\/2020\/06\/cropped-logo_Womenhouse_RGB-02-removebg-preview-1.png\",\"contentUrl\":\"https:\/\/womenhouse.cz\/wp-content\/uploads\/2020\/06\/cropped-logo_Womenhouse_RGB-02-removebg-preview-1.png\",\"width\":561,\"height\":375,\"caption\":\"WOMENHOUSE.cz\"},\"image\":{\"@id\":\"https:\/\/womenhouse.cz\/#\/schema\/logo\/image\/\"},\"sameAs\":[\"https:\/\/www.facebook.com\/womenhousecz\",\"https:\/\/www.instagram.com\/womenhousecz\/\"]},{\"@type\":\"Person\",\"@id\":\"https:\/\/womenhouse.cz\/#\/schema\/person\/bb23de047f36ce228c1df3119aa23bff\",\"name\":\"Marcela Karafizievov\u00e1\",\"sameAs\":[\"http:\/\/WOMENHOUSE.cz\"],\"url\":\"https:\/\/womenhouse.cz\/index.php\/author\/markar\/\"}]}<\/script>\n<!-- \/ Yoast SEO plugin. -->","yoast_head_json":{"title":"Balet: T\u0159i m\u011bs\u00edce v\u00fduky v Baletn\u00ed akademii Ad\u00e9ly Pollertov\u00e9 - WOMENHOUSE.cz","robots":{"index":"index","follow":"follow","max-snippet":"max-snippet:-1","max-image-preview":"max-image-preview:large","max-video-preview":"max-video-preview:-1"},"canonical":"https:\/\/womenhouse.cz\/index.php\/2019\/10\/01\/balet-tri-mesice-vyuky-v-baletni-akademii-adely-pollertove\/","og_locale":"cs_CZ","og_type":"article","og_title":"Balet: T\u0159i m\u011bs\u00edce v\u00fduky v Baletn\u00ed akademii Ad\u00e9ly Pollertov\u00e9 - WOMENHOUSE.cz","og_description":"Balet v\u011bt\u0161ina z&nbsp;n\u00e1s zn\u00e1 z&nbsp;divadeln\u00edch p\u0159edstaven\u00ed a televize. Obvykle obdivujeme \u00e9terickou d\u00edvku, kter\u00e1 tan\u010d\u00ed na \u0161pi\u010dk\u00e1ch a p\u016fsob\u00ed u toho velmi ladn\u011b. Pohyby jsou plynul\u00e9 a vypadaj\u00ed jednodu\u0161e. Ale jen do chv\u00edle, ne\u017e si v&nbsp;ob\u00fdvac\u00edm pokoji, p\u0159idr\u017euj\u00edce se stolu, zkou\u0161\u00edme arabesku na polo\u0161pi\u010dk\u00e1ch. I v&nbsp;dosp\u011blosti m\u016f\u017eeme propadnout kouzlu baletu. Kurzy baletu pro dosp\u011bl\u00e9 za\u010d\u00e1te\u010dn\u00edky toti\u017e [&hellip;]","og_url":"https:\/\/womenhouse.cz\/index.php\/2019\/10\/01\/balet-tri-mesice-vyuky-v-baletni-akademii-adely-pollertove\/","og_site_name":"WOMENHOUSE.cz","article_publisher":"https:\/\/www.facebook.com\/womenhousecz","article_published_time":"2019-09-30T22:01:00+00:00","article_modified_time":"2019-12-03T00:01:05+00:00","og_image":[{"width":1920,"height":1277,"url":"https:\/\/womenhouse.cz\/wp-content\/uploads\/2019\/09\/classic-dance-2079980_1920.jpg","type":"image\/jpeg"}],"author":"Marcela Karafizievov\u00e1","twitter_card":"summary_large_image","twitter_misc":{"Napsal(a)":"Marcela Karafizievov\u00e1","Odhadovan\u00e1 doba \u010dten\u00ed":"3 minuty"},"schema":{"@context":"https:\/\/schema.org","@graph":[{"@type":"Article","@id":"https:\/\/womenhouse.cz\/index.php\/2019\/10\/01\/balet-tri-mesice-vyuky-v-baletni-akademii-adely-pollertove\/#article","isPartOf":{"@id":"https:\/\/womenhouse.cz\/index.php\/2019\/10\/01\/balet-tri-mesice-vyuky-v-baletni-akademii-adely-pollertove\/"},"author":{"name":"Marcela Karafizievov\u00e1","@id":"https:\/\/womenhouse.cz\/#\/schema\/person\/bb23de047f36ce228c1df3119aa23bff"},"headline":"Balet: T\u0159i m\u011bs\u00edce v\u00fduky v Baletn\u00ed akademii Ad\u00e9ly Pollertov\u00e9","datePublished":"2019-09-30T22:01:00+00:00","dateModified":"2019-12-03T00:01:05+00:00","mainEntityOfPage":{"@id":"https:\/\/womenhouse.cz\/index.php\/2019\/10\/01\/balet-tri-mesice-vyuky-v-baletni-akademii-adely-pollertove\/"},"wordCount":570,"publisher":{"@id":"https:\/\/womenhouse.cz\/#organization"},"articleSection":["NEWS","RELAX &amp; SPORT"],"inLanguage":"cs"},{"@type":"WebPage","@id":"https:\/\/womenhouse.cz\/index.php\/2019\/10\/01\/balet-tri-mesice-vyuky-v-baletni-akademii-adely-pollertove\/","url":"https:\/\/womenhouse.cz\/index.php\/2019\/10\/01\/balet-tri-mesice-vyuky-v-baletni-akademii-adely-pollertove\/","name":"Balet: T\u0159i m\u011bs\u00edce v\u00fduky v Baletn\u00ed akademii Ad\u00e9ly Pollertov\u00e9 - WOMENHOUSE.cz","isPartOf":{"@id":"https:\/\/womenhouse.cz\/#website"},"datePublished":"2019-09-30T22:01:00+00:00","dateModified":"2019-12-03T00:01:05+00:00","breadcrumb":{"@id":"https:\/\/womenhouse.cz\/index.php\/2019\/10\/01\/balet-tri-mesice-vyuky-v-baletni-akademii-adely-pollertove\/#breadcrumb"},"inLanguage":"cs","potentialAction":[{"@type":"ReadAction","target":["https:\/\/womenhouse.cz\/index.php\/2019\/10\/01\/balet-tri-mesice-vyuky-v-baletni-akademii-adely-pollertove\/"]}]},{"@type":"BreadcrumbList","@id":"https:\/\/womenhouse.cz\/index.php\/2019\/10\/01\/balet-tri-mesice-vyuky-v-baletni-akademii-adely-pollertove\/#breadcrumb","itemListElement":[{"@type":"ListItem","position":1,"name":"Dom\u016f","item":"https:\/\/womenhouse.cz\/"},{"@type":"ListItem","position":2,"name":"Balet: T\u0159i m\u011bs\u00edce v\u00fduky v Baletn\u00ed akademii Ad\u00e9ly Pollertov\u00e9"}]},{"@type":"WebSite","@id":"https:\/\/womenhouse.cz\/#website","url":"https:\/\/womenhouse.cz\/","name":"WOMENHOUSE.cz","description":"Port\u00e1l v\u00fdhradn\u011b jen pro \u017eeny...","publisher":{"@id":"https:\/\/womenhouse.cz\/#organization"},"potentialAction":[{"@type":"SearchAction","target":{"@type":"EntryPoint","urlTemplate":"https:\/\/womenhouse.cz\/?s={search_term_string}"},"query-input":"required name=search_term_string"}],"inLanguage":"cs"},{"@type":"Organization","@id":"https:\/\/womenhouse.cz\/#organization","name":"WOMENHOUSE.cz","url":"https:\/\/womenhouse.cz\/","logo":{"@type":"ImageObject","inLanguage":"cs","@id":"https:\/\/womenhouse.cz\/#\/schema\/logo\/image\/","url":"https:\/\/womenhouse.cz\/wp-content\/uploads\/2020\/06\/cropped-logo_Womenhouse_RGB-02-removebg-preview-1.png","contentUrl":"https:\/\/womenhouse.cz\/wp-content\/uploads\/2020\/06\/cropped-logo_Womenhouse_RGB-02-removebg-preview-1.png","width":561,"height":375,"caption":"WOMENHOUSE.cz"},"image":{"@id":"https:\/\/womenhouse.cz\/#\/schema\/logo\/image\/"},"sameAs":["https:\/\/www.facebook.com\/womenhousecz","https:\/\/www.instagram.com\/womenhousecz\/"]},{"@type":"Person","@id":"https:\/\/womenhouse.cz\/#\/schema\/person\/bb23de047f36ce228c1df3119aa23bff","name":"Marcela Karafizievov\u00e1","sameAs":["http:\/\/WOMENHOUSE.cz"],"url":"https:\/\/womenhouse.cz\/index.php\/author\/markar\/"}]}},"_links":{"self":[{"href":"https:\/\/womenhouse.cz\/index.php\/wp-json\/wp\/v2\/posts\/969"}],"collection":[{"href":"https:\/\/womenhouse.cz\/index.php\/wp-json\/wp\/v2\/posts"}],"about":[{"href":"https:\/\/womenhouse.cz\/index.php\/wp-json\/wp\/v2\/types\/post"}],"author":[{"embeddable":true,"href":"https:\/\/womenhouse.cz\/index.php\/wp-json\/wp\/v2\/users\/5"}],"replies":[{"embeddable":true,"href":"https:\/\/womenhouse.cz\/index.php\/wp-json\/wp\/v2\/comments?post=969"}],"version-history":[{"count":1,"href":"https:\/\/womenhouse.cz\/index.php\/wp-json\/wp\/v2\/posts\/969\/revisions"}],"predecessor-version":[{"id":1003,"href":"https:\/\/womenhouse.cz\/index.php\/wp-json\/wp\/v2\/posts\/969\/revisions\/1003"}],"wp:featuredmedia":[{"embeddable":true,"href":"https:\/\/womenhouse.cz\/index.php\/wp-json\/wp\/v2\/media\/974"}],"wp:attachment":[{"href":"https:\/\/womenhouse.cz\/index.php\/wp-json\/wp\/v2\/media?parent=969"}],"wp:term":[{"taxonomy":"category","embeddable":true,"href":"https:\/\/womenhouse.cz\/index.php\/wp-json\/wp\/v2\/categories?post=969"},{"taxonomy":"post_tag","embeddable":true,"href":"https:\/\/womenhouse.cz\/index.php\/wp-json\/wp\/v2\/tags?post=969"}],"curies":[{"name":"wp","href":"https:\/\/api.w.org\/{rel}","templated":true}]}}