{"id":9463,"date":"2023-04-12T11:15:17","date_gmt":"2023-04-12T09:15:17","guid":{"rendered":"https:\/\/womenhouse.cz\/?p=9463"},"modified":"2023-05-15T23:43:54","modified_gmt":"2023-05-15T21:43:54","slug":"show-jana-krause-divoky-kolecko-svatebni-dar-od-kouzelnika-herecka-sama-sebou-a-malir-s-kondomy-v-kapse","status":"publish","type":"post","link":"https:\/\/womenhouse.cz\/index.php\/2023\/04\/12\/show-jana-krause-divoky-kolecko-svatebni-dar-od-kouzelnika-herecka-sama-sebou-a-malir-s-kondomy-v-kapse\/","title":{"rendered":"Show Jana Krause: Divok\u00fd Kole\u010dko, svatebn\u00ed dar od kouzeln\u00edka, here\u010dka sama sebou a mal\u00ed\u0159 s kondomy v kapse"},"content":{"rendered":"\n<div style=\"height:50px\" aria-hidden=\"true\" class=\"wp-block-spacer\"><\/div>\n\n\n\n<p><strong>V&nbsp;dal\u0161\u00edm d\u00edlu Show Jana Krause se p\u0159edstav\u00ed scen\u00e1rista Petr Kole\u010dko, iluzionista Obinn Magic, zp\u011bva\u010dka, here\u010dka a tane\u010dnice Al\u017eb\u011bta Ferencov\u00e1 a mal\u00ed\u0159 \u0160t\u011bp\u00e1n Mare\u0161.<\/strong><\/p>\n\n\n\n<div style=\"height:20px\" aria-hidden=\"true\" class=\"wp-block-spacer\"><\/div>\n\n\n\n<div class=\"wp-block-image\"><figure class=\"aligncenter size-large\"><img decoding=\"async\" src=\"https:\/\/cinemahouse.cz\/wp-content\/uploads\/2023\/04\/sjk-akf-20230412_08264-1024x576.jpg\" alt=\"\" class=\"wp-image-4252\"\/><\/figure><\/div>\n\n\n\n<div style=\"height:20px\" aria-hidden=\"true\" class=\"wp-block-spacer\"><\/div>\n\n\n\n<p><strong>Premi\u00e9ru dal\u0161\u00edho d\u00edlu Show Jana Krause uvid\u00edte ve st\u0159edu 12. dubna ve&nbsp;21.35 na Prim\u011b.<\/strong><\/p>\n\n\n\n<div style=\"height:20px\" aria-hidden=\"true\" class=\"wp-block-spacer\"><\/div>\n\n\n\n<div class=\"wp-block-image\"><figure class=\"aligncenter size-large\"><img decoding=\"async\" src=\"https:\/\/cinemahouse.cz\/wp-content\/uploads\/2023\/04\/sjk-akf-20230412_08113-1024x576.jpg\" alt=\"\" class=\"wp-image-4237\"\/><\/figure><\/div>\n\n\n\n<div style=\"height:20px\" aria-hidden=\"true\" class=\"wp-block-spacer\"><\/div>\n\n\n\n<p>Dnes ve\u010der se jako prvn\u00ed host p\u0159edstav\u00ed \u00fasp\u011b\u0161n\u00fd scen\u00e1rista, re\u017eis\u00e9r a \u010derstv\u00fd novoman\u017eel <strong>Petr Kole\u010dko<\/strong>. P\u0159ed n\u011bkolika dny toti\u017e uzav\u0159el s\u0148atek se svoj\u00ed dlouholetou p\u0159\u00edtelkyn\u00ed a matkou sv\u00e9ho syna Ji\u0159\u00edka, modelkou Anetou Vignerovou. Jan Kraus mu k&nbsp;tomuto \u017eivotn\u00edmu kroku srde\u010dn\u011b poblahop\u0159eje a zasv\u011bcen\u011b si s&nbsp;n\u00edm vym\u011bn\u00ed p\u00e1r osobn\u011b odpro\u017eit\u00fdch zku\u0161enost\u00ed s&nbsp;druh\u00fdm man\u017eelstv\u00edm. Proto\u017ee Kole\u010dkovu veselku doprov\u00e1zela \u0159ada skand\u00e1ln\u00edch bulv\u00e1rn\u00edch zpr\u00e1v, na\u0165ukne moder\u00e1tor i toto t\u00e9ma. \u201e\u017d\u00e1dn\u00e1 pravda nesm\u00ed st\u00e1t v&nbsp;cest\u011b dobr\u00e9 historce,\u201c \u0159\u00edk\u00e1 na to Petr Kole\u010dko s&nbsp;t\u00edm, \u017ee se bylo mo\u017eno do\u010d\u00edst v&nbsp;novin\u00e1ch leccos. \u201eA n\u011bjak tak to je p\u0159ibli\u017en\u011b pravdiv\u00fd,\u201c dod\u00e1v\u00e1. \u201eN\u011bkdy je ale lep\u0161\u00ed, kdy\u017e o v\u00e1s p\u00ed\u0161ou l\u017ei ne\u017e pravdu. O n\u011bkom je lep\u0161\u00ed le\u017e, o n\u011bkom pravda\u2026 J\u00e1 jsem takov\u00e1 k\u0159\u00ed\u017een\u00e1 varianta.\u201c Celkov\u011b to pak shrnuje s&nbsp;t\u00edm, \u017ee \u010dlov\u011bk n\u011bjak proch\u00e1z\u00ed \u017eivotem a d\u011bl\u00e1 n\u011bjak\u00e1 rozhodnut\u00ed, kter\u00e1 m\u016f\u017eou b\u00fdt iracion\u00e1ln\u00ed a trochu divo\u010dej\u0161\u00ed. Nicm\u00e9n\u011b oba p\u00e1nov\u00e9 se spravedliv\u011b rozohn\u00ed nad rol\u00ed bulv\u00e1ru, kter\u00fd m\u00e1 tendenci zveli\u010dovat a z\u00e1rove\u0148 moralizovat. \u201eOni p\u00ed\u0161ou, to se mi l\u00edb\u00ed, \u017ee za to vlastn\u011b m\u016f\u017eeme my, \u017ee to oni p\u00ed\u0161ou. \u017de to je vlastn\u011b na\u0161e vina, \u017ee p\u0159eci kdybychom se takhle nechovali, tak oni to nep\u00ed\u0161ou. A vlastn\u011b n\u00e1m nad\u00e1vaj\u00ed za to, \u017ee to p\u00ed\u0161ou,\u201c posteskne si um\u011blec a podotkne, \u017ee kdyby se k&nbsp;tomuto t\u00e9matu cht\u011bl jakkoli vyjad\u0159ovat, bylo by to prost\u0159edky, kter\u00e9 jsou mu vlastn\u00ed, tedy \u017ee by napsal film. \u201eCo v&nbsp;t\u011bch p\u0159\u00edb\u011bz\u00edch chyb\u00ed, jsou pohnutky lid\u00ed, kter\u00e9 m\u016f\u017eou b\u00fdt r\u016fzn\u00e9. J\u00e1 tady nebudu mluvit za svoji \u017eenu nebo za n\u011bkoho jin\u00e9ho. Byla by velk\u00e1 le\u017e tvrdit, \u017ee jsem se nedopustil n\u011bjak\u00fdch omyl\u016f. Ale ty postavy m\u016f\u017eou b\u00fdt r\u016fzn\u00e9. A ten bulv\u00e1r, to je jen takov\u00fd povrchn\u00ed v\u00fdb\u011b\u017eek z&nbsp;toho. Tak\u017ee kdybych j\u00e1 podle toho d\u011blal n\u011bjak\u00fd film, cht\u011bl bych to d\u011blat s&nbsp;n\u011bjakou hlub\u0161\u00ed psychologi\u00ed a t\u0159eba bych n\u011bkter\u00e9 ty v\u011bci uvedl na pravou m\u00edru, co\u017e asi nebudu d\u011blat t\u00edm, \u017ee to budu n\u011bkde \u0159\u00edkat,\u201c uzav\u00edr\u00e1 Petr Kole\u010dko.<\/p>\n\n\n\n<div style=\"height:20px\" aria-hidden=\"true\" class=\"wp-block-spacer\"><\/div>\n\n\n\n<figure class=\"wp-block-image size-large\"><img decoding=\"async\" src=\"https:\/\/cinemahouse.cz\/wp-content\/uploads\/2023\/04\/sjk-akf-20230412_08137-1024x576.jpg\" alt=\"\" class=\"wp-image-4239\"\/><\/figure>\n\n\n\n<div style=\"height:20px\" aria-hidden=\"true\" class=\"wp-block-spacer\"><\/div>\n\n\n\n<p>Dal\u0161\u00edm hostem, kter\u00fd p\u0159ich\u00e1z\u00ed na p\u00f3dium a kter\u00fd m\u00e1 b\u00fdt p\u0159ekvapen\u00edm pro novoman\u017eele, je Martin Obdr\u017e\u00e1lek neboli iluzionista <strong>Obinn Magic<\/strong>. Petr Kole\u010dko opatrn\u011b poznamen\u00e1 s&nbsp;odkazem na svoje ned\u00e1vn\u00e9 zran\u011bn\u00ed, jeho\u017e pozad\u00ed necht\u011bl vysv\u011btlovat, \u017ee douf\u00e1, \u017ee ho nebude cht\u00edt kouzeln\u00edk roz\u0159ez\u00e1vat. \u201eAsistentku ob\u010das p\u0159e\u0159\u00edznu, ale dneska to nebude,\u201c uklidn\u00ed ho Obinn Magic a pokra\u010duje: \u201ePane Kole\u010dko, j\u00e1 bych v\u00e1m cht\u011bl pogratulovat k&nbsp;va\u0161emu svazku man\u017eelsk\u00e9mu a cht\u011bl bych v\u00e1m uk\u00e1zat takovou jednu klasiku v\u0161ech klasik. A j\u00e1 v\u00e1s to kouzlo nau\u010d\u00edm. To je ode mne takov\u00fd svatebn\u00ed dar. Akor\u00e1t budu pot\u0159ebovat, abyste se mnou spolupracoval.\u201c Toto kouzlo m\u00e1 pro Obinna Magica zvl\u00e1\u0161tn\u00ed v\u00fdznam, nebo\u0165 to bylo prvn\u00ed kouzlo, kter\u00e9 se nau\u010dil. To mu bylo pr\u00fd asi \u0161est let. A aby o nic nep\u0159i\u0161el, bude se kouzlu s \u0161\u00e1tkem I kouzeln\u00e9 formuli u\u010dit i Jan Kraus.<\/p>\n\n\n\n<div style=\"height:20px\" aria-hidden=\"true\" class=\"wp-block-spacer\"><\/div>\n\n\n\n<div class=\"wp-block-image\"><figure class=\"aligncenter size-large\"><img decoding=\"async\" src=\"https:\/\/cinemahouse.cz\/wp-content\/uploads\/2023\/04\/sjk-akf-20230412_08191-1024x576.jpg\" alt=\"\" class=\"wp-image-4244\"\/><\/figure><\/div>\n\n\n\n<div style=\"height:20px\" aria-hidden=\"true\" class=\"wp-block-spacer\"><\/div>\n\n\n\n<p>Sv\u00fdm p\u016fvabem osln\u00ed div\u00e1ky i dal\u0161\u00ed host, kter\u00fdm je finalistka Miss Universe, modelka, zp\u011bva\u010dka, tane\u010dnice a here\u010dka <strong>Al\u017eb\u011bta Ferencov\u00e1<\/strong> alias <strong>Zea<\/strong>. Sv\u016fj hereck\u00fd talent mohla projevit zejm\u00e9na v&nbsp;seri\u00e1lu <em>Iveta<\/em>, kter\u00fd napsal pr\u00e1v\u011b Petr Kole\u010dko a kter\u00fd ned\u00e1vno upoutal div\u00e1ky na Slovensku. A kter\u00fd tak\u00e9 zp\u016fsobil naprost\u00fd zlom v&nbsp;jej\u00ed kari\u00e9\u0159e. \u201e\u00dasp\u011bch byl v\u011bt\u0161\u00ed, ne\u017e jsem j\u00e1 o\u010dek\u00e1vala,\u201c p\u0159ipou\u0161t\u00ed p\u0159edstavitelka hlavn\u00ed role, d\u00edvky z&nbsp;Trebi\u0161ova. Ve skute\u010dnosti ale \u017eije Al\u017eb\u011bta u\u017e osm let v&nbsp;Praze. A jak se dozv\u00edme, dne\u0161n\u00ed setk\u00e1n\u00ed s&nbsp;Janem Krausem nen\u00ed jejich prvn\u00edm setk\u00e1n\u00edm. \u201eVy to asi ani netu\u0161\u00edte, ale vy jste byl prvn\u00ed \u010dlov\u011bk, kter\u00fd mi dal ve\u0159ejn\u00e9 hodnocen\u00ed v&nbsp;televizi v&nbsp;talentov\u00e9 sout\u011b\u017ei, kdy\u017e jsem \u00fapln\u011b poprv\u00e9 vystupovala, vy jste byl v&nbsp;porot\u011b,\u201c vzpom\u00edn\u00e1 Al\u017eb\u011bta s&nbsp;t\u00edm, \u017ee j\u00ed tehdy \u0159ekl hezk\u00e9 v\u011bci. \u201eFakt jsem se v\u00e1s b\u00e1la, ale nakonec jste byl mil\u00fd,\u201c dod\u00e1v\u00e1. Al\u017eb\u011bta alias Zea se pova\u017euje p\u0159edev\u0161\u00edm za tane\u010dnici, tanec dokonce vyu\u010duje. \u201eU\u010d\u00edm tane\u010dn\u00ed improvizaci a to je opravdu pro ka\u017ed\u00e9ho. Sna\u017e\u00edm se, aby lid\u00e9 pochopili, \u017ee tanec nen\u00ed o dokonalosti.\u201c Po jej\u00edm hereck\u00e9m \u00fasp\u011bchu za\u010d\u00ednaj\u00ed ale p\u0159ich\u00e1zet i hereck\u00e9 nab\u00eddky, nav\u00edc se chyst\u00e1 pokra\u010dov\u00e1n\u00ed seri\u00e1lu <em>Iveta<\/em>. \u201eJe to st\u00e1le nov\u00e9 a j\u00e1 jsem v&nbsp;t\u00e9 <em>Ivet\u011b<\/em> nemusela moc hr\u00e1t, j\u00e1 jsem skoro hr\u00e1la sama sebe,\u201c p\u0159ipou\u0161t\u00ed a velice si pochvaluje t\u00fdm koleg\u016f, se kter\u00fdmi pracovala, v\u010detn\u011b re\u017eis\u00e9ra Jana H\u0159ebejka. \u201eM\u011bla jsem velk\u00e9 \u0161t\u011bst\u00ed, \u017ee jsem hned prvn\u00ed roli mohla hr\u00e1t po boku skv\u011bl\u00fdch herc\u016f, kte\u0159\u00ed m\u011b \u00fapln\u011b posunuli,\u201c \u0159\u00edk\u00e1 um\u011blkyn\u011b s&nbsp;romsk\u00fdmi ko\u0159eny. \u201eMysl\u00edm, \u017ee po velmi velmi dlouh\u00e9 dob\u011b hr\u00e1la v&nbsp;n\u011b\u010dem hlavn\u00ed postavu Romka.\u201c I kdy\u017e v&nbsp;seri\u00e1lu pr\u00fd zdaleka nejde jen o problematiku Rom\u016f, ale i spousty dal\u0161\u00edch v\u011bc\u00ed, nap\u0159\u00edklad k\u0159es\u0165anstv\u00ed nebo orientace. \u201eJ\u00e1 jsem moc r\u00e1da, \u017ee po dlouh\u00e9 dob\u011b nen\u00ed ta romsk\u00e1 postava vykreslen\u00e1 stereotypn\u011b, \u017ee se poda\u0159ilo zachytit, jac\u00ed mohou Romov\u00e9 b\u00fdt nebo \u017ee ka\u017ed\u00fd \u010dlov\u011bk m\u016f\u017ee b\u00fdt jak\u00fdkoli.\u201c<\/p>\n\n\n\n<div style=\"height:20px\" aria-hidden=\"true\" class=\"wp-block-spacer\"><\/div>\n\n\n\n<div class=\"wp-block-image\"><figure class=\"aligncenter size-large\"><img decoding=\"async\" src=\"https:\/\/cinemahouse.cz\/wp-content\/uploads\/2023\/04\/sjk-akf-20230412_08260-1024x576.jpg\" alt=\"\" class=\"wp-image-4250\"\/><\/figure><\/div>\n\n\n\n<div style=\"height:20px\" aria-hidden=\"true\" class=\"wp-block-spacer\"><\/div>\n\n\n\n<p>Na z\u00e1v\u011br se p\u0159edstav\u00ed mal\u00ed\u0159 a ilustr\u00e1tor <strong>\u0160t\u011bp\u00e1n Mare\u0161<\/strong>, jeden z&nbsp;tv\u016frc\u016f legend\u00e1rn\u00ed komiksov\u011b ztv\u00e1rn\u011bn\u00e9 politick\u00e9 satiry Zelen\u00fd Raoul. \u201eD\u011blal jsem ho 28 let ka\u017ed\u00fd t\u00fdden,\u201c vzpom\u00edn\u00e1 s&nbsp;t\u00edm, \u017ee to byla tak\u0159ka hornick\u00e1 pr\u00e1ce. Nyn\u00ed v&nbsp;n\u00ed pokra\u010duje, ale pro jin\u00e9 periodikum. \u201eTam t\u00fddn\u011b vych\u00e1z\u00ed \u0159ekn\u011bme voln\u00e9 pokra\u010dov\u00e1n\u00ed. Bylo to celkem 1421 d\u00edl\u016f a nyn\u00ed u\u017e m\u00e1me 26 nov\u00fdch pokra\u010dov\u00e1n\u00ed, akor\u00e1t se to nem\u016f\u017ee jmenovat Zelen\u00fd Raoul,\u201c dod\u00e1v\u00e1. Nejen svoj\u00ed p\u0159\u00edtomnost\u00ed, ale tak\u00e9 spoustou d\u00e1rk\u016f, kter\u00e9 p\u0159inese a rozd\u00e1, pot\u011b\u0161\u00ed \u0160t\u011bp\u00e1n Mare\u0161 publikum i ostatn\u00ed hosty. Mimo jin\u00e9 voln\u00fdmi vstupenkami na v\u00fdstavu jeho ilustrac\u00ed i voln\u00e9 tvorby, kter\u00e1 pr\u00e1v\u011b prob\u00edh\u00e1 v&nbsp;Praze. \u201eJe tam voln\u00e1 tvorba, jsou tam komiksy, karikatury,\u201c popisuje. \u201eJsou tam obrazy, oleje na pl\u00e1tn\u011b, akryly na desce, oleje a akryly na desce i na pl\u00e1tn\u011b\u2026 a tak d\u00e1l. Je to pr\u016f\u0159ez za posledn\u00edch t\u0159icet let moj\u00ed tvorby. V\u010detn\u011b v\u00e1s, proto\u017ee j\u00e1 jsem v\u00e1s mnohokr\u00e1t kreslil,\u201c \u0159\u00edk\u00e1 sm\u011brem k&nbsp;Janu Krausovi v\u00fdtvarn\u00edk. \u201eZ pohledu karikatury jste n\u00e1dhern\u00fd \u010dlov\u011bk.\u201c A jak se role inspir\u00e1tora a modelu v\u00fdtvarn\u00fdch prac\u00ed Janu Krausovi zamlouv\u00e1? To a mnohem v\u00edce se dozv\u00edme v&nbsp;dal\u0161\u00edm premi\u00e9rov\u00e9m d\u00edlu obl\u00edben\u00e9ho po\u0159adu Show Jana Krause dnes ve\u010der na Prim\u011b!<\/p>\n\n\n\n<div style=\"height:100px\" aria-hidden=\"true\" class=\"wp-block-spacer\"><\/div>\n\n\n\n<figure class=\"wp-block-gallery columns-2 is-cropped wp-block-gallery-1 is-layout-flex wp-block-gallery-is-layout-flex\"><ul class=\"blocks-gallery-grid\"><li class=\"blocks-gallery-item\"><figure><img decoding=\"async\" src=\"https:\/\/cinemahouse.cz\/wp-content\/uploads\/2023\/04\/sjk-akf-20230412_08039-1024x576.jpg\" alt=\"\" data-id=\"4233\" data-full-url=\"https:\/\/cinemahouse.cz\/wp-content\/uploads\/2023\/04\/sjk-akf-20230412_08039.jpg\" data-link=\"https:\/\/cinemahouse.cz\/?attachment_id=4233\" class=\"wp-image-4233\"\/><\/figure><\/li><li class=\"blocks-gallery-item\"><figure><img decoding=\"async\" src=\"https:\/\/cinemahouse.cz\/wp-content\/uploads\/2023\/04\/sjk-akf-20230412_08053-1024x576.jpg\" alt=\"\" data-id=\"4234\" data-full-url=\"https:\/\/cinemahouse.cz\/wp-content\/uploads\/2023\/04\/sjk-akf-20230412_08053.jpg\" data-link=\"https:\/\/cinemahouse.cz\/?attachment_id=4234\" class=\"wp-image-4234\"\/><\/figure><\/li><li class=\"blocks-gallery-item\"><figure><img decoding=\"async\" src=\"https:\/\/cinemahouse.cz\/wp-content\/uploads\/2023\/04\/sjk-akf-20230412_08057-1024x576.jpg\" alt=\"\" data-id=\"4235\" data-full-url=\"https:\/\/cinemahouse.cz\/wp-content\/uploads\/2023\/04\/sjk-akf-20230412_08057.jpg\" data-link=\"https:\/\/cinemahouse.cz\/?attachment_id=4235\" class=\"wp-image-4235\"\/><\/figure><\/li><li class=\"blocks-gallery-item\"><figure><img decoding=\"async\" src=\"https:\/\/cinemahouse.cz\/wp-content\/uploads\/2023\/04\/sjk-akf-20230412_08085-1024x576.jpg\" alt=\"\" data-id=\"4236\" data-full-url=\"https:\/\/cinemahouse.cz\/wp-content\/uploads\/2023\/04\/sjk-akf-20230412_08085.jpg\" data-link=\"https:\/\/cinemahouse.cz\/?attachment_id=4236\" class=\"wp-image-4236\"\/><\/figure><\/li><li class=\"blocks-gallery-item\"><figure><img decoding=\"async\" src=\"https:\/\/cinemahouse.cz\/wp-content\/uploads\/2023\/04\/sjk-akf-20230412_08113-1024x576.jpg\" alt=\"\" data-id=\"4237\" data-full-url=\"https:\/\/cinemahouse.cz\/wp-content\/uploads\/2023\/04\/sjk-akf-20230412_08113.jpg\" data-link=\"https:\/\/cinemahouse.cz\/?attachment_id=4237\" class=\"wp-image-4237\"\/><\/figure><\/li><li class=\"blocks-gallery-item\"><figure><img decoding=\"async\" src=\"https:\/\/cinemahouse.cz\/wp-content\/uploads\/2023\/04\/sjk-akf-20230412_08122-1024x576.jpg\" alt=\"\" data-id=\"4238\" data-full-url=\"https:\/\/cinemahouse.cz\/wp-content\/uploads\/2023\/04\/sjk-akf-20230412_08122.jpg\" data-link=\"https:\/\/cinemahouse.cz\/?attachment_id=4238\" class=\"wp-image-4238\"\/><\/figure><\/li><li class=\"blocks-gallery-item\"><figure><img decoding=\"async\" src=\"https:\/\/cinemahouse.cz\/wp-content\/uploads\/2023\/04\/sjk-akf-20230412_08137-1024x576.jpg\" alt=\"\" data-id=\"4239\" data-full-url=\"https:\/\/cinemahouse.cz\/wp-content\/uploads\/2023\/04\/sjk-akf-20230412_08137.jpg\" data-link=\"https:\/\/cinemahouse.cz\/?attachment_id=4239\" class=\"wp-image-4239\"\/><\/figure><\/li><li class=\"blocks-gallery-item\"><figure><img decoding=\"async\" src=\"https:\/\/cinemahouse.cz\/wp-content\/uploads\/2023\/04\/sjk-akf-20230412_08152-1024x576.jpg\" alt=\"\" data-id=\"4240\" data-full-url=\"https:\/\/cinemahouse.cz\/wp-content\/uploads\/2023\/04\/sjk-akf-20230412_08152.jpg\" data-link=\"https:\/\/cinemahouse.cz\/?attachment_id=4240\" class=\"wp-image-4240\"\/><\/figure><\/li><li class=\"blocks-gallery-item\"><figure><img decoding=\"async\" src=\"https:\/\/cinemahouse.cz\/wp-content\/uploads\/2023\/04\/sjk-akf-20230412_08162-1024x576.jpg\" alt=\"\" data-id=\"4241\" data-full-url=\"https:\/\/cinemahouse.cz\/wp-content\/uploads\/2023\/04\/sjk-akf-20230412_08162.jpg\" data-link=\"https:\/\/cinemahouse.cz\/?attachment_id=4241\" class=\"wp-image-4241\"\/><\/figure><\/li><li class=\"blocks-gallery-item\"><figure><img decoding=\"async\" src=\"https:\/\/cinemahouse.cz\/wp-content\/uploads\/2023\/04\/sjk-akf-20230412_08169-1024x576.jpg\" alt=\"\" data-id=\"4242\" data-full-url=\"https:\/\/cinemahouse.cz\/wp-content\/uploads\/2023\/04\/sjk-akf-20230412_08169.jpg\" data-link=\"https:\/\/cinemahouse.cz\/?attachment_id=4242\" class=\"wp-image-4242\"\/><\/figure><\/li><li class=\"blocks-gallery-item\"><figure><img decoding=\"async\" src=\"https:\/\/cinemahouse.cz\/wp-content\/uploads\/2023\/04\/sjk-akf-20230412_08184-1024x576.jpg\" alt=\"\" data-id=\"4243\" data-full-url=\"https:\/\/cinemahouse.cz\/wp-content\/uploads\/2023\/04\/sjk-akf-20230412_08184.jpg\" data-link=\"https:\/\/cinemahouse.cz\/?attachment_id=4243\" class=\"wp-image-4243\"\/><\/figure><\/li><li class=\"blocks-gallery-item\"><figure><img decoding=\"async\" src=\"https:\/\/cinemahouse.cz\/wp-content\/uploads\/2023\/04\/sjk-akf-20230412_08191-1024x576.jpg\" alt=\"\" data-id=\"4244\" data-full-url=\"https:\/\/cinemahouse.cz\/wp-content\/uploads\/2023\/04\/sjk-akf-20230412_08191.jpg\" data-link=\"https:\/\/cinemahouse.cz\/?attachment_id=4244\" class=\"wp-image-4244\"\/><\/figure><\/li><li class=\"blocks-gallery-item\"><figure><img decoding=\"async\" src=\"https:\/\/cinemahouse.cz\/wp-content\/uploads\/2023\/04\/sjk-akf-20230412_08198-1024x576.jpg\" alt=\"\" data-id=\"4245\" data-full-url=\"https:\/\/cinemahouse.cz\/wp-content\/uploads\/2023\/04\/sjk-akf-20230412_08198.jpg\" data-link=\"https:\/\/cinemahouse.cz\/?attachment_id=4245\" class=\"wp-image-4245\"\/><\/figure><\/li><li class=\"blocks-gallery-item\"><figure><img decoding=\"async\" src=\"https:\/\/cinemahouse.cz\/wp-content\/uploads\/2023\/04\/sjk-akf-20230412_08200-1024x576.jpg\" alt=\"\" data-id=\"4246\" data-full-url=\"https:\/\/cinemahouse.cz\/wp-content\/uploads\/2023\/04\/sjk-akf-20230412_08200.jpg\" data-link=\"https:\/\/cinemahouse.cz\/?attachment_id=4246\" class=\"wp-image-4246\"\/><\/figure><\/li><li class=\"blocks-gallery-item\"><figure><img decoding=\"async\" src=\"https:\/\/cinemahouse.cz\/wp-content\/uploads\/2023\/04\/sjk-akf-20230412_08220-1024x576.jpg\" alt=\"\" data-id=\"4247\" data-full-url=\"https:\/\/cinemahouse.cz\/wp-content\/uploads\/2023\/04\/sjk-akf-20230412_08220.jpg\" data-link=\"https:\/\/cinemahouse.cz\/?attachment_id=4247\" class=\"wp-image-4247\"\/><\/figure><\/li><li class=\"blocks-gallery-item\"><figure><img decoding=\"async\" src=\"https:\/\/cinemahouse.cz\/wp-content\/uploads\/2023\/04\/sjk-akf-20230412_08221-1024x576.jpg\" alt=\"\" data-id=\"4248\" data-full-url=\"https:\/\/cinemahouse.cz\/wp-content\/uploads\/2023\/04\/sjk-akf-20230412_08221.jpg\" data-link=\"https:\/\/cinemahouse.cz\/?attachment_id=4248\" class=\"wp-image-4248\"\/><\/figure><\/li><li class=\"blocks-gallery-item\"><figure><img decoding=\"async\" src=\"https:\/\/cinemahouse.cz\/wp-content\/uploads\/2023\/04\/sjk-akf-20230412_08244-1024x576.jpg\" alt=\"\" data-id=\"4249\" data-full-url=\"https:\/\/cinemahouse.cz\/wp-content\/uploads\/2023\/04\/sjk-akf-20230412_08244.jpg\" data-link=\"https:\/\/cinemahouse.cz\/?attachment_id=4249\" class=\"wp-image-4249\"\/><\/figure><\/li><li class=\"blocks-gallery-item\"><figure><img decoding=\"async\" src=\"https:\/\/cinemahouse.cz\/wp-content\/uploads\/2023\/04\/sjk-akf-20230412_08260-1024x576.jpg\" alt=\"\" data-id=\"4250\" data-full-url=\"https:\/\/cinemahouse.cz\/wp-content\/uploads\/2023\/04\/sjk-akf-20230412_08260.jpg\" data-link=\"https:\/\/cinemahouse.cz\/?attachment_id=4250\" class=\"wp-image-4250\"\/><\/figure><\/li><li class=\"blocks-gallery-item\"><figure><img decoding=\"async\" src=\"https:\/\/cinemahouse.cz\/wp-content\/uploads\/2023\/04\/sjk-akf-20230412_08262-1024x576.jpg\" alt=\"\" data-id=\"4251\" data-full-url=\"https:\/\/cinemahouse.cz\/wp-content\/uploads\/2023\/04\/sjk-akf-20230412_08262.jpg\" data-link=\"https:\/\/cinemahouse.cz\/?attachment_id=4251\" class=\"wp-image-4251\"\/><\/figure><\/li><li class=\"blocks-gallery-item\"><figure><img decoding=\"async\" src=\"https:\/\/cinemahouse.cz\/wp-content\/uploads\/2023\/04\/sjk-akf-20230412_08264-1024x576.jpg\" alt=\"\" data-id=\"4252\" data-full-url=\"https:\/\/cinemahouse.cz\/wp-content\/uploads\/2023\/04\/sjk-akf-20230412_08264.jpg\" data-link=\"https:\/\/cinemahouse.cz\/?attachment_id=4252\" class=\"wp-image-4252\"\/><\/figure><\/li><\/ul><\/figure>\n\n\n\n<p><strong>Zdroj foto: <\/strong>PRIMA TV<\/p>\n\n\n\n<div style=\"height:41px\" aria-hidden=\"true\" class=\"wp-block-spacer\"><\/div>\n","protected":false},"excerpt":{"rendered":"<p>V&nbsp;dal\u0161\u00edm d\u00edlu Show Jana Krause se p\u0159edstav\u00ed scen\u00e1rista Petr Kole\u010dko, iluzionista Obinn Magic, zp\u011bva\u010dka, here\u010dka a tane\u010dnice Al\u017eb\u011bta Ferencov\u00e1 a mal\u00ed\u0159 \u0160t\u011bp\u00e1n Mare\u0161. Premi\u00e9ru dal\u0161\u00edho d\u00edlu Show Jana Krause uvid\u00edte ve st\u0159edu 12. dubna ve&nbsp;21.35 na Prim\u011b. Dnes ve\u010der se jako prvn\u00ed host p\u0159edstav\u00ed \u00fasp\u011b\u0161n\u00fd scen\u00e1rista, re\u017eis\u00e9r a \u010derstv\u00fd novoman\u017eel Petr Kole\u010dko. P\u0159ed n\u011bkolika dny [&hellip;]<\/p>\n","protected":false},"author":2,"featured_media":9464,"comment_status":"closed","ping_status":"closed","sticky":false,"template":"","format":"standard","meta":{"_mi_skip_tracking":false,"_monsterinsights_sitenote_active":false,"_monsterinsights_sitenote_note":"","_monsterinsights_sitenote_category":0,"footnotes":""},"categories":[21,23,27,2,12],"tags":[],"yoast_head":"<!-- This site is optimized with the Yoast SEO plugin v21.5 - https:\/\/yoast.com\/wordpress\/plugins\/seo\/ -->\n<title>Show Jana Krause: Divok\u00fd Kole\u010dko, svatebn\u00ed dar od kouzeln\u00edka, here\u010dka sama sebou a mal\u00ed\u0159 s kondomy v kapse - WOMENHOUSE.cz<\/title>\n<meta name=\"robots\" content=\"index, follow, max-snippet:-1, max-image-preview:large, max-video-preview:-1\" \/>\n<link rel=\"canonical\" href=\"https:\/\/womenhouse.cz\/index.php\/2023\/04\/12\/show-jana-krause-divoky-kolecko-svatebni-dar-od-kouzelnika-herecka-sama-sebou-a-malir-s-kondomy-v-kapse\/\" \/>\n<meta property=\"og:locale\" content=\"cs_CZ\" \/>\n<meta property=\"og:type\" content=\"article\" \/>\n<meta property=\"og:title\" content=\"Show Jana Krause: Divok\u00fd Kole\u010dko, svatebn\u00ed dar od kouzeln\u00edka, here\u010dka sama sebou a mal\u00ed\u0159 s kondomy v kapse - WOMENHOUSE.cz\" \/>\n<meta property=\"og:description\" content=\"V&nbsp;dal\u0161\u00edm d\u00edlu Show Jana Krause se p\u0159edstav\u00ed scen\u00e1rista Petr Kole\u010dko, iluzionista Obinn Magic, zp\u011bva\u010dka, here\u010dka a tane\u010dnice Al\u017eb\u011bta Ferencov\u00e1 a mal\u00ed\u0159 \u0160t\u011bp\u00e1n Mare\u0161. Premi\u00e9ru dal\u0161\u00edho d\u00edlu Show Jana Krause uvid\u00edte ve st\u0159edu 12. dubna ve&nbsp;21.35 na Prim\u011b. Dnes ve\u010der se jako prvn\u00ed host p\u0159edstav\u00ed \u00fasp\u011b\u0161n\u00fd scen\u00e1rista, re\u017eis\u00e9r a \u010derstv\u00fd novoman\u017eel Petr Kole\u010dko. P\u0159ed n\u011bkolika dny [&hellip;]\" \/>\n<meta property=\"og:url\" content=\"https:\/\/womenhouse.cz\/index.php\/2023\/04\/12\/show-jana-krause-divoky-kolecko-svatebni-dar-od-kouzelnika-herecka-sama-sebou-a-malir-s-kondomy-v-kapse\/\" \/>\n<meta property=\"og:site_name\" content=\"WOMENHOUSE.cz\" \/>\n<meta property=\"article:publisher\" content=\"https:\/\/www.facebook.com\/womenhousecz\" \/>\n<meta property=\"article:published_time\" content=\"2023-04-12T09:15:17+00:00\" \/>\n<meta property=\"article:modified_time\" content=\"2023-05-15T21:43:54+00:00\" \/>\n<meta property=\"og:image\" content=\"https:\/\/womenhouse.cz\/wp-content\/uploads\/2023\/04\/sjk-akf-20230412_08264.jpg\" \/>\n\t<meta property=\"og:image:width\" content=\"1450\" \/>\n\t<meta property=\"og:image:height\" content=\"816\" \/>\n\t<meta property=\"og:image:type\" content=\"image\/jpeg\" \/>\n<meta name=\"author\" content=\"Jolana Hol\u00e1\u0148ov\u00e1\" \/>\n<meta name=\"twitter:card\" content=\"summary_large_image\" \/>\n<meta name=\"twitter:label1\" content=\"Napsal(a)\" \/>\n\t<meta name=\"twitter:data1\" content=\"Jolana Hol\u00e1\u0148ov\u00e1\" \/>\n\t<meta name=\"twitter:label2\" content=\"Odhadovan\u00e1 doba \u010dten\u00ed\" \/>\n\t<meta name=\"twitter:data2\" content=\"7 minut\" \/>\n<script type=\"application\/ld+json\" class=\"yoast-schema-graph\">{\"@context\":\"https:\/\/schema.org\",\"@graph\":[{\"@type\":\"Article\",\"@id\":\"https:\/\/womenhouse.cz\/index.php\/2023\/04\/12\/show-jana-krause-divoky-kolecko-svatebni-dar-od-kouzelnika-herecka-sama-sebou-a-malir-s-kondomy-v-kapse\/#article\",\"isPartOf\":{\"@id\":\"https:\/\/womenhouse.cz\/index.php\/2023\/04\/12\/show-jana-krause-divoky-kolecko-svatebni-dar-od-kouzelnika-herecka-sama-sebou-a-malir-s-kondomy-v-kapse\/\"},\"author\":{\"name\":\"Jolana Hol\u00e1\u0148ov\u00e1\",\"@id\":\"https:\/\/womenhouse.cz\/#\/schema\/person\/541326101f8d68c711e83e8fecc80738\"},\"headline\":\"Show Jana Krause: Divok\u00fd Kole\u010dko, svatebn\u00ed dar od kouzeln\u00edka, here\u010dka sama sebou a mal\u00ed\u0159 s kondomy v kapse\",\"datePublished\":\"2023-04-12T09:15:17+00:00\",\"dateModified\":\"2023-05-15T21:43:54+00:00\",\"mainEntityOfPage\":{\"@id\":\"https:\/\/womenhouse.cz\/index.php\/2023\/04\/12\/show-jana-krause-divoky-kolecko-svatebni-dar-od-kouzelnika-herecka-sama-sebou-a-malir-s-kondomy-v-kapse\/\"},\"wordCount\":1400,\"publisher\":{\"@id\":\"https:\/\/womenhouse.cz\/#organization\"},\"articleSection\":[\"AKCE &amp; KULTURA\",\"CELEBRITY\",\"KINO &amp; TV\",\"NEWS\",\"TIPY &amp; TRENDY\"],\"inLanguage\":\"cs\"},{\"@type\":\"WebPage\",\"@id\":\"https:\/\/womenhouse.cz\/index.php\/2023\/04\/12\/show-jana-krause-divoky-kolecko-svatebni-dar-od-kouzelnika-herecka-sama-sebou-a-malir-s-kondomy-v-kapse\/\",\"url\":\"https:\/\/womenhouse.cz\/index.php\/2023\/04\/12\/show-jana-krause-divoky-kolecko-svatebni-dar-od-kouzelnika-herecka-sama-sebou-a-malir-s-kondomy-v-kapse\/\",\"name\":\"Show Jana Krause: Divok\u00fd Kole\u010dko, svatebn\u00ed dar od kouzeln\u00edka, here\u010dka sama sebou a mal\u00ed\u0159 s kondomy v kapse - WOMENHOUSE.cz\",\"isPartOf\":{\"@id\":\"https:\/\/womenhouse.cz\/#website\"},\"datePublished\":\"2023-04-12T09:15:17+00:00\",\"dateModified\":\"2023-05-15T21:43:54+00:00\",\"breadcrumb\":{\"@id\":\"https:\/\/womenhouse.cz\/index.php\/2023\/04\/12\/show-jana-krause-divoky-kolecko-svatebni-dar-od-kouzelnika-herecka-sama-sebou-a-malir-s-kondomy-v-kapse\/#breadcrumb\"},\"inLanguage\":\"cs\",\"potentialAction\":[{\"@type\":\"ReadAction\",\"target\":[\"https:\/\/womenhouse.cz\/index.php\/2023\/04\/12\/show-jana-krause-divoky-kolecko-svatebni-dar-od-kouzelnika-herecka-sama-sebou-a-malir-s-kondomy-v-kapse\/\"]}]},{\"@type\":\"BreadcrumbList\",\"@id\":\"https:\/\/womenhouse.cz\/index.php\/2023\/04\/12\/show-jana-krause-divoky-kolecko-svatebni-dar-od-kouzelnika-herecka-sama-sebou-a-malir-s-kondomy-v-kapse\/#breadcrumb\",\"itemListElement\":[{\"@type\":\"ListItem\",\"position\":1,\"name\":\"Dom\u016f\",\"item\":\"https:\/\/womenhouse.cz\/\"},{\"@type\":\"ListItem\",\"position\":2,\"name\":\"Show Jana Krause: Divok\u00fd Kole\u010dko, svatebn\u00ed dar od kouzeln\u00edka, here\u010dka sama sebou a mal\u00ed\u0159 s kondomy v kapse\"}]},{\"@type\":\"WebSite\",\"@id\":\"https:\/\/womenhouse.cz\/#website\",\"url\":\"https:\/\/womenhouse.cz\/\",\"name\":\"WOMENHOUSE.cz\",\"description\":\"Port\u00e1l v\u00fdhradn\u011b jen pro \u017eeny...\",\"publisher\":{\"@id\":\"https:\/\/womenhouse.cz\/#organization\"},\"potentialAction\":[{\"@type\":\"SearchAction\",\"target\":{\"@type\":\"EntryPoint\",\"urlTemplate\":\"https:\/\/womenhouse.cz\/?s={search_term_string}\"},\"query-input\":\"required name=search_term_string\"}],\"inLanguage\":\"cs\"},{\"@type\":\"Organization\",\"@id\":\"https:\/\/womenhouse.cz\/#organization\",\"name\":\"WOMENHOUSE.cz\",\"url\":\"https:\/\/womenhouse.cz\/\",\"logo\":{\"@type\":\"ImageObject\",\"inLanguage\":\"cs\",\"@id\":\"https:\/\/womenhouse.cz\/#\/schema\/logo\/image\/\",\"url\":\"https:\/\/womenhouse.cz\/wp-content\/uploads\/2020\/06\/cropped-logo_Womenhouse_RGB-02-removebg-preview-1.png\",\"contentUrl\":\"https:\/\/womenhouse.cz\/wp-content\/uploads\/2020\/06\/cropped-logo_Womenhouse_RGB-02-removebg-preview-1.png\",\"width\":561,\"height\":375,\"caption\":\"WOMENHOUSE.cz\"},\"image\":{\"@id\":\"https:\/\/womenhouse.cz\/#\/schema\/logo\/image\/\"},\"sameAs\":[\"https:\/\/www.facebook.com\/womenhousecz\",\"https:\/\/www.instagram.com\/womenhousecz\/\"]},{\"@type\":\"Person\",\"@id\":\"https:\/\/womenhouse.cz\/#\/schema\/person\/541326101f8d68c711e83e8fecc80738\",\"name\":\"Jolana Hol\u00e1\u0148ov\u00e1\",\"sameAs\":[\"http:\/\/www.womenhouse.cz\"],\"url\":\"https:\/\/womenhouse.cz\/index.php\/author\/jolhol\/\"}]}<\/script>\n<!-- \/ Yoast SEO plugin. -->","yoast_head_json":{"title":"Show Jana Krause: Divok\u00fd Kole\u010dko, svatebn\u00ed dar od kouzeln\u00edka, here\u010dka sama sebou a mal\u00ed\u0159 s kondomy v kapse - WOMENHOUSE.cz","robots":{"index":"index","follow":"follow","max-snippet":"max-snippet:-1","max-image-preview":"max-image-preview:large","max-video-preview":"max-video-preview:-1"},"canonical":"https:\/\/womenhouse.cz\/index.php\/2023\/04\/12\/show-jana-krause-divoky-kolecko-svatebni-dar-od-kouzelnika-herecka-sama-sebou-a-malir-s-kondomy-v-kapse\/","og_locale":"cs_CZ","og_type":"article","og_title":"Show Jana Krause: Divok\u00fd Kole\u010dko, svatebn\u00ed dar od kouzeln\u00edka, here\u010dka sama sebou a mal\u00ed\u0159 s kondomy v kapse - WOMENHOUSE.cz","og_description":"V&nbsp;dal\u0161\u00edm d\u00edlu Show Jana Krause se p\u0159edstav\u00ed scen\u00e1rista Petr Kole\u010dko, iluzionista Obinn Magic, zp\u011bva\u010dka, here\u010dka a tane\u010dnice Al\u017eb\u011bta Ferencov\u00e1 a mal\u00ed\u0159 \u0160t\u011bp\u00e1n Mare\u0161. Premi\u00e9ru dal\u0161\u00edho d\u00edlu Show Jana Krause uvid\u00edte ve st\u0159edu 12. dubna ve&nbsp;21.35 na Prim\u011b. Dnes ve\u010der se jako prvn\u00ed host p\u0159edstav\u00ed \u00fasp\u011b\u0161n\u00fd scen\u00e1rista, re\u017eis\u00e9r a \u010derstv\u00fd novoman\u017eel Petr Kole\u010dko. P\u0159ed n\u011bkolika dny [&hellip;]","og_url":"https:\/\/womenhouse.cz\/index.php\/2023\/04\/12\/show-jana-krause-divoky-kolecko-svatebni-dar-od-kouzelnika-herecka-sama-sebou-a-malir-s-kondomy-v-kapse\/","og_site_name":"WOMENHOUSE.cz","article_publisher":"https:\/\/www.facebook.com\/womenhousecz","article_published_time":"2023-04-12T09:15:17+00:00","article_modified_time":"2023-05-15T21:43:54+00:00","og_image":[{"width":1450,"height":816,"url":"https:\/\/womenhouse.cz\/wp-content\/uploads\/2023\/04\/sjk-akf-20230412_08264.jpg","type":"image\/jpeg"}],"author":"Jolana Hol\u00e1\u0148ov\u00e1","twitter_card":"summary_large_image","twitter_misc":{"Napsal(a)":"Jolana Hol\u00e1\u0148ov\u00e1","Odhadovan\u00e1 doba \u010dten\u00ed":"7 minut"},"schema":{"@context":"https:\/\/schema.org","@graph":[{"@type":"Article","@id":"https:\/\/womenhouse.cz\/index.php\/2023\/04\/12\/show-jana-krause-divoky-kolecko-svatebni-dar-od-kouzelnika-herecka-sama-sebou-a-malir-s-kondomy-v-kapse\/#article","isPartOf":{"@id":"https:\/\/womenhouse.cz\/index.php\/2023\/04\/12\/show-jana-krause-divoky-kolecko-svatebni-dar-od-kouzelnika-herecka-sama-sebou-a-malir-s-kondomy-v-kapse\/"},"author":{"name":"Jolana Hol\u00e1\u0148ov\u00e1","@id":"https:\/\/womenhouse.cz\/#\/schema\/person\/541326101f8d68c711e83e8fecc80738"},"headline":"Show Jana Krause: Divok\u00fd Kole\u010dko, svatebn\u00ed dar od kouzeln\u00edka, here\u010dka sama sebou a mal\u00ed\u0159 s kondomy v kapse","datePublished":"2023-04-12T09:15:17+00:00","dateModified":"2023-05-15T21:43:54+00:00","mainEntityOfPage":{"@id":"https:\/\/womenhouse.cz\/index.php\/2023\/04\/12\/show-jana-krause-divoky-kolecko-svatebni-dar-od-kouzelnika-herecka-sama-sebou-a-malir-s-kondomy-v-kapse\/"},"wordCount":1400,"publisher":{"@id":"https:\/\/womenhouse.cz\/#organization"},"articleSection":["AKCE &amp; KULTURA","CELEBRITY","KINO &amp; TV","NEWS","TIPY &amp; TRENDY"],"inLanguage":"cs"},{"@type":"WebPage","@id":"https:\/\/womenhouse.cz\/index.php\/2023\/04\/12\/show-jana-krause-divoky-kolecko-svatebni-dar-od-kouzelnika-herecka-sama-sebou-a-malir-s-kondomy-v-kapse\/","url":"https:\/\/womenhouse.cz\/index.php\/2023\/04\/12\/show-jana-krause-divoky-kolecko-svatebni-dar-od-kouzelnika-herecka-sama-sebou-a-malir-s-kondomy-v-kapse\/","name":"Show Jana Krause: Divok\u00fd Kole\u010dko, svatebn\u00ed dar od kouzeln\u00edka, here\u010dka sama sebou a mal\u00ed\u0159 s kondomy v kapse - WOMENHOUSE.cz","isPartOf":{"@id":"https:\/\/womenhouse.cz\/#website"},"datePublished":"2023-04-12T09:15:17+00:00","dateModified":"2023-05-15T21:43:54+00:00","breadcrumb":{"@id":"https:\/\/womenhouse.cz\/index.php\/2023\/04\/12\/show-jana-krause-divoky-kolecko-svatebni-dar-od-kouzelnika-herecka-sama-sebou-a-malir-s-kondomy-v-kapse\/#breadcrumb"},"inLanguage":"cs","potentialAction":[{"@type":"ReadAction","target":["https:\/\/womenhouse.cz\/index.php\/2023\/04\/12\/show-jana-krause-divoky-kolecko-svatebni-dar-od-kouzelnika-herecka-sama-sebou-a-malir-s-kondomy-v-kapse\/"]}]},{"@type":"BreadcrumbList","@id":"https:\/\/womenhouse.cz\/index.php\/2023\/04\/12\/show-jana-krause-divoky-kolecko-svatebni-dar-od-kouzelnika-herecka-sama-sebou-a-malir-s-kondomy-v-kapse\/#breadcrumb","itemListElement":[{"@type":"ListItem","position":1,"name":"Dom\u016f","item":"https:\/\/womenhouse.cz\/"},{"@type":"ListItem","position":2,"name":"Show Jana Krause: Divok\u00fd Kole\u010dko, svatebn\u00ed dar od kouzeln\u00edka, here\u010dka sama sebou a mal\u00ed\u0159 s kondomy v kapse"}]},{"@type":"WebSite","@id":"https:\/\/womenhouse.cz\/#website","url":"https:\/\/womenhouse.cz\/","name":"WOMENHOUSE.cz","description":"Port\u00e1l v\u00fdhradn\u011b jen pro \u017eeny...","publisher":{"@id":"https:\/\/womenhouse.cz\/#organization"},"potentialAction":[{"@type":"SearchAction","target":{"@type":"EntryPoint","urlTemplate":"https:\/\/womenhouse.cz\/?s={search_term_string}"},"query-input":"required name=search_term_string"}],"inLanguage":"cs"},{"@type":"Organization","@id":"https:\/\/womenhouse.cz\/#organization","name":"WOMENHOUSE.cz","url":"https:\/\/womenhouse.cz\/","logo":{"@type":"ImageObject","inLanguage":"cs","@id":"https:\/\/womenhouse.cz\/#\/schema\/logo\/image\/","url":"https:\/\/womenhouse.cz\/wp-content\/uploads\/2020\/06\/cropped-logo_Womenhouse_RGB-02-removebg-preview-1.png","contentUrl":"https:\/\/womenhouse.cz\/wp-content\/uploads\/2020\/06\/cropped-logo_Womenhouse_RGB-02-removebg-preview-1.png","width":561,"height":375,"caption":"WOMENHOUSE.cz"},"image":{"@id":"https:\/\/womenhouse.cz\/#\/schema\/logo\/image\/"},"sameAs":["https:\/\/www.facebook.com\/womenhousecz","https:\/\/www.instagram.com\/womenhousecz\/"]},{"@type":"Person","@id":"https:\/\/womenhouse.cz\/#\/schema\/person\/541326101f8d68c711e83e8fecc80738","name":"Jolana Hol\u00e1\u0148ov\u00e1","sameAs":["http:\/\/www.womenhouse.cz"],"url":"https:\/\/womenhouse.cz\/index.php\/author\/jolhol\/"}]}},"_links":{"self":[{"href":"https:\/\/womenhouse.cz\/index.php\/wp-json\/wp\/v2\/posts\/9463"}],"collection":[{"href":"https:\/\/womenhouse.cz\/index.php\/wp-json\/wp\/v2\/posts"}],"about":[{"href":"https:\/\/womenhouse.cz\/index.php\/wp-json\/wp\/v2\/types\/post"}],"author":[{"embeddable":true,"href":"https:\/\/womenhouse.cz\/index.php\/wp-json\/wp\/v2\/users\/2"}],"replies":[{"embeddable":true,"href":"https:\/\/womenhouse.cz\/index.php\/wp-json\/wp\/v2\/comments?post=9463"}],"version-history":[{"count":-4,"href":"https:\/\/womenhouse.cz\/index.php\/wp-json\/wp\/v2\/posts\/9463\/revisions"}],"wp:featuredmedia":[{"embeddable":true,"href":"https:\/\/womenhouse.cz\/index.php\/wp-json\/wp\/v2\/media\/9464"}],"wp:attachment":[{"href":"https:\/\/womenhouse.cz\/index.php\/wp-json\/wp\/v2\/media?parent=9463"}],"wp:term":[{"taxonomy":"category","embeddable":true,"href":"https:\/\/womenhouse.cz\/index.php\/wp-json\/wp\/v2\/categories?post=9463"},{"taxonomy":"post_tag","embeddable":true,"href":"https:\/\/womenhouse.cz\/index.php\/wp-json\/wp\/v2\/tags?post=9463"}],"curies":[{"name":"wp","href":"https:\/\/api.w.org\/{rel}","templated":true}]}}