{"id":9440,"date":"2023-04-08T00:18:00","date_gmt":"2023-04-07T22:18:00","guid":{"rendered":"https:\/\/womenhouse.cz\/?p=9440"},"modified":"2023-05-27T00:36:51","modified_gmt":"2023-05-26T22:36:51","slug":"zeny-pod-hitlerovou-vlajkou-odhalte-mene-znamou-historii","status":"publish","type":"post","link":"https:\/\/womenhouse.cz\/index.php\/2023\/04\/08\/zeny-pod-hitlerovou-vlajkou-odhalte-mene-znamou-historii\/","title":{"rendered":"\u017deny pod Hitlerovou vlajkou. Odhalte m\u00e9n\u011b zn\u00e1mou historii"},"content":{"rendered":"\n<div style=\"height:44px\" aria-hidden=\"true\" class=\"wp-block-spacer\"><\/div>\n\n\n\n<p><strong>Dlouh\u00e1 l\u00e9ta byly n\u011bmeck\u00e9 \u017eeny vn\u00edm\u00e1ny jako pasivn\u00ed sv\u011bdkyn\u011b nacistick\u00fdch zv\u011brstvech. O to v\u00edce \u0161okuje skute\u010dnost, \u017ee se mnoh\u00e9 z nich staly aktivn\u00edmi \u00fa\u010dastnicemi odporn\u00fdch zlo\u010din\u016f a jejich krutost si nezadala s mu\u017esk\u00fdmi prot\u011bj\u0161ky. Nov\u00fd dvoud\u00edln\u00fd dokument \u017deny pod Hitlerovou vlajkou, kter\u00fd odvys\u00edl\u00e1 <a href=\"https:\/\/viasathistory.cz\/\">Viasat History<\/a>, odhaluje s pomoc\u00ed uzn\u00e1van\u00fdch historik\u016f pravdu o \u017een\u00e1ch T\u0159et\u00ed \u0159\u00ed\u0161e. N\u011bkter\u00e9 z nich v\u00e1m v \u010dl\u00e1nku p\u0159edstav\u00edme.<\/strong><\/p>\n\n\n\n<div style=\"height:20px\" aria-hidden=\"true\" class=\"wp-block-spacer\"><\/div>\n\n\n\n<figure class=\"wp-block-image size-large\"><img decoding=\"async\" src=\"https:\/\/cinemahouse.cz\/wp-content\/uploads\/2023\/04\/1_\u00a9-Bundesarchiv-1024x576.png\" alt=\"\" class=\"wp-image-4221\"\/><\/figure>\n\n\n\n<div style=\"height:20px\" aria-hidden=\"true\" class=\"wp-block-spacer\"><\/div>\n\n\n\n<h3 class=\"wp-block-heading\"><strong>V\u00fdchova pro plozen\u00ed rasov\u011b \u010dist\u00fdch d\u011bt\u00ed<\/strong><\/h3>\n\n\n\n<p>Kdy\u017e se Hitler v roce 1933 stal n\u011bmeck\u00fdm \u0159\u00ed\u0161sk\u00fdm kancl\u00e9\u0159em, do j\u00edm zalo\u017een\u00e9 ml\u00e1de\u017enick\u00e9 organizace Hitlerjugend vstoupilo i mnoho dosp\u00edvaj\u00edc\u00edch a mlad\u00fdch \u017een. T\u011bm byl z\u0159\u00edzen Svaz n\u011bmeck\u00fdch d\u00edvek, kter\u00fd brzy sdru\u017eoval v\u00edce ne\u017e 200 \u010dlenek. Mlad\u00fdm \u017een\u00e1m byly v organizaci systematicky vym\u00fdv\u00e1ny mozky, p\u0159i\u010dem\u017e programu v\u00e9vodila antisemitsk\u00e1 ideologie.<\/p>\n\n\n\n<p>Nacist\u00e9 nedovolili \u017een\u00e1m zast\u00e1vat jak\u00e9koliv zodpov\u011bdn\u011bj\u0161\u00ed funkce a bylo jim odep\u0159eno vy\u0161\u0161\u00ed vzd\u011bl\u00e1n\u00ed. Jejich jedin\u00fdm \u00fad\u011blem m\u011blo b\u00fdt plozen\u00ed rasov\u011b neposkvrn\u011bn\u00fdch d\u011bt\u00ed. Organizace je proto vychov\u00e1vala tak, aby si dok\u00e1zaly naj\u00edt toho nejvhodn\u011bj\u0161\u00edho man\u017eela z \u0159ad \u00c1rijc\u016f, co\u017e je v nacistick\u00e9 ideologii ozna\u010den\u00ed pro nad\u0159azenou rasu, kter\u00e1 spl\u0148uje p\u0159\u00edsn\u00e1 krit\u00e9ria p\u016fvodu a vzhledu. Za opak t\u00e9to rasy pova\u017eovali nacist\u00e9 \u017didy. N\u011bmeck\u00e9 \u017eeny tak byly dokonale p\u0159ipraven\u00e9 plnit Hitlerovy zvrhl\u00e9 antisemitsk\u00e9 c\u00edle.<\/p>\n\n\n\n<div style=\"height:20px\" aria-hidden=\"true\" class=\"wp-block-spacer\"><\/div>\n\n\n\n<figure class=\"wp-block-image size-large\"><img decoding=\"async\" src=\"https:\/\/cinemahouse.cz\/wp-content\/uploads\/2023\/04\/5_\u00a9-AKH_Agentur-Karl-Hoffkes-1024x785.png\" alt=\"\" class=\"wp-image-4225\"\/><\/figure>\n\n\n\n<div style=\"height:20px\" aria-hidden=\"true\" class=\"wp-block-spacer\"><\/div>\n\n\n\n<h3 class=\"wp-block-heading\"><strong>Pauline Kneisslerov\u00e1 zdravotn\u00ed sest\u0159i\u010dka a vra\u017eedkyn\u011b v jedn\u00e9 osob\u011b<\/strong><\/h3>\n\n\n\n<p>Porodn\u00ed asistentky musely v nacistick\u00e9m N\u011bmecku informovat sv\u00e9 nad\u0159\u00edzen\u00e9 o v\u0161ech v\u00fdvojov\u00fdch vad\u00e1ch a posti\u017een\u00edch, se kter\u00fdmi se v praxi setkaly. D\u00edt\u011b takto nahl\u00e1\u0161en\u00e9 bylo zaevidov\u00e1no a zpravidla rychle usmrceno. Tuto politiku \u201e\u00fasp\u011b\u0161n\u011b\u201c uvedla do praxe p\u0159edev\u0161\u00edm Pauline Kneisslerov\u00e1, kter\u00e1 se horliv\u011b pod\u00edlela na tajn\u00e9m programu zn\u00e1m\u00e9m jako Akce T4, b\u011bhem n\u011bho\u017e byly systematicky vra\u017ed\u011bny t\u011blesn\u011b a ment\u00e1ln\u011b posti\u017een\u00e9 osoby. Sestry byly pro Akci T4 pe\u010dliv\u011b \u0161koleny, aby k ob\u011btem nec\u00edtily \u017e\u00e1dnou empatii, ale naopak je ch\u00e1paly sp\u00ed\u0161e jako probl\u00e9m pro \u0159\u00ed\u0161i.<\/p>\n\n\n\n<p>Kneisslerov\u00e1, ale i dal\u0161\u00ed zdravotnice, obch\u00e1zely \u00fastavy a vytipovan\u00fdm pacient\u016fm dokonce pom\u00e1haly balit v\u011bci. Vysv\u011btlovaly jim, \u017ee se jen st\u011bhuj\u00ed. Ve skute\u010dnosti m\u00ed\u0159ili do koncentra\u010dn\u00edch t\u00e1bor\u016f, kde byli zplynov\u00e1ni. Pr\u00e1v\u011b v r\u00e1mci Akce T4 byly poprv\u00e9 pou\u017eity plynov\u00e9 komory. Kneisslerov\u00e1 ale vpichovala i smrt\u00edc\u00ed injekce. Do konce v\u00e1lky zem\u0159elo kv\u016fli tomuto zvr\u00e1cen\u00e9mu programu asi 200 tis\u00edc lid\u00ed.<\/p>\n\n\n\n<div style=\"height:20px\" aria-hidden=\"true\" class=\"wp-block-spacer\"><\/div>\n\n\n\n<figure class=\"wp-block-image size-large\"><img decoding=\"async\" src=\"https:\/\/cinemahouse.cz\/wp-content\/uploads\/2023\/04\/6_\u00a9-AKH_Agentur-Karl-HoffkesH-1024x659.png\" alt=\"\" class=\"wp-image-4226\"\/><\/figure>\n\n\n\n<div style=\"height:20px\" aria-hidden=\"true\" class=\"wp-block-spacer\"><\/div>\n\n\n\n<h3 class=\"wp-block-heading\"><strong>Gertruda Slottkeov\u00e1, \u017eena rozhoduj\u00edc\u00ed o \u017eivot\u011b a smrti<\/strong><\/h3>\n\n\n\n<p>Gertruda Slottkeov\u00e1 pracovala jako sekret\u00e1\u0159ka v nizozemsk\u00e9m odd\u011blen\u00ed pro z\u00e1le\u017eitosti N\u011bmeck\u00e9 okupa\u010dn\u00ed spr\u00e1vy, co\u017e byla organizace, kter\u00e1 m\u011bla na starost deportaci \u017did\u016f do koncentra\u010dn\u00edch a vyhlazovac\u00edch t\u00e1bor\u016f. T\u00e9to ideologii oddan\u00e1 \u017eena se souhrou okolnost\u00ed stala jedin\u00fdm \u010dlov\u011bkem v m\u00edstn\u00edm \u00fa\u0159adu, kter\u00fd m\u011bl moc rozhodovat nad osudy nevinn\u00fdch lid\u00ed.<\/p>\n\n\n\n<p>V tranzitn\u00edm t\u00e1bo\u0159e, kter\u00fd pravideln\u011b nav\u0161t\u011bvovala, ukazovala na ty, kte\u0159\u00ed budou transportov\u00e1ni na smrt a na ty, kte\u0159\u00ed dostanou odklad. V cel\u00e9 Evrop\u011b byla jedinou \u017eenou s touto funkc\u00ed.<\/p>\n\n\n\n<p>Ve sv\u00e9m okol\u00ed proslula svoj\u00ed chladnost\u00ed a oddanost\u00ed re\u017eimu. Kdy\u017e nav\u0161t\u011bvovala nejvy\u0161\u0161\u00ed nacistick\u00e9 kruhy v Berl\u00edn\u011b, v\u017edy prosazovala je\u0161t\u011b p\u0159\u00edsn\u011bj\u0161\u00ed pravidla. Za svoji &#8222;kari\u00e9ru&#8220; rozhodla o osudu tis\u00edc\u016f \u017eivot\u016f. Ve funkci z\u016fstala a\u017e do posledn\u00edho vlaku, kter\u00fd opustil tranzitn\u00ed t\u00e1bor ve Westerborku. Posledn\u00ed soupravou, kter\u00e1 stanovi\u0161t\u011b opustila, byla ta, je\u017e vezla Annu Frankovou a jej\u00ed rodinu.<\/p>\n\n\n\n<div style=\"height:100px\" aria-hidden=\"true\" class=\"wp-block-spacer\"><\/div>\n\n\n\n<figure class=\"wp-block-embed is-type-video is-provider-youtube wp-block-embed-youtube wp-embed-aspect-16-9 wp-has-aspect-ratio\"><div class=\"wp-block-embed__wrapper\">\n<iframe loading=\"lazy\" title=\"\u017deny pod Hitlerovou vlajkou na Viasat History\" width=\"640\" height=\"360\" src=\"https:\/\/www.youtube.com\/embed\/zXEYZErYJQM?feature=oembed\" frameborder=\"0\" allow=\"accelerometer; autoplay; clipboard-write; encrypted-media; gyroscope; picture-in-picture; web-share\" allowfullscreen><\/iframe>\n<\/div><\/figure>\n\n\n\n<div style=\"height:20px\" aria-hidden=\"true\" class=\"wp-block-spacer\"><\/div>\n\n\n\n<p><strong>Na genocid\u011b zvan\u00e9 &#8222;kone\u010dn\u00e9 \u0159e\u0161en\u00ed\u201d se v\u0161ak pod\u00edlelo mnoho dal\u0161\u00edch \u017een. N\u011bkter\u00e9 se za sv\u00e9 \u010diny zodpov\u00eddaly, jin\u00e9 proklouzly a za\u010daly \u017e\u00edt nov\u00fd \u017eivot. Pokud m\u00e1te vnit\u0159n\u00ed s\u00edlu poznejte tuto m\u00e9n\u011b zn\u00e1mou \u010d\u00e1st nacistick\u00e9 historie, jej\u00ed\u017e hr\u016fznost d\u011bs\u00ed i mnoho desetilet\u00ed od konce v\u00e1lky. Prvn\u00ed d\u00edl uvede v premi\u00e9\u0159e <a href=\"https:\/\/viasathistory.cz\/\">Viasat History<\/a> v sobotu 8. dubna ve 21 hodin.<\/strong><\/p>\n\n\n\n<div style=\"height:48px\" aria-hidden=\"true\" class=\"wp-block-spacer\"><\/div>\n\n\n\n<figure class=\"wp-block-gallery columns-2 is-cropped wp-block-gallery-1 is-layout-flex wp-block-gallery-is-layout-flex\"><ul class=\"blocks-gallery-grid\"><li class=\"blocks-gallery-item\"><figure><img decoding=\"async\" src=\"https:\/\/cinemahouse.cz\/wp-content\/uploads\/2023\/04\/1_\u00a9-Bundesarchiv-1024x576.png\" alt=\"\" data-id=\"4221\" data-full-url=\"https:\/\/cinemahouse.cz\/wp-content\/uploads\/2023\/04\/1_\u00a9-Bundesarchiv.png\" data-link=\"https:\/\/cinemahouse.cz\/?attachment_id=4221\" class=\"wp-image-4221\"\/><\/figure><\/li><li class=\"blocks-gallery-item\"><figure><img decoding=\"async\" src=\"https:\/\/cinemahouse.cz\/wp-content\/uploads\/2023\/04\/2_\u00a9-United-States-Holocaust-Memorial-Museum-1024x769.png\" alt=\"\" data-id=\"4222\" data-full-url=\"https:\/\/cinemahouse.cz\/wp-content\/uploads\/2023\/04\/2_\u00a9-United-States-Holocaust-Memorial-Museum.png\" data-link=\"https:\/\/cinemahouse.cz\/?attachment_id=4222\" class=\"wp-image-4222\"\/><\/figure><\/li><li class=\"blocks-gallery-item\"><figure><img decoding=\"async\" src=\"https:\/\/cinemahouse.cz\/wp-content\/uploads\/2023\/04\/3_\u00a9-AKH_Agentur-Karl-Hoffkes-1024x733.png\" alt=\"\" data-id=\"4223\" data-full-url=\"https:\/\/cinemahouse.cz\/wp-content\/uploads\/2023\/04\/3_\u00a9-AKH_Agentur-Karl-Hoffkes.png\" data-link=\"https:\/\/cinemahouse.cz\/?attachment_id=4223\" class=\"wp-image-4223\"\/><\/figure><\/li><li class=\"blocks-gallery-item\"><figure><img decoding=\"async\" src=\"https:\/\/cinemahouse.cz\/wp-content\/uploads\/2023\/04\/4_-\u00a9-Museum-Sokolov_Vaclav-Nemec-Archive.png\" alt=\"\" data-id=\"4224\" data-full-url=\"https:\/\/cinemahouse.cz\/wp-content\/uploads\/2023\/04\/4_-\u00a9-Museum-Sokolov_Vaclav-Nemec-Archive.png\" data-link=\"https:\/\/cinemahouse.cz\/?attachment_id=4224\" class=\"wp-image-4224\"\/><\/figure><\/li><li class=\"blocks-gallery-item\"><figure><img decoding=\"async\" src=\"https:\/\/cinemahouse.cz\/wp-content\/uploads\/2023\/04\/5_\u00a9-AKH_Agentur-Karl-Hoffkes-1024x785.png\" alt=\"\" data-id=\"4225\" data-full-url=\"https:\/\/cinemahouse.cz\/wp-content\/uploads\/2023\/04\/5_\u00a9-AKH_Agentur-Karl-Hoffkes.png\" data-link=\"https:\/\/cinemahouse.cz\/?attachment_id=4225\" class=\"wp-image-4225\"\/><\/figure><\/li><li class=\"blocks-gallery-item\"><figure><img decoding=\"async\" src=\"https:\/\/cinemahouse.cz\/wp-content\/uploads\/2023\/04\/6_\u00a9-AKH_Agentur-Karl-HoffkesH-1024x659.png\" alt=\"\" data-id=\"4226\" data-full-url=\"https:\/\/cinemahouse.cz\/wp-content\/uploads\/2023\/04\/6_\u00a9-AKH_Agentur-Karl-HoffkesH.png\" data-link=\"https:\/\/cinemahouse.cz\/?attachment_id=4226\" class=\"wp-image-4226\"\/><\/figure><\/li><li class=\"blocks-gallery-item\"><figure><img decoding=\"async\" src=\"https:\/\/cinemahouse.cz\/wp-content\/uploads\/2023\/04\/7_\u00a9-AKH_Agentur-Karl-Hoffkes-1024x800.png\" alt=\"\" data-id=\"4227\" data-full-url=\"https:\/\/cinemahouse.cz\/wp-content\/uploads\/2023\/04\/7_\u00a9-AKH_Agentur-Karl-Hoffkes.png\" data-link=\"https:\/\/cinemahouse.cz\/?attachment_id=4227\" class=\"wp-image-4227\"\/><\/figure><\/li><\/ul><\/figure>\n\n\n\n<p><strong>Zdroj foto a video:<\/strong> Viasat History<\/p>\n\n\n\n<div style=\"height:51px\" aria-hidden=\"true\" class=\"wp-block-spacer\"><\/div>\n","protected":false},"excerpt":{"rendered":"<p>Dlouh\u00e1 l\u00e9ta byly n\u011bmeck\u00e9 \u017eeny vn\u00edm\u00e1ny jako pasivn\u00ed sv\u011bdkyn\u011b nacistick\u00fdch zv\u011brstvech. O to v\u00edce \u0161okuje skute\u010dnost, \u017ee se mnoh\u00e9 z nich staly aktivn\u00edmi \u00fa\u010dastnicemi odporn\u00fdch zlo\u010din\u016f a jejich krutost si nezadala s mu\u017esk\u00fdmi prot\u011bj\u0161ky. Nov\u00fd dvoud\u00edln\u00fd dokument \u017deny pod Hitlerovou vlajkou, kter\u00fd odvys\u00edl\u00e1 Viasat History, odhaluje s pomoc\u00ed uzn\u00e1van\u00fdch historik\u016f pravdu o \u017een\u00e1ch T\u0159et\u00ed \u0159\u00ed\u0161e. [&hellip;]<\/p>\n","protected":false},"author":2,"featured_media":9441,"comment_status":"closed","ping_status":"closed","sticky":false,"template":"","format":"standard","meta":{"_mi_skip_tracking":false,"_monsterinsights_sitenote_active":false,"_monsterinsights_sitenote_note":"","_monsterinsights_sitenote_category":0,"footnotes":""},"categories":[21,27,2,12],"tags":[],"yoast_head":"<!-- This site is optimized with the Yoast SEO plugin v21.5 - https:\/\/yoast.com\/wordpress\/plugins\/seo\/ -->\n<title>\u017deny pod Hitlerovou vlajkou. Odhalte m\u00e9n\u011b zn\u00e1mou historii - WOMENHOUSE.cz<\/title>\n<meta name=\"robots\" content=\"index, follow, max-snippet:-1, max-image-preview:large, max-video-preview:-1\" \/>\n<link rel=\"canonical\" href=\"https:\/\/womenhouse.cz\/index.php\/2023\/04\/08\/zeny-pod-hitlerovou-vlajkou-odhalte-mene-znamou-historii\/\" \/>\n<meta property=\"og:locale\" content=\"cs_CZ\" \/>\n<meta property=\"og:type\" content=\"article\" \/>\n<meta property=\"og:title\" content=\"\u017deny pod Hitlerovou vlajkou. Odhalte m\u00e9n\u011b zn\u00e1mou historii - WOMENHOUSE.cz\" \/>\n<meta property=\"og:description\" content=\"Dlouh\u00e1 l\u00e9ta byly n\u011bmeck\u00e9 \u017eeny vn\u00edm\u00e1ny jako pasivn\u00ed sv\u011bdkyn\u011b nacistick\u00fdch zv\u011brstvech. O to v\u00edce \u0161okuje skute\u010dnost, \u017ee se mnoh\u00e9 z nich staly aktivn\u00edmi \u00fa\u010dastnicemi odporn\u00fdch zlo\u010din\u016f a jejich krutost si nezadala s mu\u017esk\u00fdmi prot\u011bj\u0161ky. Nov\u00fd dvoud\u00edln\u00fd dokument \u017deny pod Hitlerovou vlajkou, kter\u00fd odvys\u00edl\u00e1 Viasat History, odhaluje s pomoc\u00ed uzn\u00e1van\u00fdch historik\u016f pravdu o \u017een\u00e1ch T\u0159et\u00ed \u0159\u00ed\u0161e. [&hellip;]\" \/>\n<meta property=\"og:url\" content=\"https:\/\/womenhouse.cz\/index.php\/2023\/04\/08\/zeny-pod-hitlerovou-vlajkou-odhalte-mene-znamou-historii\/\" \/>\n<meta property=\"og:site_name\" content=\"WOMENHOUSE.cz\" \/>\n<meta property=\"article:publisher\" content=\"https:\/\/www.facebook.com\/womenhousecz\" \/>\n<meta property=\"article:published_time\" content=\"2023-04-07T22:18:00+00:00\" \/>\n<meta property=\"article:modified_time\" content=\"2023-05-26T22:36:51+00:00\" \/>\n<meta property=\"og:image\" content=\"https:\/\/womenhouse.cz\/wp-content\/uploads\/2023\/04\/1_\u00a9-Bundesarchiv.png\" \/>\n\t<meta property=\"og:image:width\" content=\"1450\" \/>\n\t<meta property=\"og:image:height\" content=\"816\" \/>\n\t<meta property=\"og:image:type\" content=\"image\/png\" \/>\n<meta name=\"author\" content=\"Jolana Hol\u00e1\u0148ov\u00e1\" \/>\n<meta name=\"twitter:card\" content=\"summary_large_image\" \/>\n<meta name=\"twitter:label1\" content=\"Napsal(a)\" \/>\n\t<meta name=\"twitter:data1\" content=\"Jolana Hol\u00e1\u0148ov\u00e1\" \/>\n\t<meta name=\"twitter:label2\" content=\"Odhadovan\u00e1 doba \u010dten\u00ed\" \/>\n\t<meta name=\"twitter:data2\" content=\"4 minuty\" \/>\n<script type=\"application\/ld+json\" class=\"yoast-schema-graph\">{\"@context\":\"https:\/\/schema.org\",\"@graph\":[{\"@type\":\"Article\",\"@id\":\"https:\/\/womenhouse.cz\/index.php\/2023\/04\/08\/zeny-pod-hitlerovou-vlajkou-odhalte-mene-znamou-historii\/#article\",\"isPartOf\":{\"@id\":\"https:\/\/womenhouse.cz\/index.php\/2023\/04\/08\/zeny-pod-hitlerovou-vlajkou-odhalte-mene-znamou-historii\/\"},\"author\":{\"name\":\"Jolana Hol\u00e1\u0148ov\u00e1\",\"@id\":\"https:\/\/womenhouse.cz\/#\/schema\/person\/541326101f8d68c711e83e8fecc80738\"},\"headline\":\"\u017deny pod Hitlerovou vlajkou. Odhalte m\u00e9n\u011b zn\u00e1mou historii\",\"datePublished\":\"2023-04-07T22:18:00+00:00\",\"dateModified\":\"2023-05-26T22:36:51+00:00\",\"mainEntityOfPage\":{\"@id\":\"https:\/\/womenhouse.cz\/index.php\/2023\/04\/08\/zeny-pod-hitlerovou-vlajkou-odhalte-mene-znamou-historii\/\"},\"wordCount\":757,\"publisher\":{\"@id\":\"https:\/\/womenhouse.cz\/#organization\"},\"articleSection\":[\"AKCE &amp; KULTURA\",\"KINO &amp; TV\",\"NEWS\",\"TIPY &amp; TRENDY\"],\"inLanguage\":\"cs\"},{\"@type\":\"WebPage\",\"@id\":\"https:\/\/womenhouse.cz\/index.php\/2023\/04\/08\/zeny-pod-hitlerovou-vlajkou-odhalte-mene-znamou-historii\/\",\"url\":\"https:\/\/womenhouse.cz\/index.php\/2023\/04\/08\/zeny-pod-hitlerovou-vlajkou-odhalte-mene-znamou-historii\/\",\"name\":\"\u017deny pod Hitlerovou vlajkou. Odhalte m\u00e9n\u011b zn\u00e1mou historii - WOMENHOUSE.cz\",\"isPartOf\":{\"@id\":\"https:\/\/womenhouse.cz\/#website\"},\"datePublished\":\"2023-04-07T22:18:00+00:00\",\"dateModified\":\"2023-05-26T22:36:51+00:00\",\"breadcrumb\":{\"@id\":\"https:\/\/womenhouse.cz\/index.php\/2023\/04\/08\/zeny-pod-hitlerovou-vlajkou-odhalte-mene-znamou-historii\/#breadcrumb\"},\"inLanguage\":\"cs\",\"potentialAction\":[{\"@type\":\"ReadAction\",\"target\":[\"https:\/\/womenhouse.cz\/index.php\/2023\/04\/08\/zeny-pod-hitlerovou-vlajkou-odhalte-mene-znamou-historii\/\"]}]},{\"@type\":\"BreadcrumbList\",\"@id\":\"https:\/\/womenhouse.cz\/index.php\/2023\/04\/08\/zeny-pod-hitlerovou-vlajkou-odhalte-mene-znamou-historii\/#breadcrumb\",\"itemListElement\":[{\"@type\":\"ListItem\",\"position\":1,\"name\":\"Dom\u016f\",\"item\":\"https:\/\/womenhouse.cz\/\"},{\"@type\":\"ListItem\",\"position\":2,\"name\":\"\u017deny pod Hitlerovou vlajkou. Odhalte m\u00e9n\u011b zn\u00e1mou historii\"}]},{\"@type\":\"WebSite\",\"@id\":\"https:\/\/womenhouse.cz\/#website\",\"url\":\"https:\/\/womenhouse.cz\/\",\"name\":\"WOMENHOUSE.cz\",\"description\":\"Port\u00e1l v\u00fdhradn\u011b jen pro \u017eeny...\",\"publisher\":{\"@id\":\"https:\/\/womenhouse.cz\/#organization\"},\"potentialAction\":[{\"@type\":\"SearchAction\",\"target\":{\"@type\":\"EntryPoint\",\"urlTemplate\":\"https:\/\/womenhouse.cz\/?s={search_term_string}\"},\"query-input\":\"required name=search_term_string\"}],\"inLanguage\":\"cs\"},{\"@type\":\"Organization\",\"@id\":\"https:\/\/womenhouse.cz\/#organization\",\"name\":\"WOMENHOUSE.cz\",\"url\":\"https:\/\/womenhouse.cz\/\",\"logo\":{\"@type\":\"ImageObject\",\"inLanguage\":\"cs\",\"@id\":\"https:\/\/womenhouse.cz\/#\/schema\/logo\/image\/\",\"url\":\"https:\/\/womenhouse.cz\/wp-content\/uploads\/2020\/06\/cropped-logo_Womenhouse_RGB-02-removebg-preview-1.png\",\"contentUrl\":\"https:\/\/womenhouse.cz\/wp-content\/uploads\/2020\/06\/cropped-logo_Womenhouse_RGB-02-removebg-preview-1.png\",\"width\":561,\"height\":375,\"caption\":\"WOMENHOUSE.cz\"},\"image\":{\"@id\":\"https:\/\/womenhouse.cz\/#\/schema\/logo\/image\/\"},\"sameAs\":[\"https:\/\/www.facebook.com\/womenhousecz\",\"https:\/\/www.instagram.com\/womenhousecz\/\"]},{\"@type\":\"Person\",\"@id\":\"https:\/\/womenhouse.cz\/#\/schema\/person\/541326101f8d68c711e83e8fecc80738\",\"name\":\"Jolana Hol\u00e1\u0148ov\u00e1\",\"sameAs\":[\"http:\/\/www.womenhouse.cz\"],\"url\":\"https:\/\/womenhouse.cz\/index.php\/author\/jolhol\/\"}]}<\/script>\n<!-- \/ Yoast SEO plugin. -->","yoast_head_json":{"title":"\u017deny pod Hitlerovou vlajkou. Odhalte m\u00e9n\u011b zn\u00e1mou historii - WOMENHOUSE.cz","robots":{"index":"index","follow":"follow","max-snippet":"max-snippet:-1","max-image-preview":"max-image-preview:large","max-video-preview":"max-video-preview:-1"},"canonical":"https:\/\/womenhouse.cz\/index.php\/2023\/04\/08\/zeny-pod-hitlerovou-vlajkou-odhalte-mene-znamou-historii\/","og_locale":"cs_CZ","og_type":"article","og_title":"\u017deny pod Hitlerovou vlajkou. Odhalte m\u00e9n\u011b zn\u00e1mou historii - WOMENHOUSE.cz","og_description":"Dlouh\u00e1 l\u00e9ta byly n\u011bmeck\u00e9 \u017eeny vn\u00edm\u00e1ny jako pasivn\u00ed sv\u011bdkyn\u011b nacistick\u00fdch zv\u011brstvech. O to v\u00edce \u0161okuje skute\u010dnost, \u017ee se mnoh\u00e9 z nich staly aktivn\u00edmi \u00fa\u010dastnicemi odporn\u00fdch zlo\u010din\u016f a jejich krutost si nezadala s mu\u017esk\u00fdmi prot\u011bj\u0161ky. Nov\u00fd dvoud\u00edln\u00fd dokument \u017deny pod Hitlerovou vlajkou, kter\u00fd odvys\u00edl\u00e1 Viasat History, odhaluje s pomoc\u00ed uzn\u00e1van\u00fdch historik\u016f pravdu o \u017een\u00e1ch T\u0159et\u00ed \u0159\u00ed\u0161e. [&hellip;]","og_url":"https:\/\/womenhouse.cz\/index.php\/2023\/04\/08\/zeny-pod-hitlerovou-vlajkou-odhalte-mene-znamou-historii\/","og_site_name":"WOMENHOUSE.cz","article_publisher":"https:\/\/www.facebook.com\/womenhousecz","article_published_time":"2023-04-07T22:18:00+00:00","article_modified_time":"2023-05-26T22:36:51+00:00","og_image":[{"width":1450,"height":816,"url":"https:\/\/womenhouse.cz\/wp-content\/uploads\/2023\/04\/1_\u00a9-Bundesarchiv.png","type":"image\/png"}],"author":"Jolana Hol\u00e1\u0148ov\u00e1","twitter_card":"summary_large_image","twitter_misc":{"Napsal(a)":"Jolana Hol\u00e1\u0148ov\u00e1","Odhadovan\u00e1 doba \u010dten\u00ed":"4 minuty"},"schema":{"@context":"https:\/\/schema.org","@graph":[{"@type":"Article","@id":"https:\/\/womenhouse.cz\/index.php\/2023\/04\/08\/zeny-pod-hitlerovou-vlajkou-odhalte-mene-znamou-historii\/#article","isPartOf":{"@id":"https:\/\/womenhouse.cz\/index.php\/2023\/04\/08\/zeny-pod-hitlerovou-vlajkou-odhalte-mene-znamou-historii\/"},"author":{"name":"Jolana Hol\u00e1\u0148ov\u00e1","@id":"https:\/\/womenhouse.cz\/#\/schema\/person\/541326101f8d68c711e83e8fecc80738"},"headline":"\u017deny pod Hitlerovou vlajkou. Odhalte m\u00e9n\u011b zn\u00e1mou historii","datePublished":"2023-04-07T22:18:00+00:00","dateModified":"2023-05-26T22:36:51+00:00","mainEntityOfPage":{"@id":"https:\/\/womenhouse.cz\/index.php\/2023\/04\/08\/zeny-pod-hitlerovou-vlajkou-odhalte-mene-znamou-historii\/"},"wordCount":757,"publisher":{"@id":"https:\/\/womenhouse.cz\/#organization"},"articleSection":["AKCE &amp; KULTURA","KINO &amp; TV","NEWS","TIPY &amp; TRENDY"],"inLanguage":"cs"},{"@type":"WebPage","@id":"https:\/\/womenhouse.cz\/index.php\/2023\/04\/08\/zeny-pod-hitlerovou-vlajkou-odhalte-mene-znamou-historii\/","url":"https:\/\/womenhouse.cz\/index.php\/2023\/04\/08\/zeny-pod-hitlerovou-vlajkou-odhalte-mene-znamou-historii\/","name":"\u017deny pod Hitlerovou vlajkou. Odhalte m\u00e9n\u011b zn\u00e1mou historii - WOMENHOUSE.cz","isPartOf":{"@id":"https:\/\/womenhouse.cz\/#website"},"datePublished":"2023-04-07T22:18:00+00:00","dateModified":"2023-05-26T22:36:51+00:00","breadcrumb":{"@id":"https:\/\/womenhouse.cz\/index.php\/2023\/04\/08\/zeny-pod-hitlerovou-vlajkou-odhalte-mene-znamou-historii\/#breadcrumb"},"inLanguage":"cs","potentialAction":[{"@type":"ReadAction","target":["https:\/\/womenhouse.cz\/index.php\/2023\/04\/08\/zeny-pod-hitlerovou-vlajkou-odhalte-mene-znamou-historii\/"]}]},{"@type":"BreadcrumbList","@id":"https:\/\/womenhouse.cz\/index.php\/2023\/04\/08\/zeny-pod-hitlerovou-vlajkou-odhalte-mene-znamou-historii\/#breadcrumb","itemListElement":[{"@type":"ListItem","position":1,"name":"Dom\u016f","item":"https:\/\/womenhouse.cz\/"},{"@type":"ListItem","position":2,"name":"\u017deny pod Hitlerovou vlajkou. Odhalte m\u00e9n\u011b zn\u00e1mou historii"}]},{"@type":"WebSite","@id":"https:\/\/womenhouse.cz\/#website","url":"https:\/\/womenhouse.cz\/","name":"WOMENHOUSE.cz","description":"Port\u00e1l v\u00fdhradn\u011b jen pro \u017eeny...","publisher":{"@id":"https:\/\/womenhouse.cz\/#organization"},"potentialAction":[{"@type":"SearchAction","target":{"@type":"EntryPoint","urlTemplate":"https:\/\/womenhouse.cz\/?s={search_term_string}"},"query-input":"required name=search_term_string"}],"inLanguage":"cs"},{"@type":"Organization","@id":"https:\/\/womenhouse.cz\/#organization","name":"WOMENHOUSE.cz","url":"https:\/\/womenhouse.cz\/","logo":{"@type":"ImageObject","inLanguage":"cs","@id":"https:\/\/womenhouse.cz\/#\/schema\/logo\/image\/","url":"https:\/\/womenhouse.cz\/wp-content\/uploads\/2020\/06\/cropped-logo_Womenhouse_RGB-02-removebg-preview-1.png","contentUrl":"https:\/\/womenhouse.cz\/wp-content\/uploads\/2020\/06\/cropped-logo_Womenhouse_RGB-02-removebg-preview-1.png","width":561,"height":375,"caption":"WOMENHOUSE.cz"},"image":{"@id":"https:\/\/womenhouse.cz\/#\/schema\/logo\/image\/"},"sameAs":["https:\/\/www.facebook.com\/womenhousecz","https:\/\/www.instagram.com\/womenhousecz\/"]},{"@type":"Person","@id":"https:\/\/womenhouse.cz\/#\/schema\/person\/541326101f8d68c711e83e8fecc80738","name":"Jolana Hol\u00e1\u0148ov\u00e1","sameAs":["http:\/\/www.womenhouse.cz"],"url":"https:\/\/womenhouse.cz\/index.php\/author\/jolhol\/"}]}},"_links":{"self":[{"href":"https:\/\/womenhouse.cz\/index.php\/wp-json\/wp\/v2\/posts\/9440"}],"collection":[{"href":"https:\/\/womenhouse.cz\/index.php\/wp-json\/wp\/v2\/posts"}],"about":[{"href":"https:\/\/womenhouse.cz\/index.php\/wp-json\/wp\/v2\/types\/post"}],"author":[{"embeddable":true,"href":"https:\/\/womenhouse.cz\/index.php\/wp-json\/wp\/v2\/users\/2"}],"replies":[{"embeddable":true,"href":"https:\/\/womenhouse.cz\/index.php\/wp-json\/wp\/v2\/comments?post=9440"}],"version-history":[{"count":-4,"href":"https:\/\/womenhouse.cz\/index.php\/wp-json\/wp\/v2\/posts\/9440\/revisions"}],"wp:featuredmedia":[{"embeddable":true,"href":"https:\/\/womenhouse.cz\/index.php\/wp-json\/wp\/v2\/media\/9441"}],"wp:attachment":[{"href":"https:\/\/womenhouse.cz\/index.php\/wp-json\/wp\/v2\/media?parent=9440"}],"wp:term":[{"taxonomy":"category","embeddable":true,"href":"https:\/\/womenhouse.cz\/index.php\/wp-json\/wp\/v2\/categories?post=9440"},{"taxonomy":"post_tag","embeddable":true,"href":"https:\/\/womenhouse.cz\/index.php\/wp-json\/wp\/v2\/tags?post=9440"}],"curies":[{"name":"wp","href":"https:\/\/api.w.org\/{rel}","templated":true}]}}