{"id":9437,"date":"2023-04-07T00:16:00","date_gmt":"2023-04-06T22:16:00","guid":{"rendered":"https:\/\/womenhouse.cz\/?p=9437"},"modified":"2023-05-15T23:45:59","modified_gmt":"2023-05-15T21:45:59","slug":"kdo-byli-normandsti-bojovnici","status":"publish","type":"post","link":"https:\/\/womenhouse.cz\/index.php\/2023\/04\/07\/kdo-byli-normandsti-bojovnici\/","title":{"rendered":"Kdo byli normand\u0161t\u00ed bojovn\u00edci?"},"content":{"rendered":"\n<div style=\"height:48px\" aria-hidden=\"true\" class=\"wp-block-spacer\"><\/div>\n\n\n\n<p><strong>Prvn\u00ed \u010d\u00e1st nov\u00e9ho ambici\u00f3zn\u00edho dokumentu Normandie: Zem\u011b v\u00e1le\u010dn\u00edk\u016f uvede v p\u00e1tek 7. dubna v premi\u00e9\u0159e stanice <a href=\"https:\/\/viasathistory.cz\/\">Viasat History<\/a>. P\u0159\u00edb\u011bh o tom, jak se kus zem\u011b na severu dne\u0161n\u00ed Francie stal jedn\u00edm z nejmocn\u011bj\u0161\u00edch evropsk\u00fdch kr\u00e1lovstv\u00ed 12. stolet\u00ed, na\u010de\u017e pomalu upadl v zapomn\u011bn\u00ed, p\u0159edstavuje strhuj\u00edc\u00ed vojensk\u00fd epos, je\u017e bude rozpleten prost\u0159ednictv\u00edm velkolep\u00fdch sugestivn\u00edch sc\u00e9n, modern\u00ed infografiky a pohledem historik\u016f.<\/strong><\/p>\n\n\n\n<div style=\"height:20px\" aria-hidden=\"true\" class=\"wp-block-spacer\"><\/div>\n\n\n\n<figure class=\"wp-block-image size-large\"><img decoding=\"async\" src=\"https:\/\/cinemahouse.cz\/wp-content\/uploads\/2023\/04\/\u00a9CURIOSITY_STREAM_1_ROLLO_15-1024x576.png\" alt=\"\" class=\"wp-image-4212\"\/><\/figure>\n\n\n\n<div style=\"height:20px\" aria-hidden=\"true\" class=\"wp-block-spacer\"><\/div>\n\n\n\n<p>T\u0159i strhuj\u00edc\u00ed epizody zdokumentuj\u00ed s\u00e1gu o dynastii velk\u00fdch dobyvatel\u016f, od prvn\u00edho normansk\u00e9ho panovn\u00edka, kter\u00fd proslul jako Rollo, a\u017e po Richarda Lv\u00ed srdce a Vil\u00e9ma Dobyvatele. V hrdinsk\u00fdch p\u0159\u00edb\u011bz\u00edch, kter\u00e9 hluboce zako\u0159enily v z\u00e1padoevropsk\u00e9 historii, byli tito panovn\u00edci a v\u00e9vodov\u00e9, sou\u010dasn\u011b d\u011bsiv\u00ed v\u00e1le\u010dn\u00edci, kte\u0159\u00ed pod normansk\u00fdm praporem riskovali \u017eivoty p\u0159i obran\u011b sv\u00e9ho \u00fazem\u00ed.<\/p>\n\n\n\n<div style=\"height:20px\" aria-hidden=\"true\" class=\"wp-block-spacer\"><\/div>\n\n\n\n<figure class=\"wp-block-image size-large\"><img decoding=\"async\" src=\"https:\/\/cinemahouse.cz\/wp-content\/uploads\/2023\/04\/\u00a9CURIOSITY_STREAM_1_ROLLO_14-1024x576.png\" alt=\"\" class=\"wp-image-4211\"\/><\/figure>\n\n\n\n<div style=\"height:20px\" aria-hidden=\"true\" class=\"wp-block-spacer\"><\/div>\n\n\n\n<p>\u00davodn\u00ed \u010d\u00e1st za\u010d\u00edn\u00e1 p\u0159ed 1 200 lety v dob\u011b , kdy se Rollo vyd\u00e1v\u00e1 na vikingsk\u00e9 v\u00e1le\u010dn\u00e9 lodi proti proudu \u0159eky Seiny, aby v \u010dele vikingsk\u00fdch n\u00e1jezdn\u00edk\u016f dob\u00fdval nov\u00e1 \u00fazem\u00ed. Seversk\u00e1 krutost v t\u00e9 dob\u011b neznala mez\u00ed. Stra\u0161liv\u00ed barba\u0159i za sebou nech\u00e1vali pustinu plnou mrtv\u00fdch t\u011bl a nep\u0159estali, dokud nedostali, co cht\u011bli. Ko\u0159ist\u00ed toti\u017e bylo okupovan\u00e9 fransk\u00e9 \u00fazem\u00ed, kter\u00e9 jim bylo postoupeno. Tak vznikla Normandie, pozd\u011bji zn\u00e1m\u00e1 jako Normandsk\u00e9 v\u00e9vodstv\u00ed.<\/p>\n\n\n\n<div style=\"height:20px\" aria-hidden=\"true\" class=\"wp-block-spacer\"><\/div>\n\n\n\n<figure class=\"wp-block-image size-large\"><img decoding=\"async\" src=\"https:\/\/cinemahouse.cz\/wp-content\/uploads\/2023\/04\/\u00a9CURIOSITY_STREAM_3_RICHARD_2-1024x576.png\" alt=\"\" class=\"wp-image-4215\"\/><\/figure>\n\n\n\n<div style=\"height:20px\" aria-hidden=\"true\" class=\"wp-block-spacer\"><\/div>\n\n\n\n<p>Druh\u00e1 epizoda za\u010d\u00edn\u00e1 v dob\u011b, kdy je zem\u011b \u0161okov\u00e1na ne\u010dekanou smrt\u00ed jednat\u0159icetilet\u00e9ho Roberta I. Normandsk\u00e9ho, je\u017e byl rovn\u011b\u017e zn\u00e1m\u00fd jako N\u00e1dhern\u00fd, ale tak\u00e9 jako \u010e\u00e1bel. Jeho m\u00edsto zauj\u00edm\u00e1 syn Vil\u00e9m, kter\u00fd vze\u0161el z neman\u017eelsk\u00e9ho pom\u011bru. Na tr\u016fn nastupuje jako Vil\u00e9m II. Normandsk\u00fd, ale m\u00edstn\u00edmi autoritami je pro sv\u016fj p\u016fvod nerespektov\u00e1n. Jen\u017ee mlad\u00edk se brzy uk\u00e1\u017ee jako schopn\u00fd v\u00e9voda i vojev\u016fdce a pozd\u011bji, u\u017e jako Vil\u00e9m Dobyvatel, dos\u00e1hne a\u017e na  anglick\u00fd tr\u016fn.<\/p>\n\n\n\n<div style=\"height:20px\" aria-hidden=\"true\" class=\"wp-block-spacer\"><\/div>\n\n\n\n<figure class=\"wp-block-image size-large\"><img decoding=\"async\" src=\"https:\/\/cinemahouse.cz\/wp-content\/uploads\/2023\/04\/\u00a9CURIOSITY_STREAM_3_RICHARD_9-1024x576.png\" alt=\"\" class=\"wp-image-4217\"\/><\/figure>\n\n\n\n<div style=\"height:20px\" aria-hidden=\"true\" class=\"wp-block-spacer\"><\/div>\n\n\n\n<p>Minis\u00e9rii uzav\u0159e p\u0159\u00edb\u011bh francouzsk\u00e9ho kr\u00e1le Filipa II. Augusta. Ten m\u00e1 jedin\u00fd c\u00edl, zni\u010dit v\u00e9vodu z Normandie, Richarda Lv\u00ed srdce. Stejn\u00fd n\u00e1pad m\u00e1 i v\u00e9vod\u016fv bratr John Lackland. Oba mu\u017ei se proti Richardovi spoj\u00ed, ale s normandsk\u00fdm hrdinou to budou m\u00edt hodn\u011b t\u011b\u017ek\u00e9.<\/p>\n\n\n\n<div style=\"height:20px\" aria-hidden=\"true\" class=\"wp-block-spacer\"><\/div>\n\n\n\n<figure class=\"wp-block-embed is-type-video is-provider-youtube wp-block-embed-youtube wp-embed-aspect-16-9 wp-has-aspect-ratio\"><div class=\"wp-block-embed__wrapper\">\n<iframe loading=\"lazy\" title=\"Normandie: Zem\u011b v\u00e1le\u010dn\u00edk\u016f na Viasat History\" width=\"640\" height=\"360\" src=\"https:\/\/www.youtube.com\/embed\/MXpxEbRtEho?feature=oembed\" frameborder=\"0\" allow=\"accelerometer; autoplay; clipboard-write; encrypted-media; gyroscope; picture-in-picture; web-share\" allowfullscreen><\/iframe>\n<\/div><\/figure>\n\n\n\n<div style=\"height:20px\" aria-hidden=\"true\" class=\"wp-block-spacer\"><\/div>\n\n\n\n<p><strong>Pono\u0159te se do hlubin minulosti. Objevte v\u00e1le\u010dn\u00e9 strategie, hrdiny, bojovn\u00edky, tajemn\u00e9 hrady i vra\u017eedn\u00e9 obl\u00e9hac\u00ed stroje. Dokument\u00e1rn\u00ed minis\u00e9rie Normandie: Zem\u011b v\u00e1le\u010dn\u00edk\u016f v\u00e1m to v premi\u00e9\u0159e na <a href=\"https:\/\/viasathistory.cz\/\">Viasat History<\/a> umo\u017en\u00ed od p\u00e1tku 7. dubna. Prvn\u00ed d\u00edl za\u010d\u00edn\u00e1 ve 21:00 hod.<\/strong><\/p>\n\n\n\n<div style=\"height:50px\" aria-hidden=\"true\" class=\"wp-block-spacer\"><\/div>\n\n\n\n<figure class=\"wp-block-gallery columns-2 is-cropped wp-block-gallery-1 is-layout-flex wp-block-gallery-is-layout-flex\"><ul class=\"blocks-gallery-grid\"><li class=\"blocks-gallery-item\"><figure><img decoding=\"async\" src=\"https:\/\/cinemahouse.cz\/wp-content\/uploads\/2023\/04\/\u00a9CURIOSITY_STREAM_1_ROLLO_14-1024x576.png\" alt=\"\" data-id=\"4211\" data-full-url=\"https:\/\/cinemahouse.cz\/wp-content\/uploads\/2023\/04\/\u00a9CURIOSITY_STREAM_1_ROLLO_14.png\" data-link=\"https:\/\/cinemahouse.cz\/?attachment_id=4211\" class=\"wp-image-4211\"\/><\/figure><\/li><li class=\"blocks-gallery-item\"><figure><img decoding=\"async\" src=\"https:\/\/cinemahouse.cz\/wp-content\/uploads\/2023\/04\/\u00a9CURIOSITY_STREAM_1_ROLLO_15-1024x576.png\" alt=\"\" data-id=\"4212\" data-full-url=\"https:\/\/cinemahouse.cz\/wp-content\/uploads\/2023\/04\/\u00a9CURIOSITY_STREAM_1_ROLLO_15.png\" data-link=\"https:\/\/cinemahouse.cz\/?attachment_id=4212\" class=\"wp-image-4212\"\/><\/figure><\/li><li class=\"blocks-gallery-item\"><figure><img decoding=\"async\" src=\"https:\/\/cinemahouse.cz\/wp-content\/uploads\/2023\/04\/\u00a9CURIOSITY_STREAM_2_WILLIAM_4-Copy-1024x576.png\" alt=\"\" data-id=\"4213\" data-full-url=\"https:\/\/cinemahouse.cz\/wp-content\/uploads\/2023\/04\/\u00a9CURIOSITY_STREAM_2_WILLIAM_4-Copy.png\" data-link=\"https:\/\/cinemahouse.cz\/?attachment_id=4213\" class=\"wp-image-4213\"\/><\/figure><\/li><li class=\"blocks-gallery-item\"><figure><img decoding=\"async\" src=\"https:\/\/cinemahouse.cz\/wp-content\/uploads\/2023\/04\/\u00a9CURIOSITY_STREAM_2_WILLIAM_19-1024x576.png\" alt=\"\" data-id=\"4214\" data-full-url=\"https:\/\/cinemahouse.cz\/wp-content\/uploads\/2023\/04\/\u00a9CURIOSITY_STREAM_2_WILLIAM_19.png\" data-link=\"https:\/\/cinemahouse.cz\/?attachment_id=4214\" class=\"wp-image-4214\"\/><\/figure><\/li><li class=\"blocks-gallery-item\"><figure><img decoding=\"async\" src=\"https:\/\/cinemahouse.cz\/wp-content\/uploads\/2023\/04\/\u00a9CURIOSITY_STREAM_3_RICHARD_2-1024x576.png\" alt=\"\" data-id=\"4215\" data-full-url=\"https:\/\/cinemahouse.cz\/wp-content\/uploads\/2023\/04\/\u00a9CURIOSITY_STREAM_3_RICHARD_2.png\" data-link=\"https:\/\/cinemahouse.cz\/?attachment_id=4215\" class=\"wp-image-4215\"\/><\/figure><\/li><li class=\"blocks-gallery-item\"><figure><img decoding=\"async\" src=\"https:\/\/cinemahouse.cz\/wp-content\/uploads\/2023\/04\/\u00a9CURIOSITY_STREAM_3_RICHARD_6-1024x576.png\" alt=\"\" data-id=\"4216\" data-full-url=\"https:\/\/cinemahouse.cz\/wp-content\/uploads\/2023\/04\/\u00a9CURIOSITY_STREAM_3_RICHARD_6.png\" data-link=\"https:\/\/cinemahouse.cz\/?attachment_id=4216\" class=\"wp-image-4216\"\/><\/figure><\/li><li class=\"blocks-gallery-item\"><figure><img decoding=\"async\" src=\"https:\/\/cinemahouse.cz\/wp-content\/uploads\/2023\/04\/\u00a9CURIOSITY_STREAM_3_RICHARD_9-1024x576.png\" alt=\"\" data-id=\"4217\" data-full-url=\"https:\/\/cinemahouse.cz\/wp-content\/uploads\/2023\/04\/\u00a9CURIOSITY_STREAM_3_RICHARD_9.png\" data-link=\"https:\/\/cinemahouse.cz\/?attachment_id=4217\" class=\"wp-image-4217\"\/><\/figure><\/li><li class=\"blocks-gallery-item\"><figure><img decoding=\"async\" src=\"https:\/\/cinemahouse.cz\/wp-content\/uploads\/2023\/04\/\u00a9CURIOSITY_STREAM_3_RICHARD_15-1024x576.png\" alt=\"\" data-id=\"4218\" data-full-url=\"https:\/\/cinemahouse.cz\/wp-content\/uploads\/2023\/04\/\u00a9CURIOSITY_STREAM_3_RICHARD_15.png\" data-link=\"https:\/\/cinemahouse.cz\/?attachment_id=4218\" class=\"wp-image-4218\"\/><\/figure><\/li><\/ul><\/figure>\n\n\n\n<p><strong>Zdroj foto:<\/strong> Viasat History<\/p>\n\n\n\n<div style=\"height:53px\" aria-hidden=\"true\" class=\"wp-block-spacer\"><\/div>\n","protected":false},"excerpt":{"rendered":"<p>Prvn\u00ed \u010d\u00e1st nov\u00e9ho ambici\u00f3zn\u00edho dokumentu Normandie: Zem\u011b v\u00e1le\u010dn\u00edk\u016f uvede v p\u00e1tek 7. dubna v premi\u00e9\u0159e stanice Viasat History. P\u0159\u00edb\u011bh o tom, jak se kus zem\u011b na severu dne\u0161n\u00ed Francie stal jedn\u00edm z nejmocn\u011bj\u0161\u00edch evropsk\u00fdch kr\u00e1lovstv\u00ed 12. stolet\u00ed, na\u010de\u017e pomalu upadl v zapomn\u011bn\u00ed, p\u0159edstavuje strhuj\u00edc\u00ed vojensk\u00fd epos, je\u017e bude rozpleten prost\u0159ednictv\u00edm velkolep\u00fdch sugestivn\u00edch sc\u00e9n, modern\u00ed infografiky [&hellip;]<\/p>\n","protected":false},"author":2,"featured_media":9438,"comment_status":"closed","ping_status":"closed","sticky":false,"template":"","format":"standard","meta":{"_mi_skip_tracking":false,"_monsterinsights_sitenote_active":false,"_monsterinsights_sitenote_note":"","_monsterinsights_sitenote_category":0,"footnotes":""},"categories":[21,27,2,12],"tags":[],"yoast_head":"<!-- This site is optimized with the Yoast SEO plugin v21.5 - https:\/\/yoast.com\/wordpress\/plugins\/seo\/ -->\n<title>Kdo byli normand\u0161t\u00ed bojovn\u00edci? - WOMENHOUSE.cz<\/title>\n<meta name=\"robots\" content=\"index, follow, max-snippet:-1, max-image-preview:large, max-video-preview:-1\" \/>\n<link rel=\"canonical\" href=\"https:\/\/womenhouse.cz\/index.php\/2023\/04\/07\/kdo-byli-normandsti-bojovnici\/\" \/>\n<meta property=\"og:locale\" content=\"cs_CZ\" \/>\n<meta property=\"og:type\" content=\"article\" \/>\n<meta property=\"og:title\" content=\"Kdo byli normand\u0161t\u00ed bojovn\u00edci? - WOMENHOUSE.cz\" \/>\n<meta property=\"og:description\" content=\"Prvn\u00ed \u010d\u00e1st nov\u00e9ho ambici\u00f3zn\u00edho dokumentu Normandie: Zem\u011b v\u00e1le\u010dn\u00edk\u016f uvede v p\u00e1tek 7. dubna v premi\u00e9\u0159e stanice Viasat History. P\u0159\u00edb\u011bh o tom, jak se kus zem\u011b na severu dne\u0161n\u00ed Francie stal jedn\u00edm z nejmocn\u011bj\u0161\u00edch evropsk\u00fdch kr\u00e1lovstv\u00ed 12. stolet\u00ed, na\u010de\u017e pomalu upadl v zapomn\u011bn\u00ed, p\u0159edstavuje strhuj\u00edc\u00ed vojensk\u00fd epos, je\u017e bude rozpleten prost\u0159ednictv\u00edm velkolep\u00fdch sugestivn\u00edch sc\u00e9n, modern\u00ed infografiky [&hellip;]\" \/>\n<meta property=\"og:url\" content=\"https:\/\/womenhouse.cz\/index.php\/2023\/04\/07\/kdo-byli-normandsti-bojovnici\/\" \/>\n<meta property=\"og:site_name\" content=\"WOMENHOUSE.cz\" \/>\n<meta property=\"article:publisher\" content=\"https:\/\/www.facebook.com\/womenhousecz\" \/>\n<meta property=\"article:published_time\" content=\"2023-04-06T22:16:00+00:00\" \/>\n<meta property=\"article:modified_time\" content=\"2023-05-15T21:45:59+00:00\" \/>\n<meta property=\"og:image\" content=\"https:\/\/womenhouse.cz\/wp-content\/uploads\/2023\/04\/\u00a9CURIOSITY_STREAM_1_ROLLO_15.png\" \/>\n\t<meta property=\"og:image:width\" content=\"1450\" \/>\n\t<meta property=\"og:image:height\" content=\"816\" \/>\n\t<meta property=\"og:image:type\" content=\"image\/png\" \/>\n<meta name=\"author\" content=\"Jolana Hol\u00e1\u0148ov\u00e1\" \/>\n<meta name=\"twitter:card\" content=\"summary_large_image\" \/>\n<meta name=\"twitter:label1\" content=\"Napsal(a)\" \/>\n\t<meta name=\"twitter:data1\" content=\"Jolana Hol\u00e1\u0148ov\u00e1\" \/>\n\t<meta name=\"twitter:label2\" content=\"Odhadovan\u00e1 doba \u010dten\u00ed\" \/>\n\t<meta name=\"twitter:data2\" content=\"2 minuty\" \/>\n<script type=\"application\/ld+json\" class=\"yoast-schema-graph\">{\"@context\":\"https:\/\/schema.org\",\"@graph\":[{\"@type\":\"Article\",\"@id\":\"https:\/\/womenhouse.cz\/index.php\/2023\/04\/07\/kdo-byli-normandsti-bojovnici\/#article\",\"isPartOf\":{\"@id\":\"https:\/\/womenhouse.cz\/index.php\/2023\/04\/07\/kdo-byli-normandsti-bojovnici\/\"},\"author\":{\"name\":\"Jolana Hol\u00e1\u0148ov\u00e1\",\"@id\":\"https:\/\/womenhouse.cz\/#\/schema\/person\/541326101f8d68c711e83e8fecc80738\"},\"headline\":\"Kdo byli normand\u0161t\u00ed bojovn\u00edci?\",\"datePublished\":\"2023-04-06T22:16:00+00:00\",\"dateModified\":\"2023-05-15T21:45:59+00:00\",\"mainEntityOfPage\":{\"@id\":\"https:\/\/womenhouse.cz\/index.php\/2023\/04\/07\/kdo-byli-normandsti-bojovnici\/\"},\"wordCount\":472,\"publisher\":{\"@id\":\"https:\/\/womenhouse.cz\/#organization\"},\"articleSection\":[\"AKCE &amp; KULTURA\",\"KINO &amp; TV\",\"NEWS\",\"TIPY &amp; TRENDY\"],\"inLanguage\":\"cs\"},{\"@type\":\"WebPage\",\"@id\":\"https:\/\/womenhouse.cz\/index.php\/2023\/04\/07\/kdo-byli-normandsti-bojovnici\/\",\"url\":\"https:\/\/womenhouse.cz\/index.php\/2023\/04\/07\/kdo-byli-normandsti-bojovnici\/\",\"name\":\"Kdo byli normand\u0161t\u00ed bojovn\u00edci? - WOMENHOUSE.cz\",\"isPartOf\":{\"@id\":\"https:\/\/womenhouse.cz\/#website\"},\"datePublished\":\"2023-04-06T22:16:00+00:00\",\"dateModified\":\"2023-05-15T21:45:59+00:00\",\"breadcrumb\":{\"@id\":\"https:\/\/womenhouse.cz\/index.php\/2023\/04\/07\/kdo-byli-normandsti-bojovnici\/#breadcrumb\"},\"inLanguage\":\"cs\",\"potentialAction\":[{\"@type\":\"ReadAction\",\"target\":[\"https:\/\/womenhouse.cz\/index.php\/2023\/04\/07\/kdo-byli-normandsti-bojovnici\/\"]}]},{\"@type\":\"BreadcrumbList\",\"@id\":\"https:\/\/womenhouse.cz\/index.php\/2023\/04\/07\/kdo-byli-normandsti-bojovnici\/#breadcrumb\",\"itemListElement\":[{\"@type\":\"ListItem\",\"position\":1,\"name\":\"Dom\u016f\",\"item\":\"https:\/\/womenhouse.cz\/\"},{\"@type\":\"ListItem\",\"position\":2,\"name\":\"Kdo byli normand\u0161t\u00ed bojovn\u00edci?\"}]},{\"@type\":\"WebSite\",\"@id\":\"https:\/\/womenhouse.cz\/#website\",\"url\":\"https:\/\/womenhouse.cz\/\",\"name\":\"WOMENHOUSE.cz\",\"description\":\"Port\u00e1l v\u00fdhradn\u011b jen pro \u017eeny...\",\"publisher\":{\"@id\":\"https:\/\/womenhouse.cz\/#organization\"},\"potentialAction\":[{\"@type\":\"SearchAction\",\"target\":{\"@type\":\"EntryPoint\",\"urlTemplate\":\"https:\/\/womenhouse.cz\/?s={search_term_string}\"},\"query-input\":\"required name=search_term_string\"}],\"inLanguage\":\"cs\"},{\"@type\":\"Organization\",\"@id\":\"https:\/\/womenhouse.cz\/#organization\",\"name\":\"WOMENHOUSE.cz\",\"url\":\"https:\/\/womenhouse.cz\/\",\"logo\":{\"@type\":\"ImageObject\",\"inLanguage\":\"cs\",\"@id\":\"https:\/\/womenhouse.cz\/#\/schema\/logo\/image\/\",\"url\":\"https:\/\/womenhouse.cz\/wp-content\/uploads\/2020\/06\/cropped-logo_Womenhouse_RGB-02-removebg-preview-1.png\",\"contentUrl\":\"https:\/\/womenhouse.cz\/wp-content\/uploads\/2020\/06\/cropped-logo_Womenhouse_RGB-02-removebg-preview-1.png\",\"width\":561,\"height\":375,\"caption\":\"WOMENHOUSE.cz\"},\"image\":{\"@id\":\"https:\/\/womenhouse.cz\/#\/schema\/logo\/image\/\"},\"sameAs\":[\"https:\/\/www.facebook.com\/womenhousecz\",\"https:\/\/www.instagram.com\/womenhousecz\/\"]},{\"@type\":\"Person\",\"@id\":\"https:\/\/womenhouse.cz\/#\/schema\/person\/541326101f8d68c711e83e8fecc80738\",\"name\":\"Jolana Hol\u00e1\u0148ov\u00e1\",\"sameAs\":[\"http:\/\/www.womenhouse.cz\"],\"url\":\"https:\/\/womenhouse.cz\/index.php\/author\/jolhol\/\"}]}<\/script>\n<!-- \/ Yoast SEO plugin. -->","yoast_head_json":{"title":"Kdo byli normand\u0161t\u00ed bojovn\u00edci? - WOMENHOUSE.cz","robots":{"index":"index","follow":"follow","max-snippet":"max-snippet:-1","max-image-preview":"max-image-preview:large","max-video-preview":"max-video-preview:-1"},"canonical":"https:\/\/womenhouse.cz\/index.php\/2023\/04\/07\/kdo-byli-normandsti-bojovnici\/","og_locale":"cs_CZ","og_type":"article","og_title":"Kdo byli normand\u0161t\u00ed bojovn\u00edci? - WOMENHOUSE.cz","og_description":"Prvn\u00ed \u010d\u00e1st nov\u00e9ho ambici\u00f3zn\u00edho dokumentu Normandie: Zem\u011b v\u00e1le\u010dn\u00edk\u016f uvede v p\u00e1tek 7. dubna v premi\u00e9\u0159e stanice Viasat History. P\u0159\u00edb\u011bh o tom, jak se kus zem\u011b na severu dne\u0161n\u00ed Francie stal jedn\u00edm z nejmocn\u011bj\u0161\u00edch evropsk\u00fdch kr\u00e1lovstv\u00ed 12. stolet\u00ed, na\u010de\u017e pomalu upadl v zapomn\u011bn\u00ed, p\u0159edstavuje strhuj\u00edc\u00ed vojensk\u00fd epos, je\u017e bude rozpleten prost\u0159ednictv\u00edm velkolep\u00fdch sugestivn\u00edch sc\u00e9n, modern\u00ed infografiky [&hellip;]","og_url":"https:\/\/womenhouse.cz\/index.php\/2023\/04\/07\/kdo-byli-normandsti-bojovnici\/","og_site_name":"WOMENHOUSE.cz","article_publisher":"https:\/\/www.facebook.com\/womenhousecz","article_published_time":"2023-04-06T22:16:00+00:00","article_modified_time":"2023-05-15T21:45:59+00:00","og_image":[{"width":1450,"height":816,"url":"https:\/\/womenhouse.cz\/wp-content\/uploads\/2023\/04\/\u00a9CURIOSITY_STREAM_1_ROLLO_15.png","type":"image\/png"}],"author":"Jolana Hol\u00e1\u0148ov\u00e1","twitter_card":"summary_large_image","twitter_misc":{"Napsal(a)":"Jolana Hol\u00e1\u0148ov\u00e1","Odhadovan\u00e1 doba \u010dten\u00ed":"2 minuty"},"schema":{"@context":"https:\/\/schema.org","@graph":[{"@type":"Article","@id":"https:\/\/womenhouse.cz\/index.php\/2023\/04\/07\/kdo-byli-normandsti-bojovnici\/#article","isPartOf":{"@id":"https:\/\/womenhouse.cz\/index.php\/2023\/04\/07\/kdo-byli-normandsti-bojovnici\/"},"author":{"name":"Jolana Hol\u00e1\u0148ov\u00e1","@id":"https:\/\/womenhouse.cz\/#\/schema\/person\/541326101f8d68c711e83e8fecc80738"},"headline":"Kdo byli normand\u0161t\u00ed bojovn\u00edci?","datePublished":"2023-04-06T22:16:00+00:00","dateModified":"2023-05-15T21:45:59+00:00","mainEntityOfPage":{"@id":"https:\/\/womenhouse.cz\/index.php\/2023\/04\/07\/kdo-byli-normandsti-bojovnici\/"},"wordCount":472,"publisher":{"@id":"https:\/\/womenhouse.cz\/#organization"},"articleSection":["AKCE &amp; KULTURA","KINO &amp; TV","NEWS","TIPY &amp; TRENDY"],"inLanguage":"cs"},{"@type":"WebPage","@id":"https:\/\/womenhouse.cz\/index.php\/2023\/04\/07\/kdo-byli-normandsti-bojovnici\/","url":"https:\/\/womenhouse.cz\/index.php\/2023\/04\/07\/kdo-byli-normandsti-bojovnici\/","name":"Kdo byli normand\u0161t\u00ed bojovn\u00edci? - WOMENHOUSE.cz","isPartOf":{"@id":"https:\/\/womenhouse.cz\/#website"},"datePublished":"2023-04-06T22:16:00+00:00","dateModified":"2023-05-15T21:45:59+00:00","breadcrumb":{"@id":"https:\/\/womenhouse.cz\/index.php\/2023\/04\/07\/kdo-byli-normandsti-bojovnici\/#breadcrumb"},"inLanguage":"cs","potentialAction":[{"@type":"ReadAction","target":["https:\/\/womenhouse.cz\/index.php\/2023\/04\/07\/kdo-byli-normandsti-bojovnici\/"]}]},{"@type":"BreadcrumbList","@id":"https:\/\/womenhouse.cz\/index.php\/2023\/04\/07\/kdo-byli-normandsti-bojovnici\/#breadcrumb","itemListElement":[{"@type":"ListItem","position":1,"name":"Dom\u016f","item":"https:\/\/womenhouse.cz\/"},{"@type":"ListItem","position":2,"name":"Kdo byli normand\u0161t\u00ed bojovn\u00edci?"}]},{"@type":"WebSite","@id":"https:\/\/womenhouse.cz\/#website","url":"https:\/\/womenhouse.cz\/","name":"WOMENHOUSE.cz","description":"Port\u00e1l v\u00fdhradn\u011b jen pro \u017eeny...","publisher":{"@id":"https:\/\/womenhouse.cz\/#organization"},"potentialAction":[{"@type":"SearchAction","target":{"@type":"EntryPoint","urlTemplate":"https:\/\/womenhouse.cz\/?s={search_term_string}"},"query-input":"required name=search_term_string"}],"inLanguage":"cs"},{"@type":"Organization","@id":"https:\/\/womenhouse.cz\/#organization","name":"WOMENHOUSE.cz","url":"https:\/\/womenhouse.cz\/","logo":{"@type":"ImageObject","inLanguage":"cs","@id":"https:\/\/womenhouse.cz\/#\/schema\/logo\/image\/","url":"https:\/\/womenhouse.cz\/wp-content\/uploads\/2020\/06\/cropped-logo_Womenhouse_RGB-02-removebg-preview-1.png","contentUrl":"https:\/\/womenhouse.cz\/wp-content\/uploads\/2020\/06\/cropped-logo_Womenhouse_RGB-02-removebg-preview-1.png","width":561,"height":375,"caption":"WOMENHOUSE.cz"},"image":{"@id":"https:\/\/womenhouse.cz\/#\/schema\/logo\/image\/"},"sameAs":["https:\/\/www.facebook.com\/womenhousecz","https:\/\/www.instagram.com\/womenhousecz\/"]},{"@type":"Person","@id":"https:\/\/womenhouse.cz\/#\/schema\/person\/541326101f8d68c711e83e8fecc80738","name":"Jolana Hol\u00e1\u0148ov\u00e1","sameAs":["http:\/\/www.womenhouse.cz"],"url":"https:\/\/womenhouse.cz\/index.php\/author\/jolhol\/"}]}},"_links":{"self":[{"href":"https:\/\/womenhouse.cz\/index.php\/wp-json\/wp\/v2\/posts\/9437"}],"collection":[{"href":"https:\/\/womenhouse.cz\/index.php\/wp-json\/wp\/v2\/posts"}],"about":[{"href":"https:\/\/womenhouse.cz\/index.php\/wp-json\/wp\/v2\/types\/post"}],"author":[{"embeddable":true,"href":"https:\/\/womenhouse.cz\/index.php\/wp-json\/wp\/v2\/users\/2"}],"replies":[{"embeddable":true,"href":"https:\/\/womenhouse.cz\/index.php\/wp-json\/wp\/v2\/comments?post=9437"}],"version-history":[{"count":-4,"href":"https:\/\/womenhouse.cz\/index.php\/wp-json\/wp\/v2\/posts\/9437\/revisions"}],"wp:featuredmedia":[{"embeddable":true,"href":"https:\/\/womenhouse.cz\/index.php\/wp-json\/wp\/v2\/media\/9438"}],"wp:attachment":[{"href":"https:\/\/womenhouse.cz\/index.php\/wp-json\/wp\/v2\/media?parent=9437"}],"wp:term":[{"taxonomy":"category","embeddable":true,"href":"https:\/\/womenhouse.cz\/index.php\/wp-json\/wp\/v2\/categories?post=9437"},{"taxonomy":"post_tag","embeddable":true,"href":"https:\/\/womenhouse.cz\/index.php\/wp-json\/wp\/v2\/tags?post=9437"}],"curies":[{"name":"wp","href":"https:\/\/api.w.org\/{rel}","templated":true}]}}