{"id":9387,"date":"2023-03-21T00:40:00","date_gmt":"2023-03-20T23:40:00","guid":{"rendered":"https:\/\/womenhouse.cz\/?p=9387"},"modified":"2023-05-07T00:08:32","modified_gmt":"2023-05-06T22:08:32","slug":"atrium-flora-slavi-20-let-slavte-i-vy","status":"publish","type":"post","link":"https:\/\/womenhouse.cz\/index.php\/2023\/03\/21\/atrium-flora-slavi-20-let-slavte-i-vy\/","title":{"rendered":"Atrium Flora slav\u00ed 20 let, slavte i vy!"},"content":{"rendered":"\n<div style=\"height:38px\" aria-hidden=\"true\" class=\"wp-block-spacer\"><\/div>\n\n\n\n<p><strong>Obl\u00edben\u00e9 pra\u017esk\u00e9 obchodn\u00ed centrum Atrium Flora slav\u00ed 20 let od sv\u00e9ho otev\u0159en\u00ed. P\u0159ij\u010fte ve dnech 20.\u201324. b\u0159ezna na Floru a u\u017eijte si v\u00fdhody a d\u00e1re\u010dky, kter\u00e9 pro v\u00e1s OC ke sv\u00fdm narozenin\u00e1m p\u0159ipravilo.<\/strong><\/p>\n\n\n\n<figure class=\"wp-block-image size-large\"><img decoding=\"async\" src=\"https:\/\/luxurymagazine.cz\/wp-content\/uploads\/2023\/03\/flora-oslavy-1024x1024.png\" alt=\"\" class=\"wp-image-3451\"\/><\/figure>\n\n\n\n<p><strong>Atrium Flora slav\u00ed v\u00a0b\u0159eznu 20 let sv\u00e9ho p\u016fsoben\u00ed v Praze 3. K t\u00e9to mimo\u0159\u00e1dn\u00e9 p\u0159\u00edle\u017eitosti si pro sv\u00e9 z\u00e1kazn\u00edky a v\u0161echny, kdo na Floru mezi 20. a 24. b\u0159eznem zav\u00edtaj\u00ed, p\u0159ichystalo p\u0159\u00edjemn\u00e9 zpest\u0159en\u00ed b\u011b\u017en\u00fdch n\u00e1kup\u016f. P\u0159ij\u010fte pop\u0159\u00e1t Atriu Flora ke\u00a0dvacetin\u00e1m a odneste si milou pozornost nebo si jen u\u017eijte slavnostn\u00ed atmosf\u00e9ru.<\/strong><\/p>\n\n\n\n<p>V&nbsp;prostoru relaxa\u010dn\u00ed z\u00f3ny ve 2. pat\u0159e budou po cel\u00fdch p\u011bt dn\u016f prob\u00edhaj\u00edc\u00edch oslav v&nbsp;\u010dase 12\u201318 hodin um\u00edst\u011bny st\u00e1nky. Jejich po\u010det i obsazen\u00ed se bude ka\u017ed\u00fd den m\u011bnit, i pokud tedy chod\u00edte na Floru \u010dast\u011bji, nev\u00e1hejte st\u00e1nky nav\u0161t\u00edvit a vyu\u017e\u00edt jejich \u0161irok\u00e9 nab\u00eddky. Zam\u011b\u0159en\u00ed st\u00e1nk\u016f bude v\u017edy spojovat dan\u00e9 t\u00e9ma dne. Pond\u011bl\u00ed bude pat\u0159it Zdrav\u00ed, \u00fater\u00fd Kr\u00e1se a M\u00f3d\u011b, st\u0159eda bude v\u011bnov\u00e1na Seberozvoji, \u010dtvrtek va\u0161im d\u011btem a v p\u00e1tek se zam\u011b\u0159\u00edme na t\u00e9ma Fauna a Flora. V&nbsp;n\u011bkter\u00fdch st\u00e1nc\u00edch budete moci nakoupit vybran\u00e9 zbo\u017e\u00ed, v&nbsp;n\u011bkter\u00fdch si m\u016f\u017eete nechat poradit a jindy se zase budete moci z\u00fa\u010dastnit pr\u00e1v\u011b prob\u00edhaj\u00edc\u00edho workshopu.<\/p>\n\n\n\n<p>Na \u0161\u0165astlivce bude ka\u017ed\u00fd den akce u vstup\u016f do Atria \u010dekat mal\u00e1 pozornost v podob\u011b d\u00e1re\u010dku. Pokud p\u016fjdete na Floru v dob\u011b ob\u011bda, nezapome\u0148te si jej vyzvednout. Tento bal\u00ed\u010dek bude sv\u00e9 majitele hledat v\u017edy ve 12 hodin a u v\u0161ech \u010dty\u0159 vchod\u016f bude ka\u017ed\u00fd den rozd\u00e1no celkem 80 d\u00e1rk\u016f.<\/p>\n\n\n\n<p>Pokud byste si nev\u011bd\u011bli rady, kde co naj\u00edt, v\u017edy od 12 do 18 hodin bude v&nbsp;Atriu Flora k&nbsp;dispozici infost\u00e1nek s hosteskami, kde se vedle informac\u00ed o akci dozv\u00edte i to, jak funguje nov\u00fd v\u011brnostn\u00ed program #mojeflora.<\/p>\n\n\n\n<p>A co by to bylo za akci, kdyby chyb\u011bly sout\u011b\u017ee! U promo st\u00e1nku s hosteskami bude v&nbsp;p\u00e1tek 24. b\u0159ezna p\u0159ipraven\u00fd kv\u00edz o d\u00e1rky. \u00da\u010dastn\u00edk mus\u00ed p\u0159edlo\u017eit \u00fa\u010dtenky z&nbsp;obchod\u016f v&nbsp;Atriu Flora v&nbsp;hodnot\u011b alespo\u0148 500 K\u010d, splnit podm\u00ednky \u00fa\u010dasti v&nbsp;sout\u011b\u017ei a \u00fasp\u011b\u0161n\u011b odpov\u011bd\u011bt na t\u0159i kv\u00edzov\u00e9 ot\u00e1zky, za kter\u00e9 z\u00edsk\u00e1 d\u00e1rek od n\u00e1jemc\u016f OC. Krom\u011b kv\u00edzu tak\u00e9 m\u016f\u017eete sout\u011b\u017eit o poukaz na n\u00e1kup v&nbsp;hodnot\u011b 2&nbsp;500 K\u010d. Ze z\u00e1kazn\u00edk\u016f nov\u011b registrovan\u00fdch ve v\u011brnostn\u00edm programu v pr\u016fb\u011bhu trv\u00e1n\u00ed sout\u011b\u017ee (20.\u201324. b\u0159ezna) budou po skon\u010den\u00ed sout\u011b\u017ee vylosov\u00e1ni t\u0159i sout\u011b\u017e\u00edc\u00ed, kte\u0159\u00ed obdr\u017e\u00ed poukaz.<\/p>\n\n\n\n<p>V&nbsp;pr\u016fb\u011bhu akce se tak\u00e9 budete moct registrovat ke stylistce nebo kou\u010dk\u00e1m, kter\u00e9 budou krom\u011b individu\u00e1ln\u00edho poradenstv\u00ed po\u0159\u00e1dat i workshopy a diskuze.<\/p>\n\n\n\n<figure class=\"wp-block-image size-large\"><img decoding=\"async\" src=\"https:\/\/luxurymagazine.cz\/wp-content\/uploads\/2023\/03\/atrium-flora-foto-1-1024x699.jpg\" alt=\"\" class=\"wp-image-3453\"\/><\/figure>\n\n\n\n<p>Flora slav\u00ed, slavte i vy! Informace o akci najdete na webov\u00fdch str\u00e1nk\u00e1ch <a href=\"http:\/\/www.atrium-flora.cz\/\">http:\/\/www.atrium-flora.cz\/<\/a> nebo na Facebooku <a href=\"https:\/\/www.facebook.com\/AtriumFlora\">https:\/\/www.facebook.com\/AtriumFlora<\/a>.<\/p>\n\n\n\n<div style=\"height:32px\" aria-hidden=\"true\" class=\"wp-block-spacer\"><\/div>\n","protected":false},"excerpt":{"rendered":"<p>Obl\u00edben\u00e9 pra\u017esk\u00e9 obchodn\u00ed centrum Atrium Flora slav\u00ed 20 let od sv\u00e9ho otev\u0159en\u00ed. P\u0159ij\u010fte ve dnech 20.\u201324. b\u0159ezna na Floru a u\u017eijte si v\u00fdhody a d\u00e1re\u010dky, kter\u00e9 pro v\u00e1s OC ke sv\u00fdm narozenin\u00e1m p\u0159ipravilo. Atrium Flora slav\u00ed v\u00a0b\u0159eznu 20 let sv\u00e9ho p\u016fsoben\u00ed v Praze 3. K t\u00e9to mimo\u0159\u00e1dn\u00e9 p\u0159\u00edle\u017eitosti si pro sv\u00e9 z\u00e1kazn\u00edky a v\u0161echny, kdo [&hellip;]<\/p>\n","protected":false},"author":2,"featured_media":9388,"comment_status":"closed","ping_status":"closed","sticky":false,"template":"","format":"standard","meta":{"_mi_skip_tracking":false,"_monsterinsights_sitenote_active":false,"_monsterinsights_sitenote_note":"","_monsterinsights_sitenote_category":0,"footnotes":""},"categories":[21,25,7,9,4,2,12],"tags":[],"yoast_head":"<!-- This site is optimized with the Yoast SEO plugin v21.5 - https:\/\/yoast.com\/wordpress\/plugins\/seo\/ -->\n<title>Atrium Flora slav\u00ed 20 let, slavte i vy! - WOMENHOUSE.cz<\/title>\n<meta name=\"robots\" content=\"index, follow, max-snippet:-1, max-image-preview:large, max-video-preview:-1\" \/>\n<link rel=\"canonical\" href=\"https:\/\/womenhouse.cz\/index.php\/2023\/03\/21\/atrium-flora-slavi-20-let-slavte-i-vy\/\" \/>\n<meta property=\"og:locale\" content=\"cs_CZ\" \/>\n<meta property=\"og:type\" content=\"article\" \/>\n<meta property=\"og:title\" content=\"Atrium Flora slav\u00ed 20 let, slavte i vy! - WOMENHOUSE.cz\" \/>\n<meta property=\"og:description\" content=\"Obl\u00edben\u00e9 pra\u017esk\u00e9 obchodn\u00ed centrum Atrium Flora slav\u00ed 20 let od sv\u00e9ho otev\u0159en\u00ed. P\u0159ij\u010fte ve dnech 20.\u201324. b\u0159ezna na Floru a u\u017eijte si v\u00fdhody a d\u00e1re\u010dky, kter\u00e9 pro v\u00e1s OC ke sv\u00fdm narozenin\u00e1m p\u0159ipravilo. Atrium Flora slav\u00ed v\u00a0b\u0159eznu 20 let sv\u00e9ho p\u016fsoben\u00ed v Praze 3. K t\u00e9to mimo\u0159\u00e1dn\u00e9 p\u0159\u00edle\u017eitosti si pro sv\u00e9 z\u00e1kazn\u00edky a v\u0161echny, kdo [&hellip;]\" \/>\n<meta property=\"og:url\" content=\"https:\/\/womenhouse.cz\/index.php\/2023\/03\/21\/atrium-flora-slavi-20-let-slavte-i-vy\/\" \/>\n<meta property=\"og:site_name\" content=\"WOMENHOUSE.cz\" \/>\n<meta property=\"article:publisher\" content=\"https:\/\/www.facebook.com\/womenhousecz\" \/>\n<meta property=\"article:published_time\" content=\"2023-03-20T23:40:00+00:00\" \/>\n<meta property=\"article:modified_time\" content=\"2023-05-06T22:08:32+00:00\" \/>\n<meta property=\"og:image\" content=\"https:\/\/womenhouse.cz\/wp-content\/uploads\/2023\/03\/flora-oslavy.png\" \/>\n\t<meta property=\"og:image:width\" content=\"1200\" \/>\n\t<meta property=\"og:image:height\" content=\"1200\" \/>\n\t<meta property=\"og:image:type\" content=\"image\/png\" \/>\n<meta name=\"author\" content=\"Jolana Hol\u00e1\u0148ov\u00e1\" \/>\n<meta name=\"twitter:card\" content=\"summary_large_image\" \/>\n<meta name=\"twitter:label1\" content=\"Napsal(a)\" \/>\n\t<meta name=\"twitter:data1\" content=\"Jolana Hol\u00e1\u0148ov\u00e1\" \/>\n\t<meta name=\"twitter:label2\" content=\"Odhadovan\u00e1 doba \u010dten\u00ed\" \/>\n\t<meta name=\"twitter:data2\" content=\"3 minuty\" \/>\n<script type=\"application\/ld+json\" class=\"yoast-schema-graph\">{\"@context\":\"https:\/\/schema.org\",\"@graph\":[{\"@type\":\"Article\",\"@id\":\"https:\/\/womenhouse.cz\/index.php\/2023\/03\/21\/atrium-flora-slavi-20-let-slavte-i-vy\/#article\",\"isPartOf\":{\"@id\":\"https:\/\/womenhouse.cz\/index.php\/2023\/03\/21\/atrium-flora-slavi-20-let-slavte-i-vy\/\"},\"author\":{\"name\":\"Jolana Hol\u00e1\u0148ov\u00e1\",\"@id\":\"https:\/\/womenhouse.cz\/#\/schema\/person\/541326101f8d68c711e83e8fecc80738\"},\"headline\":\"Atrium Flora slav\u00ed 20 let, slavte i vy!\",\"datePublished\":\"2023-03-20T23:40:00+00:00\",\"dateModified\":\"2023-05-06T22:08:32+00:00\",\"mainEntityOfPage\":{\"@id\":\"https:\/\/womenhouse.cz\/index.php\/2023\/03\/21\/atrium-flora-slavi-20-let-slavte-i-vy\/\"},\"wordCount\":577,\"publisher\":{\"@id\":\"https:\/\/womenhouse.cz\/#organization\"},\"articleSection\":[\"AKCE &amp; KULTURA\",\"FASHION\",\"KABELKY\",\"KOSMETIKA\",\"M\u00f3DA\",\"NEWS\",\"TIPY &amp; TRENDY\"],\"inLanguage\":\"cs\"},{\"@type\":\"WebPage\",\"@id\":\"https:\/\/womenhouse.cz\/index.php\/2023\/03\/21\/atrium-flora-slavi-20-let-slavte-i-vy\/\",\"url\":\"https:\/\/womenhouse.cz\/index.php\/2023\/03\/21\/atrium-flora-slavi-20-let-slavte-i-vy\/\",\"name\":\"Atrium Flora slav\u00ed 20 let, slavte i vy! - WOMENHOUSE.cz\",\"isPartOf\":{\"@id\":\"https:\/\/womenhouse.cz\/#website\"},\"datePublished\":\"2023-03-20T23:40:00+00:00\",\"dateModified\":\"2023-05-06T22:08:32+00:00\",\"breadcrumb\":{\"@id\":\"https:\/\/womenhouse.cz\/index.php\/2023\/03\/21\/atrium-flora-slavi-20-let-slavte-i-vy\/#breadcrumb\"},\"inLanguage\":\"cs\",\"potentialAction\":[{\"@type\":\"ReadAction\",\"target\":[\"https:\/\/womenhouse.cz\/index.php\/2023\/03\/21\/atrium-flora-slavi-20-let-slavte-i-vy\/\"]}]},{\"@type\":\"BreadcrumbList\",\"@id\":\"https:\/\/womenhouse.cz\/index.php\/2023\/03\/21\/atrium-flora-slavi-20-let-slavte-i-vy\/#breadcrumb\",\"itemListElement\":[{\"@type\":\"ListItem\",\"position\":1,\"name\":\"Dom\u016f\",\"item\":\"https:\/\/womenhouse.cz\/\"},{\"@type\":\"ListItem\",\"position\":2,\"name\":\"Atrium Flora slav\u00ed 20 let, slavte i vy!\"}]},{\"@type\":\"WebSite\",\"@id\":\"https:\/\/womenhouse.cz\/#website\",\"url\":\"https:\/\/womenhouse.cz\/\",\"name\":\"WOMENHOUSE.cz\",\"description\":\"Port\u00e1l v\u00fdhradn\u011b jen pro \u017eeny...\",\"publisher\":{\"@id\":\"https:\/\/womenhouse.cz\/#organization\"},\"potentialAction\":[{\"@type\":\"SearchAction\",\"target\":{\"@type\":\"EntryPoint\",\"urlTemplate\":\"https:\/\/womenhouse.cz\/?s={search_term_string}\"},\"query-input\":\"required name=search_term_string\"}],\"inLanguage\":\"cs\"},{\"@type\":\"Organization\",\"@id\":\"https:\/\/womenhouse.cz\/#organization\",\"name\":\"WOMENHOUSE.cz\",\"url\":\"https:\/\/womenhouse.cz\/\",\"logo\":{\"@type\":\"ImageObject\",\"inLanguage\":\"cs\",\"@id\":\"https:\/\/womenhouse.cz\/#\/schema\/logo\/image\/\",\"url\":\"https:\/\/womenhouse.cz\/wp-content\/uploads\/2020\/06\/cropped-logo_Womenhouse_RGB-02-removebg-preview-1.png\",\"contentUrl\":\"https:\/\/womenhouse.cz\/wp-content\/uploads\/2020\/06\/cropped-logo_Womenhouse_RGB-02-removebg-preview-1.png\",\"width\":561,\"height\":375,\"caption\":\"WOMENHOUSE.cz\"},\"image\":{\"@id\":\"https:\/\/womenhouse.cz\/#\/schema\/logo\/image\/\"},\"sameAs\":[\"https:\/\/www.facebook.com\/womenhousecz\",\"https:\/\/www.instagram.com\/womenhousecz\/\"]},{\"@type\":\"Person\",\"@id\":\"https:\/\/womenhouse.cz\/#\/schema\/person\/541326101f8d68c711e83e8fecc80738\",\"name\":\"Jolana Hol\u00e1\u0148ov\u00e1\",\"sameAs\":[\"http:\/\/www.womenhouse.cz\"],\"url\":\"https:\/\/womenhouse.cz\/index.php\/author\/jolhol\/\"}]}<\/script>\n<!-- \/ Yoast SEO plugin. -->","yoast_head_json":{"title":"Atrium Flora slav\u00ed 20 let, slavte i vy! - WOMENHOUSE.cz","robots":{"index":"index","follow":"follow","max-snippet":"max-snippet:-1","max-image-preview":"max-image-preview:large","max-video-preview":"max-video-preview:-1"},"canonical":"https:\/\/womenhouse.cz\/index.php\/2023\/03\/21\/atrium-flora-slavi-20-let-slavte-i-vy\/","og_locale":"cs_CZ","og_type":"article","og_title":"Atrium Flora slav\u00ed 20 let, slavte i vy! - WOMENHOUSE.cz","og_description":"Obl\u00edben\u00e9 pra\u017esk\u00e9 obchodn\u00ed centrum Atrium Flora slav\u00ed 20 let od sv\u00e9ho otev\u0159en\u00ed. P\u0159ij\u010fte ve dnech 20.\u201324. b\u0159ezna na Floru a u\u017eijte si v\u00fdhody a d\u00e1re\u010dky, kter\u00e9 pro v\u00e1s OC ke sv\u00fdm narozenin\u00e1m p\u0159ipravilo. Atrium Flora slav\u00ed v\u00a0b\u0159eznu 20 let sv\u00e9ho p\u016fsoben\u00ed v Praze 3. K t\u00e9to mimo\u0159\u00e1dn\u00e9 p\u0159\u00edle\u017eitosti si pro sv\u00e9 z\u00e1kazn\u00edky a v\u0161echny, kdo [&hellip;]","og_url":"https:\/\/womenhouse.cz\/index.php\/2023\/03\/21\/atrium-flora-slavi-20-let-slavte-i-vy\/","og_site_name":"WOMENHOUSE.cz","article_publisher":"https:\/\/www.facebook.com\/womenhousecz","article_published_time":"2023-03-20T23:40:00+00:00","article_modified_time":"2023-05-06T22:08:32+00:00","og_image":[{"width":1200,"height":1200,"url":"https:\/\/womenhouse.cz\/wp-content\/uploads\/2023\/03\/flora-oslavy.png","type":"image\/png"}],"author":"Jolana Hol\u00e1\u0148ov\u00e1","twitter_card":"summary_large_image","twitter_misc":{"Napsal(a)":"Jolana Hol\u00e1\u0148ov\u00e1","Odhadovan\u00e1 doba \u010dten\u00ed":"3 minuty"},"schema":{"@context":"https:\/\/schema.org","@graph":[{"@type":"Article","@id":"https:\/\/womenhouse.cz\/index.php\/2023\/03\/21\/atrium-flora-slavi-20-let-slavte-i-vy\/#article","isPartOf":{"@id":"https:\/\/womenhouse.cz\/index.php\/2023\/03\/21\/atrium-flora-slavi-20-let-slavte-i-vy\/"},"author":{"name":"Jolana Hol\u00e1\u0148ov\u00e1","@id":"https:\/\/womenhouse.cz\/#\/schema\/person\/541326101f8d68c711e83e8fecc80738"},"headline":"Atrium Flora slav\u00ed 20 let, slavte i vy!","datePublished":"2023-03-20T23:40:00+00:00","dateModified":"2023-05-06T22:08:32+00:00","mainEntityOfPage":{"@id":"https:\/\/womenhouse.cz\/index.php\/2023\/03\/21\/atrium-flora-slavi-20-let-slavte-i-vy\/"},"wordCount":577,"publisher":{"@id":"https:\/\/womenhouse.cz\/#organization"},"articleSection":["AKCE &amp; KULTURA","FASHION","KABELKY","KOSMETIKA","M\u00f3DA","NEWS","TIPY &amp; TRENDY"],"inLanguage":"cs"},{"@type":"WebPage","@id":"https:\/\/womenhouse.cz\/index.php\/2023\/03\/21\/atrium-flora-slavi-20-let-slavte-i-vy\/","url":"https:\/\/womenhouse.cz\/index.php\/2023\/03\/21\/atrium-flora-slavi-20-let-slavte-i-vy\/","name":"Atrium Flora slav\u00ed 20 let, slavte i vy! - WOMENHOUSE.cz","isPartOf":{"@id":"https:\/\/womenhouse.cz\/#website"},"datePublished":"2023-03-20T23:40:00+00:00","dateModified":"2023-05-06T22:08:32+00:00","breadcrumb":{"@id":"https:\/\/womenhouse.cz\/index.php\/2023\/03\/21\/atrium-flora-slavi-20-let-slavte-i-vy\/#breadcrumb"},"inLanguage":"cs","potentialAction":[{"@type":"ReadAction","target":["https:\/\/womenhouse.cz\/index.php\/2023\/03\/21\/atrium-flora-slavi-20-let-slavte-i-vy\/"]}]},{"@type":"BreadcrumbList","@id":"https:\/\/womenhouse.cz\/index.php\/2023\/03\/21\/atrium-flora-slavi-20-let-slavte-i-vy\/#breadcrumb","itemListElement":[{"@type":"ListItem","position":1,"name":"Dom\u016f","item":"https:\/\/womenhouse.cz\/"},{"@type":"ListItem","position":2,"name":"Atrium Flora slav\u00ed 20 let, slavte i vy!"}]},{"@type":"WebSite","@id":"https:\/\/womenhouse.cz\/#website","url":"https:\/\/womenhouse.cz\/","name":"WOMENHOUSE.cz","description":"Port\u00e1l v\u00fdhradn\u011b jen pro \u017eeny...","publisher":{"@id":"https:\/\/womenhouse.cz\/#organization"},"potentialAction":[{"@type":"SearchAction","target":{"@type":"EntryPoint","urlTemplate":"https:\/\/womenhouse.cz\/?s={search_term_string}"},"query-input":"required name=search_term_string"}],"inLanguage":"cs"},{"@type":"Organization","@id":"https:\/\/womenhouse.cz\/#organization","name":"WOMENHOUSE.cz","url":"https:\/\/womenhouse.cz\/","logo":{"@type":"ImageObject","inLanguage":"cs","@id":"https:\/\/womenhouse.cz\/#\/schema\/logo\/image\/","url":"https:\/\/womenhouse.cz\/wp-content\/uploads\/2020\/06\/cropped-logo_Womenhouse_RGB-02-removebg-preview-1.png","contentUrl":"https:\/\/womenhouse.cz\/wp-content\/uploads\/2020\/06\/cropped-logo_Womenhouse_RGB-02-removebg-preview-1.png","width":561,"height":375,"caption":"WOMENHOUSE.cz"},"image":{"@id":"https:\/\/womenhouse.cz\/#\/schema\/logo\/image\/"},"sameAs":["https:\/\/www.facebook.com\/womenhousecz","https:\/\/www.instagram.com\/womenhousecz\/"]},{"@type":"Person","@id":"https:\/\/womenhouse.cz\/#\/schema\/person\/541326101f8d68c711e83e8fecc80738","name":"Jolana Hol\u00e1\u0148ov\u00e1","sameAs":["http:\/\/www.womenhouse.cz"],"url":"https:\/\/womenhouse.cz\/index.php\/author\/jolhol\/"}]}},"_links":{"self":[{"href":"https:\/\/womenhouse.cz\/index.php\/wp-json\/wp\/v2\/posts\/9387"}],"collection":[{"href":"https:\/\/womenhouse.cz\/index.php\/wp-json\/wp\/v2\/posts"}],"about":[{"href":"https:\/\/womenhouse.cz\/index.php\/wp-json\/wp\/v2\/types\/post"}],"author":[{"embeddable":true,"href":"https:\/\/womenhouse.cz\/index.php\/wp-json\/wp\/v2\/users\/2"}],"replies":[{"embeddable":true,"href":"https:\/\/womenhouse.cz\/index.php\/wp-json\/wp\/v2\/comments?post=9387"}],"version-history":[{"count":-4,"href":"https:\/\/womenhouse.cz\/index.php\/wp-json\/wp\/v2\/posts\/9387\/revisions"}],"wp:featuredmedia":[{"embeddable":true,"href":"https:\/\/womenhouse.cz\/index.php\/wp-json\/wp\/v2\/media\/9388"}],"wp:attachment":[{"href":"https:\/\/womenhouse.cz\/index.php\/wp-json\/wp\/v2\/media?parent=9387"}],"wp:term":[{"taxonomy":"category","embeddable":true,"href":"https:\/\/womenhouse.cz\/index.php\/wp-json\/wp\/v2\/categories?post=9387"},{"taxonomy":"post_tag","embeddable":true,"href":"https:\/\/womenhouse.cz\/index.php\/wp-json\/wp\/v2\/tags?post=9387"}],"curies":[{"name":"wp","href":"https:\/\/api.w.org\/{rel}","templated":true}]}}