{"id":9093,"date":"2023-01-27T02:05:00","date_gmt":"2023-01-27T01:05:00","guid":{"rendered":"https:\/\/womenhouse.cz\/?p=9093"},"modified":"2023-03-11T16:43:18","modified_gmt":"2023-03-11T15:43:18","slug":"pradlo-tak-svezi-jako-by-bylo-ususene-venku","status":"publish","type":"post","link":"https:\/\/womenhouse.cz\/index.php\/2023\/01\/27\/pradlo-tak-svezi-jako-by-bylo-ususene-venku\/","title":{"rendered":"Pr\u00e1dlo tak sv\u011b\u017e\u00ed, jako by bylo usu\u0161en\u00e9 venku"},"content":{"rendered":"\n<div style=\"height:44px\" aria-hidden=\"true\" class=\"wp-block-spacer\"><\/div>\n\n\n\n<p><strong>Gorenje uv\u00e1d\u00ed na trh novou generaci \u00fasporn\u00fdch kondenza\u010dn\u00edch su\u0161i\u010dek pr\u00e1dla s&nbsp;tepeln\u00fdm \u010derpadlem a patentovanou technologi\u00ed NatureDry, kter\u00e1 napodobuje su\u0161en\u00ed na \u010derstv\u00e9m vzduchu uprost\u0159ed p\u0159\u00edrody. D\u00edky dal\u0161\u00edmu p\u0159\u00eddavn\u00e9mu senzoru teploty umo\u017e\u0148uje su\u0161en\u00ed v\u0161ech druh\u016f pr\u00e1dla &#8211; dokonce i jemn\u00fdch tkanin, vlny i sportovn\u00edho oble\u010den\u00ed bez rizika sra\u017een\u00ed nebo zm\u011bny charakteru textili\u00ed. Mezi \u0159adou program\u016f nechyb\u00ed velmi rychl\u00fd 89minutov\u00fd, speci\u00e1ln\u00ed program pro dokonale such\u00e9 a m\u011bkk\u00e9 oble\u010den\u00ed pro miminka nebo mo\u017enost b\u011bhem chvilky osv\u011b\u017eit such\u00e9 pr\u00e1dlo.<\/strong><\/p>\n\n\n\n<div style=\"height:20px\" aria-hidden=\"true\" class=\"wp-block-spacer\"><\/div>\n\n\n\n<figure class=\"wp-block-image size-large\"><img loading=\"lazy\" decoding=\"async\" width=\"1024\" height=\"683\" src=\"https:\/\/womenhouse.cz\/wp-content\/uploads\/2023\/01\/td_enhancementphase2_sportprogramme_1-1024x683.jpg\" alt=\"\" class=\"wp-image-9094\" srcset=\"https:\/\/womenhouse.cz\/wp-content\/uploads\/2023\/01\/td_enhancementphase2_sportprogramme_1-1024x683.jpg 1024w, https:\/\/womenhouse.cz\/wp-content\/uploads\/2023\/01\/td_enhancementphase2_sportprogramme_1-300x200.jpg 300w, https:\/\/womenhouse.cz\/wp-content\/uploads\/2023\/01\/td_enhancementphase2_sportprogramme_1-768x512.jpg 768w, https:\/\/womenhouse.cz\/wp-content\/uploads\/2023\/01\/td_enhancementphase2_sportprogramme_1.jpg 1450w\" sizes=\"(max-width: 1024px) 100vw, 1024px\" \/><\/figure>\n\n\n\n<div style=\"height:20px\" aria-hidden=\"true\" class=\"wp-block-spacer\"><\/div>\n\n\n\n<p>Asi to tak\u00e9 zn\u00e1te \u2013 pr\u00e1dlo, kter\u00e9 se tr\u00e1p\u00ed doma na su\u0161\u00e1ku, von\u00ed jinak ne\u017e to usu\u0161en\u00e9 venku &#8211; pokud v\u016fbec von\u00ed. \u010cerstv\u00fd ozonizovan\u00fd vzduch, m\u00edrn\u00e9 teplo a sv\u011b\u017e\u00ed v\u011bt\u0159\u00edk pomohou pr\u00e1dlo usu\u0161it l\u00e9pe.<\/p>\n\n\n\n<div style=\"height:19px\" aria-hidden=\"true\" class=\"wp-block-spacer\"><\/div>\n\n\n\n<figure class=\"wp-block-image size-large\"><img decoding=\"async\" src=\"https:\/\/homemagazine.cz\/wp-content\/uploads\/2023\/01\/td_enhancementphase2_naturedry-840x560.jpg\" alt=\"\" class=\"wp-image-4413\"\/><\/figure>\n\n\n\n<p>Ale i su\u0161en\u00ed na zahrad\u011b nebo balkon\u011b m\u00e1 sv\u00e1 \u00faskal\u00ed \u2013 mus\u00edte se trefit do spr\u00e1vn\u00e9ho po\u010das\u00ed, spr\u00e1vn\u00e9 vlhkosti, a p\u0159edev\u0161\u00edm barevn\u00e9 pr\u00e1dlo uchr\u00e1nit p\u0159ed slune\u010dn\u00edmi paprsky, aby barvy nevybledly. A pr\u00e1dlo nep\u0159esu\u0161it, proto\u017ee jinak je nep\u0159\u00edjemn\u011b tvrd\u00e9 a \u010dasto i zdeformovan\u00e9 a\u017e do dal\u0161\u00edho pran\u00ed.<\/p>\n\n\n\n<p>Je tu ale jin\u00e9 \u0159e\u0161en\u00ed \u2013 nov\u00e1 generace su\u0161i\u010dek pr\u00e1dla Gorenje je vybaven\u00e1 takov\u00fdmi technologiemi, kter\u00e9 p\u0159enesou venkovn\u00ed su\u0161en\u00ed do bezpe\u010d\u00ed domova. Pr\u00e1dlo bude vo\u0148av\u00e9, jako by schlo venku. Ale nav\u00edc bude i m\u011bkk\u00e9, bez rizika po\u0161kozen\u00ed barev a such\u00e9 mnohem rychleji. Tak\u017ee \u2013 su\u0161\u00e1k m\u016f\u017eete klidn\u011b n\u011bkomu darovat, u\u017e nebude pot\u0159eba!<\/p>\n\n\n\n<div style=\"height:20px\" aria-hidden=\"true\" class=\"wp-block-spacer\"><\/div>\n\n\n\n<figure class=\"wp-block-image size-large\"><img decoding=\"async\" src=\"https:\/\/homemagazine.cz\/wp-content\/uploads\/2023\/01\/td_enhancementphase2_fast89-840x560.jpg\" alt=\"\" class=\"wp-image-4412\"\/><\/figure>\n\n\n\n<div style=\"height:20px\" aria-hidden=\"true\" class=\"wp-block-spacer\"><\/div>\n\n\n\n<h2 class=\"wp-block-heading\"><strong>Jako usu\u0161en\u00e9 na vzduchu, u\u017e za 89 minut<\/strong><\/h2>\n\n\n\n<div style=\"height:25px\" aria-hidden=\"true\" class=\"wp-block-spacer\"><\/div>\n\n\n\n<p>Nov\u00e9 su\u0161i\u010dky maj\u00ed patentovanou technologi<strong>i <a href=\"https:\/\/cz.gorenje.com\/spotrebice\/prani-a-suseni\/susicky\/DRYER-SP22-425-DNE83-BGLNCZ-GOR\/p\/000000000000741332\">NatureDry<\/a>,<\/strong> kter\u00e1 je inspirovan\u00e1 su\u0161en\u00edm ve voln\u00e9 p\u0159\u00edrod\u011b na \u010derstv\u00e9m proud\u00edc\u00edm vzduchu. Su\u0161en\u00ed sama ukon\u010d\u00ed p\u0159esn\u011b tehdy, kdy\u017e bude pr\u00e1dlo such\u00e9 podle va\u0161\u00ed volby bu\u010f k&nbsp;ulo\u017een\u00ed do sk\u0159\u00edn\u011b, nebo pro \u017eehlen\u00ed, a to d\u00edky senzorov\u00e9 technologii. P\u0159\u00eddatn\u00fd senzor pak hl\u00edd\u00e1, aby su\u0161en\u00ed prob\u00edhalo ide\u00e1ln\u011b i tehdy, kdy\u017e su\u0161i\u010dce sv\u011b\u0159\u00edte jemn\u00e9 pr\u00e1dlo nebo sportovn\u00ed od\u011bvy z&nbsp;high-tech tkanin. Nejrychlej\u0161\u00ed program v\u0161e zvl\u00e1dne u\u017e za rekordn\u00edch 89 minut. Speci\u00e1ln\u00ed program pro d\u011btsk\u00e9 pr\u00e1dlo zase zaru\u010d\u00ed, \u017ee i ty nejmen\u0161\u00ed ko\u0161ilky a dupa\u010dky budou zcela such\u00e9 a p\u0159\u00edjemn\u011b m\u011bkk\u00e9.<\/p>\n\n\n\n<div style=\"height:21px\" aria-hidden=\"true\" class=\"wp-block-spacer\"><\/div>\n\n\n\n<figure class=\"wp-block-gallery columns-2 is-cropped wp-block-gallery-1 is-layout-flex wp-block-gallery-is-layout-flex\"><ul class=\"blocks-gallery-grid\"><li class=\"blocks-gallery-item\"><figure><img decoding=\"async\" src=\"https:\/\/homemagazine.cz\/wp-content\/uploads\/2023\/01\/gorenje_tumble-dryers_fb_1200x1200_9-840x840.jpg\" alt=\"\" data-id=\"4410\" data-full-url=\"https:\/\/homemagazine.cz\/wp-content\/uploads\/2023\/01\/gorenje_tumble-dryers_fb_1200x1200_9.jpg\" data-link=\"https:\/\/homemagazine.cz\/?attachment_id=4410\" class=\"wp-image-4410\"\/><\/figure><\/li><li class=\"blocks-gallery-item\"><figure><img decoding=\"async\" src=\"https:\/\/homemagazine.cz\/wp-content\/uploads\/2023\/01\/energy_class_a_wash-dryer-840x840.jpg\" alt=\"\" data-id=\"4407\" data-full-url=\"https:\/\/homemagazine.cz\/wp-content\/uploads\/2023\/01\/energy_class_a_wash-dryer.jpg\" data-link=\"https:\/\/homemagazine.cz\/?attachment_id=4407\" class=\"wp-image-4407\"\/><\/figure><\/li><\/ul><\/figure>\n\n\n\n<div style=\"height:21px\" aria-hidden=\"true\" class=\"wp-block-spacer\"><\/div>\n\n\n\n<h2 class=\"wp-block-heading\"><strong>TwinAir<\/strong><\/h2>\n\n\n\n<div style=\"height:24px\" aria-hidden=\"true\" class=\"wp-block-spacer\"><\/div>\n\n\n\n<p>Su\u0161i\u010dky vyu\u017e\u00edvaj\u00ed patentovan\u00fd syst\u00e9m TwinAir s&nbsp;obousm\u011brn\u00fdm fouk\u00e1n\u00edm vzduchu. Dokonce i velk\u00e9 kusy pr\u00e1dla budou hned po vyjmut\u00ed ze su\u0161i\u010dky m\u011bkk\u00e9, rovnom\u011brn\u011b vysu\u0161en\u00e9 a m\u00e9n\u011b zma\u010dkan\u00e9. Zma\u010dk\u00e1n\u00ed pr\u00e1dla p\u0159edch\u00e1z\u00ed i buben WaveActive s&nbsp;unik\u00e1tn\u00ed vlnovitou strukturou a speci\u00e1ln\u00ed funkce AntiCrease. Zaj\u00edmav\u00fd je i speci\u00e1ln\u00ed program pro lo\u017en\u00ed pr\u00e1dlo, kter\u00fd vyu\u017e\u00edv\u00e1 speci\u00e1ln\u00ed algoritmus a je navr\u017een tak, aby br\u00e1nil zamot\u00e1n\u00ed kus\u016f pr\u00e1dla do sebe. Tak\u017ee \u2013 u\u017e \u017e\u00e1dn\u00e1 zauzlovan\u00e1 prost\u011bradla!<\/p>\n\n\n\n<div style=\"height:21px\" aria-hidden=\"true\" class=\"wp-block-spacer\"><\/div>\n\n\n\n<h2 class=\"wp-block-heading\"><strong>M\u00e9n\u011b vibrac\u00ed, m\u00e9n\u011b hluku<\/strong><\/h2>\n\n\n\n<div style=\"height:26px\" aria-hidden=\"true\" class=\"wp-block-spacer\"><\/div>\n\n\n\n<p>Su\u0161i\u010dky poh\u00e1n\u00ed tich\u00fd, \u00fasporn\u00fd a spolehliv\u00fd invertorov\u00fd motor PowerDrive, hluk pohlcuj\u00ed i speci\u00e1ln\u011b upraven\u00e9 bo\u010dn\u00ed st\u011bny. Nov\u00e9 su\u0161i\u010dky maj\u00ed hladk\u00e1 dv\u00ed\u0159ka s&nbsp;otev\u00edr\u00e1n\u00edm a\u017e do 180 \u00b0, s&nbsp;tich\u00fdm chodem a bez viditeln\u00fdch \u0161roub\u016f pro snadnou \u00fadr\u017ebu, snadn\u00e9 je i \u010di\u0161t\u011bn\u00ed filtr\u016f. Pomoc\u00ed hadice AutoDrain je mo\u017en\u00e9 je napojit na vodovodn\u00ed syst\u00e9m \u2013 odpadne tak nutnost vyprazd\u0148ovat n\u00e1dobu na kondenz\u00e1t. N\u011bkter\u00e9 modely maj\u00ed i vnit\u0159n\u00ed osv\u011btlen\u00ed bubnu pro v\u011bt\u0161\u00ed komfort. Vakuov\u00e9 no\u017ei\u010dky zaru\u010duj\u00ed perfektn\u00ed stabilitu i p\u0159i \u201ev\u011b\u017eov\u00e9m\u201c um\u00edst\u011bn\u00ed su\u0161i\u010dky na pra\u010dku.<\/p>\n\n\n\n<div style=\"height:21px\" aria-hidden=\"true\" class=\"wp-block-spacer\"><\/div>\n\n\n\n<figure class=\"wp-block-image size-large\"><img decoding=\"async\" src=\"https:\/\/homemagazine.cz\/wp-content\/uploads\/2023\/01\/Gorenje-DNE83BGLNCZ-2-840x571.jpg\" alt=\"\" class=\"wp-image-4408\"\/><\/figure>\n\n\n\n<div style=\"height:20px\" aria-hidden=\"true\" class=\"wp-block-spacer\"><\/div>\n\n\n\n<h2 class=\"wp-block-heading\"><strong>Tip na novinku v&nbsp;\u010dern\u00e9 barv\u011b<\/strong><\/h2>\n\n\n\n<div style=\"height:26px\" aria-hidden=\"true\" class=\"wp-block-spacer\"><\/div>\n\n\n\n<p>Nov\u00e1 kondenza\u010dn\u00ed su\u0161i\u010dka pr\u00e1dla <strong><a href=\"https:\/\/cz.gorenje.com\/spotrebice\/prani-a-suseni\/susicky\/DRYER-SP22-425-DNE83-BGLNCZ-GOR\/p\/000000000000741332\">Gorenje DNE83\/BGLNCZ<\/a> <\/strong>s&nbsp;tepeln\u00fdm \u010derpadlem a invertorov\u00fdm motorem, senzorovou technologi\u00ed a s kapacitou a\u017e 8 kg pr\u00e1dla se inspirovala v p\u0159\u00edrod\u011b \u2013 patentovan\u00e1 technologie NatureDry napodobuje procesy, kter\u00e9 prov\u00e1zej\u00ed su\u0161en\u00ed pr\u00e1dla na \u010derstv\u00e9m vzduchu. Novinka v&nbsp;elegantn\u00ed \u010dern\u00e9 barv\u011b a v nej\u00fasporn\u011bj\u0161\u00ed t\u0159\u00edd\u011b A+++ zvl\u00e1dne nav\u00edc d\u00edky p\u0159\u00eddavn\u00e9mu senzoru usu\u0161it i jemn\u00e9 tkaniny a sportovn\u00ed oble\u010den\u00ed. Mezi \u0159adou program\u016f nechyb\u00ed velmi rychl\u00fd 89minutov\u00fd, speci\u00e1ln\u00ed program pro dokonale such\u00e9 a m\u011bkk\u00e9 oble\u010den\u00ed pro miminka nebo mo\u017enost b\u011bhem chvilky osv\u011b\u017eit such\u00e9 pr\u00e1dlo. Su\u0161i\u010dka vyu\u017e\u00edv\u00e1 patentovan\u00fd syst\u00e9m TwinAir s&nbsp;obousm\u011brn\u00fdm fouk\u00e1n\u00edm vzduchu, m\u00e1 buben WaveActive s&nbsp;unik\u00e1tn\u00ed vlnovitou strukturou a speci\u00e1ln\u00ed funkci AntiCrease \u2013 to v\u0161e zaru\u010duje \u0161etrnou p\u00e9\u010di a br\u00e1n\u00ed zma\u010dk\u00e1n\u00ed pr\u00e1dla. Zaj\u00edmav\u00fd je i program pro lo\u017en\u00ed pr\u00e1dlo, kter\u00fd vyu\u017e\u00edv\u00e1 speci\u00e1ln\u00ed algoritmus a je navr\u017een tak, aby br\u00e1nil zamot\u00e1n\u00ed velk\u00fdch kus\u016f pr\u00e1dla do sebe. Stoj\u00ed 15&nbsp;990 K\u010d.<\/p>\n\n\n\n<p><strong>V\u00edce informac\u00ed: <a href=\"https:\/\/cz.gorenje.com\/\">cz.gorenje.com<\/a><\/strong><\/p>\n\n\n\n<div style=\"height:44px\" aria-hidden=\"true\" class=\"wp-block-spacer\"><\/div>\n\n\n\n<figure class=\"wp-block-gallery columns-2 is-cropped wp-block-gallery-2 is-layout-flex wp-block-gallery-is-layout-flex\"><ul class=\"blocks-gallery-grid\"><li class=\"blocks-gallery-item\"><figure><img decoding=\"async\" src=\"https:\/\/homemagazine.cz\/wp-content\/uploads\/2023\/01\/energy_class_a_wash-dryer-840x840.jpg\" alt=\"\" data-id=\"4407\" data-full-url=\"https:\/\/homemagazine.cz\/wp-content\/uploads\/2023\/01\/energy_class_a_wash-dryer.jpg\" data-link=\"https:\/\/homemagazine.cz\/?attachment_id=4407\" class=\"wp-image-4407\"\/><\/figure><\/li><li class=\"blocks-gallery-item\"><figure><img decoding=\"async\" src=\"https:\/\/homemagazine.cz\/wp-content\/uploads\/2023\/01\/gorenje_tumble-dryers_fb_1200x1200_9-840x840.jpg\" alt=\"\" data-id=\"4410\" data-full-url=\"https:\/\/homemagazine.cz\/wp-content\/uploads\/2023\/01\/gorenje_tumble-dryers_fb_1200x1200_9.jpg\" data-link=\"https:\/\/homemagazine.cz\/?attachment_id=4410\" class=\"wp-image-4410\"\/><\/figure><\/li><li class=\"blocks-gallery-item\"><figure><img decoding=\"async\" src=\"https:\/\/homemagazine.cz\/wp-content\/uploads\/2023\/01\/Gorenje-DNE83BGLNCZ-2-840x571.jpg\" alt=\"\" data-id=\"4408\" data-full-url=\"https:\/\/homemagazine.cz\/wp-content\/uploads\/2023\/01\/Gorenje-DNE83BGLNCZ-2.jpg\" data-link=\"https:\/\/homemagazine.cz\/?attachment_id=4408\" class=\"wp-image-4408\"\/><\/figure><\/li><li class=\"blocks-gallery-item\"><figure><img decoding=\"async\" src=\"https:\/\/homemagazine.cz\/wp-content\/uploads\/2023\/01\/gorenje_tumble-dryers_fb_1200x1200_10-840x840.jpg\" alt=\"\" data-id=\"4411\" data-full-url=\"https:\/\/homemagazine.cz\/wp-content\/uploads\/2023\/01\/gorenje_tumble-dryers_fb_1200x1200_10.jpg\" data-link=\"https:\/\/homemagazine.cz\/?attachment_id=4411\" class=\"wp-image-4411\"\/><\/figure><\/li><li class=\"blocks-gallery-item\"><figure><img decoding=\"async\" src=\"https:\/\/homemagazine.cz\/wp-content\/uploads\/2023\/01\/td_enhancementphase2_naturedry-840x560.jpg\" alt=\"\" data-id=\"4413\" data-full-url=\"https:\/\/homemagazine.cz\/wp-content\/uploads\/2023\/01\/td_enhancementphase2_naturedry.jpg\" data-link=\"https:\/\/homemagazine.cz\/?attachment_id=4413\" class=\"wp-image-4413\"\/><\/figure><\/li><li class=\"blocks-gallery-item\"><figure><img decoding=\"async\" src=\"https:\/\/homemagazine.cz\/wp-content\/uploads\/2023\/01\/td_enhancementphase2_sportprogramme_1-840x560.jpg\" alt=\"\" data-id=\"4414\" data-full-url=\"https:\/\/homemagazine.cz\/wp-content\/uploads\/2023\/01\/td_enhancementphase2_sportprogramme_1.jpg\" data-link=\"https:\/\/homemagazine.cz\/?attachment_id=4414\" class=\"wp-image-4414\"\/><\/figure><\/li><li class=\"blocks-gallery-item\"><figure><img decoding=\"async\" src=\"https:\/\/homemagazine.cz\/wp-content\/uploads\/2023\/01\/td_enhancementphase2_fast89-840x560.jpg\" alt=\"\" data-id=\"4412\" data-full-url=\"https:\/\/homemagazine.cz\/wp-content\/uploads\/2023\/01\/td_enhancementphase2_fast89.jpg\" data-link=\"https:\/\/homemagazine.cz\/?attachment_id=4412\" class=\"wp-image-4412\"\/><\/figure><\/li><\/ul><\/figure>\n\n\n\n<p>Zd<strong>roj foto:<\/strong> Gorenje<\/p>\n\n\n\n<div style=\"height:40px\" aria-hidden=\"true\" class=\"wp-block-spacer\"><\/div>\n","protected":false},"excerpt":{"rendered":"<p>Gorenje uv\u00e1d\u00ed na trh novou generaci \u00fasporn\u00fdch kondenza\u010dn\u00edch su\u0161i\u010dek pr\u00e1dla s&nbsp;tepeln\u00fdm \u010derpadlem a patentovanou technologi\u00ed NatureDry, kter\u00e1 napodobuje su\u0161en\u00ed na \u010derstv\u00e9m vzduchu uprost\u0159ed p\u0159\u00edrody. D\u00edky dal\u0161\u00edmu p\u0159\u00eddavn\u00e9mu senzoru teploty umo\u017e\u0148uje su\u0161en\u00ed v\u0161ech druh\u016f pr\u00e1dla &#8211; dokonce i jemn\u00fdch tkanin, vlny i sportovn\u00edho oble\u010den\u00ed bez rizika sra\u017een\u00ed nebo zm\u011bny charakteru textili\u00ed. Mezi \u0159adou program\u016f nechyb\u00ed velmi [&hellip;]<\/p>\n","protected":false},"author":2,"featured_media":9094,"comment_status":"closed","ping_status":"closed","sticky":false,"template":"","format":"standard","meta":{"_mi_skip_tracking":false,"_monsterinsights_sitenote_active":false,"_monsterinsights_sitenote_note":"","_monsterinsights_sitenote_category":0,"footnotes":""},"categories":[11,2,26,12,10],"tags":[],"yoast_head":"<!-- This site is optimized with the Yoast SEO plugin v21.5 - https:\/\/yoast.com\/wordpress\/plugins\/seo\/ -->\n<title>Pr\u00e1dlo tak sv\u011b\u017e\u00ed, jako by bylo usu\u0161en\u00e9 venku - WOMENHOUSE.cz<\/title>\n<meta name=\"robots\" content=\"index, follow, max-snippet:-1, max-image-preview:large, max-video-preview:-1\" \/>\n<link rel=\"canonical\" href=\"https:\/\/womenhouse.cz\/index.php\/2023\/01\/27\/pradlo-tak-svezi-jako-by-bylo-ususene-venku\/\" \/>\n<meta property=\"og:locale\" content=\"cs_CZ\" \/>\n<meta property=\"og:type\" content=\"article\" \/>\n<meta property=\"og:title\" content=\"Pr\u00e1dlo tak sv\u011b\u017e\u00ed, jako by bylo usu\u0161en\u00e9 venku - WOMENHOUSE.cz\" \/>\n<meta property=\"og:description\" content=\"Gorenje uv\u00e1d\u00ed na trh novou generaci \u00fasporn\u00fdch kondenza\u010dn\u00edch su\u0161i\u010dek pr\u00e1dla s&nbsp;tepeln\u00fdm \u010derpadlem a patentovanou technologi\u00ed NatureDry, kter\u00e1 napodobuje su\u0161en\u00ed na \u010derstv\u00e9m vzduchu uprost\u0159ed p\u0159\u00edrody. D\u00edky dal\u0161\u00edmu p\u0159\u00eddavn\u00e9mu senzoru teploty umo\u017e\u0148uje su\u0161en\u00ed v\u0161ech druh\u016f pr\u00e1dla &#8211; dokonce i jemn\u00fdch tkanin, vlny i sportovn\u00edho oble\u010den\u00ed bez rizika sra\u017een\u00ed nebo zm\u011bny charakteru textili\u00ed. Mezi \u0159adou program\u016f nechyb\u00ed velmi [&hellip;]\" \/>\n<meta property=\"og:url\" content=\"https:\/\/womenhouse.cz\/index.php\/2023\/01\/27\/pradlo-tak-svezi-jako-by-bylo-ususene-venku\/\" \/>\n<meta property=\"og:site_name\" content=\"WOMENHOUSE.cz\" \/>\n<meta property=\"article:publisher\" content=\"https:\/\/www.facebook.com\/womenhousecz\" \/>\n<meta property=\"article:published_time\" content=\"2023-01-27T01:05:00+00:00\" \/>\n<meta property=\"article:modified_time\" content=\"2023-03-11T15:43:18+00:00\" \/>\n<meta property=\"og:image\" content=\"https:\/\/womenhouse.cz\/wp-content\/uploads\/2023\/01\/td_enhancementphase2_sportprogramme_1.jpg\" \/>\n\t<meta property=\"og:image:width\" content=\"1450\" \/>\n\t<meta property=\"og:image:height\" content=\"967\" \/>\n\t<meta property=\"og:image:type\" content=\"image\/jpeg\" \/>\n<meta name=\"author\" content=\"Jolana Hol\u00e1\u0148ov\u00e1\" \/>\n<meta name=\"twitter:card\" content=\"summary_large_image\" \/>\n<meta name=\"twitter:label1\" content=\"Napsal(a)\" \/>\n\t<meta name=\"twitter:data1\" content=\"Jolana Hol\u00e1\u0148ov\u00e1\" \/>\n\t<meta name=\"twitter:label2\" content=\"Odhadovan\u00e1 doba \u010dten\u00ed\" \/>\n\t<meta name=\"twitter:data2\" content=\"4 minuty\" \/>\n<script type=\"application\/ld+json\" class=\"yoast-schema-graph\">{\"@context\":\"https:\/\/schema.org\",\"@graph\":[{\"@type\":\"Article\",\"@id\":\"https:\/\/womenhouse.cz\/index.php\/2023\/01\/27\/pradlo-tak-svezi-jako-by-bylo-ususene-venku\/#article\",\"isPartOf\":{\"@id\":\"https:\/\/womenhouse.cz\/index.php\/2023\/01\/27\/pradlo-tak-svezi-jako-by-bylo-ususene-venku\/\"},\"author\":{\"name\":\"Jolana Hol\u00e1\u0148ov\u00e1\",\"@id\":\"https:\/\/womenhouse.cz\/#\/schema\/person\/541326101f8d68c711e83e8fecc80738\"},\"headline\":\"Pr\u00e1dlo tak sv\u011b\u017e\u00ed, jako by bylo usu\u0161en\u00e9 venku\",\"datePublished\":\"2023-01-27T01:05:00+00:00\",\"dateModified\":\"2023-03-11T15:43:18+00:00\",\"mainEntityOfPage\":{\"@id\":\"https:\/\/womenhouse.cz\/index.php\/2023\/01\/27\/pradlo-tak-svezi-jako-by-bylo-ususene-venku\/\"},\"wordCount\":873,\"publisher\":{\"@id\":\"https:\/\/womenhouse.cz\/#organization\"},\"articleSection\":[\"BYDLEN\u00cd &amp; DESIGN\",\"NEWS\",\"TECHNIKA &amp; SPOT\u0158EBI\u010cE\",\"TIPY &amp; TRENDY\",\"ZDRAV\u00cd\"],\"inLanguage\":\"cs\"},{\"@type\":\"WebPage\",\"@id\":\"https:\/\/womenhouse.cz\/index.php\/2023\/01\/27\/pradlo-tak-svezi-jako-by-bylo-ususene-venku\/\",\"url\":\"https:\/\/womenhouse.cz\/index.php\/2023\/01\/27\/pradlo-tak-svezi-jako-by-bylo-ususene-venku\/\",\"name\":\"Pr\u00e1dlo tak sv\u011b\u017e\u00ed, jako by bylo usu\u0161en\u00e9 venku - WOMENHOUSE.cz\",\"isPartOf\":{\"@id\":\"https:\/\/womenhouse.cz\/#website\"},\"datePublished\":\"2023-01-27T01:05:00+00:00\",\"dateModified\":\"2023-03-11T15:43:18+00:00\",\"breadcrumb\":{\"@id\":\"https:\/\/womenhouse.cz\/index.php\/2023\/01\/27\/pradlo-tak-svezi-jako-by-bylo-ususene-venku\/#breadcrumb\"},\"inLanguage\":\"cs\",\"potentialAction\":[{\"@type\":\"ReadAction\",\"target\":[\"https:\/\/womenhouse.cz\/index.php\/2023\/01\/27\/pradlo-tak-svezi-jako-by-bylo-ususene-venku\/\"]}]},{\"@type\":\"BreadcrumbList\",\"@id\":\"https:\/\/womenhouse.cz\/index.php\/2023\/01\/27\/pradlo-tak-svezi-jako-by-bylo-ususene-venku\/#breadcrumb\",\"itemListElement\":[{\"@type\":\"ListItem\",\"position\":1,\"name\":\"Dom\u016f\",\"item\":\"https:\/\/womenhouse.cz\/\"},{\"@type\":\"ListItem\",\"position\":2,\"name\":\"Pr\u00e1dlo tak sv\u011b\u017e\u00ed, jako by bylo usu\u0161en\u00e9 venku\"}]},{\"@type\":\"WebSite\",\"@id\":\"https:\/\/womenhouse.cz\/#website\",\"url\":\"https:\/\/womenhouse.cz\/\",\"name\":\"WOMENHOUSE.cz\",\"description\":\"Port\u00e1l v\u00fdhradn\u011b jen pro \u017eeny...\",\"publisher\":{\"@id\":\"https:\/\/womenhouse.cz\/#organization\"},\"potentialAction\":[{\"@type\":\"SearchAction\",\"target\":{\"@type\":\"EntryPoint\",\"urlTemplate\":\"https:\/\/womenhouse.cz\/?s={search_term_string}\"},\"query-input\":\"required name=search_term_string\"}],\"inLanguage\":\"cs\"},{\"@type\":\"Organization\",\"@id\":\"https:\/\/womenhouse.cz\/#organization\",\"name\":\"WOMENHOUSE.cz\",\"url\":\"https:\/\/womenhouse.cz\/\",\"logo\":{\"@type\":\"ImageObject\",\"inLanguage\":\"cs\",\"@id\":\"https:\/\/womenhouse.cz\/#\/schema\/logo\/image\/\",\"url\":\"https:\/\/womenhouse.cz\/wp-content\/uploads\/2020\/06\/cropped-logo_Womenhouse_RGB-02-removebg-preview-1.png\",\"contentUrl\":\"https:\/\/womenhouse.cz\/wp-content\/uploads\/2020\/06\/cropped-logo_Womenhouse_RGB-02-removebg-preview-1.png\",\"width\":561,\"height\":375,\"caption\":\"WOMENHOUSE.cz\"},\"image\":{\"@id\":\"https:\/\/womenhouse.cz\/#\/schema\/logo\/image\/\"},\"sameAs\":[\"https:\/\/www.facebook.com\/womenhousecz\",\"https:\/\/www.instagram.com\/womenhousecz\/\"]},{\"@type\":\"Person\",\"@id\":\"https:\/\/womenhouse.cz\/#\/schema\/person\/541326101f8d68c711e83e8fecc80738\",\"name\":\"Jolana Hol\u00e1\u0148ov\u00e1\",\"sameAs\":[\"http:\/\/www.womenhouse.cz\"],\"url\":\"https:\/\/womenhouse.cz\/index.php\/author\/jolhol\/\"}]}<\/script>\n<!-- \/ Yoast SEO plugin. -->","yoast_head_json":{"title":"Pr\u00e1dlo tak sv\u011b\u017e\u00ed, jako by bylo usu\u0161en\u00e9 venku - WOMENHOUSE.cz","robots":{"index":"index","follow":"follow","max-snippet":"max-snippet:-1","max-image-preview":"max-image-preview:large","max-video-preview":"max-video-preview:-1"},"canonical":"https:\/\/womenhouse.cz\/index.php\/2023\/01\/27\/pradlo-tak-svezi-jako-by-bylo-ususene-venku\/","og_locale":"cs_CZ","og_type":"article","og_title":"Pr\u00e1dlo tak sv\u011b\u017e\u00ed, jako by bylo usu\u0161en\u00e9 venku - WOMENHOUSE.cz","og_description":"Gorenje uv\u00e1d\u00ed na trh novou generaci \u00fasporn\u00fdch kondenza\u010dn\u00edch su\u0161i\u010dek pr\u00e1dla s&nbsp;tepeln\u00fdm \u010derpadlem a patentovanou technologi\u00ed NatureDry, kter\u00e1 napodobuje su\u0161en\u00ed na \u010derstv\u00e9m vzduchu uprost\u0159ed p\u0159\u00edrody. D\u00edky dal\u0161\u00edmu p\u0159\u00eddavn\u00e9mu senzoru teploty umo\u017e\u0148uje su\u0161en\u00ed v\u0161ech druh\u016f pr\u00e1dla &#8211; dokonce i jemn\u00fdch tkanin, vlny i sportovn\u00edho oble\u010den\u00ed bez rizika sra\u017een\u00ed nebo zm\u011bny charakteru textili\u00ed. Mezi \u0159adou program\u016f nechyb\u00ed velmi [&hellip;]","og_url":"https:\/\/womenhouse.cz\/index.php\/2023\/01\/27\/pradlo-tak-svezi-jako-by-bylo-ususene-venku\/","og_site_name":"WOMENHOUSE.cz","article_publisher":"https:\/\/www.facebook.com\/womenhousecz","article_published_time":"2023-01-27T01:05:00+00:00","article_modified_time":"2023-03-11T15:43:18+00:00","og_image":[{"width":1450,"height":967,"url":"https:\/\/womenhouse.cz\/wp-content\/uploads\/2023\/01\/td_enhancementphase2_sportprogramme_1.jpg","type":"image\/jpeg"}],"author":"Jolana Hol\u00e1\u0148ov\u00e1","twitter_card":"summary_large_image","twitter_misc":{"Napsal(a)":"Jolana Hol\u00e1\u0148ov\u00e1","Odhadovan\u00e1 doba \u010dten\u00ed":"4 minuty"},"schema":{"@context":"https:\/\/schema.org","@graph":[{"@type":"Article","@id":"https:\/\/womenhouse.cz\/index.php\/2023\/01\/27\/pradlo-tak-svezi-jako-by-bylo-ususene-venku\/#article","isPartOf":{"@id":"https:\/\/womenhouse.cz\/index.php\/2023\/01\/27\/pradlo-tak-svezi-jako-by-bylo-ususene-venku\/"},"author":{"name":"Jolana Hol\u00e1\u0148ov\u00e1","@id":"https:\/\/womenhouse.cz\/#\/schema\/person\/541326101f8d68c711e83e8fecc80738"},"headline":"Pr\u00e1dlo tak sv\u011b\u017e\u00ed, jako by bylo usu\u0161en\u00e9 venku","datePublished":"2023-01-27T01:05:00+00:00","dateModified":"2023-03-11T15:43:18+00:00","mainEntityOfPage":{"@id":"https:\/\/womenhouse.cz\/index.php\/2023\/01\/27\/pradlo-tak-svezi-jako-by-bylo-ususene-venku\/"},"wordCount":873,"publisher":{"@id":"https:\/\/womenhouse.cz\/#organization"},"articleSection":["BYDLEN\u00cd &amp; DESIGN","NEWS","TECHNIKA &amp; SPOT\u0158EBI\u010cE","TIPY &amp; TRENDY","ZDRAV\u00cd"],"inLanguage":"cs"},{"@type":"WebPage","@id":"https:\/\/womenhouse.cz\/index.php\/2023\/01\/27\/pradlo-tak-svezi-jako-by-bylo-ususene-venku\/","url":"https:\/\/womenhouse.cz\/index.php\/2023\/01\/27\/pradlo-tak-svezi-jako-by-bylo-ususene-venku\/","name":"Pr\u00e1dlo tak sv\u011b\u017e\u00ed, jako by bylo usu\u0161en\u00e9 venku - WOMENHOUSE.cz","isPartOf":{"@id":"https:\/\/womenhouse.cz\/#website"},"datePublished":"2023-01-27T01:05:00+00:00","dateModified":"2023-03-11T15:43:18+00:00","breadcrumb":{"@id":"https:\/\/womenhouse.cz\/index.php\/2023\/01\/27\/pradlo-tak-svezi-jako-by-bylo-ususene-venku\/#breadcrumb"},"inLanguage":"cs","potentialAction":[{"@type":"ReadAction","target":["https:\/\/womenhouse.cz\/index.php\/2023\/01\/27\/pradlo-tak-svezi-jako-by-bylo-ususene-venku\/"]}]},{"@type":"BreadcrumbList","@id":"https:\/\/womenhouse.cz\/index.php\/2023\/01\/27\/pradlo-tak-svezi-jako-by-bylo-ususene-venku\/#breadcrumb","itemListElement":[{"@type":"ListItem","position":1,"name":"Dom\u016f","item":"https:\/\/womenhouse.cz\/"},{"@type":"ListItem","position":2,"name":"Pr\u00e1dlo tak sv\u011b\u017e\u00ed, jako by bylo usu\u0161en\u00e9 venku"}]},{"@type":"WebSite","@id":"https:\/\/womenhouse.cz\/#website","url":"https:\/\/womenhouse.cz\/","name":"WOMENHOUSE.cz","description":"Port\u00e1l v\u00fdhradn\u011b jen pro \u017eeny...","publisher":{"@id":"https:\/\/womenhouse.cz\/#organization"},"potentialAction":[{"@type":"SearchAction","target":{"@type":"EntryPoint","urlTemplate":"https:\/\/womenhouse.cz\/?s={search_term_string}"},"query-input":"required name=search_term_string"}],"inLanguage":"cs"},{"@type":"Organization","@id":"https:\/\/womenhouse.cz\/#organization","name":"WOMENHOUSE.cz","url":"https:\/\/womenhouse.cz\/","logo":{"@type":"ImageObject","inLanguage":"cs","@id":"https:\/\/womenhouse.cz\/#\/schema\/logo\/image\/","url":"https:\/\/womenhouse.cz\/wp-content\/uploads\/2020\/06\/cropped-logo_Womenhouse_RGB-02-removebg-preview-1.png","contentUrl":"https:\/\/womenhouse.cz\/wp-content\/uploads\/2020\/06\/cropped-logo_Womenhouse_RGB-02-removebg-preview-1.png","width":561,"height":375,"caption":"WOMENHOUSE.cz"},"image":{"@id":"https:\/\/womenhouse.cz\/#\/schema\/logo\/image\/"},"sameAs":["https:\/\/www.facebook.com\/womenhousecz","https:\/\/www.instagram.com\/womenhousecz\/"]},{"@type":"Person","@id":"https:\/\/womenhouse.cz\/#\/schema\/person\/541326101f8d68c711e83e8fecc80738","name":"Jolana Hol\u00e1\u0148ov\u00e1","sameAs":["http:\/\/www.womenhouse.cz"],"url":"https:\/\/womenhouse.cz\/index.php\/author\/jolhol\/"}]}},"_links":{"self":[{"href":"https:\/\/womenhouse.cz\/index.php\/wp-json\/wp\/v2\/posts\/9093"}],"collection":[{"href":"https:\/\/womenhouse.cz\/index.php\/wp-json\/wp\/v2\/posts"}],"about":[{"href":"https:\/\/womenhouse.cz\/index.php\/wp-json\/wp\/v2\/types\/post"}],"author":[{"embeddable":true,"href":"https:\/\/womenhouse.cz\/index.php\/wp-json\/wp\/v2\/users\/2"}],"replies":[{"embeddable":true,"href":"https:\/\/womenhouse.cz\/index.php\/wp-json\/wp\/v2\/comments?post=9093"}],"version-history":[{"count":-4,"href":"https:\/\/womenhouse.cz\/index.php\/wp-json\/wp\/v2\/posts\/9093\/revisions"}],"wp:featuredmedia":[{"embeddable":true,"href":"https:\/\/womenhouse.cz\/index.php\/wp-json\/wp\/v2\/media\/9094"}],"wp:attachment":[{"href":"https:\/\/womenhouse.cz\/index.php\/wp-json\/wp\/v2\/media?parent=9093"}],"wp:term":[{"taxonomy":"category","embeddable":true,"href":"https:\/\/womenhouse.cz\/index.php\/wp-json\/wp\/v2\/categories?post=9093"},{"taxonomy":"post_tag","embeddable":true,"href":"https:\/\/womenhouse.cz\/index.php\/wp-json\/wp\/v2\/tags?post=9093"}],"curies":[{"name":"wp","href":"https:\/\/api.w.org\/{rel}","templated":true}]}}