{"id":9081,"date":"2023-01-25T01:12:37","date_gmt":"2023-01-25T00:12:37","guid":{"rendered":"https:\/\/womenhouse.cz\/?p=9081"},"modified":"2023-03-27T00:35:07","modified_gmt":"2023-03-26T22:35:07","slug":"klid-a-navrat-k-prirode-i-sila-a-odvaha-experimentovat-to-jsou-barvy-roku-2023","status":"publish","type":"post","link":"https:\/\/womenhouse.cz\/index.php\/2023\/01\/25\/klid-a-navrat-k-prirode-i-sila-a-odvaha-experimentovat-to-jsou-barvy-roku-2023\/","title":{"rendered":"Klid a n\u00e1vrat k p\u0159\u00edrod\u011b. I S\u00edla a odvaha experimentovat. To jsou barvy roku 2023"},"content":{"rendered":"\n<div style=\"height:45px\" aria-hidden=\"true\" class=\"wp-block-spacer\"><\/div>\n\n\n\n<p><strong>Barvy roku vyhla\u0161uje ka\u017edoro\u010dn\u011b n\u011bkolik spole\u010dnost\u00ed. I kdy\u017e by se to nemuselo na prvn\u00ed pohled zd\u00e1t, jejich rozhodnut\u00ed ovliv\u0148uje nadlouho dop\u0159edu v\u0161udyp\u0159\u00edtomn\u00e9 m\u00f3dn\u00ed trendy. Jak\u00e9 barvy ovl\u00e1dnou na\u0161e \u0161atn\u00edky a interi\u00e9ry v&nbsp;roce 2023?<\/strong><\/p>\n\n\n\n<div style=\"height:20px\" aria-hidden=\"true\" class=\"wp-block-spacer\"><\/div>\n\n\n\n<figure class=\"wp-block-image size-large\"><img decoding=\"async\" src=\"https:\/\/homemagazine.cz\/wp-content\/uploads\/2023\/01\/Koje-09-Gloriette-304-02-840x560.jpg\" alt=\"\" class=\"wp-image-4391\"\/><\/figure>\n\n\n\n<div style=\"height:20px\" aria-hidden=\"true\" class=\"wp-block-spacer\"><\/div>\n\n\n\n<p>Jednou z&nbsp;nejv\u00fdznamn\u011bj\u0161\u00edch je spole\u010dnost Pantone se syst\u00e9mem p\u0159esn\u011b definovan\u00fdch p\u0159\u00edm\u00fdch barev, s&nbsp;nimi\u017e pracuj\u00ed nejen grafick\u00e1 studia a tiska\u0159i, ale tak\u00e9 zna\u010dn\u00e1 \u010d\u00e1st sv\u011btov\u00fdch m\u00f3dn\u00edch a bytov\u00fdch n\u00e1vrh\u00e1\u0159\u016f. Barvy roku ale vyhla\u0161uj\u00ed i v\u00fdznamn\u00ed v\u00fdrobci n\u00e1t\u011brov\u00fdch hmot, hlavn\u011b PPG, Dulux a Sherwin-Williams nebo Benjamin Moore.<\/p>\n\n\n\n<p>A jak se barvy roku stanovuj\u00ed? V\u00fdznamn\u00ed design\u00e9\u0159i se sna\u017e\u00ed ve spolupr\u00e1ci s&nbsp;odborn\u00edky z n\u011bkolika obor\u016f &#8211; hlavn\u011b z&nbsp;psychologie, sociologie, historie a interi\u00e9rov\u00e9ho designu &#8211; vystihnout aktu\u00e1ln\u00ed n\u00e1ladu ve spole\u010dnosti a odpov\u011bd\u011bt na pot\u0159eby lid\u00ed na m\u011bs\u00edce dop\u0159edu. Jejich vliv je obrovsk\u00fd a p\u0159esahuje do mnoha odv\u011btv\u00ed.<\/p>\n\n\n\n<p>S&nbsp;barvami roku se pak potk\u00e1v\u00e1me nejen v&nbsp;m\u00f3dn\u00edch butic\u00edch na od\u011bvech, obuvi, \u0161perc\u00edch a kabelk\u00e1ch ale i ve stylov\u00fdch soukrom\u00fdch i ve\u0159ejn\u00fdch interi\u00e9rech. A s&nbsp;postupuj\u00edc\u00edmi m\u011bs\u00edci tak\u00e9 na dopl\u0148c\u00edch do kuchyn\u011b a dom\u00e1cnosti, na nositeln\u00e9 spot\u0159ebn\u00ed elektronice nebo zavazadlech. \u0158\u00edd\u00ed se jimi i viz\u00e1\u017eist\u00e9 a florist\u00e9.<\/p>\n\n\n\n<p>Tou aktu\u00e1ln\u00ed pot\u0159ebou je podle odborn\u00edk\u016f na barvy na jedn\u00e9 stran\u011b klid, a na druh\u00e9 probuzen\u00ed vnit\u0159n\u00ed s\u00edly, radost a odvaha experimentovat.<\/p>\n\n\n\n<div style=\"height:21px\" aria-hidden=\"true\" class=\"wp-block-spacer\"><\/div>\n\n\n\n<figure class=\"wp-block-gallery columns-2 is-cropped wp-block-gallery-1 is-layout-flex wp-block-gallery-is-layout-flex\"><ul class=\"blocks-gallery-grid\"><li class=\"blocks-gallery-item\"><figure><img decoding=\"async\" src=\"https:\/\/homemagazine.cz\/wp-content\/uploads\/2023\/01\/Koje-09-Gloriette-304-04-840x560.jpg\" alt=\"\" data-id=\"4393\" data-full-url=\"https:\/\/homemagazine.cz\/wp-content\/uploads\/2023\/01\/Koje-09-Gloriette-304-04.jpg\" data-link=\"https:\/\/homemagazine.cz\/?attachment_id=4393\" class=\"wp-image-4393\"\/><\/figure><\/li><li class=\"blocks-gallery-item\"><figure><img decoding=\"async\" src=\"https:\/\/homemagazine.cz\/wp-content\/uploads\/2023\/01\/Koje-10-Lea-328-Cora-105-01-840x560.jpg\" alt=\"\" data-id=\"4394\" data-full-url=\"https:\/\/homemagazine.cz\/wp-content\/uploads\/2023\/01\/Koje-10-Lea-328-Cora-105-01.jpg\" data-link=\"https:\/\/homemagazine.cz\/?attachment_id=4394\" class=\"wp-image-4394\"\/><\/figure><\/li><\/ul><\/figure>\n\n\n\n<div style=\"height:21px\" aria-hidden=\"true\" class=\"wp-block-spacer\"><\/div>\n\n\n\n<h2 class=\"wp-block-heading\"><strong>Vining Ivy podle PPG<\/strong><\/h2>\n\n\n\n<div style=\"height:25px\" aria-hidden=\"true\" class=\"wp-block-spacer\"><\/div>\n\n\n\n<p>PPG vyhl\u00e1sila pro rok 2023 jako \u00fast\u0159edn\u00ed barvu zelenomodr\u00fd odst\u00edn <em>Vining Ivy<\/em>. Symbolizuje vodn\u00ed hlubinu a svou p\u0159irozenost\u00ed v&nbsp;\u010dlov\u011bku vyvol\u00e1v\u00e1 pocit klidu, umoc\u0148uje pot\u0159ebu n\u00e1vratu k&nbsp;p\u0159\u00edrod\u011b a k&nbsp;vnit\u0159n\u00edmu j\u00e1.<\/p>\n\n\n\n<p>Vining Ivy jde skv\u011ble zakomponovat do interi\u00e9ru i do exteri\u00e9ru. Dokonale propojuje retro styly a sou\u010dasn\u00e9 trendy, a v\u00fdborn\u011b tak zapad\u00e1 do tradi\u010dn\u00edho i modern\u00edho prost\u0159ed\u00ed.<\/p>\n\n\n\n<p>Harmonicky se dopl\u0148uje se zemit\u00fdmi barvami, jako jsou odst\u00edny hn\u011bd\u00e9 \u010di rezav\u011b oran\u017eov\u00e9. V\u00fdborn\u011b p\u016fsob\u00ed tak\u00e9 v&nbsp;kombinaci s&nbsp;jemn\u011b r\u016f\u017eov\u00fdmi, broskvov\u00fdmi a zelen\u00fdmi t\u00f3ny. Pokud m\u00e1te r\u00e1di glamour styl, kombinac\u00ed modrozelen\u00e9 se zlat\u00fdmi prvky snadno vytvo\u0159\u00edte slavnostn\u00ed interi\u00e9r ve stylu filmov\u00fdch hv\u011bzd.<\/p>\n\n\n\n<div style=\"height:21px\" aria-hidden=\"true\" class=\"wp-block-spacer\"><\/div>\n\n\n\n<figure class=\"wp-block-image size-large\"><img decoding=\"async\" src=\"https:\/\/homemagazine.cz\/wp-content\/uploads\/2023\/01\/Cindy-246-840x594.jpg\" alt=\"\" class=\"wp-image-4388\"\/><\/figure>\n\n\n\n<div style=\"height:21px\" aria-hidden=\"true\" class=\"wp-block-spacer\"><\/div>\n\n\n\n<h2 class=\"wp-block-heading\"><strong>Viva Magenta podle Pantone<\/strong><\/h2>\n\n\n\n<div style=\"height:24px\" aria-hidden=\"true\" class=\"wp-block-spacer\"><\/div>\n\n\n\n<p>Barvou roku 2023 se podle Pantone st\u00e1v\u00e1 Viva Magenta \u2013 energizuj\u00edc\u00ed r\u016f\u017eov\u00e1 s&nbsp;karm\u00ednov\u00fdm podt\u00f3nem. I tato barva je inspirovan\u00e1 p\u0159\u00edrodou. Karm\u00edn je toti\u017e p\u0159\u00edrodn\u00ed \u010derven\u00e9 <a href=\"https:\/\/cs.wikipedia.org\/wiki\/Barvivo\"><strong>barvivo<\/strong><\/a>, kter\u00e9 se pou\u017e\u00edv\u00e1 v&nbsp;potravin\u00e1\u0159stv\u00ed a kosmetice.<\/p>\n\n\n\n<p>Symbolicky m\u00e1 tento \u017eiv\u00fd, v\u00fdrazn\u00fd odst\u00edn vyjad\u0159ovat p\u0159edev\u0161\u00edm optimismus, s\u00edlu a touhu experimentovat. Viva Magenta byla zvolena jako nekonven\u010dn\u00ed barva pro neobvyklou dobu.<\/p>\n\n\n\n<p><\/p>\n\n\n\n<figure class=\"wp-block-image size-large\"><img decoding=\"async\" src=\"https:\/\/homemagazine.cz\/wp-content\/uploads\/2023\/01\/Koje-15-Cindy-242-Cindy-248-01-840x560.jpg\" alt=\"\" class=\"wp-image-4400\"\/><\/figure>\n\n\n\n<p><\/p>\n\n\n\n<h2 class=\"wp-block-heading\"><strong>Dal\u0161\u00ed vlivy<\/strong><\/h2>\n\n\n\n<div style=\"height:25px\" aria-hidden=\"true\" class=\"wp-block-spacer\"><\/div>\n\n\n\n<p>Sherwin-Williams zvolil barvou roku h\u0159ejiv\u00fd, vzdu\u0161n\u00fd r\u016f\u017eovo hn\u011bd\u00fd odst\u00edn Redend Point. D\u00fdchne na v\u00e1s nekone\u010dn\u00e1 pohoda a klid, hebkost pudru i sluncem zalit\u00e9 tosk\u00e1nsk\u00e9 scen\u00e9rie.<\/p>\n\n\n\n<p>Dulux vybral pro rok 2023 jako st\u011b\u017eejn\u00ed barvu odst\u00edn Wild Wonder, decentn\u00ed zlatavou se zelen\u00fdm n\u00e1dechem. I tato barva odkazuje k&nbsp;p\u0159\u00edrod\u011b a do domova p\u0159inese klid i univerz\u00e1ln\u00ed kombinovatelnost.<\/p>\n\n\n\n<p>Naproti tomu ve firm\u011b Benjamin Moore s\u00e1hli podobn\u011b jako Pantone po velmi v\u00fdrazn\u00e9, h\u0159ejiv\u00e9 barv\u011b Raspberry Blush \u2013 \u017eiv\u00e9m a v\u00fdrazn\u00e9m odst\u00ednu, kter\u00fd v&nbsp;sob\u011b m\u00eds\u00ed malinovou a kor\u00e1lovou barvu a probouz\u00ed smysly. Vyjad\u0159uje odvahu vystoupit z&nbsp;komfortn\u00ed z\u00f3ny neutr\u00e1ln\u00edch barev. Skv\u011ble se uplatn\u00ed jako akcent v&nbsp;mal\u00e9 plo\u0161e.<\/p>\n\n\n\n<div style=\"height:22px\" aria-hidden=\"true\" class=\"wp-block-spacer\"><\/div>\n\n\n\n<figure class=\"wp-block-image size-large\"><img decoding=\"async\" src=\"https:\/\/homemagazine.cz\/wp-content\/uploads\/2023\/01\/Koje-15-Cindy-242-Cindy-248-03-840x560.jpg\" alt=\"\" class=\"wp-image-4402\"\/><\/figure>\n\n\n\n<div style=\"height:22px\" aria-hidden=\"true\" class=\"wp-block-spacer\"><\/div>\n\n\n\n<h2 class=\"wp-block-heading\"><strong>Nechte si poradit<\/strong><\/h2>\n\n\n\n<div style=\"height:25px\" aria-hidden=\"true\" class=\"wp-block-spacer\"><\/div>\n\n\n\n<p>Nejsnaz\u0161\u00ed cestou, jak o\u017eivit interi\u00e9r, jsou drobn\u00e9 dopl\u0148ky: pol\u0161t\u00e1\u0159ky, deky, v\u00e1zi\u010dky, nebo prost\u00edr\u00e1n\u00ed. P\u0159\u00edpadn\u011b barevn\u011b vymalovat n\u011bkter\u00e9 st\u011bny nebo strop. Mnohem t\u011b\u017e\u0161\u00ed je v\u0161ak sehnat n\u00e1bytek v&nbsp;p\u0159esn\u011b definovan\u00fdch odst\u00ednech.<\/p>\n\n\n\n<p>\u201e<em>KUCHYN\u011a gorenje maj\u00ed ve sv\u00e9m sortimentu \u0161pi\u010dkov\u00e9 kuchyn\u011b \u0159ady PREMIUM, kter\u00e9 nab\u00edzej\u00ed v\u00fdrobu v&nbsp;mnoha odst\u00ednech podle vzorkovnice barev RAL a NCS nebo v&nbsp;jejich kombinaci,\u201c<\/em> p\u0159ibli\u017euje Lucie Pardubsk\u00e1, produktov\u00e1 mana\u017eerka kuchyn\u00ed PREMIUM.<\/p>\n\n\n\n<p>S&nbsp;t\u011bmito barevn\u00fdmi standardy pracuj\u00ed profesion\u00e1lov\u00e9 \u2013 v\u00fdrobci oken, dve\u0159\u00ed, lakovan\u00fdch prvk\u016f, architekti a interi\u00e9rov\u00ed design\u00e9\u0159i. Celek tak jde mnohem l\u00e9pe vyladit a celkov\u00fd \u00fa\u010dinek p\u0159edem odhadnout bez rizika velk\u00e9 a n\u00e1kladn\u00e9 chyby.<\/p>\n\n\n\n<p>\u201e<em>Sou\u010d\u00e1st\u00ed na\u0161eho servisu z\u00e1kazn\u00edk\u016fm je i odborn\u00e9 poradenstv\u00ed a 3D vizualizace n\u00e1vrhu kuchyn\u011b. Pom\u016f\u017eeme navrhnout va\u0161i novou kuchyni tak, aby byla ergonomick\u00e1, vyu\u017eila prostor na maximum a ladila se zbytkem propojen\u00fdch prostor. V&nbsp;p\u0159\u00edpad\u011b v\u00fdrazn\u00fdch barev pom\u016f\u017eeme naj\u00edt optim\u00e1ln\u00ed pom\u011bry s&nbsp;neutr\u00e1ln\u011bji lad\u011bn\u00fdmi \u010d\u00e1stmi interi\u00e9ru, aby celek p\u016fsobil vyv\u00e1\u017een\u011b a harmonicky,\u201c <\/em><strong>uzav\u00edr\u00e1 Lucie Pardubsk\u00e1<\/strong>.<\/p>\n\n\n\n<div style=\"height:5px\" aria-hidden=\"true\" class=\"wp-block-spacer\"><\/div>\n\n\n\n<p><strong>V\u00edce informac\u00ed<\/strong> <strong>naleznete na<\/strong> <a href=\"https:\/\/cz.gorenje.com\"><strong>https:\/\/cz.gorenje.com<\/strong><\/a><\/p>\n\n\n\n<div style=\"height:55px\" aria-hidden=\"true\" class=\"wp-block-spacer\"><\/div>\n\n\n\n<figure class=\"wp-block-gallery columns-2 is-cropped wp-block-gallery-2 is-layout-flex wp-block-gallery-is-layout-flex\"><ul class=\"blocks-gallery-grid\"><li class=\"blocks-gallery-item\"><figure><img decoding=\"async\" src=\"https:\/\/homemagazine.cz\/wp-content\/uploads\/2023\/01\/Amelie-155-Gloriette-304_05-840x630.jpg\" alt=\"\" data-id=\"4386\" data-full-url=\"https:\/\/homemagazine.cz\/wp-content\/uploads\/2023\/01\/Amelie-155-Gloriette-304_05.jpg\" data-link=\"https:\/\/homemagazine.cz\/?attachment_id=4386\" class=\"wp-image-4386\"\/><\/figure><\/li><li class=\"blocks-gallery-item\"><figure><img decoding=\"async\" src=\"https:\/\/homemagazine.cz\/wp-content\/uploads\/2023\/01\/Cindy-234-840x594.jpg\" alt=\"\" data-id=\"4387\" data-full-url=\"https:\/\/homemagazine.cz\/wp-content\/uploads\/2023\/01\/Cindy-234.jpg\" data-link=\"https:\/\/homemagazine.cz\/?attachment_id=4387\" class=\"wp-image-4387\"\/><\/figure><\/li><li class=\"blocks-gallery-item\"><figure><img decoding=\"async\" src=\"https:\/\/homemagazine.cz\/wp-content\/uploads\/2023\/01\/Cindy-246-840x594.jpg\" alt=\"\" data-id=\"4388\" data-full-url=\"https:\/\/homemagazine.cz\/wp-content\/uploads\/2023\/01\/Cindy-246.jpg\" data-link=\"https:\/\/homemagazine.cz\/?attachment_id=4388\" class=\"wp-image-4388\"\/><\/figure><\/li><li class=\"blocks-gallery-item\"><figure><img decoding=\"async\" src=\"https:\/\/homemagazine.cz\/wp-content\/uploads\/2023\/01\/Koje-03-Laila-380-03-840x560.jpg\" alt=\"\" data-id=\"4389\" data-full-url=\"https:\/\/homemagazine.cz\/wp-content\/uploads\/2023\/01\/Koje-03-Laila-380-03.jpg\" data-link=\"https:\/\/homemagazine.cz\/?attachment_id=4389\" class=\"wp-image-4389\"\/><\/figure><\/li><li class=\"blocks-gallery-item\"><figure><img decoding=\"async\" src=\"https:\/\/homemagazine.cz\/wp-content\/uploads\/2023\/01\/Koje-09-Gloriette-304-01-840x560.jpg\" alt=\"\" data-id=\"4390\" data-full-url=\"https:\/\/homemagazine.cz\/wp-content\/uploads\/2023\/01\/Koje-09-Gloriette-304-01.jpg\" data-link=\"https:\/\/homemagazine.cz\/?attachment_id=4390\" class=\"wp-image-4390\"\/><\/figure><\/li><li class=\"blocks-gallery-item\"><figure><img decoding=\"async\" src=\"https:\/\/homemagazine.cz\/wp-content\/uploads\/2023\/01\/Koje-09-Gloriette-304-02-840x560.jpg\" alt=\"\" data-id=\"4391\" data-full-url=\"https:\/\/homemagazine.cz\/wp-content\/uploads\/2023\/01\/Koje-09-Gloriette-304-02.jpg\" data-link=\"https:\/\/homemagazine.cz\/?attachment_id=4391\" class=\"wp-image-4391\"\/><\/figure><\/li><li class=\"blocks-gallery-item\"><figure><img decoding=\"async\" src=\"https:\/\/homemagazine.cz\/wp-content\/uploads\/2023\/01\/Koje-09-Gloriette-304-03-840x560.jpg\" alt=\"\" data-id=\"4392\" data-full-url=\"https:\/\/homemagazine.cz\/wp-content\/uploads\/2023\/01\/Koje-09-Gloriette-304-03.jpg\" data-link=\"https:\/\/homemagazine.cz\/?attachment_id=4392\" class=\"wp-image-4392\"\/><\/figure><\/li><li class=\"blocks-gallery-item\"><figure><img decoding=\"async\" src=\"https:\/\/homemagazine.cz\/wp-content\/uploads\/2023\/01\/Koje-09-Gloriette-304-04-840x560.jpg\" alt=\"\" data-id=\"4393\" data-full-url=\"https:\/\/homemagazine.cz\/wp-content\/uploads\/2023\/01\/Koje-09-Gloriette-304-04.jpg\" data-link=\"https:\/\/homemagazine.cz\/?attachment_id=4393\" class=\"wp-image-4393\"\/><\/figure><\/li><li class=\"blocks-gallery-item\"><figure><img decoding=\"async\" src=\"https:\/\/homemagazine.cz\/wp-content\/uploads\/2023\/01\/Koje-10-Lea-328-Cora-105-01-840x560.jpg\" alt=\"\" data-id=\"4394\" data-full-url=\"https:\/\/homemagazine.cz\/wp-content\/uploads\/2023\/01\/Koje-10-Lea-328-Cora-105-01.jpg\" data-link=\"https:\/\/homemagazine.cz\/?attachment_id=4394\" class=\"wp-image-4394\"\/><\/figure><\/li><li class=\"blocks-gallery-item\"><figure><img decoding=\"async\" src=\"https:\/\/homemagazine.cz\/wp-content\/uploads\/2023\/01\/Koje-12-Emma-353-Amelie-155-01-840x560.jpg\" alt=\"\" data-id=\"4395\" data-full-url=\"https:\/\/homemagazine.cz\/wp-content\/uploads\/2023\/01\/Koje-12-Emma-353-Amelie-155-01.jpg\" data-link=\"https:\/\/homemagazine.cz\/?attachment_id=4395\" class=\"wp-image-4395\"\/><\/figure><\/li><li class=\"blocks-gallery-item\"><figure><img decoding=\"async\" src=\"https:\/\/homemagazine.cz\/wp-content\/uploads\/2023\/01\/Koje-12-Emma-353-Amelie-155-02-840x560.jpg\" alt=\"\" data-id=\"4396\" data-full-url=\"https:\/\/homemagazine.cz\/wp-content\/uploads\/2023\/01\/Koje-12-Emma-353-Amelie-155-02.jpg\" data-link=\"https:\/\/homemagazine.cz\/?attachment_id=4396\" class=\"wp-image-4396\"\/><\/figure><\/li><li class=\"blocks-gallery-item\"><figure><img decoding=\"async\" src=\"https:\/\/homemagazine.cz\/wp-content\/uploads\/2023\/01\/Koje-13-Cora-105-840x560.jpg\" alt=\"\" data-id=\"4397\" data-full-url=\"https:\/\/homemagazine.cz\/wp-content\/uploads\/2023\/01\/Koje-13-Cora-105.jpg\" data-link=\"https:\/\/homemagazine.cz\/?attachment_id=4397\" class=\"wp-image-4397\"\/><\/figure><\/li><li class=\"blocks-gallery-item\"><figure><img decoding=\"async\" src=\"https:\/\/homemagazine.cz\/wp-content\/uploads\/2023\/01\/Koje-14-Lara-389-Anna-147-01-840x560.jpg\" alt=\"\" data-id=\"4398\" data-full-url=\"https:\/\/homemagazine.cz\/wp-content\/uploads\/2023\/01\/Koje-14-Lara-389-Anna-147-01.jpg\" data-link=\"https:\/\/homemagazine.cz\/?attachment_id=4398\" class=\"wp-image-4398\"\/><\/figure><\/li><li class=\"blocks-gallery-item\"><figure><img decoding=\"async\" src=\"https:\/\/homemagazine.cz\/wp-content\/uploads\/2023\/01\/Koje-14-Lara-389-Anna-147-02-840x560.jpg\" alt=\"\" data-id=\"4399\" data-full-url=\"https:\/\/homemagazine.cz\/wp-content\/uploads\/2023\/01\/Koje-14-Lara-389-Anna-147-02.jpg\" data-link=\"https:\/\/homemagazine.cz\/?attachment_id=4399\" class=\"wp-image-4399\"\/><\/figure><\/li><li class=\"blocks-gallery-item\"><figure><img decoding=\"async\" src=\"https:\/\/homemagazine.cz\/wp-content\/uploads\/2023\/01\/Koje-15-Cindy-242-Cindy-248-01-840x560.jpg\" alt=\"\" data-id=\"4400\" data-full-url=\"https:\/\/homemagazine.cz\/wp-content\/uploads\/2023\/01\/Koje-15-Cindy-242-Cindy-248-01.jpg\" data-link=\"https:\/\/homemagazine.cz\/?attachment_id=4400\" class=\"wp-image-4400\"\/><\/figure><\/li><li class=\"blocks-gallery-item\"><figure><img decoding=\"async\" src=\"https:\/\/homemagazine.cz\/wp-content\/uploads\/2023\/01\/Koje-15-Cindy-242-Cindy-248-02-840x560.jpg\" alt=\"\" data-id=\"4401\" data-full-url=\"https:\/\/homemagazine.cz\/wp-content\/uploads\/2023\/01\/Koje-15-Cindy-242-Cindy-248-02.jpg\" data-link=\"https:\/\/homemagazine.cz\/?attachment_id=4401\" class=\"wp-image-4401\"\/><\/figure><\/li><li class=\"blocks-gallery-item\"><figure><img decoding=\"async\" src=\"https:\/\/homemagazine.cz\/wp-content\/uploads\/2023\/01\/Koje-15-Cindy-242-Cindy-248-03-840x560.jpg\" alt=\"\" data-id=\"4402\" data-full-url=\"https:\/\/homemagazine.cz\/wp-content\/uploads\/2023\/01\/Koje-15-Cindy-242-Cindy-248-03.jpg\" data-link=\"https:\/\/homemagazine.cz\/?attachment_id=4402\" class=\"wp-image-4402\"\/><\/figure><\/li><li class=\"blocks-gallery-item\"><figure><img decoding=\"async\" src=\"https:\/\/homemagazine.cz\/wp-content\/uploads\/2023\/01\/Koje-15-Cindy-242-Cindy-248-04-840x560.jpg\" alt=\"\" data-id=\"4403\" data-full-url=\"https:\/\/homemagazine.cz\/wp-content\/uploads\/2023\/01\/Koje-15-Cindy-242-Cindy-248-04.jpg\" data-link=\"https:\/\/homemagazine.cz\/?attachment_id=4403\" class=\"wp-image-4403\"\/><\/figure><\/li><\/ul><\/figure>\n\n\n\n<div style=\"height:10px\" aria-hidden=\"true\" class=\"wp-block-spacer\"><\/div>\n\n\n\n<p><strong>Zdroj foto<\/strong>: Gorenje<\/p>\n\n\n\n<div style=\"height:45px\" aria-hidden=\"true\" class=\"wp-block-spacer\"><\/div>\n","protected":false},"excerpt":{"rendered":"<p>Barvy roku vyhla\u0161uje ka\u017edoro\u010dn\u011b n\u011bkolik spole\u010dnost\u00ed. I kdy\u017e by se to nemuselo na prvn\u00ed pohled zd\u00e1t, jejich rozhodnut\u00ed ovliv\u0148uje nadlouho dop\u0159edu v\u0161udyp\u0159\u00edtomn\u00e9 m\u00f3dn\u00ed trendy. Jak\u00e9 barvy ovl\u00e1dnou na\u0161e \u0161atn\u00edky a interi\u00e9ry v&nbsp;roce 2023? Jednou z&nbsp;nejv\u00fdznamn\u011bj\u0161\u00edch je spole\u010dnost Pantone se syst\u00e9mem p\u0159esn\u011b definovan\u00fdch p\u0159\u00edm\u00fdch barev, s&nbsp;nimi\u017e pracuj\u00ed nejen grafick\u00e1 studia a tiska\u0159i, ale tak\u00e9 zna\u010dn\u00e1 \u010d\u00e1st [&hellip;]<\/p>\n","protected":false},"author":2,"featured_media":9082,"comment_status":"closed","ping_status":"closed","sticky":false,"template":"","format":"standard","meta":{"_mi_skip_tracking":false,"_monsterinsights_sitenote_active":false,"_monsterinsights_sitenote_note":"","_monsterinsights_sitenote_category":0,"footnotes":""},"categories":[11,26,12],"tags":[],"yoast_head":"<!-- This site is optimized with the Yoast SEO plugin v21.5 - https:\/\/yoast.com\/wordpress\/plugins\/seo\/ -->\n<title>Klid a n\u00e1vrat k p\u0159\u00edrod\u011b. I S\u00edla a odvaha experimentovat. To jsou barvy roku 2023 - WOMENHOUSE.cz<\/title>\n<meta name=\"robots\" content=\"index, follow, max-snippet:-1, max-image-preview:large, max-video-preview:-1\" \/>\n<link rel=\"canonical\" href=\"https:\/\/womenhouse.cz\/index.php\/2023\/01\/25\/klid-a-navrat-k-prirode-i-sila-a-odvaha-experimentovat-to-jsou-barvy-roku-2023\/\" \/>\n<meta property=\"og:locale\" content=\"cs_CZ\" \/>\n<meta property=\"og:type\" content=\"article\" \/>\n<meta property=\"og:title\" content=\"Klid a n\u00e1vrat k p\u0159\u00edrod\u011b. I S\u00edla a odvaha experimentovat. To jsou barvy roku 2023 - WOMENHOUSE.cz\" \/>\n<meta property=\"og:description\" content=\"Barvy roku vyhla\u0161uje ka\u017edoro\u010dn\u011b n\u011bkolik spole\u010dnost\u00ed. I kdy\u017e by se to nemuselo na prvn\u00ed pohled zd\u00e1t, jejich rozhodnut\u00ed ovliv\u0148uje nadlouho dop\u0159edu v\u0161udyp\u0159\u00edtomn\u00e9 m\u00f3dn\u00ed trendy. Jak\u00e9 barvy ovl\u00e1dnou na\u0161e \u0161atn\u00edky a interi\u00e9ry v&nbsp;roce 2023? Jednou z&nbsp;nejv\u00fdznamn\u011bj\u0161\u00edch je spole\u010dnost Pantone se syst\u00e9mem p\u0159esn\u011b definovan\u00fdch p\u0159\u00edm\u00fdch barev, s&nbsp;nimi\u017e pracuj\u00ed nejen grafick\u00e1 studia a tiska\u0159i, ale tak\u00e9 zna\u010dn\u00e1 \u010d\u00e1st [&hellip;]\" \/>\n<meta property=\"og:url\" content=\"https:\/\/womenhouse.cz\/index.php\/2023\/01\/25\/klid-a-navrat-k-prirode-i-sila-a-odvaha-experimentovat-to-jsou-barvy-roku-2023\/\" \/>\n<meta property=\"og:site_name\" content=\"WOMENHOUSE.cz\" \/>\n<meta property=\"article:publisher\" content=\"https:\/\/www.facebook.com\/womenhousecz\" \/>\n<meta property=\"article:published_time\" content=\"2023-01-25T00:12:37+00:00\" \/>\n<meta property=\"article:modified_time\" content=\"2023-03-26T22:35:07+00:00\" \/>\n<meta property=\"og:image\" content=\"https:\/\/womenhouse.cz\/wp-content\/uploads\/2023\/01\/Koje-09-Gloriette-304-03.jpg\" \/>\n\t<meta property=\"og:image:width\" content=\"1450\" \/>\n\t<meta property=\"og:image:height\" content=\"966\" \/>\n\t<meta property=\"og:image:type\" content=\"image\/jpeg\" \/>\n<meta name=\"author\" content=\"Jolana Hol\u00e1\u0148ov\u00e1\" \/>\n<meta name=\"twitter:card\" content=\"summary_large_image\" \/>\n<meta name=\"twitter:label1\" content=\"Napsal(a)\" \/>\n\t<meta name=\"twitter:data1\" content=\"Jolana Hol\u00e1\u0148ov\u00e1\" \/>\n\t<meta name=\"twitter:label2\" content=\"Odhadovan\u00e1 doba \u010dten\u00ed\" \/>\n\t<meta name=\"twitter:data2\" content=\"4 minuty\" \/>\n<script type=\"application\/ld+json\" class=\"yoast-schema-graph\">{\"@context\":\"https:\/\/schema.org\",\"@graph\":[{\"@type\":\"Article\",\"@id\":\"https:\/\/womenhouse.cz\/index.php\/2023\/01\/25\/klid-a-navrat-k-prirode-i-sila-a-odvaha-experimentovat-to-jsou-barvy-roku-2023\/#article\",\"isPartOf\":{\"@id\":\"https:\/\/womenhouse.cz\/index.php\/2023\/01\/25\/klid-a-navrat-k-prirode-i-sila-a-odvaha-experimentovat-to-jsou-barvy-roku-2023\/\"},\"author\":{\"name\":\"Jolana Hol\u00e1\u0148ov\u00e1\",\"@id\":\"https:\/\/womenhouse.cz\/#\/schema\/person\/541326101f8d68c711e83e8fecc80738\"},\"headline\":\"Klid a n\u00e1vrat k p\u0159\u00edrod\u011b. I S\u00edla a odvaha experimentovat. To jsou barvy roku 2023\",\"datePublished\":\"2023-01-25T00:12:37+00:00\",\"dateModified\":\"2023-03-26T22:35:07+00:00\",\"mainEntityOfPage\":{\"@id\":\"https:\/\/womenhouse.cz\/index.php\/2023\/01\/25\/klid-a-navrat-k-prirode-i-sila-a-odvaha-experimentovat-to-jsou-barvy-roku-2023\/\"},\"wordCount\":904,\"publisher\":{\"@id\":\"https:\/\/womenhouse.cz\/#organization\"},\"articleSection\":[\"BYDLEN\u00cd &amp; DESIGN\",\"TECHNIKA &amp; SPOT\u0158EBI\u010cE\",\"TIPY &amp; TRENDY\"],\"inLanguage\":\"cs\"},{\"@type\":\"WebPage\",\"@id\":\"https:\/\/womenhouse.cz\/index.php\/2023\/01\/25\/klid-a-navrat-k-prirode-i-sila-a-odvaha-experimentovat-to-jsou-barvy-roku-2023\/\",\"url\":\"https:\/\/womenhouse.cz\/index.php\/2023\/01\/25\/klid-a-navrat-k-prirode-i-sila-a-odvaha-experimentovat-to-jsou-barvy-roku-2023\/\",\"name\":\"Klid a n\u00e1vrat k p\u0159\u00edrod\u011b. I S\u00edla a odvaha experimentovat. To jsou barvy roku 2023 - WOMENHOUSE.cz\",\"isPartOf\":{\"@id\":\"https:\/\/womenhouse.cz\/#website\"},\"datePublished\":\"2023-01-25T00:12:37+00:00\",\"dateModified\":\"2023-03-26T22:35:07+00:00\",\"breadcrumb\":{\"@id\":\"https:\/\/womenhouse.cz\/index.php\/2023\/01\/25\/klid-a-navrat-k-prirode-i-sila-a-odvaha-experimentovat-to-jsou-barvy-roku-2023\/#breadcrumb\"},\"inLanguage\":\"cs\",\"potentialAction\":[{\"@type\":\"ReadAction\",\"target\":[\"https:\/\/womenhouse.cz\/index.php\/2023\/01\/25\/klid-a-navrat-k-prirode-i-sila-a-odvaha-experimentovat-to-jsou-barvy-roku-2023\/\"]}]},{\"@type\":\"BreadcrumbList\",\"@id\":\"https:\/\/womenhouse.cz\/index.php\/2023\/01\/25\/klid-a-navrat-k-prirode-i-sila-a-odvaha-experimentovat-to-jsou-barvy-roku-2023\/#breadcrumb\",\"itemListElement\":[{\"@type\":\"ListItem\",\"position\":1,\"name\":\"Dom\u016f\",\"item\":\"https:\/\/womenhouse.cz\/\"},{\"@type\":\"ListItem\",\"position\":2,\"name\":\"Klid a n\u00e1vrat k p\u0159\u00edrod\u011b. I S\u00edla a odvaha experimentovat. To jsou barvy roku 2023\"}]},{\"@type\":\"WebSite\",\"@id\":\"https:\/\/womenhouse.cz\/#website\",\"url\":\"https:\/\/womenhouse.cz\/\",\"name\":\"WOMENHOUSE.cz\",\"description\":\"Port\u00e1l v\u00fdhradn\u011b jen pro \u017eeny...\",\"publisher\":{\"@id\":\"https:\/\/womenhouse.cz\/#organization\"},\"potentialAction\":[{\"@type\":\"SearchAction\",\"target\":{\"@type\":\"EntryPoint\",\"urlTemplate\":\"https:\/\/womenhouse.cz\/?s={search_term_string}\"},\"query-input\":\"required name=search_term_string\"}],\"inLanguage\":\"cs\"},{\"@type\":\"Organization\",\"@id\":\"https:\/\/womenhouse.cz\/#organization\",\"name\":\"WOMENHOUSE.cz\",\"url\":\"https:\/\/womenhouse.cz\/\",\"logo\":{\"@type\":\"ImageObject\",\"inLanguage\":\"cs\",\"@id\":\"https:\/\/womenhouse.cz\/#\/schema\/logo\/image\/\",\"url\":\"https:\/\/womenhouse.cz\/wp-content\/uploads\/2020\/06\/cropped-logo_Womenhouse_RGB-02-removebg-preview-1.png\",\"contentUrl\":\"https:\/\/womenhouse.cz\/wp-content\/uploads\/2020\/06\/cropped-logo_Womenhouse_RGB-02-removebg-preview-1.png\",\"width\":561,\"height\":375,\"caption\":\"WOMENHOUSE.cz\"},\"image\":{\"@id\":\"https:\/\/womenhouse.cz\/#\/schema\/logo\/image\/\"},\"sameAs\":[\"https:\/\/www.facebook.com\/womenhousecz\",\"https:\/\/www.instagram.com\/womenhousecz\/\"]},{\"@type\":\"Person\",\"@id\":\"https:\/\/womenhouse.cz\/#\/schema\/person\/541326101f8d68c711e83e8fecc80738\",\"name\":\"Jolana Hol\u00e1\u0148ov\u00e1\",\"sameAs\":[\"http:\/\/www.womenhouse.cz\"],\"url\":\"https:\/\/womenhouse.cz\/index.php\/author\/jolhol\/\"}]}<\/script>\n<!-- \/ Yoast SEO plugin. -->","yoast_head_json":{"title":"Klid a n\u00e1vrat k p\u0159\u00edrod\u011b. I S\u00edla a odvaha experimentovat. To jsou barvy roku 2023 - WOMENHOUSE.cz","robots":{"index":"index","follow":"follow","max-snippet":"max-snippet:-1","max-image-preview":"max-image-preview:large","max-video-preview":"max-video-preview:-1"},"canonical":"https:\/\/womenhouse.cz\/index.php\/2023\/01\/25\/klid-a-navrat-k-prirode-i-sila-a-odvaha-experimentovat-to-jsou-barvy-roku-2023\/","og_locale":"cs_CZ","og_type":"article","og_title":"Klid a n\u00e1vrat k p\u0159\u00edrod\u011b. I S\u00edla a odvaha experimentovat. To jsou barvy roku 2023 - WOMENHOUSE.cz","og_description":"Barvy roku vyhla\u0161uje ka\u017edoro\u010dn\u011b n\u011bkolik spole\u010dnost\u00ed. I kdy\u017e by se to nemuselo na prvn\u00ed pohled zd\u00e1t, jejich rozhodnut\u00ed ovliv\u0148uje nadlouho dop\u0159edu v\u0161udyp\u0159\u00edtomn\u00e9 m\u00f3dn\u00ed trendy. Jak\u00e9 barvy ovl\u00e1dnou na\u0161e \u0161atn\u00edky a interi\u00e9ry v&nbsp;roce 2023? Jednou z&nbsp;nejv\u00fdznamn\u011bj\u0161\u00edch je spole\u010dnost Pantone se syst\u00e9mem p\u0159esn\u011b definovan\u00fdch p\u0159\u00edm\u00fdch barev, s&nbsp;nimi\u017e pracuj\u00ed nejen grafick\u00e1 studia a tiska\u0159i, ale tak\u00e9 zna\u010dn\u00e1 \u010d\u00e1st [&hellip;]","og_url":"https:\/\/womenhouse.cz\/index.php\/2023\/01\/25\/klid-a-navrat-k-prirode-i-sila-a-odvaha-experimentovat-to-jsou-barvy-roku-2023\/","og_site_name":"WOMENHOUSE.cz","article_publisher":"https:\/\/www.facebook.com\/womenhousecz","article_published_time":"2023-01-25T00:12:37+00:00","article_modified_time":"2023-03-26T22:35:07+00:00","og_image":[{"width":1450,"height":966,"url":"https:\/\/womenhouse.cz\/wp-content\/uploads\/2023\/01\/Koje-09-Gloriette-304-03.jpg","type":"image\/jpeg"}],"author":"Jolana Hol\u00e1\u0148ov\u00e1","twitter_card":"summary_large_image","twitter_misc":{"Napsal(a)":"Jolana Hol\u00e1\u0148ov\u00e1","Odhadovan\u00e1 doba \u010dten\u00ed":"4 minuty"},"schema":{"@context":"https:\/\/schema.org","@graph":[{"@type":"Article","@id":"https:\/\/womenhouse.cz\/index.php\/2023\/01\/25\/klid-a-navrat-k-prirode-i-sila-a-odvaha-experimentovat-to-jsou-barvy-roku-2023\/#article","isPartOf":{"@id":"https:\/\/womenhouse.cz\/index.php\/2023\/01\/25\/klid-a-navrat-k-prirode-i-sila-a-odvaha-experimentovat-to-jsou-barvy-roku-2023\/"},"author":{"name":"Jolana Hol\u00e1\u0148ov\u00e1","@id":"https:\/\/womenhouse.cz\/#\/schema\/person\/541326101f8d68c711e83e8fecc80738"},"headline":"Klid a n\u00e1vrat k p\u0159\u00edrod\u011b. I S\u00edla a odvaha experimentovat. To jsou barvy roku 2023","datePublished":"2023-01-25T00:12:37+00:00","dateModified":"2023-03-26T22:35:07+00:00","mainEntityOfPage":{"@id":"https:\/\/womenhouse.cz\/index.php\/2023\/01\/25\/klid-a-navrat-k-prirode-i-sila-a-odvaha-experimentovat-to-jsou-barvy-roku-2023\/"},"wordCount":904,"publisher":{"@id":"https:\/\/womenhouse.cz\/#organization"},"articleSection":["BYDLEN\u00cd &amp; DESIGN","TECHNIKA &amp; SPOT\u0158EBI\u010cE","TIPY &amp; TRENDY"],"inLanguage":"cs"},{"@type":"WebPage","@id":"https:\/\/womenhouse.cz\/index.php\/2023\/01\/25\/klid-a-navrat-k-prirode-i-sila-a-odvaha-experimentovat-to-jsou-barvy-roku-2023\/","url":"https:\/\/womenhouse.cz\/index.php\/2023\/01\/25\/klid-a-navrat-k-prirode-i-sila-a-odvaha-experimentovat-to-jsou-barvy-roku-2023\/","name":"Klid a n\u00e1vrat k p\u0159\u00edrod\u011b. I S\u00edla a odvaha experimentovat. To jsou barvy roku 2023 - WOMENHOUSE.cz","isPartOf":{"@id":"https:\/\/womenhouse.cz\/#website"},"datePublished":"2023-01-25T00:12:37+00:00","dateModified":"2023-03-26T22:35:07+00:00","breadcrumb":{"@id":"https:\/\/womenhouse.cz\/index.php\/2023\/01\/25\/klid-a-navrat-k-prirode-i-sila-a-odvaha-experimentovat-to-jsou-barvy-roku-2023\/#breadcrumb"},"inLanguage":"cs","potentialAction":[{"@type":"ReadAction","target":["https:\/\/womenhouse.cz\/index.php\/2023\/01\/25\/klid-a-navrat-k-prirode-i-sila-a-odvaha-experimentovat-to-jsou-barvy-roku-2023\/"]}]},{"@type":"BreadcrumbList","@id":"https:\/\/womenhouse.cz\/index.php\/2023\/01\/25\/klid-a-navrat-k-prirode-i-sila-a-odvaha-experimentovat-to-jsou-barvy-roku-2023\/#breadcrumb","itemListElement":[{"@type":"ListItem","position":1,"name":"Dom\u016f","item":"https:\/\/womenhouse.cz\/"},{"@type":"ListItem","position":2,"name":"Klid a n\u00e1vrat k p\u0159\u00edrod\u011b. I S\u00edla a odvaha experimentovat. To jsou barvy roku 2023"}]},{"@type":"WebSite","@id":"https:\/\/womenhouse.cz\/#website","url":"https:\/\/womenhouse.cz\/","name":"WOMENHOUSE.cz","description":"Port\u00e1l v\u00fdhradn\u011b jen pro \u017eeny...","publisher":{"@id":"https:\/\/womenhouse.cz\/#organization"},"potentialAction":[{"@type":"SearchAction","target":{"@type":"EntryPoint","urlTemplate":"https:\/\/womenhouse.cz\/?s={search_term_string}"},"query-input":"required name=search_term_string"}],"inLanguage":"cs"},{"@type":"Organization","@id":"https:\/\/womenhouse.cz\/#organization","name":"WOMENHOUSE.cz","url":"https:\/\/womenhouse.cz\/","logo":{"@type":"ImageObject","inLanguage":"cs","@id":"https:\/\/womenhouse.cz\/#\/schema\/logo\/image\/","url":"https:\/\/womenhouse.cz\/wp-content\/uploads\/2020\/06\/cropped-logo_Womenhouse_RGB-02-removebg-preview-1.png","contentUrl":"https:\/\/womenhouse.cz\/wp-content\/uploads\/2020\/06\/cropped-logo_Womenhouse_RGB-02-removebg-preview-1.png","width":561,"height":375,"caption":"WOMENHOUSE.cz"},"image":{"@id":"https:\/\/womenhouse.cz\/#\/schema\/logo\/image\/"},"sameAs":["https:\/\/www.facebook.com\/womenhousecz","https:\/\/www.instagram.com\/womenhousecz\/"]},{"@type":"Person","@id":"https:\/\/womenhouse.cz\/#\/schema\/person\/541326101f8d68c711e83e8fecc80738","name":"Jolana Hol\u00e1\u0148ov\u00e1","sameAs":["http:\/\/www.womenhouse.cz"],"url":"https:\/\/womenhouse.cz\/index.php\/author\/jolhol\/"}]}},"_links":{"self":[{"href":"https:\/\/womenhouse.cz\/index.php\/wp-json\/wp\/v2\/posts\/9081"}],"collection":[{"href":"https:\/\/womenhouse.cz\/index.php\/wp-json\/wp\/v2\/posts"}],"about":[{"href":"https:\/\/womenhouse.cz\/index.php\/wp-json\/wp\/v2\/types\/post"}],"author":[{"embeddable":true,"href":"https:\/\/womenhouse.cz\/index.php\/wp-json\/wp\/v2\/users\/2"}],"replies":[{"embeddable":true,"href":"https:\/\/womenhouse.cz\/index.php\/wp-json\/wp\/v2\/comments?post=9081"}],"version-history":[{"count":-4,"href":"https:\/\/womenhouse.cz\/index.php\/wp-json\/wp\/v2\/posts\/9081\/revisions"}],"wp:featuredmedia":[{"embeddable":true,"href":"https:\/\/womenhouse.cz\/index.php\/wp-json\/wp\/v2\/media\/9082"}],"wp:attachment":[{"href":"https:\/\/womenhouse.cz\/index.php\/wp-json\/wp\/v2\/media?parent=9081"}],"wp:term":[{"taxonomy":"category","embeddable":true,"href":"https:\/\/womenhouse.cz\/index.php\/wp-json\/wp\/v2\/categories?post=9081"},{"taxonomy":"post_tag","embeddable":true,"href":"https:\/\/womenhouse.cz\/index.php\/wp-json\/wp\/v2\/tags?post=9081"}],"curies":[{"name":"wp","href":"https:\/\/api.w.org\/{rel}","templated":true}]}}