{"id":9054,"date":"2023-01-13T00:53:00","date_gmt":"2023-01-12T23:53:00","guid":{"rendered":"https:\/\/womenhouse.cz\/?p=9054"},"modified":"2023-03-01T14:54:59","modified_gmt":"2023-03-01T13:54:59","slug":"propojovani-komerce-a-umeni-boxerem-z-reklamy-na-rum-martin-lukac-bori-vsechny-zazite-predstavy-o-umelcich-nejen-spolupraci-s-footshopem-a-adidas","status":"publish","type":"post","link":"https:\/\/womenhouse.cz\/index.php\/2023\/01\/13\/propojovani-komerce-a-umeni-boxerem-z-reklamy-na-rum-martin-lukac-bori-vsechny-zazite-predstavy-o-umelcich-nejen-spolupraci-s-footshopem-a-adidas\/","title":{"rendered":"Propojov\u00e1n\u00ed komerce a um\u011bn\u00ed boxerem z reklamy na rum. Martin Luk\u00e1\u010d bo\u0159\u00ed v\u0161echny za\u017eit\u00e9 p\u0159edstavy o um\u011blc\u00edch nejen spoluprac\u00ed s Footshopem a adidas"},"content":{"rendered":"\n<div style=\"height:44px\" aria-hidden=\"true\" class=\"wp-block-spacer\"><\/div>\n\n\n\n<p><strong>Vnit\u0159n\u00ed dynamika, divok\u00e1 exprese a motiv bojov\u00fdch sport\u016f. I takto lze v kr\u00e1tkosti shrnout aktu\u00e1ln\u00ed tvorbu um\u011blce Martina Luk\u00e1\u010de, rod\u00e1ka ze slovensk\u00fdch Pie\u0161\u0165an a absolventa mal\u00ed\u0159sk\u00e9ho ateli\u00e9ru Ji\u0159\u00edho \u010cernick\u00e9ho a Marka Meduny na pra\u017esk\u00e9 UMPRUM. \u010cerstv\u011b t\u0159iat\u0159icetilet\u00fd Martin Luk\u00e1\u010d m\u011bl jednu ze sv\u00fdch posledn\u00edch v\u00fdstav v M\u00e1nesu, kde u p\u0159\u00edle\u017eitosti 11. v\u00fdro\u010d\u00ed existence streetwearov\u00e9ho prodejce&nbsp;<a href=\"http:\/\/footshop.cz\/\">Footshop<\/a>&nbsp;za podpory zna\u010dky adidas Originals v vystavil 11 abstraktn\u00edch olejomaleb. Spolupr\u00e1ce takov\u00e9ho r\u00e1zu v\u0161ak nezvnikla poprv\u00e9. Martin Luk\u00e1\u010d sv\u00fdm progresivn\u00edm p\u0159\u00edstupem bo\u0159\u00ed p\u0159edstavy o tradi\u010dn\u00edch um\u011blc\u00edch u\u017e dlouhodob\u011b a neboj\u00ed se vz\u00e1jemn\u011b propojovat sv\u011bt um\u011bn\u00ed a komerce.<\/strong><\/p>\n\n\n\n<figure class=\"wp-block-image size-large\"><img decoding=\"async\" src=\"https:\/\/celebrityhouse.cz\/wp-content\/uploads\/2023\/01\/Martin_Lukac_Peter_Hajducek-1024x683.jpg\" alt=\"Propojov\u00e1n\u00ed komerce a um\u011bn\u00ed boxerem z reklamy na rum. Martin Luk\u00e1\u010d bo\u0159\u00ed v\u0161echny za\u017eit\u00e9 p\u0159edstavy o um\u011blc\u00edch nejen spoluprac\u00ed s Footshopem a adidas\" class=\"wp-image-6254\"\/><\/figure>\n\n\n\n<p>\u201c<em>S Peterem Hajdu\u010dkem, zakladatelem Footshopu, se zn\u00e1me u\u017e dlouh\u00e1 l\u00e9ta. Za tu dobu jsme spolupracovali na n\u011bkolika r\u016fzn\u00fdch projektech &#8211; d\u011blali jsme spolu oble\u010den\u00ed nebo jsem nap\u0159\u00edklad vystavoval ve Footshop skladu v Horn\u00edch Po\u010dernic\u00edch. Letos jsme se zam\u011b\u0159ili na jejich nov\u00e9 logo z d\u00edlny Studia NAJBRT. Peter se m\u011b na za\u010d\u00e1tku roku zeptal, zda s logem nechci zkusit pracovat, mn\u011b se n\u00e1pad l\u00edbil a tak to cel\u00e9 vzniklo,\u201d<\/em><strong>&nbsp;vysv\u011btluje Martin Luk\u00e1\u010d, jak se zrodila nejnov\u011bj\u0161\u00ed spolupr\u00e1ce s Footshopem<\/strong>.<\/p>\n\n\n\n<figure class=\"wp-block-image\"><img decoding=\"async\" src=\"http:\/\/www.menhouse.cz\/tmp\/20537_0_800_1673480657.jpg\" alt=\"Propojov\u00e1n\u00ed komerce a um\u011bn\u00ed boxerem z reklamy na rum\"\/><\/figure>\n\n\n\n<p>\u201c<em>Jednot\u00edc\u00edm prvkem d\u011bl se stalo pr\u00e1v\u011b logo Footshopu a posl\u00e9ze i speci\u00e1ln\u00ed adidas Originals r\u00e1mov\u00e1n\u00ed. Ka\u017ed\u00fd obraz je ale jin\u00fd,\u201d&nbsp;<\/em>\u0159\u00edk\u00e1 mal\u00ed\u0159. V\u00fdsledek Martinovy pr\u00e1ce byl k vid\u011bn\u00ed b\u011bhem listopadu v Galerii M\u00e1nes, kde rovn\u011b\u017e prob\u011bhla za podpory adidas Originals oslavn\u00e1 vernis\u00e1\u017e. Sou\u010d\u00e1st\u00ed spolupr\u00e1ce v\u0161ak nebyly jen prodejn\u00ed obrazy, ale i limitovan\u00e1 kolekce oble\u010den\u00ed&nbsp;<strong><a href=\"https:\/\/www.footshop.cz\/cs\/6325-footshop-11th-anniversary\/\">Footshop x Martin Luk\u00e1\u010d<\/a><\/strong>, je\u017e se b\u011bhem n\u011bkolika m\u00e1lo t\u00fddn\u016f vyprodala.<\/p>\n\n\n\n<figure class=\"wp-block-image\"><img decoding=\"async\" src=\"http:\/\/www.menhouse.cz\/tmp\/20542_0_800_1673480659.jpg\" alt=\"Propojov\u00e1n\u00ed komerce a um\u011bn\u00ed boxerem z reklamy na rum\"\/><\/figure>\n\n\n\n<p><strong>Pro&nbsp;<a href=\"http:\/\/footshop.cz\/\">Footshop<\/a>&nbsp;Martin Luk\u00e1\u010d pomaloval i boxersk\u00e9 pytle a rukavice, v \u010dem\u017e se op\u011bt projevil um\u011blc\u016fv rukopis.<\/strong>&nbsp;<em>\u201cRodi\u010de se v\u011bnovali karate, tak\u017ee jsme ho s bratrem a sestrou tak\u00e9 d\u011blali. By\u0165 m\u011b to v d\u011btstv\u00ed moc nebavilo, nakonec jsem bojov\u00fdm sport\u016fm propadl a v posledn\u00ed dob\u011b chod\u00edm t\u0159ikr\u00e1t t\u00fddn\u011b na thajsk\u00fd box. I kdy\u017e nesout\u011b\u017e\u00edm, tak se dom\u016f vrac\u00edm rozbit\u00fd.\u201d<\/em>&nbsp;Nen\u00ed tedy p\u0159ekvapen\u00edm, \u017ee Martina bojov\u00e9 sporty na jeho um\u011bleck\u00e9 dr\u00e1ze prov\u00e1zej\u00ed a do sv\u00fdch d\u011bl je dlouhodob\u011b prom\u00edt\u00e1.<em>&nbsp;\u201cS bojov\u00fdmi motivy jsem za\u010dal tvo\u0159it v roce 2014 nebo 2015, nej\u010dast\u011bji to byly pr\u00e1v\u011b boxersk\u00e9 rukavice a abstraktn\u011bj\u0161\u00ed figur\u00edny,\u201d&nbsp;<\/em>\u0159\u00edk\u00e1 Martin.<\/p>\n\n\n\n<figure class=\"wp-block-image\"><img decoding=\"async\" src=\"http:\/\/www.menhouse.cz\/tmp\/20536_0_800_1673480657.jpg\" alt=\"Propojov\u00e1n\u00ed komerce a um\u011bn\u00ed boxerem z reklamy na rum\"\/><\/figure>\n\n\n\n<h2 class=\"wp-block-heading\"><strong>L\u00e1ska k velk\u00fdm pl\u00e1tn\u016fm<\/strong><\/h2>\n\n\n\n<p>V r\u00e1mci spolupr\u00e1ce m\u011bl Martin mo\u017enost pracovat s velk\u00fdmi pl\u00e1tny, o kter\u00fdch snil u\u017e p\u0159ed n\u011bkolika lety.&nbsp;<em>\u201dV tomhle byla spolupr\u00e1ce s Footshopem a adidasem v\u00e1\u017en\u011b super. Maloval jsem na 10 karton\u016f 3&#215;2 metry. To byla bomba. B\u011bhem coronaviru jsem obraz\u016f 3&#215;2 metry d\u011blal v\u00edce, pos\u00edlaly se do Ameriky, proto\u017ee kde jinde ne\u017e v Americe by na tohle m\u011bli m\u00edt prostor.\u201d&nbsp;<\/em>Um\u011blc\u016fv vztah k tvorb\u011b na v\u011bt\u0161\u00edch ploch\u00e1ch se ukazuje i v dal\u0161\u00edm mezn\u00edku, po n\u011bm\u017e mal\u00ed\u0159 pokukuje &#8211; a to malb\u011b muralu.<\/p>\n\n\n\n<p>\u201c<em>Mural jsem cht\u011bl tak\u00e9 d\u011blat b\u011bhem covidu, kdy jsem vytvo\u0159il n\u011bjak\u00e9 n\u00e1vrhy. Jeliko\u017e jsem vyr\u016fstal na s\u00eddli\u0161ti v Petr\u017ealce v Bratislav\u011b, kde jsou velk\u00e1, panelov\u00e1 \u010dela, tak jsem cht\u011bl jeden mural ud\u011blat pr\u00e1v\u011b tam. Bylo ale hrozn\u011b t\u011b\u017ek\u00e9 p\u0159esv\u011bd\u010dit n\u00e1jemn\u00edky, aby projekt schv\u00e1lili. Z\u016fstalo to jen u&nbsp;<\/em><strong><a href=\"https:\/\/www.instagram.com\/p\/CP8nqtRFsdf\/?hl=cs\"><em>vizualizace<\/em><\/a><\/strong><em>, na kter\u00e9 je takov\u00fd m\u016fj ninja v kombinaci s holubic\u00ed. V Petr\u017ealce jsou toti\u017e na konci m\u011bsta namalovan\u00e9 holubice, kter\u00e9 vych\u00e1z\u00ed z Picassovy tvorby. Picasso byl komunista, tak\u017ee ho za socialismu m\u011bli r\u00e1di a nechali to tam nakreslit jako symbol svobody.\u201d&nbsp;<\/em><strong>vysv\u011btluje Martin koncept, na kter\u00fd u\u017e m\u011bl dle sv\u00fdch slov sehnan\u00e9 i pen\u00edze a barvy<\/strong>.<\/p>\n\n\n\n<figure class=\"wp-block-image\"><img decoding=\"async\" src=\"http:\/\/www.menhouse.cz\/tmp\/20538_0_800_1673480657.jpg\" alt=\"Propojov\u00e1n\u00ed komerce a um\u011bn\u00ed boxerem z reklamy na rum\"\/><\/figure>\n\n\n\n<h2 class=\"wp-block-heading\">Um\u011bn\u00ed v komer\u010dn\u00ed sf\u00e9\u0159e<\/h2>\n\n\n\n<p>Jak na tvorbu Martina Luk\u00e1\u010de v\u010detn\u011b jeho komer\u010dn\u00edch spoluprac\u00ed nahl\u00ed\u017e\u00ed um\u011bleck\u00e1 obec?&nbsp;<em>\u201eCo se t\u00fd\u010de um\u011bleck\u00fdch \u0161kol, tak tam se velmi \u010dasto objevuj\u00ed frustrovan\u00ed lid\u00e9, kte\u0159\u00ed tvrd\u00ed, \u017ee je um\u011bn\u00ed jen jedno a jednoho typu. To ale nen\u00ed pravda, d\u00e1 se na n\u011bj nahl\u00ed\u017eet z r\u016fzn\u00fdch stran. Nav\u00edc se po t\u011bch letech s um\u011blci skoro v\u016fbec nepotk\u00e1v\u00e1m, tak\u017ee nev\u00edm, co si o tom mysl\u00ed. Rad\u011bji se obklopuji lidmi s co nejr\u016fzn\u011bj\u0161\u00edmi z\u00e1jmy, t\u0159eba sportovci nebo vina\u0159i. Dod\u00e1vaj\u00ed mi inspiraci z jin\u00e9 perspektivy,\u201d<\/em><strong>&nbsp;\u0159\u00edk\u00e1 Luk\u00e1\u010d, kter\u00fd v roce 2016 obdr\u017eel Cenu kritiky za mladou malbu.<\/strong><\/p>\n\n\n\n<p>D\u00edky Luk\u00e1\u010dovu pojet\u00ed um\u011bn\u00ed lze vn\u00edmat p\u016fvodn\u011b komer\u010dn\u00ed logo jako um\u011bleck\u00fd objekt, s n\u00edm\u017e lze st\u00e1le pracovat a d\u00e1le jej r\u016fzn\u011b p\u0159etv\u00e1\u0159et nebo p\u0159emalov\u00e1vat zp\u016fsobem jako to d\u0159\u00edve d\u011blali Andy Warhol a Jean-Michel Basquiat.&nbsp;<em>\u201cLogo je v\u00fdtvarn\u00e1 v\u011bc a za 20 let se v\u00fdznam tohoto druhu tvorby je\u0161t\u011b prom\u011bn\u00ed,\u201d<\/em>&nbsp;konstatuje mal\u00ed\u0159.<\/p>\n\n\n\n<p>Jeho teorii potvrzuje i z\u00e1\u017eitek z praxe, kdy jeho ateli\u00e9r nav\u0161t\u00edvili sb\u011bratel\u00e9 um\u011bn\u00ed a vid\u011bli na\u017eivo je\u0161t\u011b schnouc\u00ed obrazy s logem Footshopu.&nbsp;<em>\u201cHned mi \u0159\u00edkali, jak by je cht\u011bli koupit a ani nep\u0159em\u00fd\u0161leli nad t\u00edm, \u017ee je tam zakomponov\u00e1no n\u011bjak\u00e9 logo. Vid\u011bli v tom prost\u011b dobr\u00fd obraz, kter\u00fd je bav\u00ed.\u201d&nbsp;<\/em>\u0160est obraz\u016f se t\u00edmto zp\u016fsobem prodalo je\u0161t\u011b p\u0159ed zah\u00e1jen\u00edm vernis\u00e1\u017e\u00ed. Jedn\u00edm z kupc\u016f byla nap\u0159\u00edklad spole\u010dnost adidas Originals, kter\u00e1 v\u00fdstavu spolupo\u0159\u00e1dala a jej\u00ed\u017e logo rovn\u011b\u017e Martin Luk\u00e1\u010d ztv\u00e1rnil na r\u00e1mech maleb.<\/p>\n\n\n\n<p>\u201c<em>Pokud p\u0159ijde firma a nab\u00eddne mi pen\u00edze za n\u011bco, co m\u011b nezaj\u00edm\u00e1, tak do toho jednodu\u0161e nejdu, proto\u017ee s t\u00edm nebudu nikdy ztoto\u017en\u011bn. Footshop je ale moje srdcovka a Peter to v\u00ed. Footshop z\u00e1rove\u0148 um\u011bn\u00ed a kulturu p\u0159\u00edmo podporuje. Tento rok se m\u011b ptal, na kterou um\u011bleckou \u0161kolu bych za sebe v\u011bnoval pen\u00edze a opravdu je tam poslal. Je skv\u011bl\u00e9, kdy\u017e se komer\u010dn\u00ed sf\u00e9ra t\u00e9 um\u011bleck\u00e9 um\u00ed odvd\u011b\u010dit,\u201d<\/em>hodnot\u00ed Martin a dod\u00e1v\u00e1, \u017ee se t\u011b\u0161\u00ed na budouc\u00ed p\u0159\u00edle\u017eitosti pro propojov\u00e1n\u00ed um\u011bn\u00ed se soukrom\u00fdm sektorem.<\/p>\n\n\n\n<figure class=\"wp-block-image\"><img decoding=\"async\" src=\"http:\/\/www.menhouse.cz\/tmp\/20540_0_800_1673480658.jpg\" alt=\"Propojov\u00e1n\u00ed komerce a um\u011bn\u00ed boxerem z reklamy na rum\"\/><\/figure>\n\n\n\n<h2 class=\"wp-block-heading\"><strong>Mezi malov\u00e1n\u00edm a v\u00fdstavami kovbojem v reklam\u011b na rum<\/strong><\/h2>\n\n\n\n<p>\u201e<em>Na konci roku 2022 jsem se objevil v reklam\u011b na rum.,\u201d<\/em>&nbsp;\u0159\u00edk\u00e1 mal\u00ed\u0159.&nbsp;<em>\u201eS nab\u00eddkou za mnou p\u0159i\u0161el \u0161\u00e9fredaktor \u010dasopisu Esquire Petr Mat\u011bj\u010dek. Na m\u00fdch soci\u00e1ln\u00edch s\u00edt\u00edch vid\u011bl jak si na m\u00fdch cest\u00e1ch po americk\u00e9 Arizon\u011b u\u017e\u00edv\u00e1m no\u0161en\u00ed kovbojsk\u00fdch klobouk\u016f. Kovbojsk\u00e1 kultura se mi moc l\u00edb\u00ed, a to u\u017e od dosp\u00edv\u00e1n\u00ed. Mo\u017en\u00e1 v\u00e1s to p\u0159ekvap\u00ed, ale na slovensk\u00e9m venkov\u011b se po\u0159\u00e1dala i rodea. A proto\u017ee jsem fandou klobouk\u016f, doutn\u00edk\u016f a dobr\u00e9ho pit\u00ed, tak jsem v\u016fbec nem\u011bl nic proti se v reklam\u011b coby kovboj objevit,\u201d&nbsp;<\/em>vysv\u011btluje um\u011blec. Anebo model? To, \u017ee je Martin Luk\u00e1\u010d mal\u00ed\u0159em se toti\u017e z reklamy na prvn\u00ed dobrou nikdo nedozv\u00ed. Jde nicm\u00e9n\u011b o potvrzen\u00ed toho, \u017ee Martin Luk\u00e1\u010d nen\u00ed um\u011blcem v tom v\u0161eobecn\u011b za\u017eit\u00e9m slova smyslu, ale sp\u00ed\u0161e osobnosti, kter\u00e1 m\u00e1 ambice bo\u0159it stereotypy.<\/p>\n\n\n\n<p>V p\u0159\u00ed\u0161t\u00edm roce bude Martinova energie rovn\u011b\u017e sm\u011b\u0159ovat do dal\u0161\u00edch um\u011bleck\u00fdch projekt\u016f.&nbsp;<em>\u201cCel\u00fd rok jsem \u0159e\u0161il paraleln\u011b ke v\u0161em v\u00fdstav\u00e1m sv\u016fj vlastn\u00ed katalog. Ten by m\u011bl vyj\u00edt hned v \u00fanoru. Prvn\u00ed ofici\u00e1ln\u00ed akc\u00ed ale bude lednov\u00e1 v\u00fdstava v Madridu &#8211; spolu s Viktorem Fre\u0161em. B\u00fdval jsem jeho asistentem, tak\u017ee d\u00e1valo smysl, \u017ee spolu n\u011bco vytvo\u0159\u00edme. Kdy\u017e m\u011b oslovil jeden galerista ze \u0160pan\u011blska, m\u011bli jsme jasno. S\u00f3lov\u011b budu pak vystavovat nap\u0159\u00edklad 15. \u00fanora v galerii NoD. V pl\u00e1nu je tak\u00e9 bratislavsk\u00e1 Danubiana nebo Ostrava. M\u00fdm snem je se ale jednou dostat nap\u0159\u00edklad do Guggenheimova muzea, White Cube, Tate Modern nebo nap\u0159\u00edklad do nov\u011b otev\u0159en\u00e9 Slovensk\u00e9 n\u00e1rodn\u00ed galerie.\u201d&nbsp;<\/em><strong>uzav\u00edr\u00e1 Martin Luk\u00e1\u010d<\/strong>.<\/p>\n\n\n\n<div style=\"height:44px\" aria-hidden=\"true\" class=\"wp-block-spacer\"><\/div>\n\n\n\n<figure class=\"wp-block-gallery columns-2 is-cropped wp-block-gallery-1 is-layout-flex wp-block-gallery-is-layout-flex\"><ul class=\"blocks-gallery-grid\"><li class=\"blocks-gallery-item\"><figure><img decoding=\"async\" src=\"https:\/\/celebrityhouse.cz\/wp-content\/uploads\/2023\/01\/FP_6812-1024x683.jpg\" alt=\"\" data-id=\"6248\" data-full-url=\"https:\/\/celebrityhouse.cz\/wp-content\/uploads\/2023\/01\/FP_6812.jpg\" data-link=\"https:\/\/celebrityhouse.cz\/?attachment_id=6248\" class=\"wp-image-6248\"\/><\/figure><\/li><li class=\"blocks-gallery-item\"><figure><img decoding=\"async\" src=\"https:\/\/celebrityhouse.cz\/wp-content\/uploads\/2023\/01\/FP_6790-1024x683.jpg\" alt=\"\" data-id=\"6247\" data-full-url=\"https:\/\/celebrityhouse.cz\/wp-content\/uploads\/2023\/01\/FP_6790.jpg\" data-link=\"https:\/\/celebrityhouse.cz\/?attachment_id=6247\" class=\"wp-image-6247\"\/><\/figure><\/li><li class=\"blocks-gallery-item\"><figure><img decoding=\"async\" src=\"https:\/\/celebrityhouse.cz\/wp-content\/uploads\/2023\/01\/FP_6376-1-683x1024.jpg\" alt=\"\" data-id=\"6246\" data-full-url=\"https:\/\/celebrityhouse.cz\/wp-content\/uploads\/2023\/01\/FP_6376-1.jpg\" data-link=\"https:\/\/celebrityhouse.cz\/?attachment_id=6246\" class=\"wp-image-6246\"\/><\/figure><\/li><li class=\"blocks-gallery-item\"><figure><img decoding=\"async\" src=\"https:\/\/celebrityhouse.cz\/wp-content\/uploads\/2023\/01\/FP_6887-1024x683.jpg\" alt=\"\" data-id=\"6251\" data-full-url=\"https:\/\/celebrityhouse.cz\/wp-content\/uploads\/2023\/01\/FP_6887.jpg\" data-link=\"https:\/\/celebrityhouse.cz\/?attachment_id=6251\" class=\"wp-image-6251\"\/><\/figure><\/li><li class=\"blocks-gallery-item\"><figure><img decoding=\"async\" src=\"https:\/\/celebrityhouse.cz\/wp-content\/uploads\/2023\/01\/FP_6816-1024x683.jpg\" alt=\"\" data-id=\"6249\" data-full-url=\"https:\/\/celebrityhouse.cz\/wp-content\/uploads\/2023\/01\/FP_6816.jpg\" data-link=\"https:\/\/celebrityhouse.cz\/?attachment_id=6249\" class=\"wp-image-6249\"\/><\/figure><\/li><li class=\"blocks-gallery-item\"><figure><img decoding=\"async\" src=\"https:\/\/celebrityhouse.cz\/wp-content\/uploads\/2023\/01\/Martin_Lukac_Peter_Hajducek1-1024x683.jpg\" alt=\"\" data-id=\"6253\" data-full-url=\"https:\/\/celebrityhouse.cz\/wp-content\/uploads\/2023\/01\/Martin_Lukac_Peter_Hajducek1.jpg\" data-link=\"https:\/\/celebrityhouse.cz\/?attachment_id=6253\" class=\"wp-image-6253\"\/><\/figure><\/li><li class=\"blocks-gallery-item\"><figure><img decoding=\"async\" src=\"https:\/\/celebrityhouse.cz\/wp-content\/uploads\/2023\/01\/FP_6862-683x1024.jpg\" alt=\"\" data-id=\"6250\" data-full-url=\"https:\/\/celebrityhouse.cz\/wp-content\/uploads\/2023\/01\/FP_6862.jpg\" data-link=\"https:\/\/celebrityhouse.cz\/?attachment_id=6250\" class=\"wp-image-6250\"\/><\/figure><\/li><li class=\"blocks-gallery-item\"><figure><img decoding=\"async\" src=\"https:\/\/celebrityhouse.cz\/wp-content\/uploads\/2023\/01\/Martin_Lukac-683x1024.jpg\" alt=\"\" data-id=\"6252\" data-full-url=\"https:\/\/celebrityhouse.cz\/wp-content\/uploads\/2023\/01\/Martin_Lukac.jpg\" data-link=\"https:\/\/celebrityhouse.cz\/?attachment_id=6252\" class=\"wp-image-6252\"\/><\/figure><\/li><li class=\"blocks-gallery-item\"><figure><img decoding=\"async\" src=\"https:\/\/celebrityhouse.cz\/wp-content\/uploads\/2023\/01\/Martin_Lukac_Peter_Hajducek-1024x683.jpg\" alt=\"\" data-id=\"6254\" data-full-url=\"https:\/\/celebrityhouse.cz\/wp-content\/uploads\/2023\/01\/Martin_Lukac_Peter_Hajducek.jpg\" data-link=\"https:\/\/celebrityhouse.cz\/?attachment_id=6254\" class=\"wp-image-6254\"\/><\/figure><\/li><\/ul><\/figure>\n\n\n\n<p><strong>Zdroj foto:<\/strong>&nbsp;Footshop<\/p>\n\n\n\n<div style=\"height:44px\" aria-hidden=\"true\" class=\"wp-block-spacer\"><\/div>\n","protected":false},"excerpt":{"rendered":"<p>Vnit\u0159n\u00ed dynamika, divok\u00e1 exprese a motiv bojov\u00fdch sport\u016f. I takto lze v kr\u00e1tkosti shrnout aktu\u00e1ln\u00ed tvorbu um\u011blce Martina Luk\u00e1\u010de, rod\u00e1ka ze slovensk\u00fdch Pie\u0161\u0165an a absolventa mal\u00ed\u0159sk\u00e9ho ateli\u00e9ru Ji\u0159\u00edho \u010cernick\u00e9ho a Marka Meduny na pra\u017esk\u00e9 UMPRUM. \u010cerstv\u011b t\u0159iat\u0159icetilet\u00fd Martin Luk\u00e1\u010d m\u011bl jednu ze sv\u00fdch posledn\u00edch v\u00fdstav v M\u00e1nesu, kde u p\u0159\u00edle\u017eitosti 11. v\u00fdro\u010d\u00ed existence streetwearov\u00e9ho prodejce&nbsp;Footshop&nbsp;za [&hellip;]<\/p>\n","protected":false},"author":2,"featured_media":9055,"comment_status":"closed","ping_status":"closed","sticky":false,"template":"","format":"standard","meta":{"_mi_skip_tracking":false,"_monsterinsights_sitenote_active":false,"_monsterinsights_sitenote_note":"","_monsterinsights_sitenote_category":0,"footnotes":""},"categories":[21,6,25,2,12],"tags":[],"yoast_head":"<!-- This site is optimized with the Yoast SEO plugin v21.5 - https:\/\/yoast.com\/wordpress\/plugins\/seo\/ -->\n<title>Propojov\u00e1n\u00ed komerce a um\u011bn\u00ed boxerem z reklamy na rum. Martin Luk\u00e1\u010d bo\u0159\u00ed v\u0161echny za\u017eit\u00e9 p\u0159edstavy o um\u011blc\u00edch nejen spoluprac\u00ed s Footshopem a adidas - WOMENHOUSE.cz<\/title>\n<meta name=\"robots\" content=\"index, follow, max-snippet:-1, max-image-preview:large, max-video-preview:-1\" \/>\n<link rel=\"canonical\" href=\"https:\/\/womenhouse.cz\/index.php\/2023\/01\/13\/propojovani-komerce-a-umeni-boxerem-z-reklamy-na-rum-martin-lukac-bori-vsechny-zazite-predstavy-o-umelcich-nejen-spolupraci-s-footshopem-a-adidas\/\" \/>\n<meta property=\"og:locale\" content=\"cs_CZ\" \/>\n<meta property=\"og:type\" content=\"article\" \/>\n<meta property=\"og:title\" content=\"Propojov\u00e1n\u00ed komerce a um\u011bn\u00ed boxerem z reklamy na rum. Martin Luk\u00e1\u010d bo\u0159\u00ed v\u0161echny za\u017eit\u00e9 p\u0159edstavy o um\u011blc\u00edch nejen spoluprac\u00ed s Footshopem a adidas - WOMENHOUSE.cz\" \/>\n<meta property=\"og:description\" content=\"Vnit\u0159n\u00ed dynamika, divok\u00e1 exprese a motiv bojov\u00fdch sport\u016f. I takto lze v kr\u00e1tkosti shrnout aktu\u00e1ln\u00ed tvorbu um\u011blce Martina Luk\u00e1\u010de, rod\u00e1ka ze slovensk\u00fdch Pie\u0161\u0165an a absolventa mal\u00ed\u0159sk\u00e9ho ateli\u00e9ru Ji\u0159\u00edho \u010cernick\u00e9ho a Marka Meduny na pra\u017esk\u00e9 UMPRUM. \u010cerstv\u011b t\u0159iat\u0159icetilet\u00fd Martin Luk\u00e1\u010d m\u011bl jednu ze sv\u00fdch posledn\u00edch v\u00fdstav v M\u00e1nesu, kde u p\u0159\u00edle\u017eitosti 11. v\u00fdro\u010d\u00ed existence streetwearov\u00e9ho prodejce&nbsp;Footshop&nbsp;za [&hellip;]\" \/>\n<meta property=\"og:url\" content=\"https:\/\/womenhouse.cz\/index.php\/2023\/01\/13\/propojovani-komerce-a-umeni-boxerem-z-reklamy-na-rum-martin-lukac-bori-vsechny-zazite-predstavy-o-umelcich-nejen-spolupraci-s-footshopem-a-adidas\/\" \/>\n<meta property=\"og:site_name\" content=\"WOMENHOUSE.cz\" \/>\n<meta property=\"article:publisher\" content=\"https:\/\/www.facebook.com\/womenhousecz\" \/>\n<meta property=\"article:published_time\" content=\"2023-01-12T23:53:00+00:00\" \/>\n<meta property=\"article:modified_time\" content=\"2023-03-01T13:54:59+00:00\" \/>\n<meta property=\"og:image\" content=\"https:\/\/womenhouse.cz\/wp-content\/uploads\/2023\/01\/Martin_Lukac_Peter_Hajducek.jpg\" \/>\n\t<meta property=\"og:image:width\" content=\"1450\" \/>\n\t<meta property=\"og:image:height\" content=\"967\" \/>\n\t<meta property=\"og:image:type\" content=\"image\/jpeg\" \/>\n<meta name=\"author\" content=\"Jolana Hol\u00e1\u0148ov\u00e1\" \/>\n<meta name=\"twitter:card\" content=\"summary_large_image\" \/>\n<meta name=\"twitter:label1\" content=\"Napsal(a)\" \/>\n\t<meta name=\"twitter:data1\" content=\"Jolana Hol\u00e1\u0148ov\u00e1\" \/>\n\t<meta name=\"twitter:label2\" content=\"Odhadovan\u00e1 doba \u010dten\u00ed\" \/>\n\t<meta name=\"twitter:data2\" content=\"7 minut\" \/>\n<script type=\"application\/ld+json\" class=\"yoast-schema-graph\">{\"@context\":\"https:\/\/schema.org\",\"@graph\":[{\"@type\":\"Article\",\"@id\":\"https:\/\/womenhouse.cz\/index.php\/2023\/01\/13\/propojovani-komerce-a-umeni-boxerem-z-reklamy-na-rum-martin-lukac-bori-vsechny-zazite-predstavy-o-umelcich-nejen-spolupraci-s-footshopem-a-adidas\/#article\",\"isPartOf\":{\"@id\":\"https:\/\/womenhouse.cz\/index.php\/2023\/01\/13\/propojovani-komerce-a-umeni-boxerem-z-reklamy-na-rum-martin-lukac-bori-vsechny-zazite-predstavy-o-umelcich-nejen-spolupraci-s-footshopem-a-adidas\/\"},\"author\":{\"name\":\"Jolana Hol\u00e1\u0148ov\u00e1\",\"@id\":\"https:\/\/womenhouse.cz\/#\/schema\/person\/541326101f8d68c711e83e8fecc80738\"},\"headline\":\"Propojov\u00e1n\u00ed komerce a um\u011bn\u00ed boxerem z reklamy na rum. Martin Luk\u00e1\u010d bo\u0159\u00ed v\u0161echny za\u017eit\u00e9 p\u0159edstavy o um\u011blc\u00edch nejen spoluprac\u00ed s Footshopem a adidas\",\"datePublished\":\"2023-01-12T23:53:00+00:00\",\"dateModified\":\"2023-03-01T13:54:59+00:00\",\"mainEntityOfPage\":{\"@id\":\"https:\/\/womenhouse.cz\/index.php\/2023\/01\/13\/propojovani-komerce-a-umeni-boxerem-z-reklamy-na-rum-martin-lukac-bori-vsechny-zazite-predstavy-o-umelcich-nejen-spolupraci-s-footshopem-a-adidas\/\"},\"wordCount\":1505,\"publisher\":{\"@id\":\"https:\/\/womenhouse.cz\/#organization\"},\"articleSection\":[\"AKCE &amp; KULTURA\",\"BOTY\",\"FASHION\",\"NEWS\",\"TIPY &amp; TRENDY\"],\"inLanguage\":\"cs\"},{\"@type\":\"WebPage\",\"@id\":\"https:\/\/womenhouse.cz\/index.php\/2023\/01\/13\/propojovani-komerce-a-umeni-boxerem-z-reklamy-na-rum-martin-lukac-bori-vsechny-zazite-predstavy-o-umelcich-nejen-spolupraci-s-footshopem-a-adidas\/\",\"url\":\"https:\/\/womenhouse.cz\/index.php\/2023\/01\/13\/propojovani-komerce-a-umeni-boxerem-z-reklamy-na-rum-martin-lukac-bori-vsechny-zazite-predstavy-o-umelcich-nejen-spolupraci-s-footshopem-a-adidas\/\",\"name\":\"Propojov\u00e1n\u00ed komerce a um\u011bn\u00ed boxerem z reklamy na rum. Martin Luk\u00e1\u010d bo\u0159\u00ed v\u0161echny za\u017eit\u00e9 p\u0159edstavy o um\u011blc\u00edch nejen spoluprac\u00ed s Footshopem a adidas - WOMENHOUSE.cz\",\"isPartOf\":{\"@id\":\"https:\/\/womenhouse.cz\/#website\"},\"datePublished\":\"2023-01-12T23:53:00+00:00\",\"dateModified\":\"2023-03-01T13:54:59+00:00\",\"breadcrumb\":{\"@id\":\"https:\/\/womenhouse.cz\/index.php\/2023\/01\/13\/propojovani-komerce-a-umeni-boxerem-z-reklamy-na-rum-martin-lukac-bori-vsechny-zazite-predstavy-o-umelcich-nejen-spolupraci-s-footshopem-a-adidas\/#breadcrumb\"},\"inLanguage\":\"cs\",\"potentialAction\":[{\"@type\":\"ReadAction\",\"target\":[\"https:\/\/womenhouse.cz\/index.php\/2023\/01\/13\/propojovani-komerce-a-umeni-boxerem-z-reklamy-na-rum-martin-lukac-bori-vsechny-zazite-predstavy-o-umelcich-nejen-spolupraci-s-footshopem-a-adidas\/\"]}]},{\"@type\":\"BreadcrumbList\",\"@id\":\"https:\/\/womenhouse.cz\/index.php\/2023\/01\/13\/propojovani-komerce-a-umeni-boxerem-z-reklamy-na-rum-martin-lukac-bori-vsechny-zazite-predstavy-o-umelcich-nejen-spolupraci-s-footshopem-a-adidas\/#breadcrumb\",\"itemListElement\":[{\"@type\":\"ListItem\",\"position\":1,\"name\":\"Dom\u016f\",\"item\":\"https:\/\/womenhouse.cz\/\"},{\"@type\":\"ListItem\",\"position\":2,\"name\":\"Propojov\u00e1n\u00ed komerce a um\u011bn\u00ed boxerem z reklamy na rum. Martin Luk\u00e1\u010d bo\u0159\u00ed v\u0161echny za\u017eit\u00e9 p\u0159edstavy o um\u011blc\u00edch nejen spoluprac\u00ed s Footshopem a adidas\"}]},{\"@type\":\"WebSite\",\"@id\":\"https:\/\/womenhouse.cz\/#website\",\"url\":\"https:\/\/womenhouse.cz\/\",\"name\":\"WOMENHOUSE.cz\",\"description\":\"Port\u00e1l v\u00fdhradn\u011b jen pro \u017eeny...\",\"publisher\":{\"@id\":\"https:\/\/womenhouse.cz\/#organization\"},\"potentialAction\":[{\"@type\":\"SearchAction\",\"target\":{\"@type\":\"EntryPoint\",\"urlTemplate\":\"https:\/\/womenhouse.cz\/?s={search_term_string}\"},\"query-input\":\"required name=search_term_string\"}],\"inLanguage\":\"cs\"},{\"@type\":\"Organization\",\"@id\":\"https:\/\/womenhouse.cz\/#organization\",\"name\":\"WOMENHOUSE.cz\",\"url\":\"https:\/\/womenhouse.cz\/\",\"logo\":{\"@type\":\"ImageObject\",\"inLanguage\":\"cs\",\"@id\":\"https:\/\/womenhouse.cz\/#\/schema\/logo\/image\/\",\"url\":\"https:\/\/womenhouse.cz\/wp-content\/uploads\/2020\/06\/cropped-logo_Womenhouse_RGB-02-removebg-preview-1.png\",\"contentUrl\":\"https:\/\/womenhouse.cz\/wp-content\/uploads\/2020\/06\/cropped-logo_Womenhouse_RGB-02-removebg-preview-1.png\",\"width\":561,\"height\":375,\"caption\":\"WOMENHOUSE.cz\"},\"image\":{\"@id\":\"https:\/\/womenhouse.cz\/#\/schema\/logo\/image\/\"},\"sameAs\":[\"https:\/\/www.facebook.com\/womenhousecz\",\"https:\/\/www.instagram.com\/womenhousecz\/\"]},{\"@type\":\"Person\",\"@id\":\"https:\/\/womenhouse.cz\/#\/schema\/person\/541326101f8d68c711e83e8fecc80738\",\"name\":\"Jolana Hol\u00e1\u0148ov\u00e1\",\"sameAs\":[\"http:\/\/www.womenhouse.cz\"],\"url\":\"https:\/\/womenhouse.cz\/index.php\/author\/jolhol\/\"}]}<\/script>\n<!-- \/ Yoast SEO plugin. -->","yoast_head_json":{"title":"Propojov\u00e1n\u00ed komerce a um\u011bn\u00ed boxerem z reklamy na rum. Martin Luk\u00e1\u010d bo\u0159\u00ed v\u0161echny za\u017eit\u00e9 p\u0159edstavy o um\u011blc\u00edch nejen spoluprac\u00ed s Footshopem a adidas - WOMENHOUSE.cz","robots":{"index":"index","follow":"follow","max-snippet":"max-snippet:-1","max-image-preview":"max-image-preview:large","max-video-preview":"max-video-preview:-1"},"canonical":"https:\/\/womenhouse.cz\/index.php\/2023\/01\/13\/propojovani-komerce-a-umeni-boxerem-z-reklamy-na-rum-martin-lukac-bori-vsechny-zazite-predstavy-o-umelcich-nejen-spolupraci-s-footshopem-a-adidas\/","og_locale":"cs_CZ","og_type":"article","og_title":"Propojov\u00e1n\u00ed komerce a um\u011bn\u00ed boxerem z reklamy na rum. Martin Luk\u00e1\u010d bo\u0159\u00ed v\u0161echny za\u017eit\u00e9 p\u0159edstavy o um\u011blc\u00edch nejen spoluprac\u00ed s Footshopem a adidas - WOMENHOUSE.cz","og_description":"Vnit\u0159n\u00ed dynamika, divok\u00e1 exprese a motiv bojov\u00fdch sport\u016f. I takto lze v kr\u00e1tkosti shrnout aktu\u00e1ln\u00ed tvorbu um\u011blce Martina Luk\u00e1\u010de, rod\u00e1ka ze slovensk\u00fdch Pie\u0161\u0165an a absolventa mal\u00ed\u0159sk\u00e9ho ateli\u00e9ru Ji\u0159\u00edho \u010cernick\u00e9ho a Marka Meduny na pra\u017esk\u00e9 UMPRUM. \u010cerstv\u011b t\u0159iat\u0159icetilet\u00fd Martin Luk\u00e1\u010d m\u011bl jednu ze sv\u00fdch posledn\u00edch v\u00fdstav v M\u00e1nesu, kde u p\u0159\u00edle\u017eitosti 11. v\u00fdro\u010d\u00ed existence streetwearov\u00e9ho prodejce&nbsp;Footshop&nbsp;za [&hellip;]","og_url":"https:\/\/womenhouse.cz\/index.php\/2023\/01\/13\/propojovani-komerce-a-umeni-boxerem-z-reklamy-na-rum-martin-lukac-bori-vsechny-zazite-predstavy-o-umelcich-nejen-spolupraci-s-footshopem-a-adidas\/","og_site_name":"WOMENHOUSE.cz","article_publisher":"https:\/\/www.facebook.com\/womenhousecz","article_published_time":"2023-01-12T23:53:00+00:00","article_modified_time":"2023-03-01T13:54:59+00:00","og_image":[{"width":1450,"height":967,"url":"https:\/\/womenhouse.cz\/wp-content\/uploads\/2023\/01\/Martin_Lukac_Peter_Hajducek.jpg","type":"image\/jpeg"}],"author":"Jolana Hol\u00e1\u0148ov\u00e1","twitter_card":"summary_large_image","twitter_misc":{"Napsal(a)":"Jolana Hol\u00e1\u0148ov\u00e1","Odhadovan\u00e1 doba \u010dten\u00ed":"7 minut"},"schema":{"@context":"https:\/\/schema.org","@graph":[{"@type":"Article","@id":"https:\/\/womenhouse.cz\/index.php\/2023\/01\/13\/propojovani-komerce-a-umeni-boxerem-z-reklamy-na-rum-martin-lukac-bori-vsechny-zazite-predstavy-o-umelcich-nejen-spolupraci-s-footshopem-a-adidas\/#article","isPartOf":{"@id":"https:\/\/womenhouse.cz\/index.php\/2023\/01\/13\/propojovani-komerce-a-umeni-boxerem-z-reklamy-na-rum-martin-lukac-bori-vsechny-zazite-predstavy-o-umelcich-nejen-spolupraci-s-footshopem-a-adidas\/"},"author":{"name":"Jolana Hol\u00e1\u0148ov\u00e1","@id":"https:\/\/womenhouse.cz\/#\/schema\/person\/541326101f8d68c711e83e8fecc80738"},"headline":"Propojov\u00e1n\u00ed komerce a um\u011bn\u00ed boxerem z reklamy na rum. Martin Luk\u00e1\u010d bo\u0159\u00ed v\u0161echny za\u017eit\u00e9 p\u0159edstavy o um\u011blc\u00edch nejen spoluprac\u00ed s Footshopem a adidas","datePublished":"2023-01-12T23:53:00+00:00","dateModified":"2023-03-01T13:54:59+00:00","mainEntityOfPage":{"@id":"https:\/\/womenhouse.cz\/index.php\/2023\/01\/13\/propojovani-komerce-a-umeni-boxerem-z-reklamy-na-rum-martin-lukac-bori-vsechny-zazite-predstavy-o-umelcich-nejen-spolupraci-s-footshopem-a-adidas\/"},"wordCount":1505,"publisher":{"@id":"https:\/\/womenhouse.cz\/#organization"},"articleSection":["AKCE &amp; KULTURA","BOTY","FASHION","NEWS","TIPY &amp; TRENDY"],"inLanguage":"cs"},{"@type":"WebPage","@id":"https:\/\/womenhouse.cz\/index.php\/2023\/01\/13\/propojovani-komerce-a-umeni-boxerem-z-reklamy-na-rum-martin-lukac-bori-vsechny-zazite-predstavy-o-umelcich-nejen-spolupraci-s-footshopem-a-adidas\/","url":"https:\/\/womenhouse.cz\/index.php\/2023\/01\/13\/propojovani-komerce-a-umeni-boxerem-z-reklamy-na-rum-martin-lukac-bori-vsechny-zazite-predstavy-o-umelcich-nejen-spolupraci-s-footshopem-a-adidas\/","name":"Propojov\u00e1n\u00ed komerce a um\u011bn\u00ed boxerem z reklamy na rum. Martin Luk\u00e1\u010d bo\u0159\u00ed v\u0161echny za\u017eit\u00e9 p\u0159edstavy o um\u011blc\u00edch nejen spoluprac\u00ed s Footshopem a adidas - WOMENHOUSE.cz","isPartOf":{"@id":"https:\/\/womenhouse.cz\/#website"},"datePublished":"2023-01-12T23:53:00+00:00","dateModified":"2023-03-01T13:54:59+00:00","breadcrumb":{"@id":"https:\/\/womenhouse.cz\/index.php\/2023\/01\/13\/propojovani-komerce-a-umeni-boxerem-z-reklamy-na-rum-martin-lukac-bori-vsechny-zazite-predstavy-o-umelcich-nejen-spolupraci-s-footshopem-a-adidas\/#breadcrumb"},"inLanguage":"cs","potentialAction":[{"@type":"ReadAction","target":["https:\/\/womenhouse.cz\/index.php\/2023\/01\/13\/propojovani-komerce-a-umeni-boxerem-z-reklamy-na-rum-martin-lukac-bori-vsechny-zazite-predstavy-o-umelcich-nejen-spolupraci-s-footshopem-a-adidas\/"]}]},{"@type":"BreadcrumbList","@id":"https:\/\/womenhouse.cz\/index.php\/2023\/01\/13\/propojovani-komerce-a-umeni-boxerem-z-reklamy-na-rum-martin-lukac-bori-vsechny-zazite-predstavy-o-umelcich-nejen-spolupraci-s-footshopem-a-adidas\/#breadcrumb","itemListElement":[{"@type":"ListItem","position":1,"name":"Dom\u016f","item":"https:\/\/womenhouse.cz\/"},{"@type":"ListItem","position":2,"name":"Propojov\u00e1n\u00ed komerce a um\u011bn\u00ed boxerem z reklamy na rum. Martin Luk\u00e1\u010d bo\u0159\u00ed v\u0161echny za\u017eit\u00e9 p\u0159edstavy o um\u011blc\u00edch nejen spoluprac\u00ed s Footshopem a adidas"}]},{"@type":"WebSite","@id":"https:\/\/womenhouse.cz\/#website","url":"https:\/\/womenhouse.cz\/","name":"WOMENHOUSE.cz","description":"Port\u00e1l v\u00fdhradn\u011b jen pro \u017eeny...","publisher":{"@id":"https:\/\/womenhouse.cz\/#organization"},"potentialAction":[{"@type":"SearchAction","target":{"@type":"EntryPoint","urlTemplate":"https:\/\/womenhouse.cz\/?s={search_term_string}"},"query-input":"required name=search_term_string"}],"inLanguage":"cs"},{"@type":"Organization","@id":"https:\/\/womenhouse.cz\/#organization","name":"WOMENHOUSE.cz","url":"https:\/\/womenhouse.cz\/","logo":{"@type":"ImageObject","inLanguage":"cs","@id":"https:\/\/womenhouse.cz\/#\/schema\/logo\/image\/","url":"https:\/\/womenhouse.cz\/wp-content\/uploads\/2020\/06\/cropped-logo_Womenhouse_RGB-02-removebg-preview-1.png","contentUrl":"https:\/\/womenhouse.cz\/wp-content\/uploads\/2020\/06\/cropped-logo_Womenhouse_RGB-02-removebg-preview-1.png","width":561,"height":375,"caption":"WOMENHOUSE.cz"},"image":{"@id":"https:\/\/womenhouse.cz\/#\/schema\/logo\/image\/"},"sameAs":["https:\/\/www.facebook.com\/womenhousecz","https:\/\/www.instagram.com\/womenhousecz\/"]},{"@type":"Person","@id":"https:\/\/womenhouse.cz\/#\/schema\/person\/541326101f8d68c711e83e8fecc80738","name":"Jolana Hol\u00e1\u0148ov\u00e1","sameAs":["http:\/\/www.womenhouse.cz"],"url":"https:\/\/womenhouse.cz\/index.php\/author\/jolhol\/"}]}},"_links":{"self":[{"href":"https:\/\/womenhouse.cz\/index.php\/wp-json\/wp\/v2\/posts\/9054"}],"collection":[{"href":"https:\/\/womenhouse.cz\/index.php\/wp-json\/wp\/v2\/posts"}],"about":[{"href":"https:\/\/womenhouse.cz\/index.php\/wp-json\/wp\/v2\/types\/post"}],"author":[{"embeddable":true,"href":"https:\/\/womenhouse.cz\/index.php\/wp-json\/wp\/v2\/users\/2"}],"replies":[{"embeddable":true,"href":"https:\/\/womenhouse.cz\/index.php\/wp-json\/wp\/v2\/comments?post=9054"}],"version-history":[{"count":-4,"href":"https:\/\/womenhouse.cz\/index.php\/wp-json\/wp\/v2\/posts\/9054\/revisions"}],"wp:featuredmedia":[{"embeddable":true,"href":"https:\/\/womenhouse.cz\/index.php\/wp-json\/wp\/v2\/media\/9055"}],"wp:attachment":[{"href":"https:\/\/womenhouse.cz\/index.php\/wp-json\/wp\/v2\/media?parent=9054"}],"wp:term":[{"taxonomy":"category","embeddable":true,"href":"https:\/\/womenhouse.cz\/index.php\/wp-json\/wp\/v2\/categories?post=9054"},{"taxonomy":"post_tag","embeddable":true,"href":"https:\/\/womenhouse.cz\/index.php\/wp-json\/wp\/v2\/tags?post=9054"}],"curies":[{"name":"wp","href":"https:\/\/api.w.org\/{rel}","templated":true}]}}