{"id":8939,"date":"2022-12-19T00:02:00","date_gmt":"2022-12-18T23:02:00","guid":{"rendered":"https:\/\/womenhouse.cz\/?p=8939"},"modified":"2023-02-02T18:54:20","modified_gmt":"2023-02-02T17:54:20","slug":"vanoce-v-atriu-flora","status":"publish","type":"post","link":"https:\/\/womenhouse.cz\/index.php\/2022\/12\/19\/vanoce-v-atriu-flora\/","title":{"rendered":"V\u00e1noce v Atriu Flora"},"content":{"rendered":"\n<div style=\"height:35px\" aria-hidden=\"true\" class=\"wp-block-spacer\"><\/div>\n\n\n\n<p><strong>Nejkouzeln\u011bj\u0161\u00ed \u010das roku se bl\u00ed\u017e\u00ed. V\u00e1noce jsou tady za rohem, p\u0159ij\u010fte si do Atria Flora u\u017e\u00edt p\u0159\u00edjemn\u00fd p\u0159edv\u00e1no\u010dn\u00ed \u010das. Vydechn\u011bte si na chv\u00edli ze shonu, kter\u00fd se s&nbsp;koncem roku poj\u00ed, a u\u017eijte si Mikul\u00e1\u0161e nebo v\u00e1no\u010dn\u00ed st\u00e1nky na Flo\u0159e.<\/strong><\/p>\n\n\n\n<div style=\"height:20px\" aria-hidden=\"true\" class=\"wp-block-spacer\"><\/div>\n\n\n\n<figure class=\"wp-block-image size-large\"><img decoding=\"async\" src=\"https:\/\/celebrityhouse.cz\/wp-content\/uploads\/2022\/12\/foto-vanoce-1024x768.jpg\" alt=\"\" class=\"wp-image-6188\"\/><\/figure>\n\n\n\n<div style=\"height:20px\" aria-hidden=\"true\" class=\"wp-block-spacer\"><\/div>\n\n\n\n<p>V\u00e1noce jsou za dve\u0159mi a s&nbsp;nimi p\u0159ich\u00e1z\u00ed i sh\u00e1n\u011bn\u00ed vhodn\u00fdch d\u00e1rk\u016f, doh\u00e1n\u011bn\u00ed pracovn\u00edch rest\u016f p\u0159ed koncem roku a dal\u0161\u00ed starosti v&nbsp;podob\u011b v\u00e1no\u010dn\u00edho \u00faklidu nebo pe\u010den\u00ed n\u011bkolika druh\u016f cukrov\u00ed. Dorazte do Atria Flora a zpest\u0159ete si povinnosti p\u0159\u00edjemn\u00fdmi ud\u00e1lostmi, kter\u00e9 pro v\u00e1s obchodn\u00ed centrum p\u0159ichystalo.<\/p>\n\n\n\n<p>Hned 5. prosince si m\u016f\u017eete s&nbsp;celou rodinou u\u017e\u00edt z\u00e1bavn\u00e9 odpoledne ve spole\u010dnosti \u010derta, and\u011bla a Mikul\u00e1\u0161e. Tato obl\u00edben\u00e1 trojice zav\u00edt\u00e1 do Atria od 14 do 19:30 hodin a pot\u011b\u0161\u00ed v\u0161echny mal\u00e9 i velk\u00e9 n\u00e1v\u0161t\u011bvn\u00edky.<\/p>\n\n\n\n<div style=\"height:20px\" aria-hidden=\"true\" class=\"wp-block-spacer\"><\/div>\n\n\n\n<figure class=\"wp-block-image size-large\"><img decoding=\"async\" src=\"https:\/\/celebrityhouse.cz\/wp-content\/uploads\/2022\/12\/foto-strom-prani.png\" alt=\"\" class=\"wp-image-6187\"\/><\/figure>\n\n\n\n<div style=\"height:33px\" aria-hidden=\"true\" class=\"wp-block-spacer\"><\/div>\n\n\n\n<p>Od 1. prosince a\u017e do \u0160t\u011bdr\u00e9ho dne bude na Flo\u0159e prob\u00edhat ka\u017edoro\u010dn\u00ed dobro\u010dinn\u00e1 akce Strom spln\u011bn\u00fdch p\u0159\u00e1n\u00ed, d\u00edky kter\u00e9 m\u016f\u017eete d\u011btem z d\u011btsk\u00fdch domov\u016f vykouzlit \u00fasm\u011bv na tv\u00e1\u0159i darov\u00e1n\u00edm p\u011bkn\u00e9ho v\u00e1no\u010dn\u00edho d\u00e1re\u010dku podle jejich p\u0159\u00e1n\u00ed. Strom spln\u011bn\u00fdch p\u0159\u00e1n\u00ed bude um\u00edst\u011bn p\u0159\u00edmo pod hlavn\u00edm stromkem.<\/p>\n\n\n\n<p>Samoz\u0159ejmost\u00ed jsou v\u00e1no\u010dn\u00ed st\u00e1nky, ve kter\u00fdch budete moct po\u0159\u00eddit r\u016fzn\u00e9 v\u00fdjime\u010dn\u00e9 zbo\u017e\u00ed jako v\u00e1no\u010dn\u00ed ozdoby a sv\u00ed\u010dky, kosmetick\u00e9 bal\u00ed\u010dky, speci\u00e1ln\u00ed italsk\u00e9 potraviny, d\u0159ev\u011bn\u00e9 hra\u010dky a dal\u0161\u00ed. Nav\u00edc budete moct u\u017e od 1. prosince vyu\u017e\u00edt profesion\u00e1ln\u00ed balic\u00ed slu\u017ebu, d\u00edky n\u00ed\u017e si u\u0161et\u0159\u00edte pozd\u011bj\u0161\u00ed boje s&nbsp;balic\u00edm pap\u00edrem p\u0159i&nbsp;balen\u00ed d\u00e1rk\u016f.<\/p>\n\n\n\n<div style=\"height:20px\" aria-hidden=\"true\" class=\"wp-block-spacer\"><\/div>\n\n\n\n<figure class=\"wp-block-gallery columns-2 is-cropped wp-block-gallery-1 is-layout-flex wp-block-gallery-is-layout-flex\"><ul class=\"blocks-gallery-grid\"><li class=\"blocks-gallery-item\"><figure><img decoding=\"async\" src=\"https:\/\/celebrityhouse.cz\/wp-content\/uploads\/2022\/12\/kitikate-3.jpg\" alt=\"\" data-id=\"6189\" data-full-url=\"https:\/\/celebrityhouse.cz\/wp-content\/uploads\/2022\/12\/kitikate-3.jpg\" data-link=\"https:\/\/celebrityhouse.cz\/?attachment_id=6189\" class=\"wp-image-6189\"\/><\/figure><\/li><li class=\"blocks-gallery-item\"><figure><img decoding=\"async\" src=\"https:\/\/celebrityhouse.cz\/wp-content\/uploads\/2022\/12\/foto-mikulas.jpg\" alt=\"\" data-id=\"6186\" data-full-url=\"https:\/\/celebrityhouse.cz\/wp-content\/uploads\/2022\/12\/foto-mikulas.jpg\" data-link=\"https:\/\/celebrityhouse.cz\/?attachment_id=6186\" class=\"wp-image-6186\"\/><\/figure><\/li><\/ul><\/figure>\n\n\n\n<div style=\"height:20px\" aria-hidden=\"true\" class=\"wp-block-spacer\"><\/div>\n\n\n\n<p>Pokud byste n\u00e1v\u0161t\u011bvu cht\u011bli spojit s&nbsp;lovem na radosti pod strome\u010dek, ur\u010dit\u011b v\u00e1s pot\u011b\u0161\u00ed nov\u00e1 prodejna&nbsp;Kitikate, kde po\u0159\u00edd\u00edte n\u00e1dhern\u00e9 d\u011btsk\u00e9 oble\u010den\u00ed ze 100% biobavlny. V&nbsp;pr\u016fb\u011bhu prosince bude tak\u00e9 v&nbsp;Atriu otev\u0159eno nov\u00e9 kade\u0159nictv\u00ed. Prodejna A3 sport se p\u0159ejmenovala na Sport Vision, tak\u017ee se nemus\u00edte b\u00e1t, \u017ee byste p\u0159i\u0161li o sv\u00e9 obl\u00edben\u00e9 sportovn\u00ed pot\u0159eby. A ani tab\u00e1k Valmont nezmizel, pouze se p\u0159est\u011bhoval do nov\u00fdch prostor.<\/p>\n\n\n\n<p><strong>P\u0159ij\u010fte v&nbsp;prosinci na Floru splnit p\u0159\u00e1n\u00ed d\u011btem z&nbsp;d\u011btsk\u00fdch domov\u016f, va\u0161im bl\u00edzk\u00fdm i sob\u011b anebo tu jen nasajte v\u00e1no\u010dn\u00ed atmosf\u00e9ru. Ve\u0161ker\u00e9 novinky, kter\u00e9 se v&nbsp;Atriu Flora d\u011bj\u00ed nebo chystaj\u00ed, najdete na webov\u00fdch str\u00e1nk\u00e1ch <a href=\"http:\/\/www.atrium-flora.cz\/\">http:\/\/www.atrium-flora.cz\/<\/a> nebo na facebooku <a href=\"https:\/\/www.facebook.com\/AtriumFlora\">https:\/\/www.facebook.com\/AtriumFlora<\/a>.<\/strong><\/p>\n\n\n\n<div style=\"height:44px\" aria-hidden=\"true\" class=\"wp-block-spacer\"><\/div>\n\n\n\n<figure class=\"wp-block-gallery columns-3 is-cropped wp-block-gallery-2 is-layout-flex wp-block-gallery-is-layout-flex\"><ul class=\"blocks-gallery-grid\"><li class=\"blocks-gallery-item\"><figure><img decoding=\"async\" src=\"https:\/\/celebrityhouse.cz\/wp-content\/uploads\/2022\/12\/foto-mikulas.jpg\" alt=\"\" data-id=\"6186\" data-full-url=\"https:\/\/celebrityhouse.cz\/wp-content\/uploads\/2022\/12\/foto-mikulas.jpg\" data-link=\"https:\/\/celebrityhouse.cz\/?attachment_id=6186\" class=\"wp-image-6186\"\/><\/figure><\/li><li class=\"blocks-gallery-item\"><figure><img decoding=\"async\" src=\"https:\/\/celebrityhouse.cz\/wp-content\/uploads\/2022\/12\/foto-strom-prani.png\" alt=\"\" data-id=\"6187\" data-full-url=\"https:\/\/celebrityhouse.cz\/wp-content\/uploads\/2022\/12\/foto-strom-prani.png\" data-link=\"https:\/\/celebrityhouse.cz\/?attachment_id=6187\" class=\"wp-image-6187\"\/><\/figure><\/li><li class=\"blocks-gallery-item\"><figure><img decoding=\"async\" src=\"https:\/\/celebrityhouse.cz\/wp-content\/uploads\/2022\/12\/kitikate-3.jpg\" alt=\"\" data-id=\"6189\" data-full-url=\"https:\/\/celebrityhouse.cz\/wp-content\/uploads\/2022\/12\/kitikate-3.jpg\" data-link=\"https:\/\/celebrityhouse.cz\/?attachment_id=6189\" class=\"wp-image-6189\"\/><\/figure><\/li><li class=\"blocks-gallery-item\"><figure><img decoding=\"async\" src=\"https:\/\/celebrityhouse.cz\/wp-content\/uploads\/2022\/12\/foto-vanoce-1024x768.jpg\" alt=\"\" data-id=\"6188\" data-full-url=\"https:\/\/celebrityhouse.cz\/wp-content\/uploads\/2022\/12\/foto-vanoce.jpg\" data-link=\"https:\/\/celebrityhouse.cz\/?attachment_id=6188\" class=\"wp-image-6188\"\/><\/figure><\/li><\/ul><\/figure>\n\n\n\n<p><strong>Zdroj foto: <\/strong>Atrium Flora<\/p>\n\n\n\n<div style=\"height:52px\" aria-hidden=\"true\" class=\"wp-block-spacer\"><\/div>\n","protected":false},"excerpt":{"rendered":"<p>Nejkouzeln\u011bj\u0161\u00ed \u010das roku se bl\u00ed\u017e\u00ed. V\u00e1noce jsou tady za rohem, p\u0159ij\u010fte si do Atria Flora u\u017e\u00edt p\u0159\u00edjemn\u00fd p\u0159edv\u00e1no\u010dn\u00ed \u010das. Vydechn\u011bte si na chv\u00edli ze shonu, kter\u00fd se s&nbsp;koncem roku poj\u00ed, a u\u017eijte si Mikul\u00e1\u0161e nebo v\u00e1no\u010dn\u00ed st\u00e1nky na Flo\u0159e. V\u00e1noce jsou za dve\u0159mi a s&nbsp;nimi p\u0159ich\u00e1z\u00ed i sh\u00e1n\u011bn\u00ed vhodn\u00fdch d\u00e1rk\u016f, doh\u00e1n\u011bn\u00ed pracovn\u00edch rest\u016f p\u0159ed koncem [&hellip;]<\/p>\n","protected":false},"author":2,"featured_media":8940,"comment_status":"closed","ping_status":"closed","sticky":false,"template":"","format":"standard","meta":{"_mi_skip_tracking":false,"_monsterinsights_sitenote_active":false,"_monsterinsights_sitenote_note":"","_monsterinsights_sitenote_category":0,"footnotes":""},"categories":[25,7,9,4,2,12],"tags":[],"yoast_head":"<!-- This site is optimized with the Yoast SEO plugin v21.5 - https:\/\/yoast.com\/wordpress\/plugins\/seo\/ -->\n<title>V\u00e1noce v Atriu Flora - WOMENHOUSE.cz<\/title>\n<meta name=\"robots\" content=\"index, follow, max-snippet:-1, max-image-preview:large, max-video-preview:-1\" \/>\n<link rel=\"canonical\" href=\"https:\/\/womenhouse.cz\/index.php\/2022\/12\/19\/vanoce-v-atriu-flora\/\" \/>\n<meta property=\"og:locale\" content=\"cs_CZ\" \/>\n<meta property=\"og:type\" content=\"article\" \/>\n<meta property=\"og:title\" content=\"V\u00e1noce v Atriu Flora - WOMENHOUSE.cz\" \/>\n<meta property=\"og:description\" content=\"Nejkouzeln\u011bj\u0161\u00ed \u010das roku se bl\u00ed\u017e\u00ed. V\u00e1noce jsou tady za rohem, p\u0159ij\u010fte si do Atria Flora u\u017e\u00edt p\u0159\u00edjemn\u00fd p\u0159edv\u00e1no\u010dn\u00ed \u010das. Vydechn\u011bte si na chv\u00edli ze shonu, kter\u00fd se s&nbsp;koncem roku poj\u00ed, a u\u017eijte si Mikul\u00e1\u0161e nebo v\u00e1no\u010dn\u00ed st\u00e1nky na Flo\u0159e. V\u00e1noce jsou za dve\u0159mi a s&nbsp;nimi p\u0159ich\u00e1z\u00ed i sh\u00e1n\u011bn\u00ed vhodn\u00fdch d\u00e1rk\u016f, doh\u00e1n\u011bn\u00ed pracovn\u00edch rest\u016f p\u0159ed koncem [&hellip;]\" \/>\n<meta property=\"og:url\" content=\"https:\/\/womenhouse.cz\/index.php\/2022\/12\/19\/vanoce-v-atriu-flora\/\" \/>\n<meta property=\"og:site_name\" content=\"WOMENHOUSE.cz\" \/>\n<meta property=\"article:publisher\" content=\"https:\/\/www.facebook.com\/womenhousecz\" \/>\n<meta property=\"article:published_time\" content=\"2022-12-18T23:02:00+00:00\" \/>\n<meta property=\"article:modified_time\" content=\"2023-02-02T17:54:20+00:00\" \/>\n<meta property=\"og:image\" content=\"https:\/\/womenhouse.cz\/wp-content\/uploads\/2022\/12\/foto-vanoce.jpg\" \/>\n\t<meta property=\"og:image:width\" content=\"1289\" \/>\n\t<meta property=\"og:image:height\" content=\"967\" \/>\n\t<meta property=\"og:image:type\" content=\"image\/jpeg\" \/>\n<meta name=\"author\" content=\"Jolana Hol\u00e1\u0148ov\u00e1\" \/>\n<meta name=\"twitter:card\" content=\"summary_large_image\" \/>\n<meta name=\"twitter:label1\" content=\"Napsal(a)\" \/>\n\t<meta name=\"twitter:data1\" content=\"Jolana Hol\u00e1\u0148ov\u00e1\" \/>\n\t<meta name=\"twitter:label2\" content=\"Odhadovan\u00e1 doba \u010dten\u00ed\" \/>\n\t<meta name=\"twitter:data2\" content=\"2 minuty\" \/>\n<script type=\"application\/ld+json\" class=\"yoast-schema-graph\">{\"@context\":\"https:\/\/schema.org\",\"@graph\":[{\"@type\":\"Article\",\"@id\":\"https:\/\/womenhouse.cz\/index.php\/2022\/12\/19\/vanoce-v-atriu-flora\/#article\",\"isPartOf\":{\"@id\":\"https:\/\/womenhouse.cz\/index.php\/2022\/12\/19\/vanoce-v-atriu-flora\/\"},\"author\":{\"name\":\"Jolana Hol\u00e1\u0148ov\u00e1\",\"@id\":\"https:\/\/womenhouse.cz\/#\/schema\/person\/541326101f8d68c711e83e8fecc80738\"},\"headline\":\"V\u00e1noce v Atriu Flora\",\"datePublished\":\"2022-12-18T23:02:00+00:00\",\"dateModified\":\"2023-02-02T17:54:20+00:00\",\"mainEntityOfPage\":{\"@id\":\"https:\/\/womenhouse.cz\/index.php\/2022\/12\/19\/vanoce-v-atriu-flora\/\"},\"wordCount\":504,\"publisher\":{\"@id\":\"https:\/\/womenhouse.cz\/#organization\"},\"articleSection\":[\"FASHION\",\"KABELKY\",\"KOSMETIKA\",\"M\u00f3DA\",\"NEWS\",\"TIPY &amp; TRENDY\"],\"inLanguage\":\"cs\"},{\"@type\":\"WebPage\",\"@id\":\"https:\/\/womenhouse.cz\/index.php\/2022\/12\/19\/vanoce-v-atriu-flora\/\",\"url\":\"https:\/\/womenhouse.cz\/index.php\/2022\/12\/19\/vanoce-v-atriu-flora\/\",\"name\":\"V\u00e1noce v Atriu Flora - WOMENHOUSE.cz\",\"isPartOf\":{\"@id\":\"https:\/\/womenhouse.cz\/#website\"},\"datePublished\":\"2022-12-18T23:02:00+00:00\",\"dateModified\":\"2023-02-02T17:54:20+00:00\",\"breadcrumb\":{\"@id\":\"https:\/\/womenhouse.cz\/index.php\/2022\/12\/19\/vanoce-v-atriu-flora\/#breadcrumb\"},\"inLanguage\":\"cs\",\"potentialAction\":[{\"@type\":\"ReadAction\",\"target\":[\"https:\/\/womenhouse.cz\/index.php\/2022\/12\/19\/vanoce-v-atriu-flora\/\"]}]},{\"@type\":\"BreadcrumbList\",\"@id\":\"https:\/\/womenhouse.cz\/index.php\/2022\/12\/19\/vanoce-v-atriu-flora\/#breadcrumb\",\"itemListElement\":[{\"@type\":\"ListItem\",\"position\":1,\"name\":\"Dom\u016f\",\"item\":\"https:\/\/womenhouse.cz\/\"},{\"@type\":\"ListItem\",\"position\":2,\"name\":\"V\u00e1noce v Atriu Flora\"}]},{\"@type\":\"WebSite\",\"@id\":\"https:\/\/womenhouse.cz\/#website\",\"url\":\"https:\/\/womenhouse.cz\/\",\"name\":\"WOMENHOUSE.cz\",\"description\":\"Port\u00e1l v\u00fdhradn\u011b jen pro \u017eeny...\",\"publisher\":{\"@id\":\"https:\/\/womenhouse.cz\/#organization\"},\"potentialAction\":[{\"@type\":\"SearchAction\",\"target\":{\"@type\":\"EntryPoint\",\"urlTemplate\":\"https:\/\/womenhouse.cz\/?s={search_term_string}\"},\"query-input\":\"required name=search_term_string\"}],\"inLanguage\":\"cs\"},{\"@type\":\"Organization\",\"@id\":\"https:\/\/womenhouse.cz\/#organization\",\"name\":\"WOMENHOUSE.cz\",\"url\":\"https:\/\/womenhouse.cz\/\",\"logo\":{\"@type\":\"ImageObject\",\"inLanguage\":\"cs\",\"@id\":\"https:\/\/womenhouse.cz\/#\/schema\/logo\/image\/\",\"url\":\"https:\/\/womenhouse.cz\/wp-content\/uploads\/2020\/06\/cropped-logo_Womenhouse_RGB-02-removebg-preview-1.png\",\"contentUrl\":\"https:\/\/womenhouse.cz\/wp-content\/uploads\/2020\/06\/cropped-logo_Womenhouse_RGB-02-removebg-preview-1.png\",\"width\":561,\"height\":375,\"caption\":\"WOMENHOUSE.cz\"},\"image\":{\"@id\":\"https:\/\/womenhouse.cz\/#\/schema\/logo\/image\/\"},\"sameAs\":[\"https:\/\/www.facebook.com\/womenhousecz\",\"https:\/\/www.instagram.com\/womenhousecz\/\"]},{\"@type\":\"Person\",\"@id\":\"https:\/\/womenhouse.cz\/#\/schema\/person\/541326101f8d68c711e83e8fecc80738\",\"name\":\"Jolana Hol\u00e1\u0148ov\u00e1\",\"sameAs\":[\"http:\/\/www.womenhouse.cz\"],\"url\":\"https:\/\/womenhouse.cz\/index.php\/author\/jolhol\/\"}]}<\/script>\n<!-- \/ Yoast SEO plugin. -->","yoast_head_json":{"title":"V\u00e1noce v Atriu Flora - WOMENHOUSE.cz","robots":{"index":"index","follow":"follow","max-snippet":"max-snippet:-1","max-image-preview":"max-image-preview:large","max-video-preview":"max-video-preview:-1"},"canonical":"https:\/\/womenhouse.cz\/index.php\/2022\/12\/19\/vanoce-v-atriu-flora\/","og_locale":"cs_CZ","og_type":"article","og_title":"V\u00e1noce v Atriu Flora - WOMENHOUSE.cz","og_description":"Nejkouzeln\u011bj\u0161\u00ed \u010das roku se bl\u00ed\u017e\u00ed. V\u00e1noce jsou tady za rohem, p\u0159ij\u010fte si do Atria Flora u\u017e\u00edt p\u0159\u00edjemn\u00fd p\u0159edv\u00e1no\u010dn\u00ed \u010das. Vydechn\u011bte si na chv\u00edli ze shonu, kter\u00fd se s&nbsp;koncem roku poj\u00ed, a u\u017eijte si Mikul\u00e1\u0161e nebo v\u00e1no\u010dn\u00ed st\u00e1nky na Flo\u0159e. V\u00e1noce jsou za dve\u0159mi a s&nbsp;nimi p\u0159ich\u00e1z\u00ed i sh\u00e1n\u011bn\u00ed vhodn\u00fdch d\u00e1rk\u016f, doh\u00e1n\u011bn\u00ed pracovn\u00edch rest\u016f p\u0159ed koncem [&hellip;]","og_url":"https:\/\/womenhouse.cz\/index.php\/2022\/12\/19\/vanoce-v-atriu-flora\/","og_site_name":"WOMENHOUSE.cz","article_publisher":"https:\/\/www.facebook.com\/womenhousecz","article_published_time":"2022-12-18T23:02:00+00:00","article_modified_time":"2023-02-02T17:54:20+00:00","og_image":[{"width":1289,"height":967,"url":"https:\/\/womenhouse.cz\/wp-content\/uploads\/2022\/12\/foto-vanoce.jpg","type":"image\/jpeg"}],"author":"Jolana Hol\u00e1\u0148ov\u00e1","twitter_card":"summary_large_image","twitter_misc":{"Napsal(a)":"Jolana Hol\u00e1\u0148ov\u00e1","Odhadovan\u00e1 doba \u010dten\u00ed":"2 minuty"},"schema":{"@context":"https:\/\/schema.org","@graph":[{"@type":"Article","@id":"https:\/\/womenhouse.cz\/index.php\/2022\/12\/19\/vanoce-v-atriu-flora\/#article","isPartOf":{"@id":"https:\/\/womenhouse.cz\/index.php\/2022\/12\/19\/vanoce-v-atriu-flora\/"},"author":{"name":"Jolana Hol\u00e1\u0148ov\u00e1","@id":"https:\/\/womenhouse.cz\/#\/schema\/person\/541326101f8d68c711e83e8fecc80738"},"headline":"V\u00e1noce v Atriu Flora","datePublished":"2022-12-18T23:02:00+00:00","dateModified":"2023-02-02T17:54:20+00:00","mainEntityOfPage":{"@id":"https:\/\/womenhouse.cz\/index.php\/2022\/12\/19\/vanoce-v-atriu-flora\/"},"wordCount":504,"publisher":{"@id":"https:\/\/womenhouse.cz\/#organization"},"articleSection":["FASHION","KABELKY","KOSMETIKA","M\u00f3DA","NEWS","TIPY &amp; TRENDY"],"inLanguage":"cs"},{"@type":"WebPage","@id":"https:\/\/womenhouse.cz\/index.php\/2022\/12\/19\/vanoce-v-atriu-flora\/","url":"https:\/\/womenhouse.cz\/index.php\/2022\/12\/19\/vanoce-v-atriu-flora\/","name":"V\u00e1noce v Atriu Flora - WOMENHOUSE.cz","isPartOf":{"@id":"https:\/\/womenhouse.cz\/#website"},"datePublished":"2022-12-18T23:02:00+00:00","dateModified":"2023-02-02T17:54:20+00:00","breadcrumb":{"@id":"https:\/\/womenhouse.cz\/index.php\/2022\/12\/19\/vanoce-v-atriu-flora\/#breadcrumb"},"inLanguage":"cs","potentialAction":[{"@type":"ReadAction","target":["https:\/\/womenhouse.cz\/index.php\/2022\/12\/19\/vanoce-v-atriu-flora\/"]}]},{"@type":"BreadcrumbList","@id":"https:\/\/womenhouse.cz\/index.php\/2022\/12\/19\/vanoce-v-atriu-flora\/#breadcrumb","itemListElement":[{"@type":"ListItem","position":1,"name":"Dom\u016f","item":"https:\/\/womenhouse.cz\/"},{"@type":"ListItem","position":2,"name":"V\u00e1noce v Atriu Flora"}]},{"@type":"WebSite","@id":"https:\/\/womenhouse.cz\/#website","url":"https:\/\/womenhouse.cz\/","name":"WOMENHOUSE.cz","description":"Port\u00e1l v\u00fdhradn\u011b jen pro \u017eeny...","publisher":{"@id":"https:\/\/womenhouse.cz\/#organization"},"potentialAction":[{"@type":"SearchAction","target":{"@type":"EntryPoint","urlTemplate":"https:\/\/womenhouse.cz\/?s={search_term_string}"},"query-input":"required name=search_term_string"}],"inLanguage":"cs"},{"@type":"Organization","@id":"https:\/\/womenhouse.cz\/#organization","name":"WOMENHOUSE.cz","url":"https:\/\/womenhouse.cz\/","logo":{"@type":"ImageObject","inLanguage":"cs","@id":"https:\/\/womenhouse.cz\/#\/schema\/logo\/image\/","url":"https:\/\/womenhouse.cz\/wp-content\/uploads\/2020\/06\/cropped-logo_Womenhouse_RGB-02-removebg-preview-1.png","contentUrl":"https:\/\/womenhouse.cz\/wp-content\/uploads\/2020\/06\/cropped-logo_Womenhouse_RGB-02-removebg-preview-1.png","width":561,"height":375,"caption":"WOMENHOUSE.cz"},"image":{"@id":"https:\/\/womenhouse.cz\/#\/schema\/logo\/image\/"},"sameAs":["https:\/\/www.facebook.com\/womenhousecz","https:\/\/www.instagram.com\/womenhousecz\/"]},{"@type":"Person","@id":"https:\/\/womenhouse.cz\/#\/schema\/person\/541326101f8d68c711e83e8fecc80738","name":"Jolana Hol\u00e1\u0148ov\u00e1","sameAs":["http:\/\/www.womenhouse.cz"],"url":"https:\/\/womenhouse.cz\/index.php\/author\/jolhol\/"}]}},"_links":{"self":[{"href":"https:\/\/womenhouse.cz\/index.php\/wp-json\/wp\/v2\/posts\/8939"}],"collection":[{"href":"https:\/\/womenhouse.cz\/index.php\/wp-json\/wp\/v2\/posts"}],"about":[{"href":"https:\/\/womenhouse.cz\/index.php\/wp-json\/wp\/v2\/types\/post"}],"author":[{"embeddable":true,"href":"https:\/\/womenhouse.cz\/index.php\/wp-json\/wp\/v2\/users\/2"}],"replies":[{"embeddable":true,"href":"https:\/\/womenhouse.cz\/index.php\/wp-json\/wp\/v2\/comments?post=8939"}],"version-history":[{"count":-4,"href":"https:\/\/womenhouse.cz\/index.php\/wp-json\/wp\/v2\/posts\/8939\/revisions"}],"wp:featuredmedia":[{"embeddable":true,"href":"https:\/\/womenhouse.cz\/index.php\/wp-json\/wp\/v2\/media\/8940"}],"wp:attachment":[{"href":"https:\/\/womenhouse.cz\/index.php\/wp-json\/wp\/v2\/media?parent=8939"}],"wp:term":[{"taxonomy":"category","embeddable":true,"href":"https:\/\/womenhouse.cz\/index.php\/wp-json\/wp\/v2\/categories?post=8939"},{"taxonomy":"post_tag","embeddable":true,"href":"https:\/\/womenhouse.cz\/index.php\/wp-json\/wp\/v2\/tags?post=8939"}],"curies":[{"name":"wp","href":"https:\/\/api.w.org\/{rel}","templated":true}]}}