{"id":8864,"date":"2022-12-02T00:01:00","date_gmt":"2022-12-01T23:01:00","guid":{"rendered":"https:\/\/womenhouse.cz\/?p=8864"},"modified":"2023-01-26T00:13:43","modified_gmt":"2023-01-25T23:13:43","slug":"toniguy-slavi-20-let-v-ceske-republice","status":"publish","type":"post","link":"https:\/\/womenhouse.cz\/index.php\/2022\/12\/02\/toniguy-slavi-20-let-v-ceske-republice\/","title":{"rendered":"Toni&#038;Guy slav\u00ed 20 let v \u010cesk\u00e9 republice"},"content":{"rendered":"\n<div style=\"height:34px\" aria-hidden=\"true\" class=\"wp-block-spacer\"><\/div>\n\n\n\n<p><strong>Ji\u017e dv\u011b desetilet\u00ed poskytuje sv\u011btov\u011b proslul\u00e9 kade\u0159nictv\u00ed Toni&amp;Guy prvot\u0159\u00eddn\u00ed slu\u017eby tak\u00e9 \u010desk\u00fdm z\u00e1kazn\u00edk\u016fm.<\/strong><\/p>\n\n\n\n<p><strong>Prvn\u00ed sal\u00f3n Toni&amp;Guy v \u010cesk\u00e9 republice byl otev\u0159en u\u017e v roce 2002 a byl v\u016fbec prvn\u00edm sal\u00f3nem ve st\u0159edn\u00ed Evrop\u011b. Nach\u00e1zel se v Dlouh\u00e9 ulici v Praze 1 na plo\u0161e p\u0159es 300 metr\u016f \u010dtvere\u010dn\u00edch a interi\u00e9r byl navr\u017een v elegantn\u00edm jednoduch\u00e9m a vzdu\u0161n\u00e9m stylu.<\/strong><\/p>\n\n\n\n<div style=\"height:20px\" aria-hidden=\"true\" class=\"wp-block-spacer\"><\/div>\n\n\n\n<div class=\"wp-block-image\"><figure class=\"aligncenter size-large\"><img decoding=\"async\" src=\"https:\/\/celebrityhouse.cz\/wp-content\/uploads\/2022\/11\/SOUKENICKA-1024x682.jpg\" alt=\"\" class=\"wp-image-6085\"\/><\/figure><\/div>\n\n\n\n<div style=\"height:20px\" aria-hidden=\"true\" class=\"wp-block-spacer\"><\/div>\n\n\n\n<p>B\u011bhem n\u00e1sleduj\u00edc\u00edch let byl p\u0159est\u011bhov\u00e1n do ulice Soukenick\u00e1 a p\u0159ibyly je\u0161t\u011b dva salony, rovn\u011b\u017e v centru Prahy, a to v Michalsk\u00e9 a Opletalov\u011b ulici.<\/p>\n\n\n\n<p>V sou\u010dasn\u00e9 dob\u011b pracuje v \u010desk\u00fdch salonech Toni&amp;Guy stabiln\u00ed t\u00fdm pades\u00e1ti zem\u011bstnac\u016f, kte\u0159\u00ed se staraj\u00ed o tis\u00edce spokojen\u00fdch klient\u016f.<\/p>\n\n\n\n<p>Stejn\u011b jako ve sv\u011bt\u011b, i v \u010cesku neznamen\u00e1 Toni&amp;Guy pouze kade\u0159nick\u00e9 salony, ale tak\u00e9 \u00fa\u010dast na presti\u017en\u00edch m\u00f3dn\u00edch akc\u00edch, jako je Mercedes-Benz Fashion Week \u010di Designblok, a spolupr\u00e1ce s p\u0159edn\u00edmi m\u00f3dn\u00edmi n\u00e1vrh\u00e1\u0159i, nap\u0159\u00edklad Zuzanou Kub\u00ed\u010dkovou \u010di zna\u010dkami Chatty a La Formela. V roli ofici\u00e1ln\u00edho partnera Toni&amp;Guy ud\u00e1v\u00e1 trendy vlasov\u00e9 m\u00f3dy a pot\u00e9 je p\u0159en\u00e1\u0161\u00ed do salon\u016f sv\u00fdm klient\u016fm.<\/p>\n\n\n\n<p><\/p>\n\n\n\n<figure class=\"wp-block-gallery columns-3 is-cropped wp-block-gallery-1 is-layout-flex wp-block-gallery-is-layout-flex\"><ul class=\"blocks-gallery-grid\"><li class=\"blocks-gallery-item\"><figure><img decoding=\"async\" src=\"https:\/\/celebrityhouse.cz\/wp-content\/uploads\/2022\/11\/LIQUID-HAIR-1-724x1024.jpeg\" alt=\"\" data-id=\"6086\" data-full-url=\"https:\/\/celebrityhouse.cz\/wp-content\/uploads\/2022\/11\/LIQUID-HAIR-1.jpeg\" data-link=\"https:\/\/celebrityhouse.cz\/?attachment_id=6086\" class=\"wp-image-6086\"\/><\/figure><\/li><li class=\"blocks-gallery-item\"><figure><img decoding=\"async\" src=\"https:\/\/celebrityhouse.cz\/wp-content\/uploads\/2022\/11\/LIQUID-HAIR-2-724x1024.jpeg\" alt=\"\" data-id=\"6087\" data-full-url=\"https:\/\/celebrityhouse.cz\/wp-content\/uploads\/2022\/11\/LIQUID-HAIR-2.jpeg\" data-link=\"https:\/\/celebrityhouse.cz\/?attachment_id=6087\" class=\"wp-image-6087\"\/><\/figure><\/li><li class=\"blocks-gallery-item\"><figure><img decoding=\"async\" src=\"https:\/\/celebrityhouse.cz\/wp-content\/uploads\/2022\/11\/THE-COCO-BOB-724x1024.jpeg\" alt=\"\" data-id=\"6088\" data-full-url=\"https:\/\/celebrityhouse.cz\/wp-content\/uploads\/2022\/11\/THE-COCO-BOB.jpeg\" data-link=\"https:\/\/celebrityhouse.cz\/?attachment_id=6088\" class=\"wp-image-6088\"\/><\/figure><\/li><\/ul><\/figure>\n\n\n\n<div style=\"height:20px\" aria-hidden=\"true\" class=\"wp-block-spacer\"><\/div>\n\n\n\n<p>Sv\u00e9 know-how poskytuje Toni&amp;Guy nad\u011bjn\u00fdm mlad\u00fdm talent\u016fm prost\u0159ednictv\u00edm Toni&amp;Guy Akademie, kter\u00e1 poskytuje komplexn\u00ed vzd\u011bl\u00e1vac\u00ed program. Za dobu jej\u00edho p\u016fsoben\u00ed v Praze zde bylo vy\u0161koleno v\u00edce ne\u017e 120 kade\u0159n\u00edk\u016f.<\/p>\n\n\n\n<div style=\"height:20px\" aria-hidden=\"true\" class=\"wp-block-spacer\"><\/div>\n\n\n\n<figure class=\"wp-block-image size-large\"><img decoding=\"async\" src=\"https:\/\/celebrityhouse.cz\/wp-content\/uploads\/2022\/11\/T-and-G_TTL-1024x713.jpg\" alt=\"\" class=\"wp-image-6089\"\/><\/figure>\n\n\n\n<div style=\"height:20px\" aria-hidden=\"true\" class=\"wp-block-spacer\"><\/div>\n\n\n\n<p><strong>Toni&amp;Guy je mezin\u00e1rodn\u00ed s\u00ed\u0165 kade\u0159nick\u00fdch salon\u016f, kter\u00e1 v&nbsp;p\u0159\u00ed\u0161t\u00edm roce oslav\u00ed \u0161edes\u00e1tilet\u00e9 v\u00fdro\u010d\u00ed. Po cel\u00e9m sv\u011bt\u011b je k dne\u0161n\u00edmu dni v\u00edce ne\u017e 700 pobo\u010dek ve 40 zem\u00edch.<\/strong><\/p>\n\n\n\n<div style=\"height:50px\" aria-hidden=\"true\" class=\"wp-block-spacer\"><\/div>\n","protected":false},"excerpt":{"rendered":"<p>Ji\u017e dv\u011b desetilet\u00ed poskytuje sv\u011btov\u011b proslul\u00e9 kade\u0159nictv\u00ed Toni&amp;Guy prvot\u0159\u00eddn\u00ed slu\u017eby tak\u00e9 \u010desk\u00fdm z\u00e1kazn\u00edk\u016fm. Prvn\u00ed sal\u00f3n Toni&amp;Guy v \u010cesk\u00e9 republice byl otev\u0159en u\u017e v roce 2002 a byl v\u016fbec prvn\u00edm sal\u00f3nem ve st\u0159edn\u00ed Evrop\u011b. Nach\u00e1zel se v Dlouh\u00e9 ulici v Praze 1 na plo\u0161e p\u0159es 300 metr\u016f \u010dtvere\u010dn\u00edch a interi\u00e9r byl navr\u017een v elegantn\u00edm jednoduch\u00e9m a [&hellip;]<\/p>\n","protected":false},"author":6,"featured_media":8865,"comment_status":"closed","ping_status":"closed","sticky":false,"template":"","format":"standard","meta":{"_mi_skip_tracking":false,"_monsterinsights_sitenote_active":false,"_monsterinsights_sitenote_note":"","_monsterinsights_sitenote_category":0,"footnotes":""},"categories":[25,9,4,2,12],"tags":[],"yoast_head":"<!-- This site is optimized with the Yoast SEO plugin v21.5 - https:\/\/yoast.com\/wordpress\/plugins\/seo\/ -->\n<title>Toni&amp;Guy slav\u00ed 20 let v \u010cesk\u00e9 republice - WOMENHOUSE.cz<\/title>\n<meta name=\"robots\" content=\"index, follow, max-snippet:-1, max-image-preview:large, max-video-preview:-1\" \/>\n<link rel=\"canonical\" href=\"https:\/\/womenhouse.cz\/index.php\/2022\/12\/02\/toniguy-slavi-20-let-v-ceske-republice\/\" \/>\n<meta property=\"og:locale\" content=\"cs_CZ\" \/>\n<meta property=\"og:type\" content=\"article\" \/>\n<meta property=\"og:title\" content=\"Toni&amp;Guy slav\u00ed 20 let v \u010cesk\u00e9 republice - WOMENHOUSE.cz\" \/>\n<meta property=\"og:description\" content=\"Ji\u017e dv\u011b desetilet\u00ed poskytuje sv\u011btov\u011b proslul\u00e9 kade\u0159nictv\u00ed Toni&amp;Guy prvot\u0159\u00eddn\u00ed slu\u017eby tak\u00e9 \u010desk\u00fdm z\u00e1kazn\u00edk\u016fm. Prvn\u00ed sal\u00f3n Toni&amp;Guy v \u010cesk\u00e9 republice byl otev\u0159en u\u017e v roce 2002 a byl v\u016fbec prvn\u00edm sal\u00f3nem ve st\u0159edn\u00ed Evrop\u011b. Nach\u00e1zel se v Dlouh\u00e9 ulici v Praze 1 na plo\u0161e p\u0159es 300 metr\u016f \u010dtvere\u010dn\u00edch a interi\u00e9r byl navr\u017een v elegantn\u00edm jednoduch\u00e9m a [&hellip;]\" \/>\n<meta property=\"og:url\" content=\"https:\/\/womenhouse.cz\/index.php\/2022\/12\/02\/toniguy-slavi-20-let-v-ceske-republice\/\" \/>\n<meta property=\"og:site_name\" content=\"WOMENHOUSE.cz\" \/>\n<meta property=\"article:publisher\" content=\"https:\/\/www.facebook.com\/womenhousecz\" \/>\n<meta property=\"article:published_time\" content=\"2022-12-01T23:01:00+00:00\" \/>\n<meta property=\"article:modified_time\" content=\"2023-01-25T23:13:43+00:00\" \/>\n<meta property=\"og:image\" content=\"https:\/\/womenhouse.cz\/wp-content\/uploads\/2022\/11\/SOUKENICKA.jpg\" \/>\n\t<meta property=\"og:image:width\" content=\"1280\" \/>\n\t<meta property=\"og:image:height\" content=\"853\" \/>\n\t<meta property=\"og:image:type\" content=\"image\/jpeg\" \/>\n<meta name=\"author\" content=\"Petra Kub\u00edkov\u00e1\" \/>\n<meta name=\"twitter:card\" content=\"summary_large_image\" \/>\n<meta name=\"twitter:label1\" content=\"Napsal(a)\" \/>\n\t<meta name=\"twitter:data1\" content=\"Petra Kub\u00edkov\u00e1\" \/>\n\t<meta name=\"twitter:label2\" content=\"Odhadovan\u00e1 doba \u010dten\u00ed\" \/>\n\t<meta name=\"twitter:data2\" content=\"2 minuty\" \/>\n<script type=\"application\/ld+json\" class=\"yoast-schema-graph\">{\"@context\":\"https:\/\/schema.org\",\"@graph\":[{\"@type\":\"Article\",\"@id\":\"https:\/\/womenhouse.cz\/index.php\/2022\/12\/02\/toniguy-slavi-20-let-v-ceske-republice\/#article\",\"isPartOf\":{\"@id\":\"https:\/\/womenhouse.cz\/index.php\/2022\/12\/02\/toniguy-slavi-20-let-v-ceske-republice\/\"},\"author\":{\"name\":\"Petra Kub\u00edkov\u00e1\",\"@id\":\"https:\/\/womenhouse.cz\/#\/schema\/person\/4a1fde0be3f0c5dd5006ba6dc68c7656\"},\"headline\":\"Toni&#038;Guy slav\u00ed 20 let v \u010cesk\u00e9 republice\",\"datePublished\":\"2022-12-01T23:01:00+00:00\",\"dateModified\":\"2023-01-25T23:13:43+00:00\",\"mainEntityOfPage\":{\"@id\":\"https:\/\/womenhouse.cz\/index.php\/2022\/12\/02\/toniguy-slavi-20-let-v-ceske-republice\/\"},\"wordCount\":324,\"publisher\":{\"@id\":\"https:\/\/womenhouse.cz\/#organization\"},\"articleSection\":[\"FASHION\",\"KOSMETIKA\",\"M\u00f3DA\",\"NEWS\",\"TIPY &amp; TRENDY\"],\"inLanguage\":\"cs\"},{\"@type\":\"WebPage\",\"@id\":\"https:\/\/womenhouse.cz\/index.php\/2022\/12\/02\/toniguy-slavi-20-let-v-ceske-republice\/\",\"url\":\"https:\/\/womenhouse.cz\/index.php\/2022\/12\/02\/toniguy-slavi-20-let-v-ceske-republice\/\",\"name\":\"Toni&Guy slav\u00ed 20 let v \u010cesk\u00e9 republice - WOMENHOUSE.cz\",\"isPartOf\":{\"@id\":\"https:\/\/womenhouse.cz\/#website\"},\"datePublished\":\"2022-12-01T23:01:00+00:00\",\"dateModified\":\"2023-01-25T23:13:43+00:00\",\"breadcrumb\":{\"@id\":\"https:\/\/womenhouse.cz\/index.php\/2022\/12\/02\/toniguy-slavi-20-let-v-ceske-republice\/#breadcrumb\"},\"inLanguage\":\"cs\",\"potentialAction\":[{\"@type\":\"ReadAction\",\"target\":[\"https:\/\/womenhouse.cz\/index.php\/2022\/12\/02\/toniguy-slavi-20-let-v-ceske-republice\/\"]}]},{\"@type\":\"BreadcrumbList\",\"@id\":\"https:\/\/womenhouse.cz\/index.php\/2022\/12\/02\/toniguy-slavi-20-let-v-ceske-republice\/#breadcrumb\",\"itemListElement\":[{\"@type\":\"ListItem\",\"position\":1,\"name\":\"Dom\u016f\",\"item\":\"https:\/\/womenhouse.cz\/\"},{\"@type\":\"ListItem\",\"position\":2,\"name\":\"Toni&#038;Guy slav\u00ed 20 let v \u010cesk\u00e9 republice\"}]},{\"@type\":\"WebSite\",\"@id\":\"https:\/\/womenhouse.cz\/#website\",\"url\":\"https:\/\/womenhouse.cz\/\",\"name\":\"WOMENHOUSE.cz\",\"description\":\"Port\u00e1l v\u00fdhradn\u011b jen pro \u017eeny...\",\"publisher\":{\"@id\":\"https:\/\/womenhouse.cz\/#organization\"},\"potentialAction\":[{\"@type\":\"SearchAction\",\"target\":{\"@type\":\"EntryPoint\",\"urlTemplate\":\"https:\/\/womenhouse.cz\/?s={search_term_string}\"},\"query-input\":\"required name=search_term_string\"}],\"inLanguage\":\"cs\"},{\"@type\":\"Organization\",\"@id\":\"https:\/\/womenhouse.cz\/#organization\",\"name\":\"WOMENHOUSE.cz\",\"url\":\"https:\/\/womenhouse.cz\/\",\"logo\":{\"@type\":\"ImageObject\",\"inLanguage\":\"cs\",\"@id\":\"https:\/\/womenhouse.cz\/#\/schema\/logo\/image\/\",\"url\":\"https:\/\/womenhouse.cz\/wp-content\/uploads\/2020\/06\/cropped-logo_Womenhouse_RGB-02-removebg-preview-1.png\",\"contentUrl\":\"https:\/\/womenhouse.cz\/wp-content\/uploads\/2020\/06\/cropped-logo_Womenhouse_RGB-02-removebg-preview-1.png\",\"width\":561,\"height\":375,\"caption\":\"WOMENHOUSE.cz\"},\"image\":{\"@id\":\"https:\/\/womenhouse.cz\/#\/schema\/logo\/image\/\"},\"sameAs\":[\"https:\/\/www.facebook.com\/womenhousecz\",\"https:\/\/www.instagram.com\/womenhousecz\/\"]},{\"@type\":\"Person\",\"@id\":\"https:\/\/womenhouse.cz\/#\/schema\/person\/4a1fde0be3f0c5dd5006ba6dc68c7656\",\"name\":\"Petra Kub\u00edkov\u00e1\",\"sameAs\":[\"http:\/\/WOMENHOUSE.cz\"],\"url\":\"https:\/\/womenhouse.cz\/index.php\/author\/kubip\/\"}]}<\/script>\n<!-- \/ Yoast SEO plugin. -->","yoast_head_json":{"title":"Toni&Guy slav\u00ed 20 let v \u010cesk\u00e9 republice - WOMENHOUSE.cz","robots":{"index":"index","follow":"follow","max-snippet":"max-snippet:-1","max-image-preview":"max-image-preview:large","max-video-preview":"max-video-preview:-1"},"canonical":"https:\/\/womenhouse.cz\/index.php\/2022\/12\/02\/toniguy-slavi-20-let-v-ceske-republice\/","og_locale":"cs_CZ","og_type":"article","og_title":"Toni&Guy slav\u00ed 20 let v \u010cesk\u00e9 republice - WOMENHOUSE.cz","og_description":"Ji\u017e dv\u011b desetilet\u00ed poskytuje sv\u011btov\u011b proslul\u00e9 kade\u0159nictv\u00ed Toni&amp;Guy prvot\u0159\u00eddn\u00ed slu\u017eby tak\u00e9 \u010desk\u00fdm z\u00e1kazn\u00edk\u016fm. Prvn\u00ed sal\u00f3n Toni&amp;Guy v \u010cesk\u00e9 republice byl otev\u0159en u\u017e v roce 2002 a byl v\u016fbec prvn\u00edm sal\u00f3nem ve st\u0159edn\u00ed Evrop\u011b. Nach\u00e1zel se v Dlouh\u00e9 ulici v Praze 1 na plo\u0161e p\u0159es 300 metr\u016f \u010dtvere\u010dn\u00edch a interi\u00e9r byl navr\u017een v elegantn\u00edm jednoduch\u00e9m a [&hellip;]","og_url":"https:\/\/womenhouse.cz\/index.php\/2022\/12\/02\/toniguy-slavi-20-let-v-ceske-republice\/","og_site_name":"WOMENHOUSE.cz","article_publisher":"https:\/\/www.facebook.com\/womenhousecz","article_published_time":"2022-12-01T23:01:00+00:00","article_modified_time":"2023-01-25T23:13:43+00:00","og_image":[{"width":1280,"height":853,"url":"https:\/\/womenhouse.cz\/wp-content\/uploads\/2022\/11\/SOUKENICKA.jpg","type":"image\/jpeg"}],"author":"Petra Kub\u00edkov\u00e1","twitter_card":"summary_large_image","twitter_misc":{"Napsal(a)":"Petra Kub\u00edkov\u00e1","Odhadovan\u00e1 doba \u010dten\u00ed":"2 minuty"},"schema":{"@context":"https:\/\/schema.org","@graph":[{"@type":"Article","@id":"https:\/\/womenhouse.cz\/index.php\/2022\/12\/02\/toniguy-slavi-20-let-v-ceske-republice\/#article","isPartOf":{"@id":"https:\/\/womenhouse.cz\/index.php\/2022\/12\/02\/toniguy-slavi-20-let-v-ceske-republice\/"},"author":{"name":"Petra Kub\u00edkov\u00e1","@id":"https:\/\/womenhouse.cz\/#\/schema\/person\/4a1fde0be3f0c5dd5006ba6dc68c7656"},"headline":"Toni&#038;Guy slav\u00ed 20 let v \u010cesk\u00e9 republice","datePublished":"2022-12-01T23:01:00+00:00","dateModified":"2023-01-25T23:13:43+00:00","mainEntityOfPage":{"@id":"https:\/\/womenhouse.cz\/index.php\/2022\/12\/02\/toniguy-slavi-20-let-v-ceske-republice\/"},"wordCount":324,"publisher":{"@id":"https:\/\/womenhouse.cz\/#organization"},"articleSection":["FASHION","KOSMETIKA","M\u00f3DA","NEWS","TIPY &amp; TRENDY"],"inLanguage":"cs"},{"@type":"WebPage","@id":"https:\/\/womenhouse.cz\/index.php\/2022\/12\/02\/toniguy-slavi-20-let-v-ceske-republice\/","url":"https:\/\/womenhouse.cz\/index.php\/2022\/12\/02\/toniguy-slavi-20-let-v-ceske-republice\/","name":"Toni&Guy slav\u00ed 20 let v \u010cesk\u00e9 republice - WOMENHOUSE.cz","isPartOf":{"@id":"https:\/\/womenhouse.cz\/#website"},"datePublished":"2022-12-01T23:01:00+00:00","dateModified":"2023-01-25T23:13:43+00:00","breadcrumb":{"@id":"https:\/\/womenhouse.cz\/index.php\/2022\/12\/02\/toniguy-slavi-20-let-v-ceske-republice\/#breadcrumb"},"inLanguage":"cs","potentialAction":[{"@type":"ReadAction","target":["https:\/\/womenhouse.cz\/index.php\/2022\/12\/02\/toniguy-slavi-20-let-v-ceske-republice\/"]}]},{"@type":"BreadcrumbList","@id":"https:\/\/womenhouse.cz\/index.php\/2022\/12\/02\/toniguy-slavi-20-let-v-ceske-republice\/#breadcrumb","itemListElement":[{"@type":"ListItem","position":1,"name":"Dom\u016f","item":"https:\/\/womenhouse.cz\/"},{"@type":"ListItem","position":2,"name":"Toni&#038;Guy slav\u00ed 20 let v \u010cesk\u00e9 republice"}]},{"@type":"WebSite","@id":"https:\/\/womenhouse.cz\/#website","url":"https:\/\/womenhouse.cz\/","name":"WOMENHOUSE.cz","description":"Port\u00e1l v\u00fdhradn\u011b jen pro \u017eeny...","publisher":{"@id":"https:\/\/womenhouse.cz\/#organization"},"potentialAction":[{"@type":"SearchAction","target":{"@type":"EntryPoint","urlTemplate":"https:\/\/womenhouse.cz\/?s={search_term_string}"},"query-input":"required name=search_term_string"}],"inLanguage":"cs"},{"@type":"Organization","@id":"https:\/\/womenhouse.cz\/#organization","name":"WOMENHOUSE.cz","url":"https:\/\/womenhouse.cz\/","logo":{"@type":"ImageObject","inLanguage":"cs","@id":"https:\/\/womenhouse.cz\/#\/schema\/logo\/image\/","url":"https:\/\/womenhouse.cz\/wp-content\/uploads\/2020\/06\/cropped-logo_Womenhouse_RGB-02-removebg-preview-1.png","contentUrl":"https:\/\/womenhouse.cz\/wp-content\/uploads\/2020\/06\/cropped-logo_Womenhouse_RGB-02-removebg-preview-1.png","width":561,"height":375,"caption":"WOMENHOUSE.cz"},"image":{"@id":"https:\/\/womenhouse.cz\/#\/schema\/logo\/image\/"},"sameAs":["https:\/\/www.facebook.com\/womenhousecz","https:\/\/www.instagram.com\/womenhousecz\/"]},{"@type":"Person","@id":"https:\/\/womenhouse.cz\/#\/schema\/person\/4a1fde0be3f0c5dd5006ba6dc68c7656","name":"Petra Kub\u00edkov\u00e1","sameAs":["http:\/\/WOMENHOUSE.cz"],"url":"https:\/\/womenhouse.cz\/index.php\/author\/kubip\/"}]}},"_links":{"self":[{"href":"https:\/\/womenhouse.cz\/index.php\/wp-json\/wp\/v2\/posts\/8864"}],"collection":[{"href":"https:\/\/womenhouse.cz\/index.php\/wp-json\/wp\/v2\/posts"}],"about":[{"href":"https:\/\/womenhouse.cz\/index.php\/wp-json\/wp\/v2\/types\/post"}],"author":[{"embeddable":true,"href":"https:\/\/womenhouse.cz\/index.php\/wp-json\/wp\/v2\/users\/6"}],"replies":[{"embeddable":true,"href":"https:\/\/womenhouse.cz\/index.php\/wp-json\/wp\/v2\/comments?post=8864"}],"version-history":[{"count":-4,"href":"https:\/\/womenhouse.cz\/index.php\/wp-json\/wp\/v2\/posts\/8864\/revisions"}],"wp:featuredmedia":[{"embeddable":true,"href":"https:\/\/womenhouse.cz\/index.php\/wp-json\/wp\/v2\/media\/8865"}],"wp:attachment":[{"href":"https:\/\/womenhouse.cz\/index.php\/wp-json\/wp\/v2\/media?parent=8864"}],"wp:term":[{"taxonomy":"category","embeddable":true,"href":"https:\/\/womenhouse.cz\/index.php\/wp-json\/wp\/v2\/categories?post=8864"},{"taxonomy":"post_tag","embeddable":true,"href":"https:\/\/womenhouse.cz\/index.php\/wp-json\/wp\/v2\/tags?post=8864"}],"curies":[{"name":"wp","href":"https:\/\/api.w.org\/{rel}","templated":true}]}}