{"id":8421,"date":"2022-10-03T11:56:54","date_gmt":"2022-10-03T09:56:54","guid":{"rendered":"https:\/\/womenhouse.cz\/?p=8421"},"modified":"2022-11-23T16:16:15","modified_gmt":"2022-11-23T15:16:15","slug":"salon-petra-mechurova-predstavuje-novou-vlasovou-kolekci-generation-of-love","status":"publish","type":"post","link":"https:\/\/womenhouse.cz\/index.php\/2022\/10\/03\/salon-petra-mechurova-predstavuje-novou-vlasovou-kolekci-generation-of-love\/","title":{"rendered":"Salon Petra M\u011bchurov\u00e1 p\u0159edstavuje novou vlasovou kolekci Generation of Love"},"content":{"rendered":"\n<div style=\"height:33px\" aria-hidden=\"true\" class=\"wp-block-spacer\"><\/div>\n\n\n\n<p><strong>Petra M\u011bchurov\u00e1 otev\u0159ela sv\u016fj prvn\u00ed kade\u0159nick\u00fd salon v\u00a0roce 2001 a v\u00a0sou\u010dasn\u00e9 dob\u011b m\u00e1 na kont\u011b \u0159adu presti\u017en\u00edch ocen\u011bn\u00ed. I to, kter\u00e9mu se p\u0159ezd\u00edv\u00e1 kade\u0159nick\u00fd Oscar neboli mezin\u00e1rodn\u00ed kade\u0159nick\u00e9 ocen\u011bn\u00ed AIPP Grand Trophy. Trendy v\u00a0\u00fa\u010desech v\u00a0nadch\u00e1zej\u00edc\u00ed sez\u00f3n\u011b prezentuje prost\u0159ednictv\u00edm vlasov\u00fdch kolekc\u00ed, kter\u00e9 vyd\u00e1v\u00e1 u\u017e od samotn\u00e9ho zalo\u017een\u00ed salonu. Kolekce p\u0159edstavuj\u00edc\u00ed vlasy pro rok 2023 nese n\u00e1zev Generation of Love.<\/strong><\/p>\n\n\n\n<div style=\"height:9px\" aria-hidden=\"true\" class=\"wp-block-spacer\"><\/div>\n\n\n\n<figure class=\"wp-block-gallery columns-2 is-cropped wp-block-gallery-1 is-layout-flex wp-block-gallery-is-layout-flex\"><ul class=\"blocks-gallery-grid\"><li class=\"blocks-gallery-item\"><figure><img loading=\"lazy\" decoding=\"async\" width=\"957\" height=\"1024\" src=\"https:\/\/womenhouse.cz\/wp-content\/uploads\/2022\/10\/PM-Generation-of-love-Ribalovi-nahled-957x1024.jpg\" alt=\"\" data-id=\"8426\" data-full-url=\"https:\/\/womenhouse.cz\/wp-content\/uploads\/2022\/10\/PM-Generation-of-love-Ribalovi-nahled.jpg\" data-link=\"https:\/\/womenhouse.cz\/?attachment_id=8426\" class=\"wp-image-8426\" srcset=\"https:\/\/womenhouse.cz\/wp-content\/uploads\/2022\/10\/PM-Generation-of-love-Ribalovi-nahled-957x1024.jpg 957w, https:\/\/womenhouse.cz\/wp-content\/uploads\/2022\/10\/PM-Generation-of-love-Ribalovi-nahled-280x300.jpg 280w, https:\/\/womenhouse.cz\/wp-content\/uploads\/2022\/10\/PM-Generation-of-love-Ribalovi-nahled-768x822.jpg 768w, https:\/\/womenhouse.cz\/wp-content\/uploads\/2022\/10\/PM-Generation-of-love-Ribalovi-nahled-1435x1536.jpg 1435w, https:\/\/womenhouse.cz\/wp-content\/uploads\/2022\/10\/PM-Generation-of-love-Ribalovi-nahled-1913x2048.jpg 1913w, https:\/\/womenhouse.cz\/wp-content\/uploads\/2022\/10\/PM-Generation-of-love-Ribalovi-nahled.jpg 1920w\" sizes=\"(max-width: 957px) 100vw, 957px\" \/><\/figure><\/li><li class=\"blocks-gallery-item\"><figure><img loading=\"lazy\" decoding=\"async\" width=\"957\" height=\"1024\" src=\"https:\/\/womenhouse.cz\/wp-content\/uploads\/2022\/10\/PM-Generation-of-love-Misa-a-Frantisek-nahled-957x1024.jpg\" alt=\"\" data-id=\"8425\" data-full-url=\"https:\/\/womenhouse.cz\/wp-content\/uploads\/2022\/10\/PM-Generation-of-love-Misa-a-Frantisek-nahled.jpg\" data-link=\"https:\/\/womenhouse.cz\/?attachment_id=8425\" class=\"wp-image-8425\" srcset=\"https:\/\/womenhouse.cz\/wp-content\/uploads\/2022\/10\/PM-Generation-of-love-Misa-a-Frantisek-nahled-957x1024.jpg 957w, https:\/\/womenhouse.cz\/wp-content\/uploads\/2022\/10\/PM-Generation-of-love-Misa-a-Frantisek-nahled-280x300.jpg 280w, https:\/\/womenhouse.cz\/wp-content\/uploads\/2022\/10\/PM-Generation-of-love-Misa-a-Frantisek-nahled-768x822.jpg 768w, https:\/\/womenhouse.cz\/wp-content\/uploads\/2022\/10\/PM-Generation-of-love-Misa-a-Frantisek-nahled.jpg 1024w\" sizes=\"(max-width: 957px) 100vw, 957px\" \/><\/figure><\/li><\/ul><\/figure>\n\n\n\n<div style=\"height:8px\" aria-hidden=\"true\" class=\"wp-block-spacer\"><\/div>\n\n\n\n<p>Tlukot srdce bij\u00edc\u00ed pro toho druh\u00e9ho. Intenzivn\u00ed pocit dokonal\u00e9ho propojen\u00ed v ka\u017ed\u00e9m v\u011bku. Nespoutanost a p\u0159irozenost. Lehkost a nen\u00e1silnost. To je to, co vystihuje kolekci, kter\u00e1 z\u00e1rove\u0148 nese poselstv\u00ed \u0161t\u011bst\u00ed a l\u00e1sky. Podlehn\u011bte i vy kouzlu prav\u00e9 l\u00e1sky k hebk\u00fdm a \u010dist\u00fdm vlas\u016fm. Dokonal\u00fdm slad\u011bn\u00edm st\u0159ihu a barvy je podtr\u017eena jedine\u010dn\u00e1 osobnost, kter\u00e1 je v ka\u017ed\u00e9m z n\u00e1s.<\/p>\n\n\n\n<div style=\"height:9px\" aria-hidden=\"true\" class=\"wp-block-spacer\"><\/div>\n\n\n\n<figure class=\"wp-block-gallery columns-3 is-cropped wp-block-gallery-2 is-layout-flex wp-block-gallery-is-layout-flex\"><ul class=\"blocks-gallery-grid\"><li class=\"blocks-gallery-item\"><figure><img loading=\"lazy\" decoding=\"async\" width=\"957\" height=\"1024\" src=\"https:\/\/womenhouse.cz\/wp-content\/uploads\/2022\/10\/PM-Generation-of-love-Ribalovi--957x1024.jpg\" alt=\"\" data-id=\"8429\" data-full-url=\"https:\/\/womenhouse.cz\/wp-content\/uploads\/2022\/10\/PM-Generation-of-love-Ribalovi-.jpg\" data-link=\"https:\/\/womenhouse.cz\/?attachment_id=8429\" class=\"wp-image-8429\" srcset=\"https:\/\/womenhouse.cz\/wp-content\/uploads\/2022\/10\/PM-Generation-of-love-Ribalovi--957x1024.jpg 957w, https:\/\/womenhouse.cz\/wp-content\/uploads\/2022\/10\/PM-Generation-of-love-Ribalovi--280x300.jpg 280w, https:\/\/womenhouse.cz\/wp-content\/uploads\/2022\/10\/PM-Generation-of-love-Ribalovi--768x822.jpg 768w, https:\/\/womenhouse.cz\/wp-content\/uploads\/2022\/10\/PM-Generation-of-love-Ribalovi-.jpg 1168w\" sizes=\"(max-width: 957px) 100vw, 957px\" \/><\/figure><\/li><li class=\"blocks-gallery-item\"><figure><img loading=\"lazy\" decoding=\"async\" width=\"957\" height=\"1024\" src=\"https:\/\/womenhouse.cz\/wp-content\/uploads\/2022\/10\/PM-Generation-of-love-deti--957x1024.jpg\" alt=\"\" data-id=\"8427\" data-full-url=\"https:\/\/womenhouse.cz\/wp-content\/uploads\/2022\/10\/PM-Generation-of-love-deti-.jpg\" data-link=\"https:\/\/womenhouse.cz\/?attachment_id=8427\" class=\"wp-image-8427\" srcset=\"https:\/\/womenhouse.cz\/wp-content\/uploads\/2022\/10\/PM-Generation-of-love-deti--957x1024.jpg 957w, https:\/\/womenhouse.cz\/wp-content\/uploads\/2022\/10\/PM-Generation-of-love-deti--280x300.jpg 280w, https:\/\/womenhouse.cz\/wp-content\/uploads\/2022\/10\/PM-Generation-of-love-deti--768x822.jpg 768w, https:\/\/womenhouse.cz\/wp-content\/uploads\/2022\/10\/PM-Generation-of-love-deti-.jpg 1168w\" sizes=\"(max-width: 957px) 100vw, 957px\" \/><\/figure><\/li><li class=\"blocks-gallery-item\"><figure><img loading=\"lazy\" decoding=\"async\" width=\"957\" height=\"1024\" src=\"https:\/\/womenhouse.cz\/wp-content\/uploads\/2022\/10\/PM-Generation-of-love-Misa-a-Frantisek--957x1024.jpg\" alt=\"\" data-id=\"8428\" data-full-url=\"https:\/\/womenhouse.cz\/wp-content\/uploads\/2022\/10\/PM-Generation-of-love-Misa-a-Frantisek-.jpg\" data-link=\"https:\/\/womenhouse.cz\/?attachment_id=8428\" class=\"wp-image-8428\" srcset=\"https:\/\/womenhouse.cz\/wp-content\/uploads\/2022\/10\/PM-Generation-of-love-Misa-a-Frantisek--957x1024.jpg 957w, https:\/\/womenhouse.cz\/wp-content\/uploads\/2022\/10\/PM-Generation-of-love-Misa-a-Frantisek--280x300.jpg 280w, https:\/\/womenhouse.cz\/wp-content\/uploads\/2022\/10\/PM-Generation-of-love-Misa-a-Frantisek--768x822.jpg 768w, https:\/\/womenhouse.cz\/wp-content\/uploads\/2022\/10\/PM-Generation-of-love-Misa-a-Frantisek-.jpg 1168w\" sizes=\"(max-width: 957px) 100vw, 957px\" \/><\/figure><\/li><\/ul><\/figure>\n\n\n\n<div style=\"height:8px\" aria-hidden=\"true\" class=\"wp-block-spacer\"><\/div>\n\n\n\n<p>\u201e<em>P\u0159irozen\u00e1 a nositeln\u00e1 kolekce je vytvo\u0159ena pro klienty salonu a v\u011b\u0159\u00edme, \u017ee pot\u011b\u0161\u00ed a zah\u0159eje na srdci. Klientela salonu se prol\u00edn\u00e1 mnoha generacemi, a to n\u00e1m d\u011bl\u00e1 radost ji\u017e 22 let. Jsme v\u00e1m vd\u011b\u010dni, \u017ee jste s\u00a0n\u00e1mi,\u201c<\/em> <strong>vzkazuje Petra M\u011bchurov\u00e1<\/strong>.<\/p>\n\n\n\n<div style=\"height:40px\" aria-hidden=\"true\" class=\"wp-block-spacer\"><\/div>\n\n\n\n<figure class=\"wp-block-gallery columns-3 is-cropped wp-block-gallery-3 is-layout-flex wp-block-gallery-is-layout-flex\"><ul class=\"blocks-gallery-grid\"><li class=\"blocks-gallery-item\"><figure><img loading=\"lazy\" decoding=\"async\" width=\"957\" height=\"1024\" src=\"https:\/\/womenhouse.cz\/wp-content\/uploads\/2022\/10\/PM-Generation-of-love-Ribalovi-nahled-957x1024.jpg\" alt=\"\" data-id=\"8426\" data-link=\"https:\/\/womenhouse.cz\/?attachment_id=8426\" class=\"wp-image-8426\" srcset=\"https:\/\/womenhouse.cz\/wp-content\/uploads\/2022\/10\/PM-Generation-of-love-Ribalovi-nahled-957x1024.jpg 957w, https:\/\/womenhouse.cz\/wp-content\/uploads\/2022\/10\/PM-Generation-of-love-Ribalovi-nahled-280x300.jpg 280w, https:\/\/womenhouse.cz\/wp-content\/uploads\/2022\/10\/PM-Generation-of-love-Ribalovi-nahled-768x822.jpg 768w, https:\/\/womenhouse.cz\/wp-content\/uploads\/2022\/10\/PM-Generation-of-love-Ribalovi-nahled-1435x1536.jpg 1435w, https:\/\/womenhouse.cz\/wp-content\/uploads\/2022\/10\/PM-Generation-of-love-Ribalovi-nahled-1913x2048.jpg 1913w, https:\/\/womenhouse.cz\/wp-content\/uploads\/2022\/10\/PM-Generation-of-love-Ribalovi-nahled.jpg 1920w\" sizes=\"(max-width: 957px) 100vw, 957px\" \/><\/figure><\/li><li class=\"blocks-gallery-item\"><figure><img loading=\"lazy\" decoding=\"async\" width=\"957\" height=\"1024\" src=\"https:\/\/womenhouse.cz\/wp-content\/uploads\/2022\/10\/PM-Generation-of-love-deti-nahled-957x1024.jpg\" alt=\"\" data-id=\"8424\" data-link=\"https:\/\/womenhouse.cz\/?attachment_id=8424\" class=\"wp-image-8424\" srcset=\"https:\/\/womenhouse.cz\/wp-content\/uploads\/2022\/10\/PM-Generation-of-love-deti-nahled-957x1024.jpg 957w, https:\/\/womenhouse.cz\/wp-content\/uploads\/2022\/10\/PM-Generation-of-love-deti-nahled-280x300.jpg 280w, https:\/\/womenhouse.cz\/wp-content\/uploads\/2022\/10\/PM-Generation-of-love-deti-nahled-768x822.jpg 768w, https:\/\/womenhouse.cz\/wp-content\/uploads\/2022\/10\/PM-Generation-of-love-deti-nahled.jpg 1280w\" sizes=\"(max-width: 957px) 100vw, 957px\" \/><\/figure><\/li><li class=\"blocks-gallery-item\"><figure><img loading=\"lazy\" decoding=\"async\" width=\"957\" height=\"1024\" src=\"https:\/\/womenhouse.cz\/wp-content\/uploads\/2022\/10\/PM-Generation-of-love-Misa-a-Frantisek-nahled-957x1024.jpg\" alt=\"\" data-id=\"8425\" data-link=\"https:\/\/womenhouse.cz\/?attachment_id=8425\" class=\"wp-image-8425\" srcset=\"https:\/\/womenhouse.cz\/wp-content\/uploads\/2022\/10\/PM-Generation-of-love-Misa-a-Frantisek-nahled-957x1024.jpg 957w, https:\/\/womenhouse.cz\/wp-content\/uploads\/2022\/10\/PM-Generation-of-love-Misa-a-Frantisek-nahled-280x300.jpg 280w, https:\/\/womenhouse.cz\/wp-content\/uploads\/2022\/10\/PM-Generation-of-love-Misa-a-Frantisek-nahled-768x822.jpg 768w, https:\/\/womenhouse.cz\/wp-content\/uploads\/2022\/10\/PM-Generation-of-love-Misa-a-Frantisek-nahled.jpg 1024w\" sizes=\"(max-width: 957px) 100vw, 957px\" \/><\/figure><\/li><li class=\"blocks-gallery-item\"><figure><img loading=\"lazy\" decoding=\"async\" width=\"957\" height=\"1024\" src=\"https:\/\/womenhouse.cz\/wp-content\/uploads\/2022\/10\/PM-Generation-of-love-Ribalovi--957x1024.jpg\" alt=\"\" data-id=\"8429\" data-link=\"https:\/\/womenhouse.cz\/?attachment_id=8429\" class=\"wp-image-8429\" srcset=\"https:\/\/womenhouse.cz\/wp-content\/uploads\/2022\/10\/PM-Generation-of-love-Ribalovi--957x1024.jpg 957w, https:\/\/womenhouse.cz\/wp-content\/uploads\/2022\/10\/PM-Generation-of-love-Ribalovi--280x300.jpg 280w, https:\/\/womenhouse.cz\/wp-content\/uploads\/2022\/10\/PM-Generation-of-love-Ribalovi--768x822.jpg 768w, https:\/\/womenhouse.cz\/wp-content\/uploads\/2022\/10\/PM-Generation-of-love-Ribalovi-.jpg 1168w\" sizes=\"(max-width: 957px) 100vw, 957px\" \/><\/figure><\/li><li class=\"blocks-gallery-item\"><figure><img loading=\"lazy\" decoding=\"async\" width=\"957\" height=\"1024\" src=\"https:\/\/womenhouse.cz\/wp-content\/uploads\/2022\/10\/PM-Generation-of-love-deti--957x1024.jpg\" alt=\"\" data-id=\"8427\" data-link=\"https:\/\/womenhouse.cz\/?attachment_id=8427\" class=\"wp-image-8427\" srcset=\"https:\/\/womenhouse.cz\/wp-content\/uploads\/2022\/10\/PM-Generation-of-love-deti--957x1024.jpg 957w, https:\/\/womenhouse.cz\/wp-content\/uploads\/2022\/10\/PM-Generation-of-love-deti--280x300.jpg 280w, https:\/\/womenhouse.cz\/wp-content\/uploads\/2022\/10\/PM-Generation-of-love-deti--768x822.jpg 768w, https:\/\/womenhouse.cz\/wp-content\/uploads\/2022\/10\/PM-Generation-of-love-deti-.jpg 1168w\" sizes=\"(max-width: 957px) 100vw, 957px\" \/><\/figure><\/li><li class=\"blocks-gallery-item\"><figure><img loading=\"lazy\" decoding=\"async\" width=\"957\" height=\"1024\" src=\"https:\/\/womenhouse.cz\/wp-content\/uploads\/2022\/10\/PM-Generation-of-love-Misa-a-Frantisek--957x1024.jpg\" alt=\"\" data-id=\"8428\" data-link=\"https:\/\/womenhouse.cz\/?attachment_id=8428\" class=\"wp-image-8428\" srcset=\"https:\/\/womenhouse.cz\/wp-content\/uploads\/2022\/10\/PM-Generation-of-love-Misa-a-Frantisek--957x1024.jpg 957w, https:\/\/womenhouse.cz\/wp-content\/uploads\/2022\/10\/PM-Generation-of-love-Misa-a-Frantisek--280x300.jpg 280w, https:\/\/womenhouse.cz\/wp-content\/uploads\/2022\/10\/PM-Generation-of-love-Misa-a-Frantisek--768x822.jpg 768w, https:\/\/womenhouse.cz\/wp-content\/uploads\/2022\/10\/PM-Generation-of-love-Misa-a-Frantisek-.jpg 1168w\" sizes=\"(max-width: 957px) 100vw, 957px\" \/><\/figure><\/li><li class=\"blocks-gallery-item\"><figure><img loading=\"lazy\" decoding=\"async\" width=\"768\" height=\"1024\" src=\"https:\/\/womenhouse.cz\/wp-content\/uploads\/2022\/10\/PHOTO-I-07_recepce-a-stary-salon-768x1024.jpg\" alt=\"\" data-id=\"8433\" data-full-url=\"https:\/\/womenhouse.cz\/wp-content\/uploads\/2022\/10\/PHOTO-I-07_recepce-a-stary-salon.jpg\" data-link=\"https:\/\/womenhouse.cz\/?attachment_id=8433\" class=\"wp-image-8433\" srcset=\"https:\/\/womenhouse.cz\/wp-content\/uploads\/2022\/10\/PHOTO-I-07_recepce-a-stary-salon-768x1025.jpg 768w, https:\/\/womenhouse.cz\/wp-content\/uploads\/2022\/10\/PHOTO-I-07_recepce-a-stary-salon-225x300.jpg 225w, https:\/\/womenhouse.cz\/wp-content\/uploads\/2022\/10\/PHOTO-I-07_recepce-a-stary-salon.jpg 937w\" sizes=\"(max-width: 768px) 100vw, 768px\" \/><\/figure><\/li><li class=\"blocks-gallery-item\"><figure><img loading=\"lazy\" decoding=\"async\" width=\"1024\" height=\"768\" src=\"https:\/\/womenhouse.cz\/wp-content\/uploads\/2022\/10\/PHOTO-I-02_recepce-s-logem-a-pohled-do-salonu-1024x768.jpg\" alt=\"\" data-id=\"8430\" data-full-url=\"https:\/\/womenhouse.cz\/wp-content\/uploads\/2022\/10\/PHOTO-I-02_recepce-s-logem-a-pohled-do-salonu.jpg\" data-link=\"https:\/\/womenhouse.cz\/?attachment_id=8430\" class=\"wp-image-8430\" srcset=\"https:\/\/womenhouse.cz\/wp-content\/uploads\/2022\/10\/PHOTO-I-02_recepce-s-logem-a-pohled-do-salonu-1024x768.jpg 1024w, https:\/\/womenhouse.cz\/wp-content\/uploads\/2022\/10\/PHOTO-I-02_recepce-s-logem-a-pohled-do-salonu-300x225.jpg 300w, https:\/\/womenhouse.cz\/wp-content\/uploads\/2022\/10\/PHOTO-I-02_recepce-s-logem-a-pohled-do-salonu-768x576.jpg 768w, https:\/\/womenhouse.cz\/wp-content\/uploads\/2022\/10\/PHOTO-I-02_recepce-s-logem-a-pohled-do-salonu.jpg 1450w\" sizes=\"(max-width: 1024px) 100vw, 1024px\" \/><\/figure><\/li><li class=\"blocks-gallery-item\"><figure><img loading=\"lazy\" decoding=\"async\" width=\"1024\" height=\"768\" src=\"https:\/\/womenhouse.cz\/wp-content\/uploads\/2022\/10\/PHOTO-I-04_sedacka-a-recepce-1024x768.jpg\" alt=\"\" data-id=\"8431\" data-full-url=\"https:\/\/womenhouse.cz\/wp-content\/uploads\/2022\/10\/PHOTO-I-04_sedacka-a-recepce.jpg\" data-link=\"https:\/\/womenhouse.cz\/?attachment_id=8431\" class=\"wp-image-8431\" srcset=\"https:\/\/womenhouse.cz\/wp-content\/uploads\/2022\/10\/PHOTO-I-04_sedacka-a-recepce-1024x768.jpg 1024w, https:\/\/womenhouse.cz\/wp-content\/uploads\/2022\/10\/PHOTO-I-04_sedacka-a-recepce-300x225.jpg 300w, https:\/\/womenhouse.cz\/wp-content\/uploads\/2022\/10\/PHOTO-I-04_sedacka-a-recepce-768x576.jpg 768w, https:\/\/womenhouse.cz\/wp-content\/uploads\/2022\/10\/PHOTO-I-04_sedacka-a-recepce.jpg 1450w\" sizes=\"(max-width: 1024px) 100vw, 1024px\" \/><\/figure><\/li><li class=\"blocks-gallery-item\"><figure><img loading=\"lazy\" decoding=\"async\" width=\"1024\" height=\"768\" src=\"https:\/\/womenhouse.cz\/wp-content\/uploads\/2022\/10\/PHOTO-I-03_-zrcadla-novy-salon-nahled.jpg\" alt=\"\" data-id=\"8423\" data-link=\"https:\/\/womenhouse.cz\/?attachment_id=8423\" class=\"wp-image-8423\" srcset=\"https:\/\/womenhouse.cz\/wp-content\/uploads\/2022\/10\/PHOTO-I-03_-zrcadla-novy-salon-nahled.jpg 1024w, https:\/\/womenhouse.cz\/wp-content\/uploads\/2022\/10\/PHOTO-I-03_-zrcadla-novy-salon-nahled-300x225.jpg 300w, https:\/\/womenhouse.cz\/wp-content\/uploads\/2022\/10\/PHOTO-I-03_-zrcadla-novy-salon-nahled-768x576.jpg 768w\" sizes=\"(max-width: 1024px) 100vw, 1024px\" \/><\/figure><\/li><li class=\"blocks-gallery-item\"><figure><img loading=\"lazy\" decoding=\"async\" width=\"1024\" height=\"768\" src=\"https:\/\/womenhouse.cz\/wp-content\/uploads\/2022\/10\/PHOTO-I-06_novy-salon-1024x768.jpg\" alt=\"\" data-id=\"8432\" data-full-url=\"https:\/\/womenhouse.cz\/wp-content\/uploads\/2022\/10\/PHOTO-I-06_novy-salon.jpg\" data-link=\"https:\/\/womenhouse.cz\/?attachment_id=8432\" class=\"wp-image-8432\" srcset=\"https:\/\/womenhouse.cz\/wp-content\/uploads\/2022\/10\/PHOTO-I-06_novy-salon-1024x768.jpg 1024w, https:\/\/womenhouse.cz\/wp-content\/uploads\/2022\/10\/PHOTO-I-06_novy-salon-300x225.jpg 300w, https:\/\/womenhouse.cz\/wp-content\/uploads\/2022\/10\/PHOTO-I-06_novy-salon-768x576.jpg 768w, https:\/\/womenhouse.cz\/wp-content\/uploads\/2022\/10\/PHOTO-I-06_novy-salon.jpg 1450w\" sizes=\"(max-width: 1024px) 100vw, 1024px\" \/><\/figure><\/li><li class=\"blocks-gallery-item\"><figure><img loading=\"lazy\" decoding=\"async\" width=\"944\" height=\"708\" src=\"https:\/\/womenhouse.cz\/wp-content\/uploads\/2022\/10\/PHOTO-I-01_myti-a-akademie.jpg\" alt=\"\" data-id=\"8422\" data-link=\"https:\/\/womenhouse.cz\/?attachment_id=8422\" class=\"wp-image-8422\" srcset=\"https:\/\/womenhouse.cz\/wp-content\/uploads\/2022\/10\/PHOTO-I-01_myti-a-akademie.jpg 944w, https:\/\/womenhouse.cz\/wp-content\/uploads\/2022\/10\/PHOTO-I-01_myti-a-akademie-300x225.jpg 300w, https:\/\/womenhouse.cz\/wp-content\/uploads\/2022\/10\/PHOTO-I-01_myti-a-akademie-768x576.jpg 768w\" sizes=\"(max-width: 944px) 100vw, 944px\" \/><\/figure><\/li><\/ul><\/figure>\n\n\n\n<div style=\"height:1px\" aria-hidden=\"true\" class=\"wp-block-spacer\"><\/div>\n\n\n\n<h2 class=\"wp-block-heading\"><strong>Kredity:<\/strong><\/h2>\n\n\n\n<p>Vlasy: <strong>Petra M\u011bchurov\u00e1, Marina Petriv<\/strong><\/p>\n\n\n\n<p>Make-up: <strong>Ivana Tok\u00e1rsk\u00e1<\/strong><\/p>\n\n\n\n<p>Styling: <strong>Lenka Kermes<\/strong><\/p>\n\n\n\n<p>Fotograf: <strong>Mat\u00fa\u0161 T\u00f3th<\/strong><\/p>\n\n\n\n<p>Video: <strong>Krist\u00fdna Skok\u00e1nkov\u00e1<\/strong><\/p>\n\n\n\n<p>Modelov\u00e9:<strong> Michaela a Petr \u0158\u00edbalovi, Ad\u00e9la a Franti\u0161ek S\u00fcsserovi, Michaela K\u0159iv\u00e1nkov\u00e1 a Franti\u0161ek Petru\u017e\u00e1lek<\/strong><\/p>\n\n\n\n<div style=\"height:31px\" aria-hidden=\"true\" class=\"wp-block-spacer\"><\/div>\n\n\n\n<figure class=\"wp-block-image size-full\"><img loading=\"lazy\" decoding=\"async\" width=\"944\" height=\"708\" src=\"https:\/\/womenhouse.cz\/wp-content\/uploads\/2022\/10\/PHOTO-I-01_myti-a-akademie.jpg\" alt=\"\" class=\"wp-image-8422\" srcset=\"https:\/\/womenhouse.cz\/wp-content\/uploads\/2022\/10\/PHOTO-I-01_myti-a-akademie.jpg 944w, https:\/\/womenhouse.cz\/wp-content\/uploads\/2022\/10\/PHOTO-I-01_myti-a-akademie-300x225.jpg 300w, https:\/\/womenhouse.cz\/wp-content\/uploads\/2022\/10\/PHOTO-I-01_myti-a-akademie-768x576.jpg 768w\" sizes=\"(max-width: 944px) 100vw, 944px\" \/><\/figure>\n\n\n\n<div style=\"height:11px\" aria-hidden=\"true\" class=\"wp-block-spacer\"><\/div>\n\n\n\n<h2 class=\"wp-block-heading\"><strong>Petra M\u011bchurov\u00e1<\/strong><\/h2>\n\n\n\n<p>Jako prvn\u00ed \u017eena na sv\u011bt\u011b z\u00edskala presti\u017en\u00ed mezin\u00e1rodn\u00ed ocen\u011bn\u00ed AIPP GRAND TROPHY. Jej\u00ed kari\u00e9ra je ozdoben\u00e1 celou \u0159adou cenn\u00fdch trofej\u00ed, skv\u011bl\u00fdch kade\u0159nick\u00fdch show, kter\u00fdmi inspirovala kade\u0159n\u00edky po cel\u00e9m sv\u011bt\u011b jako t\u0159eba v Anglii, Francii, Braz\u00edlii nebo v Argentin\u011b. Je dlouholet\u00fdm ambasadorem zna\u010dky L\u00b4Or\u00e9al Professionnel. V\u011bnuje se \u0161kolen\u00ed kade\u0159n\u00edk\u016f, \u010des\u00e1n\u00ed pro m\u00f3dn\u00ed n\u00e1vrh\u00e1\u0159e nebo \u010dasopisy, tvo\u0159\u00ed kolekce \u00fa\u010des\u016f, kter\u00e9 skl\u00edz\u00ed uzn\u00e1n\u00ed doma i ve sv\u011bt\u011b. Nejv\u011bt\u0161\u00ed \u00fasp\u011bch je ale jej\u00ed salon a skv\u011bl\u00fd t\u00fdm. Srde\u010dn\u00ed z\u00e1le\u017eitost\u00ed je hlavn\u011b jej\u00ed rodina.<\/p>\n\n\n\n<div style=\"height:11px\" aria-hidden=\"true\" class=\"wp-block-spacer\"><\/div>\n\n\n\n<figure class=\"wp-block-gallery columns-2 is-cropped wp-block-gallery-4 is-layout-flex wp-block-gallery-is-layout-flex\"><ul class=\"blocks-gallery-grid\"><li class=\"blocks-gallery-item\"><figure><img loading=\"lazy\" decoding=\"async\" width=\"1024\" height=\"768\" src=\"https:\/\/womenhouse.cz\/wp-content\/uploads\/2022\/10\/PHOTO-I-04_sedacka-a-recepce-1024x768.jpg\" alt=\"\" data-id=\"8431\" data-full-url=\"https:\/\/womenhouse.cz\/wp-content\/uploads\/2022\/10\/PHOTO-I-04_sedacka-a-recepce.jpg\" data-link=\"https:\/\/womenhouse.cz\/?attachment_id=8431\" class=\"wp-image-8431\" srcset=\"https:\/\/womenhouse.cz\/wp-content\/uploads\/2022\/10\/PHOTO-I-04_sedacka-a-recepce-1024x768.jpg 1024w, https:\/\/womenhouse.cz\/wp-content\/uploads\/2022\/10\/PHOTO-I-04_sedacka-a-recepce-300x225.jpg 300w, https:\/\/womenhouse.cz\/wp-content\/uploads\/2022\/10\/PHOTO-I-04_sedacka-a-recepce-768x576.jpg 768w, https:\/\/womenhouse.cz\/wp-content\/uploads\/2022\/10\/PHOTO-I-04_sedacka-a-recepce.jpg 1450w\" sizes=\"(max-width: 1024px) 100vw, 1024px\" \/><\/figure><\/li><li class=\"blocks-gallery-item\"><figure><img loading=\"lazy\" decoding=\"async\" width=\"1024\" height=\"768\" src=\"https:\/\/womenhouse.cz\/wp-content\/uploads\/2022\/10\/PHOTO-I-06_novy-salon-1024x768.jpg\" alt=\"\" data-id=\"8432\" data-full-url=\"https:\/\/womenhouse.cz\/wp-content\/uploads\/2022\/10\/PHOTO-I-06_novy-salon.jpg\" data-link=\"https:\/\/womenhouse.cz\/?attachment_id=8432\" class=\"wp-image-8432\" srcset=\"https:\/\/womenhouse.cz\/wp-content\/uploads\/2022\/10\/PHOTO-I-06_novy-salon-1024x768.jpg 1024w, https:\/\/womenhouse.cz\/wp-content\/uploads\/2022\/10\/PHOTO-I-06_novy-salon-300x225.jpg 300w, https:\/\/womenhouse.cz\/wp-content\/uploads\/2022\/10\/PHOTO-I-06_novy-salon-768x576.jpg 768w, https:\/\/womenhouse.cz\/wp-content\/uploads\/2022\/10\/PHOTO-I-06_novy-salon.jpg 1450w\" sizes=\"(max-width: 1024px) 100vw, 1024px\" \/><\/figure><\/li><\/ul><\/figure>\n\n\n\n<div style=\"height:1px\" aria-hidden=\"true\" class=\"wp-block-spacer\"><\/div>\n\n\n\n<p><strong>V\u00edce informac\u00ed na <a href=\"https:\/\/petramechurova.cz\/kolekce-2023\/\">petramechurova.cz\/kolekce-2023<\/a><\/strong><\/p>\n\n\n\n<div style=\"height:25px\" aria-hidden=\"true\" class=\"wp-block-spacer\"><\/div>\n\n\n\n<p><strong><a href=\"https:\/\/www.youtube.com\/watch?v=4Q8gSIvnURE\">GENERATION<u> OF LOVE <\/u>2022<u> &#8211; YouTube<\/u><\/a> a <a href=\"https:\/\/www.youtube.com\/shorts\/NpgYWALQA7w\">GENERATION OF LOVE 2022 &#8211; Backstage video &#8211; YouTube<\/a><\/strong><\/p>\n\n\n\n<div style=\"height:32px\" aria-hidden=\"true\" class=\"wp-block-spacer\"><\/div>\n\n\n\n<figure class=\"wp-block-embed is-type-video is-provider-youtube wp-block-embed-youtube wp-embed-aspect-16-9 wp-has-aspect-ratio\"><div class=\"wp-block-embed__wrapper\">\n<iframe loading=\"lazy\" title=\"GENERATION OF LOVE 2022 - Backstage video\" width=\"640\" height=\"360\" src=\"https:\/\/www.youtube.com\/embed\/NpgYWALQA7w?feature=oembed\" frameborder=\"0\" allow=\"accelerometer; autoplay; clipboard-write; encrypted-media; gyroscope; picture-in-picture\" allowfullscreen><\/iframe>\n<\/div><\/figure>\n\n\n\n<div style=\"height:9px\" aria-hidden=\"true\" class=\"wp-block-spacer\"><\/div>\n\n\n\n<p><strong>Zdroj foto a video: <\/strong>Salon Petra M\u011bchurov\u00e1<\/p>\n\n\n\n<div style=\"height:100px\" aria-hidden=\"true\" class=\"wp-block-spacer\"><\/div>\n","protected":false},"excerpt":{"rendered":"<p>Petra M\u011bchurov\u00e1 otev\u0159ela sv\u016fj prvn\u00ed kade\u0159nick\u00fd salon v\u00a0roce 2001 a v\u00a0sou\u010dasn\u00e9 dob\u011b m\u00e1 na kont\u011b \u0159adu presti\u017en\u00edch ocen\u011bn\u00ed. I to, kter\u00e9mu se p\u0159ezd\u00edv\u00e1 kade\u0159nick\u00fd Oscar neboli mezin\u00e1rodn\u00ed kade\u0159nick\u00e9 ocen\u011bn\u00ed AIPP Grand Trophy. Trendy v\u00a0\u00fa\u010desech v\u00a0nadch\u00e1zej\u00edc\u00ed sez\u00f3n\u011b prezentuje prost\u0159ednictv\u00edm vlasov\u00fdch kolekc\u00ed, kter\u00e9 vyd\u00e1v\u00e1 u\u017e od samotn\u00e9ho zalo\u017een\u00ed salonu. Kolekce p\u0159edstavuj\u00edc\u00ed vlasy pro rok 2023 nese n\u00e1zev [&hellip;]<\/p>\n","protected":false},"author":6,"featured_media":8426,"comment_status":"closed","ping_status":"closed","sticky":false,"template":"","format":"standard","meta":{"_mi_skip_tracking":false,"_monsterinsights_sitenote_active":false,"_monsterinsights_sitenote_note":"","_monsterinsights_sitenote_category":0,"footnotes":""},"categories":[25,9,4,2,17,12],"tags":[],"yoast_head":"<!-- This site is optimized with the Yoast SEO plugin v21.5 - https:\/\/yoast.com\/wordpress\/plugins\/seo\/ -->\n<title>Salon Petra M\u011bchurov\u00e1 p\u0159edstavuje novou vlasovou kolekci Generation of Love - WOMENHOUSE.cz<\/title>\n<meta name=\"robots\" content=\"index, follow, max-snippet:-1, max-image-preview:large, max-video-preview:-1\" \/>\n<link rel=\"canonical\" href=\"https:\/\/womenhouse.cz\/index.php\/2022\/10\/03\/salon-petra-mechurova-predstavuje-novou-vlasovou-kolekci-generation-of-love\/\" \/>\n<meta property=\"og:locale\" content=\"cs_CZ\" \/>\n<meta property=\"og:type\" content=\"article\" \/>\n<meta property=\"og:title\" content=\"Salon Petra M\u011bchurov\u00e1 p\u0159edstavuje novou vlasovou kolekci Generation of Love - WOMENHOUSE.cz\" \/>\n<meta property=\"og:description\" content=\"Petra M\u011bchurov\u00e1 otev\u0159ela sv\u016fj prvn\u00ed kade\u0159nick\u00fd salon v\u00a0roce 2001 a v\u00a0sou\u010dasn\u00e9 dob\u011b m\u00e1 na kont\u011b \u0159adu presti\u017en\u00edch ocen\u011bn\u00ed. I to, kter\u00e9mu se p\u0159ezd\u00edv\u00e1 kade\u0159nick\u00fd Oscar neboli mezin\u00e1rodn\u00ed kade\u0159nick\u00e9 ocen\u011bn\u00ed AIPP Grand Trophy. Trendy v\u00a0\u00fa\u010desech v\u00a0nadch\u00e1zej\u00edc\u00ed sez\u00f3n\u011b prezentuje prost\u0159ednictv\u00edm vlasov\u00fdch kolekc\u00ed, kter\u00e9 vyd\u00e1v\u00e1 u\u017e od samotn\u00e9ho zalo\u017een\u00ed salonu. Kolekce p\u0159edstavuj\u00edc\u00ed vlasy pro rok 2023 nese n\u00e1zev [&hellip;]\" \/>\n<meta property=\"og:url\" content=\"https:\/\/womenhouse.cz\/index.php\/2022\/10\/03\/salon-petra-mechurova-predstavuje-novou-vlasovou-kolekci-generation-of-love\/\" \/>\n<meta property=\"og:site_name\" content=\"WOMENHOUSE.cz\" \/>\n<meta property=\"article:publisher\" content=\"https:\/\/www.facebook.com\/womenhousecz\" \/>\n<meta property=\"article:published_time\" content=\"2022-10-03T09:56:54+00:00\" \/>\n<meta property=\"article:modified_time\" content=\"2022-11-23T15:16:15+00:00\" \/>\n<meta property=\"og:image\" content=\"https:\/\/womenhouse.cz\/wp-content\/uploads\/2022\/10\/PM-Generation-of-love-Ribalovi-nahled.jpg\" \/>\n\t<meta property=\"og:image:width\" content=\"1920\" \/>\n\t<meta property=\"og:image:height\" content=\"2055\" \/>\n\t<meta property=\"og:image:type\" content=\"image\/jpeg\" \/>\n<meta name=\"author\" content=\"Petra Kub\u00edkov\u00e1\" \/>\n<meta name=\"twitter:card\" content=\"summary_large_image\" \/>\n<meta name=\"twitter:label1\" content=\"Napsal(a)\" \/>\n\t<meta name=\"twitter:data1\" content=\"Petra Kub\u00edkov\u00e1\" \/>\n\t<meta name=\"twitter:label2\" content=\"Odhadovan\u00e1 doba \u010dten\u00ed\" \/>\n\t<meta name=\"twitter:data2\" content=\"2 minuty\" \/>\n<script type=\"application\/ld+json\" class=\"yoast-schema-graph\">{\"@context\":\"https:\/\/schema.org\",\"@graph\":[{\"@type\":\"Article\",\"@id\":\"https:\/\/womenhouse.cz\/index.php\/2022\/10\/03\/salon-petra-mechurova-predstavuje-novou-vlasovou-kolekci-generation-of-love\/#article\",\"isPartOf\":{\"@id\":\"https:\/\/womenhouse.cz\/index.php\/2022\/10\/03\/salon-petra-mechurova-predstavuje-novou-vlasovou-kolekci-generation-of-love\/\"},\"author\":{\"name\":\"Petra Kub\u00edkov\u00e1\",\"@id\":\"https:\/\/womenhouse.cz\/#\/schema\/person\/4a1fde0be3f0c5dd5006ba6dc68c7656\"},\"headline\":\"Salon Petra M\u011bchurov\u00e1 p\u0159edstavuje novou vlasovou kolekci Generation of Love\",\"datePublished\":\"2022-10-03T09:56:54+00:00\",\"dateModified\":\"2022-11-23T15:16:15+00:00\",\"mainEntityOfPage\":{\"@id\":\"https:\/\/womenhouse.cz\/index.php\/2022\/10\/03\/salon-petra-mechurova-predstavuje-novou-vlasovou-kolekci-generation-of-love\/\"},\"wordCount\":432,\"publisher\":{\"@id\":\"https:\/\/womenhouse.cz\/#organization\"},\"articleSection\":[\"FASHION\",\"KOSMETIKA\",\"M\u00f3DA\",\"NEWS\",\"SPOLE\u010cNOST &amp; VZTAHY\",\"TIPY &amp; TRENDY\"],\"inLanguage\":\"cs\"},{\"@type\":\"WebPage\",\"@id\":\"https:\/\/womenhouse.cz\/index.php\/2022\/10\/03\/salon-petra-mechurova-predstavuje-novou-vlasovou-kolekci-generation-of-love\/\",\"url\":\"https:\/\/womenhouse.cz\/index.php\/2022\/10\/03\/salon-petra-mechurova-predstavuje-novou-vlasovou-kolekci-generation-of-love\/\",\"name\":\"Salon Petra M\u011bchurov\u00e1 p\u0159edstavuje novou vlasovou kolekci Generation of Love - WOMENHOUSE.cz\",\"isPartOf\":{\"@id\":\"https:\/\/womenhouse.cz\/#website\"},\"datePublished\":\"2022-10-03T09:56:54+00:00\",\"dateModified\":\"2022-11-23T15:16:15+00:00\",\"breadcrumb\":{\"@id\":\"https:\/\/womenhouse.cz\/index.php\/2022\/10\/03\/salon-petra-mechurova-predstavuje-novou-vlasovou-kolekci-generation-of-love\/#breadcrumb\"},\"inLanguage\":\"cs\",\"potentialAction\":[{\"@type\":\"ReadAction\",\"target\":[\"https:\/\/womenhouse.cz\/index.php\/2022\/10\/03\/salon-petra-mechurova-predstavuje-novou-vlasovou-kolekci-generation-of-love\/\"]}]},{\"@type\":\"BreadcrumbList\",\"@id\":\"https:\/\/womenhouse.cz\/index.php\/2022\/10\/03\/salon-petra-mechurova-predstavuje-novou-vlasovou-kolekci-generation-of-love\/#breadcrumb\",\"itemListElement\":[{\"@type\":\"ListItem\",\"position\":1,\"name\":\"Dom\u016f\",\"item\":\"https:\/\/womenhouse.cz\/\"},{\"@type\":\"ListItem\",\"position\":2,\"name\":\"Salon Petra M\u011bchurov\u00e1 p\u0159edstavuje novou vlasovou kolekci Generation of Love\"}]},{\"@type\":\"WebSite\",\"@id\":\"https:\/\/womenhouse.cz\/#website\",\"url\":\"https:\/\/womenhouse.cz\/\",\"name\":\"WOMENHOUSE.cz\",\"description\":\"Port\u00e1l v\u00fdhradn\u011b jen pro \u017eeny...\",\"publisher\":{\"@id\":\"https:\/\/womenhouse.cz\/#organization\"},\"potentialAction\":[{\"@type\":\"SearchAction\",\"target\":{\"@type\":\"EntryPoint\",\"urlTemplate\":\"https:\/\/womenhouse.cz\/?s={search_term_string}\"},\"query-input\":\"required name=search_term_string\"}],\"inLanguage\":\"cs\"},{\"@type\":\"Organization\",\"@id\":\"https:\/\/womenhouse.cz\/#organization\",\"name\":\"WOMENHOUSE.cz\",\"url\":\"https:\/\/womenhouse.cz\/\",\"logo\":{\"@type\":\"ImageObject\",\"inLanguage\":\"cs\",\"@id\":\"https:\/\/womenhouse.cz\/#\/schema\/logo\/image\/\",\"url\":\"https:\/\/womenhouse.cz\/wp-content\/uploads\/2020\/06\/cropped-logo_Womenhouse_RGB-02-removebg-preview-1.png\",\"contentUrl\":\"https:\/\/womenhouse.cz\/wp-content\/uploads\/2020\/06\/cropped-logo_Womenhouse_RGB-02-removebg-preview-1.png\",\"width\":561,\"height\":375,\"caption\":\"WOMENHOUSE.cz\"},\"image\":{\"@id\":\"https:\/\/womenhouse.cz\/#\/schema\/logo\/image\/\"},\"sameAs\":[\"https:\/\/www.facebook.com\/womenhousecz\",\"https:\/\/www.instagram.com\/womenhousecz\/\"]},{\"@type\":\"Person\",\"@id\":\"https:\/\/womenhouse.cz\/#\/schema\/person\/4a1fde0be3f0c5dd5006ba6dc68c7656\",\"name\":\"Petra Kub\u00edkov\u00e1\",\"sameAs\":[\"http:\/\/WOMENHOUSE.cz\"],\"url\":\"https:\/\/womenhouse.cz\/index.php\/author\/kubip\/\"}]}<\/script>\n<!-- \/ Yoast SEO plugin. -->","yoast_head_json":{"title":"Salon Petra M\u011bchurov\u00e1 p\u0159edstavuje novou vlasovou kolekci Generation of Love - WOMENHOUSE.cz","robots":{"index":"index","follow":"follow","max-snippet":"max-snippet:-1","max-image-preview":"max-image-preview:large","max-video-preview":"max-video-preview:-1"},"canonical":"https:\/\/womenhouse.cz\/index.php\/2022\/10\/03\/salon-petra-mechurova-predstavuje-novou-vlasovou-kolekci-generation-of-love\/","og_locale":"cs_CZ","og_type":"article","og_title":"Salon Petra M\u011bchurov\u00e1 p\u0159edstavuje novou vlasovou kolekci Generation of Love - WOMENHOUSE.cz","og_description":"Petra M\u011bchurov\u00e1 otev\u0159ela sv\u016fj prvn\u00ed kade\u0159nick\u00fd salon v\u00a0roce 2001 a v\u00a0sou\u010dasn\u00e9 dob\u011b m\u00e1 na kont\u011b \u0159adu presti\u017en\u00edch ocen\u011bn\u00ed. I to, kter\u00e9mu se p\u0159ezd\u00edv\u00e1 kade\u0159nick\u00fd Oscar neboli mezin\u00e1rodn\u00ed kade\u0159nick\u00e9 ocen\u011bn\u00ed AIPP Grand Trophy. Trendy v\u00a0\u00fa\u010desech v\u00a0nadch\u00e1zej\u00edc\u00ed sez\u00f3n\u011b prezentuje prost\u0159ednictv\u00edm vlasov\u00fdch kolekc\u00ed, kter\u00e9 vyd\u00e1v\u00e1 u\u017e od samotn\u00e9ho zalo\u017een\u00ed salonu. Kolekce p\u0159edstavuj\u00edc\u00ed vlasy pro rok 2023 nese n\u00e1zev [&hellip;]","og_url":"https:\/\/womenhouse.cz\/index.php\/2022\/10\/03\/salon-petra-mechurova-predstavuje-novou-vlasovou-kolekci-generation-of-love\/","og_site_name":"WOMENHOUSE.cz","article_publisher":"https:\/\/www.facebook.com\/womenhousecz","article_published_time":"2022-10-03T09:56:54+00:00","article_modified_time":"2022-11-23T15:16:15+00:00","og_image":[{"width":1920,"height":2055,"url":"https:\/\/womenhouse.cz\/wp-content\/uploads\/2022\/10\/PM-Generation-of-love-Ribalovi-nahled.jpg","type":"image\/jpeg"}],"author":"Petra Kub\u00edkov\u00e1","twitter_card":"summary_large_image","twitter_misc":{"Napsal(a)":"Petra Kub\u00edkov\u00e1","Odhadovan\u00e1 doba \u010dten\u00ed":"2 minuty"},"schema":{"@context":"https:\/\/schema.org","@graph":[{"@type":"Article","@id":"https:\/\/womenhouse.cz\/index.php\/2022\/10\/03\/salon-petra-mechurova-predstavuje-novou-vlasovou-kolekci-generation-of-love\/#article","isPartOf":{"@id":"https:\/\/womenhouse.cz\/index.php\/2022\/10\/03\/salon-petra-mechurova-predstavuje-novou-vlasovou-kolekci-generation-of-love\/"},"author":{"name":"Petra Kub\u00edkov\u00e1","@id":"https:\/\/womenhouse.cz\/#\/schema\/person\/4a1fde0be3f0c5dd5006ba6dc68c7656"},"headline":"Salon Petra M\u011bchurov\u00e1 p\u0159edstavuje novou vlasovou kolekci Generation of Love","datePublished":"2022-10-03T09:56:54+00:00","dateModified":"2022-11-23T15:16:15+00:00","mainEntityOfPage":{"@id":"https:\/\/womenhouse.cz\/index.php\/2022\/10\/03\/salon-petra-mechurova-predstavuje-novou-vlasovou-kolekci-generation-of-love\/"},"wordCount":432,"publisher":{"@id":"https:\/\/womenhouse.cz\/#organization"},"articleSection":["FASHION","KOSMETIKA","M\u00f3DA","NEWS","SPOLE\u010cNOST &amp; VZTAHY","TIPY &amp; TRENDY"],"inLanguage":"cs"},{"@type":"WebPage","@id":"https:\/\/womenhouse.cz\/index.php\/2022\/10\/03\/salon-petra-mechurova-predstavuje-novou-vlasovou-kolekci-generation-of-love\/","url":"https:\/\/womenhouse.cz\/index.php\/2022\/10\/03\/salon-petra-mechurova-predstavuje-novou-vlasovou-kolekci-generation-of-love\/","name":"Salon Petra M\u011bchurov\u00e1 p\u0159edstavuje novou vlasovou kolekci Generation of Love - WOMENHOUSE.cz","isPartOf":{"@id":"https:\/\/womenhouse.cz\/#website"},"datePublished":"2022-10-03T09:56:54+00:00","dateModified":"2022-11-23T15:16:15+00:00","breadcrumb":{"@id":"https:\/\/womenhouse.cz\/index.php\/2022\/10\/03\/salon-petra-mechurova-predstavuje-novou-vlasovou-kolekci-generation-of-love\/#breadcrumb"},"inLanguage":"cs","potentialAction":[{"@type":"ReadAction","target":["https:\/\/womenhouse.cz\/index.php\/2022\/10\/03\/salon-petra-mechurova-predstavuje-novou-vlasovou-kolekci-generation-of-love\/"]}]},{"@type":"BreadcrumbList","@id":"https:\/\/womenhouse.cz\/index.php\/2022\/10\/03\/salon-petra-mechurova-predstavuje-novou-vlasovou-kolekci-generation-of-love\/#breadcrumb","itemListElement":[{"@type":"ListItem","position":1,"name":"Dom\u016f","item":"https:\/\/womenhouse.cz\/"},{"@type":"ListItem","position":2,"name":"Salon Petra M\u011bchurov\u00e1 p\u0159edstavuje novou vlasovou kolekci Generation of Love"}]},{"@type":"WebSite","@id":"https:\/\/womenhouse.cz\/#website","url":"https:\/\/womenhouse.cz\/","name":"WOMENHOUSE.cz","description":"Port\u00e1l v\u00fdhradn\u011b jen pro \u017eeny...","publisher":{"@id":"https:\/\/womenhouse.cz\/#organization"},"potentialAction":[{"@type":"SearchAction","target":{"@type":"EntryPoint","urlTemplate":"https:\/\/womenhouse.cz\/?s={search_term_string}"},"query-input":"required name=search_term_string"}],"inLanguage":"cs"},{"@type":"Organization","@id":"https:\/\/womenhouse.cz\/#organization","name":"WOMENHOUSE.cz","url":"https:\/\/womenhouse.cz\/","logo":{"@type":"ImageObject","inLanguage":"cs","@id":"https:\/\/womenhouse.cz\/#\/schema\/logo\/image\/","url":"https:\/\/womenhouse.cz\/wp-content\/uploads\/2020\/06\/cropped-logo_Womenhouse_RGB-02-removebg-preview-1.png","contentUrl":"https:\/\/womenhouse.cz\/wp-content\/uploads\/2020\/06\/cropped-logo_Womenhouse_RGB-02-removebg-preview-1.png","width":561,"height":375,"caption":"WOMENHOUSE.cz"},"image":{"@id":"https:\/\/womenhouse.cz\/#\/schema\/logo\/image\/"},"sameAs":["https:\/\/www.facebook.com\/womenhousecz","https:\/\/www.instagram.com\/womenhousecz\/"]},{"@type":"Person","@id":"https:\/\/womenhouse.cz\/#\/schema\/person\/4a1fde0be3f0c5dd5006ba6dc68c7656","name":"Petra Kub\u00edkov\u00e1","sameAs":["http:\/\/WOMENHOUSE.cz"],"url":"https:\/\/womenhouse.cz\/index.php\/author\/kubip\/"}]}},"_links":{"self":[{"href":"https:\/\/womenhouse.cz\/index.php\/wp-json\/wp\/v2\/posts\/8421"}],"collection":[{"href":"https:\/\/womenhouse.cz\/index.php\/wp-json\/wp\/v2\/posts"}],"about":[{"href":"https:\/\/womenhouse.cz\/index.php\/wp-json\/wp\/v2\/types\/post"}],"author":[{"embeddable":true,"href":"https:\/\/womenhouse.cz\/index.php\/wp-json\/wp\/v2\/users\/6"}],"replies":[{"embeddable":true,"href":"https:\/\/womenhouse.cz\/index.php\/wp-json\/wp\/v2\/comments?post=8421"}],"version-history":[{"count":-4,"href":"https:\/\/womenhouse.cz\/index.php\/wp-json\/wp\/v2\/posts\/8421\/revisions"}],"wp:featuredmedia":[{"embeddable":true,"href":"https:\/\/womenhouse.cz\/index.php\/wp-json\/wp\/v2\/media\/8426"}],"wp:attachment":[{"href":"https:\/\/womenhouse.cz\/index.php\/wp-json\/wp\/v2\/media?parent=8421"}],"wp:term":[{"taxonomy":"category","embeddable":true,"href":"https:\/\/womenhouse.cz\/index.php\/wp-json\/wp\/v2\/categories?post=8421"},{"taxonomy":"post_tag","embeddable":true,"href":"https:\/\/womenhouse.cz\/index.php\/wp-json\/wp\/v2\/tags?post=8421"}],"curies":[{"name":"wp","href":"https:\/\/api.w.org\/{rel}","templated":true}]}}