{"id":8418,"date":"2022-10-02T23:18:29","date_gmt":"2022-10-02T21:18:29","guid":{"rendered":"https:\/\/womenhouse.cz\/?p=8418"},"modified":"2022-10-08T10:48:41","modified_gmt":"2022-10-08T08:48:41","slug":"pozvanka-na-autogramiadu-markety-lukaskove-4-10-na-letne","status":"publish","type":"post","link":"https:\/\/womenhouse.cz\/index.php\/2022\/10\/02\/pozvanka-na-autogramiadu-markety-lukaskove-4-10-na-letne\/","title":{"rendered":"Pozv\u00e1nka: Na autogrami\u00e1du Mark\u00e9ty Luk\u00e1\u0161kov\u00e9 4.10. na Letn\u00e9"},"content":{"rendered":"\n<div style=\"height:33px\" aria-hidden=\"true\" class=\"wp-block-spacer\"><\/div>\n\n\n\n<p><strong>Zveme v\u0161echny milovn\u00edky knih na autogrami\u00e1du spisovatelky Mark\u00e9ty Luk\u00e1\u0161kov\u00e9. <\/strong><\/p>\n\n\n\n<p><strong>Mark\u00e9ta bude podepisovat svoji pr\u00e1v\u011b vydanou knihu Co v\u00e1s v&nbsp;d\u011bj\u00e1ku nenau\u010dili v&nbsp;\u00fater\u00fd 4.10. od 17:00 hod. v&nbsp;knihkupectv\u00ed Kosmas, Veverkova 16, Praha 7. &nbsp;<\/strong><\/p>\n\n\n\n<div style=\"height:21px\" aria-hidden=\"true\" class=\"wp-block-spacer\"><\/div>\n\n\n\n<div class=\"wp-block-image\"><figure class=\"aligncenter size-large\"><img decoding=\"async\" src=\"https:\/\/bookhouse.cz\/wp-content\/uploads\/2022\/10\/co-vas-v-dejaku-nenaucili_TTL-1024x778.jpg\" alt=\"\" class=\"wp-image-3791\"\/><\/figure><\/div>\n\n\n\n<div style=\"height:21px\" aria-hidden=\"true\" class=\"wp-block-spacer\"><\/div>\n\n\n\n<p><strong>CO OSNOVY D\u011aJEPISU NA Z\u00c1KLADCE OPOMINULY, TO DOPL\u0147UJE MARK\u00c9TA LUK\u00c1\u0160KOV\u00c1 V&nbsp;KNIZE \u201eCO V\u00c1S V&nbsp;D\u011aJ\u00c1KU NENAU\u010cILI\u201c<\/strong><\/p>\n\n\n\n<p><strong>V nakladatelstv\u00ed Motto vych\u00e1z\u00ed kniha <a href=\"https:\/\/www.albatrosmedia.cz\/tituly\/81650138\/co-vas-v-dejaku-nenaucili\/\">Co v\u00e1s v&nbsp;d\u011bj\u00e1ku nenau\u010dili<\/a> (399 K\u010d). Renomovan\u00e1 autorka Mark\u00e9ta Luk\u00e1\u0161kov\u00e1 se v&nbsp;n\u00ed vyd\u00e1v\u00e1 zcela jinou cestou, ne\u017e ve sv\u00fdch p\u0159ede\u0161l\u00fdch knih\u00e1ch. Sna\u017e\u00ed se vyplnit mezeru, kterou m\u00e1me ve znalostech na\u0161\u00ed novodob\u00e9 historie. Ud\u00e1losti let 1948 \u2013 1989 byly d\u0159\u00edv\u011b zkreslen\u00e9, nikdy objektivn\u011b nevysv\u011btlen\u00e9 a pozd\u011bji na hodin\u00e1ch d\u011bjepisu jsme jimi vlastn\u011b jen tak prol\u00e9tli. Jen\u017ee pr\u00e1v\u011b to, co n\u00e1s v&nbsp;d\u011bj\u00e1ku nenau\u010dili, ovlivnilo na\u0161e \u017eivoty nejv\u00edc.<\/strong><\/p>\n\n\n\n<p>Pamatujete na \u0161koln\u00ed d\u011bjepis? Obvykle kon\u010dil druhou sv\u011btovou. A p\u0159itom to, co n\u00e1sledovalo, m\u011blo a m\u00e1 na na\u0161e \u017eivoty z\u00e1sadn\u00ed dopad. Jak se komunist\u00e9 dostali k moci, \u017ee propaganda byla i v seri\u00e1lech, \u017ee politika do sportu bohu\u017eel v\u017edycky pat\u0159ila nebo \u017ee lid\u00e9 ut\u00edkali ze zem\u011b v nafukovac\u00edm balonu. Ne\u010dekejte hromadu dat, ale skute\u010dn\u00e9 p\u0159\u00edb\u011bhy i n\u00e1ladu tehdej\u0161\u00ed doby. Oboj\u00ed je d\u016fle\u017eit\u00e9 zn\u00e1t, proto\u017ee n\u00e1rod, kter\u00fd nezn\u00e1 svou historii, je odsouzen k tomu ji opakovat.<\/p>\n\n\n\n<div style=\"height:21px\" aria-hidden=\"true\" class=\"wp-block-spacer\"><\/div>\n\n\n\n<div class=\"wp-block-image\"><figure class=\"aligncenter size-large\"><img decoding=\"async\" src=\"https:\/\/bookhouse.cz\/wp-content\/uploads\/2022\/10\/co-vas-v-dejaku-nenaucili--724x1024.jpg\" alt=\"\" class=\"wp-image-3792\"\/><\/figure><\/div>\n\n\n\n<div style=\"height:21px\" aria-hidden=\"true\" class=\"wp-block-spacer\"><\/div>\n\n\n\n<p>Kniha vznikla podle Mark\u00e9tinapodcastu <em><strong>P\u0159\u00edb\u011bh, kter\u00fd se opravdu stal.<\/strong><\/em> V&nbsp;knize, kter\u00e1 je rozd\u011blena do dek\u00e1d, od n\u00e1stupu komunist\u016f a\u017e po sametovou revoluci, se j\u00ed poda\u0159ilo historick\u00e9 mezn\u00edky neform\u00e1ln\u011b p\u0159evypr\u00e1v\u011bt. P\u0159idala zaj\u00edmav\u00e9 a\u017e kuri\u00f3zn\u00ed ud\u00e1losti, se kter\u00fdm v&nbsp;jednotliv\u00fdch dek\u00e1d\u00e1ch do\u0161lo, p\u0159\u00edb\u011bh ze sportovn\u00ed oblasti, fakta o tom, jak se lidem v&nbsp;t\u00e9 dob\u011b \u017eilo \u2013 jak bydleli, jak slavili, nebo byli nuceni slavit st\u00e1tn\u00ed sv\u00e1tky, jak ani piln\u011b pracuj\u00edc\u00ed lid\u00e9 si t\u011b\u017eko mohli zaj\u00edt do Tuzexu a jak bez dobr\u00fdch styk\u016f a \u0161ikovn\u011b p\u0159edan\u00e9mu \u00faplatku t\u00e9 spr\u00e1vn\u00e9 osob\u011b lid\u00e9 na pra\u010dku \u010di televizi \u010dekali a\u017e do d\u016fchodu. Samostatnou \u010d\u00e1st knihy tvo\u0159\u00ed \u201ep\u0159\u00edb\u011bhy, kter\u00e9 se skute\u010dn\u011b staly\u201c. Jsou to rozhovory s&nbsp;osmi pam\u011btn\u00edky, v\u010detn\u011b sv\u011bdkyn\u011b \u010d\u00edho\u0161\u0165sk\u00e9ho z\u00e1zraku, b\u00fdval\u00e9ho \u010dlena Lidov\u00fdch milic, pan\u00ed, jej\u00ed\u017e \u0161vagr emigroval a cel\u00e1 rodina pak \u010delila n\u00e1sledk\u016fm jeho kroku, \u017eeny, jej\u00edho\u017e otce komunist\u00e9 u\u0161tvali k&nbsp;smrti, p\u00e1na, jeho\u017e rodina byla donucena vstoupit do JZD, nebo mu\u017ee, kter\u00fd byl v&nbsp;kontaktu se \u0161umavsk\u00fdmi p\u0159evad\u011b\u010di p\u0159es hranice. Prost\u0159ednictv\u00edm t\u011bchto z\u00e1bavn\u011b p\u0159evypr\u00e1v\u011bn\u00fdch dobov\u00fdch miln\u00edk\u016f si na sv\u00e9 p\u0159ijdou i zku\u0161en\u00ed znalci d\u011bjepisu<\/p>\n\n\n\n<p>A co je hlavn\u00ed p\u0159\u00e1n\u00ed autorky a s&nbsp;\u010d\u00edm vlastn\u011b do naps\u00e1n\u00ed t\u00e9to knihy \u0161la? <em>\u201ePokud tahle kn\u00ed\u017eka zp\u016fsob\u00ed, \u017ee si za\u010dnete googlit jednoliv\u00e9 ud\u00e1losti, jm\u00e9na, zhl\u00e9dnete n\u011bjak\u00e9 dokumenty, filmy \u010di seri\u00e1ly a v&nbsp;hospodsk\u00e9 debat\u011b zaz\u00e1\u0159\u00edte znalostmi nav\u00edc, budu nad\u0161en\u00e1. Pokud v\u00e1m to t\u0159eba pom\u016f\u017ee pochopit chov\u00e1n\u00ed lid\u00ed, to, jak to u n\u00e1s funguje, nebo pro\u010d n\u011bco naopak nem\u016f\u017ee fungovat tak jako v&nbsp;jin\u00fdch zem\u00edch v&nbsp;Evrop\u011b, budu \u0161t\u011bst\u00edm bez sebe.\u201c<\/em><\/p>\n\n\n\n<h3 class=\"wp-block-heading\"><strong>Mark\u00e9ta Luk\u00e1\u0161kov\u00e1 (19. \u010dervence 1988)<\/strong><\/h3>\n\n\n\n<p>Mark\u00e9ta Luk\u00e1\u0161kov\u00e1 poch\u00e1z\u00ed z \u010cesk\u00fdch Bud\u011bjovic. P\u016fsobila jako redaktorka \u010dasopis\u016f T\u00fdden, Maxim, Faktor S, vedla Reflex.cz. Se svou prvotinou&nbsp;<em>Losos v kalu\u017ei<\/em>&nbsp;objela republiku v r\u00e1mci divadeln\u00edho projektu Listov\u00e1n\u00ed a napsala podle n\u00ed sc\u00e9n\u00e1\u0159, kter\u00fd \u010dek\u00e1 na filmov\u00e9 zpracov\u00e1n\u00ed. N\u00e1sledovaly knihy&nbsp;<em>Panda v nesn\u00e1z\u00edch<\/em>,&nbsp;<em>InTyMn\u011b<\/em>&nbsp;a&nbsp;<em>Vla\u0161tovka v bublin\u011b<\/em>&nbsp;a&nbsp;<em>Majon\u00e9za k sn\u00eddani<\/em>. Na podzim roku 2020 za\u010dala publikovat popul\u00e1rn\u00ed podcast&nbsp;<em>P\u0159\u00edb\u011bh, kter\u00fd se opravdu stal<\/em>&nbsp;p\u0159in\u00e1\u0161ej\u00edc\u00ed m\u00e9n\u011b zn\u00e1m\u00e9 epizody z \u010desk\u00fdch i sv\u011btov\u00fdch d\u011bjin.<\/p>\n\n\n\n<div style=\"height:100px\" aria-hidden=\"true\" class=\"wp-block-spacer\"><\/div>\n","protected":false},"excerpt":{"rendered":"<p>Zveme v\u0161echny milovn\u00edky knih na autogrami\u00e1du spisovatelky Mark\u00e9ty Luk\u00e1\u0161kov\u00e9. Mark\u00e9ta bude podepisovat svoji pr\u00e1v\u011b vydanou knihu Co v\u00e1s v&nbsp;d\u011bj\u00e1ku nenau\u010dili v&nbsp;\u00fater\u00fd 4.10. od 17:00 hod. v&nbsp;knihkupectv\u00ed Kosmas, Veverkova 16, Praha 7. &nbsp; CO OSNOVY D\u011aJEPISU NA Z\u00c1KLADCE OPOMINULY, TO DOPL\u0147UJE MARK\u00c9TA LUK\u00c1\u0160KOV\u00c1 V&nbsp;KNIZE \u201eCO V\u00c1S V&nbsp;D\u011aJ\u00c1KU NENAU\u010cILI\u201c V nakladatelstv\u00ed Motto vych\u00e1z\u00ed kniha Co v\u00e1s v&nbsp;d\u011bj\u00e1ku [&hellip;]<\/p>\n","protected":false},"author":2,"featured_media":8419,"comment_status":"closed","ping_status":"closed","sticky":false,"template":"","format":"standard","meta":{"_mi_skip_tracking":false,"_monsterinsights_sitenote_active":false,"_monsterinsights_sitenote_note":"","_monsterinsights_sitenote_category":0,"footnotes":""},"categories":[21,19,2,17,12],"tags":[],"yoast_head":"<!-- This site is optimized with the Yoast SEO plugin v21.5 - https:\/\/yoast.com\/wordpress\/plugins\/seo\/ -->\n<title>Pozv\u00e1nka: Na autogrami\u00e1du Mark\u00e9ty Luk\u00e1\u0161kov\u00e9 4.10. na Letn\u00e9 - WOMENHOUSE.cz<\/title>\n<meta name=\"robots\" content=\"index, follow, max-snippet:-1, max-image-preview:large, max-video-preview:-1\" \/>\n<link rel=\"canonical\" href=\"https:\/\/womenhouse.cz\/index.php\/2022\/10\/02\/pozvanka-na-autogramiadu-markety-lukaskove-4-10-na-letne\/\" \/>\n<meta property=\"og:locale\" content=\"cs_CZ\" \/>\n<meta property=\"og:type\" content=\"article\" \/>\n<meta property=\"og:title\" content=\"Pozv\u00e1nka: Na autogrami\u00e1du Mark\u00e9ty Luk\u00e1\u0161kov\u00e9 4.10. na Letn\u00e9 - WOMENHOUSE.cz\" \/>\n<meta property=\"og:description\" content=\"Zveme v\u0161echny milovn\u00edky knih na autogrami\u00e1du spisovatelky Mark\u00e9ty Luk\u00e1\u0161kov\u00e9. Mark\u00e9ta bude podepisovat svoji pr\u00e1v\u011b vydanou knihu Co v\u00e1s v&nbsp;d\u011bj\u00e1ku nenau\u010dili v&nbsp;\u00fater\u00fd 4.10. od 17:00 hod. v&nbsp;knihkupectv\u00ed Kosmas, Veverkova 16, Praha 7. &nbsp; CO OSNOVY D\u011aJEPISU NA Z\u00c1KLADCE OPOMINULY, TO DOPL\u0147UJE MARK\u00c9TA LUK\u00c1\u0160KOV\u00c1 V&nbsp;KNIZE \u201eCO V\u00c1S V&nbsp;D\u011aJ\u00c1KU NENAU\u010cILI\u201c V nakladatelstv\u00ed Motto vych\u00e1z\u00ed kniha Co v\u00e1s v&nbsp;d\u011bj\u00e1ku [&hellip;]\" \/>\n<meta property=\"og:url\" content=\"https:\/\/womenhouse.cz\/index.php\/2022\/10\/02\/pozvanka-na-autogramiadu-markety-lukaskove-4-10-na-letne\/\" \/>\n<meta property=\"og:site_name\" content=\"WOMENHOUSE.cz\" \/>\n<meta property=\"article:publisher\" content=\"https:\/\/www.facebook.com\/womenhousecz\" \/>\n<meta property=\"article:published_time\" content=\"2022-10-02T21:18:29+00:00\" \/>\n<meta property=\"article:modified_time\" content=\"2022-10-08T08:48:41+00:00\" \/>\n<meta property=\"og:image\" content=\"https:\/\/womenhouse.cz\/wp-content\/uploads\/2022\/10\/co-vas-v-dejaku-nenaucili_TTL.jpg\" \/>\n\t<meta property=\"og:image:width\" content=\"1450\" \/>\n\t<meta property=\"og:image:height\" content=\"1101\" \/>\n\t<meta property=\"og:image:type\" content=\"image\/jpeg\" \/>\n<meta name=\"author\" content=\"Jolana Hol\u00e1\u0148ov\u00e1\" \/>\n<meta name=\"twitter:card\" content=\"summary_large_image\" \/>\n<meta name=\"twitter:label1\" content=\"Napsal(a)\" \/>\n\t<meta name=\"twitter:data1\" content=\"Jolana Hol\u00e1\u0148ov\u00e1\" \/>\n\t<meta name=\"twitter:label2\" content=\"Odhadovan\u00e1 doba \u010dten\u00ed\" \/>\n\t<meta name=\"twitter:data2\" content=\"4 minuty\" \/>\n<script type=\"application\/ld+json\" class=\"yoast-schema-graph\">{\"@context\":\"https:\/\/schema.org\",\"@graph\":[{\"@type\":\"Article\",\"@id\":\"https:\/\/womenhouse.cz\/index.php\/2022\/10\/02\/pozvanka-na-autogramiadu-markety-lukaskove-4-10-na-letne\/#article\",\"isPartOf\":{\"@id\":\"https:\/\/womenhouse.cz\/index.php\/2022\/10\/02\/pozvanka-na-autogramiadu-markety-lukaskove-4-10-na-letne\/\"},\"author\":{\"name\":\"Jolana Hol\u00e1\u0148ov\u00e1\",\"@id\":\"https:\/\/womenhouse.cz\/#\/schema\/person\/541326101f8d68c711e83e8fecc80738\"},\"headline\":\"Pozv\u00e1nka: Na autogrami\u00e1du Mark\u00e9ty Luk\u00e1\u0161kov\u00e9 4.10. na Letn\u00e9\",\"datePublished\":\"2022-10-02T21:18:29+00:00\",\"dateModified\":\"2022-10-08T08:48:41+00:00\",\"mainEntityOfPage\":{\"@id\":\"https:\/\/womenhouse.cz\/index.php\/2022\/10\/02\/pozvanka-na-autogramiadu-markety-lukaskove-4-10-na-letne\/\"},\"wordCount\":755,\"publisher\":{\"@id\":\"https:\/\/womenhouse.cz\/#organization\"},\"articleSection\":[\"AKCE &amp; KULTURA\",\"KNIHY &amp; \u010cASOPISY\",\"NEWS\",\"SPOLE\u010cNOST &amp; VZTAHY\",\"TIPY &amp; TRENDY\"],\"inLanguage\":\"cs\"},{\"@type\":\"WebPage\",\"@id\":\"https:\/\/womenhouse.cz\/index.php\/2022\/10\/02\/pozvanka-na-autogramiadu-markety-lukaskove-4-10-na-letne\/\",\"url\":\"https:\/\/womenhouse.cz\/index.php\/2022\/10\/02\/pozvanka-na-autogramiadu-markety-lukaskove-4-10-na-letne\/\",\"name\":\"Pozv\u00e1nka: Na autogrami\u00e1du Mark\u00e9ty Luk\u00e1\u0161kov\u00e9 4.10. na Letn\u00e9 - WOMENHOUSE.cz\",\"isPartOf\":{\"@id\":\"https:\/\/womenhouse.cz\/#website\"},\"datePublished\":\"2022-10-02T21:18:29+00:00\",\"dateModified\":\"2022-10-08T08:48:41+00:00\",\"breadcrumb\":{\"@id\":\"https:\/\/womenhouse.cz\/index.php\/2022\/10\/02\/pozvanka-na-autogramiadu-markety-lukaskove-4-10-na-letne\/#breadcrumb\"},\"inLanguage\":\"cs\",\"potentialAction\":[{\"@type\":\"ReadAction\",\"target\":[\"https:\/\/womenhouse.cz\/index.php\/2022\/10\/02\/pozvanka-na-autogramiadu-markety-lukaskove-4-10-na-letne\/\"]}]},{\"@type\":\"BreadcrumbList\",\"@id\":\"https:\/\/womenhouse.cz\/index.php\/2022\/10\/02\/pozvanka-na-autogramiadu-markety-lukaskove-4-10-na-letne\/#breadcrumb\",\"itemListElement\":[{\"@type\":\"ListItem\",\"position\":1,\"name\":\"Dom\u016f\",\"item\":\"https:\/\/womenhouse.cz\/\"},{\"@type\":\"ListItem\",\"position\":2,\"name\":\"Pozv\u00e1nka: Na autogrami\u00e1du Mark\u00e9ty Luk\u00e1\u0161kov\u00e9 4.10. na Letn\u00e9\"}]},{\"@type\":\"WebSite\",\"@id\":\"https:\/\/womenhouse.cz\/#website\",\"url\":\"https:\/\/womenhouse.cz\/\",\"name\":\"WOMENHOUSE.cz\",\"description\":\"Port\u00e1l v\u00fdhradn\u011b jen pro \u017eeny...\",\"publisher\":{\"@id\":\"https:\/\/womenhouse.cz\/#organization\"},\"potentialAction\":[{\"@type\":\"SearchAction\",\"target\":{\"@type\":\"EntryPoint\",\"urlTemplate\":\"https:\/\/womenhouse.cz\/?s={search_term_string}\"},\"query-input\":\"required name=search_term_string\"}],\"inLanguage\":\"cs\"},{\"@type\":\"Organization\",\"@id\":\"https:\/\/womenhouse.cz\/#organization\",\"name\":\"WOMENHOUSE.cz\",\"url\":\"https:\/\/womenhouse.cz\/\",\"logo\":{\"@type\":\"ImageObject\",\"inLanguage\":\"cs\",\"@id\":\"https:\/\/womenhouse.cz\/#\/schema\/logo\/image\/\",\"url\":\"https:\/\/womenhouse.cz\/wp-content\/uploads\/2020\/06\/cropped-logo_Womenhouse_RGB-02-removebg-preview-1.png\",\"contentUrl\":\"https:\/\/womenhouse.cz\/wp-content\/uploads\/2020\/06\/cropped-logo_Womenhouse_RGB-02-removebg-preview-1.png\",\"width\":561,\"height\":375,\"caption\":\"WOMENHOUSE.cz\"},\"image\":{\"@id\":\"https:\/\/womenhouse.cz\/#\/schema\/logo\/image\/\"},\"sameAs\":[\"https:\/\/www.facebook.com\/womenhousecz\",\"https:\/\/www.instagram.com\/womenhousecz\/\"]},{\"@type\":\"Person\",\"@id\":\"https:\/\/womenhouse.cz\/#\/schema\/person\/541326101f8d68c711e83e8fecc80738\",\"name\":\"Jolana Hol\u00e1\u0148ov\u00e1\",\"sameAs\":[\"http:\/\/www.womenhouse.cz\"],\"url\":\"https:\/\/womenhouse.cz\/index.php\/author\/jolhol\/\"}]}<\/script>\n<!-- \/ Yoast SEO plugin. -->","yoast_head_json":{"title":"Pozv\u00e1nka: Na autogrami\u00e1du Mark\u00e9ty Luk\u00e1\u0161kov\u00e9 4.10. na Letn\u00e9 - WOMENHOUSE.cz","robots":{"index":"index","follow":"follow","max-snippet":"max-snippet:-1","max-image-preview":"max-image-preview:large","max-video-preview":"max-video-preview:-1"},"canonical":"https:\/\/womenhouse.cz\/index.php\/2022\/10\/02\/pozvanka-na-autogramiadu-markety-lukaskove-4-10-na-letne\/","og_locale":"cs_CZ","og_type":"article","og_title":"Pozv\u00e1nka: Na autogrami\u00e1du Mark\u00e9ty Luk\u00e1\u0161kov\u00e9 4.10. na Letn\u00e9 - WOMENHOUSE.cz","og_description":"Zveme v\u0161echny milovn\u00edky knih na autogrami\u00e1du spisovatelky Mark\u00e9ty Luk\u00e1\u0161kov\u00e9. Mark\u00e9ta bude podepisovat svoji pr\u00e1v\u011b vydanou knihu Co v\u00e1s v&nbsp;d\u011bj\u00e1ku nenau\u010dili v&nbsp;\u00fater\u00fd 4.10. od 17:00 hod. v&nbsp;knihkupectv\u00ed Kosmas, Veverkova 16, Praha 7. &nbsp; CO OSNOVY D\u011aJEPISU NA Z\u00c1KLADCE OPOMINULY, TO DOPL\u0147UJE MARK\u00c9TA LUK\u00c1\u0160KOV\u00c1 V&nbsp;KNIZE \u201eCO V\u00c1S V&nbsp;D\u011aJ\u00c1KU NENAU\u010cILI\u201c V nakladatelstv\u00ed Motto vych\u00e1z\u00ed kniha Co v\u00e1s v&nbsp;d\u011bj\u00e1ku [&hellip;]","og_url":"https:\/\/womenhouse.cz\/index.php\/2022\/10\/02\/pozvanka-na-autogramiadu-markety-lukaskove-4-10-na-letne\/","og_site_name":"WOMENHOUSE.cz","article_publisher":"https:\/\/www.facebook.com\/womenhousecz","article_published_time":"2022-10-02T21:18:29+00:00","article_modified_time":"2022-10-08T08:48:41+00:00","og_image":[{"width":1450,"height":1101,"url":"https:\/\/womenhouse.cz\/wp-content\/uploads\/2022\/10\/co-vas-v-dejaku-nenaucili_TTL.jpg","type":"image\/jpeg"}],"author":"Jolana Hol\u00e1\u0148ov\u00e1","twitter_card":"summary_large_image","twitter_misc":{"Napsal(a)":"Jolana Hol\u00e1\u0148ov\u00e1","Odhadovan\u00e1 doba \u010dten\u00ed":"4 minuty"},"schema":{"@context":"https:\/\/schema.org","@graph":[{"@type":"Article","@id":"https:\/\/womenhouse.cz\/index.php\/2022\/10\/02\/pozvanka-na-autogramiadu-markety-lukaskove-4-10-na-letne\/#article","isPartOf":{"@id":"https:\/\/womenhouse.cz\/index.php\/2022\/10\/02\/pozvanka-na-autogramiadu-markety-lukaskove-4-10-na-letne\/"},"author":{"name":"Jolana Hol\u00e1\u0148ov\u00e1","@id":"https:\/\/womenhouse.cz\/#\/schema\/person\/541326101f8d68c711e83e8fecc80738"},"headline":"Pozv\u00e1nka: Na autogrami\u00e1du Mark\u00e9ty Luk\u00e1\u0161kov\u00e9 4.10. na Letn\u00e9","datePublished":"2022-10-02T21:18:29+00:00","dateModified":"2022-10-08T08:48:41+00:00","mainEntityOfPage":{"@id":"https:\/\/womenhouse.cz\/index.php\/2022\/10\/02\/pozvanka-na-autogramiadu-markety-lukaskove-4-10-na-letne\/"},"wordCount":755,"publisher":{"@id":"https:\/\/womenhouse.cz\/#organization"},"articleSection":["AKCE &amp; KULTURA","KNIHY &amp; \u010cASOPISY","NEWS","SPOLE\u010cNOST &amp; VZTAHY","TIPY &amp; TRENDY"],"inLanguage":"cs"},{"@type":"WebPage","@id":"https:\/\/womenhouse.cz\/index.php\/2022\/10\/02\/pozvanka-na-autogramiadu-markety-lukaskove-4-10-na-letne\/","url":"https:\/\/womenhouse.cz\/index.php\/2022\/10\/02\/pozvanka-na-autogramiadu-markety-lukaskove-4-10-na-letne\/","name":"Pozv\u00e1nka: Na autogrami\u00e1du Mark\u00e9ty Luk\u00e1\u0161kov\u00e9 4.10. na Letn\u00e9 - WOMENHOUSE.cz","isPartOf":{"@id":"https:\/\/womenhouse.cz\/#website"},"datePublished":"2022-10-02T21:18:29+00:00","dateModified":"2022-10-08T08:48:41+00:00","breadcrumb":{"@id":"https:\/\/womenhouse.cz\/index.php\/2022\/10\/02\/pozvanka-na-autogramiadu-markety-lukaskove-4-10-na-letne\/#breadcrumb"},"inLanguage":"cs","potentialAction":[{"@type":"ReadAction","target":["https:\/\/womenhouse.cz\/index.php\/2022\/10\/02\/pozvanka-na-autogramiadu-markety-lukaskove-4-10-na-letne\/"]}]},{"@type":"BreadcrumbList","@id":"https:\/\/womenhouse.cz\/index.php\/2022\/10\/02\/pozvanka-na-autogramiadu-markety-lukaskove-4-10-na-letne\/#breadcrumb","itemListElement":[{"@type":"ListItem","position":1,"name":"Dom\u016f","item":"https:\/\/womenhouse.cz\/"},{"@type":"ListItem","position":2,"name":"Pozv\u00e1nka: Na autogrami\u00e1du Mark\u00e9ty Luk\u00e1\u0161kov\u00e9 4.10. na Letn\u00e9"}]},{"@type":"WebSite","@id":"https:\/\/womenhouse.cz\/#website","url":"https:\/\/womenhouse.cz\/","name":"WOMENHOUSE.cz","description":"Port\u00e1l v\u00fdhradn\u011b jen pro \u017eeny...","publisher":{"@id":"https:\/\/womenhouse.cz\/#organization"},"potentialAction":[{"@type":"SearchAction","target":{"@type":"EntryPoint","urlTemplate":"https:\/\/womenhouse.cz\/?s={search_term_string}"},"query-input":"required name=search_term_string"}],"inLanguage":"cs"},{"@type":"Organization","@id":"https:\/\/womenhouse.cz\/#organization","name":"WOMENHOUSE.cz","url":"https:\/\/womenhouse.cz\/","logo":{"@type":"ImageObject","inLanguage":"cs","@id":"https:\/\/womenhouse.cz\/#\/schema\/logo\/image\/","url":"https:\/\/womenhouse.cz\/wp-content\/uploads\/2020\/06\/cropped-logo_Womenhouse_RGB-02-removebg-preview-1.png","contentUrl":"https:\/\/womenhouse.cz\/wp-content\/uploads\/2020\/06\/cropped-logo_Womenhouse_RGB-02-removebg-preview-1.png","width":561,"height":375,"caption":"WOMENHOUSE.cz"},"image":{"@id":"https:\/\/womenhouse.cz\/#\/schema\/logo\/image\/"},"sameAs":["https:\/\/www.facebook.com\/womenhousecz","https:\/\/www.instagram.com\/womenhousecz\/"]},{"@type":"Person","@id":"https:\/\/womenhouse.cz\/#\/schema\/person\/541326101f8d68c711e83e8fecc80738","name":"Jolana Hol\u00e1\u0148ov\u00e1","sameAs":["http:\/\/www.womenhouse.cz"],"url":"https:\/\/womenhouse.cz\/index.php\/author\/jolhol\/"}]}},"_links":{"self":[{"href":"https:\/\/womenhouse.cz\/index.php\/wp-json\/wp\/v2\/posts\/8418"}],"collection":[{"href":"https:\/\/womenhouse.cz\/index.php\/wp-json\/wp\/v2\/posts"}],"about":[{"href":"https:\/\/womenhouse.cz\/index.php\/wp-json\/wp\/v2\/types\/post"}],"author":[{"embeddable":true,"href":"https:\/\/womenhouse.cz\/index.php\/wp-json\/wp\/v2\/users\/2"}],"replies":[{"embeddable":true,"href":"https:\/\/womenhouse.cz\/index.php\/wp-json\/wp\/v2\/comments?post=8418"}],"version-history":[{"count":-4,"href":"https:\/\/womenhouse.cz\/index.php\/wp-json\/wp\/v2\/posts\/8418\/revisions"}],"wp:featuredmedia":[{"embeddable":true,"href":"https:\/\/womenhouse.cz\/index.php\/wp-json\/wp\/v2\/media\/8419"}],"wp:attachment":[{"href":"https:\/\/womenhouse.cz\/index.php\/wp-json\/wp\/v2\/media?parent=8418"}],"wp:term":[{"taxonomy":"category","embeddable":true,"href":"https:\/\/womenhouse.cz\/index.php\/wp-json\/wp\/v2\/categories?post=8418"},{"taxonomy":"post_tag","embeddable":true,"href":"https:\/\/womenhouse.cz\/index.php\/wp-json\/wp\/v2\/tags?post=8418"}],"curies":[{"name":"wp","href":"https:\/\/api.w.org\/{rel}","templated":true}]}}