{"id":8408,"date":"2022-09-30T14:46:24","date_gmt":"2022-09-30T12:46:24","guid":{"rendered":"https:\/\/womenhouse.cz\/?p=8408"},"modified":"2022-10-17T14:12:31","modified_gmt":"2022-10-17T12:12:31","slug":"pozvanka-na-koncert-il-divo-ucti-pamatku-zesnuleho-clena-dokoncenim-sveho-turne","status":"publish","type":"post","link":"https:\/\/womenhouse.cz\/index.php\/2022\/09\/30\/pozvanka-na-koncert-il-divo-ucti-pamatku-zesnuleho-clena-dokoncenim-sveho-turne\/","title":{"rendered":"Pozv\u00e1nka na koncert: Il Divo uct\u00ed pam\u00e1tku zesnul\u00e9ho \u010dlena dokon\u010den\u00edm sv\u00e9ho turn\u00e9"},"content":{"rendered":"\n<div style=\"height:36px\" aria-hidden=\"true\" class=\"wp-block-spacer\"><\/div>\n\n\n\n<p><strong>Fanou\u0161ky v\u011bhlasn\u00e9 nadn\u00e1rodn\u00ed skupiny Il Divo zas\u00e1hla p\u0159ed necel\u00fdm rokem zdrcuj\u00edc\u00ed zpr\u00e1va. Ve v\u011bku 53 let zem\u0159el v&nbsp;um\u011bl\u00e9m sp\u00e1nku \u010dlen formace Carlos Mar\u00edn. S&nbsp;t\u00e9m\u011b\u0159 ro\u010dn\u00edm odstupem oslovili zb\u00fdvaj\u00edc\u00ed um\u011blci zp\u011bv\u00e1ka Stevena LaBrie, po jeho\u017e boku dokon\u010d\u00ed sv\u00e9 turn\u00e9 jako poctu sv\u00e9mu jedine\u010dn\u00e9mu kolegovi a p\u0159\u00edteli Mar\u00ednovi. Jedine\u010dn\u00fd z\u00e1\u017eitek si budete moct vychutnat u\u017e 10. \u0159\u00edjna 2022 v&nbsp;pra\u017esk\u00e9m O2 universu od 20 hodin.<\/strong><\/p>\n\n\n\n<figure class=\"wp-block-image size-large\"><img loading=\"lazy\" decoding=\"async\" width=\"1024\" height=\"320\" src=\"https:\/\/womenhouse.cz\/wp-content\/uploads\/2022\/09\/Il-Divo-4-1024x320.jpg\" alt=\"\" class=\"wp-image-8412\" srcset=\"https:\/\/womenhouse.cz\/wp-content\/uploads\/2022\/09\/Il-Divo-4-1024x320.jpg 1024w, https:\/\/womenhouse.cz\/wp-content\/uploads\/2022\/09\/Il-Divo-4-300x94.jpg 300w, https:\/\/womenhouse.cz\/wp-content\/uploads\/2022\/09\/Il-Divo-4-768x240.jpg 768w, https:\/\/womenhouse.cz\/wp-content\/uploads\/2022\/09\/Il-Divo-4.jpg 1440w\" sizes=\"(max-width: 1024px) 100vw, 1024px\" \/><\/figure>\n\n\n\n<p>Ameri\u010dan David Miller, Francouz S\u00e9bastien Izambard a \u0160v\u00fdcar Urs B\u00fchler se rozhodli pokra\u010dovat ve sv\u00e9m turn\u00e9 &#8222;For Once in My Life Tour&#8220;, nyn\u00ed pod n\u00e1zvem Greatest Hits Tour.<\/p>\n\n\n\n<figure class=\"wp-block-image size-large\"><img loading=\"lazy\" decoding=\"async\" width=\"1024\" height=\"768\" src=\"https:\/\/womenhouse.cz\/wp-content\/uploads\/2022\/09\/Il-Divo-3-1024x768.jpg\" alt=\"\" class=\"wp-image-8411\" srcset=\"https:\/\/womenhouse.cz\/wp-content\/uploads\/2022\/09\/Il-Divo-3-1024x768.jpg 1024w, https:\/\/womenhouse.cz\/wp-content\/uploads\/2022\/09\/Il-Divo-3-300x225.jpg 300w, https:\/\/womenhouse.cz\/wp-content\/uploads\/2022\/09\/Il-Divo-3-768x576.jpg 768w, https:\/\/womenhouse.cz\/wp-content\/uploads\/2022\/09\/Il-Divo-3.jpg 1450w\" sizes=\"(max-width: 1024px) 100vw, 1024px\" \/><\/figure>\n\n\n\n<p>Zapoj\u00ed se do n\u011bj i speci\u00e1ln\u00ed host, americk\u00fd barytonista Steven LaBrie. Turn\u00e9 bude napln\u011bno v\u0161emi hity Il Divo z jejich rozs\u00e1hl\u00e9ho reperto\u00e1ru p\u00edsn\u00ed a podpo\u0159eno neuv\u011b\u0159itelnou p\u00f3diovou produkc\u00ed, symfonick\u00fdm orchestrem a kapelou. V\u0161echny vstupenky z p\u016fvodn\u011b pl\u00e1novan\u00fdch term\u00edn\u016f z\u016fst\u00e1vaj\u00ed v&nbsp;platnosti i v roce 2022. \u201eCarlos byl nad\u017eivotn\u00ed osobnost\u00ed, se vz\u00e1cnou kombinac\u00ed neuv\u011b\u0159iteln\u011b kr\u00e1sn\u00e9ho, Bohem dan\u00e9ho hlasu a naprosto nesm\u00edrn\u00e9ho talentu. Jeho v\u00e1\u0161e\u0148, hravost a smysl pro humor byly sou\u010d\u00e1st\u00ed jeho kouzeln\u00e9 osobnosti a jeho sm\u00edch v\u017edy povznesl ka\u017ed\u00e9ho, kdo m\u011bl tu mo\u017enost jej sly\u0161et. Milovali ho miliony fanou\u0161k\u016f po cel\u00e9m sv\u011bt\u011b a my jsme m\u011bli to \u0161t\u011bst\u00ed a \u010dest, \u017ee jsme s n\u00edm mohli tolik let vystupovat. Jeho hravost, p\u0159\u00e1telstv\u00ed a brilantn\u00ed hlas n\u00e1m bude hluboce chyb\u011bt. Na jeho po\u010dest jsme se rozhodli zalo\u017eit nadaci Carlose Mar\u00edna, a\u0165 si ho v\u0161ichni pamatuj\u00ed pro jeho kr\u00e1snou du\u0161i, jeho \u00fa\u017easn\u00fd talent a a\u0165 nav\u017edy odpo\u010d\u00edv\u00e1 v pokoji,\u201c uvedli Miller, Izambard a B\u00fchler v prohl\u00e1\u0161en\u00ed.<\/p>\n\n\n\n<figure class=\"wp-block-image size-large\"><img loading=\"lazy\" decoding=\"async\" width=\"1024\" height=\"681\" src=\"https:\/\/womenhouse.cz\/wp-content\/uploads\/2022\/09\/Il-Divo-2-1024x681.jpg\" alt=\"\" class=\"wp-image-8410\" srcset=\"https:\/\/womenhouse.cz\/wp-content\/uploads\/2022\/09\/Il-Divo-2-1024x681.jpg 1024w, https:\/\/womenhouse.cz\/wp-content\/uploads\/2022\/09\/Il-Divo-2-300x199.jpg 300w, https:\/\/womenhouse.cz\/wp-content\/uploads\/2022\/09\/Il-Divo-2-768x511.jpg 768w, https:\/\/womenhouse.cz\/wp-content\/uploads\/2022\/09\/Il-Divo-2-730x485.jpg 730w, https:\/\/womenhouse.cz\/wp-content\/uploads\/2022\/09\/Il-Divo-2.jpg 1450w\" sizes=\"(max-width: 1024px) 100vw, 1024px\" \/><\/figure>\n\n\n\n<p>Turn\u00e9 propaguje jejich 10. studiov\u00e9 album For Once In My Life: A Celebration Of Motown (Decca Gold), kter\u00e9 je nyn\u00ed na pultech, stejn\u011b jako Carlos Marin Foundation. Il Divo je komer\u010dn\u011b nej\u00fasp\u011b\u0161n\u011bj\u0161\u00ed klasick\u00e1 crossoverov\u00e1 skupina v mezin\u00e1rodn\u00ed hudebn\u00ed historii, kter\u00e1 koncertuje od roku 2003. Od t\u00e9 doby se Il Divo rozrostla v\u00a0p\u0159edn\u00ed tenorovou vok\u00e1ln\u00ed skupinu se 160 zlat\u00fdmi a platinov\u00fdmi alby ve 33 zem\u00edch a v\u00edce ne\u017e 30 miliony prodan\u00fdch alb. Il Divo se sv\u00fdmi nejv\u011bt\u0161\u00edmi hity a nejobl\u00edben\u011bj\u0161\u00edmi klasikami vytv\u00e1\u0159\u00ed pro sv\u00e9 fanou\u0161ky nezapomenuteln\u00fd z\u00e1\u017eitek.<\/p>\n\n\n\n<div style=\"height:1px\" aria-hidden=\"true\" class=\"wp-block-spacer\"><\/div>\n\n\n\n<p><strong>Vstupenky k&nbsp;dispozici: <a href=\"https:\/\/www.ticketmaster.cz\/event\/il-divo-greatest-hits-tour-vstupenky\/44705\">https:\/\/www.ticketmaster.cz\/event\/il-divo-greatest-hits-tour-vstupenky\/44705<\/a><\/strong><\/p>\n\n\n\n<div style=\"height:100px\" aria-hidden=\"true\" class=\"wp-block-spacer\"><\/div>\n\n\n\n<figure class=\"wp-block-gallery columns-2 is-cropped wp-block-gallery-1 is-layout-flex wp-block-gallery-is-layout-flex\"><ul class=\"blocks-gallery-grid\"><li class=\"blocks-gallery-item\"><figure><img loading=\"lazy\" decoding=\"async\" width=\"1024\" height=\"681\" src=\"https:\/\/womenhouse.cz\/wp-content\/uploads\/2022\/09\/Il-Divo-2-1024x681.jpg\" alt=\"\" data-id=\"8410\" data-link=\"https:\/\/womenhouse.cz\/?attachment_id=8410\" class=\"wp-image-8410\" srcset=\"https:\/\/womenhouse.cz\/wp-content\/uploads\/2022\/09\/Il-Divo-2-1024x681.jpg 1024w, https:\/\/womenhouse.cz\/wp-content\/uploads\/2022\/09\/Il-Divo-2-300x199.jpg 300w, https:\/\/womenhouse.cz\/wp-content\/uploads\/2022\/09\/Il-Divo-2-768x511.jpg 768w, https:\/\/womenhouse.cz\/wp-content\/uploads\/2022\/09\/Il-Divo-2-730x485.jpg 730w, https:\/\/womenhouse.cz\/wp-content\/uploads\/2022\/09\/Il-Divo-2.jpg 1450w\" sizes=\"(max-width: 1024px) 100vw, 1024px\" \/><\/figure><\/li><li class=\"blocks-gallery-item\"><figure><img loading=\"lazy\" decoding=\"async\" width=\"1024\" height=\"768\" src=\"https:\/\/womenhouse.cz\/wp-content\/uploads\/2022\/09\/Il-Divo-3-1024x768.jpg\" alt=\"\" data-id=\"8411\" data-link=\"https:\/\/womenhouse.cz\/?attachment_id=8411\" class=\"wp-image-8411\" srcset=\"https:\/\/womenhouse.cz\/wp-content\/uploads\/2022\/09\/Il-Divo-3-1024x768.jpg 1024w, https:\/\/womenhouse.cz\/wp-content\/uploads\/2022\/09\/Il-Divo-3-300x225.jpg 300w, https:\/\/womenhouse.cz\/wp-content\/uploads\/2022\/09\/Il-Divo-3-768x576.jpg 768w, https:\/\/womenhouse.cz\/wp-content\/uploads\/2022\/09\/Il-Divo-3.jpg 1450w\" sizes=\"(max-width: 1024px) 100vw, 1024px\" \/><\/figure><\/li><li class=\"blocks-gallery-item\"><figure><img loading=\"lazy\" decoding=\"async\" width=\"788\" height=\"1024\" src=\"https:\/\/womenhouse.cz\/wp-content\/uploads\/2022\/09\/Il-Divo-788x1024.jpg\" alt=\"\" data-id=\"8409\" data-link=\"https:\/\/womenhouse.cz\/?attachment_id=8409\" class=\"wp-image-8409\" srcset=\"https:\/\/womenhouse.cz\/wp-content\/uploads\/2022\/09\/Il-Divo-788x1024.jpg 788w, https:\/\/womenhouse.cz\/wp-content\/uploads\/2022\/09\/Il-Divo-231x300.jpg 231w, https:\/\/womenhouse.cz\/wp-content\/uploads\/2022\/09\/Il-Divo-768x998.jpg 768w, https:\/\/womenhouse.cz\/wp-content\/uploads\/2022\/09\/Il-Divo.jpg 962w\" sizes=\"(max-width: 788px) 100vw, 788px\" \/><\/figure><\/li><\/ul><\/figure>\n\n\n\n<p><strong>Zdroj foto:<\/strong> PanKoncert<\/p>\n\n\n\n<div style=\"height:51px\" aria-hidden=\"true\" class=\"wp-block-spacer\"><\/div>\n","protected":false},"excerpt":{"rendered":"<p>Fanou\u0161ky v\u011bhlasn\u00e9 nadn\u00e1rodn\u00ed skupiny Il Divo zas\u00e1hla p\u0159ed necel\u00fdm rokem zdrcuj\u00edc\u00ed zpr\u00e1va. Ve v\u011bku 53 let zem\u0159el v&nbsp;um\u011bl\u00e9m sp\u00e1nku \u010dlen formace Carlos Mar\u00edn. S&nbsp;t\u00e9m\u011b\u0159 ro\u010dn\u00edm odstupem oslovili zb\u00fdvaj\u00edc\u00ed um\u011blci zp\u011bv\u00e1ka Stevena LaBrie, po jeho\u017e boku dokon\u010d\u00ed sv\u00e9 turn\u00e9 jako poctu sv\u00e9mu jedine\u010dn\u00e9mu kolegovi a p\u0159\u00edteli Mar\u00ednovi. Jedine\u010dn\u00fd z\u00e1\u017eitek si budete moct vychutnat u\u017e 10. \u0159\u00edjna [&hellip;]<\/p>\n","protected":false},"author":2,"featured_media":8413,"comment_status":"closed","ping_status":"closed","sticky":false,"template":"","format":"standard","meta":{"_mi_skip_tracking":false,"_monsterinsights_sitenote_active":false,"_monsterinsights_sitenote_note":"","_monsterinsights_sitenote_category":0,"footnotes":""},"categories":[21,23,12],"tags":[],"yoast_head":"<!-- This site is optimized with the Yoast SEO plugin v21.5 - https:\/\/yoast.com\/wordpress\/plugins\/seo\/ -->\n<title>Pozv\u00e1nka na koncert: Il Divo uct\u00ed pam\u00e1tku zesnul\u00e9ho \u010dlena dokon\u010den\u00edm sv\u00e9ho turn\u00e9 - WOMENHOUSE.cz<\/title>\n<meta name=\"robots\" content=\"index, follow, max-snippet:-1, max-image-preview:large, max-video-preview:-1\" \/>\n<link rel=\"canonical\" href=\"https:\/\/womenhouse.cz\/index.php\/2022\/09\/30\/pozvanka-na-koncert-il-divo-ucti-pamatku-zesnuleho-clena-dokoncenim-sveho-turne\/\" \/>\n<meta property=\"og:locale\" content=\"cs_CZ\" \/>\n<meta property=\"og:type\" content=\"article\" \/>\n<meta property=\"og:title\" content=\"Pozv\u00e1nka na koncert: Il Divo uct\u00ed pam\u00e1tku zesnul\u00e9ho \u010dlena dokon\u010den\u00edm sv\u00e9ho turn\u00e9 - WOMENHOUSE.cz\" \/>\n<meta property=\"og:description\" content=\"Fanou\u0161ky v\u011bhlasn\u00e9 nadn\u00e1rodn\u00ed skupiny Il Divo zas\u00e1hla p\u0159ed necel\u00fdm rokem zdrcuj\u00edc\u00ed zpr\u00e1va. Ve v\u011bku 53 let zem\u0159el v&nbsp;um\u011bl\u00e9m sp\u00e1nku \u010dlen formace Carlos Mar\u00edn. S&nbsp;t\u00e9m\u011b\u0159 ro\u010dn\u00edm odstupem oslovili zb\u00fdvaj\u00edc\u00ed um\u011blci zp\u011bv\u00e1ka Stevena LaBrie, po jeho\u017e boku dokon\u010d\u00ed sv\u00e9 turn\u00e9 jako poctu sv\u00e9mu jedine\u010dn\u00e9mu kolegovi a p\u0159\u00edteli Mar\u00ednovi. Jedine\u010dn\u00fd z\u00e1\u017eitek si budete moct vychutnat u\u017e 10. \u0159\u00edjna [&hellip;]\" \/>\n<meta property=\"og:url\" content=\"https:\/\/womenhouse.cz\/index.php\/2022\/09\/30\/pozvanka-na-koncert-il-divo-ucti-pamatku-zesnuleho-clena-dokoncenim-sveho-turne\/\" \/>\n<meta property=\"og:site_name\" content=\"WOMENHOUSE.cz\" \/>\n<meta property=\"article:publisher\" content=\"https:\/\/www.facebook.com\/womenhousecz\" \/>\n<meta property=\"article:published_time\" content=\"2022-09-30T12:46:24+00:00\" \/>\n<meta property=\"article:modified_time\" content=\"2022-10-17T12:12:31+00:00\" \/>\n<meta property=\"og:image\" content=\"https:\/\/womenhouse.cz\/wp-content\/uploads\/2022\/09\/Il-Divo_TTL.jpg\" \/>\n\t<meta property=\"og:image:width\" content=\"962\" \/>\n\t<meta property=\"og:image:height\" content=\"616\" \/>\n\t<meta property=\"og:image:type\" content=\"image\/jpeg\" \/>\n<meta name=\"author\" content=\"Jolana Hol\u00e1\u0148ov\u00e1\" \/>\n<meta name=\"twitter:card\" content=\"summary_large_image\" \/>\n<meta name=\"twitter:label1\" content=\"Napsal(a)\" \/>\n\t<meta name=\"twitter:data1\" content=\"Jolana Hol\u00e1\u0148ov\u00e1\" \/>\n\t<meta name=\"twitter:label2\" content=\"Odhadovan\u00e1 doba \u010dten\u00ed\" \/>\n\t<meta name=\"twitter:data2\" content=\"2 minuty\" \/>\n<script type=\"application\/ld+json\" class=\"yoast-schema-graph\">{\"@context\":\"https:\/\/schema.org\",\"@graph\":[{\"@type\":\"Article\",\"@id\":\"https:\/\/womenhouse.cz\/index.php\/2022\/09\/30\/pozvanka-na-koncert-il-divo-ucti-pamatku-zesnuleho-clena-dokoncenim-sveho-turne\/#article\",\"isPartOf\":{\"@id\":\"https:\/\/womenhouse.cz\/index.php\/2022\/09\/30\/pozvanka-na-koncert-il-divo-ucti-pamatku-zesnuleho-clena-dokoncenim-sveho-turne\/\"},\"author\":{\"name\":\"Jolana Hol\u00e1\u0148ov\u00e1\",\"@id\":\"https:\/\/womenhouse.cz\/#\/schema\/person\/541326101f8d68c711e83e8fecc80738\"},\"headline\":\"Pozv\u00e1nka na koncert: Il Divo uct\u00ed pam\u00e1tku zesnul\u00e9ho \u010dlena dokon\u010den\u00edm sv\u00e9ho turn\u00e9\",\"datePublished\":\"2022-09-30T12:46:24+00:00\",\"dateModified\":\"2022-10-17T12:12:31+00:00\",\"mainEntityOfPage\":{\"@id\":\"https:\/\/womenhouse.cz\/index.php\/2022\/09\/30\/pozvanka-na-koncert-il-divo-ucti-pamatku-zesnuleho-clena-dokoncenim-sveho-turne\/\"},\"wordCount\":471,\"publisher\":{\"@id\":\"https:\/\/womenhouse.cz\/#organization\"},\"articleSection\":[\"AKCE &amp; KULTURA\",\"CELEBRITY\",\"TIPY &amp; TRENDY\"],\"inLanguage\":\"cs\"},{\"@type\":\"WebPage\",\"@id\":\"https:\/\/womenhouse.cz\/index.php\/2022\/09\/30\/pozvanka-na-koncert-il-divo-ucti-pamatku-zesnuleho-clena-dokoncenim-sveho-turne\/\",\"url\":\"https:\/\/womenhouse.cz\/index.php\/2022\/09\/30\/pozvanka-na-koncert-il-divo-ucti-pamatku-zesnuleho-clena-dokoncenim-sveho-turne\/\",\"name\":\"Pozv\u00e1nka na koncert: Il Divo uct\u00ed pam\u00e1tku zesnul\u00e9ho \u010dlena dokon\u010den\u00edm sv\u00e9ho turn\u00e9 - WOMENHOUSE.cz\",\"isPartOf\":{\"@id\":\"https:\/\/womenhouse.cz\/#website\"},\"datePublished\":\"2022-09-30T12:46:24+00:00\",\"dateModified\":\"2022-10-17T12:12:31+00:00\",\"breadcrumb\":{\"@id\":\"https:\/\/womenhouse.cz\/index.php\/2022\/09\/30\/pozvanka-na-koncert-il-divo-ucti-pamatku-zesnuleho-clena-dokoncenim-sveho-turne\/#breadcrumb\"},\"inLanguage\":\"cs\",\"potentialAction\":[{\"@type\":\"ReadAction\",\"target\":[\"https:\/\/womenhouse.cz\/index.php\/2022\/09\/30\/pozvanka-na-koncert-il-divo-ucti-pamatku-zesnuleho-clena-dokoncenim-sveho-turne\/\"]}]},{\"@type\":\"BreadcrumbList\",\"@id\":\"https:\/\/womenhouse.cz\/index.php\/2022\/09\/30\/pozvanka-na-koncert-il-divo-ucti-pamatku-zesnuleho-clena-dokoncenim-sveho-turne\/#breadcrumb\",\"itemListElement\":[{\"@type\":\"ListItem\",\"position\":1,\"name\":\"Dom\u016f\",\"item\":\"https:\/\/womenhouse.cz\/\"},{\"@type\":\"ListItem\",\"position\":2,\"name\":\"Pozv\u00e1nka na koncert: Il Divo uct\u00ed pam\u00e1tku zesnul\u00e9ho \u010dlena dokon\u010den\u00edm sv\u00e9ho turn\u00e9\"}]},{\"@type\":\"WebSite\",\"@id\":\"https:\/\/womenhouse.cz\/#website\",\"url\":\"https:\/\/womenhouse.cz\/\",\"name\":\"WOMENHOUSE.cz\",\"description\":\"Port\u00e1l v\u00fdhradn\u011b jen pro \u017eeny...\",\"publisher\":{\"@id\":\"https:\/\/womenhouse.cz\/#organization\"},\"potentialAction\":[{\"@type\":\"SearchAction\",\"target\":{\"@type\":\"EntryPoint\",\"urlTemplate\":\"https:\/\/womenhouse.cz\/?s={search_term_string}\"},\"query-input\":\"required name=search_term_string\"}],\"inLanguage\":\"cs\"},{\"@type\":\"Organization\",\"@id\":\"https:\/\/womenhouse.cz\/#organization\",\"name\":\"WOMENHOUSE.cz\",\"url\":\"https:\/\/womenhouse.cz\/\",\"logo\":{\"@type\":\"ImageObject\",\"inLanguage\":\"cs\",\"@id\":\"https:\/\/womenhouse.cz\/#\/schema\/logo\/image\/\",\"url\":\"https:\/\/womenhouse.cz\/wp-content\/uploads\/2020\/06\/cropped-logo_Womenhouse_RGB-02-removebg-preview-1.png\",\"contentUrl\":\"https:\/\/womenhouse.cz\/wp-content\/uploads\/2020\/06\/cropped-logo_Womenhouse_RGB-02-removebg-preview-1.png\",\"width\":561,\"height\":375,\"caption\":\"WOMENHOUSE.cz\"},\"image\":{\"@id\":\"https:\/\/womenhouse.cz\/#\/schema\/logo\/image\/\"},\"sameAs\":[\"https:\/\/www.facebook.com\/womenhousecz\",\"https:\/\/www.instagram.com\/womenhousecz\/\"]},{\"@type\":\"Person\",\"@id\":\"https:\/\/womenhouse.cz\/#\/schema\/person\/541326101f8d68c711e83e8fecc80738\",\"name\":\"Jolana Hol\u00e1\u0148ov\u00e1\",\"sameAs\":[\"http:\/\/www.womenhouse.cz\"],\"url\":\"https:\/\/womenhouse.cz\/index.php\/author\/jolhol\/\"}]}<\/script>\n<!-- \/ Yoast SEO plugin. -->","yoast_head_json":{"title":"Pozv\u00e1nka na koncert: Il Divo uct\u00ed pam\u00e1tku zesnul\u00e9ho \u010dlena dokon\u010den\u00edm sv\u00e9ho turn\u00e9 - WOMENHOUSE.cz","robots":{"index":"index","follow":"follow","max-snippet":"max-snippet:-1","max-image-preview":"max-image-preview:large","max-video-preview":"max-video-preview:-1"},"canonical":"https:\/\/womenhouse.cz\/index.php\/2022\/09\/30\/pozvanka-na-koncert-il-divo-ucti-pamatku-zesnuleho-clena-dokoncenim-sveho-turne\/","og_locale":"cs_CZ","og_type":"article","og_title":"Pozv\u00e1nka na koncert: Il Divo uct\u00ed pam\u00e1tku zesnul\u00e9ho \u010dlena dokon\u010den\u00edm sv\u00e9ho turn\u00e9 - WOMENHOUSE.cz","og_description":"Fanou\u0161ky v\u011bhlasn\u00e9 nadn\u00e1rodn\u00ed skupiny Il Divo zas\u00e1hla p\u0159ed necel\u00fdm rokem zdrcuj\u00edc\u00ed zpr\u00e1va. Ve v\u011bku 53 let zem\u0159el v&nbsp;um\u011bl\u00e9m sp\u00e1nku \u010dlen formace Carlos Mar\u00edn. S&nbsp;t\u00e9m\u011b\u0159 ro\u010dn\u00edm odstupem oslovili zb\u00fdvaj\u00edc\u00ed um\u011blci zp\u011bv\u00e1ka Stevena LaBrie, po jeho\u017e boku dokon\u010d\u00ed sv\u00e9 turn\u00e9 jako poctu sv\u00e9mu jedine\u010dn\u00e9mu kolegovi a p\u0159\u00edteli Mar\u00ednovi. Jedine\u010dn\u00fd z\u00e1\u017eitek si budete moct vychutnat u\u017e 10. \u0159\u00edjna [&hellip;]","og_url":"https:\/\/womenhouse.cz\/index.php\/2022\/09\/30\/pozvanka-na-koncert-il-divo-ucti-pamatku-zesnuleho-clena-dokoncenim-sveho-turne\/","og_site_name":"WOMENHOUSE.cz","article_publisher":"https:\/\/www.facebook.com\/womenhousecz","article_published_time":"2022-09-30T12:46:24+00:00","article_modified_time":"2022-10-17T12:12:31+00:00","og_image":[{"width":962,"height":616,"url":"https:\/\/womenhouse.cz\/wp-content\/uploads\/2022\/09\/Il-Divo_TTL.jpg","type":"image\/jpeg"}],"author":"Jolana Hol\u00e1\u0148ov\u00e1","twitter_card":"summary_large_image","twitter_misc":{"Napsal(a)":"Jolana Hol\u00e1\u0148ov\u00e1","Odhadovan\u00e1 doba \u010dten\u00ed":"2 minuty"},"schema":{"@context":"https:\/\/schema.org","@graph":[{"@type":"Article","@id":"https:\/\/womenhouse.cz\/index.php\/2022\/09\/30\/pozvanka-na-koncert-il-divo-ucti-pamatku-zesnuleho-clena-dokoncenim-sveho-turne\/#article","isPartOf":{"@id":"https:\/\/womenhouse.cz\/index.php\/2022\/09\/30\/pozvanka-na-koncert-il-divo-ucti-pamatku-zesnuleho-clena-dokoncenim-sveho-turne\/"},"author":{"name":"Jolana Hol\u00e1\u0148ov\u00e1","@id":"https:\/\/womenhouse.cz\/#\/schema\/person\/541326101f8d68c711e83e8fecc80738"},"headline":"Pozv\u00e1nka na koncert: Il Divo uct\u00ed pam\u00e1tku zesnul\u00e9ho \u010dlena dokon\u010den\u00edm sv\u00e9ho turn\u00e9","datePublished":"2022-09-30T12:46:24+00:00","dateModified":"2022-10-17T12:12:31+00:00","mainEntityOfPage":{"@id":"https:\/\/womenhouse.cz\/index.php\/2022\/09\/30\/pozvanka-na-koncert-il-divo-ucti-pamatku-zesnuleho-clena-dokoncenim-sveho-turne\/"},"wordCount":471,"publisher":{"@id":"https:\/\/womenhouse.cz\/#organization"},"articleSection":["AKCE &amp; KULTURA","CELEBRITY","TIPY &amp; TRENDY"],"inLanguage":"cs"},{"@type":"WebPage","@id":"https:\/\/womenhouse.cz\/index.php\/2022\/09\/30\/pozvanka-na-koncert-il-divo-ucti-pamatku-zesnuleho-clena-dokoncenim-sveho-turne\/","url":"https:\/\/womenhouse.cz\/index.php\/2022\/09\/30\/pozvanka-na-koncert-il-divo-ucti-pamatku-zesnuleho-clena-dokoncenim-sveho-turne\/","name":"Pozv\u00e1nka na koncert: Il Divo uct\u00ed pam\u00e1tku zesnul\u00e9ho \u010dlena dokon\u010den\u00edm sv\u00e9ho turn\u00e9 - WOMENHOUSE.cz","isPartOf":{"@id":"https:\/\/womenhouse.cz\/#website"},"datePublished":"2022-09-30T12:46:24+00:00","dateModified":"2022-10-17T12:12:31+00:00","breadcrumb":{"@id":"https:\/\/womenhouse.cz\/index.php\/2022\/09\/30\/pozvanka-na-koncert-il-divo-ucti-pamatku-zesnuleho-clena-dokoncenim-sveho-turne\/#breadcrumb"},"inLanguage":"cs","potentialAction":[{"@type":"ReadAction","target":["https:\/\/womenhouse.cz\/index.php\/2022\/09\/30\/pozvanka-na-koncert-il-divo-ucti-pamatku-zesnuleho-clena-dokoncenim-sveho-turne\/"]}]},{"@type":"BreadcrumbList","@id":"https:\/\/womenhouse.cz\/index.php\/2022\/09\/30\/pozvanka-na-koncert-il-divo-ucti-pamatku-zesnuleho-clena-dokoncenim-sveho-turne\/#breadcrumb","itemListElement":[{"@type":"ListItem","position":1,"name":"Dom\u016f","item":"https:\/\/womenhouse.cz\/"},{"@type":"ListItem","position":2,"name":"Pozv\u00e1nka na koncert: Il Divo uct\u00ed pam\u00e1tku zesnul\u00e9ho \u010dlena dokon\u010den\u00edm sv\u00e9ho turn\u00e9"}]},{"@type":"WebSite","@id":"https:\/\/womenhouse.cz\/#website","url":"https:\/\/womenhouse.cz\/","name":"WOMENHOUSE.cz","description":"Port\u00e1l v\u00fdhradn\u011b jen pro \u017eeny...","publisher":{"@id":"https:\/\/womenhouse.cz\/#organization"},"potentialAction":[{"@type":"SearchAction","target":{"@type":"EntryPoint","urlTemplate":"https:\/\/womenhouse.cz\/?s={search_term_string}"},"query-input":"required name=search_term_string"}],"inLanguage":"cs"},{"@type":"Organization","@id":"https:\/\/womenhouse.cz\/#organization","name":"WOMENHOUSE.cz","url":"https:\/\/womenhouse.cz\/","logo":{"@type":"ImageObject","inLanguage":"cs","@id":"https:\/\/womenhouse.cz\/#\/schema\/logo\/image\/","url":"https:\/\/womenhouse.cz\/wp-content\/uploads\/2020\/06\/cropped-logo_Womenhouse_RGB-02-removebg-preview-1.png","contentUrl":"https:\/\/womenhouse.cz\/wp-content\/uploads\/2020\/06\/cropped-logo_Womenhouse_RGB-02-removebg-preview-1.png","width":561,"height":375,"caption":"WOMENHOUSE.cz"},"image":{"@id":"https:\/\/womenhouse.cz\/#\/schema\/logo\/image\/"},"sameAs":["https:\/\/www.facebook.com\/womenhousecz","https:\/\/www.instagram.com\/womenhousecz\/"]},{"@type":"Person","@id":"https:\/\/womenhouse.cz\/#\/schema\/person\/541326101f8d68c711e83e8fecc80738","name":"Jolana Hol\u00e1\u0148ov\u00e1","sameAs":["http:\/\/www.womenhouse.cz"],"url":"https:\/\/womenhouse.cz\/index.php\/author\/jolhol\/"}]}},"_links":{"self":[{"href":"https:\/\/womenhouse.cz\/index.php\/wp-json\/wp\/v2\/posts\/8408"}],"collection":[{"href":"https:\/\/womenhouse.cz\/index.php\/wp-json\/wp\/v2\/posts"}],"about":[{"href":"https:\/\/womenhouse.cz\/index.php\/wp-json\/wp\/v2\/types\/post"}],"author":[{"embeddable":true,"href":"https:\/\/womenhouse.cz\/index.php\/wp-json\/wp\/v2\/users\/2"}],"replies":[{"embeddable":true,"href":"https:\/\/womenhouse.cz\/index.php\/wp-json\/wp\/v2\/comments?post=8408"}],"version-history":[{"count":-3,"href":"https:\/\/womenhouse.cz\/index.php\/wp-json\/wp\/v2\/posts\/8408\/revisions"}],"wp:featuredmedia":[{"embeddable":true,"href":"https:\/\/womenhouse.cz\/index.php\/wp-json\/wp\/v2\/media\/8413"}],"wp:attachment":[{"href":"https:\/\/womenhouse.cz\/index.php\/wp-json\/wp\/v2\/media?parent=8408"}],"wp:term":[{"taxonomy":"category","embeddable":true,"href":"https:\/\/womenhouse.cz\/index.php\/wp-json\/wp\/v2\/categories?post=8408"},{"taxonomy":"post_tag","embeddable":true,"href":"https:\/\/womenhouse.cz\/index.php\/wp-json\/wp\/v2\/tags?post=8408"}],"curies":[{"name":"wp","href":"https:\/\/api.w.org\/{rel}","templated":true}]}}