{"id":8402,"date":"2022-09-29T00:01:00","date_gmt":"2022-09-28T22:01:00","guid":{"rendered":"https:\/\/womenhouse.cz\/?p=8402"},"modified":"2022-11-06T11:12:01","modified_gmt":"2022-11-06T10:12:01","slug":"mary-kay-slavi-25-let-na-trhu-a-pomaha-rekordni-castkou","status":"publish","type":"post","link":"https:\/\/womenhouse.cz\/index.php\/2022\/09\/29\/mary-kay-slavi-25-let-na-trhu-a-pomaha-rekordni-castkou\/","title":{"rendered":"Mary Kay slav\u00ed 25 let na trhu a pom\u00e1h\u00e1 rekordn\u00ed \u010d\u00e1stkou"},"content":{"rendered":"\n<div style=\"height:43px\" aria-hidden=\"true\" class=\"wp-block-spacer\"><\/div>\n\n\n\n<p><strong>Spole\u010dnost Mary Kay letos slav\u00ed 25 let p\u016fsoben\u00ed na \u010desk\u00e9m a slovensk\u00e9m trhu. Oslavy v\u00fdro\u010d\u00ed vyvrcholily 17. \u2013 18. z\u00e1\u0159\u00ed v Obecn\u00edm dom\u011b na V\u00fdro\u010dn\u00ed konferenci. Z ka\u017ed\u00e9 prodan\u00e9 vstupenky na konferenci byla \u010d\u00e1st v\u011bnov\u00e1na Nada\u010dn\u00edmu fondu B\u00e1ry Nesvadbov\u00e9 Be Charity, je\u017e je hlavn\u00edm charitativn\u00edm partnerem Mary Kay pro \u010ceskou a Slovenskou republiku. Vybran\u00e1 \u010d\u00e1stka je dosavadn\u00edm rekordem, kterou spole\u010dnost jednor\u00e1zov\u011b na charitativn\u00ed \u00fa\u010dely v\u011bnovala a dos\u00e1hla v\u00fd\u0161e 579.407 K\u010d.<\/strong><\/p>\n\n\n\n<div class=\"wp-block-image\"><figure class=\"aligncenter size-full\"><img loading=\"lazy\" decoding=\"async\" width=\"800\" height=\"627\" src=\"https:\/\/womenhouse.cz\/wp-content\/uploads\/2022\/09\/1663936053_Beznzvu.png\" alt=\"\" class=\"wp-image-8403\" srcset=\"https:\/\/womenhouse.cz\/wp-content\/uploads\/2022\/09\/1663936053_Beznzvu.png 800w, https:\/\/womenhouse.cz\/wp-content\/uploads\/2022\/09\/1663936053_Beznzvu-300x235.png 300w, https:\/\/womenhouse.cz\/wp-content\/uploads\/2022\/09\/1663936053_Beznzvu-768x602.png 768w\" sizes=\"(max-width: 800px) 100vw, 800px\" \/><\/figure><\/div>\n\n\n\n<p><em>&#8222;M\u00e1m obrovskou radost, \u017ee se poda\u0159ilo vybrat tak n\u00e1dhernou \u010d\u00e1stku,&#8220;<\/em>&nbsp;\u0159\u00edk\u00e1 Edita Szab\u00f3ov\u00e1, gener\u00e1ln\u00ed \u0159editelka Mary Kay pro \u010cR\/SR a dod\u00e1v\u00e1:&nbsp;<em>&#8222;A vd\u011b\u010d\u00edme za to na\u0161im nez\u00e1visl\u00fdm kosmetick\u00fdm poradkyn\u00edm, kter\u00e9 p\u0159isp\u011bly. Je \u00fa\u017easn\u00e9, jak spole\u010dn\u00fdmi silami m\u016f\u017eeme pom\u00e1hat, a i v dne\u0161n\u00ed dob\u011b napl\u0148ovat my\u0161lenky zakladatelky pan\u00ed Mary Kay Ash.&#8220;<\/em><\/p>\n\n\n\n<p>Hlavn\u00ed oblast\u00ed spolupr\u00e1ce s Nada\u010dn\u00edm fondem je realizace d\u011btsk\u00fdch koutk\u016f ve vybran\u00fdch nemocnic\u00edch. Prvn\u00ed koutek byl slavnostn\u011b otev\u0159en letos v \u010dervenci na Klinice d\u011btsk\u00e9 plastick\u00e9 chirurgie ve Fakultn\u00ed nemocnici Kr\u00e1lovsk\u00e9 Vinohrady. Do konce roku je napl\u00e1nov\u00e1na realizace d\u011btsk\u00e9ho koutku v Univerzitn\u00ed nemocnici v Bratislav\u011b. Krom\u011b d\u011btsk\u00fdch koutk\u016f se spole\u010dnost Mary Kay pod\u00edl\u00ed na spolufinancov\u00e1n\u00ed rehabilitac\u00ed d\u011btsk\u00fdch pacient\u016f na specializovan\u00fdch klinik\u00e1ch. Podpora charitativn\u00edch organizac\u00ed je v souladu s glob\u00e1ln\u00ed iniciativou\u00a0<em>Pink Changing Lives<\/em>\u00a0(R\u016f\u017eov\u00e1 m\u011bn\u00ed \u017eivoty). Iniciativa se zam\u011b\u0159uje na podporu \u017een a d\u011bt\u00ed v nouzi, na boj proti dom\u00e1c\u00ed n\u00e1sil\u00ed \u010di na v\u00fdzkum rakoviny.<\/p>\n\n\n\n<div class=\"wp-block-image\"><figure class=\"aligncenter size-full is-resized\"><img loading=\"lazy\" decoding=\"async\" src=\"https:\/\/womenhouse.cz\/wp-content\/uploads\/2022\/09\/1663936130_MK.jpg\" alt=\"\" class=\"wp-image-8404\" width=\"527\" height=\"413\" srcset=\"https:\/\/womenhouse.cz\/wp-content\/uploads\/2022\/09\/1663936130_MK.jpg 403w, https:\/\/womenhouse.cz\/wp-content\/uploads\/2022\/09\/1663936130_MK-300x235.jpg 300w\" sizes=\"(max-width: 527px) 100vw, 527px\" \/><\/figure><\/div>\n\n\n\n<p><em>&#8222;Jsem nekone\u010dn\u011b vd\u011b\u010dn\u00e1, za silnou \u010dist\u011b \u017eenskou energii a s\u00edlu, kter\u00e1 s\u00e1l\u00e1 p\u0159i ka\u017edi\u010dk\u00e9m setk\u00e1n\u00ed s Mary Kay. D\u011bkujeme, \u017ee jste si vybraly Be Charity a \u017ee n\u00e1m pom\u00e1h\u00e1te ud\u011blat nemocnice hez\u010d\u00ed a na\u0161e d\u011btsk\u00e9 klienty zdrav\u011bj\u0161\u00ed,&#8220;<\/em>\u00a0<strong>\u0159\u00edk\u00e1 zakladatelka Nada\u010dn\u00edho fondu Be Charity B\u00e1ra Nesvadbov\u00e1<\/strong>.<\/p>\n\n\n\n<p>Financov\u00e1n\u00ed charitativn\u00ed projekt\u016f je zaji\u0161t\u011bno z vlastn\u00edch zdroj\u016f, nebo prodeje vstupenek na konference. D\u00e1le prodejem speci\u00e1ln\u00edch charitativn\u00edch produkt\u016f, kter\u00e9 jsou uv\u00e1d\u011bny na trh ka\u017ed\u00fd rok v kv\u011btnu p\u0159i p\u0159\u00edle\u017eitosti narozenin zakladatelky Mary Kay Ash. Z ka\u017ed\u00e9ho prodan\u00e9ho produktu p\u0159isp\u00edv\u00e1me \u010d\u00e1stkou 20 K\u010d na \u00fa\u010det NF Be Charity. V leto\u0161n\u00edm roce je to&nbsp;<strong>Srd\u00ed\u010dkov\u00e1 rt\u011bnka<\/strong>&nbsp;s aplik\u00e1torem ve tvaru srdce. Rt\u011bnka m\u00e1 lehk\u00e9, hydrata\u010dn\u00ed slo\u017een\u00ed obohacen\u00e9 vitam\u00ednem E a je dostupn\u00e1 ve t\u0159ech r\u016fzn\u00fdch odst\u00ednech.<\/p>\n\n\n\n<p><strong>V\u00edce informac\u00ed najdete na\u00a0<a href=\"https:\/\/www.marykay.cz\/\">www.marykay.cz<\/a><\/strong>.<\/p>\n\n\n\n<div style=\"height:51px\" aria-hidden=\"true\" class=\"wp-block-spacer\"><\/div>\n","protected":false},"excerpt":{"rendered":"<p>Spole\u010dnost Mary Kay letos slav\u00ed 25 let p\u016fsoben\u00ed na \u010desk\u00e9m a slovensk\u00e9m trhu. Oslavy v\u00fdro\u010d\u00ed vyvrcholily 17. \u2013 18. z\u00e1\u0159\u00ed v Obecn\u00edm dom\u011b na V\u00fdro\u010dn\u00ed konferenci. Z ka\u017ed\u00e9 prodan\u00e9 vstupenky na konferenci byla \u010d\u00e1st v\u011bnov\u00e1na Nada\u010dn\u00edmu fondu B\u00e1ry Nesvadbov\u00e9 Be Charity, je\u017e je hlavn\u00edm charitativn\u00edm partnerem Mary Kay pro \u010ceskou a Slovenskou republiku. Vybran\u00e1 \u010d\u00e1stka [&hellip;]<\/p>\n","protected":false},"author":2,"featured_media":8403,"comment_status":"closed","ping_status":"closed","sticky":false,"template":"","format":"standard","meta":{"_mi_skip_tracking":false,"_monsterinsights_sitenote_active":false,"_monsterinsights_sitenote_note":"","_monsterinsights_sitenote_category":0,"footnotes":""},"categories":[21,9,2,17,12],"tags":[],"yoast_head":"<!-- This site is optimized with the Yoast SEO plugin v21.5 - https:\/\/yoast.com\/wordpress\/plugins\/seo\/ -->\n<title>Mary Kay slav\u00ed 25 let na trhu a pom\u00e1h\u00e1 rekordn\u00ed \u010d\u00e1stkou - WOMENHOUSE.cz<\/title>\n<meta name=\"robots\" content=\"index, follow, max-snippet:-1, max-image-preview:large, max-video-preview:-1\" \/>\n<link rel=\"canonical\" href=\"https:\/\/womenhouse.cz\/index.php\/2022\/09\/29\/mary-kay-slavi-25-let-na-trhu-a-pomaha-rekordni-castkou\/\" \/>\n<meta property=\"og:locale\" content=\"cs_CZ\" \/>\n<meta property=\"og:type\" content=\"article\" \/>\n<meta property=\"og:title\" content=\"Mary Kay slav\u00ed 25 let na trhu a pom\u00e1h\u00e1 rekordn\u00ed \u010d\u00e1stkou - WOMENHOUSE.cz\" \/>\n<meta property=\"og:description\" content=\"Spole\u010dnost Mary Kay letos slav\u00ed 25 let p\u016fsoben\u00ed na \u010desk\u00e9m a slovensk\u00e9m trhu. Oslavy v\u00fdro\u010d\u00ed vyvrcholily 17. \u2013 18. z\u00e1\u0159\u00ed v Obecn\u00edm dom\u011b na V\u00fdro\u010dn\u00ed konferenci. Z ka\u017ed\u00e9 prodan\u00e9 vstupenky na konferenci byla \u010d\u00e1st v\u011bnov\u00e1na Nada\u010dn\u00edmu fondu B\u00e1ry Nesvadbov\u00e9 Be Charity, je\u017e je hlavn\u00edm charitativn\u00edm partnerem Mary Kay pro \u010ceskou a Slovenskou republiku. Vybran\u00e1 \u010d\u00e1stka [&hellip;]\" \/>\n<meta property=\"og:url\" content=\"https:\/\/womenhouse.cz\/index.php\/2022\/09\/29\/mary-kay-slavi-25-let-na-trhu-a-pomaha-rekordni-castkou\/\" \/>\n<meta property=\"og:site_name\" content=\"WOMENHOUSE.cz\" \/>\n<meta property=\"article:publisher\" content=\"https:\/\/www.facebook.com\/womenhousecz\" \/>\n<meta property=\"article:published_time\" content=\"2022-09-28T22:01:00+00:00\" \/>\n<meta property=\"article:modified_time\" content=\"2022-11-06T10:12:01+00:00\" \/>\n<meta property=\"og:image\" content=\"https:\/\/womenhouse.cz\/wp-content\/uploads\/2022\/09\/1663936053_Beznzvu.png\" \/>\n\t<meta property=\"og:image:width\" content=\"800\" \/>\n\t<meta property=\"og:image:height\" content=\"627\" \/>\n\t<meta property=\"og:image:type\" content=\"image\/png\" \/>\n<meta name=\"author\" content=\"Jolana Hol\u00e1\u0148ov\u00e1\" \/>\n<meta name=\"twitter:card\" content=\"summary_large_image\" \/>\n<meta name=\"twitter:label1\" content=\"Napsal(a)\" \/>\n\t<meta name=\"twitter:data1\" content=\"Jolana Hol\u00e1\u0148ov\u00e1\" \/>\n\t<meta name=\"twitter:label2\" content=\"Odhadovan\u00e1 doba \u010dten\u00ed\" \/>\n\t<meta name=\"twitter:data2\" content=\"2 minuty\" \/>\n<script type=\"application\/ld+json\" class=\"yoast-schema-graph\">{\"@context\":\"https:\/\/schema.org\",\"@graph\":[{\"@type\":\"Article\",\"@id\":\"https:\/\/womenhouse.cz\/index.php\/2022\/09\/29\/mary-kay-slavi-25-let-na-trhu-a-pomaha-rekordni-castkou\/#article\",\"isPartOf\":{\"@id\":\"https:\/\/womenhouse.cz\/index.php\/2022\/09\/29\/mary-kay-slavi-25-let-na-trhu-a-pomaha-rekordni-castkou\/\"},\"author\":{\"name\":\"Jolana Hol\u00e1\u0148ov\u00e1\",\"@id\":\"https:\/\/womenhouse.cz\/#\/schema\/person\/541326101f8d68c711e83e8fecc80738\"},\"headline\":\"Mary Kay slav\u00ed 25 let na trhu a pom\u00e1h\u00e1 rekordn\u00ed \u010d\u00e1stkou\",\"datePublished\":\"2022-09-28T22:01:00+00:00\",\"dateModified\":\"2022-11-06T10:12:01+00:00\",\"mainEntityOfPage\":{\"@id\":\"https:\/\/womenhouse.cz\/index.php\/2022\/09\/29\/mary-kay-slavi-25-let-na-trhu-a-pomaha-rekordni-castkou\/\"},\"wordCount\":480,\"publisher\":{\"@id\":\"https:\/\/womenhouse.cz\/#organization\"},\"articleSection\":[\"AKCE &amp; KULTURA\",\"KOSMETIKA\",\"NEWS\",\"SPOLE\u010cNOST &amp; VZTAHY\",\"TIPY &amp; TRENDY\"],\"inLanguage\":\"cs\"},{\"@type\":\"WebPage\",\"@id\":\"https:\/\/womenhouse.cz\/index.php\/2022\/09\/29\/mary-kay-slavi-25-let-na-trhu-a-pomaha-rekordni-castkou\/\",\"url\":\"https:\/\/womenhouse.cz\/index.php\/2022\/09\/29\/mary-kay-slavi-25-let-na-trhu-a-pomaha-rekordni-castkou\/\",\"name\":\"Mary Kay slav\u00ed 25 let na trhu a pom\u00e1h\u00e1 rekordn\u00ed \u010d\u00e1stkou - WOMENHOUSE.cz\",\"isPartOf\":{\"@id\":\"https:\/\/womenhouse.cz\/#website\"},\"datePublished\":\"2022-09-28T22:01:00+00:00\",\"dateModified\":\"2022-11-06T10:12:01+00:00\",\"breadcrumb\":{\"@id\":\"https:\/\/womenhouse.cz\/index.php\/2022\/09\/29\/mary-kay-slavi-25-let-na-trhu-a-pomaha-rekordni-castkou\/#breadcrumb\"},\"inLanguage\":\"cs\",\"potentialAction\":[{\"@type\":\"ReadAction\",\"target\":[\"https:\/\/womenhouse.cz\/index.php\/2022\/09\/29\/mary-kay-slavi-25-let-na-trhu-a-pomaha-rekordni-castkou\/\"]}]},{\"@type\":\"BreadcrumbList\",\"@id\":\"https:\/\/womenhouse.cz\/index.php\/2022\/09\/29\/mary-kay-slavi-25-let-na-trhu-a-pomaha-rekordni-castkou\/#breadcrumb\",\"itemListElement\":[{\"@type\":\"ListItem\",\"position\":1,\"name\":\"Dom\u016f\",\"item\":\"https:\/\/womenhouse.cz\/\"},{\"@type\":\"ListItem\",\"position\":2,\"name\":\"Mary Kay slav\u00ed 25 let na trhu a pom\u00e1h\u00e1 rekordn\u00ed \u010d\u00e1stkou\"}]},{\"@type\":\"WebSite\",\"@id\":\"https:\/\/womenhouse.cz\/#website\",\"url\":\"https:\/\/womenhouse.cz\/\",\"name\":\"WOMENHOUSE.cz\",\"description\":\"Port\u00e1l v\u00fdhradn\u011b jen pro \u017eeny...\",\"publisher\":{\"@id\":\"https:\/\/womenhouse.cz\/#organization\"},\"potentialAction\":[{\"@type\":\"SearchAction\",\"target\":{\"@type\":\"EntryPoint\",\"urlTemplate\":\"https:\/\/womenhouse.cz\/?s={search_term_string}\"},\"query-input\":\"required name=search_term_string\"}],\"inLanguage\":\"cs\"},{\"@type\":\"Organization\",\"@id\":\"https:\/\/womenhouse.cz\/#organization\",\"name\":\"WOMENHOUSE.cz\",\"url\":\"https:\/\/womenhouse.cz\/\",\"logo\":{\"@type\":\"ImageObject\",\"inLanguage\":\"cs\",\"@id\":\"https:\/\/womenhouse.cz\/#\/schema\/logo\/image\/\",\"url\":\"https:\/\/womenhouse.cz\/wp-content\/uploads\/2020\/06\/cropped-logo_Womenhouse_RGB-02-removebg-preview-1.png\",\"contentUrl\":\"https:\/\/womenhouse.cz\/wp-content\/uploads\/2020\/06\/cropped-logo_Womenhouse_RGB-02-removebg-preview-1.png\",\"width\":561,\"height\":375,\"caption\":\"WOMENHOUSE.cz\"},\"image\":{\"@id\":\"https:\/\/womenhouse.cz\/#\/schema\/logo\/image\/\"},\"sameAs\":[\"https:\/\/www.facebook.com\/womenhousecz\",\"https:\/\/www.instagram.com\/womenhousecz\/\"]},{\"@type\":\"Person\",\"@id\":\"https:\/\/womenhouse.cz\/#\/schema\/person\/541326101f8d68c711e83e8fecc80738\",\"name\":\"Jolana Hol\u00e1\u0148ov\u00e1\",\"sameAs\":[\"http:\/\/www.womenhouse.cz\"],\"url\":\"https:\/\/womenhouse.cz\/index.php\/author\/jolhol\/\"}]}<\/script>\n<!-- \/ Yoast SEO plugin. -->","yoast_head_json":{"title":"Mary Kay slav\u00ed 25 let na trhu a pom\u00e1h\u00e1 rekordn\u00ed \u010d\u00e1stkou - WOMENHOUSE.cz","robots":{"index":"index","follow":"follow","max-snippet":"max-snippet:-1","max-image-preview":"max-image-preview:large","max-video-preview":"max-video-preview:-1"},"canonical":"https:\/\/womenhouse.cz\/index.php\/2022\/09\/29\/mary-kay-slavi-25-let-na-trhu-a-pomaha-rekordni-castkou\/","og_locale":"cs_CZ","og_type":"article","og_title":"Mary Kay slav\u00ed 25 let na trhu a pom\u00e1h\u00e1 rekordn\u00ed \u010d\u00e1stkou - WOMENHOUSE.cz","og_description":"Spole\u010dnost Mary Kay letos slav\u00ed 25 let p\u016fsoben\u00ed na \u010desk\u00e9m a slovensk\u00e9m trhu. Oslavy v\u00fdro\u010d\u00ed vyvrcholily 17. \u2013 18. z\u00e1\u0159\u00ed v Obecn\u00edm dom\u011b na V\u00fdro\u010dn\u00ed konferenci. Z ka\u017ed\u00e9 prodan\u00e9 vstupenky na konferenci byla \u010d\u00e1st v\u011bnov\u00e1na Nada\u010dn\u00edmu fondu B\u00e1ry Nesvadbov\u00e9 Be Charity, je\u017e je hlavn\u00edm charitativn\u00edm partnerem Mary Kay pro \u010ceskou a Slovenskou republiku. Vybran\u00e1 \u010d\u00e1stka [&hellip;]","og_url":"https:\/\/womenhouse.cz\/index.php\/2022\/09\/29\/mary-kay-slavi-25-let-na-trhu-a-pomaha-rekordni-castkou\/","og_site_name":"WOMENHOUSE.cz","article_publisher":"https:\/\/www.facebook.com\/womenhousecz","article_published_time":"2022-09-28T22:01:00+00:00","article_modified_time":"2022-11-06T10:12:01+00:00","og_image":[{"width":800,"height":627,"url":"https:\/\/womenhouse.cz\/wp-content\/uploads\/2022\/09\/1663936053_Beznzvu.png","type":"image\/png"}],"author":"Jolana Hol\u00e1\u0148ov\u00e1","twitter_card":"summary_large_image","twitter_misc":{"Napsal(a)":"Jolana Hol\u00e1\u0148ov\u00e1","Odhadovan\u00e1 doba \u010dten\u00ed":"2 minuty"},"schema":{"@context":"https:\/\/schema.org","@graph":[{"@type":"Article","@id":"https:\/\/womenhouse.cz\/index.php\/2022\/09\/29\/mary-kay-slavi-25-let-na-trhu-a-pomaha-rekordni-castkou\/#article","isPartOf":{"@id":"https:\/\/womenhouse.cz\/index.php\/2022\/09\/29\/mary-kay-slavi-25-let-na-trhu-a-pomaha-rekordni-castkou\/"},"author":{"name":"Jolana Hol\u00e1\u0148ov\u00e1","@id":"https:\/\/womenhouse.cz\/#\/schema\/person\/541326101f8d68c711e83e8fecc80738"},"headline":"Mary Kay slav\u00ed 25 let na trhu a pom\u00e1h\u00e1 rekordn\u00ed \u010d\u00e1stkou","datePublished":"2022-09-28T22:01:00+00:00","dateModified":"2022-11-06T10:12:01+00:00","mainEntityOfPage":{"@id":"https:\/\/womenhouse.cz\/index.php\/2022\/09\/29\/mary-kay-slavi-25-let-na-trhu-a-pomaha-rekordni-castkou\/"},"wordCount":480,"publisher":{"@id":"https:\/\/womenhouse.cz\/#organization"},"articleSection":["AKCE &amp; KULTURA","KOSMETIKA","NEWS","SPOLE\u010cNOST &amp; VZTAHY","TIPY &amp; TRENDY"],"inLanguage":"cs"},{"@type":"WebPage","@id":"https:\/\/womenhouse.cz\/index.php\/2022\/09\/29\/mary-kay-slavi-25-let-na-trhu-a-pomaha-rekordni-castkou\/","url":"https:\/\/womenhouse.cz\/index.php\/2022\/09\/29\/mary-kay-slavi-25-let-na-trhu-a-pomaha-rekordni-castkou\/","name":"Mary Kay slav\u00ed 25 let na trhu a pom\u00e1h\u00e1 rekordn\u00ed \u010d\u00e1stkou - WOMENHOUSE.cz","isPartOf":{"@id":"https:\/\/womenhouse.cz\/#website"},"datePublished":"2022-09-28T22:01:00+00:00","dateModified":"2022-11-06T10:12:01+00:00","breadcrumb":{"@id":"https:\/\/womenhouse.cz\/index.php\/2022\/09\/29\/mary-kay-slavi-25-let-na-trhu-a-pomaha-rekordni-castkou\/#breadcrumb"},"inLanguage":"cs","potentialAction":[{"@type":"ReadAction","target":["https:\/\/womenhouse.cz\/index.php\/2022\/09\/29\/mary-kay-slavi-25-let-na-trhu-a-pomaha-rekordni-castkou\/"]}]},{"@type":"BreadcrumbList","@id":"https:\/\/womenhouse.cz\/index.php\/2022\/09\/29\/mary-kay-slavi-25-let-na-trhu-a-pomaha-rekordni-castkou\/#breadcrumb","itemListElement":[{"@type":"ListItem","position":1,"name":"Dom\u016f","item":"https:\/\/womenhouse.cz\/"},{"@type":"ListItem","position":2,"name":"Mary Kay slav\u00ed 25 let na trhu a pom\u00e1h\u00e1 rekordn\u00ed \u010d\u00e1stkou"}]},{"@type":"WebSite","@id":"https:\/\/womenhouse.cz\/#website","url":"https:\/\/womenhouse.cz\/","name":"WOMENHOUSE.cz","description":"Port\u00e1l v\u00fdhradn\u011b jen pro \u017eeny...","publisher":{"@id":"https:\/\/womenhouse.cz\/#organization"},"potentialAction":[{"@type":"SearchAction","target":{"@type":"EntryPoint","urlTemplate":"https:\/\/womenhouse.cz\/?s={search_term_string}"},"query-input":"required name=search_term_string"}],"inLanguage":"cs"},{"@type":"Organization","@id":"https:\/\/womenhouse.cz\/#organization","name":"WOMENHOUSE.cz","url":"https:\/\/womenhouse.cz\/","logo":{"@type":"ImageObject","inLanguage":"cs","@id":"https:\/\/womenhouse.cz\/#\/schema\/logo\/image\/","url":"https:\/\/womenhouse.cz\/wp-content\/uploads\/2020\/06\/cropped-logo_Womenhouse_RGB-02-removebg-preview-1.png","contentUrl":"https:\/\/womenhouse.cz\/wp-content\/uploads\/2020\/06\/cropped-logo_Womenhouse_RGB-02-removebg-preview-1.png","width":561,"height":375,"caption":"WOMENHOUSE.cz"},"image":{"@id":"https:\/\/womenhouse.cz\/#\/schema\/logo\/image\/"},"sameAs":["https:\/\/www.facebook.com\/womenhousecz","https:\/\/www.instagram.com\/womenhousecz\/"]},{"@type":"Person","@id":"https:\/\/womenhouse.cz\/#\/schema\/person\/541326101f8d68c711e83e8fecc80738","name":"Jolana Hol\u00e1\u0148ov\u00e1","sameAs":["http:\/\/www.womenhouse.cz"],"url":"https:\/\/womenhouse.cz\/index.php\/author\/jolhol\/"}]}},"_links":{"self":[{"href":"https:\/\/womenhouse.cz\/index.php\/wp-json\/wp\/v2\/posts\/8402"}],"collection":[{"href":"https:\/\/womenhouse.cz\/index.php\/wp-json\/wp\/v2\/posts"}],"about":[{"href":"https:\/\/womenhouse.cz\/index.php\/wp-json\/wp\/v2\/types\/post"}],"author":[{"embeddable":true,"href":"https:\/\/womenhouse.cz\/index.php\/wp-json\/wp\/v2\/users\/2"}],"replies":[{"embeddable":true,"href":"https:\/\/womenhouse.cz\/index.php\/wp-json\/wp\/v2\/comments?post=8402"}],"version-history":[{"count":-4,"href":"https:\/\/womenhouse.cz\/index.php\/wp-json\/wp\/v2\/posts\/8402\/revisions"}],"wp:featuredmedia":[{"embeddable":true,"href":"https:\/\/womenhouse.cz\/index.php\/wp-json\/wp\/v2\/media\/8403"}],"wp:attachment":[{"href":"https:\/\/womenhouse.cz\/index.php\/wp-json\/wp\/v2\/media?parent=8402"}],"wp:term":[{"taxonomy":"category","embeddable":true,"href":"https:\/\/womenhouse.cz\/index.php\/wp-json\/wp\/v2\/categories?post=8402"},{"taxonomy":"post_tag","embeddable":true,"href":"https:\/\/womenhouse.cz\/index.php\/wp-json\/wp\/v2\/tags?post=8402"}],"curies":[{"name":"wp","href":"https:\/\/api.w.org\/{rel}","templated":true}]}}