{"id":8140,"date":"2022-09-03T00:01:00","date_gmt":"2022-09-02T22:01:00","guid":{"rendered":"https:\/\/womenhouse.cz\/?p=8140"},"modified":"2022-09-23T20:01:36","modified_gmt":"2022-09-23T18:01:36","slug":"podzimni-edice-mercedes-benz-prague-fashion-weeku-ss23-je-tady","status":"publish","type":"post","link":"https:\/\/womenhouse.cz\/index.php\/2022\/09\/03\/podzimni-edice-mercedes-benz-prague-fashion-weeku-ss23-je-tady\/","title":{"rendered":"Podzimn\u00ed edice Mercedes-Benz Prague Fashion Weeku SS23 je tady!"},"content":{"rendered":"\n<div style=\"height:33px\" aria-hidden=\"true\" class=\"wp-block-spacer\"><\/div>\n\n\n\n<p><strong>Podzimn\u00ed edice Mercedes-Benz Prague Fashion Weeku SS23 se uskute\u010dn\u00ed od 3. do 9. z\u00e1\u0159\u00ed 2022 v&nbsp;Mystic Skateparku na \u0160tvanici a na n\u011bkolika dal\u0161\u00edch lokac\u00edch v Praze.<\/strong> <\/p>\n\n\n\n<p><strong>Vstupenky jsou nyn\u00ed v&nbsp;prodeji na serveru GoOut.<\/strong><\/p>\n\n\n\n<figure class=\"wp-block-image size-large\"><img loading=\"lazy\" decoding=\"async\" width=\"1024\" height=\"511\" src=\"https:\/\/womenhouse.cz\/wp-content\/uploads\/2022\/09\/MBPFW-1024x511.jpg\" alt=\"\" class=\"wp-image-8141\" srcset=\"https:\/\/womenhouse.cz\/wp-content\/uploads\/2022\/09\/MBPFW-1024x511.jpg 1024w, https:\/\/womenhouse.cz\/wp-content\/uploads\/2022\/09\/MBPFW-300x150.jpg 300w, https:\/\/womenhouse.cz\/wp-content\/uploads\/2022\/09\/MBPFW-768x383.jpg 768w, https:\/\/womenhouse.cz\/wp-content\/uploads\/2022\/09\/MBPFW-1536x767.jpg 1536w, https:\/\/womenhouse.cz\/wp-content\/uploads\/2022\/09\/MBPFW-2048x1022.jpg 2048w\" sizes=\"(max-width: 1024px) 100vw, 1024px\" \/><\/figure>\n\n\n\n<p><br>\u00a0<br><strong>Hlavn\u00edm p\u0159ehl\u00eddkov\u00fdm a eventov\u00fdm prostorem Mercedes-Benz Prague Fashion Weeku SS23 bude od 3. do 5. z\u00e1\u0159\u00ed 2022 are\u00e1l skateparku na ostrov\u011b \u0160tvanice v\u00a0Praze 7.\u00a0Kompletn\u00ed program je aktu\u00e1ln\u011b k\u00a0dispozici na webov\u00fdch str\u00e1nk\u00e1ch akce a dne\u0161n\u00edm dnem byl rovn\u011b\u017e zah\u00e1jen i prodej vstupenek\u00a0na\u00a0<a href=\"https:\/\/mbpfw.us1.list-manage.com\/track\/click?u=9a3daa325fa179b234df0632a&amp;id=9553ba1a7f&amp;e=436961162f\">www.goout.net<\/a>.<br><\/strong>\u00a0<br>Mercedes-Benz Prague Fashion Week p\u0159edstav\u00ed kolekce n\u00e1vrh\u00e1\u0159\u016f na sez\u00f3nu jaro\/l\u00e9to 2023.\u00a0<\/p>\n\n\n\n<p>Vedle samostatn\u00fdch autorsk\u00fdch p\u0159ehl\u00eddek Tobiase Schuberta, Dominiky Koz\u00e1kov\u00e9, Jakuba Polanky, Vandy Jandy a Lib\u011bny Rochov\u00e9 se mohou n\u00e1v\u0161t\u011bvn\u00edci t\u011b\u0161it tak\u00e9 na p\u0159ehl\u00eddku zna\u010dky ZOOT.lab by ZOOT a tvorbu student\u016f t\u0159\u00ed \u0161koln\u00edch ateli\u00e9r\u016f, Ateli\u00e9ru designu od\u011bvu a obuvi \u2013 UMPRUM, Technick\u00e9 univerzity v\u00a0Liberci a Univerzity Tom\u00e1\u0161e Bati ve Zl\u00edn\u011b: Ateli\u00e9r designu od\u011bvu.\u00a0<\/p>\n\n\n\n<div class=\"wp-block-image\"><figure class=\"aligncenter size-full\"><img loading=\"lazy\" decoding=\"async\" width=\"500\" height=\"500\" src=\"https:\/\/womenhouse.cz\/wp-content\/uploads\/2022\/09\/mercedez-benz.jpg\" alt=\"\" class=\"wp-image-8142\" srcset=\"https:\/\/womenhouse.cz\/wp-content\/uploads\/2022\/09\/mercedez-benz.jpg 500w, https:\/\/womenhouse.cz\/wp-content\/uploads\/2022\/09\/mercedez-benz-300x300.jpg 300w, https:\/\/womenhouse.cz\/wp-content\/uploads\/2022\/09\/mercedez-benz-150x150.jpg 150w\" sizes=\"(max-width: 500px) 100vw, 500px\" \/><\/figure><\/div>\n\n\n\n<p><br>&nbsp;<br>V&nbsp;r\u00e1mci podpory mlad\u00fdch talent\u016f uvede na podzimn\u00edm MBPFW svou novou kolekci leto\u0161n\u00ed v\u00edt\u011bz sout\u011b\u017ee VAN GRAAF Junior Talent Tom\u00e1\u0161 N\u011bmec a pod zna\u010dkou Rubearth rovn\u011b\u017e hostuj\u00edc\u00ed n\u00e1vrh\u00e1\u0159 z&nbsp;Madridu Gabriel Nogueiras, kter\u00fd do Prahy zav\u00edt\u00e1 v&nbsp;r\u00e1mci Mercedes-Benz International Designer Exchange Program.&nbsp;<br>&nbsp;<br><em>\u201eB\u011bhem \u010dty\u0159 p\u0159ehl\u00eddkov\u00fdch dn\u016f V\u00e1m p\u0159edstav\u00edme to nejlep\u0161\u00ed z&nbsp;lok\u00e1ln\u00ed m\u00f3dy. Navazujeme na p\u0159ede\u0161lou edici, kdy jsme poprv\u00e9 a \u00fasp\u011b\u0161n\u011b p\u0159edstavili nov\u00fd koncept solit\u00e9rn\u00edch show, kde n\u00e1vrh\u00e1\u0159i dost\u00e1vaj\u00ed exkluzivn\u011b prostor pro vlastn\u00ed sc\u00e9nografii, choreografii a celkovou dramaturgii,\u201c<\/em>&nbsp;uv\u00e1d\u00ed&nbsp;<strong>Luk\u00e1\u0161 Loskot<\/strong>, CEO Mercedes-Benz Prague Fashion Weeku.<br>&nbsp;<br><em>Mercedes-Benz Prague Fashion Week je nejen mimo\u0159\u00e1dnou kulturn\u011b spole\u010denskou ud\u00e1lost\u00ed, ale p\u0159edev\u0161\u00edm p\u0159edstavuje hlavn\u00ed m\u011bsto jako atraktivn\u00ed destinaci pro cel\u00e9 m\u00f3dn\u00ed publikum. Pozornost mezin\u00e1rodn\u00edch m\u00e9di\u00ed, kter\u00e1 je na Prahu b\u011bhem t\u00fddne m\u00f3dy up\u0159ena, do m\u011bsta p\u0159iv\u00e1d\u00ed kulturn\u011b zalo\u017een\u00e9 n\u00e1v\u0161t\u011bvn\u00edky, kter\u00e9 zde r\u00e1di p\u0159iv\u00edt\u00e1me. Pr\u00e1v\u011b proto se hlavn\u00ed m\u011bsto stalo ji\u017e tradi\u010dn\u00edm partnerem t\u00e9to akce,<\/em>&nbsp;\u201c&nbsp;\u0159\u00edk\u00e1&nbsp;<strong>Hana T\u0159e\u0161t\u00edkov\u00e1<\/strong>, radn\u00ed hl. m. Prahy pro kulturu a cestovn\u00ed ruch<em>.<\/em><br>&nbsp;<br><em>\u201eMercedes-Benz Prague Fashion Week je nejen nejv\u00fdznamn\u011bj\u0161\u00ed m\u00f3dn\u00ed akc\u00ed v&nbsp;\u010cesk\u00e9 republice, ale je tak\u00e9 d\u016fle\u017eitou sou\u010d\u00e1st\u00ed m\u00f3dn\u00edch ud\u00e1lost\u00ed po cel\u00e9m sv\u011bt\u011b pod hlavi\u010dkou zna\u010dky Mercedes-Benz. I proto se n\u00e1m letos pro podzimn\u00ed edici poda\u0159ilo zajistit velmi speci\u00e1ln\u00ed expon\u00e1t: n\u00e1v\u0161t\u011bvn\u00edci leto\u0161n\u00edho fashion weeku se mohou t\u011b\u0161it na \u201eProject MAYBACH\u201c od Virgila Abloha,\u201c&nbsp;<\/em>uv\u00e1d\u00ed&nbsp;<strong>Wolfgang Bremm von Kleinsorgen<\/strong>, CEO Mercedes-Benz \u010cesk\u00e1 republika.<\/p>\n\n\n\n<div style=\"height:17px\" aria-hidden=\"true\" class=\"wp-block-spacer\"><\/div>\n\n\n\n<p><strong>V\u00edce informac\u00ed o vstupenk\u00e1ch, jednotliv\u00fdch p\u0159ehl\u00eddk\u00e1ch a akc\u00edch MBPFW SS23 je nyn\u00ed k&nbsp;dispozici na&nbsp;<a href=\"https:\/\/mbpfw.us1.list-manage.com\/track\/click?u=9a3daa325fa179b234df0632a&amp;id=e25a6bd421&amp;e=436961162f\">www.mbpfw.com<\/a>&nbsp;a na soci\u00e1ln\u00edch s\u00edt\u00edch akce.&nbsp;<\/strong><\/p>\n\n\n\n<div style=\"height:42px\" aria-hidden=\"true\" class=\"wp-block-spacer\"><\/div>\n","protected":false},"excerpt":{"rendered":"<p>Podzimn\u00ed edice Mercedes-Benz Prague Fashion Weeku SS23 se uskute\u010dn\u00ed od 3. do 9. z\u00e1\u0159\u00ed 2022 v&nbsp;Mystic Skateparku na \u0160tvanici a na n\u011bkolika dal\u0161\u00edch lokac\u00edch v Praze. Vstupenky jsou nyn\u00ed v&nbsp;prodeji na serveru GoOut. \u00a0Hlavn\u00edm p\u0159ehl\u00eddkov\u00fdm a eventov\u00fdm prostorem Mercedes-Benz Prague Fashion Weeku SS23 bude od 3. do 5. z\u00e1\u0159\u00ed 2022 are\u00e1l skateparku na ostrov\u011b \u0160tvanice [&hellip;]<\/p>\n","protected":false},"author":6,"featured_media":8141,"comment_status":"closed","ping_status":"closed","sticky":false,"template":"","format":"standard","meta":{"_mi_skip_tracking":false,"_monsterinsights_sitenote_active":false,"_monsterinsights_sitenote_note":"","_monsterinsights_sitenote_category":0,"footnotes":""},"categories":[1],"tags":[],"yoast_head":"<!-- This site is optimized with the Yoast SEO plugin v21.5 - https:\/\/yoast.com\/wordpress\/plugins\/seo\/ -->\n<title>Podzimn\u00ed edice Mercedes-Benz Prague Fashion Weeku SS23 je tady! - WOMENHOUSE.cz<\/title>\n<meta name=\"robots\" content=\"index, follow, max-snippet:-1, max-image-preview:large, max-video-preview:-1\" \/>\n<link rel=\"canonical\" href=\"https:\/\/womenhouse.cz\/index.php\/2022\/09\/03\/podzimni-edice-mercedes-benz-prague-fashion-weeku-ss23-je-tady\/\" \/>\n<meta property=\"og:locale\" content=\"cs_CZ\" \/>\n<meta property=\"og:type\" content=\"article\" \/>\n<meta property=\"og:title\" content=\"Podzimn\u00ed edice Mercedes-Benz Prague Fashion Weeku SS23 je tady! - WOMENHOUSE.cz\" \/>\n<meta property=\"og:description\" content=\"Podzimn\u00ed edice Mercedes-Benz Prague Fashion Weeku SS23 se uskute\u010dn\u00ed od 3. do 9. z\u00e1\u0159\u00ed 2022 v&nbsp;Mystic Skateparku na \u0160tvanici a na n\u011bkolika dal\u0161\u00edch lokac\u00edch v Praze. Vstupenky jsou nyn\u00ed v&nbsp;prodeji na serveru GoOut. \u00a0Hlavn\u00edm p\u0159ehl\u00eddkov\u00fdm a eventov\u00fdm prostorem Mercedes-Benz Prague Fashion Weeku SS23 bude od 3. do 5. z\u00e1\u0159\u00ed 2022 are\u00e1l skateparku na ostrov\u011b \u0160tvanice [&hellip;]\" \/>\n<meta property=\"og:url\" content=\"https:\/\/womenhouse.cz\/index.php\/2022\/09\/03\/podzimni-edice-mercedes-benz-prague-fashion-weeku-ss23-je-tady\/\" \/>\n<meta property=\"og:site_name\" content=\"WOMENHOUSE.cz\" \/>\n<meta property=\"article:publisher\" content=\"https:\/\/www.facebook.com\/womenhousecz\" \/>\n<meta property=\"article:published_time\" content=\"2022-09-02T22:01:00+00:00\" \/>\n<meta property=\"article:modified_time\" content=\"2022-09-23T18:01:36+00:00\" \/>\n<meta property=\"og:image\" content=\"https:\/\/womenhouse.cz\/wp-content\/uploads\/2022\/09\/MBPFW.jpg\" \/>\n\t<meta property=\"og:image:width\" content=\"2200\" \/>\n\t<meta property=\"og:image:height\" content=\"1098\" \/>\n\t<meta property=\"og:image:type\" content=\"image\/jpeg\" \/>\n<meta name=\"author\" content=\"Petra Kub\u00edkov\u00e1\" \/>\n<meta name=\"twitter:card\" content=\"summary_large_image\" \/>\n<meta name=\"twitter:label1\" content=\"Napsal(a)\" \/>\n\t<meta name=\"twitter:data1\" content=\"Petra Kub\u00edkov\u00e1\" \/>\n\t<meta name=\"twitter:label2\" content=\"Odhadovan\u00e1 doba \u010dten\u00ed\" \/>\n\t<meta name=\"twitter:data2\" content=\"3 minuty\" \/>\n<script type=\"application\/ld+json\" class=\"yoast-schema-graph\">{\"@context\":\"https:\/\/schema.org\",\"@graph\":[{\"@type\":\"Article\",\"@id\":\"https:\/\/womenhouse.cz\/index.php\/2022\/09\/03\/podzimni-edice-mercedes-benz-prague-fashion-weeku-ss23-je-tady\/#article\",\"isPartOf\":{\"@id\":\"https:\/\/womenhouse.cz\/index.php\/2022\/09\/03\/podzimni-edice-mercedes-benz-prague-fashion-weeku-ss23-je-tady\/\"},\"author\":{\"name\":\"Petra Kub\u00edkov\u00e1\",\"@id\":\"https:\/\/womenhouse.cz\/#\/schema\/person\/4a1fde0be3f0c5dd5006ba6dc68c7656\"},\"headline\":\"Podzimn\u00ed edice Mercedes-Benz Prague Fashion Weeku SS23 je tady!\",\"datePublished\":\"2022-09-02T22:01:00+00:00\",\"dateModified\":\"2022-09-23T18:01:36+00:00\",\"mainEntityOfPage\":{\"@id\":\"https:\/\/womenhouse.cz\/index.php\/2022\/09\/03\/podzimni-edice-mercedes-benz-prague-fashion-weeku-ss23-je-tady\/\"},\"wordCount\":556,\"publisher\":{\"@id\":\"https:\/\/womenhouse.cz\/#organization\"},\"inLanguage\":\"cs\"},{\"@type\":\"WebPage\",\"@id\":\"https:\/\/womenhouse.cz\/index.php\/2022\/09\/03\/podzimni-edice-mercedes-benz-prague-fashion-weeku-ss23-je-tady\/\",\"url\":\"https:\/\/womenhouse.cz\/index.php\/2022\/09\/03\/podzimni-edice-mercedes-benz-prague-fashion-weeku-ss23-je-tady\/\",\"name\":\"Podzimn\u00ed edice Mercedes-Benz Prague Fashion Weeku SS23 je tady! - WOMENHOUSE.cz\",\"isPartOf\":{\"@id\":\"https:\/\/womenhouse.cz\/#website\"},\"datePublished\":\"2022-09-02T22:01:00+00:00\",\"dateModified\":\"2022-09-23T18:01:36+00:00\",\"breadcrumb\":{\"@id\":\"https:\/\/womenhouse.cz\/index.php\/2022\/09\/03\/podzimni-edice-mercedes-benz-prague-fashion-weeku-ss23-je-tady\/#breadcrumb\"},\"inLanguage\":\"cs\",\"potentialAction\":[{\"@type\":\"ReadAction\",\"target\":[\"https:\/\/womenhouse.cz\/index.php\/2022\/09\/03\/podzimni-edice-mercedes-benz-prague-fashion-weeku-ss23-je-tady\/\"]}]},{\"@type\":\"BreadcrumbList\",\"@id\":\"https:\/\/womenhouse.cz\/index.php\/2022\/09\/03\/podzimni-edice-mercedes-benz-prague-fashion-weeku-ss23-je-tady\/#breadcrumb\",\"itemListElement\":[{\"@type\":\"ListItem\",\"position\":1,\"name\":\"Dom\u016f\",\"item\":\"https:\/\/womenhouse.cz\/\"},{\"@type\":\"ListItem\",\"position\":2,\"name\":\"Podzimn\u00ed edice Mercedes-Benz Prague Fashion Weeku SS23 je tady!\"}]},{\"@type\":\"WebSite\",\"@id\":\"https:\/\/womenhouse.cz\/#website\",\"url\":\"https:\/\/womenhouse.cz\/\",\"name\":\"WOMENHOUSE.cz\",\"description\":\"Port\u00e1l v\u00fdhradn\u011b jen pro \u017eeny...\",\"publisher\":{\"@id\":\"https:\/\/womenhouse.cz\/#organization\"},\"potentialAction\":[{\"@type\":\"SearchAction\",\"target\":{\"@type\":\"EntryPoint\",\"urlTemplate\":\"https:\/\/womenhouse.cz\/?s={search_term_string}\"},\"query-input\":\"required name=search_term_string\"}],\"inLanguage\":\"cs\"},{\"@type\":\"Organization\",\"@id\":\"https:\/\/womenhouse.cz\/#organization\",\"name\":\"WOMENHOUSE.cz\",\"url\":\"https:\/\/womenhouse.cz\/\",\"logo\":{\"@type\":\"ImageObject\",\"inLanguage\":\"cs\",\"@id\":\"https:\/\/womenhouse.cz\/#\/schema\/logo\/image\/\",\"url\":\"https:\/\/womenhouse.cz\/wp-content\/uploads\/2020\/06\/cropped-logo_Womenhouse_RGB-02-removebg-preview-1.png\",\"contentUrl\":\"https:\/\/womenhouse.cz\/wp-content\/uploads\/2020\/06\/cropped-logo_Womenhouse_RGB-02-removebg-preview-1.png\",\"width\":561,\"height\":375,\"caption\":\"WOMENHOUSE.cz\"},\"image\":{\"@id\":\"https:\/\/womenhouse.cz\/#\/schema\/logo\/image\/\"},\"sameAs\":[\"https:\/\/www.facebook.com\/womenhousecz\",\"https:\/\/www.instagram.com\/womenhousecz\/\"]},{\"@type\":\"Person\",\"@id\":\"https:\/\/womenhouse.cz\/#\/schema\/person\/4a1fde0be3f0c5dd5006ba6dc68c7656\",\"name\":\"Petra Kub\u00edkov\u00e1\",\"sameAs\":[\"http:\/\/WOMENHOUSE.cz\"],\"url\":\"https:\/\/womenhouse.cz\/index.php\/author\/kubip\/\"}]}<\/script>\n<!-- \/ Yoast SEO plugin. -->","yoast_head_json":{"title":"Podzimn\u00ed edice Mercedes-Benz Prague Fashion Weeku SS23 je tady! - WOMENHOUSE.cz","robots":{"index":"index","follow":"follow","max-snippet":"max-snippet:-1","max-image-preview":"max-image-preview:large","max-video-preview":"max-video-preview:-1"},"canonical":"https:\/\/womenhouse.cz\/index.php\/2022\/09\/03\/podzimni-edice-mercedes-benz-prague-fashion-weeku-ss23-je-tady\/","og_locale":"cs_CZ","og_type":"article","og_title":"Podzimn\u00ed edice Mercedes-Benz Prague Fashion Weeku SS23 je tady! - WOMENHOUSE.cz","og_description":"Podzimn\u00ed edice Mercedes-Benz Prague Fashion Weeku SS23 se uskute\u010dn\u00ed od 3. do 9. z\u00e1\u0159\u00ed 2022 v&nbsp;Mystic Skateparku na \u0160tvanici a na n\u011bkolika dal\u0161\u00edch lokac\u00edch v Praze. Vstupenky jsou nyn\u00ed v&nbsp;prodeji na serveru GoOut. \u00a0Hlavn\u00edm p\u0159ehl\u00eddkov\u00fdm a eventov\u00fdm prostorem Mercedes-Benz Prague Fashion Weeku SS23 bude od 3. do 5. z\u00e1\u0159\u00ed 2022 are\u00e1l skateparku na ostrov\u011b \u0160tvanice [&hellip;]","og_url":"https:\/\/womenhouse.cz\/index.php\/2022\/09\/03\/podzimni-edice-mercedes-benz-prague-fashion-weeku-ss23-je-tady\/","og_site_name":"WOMENHOUSE.cz","article_publisher":"https:\/\/www.facebook.com\/womenhousecz","article_published_time":"2022-09-02T22:01:00+00:00","article_modified_time":"2022-09-23T18:01:36+00:00","og_image":[{"width":2200,"height":1098,"url":"https:\/\/womenhouse.cz\/wp-content\/uploads\/2022\/09\/MBPFW.jpg","type":"image\/jpeg"}],"author":"Petra Kub\u00edkov\u00e1","twitter_card":"summary_large_image","twitter_misc":{"Napsal(a)":"Petra Kub\u00edkov\u00e1","Odhadovan\u00e1 doba \u010dten\u00ed":"3 minuty"},"schema":{"@context":"https:\/\/schema.org","@graph":[{"@type":"Article","@id":"https:\/\/womenhouse.cz\/index.php\/2022\/09\/03\/podzimni-edice-mercedes-benz-prague-fashion-weeku-ss23-je-tady\/#article","isPartOf":{"@id":"https:\/\/womenhouse.cz\/index.php\/2022\/09\/03\/podzimni-edice-mercedes-benz-prague-fashion-weeku-ss23-je-tady\/"},"author":{"name":"Petra Kub\u00edkov\u00e1","@id":"https:\/\/womenhouse.cz\/#\/schema\/person\/4a1fde0be3f0c5dd5006ba6dc68c7656"},"headline":"Podzimn\u00ed edice Mercedes-Benz Prague Fashion Weeku SS23 je tady!","datePublished":"2022-09-02T22:01:00+00:00","dateModified":"2022-09-23T18:01:36+00:00","mainEntityOfPage":{"@id":"https:\/\/womenhouse.cz\/index.php\/2022\/09\/03\/podzimni-edice-mercedes-benz-prague-fashion-weeku-ss23-je-tady\/"},"wordCount":556,"publisher":{"@id":"https:\/\/womenhouse.cz\/#organization"},"inLanguage":"cs"},{"@type":"WebPage","@id":"https:\/\/womenhouse.cz\/index.php\/2022\/09\/03\/podzimni-edice-mercedes-benz-prague-fashion-weeku-ss23-je-tady\/","url":"https:\/\/womenhouse.cz\/index.php\/2022\/09\/03\/podzimni-edice-mercedes-benz-prague-fashion-weeku-ss23-je-tady\/","name":"Podzimn\u00ed edice Mercedes-Benz Prague Fashion Weeku SS23 je tady! - WOMENHOUSE.cz","isPartOf":{"@id":"https:\/\/womenhouse.cz\/#website"},"datePublished":"2022-09-02T22:01:00+00:00","dateModified":"2022-09-23T18:01:36+00:00","breadcrumb":{"@id":"https:\/\/womenhouse.cz\/index.php\/2022\/09\/03\/podzimni-edice-mercedes-benz-prague-fashion-weeku-ss23-je-tady\/#breadcrumb"},"inLanguage":"cs","potentialAction":[{"@type":"ReadAction","target":["https:\/\/womenhouse.cz\/index.php\/2022\/09\/03\/podzimni-edice-mercedes-benz-prague-fashion-weeku-ss23-je-tady\/"]}]},{"@type":"BreadcrumbList","@id":"https:\/\/womenhouse.cz\/index.php\/2022\/09\/03\/podzimni-edice-mercedes-benz-prague-fashion-weeku-ss23-je-tady\/#breadcrumb","itemListElement":[{"@type":"ListItem","position":1,"name":"Dom\u016f","item":"https:\/\/womenhouse.cz\/"},{"@type":"ListItem","position":2,"name":"Podzimn\u00ed edice Mercedes-Benz Prague Fashion Weeku SS23 je tady!"}]},{"@type":"WebSite","@id":"https:\/\/womenhouse.cz\/#website","url":"https:\/\/womenhouse.cz\/","name":"WOMENHOUSE.cz","description":"Port\u00e1l v\u00fdhradn\u011b jen pro \u017eeny...","publisher":{"@id":"https:\/\/womenhouse.cz\/#organization"},"potentialAction":[{"@type":"SearchAction","target":{"@type":"EntryPoint","urlTemplate":"https:\/\/womenhouse.cz\/?s={search_term_string}"},"query-input":"required name=search_term_string"}],"inLanguage":"cs"},{"@type":"Organization","@id":"https:\/\/womenhouse.cz\/#organization","name":"WOMENHOUSE.cz","url":"https:\/\/womenhouse.cz\/","logo":{"@type":"ImageObject","inLanguage":"cs","@id":"https:\/\/womenhouse.cz\/#\/schema\/logo\/image\/","url":"https:\/\/womenhouse.cz\/wp-content\/uploads\/2020\/06\/cropped-logo_Womenhouse_RGB-02-removebg-preview-1.png","contentUrl":"https:\/\/womenhouse.cz\/wp-content\/uploads\/2020\/06\/cropped-logo_Womenhouse_RGB-02-removebg-preview-1.png","width":561,"height":375,"caption":"WOMENHOUSE.cz"},"image":{"@id":"https:\/\/womenhouse.cz\/#\/schema\/logo\/image\/"},"sameAs":["https:\/\/www.facebook.com\/womenhousecz","https:\/\/www.instagram.com\/womenhousecz\/"]},{"@type":"Person","@id":"https:\/\/womenhouse.cz\/#\/schema\/person\/4a1fde0be3f0c5dd5006ba6dc68c7656","name":"Petra Kub\u00edkov\u00e1","sameAs":["http:\/\/WOMENHOUSE.cz"],"url":"https:\/\/womenhouse.cz\/index.php\/author\/kubip\/"}]}},"_links":{"self":[{"href":"https:\/\/womenhouse.cz\/index.php\/wp-json\/wp\/v2\/posts\/8140"}],"collection":[{"href":"https:\/\/womenhouse.cz\/index.php\/wp-json\/wp\/v2\/posts"}],"about":[{"href":"https:\/\/womenhouse.cz\/index.php\/wp-json\/wp\/v2\/types\/post"}],"author":[{"embeddable":true,"href":"https:\/\/womenhouse.cz\/index.php\/wp-json\/wp\/v2\/users\/6"}],"replies":[{"embeddable":true,"href":"https:\/\/womenhouse.cz\/index.php\/wp-json\/wp\/v2\/comments?post=8140"}],"version-history":[{"count":-3,"href":"https:\/\/womenhouse.cz\/index.php\/wp-json\/wp\/v2\/posts\/8140\/revisions"}],"wp:featuredmedia":[{"embeddable":true,"href":"https:\/\/womenhouse.cz\/index.php\/wp-json\/wp\/v2\/media\/8141"}],"wp:attachment":[{"href":"https:\/\/womenhouse.cz\/index.php\/wp-json\/wp\/v2\/media?parent=8140"}],"wp:term":[{"taxonomy":"category","embeddable":true,"href":"https:\/\/womenhouse.cz\/index.php\/wp-json\/wp\/v2\/categories?post=8140"},{"taxonomy":"post_tag","embeddable":true,"href":"https:\/\/womenhouse.cz\/index.php\/wp-json\/wp\/v2\/tags?post=8140"}],"curies":[{"name":"wp","href":"https:\/\/api.w.org\/{rel}","templated":true}]}}