{"id":78,"date":"2019-05-06T02:56:14","date_gmt":"2019-05-06T00:56:14","guid":{"rendered":"http:\/\/womenhouse.cz\/?p=78"},"modified":"2019-09-04T18:21:49","modified_gmt":"2019-09-04T16:21:49","slug":"znacky-lama-jouni-a-puma-spojily-sily-pro-novou-kolekci-thunder-pro-zeny","status":"publish","type":"post","link":"https:\/\/womenhouse.cz\/index.php\/2019\/05\/06\/znacky-lama-jouni-a-puma-spojily-sily-pro-novou-kolekci-thunder-pro-zeny\/","title":{"rendered":"Zna\u010dky LAMA JOUNI a PUMA spojily s\u00edly pro novou kolekci Thunder pro \u017eeny"},"content":{"rendered":"\n<p><strong>Glob\u00e1ln\u00ed sportovn\u00ed zna\u010dka PUMA a n\u00e1vrh\u00e1\u0159ka LAMA JOUNI p\u016fsob\u00edc\u00ed v&nbsp;Dubaji se spojily v&nbsp;r\u00e1mci platformy Co.creative a vytvo\u0159ily exkluzivn\u00ed kolekci bot a oble\u010den\u00ed.&nbsp;<\/strong>&nbsp;<\/p>\n\n\n\n<p>Co.Creative je platforma, kter\u00e1 usnad\u0148uje partnerstv\u00ed mezi spole\u010dnost\u00ed PUMA a nejnov\u011bj\u0161\u00edmi m\u00f3dn\u00edmi n\u00e1vrh\u00e1\u0159i po cel\u00e9m sv\u011bt\u011b. M\u00f3dn\u00ed n\u00e1vrh\u00e1\u0159ka Lama Jouni vytv\u00e1\u0159\u00ed m\u00f3du zn\u00e1mou sv\u00fdm aktu\u00e1ln\u00edm a zaj\u00edmav\u00fdm pojet\u00edm \u017eenskosti a um\u011bn\u00ed. D\u00edky tomu byla skv\u011blou volbou pro novou d\u00e1mskou kolekci Thunder.&nbsp;<\/p>\n\n\n\n<figure class=\"wp-block-image\"><img decoding=\"async\" src=\"http:\/\/luxuryhouse.cz\/tmp\/11464_0_800_1550404722.jpg\" alt=\"\"\/><\/figure>\n\n\n\n<p>V&nbsp;r\u00e1mci spolupr\u00e1ce vznikly dv\u011b kolekce:&nbsp;<strong>Rive Droite&nbsp;<\/strong>a&nbsp;<strong>Rive Gauche<\/strong>. Ob\u011b \u010derpaj\u00ed z&nbsp;doby, kdy Lama Jouni tr\u00e1vila \u010das v&nbsp;Pa\u0159\u00ed\u017ei. Zde absolvovala obor m\u00f3dn\u00ed n\u00e1vrh\u00e1\u0159stv\u00ed na Parsonov\u011b \u0161kole designu a p\u016fsobila v&nbsp;neuzn\u00e1van\u011bj\u0161\u00edch m\u00f3dn\u00edch domech.&nbsp;<\/p>\n\n\n\n<p>Prvn\u00ed kolekce Rive Droite bude dostupn\u00e1 ji\u017e koncem roku ve sch\u00e9matu jemn\u00fdch barev inspirovan\u00fdch m\u011bstem. Nov\u00e1 verze tenisky Thunder p\u0159ich\u00e1z\u00ed ve dvou barevn\u00fdch variant\u00e1ch:<br>Lagoon-Orchid Bloom a Glacier Gray-Barbados Cherry. Ob\u011b barevn\u00e9 verze se skl\u00e1daj\u00ed z&nbsp;n\u011bkolika ko\u017een\u00fdch vrstev, kter\u00e9 se p\u0159ekr\u00fdvaj\u00ed. Vrchn\u00ed \u010d\u00e1st tenisky je u\u0161ita z nubukov\u00e9 k\u016f\u017ee a semi\u0161e, v&nbsp;oblasti paty je viditeln\u00e9 ozna\u010den\u00ed Rive Droite. N\u00e1vrh\u00e1\u0159ka tenisky doplnila o kr\u00e1tkou mikinu a oversized kalhoty.<\/p>\n\n\n\n<p>Druh\u00e1 kolekce Rive Gauche bude k dost\u00e1n\u00ed na ja\u0159e roku 2019. P\u0159ibydou v n\u00ed dal\u0161\u00ed dv\u011b barevn\u00e9 varianty boty Thunder: Pech Beige-Glacier Gray a Blues-Pech Beige. V kolekci se objev\u00ed tak\u00e9 krat\u0161\u00ed top s dlouh\u00fdm ruk\u00e1vem a zipem a \u010derven\u00e9 tepl\u00e1kov\u00e9 kalhoty.<\/p>\n\n\n\n<figure><iframe loading=\"lazy\" src=\"https:\/\/www.youtube.com\/embed\/f-busJuTEss\" width=\"680\" height=\"363\"><\/iframe><\/figure>\n\n\n\n<p><strong>Bota Rive Droite je v&nbsp;\u010cesk\u00e9 republice dostupn\u00e1 od konce roku u prodejce Footshop. Druh\u00e9 sneakers Rive Gauche budou n\u00e1sledovat v&nbsp;b\u0159eznu v obchodech Queens, Footshop, Fresh Labels, Slowatch a Shooos.<\/strong><\/p>\n\n\n\n<ul class=\"wp-block-gallery columns-2 is-cropped wp-block-gallery-1 is-layout-flex wp-block-gallery-is-layout-flex\"><li class=\"blocks-gallery-item\"><figure><img loading=\"lazy\" decoding=\"async\" width=\"800\" height=\"800\" src=\"http:\/\/womenhouse.cz\/wp-content\/uploads\/2019\/06\/11465_0_800_1550404727.jpg\" alt=\"\" data-id=\"80\" data-link=\"http:\/\/womenhouse.cz\/?attachment_id=80\" class=\"wp-image-80\" srcset=\"https:\/\/womenhouse.cz\/wp-content\/uploads\/2019\/06\/11465_0_800_1550404727.jpg 800w, https:\/\/womenhouse.cz\/wp-content\/uploads\/2019\/06\/11465_0_800_1550404727-150x150.jpg 150w, https:\/\/womenhouse.cz\/wp-content\/uploads\/2019\/06\/11465_0_800_1550404727-300x300.jpg 300w, https:\/\/womenhouse.cz\/wp-content\/uploads\/2019\/06\/11465_0_800_1550404727-768x768.jpg 768w\" sizes=\"(max-width: 800px) 100vw, 800px\" \/><\/figure><\/li><li class=\"blocks-gallery-item\"><figure><img loading=\"lazy\" decoding=\"async\" width=\"800\" height=\"800\" src=\"http:\/\/womenhouse.cz\/wp-content\/uploads\/2019\/06\/11466_0_800_1550404733.jpg\" alt=\"\" data-id=\"81\" data-link=\"http:\/\/womenhouse.cz\/?attachment_id=81\" class=\"wp-image-81\" srcset=\"https:\/\/womenhouse.cz\/wp-content\/uploads\/2019\/06\/11466_0_800_1550404733.jpg 800w, https:\/\/womenhouse.cz\/wp-content\/uploads\/2019\/06\/11466_0_800_1550404733-150x150.jpg 150w, https:\/\/womenhouse.cz\/wp-content\/uploads\/2019\/06\/11466_0_800_1550404733-300x300.jpg 300w, https:\/\/womenhouse.cz\/wp-content\/uploads\/2019\/06\/11466_0_800_1550404733-768x768.jpg 768w\" sizes=\"(max-width: 800px) 100vw, 800px\" \/><\/figure><\/li><\/ul>\n","protected":false},"excerpt":{"rendered":"<p>Glob\u00e1ln\u00ed sportovn\u00ed zna\u010dka PUMA a n\u00e1vrh\u00e1\u0159ka LAMA JOUNI p\u016fsob\u00edc\u00ed v&nbsp;Dubaji se spojily v&nbsp;r\u00e1mci platformy Co.creative a vytvo\u0159ily exkluzivn\u00ed kolekci bot a oble\u010den\u00ed.&nbsp;&nbsp; Co.Creative je platforma, kter\u00e1 usnad\u0148uje partnerstv\u00ed mezi spole\u010dnost\u00ed PUMA a nejnov\u011bj\u0161\u00edmi m\u00f3dn\u00edmi n\u00e1vrh\u00e1\u0159i po cel\u00e9m sv\u011bt\u011b. M\u00f3dn\u00ed n\u00e1vrh\u00e1\u0159ka Lama Jouni vytv\u00e1\u0159\u00ed m\u00f3du zn\u00e1mou sv\u00fdm aktu\u00e1ln\u00edm a zaj\u00edmav\u00fdm pojet\u00edm \u017eenskosti a um\u011bn\u00ed. D\u00edky tomu [&hellip;]<\/p>\n","protected":false},"author":1,"featured_media":79,"comment_status":"closed","ping_status":"closed","sticky":false,"template":"","format":"standard","meta":{"_mi_skip_tracking":false,"_monsterinsights_sitenote_active":false,"_monsterinsights_sitenote_note":"","_monsterinsights_sitenote_category":0,"footnotes":""},"categories":[25,2],"tags":[],"yoast_head":"<!-- This site is optimized with the Yoast SEO plugin v21.5 - https:\/\/yoast.com\/wordpress\/plugins\/seo\/ -->\n<title>Zna\u010dky LAMA JOUNI a PUMA spojily s\u00edly pro novou kolekci Thunder pro \u017eeny - WOMENHOUSE.cz<\/title>\n<meta name=\"robots\" content=\"index, follow, max-snippet:-1, max-image-preview:large, max-video-preview:-1\" \/>\n<link rel=\"canonical\" href=\"https:\/\/womenhouse.cz\/index.php\/2019\/05\/06\/znacky-lama-jouni-a-puma-spojily-sily-pro-novou-kolekci-thunder-pro-zeny\/\" \/>\n<meta property=\"og:locale\" content=\"cs_CZ\" \/>\n<meta property=\"og:type\" content=\"article\" \/>\n<meta property=\"og:title\" content=\"Zna\u010dky LAMA JOUNI a PUMA spojily s\u00edly pro novou kolekci Thunder pro \u017eeny - WOMENHOUSE.cz\" \/>\n<meta property=\"og:description\" content=\"Glob\u00e1ln\u00ed sportovn\u00ed zna\u010dka PUMA a n\u00e1vrh\u00e1\u0159ka LAMA JOUNI p\u016fsob\u00edc\u00ed v&nbsp;Dubaji se spojily v&nbsp;r\u00e1mci platformy Co.creative a vytvo\u0159ily exkluzivn\u00ed kolekci bot a oble\u010den\u00ed.&nbsp;&nbsp; Co.Creative je platforma, kter\u00e1 usnad\u0148uje partnerstv\u00ed mezi spole\u010dnost\u00ed PUMA a nejnov\u011bj\u0161\u00edmi m\u00f3dn\u00edmi n\u00e1vrh\u00e1\u0159i po cel\u00e9m sv\u011bt\u011b. M\u00f3dn\u00ed n\u00e1vrh\u00e1\u0159ka Lama Jouni vytv\u00e1\u0159\u00ed m\u00f3du zn\u00e1mou sv\u00fdm aktu\u00e1ln\u00edm a zaj\u00edmav\u00fdm pojet\u00edm \u017eenskosti a um\u011bn\u00ed. D\u00edky tomu [&hellip;]\" \/>\n<meta property=\"og:url\" content=\"https:\/\/womenhouse.cz\/index.php\/2019\/05\/06\/znacky-lama-jouni-a-puma-spojily-sily-pro-novou-kolekci-thunder-pro-zeny\/\" \/>\n<meta property=\"og:site_name\" content=\"WOMENHOUSE.cz\" \/>\n<meta property=\"article:publisher\" content=\"https:\/\/www.facebook.com\/womenhousecz\" \/>\n<meta property=\"article:published_time\" content=\"2019-05-06T00:56:14+00:00\" \/>\n<meta property=\"article:modified_time\" content=\"2019-09-04T16:21:49+00:00\" \/>\n<meta property=\"og:image\" content=\"https:\/\/womenhouse.cz\/wp-content\/uploads\/2019\/06\/11463_0_800_1550404717.jpg\" \/>\n\t<meta property=\"og:image:width\" content=\"980\" \/>\n\t<meta property=\"og:image:height\" content=\"735\" \/>\n\t<meta property=\"og:image:type\" content=\"image\/jpeg\" \/>\n<meta name=\"author\" content=\"Ivomik\" \/>\n<meta name=\"twitter:card\" content=\"summary_large_image\" \/>\n<meta name=\"twitter:label1\" content=\"Napsal(a)\" \/>\n\t<meta name=\"twitter:data1\" content=\"Ivomik\" \/>\n\t<meta name=\"twitter:label2\" content=\"Odhadovan\u00e1 doba \u010dten\u00ed\" \/>\n\t<meta name=\"twitter:data2\" content=\"2 minuty\" \/>\n<script type=\"application\/ld+json\" class=\"yoast-schema-graph\">{\"@context\":\"https:\/\/schema.org\",\"@graph\":[{\"@type\":\"Article\",\"@id\":\"https:\/\/womenhouse.cz\/index.php\/2019\/05\/06\/znacky-lama-jouni-a-puma-spojily-sily-pro-novou-kolekci-thunder-pro-zeny\/#article\",\"isPartOf\":{\"@id\":\"https:\/\/womenhouse.cz\/index.php\/2019\/05\/06\/znacky-lama-jouni-a-puma-spojily-sily-pro-novou-kolekci-thunder-pro-zeny\/\"},\"author\":{\"name\":\"Ivomik\",\"@id\":\"https:\/\/womenhouse.cz\/#\/schema\/person\/b307df8d81e61893cd451a29106d7498\"},\"headline\":\"Zna\u010dky LAMA JOUNI a PUMA spojily s\u00edly pro novou kolekci Thunder pro \u017eeny\",\"datePublished\":\"2019-05-06T00:56:14+00:00\",\"dateModified\":\"2019-09-04T16:21:49+00:00\",\"mainEntityOfPage\":{\"@id\":\"https:\/\/womenhouse.cz\/index.php\/2019\/05\/06\/znacky-lama-jouni-a-puma-spojily-sily-pro-novou-kolekci-thunder-pro-zeny\/\"},\"wordCount\":353,\"publisher\":{\"@id\":\"https:\/\/womenhouse.cz\/#organization\"},\"articleSection\":[\"FASHION\",\"NEWS\"],\"inLanguage\":\"cs\"},{\"@type\":\"WebPage\",\"@id\":\"https:\/\/womenhouse.cz\/index.php\/2019\/05\/06\/znacky-lama-jouni-a-puma-spojily-sily-pro-novou-kolekci-thunder-pro-zeny\/\",\"url\":\"https:\/\/womenhouse.cz\/index.php\/2019\/05\/06\/znacky-lama-jouni-a-puma-spojily-sily-pro-novou-kolekci-thunder-pro-zeny\/\",\"name\":\"Zna\u010dky LAMA JOUNI a PUMA spojily s\u00edly pro novou kolekci Thunder pro \u017eeny - WOMENHOUSE.cz\",\"isPartOf\":{\"@id\":\"https:\/\/womenhouse.cz\/#website\"},\"datePublished\":\"2019-05-06T00:56:14+00:00\",\"dateModified\":\"2019-09-04T16:21:49+00:00\",\"breadcrumb\":{\"@id\":\"https:\/\/womenhouse.cz\/index.php\/2019\/05\/06\/znacky-lama-jouni-a-puma-spojily-sily-pro-novou-kolekci-thunder-pro-zeny\/#breadcrumb\"},\"inLanguage\":\"cs\",\"potentialAction\":[{\"@type\":\"ReadAction\",\"target\":[\"https:\/\/womenhouse.cz\/index.php\/2019\/05\/06\/znacky-lama-jouni-a-puma-spojily-sily-pro-novou-kolekci-thunder-pro-zeny\/\"]}]},{\"@type\":\"BreadcrumbList\",\"@id\":\"https:\/\/womenhouse.cz\/index.php\/2019\/05\/06\/znacky-lama-jouni-a-puma-spojily-sily-pro-novou-kolekci-thunder-pro-zeny\/#breadcrumb\",\"itemListElement\":[{\"@type\":\"ListItem\",\"position\":1,\"name\":\"Dom\u016f\",\"item\":\"https:\/\/womenhouse.cz\/\"},{\"@type\":\"ListItem\",\"position\":2,\"name\":\"Zna\u010dky LAMA JOUNI a PUMA spojily s\u00edly pro novou kolekci Thunder pro \u017eeny\"}]},{\"@type\":\"WebSite\",\"@id\":\"https:\/\/womenhouse.cz\/#website\",\"url\":\"https:\/\/womenhouse.cz\/\",\"name\":\"WOMENHOUSE.cz\",\"description\":\"Port\u00e1l v\u00fdhradn\u011b jen pro \u017eeny...\",\"publisher\":{\"@id\":\"https:\/\/womenhouse.cz\/#organization\"},\"potentialAction\":[{\"@type\":\"SearchAction\",\"target\":{\"@type\":\"EntryPoint\",\"urlTemplate\":\"https:\/\/womenhouse.cz\/?s={search_term_string}\"},\"query-input\":\"required name=search_term_string\"}],\"inLanguage\":\"cs\"},{\"@type\":\"Organization\",\"@id\":\"https:\/\/womenhouse.cz\/#organization\",\"name\":\"WOMENHOUSE.cz\",\"url\":\"https:\/\/womenhouse.cz\/\",\"logo\":{\"@type\":\"ImageObject\",\"inLanguage\":\"cs\",\"@id\":\"https:\/\/womenhouse.cz\/#\/schema\/logo\/image\/\",\"url\":\"https:\/\/womenhouse.cz\/wp-content\/uploads\/2020\/06\/cropped-logo_Womenhouse_RGB-02-removebg-preview-1.png\",\"contentUrl\":\"https:\/\/womenhouse.cz\/wp-content\/uploads\/2020\/06\/cropped-logo_Womenhouse_RGB-02-removebg-preview-1.png\",\"width\":561,\"height\":375,\"caption\":\"WOMENHOUSE.cz\"},\"image\":{\"@id\":\"https:\/\/womenhouse.cz\/#\/schema\/logo\/image\/\"},\"sameAs\":[\"https:\/\/www.facebook.com\/womenhousecz\",\"https:\/\/www.instagram.com\/womenhousecz\/\"]},{\"@type\":\"Person\",\"@id\":\"https:\/\/womenhouse.cz\/#\/schema\/person\/b307df8d81e61893cd451a29106d7498\",\"name\":\"Ivomik\",\"url\":\"https:\/\/womenhouse.cz\/index.php\/author\/ivomik\/\"}]}<\/script>\n<!-- \/ Yoast SEO plugin. -->","yoast_head_json":{"title":"Zna\u010dky LAMA JOUNI a PUMA spojily s\u00edly pro novou kolekci Thunder pro \u017eeny - WOMENHOUSE.cz","robots":{"index":"index","follow":"follow","max-snippet":"max-snippet:-1","max-image-preview":"max-image-preview:large","max-video-preview":"max-video-preview:-1"},"canonical":"https:\/\/womenhouse.cz\/index.php\/2019\/05\/06\/znacky-lama-jouni-a-puma-spojily-sily-pro-novou-kolekci-thunder-pro-zeny\/","og_locale":"cs_CZ","og_type":"article","og_title":"Zna\u010dky LAMA JOUNI a PUMA spojily s\u00edly pro novou kolekci Thunder pro \u017eeny - WOMENHOUSE.cz","og_description":"Glob\u00e1ln\u00ed sportovn\u00ed zna\u010dka PUMA a n\u00e1vrh\u00e1\u0159ka LAMA JOUNI p\u016fsob\u00edc\u00ed v&nbsp;Dubaji se spojily v&nbsp;r\u00e1mci platformy Co.creative a vytvo\u0159ily exkluzivn\u00ed kolekci bot a oble\u010den\u00ed.&nbsp;&nbsp; Co.Creative je platforma, kter\u00e1 usnad\u0148uje partnerstv\u00ed mezi spole\u010dnost\u00ed PUMA a nejnov\u011bj\u0161\u00edmi m\u00f3dn\u00edmi n\u00e1vrh\u00e1\u0159i po cel\u00e9m sv\u011bt\u011b. M\u00f3dn\u00ed n\u00e1vrh\u00e1\u0159ka Lama Jouni vytv\u00e1\u0159\u00ed m\u00f3du zn\u00e1mou sv\u00fdm aktu\u00e1ln\u00edm a zaj\u00edmav\u00fdm pojet\u00edm \u017eenskosti a um\u011bn\u00ed. D\u00edky tomu [&hellip;]","og_url":"https:\/\/womenhouse.cz\/index.php\/2019\/05\/06\/znacky-lama-jouni-a-puma-spojily-sily-pro-novou-kolekci-thunder-pro-zeny\/","og_site_name":"WOMENHOUSE.cz","article_publisher":"https:\/\/www.facebook.com\/womenhousecz","article_published_time":"2019-05-06T00:56:14+00:00","article_modified_time":"2019-09-04T16:21:49+00:00","og_image":[{"width":980,"height":735,"url":"https:\/\/womenhouse.cz\/wp-content\/uploads\/2019\/06\/11463_0_800_1550404717.jpg","type":"image\/jpeg"}],"author":"Ivomik","twitter_card":"summary_large_image","twitter_misc":{"Napsal(a)":"Ivomik","Odhadovan\u00e1 doba \u010dten\u00ed":"2 minuty"},"schema":{"@context":"https:\/\/schema.org","@graph":[{"@type":"Article","@id":"https:\/\/womenhouse.cz\/index.php\/2019\/05\/06\/znacky-lama-jouni-a-puma-spojily-sily-pro-novou-kolekci-thunder-pro-zeny\/#article","isPartOf":{"@id":"https:\/\/womenhouse.cz\/index.php\/2019\/05\/06\/znacky-lama-jouni-a-puma-spojily-sily-pro-novou-kolekci-thunder-pro-zeny\/"},"author":{"name":"Ivomik","@id":"https:\/\/womenhouse.cz\/#\/schema\/person\/b307df8d81e61893cd451a29106d7498"},"headline":"Zna\u010dky LAMA JOUNI a PUMA spojily s\u00edly pro novou kolekci Thunder pro \u017eeny","datePublished":"2019-05-06T00:56:14+00:00","dateModified":"2019-09-04T16:21:49+00:00","mainEntityOfPage":{"@id":"https:\/\/womenhouse.cz\/index.php\/2019\/05\/06\/znacky-lama-jouni-a-puma-spojily-sily-pro-novou-kolekci-thunder-pro-zeny\/"},"wordCount":353,"publisher":{"@id":"https:\/\/womenhouse.cz\/#organization"},"articleSection":["FASHION","NEWS"],"inLanguage":"cs"},{"@type":"WebPage","@id":"https:\/\/womenhouse.cz\/index.php\/2019\/05\/06\/znacky-lama-jouni-a-puma-spojily-sily-pro-novou-kolekci-thunder-pro-zeny\/","url":"https:\/\/womenhouse.cz\/index.php\/2019\/05\/06\/znacky-lama-jouni-a-puma-spojily-sily-pro-novou-kolekci-thunder-pro-zeny\/","name":"Zna\u010dky LAMA JOUNI a PUMA spojily s\u00edly pro novou kolekci Thunder pro \u017eeny - WOMENHOUSE.cz","isPartOf":{"@id":"https:\/\/womenhouse.cz\/#website"},"datePublished":"2019-05-06T00:56:14+00:00","dateModified":"2019-09-04T16:21:49+00:00","breadcrumb":{"@id":"https:\/\/womenhouse.cz\/index.php\/2019\/05\/06\/znacky-lama-jouni-a-puma-spojily-sily-pro-novou-kolekci-thunder-pro-zeny\/#breadcrumb"},"inLanguage":"cs","potentialAction":[{"@type":"ReadAction","target":["https:\/\/womenhouse.cz\/index.php\/2019\/05\/06\/znacky-lama-jouni-a-puma-spojily-sily-pro-novou-kolekci-thunder-pro-zeny\/"]}]},{"@type":"BreadcrumbList","@id":"https:\/\/womenhouse.cz\/index.php\/2019\/05\/06\/znacky-lama-jouni-a-puma-spojily-sily-pro-novou-kolekci-thunder-pro-zeny\/#breadcrumb","itemListElement":[{"@type":"ListItem","position":1,"name":"Dom\u016f","item":"https:\/\/womenhouse.cz\/"},{"@type":"ListItem","position":2,"name":"Zna\u010dky LAMA JOUNI a PUMA spojily s\u00edly pro novou kolekci Thunder pro \u017eeny"}]},{"@type":"WebSite","@id":"https:\/\/womenhouse.cz\/#website","url":"https:\/\/womenhouse.cz\/","name":"WOMENHOUSE.cz","description":"Port\u00e1l v\u00fdhradn\u011b jen pro \u017eeny...","publisher":{"@id":"https:\/\/womenhouse.cz\/#organization"},"potentialAction":[{"@type":"SearchAction","target":{"@type":"EntryPoint","urlTemplate":"https:\/\/womenhouse.cz\/?s={search_term_string}"},"query-input":"required name=search_term_string"}],"inLanguage":"cs"},{"@type":"Organization","@id":"https:\/\/womenhouse.cz\/#organization","name":"WOMENHOUSE.cz","url":"https:\/\/womenhouse.cz\/","logo":{"@type":"ImageObject","inLanguage":"cs","@id":"https:\/\/womenhouse.cz\/#\/schema\/logo\/image\/","url":"https:\/\/womenhouse.cz\/wp-content\/uploads\/2020\/06\/cropped-logo_Womenhouse_RGB-02-removebg-preview-1.png","contentUrl":"https:\/\/womenhouse.cz\/wp-content\/uploads\/2020\/06\/cropped-logo_Womenhouse_RGB-02-removebg-preview-1.png","width":561,"height":375,"caption":"WOMENHOUSE.cz"},"image":{"@id":"https:\/\/womenhouse.cz\/#\/schema\/logo\/image\/"},"sameAs":["https:\/\/www.facebook.com\/womenhousecz","https:\/\/www.instagram.com\/womenhousecz\/"]},{"@type":"Person","@id":"https:\/\/womenhouse.cz\/#\/schema\/person\/b307df8d81e61893cd451a29106d7498","name":"Ivomik","url":"https:\/\/womenhouse.cz\/index.php\/author\/ivomik\/"}]}},"_links":{"self":[{"href":"https:\/\/womenhouse.cz\/index.php\/wp-json\/wp\/v2\/posts\/78"}],"collection":[{"href":"https:\/\/womenhouse.cz\/index.php\/wp-json\/wp\/v2\/posts"}],"about":[{"href":"https:\/\/womenhouse.cz\/index.php\/wp-json\/wp\/v2\/types\/post"}],"author":[{"embeddable":true,"href":"https:\/\/womenhouse.cz\/index.php\/wp-json\/wp\/v2\/users\/1"}],"replies":[{"embeddable":true,"href":"https:\/\/womenhouse.cz\/index.php\/wp-json\/wp\/v2\/comments?post=78"}],"version-history":[{"count":-3,"href":"https:\/\/womenhouse.cz\/index.php\/wp-json\/wp\/v2\/posts\/78\/revisions"}],"wp:featuredmedia":[{"embeddable":true,"href":"https:\/\/womenhouse.cz\/index.php\/wp-json\/wp\/v2\/media\/79"}],"wp:attachment":[{"href":"https:\/\/womenhouse.cz\/index.php\/wp-json\/wp\/v2\/media?parent=78"}],"wp:term":[{"taxonomy":"category","embeddable":true,"href":"https:\/\/womenhouse.cz\/index.php\/wp-json\/wp\/v2\/categories?post=78"},{"taxonomy":"post_tag","embeddable":true,"href":"https:\/\/womenhouse.cz\/index.php\/wp-json\/wp\/v2\/tags?post=78"}],"curies":[{"name":"wp","href":"https:\/\/api.w.org\/{rel}","templated":true}]}}