{"id":7336,"date":"2022-04-14T01:41:39","date_gmt":"2022-04-13T23:41:39","guid":{"rendered":"https:\/\/womenhouse.cz\/?p=7336"},"modified":"2022-05-28T01:37:57","modified_gmt":"2022-05-27T23:37:57","slug":"pro-novou-knizni-edici-mysi-patri-do-nebe-vytvorila-denisa-grimmova-veskere-ilustrace","status":"publish","type":"post","link":"https:\/\/womenhouse.cz\/index.php\/2022\/04\/14\/pro-novou-knizni-edici-mysi-patri-do-nebe-vytvorila-denisa-grimmova-veskere-ilustrace\/","title":{"rendered":"Pro novou kni\u017en\u00ed edici My\u0161i pat\u0159\u00ed do nebe vytvo\u0159ila Denisa Grimmov\u00e1 ve\u0161ker\u00e9 ilustrace"},"content":{"rendered":"\n<div style=\"height:21px\" aria-hidden=\"true\" class=\"wp-block-spacer\"><\/div>\n\n\n\n<p><strong>Kniha Ivy Proch\u00e1zkov\u00e9 i film Denisy Grimmov\u00e9 sb\u00edraj\u00ed dal\u0161\u00ed ceny.<\/strong><\/p>\n\n\n\n<p><strong>Film My\u0161i pat\u0159\u00ed do nebe, inspirovan\u00fd stejnojmennou knihou spisovatelky Ivy Proch\u00e1zkov\u00e9, z\u00edskal \u010cesk\u00e9ho lva. Porazil tak Moje slunce Mad, drama nominovan\u00e9 na Zlat\u00fd gl\u00f3bus. Dobrodru\u017en\u00fd p\u0159\u00edb\u011bh o my\u0161i a li\u0161\u00e1kovi<\/strong> <strong>vych\u00e1z\u00ed z&nbsp;popul\u00e1rn\u00ed stejnojmenn\u00e9 kni\u017en\u00ed p\u0159edlohy spisovatelky Ivy Proch\u00e1zkov\u00e9. Obdr\u017eel mnoho cen, nap\u0159. za nejlep\u0161\u00ed animovan\u00fd film na mezin\u00e1rodn\u00edm festivalu v&nbsp;\u0160anghaji, p\u0159ed p\u00e1r dny z\u00edskal \u010cesk\u00e9ho lva a nyn\u00ed je nominov\u00e1n na C\u00e9sara, francouzskou obdobu Oscar\u016f.<\/strong><\/p>\n\n\n\n<figure class=\"wp-block-image size-large\"><img decoding=\"async\" src=\"https:\/\/bookhouse.cz\/wp-content\/uploads\/2022\/04\/0066442739_Mysi_V_TTL-1024x530.jpg\" alt=\"\" class=\"wp-image-3602\"\/><\/figure>\n\n\n\n<p>Fascinuj\u00edc\u00ed p\u0159\u00edb\u011bh o smrti a ztr\u00e1t\u011b zaujal filma\u0159e natolik, \u017ee se toto d\u00edlo rozhodli nato\u010dit. Adaptace sc\u00e9n\u00e1\u0159e se pak ujali Alice Nellis a Richard Malatinsk\u00fd. Pr\u00e1ce na p\u0159\u00edb\u011bhu nebyla jednoduch\u00e1, jeliko\u017e se film rodil v\u00edce ne\u017e deset let. V&nbsp;roce 2010 scen\u00e1ristka, kameramanka, anim\u00e1torka, v\u00fdtvarnice a re\u017eis\u00e9rka Denisa Grimmov\u00e1 nejd\u0159\u00edve objevila knihu <em>My\u0161i pat\u0159\u00ed do nebe<\/em>, \u010dty\u0159i roky pot\u00e9 vznikla prvn\u00ed uk\u00e1zka filmu. V&nbsp;roce 2018 nat\u00e1\u010den\u00ed kone\u010dn\u011b zapo\u010dalo. V \u0159\u00edjnu lo\u0148sk\u00e9ho roku pak tento unik\u00e1tn\u00ed projekt vstoupil do kin.<\/p>\n\n\n\n<figure class=\"wp-block-image size-large\"><img decoding=\"async\" src=\"https:\/\/bookhouse.cz\/wp-content\/uploads\/2022\/04\/Cesky-lev-1024x682.jpg\" alt=\"\" class=\"wp-image-3600\"\/><\/figure>\n\n\n\n<p><br>\u201e<em>Denisa Grimmov\u00e1 m\u011b oslovila u\u017e p\u0159ed deseti nebo jeden\u00e1cti roky, \u017ee podle moj\u00ed kn\u00ed\u017eky nato\u010d\u00ed film. Prohl\u00e1sila to s takovou milou um\u00edn\u011bnost\u00ed, \u017ee jsem j\u00ed okam\u017eit\u011b uv\u011b\u0159ila. Samoz\u0159ejm\u011b jsme byly v kontaktu celou dobu, kdy vznikal sc\u00e9n\u00e1\u0159, ale i b\u011bhem nat\u00e1\u010den\u00ed. N\u011bkolikr\u00e1t jsem se byla v barrandovsk\u00fdch ateli\u00e9rech pod\u00edvat, jak se to vyv\u00edj\u00ed. Typ animace, kter\u00fd zvolila, je velmi pracn\u00fd a zdlouhav\u00fd, ale v\u00fdsledek stoj\u00ed za to. M\u00e1m ohromnou radost, \u017ee my\u0161 ulovila lva, co\u017e jsem Denise \u0159ekla hned po p\u0159ed\u00e1v\u00e1n\u00ed ceny,<\/em>\u201c \u0159ekla spisovatelka Proch\u00e1zkov\u00e1, kter\u00e1 knihu My\u0161i pat\u0159\u00ed do nebe vydala v roce 2007 a obdr\u017eela za ni Magnesii Literu pro nejlep\u0161\u00ed d\u011btskou knihu i Zlatou stuhu.<\/p>\n\n\n\n<p>Pro pot\u0159eby filmu bylo podle tv\u016frc\u016f vytvo\u0159eno 80 origin\u00e1ln\u00edch postavi\u010dek a 11 samostatn\u00fdch sc\u00e9n.&nbsp;Nat\u00e1\u010den\u00ed filmu trvalo 14 m\u011bs\u00edc\u016f a \u00fa\u010dastnilo se jej 8 anim\u00e1tor\u016f a dal\u0161\u00edch 20 \u010dlen\u016f \u0161t\u00e1bu. Velkou zaj\u00edmavost\u00ed je, \u017ee pro nato\u010den\u00ed filmu bylo na Barrandov\u011b vybudov\u00e1no \u00fapln\u011b nov\u00e9 studio, proto\u017ee \u017e\u00e1dn\u00e9 ze st\u00e1vaj\u00edc\u00edch anima\u010dn\u00edch studi\u00ed se neodv\u00e1\u017eilo p\u0159ijmout tak rozs\u00e1hlou zak\u00e1zku. Film nakonec uchv\u00e1til nejen d\u011btsk\u00e9 div\u00e1ky, ale i dosp\u011bl\u00e9. Mimo \u010cesko se p\u0159\u00edb\u011bh o li\u0161\u00e1kovi a my\u0161i uvedl ve v\u00edce ne\u017e p\u011btadvaceti zahrani\u010dn\u00edch zem\u00edch v\u010detn\u011b Spojen\u00fdch st\u00e1t\u016f nebo \u010c\u00edny.<\/p>\n\n\n\n<p><br>Film My\u0161i pat\u0159\u00ed do nebe re\u017eis\u00e9rsk\u00e9 dvojice Jana Buben\u00ed\u010dka a&nbsp;Denisy Grimmov\u00e9, na \u010cesk\u00fdch lvech porazil i&nbsp;drama Moje slunce Mad, kter\u00e9 se do\u010dkalo nominace na Zlat\u00fd gl\u00f3bus a&nbsp;z\u00edskalo Cenu poroty na festivalu animovan\u00fdch film\u016f ve francouzsk\u00e9m Annecy.<\/p>\n\n\n\n<figure class=\"wp-block-embed aligncenter is-type-video is-provider-youtube wp-block-embed-youtube wp-embed-aspect-16-9 wp-has-aspect-ratio\"><div class=\"wp-block-embed__wrapper\">\n<iframe loading=\"lazy\" title=\"My\u0161i pat\u0159\u00ed do nebe\" width=\"640\" height=\"360\" src=\"https:\/\/www.youtube.com\/embed\/j8LVKejaA9g?feature=oembed\" frameborder=\"0\" allow=\"accelerometer; autoplay; clipboard-write; encrypted-media; gyroscope; picture-in-picture\" allowfullscreen><\/iframe>\n<\/div><\/figure>\n\n\n\n<p><br>\u201e<em>Vzhledem k tomu, \u017ee se u\u017e dlouh\u00e1 l\u00e9ta v\u011bnuji astrologii, pod\u00edvala jsem se do hv\u011bzd a ty mi prozradily, \u017ee p\u00e1t\u00fd b\u0159ezen je mn\u011b a m\u00e9 pr\u00e1ci p\u0159\u00edzniv\u011b naklon\u011bn. A proto\u017ee film My\u0161i pat\u0159\u00ed do nebe je prodlou\u017een\u00e1 ruka m\u00e9 liter\u00e1rn\u00ed tvorby, tu\u0161ila jsem, \u017ee v\u0161e dob\u0159e dopadne. Nebylo proto nutn\u00e9 nerv\u00f3zn\u011b sledovat p\u0159ed\u00e1vac\u00ed ceremoni\u00e1l. Po\u010dkala jsem, a\u017e mi za\u010daly p\u0159ich\u00e1zet blahop\u0159ejn\u00e9 esemesky a pak jsem dala voln\u00fd pr\u016fchod radosti,\u201c<\/em> dodala s&nbsp;\u00fasm\u011bvem Proch\u00e1zkov\u00e1, kter\u00e1 p\u0159iznala, \u017ee re\u017eis\u00e9\u0159i naplnili jej\u00ed p\u0159edstavy o zfilmov\u00e1n\u00ed knihy naprosto dokonale.<\/p>\n\n\n\n<p><strong>Kniha <\/strong><em><strong>My\u0161i pat\u0159\u00ed do nebe&#8230;ale jenom na skok<\/strong><\/em><strong>, Iva Proch\u00e1zkov\u00e1, Albatros, 299 K\u010d.<\/strong><\/p>\n\n\n\n<div class=\"wp-block-image\"><figure class=\"aligncenter size-large is-resized\"><img loading=\"lazy\" decoding=\"async\" src=\"https:\/\/bookhouse.cz\/wp-content\/uploads\/2022\/04\/0066442739_Mysi_V.jpg\" alt=\"\" class=\"wp-image-3597\" width=\"646\" height=\"952\"\/><\/figure><\/div>\n\n\n\n<div style=\"height:33px\" aria-hidden=\"true\" class=\"wp-block-spacer\"><\/div>\n\n\n\n<p><strong>Pro tuto novou kni\u017en\u00ed edici vytvo\u0159ila Denisa Grimmov\u00e1 ve\u0161ker\u00e9 ilustrace.<\/strong><\/p>\n\n\n\n<p>Dobrodru\u017estv\u00ed my\u0161ky \u0160upito za\u010d\u00edn\u00e1 dramaticky. My\u0161ka ut\u00edk\u00e1 cestou necestou p\u0159ed li\u0161\u00e1kem, kter\u00fd ji pron\u00e1sleduje, a z\u0159\u00edt\u00ed se z p\u0159\u00edkr\u00e9ho sr\u00e1zu do propasti. Kdy\u017e se \u0160upito probud\u00ed, uvid\u00ed p\u0159ed sebou malou rozpl\u00e1clou my\u0161ku. Ta my\u0161ka se neh\u00fdb\u00e1 a \u2013 v\u017edy\u0165 je to ona! A kolemjdouc\u00ed sest\u0159enice \u017derebrouky, kter\u00e1 se s n\u00ed vesele pou\u0161t\u00ed do \u0159e\u010di, p\u0159ece loni umrzla v lese! Co se to jen d\u011bje? \u010cten\u00e1\u0159e \u010dek\u00e1 nejedno p\u0159ekvapen\u00ed, proto\u017ee \u2013 my\u0161i pat\u0159\u00ed do nebe, ale jenom na skok!<\/p>\n\n\n\n<p><br>Kniha je i v projektu LiStOV\u00e1N\u00ed, kter\u00fd ka\u017ed\u00fd m\u011bs\u00edc p\u0159edstavuje zaj\u00edmav\u00e9 kni\u017en\u00ed novinky. Vybran\u00ed auto\u0159i a jejich d\u00edlo \u010di p\u0159\u00edmo specifick\u00e1 kniha jsou pak p\u0159ed div\u00e1ky interpretov\u00e1ni v podob\u011b sc\u00e9nick\u00e9ho \u010dten\u00ed. Jde v\u017edy p\u0159ibli\u017en\u011b o hodinov\u00e9 divadeln\u00ed vystoupen\u00ed, ve kter\u00e9m je p\u0159en\u00e1\u0161en d\u011bj knihy, jazyk autora a atmosf\u00e9ra dan\u00e9 literatury na obecenstvo, kter\u00e9 se v \u010dele s mladou generac\u00ed ve sv\u011bt\u011b opro\u0161t\u011bn\u00e9m od kultury a literatury vrac\u00ed zp\u011bt k tomu, co tu bylo prvn\u00ed \u2013 ke knize. Nejde o n\u011bjak\u00e9 fanzinov\u00e9 \u010dten\u00ed obl\u00edben\u00fdch pas\u00e1\u017e\u00ed, jde o d\u00fdchaj\u00edc\u00ed p\u0159edstaven\u00ed s rekvizitami, kost\u00fdmy, hudbou, za\u010d\u00e1tkem a koncem. Za \u0161\u00ed\u0159en\u00ed \u010dten\u00ed a \u010dten\u00e1\u0159stv\u00ed m\u011blo ve sv\u00e9m \u010dase LiStOV\u00e1N\u00ed z\u00e1\u0161titu Ministerstva \u0161kolstv\u00ed. Za mimo\u0159\u00e1dn\u00fd p\u0159\u00ednos v oblasti propagace \u010dten\u00e1\u0159stv\u00ed z\u00edskalo LiStOV\u00e1N\u00ed cenu Nadace \u010cesk\u00fd liter\u00e1rn\u00ed fond.<\/p>\n\n\n\n<h2 class=\"wp-block-heading\"><strong>Iva Proch\u00e1zkov\u00e1<\/strong><\/h2>\n\n\n\n<p>Autorka a scen\u00e1ristka Iva Proch\u00e1zkov\u00e1 p\u00ed\u0161e pro mal\u00e9 \u010dten\u00e1\u0159e, teenagery i dosp\u011bl\u00e9. Do literatury vstoupila v polovin\u011b sedmdes\u00e1t\u00fdch let, ale jako dcera politicky ne\u017e\u00e1douc\u00edho spisovatele a scen\u00e1risty nesm\u011bla publikovat. V roce 1980 j\u00ed vy\u0161la pouze kniha <em>Komu chyb\u00ed kole\u010dko?<\/em>, pot\u00e9 mohla ps\u00e1t jen divadeln\u00ed hry. V roce 1983 s rodinou emigrovala a \u017eila v N\u011bmecku, kde se prosadila jako \u00fasp\u011b\u0161n\u00e1 spisovatelka a autorka divadeln\u00edch her. Po n\u00e1vratu do \u010ceska pokra\u010dovala v tvorb\u011b pro d\u011bti, nyn\u00ed spolupracuje tak\u00e9 s televiz\u00ed, pod\u00edlela se nap\u0159\u00edklad na seri\u00e1lu <em>Vra\u017edy v kruhu<\/em> \u010di poh\u00e1dce <em>Sl\u00edben\u00e1 princezna<\/em>. Napsala mnoho \u00fasp\u011b\u0161n\u00fdch knih pro d\u011bti, za titul <em>My\u0161i pat\u0159\u00ed do nebe<\/em> z\u00edskala v roce 2007 cenu Magnesia Litera. Za svou ob\u011btavou pr\u00e1ci pro d\u011btskou literaturu z\u00edskala cenu za celo\u017eivotn\u00ed p\u0159\u00ednos tak\u00e9 cenu Zlat\u00e1 stuha 2019.<\/p>\n\n\n\n<div style=\"height:54px\" aria-hidden=\"true\" class=\"wp-block-spacer\"><\/div>\n\n\n\n<figure class=\"wp-block-gallery columns-2 is-cropped wp-block-gallery-1 is-layout-flex wp-block-gallery-is-layout-flex\"><ul class=\"blocks-gallery-grid\"><li class=\"blocks-gallery-item\"><figure><img loading=\"lazy\" decoding=\"async\" width=\"589\" height=\"868\" src=\"https:\/\/womenhouse.cz\/wp-content\/uploads\/2022\/04\/0066442739_Mysi_V.jpg\" alt=\"\" data-id=\"7337\" data-full-url=\"https:\/\/womenhouse.cz\/wp-content\/uploads\/2022\/04\/0066442739_Mysi_V.jpg\" data-link=\"https:\/\/womenhouse.cz\/?attachment_id=7337\" class=\"wp-image-7337\" srcset=\"https:\/\/womenhouse.cz\/wp-content\/uploads\/2022\/04\/0066442739_Mysi_V.jpg 589w, https:\/\/womenhouse.cz\/wp-content\/uploads\/2022\/04\/0066442739_Mysi_V-204x300.jpg 204w\" sizes=\"(max-width: 589px) 100vw, 589px\" \/><\/figure><\/li><li class=\"blocks-gallery-item\"><figure><img loading=\"lazy\" decoding=\"async\" width=\"706\" height=\"1024\" src=\"https:\/\/womenhouse.cz\/wp-content\/uploads\/2022\/04\/Iva-Prochazkova-706x1024.jpg\" alt=\"\" data-id=\"7340\" data-full-url=\"https:\/\/womenhouse.cz\/wp-content\/uploads\/2022\/04\/Iva-Prochazkova.jpg\" data-link=\"https:\/\/womenhouse.cz\/?attachment_id=7340\" class=\"wp-image-7340\" srcset=\"https:\/\/womenhouse.cz\/wp-content\/uploads\/2022\/04\/Iva-Prochazkova-706x1024.jpg 706w, https:\/\/womenhouse.cz\/wp-content\/uploads\/2022\/04\/Iva-Prochazkova-207x300.jpg 207w, https:\/\/womenhouse.cz\/wp-content\/uploads\/2022\/04\/Iva-Prochazkova-768x1114.jpg 768w, https:\/\/womenhouse.cz\/wp-content\/uploads\/2022\/04\/Iva-Prochazkova.jpg 862w\" sizes=\"(max-width: 706px) 100vw, 706px\" \/><\/figure><\/li><li class=\"blocks-gallery-item\"><figure><img decoding=\"async\" src=\"https:\/\/womenhouse.cz\/wp-content\/uploads\/2022\/04\/a10110f0000187_mysi-patri-do-nebe-list-_Stranka_1.jpg\" alt=\"\" data-id=\"7341\" data-link=\"https:\/\/womenhouse.cz\/?attachment_id=7341\" class=\"wp-image-7341\"\/><\/figure><\/li><li class=\"blocks-gallery-item\"><figure><img loading=\"lazy\" decoding=\"async\" width=\"1024\" height=\"748\" src=\"https:\/\/womenhouse.cz\/wp-content\/uploads\/2022\/04\/a10110f0000187_mysi-patri-do-nebe-list-_Stranka_2-1024x748.jpg\" alt=\"\" data-id=\"7338\" data-full-url=\"https:\/\/womenhouse.cz\/wp-content\/uploads\/2022\/04\/a10110f0000187_mysi-patri-do-nebe-list-_Stranka_2-scaled.jpg\" data-link=\"https:\/\/womenhouse.cz\/?attachment_id=7338\" class=\"wp-image-7338\" srcset=\"https:\/\/womenhouse.cz\/wp-content\/uploads\/2022\/04\/a10110f0000187_mysi-patri-do-nebe-list-_Stranka_2-1024x748.jpg 1024w, https:\/\/womenhouse.cz\/wp-content\/uploads\/2022\/04\/a10110f0000187_mysi-patri-do-nebe-list-_Stranka_2-300x219.jpg 300w, https:\/\/womenhouse.cz\/wp-content\/uploads\/2022\/04\/a10110f0000187_mysi-patri-do-nebe-list-_Stranka_2-768x561.jpg 768w\" sizes=\"(max-width: 1024px) 100vw, 1024px\" \/><\/figure><\/li><li class=\"blocks-gallery-item\"><figure><img loading=\"lazy\" decoding=\"async\" width=\"1024\" height=\"682\" src=\"https:\/\/womenhouse.cz\/wp-content\/uploads\/2022\/04\/Cesky-lev-1024x682.jpg\" alt=\"\" data-id=\"7339\" data-full-url=\"https:\/\/womenhouse.cz\/wp-content\/uploads\/2022\/04\/Cesky-lev.jpg\" data-link=\"https:\/\/womenhouse.cz\/?attachment_id=7339\" class=\"wp-image-7339\" srcset=\"https:\/\/womenhouse.cz\/wp-content\/uploads\/2022\/04\/Cesky-lev-1024x682.jpg 1024w, https:\/\/womenhouse.cz\/wp-content\/uploads\/2022\/04\/Cesky-lev-300x200.jpg 300w, https:\/\/womenhouse.cz\/wp-content\/uploads\/2022\/04\/Cesky-lev-768x512.jpg 768w, https:\/\/womenhouse.cz\/wp-content\/uploads\/2022\/04\/Cesky-lev-730x485.jpg 730w, https:\/\/womenhouse.cz\/wp-content\/uploads\/2022\/04\/Cesky-lev.jpg 1250w\" sizes=\"(max-width: 1024px) 100vw, 1024px\" \/><\/figure><\/li><\/ul><\/figure>\n\n\n\n<p><strong>Zdroj foto: <\/strong>\u010cesk\u00fd lev \u2013 \u010cesk\u00e1 televize, Ob\u00e1lka, portr\u00e9t Iva Proch\u00e1zkov\u00e1 a uk\u00e1zka knihy \u2013 Albatros Media<\/p>\n\n\n\n<div style=\"height:100px\" aria-hidden=\"true\" class=\"wp-block-spacer\"><\/div>\n","protected":false},"excerpt":{"rendered":"<p>Kniha Ivy Proch\u00e1zkov\u00e9 i film Denisy Grimmov\u00e9 sb\u00edraj\u00ed dal\u0161\u00ed ceny. Film My\u0161i pat\u0159\u00ed do nebe, inspirovan\u00fd stejnojmennou knihou spisovatelky Ivy Proch\u00e1zkov\u00e9, z\u00edskal \u010cesk\u00e9ho lva. Porazil tak Moje slunce Mad, drama nominovan\u00e9 na Zlat\u00fd gl\u00f3bus. Dobrodru\u017en\u00fd p\u0159\u00edb\u011bh o my\u0161i a li\u0161\u00e1kovi vych\u00e1z\u00ed z&nbsp;popul\u00e1rn\u00ed stejnojmenn\u00e9 kni\u017en\u00ed p\u0159edlohy spisovatelky Ivy Proch\u00e1zkov\u00e9. Obdr\u017eel mnoho cen, nap\u0159. za nejlep\u0161\u00ed animovan\u00fd [&hellip;]<\/p>\n","protected":false},"author":2,"featured_media":7342,"comment_status":"closed","ping_status":"closed","sticky":false,"template":"","format":"standard","meta":{"_mi_skip_tracking":false,"_monsterinsights_sitenote_active":false,"_monsterinsights_sitenote_note":"","_monsterinsights_sitenote_category":0,"footnotes":""},"categories":[1],"tags":[],"yoast_head":"<!-- This site is optimized with the Yoast SEO plugin v21.5 - https:\/\/yoast.com\/wordpress\/plugins\/seo\/ -->\n<title>Pro novou kni\u017en\u00ed edici My\u0161i pat\u0159\u00ed do nebe vytvo\u0159ila Denisa Grimmov\u00e1 ve\u0161ker\u00e9 ilustrace - WOMENHOUSE.cz<\/title>\n<meta name=\"robots\" content=\"index, follow, max-snippet:-1, max-image-preview:large, max-video-preview:-1\" \/>\n<link rel=\"canonical\" href=\"https:\/\/womenhouse.cz\/index.php\/2022\/04\/14\/pro-novou-knizni-edici-mysi-patri-do-nebe-vytvorila-denisa-grimmova-veskere-ilustrace\/\" \/>\n<meta property=\"og:locale\" content=\"cs_CZ\" \/>\n<meta property=\"og:type\" content=\"article\" \/>\n<meta property=\"og:title\" content=\"Pro novou kni\u017en\u00ed edici My\u0161i pat\u0159\u00ed do nebe vytvo\u0159ila Denisa Grimmov\u00e1 ve\u0161ker\u00e9 ilustrace - WOMENHOUSE.cz\" \/>\n<meta property=\"og:description\" content=\"Kniha Ivy Proch\u00e1zkov\u00e9 i film Denisy Grimmov\u00e9 sb\u00edraj\u00ed dal\u0161\u00ed ceny. Film My\u0161i pat\u0159\u00ed do nebe, inspirovan\u00fd stejnojmennou knihou spisovatelky Ivy Proch\u00e1zkov\u00e9, z\u00edskal \u010cesk\u00e9ho lva. Porazil tak Moje slunce Mad, drama nominovan\u00e9 na Zlat\u00fd gl\u00f3bus. Dobrodru\u017en\u00fd p\u0159\u00edb\u011bh o my\u0161i a li\u0161\u00e1kovi vych\u00e1z\u00ed z&nbsp;popul\u00e1rn\u00ed stejnojmenn\u00e9 kni\u017en\u00ed p\u0159edlohy spisovatelky Ivy Proch\u00e1zkov\u00e9. Obdr\u017eel mnoho cen, nap\u0159. za nejlep\u0161\u00ed animovan\u00fd [&hellip;]\" \/>\n<meta property=\"og:url\" content=\"https:\/\/womenhouse.cz\/index.php\/2022\/04\/14\/pro-novou-knizni-edici-mysi-patri-do-nebe-vytvorila-denisa-grimmova-veskere-ilustrace\/\" \/>\n<meta property=\"og:site_name\" content=\"WOMENHOUSE.cz\" \/>\n<meta property=\"article:publisher\" content=\"https:\/\/www.facebook.com\/womenhousecz\" \/>\n<meta property=\"article:published_time\" content=\"2022-04-13T23:41:39+00:00\" \/>\n<meta property=\"article:modified_time\" content=\"2022-05-27T23:37:57+00:00\" \/>\n<meta property=\"og:image\" content=\"https:\/\/womenhouse.cz\/wp-content\/uploads\/2022\/04\/0066442739_Mysi_V_TTL.jpg\" \/>\n\t<meta property=\"og:image:width\" content=\"1641\" \/>\n\t<meta property=\"og:image:height\" content=\"850\" \/>\n\t<meta property=\"og:image:type\" content=\"image\/jpeg\" \/>\n<meta name=\"author\" content=\"Jolana Hol\u00e1\u0148ov\u00e1\" \/>\n<meta name=\"twitter:card\" content=\"summary_large_image\" \/>\n<meta name=\"twitter:label1\" content=\"Napsal(a)\" \/>\n\t<meta name=\"twitter:data1\" content=\"Jolana Hol\u00e1\u0148ov\u00e1\" \/>\n\t<meta name=\"twitter:label2\" content=\"Odhadovan\u00e1 doba \u010dten\u00ed\" \/>\n\t<meta name=\"twitter:data2\" content=\"6 minut\" \/>\n<script type=\"application\/ld+json\" class=\"yoast-schema-graph\">{\"@context\":\"https:\/\/schema.org\",\"@graph\":[{\"@type\":\"Article\",\"@id\":\"https:\/\/womenhouse.cz\/index.php\/2022\/04\/14\/pro-novou-knizni-edici-mysi-patri-do-nebe-vytvorila-denisa-grimmova-veskere-ilustrace\/#article\",\"isPartOf\":{\"@id\":\"https:\/\/womenhouse.cz\/index.php\/2022\/04\/14\/pro-novou-knizni-edici-mysi-patri-do-nebe-vytvorila-denisa-grimmova-veskere-ilustrace\/\"},\"author\":{\"name\":\"Jolana Hol\u00e1\u0148ov\u00e1\",\"@id\":\"https:\/\/womenhouse.cz\/#\/schema\/person\/541326101f8d68c711e83e8fecc80738\"},\"headline\":\"Pro novou kni\u017en\u00ed edici My\u0161i pat\u0159\u00ed do nebe vytvo\u0159ila Denisa Grimmov\u00e1 ve\u0161ker\u00e9 ilustrace\",\"datePublished\":\"2022-04-13T23:41:39+00:00\",\"dateModified\":\"2022-05-27T23:37:57+00:00\",\"mainEntityOfPage\":{\"@id\":\"https:\/\/womenhouse.cz\/index.php\/2022\/04\/14\/pro-novou-knizni-edici-mysi-patri-do-nebe-vytvorila-denisa-grimmova-veskere-ilustrace\/\"},\"wordCount\":1147,\"publisher\":{\"@id\":\"https:\/\/womenhouse.cz\/#organization\"},\"inLanguage\":\"cs\"},{\"@type\":\"WebPage\",\"@id\":\"https:\/\/womenhouse.cz\/index.php\/2022\/04\/14\/pro-novou-knizni-edici-mysi-patri-do-nebe-vytvorila-denisa-grimmova-veskere-ilustrace\/\",\"url\":\"https:\/\/womenhouse.cz\/index.php\/2022\/04\/14\/pro-novou-knizni-edici-mysi-patri-do-nebe-vytvorila-denisa-grimmova-veskere-ilustrace\/\",\"name\":\"Pro novou kni\u017en\u00ed edici My\u0161i pat\u0159\u00ed do nebe vytvo\u0159ila Denisa Grimmov\u00e1 ve\u0161ker\u00e9 ilustrace - WOMENHOUSE.cz\",\"isPartOf\":{\"@id\":\"https:\/\/womenhouse.cz\/#website\"},\"datePublished\":\"2022-04-13T23:41:39+00:00\",\"dateModified\":\"2022-05-27T23:37:57+00:00\",\"breadcrumb\":{\"@id\":\"https:\/\/womenhouse.cz\/index.php\/2022\/04\/14\/pro-novou-knizni-edici-mysi-patri-do-nebe-vytvorila-denisa-grimmova-veskere-ilustrace\/#breadcrumb\"},\"inLanguage\":\"cs\",\"potentialAction\":[{\"@type\":\"ReadAction\",\"target\":[\"https:\/\/womenhouse.cz\/index.php\/2022\/04\/14\/pro-novou-knizni-edici-mysi-patri-do-nebe-vytvorila-denisa-grimmova-veskere-ilustrace\/\"]}]},{\"@type\":\"BreadcrumbList\",\"@id\":\"https:\/\/womenhouse.cz\/index.php\/2022\/04\/14\/pro-novou-knizni-edici-mysi-patri-do-nebe-vytvorila-denisa-grimmova-veskere-ilustrace\/#breadcrumb\",\"itemListElement\":[{\"@type\":\"ListItem\",\"position\":1,\"name\":\"Dom\u016f\",\"item\":\"https:\/\/womenhouse.cz\/\"},{\"@type\":\"ListItem\",\"position\":2,\"name\":\"Pro novou kni\u017en\u00ed edici My\u0161i pat\u0159\u00ed do nebe vytvo\u0159ila Denisa Grimmov\u00e1 ve\u0161ker\u00e9 ilustrace\"}]},{\"@type\":\"WebSite\",\"@id\":\"https:\/\/womenhouse.cz\/#website\",\"url\":\"https:\/\/womenhouse.cz\/\",\"name\":\"WOMENHOUSE.cz\",\"description\":\"Port\u00e1l v\u00fdhradn\u011b jen pro \u017eeny...\",\"publisher\":{\"@id\":\"https:\/\/womenhouse.cz\/#organization\"},\"potentialAction\":[{\"@type\":\"SearchAction\",\"target\":{\"@type\":\"EntryPoint\",\"urlTemplate\":\"https:\/\/womenhouse.cz\/?s={search_term_string}\"},\"query-input\":\"required name=search_term_string\"}],\"inLanguage\":\"cs\"},{\"@type\":\"Organization\",\"@id\":\"https:\/\/womenhouse.cz\/#organization\",\"name\":\"WOMENHOUSE.cz\",\"url\":\"https:\/\/womenhouse.cz\/\",\"logo\":{\"@type\":\"ImageObject\",\"inLanguage\":\"cs\",\"@id\":\"https:\/\/womenhouse.cz\/#\/schema\/logo\/image\/\",\"url\":\"https:\/\/womenhouse.cz\/wp-content\/uploads\/2020\/06\/cropped-logo_Womenhouse_RGB-02-removebg-preview-1.png\",\"contentUrl\":\"https:\/\/womenhouse.cz\/wp-content\/uploads\/2020\/06\/cropped-logo_Womenhouse_RGB-02-removebg-preview-1.png\",\"width\":561,\"height\":375,\"caption\":\"WOMENHOUSE.cz\"},\"image\":{\"@id\":\"https:\/\/womenhouse.cz\/#\/schema\/logo\/image\/\"},\"sameAs\":[\"https:\/\/www.facebook.com\/womenhousecz\",\"https:\/\/www.instagram.com\/womenhousecz\/\"]},{\"@type\":\"Person\",\"@id\":\"https:\/\/womenhouse.cz\/#\/schema\/person\/541326101f8d68c711e83e8fecc80738\",\"name\":\"Jolana Hol\u00e1\u0148ov\u00e1\",\"sameAs\":[\"http:\/\/www.womenhouse.cz\"],\"url\":\"https:\/\/womenhouse.cz\/index.php\/author\/jolhol\/\"}]}<\/script>\n<!-- \/ Yoast SEO plugin. -->","yoast_head_json":{"title":"Pro novou kni\u017en\u00ed edici My\u0161i pat\u0159\u00ed do nebe vytvo\u0159ila Denisa Grimmov\u00e1 ve\u0161ker\u00e9 ilustrace - WOMENHOUSE.cz","robots":{"index":"index","follow":"follow","max-snippet":"max-snippet:-1","max-image-preview":"max-image-preview:large","max-video-preview":"max-video-preview:-1"},"canonical":"https:\/\/womenhouse.cz\/index.php\/2022\/04\/14\/pro-novou-knizni-edici-mysi-patri-do-nebe-vytvorila-denisa-grimmova-veskere-ilustrace\/","og_locale":"cs_CZ","og_type":"article","og_title":"Pro novou kni\u017en\u00ed edici My\u0161i pat\u0159\u00ed do nebe vytvo\u0159ila Denisa Grimmov\u00e1 ve\u0161ker\u00e9 ilustrace - WOMENHOUSE.cz","og_description":"Kniha Ivy Proch\u00e1zkov\u00e9 i film Denisy Grimmov\u00e9 sb\u00edraj\u00ed dal\u0161\u00ed ceny. Film My\u0161i pat\u0159\u00ed do nebe, inspirovan\u00fd stejnojmennou knihou spisovatelky Ivy Proch\u00e1zkov\u00e9, z\u00edskal \u010cesk\u00e9ho lva. Porazil tak Moje slunce Mad, drama nominovan\u00e9 na Zlat\u00fd gl\u00f3bus. Dobrodru\u017en\u00fd p\u0159\u00edb\u011bh o my\u0161i a li\u0161\u00e1kovi vych\u00e1z\u00ed z&nbsp;popul\u00e1rn\u00ed stejnojmenn\u00e9 kni\u017en\u00ed p\u0159edlohy spisovatelky Ivy Proch\u00e1zkov\u00e9. Obdr\u017eel mnoho cen, nap\u0159. za nejlep\u0161\u00ed animovan\u00fd [&hellip;]","og_url":"https:\/\/womenhouse.cz\/index.php\/2022\/04\/14\/pro-novou-knizni-edici-mysi-patri-do-nebe-vytvorila-denisa-grimmova-veskere-ilustrace\/","og_site_name":"WOMENHOUSE.cz","article_publisher":"https:\/\/www.facebook.com\/womenhousecz","article_published_time":"2022-04-13T23:41:39+00:00","article_modified_time":"2022-05-27T23:37:57+00:00","og_image":[{"width":1641,"height":850,"url":"https:\/\/womenhouse.cz\/wp-content\/uploads\/2022\/04\/0066442739_Mysi_V_TTL.jpg","type":"image\/jpeg"}],"author":"Jolana Hol\u00e1\u0148ov\u00e1","twitter_card":"summary_large_image","twitter_misc":{"Napsal(a)":"Jolana Hol\u00e1\u0148ov\u00e1","Odhadovan\u00e1 doba \u010dten\u00ed":"6 minut"},"schema":{"@context":"https:\/\/schema.org","@graph":[{"@type":"Article","@id":"https:\/\/womenhouse.cz\/index.php\/2022\/04\/14\/pro-novou-knizni-edici-mysi-patri-do-nebe-vytvorila-denisa-grimmova-veskere-ilustrace\/#article","isPartOf":{"@id":"https:\/\/womenhouse.cz\/index.php\/2022\/04\/14\/pro-novou-knizni-edici-mysi-patri-do-nebe-vytvorila-denisa-grimmova-veskere-ilustrace\/"},"author":{"name":"Jolana Hol\u00e1\u0148ov\u00e1","@id":"https:\/\/womenhouse.cz\/#\/schema\/person\/541326101f8d68c711e83e8fecc80738"},"headline":"Pro novou kni\u017en\u00ed edici My\u0161i pat\u0159\u00ed do nebe vytvo\u0159ila Denisa Grimmov\u00e1 ve\u0161ker\u00e9 ilustrace","datePublished":"2022-04-13T23:41:39+00:00","dateModified":"2022-05-27T23:37:57+00:00","mainEntityOfPage":{"@id":"https:\/\/womenhouse.cz\/index.php\/2022\/04\/14\/pro-novou-knizni-edici-mysi-patri-do-nebe-vytvorila-denisa-grimmova-veskere-ilustrace\/"},"wordCount":1147,"publisher":{"@id":"https:\/\/womenhouse.cz\/#organization"},"inLanguage":"cs"},{"@type":"WebPage","@id":"https:\/\/womenhouse.cz\/index.php\/2022\/04\/14\/pro-novou-knizni-edici-mysi-patri-do-nebe-vytvorila-denisa-grimmova-veskere-ilustrace\/","url":"https:\/\/womenhouse.cz\/index.php\/2022\/04\/14\/pro-novou-knizni-edici-mysi-patri-do-nebe-vytvorila-denisa-grimmova-veskere-ilustrace\/","name":"Pro novou kni\u017en\u00ed edici My\u0161i pat\u0159\u00ed do nebe vytvo\u0159ila Denisa Grimmov\u00e1 ve\u0161ker\u00e9 ilustrace - WOMENHOUSE.cz","isPartOf":{"@id":"https:\/\/womenhouse.cz\/#website"},"datePublished":"2022-04-13T23:41:39+00:00","dateModified":"2022-05-27T23:37:57+00:00","breadcrumb":{"@id":"https:\/\/womenhouse.cz\/index.php\/2022\/04\/14\/pro-novou-knizni-edici-mysi-patri-do-nebe-vytvorila-denisa-grimmova-veskere-ilustrace\/#breadcrumb"},"inLanguage":"cs","potentialAction":[{"@type":"ReadAction","target":["https:\/\/womenhouse.cz\/index.php\/2022\/04\/14\/pro-novou-knizni-edici-mysi-patri-do-nebe-vytvorila-denisa-grimmova-veskere-ilustrace\/"]}]},{"@type":"BreadcrumbList","@id":"https:\/\/womenhouse.cz\/index.php\/2022\/04\/14\/pro-novou-knizni-edici-mysi-patri-do-nebe-vytvorila-denisa-grimmova-veskere-ilustrace\/#breadcrumb","itemListElement":[{"@type":"ListItem","position":1,"name":"Dom\u016f","item":"https:\/\/womenhouse.cz\/"},{"@type":"ListItem","position":2,"name":"Pro novou kni\u017en\u00ed edici My\u0161i pat\u0159\u00ed do nebe vytvo\u0159ila Denisa Grimmov\u00e1 ve\u0161ker\u00e9 ilustrace"}]},{"@type":"WebSite","@id":"https:\/\/womenhouse.cz\/#website","url":"https:\/\/womenhouse.cz\/","name":"WOMENHOUSE.cz","description":"Port\u00e1l v\u00fdhradn\u011b jen pro \u017eeny...","publisher":{"@id":"https:\/\/womenhouse.cz\/#organization"},"potentialAction":[{"@type":"SearchAction","target":{"@type":"EntryPoint","urlTemplate":"https:\/\/womenhouse.cz\/?s={search_term_string}"},"query-input":"required name=search_term_string"}],"inLanguage":"cs"},{"@type":"Organization","@id":"https:\/\/womenhouse.cz\/#organization","name":"WOMENHOUSE.cz","url":"https:\/\/womenhouse.cz\/","logo":{"@type":"ImageObject","inLanguage":"cs","@id":"https:\/\/womenhouse.cz\/#\/schema\/logo\/image\/","url":"https:\/\/womenhouse.cz\/wp-content\/uploads\/2020\/06\/cropped-logo_Womenhouse_RGB-02-removebg-preview-1.png","contentUrl":"https:\/\/womenhouse.cz\/wp-content\/uploads\/2020\/06\/cropped-logo_Womenhouse_RGB-02-removebg-preview-1.png","width":561,"height":375,"caption":"WOMENHOUSE.cz"},"image":{"@id":"https:\/\/womenhouse.cz\/#\/schema\/logo\/image\/"},"sameAs":["https:\/\/www.facebook.com\/womenhousecz","https:\/\/www.instagram.com\/womenhousecz\/"]},{"@type":"Person","@id":"https:\/\/womenhouse.cz\/#\/schema\/person\/541326101f8d68c711e83e8fecc80738","name":"Jolana Hol\u00e1\u0148ov\u00e1","sameAs":["http:\/\/www.womenhouse.cz"],"url":"https:\/\/womenhouse.cz\/index.php\/author\/jolhol\/"}]}},"_links":{"self":[{"href":"https:\/\/womenhouse.cz\/index.php\/wp-json\/wp\/v2\/posts\/7336"}],"collection":[{"href":"https:\/\/womenhouse.cz\/index.php\/wp-json\/wp\/v2\/posts"}],"about":[{"href":"https:\/\/womenhouse.cz\/index.php\/wp-json\/wp\/v2\/types\/post"}],"author":[{"embeddable":true,"href":"https:\/\/womenhouse.cz\/index.php\/wp-json\/wp\/v2\/users\/2"}],"replies":[{"embeddable":true,"href":"https:\/\/womenhouse.cz\/index.php\/wp-json\/wp\/v2\/comments?post=7336"}],"version-history":[{"count":-4,"href":"https:\/\/womenhouse.cz\/index.php\/wp-json\/wp\/v2\/posts\/7336\/revisions"}],"wp:featuredmedia":[{"embeddable":true,"href":"https:\/\/womenhouse.cz\/index.php\/wp-json\/wp\/v2\/media\/7342"}],"wp:attachment":[{"href":"https:\/\/womenhouse.cz\/index.php\/wp-json\/wp\/v2\/media?parent=7336"}],"wp:term":[{"taxonomy":"category","embeddable":true,"href":"https:\/\/womenhouse.cz\/index.php\/wp-json\/wp\/v2\/categories?post=7336"},{"taxonomy":"post_tag","embeddable":true,"href":"https:\/\/womenhouse.cz\/index.php\/wp-json\/wp\/v2\/tags?post=7336"}],"curies":[{"name":"wp","href":"https:\/\/api.w.org\/{rel}","templated":true}]}}