{"id":671,"date":"2019-09-05T10:53:33","date_gmt":"2019-09-05T08:53:33","guid":{"rendered":"http:\/\/womenhouse.cz\/?p=671"},"modified":"2019-10-29T17:26:25","modified_gmt":"2019-10-29T16:26:25","slug":"baletni-kurzy-pro-deti-i-vy-muzete-mit-doma-malou-baletku","status":"publish","type":"post","link":"https:\/\/womenhouse.cz\/index.php\/2019\/09\/05\/baletni-kurzy-pro-deti-i-vy-muzete-mit-doma-malou-baletku\/","title":{"rendered":"Baletn\u00ed kurzy pro d\u011bti: I vy m\u016f\u017eete m\u00edt doma malou baletku"},"content":{"rendered":"\n<figure class=\"wp-block-image\"><img decoding=\"async\" src=\"http:\/\/kidshouse.cz\/wp-content\/uploads\/2019\/09\/ballet-3362682_1920-1024x685.jpg\" alt=\"\" class=\"wp-image-421\"\/><\/figure>\n\n\n\n<p>Za\u010d\u00edn\u00e1 nov\u00fd \u0161koln\u00ed rok a s&nbsp;n\u00edm i starosti, jak\u00e9 zvolit z\u00e1jmov\u00e9 krou\u017eky pro sv\u00e9 d\u00edt\u011b. Na trhu je nep\u0159ebern\u00e9 mno\u017estv\u00ed aktivit, krou\u017ek\u016f, kurz\u016f, odd\u00edl\u016f\u2026 \u010dasto n\u00e1m z&nbsp;toho jde hlava kolem. Je dobr\u00e9 se zam\u011b\u0159it na to, co d\u00edt\u011b bav\u00ed nebo k&nbsp;\u010demu m\u00e1 p\u0159irozen\u00e9 dispozice.<\/p>\n\n\n\n<h3 class=\"wp-block-heading\"><strong>Mal\u00e1 primabaler\u00edna<\/strong><\/h3>\n\n\n\n<p>V&nbsp;baletn\u00edch kurzech pro d\u011bti se rod\u00ed radost z&nbsp;pohybu, d\u00edt\u011b se u\u010d\u00ed trp\u011blivosti a c\u00edlev\u011bdomosti. Lekce m\u00e1 zprvu charakter prota\u017een\u00ed, z\u00edsk\u00e1v\u00e1n\u00ed rovnov\u00e1hy a zdokonalov\u00e1n\u00ed ladn\u00fdch pohyb\u016f. C\u00edlem je nal\u00e9zt l\u00e1sku k&nbsp;hudb\u011b a baletu. Vznikaj\u00ed zde p\u0159\u00e1telstv\u00ed a prohlubuj\u00ed se soci\u00e1ln\u00ed vazby.<\/p>\n\n\n\n<p>Ka\u017ed\u00fd tr\u00e9nink prob\u00edh\u00e1 v p\u0159edepsan\u00e9m oble\u010den\u00ed \u2013 d\u011btsk\u00e9 srd\u00ed\u010dko zaples\u00e1, kdy\u017e m\u016f\u017ee tr\u00e9novat v&nbsp;baletn\u00edm trikotu, pun\u010doch\u00e1\u010d\u00edch a pi\u0161kotech \u201ejako velk\u00e1 baletka\u201c.<\/p>\n\n\n\n<figure class=\"wp-block-image\"><img decoding=\"async\" src=\"http:\/\/kidshouse.cz\/wp-content\/uploads\/2019\/09\/balet5-1024x627.jpg\" alt=\"\" class=\"wp-image-419\"\/><\/figure>\n\n\n\n<h3 class=\"wp-block-heading\"><strong>Tip redakce<\/strong><\/h3>\n\n\n\n<p><strong>Baletn\u00ed akademie Ad\u00e9ly Pollertov\u00e9<\/strong>&nbsp;stav\u00ed na dlouholet\u00fdch zku\u0161enostech: lekto\u0159i jsou lid\u00e9 s&nbsp;baletn\u00ed pr\u016fpravou, zku\u0161enostmi s&nbsp;prac\u00ed s&nbsp;d\u011btmi a velikou trp\u011blivost\u00ed. Ka\u017ed\u00fd b\u011bh kurzu je zakon\u010den ve\u0159ejn\u00fdm vystoupen\u00edm, ke kter\u00e9mu celoro\u010dn\u00ed \u00fasil\u00ed lektor\u016f i \u017e\u00e1k\u016f sm\u011b\u0159uje.<\/p>\n\n\n\n<p>Term\u00edny kurz\u016f na podzimn\u00ed obdob\u00ed jsou rozd\u011bleny podle v\u011bku a zku\u0161enost\u00ed s&nbsp;baletem. Ka\u017ed\u00fd zde nalezne to sv\u00e9.<\/p>\n\n\n\n<p><strong>Je mo\u017en\u00e9, \u017ee i vy m\u00e1te doma budouc\u00ed primabaler\u00ednu \u010di baletku. Baletn\u00ed akademie nab\u00edz\u00ed kurzy i pro dosp\u011bl\u00e9, baletkou m\u016f\u017eete b\u00fdt i vy.<\/strong><\/p>\n\n\n\n<p>P\u0159ihl\u00e1\u0161en\u00ed a v\u00edce informac\u00ed naleznete na&nbsp;<strong><a href=\"https:\/\/www.baletniakademie.cz\/balet-deti\/\">www.baletniakademie.cz<\/a><\/strong>.<\/p>\n\n\n\n<figure class=\"wp-block-image is-resized\"><a href=\"https:\/\/www.baletniakademie.cz\/\"><img loading=\"lazy\" decoding=\"async\" src=\"http:\/\/kidshouse.cz\/wp-content\/uploads\/2019\/09\/logo_banner-1024x652.jpg\" alt=\"\" class=\"wp-image-422\" width=\"512\" height=\"326\"\/><\/a><\/figure>\n","protected":false},"excerpt":{"rendered":"<p>Za\u010d\u00edn\u00e1 nov\u00fd \u0161koln\u00ed rok a s&nbsp;n\u00edm i starosti, jak\u00e9 zvolit z\u00e1jmov\u00e9 krou\u017eky pro sv\u00e9 d\u00edt\u011b. Na trhu je nep\u0159ebern\u00e9 mno\u017estv\u00ed aktivit, krou\u017ek\u016f, kurz\u016f, odd\u00edl\u016f\u2026 \u010dasto n\u00e1m z&nbsp;toho jde hlava kolem. Je dobr\u00e9 se zam\u011b\u0159it na to, co d\u00edt\u011b bav\u00ed nebo k&nbsp;\u010demu m\u00e1 p\u0159irozen\u00e9 dispozice. Mal\u00e1 primabaler\u00edna V&nbsp;baletn\u00edch kurzech pro d\u011bti se rod\u00ed radost z&nbsp;pohybu, d\u00edt\u011b [&hellip;]<\/p>\n","protected":false},"author":5,"featured_media":672,"comment_status":"closed","ping_status":"closed","sticky":false,"template":"","format":"standard","meta":{"_mi_skip_tracking":false,"_monsterinsights_sitenote_active":false,"_monsterinsights_sitenote_note":"","_monsterinsights_sitenote_category":0,"footnotes":""},"categories":[2,22],"tags":[],"yoast_head":"<!-- This site is optimized with the Yoast SEO plugin v21.5 - https:\/\/yoast.com\/wordpress\/plugins\/seo\/ -->\n<title>Baletn\u00ed kurzy pro d\u011bti: I vy m\u016f\u017eete m\u00edt doma malou baletku - WOMENHOUSE.cz<\/title>\n<meta name=\"robots\" content=\"index, follow, max-snippet:-1, max-image-preview:large, max-video-preview:-1\" \/>\n<link rel=\"canonical\" href=\"https:\/\/womenhouse.cz\/index.php\/2019\/09\/05\/baletni-kurzy-pro-deti-i-vy-muzete-mit-doma-malou-baletku\/\" \/>\n<meta property=\"og:locale\" content=\"cs_CZ\" \/>\n<meta property=\"og:type\" content=\"article\" \/>\n<meta property=\"og:title\" content=\"Baletn\u00ed kurzy pro d\u011bti: I vy m\u016f\u017eete m\u00edt doma malou baletku - WOMENHOUSE.cz\" \/>\n<meta property=\"og:description\" content=\"Za\u010d\u00edn\u00e1 nov\u00fd \u0161koln\u00ed rok a s&nbsp;n\u00edm i starosti, jak\u00e9 zvolit z\u00e1jmov\u00e9 krou\u017eky pro sv\u00e9 d\u00edt\u011b. Na trhu je nep\u0159ebern\u00e9 mno\u017estv\u00ed aktivit, krou\u017ek\u016f, kurz\u016f, odd\u00edl\u016f\u2026 \u010dasto n\u00e1m z&nbsp;toho jde hlava kolem. Je dobr\u00e9 se zam\u011b\u0159it na to, co d\u00edt\u011b bav\u00ed nebo k&nbsp;\u010demu m\u00e1 p\u0159irozen\u00e9 dispozice. Mal\u00e1 primabaler\u00edna V&nbsp;baletn\u00edch kurzech pro d\u011bti se rod\u00ed radost z&nbsp;pohybu, d\u00edt\u011b [&hellip;]\" \/>\n<meta property=\"og:url\" content=\"https:\/\/womenhouse.cz\/index.php\/2019\/09\/05\/baletni-kurzy-pro-deti-i-vy-muzete-mit-doma-malou-baletku\/\" \/>\n<meta property=\"og:site_name\" content=\"WOMENHOUSE.cz\" \/>\n<meta property=\"article:publisher\" content=\"https:\/\/www.facebook.com\/womenhousecz\" \/>\n<meta property=\"article:published_time\" content=\"2019-09-05T08:53:33+00:00\" \/>\n<meta property=\"article:modified_time\" content=\"2019-10-29T16:26:25+00:00\" \/>\n<meta property=\"og:image\" content=\"https:\/\/womenhouse.cz\/wp-content\/uploads\/2019\/09\/ballet-3362682_1920.jpg\" \/>\n\t<meta property=\"og:image:width\" content=\"1920\" \/>\n\t<meta property=\"og:image:height\" content=\"1285\" \/>\n\t<meta property=\"og:image:type\" content=\"image\/jpeg\" \/>\n<meta name=\"author\" content=\"Marcela Karafizievov\u00e1\" \/>\n<meta name=\"twitter:card\" content=\"summary_large_image\" \/>\n<meta name=\"twitter:label1\" content=\"Napsal(a)\" \/>\n\t<meta name=\"twitter:data1\" content=\"Marcela Karafizievov\u00e1\" \/>\n\t<meta name=\"twitter:label2\" content=\"Odhadovan\u00e1 doba \u010dten\u00ed\" \/>\n\t<meta name=\"twitter:data2\" content=\"1 minuta\" \/>\n<script type=\"application\/ld+json\" class=\"yoast-schema-graph\">{\"@context\":\"https:\/\/schema.org\",\"@graph\":[{\"@type\":\"Article\",\"@id\":\"https:\/\/womenhouse.cz\/index.php\/2019\/09\/05\/baletni-kurzy-pro-deti-i-vy-muzete-mit-doma-malou-baletku\/#article\",\"isPartOf\":{\"@id\":\"https:\/\/womenhouse.cz\/index.php\/2019\/09\/05\/baletni-kurzy-pro-deti-i-vy-muzete-mit-doma-malou-baletku\/\"},\"author\":{\"name\":\"Marcela Karafizievov\u00e1\",\"@id\":\"https:\/\/womenhouse.cz\/#\/schema\/person\/bb23de047f36ce228c1df3119aa23bff\"},\"headline\":\"Baletn\u00ed kurzy pro d\u011bti: I vy m\u016f\u017eete m\u00edt doma malou baletku\",\"datePublished\":\"2019-09-05T08:53:33+00:00\",\"dateModified\":\"2019-10-29T16:26:25+00:00\",\"mainEntityOfPage\":{\"@id\":\"https:\/\/womenhouse.cz\/index.php\/2019\/09\/05\/baletni-kurzy-pro-deti-i-vy-muzete-mit-doma-malou-baletku\/\"},\"wordCount\":307,\"publisher\":{\"@id\":\"https:\/\/womenhouse.cz\/#organization\"},\"articleSection\":[\"NEWS\",\"RELAX &amp; SPORT\"],\"inLanguage\":\"cs\"},{\"@type\":\"WebPage\",\"@id\":\"https:\/\/womenhouse.cz\/index.php\/2019\/09\/05\/baletni-kurzy-pro-deti-i-vy-muzete-mit-doma-malou-baletku\/\",\"url\":\"https:\/\/womenhouse.cz\/index.php\/2019\/09\/05\/baletni-kurzy-pro-deti-i-vy-muzete-mit-doma-malou-baletku\/\",\"name\":\"Baletn\u00ed kurzy pro d\u011bti: I vy m\u016f\u017eete m\u00edt doma malou baletku - WOMENHOUSE.cz\",\"isPartOf\":{\"@id\":\"https:\/\/womenhouse.cz\/#website\"},\"datePublished\":\"2019-09-05T08:53:33+00:00\",\"dateModified\":\"2019-10-29T16:26:25+00:00\",\"breadcrumb\":{\"@id\":\"https:\/\/womenhouse.cz\/index.php\/2019\/09\/05\/baletni-kurzy-pro-deti-i-vy-muzete-mit-doma-malou-baletku\/#breadcrumb\"},\"inLanguage\":\"cs\",\"potentialAction\":[{\"@type\":\"ReadAction\",\"target\":[\"https:\/\/womenhouse.cz\/index.php\/2019\/09\/05\/baletni-kurzy-pro-deti-i-vy-muzete-mit-doma-malou-baletku\/\"]}]},{\"@type\":\"BreadcrumbList\",\"@id\":\"https:\/\/womenhouse.cz\/index.php\/2019\/09\/05\/baletni-kurzy-pro-deti-i-vy-muzete-mit-doma-malou-baletku\/#breadcrumb\",\"itemListElement\":[{\"@type\":\"ListItem\",\"position\":1,\"name\":\"Dom\u016f\",\"item\":\"https:\/\/womenhouse.cz\/\"},{\"@type\":\"ListItem\",\"position\":2,\"name\":\"Baletn\u00ed kurzy pro d\u011bti: I vy m\u016f\u017eete m\u00edt doma malou baletku\"}]},{\"@type\":\"WebSite\",\"@id\":\"https:\/\/womenhouse.cz\/#website\",\"url\":\"https:\/\/womenhouse.cz\/\",\"name\":\"WOMENHOUSE.cz\",\"description\":\"Port\u00e1l v\u00fdhradn\u011b jen pro \u017eeny...\",\"publisher\":{\"@id\":\"https:\/\/womenhouse.cz\/#organization\"},\"potentialAction\":[{\"@type\":\"SearchAction\",\"target\":{\"@type\":\"EntryPoint\",\"urlTemplate\":\"https:\/\/womenhouse.cz\/?s={search_term_string}\"},\"query-input\":\"required name=search_term_string\"}],\"inLanguage\":\"cs\"},{\"@type\":\"Organization\",\"@id\":\"https:\/\/womenhouse.cz\/#organization\",\"name\":\"WOMENHOUSE.cz\",\"url\":\"https:\/\/womenhouse.cz\/\",\"logo\":{\"@type\":\"ImageObject\",\"inLanguage\":\"cs\",\"@id\":\"https:\/\/womenhouse.cz\/#\/schema\/logo\/image\/\",\"url\":\"https:\/\/womenhouse.cz\/wp-content\/uploads\/2020\/06\/cropped-logo_Womenhouse_RGB-02-removebg-preview-1.png\",\"contentUrl\":\"https:\/\/womenhouse.cz\/wp-content\/uploads\/2020\/06\/cropped-logo_Womenhouse_RGB-02-removebg-preview-1.png\",\"width\":561,\"height\":375,\"caption\":\"WOMENHOUSE.cz\"},\"image\":{\"@id\":\"https:\/\/womenhouse.cz\/#\/schema\/logo\/image\/\"},\"sameAs\":[\"https:\/\/www.facebook.com\/womenhousecz\",\"https:\/\/www.instagram.com\/womenhousecz\/\"]},{\"@type\":\"Person\",\"@id\":\"https:\/\/womenhouse.cz\/#\/schema\/person\/bb23de047f36ce228c1df3119aa23bff\",\"name\":\"Marcela Karafizievov\u00e1\",\"sameAs\":[\"http:\/\/WOMENHOUSE.cz\"],\"url\":\"https:\/\/womenhouse.cz\/index.php\/author\/markar\/\"}]}<\/script>\n<!-- \/ Yoast SEO plugin. -->","yoast_head_json":{"title":"Baletn\u00ed kurzy pro d\u011bti: I vy m\u016f\u017eete m\u00edt doma malou baletku - WOMENHOUSE.cz","robots":{"index":"index","follow":"follow","max-snippet":"max-snippet:-1","max-image-preview":"max-image-preview:large","max-video-preview":"max-video-preview:-1"},"canonical":"https:\/\/womenhouse.cz\/index.php\/2019\/09\/05\/baletni-kurzy-pro-deti-i-vy-muzete-mit-doma-malou-baletku\/","og_locale":"cs_CZ","og_type":"article","og_title":"Baletn\u00ed kurzy pro d\u011bti: I vy m\u016f\u017eete m\u00edt doma malou baletku - WOMENHOUSE.cz","og_description":"Za\u010d\u00edn\u00e1 nov\u00fd \u0161koln\u00ed rok a s&nbsp;n\u00edm i starosti, jak\u00e9 zvolit z\u00e1jmov\u00e9 krou\u017eky pro sv\u00e9 d\u00edt\u011b. Na trhu je nep\u0159ebern\u00e9 mno\u017estv\u00ed aktivit, krou\u017ek\u016f, kurz\u016f, odd\u00edl\u016f\u2026 \u010dasto n\u00e1m z&nbsp;toho jde hlava kolem. Je dobr\u00e9 se zam\u011b\u0159it na to, co d\u00edt\u011b bav\u00ed nebo k&nbsp;\u010demu m\u00e1 p\u0159irozen\u00e9 dispozice. Mal\u00e1 primabaler\u00edna V&nbsp;baletn\u00edch kurzech pro d\u011bti se rod\u00ed radost z&nbsp;pohybu, d\u00edt\u011b [&hellip;]","og_url":"https:\/\/womenhouse.cz\/index.php\/2019\/09\/05\/baletni-kurzy-pro-deti-i-vy-muzete-mit-doma-malou-baletku\/","og_site_name":"WOMENHOUSE.cz","article_publisher":"https:\/\/www.facebook.com\/womenhousecz","article_published_time":"2019-09-05T08:53:33+00:00","article_modified_time":"2019-10-29T16:26:25+00:00","og_image":[{"width":1920,"height":1285,"url":"https:\/\/womenhouse.cz\/wp-content\/uploads\/2019\/09\/ballet-3362682_1920.jpg","type":"image\/jpeg"}],"author":"Marcela Karafizievov\u00e1","twitter_card":"summary_large_image","twitter_misc":{"Napsal(a)":"Marcela Karafizievov\u00e1","Odhadovan\u00e1 doba \u010dten\u00ed":"1 minuta"},"schema":{"@context":"https:\/\/schema.org","@graph":[{"@type":"Article","@id":"https:\/\/womenhouse.cz\/index.php\/2019\/09\/05\/baletni-kurzy-pro-deti-i-vy-muzete-mit-doma-malou-baletku\/#article","isPartOf":{"@id":"https:\/\/womenhouse.cz\/index.php\/2019\/09\/05\/baletni-kurzy-pro-deti-i-vy-muzete-mit-doma-malou-baletku\/"},"author":{"name":"Marcela Karafizievov\u00e1","@id":"https:\/\/womenhouse.cz\/#\/schema\/person\/bb23de047f36ce228c1df3119aa23bff"},"headline":"Baletn\u00ed kurzy pro d\u011bti: I vy m\u016f\u017eete m\u00edt doma malou baletku","datePublished":"2019-09-05T08:53:33+00:00","dateModified":"2019-10-29T16:26:25+00:00","mainEntityOfPage":{"@id":"https:\/\/womenhouse.cz\/index.php\/2019\/09\/05\/baletni-kurzy-pro-deti-i-vy-muzete-mit-doma-malou-baletku\/"},"wordCount":307,"publisher":{"@id":"https:\/\/womenhouse.cz\/#organization"},"articleSection":["NEWS","RELAX &amp; SPORT"],"inLanguage":"cs"},{"@type":"WebPage","@id":"https:\/\/womenhouse.cz\/index.php\/2019\/09\/05\/baletni-kurzy-pro-deti-i-vy-muzete-mit-doma-malou-baletku\/","url":"https:\/\/womenhouse.cz\/index.php\/2019\/09\/05\/baletni-kurzy-pro-deti-i-vy-muzete-mit-doma-malou-baletku\/","name":"Baletn\u00ed kurzy pro d\u011bti: I vy m\u016f\u017eete m\u00edt doma malou baletku - WOMENHOUSE.cz","isPartOf":{"@id":"https:\/\/womenhouse.cz\/#website"},"datePublished":"2019-09-05T08:53:33+00:00","dateModified":"2019-10-29T16:26:25+00:00","breadcrumb":{"@id":"https:\/\/womenhouse.cz\/index.php\/2019\/09\/05\/baletni-kurzy-pro-deti-i-vy-muzete-mit-doma-malou-baletku\/#breadcrumb"},"inLanguage":"cs","potentialAction":[{"@type":"ReadAction","target":["https:\/\/womenhouse.cz\/index.php\/2019\/09\/05\/baletni-kurzy-pro-deti-i-vy-muzete-mit-doma-malou-baletku\/"]}]},{"@type":"BreadcrumbList","@id":"https:\/\/womenhouse.cz\/index.php\/2019\/09\/05\/baletni-kurzy-pro-deti-i-vy-muzete-mit-doma-malou-baletku\/#breadcrumb","itemListElement":[{"@type":"ListItem","position":1,"name":"Dom\u016f","item":"https:\/\/womenhouse.cz\/"},{"@type":"ListItem","position":2,"name":"Baletn\u00ed kurzy pro d\u011bti: I vy m\u016f\u017eete m\u00edt doma malou baletku"}]},{"@type":"WebSite","@id":"https:\/\/womenhouse.cz\/#website","url":"https:\/\/womenhouse.cz\/","name":"WOMENHOUSE.cz","description":"Port\u00e1l v\u00fdhradn\u011b jen pro \u017eeny...","publisher":{"@id":"https:\/\/womenhouse.cz\/#organization"},"potentialAction":[{"@type":"SearchAction","target":{"@type":"EntryPoint","urlTemplate":"https:\/\/womenhouse.cz\/?s={search_term_string}"},"query-input":"required name=search_term_string"}],"inLanguage":"cs"},{"@type":"Organization","@id":"https:\/\/womenhouse.cz\/#organization","name":"WOMENHOUSE.cz","url":"https:\/\/womenhouse.cz\/","logo":{"@type":"ImageObject","inLanguage":"cs","@id":"https:\/\/womenhouse.cz\/#\/schema\/logo\/image\/","url":"https:\/\/womenhouse.cz\/wp-content\/uploads\/2020\/06\/cropped-logo_Womenhouse_RGB-02-removebg-preview-1.png","contentUrl":"https:\/\/womenhouse.cz\/wp-content\/uploads\/2020\/06\/cropped-logo_Womenhouse_RGB-02-removebg-preview-1.png","width":561,"height":375,"caption":"WOMENHOUSE.cz"},"image":{"@id":"https:\/\/womenhouse.cz\/#\/schema\/logo\/image\/"},"sameAs":["https:\/\/www.facebook.com\/womenhousecz","https:\/\/www.instagram.com\/womenhousecz\/"]},{"@type":"Person","@id":"https:\/\/womenhouse.cz\/#\/schema\/person\/bb23de047f36ce228c1df3119aa23bff","name":"Marcela Karafizievov\u00e1","sameAs":["http:\/\/WOMENHOUSE.cz"],"url":"https:\/\/womenhouse.cz\/index.php\/author\/markar\/"}]}},"_links":{"self":[{"href":"https:\/\/womenhouse.cz\/index.php\/wp-json\/wp\/v2\/posts\/671"}],"collection":[{"href":"https:\/\/womenhouse.cz\/index.php\/wp-json\/wp\/v2\/posts"}],"about":[{"href":"https:\/\/womenhouse.cz\/index.php\/wp-json\/wp\/v2\/types\/post"}],"author":[{"embeddable":true,"href":"https:\/\/womenhouse.cz\/index.php\/wp-json\/wp\/v2\/users\/5"}],"replies":[{"embeddable":true,"href":"https:\/\/womenhouse.cz\/index.php\/wp-json\/wp\/v2\/comments?post=671"}],"version-history":[{"count":-2,"href":"https:\/\/womenhouse.cz\/index.php\/wp-json\/wp\/v2\/posts\/671\/revisions"}],"wp:featuredmedia":[{"embeddable":true,"href":"https:\/\/womenhouse.cz\/index.php\/wp-json\/wp\/v2\/media\/672"}],"wp:attachment":[{"href":"https:\/\/womenhouse.cz\/index.php\/wp-json\/wp\/v2\/media?parent=671"}],"wp:term":[{"taxonomy":"category","embeddable":true,"href":"https:\/\/womenhouse.cz\/index.php\/wp-json\/wp\/v2\/categories?post=671"},{"taxonomy":"post_tag","embeddable":true,"href":"https:\/\/womenhouse.cz\/index.php\/wp-json\/wp\/v2\/tags?post=671"}],"curies":[{"name":"wp","href":"https:\/\/api.w.org\/{rel}","templated":true}]}}