{"id":6158,"date":"2021-10-01T04:31:00","date_gmt":"2021-10-01T02:31:00","guid":{"rendered":"https:\/\/womenhouse.cz\/?p=6158"},"modified":"2022-02-09T01:15:22","modified_gmt":"2022-02-09T00:15:22","slug":"slavnostni-premiera-jamese-bonda-neni-cas-zemrit-se-konala-za-ucasti-ceskych-celebrit-v-prazskem-kine-imax","status":"publish","type":"post","link":"https:\/\/womenhouse.cz\/index.php\/2021\/10\/01\/slavnostni-premiera-jamese-bonda-neni-cas-zemrit-se-konala-za-ucasti-ceskych-celebrit-v-prazskem-kine-imax\/","title":{"rendered":"Slavnostn\u00ed premi\u00e9ra Jamese Bonda &#8211; NEN\u00cd \u010cAS ZEM\u0158\u00cdT se konala za \u00fa\u010dasti \u010desk\u00fdch celebrit v pra\u017esk\u00e9m kin\u011b IMAX"},"content":{"rendered":"\n<p><strong>Od p\u016fvodn\u00edho term\u00ednu premi\u00e9ry, kter\u00fd odsunula pandemie koronaviru, uplynulo v\u00edce ne\u017e rok a p\u016fl. Te\u010f se ale v\u0161ichni fanou\u0161ci Jamese Bonda kone\u010dn\u011b do\u010dkali v\u00a0po\u0159ad\u00ed ji\u017e dvac\u00e1t\u00e9ho p\u00e1t\u00e9ho filmu. O\u010dek\u00e1van\u00fd sn\u00edmek Nen\u00ed \u010das zam\u0159\u00edt si svou slavnostn\u00ed premi\u00e9ru odbyl za \u00fa\u010dasti \u010desk\u00fdch celebrit v\u00a0pra\u017esk\u00e9m kin\u011b IMAX na minutu p\u0159esn\u011b ve stejnou dobu jako v\u00a0Lond\u00fdn\u011b.<\/strong><\/p>\n\n\n\n<figure class=\"wp-block-image size-large\"><img loading=\"lazy\" decoding=\"async\" width=\"1024\" height=\"683\" src=\"https:\/\/womenhouse.cz\/wp-content\/uploads\/2021\/10\/Iva-Pazderkova-1024x683.jpg\" alt=\"\" class=\"wp-image-6161\" srcset=\"https:\/\/womenhouse.cz\/wp-content\/uploads\/2021\/10\/Iva-Pazderkova-1024x683.jpg 1024w, https:\/\/womenhouse.cz\/wp-content\/uploads\/2021\/10\/Iva-Pazderkova-300x200.jpg 300w, https:\/\/womenhouse.cz\/wp-content\/uploads\/2021\/10\/Iva-Pazderkova-768x512.jpg 768w, https:\/\/womenhouse.cz\/wp-content\/uploads\/2021\/10\/Iva-Pazderkova-1536x1024.jpg 1536w, https:\/\/womenhouse.cz\/wp-content\/uploads\/2021\/10\/Iva-Pazderkova.jpg 1620w\" sizes=\"(max-width: 1024px) 100vw, 1024px\" \/><\/figure>\n\n\n\n<p>V&nbsp;po\u0159ad\u00ed ji\u017e dvac\u00e1t\u00fd p\u00e1t\u00fd film ze s\u00e9rie Jamese Bonda s&nbsp;n\u00e1zvem Nen\u00ed \u010das zem\u0159\u00edt, vtrhne do kin 30. z\u00e1\u0159\u00ed. Mezi prvn\u00edmi ho m\u011bli mo\u017enost na slavnostn\u00ed premi\u00e9\u0159e v&nbsp;pra\u017esk\u00e9m kin\u011b Cinema City zhl\u00e9dnout Iva Pazderkov\u00e1, Jakub Koh\u00e1k, Ond\u0159ej Brzobohat\u00fd, Nela Boudov\u00e1, Jan Tuna, Libor Bou\u010dek, Jan Maxi\u00e1n, Petra Svoboda, Naomi Adachi, Marta Jandov\u00e1, Ta\u0165ana Makarenko, Josef Dost\u00e1l, David Svoboda, Martin Maxa, Kate Matl, Luk\u00e1\u0161 Langmajer, Karel Vo\u0159\u00ed\u0161ek, Robert Ja\u0161k\u00f3w, V\u00edtek Pokorn\u00fd, Dana Batulkov\u00e1, Michal Dvo\u0159\u00e1k a DJ Lucca, B\u00e1ra Kodetov\u00e1 a Pavel \u0160porcl, V\u00e1clav Kopta s&nbsp;rodinou, Ond\u0159ej Ruml, B\u00e1ra Mottlov\u00e1 i n\u00e1\u0161 \u0161\u00e9fredaktor Ivo Mikol\u00e1\u0161ek s doprovodem.<\/p>\n\n\n\n<figure class=\"wp-block-image\"><img decoding=\"async\" src=\"https:\/\/www.menhouse.cz\/tmp\/18538_0_800_1633003166.jpg\" alt=\"\"\/><\/figure>\n\n\n\n<p><em>\u201eT\u011b\u0161il jsem se&nbsp;skoro dva roky. Do kina jsem \u0161el ve smokingu a v&nbsp;lak\u00fdrk\u00e1ch, rozlou\u010dit se s&nbsp;Craigem. \u017d\u00e1dn\u00fd jeho Bond m\u011b nezklamal a ani Nen\u00ed \u010das zem\u0159\u00edt nen\u00ed v\u00fdjimkou. Skv\u011bl\u00e1 filma\u0159ina, akce, jemn\u00fd humor, ale i melancholie,\u201c<\/em>&nbsp;komentoval Jakub Koh\u00e1k film. To Petra Svoboda musela dokonce s\u00e1hnout po kapesn\u00edku.<\/p>\n\n\n\n<figure class=\"wp-block-image\"><img decoding=\"async\" src=\"https:\/\/celebrityhouse.cz\/wp-content\/uploads\/2021\/09\/Bara-Mottlova-1024x683.jpg\" alt=\"\" class=\"wp-image-4400\"\/><\/figure>\n\n\n\n<p><em>\u201ePosledn\u00ed James Bond m\u011b pohltil, film m\u011b moc bavil a mus\u00edm \u0159\u00edct, \u017ee jsem ne\u010dekala tolik zvrat\u016f a emoc\u00ed, kter\u00e9 m\u011b doslova p\u0159ipoutaly na sedadlo skoro na t\u0159i hodiny. A ano, i slza uk\u00e1pla,\u201c<\/em>&nbsp;dodala Svoboda. Herec, hudebn\u00edk a dab\u00e9r Jan Maxi\u00e1n dorazil Bonda po\u0159\u00e1dn\u011b prostudovat je\u0161t\u011b p\u0159ed t\u00edm, ne\u017e se pust\u00ed do dabov\u00e1n\u00ed tohoto filmu.<\/p>\n\n\n\n<figure class=\"wp-block-image\"><img decoding=\"async\" src=\"https:\/\/celebrityhouse.cz\/wp-content\/uploads\/2021\/09\/Naomi-Adachi-1024x683.jpg\" alt=\"\" class=\"wp-image-4410\"\/><\/figure>\n\n\n\n<p><em>\u201eTento d\u00edl, coby rozlu\u010dkov\u00fd film Daniela Craiga s&nbsp;Bondem, m\u011b velmi p\u0159ekvapil. Na jednu stranu skoro a\u017e nebondovsk\u00fdmi filmov\u00fdmi postupy a na druhou stranu p\u0159ekr\u00e1sn\u00fdmi odkazy na filmy minul\u00e9. Velice vyda\u0159en\u00e9. Zanedlouho budeme nat\u00e1\u010det ve studiu \u010desk\u00fd dabing k&nbsp;t\u00e9to bondovce, tak\u017ee u\u017e se t\u011b\u0161\u00edm, \u017ee se na n\u011bj budu moci pod\u00edvat znovu a o to detailn\u011bji,\u201c<\/em>&nbsp;up\u0159esnil Maxi\u00e1n.<\/p>\n\n\n\n<figure class=\"wp-block-image\"><img decoding=\"async\" src=\"https:\/\/celebrityhouse.cz\/wp-content\/uploads\/2021\/09\/Jan-Maxian-1024x683.jpg\" alt=\"\" class=\"wp-image-4403\"\/><\/figure>\n\n\n\n<p><strong>P\u0159ij\u010fte se na vlastn\u00ed o\u010di p\u0159esv\u011bd\u010dit, jak\u00e1 je posledn\u00ed bondovka s\u00a0Danielem Craigem v\u00a0hlavn\u00ed roli, jak ztv\u00e1rnil padoucha obl\u00edben\u00fd Rami Malek, na skv\u011bl\u00e9 ak\u010dn\u00ed sc\u00e9ny, n\u00e1dhern\u00e9 \u017eeny, charismatick\u00e9 mu\u017ee, nejdra\u017e\u0161\u00ed auta a okouzluj\u00edc\u00ed Lond\u00fdn. Zvolit si krom\u011b klasick\u00e9ho form\u00e1tu m\u016f\u017eete v\u00a0Cinema City i form\u00e1ty 4DX a IMAX.<\/strong><\/p>\n\n\n\n<div style=\"height:37px\" aria-hidden=\"true\" class=\"wp-block-spacer\"><\/div>\n\n\n\n<figure class=\"wp-block-gallery columns-2 is-cropped wp-block-gallery-1 is-layout-flex wp-block-gallery-is-layout-flex\"><ul class=\"blocks-gallery-grid\"><li class=\"blocks-gallery-item\"><figure><img loading=\"lazy\" decoding=\"async\" width=\"1024\" height=\"683\" src=\"https:\/\/womenhouse.cz\/wp-content\/uploads\/2021\/10\/Iva-Pazderkova-1024x683.jpg\" alt=\"\" data-id=\"6161\" data-full-url=\"https:\/\/womenhouse.cz\/wp-content\/uploads\/2021\/10\/Iva-Pazderkova.jpg\" data-link=\"https:\/\/womenhouse.cz\/?attachment_id=6161\" class=\"wp-image-6161\" srcset=\"https:\/\/womenhouse.cz\/wp-content\/uploads\/2021\/10\/Iva-Pazderkova-1024x683.jpg 1024w, https:\/\/womenhouse.cz\/wp-content\/uploads\/2021\/10\/Iva-Pazderkova-300x200.jpg 300w, https:\/\/womenhouse.cz\/wp-content\/uploads\/2021\/10\/Iva-Pazderkova-768x512.jpg 768w, https:\/\/womenhouse.cz\/wp-content\/uploads\/2021\/10\/Iva-Pazderkova-1536x1024.jpg 1536w, https:\/\/womenhouse.cz\/wp-content\/uploads\/2021\/10\/Iva-Pazderkova.jpg 1620w\" sizes=\"(max-width: 1024px) 100vw, 1024px\" \/><\/figure><\/li><li class=\"blocks-gallery-item\"><figure><img loading=\"lazy\" decoding=\"async\" width=\"1024\" height=\"683\" src=\"https:\/\/womenhouse.cz\/wp-content\/uploads\/2021\/10\/Naomi-Adachi-1024x683.jpg\" alt=\"\" data-id=\"6170\" data-full-url=\"https:\/\/womenhouse.cz\/wp-content\/uploads\/2021\/10\/Naomi-Adachi.jpg\" data-link=\"https:\/\/womenhouse.cz\/?attachment_id=6170\" class=\"wp-image-6170\" srcset=\"https:\/\/womenhouse.cz\/wp-content\/uploads\/2021\/10\/Naomi-Adachi-1024x683.jpg 1024w, https:\/\/womenhouse.cz\/wp-content\/uploads\/2021\/10\/Naomi-Adachi-300x200.jpg 300w, https:\/\/womenhouse.cz\/wp-content\/uploads\/2021\/10\/Naomi-Adachi-768x512.jpg 768w, https:\/\/womenhouse.cz\/wp-content\/uploads\/2021\/10\/Naomi-Adachi-1536x1024.jpg 1536w, https:\/\/womenhouse.cz\/wp-content\/uploads\/2021\/10\/Naomi-Adachi.jpg 1620w\" sizes=\"(max-width: 1024px) 100vw, 1024px\" \/><\/figure><\/li><li class=\"blocks-gallery-item\"><figure><img loading=\"lazy\" decoding=\"async\" width=\"1024\" height=\"802\" src=\"https:\/\/womenhouse.cz\/wp-content\/uploads\/2021\/10\/7265-1024x802.jpg\" alt=\"\" data-id=\"6177\" data-full-url=\"https:\/\/womenhouse.cz\/wp-content\/uploads\/2021\/10\/7265-scaled.jpg\" data-link=\"https:\/\/womenhouse.cz\/?attachment_id=6177\" class=\"wp-image-6177\" srcset=\"https:\/\/womenhouse.cz\/wp-content\/uploads\/2021\/10\/7265-1024x802.jpg 1024w, https:\/\/womenhouse.cz\/wp-content\/uploads\/2021\/10\/7265-300x235.jpg 300w, https:\/\/womenhouse.cz\/wp-content\/uploads\/2021\/10\/7265-768x601.jpg 768w\" sizes=\"(max-width: 1024px) 100vw, 1024px\" \/><\/figure><\/li><li class=\"blocks-gallery-item\"><figure><img loading=\"lazy\" decoding=\"async\" width=\"711\" height=\"1024\" src=\"https:\/\/womenhouse.cz\/wp-content\/uploads\/2021\/10\/7277-711x1024.jpg\" alt=\"\" data-id=\"6179\" data-full-url=\"https:\/\/womenhouse.cz\/wp-content\/uploads\/2021\/10\/7277-scaled.jpg\" data-link=\"https:\/\/womenhouse.cz\/?attachment_id=6179\" class=\"wp-image-6179\" srcset=\"https:\/\/womenhouse.cz\/wp-content\/uploads\/2021\/10\/7277-711x1024.jpg 711w, https:\/\/womenhouse.cz\/wp-content\/uploads\/2021\/10\/7277-208x300.jpg 208w, https:\/\/womenhouse.cz\/wp-content\/uploads\/2021\/10\/7277-scaled.jpg 1778w\" sizes=\"(max-width: 711px) 100vw, 711px\" \/><\/figure><\/li><li class=\"blocks-gallery-item\"><figure><img loading=\"lazy\" decoding=\"async\" width=\"1024\" height=\"683\" src=\"https:\/\/womenhouse.cz\/wp-content\/uploads\/2021\/10\/Martin-Maxa-1024x683.jpg\" alt=\"\" data-id=\"6168\" data-full-url=\"https:\/\/womenhouse.cz\/wp-content\/uploads\/2021\/10\/Martin-Maxa.jpg\" data-link=\"https:\/\/womenhouse.cz\/?attachment_id=6168\" class=\"wp-image-6168\" srcset=\"https:\/\/womenhouse.cz\/wp-content\/uploads\/2021\/10\/Martin-Maxa-1024x683.jpg 1024w, https:\/\/womenhouse.cz\/wp-content\/uploads\/2021\/10\/Martin-Maxa-300x200.jpg 300w, https:\/\/womenhouse.cz\/wp-content\/uploads\/2021\/10\/Martin-Maxa-768x512.jpg 768w, https:\/\/womenhouse.cz\/wp-content\/uploads\/2021\/10\/Martin-Maxa-1536x1024.jpg 1536w, https:\/\/womenhouse.cz\/wp-content\/uploads\/2021\/10\/Martin-Maxa.jpg 1620w\" sizes=\"(max-width: 1024px) 100vw, 1024px\" \/><\/figure><\/li><li class=\"blocks-gallery-item\"><figure><img loading=\"lazy\" decoding=\"async\" width=\"1024\" height=\"683\" src=\"https:\/\/womenhouse.cz\/wp-content\/uploads\/2021\/10\/Vaclav-Kopta-s-rodinou-1024x683.jpg\" alt=\"\" data-id=\"6178\" data-full-url=\"https:\/\/womenhouse.cz\/wp-content\/uploads\/2021\/10\/Vaclav-Kopta-s-rodinou.jpg\" data-link=\"https:\/\/womenhouse.cz\/?attachment_id=6178\" class=\"wp-image-6178\" srcset=\"https:\/\/womenhouse.cz\/wp-content\/uploads\/2021\/10\/Vaclav-Kopta-s-rodinou-1024x683.jpg 1024w, https:\/\/womenhouse.cz\/wp-content\/uploads\/2021\/10\/Vaclav-Kopta-s-rodinou-300x200.jpg 300w, https:\/\/womenhouse.cz\/wp-content\/uploads\/2021\/10\/Vaclav-Kopta-s-rodinou-768x512.jpg 768w, https:\/\/womenhouse.cz\/wp-content\/uploads\/2021\/10\/Vaclav-Kopta-s-rodinou-1536x1024.jpg 1536w, https:\/\/womenhouse.cz\/wp-content\/uploads\/2021\/10\/Vaclav-Kopta-s-rodinou.jpg 1620w\" sizes=\"(max-width: 1024px) 100vw, 1024px\" \/><\/figure><\/li><li class=\"blocks-gallery-item\"><figure><img loading=\"lazy\" decoding=\"async\" width=\"1024\" height=\"683\" src=\"https:\/\/womenhouse.cz\/wp-content\/uploads\/2021\/10\/Bara-Mottlova-1024x683.jpg\" alt=\"\" data-id=\"6160\" data-full-url=\"https:\/\/womenhouse.cz\/wp-content\/uploads\/2021\/10\/Bara-Mottlova.jpg\" data-link=\"https:\/\/womenhouse.cz\/?attachment_id=6160\" class=\"wp-image-6160\" srcset=\"https:\/\/womenhouse.cz\/wp-content\/uploads\/2021\/10\/Bara-Mottlova-1024x683.jpg 1024w, https:\/\/womenhouse.cz\/wp-content\/uploads\/2021\/10\/Bara-Mottlova-300x200.jpg 300w, https:\/\/womenhouse.cz\/wp-content\/uploads\/2021\/10\/Bara-Mottlova-768x512.jpg 768w, https:\/\/womenhouse.cz\/wp-content\/uploads\/2021\/10\/Bara-Mottlova-1536x1024.jpg 1536w, https:\/\/womenhouse.cz\/wp-content\/uploads\/2021\/10\/Bara-Mottlova.jpg 1620w\" sizes=\"(max-width: 1024px) 100vw, 1024px\" \/><\/figure><\/li><li class=\"blocks-gallery-item\"><figure><img loading=\"lazy\" decoding=\"async\" width=\"1024\" height=\"683\" src=\"https:\/\/womenhouse.cz\/wp-content\/uploads\/2021\/10\/Jakub-Kohak-1024x683.jpg\" alt=\"\" data-id=\"6162\" data-full-url=\"https:\/\/womenhouse.cz\/wp-content\/uploads\/2021\/10\/Jakub-Kohak.jpg\" data-link=\"https:\/\/womenhouse.cz\/?attachment_id=6162\" class=\"wp-image-6162\" srcset=\"https:\/\/womenhouse.cz\/wp-content\/uploads\/2021\/10\/Jakub-Kohak-1024x683.jpg 1024w, https:\/\/womenhouse.cz\/wp-content\/uploads\/2021\/10\/Jakub-Kohak-300x200.jpg 300w, https:\/\/womenhouse.cz\/wp-content\/uploads\/2021\/10\/Jakub-Kohak-768x512.jpg 768w, https:\/\/womenhouse.cz\/wp-content\/uploads\/2021\/10\/Jakub-Kohak-1536x1024.jpg 1536w, https:\/\/womenhouse.cz\/wp-content\/uploads\/2021\/10\/Jakub-Kohak.jpg 1620w\" sizes=\"(max-width: 1024px) 100vw, 1024px\" \/><\/figure><\/li><li class=\"blocks-gallery-item\"><figure><img loading=\"lazy\" decoding=\"async\" width=\"1024\" height=\"683\" src=\"https:\/\/womenhouse.cz\/wp-content\/uploads\/2021\/10\/Libor-Boucek-1024x683.jpg\" alt=\"\" data-id=\"6165\" data-full-url=\"https:\/\/womenhouse.cz\/wp-content\/uploads\/2021\/10\/Libor-Boucek.jpg\" data-link=\"https:\/\/womenhouse.cz\/?attachment_id=6165\" class=\"wp-image-6165\" srcset=\"https:\/\/womenhouse.cz\/wp-content\/uploads\/2021\/10\/Libor-Boucek-1024x683.jpg 1024w, https:\/\/womenhouse.cz\/wp-content\/uploads\/2021\/10\/Libor-Boucek-300x200.jpg 300w, https:\/\/womenhouse.cz\/wp-content\/uploads\/2021\/10\/Libor-Boucek-768x512.jpg 768w, https:\/\/womenhouse.cz\/wp-content\/uploads\/2021\/10\/Libor-Boucek-1536x1024.jpg 1536w, https:\/\/womenhouse.cz\/wp-content\/uploads\/2021\/10\/Libor-Boucek.jpg 1620w\" sizes=\"(max-width: 1024px) 100vw, 1024px\" \/><\/figure><\/li><li class=\"blocks-gallery-item\"><figure><img loading=\"lazy\" decoding=\"async\" width=\"1024\" height=\"683\" src=\"https:\/\/womenhouse.cz\/wp-content\/uploads\/2021\/10\/Michal-Dvorak-a-DJ-Lucca-1024x683.jpg\" alt=\"\" data-id=\"6169\" data-full-url=\"https:\/\/womenhouse.cz\/wp-content\/uploads\/2021\/10\/Michal-Dvorak-a-DJ-Lucca.jpg\" data-link=\"https:\/\/womenhouse.cz\/?attachment_id=6169\" class=\"wp-image-6169\" srcset=\"https:\/\/womenhouse.cz\/wp-content\/uploads\/2021\/10\/Michal-Dvorak-a-DJ-Lucca-1024x683.jpg 1024w, https:\/\/womenhouse.cz\/wp-content\/uploads\/2021\/10\/Michal-Dvorak-a-DJ-Lucca-300x200.jpg 300w, https:\/\/womenhouse.cz\/wp-content\/uploads\/2021\/10\/Michal-Dvorak-a-DJ-Lucca-768x512.jpg 768w, https:\/\/womenhouse.cz\/wp-content\/uploads\/2021\/10\/Michal-Dvorak-a-DJ-Lucca-1536x1024.jpg 1536w, https:\/\/womenhouse.cz\/wp-content\/uploads\/2021\/10\/Michal-Dvorak-a-DJ-Lucca.jpg 1620w\" sizes=\"(max-width: 1024px) 100vw, 1024px\" \/><\/figure><\/li><li class=\"blocks-gallery-item\"><figure><img loading=\"lazy\" decoding=\"async\" width=\"1024\" height=\"683\" src=\"https:\/\/womenhouse.cz\/wp-content\/uploads\/2021\/10\/Marta-Jandova-1024x683.jpg\" alt=\"\" data-id=\"6167\" data-full-url=\"https:\/\/womenhouse.cz\/wp-content\/uploads\/2021\/10\/Marta-Jandova.jpg\" data-link=\"https:\/\/womenhouse.cz\/?attachment_id=6167\" class=\"wp-image-6167\" srcset=\"https:\/\/womenhouse.cz\/wp-content\/uploads\/2021\/10\/Marta-Jandova-1024x683.jpg 1024w, https:\/\/womenhouse.cz\/wp-content\/uploads\/2021\/10\/Marta-Jandova-300x200.jpg 300w, https:\/\/womenhouse.cz\/wp-content\/uploads\/2021\/10\/Marta-Jandova-768x512.jpg 768w, https:\/\/womenhouse.cz\/wp-content\/uploads\/2021\/10\/Marta-Jandova-1536x1024.jpg 1536w, https:\/\/womenhouse.cz\/wp-content\/uploads\/2021\/10\/Marta-Jandova.jpg 1620w\" sizes=\"(max-width: 1024px) 100vw, 1024px\" \/><\/figure><\/li><li class=\"blocks-gallery-item\"><figure><img loading=\"lazy\" decoding=\"async\" width=\"1024\" height=\"683\" src=\"https:\/\/womenhouse.cz\/wp-content\/uploads\/2021\/10\/Tatana-Makarenko-1024x683.jpg\" alt=\"\" data-id=\"6176\" data-full-url=\"https:\/\/womenhouse.cz\/wp-content\/uploads\/2021\/10\/Tatana-Makarenko.jpg\" data-link=\"https:\/\/womenhouse.cz\/?attachment_id=6176\" class=\"wp-image-6176\" srcset=\"https:\/\/womenhouse.cz\/wp-content\/uploads\/2021\/10\/Tatana-Makarenko-1024x683.jpg 1024w, https:\/\/womenhouse.cz\/wp-content\/uploads\/2021\/10\/Tatana-Makarenko-300x200.jpg 300w, https:\/\/womenhouse.cz\/wp-content\/uploads\/2021\/10\/Tatana-Makarenko-768x512.jpg 768w, https:\/\/womenhouse.cz\/wp-content\/uploads\/2021\/10\/Tatana-Makarenko-1536x1024.jpg 1536w, https:\/\/womenhouse.cz\/wp-content\/uploads\/2021\/10\/Tatana-Makarenko.jpg 1620w\" sizes=\"(max-width: 1024px) 100vw, 1024px\" \/><\/figure><\/li><li class=\"blocks-gallery-item\"><figure><img loading=\"lazy\" decoding=\"async\" width=\"1024\" height=\"683\" src=\"https:\/\/womenhouse.cz\/wp-content\/uploads\/2021\/10\/Robert-Joskow-1024x683.jpg\" alt=\"\" data-id=\"6175\" data-full-url=\"https:\/\/womenhouse.cz\/wp-content\/uploads\/2021\/10\/Robert-Joskow.jpg\" data-link=\"https:\/\/womenhouse.cz\/?attachment_id=6175\" class=\"wp-image-6175\" srcset=\"https:\/\/womenhouse.cz\/wp-content\/uploads\/2021\/10\/Robert-Joskow-1024x683.jpg 1024w, https:\/\/womenhouse.cz\/wp-content\/uploads\/2021\/10\/Robert-Joskow-300x200.jpg 300w, https:\/\/womenhouse.cz\/wp-content\/uploads\/2021\/10\/Robert-Joskow-768x512.jpg 768w, https:\/\/womenhouse.cz\/wp-content\/uploads\/2021\/10\/Robert-Joskow-1536x1024.jpg 1536w, https:\/\/womenhouse.cz\/wp-content\/uploads\/2021\/10\/Robert-Joskow.jpg 1620w\" sizes=\"(max-width: 1024px) 100vw, 1024px\" \/><\/figure><\/li><li class=\"blocks-gallery-item\"><figure><img loading=\"lazy\" decoding=\"async\" width=\"1024\" height=\"683\" src=\"https:\/\/womenhouse.cz\/wp-content\/uploads\/2021\/10\/Petra-Svoboda-1024x683.jpg\" alt=\"\" data-id=\"6174\" data-full-url=\"https:\/\/womenhouse.cz\/wp-content\/uploads\/2021\/10\/Petra-Svoboda.jpg\" data-link=\"https:\/\/womenhouse.cz\/?attachment_id=6174\" class=\"wp-image-6174\" srcset=\"https:\/\/womenhouse.cz\/wp-content\/uploads\/2021\/10\/Petra-Svoboda-1024x683.jpg 1024w, https:\/\/womenhouse.cz\/wp-content\/uploads\/2021\/10\/Petra-Svoboda-300x200.jpg 300w, https:\/\/womenhouse.cz\/wp-content\/uploads\/2021\/10\/Petra-Svoboda-768x512.jpg 768w, https:\/\/womenhouse.cz\/wp-content\/uploads\/2021\/10\/Petra-Svoboda-1536x1024.jpg 1536w, https:\/\/womenhouse.cz\/wp-content\/uploads\/2021\/10\/Petra-Svoboda.jpg 1620w\" sizes=\"(max-width: 1024px) 100vw, 1024px\" \/><\/figure><\/li><li class=\"blocks-gallery-item\"><figure><img loading=\"lazy\" decoding=\"async\" width=\"1024\" height=\"683\" src=\"https:\/\/womenhouse.cz\/wp-content\/uploads\/2021\/10\/Pavel-Sporcl-a-Bara-Kodetova-1024x683.jpg\" alt=\"\" data-id=\"6173\" data-full-url=\"https:\/\/womenhouse.cz\/wp-content\/uploads\/2021\/10\/Pavel-Sporcl-a-Bara-Kodetova.jpg\" data-link=\"https:\/\/womenhouse.cz\/?attachment_id=6173\" class=\"wp-image-6173\" srcset=\"https:\/\/womenhouse.cz\/wp-content\/uploads\/2021\/10\/Pavel-Sporcl-a-Bara-Kodetova-1024x683.jpg 1024w, https:\/\/womenhouse.cz\/wp-content\/uploads\/2021\/10\/Pavel-Sporcl-a-Bara-Kodetova-300x200.jpg 300w, https:\/\/womenhouse.cz\/wp-content\/uploads\/2021\/10\/Pavel-Sporcl-a-Bara-Kodetova-768x512.jpg 768w, https:\/\/womenhouse.cz\/wp-content\/uploads\/2021\/10\/Pavel-Sporcl-a-Bara-Kodetova-1536x1024.jpg 1536w, https:\/\/womenhouse.cz\/wp-content\/uploads\/2021\/10\/Pavel-Sporcl-a-Bara-Kodetova.jpg 1620w\" sizes=\"(max-width: 1024px) 100vw, 1024px\" \/><\/figure><\/li><li class=\"blocks-gallery-item\"><figure><img loading=\"lazy\" decoding=\"async\" width=\"1024\" height=\"683\" src=\"https:\/\/womenhouse.cz\/wp-content\/uploads\/2021\/10\/Ondrej-Brzobohaty-Iva-Pazderkova-Ondrej-Ruml-1024x683.jpg\" alt=\"\" data-id=\"6172\" data-full-url=\"https:\/\/womenhouse.cz\/wp-content\/uploads\/2021\/10\/Ondrej-Brzobohaty-Iva-Pazderkova-Ondrej-Ruml.jpg\" data-link=\"https:\/\/womenhouse.cz\/?attachment_id=6172\" class=\"wp-image-6172\" srcset=\"https:\/\/womenhouse.cz\/wp-content\/uploads\/2021\/10\/Ondrej-Brzobohaty-Iva-Pazderkova-Ondrej-Ruml-1024x683.jpg 1024w, https:\/\/womenhouse.cz\/wp-content\/uploads\/2021\/10\/Ondrej-Brzobohaty-Iva-Pazderkova-Ondrej-Ruml-300x200.jpg 300w, https:\/\/womenhouse.cz\/wp-content\/uploads\/2021\/10\/Ondrej-Brzobohaty-Iva-Pazderkova-Ondrej-Ruml-768x512.jpg 768w, https:\/\/womenhouse.cz\/wp-content\/uploads\/2021\/10\/Ondrej-Brzobohaty-Iva-Pazderkova-Ondrej-Ruml-1536x1024.jpg 1536w, https:\/\/womenhouse.cz\/wp-content\/uploads\/2021\/10\/Ondrej-Brzobohaty-Iva-Pazderkova-Ondrej-Ruml.jpg 1620w\" sizes=\"(max-width: 1024px) 100vw, 1024px\" \/><\/figure><\/li><li class=\"blocks-gallery-item\"><figure><img loading=\"lazy\" decoding=\"async\" width=\"1024\" height=\"683\" src=\"https:\/\/womenhouse.cz\/wp-content\/uploads\/2021\/10\/Nela-Boudova-a-Jan-Tuna-1024x683.jpg\" alt=\"\" data-id=\"6171\" data-full-url=\"https:\/\/womenhouse.cz\/wp-content\/uploads\/2021\/10\/Nela-Boudova-a-Jan-Tuna.jpg\" data-link=\"https:\/\/womenhouse.cz\/?attachment_id=6171\" class=\"wp-image-6171\" srcset=\"https:\/\/womenhouse.cz\/wp-content\/uploads\/2021\/10\/Nela-Boudova-a-Jan-Tuna-1024x683.jpg 1024w, https:\/\/womenhouse.cz\/wp-content\/uploads\/2021\/10\/Nela-Boudova-a-Jan-Tuna-300x200.jpg 300w, https:\/\/womenhouse.cz\/wp-content\/uploads\/2021\/10\/Nela-Boudova-a-Jan-Tuna-768x512.jpg 768w, https:\/\/womenhouse.cz\/wp-content\/uploads\/2021\/10\/Nela-Boudova-a-Jan-Tuna-1536x1024.jpg 1536w, https:\/\/womenhouse.cz\/wp-content\/uploads\/2021\/10\/Nela-Boudova-a-Jan-Tuna.jpg 1620w\" sizes=\"(max-width: 1024px) 100vw, 1024px\" \/><\/figure><\/li><li class=\"blocks-gallery-item\"><figure><img loading=\"lazy\" decoding=\"async\" width=\"1024\" height=\"683\" src=\"https:\/\/womenhouse.cz\/wp-content\/uploads\/2021\/10\/Lukas-Langmajer-s-manzelkou-1024x683.jpg\" alt=\"\" data-id=\"6166\" data-full-url=\"https:\/\/womenhouse.cz\/wp-content\/uploads\/2021\/10\/Lukas-Langmajer-s-manzelkou.jpg\" data-link=\"https:\/\/womenhouse.cz\/?attachment_id=6166\" class=\"wp-image-6166\" srcset=\"https:\/\/womenhouse.cz\/wp-content\/uploads\/2021\/10\/Lukas-Langmajer-s-manzelkou-1024x683.jpg 1024w, https:\/\/womenhouse.cz\/wp-content\/uploads\/2021\/10\/Lukas-Langmajer-s-manzelkou-300x200.jpg 300w, https:\/\/womenhouse.cz\/wp-content\/uploads\/2021\/10\/Lukas-Langmajer-s-manzelkou-768x512.jpg 768w, https:\/\/womenhouse.cz\/wp-content\/uploads\/2021\/10\/Lukas-Langmajer-s-manzelkou-1536x1024.jpg 1536w, https:\/\/womenhouse.cz\/wp-content\/uploads\/2021\/10\/Lukas-Langmajer-s-manzelkou.jpg 1620w\" sizes=\"(max-width: 1024px) 100vw, 1024px\" \/><\/figure><\/li><li class=\"blocks-gallery-item\"><figure><img loading=\"lazy\" decoding=\"async\" width=\"1024\" height=\"683\" src=\"https:\/\/womenhouse.cz\/wp-content\/uploads\/2021\/10\/Jan-Maxian-1024x683.jpg\" alt=\"\" data-id=\"6163\" data-full-url=\"https:\/\/womenhouse.cz\/wp-content\/uploads\/2021\/10\/Jan-Maxian.jpg\" data-link=\"https:\/\/womenhouse.cz\/?attachment_id=6163\" class=\"wp-image-6163\" srcset=\"https:\/\/womenhouse.cz\/wp-content\/uploads\/2021\/10\/Jan-Maxian-1024x683.jpg 1024w, https:\/\/womenhouse.cz\/wp-content\/uploads\/2021\/10\/Jan-Maxian-300x200.jpg 300w, https:\/\/womenhouse.cz\/wp-content\/uploads\/2021\/10\/Jan-Maxian-768x512.jpg 768w, https:\/\/womenhouse.cz\/wp-content\/uploads\/2021\/10\/Jan-Maxian-1536x1024.jpg 1536w, https:\/\/womenhouse.cz\/wp-content\/uploads\/2021\/10\/Jan-Maxian.jpg 1620w\" sizes=\"(max-width: 1024px) 100vw, 1024px\" \/><\/figure><\/li><li class=\"blocks-gallery-item\"><figure><img loading=\"lazy\" decoding=\"async\" width=\"1024\" height=\"683\" src=\"https:\/\/womenhouse.cz\/wp-content\/uploads\/2021\/10\/Karel-Vorisek-1024x683.jpg\" alt=\"\" data-id=\"6164\" data-full-url=\"https:\/\/womenhouse.cz\/wp-content\/uploads\/2021\/10\/Karel-Vorisek.jpg\" data-link=\"https:\/\/womenhouse.cz\/?attachment_id=6164\" class=\"wp-image-6164\" srcset=\"https:\/\/womenhouse.cz\/wp-content\/uploads\/2021\/10\/Karel-Vorisek-1024x683.jpg 1024w, https:\/\/womenhouse.cz\/wp-content\/uploads\/2021\/10\/Karel-Vorisek-300x200.jpg 300w, https:\/\/womenhouse.cz\/wp-content\/uploads\/2021\/10\/Karel-Vorisek-768x512.jpg 768w, https:\/\/womenhouse.cz\/wp-content\/uploads\/2021\/10\/Karel-Vorisek-1536x1024.jpg 1536w, https:\/\/womenhouse.cz\/wp-content\/uploads\/2021\/10\/Karel-Vorisek.jpg 1620w\" sizes=\"(max-width: 1024px) 100vw, 1024px\" \/><\/figure><\/li><li class=\"blocks-gallery-item\"><figure><img loading=\"lazy\" decoding=\"async\" width=\"1000\" height=\"667\" src=\"https:\/\/womenhouse.cz\/wp-content\/uploads\/2021\/10\/JB_213.jpg\" alt=\"\" data-id=\"6180\" data-full-url=\"https:\/\/womenhouse.cz\/wp-content\/uploads\/2021\/10\/JB_213.jpg\" data-link=\"https:\/\/womenhouse.cz\/?attachment_id=6180\" class=\"wp-image-6180\" srcset=\"https:\/\/womenhouse.cz\/wp-content\/uploads\/2021\/10\/JB_213.jpg 1000w, https:\/\/womenhouse.cz\/wp-content\/uploads\/2021\/10\/JB_213-300x200.jpg 300w, https:\/\/womenhouse.cz\/wp-content\/uploads\/2021\/10\/JB_213-768x512.jpg 768w\" sizes=\"(max-width: 1000px) 100vw, 1000px\" \/><\/figure><\/li><\/ul><\/figure>\n\n\n\n<div style=\"height:77px\" aria-hidden=\"true\" class=\"wp-block-spacer\"><\/div>\n\n\n\n<figure class=\"wp-block-embed is-type-rich is-provider-obsluzna-rutina-kodu-pro-vlozeni wp-block-embed-obsluzna-rutina-kodu-pro-vlozeni wp-embed-aspect-16-9 wp-has-aspect-ratio\"><div class=\"wp-block-embed__wrapper\">\n<iframe loading=\"lazy\" title=\"Nen\u00ed \u010das zem\u0159\u00edt | HD CZ TRAILER 4 |v kinech 30.Z\u00c1\u0158\u00cd\" width=\"640\" height=\"360\" src=\"https:\/\/www.youtube.com\/embed\/fjB1ZCtSGyY?feature=oembed\" frameborder=\"0\" allow=\"accelerometer; autoplay; clipboard-write; encrypted-media; gyroscope; picture-in-picture\" allowfullscreen><\/iframe>\n<\/div><\/figure>\n\n\n\n<div style=\"height:100px\" aria-hidden=\"true\" class=\"wp-block-spacer\"><\/div>\n","protected":false},"excerpt":{"rendered":"<p>Od p\u016fvodn\u00edho term\u00ednu premi\u00e9ry, kter\u00fd odsunula pandemie koronaviru, uplynulo v\u00edce ne\u017e rok a p\u016fl. Te\u010f se ale v\u0161ichni fanou\u0161ci Jamese Bonda kone\u010dn\u011b do\u010dkali v\u00a0po\u0159ad\u00ed ji\u017e dvac\u00e1t\u00e9ho p\u00e1t\u00e9ho filmu. O\u010dek\u00e1van\u00fd sn\u00edmek Nen\u00ed \u010das zam\u0159\u00edt si svou slavnostn\u00ed premi\u00e9ru odbyl za \u00fa\u010dasti \u010desk\u00fdch celebrit v\u00a0pra\u017esk\u00e9m kin\u011b IMAX na minutu p\u0159esn\u011b ve stejnou dobu jako v\u00a0Lond\u00fdn\u011b. V&nbsp;po\u0159ad\u00ed ji\u017e [&hellip;]<\/p>\n","protected":false},"author":3,"featured_media":6161,"comment_status":"closed","ping_status":"closed","sticky":false,"template":"","format":"standard","meta":{"_mi_skip_tracking":false,"_monsterinsights_sitenote_active":false,"_monsterinsights_sitenote_note":"","_monsterinsights_sitenote_category":0,"footnotes":""},"categories":[21,18,2,17],"tags":[],"yoast_head":"<!-- This site is optimized with the Yoast SEO plugin v21.5 - https:\/\/yoast.com\/wordpress\/plugins\/seo\/ -->\n<title>Slavnostn\u00ed premi\u00e9ra Jamese Bonda - NEN\u00cd \u010cAS ZEM\u0158\u00cdT se konala za \u00fa\u010dasti \u010desk\u00fdch celebrit v pra\u017esk\u00e9m kin\u011b IMAX - WOMENHOUSE.cz<\/title>\n<meta name=\"robots\" content=\"index, follow, max-snippet:-1, max-image-preview:large, max-video-preview:-1\" \/>\n<link rel=\"canonical\" href=\"https:\/\/womenhouse.cz\/index.php\/2021\/10\/01\/slavnostni-premiera-jamese-bonda-neni-cas-zemrit-se-konala-za-ucasti-ceskych-celebrit-v-prazskem-kine-imax\/\" \/>\n<meta property=\"og:locale\" content=\"cs_CZ\" \/>\n<meta property=\"og:type\" content=\"article\" \/>\n<meta property=\"og:title\" content=\"Slavnostn\u00ed premi\u00e9ra Jamese Bonda - NEN\u00cd \u010cAS ZEM\u0158\u00cdT se konala za \u00fa\u010dasti \u010desk\u00fdch celebrit v pra\u017esk\u00e9m kin\u011b IMAX - WOMENHOUSE.cz\" \/>\n<meta property=\"og:description\" content=\"Od p\u016fvodn\u00edho term\u00ednu premi\u00e9ry, kter\u00fd odsunula pandemie koronaviru, uplynulo v\u00edce ne\u017e rok a p\u016fl. Te\u010f se ale v\u0161ichni fanou\u0161ci Jamese Bonda kone\u010dn\u011b do\u010dkali v\u00a0po\u0159ad\u00ed ji\u017e dvac\u00e1t\u00e9ho p\u00e1t\u00e9ho filmu. O\u010dek\u00e1van\u00fd sn\u00edmek Nen\u00ed \u010das zam\u0159\u00edt si svou slavnostn\u00ed premi\u00e9ru odbyl za \u00fa\u010dasti \u010desk\u00fdch celebrit v\u00a0pra\u017esk\u00e9m kin\u011b IMAX na minutu p\u0159esn\u011b ve stejnou dobu jako v\u00a0Lond\u00fdn\u011b. V&nbsp;po\u0159ad\u00ed ji\u017e [&hellip;]\" \/>\n<meta property=\"og:url\" content=\"https:\/\/womenhouse.cz\/index.php\/2021\/10\/01\/slavnostni-premiera-jamese-bonda-neni-cas-zemrit-se-konala-za-ucasti-ceskych-celebrit-v-prazskem-kine-imax\/\" \/>\n<meta property=\"og:site_name\" content=\"WOMENHOUSE.cz\" \/>\n<meta property=\"article:publisher\" content=\"https:\/\/www.facebook.com\/womenhousecz\" \/>\n<meta property=\"article:published_time\" content=\"2021-10-01T02:31:00+00:00\" \/>\n<meta property=\"article:modified_time\" content=\"2022-02-09T00:15:22+00:00\" \/>\n<meta property=\"og:image\" content=\"https:\/\/womenhouse.cz\/wp-content\/uploads\/2021\/10\/Iva-Pazderkova.jpg\" \/>\n\t<meta property=\"og:image:width\" content=\"1620\" \/>\n\t<meta property=\"og:image:height\" content=\"1080\" \/>\n\t<meta property=\"og:image:type\" content=\"image\/jpeg\" \/>\n<meta name=\"author\" content=\"Miroslav Van\u011bk\" \/>\n<meta name=\"twitter:card\" content=\"summary_large_image\" \/>\n<meta name=\"twitter:label1\" content=\"Napsal(a)\" \/>\n\t<meta name=\"twitter:data1\" content=\"Miroslav Van\u011bk\" \/>\n\t<meta name=\"twitter:label2\" content=\"Odhadovan\u00e1 doba \u010dten\u00ed\" \/>\n\t<meta name=\"twitter:data2\" content=\"3 minuty\" \/>\n<script type=\"application\/ld+json\" class=\"yoast-schema-graph\">{\"@context\":\"https:\/\/schema.org\",\"@graph\":[{\"@type\":\"Article\",\"@id\":\"https:\/\/womenhouse.cz\/index.php\/2021\/10\/01\/slavnostni-premiera-jamese-bonda-neni-cas-zemrit-se-konala-za-ucasti-ceskych-celebrit-v-prazskem-kine-imax\/#article\",\"isPartOf\":{\"@id\":\"https:\/\/womenhouse.cz\/index.php\/2021\/10\/01\/slavnostni-premiera-jamese-bonda-neni-cas-zemrit-se-konala-za-ucasti-ceskych-celebrit-v-prazskem-kine-imax\/\"},\"author\":{\"name\":\"Miroslav Van\u011bk\",\"@id\":\"https:\/\/womenhouse.cz\/#\/schema\/person\/86cffd1f6a5059d13fa66315493f584d\"},\"headline\":\"Slavnostn\u00ed premi\u00e9ra Jamese Bonda &#8211; NEN\u00cd \u010cAS ZEM\u0158\u00cdT se konala za \u00fa\u010dasti \u010desk\u00fdch celebrit v pra\u017esk\u00e9m kin\u011b IMAX\",\"datePublished\":\"2021-10-01T02:31:00+00:00\",\"dateModified\":\"2022-02-09T00:15:22+00:00\",\"mainEntityOfPage\":{\"@id\":\"https:\/\/womenhouse.cz\/index.php\/2021\/10\/01\/slavnostni-premiera-jamese-bonda-neni-cas-zemrit-se-konala-za-ucasti-ceskych-celebrit-v-prazskem-kine-imax\/\"},\"wordCount\":526,\"publisher\":{\"@id\":\"https:\/\/womenhouse.cz\/#organization\"},\"articleSection\":[\"AKCE &amp; KULTURA\",\"FOTOREPORTY\",\"NEWS\",\"SPOLE\u010cNOST &amp; VZTAHY\"],\"inLanguage\":\"cs\"},{\"@type\":\"WebPage\",\"@id\":\"https:\/\/womenhouse.cz\/index.php\/2021\/10\/01\/slavnostni-premiera-jamese-bonda-neni-cas-zemrit-se-konala-za-ucasti-ceskych-celebrit-v-prazskem-kine-imax\/\",\"url\":\"https:\/\/womenhouse.cz\/index.php\/2021\/10\/01\/slavnostni-premiera-jamese-bonda-neni-cas-zemrit-se-konala-za-ucasti-ceskych-celebrit-v-prazskem-kine-imax\/\",\"name\":\"Slavnostn\u00ed premi\u00e9ra Jamese Bonda - NEN\u00cd \u010cAS ZEM\u0158\u00cdT se konala za \u00fa\u010dasti \u010desk\u00fdch celebrit v pra\u017esk\u00e9m kin\u011b IMAX - WOMENHOUSE.cz\",\"isPartOf\":{\"@id\":\"https:\/\/womenhouse.cz\/#website\"},\"datePublished\":\"2021-10-01T02:31:00+00:00\",\"dateModified\":\"2022-02-09T00:15:22+00:00\",\"breadcrumb\":{\"@id\":\"https:\/\/womenhouse.cz\/index.php\/2021\/10\/01\/slavnostni-premiera-jamese-bonda-neni-cas-zemrit-se-konala-za-ucasti-ceskych-celebrit-v-prazskem-kine-imax\/#breadcrumb\"},\"inLanguage\":\"cs\",\"potentialAction\":[{\"@type\":\"ReadAction\",\"target\":[\"https:\/\/womenhouse.cz\/index.php\/2021\/10\/01\/slavnostni-premiera-jamese-bonda-neni-cas-zemrit-se-konala-za-ucasti-ceskych-celebrit-v-prazskem-kine-imax\/\"]}]},{\"@type\":\"BreadcrumbList\",\"@id\":\"https:\/\/womenhouse.cz\/index.php\/2021\/10\/01\/slavnostni-premiera-jamese-bonda-neni-cas-zemrit-se-konala-za-ucasti-ceskych-celebrit-v-prazskem-kine-imax\/#breadcrumb\",\"itemListElement\":[{\"@type\":\"ListItem\",\"position\":1,\"name\":\"Dom\u016f\",\"item\":\"https:\/\/womenhouse.cz\/\"},{\"@type\":\"ListItem\",\"position\":2,\"name\":\"Slavnostn\u00ed premi\u00e9ra Jamese Bonda &#8211; NEN\u00cd \u010cAS ZEM\u0158\u00cdT se konala za \u00fa\u010dasti \u010desk\u00fdch celebrit v pra\u017esk\u00e9m kin\u011b IMAX\"}]},{\"@type\":\"WebSite\",\"@id\":\"https:\/\/womenhouse.cz\/#website\",\"url\":\"https:\/\/womenhouse.cz\/\",\"name\":\"WOMENHOUSE.cz\",\"description\":\"Port\u00e1l v\u00fdhradn\u011b jen pro \u017eeny...\",\"publisher\":{\"@id\":\"https:\/\/womenhouse.cz\/#organization\"},\"potentialAction\":[{\"@type\":\"SearchAction\",\"target\":{\"@type\":\"EntryPoint\",\"urlTemplate\":\"https:\/\/womenhouse.cz\/?s={search_term_string}\"},\"query-input\":\"required name=search_term_string\"}],\"inLanguage\":\"cs\"},{\"@type\":\"Organization\",\"@id\":\"https:\/\/womenhouse.cz\/#organization\",\"name\":\"WOMENHOUSE.cz\",\"url\":\"https:\/\/womenhouse.cz\/\",\"logo\":{\"@type\":\"ImageObject\",\"inLanguage\":\"cs\",\"@id\":\"https:\/\/womenhouse.cz\/#\/schema\/logo\/image\/\",\"url\":\"https:\/\/womenhouse.cz\/wp-content\/uploads\/2020\/06\/cropped-logo_Womenhouse_RGB-02-removebg-preview-1.png\",\"contentUrl\":\"https:\/\/womenhouse.cz\/wp-content\/uploads\/2020\/06\/cropped-logo_Womenhouse_RGB-02-removebg-preview-1.png\",\"width\":561,\"height\":375,\"caption\":\"WOMENHOUSE.cz\"},\"image\":{\"@id\":\"https:\/\/womenhouse.cz\/#\/schema\/logo\/image\/\"},\"sameAs\":[\"https:\/\/www.facebook.com\/womenhousecz\",\"https:\/\/www.instagram.com\/womenhousecz\/\"]},{\"@type\":\"Person\",\"@id\":\"https:\/\/womenhouse.cz\/#\/schema\/person\/86cffd1f6a5059d13fa66315493f584d\",\"name\":\"Miroslav Van\u011bk\",\"sameAs\":[\"http:\/\/www.womenhouse.cz\"],\"url\":\"https:\/\/womenhouse.cz\/index.php\/author\/mirvan\/\"}]}<\/script>\n<!-- \/ Yoast SEO plugin. -->","yoast_head_json":{"title":"Slavnostn\u00ed premi\u00e9ra Jamese Bonda - NEN\u00cd \u010cAS ZEM\u0158\u00cdT se konala za \u00fa\u010dasti \u010desk\u00fdch celebrit v pra\u017esk\u00e9m kin\u011b IMAX - WOMENHOUSE.cz","robots":{"index":"index","follow":"follow","max-snippet":"max-snippet:-1","max-image-preview":"max-image-preview:large","max-video-preview":"max-video-preview:-1"},"canonical":"https:\/\/womenhouse.cz\/index.php\/2021\/10\/01\/slavnostni-premiera-jamese-bonda-neni-cas-zemrit-se-konala-za-ucasti-ceskych-celebrit-v-prazskem-kine-imax\/","og_locale":"cs_CZ","og_type":"article","og_title":"Slavnostn\u00ed premi\u00e9ra Jamese Bonda - NEN\u00cd \u010cAS ZEM\u0158\u00cdT se konala za \u00fa\u010dasti \u010desk\u00fdch celebrit v pra\u017esk\u00e9m kin\u011b IMAX - WOMENHOUSE.cz","og_description":"Od p\u016fvodn\u00edho term\u00ednu premi\u00e9ry, kter\u00fd odsunula pandemie koronaviru, uplynulo v\u00edce ne\u017e rok a p\u016fl. Te\u010f se ale v\u0161ichni fanou\u0161ci Jamese Bonda kone\u010dn\u011b do\u010dkali v\u00a0po\u0159ad\u00ed ji\u017e dvac\u00e1t\u00e9ho p\u00e1t\u00e9ho filmu. O\u010dek\u00e1van\u00fd sn\u00edmek Nen\u00ed \u010das zam\u0159\u00edt si svou slavnostn\u00ed premi\u00e9ru odbyl za \u00fa\u010dasti \u010desk\u00fdch celebrit v\u00a0pra\u017esk\u00e9m kin\u011b IMAX na minutu p\u0159esn\u011b ve stejnou dobu jako v\u00a0Lond\u00fdn\u011b. V&nbsp;po\u0159ad\u00ed ji\u017e [&hellip;]","og_url":"https:\/\/womenhouse.cz\/index.php\/2021\/10\/01\/slavnostni-premiera-jamese-bonda-neni-cas-zemrit-se-konala-za-ucasti-ceskych-celebrit-v-prazskem-kine-imax\/","og_site_name":"WOMENHOUSE.cz","article_publisher":"https:\/\/www.facebook.com\/womenhousecz","article_published_time":"2021-10-01T02:31:00+00:00","article_modified_time":"2022-02-09T00:15:22+00:00","og_image":[{"width":1620,"height":1080,"url":"https:\/\/womenhouse.cz\/wp-content\/uploads\/2021\/10\/Iva-Pazderkova.jpg","type":"image\/jpeg"}],"author":"Miroslav Van\u011bk","twitter_card":"summary_large_image","twitter_misc":{"Napsal(a)":"Miroslav Van\u011bk","Odhadovan\u00e1 doba \u010dten\u00ed":"3 minuty"},"schema":{"@context":"https:\/\/schema.org","@graph":[{"@type":"Article","@id":"https:\/\/womenhouse.cz\/index.php\/2021\/10\/01\/slavnostni-premiera-jamese-bonda-neni-cas-zemrit-se-konala-za-ucasti-ceskych-celebrit-v-prazskem-kine-imax\/#article","isPartOf":{"@id":"https:\/\/womenhouse.cz\/index.php\/2021\/10\/01\/slavnostni-premiera-jamese-bonda-neni-cas-zemrit-se-konala-za-ucasti-ceskych-celebrit-v-prazskem-kine-imax\/"},"author":{"name":"Miroslav Van\u011bk","@id":"https:\/\/womenhouse.cz\/#\/schema\/person\/86cffd1f6a5059d13fa66315493f584d"},"headline":"Slavnostn\u00ed premi\u00e9ra Jamese Bonda &#8211; NEN\u00cd \u010cAS ZEM\u0158\u00cdT se konala za \u00fa\u010dasti \u010desk\u00fdch celebrit v pra\u017esk\u00e9m kin\u011b IMAX","datePublished":"2021-10-01T02:31:00+00:00","dateModified":"2022-02-09T00:15:22+00:00","mainEntityOfPage":{"@id":"https:\/\/womenhouse.cz\/index.php\/2021\/10\/01\/slavnostni-premiera-jamese-bonda-neni-cas-zemrit-se-konala-za-ucasti-ceskych-celebrit-v-prazskem-kine-imax\/"},"wordCount":526,"publisher":{"@id":"https:\/\/womenhouse.cz\/#organization"},"articleSection":["AKCE &amp; KULTURA","FOTOREPORTY","NEWS","SPOLE\u010cNOST &amp; VZTAHY"],"inLanguage":"cs"},{"@type":"WebPage","@id":"https:\/\/womenhouse.cz\/index.php\/2021\/10\/01\/slavnostni-premiera-jamese-bonda-neni-cas-zemrit-se-konala-za-ucasti-ceskych-celebrit-v-prazskem-kine-imax\/","url":"https:\/\/womenhouse.cz\/index.php\/2021\/10\/01\/slavnostni-premiera-jamese-bonda-neni-cas-zemrit-se-konala-za-ucasti-ceskych-celebrit-v-prazskem-kine-imax\/","name":"Slavnostn\u00ed premi\u00e9ra Jamese Bonda - NEN\u00cd \u010cAS ZEM\u0158\u00cdT se konala za \u00fa\u010dasti \u010desk\u00fdch celebrit v pra\u017esk\u00e9m kin\u011b IMAX - WOMENHOUSE.cz","isPartOf":{"@id":"https:\/\/womenhouse.cz\/#website"},"datePublished":"2021-10-01T02:31:00+00:00","dateModified":"2022-02-09T00:15:22+00:00","breadcrumb":{"@id":"https:\/\/womenhouse.cz\/index.php\/2021\/10\/01\/slavnostni-premiera-jamese-bonda-neni-cas-zemrit-se-konala-za-ucasti-ceskych-celebrit-v-prazskem-kine-imax\/#breadcrumb"},"inLanguage":"cs","potentialAction":[{"@type":"ReadAction","target":["https:\/\/womenhouse.cz\/index.php\/2021\/10\/01\/slavnostni-premiera-jamese-bonda-neni-cas-zemrit-se-konala-za-ucasti-ceskych-celebrit-v-prazskem-kine-imax\/"]}]},{"@type":"BreadcrumbList","@id":"https:\/\/womenhouse.cz\/index.php\/2021\/10\/01\/slavnostni-premiera-jamese-bonda-neni-cas-zemrit-se-konala-za-ucasti-ceskych-celebrit-v-prazskem-kine-imax\/#breadcrumb","itemListElement":[{"@type":"ListItem","position":1,"name":"Dom\u016f","item":"https:\/\/womenhouse.cz\/"},{"@type":"ListItem","position":2,"name":"Slavnostn\u00ed premi\u00e9ra Jamese Bonda &#8211; NEN\u00cd \u010cAS ZEM\u0158\u00cdT se konala za \u00fa\u010dasti \u010desk\u00fdch celebrit v pra\u017esk\u00e9m kin\u011b IMAX"}]},{"@type":"WebSite","@id":"https:\/\/womenhouse.cz\/#website","url":"https:\/\/womenhouse.cz\/","name":"WOMENHOUSE.cz","description":"Port\u00e1l v\u00fdhradn\u011b jen pro \u017eeny...","publisher":{"@id":"https:\/\/womenhouse.cz\/#organization"},"potentialAction":[{"@type":"SearchAction","target":{"@type":"EntryPoint","urlTemplate":"https:\/\/womenhouse.cz\/?s={search_term_string}"},"query-input":"required name=search_term_string"}],"inLanguage":"cs"},{"@type":"Organization","@id":"https:\/\/womenhouse.cz\/#organization","name":"WOMENHOUSE.cz","url":"https:\/\/womenhouse.cz\/","logo":{"@type":"ImageObject","inLanguage":"cs","@id":"https:\/\/womenhouse.cz\/#\/schema\/logo\/image\/","url":"https:\/\/womenhouse.cz\/wp-content\/uploads\/2020\/06\/cropped-logo_Womenhouse_RGB-02-removebg-preview-1.png","contentUrl":"https:\/\/womenhouse.cz\/wp-content\/uploads\/2020\/06\/cropped-logo_Womenhouse_RGB-02-removebg-preview-1.png","width":561,"height":375,"caption":"WOMENHOUSE.cz"},"image":{"@id":"https:\/\/womenhouse.cz\/#\/schema\/logo\/image\/"},"sameAs":["https:\/\/www.facebook.com\/womenhousecz","https:\/\/www.instagram.com\/womenhousecz\/"]},{"@type":"Person","@id":"https:\/\/womenhouse.cz\/#\/schema\/person\/86cffd1f6a5059d13fa66315493f584d","name":"Miroslav Van\u011bk","sameAs":["http:\/\/www.womenhouse.cz"],"url":"https:\/\/womenhouse.cz\/index.php\/author\/mirvan\/"}]}},"_links":{"self":[{"href":"https:\/\/womenhouse.cz\/index.php\/wp-json\/wp\/v2\/posts\/6158"}],"collection":[{"href":"https:\/\/womenhouse.cz\/index.php\/wp-json\/wp\/v2\/posts"}],"about":[{"href":"https:\/\/womenhouse.cz\/index.php\/wp-json\/wp\/v2\/types\/post"}],"author":[{"embeddable":true,"href":"https:\/\/womenhouse.cz\/index.php\/wp-json\/wp\/v2\/users\/3"}],"replies":[{"embeddable":true,"href":"https:\/\/womenhouse.cz\/index.php\/wp-json\/wp\/v2\/comments?post=6158"}],"version-history":[{"count":-4,"href":"https:\/\/womenhouse.cz\/index.php\/wp-json\/wp\/v2\/posts\/6158\/revisions"}],"wp:featuredmedia":[{"embeddable":true,"href":"https:\/\/womenhouse.cz\/index.php\/wp-json\/wp\/v2\/media\/6161"}],"wp:attachment":[{"href":"https:\/\/womenhouse.cz\/index.php\/wp-json\/wp\/v2\/media?parent=6158"}],"wp:term":[{"taxonomy":"category","embeddable":true,"href":"https:\/\/womenhouse.cz\/index.php\/wp-json\/wp\/v2\/categories?post=6158"},{"taxonomy":"post_tag","embeddable":true,"href":"https:\/\/womenhouse.cz\/index.php\/wp-json\/wp\/v2\/tags?post=6158"}],"curies":[{"name":"wp","href":"https:\/\/api.w.org\/{rel}","templated":true}]}}