{"id":5827,"date":"2021-07-12T22:13:20","date_gmt":"2021-07-12T20:13:20","guid":{"rendered":"https:\/\/womenhouse.cz\/?p=5827"},"modified":"2021-10-05T01:27:35","modified_gmt":"2021-10-04T23:27:35","slug":"toni-and-guy-kampan-roku-2021-nazvana-connected","status":"publish","type":"post","link":"https:\/\/womenhouse.cz\/index.php\/2021\/07\/12\/toni-and-guy-kampan-roku-2021-nazvana-connected\/","title":{"rendered":"TONI&#038;GUY: Kampa\u0148 roku 2021 nazvan\u00e1 CONNECTED"},"content":{"rendered":"\n<p><strong>Kampa\u0148 roku 2021 nazvan\u00e1&nbsp;CONNECTED&nbsp;oslavuje spojen\u00ed mezi t\u00edm, kdo jsme, a na\u0161imi vlasy jako\u017eto n\u00e1stroje autentick\u00e9ho sebevyj\u00e1d\u0159en\u00ed v dob\u011b, kter\u00e1 omezuje mnoho oblast\u00ed na\u0161eho \u017eivota. <\/strong><\/p>\n\n\n\n<p><strong>Wellness a p\u00e9\u010de o sebe pro n\u00e1s v t\u011bchto dnech znamen\u00e1 v\u00edce ne\u017e kdy d\u0159\u00edv, p\u0159i\u010dem\u017e vlasy hraj\u00ed d\u016fle\u017eitou roli v utv\u00e1\u0159en\u00ed na\u0161\u00ed identity a budov\u00e1n\u00ed sebejistoty pot\u0159ebn\u00e9 k vyj\u00e1d\u0159en\u00ed a prosazen\u00ed vlastn\u00edho stylu.&nbsp;Kolekce \u010derp\u00e1 inspiraci z utilitari\u00e1nstv\u00ed, pozitivn\u00edho p\u0159\u00edstupu, pro n\u011bj\u017e je charakteristick\u00e9 \u0161t\u011bst\u00ed, pot\u011b\u0161en\u00ed a zdokonalov\u00e1n\u00ed spole\u010dnosti jako celku. \u00c9tos \u201aWe Care\u2018, tedy \u201aM\u00e1me z\u00e1jem\u2018, kter\u00fd znamen\u00e1 p\u00e9\u010di o klient\u016fv dobr\u00fd pocit stejn\u011b jako o jeho image, je z\u00e1kladem pro rozv\u00edjen\u00ed vztahu mezi na\u0161imi experty a na\u0161imi klienty. Pr\u00e1v\u011b v tomto vztahu je sd\u00edlena p\u00e9\u010de o vlasy coby sou\u010d\u00e1st dobr\u00e9ho pocitu a sebevyj\u00e1d\u0159en\u00ed.&nbsp;<\/strong><\/p>\n\n\n\n<figure class=\"wp-block-gallery columns-3 is-cropped wp-block-gallery-1 is-layout-flex wp-block-gallery-is-layout-flex\"><ul class=\"blocks-gallery-grid\"><li class=\"blocks-gallery-item\"><figure><img loading=\"lazy\" decoding=\"async\" width=\"785\" height=\"1024\" src=\"https:\/\/womenhouse.cz\/wp-content\/uploads\/2021\/07\/Image-1-785x1024.jpg\" alt=\"\" data-id=\"5834\" data-full-url=\"https:\/\/womenhouse.cz\/wp-content\/uploads\/2021\/07\/Image-1.jpg\" data-link=\"https:\/\/womenhouse.cz\/?attachment_id=5834\" class=\"wp-image-5834\" srcset=\"https:\/\/womenhouse.cz\/wp-content\/uploads\/2021\/07\/Image-1-785x1024.jpg 785w, https:\/\/womenhouse.cz\/wp-content\/uploads\/2021\/07\/Image-1-230x300.jpg 230w, https:\/\/womenhouse.cz\/wp-content\/uploads\/2021\/07\/Image-1-768x1002.jpg 768w, https:\/\/womenhouse.cz\/wp-content\/uploads\/2021\/07\/Image-1.jpg 960w\" sizes=\"(max-width: 785px) 100vw, 785px\" \/><\/figure><\/li><li class=\"blocks-gallery-item\"><figure><img loading=\"lazy\" decoding=\"async\" width=\"785\" height=\"1024\" src=\"https:\/\/womenhouse.cz\/wp-content\/uploads\/2021\/07\/2020.11.3CC_6-785x1024.jpg\" alt=\"\" data-id=\"5833\" data-full-url=\"https:\/\/womenhouse.cz\/wp-content\/uploads\/2021\/07\/2020.11.3CC_6.jpg\" data-link=\"https:\/\/womenhouse.cz\/?attachment_id=5833\" class=\"wp-image-5833\" srcset=\"https:\/\/womenhouse.cz\/wp-content\/uploads\/2021\/07\/2020.11.3CC_6-785x1024.jpg 785w, https:\/\/womenhouse.cz\/wp-content\/uploads\/2021\/07\/2020.11.3CC_6-230x300.jpg 230w, https:\/\/womenhouse.cz\/wp-content\/uploads\/2021\/07\/2020.11.3CC_6-768x1002.jpg 768w, https:\/\/womenhouse.cz\/wp-content\/uploads\/2021\/07\/2020.11.3CC_6.jpg 960w\" sizes=\"(max-width: 785px) 100vw, 785px\" \/><\/figure><\/li><li class=\"blocks-gallery-item\"><figure><img loading=\"lazy\" decoding=\"async\" width=\"785\" height=\"1024\" src=\"https:\/\/womenhouse.cz\/wp-content\/uploads\/2021\/07\/Toni-2-785x1024.jpg\" alt=\"\" data-id=\"5835\" data-full-url=\"https:\/\/womenhouse.cz\/wp-content\/uploads\/2021\/07\/Toni-2.jpg\" data-link=\"https:\/\/womenhouse.cz\/?attachment_id=5835\" class=\"wp-image-5835\" srcset=\"https:\/\/womenhouse.cz\/wp-content\/uploads\/2021\/07\/Toni-2-785x1024.jpg 785w, https:\/\/womenhouse.cz\/wp-content\/uploads\/2021\/07\/Toni-2-230x300.jpg 230w, https:\/\/womenhouse.cz\/wp-content\/uploads\/2021\/07\/Toni-2-768x1002.jpg 768w, https:\/\/womenhouse.cz\/wp-content\/uploads\/2021\/07\/Toni-2.jpg 960w\" sizes=\"(max-width: 785px) 100vw, 785px\" \/><\/figure><\/li><\/ul><\/figure>\n\n\n\n<p>Kolekce zpodob\u0148uje t\u0159i v\u016fd\u010d\u00ed principy, je\u017e vlasov\u00ed stylist\u00e9&nbsp;<strong>TONI&amp;GUY&nbsp;<\/strong>p\u0159in\u00e1\u0161ej\u00ed sv\u00fdm klient\u016fm:&nbsp;<strong>zdrav\u00ed&nbsp;<\/strong>(star\u00e1me se o to, aby hezk\u00fd a zdrav\u00fd vzhled klientov\u00fdch vlas\u016f vych\u00e1zel zevnit\u0159),&nbsp;<strong>kr\u00e1su<\/strong>&nbsp;(p\u0159in\u00e1\u0161\u00edme klientovi dobr\u00fd pocit ze spr\u00e1vn\u00fdch rozhodnut\u00ed, jimi\u017e p\u0159izp\u016fsobujeme styl jeho individu\u00e1ln\u00edm pot\u0159eb\u00e1m) a&nbsp;<strong>znalosti&nbsp;<\/strong>(poskytujeme klientovi ve\u0161ker\u00e9 rady k n\u00e1sledn\u00e9 ka\u017edodenn\u00ed p\u00e9\u010di, kter\u00e1 mu zajist\u00ed skv\u011bl\u00fd vzhled i dobr\u00fd pocit).<\/p>\n\n\n\n<figure class=\"wp-block-gallery columns-2 is-cropped wp-block-gallery-2 is-layout-flex wp-block-gallery-is-layout-flex\"><ul class=\"blocks-gallery-grid\"><li class=\"blocks-gallery-item\"><figure><img loading=\"lazy\" decoding=\"async\" width=\"785\" height=\"1024\" src=\"https:\/\/womenhouse.cz\/wp-content\/uploads\/2021\/07\/2020.11.3CC_3-785x1024.jpg\" alt=\"\" data-id=\"5836\" data-full-url=\"https:\/\/womenhouse.cz\/wp-content\/uploads\/2021\/07\/2020.11.3CC_3.jpg\" data-link=\"https:\/\/womenhouse.cz\/?attachment_id=5836\" class=\"wp-image-5836\" srcset=\"https:\/\/womenhouse.cz\/wp-content\/uploads\/2021\/07\/2020.11.3CC_3-785x1024.jpg 785w, https:\/\/womenhouse.cz\/wp-content\/uploads\/2021\/07\/2020.11.3CC_3-230x300.jpg 230w, https:\/\/womenhouse.cz\/wp-content\/uploads\/2021\/07\/2020.11.3CC_3-768x1002.jpg 768w, https:\/\/womenhouse.cz\/wp-content\/uploads\/2021\/07\/2020.11.3CC_3.jpg 960w\" sizes=\"(max-width: 785px) 100vw, 785px\" \/><\/figure><\/li><li class=\"blocks-gallery-item\"><figure><img loading=\"lazy\" decoding=\"async\" width=\"785\" height=\"1024\" src=\"https:\/\/womenhouse.cz\/wp-content\/uploads\/2021\/07\/2020.11.3CC_4-785x1024.jpg\" alt=\"\" data-id=\"5837\" data-full-url=\"https:\/\/womenhouse.cz\/wp-content\/uploads\/2021\/07\/2020.11.3CC_4.jpg\" data-link=\"https:\/\/womenhouse.cz\/?attachment_id=5837\" class=\"wp-image-5837\" srcset=\"https:\/\/womenhouse.cz\/wp-content\/uploads\/2021\/07\/2020.11.3CC_4-785x1024.jpg 785w, https:\/\/womenhouse.cz\/wp-content\/uploads\/2021\/07\/2020.11.3CC_4-230x300.jpg 230w, https:\/\/womenhouse.cz\/wp-content\/uploads\/2021\/07\/2020.11.3CC_4-768x1002.jpg 768w, https:\/\/womenhouse.cz\/wp-content\/uploads\/2021\/07\/2020.11.3CC_4.jpg 960w\" sizes=\"(max-width: 785px) 100vw, 785px\" \/><\/figure><\/li><\/ul><\/figure>\n\n\n\n<p>Kolekce uv\u00e1d\u00ed v soulad t\u0159i kl\u00ed\u010dov\u00e9 motivy:&nbsp;<strong>prakti\u010dnost<\/strong>&nbsp;(oslava vlas\u016f se setk\u00e1v\u00e1 s kreativn\u00edmi technikami zna\u010dky),&nbsp;<strong>slu\u0161ivost&nbsp;<\/strong>(tvorba dokonal\u00fdch \u00fa\u010des\u016f pro individu\u00e1ln\u00ed pot\u0159ebu klienta) a&nbsp;<strong>odli\u0161nost<\/strong>&nbsp;(oslava klientovy individuality). V\u0161emi t\u0159emi motivy zna\u010dka vyjad\u0159uje souhlas s my\u0161lenkou, \u017ee p\u00e9\u010de o vlasy m\u016f\u017ee m\u00edt nem\u011b\u0159iteln\u00fd p\u0159\u00ednos pro na\u0161e zdrav\u00ed a dobr\u00fd pocit. &nbsp;<\/p>\n\n\n\n<figure class=\"wp-block-gallery columns-2 is-cropped wp-block-gallery-3 is-layout-flex wp-block-gallery-is-layout-flex\"><ul class=\"blocks-gallery-grid\"><li class=\"blocks-gallery-item\"><figure><img loading=\"lazy\" decoding=\"async\" width=\"785\" height=\"1024\" src=\"https:\/\/womenhouse.cz\/wp-content\/uploads\/2021\/07\/2020.11.3CC_5-785x1024.jpg\" alt=\"\" data-id=\"5838\" data-full-url=\"https:\/\/womenhouse.cz\/wp-content\/uploads\/2021\/07\/2020.11.3CC_5.jpg\" data-link=\"https:\/\/womenhouse.cz\/?attachment_id=5838\" class=\"wp-image-5838\" srcset=\"https:\/\/womenhouse.cz\/wp-content\/uploads\/2021\/07\/2020.11.3CC_5-785x1024.jpg 785w, https:\/\/womenhouse.cz\/wp-content\/uploads\/2021\/07\/2020.11.3CC_5-230x300.jpg 230w, https:\/\/womenhouse.cz\/wp-content\/uploads\/2021\/07\/2020.11.3CC_5-768x1002.jpg 768w, https:\/\/womenhouse.cz\/wp-content\/uploads\/2021\/07\/2020.11.3CC_5.jpg 960w\" sizes=\"(max-width: 785px) 100vw, 785px\" \/><\/figure><\/li><li class=\"blocks-gallery-item\"><figure><img loading=\"lazy\" decoding=\"async\" width=\"785\" height=\"1024\" src=\"https:\/\/womenhouse.cz\/wp-content\/uploads\/2021\/07\/Toni-785x1024.jpg\" alt=\"\" data-id=\"5839\" data-full-url=\"https:\/\/womenhouse.cz\/wp-content\/uploads\/2021\/07\/Toni.jpg\" data-link=\"https:\/\/womenhouse.cz\/?attachment_id=5839\" class=\"wp-image-5839\" srcset=\"https:\/\/womenhouse.cz\/wp-content\/uploads\/2021\/07\/Toni-785x1024.jpg 785w, https:\/\/womenhouse.cz\/wp-content\/uploads\/2021\/07\/Toni-230x300.jpg 230w, https:\/\/womenhouse.cz\/wp-content\/uploads\/2021\/07\/Toni-768x1002.jpg 768w, https:\/\/womenhouse.cz\/wp-content\/uploads\/2021\/07\/Toni.jpg 960w\" sizes=\"(max-width: 785px) 100vw, 785px\" \/><\/figure><\/li><\/ul><\/figure>\n\n\n\n<p>Barevn\u00e1 paleta&nbsp;<strong>TONI&amp;GUY CONNECTED<\/strong>&nbsp;je tvo\u0159ena jemnou, tlumenou kombinac\u00ed chladn\u00fdch, neutr\u00e1ln\u00edch a tepl\u00fdch t\u00f3n\u016f, zvolen\u00fdch ka\u017ed\u00e9mu klientovi p\u0159\u00edmo na m\u00edru. Kolekce obsahuje odst\u00edny kamene, jemnou b\u00e9\u017e a \u017elutohn\u011bd\u00e9 t\u00f3ny ve sv\u011btl\u00e9m spektru. Ve tmav\u0161\u00edm spektru se uplat\u0148uj\u00ed kou\u0159ov\u00e9 t\u00f3ny a saturovan\u00e9 barvy jako luxusn\u00ed hn\u011b\u010f a bohat\u00e1 bord\u00f3, vrstven\u00e9 pro vytvo\u0159en\u00ed efektu nekone\u010dn\u00e9 m\u011bkkosti. Barevn\u00e9 principy leto\u0161n\u00edho roku prop\u016fj\u010duj\u00ed vlas\u016fm nov\u00fd \u017eivot v podob\u011b z\u00e1\u0159\u00edc\u00edho symbolu zdrav\u00ed, sebevyj\u00e1d\u0159en\u00ed a svobody.&nbsp;<\/p>\n\n\n\n<div style=\"height:14px\" aria-hidden=\"true\" class=\"wp-block-spacer\"><\/div>\n\n\n\n<p><strong>V\u00edce informac\u00ed o nov\u00e9 kolekci a v\u00fdrobc\u00edch naleznete na <a class=\"\" href=\"http:\/\/www.toniandguy.cz\/\">www.toniandguy.cz<\/a>.<\/strong><\/p>\n\n\n\n<div style=\"height:22px\" aria-hidden=\"true\" class=\"wp-block-spacer\"><\/div>\n\n\n\n<figure class=\"wp-block-gallery columns-3 is-cropped wp-block-gallery-4 is-layout-flex wp-block-gallery-is-layout-flex\"><ul class=\"blocks-gallery-grid\"><li class=\"blocks-gallery-item\"><figure><img loading=\"lazy\" decoding=\"async\" width=\"743\" height=\"1024\" src=\"https:\/\/womenhouse.cz\/wp-content\/uploads\/2021\/07\/Natasha-bs-1131-743x1024.jpeg\" alt=\"\" data-id=\"5829\" data-full-url=\"https:\/\/womenhouse.cz\/wp-content\/uploads\/2021\/07\/Natasha-bs-1131.jpeg\" data-link=\"https:\/\/womenhouse.cz\/?attachment_id=5829\" class=\"wp-image-5829\" srcset=\"https:\/\/womenhouse.cz\/wp-content\/uploads\/2021\/07\/Natasha-bs-1131-743x1024.jpeg 743w, https:\/\/womenhouse.cz\/wp-content\/uploads\/2021\/07\/Natasha-bs-1131-218x300.jpeg 218w, https:\/\/womenhouse.cz\/wp-content\/uploads\/2021\/07\/Natasha-bs-1131-768x1058.jpeg 768w, https:\/\/womenhouse.cz\/wp-content\/uploads\/2021\/07\/Natasha-bs-1131.jpeg 929w\" sizes=\"(max-width: 743px) 100vw, 743px\" \/><\/figure><\/li><li class=\"blocks-gallery-item\"><figure><img loading=\"lazy\" decoding=\"async\" width=\"768\" height=\"1024\" src=\"https:\/\/womenhouse.cz\/wp-content\/uploads\/2021\/07\/Ronja-bs-6380-768x1024.jpeg\" alt=\"\" data-id=\"5832\" data-full-url=\"https:\/\/womenhouse.cz\/wp-content\/uploads\/2021\/07\/Ronja-bs-6380.jpeg\" data-link=\"https:\/\/womenhouse.cz\/?attachment_id=5832\" class=\"wp-image-5832\" srcset=\"https:\/\/womenhouse.cz\/wp-content\/uploads\/2021\/07\/Ronja-bs-6380-768x1024.jpeg 768w, https:\/\/womenhouse.cz\/wp-content\/uploads\/2021\/07\/Ronja-bs-6380-225x300.jpeg 225w, https:\/\/womenhouse.cz\/wp-content\/uploads\/2021\/07\/Ronja-bs-6380.jpeg 960w\" sizes=\"(max-width: 768px) 100vw, 768px\" \/><\/figure><\/li><li class=\"blocks-gallery-item\"><figure><img loading=\"lazy\" decoding=\"async\" width=\"768\" height=\"1024\" src=\"https:\/\/womenhouse.cz\/wp-content\/uploads\/2021\/07\/Niamh-bs-2495-768x1024.jpeg\" alt=\"\" data-id=\"5830\" data-full-url=\"https:\/\/womenhouse.cz\/wp-content\/uploads\/2021\/07\/Niamh-bs-2495.jpeg\" data-link=\"https:\/\/womenhouse.cz\/?attachment_id=5830\" class=\"wp-image-5830\" srcset=\"https:\/\/womenhouse.cz\/wp-content\/uploads\/2021\/07\/Niamh-bs-2495-768x1024.jpeg 768w, https:\/\/womenhouse.cz\/wp-content\/uploads\/2021\/07\/Niamh-bs-2495-225x300.jpeg 225w, https:\/\/womenhouse.cz\/wp-content\/uploads\/2021\/07\/Niamh-bs-2495.jpeg 960w\" sizes=\"(max-width: 768px) 100vw, 768px\" \/><\/figure><\/li><li class=\"blocks-gallery-item\"><figure><img loading=\"lazy\" decoding=\"async\" width=\"768\" height=\"1024\" src=\"https:\/\/womenhouse.cz\/wp-content\/uploads\/2021\/07\/Alfie-bs-4295-768x1024.jpeg\" alt=\"\" data-id=\"5828\" data-full-url=\"https:\/\/womenhouse.cz\/wp-content\/uploads\/2021\/07\/Alfie-bs-4295.jpeg\" data-link=\"https:\/\/womenhouse.cz\/?attachment_id=5828\" class=\"wp-image-5828\" srcset=\"https:\/\/womenhouse.cz\/wp-content\/uploads\/2021\/07\/Alfie-bs-4295-768x1024.jpeg 768w, https:\/\/womenhouse.cz\/wp-content\/uploads\/2021\/07\/Alfie-bs-4295-225x300.jpeg 225w, https:\/\/womenhouse.cz\/wp-content\/uploads\/2021\/07\/Alfie-bs-4295.jpeg 960w\" sizes=\"(max-width: 768px) 100vw, 768px\" \/><\/figure><\/li><li class=\"blocks-gallery-item\"><figure><img loading=\"lazy\" decoding=\"async\" width=\"768\" height=\"1024\" src=\"https:\/\/womenhouse.cz\/wp-content\/uploads\/2021\/07\/Nina-bs-2717-768x1024.jpeg\" alt=\"\" data-id=\"5831\" data-full-url=\"https:\/\/womenhouse.cz\/wp-content\/uploads\/2021\/07\/Nina-bs-2717.jpeg\" data-link=\"https:\/\/womenhouse.cz\/?attachment_id=5831\" class=\"wp-image-5831\" srcset=\"https:\/\/womenhouse.cz\/wp-content\/uploads\/2021\/07\/Nina-bs-2717-768x1024.jpeg 768w, https:\/\/womenhouse.cz\/wp-content\/uploads\/2021\/07\/Nina-bs-2717-225x300.jpeg 225w, https:\/\/womenhouse.cz\/wp-content\/uploads\/2021\/07\/Nina-bs-2717.jpeg 960w\" sizes=\"(max-width: 768px) 100vw, 768px\" \/><\/figure><\/li><\/ul><\/figure>\n\n\n\n<div style=\"height:100px\" aria-hidden=\"true\" class=\"wp-block-spacer\"><\/div>\n","protected":false},"excerpt":{"rendered":"<p>Kampa\u0148 roku 2021 nazvan\u00e1&nbsp;CONNECTED&nbsp;oslavuje spojen\u00ed mezi t\u00edm, kdo jsme, a na\u0161imi vlasy jako\u017eto n\u00e1stroje autentick\u00e9ho sebevyj\u00e1d\u0159en\u00ed v dob\u011b, kter\u00e1 omezuje mnoho oblast\u00ed na\u0161eho \u017eivota. Wellness a p\u00e9\u010de o sebe pro n\u00e1s v t\u011bchto dnech znamen\u00e1 v\u00edce ne\u017e kdy d\u0159\u00edv, p\u0159i\u010dem\u017e vlasy hraj\u00ed d\u016fle\u017eitou roli v utv\u00e1\u0159en\u00ed na\u0161\u00ed identity a budov\u00e1n\u00ed sebejistoty pot\u0159ebn\u00e9 k vyj\u00e1d\u0159en\u00ed a [&hellip;]<\/p>\n","protected":false},"author":6,"featured_media":5841,"comment_status":"closed","ping_status":"closed","sticky":false,"template":"","format":"standard","meta":{"_mi_skip_tracking":false,"_monsterinsights_sitenote_active":false,"_monsterinsights_sitenote_note":"","_monsterinsights_sitenote_category":0,"footnotes":""},"categories":[25,9,4,2,12],"tags":[],"yoast_head":"<!-- This site is optimized with the Yoast SEO plugin v21.5 - https:\/\/yoast.com\/wordpress\/plugins\/seo\/ -->\n<title>TONI&amp;GUY: Kampa\u0148 roku 2021 nazvan\u00e1 CONNECTED - WOMENHOUSE.cz<\/title>\n<meta name=\"robots\" content=\"index, follow, max-snippet:-1, max-image-preview:large, max-video-preview:-1\" \/>\n<link rel=\"canonical\" href=\"https:\/\/womenhouse.cz\/index.php\/2021\/07\/12\/toni-and-guy-kampan-roku-2021-nazvana-connected\/\" \/>\n<meta property=\"og:locale\" content=\"cs_CZ\" \/>\n<meta property=\"og:type\" content=\"article\" \/>\n<meta property=\"og:title\" content=\"TONI&amp;GUY: Kampa\u0148 roku 2021 nazvan\u00e1 CONNECTED - WOMENHOUSE.cz\" \/>\n<meta property=\"og:description\" content=\"Kampa\u0148 roku 2021 nazvan\u00e1&nbsp;CONNECTED&nbsp;oslavuje spojen\u00ed mezi t\u00edm, kdo jsme, a na\u0161imi vlasy jako\u017eto n\u00e1stroje autentick\u00e9ho sebevyj\u00e1d\u0159en\u00ed v dob\u011b, kter\u00e1 omezuje mnoho oblast\u00ed na\u0161eho \u017eivota. Wellness a p\u00e9\u010de o sebe pro n\u00e1s v t\u011bchto dnech znamen\u00e1 v\u00edce ne\u017e kdy d\u0159\u00edv, p\u0159i\u010dem\u017e vlasy hraj\u00ed d\u016fle\u017eitou roli v utv\u00e1\u0159en\u00ed na\u0161\u00ed identity a budov\u00e1n\u00ed sebejistoty pot\u0159ebn\u00e9 k vyj\u00e1d\u0159en\u00ed a [&hellip;]\" \/>\n<meta property=\"og:url\" content=\"https:\/\/womenhouse.cz\/index.php\/2021\/07\/12\/toni-and-guy-kampan-roku-2021-nazvana-connected\/\" \/>\n<meta property=\"og:site_name\" content=\"WOMENHOUSE.cz\" \/>\n<meta property=\"article:publisher\" content=\"https:\/\/www.facebook.com\/womenhousecz\" \/>\n<meta property=\"article:published_time\" content=\"2021-07-12T20:13:20+00:00\" \/>\n<meta property=\"article:modified_time\" content=\"2021-10-04T23:27:35+00:00\" \/>\n<meta property=\"og:image\" content=\"https:\/\/womenhouse.cz\/wp-content\/uploads\/2021\/07\/Toni-2_TTL.jpg\" \/>\n\t<meta property=\"og:image:width\" content=\"960\" \/>\n\t<meta property=\"og:image:height\" content=\"946\" \/>\n\t<meta property=\"og:image:type\" content=\"image\/jpeg\" \/>\n<meta name=\"author\" content=\"Petra Kub\u00edkov\u00e1\" \/>\n<meta name=\"twitter:card\" content=\"summary_large_image\" \/>\n<meta name=\"twitter:label1\" content=\"Napsal(a)\" \/>\n\t<meta name=\"twitter:data1\" content=\"Petra Kub\u00edkov\u00e1\" \/>\n\t<meta name=\"twitter:label2\" content=\"Odhadovan\u00e1 doba \u010dten\u00ed\" \/>\n\t<meta name=\"twitter:data2\" content=\"2 minuty\" \/>\n<script type=\"application\/ld+json\" class=\"yoast-schema-graph\">{\"@context\":\"https:\/\/schema.org\",\"@graph\":[{\"@type\":\"Article\",\"@id\":\"https:\/\/womenhouse.cz\/index.php\/2021\/07\/12\/toni-and-guy-kampan-roku-2021-nazvana-connected\/#article\",\"isPartOf\":{\"@id\":\"https:\/\/womenhouse.cz\/index.php\/2021\/07\/12\/toni-and-guy-kampan-roku-2021-nazvana-connected\/\"},\"author\":{\"name\":\"Petra Kub\u00edkov\u00e1\",\"@id\":\"https:\/\/womenhouse.cz\/#\/schema\/person\/4a1fde0be3f0c5dd5006ba6dc68c7656\"},\"headline\":\"TONI&#038;GUY: Kampa\u0148 roku 2021 nazvan\u00e1 CONNECTED\",\"datePublished\":\"2021-07-12T20:13:20+00:00\",\"dateModified\":\"2021-10-04T23:27:35+00:00\",\"mainEntityOfPage\":{\"@id\":\"https:\/\/womenhouse.cz\/index.php\/2021\/07\/12\/toni-and-guy-kampan-roku-2021-nazvana-connected\/\"},\"wordCount\":474,\"publisher\":{\"@id\":\"https:\/\/womenhouse.cz\/#organization\"},\"articleSection\":[\"FASHION\",\"KOSMETIKA\",\"M\u00f3DA\",\"NEWS\",\"TIPY &amp; TRENDY\"],\"inLanguage\":\"cs\"},{\"@type\":\"WebPage\",\"@id\":\"https:\/\/womenhouse.cz\/index.php\/2021\/07\/12\/toni-and-guy-kampan-roku-2021-nazvana-connected\/\",\"url\":\"https:\/\/womenhouse.cz\/index.php\/2021\/07\/12\/toni-and-guy-kampan-roku-2021-nazvana-connected\/\",\"name\":\"TONI&GUY: Kampa\u0148 roku 2021 nazvan\u00e1 CONNECTED - WOMENHOUSE.cz\",\"isPartOf\":{\"@id\":\"https:\/\/womenhouse.cz\/#website\"},\"datePublished\":\"2021-07-12T20:13:20+00:00\",\"dateModified\":\"2021-10-04T23:27:35+00:00\",\"breadcrumb\":{\"@id\":\"https:\/\/womenhouse.cz\/index.php\/2021\/07\/12\/toni-and-guy-kampan-roku-2021-nazvana-connected\/#breadcrumb\"},\"inLanguage\":\"cs\",\"potentialAction\":[{\"@type\":\"ReadAction\",\"target\":[\"https:\/\/womenhouse.cz\/index.php\/2021\/07\/12\/toni-and-guy-kampan-roku-2021-nazvana-connected\/\"]}]},{\"@type\":\"BreadcrumbList\",\"@id\":\"https:\/\/womenhouse.cz\/index.php\/2021\/07\/12\/toni-and-guy-kampan-roku-2021-nazvana-connected\/#breadcrumb\",\"itemListElement\":[{\"@type\":\"ListItem\",\"position\":1,\"name\":\"Dom\u016f\",\"item\":\"https:\/\/womenhouse.cz\/\"},{\"@type\":\"ListItem\",\"position\":2,\"name\":\"TONI&#038;GUY: Kampa\u0148 roku 2021 nazvan\u00e1 CONNECTED\"}]},{\"@type\":\"WebSite\",\"@id\":\"https:\/\/womenhouse.cz\/#website\",\"url\":\"https:\/\/womenhouse.cz\/\",\"name\":\"WOMENHOUSE.cz\",\"description\":\"Port\u00e1l v\u00fdhradn\u011b jen pro \u017eeny...\",\"publisher\":{\"@id\":\"https:\/\/womenhouse.cz\/#organization\"},\"potentialAction\":[{\"@type\":\"SearchAction\",\"target\":{\"@type\":\"EntryPoint\",\"urlTemplate\":\"https:\/\/womenhouse.cz\/?s={search_term_string}\"},\"query-input\":\"required name=search_term_string\"}],\"inLanguage\":\"cs\"},{\"@type\":\"Organization\",\"@id\":\"https:\/\/womenhouse.cz\/#organization\",\"name\":\"WOMENHOUSE.cz\",\"url\":\"https:\/\/womenhouse.cz\/\",\"logo\":{\"@type\":\"ImageObject\",\"inLanguage\":\"cs\",\"@id\":\"https:\/\/womenhouse.cz\/#\/schema\/logo\/image\/\",\"url\":\"https:\/\/womenhouse.cz\/wp-content\/uploads\/2020\/06\/cropped-logo_Womenhouse_RGB-02-removebg-preview-1.png\",\"contentUrl\":\"https:\/\/womenhouse.cz\/wp-content\/uploads\/2020\/06\/cropped-logo_Womenhouse_RGB-02-removebg-preview-1.png\",\"width\":561,\"height\":375,\"caption\":\"WOMENHOUSE.cz\"},\"image\":{\"@id\":\"https:\/\/womenhouse.cz\/#\/schema\/logo\/image\/\"},\"sameAs\":[\"https:\/\/www.facebook.com\/womenhousecz\",\"https:\/\/www.instagram.com\/womenhousecz\/\"]},{\"@type\":\"Person\",\"@id\":\"https:\/\/womenhouse.cz\/#\/schema\/person\/4a1fde0be3f0c5dd5006ba6dc68c7656\",\"name\":\"Petra Kub\u00edkov\u00e1\",\"sameAs\":[\"http:\/\/WOMENHOUSE.cz\"],\"url\":\"https:\/\/womenhouse.cz\/index.php\/author\/kubip\/\"}]}<\/script>\n<!-- \/ Yoast SEO plugin. -->","yoast_head_json":{"title":"TONI&GUY: Kampa\u0148 roku 2021 nazvan\u00e1 CONNECTED - WOMENHOUSE.cz","robots":{"index":"index","follow":"follow","max-snippet":"max-snippet:-1","max-image-preview":"max-image-preview:large","max-video-preview":"max-video-preview:-1"},"canonical":"https:\/\/womenhouse.cz\/index.php\/2021\/07\/12\/toni-and-guy-kampan-roku-2021-nazvana-connected\/","og_locale":"cs_CZ","og_type":"article","og_title":"TONI&GUY: Kampa\u0148 roku 2021 nazvan\u00e1 CONNECTED - WOMENHOUSE.cz","og_description":"Kampa\u0148 roku 2021 nazvan\u00e1&nbsp;CONNECTED&nbsp;oslavuje spojen\u00ed mezi t\u00edm, kdo jsme, a na\u0161imi vlasy jako\u017eto n\u00e1stroje autentick\u00e9ho sebevyj\u00e1d\u0159en\u00ed v dob\u011b, kter\u00e1 omezuje mnoho oblast\u00ed na\u0161eho \u017eivota. Wellness a p\u00e9\u010de o sebe pro n\u00e1s v t\u011bchto dnech znamen\u00e1 v\u00edce ne\u017e kdy d\u0159\u00edv, p\u0159i\u010dem\u017e vlasy hraj\u00ed d\u016fle\u017eitou roli v utv\u00e1\u0159en\u00ed na\u0161\u00ed identity a budov\u00e1n\u00ed sebejistoty pot\u0159ebn\u00e9 k vyj\u00e1d\u0159en\u00ed a [&hellip;]","og_url":"https:\/\/womenhouse.cz\/index.php\/2021\/07\/12\/toni-and-guy-kampan-roku-2021-nazvana-connected\/","og_site_name":"WOMENHOUSE.cz","article_publisher":"https:\/\/www.facebook.com\/womenhousecz","article_published_time":"2021-07-12T20:13:20+00:00","article_modified_time":"2021-10-04T23:27:35+00:00","og_image":[{"width":960,"height":946,"url":"https:\/\/womenhouse.cz\/wp-content\/uploads\/2021\/07\/Toni-2_TTL.jpg","type":"image\/jpeg"}],"author":"Petra Kub\u00edkov\u00e1","twitter_card":"summary_large_image","twitter_misc":{"Napsal(a)":"Petra Kub\u00edkov\u00e1","Odhadovan\u00e1 doba \u010dten\u00ed":"2 minuty"},"schema":{"@context":"https:\/\/schema.org","@graph":[{"@type":"Article","@id":"https:\/\/womenhouse.cz\/index.php\/2021\/07\/12\/toni-and-guy-kampan-roku-2021-nazvana-connected\/#article","isPartOf":{"@id":"https:\/\/womenhouse.cz\/index.php\/2021\/07\/12\/toni-and-guy-kampan-roku-2021-nazvana-connected\/"},"author":{"name":"Petra Kub\u00edkov\u00e1","@id":"https:\/\/womenhouse.cz\/#\/schema\/person\/4a1fde0be3f0c5dd5006ba6dc68c7656"},"headline":"TONI&#038;GUY: Kampa\u0148 roku 2021 nazvan\u00e1 CONNECTED","datePublished":"2021-07-12T20:13:20+00:00","dateModified":"2021-10-04T23:27:35+00:00","mainEntityOfPage":{"@id":"https:\/\/womenhouse.cz\/index.php\/2021\/07\/12\/toni-and-guy-kampan-roku-2021-nazvana-connected\/"},"wordCount":474,"publisher":{"@id":"https:\/\/womenhouse.cz\/#organization"},"articleSection":["FASHION","KOSMETIKA","M\u00f3DA","NEWS","TIPY &amp; TRENDY"],"inLanguage":"cs"},{"@type":"WebPage","@id":"https:\/\/womenhouse.cz\/index.php\/2021\/07\/12\/toni-and-guy-kampan-roku-2021-nazvana-connected\/","url":"https:\/\/womenhouse.cz\/index.php\/2021\/07\/12\/toni-and-guy-kampan-roku-2021-nazvana-connected\/","name":"TONI&GUY: Kampa\u0148 roku 2021 nazvan\u00e1 CONNECTED - WOMENHOUSE.cz","isPartOf":{"@id":"https:\/\/womenhouse.cz\/#website"},"datePublished":"2021-07-12T20:13:20+00:00","dateModified":"2021-10-04T23:27:35+00:00","breadcrumb":{"@id":"https:\/\/womenhouse.cz\/index.php\/2021\/07\/12\/toni-and-guy-kampan-roku-2021-nazvana-connected\/#breadcrumb"},"inLanguage":"cs","potentialAction":[{"@type":"ReadAction","target":["https:\/\/womenhouse.cz\/index.php\/2021\/07\/12\/toni-and-guy-kampan-roku-2021-nazvana-connected\/"]}]},{"@type":"BreadcrumbList","@id":"https:\/\/womenhouse.cz\/index.php\/2021\/07\/12\/toni-and-guy-kampan-roku-2021-nazvana-connected\/#breadcrumb","itemListElement":[{"@type":"ListItem","position":1,"name":"Dom\u016f","item":"https:\/\/womenhouse.cz\/"},{"@type":"ListItem","position":2,"name":"TONI&#038;GUY: Kampa\u0148 roku 2021 nazvan\u00e1 CONNECTED"}]},{"@type":"WebSite","@id":"https:\/\/womenhouse.cz\/#website","url":"https:\/\/womenhouse.cz\/","name":"WOMENHOUSE.cz","description":"Port\u00e1l v\u00fdhradn\u011b jen pro \u017eeny...","publisher":{"@id":"https:\/\/womenhouse.cz\/#organization"},"potentialAction":[{"@type":"SearchAction","target":{"@type":"EntryPoint","urlTemplate":"https:\/\/womenhouse.cz\/?s={search_term_string}"},"query-input":"required name=search_term_string"}],"inLanguage":"cs"},{"@type":"Organization","@id":"https:\/\/womenhouse.cz\/#organization","name":"WOMENHOUSE.cz","url":"https:\/\/womenhouse.cz\/","logo":{"@type":"ImageObject","inLanguage":"cs","@id":"https:\/\/womenhouse.cz\/#\/schema\/logo\/image\/","url":"https:\/\/womenhouse.cz\/wp-content\/uploads\/2020\/06\/cropped-logo_Womenhouse_RGB-02-removebg-preview-1.png","contentUrl":"https:\/\/womenhouse.cz\/wp-content\/uploads\/2020\/06\/cropped-logo_Womenhouse_RGB-02-removebg-preview-1.png","width":561,"height":375,"caption":"WOMENHOUSE.cz"},"image":{"@id":"https:\/\/womenhouse.cz\/#\/schema\/logo\/image\/"},"sameAs":["https:\/\/www.facebook.com\/womenhousecz","https:\/\/www.instagram.com\/womenhousecz\/"]},{"@type":"Person","@id":"https:\/\/womenhouse.cz\/#\/schema\/person\/4a1fde0be3f0c5dd5006ba6dc68c7656","name":"Petra Kub\u00edkov\u00e1","sameAs":["http:\/\/WOMENHOUSE.cz"],"url":"https:\/\/womenhouse.cz\/index.php\/author\/kubip\/"}]}},"_links":{"self":[{"href":"https:\/\/womenhouse.cz\/index.php\/wp-json\/wp\/v2\/posts\/5827"}],"collection":[{"href":"https:\/\/womenhouse.cz\/index.php\/wp-json\/wp\/v2\/posts"}],"about":[{"href":"https:\/\/womenhouse.cz\/index.php\/wp-json\/wp\/v2\/types\/post"}],"author":[{"embeddable":true,"href":"https:\/\/womenhouse.cz\/index.php\/wp-json\/wp\/v2\/users\/6"}],"replies":[{"embeddable":true,"href":"https:\/\/womenhouse.cz\/index.php\/wp-json\/wp\/v2\/comments?post=5827"}],"version-history":[{"count":-3,"href":"https:\/\/womenhouse.cz\/index.php\/wp-json\/wp\/v2\/posts\/5827\/revisions"}],"wp:featuredmedia":[{"embeddable":true,"href":"https:\/\/womenhouse.cz\/index.php\/wp-json\/wp\/v2\/media\/5841"}],"wp:attachment":[{"href":"https:\/\/womenhouse.cz\/index.php\/wp-json\/wp\/v2\/media?parent=5827"}],"wp:term":[{"taxonomy":"category","embeddable":true,"href":"https:\/\/womenhouse.cz\/index.php\/wp-json\/wp\/v2\/categories?post=5827"},{"taxonomy":"post_tag","embeddable":true,"href":"https:\/\/womenhouse.cz\/index.php\/wp-json\/wp\/v2\/tags?post=5827"}],"curies":[{"name":"wp","href":"https:\/\/api.w.org\/{rel}","templated":true}]}}