{"id":5729,"date":"2021-06-29T02:20:44","date_gmt":"2021-06-29T00:20:44","guid":{"rendered":"https:\/\/womenhouse.cz\/?p=5729"},"modified":"2021-08-09T14:11:08","modified_gmt":"2021-08-09T12:11:08","slug":"v-troji-letaji-jedovati-motyli-botanicka-zahrada-praha-zve-na-oblibenou-vystavu-exoticke-motyli-krasy","status":"publish","type":"post","link":"https:\/\/womenhouse.cz\/index.php\/2021\/06\/29\/v-troji-letaji-jedovati-motyli-botanicka-zahrada-praha-zve-na-oblibenou-vystavu-exoticke-motyli-krasy\/","title":{"rendered":"V Troji l\u00e9taj\u00ed jedovat\u00ed mot\u00fdli. Botanick\u00e1 zahrada Praha zve na obl\u00edbenou v\u00fdstavu exotick\u00e9 mot\u00fdl\u00ed kr\u00e1sy"},"content":{"rendered":"\n<p><strong>Do tropick\u00e9ho sklen\u00edku Fata Morgana n\u00e1v\u0161t\u011bvn\u00edci vch\u00e1zej\u00ed nov\u00fdm vstupn\u00edm are\u00e1lem<\/strong>.<\/p>\n\n\n\n<p><strong>Trojsk\u00e1 botanick\u00e1 zahrada pro n\u00e1v\u0161t\u011bvn\u00edky op\u011bt p\u0159ipravila a dnes slavnostn\u011b zah\u00e1jila v\u00fdstavu tropick\u00fdch mot\u00fdl\u016f. Jej\u00edmi kmotry se stali here\u010dka a zp\u011bva\u010dka Eva Bure\u0161ov\u00e1, here\u010dka Veronika Khek Kuba\u0159ov\u00e1 a herec Vladim\u00edr Pol\u00edvka, d\u00e1le olympioni\u010dka a moder\u00e1torka Gabriela Soukalov\u00e1 a prezidentka nada\u010dn\u00edho fondu Kapka nad\u011bje Vendula Pizingerov\u00e1.<\/strong><\/p>\n\n\n\n<div class=\"wp-block-image\"><figure class=\"aligncenter is-resized\"><img loading=\"lazy\" decoding=\"async\" src=\"https:\/\/celebrityhouse.cz\/wp-content\/uploads\/2021\/06\/BZ_Vernisazmotyli_VIP_sklenik.jpg\" alt=\"\" class=\"wp-image-3987\" width=\"851\" height=\"568\"\/><\/figure><\/div>\n\n\n\n<p><strong>Jedn\u00e1 se u\u017e o 18. ro\u010dn\u00edk a tentokr\u00e1t se bude v\u011bnovat jedovat\u00fdm druh\u016fm. N\u00e1v\u0161t\u011bvn\u00edci se dozv\u00ed mnoho zaj\u00edmavost\u00ed, t\u0159eba to, jak se jed dostane do t\u011bla mot\u00fdla, pro koho jsou mot\u00fdli jedovat\u00ed a kter\u00fd je ten nejjedovat\u011bj\u0161\u00ed. T\u011b\u0161it se mohou ale i na kr\u00e1sn\u00e9 \u201esov\u00ed mot\u00fdly\u201c nebo modr\u00e9 krasavce z&nbsp;rodu&nbsp;<\/strong><em><strong>Morpho<\/strong><\/em><strong>. V&nbsp;r\u00e1mci vernis\u00e1\u017ee v\u00fdstavy byl rovn\u011b\u017e slavnostn\u011b zah\u00e1jen provoz nov\u00e9ho vstupn\u00edho are\u00e1lu Botanick\u00e9 zahrady Praha s&nbsp;restaurac\u00ed. Expozici je mo\u017en\u00e9 nav\u0161t\u00edvit a\u017e do 18. \u010dervence ka\u017ed\u00fd den mimo pond\u011bl\u00ed od 9 do 19 hodin.<\/strong><\/p>\n\n\n\n<div class=\"wp-block-image\"><figure class=\"aligncenter is-resized\"><img loading=\"lazy\" decoding=\"async\" src=\"https:\/\/celebrityhouse.cz\/wp-content\/uploads\/2021\/06\/BZ_Vernisaz_motyli_V.Kubarova.jpg\" alt=\"\" class=\"wp-image-3989\" width=\"823\" height=\"549\"\/><\/figure><\/div>\n\n\n\n<h3 class=\"wp-block-heading\"><strong>Otev\u00edrac\u00ed doba:<\/strong><\/h3>\n\n\n\n<h4 class=\"wp-block-heading\">Venkovn\u00ed expozice:<\/h4>\n\n\n\n<p><strong>denn\u011b v\u010detn\u011b sv\u00e1tk\u016f od 9.00 \u2013 19.00 hodin<\/strong><\/p>\n\n\n\n<h4 class=\"wp-block-heading\">Sklen\u00edk Fata Morgana:<\/h4>\n\n\n\n<p><strong>\u00dater\u00fd \u2013 ned\u011ble od 9.00 \u2013 19.00 hodin.<\/strong><\/p>\n\n\n\n<h4 class=\"wp-block-heading\">Vinot\u00e9k a sv. Kl\u00e1ry:<\/h4>\n\n\n\n<p><strong>Pond\u011bl\u00ed \u2013 p\u00e1tek od 13.00 \u2013 21.00 hod.<\/strong><\/p>\n\n\n\n<p><strong>Sobota \u2013 ned\u011ble a sv\u00e1tky od 11.00 \u2013 21.00 hod.<\/strong><\/p>\n\n\n\n<p>Do trojsk\u00e9 botanick\u00e9 zahrady postupn\u011b po t\u00fddnech doraz\u00ed na 5500 kukel n\u011bkolika des\u00edtek druh\u016f exotick\u00fdch krasavc\u016f. Botanick\u00e1 zahrada v Troji ji\u017e n\u011bkolik let spolupracuje s&nbsp;mot\u00fdl\u00ed farmou ve Stratfordu nad Avonou.<\/p>\n\n\n\n<p><em>\u201eT\u011b\u0161\u00ed m\u011b, \u017ee m\u016f\u017eeme n\u00e1v\u0161t\u011bvn\u00edky op\u011bt pozvat do na\u0161eho unik\u00e1tn\u00edho sklen\u00edku Fata Morgana, na obl\u00edbenou v\u00fdstavu mot\u00fdl\u016f. Tyto v\u00fdstavy se u n\u00e1s konaj\u00ed u\u017e od roku 2004. V&nbsp;lo\u0148sk\u00e9m roce se akce z&nbsp;d\u016fvodu uzav\u0159en\u00ed sklen\u00edku v&nbsp;r\u00e1mci protiepidemick\u00fdch opat\u0159en\u00ed nekonala. Leto\u0161n\u00ed ro\u010dn\u00edk potrv\u00e1 \u0161est t\u00fddn\u016f. Sna\u017e\u00edme se o to, aby byl pobyt v&nbsp;na\u0161em sklen\u00edku pro n\u00e1v\u0161t\u011bvn\u00edky p\u0159\u00edjemn\u00fd a aby si mot\u00fdl\u00ed kr\u00e1su skute\u010dn\u011b u\u017eili. Zat\u00edm plat\u00ed opat\u0159en\u00ed, kter\u00e1 povoluj\u00ed v expozici maxim\u00e1ln\u011b 100 osob v&nbsp;jeden okam\u017eik. Proto doporu\u010dujeme, aby si z\u00e1jemci svou n\u00e1v\u0161t\u011bvu akce napl\u00e1novali, ide\u00e1ln\u011b na odpoledne v\u0161edn\u00edch dn\u016f,\u201c&nbsp;<\/em>zve na v\u00fdstavu mot\u00fdl\u016f&nbsp;<strong>Bohumil \u010cern\u00fd, \u0159editel Botanick\u00e9 zahrady hl. m. Prahy<\/strong>.<\/p>\n\n\n\n<div class=\"wp-block-image\"><figure class=\"aligncenter is-resized\"><img loading=\"lazy\" decoding=\"async\" src=\"https:\/\/celebrityhouse.cz\/wp-content\/uploads\/2021\/06\/BZ_Vernisazmotyli_VIP.jpg\" alt=\"\" class=\"wp-image-3986\" width=\"811\" height=\"541\"\/><\/figure><\/div>\n\n\n\n<h2 class=\"wp-block-heading\"><strong>5 NEJ v\u00fdstavy<\/strong><\/h2>\n\n\n\n<p><strong>Mot\u00fdli \u2013 Jedovat\u00e1 kr\u00e1sa<\/strong><\/p>\n\n\n\n<p><strong>Nejjedovat\u011bj\u0161\u00ed:<\/strong>&nbsp;Monarcha st\u011bhovav\u00fd (<em>Danaus plexippus<\/em>)<\/p>\n\n\n\n<p><strong>Nejv\u011bt\u0161\u00ed<\/strong><strong>:&nbsp;<\/strong>Sov\u00ed mot\u00fdl (<em>Caligo atreus<\/em>) \u2013 a\u017e 16 cm<\/p>\n\n\n\n<p><strong>Nejmen\u0161\u00ed<\/strong><strong>:&nbsp;<\/strong>babo\u010dka&nbsp;<em>Adelpha cytherea<\/em>\u2013 do 5 cm<\/p>\n\n\n\n<p><strong>Nejzaj\u00edmav\u011bj\u0161\u00ed:&nbsp;<\/strong>\u201emod\u0159\u00ed\u201c mot\u00fdli&nbsp;<em>Morpho<\/em>, kte\u0159\u00ed nemaj\u00ed modrou barvu, jde o lom sv\u011btla na \u0161upink\u00e1ch k\u0159\u00eddel<\/p>\n\n\n\n<p><strong>Nejkrat\u0161\u00ed \u017eivot:&nbsp;<\/strong>martin\u00e1\u010d&nbsp;<em>Rothschildia lebeau&nbsp;<\/em>\u2013 \u017eije 3 a\u017e 4 dny&nbsp;<strong>Jedovat\u00e1 kr\u00e1sa<\/strong><\/p>\n\n\n\n<p>N\u00e1v\u0161t\u011bvn\u00edci se mohou t\u011b\u0161it na obl\u00edben\u00e9 \u201esov\u00ed mot\u00fdly\u201c (<em>Caligo atreus<\/em>) nebo p\u0159ekr\u00e1sn\u00e9 modr\u00e9 babo\u010dky rodu&nbsp;<em>Morpho<\/em>.&nbsp;<em>\u201eNa v\u00fdstav\u011b bude mo\u017eno se sezn\u00e1mit s&nbsp;des\u00edtkami druh\u016f mot\u00fdl\u016f z&nbsp;nejr\u016fzn\u011bj\u0161\u00edch kout\u016f sv\u011bta, nap\u0159\u00edklad z&nbsp;Kostariky, Ekv\u00e1doru, Filip\u00edn a dal\u0161\u00edch zem\u00ed tropick\u00e9 oblasti. Nejhojn\u011bji jsou zastoupen\u00e9 jedovat\u00e9 babo\u010dky rodu Heliconius. Jedovat\u00fd je tak\u00e9 monarcha st\u011bhovav\u00fd (Danaus plexippus). Jedovat\u00ed mot\u00fdli maj\u00ed v\u00fdstra\u017en\u00e9 barvy: \u010dervenou, oran\u017eovou, \u017elutou st\u0159\u00eddaj\u00edc\u00ed se s&nbsp;\u010dernou. I n\u011bkter\u00e9 nejedovat\u00e9 druhy se ale podobn\u011b maskuj\u00ed a chr\u00e1n\u00ed. N\u00e1v\u0161t\u011bvn\u00edci se nemus\u00ed b\u00e1t, mot\u00fdli jsou jedovat\u00ed pouze pro sv\u00e9 pred\u00e1tory, p\u0159esto pros\u00edme, aby na n\u011b nesahali,\u201c&nbsp;<\/em>up\u0159es\u0148uje&nbsp;<strong>Eva Smr\u017eov\u00e1, kur\u00e1torka v\u00fdstavy mot\u00fdl\u016f ve sklen\u00edku Fata Morgana<\/strong>.<\/p>\n\n\n\n<div class=\"wp-block-image\"><figure class=\"aligncenter is-resized\"><img loading=\"lazy\" decoding=\"async\" src=\"https:\/\/celebrityhouse.cz\/wp-content\/uploads\/2021\/06\/BZ_Vernisazmotyli_G.Soukalova.jpg\" alt=\"\" class=\"wp-image-3984\" width=\"775\" height=\"517\"\/><\/figure><\/div>\n\n\n\n<h2 class=\"wp-block-heading\"><strong>Do sklen\u00edku Fata Morgana nov\u00fdm vstupem<\/strong><\/h2>\n\n\n\n<p>Do sklen\u00edku Fata Morgana se n\u00e1v\u0161t\u011bvn\u00edci dostanou nov\u00fdm, modern\u00edm a zcela bezbari\u00e9rov\u00fdm vstupn\u00edm are\u00e1lem.&nbsp;<em>\u201eOtev\u0159en\u00ed v\u00fdstavy mot\u00fdl\u016f je skv\u011blou p\u0159\u00edle\u017eitost\u00ed pro ofici\u00e1ln\u00ed zah\u00e1jen\u00ed provozu nov\u00e9ho vstupn\u00edho are\u00e1lu v&nbsp;botanick\u00e9 zahrad\u011b. Ten nab\u00edz\u00ed i mo\u017enost ukr\u00e1tit si chv\u00edli p\u0159i p\u0159\u00edpadn\u00e9m \u010dek\u00e1n\u00ed na vstup do sklen\u00edku, a to posezen\u00edm u vodn\u00edch prvk\u016f nebo u ob\u010derstven\u00ed v&nbsp;nov\u00e9 restauraci. V\u00fdstavbu nov\u00e9ho prostoru jsme zah\u00e1jili v&nbsp;roce 2019. Jedn\u00e1 se o pr\u00e1ci architekt\u016f z&nbsp;ateli\u00e9ru AND. Obdob\u00ed, kdy byla botanick\u00e1 zahrada uzav\u0159ena na z\u00e1klad\u011b protiepidemick\u00fdch opat\u0159en\u00ed, jsme vyu\u017eili pro dokon\u010den\u00ed stavby. Jedn\u00e1 se o modern\u00ed, pln\u011b bezbari\u00e9rov\u00fd are\u00e1l,\u201c&nbsp;<\/em>dopl\u0148uje k&nbsp;nov\u00e9mu vstupn\u00edmu komplexu trojsk\u00e9 botanick\u00e9 zahrady&nbsp;<strong>n\u00e1m\u011bstek prim\u00e1tora hl. m. Prahy Petr Hlubu\u010dek (STAN).<\/strong><\/p>\n\n\n\n<div class=\"wp-block-image\"><figure class=\"aligncenter is-resized\"><img loading=\"lazy\" decoding=\"async\" src=\"https:\/\/celebrityhouse.cz\/wp-content\/uploads\/2021\/06\/BZ_Vernisazmotylu_E.Buresova.jpg\" alt=\"\" class=\"wp-image-3988\" width=\"766\" height=\"511\"\/><\/figure><\/div>\n\n\n\n<h2 class=\"wp-block-heading\"><strong>V\u00fdstava se kon\u00e1 a\u017e do 18. \u010dervence<\/strong><\/h2>\n\n\n\n<p>Tropick\u00fd sklen\u00edk\u00a0<strong>Fata Morgana host\u00ed v\u00fdstavu mot\u00fdl\u016f od 9. \u010dervna<\/strong>. Je otev\u0159en v\u017edy od \u00fater\u00fd do ned\u011ble od 9 do 19 hodin. Na z\u00e1klad\u011b aktu\u00e1ln\u00edch opat\u0159en\u00ed m\u016f\u017ee b\u00fdt ve vnit\u0159n\u00edch\u00a0prostor\u00e1ch\u00a0<strong>v\u00a0jeden okam\u017eik maxim\u00e1ln\u011b 100 osob<\/strong>\u00a0(1 osoba na 15 m? vnit\u0159n\u00ed plochy). Do cel\u00e9 Botanick\u00e9 zahrady Praha lze vstupovat pouze hlavn\u00edmi vchody, kter\u00e9 jsou otev\u0159en\u00e9 denn\u011b od 9 do 19 hodin. Vstupenky je mo\u017en\u00e9 zakoupit p\u0159\u00edmo v pokladn\u00e1ch, s\u00a0ohledem na komfort n\u00e1v\u0161t\u011bvn\u00edk\u016f v\u0161ak botanick\u00e1 zahrada doporu\u010duje zakoupit vstupenky on-line. Z\u00e1jemci mohou rovn\u011b\u017e nav\u0161t\u00edvit nov\u00fd\u00a0<a href=\"http:\/\/eshop.botanicka.cz\/\"><strong>e-shop botanick\u00e9 zahrady<\/strong><\/a>, kde jsou krom\u011b vstupenek k dost\u00e1n\u00ed i d\u00e1rkov\u00e9 p\u0159edm\u011bty.<\/p>\n\n\n\n<div style=\"height:22px\" aria-hidden=\"true\" class=\"wp-block-spacer\"><\/div>\n\n\n\n<figure class=\"wp-block-gallery columns-3 is-cropped wp-block-gallery-1 is-layout-flex wp-block-gallery-is-layout-flex\"><ul class=\"blocks-gallery-grid\"><li class=\"blocks-gallery-item\"><figure><img loading=\"lazy\" decoding=\"async\" width=\"640\" height=\"427\" src=\"https:\/\/womenhouse.cz\/wp-content\/uploads\/2021\/06\/BZ_Vernisazmotyli_VIP.jpg\" alt=\"\" data-id=\"5733\" data-full-url=\"https:\/\/womenhouse.cz\/wp-content\/uploads\/2021\/06\/BZ_Vernisazmotyli_VIP.jpg\" data-link=\"https:\/\/womenhouse.cz\/?attachment_id=5733\" class=\"wp-image-5733\" srcset=\"https:\/\/womenhouse.cz\/wp-content\/uploads\/2021\/06\/BZ_Vernisazmotyli_VIP.jpg 640w, https:\/\/womenhouse.cz\/wp-content\/uploads\/2021\/06\/BZ_Vernisazmotyli_VIP-300x200.jpg 300w\" sizes=\"(max-width: 640px) 100vw, 640px\" \/><\/figure><\/li><li class=\"blocks-gallery-item\"><figure><img loading=\"lazy\" decoding=\"async\" width=\"640\" height=\"427\" src=\"https:\/\/womenhouse.cz\/wp-content\/uploads\/2021\/06\/BZ_Vernisazmotyli_VIP_sklenik.jpg\" alt=\"\" data-id=\"5734\" data-full-url=\"https:\/\/womenhouse.cz\/wp-content\/uploads\/2021\/06\/BZ_Vernisazmotyli_VIP_sklenik.jpg\" data-link=\"https:\/\/womenhouse.cz\/?attachment_id=5734\" class=\"wp-image-5734\" srcset=\"https:\/\/womenhouse.cz\/wp-content\/uploads\/2021\/06\/BZ_Vernisazmotyli_VIP_sklenik.jpg 640w, https:\/\/womenhouse.cz\/wp-content\/uploads\/2021\/06\/BZ_Vernisazmotyli_VIP_sklenik-300x200.jpg 300w\" sizes=\"(max-width: 640px) 100vw, 640px\" \/><\/figure><\/li><li class=\"blocks-gallery-item\"><figure><img loading=\"lazy\" decoding=\"async\" width=\"640\" height=\"427\" src=\"https:\/\/womenhouse.cz\/wp-content\/uploads\/2021\/06\/BZ_Vernisaz_motyli_V.Kubarova.jpg\" alt=\"\" data-id=\"5736\" data-full-url=\"https:\/\/womenhouse.cz\/wp-content\/uploads\/2021\/06\/BZ_Vernisaz_motyli_V.Kubarova.jpg\" data-link=\"https:\/\/womenhouse.cz\/?attachment_id=5736\" class=\"wp-image-5736\" srcset=\"https:\/\/womenhouse.cz\/wp-content\/uploads\/2021\/06\/BZ_Vernisaz_motyli_V.Kubarova.jpg 640w, https:\/\/womenhouse.cz\/wp-content\/uploads\/2021\/06\/BZ_Vernisaz_motyli_V.Kubarova-300x200.jpg 300w\" sizes=\"(max-width: 640px) 100vw, 640px\" \/><\/figure><\/li><li class=\"blocks-gallery-item\"><figure><img loading=\"lazy\" decoding=\"async\" width=\"427\" height=\"640\" src=\"https:\/\/womenhouse.cz\/wp-content\/uploads\/2021\/06\/BZ_Vernisamotyli_V.Pizingerova.jpg\" alt=\"\" data-id=\"5730\" data-full-url=\"https:\/\/womenhouse.cz\/wp-content\/uploads\/2021\/06\/BZ_Vernisamotyli_V.Pizingerova.jpg\" data-link=\"https:\/\/womenhouse.cz\/?attachment_id=5730\" class=\"wp-image-5730\" srcset=\"https:\/\/womenhouse.cz\/wp-content\/uploads\/2021\/06\/BZ_Vernisamotyli_V.Pizingerova.jpg 427w, https:\/\/womenhouse.cz\/wp-content\/uploads\/2021\/06\/BZ_Vernisamotyli_V.Pizingerova-200x300.jpg 200w\" sizes=\"(max-width: 427px) 100vw, 427px\" \/><\/figure><\/li><li class=\"blocks-gallery-item\"><figure><img loading=\"lazy\" decoding=\"async\" width=\"640\" height=\"427\" src=\"https:\/\/womenhouse.cz\/wp-content\/uploads\/2021\/06\/BZ_Vernisazmotyli_G.Soukalova.jpg\" alt=\"\" data-id=\"5731\" data-full-url=\"https:\/\/womenhouse.cz\/wp-content\/uploads\/2021\/06\/BZ_Vernisazmotyli_G.Soukalova.jpg\" data-link=\"https:\/\/womenhouse.cz\/?attachment_id=5731\" class=\"wp-image-5731\" srcset=\"https:\/\/womenhouse.cz\/wp-content\/uploads\/2021\/06\/BZ_Vernisazmotyli_G.Soukalova.jpg 640w, https:\/\/womenhouse.cz\/wp-content\/uploads\/2021\/06\/BZ_Vernisazmotyli_G.Soukalova-300x200.jpg 300w\" sizes=\"(max-width: 640px) 100vw, 640px\" \/><\/figure><\/li><li class=\"blocks-gallery-item\"><figure><img loading=\"lazy\" decoding=\"async\" width=\"640\" height=\"427\" src=\"https:\/\/womenhouse.cz\/wp-content\/uploads\/2021\/06\/BZ_Vernisazmotylu_E.Buresova.jpg\" alt=\"\" data-id=\"5735\" data-full-url=\"https:\/\/womenhouse.cz\/wp-content\/uploads\/2021\/06\/BZ_Vernisazmotylu_E.Buresova.jpg\" data-link=\"https:\/\/womenhouse.cz\/?attachment_id=5735\" class=\"wp-image-5735\" srcset=\"https:\/\/womenhouse.cz\/wp-content\/uploads\/2021\/06\/BZ_Vernisazmotylu_E.Buresova.jpg 640w, https:\/\/womenhouse.cz\/wp-content\/uploads\/2021\/06\/BZ_Vernisazmotylu_E.Buresova-300x200.jpg 300w\" sizes=\"(max-width: 640px) 100vw, 640px\" \/><\/figure><\/li><li class=\"blocks-gallery-item\"><figure><img loading=\"lazy\" decoding=\"async\" width=\"640\" height=\"427\" src=\"https:\/\/womenhouse.cz\/wp-content\/uploads\/2021\/06\/BZ_Vernisazmotyli_V.Polivka.jpg\" alt=\"\" data-id=\"5732\" data-full-url=\"https:\/\/womenhouse.cz\/wp-content\/uploads\/2021\/06\/BZ_Vernisazmotyli_V.Polivka.jpg\" data-link=\"https:\/\/womenhouse.cz\/?attachment_id=5732\" class=\"wp-image-5732\" srcset=\"https:\/\/womenhouse.cz\/wp-content\/uploads\/2021\/06\/BZ_Vernisazmotyli_V.Polivka.jpg 640w, https:\/\/womenhouse.cz\/wp-content\/uploads\/2021\/06\/BZ_Vernisazmotyli_V.Polivka-300x200.jpg 300w\" sizes=\"(max-width: 640px) 100vw, 640px\" \/><\/figure><\/li><\/ul><\/figure>\n\n\n\n<div style=\"height:100px\" aria-hidden=\"true\" class=\"wp-block-spacer\"><\/div>\n","protected":false},"excerpt":{"rendered":"<p>Do tropick\u00e9ho sklen\u00edku Fata Morgana n\u00e1v\u0161t\u011bvn\u00edci vch\u00e1zej\u00ed nov\u00fdm vstupn\u00edm are\u00e1lem. Trojsk\u00e1 botanick\u00e1 zahrada pro n\u00e1v\u0161t\u011bvn\u00edky op\u011bt p\u0159ipravila a dnes slavnostn\u011b zah\u00e1jila v\u00fdstavu tropick\u00fdch mot\u00fdl\u016f. Jej\u00edmi kmotry se stali here\u010dka a zp\u011bva\u010dka Eva Bure\u0161ov\u00e1, here\u010dka Veronika Khek Kuba\u0159ov\u00e1 a herec Vladim\u00edr Pol\u00edvka, d\u00e1le olympioni\u010dka a moder\u00e1torka Gabriela Soukalov\u00e1 a prezidentka nada\u010dn\u00edho fondu Kapka nad\u011bje Vendula Pizingerov\u00e1. [&hellip;]<\/p>\n","protected":false},"author":6,"featured_media":5736,"comment_status":"closed","ping_status":"closed","sticky":false,"template":"","format":"standard","meta":{"_mi_skip_tracking":false,"_monsterinsights_sitenote_active":false,"_monsterinsights_sitenote_note":"","_monsterinsights_sitenote_category":0,"footnotes":""},"categories":[21,2,12],"tags":[],"yoast_head":"<!-- This site is optimized with the Yoast SEO plugin v21.5 - https:\/\/yoast.com\/wordpress\/plugins\/seo\/ -->\n<title>V Troji l\u00e9taj\u00ed jedovat\u00ed mot\u00fdli. Botanick\u00e1 zahrada Praha zve na obl\u00edbenou v\u00fdstavu exotick\u00e9 mot\u00fdl\u00ed kr\u00e1sy - WOMENHOUSE.cz<\/title>\n<meta name=\"robots\" content=\"index, follow, max-snippet:-1, max-image-preview:large, max-video-preview:-1\" \/>\n<link rel=\"canonical\" href=\"https:\/\/womenhouse.cz\/index.php\/2021\/06\/29\/v-troji-letaji-jedovati-motyli-botanicka-zahrada-praha-zve-na-oblibenou-vystavu-exoticke-motyli-krasy\/\" \/>\n<meta property=\"og:locale\" content=\"cs_CZ\" \/>\n<meta property=\"og:type\" content=\"article\" \/>\n<meta property=\"og:title\" content=\"V Troji l\u00e9taj\u00ed jedovat\u00ed mot\u00fdli. Botanick\u00e1 zahrada Praha zve na obl\u00edbenou v\u00fdstavu exotick\u00e9 mot\u00fdl\u00ed kr\u00e1sy - WOMENHOUSE.cz\" \/>\n<meta property=\"og:description\" content=\"Do tropick\u00e9ho sklen\u00edku Fata Morgana n\u00e1v\u0161t\u011bvn\u00edci vch\u00e1zej\u00ed nov\u00fdm vstupn\u00edm are\u00e1lem. Trojsk\u00e1 botanick\u00e1 zahrada pro n\u00e1v\u0161t\u011bvn\u00edky op\u011bt p\u0159ipravila a dnes slavnostn\u011b zah\u00e1jila v\u00fdstavu tropick\u00fdch mot\u00fdl\u016f. Jej\u00edmi kmotry se stali here\u010dka a zp\u011bva\u010dka Eva Bure\u0161ov\u00e1, here\u010dka Veronika Khek Kuba\u0159ov\u00e1 a herec Vladim\u00edr Pol\u00edvka, d\u00e1le olympioni\u010dka a moder\u00e1torka Gabriela Soukalov\u00e1 a prezidentka nada\u010dn\u00edho fondu Kapka nad\u011bje Vendula Pizingerov\u00e1. [&hellip;]\" \/>\n<meta property=\"og:url\" content=\"https:\/\/womenhouse.cz\/index.php\/2021\/06\/29\/v-troji-letaji-jedovati-motyli-botanicka-zahrada-praha-zve-na-oblibenou-vystavu-exoticke-motyli-krasy\/\" \/>\n<meta property=\"og:site_name\" content=\"WOMENHOUSE.cz\" \/>\n<meta property=\"article:publisher\" content=\"https:\/\/www.facebook.com\/womenhousecz\" \/>\n<meta property=\"article:published_time\" content=\"2021-06-29T00:20:44+00:00\" \/>\n<meta property=\"article:modified_time\" content=\"2021-08-09T12:11:08+00:00\" \/>\n<meta property=\"og:image\" content=\"https:\/\/womenhouse.cz\/wp-content\/uploads\/2021\/06\/BZ_Vernisaz_motyli_V.Kubarova.jpg\" \/>\n\t<meta property=\"og:image:width\" content=\"640\" \/>\n\t<meta property=\"og:image:height\" content=\"427\" \/>\n\t<meta property=\"og:image:type\" content=\"image\/jpeg\" \/>\n<meta name=\"author\" content=\"Petra Kub\u00edkov\u00e1\" \/>\n<meta name=\"twitter:card\" content=\"summary_large_image\" \/>\n<meta name=\"twitter:label1\" content=\"Napsal(a)\" \/>\n\t<meta name=\"twitter:data1\" content=\"Petra Kub\u00edkov\u00e1\" \/>\n\t<meta name=\"twitter:label2\" content=\"Odhadovan\u00e1 doba \u010dten\u00ed\" \/>\n\t<meta name=\"twitter:data2\" content=\"5 minut\" \/>\n<script type=\"application\/ld+json\" class=\"yoast-schema-graph\">{\"@context\":\"https:\/\/schema.org\",\"@graph\":[{\"@type\":\"Article\",\"@id\":\"https:\/\/womenhouse.cz\/index.php\/2021\/06\/29\/v-troji-letaji-jedovati-motyli-botanicka-zahrada-praha-zve-na-oblibenou-vystavu-exoticke-motyli-krasy\/#article\",\"isPartOf\":{\"@id\":\"https:\/\/womenhouse.cz\/index.php\/2021\/06\/29\/v-troji-letaji-jedovati-motyli-botanicka-zahrada-praha-zve-na-oblibenou-vystavu-exoticke-motyli-krasy\/\"},\"author\":{\"name\":\"Petra Kub\u00edkov\u00e1\",\"@id\":\"https:\/\/womenhouse.cz\/#\/schema\/person\/4a1fde0be3f0c5dd5006ba6dc68c7656\"},\"headline\":\"V Troji l\u00e9taj\u00ed jedovat\u00ed mot\u00fdli. Botanick\u00e1 zahrada Praha zve na obl\u00edbenou v\u00fdstavu exotick\u00e9 mot\u00fdl\u00ed kr\u00e1sy\",\"datePublished\":\"2021-06-29T00:20:44+00:00\",\"dateModified\":\"2021-08-09T12:11:08+00:00\",\"mainEntityOfPage\":{\"@id\":\"https:\/\/womenhouse.cz\/index.php\/2021\/06\/29\/v-troji-letaji-jedovati-motyli-botanicka-zahrada-praha-zve-na-oblibenou-vystavu-exoticke-motyli-krasy\/\"},\"wordCount\":1017,\"publisher\":{\"@id\":\"https:\/\/womenhouse.cz\/#organization\"},\"articleSection\":[\"AKCE &amp; KULTURA\",\"NEWS\",\"TIPY &amp; TRENDY\"],\"inLanguage\":\"cs\"},{\"@type\":\"WebPage\",\"@id\":\"https:\/\/womenhouse.cz\/index.php\/2021\/06\/29\/v-troji-letaji-jedovati-motyli-botanicka-zahrada-praha-zve-na-oblibenou-vystavu-exoticke-motyli-krasy\/\",\"url\":\"https:\/\/womenhouse.cz\/index.php\/2021\/06\/29\/v-troji-letaji-jedovati-motyli-botanicka-zahrada-praha-zve-na-oblibenou-vystavu-exoticke-motyli-krasy\/\",\"name\":\"V Troji l\u00e9taj\u00ed jedovat\u00ed mot\u00fdli. Botanick\u00e1 zahrada Praha zve na obl\u00edbenou v\u00fdstavu exotick\u00e9 mot\u00fdl\u00ed kr\u00e1sy - WOMENHOUSE.cz\",\"isPartOf\":{\"@id\":\"https:\/\/womenhouse.cz\/#website\"},\"datePublished\":\"2021-06-29T00:20:44+00:00\",\"dateModified\":\"2021-08-09T12:11:08+00:00\",\"breadcrumb\":{\"@id\":\"https:\/\/womenhouse.cz\/index.php\/2021\/06\/29\/v-troji-letaji-jedovati-motyli-botanicka-zahrada-praha-zve-na-oblibenou-vystavu-exoticke-motyli-krasy\/#breadcrumb\"},\"inLanguage\":\"cs\",\"potentialAction\":[{\"@type\":\"ReadAction\",\"target\":[\"https:\/\/womenhouse.cz\/index.php\/2021\/06\/29\/v-troji-letaji-jedovati-motyli-botanicka-zahrada-praha-zve-na-oblibenou-vystavu-exoticke-motyli-krasy\/\"]}]},{\"@type\":\"BreadcrumbList\",\"@id\":\"https:\/\/womenhouse.cz\/index.php\/2021\/06\/29\/v-troji-letaji-jedovati-motyli-botanicka-zahrada-praha-zve-na-oblibenou-vystavu-exoticke-motyli-krasy\/#breadcrumb\",\"itemListElement\":[{\"@type\":\"ListItem\",\"position\":1,\"name\":\"Dom\u016f\",\"item\":\"https:\/\/womenhouse.cz\/\"},{\"@type\":\"ListItem\",\"position\":2,\"name\":\"V Troji l\u00e9taj\u00ed jedovat\u00ed mot\u00fdli. Botanick\u00e1 zahrada Praha zve na obl\u00edbenou v\u00fdstavu exotick\u00e9 mot\u00fdl\u00ed kr\u00e1sy\"}]},{\"@type\":\"WebSite\",\"@id\":\"https:\/\/womenhouse.cz\/#website\",\"url\":\"https:\/\/womenhouse.cz\/\",\"name\":\"WOMENHOUSE.cz\",\"description\":\"Port\u00e1l v\u00fdhradn\u011b jen pro \u017eeny...\",\"publisher\":{\"@id\":\"https:\/\/womenhouse.cz\/#organization\"},\"potentialAction\":[{\"@type\":\"SearchAction\",\"target\":{\"@type\":\"EntryPoint\",\"urlTemplate\":\"https:\/\/womenhouse.cz\/?s={search_term_string}\"},\"query-input\":\"required name=search_term_string\"}],\"inLanguage\":\"cs\"},{\"@type\":\"Organization\",\"@id\":\"https:\/\/womenhouse.cz\/#organization\",\"name\":\"WOMENHOUSE.cz\",\"url\":\"https:\/\/womenhouse.cz\/\",\"logo\":{\"@type\":\"ImageObject\",\"inLanguage\":\"cs\",\"@id\":\"https:\/\/womenhouse.cz\/#\/schema\/logo\/image\/\",\"url\":\"https:\/\/womenhouse.cz\/wp-content\/uploads\/2020\/06\/cropped-logo_Womenhouse_RGB-02-removebg-preview-1.png\",\"contentUrl\":\"https:\/\/womenhouse.cz\/wp-content\/uploads\/2020\/06\/cropped-logo_Womenhouse_RGB-02-removebg-preview-1.png\",\"width\":561,\"height\":375,\"caption\":\"WOMENHOUSE.cz\"},\"image\":{\"@id\":\"https:\/\/womenhouse.cz\/#\/schema\/logo\/image\/\"},\"sameAs\":[\"https:\/\/www.facebook.com\/womenhousecz\",\"https:\/\/www.instagram.com\/womenhousecz\/\"]},{\"@type\":\"Person\",\"@id\":\"https:\/\/womenhouse.cz\/#\/schema\/person\/4a1fde0be3f0c5dd5006ba6dc68c7656\",\"name\":\"Petra Kub\u00edkov\u00e1\",\"sameAs\":[\"http:\/\/WOMENHOUSE.cz\"],\"url\":\"https:\/\/womenhouse.cz\/index.php\/author\/kubip\/\"}]}<\/script>\n<!-- \/ Yoast SEO plugin. -->","yoast_head_json":{"title":"V Troji l\u00e9taj\u00ed jedovat\u00ed mot\u00fdli. Botanick\u00e1 zahrada Praha zve na obl\u00edbenou v\u00fdstavu exotick\u00e9 mot\u00fdl\u00ed kr\u00e1sy - WOMENHOUSE.cz","robots":{"index":"index","follow":"follow","max-snippet":"max-snippet:-1","max-image-preview":"max-image-preview:large","max-video-preview":"max-video-preview:-1"},"canonical":"https:\/\/womenhouse.cz\/index.php\/2021\/06\/29\/v-troji-letaji-jedovati-motyli-botanicka-zahrada-praha-zve-na-oblibenou-vystavu-exoticke-motyli-krasy\/","og_locale":"cs_CZ","og_type":"article","og_title":"V Troji l\u00e9taj\u00ed jedovat\u00ed mot\u00fdli. Botanick\u00e1 zahrada Praha zve na obl\u00edbenou v\u00fdstavu exotick\u00e9 mot\u00fdl\u00ed kr\u00e1sy - WOMENHOUSE.cz","og_description":"Do tropick\u00e9ho sklen\u00edku Fata Morgana n\u00e1v\u0161t\u011bvn\u00edci vch\u00e1zej\u00ed nov\u00fdm vstupn\u00edm are\u00e1lem. Trojsk\u00e1 botanick\u00e1 zahrada pro n\u00e1v\u0161t\u011bvn\u00edky op\u011bt p\u0159ipravila a dnes slavnostn\u011b zah\u00e1jila v\u00fdstavu tropick\u00fdch mot\u00fdl\u016f. Jej\u00edmi kmotry se stali here\u010dka a zp\u011bva\u010dka Eva Bure\u0161ov\u00e1, here\u010dka Veronika Khek Kuba\u0159ov\u00e1 a herec Vladim\u00edr Pol\u00edvka, d\u00e1le olympioni\u010dka a moder\u00e1torka Gabriela Soukalov\u00e1 a prezidentka nada\u010dn\u00edho fondu Kapka nad\u011bje Vendula Pizingerov\u00e1. [&hellip;]","og_url":"https:\/\/womenhouse.cz\/index.php\/2021\/06\/29\/v-troji-letaji-jedovati-motyli-botanicka-zahrada-praha-zve-na-oblibenou-vystavu-exoticke-motyli-krasy\/","og_site_name":"WOMENHOUSE.cz","article_publisher":"https:\/\/www.facebook.com\/womenhousecz","article_published_time":"2021-06-29T00:20:44+00:00","article_modified_time":"2021-08-09T12:11:08+00:00","og_image":[{"width":640,"height":427,"url":"https:\/\/womenhouse.cz\/wp-content\/uploads\/2021\/06\/BZ_Vernisaz_motyli_V.Kubarova.jpg","type":"image\/jpeg"}],"author":"Petra Kub\u00edkov\u00e1","twitter_card":"summary_large_image","twitter_misc":{"Napsal(a)":"Petra Kub\u00edkov\u00e1","Odhadovan\u00e1 doba \u010dten\u00ed":"5 minut"},"schema":{"@context":"https:\/\/schema.org","@graph":[{"@type":"Article","@id":"https:\/\/womenhouse.cz\/index.php\/2021\/06\/29\/v-troji-letaji-jedovati-motyli-botanicka-zahrada-praha-zve-na-oblibenou-vystavu-exoticke-motyli-krasy\/#article","isPartOf":{"@id":"https:\/\/womenhouse.cz\/index.php\/2021\/06\/29\/v-troji-letaji-jedovati-motyli-botanicka-zahrada-praha-zve-na-oblibenou-vystavu-exoticke-motyli-krasy\/"},"author":{"name":"Petra Kub\u00edkov\u00e1","@id":"https:\/\/womenhouse.cz\/#\/schema\/person\/4a1fde0be3f0c5dd5006ba6dc68c7656"},"headline":"V Troji l\u00e9taj\u00ed jedovat\u00ed mot\u00fdli. Botanick\u00e1 zahrada Praha zve na obl\u00edbenou v\u00fdstavu exotick\u00e9 mot\u00fdl\u00ed kr\u00e1sy","datePublished":"2021-06-29T00:20:44+00:00","dateModified":"2021-08-09T12:11:08+00:00","mainEntityOfPage":{"@id":"https:\/\/womenhouse.cz\/index.php\/2021\/06\/29\/v-troji-letaji-jedovati-motyli-botanicka-zahrada-praha-zve-na-oblibenou-vystavu-exoticke-motyli-krasy\/"},"wordCount":1017,"publisher":{"@id":"https:\/\/womenhouse.cz\/#organization"},"articleSection":["AKCE &amp; KULTURA","NEWS","TIPY &amp; TRENDY"],"inLanguage":"cs"},{"@type":"WebPage","@id":"https:\/\/womenhouse.cz\/index.php\/2021\/06\/29\/v-troji-letaji-jedovati-motyli-botanicka-zahrada-praha-zve-na-oblibenou-vystavu-exoticke-motyli-krasy\/","url":"https:\/\/womenhouse.cz\/index.php\/2021\/06\/29\/v-troji-letaji-jedovati-motyli-botanicka-zahrada-praha-zve-na-oblibenou-vystavu-exoticke-motyli-krasy\/","name":"V Troji l\u00e9taj\u00ed jedovat\u00ed mot\u00fdli. Botanick\u00e1 zahrada Praha zve na obl\u00edbenou v\u00fdstavu exotick\u00e9 mot\u00fdl\u00ed kr\u00e1sy - WOMENHOUSE.cz","isPartOf":{"@id":"https:\/\/womenhouse.cz\/#website"},"datePublished":"2021-06-29T00:20:44+00:00","dateModified":"2021-08-09T12:11:08+00:00","breadcrumb":{"@id":"https:\/\/womenhouse.cz\/index.php\/2021\/06\/29\/v-troji-letaji-jedovati-motyli-botanicka-zahrada-praha-zve-na-oblibenou-vystavu-exoticke-motyli-krasy\/#breadcrumb"},"inLanguage":"cs","potentialAction":[{"@type":"ReadAction","target":["https:\/\/womenhouse.cz\/index.php\/2021\/06\/29\/v-troji-letaji-jedovati-motyli-botanicka-zahrada-praha-zve-na-oblibenou-vystavu-exoticke-motyli-krasy\/"]}]},{"@type":"BreadcrumbList","@id":"https:\/\/womenhouse.cz\/index.php\/2021\/06\/29\/v-troji-letaji-jedovati-motyli-botanicka-zahrada-praha-zve-na-oblibenou-vystavu-exoticke-motyli-krasy\/#breadcrumb","itemListElement":[{"@type":"ListItem","position":1,"name":"Dom\u016f","item":"https:\/\/womenhouse.cz\/"},{"@type":"ListItem","position":2,"name":"V Troji l\u00e9taj\u00ed jedovat\u00ed mot\u00fdli. Botanick\u00e1 zahrada Praha zve na obl\u00edbenou v\u00fdstavu exotick\u00e9 mot\u00fdl\u00ed kr\u00e1sy"}]},{"@type":"WebSite","@id":"https:\/\/womenhouse.cz\/#website","url":"https:\/\/womenhouse.cz\/","name":"WOMENHOUSE.cz","description":"Port\u00e1l v\u00fdhradn\u011b jen pro \u017eeny...","publisher":{"@id":"https:\/\/womenhouse.cz\/#organization"},"potentialAction":[{"@type":"SearchAction","target":{"@type":"EntryPoint","urlTemplate":"https:\/\/womenhouse.cz\/?s={search_term_string}"},"query-input":"required name=search_term_string"}],"inLanguage":"cs"},{"@type":"Organization","@id":"https:\/\/womenhouse.cz\/#organization","name":"WOMENHOUSE.cz","url":"https:\/\/womenhouse.cz\/","logo":{"@type":"ImageObject","inLanguage":"cs","@id":"https:\/\/womenhouse.cz\/#\/schema\/logo\/image\/","url":"https:\/\/womenhouse.cz\/wp-content\/uploads\/2020\/06\/cropped-logo_Womenhouse_RGB-02-removebg-preview-1.png","contentUrl":"https:\/\/womenhouse.cz\/wp-content\/uploads\/2020\/06\/cropped-logo_Womenhouse_RGB-02-removebg-preview-1.png","width":561,"height":375,"caption":"WOMENHOUSE.cz"},"image":{"@id":"https:\/\/womenhouse.cz\/#\/schema\/logo\/image\/"},"sameAs":["https:\/\/www.facebook.com\/womenhousecz","https:\/\/www.instagram.com\/womenhousecz\/"]},{"@type":"Person","@id":"https:\/\/womenhouse.cz\/#\/schema\/person\/4a1fde0be3f0c5dd5006ba6dc68c7656","name":"Petra Kub\u00edkov\u00e1","sameAs":["http:\/\/WOMENHOUSE.cz"],"url":"https:\/\/womenhouse.cz\/index.php\/author\/kubip\/"}]}},"_links":{"self":[{"href":"https:\/\/womenhouse.cz\/index.php\/wp-json\/wp\/v2\/posts\/5729"}],"collection":[{"href":"https:\/\/womenhouse.cz\/index.php\/wp-json\/wp\/v2\/posts"}],"about":[{"href":"https:\/\/womenhouse.cz\/index.php\/wp-json\/wp\/v2\/types\/post"}],"author":[{"embeddable":true,"href":"https:\/\/womenhouse.cz\/index.php\/wp-json\/wp\/v2\/users\/6"}],"replies":[{"embeddable":true,"href":"https:\/\/womenhouse.cz\/index.php\/wp-json\/wp\/v2\/comments?post=5729"}],"version-history":[{"count":-4,"href":"https:\/\/womenhouse.cz\/index.php\/wp-json\/wp\/v2\/posts\/5729\/revisions"}],"wp:featuredmedia":[{"embeddable":true,"href":"https:\/\/womenhouse.cz\/index.php\/wp-json\/wp\/v2\/media\/5736"}],"wp:attachment":[{"href":"https:\/\/womenhouse.cz\/index.php\/wp-json\/wp\/v2\/media?parent=5729"}],"wp:term":[{"taxonomy":"category","embeddable":true,"href":"https:\/\/womenhouse.cz\/index.php\/wp-json\/wp\/v2\/categories?post=5729"},{"taxonomy":"post_tag","embeddable":true,"href":"https:\/\/womenhouse.cz\/index.php\/wp-json\/wp\/v2\/tags?post=5729"}],"curies":[{"name":"wp","href":"https:\/\/api.w.org\/{rel}","templated":true}]}}