{"id":5724,"date":"2021-06-28T11:43:34","date_gmt":"2021-06-28T09:43:34","guid":{"rendered":"https:\/\/womenhouse.cz\/?p=5724"},"modified":"2021-09-30T00:41:18","modified_gmt":"2021-09-29T22:41:18","slug":"mam-ze-sveho-e-shopu-ohromnou-radost-kterou-chci-predavat-dale-rika-ezena-roku-2020-veronika-svecova","status":"publish","type":"post","link":"https:\/\/womenhouse.cz\/index.php\/2021\/06\/28\/mam-ze-sveho-e-shopu-ohromnou-radost-kterou-chci-predavat-dale-rika-ezena-roku-2020-veronika-svecova\/","title":{"rendered":"M\u00e1m ze sv\u00e9ho e-shopu ohromnou radost, kterou chci p\u0159ed\u00e1vat d\u00e1le, \u0159\u00edk\u00e1 e\u017dena roku 2020 Veronika \u0160vecov\u00e1"},"content":{"rendered":"\n<p><strong>Veronika \u0160vecov\u00e1, jedna z&nbsp;v\u00fdherky\u0148 sout\u011b\u017ee Podnikav\u00e1 \u017eena 2020 v&nbsp;kategorii e\u017dena, podnik\u00e1 ji\u017e od roku 2009, kdy se j\u00ed narodila dcera. Vyr\u00e1b\u011bn\u00ed h\u00e1\u010dkovan\u00fdch a pleten\u00fdch dopl\u0148k\u016f pro d\u00edt\u011b ji chytlo natolik, \u017ee v\u011bci, kter\u00e9 vytvo\u0159ila by jej\u00ed dcera nikdy neunosila. Proto je za\u010dala nab\u00edzet na internetu i ostatn\u00edm mamink\u00e1m. Zalo\u017eila e-shop ganella.cz, kde krom\u011b v\u00fdrobk\u016f prod\u00e1v\u00e1 vlnu a p\u0159\u00edze z p\u0159\u00edrodn\u00edch materi\u00e1l\u016f, kter\u00e9 jsou recyklovan\u00e9 a \u0161etrn\u00e9 k \u017eivotn\u00edmu prost\u0159ed\u00ed. Jak se Veronice a jej\u00edmu byznysu aktu\u00e1ln\u011b da\u0159\u00ed a co pro ni znamen\u00e1 ocen\u011bn\u00ed e\u017dena roku 2020 a v\u00fdhra v&nbsp;podob\u011b poukazu na 15.000 K\u010d na e-Bal\u00edk Profi od GLS? To v\u0161e se dozv\u00edte v&nbsp;rozhovoru n\u00ed\u017ee:<\/strong><\/p>\n\n\n\n<div class=\"wp-block-image\"><figure class=\"aligncenter size-large\"><img loading=\"lazy\" decoding=\"async\" width=\"1024\" height=\"683\" src=\"https:\/\/womenhouse.cz\/wp-content\/uploads\/2021\/06\/Veronika-Svecova_TTL-1024x683.jpg\" alt=\"\" class=\"wp-image-5726\" srcset=\"https:\/\/womenhouse.cz\/wp-content\/uploads\/2021\/06\/Veronika-Svecova_TTL-1024x683.jpg 1024w, https:\/\/womenhouse.cz\/wp-content\/uploads\/2021\/06\/Veronika-Svecova_TTL-300x200.jpg 300w, https:\/\/womenhouse.cz\/wp-content\/uploads\/2021\/06\/Veronika-Svecova_TTL-768x512.jpg 768w, https:\/\/womenhouse.cz\/wp-content\/uploads\/2021\/06\/Veronika-Svecova_TTL.jpg 1250w\" sizes=\"(max-width: 1024px) 100vw, 1024px\" \/><\/figure><\/div>\n\n\n\n<p><strong>Jak\u00fd pro V\u00e1s byl uplynul\u00fd rok, kter\u00fd poznamenala pandemie koronaviru?<\/strong><\/p>\n\n\n\n<ul><li>M\u016fj rok byl velmi ak\u010dn\u00ed. Jsem nenapraviteln\u00fd optimista, a proto jsem pandemii p\u0159ijala jako v\u00fdzvu ke zm\u011bn\u00e1m. Pr\u00e1v\u011b proto, \u017ee se nemohlo cestovat a mo\u017enosti byly celkov\u011b omezen\u00e9, jsme roz\u0161\u00ed\u0159ili na\u0161e skladov\u00e9 prostory a porozhl\u00e9dli jsme se po nab\u00eddce na trhu. V\u00fdsledkem je nov\u00fd sklad a nab\u00eddka e-shopu roz\u0161\u00ed\u0159en\u00e1 o dal\u0161\u00edho v\u00fdrobce, tentokr\u00e1t a\u017e z&nbsp;Portugalska.<\/li><\/ul>\n\n\n\n<p><strong>Jak\u00fd m\u011bla pandemie dopad na V\u00e1\u0161 e-shop ganella.cz?<\/strong><\/p>\n\n\n\n<ul><li>N\u00e1\u0161 e-shop pandemie p\u0159\u00edli\u0161 nepoznamenala. Naopak, d\u00edky tomu, \u017ee lid\u00e9 tr\u00e1vili v\u00edce \u010dasu doma, cht\u011bli se n\u011bjak zabavit, odreagovat nebo si ud\u011blat radost i v&nbsp;t\u00e9to nelehk\u00e9 dob\u011b, v\u00edce nakupovali i pletac\u00ed p\u0159\u00edze.<\/li><\/ul>\n\n\n\n<p><strong>Musela jste d\u011blat n\u011bjak\u00e9 z\u00e1sahy do zp\u016fsobu podnik\u00e1n\u00ed?<\/strong><\/p>\n\n\n\n<ul><li>Z\u00e1sadn\u00ed zm\u011bny jsme d\u011blat nemuseli. Jedin\u00e9, co n\u00e1s trochu p\u0159ibrzdilo, byl nedostatek zbo\u017e\u00ed u na\u0161ich dodavatel\u016f, co\u017e se odrazilo na celkov\u00fdch z\u00e1sob\u00e1ch. Z&nbsp;toho d\u016fvodu jsme nemohli z\u00e1kazn\u00edk\u016fm nab\u00eddnout tolik akc\u00ed a slev, na kter\u00e9 u n\u00e1s byli doposud zvykl\u00ed. Na\u0161t\u011bst\u00ed tento stav byl jen do\u010dasn\u00fd a nyn\u00ed m\u016f\u017eeme op\u011bt vym\u00fd\u0161let nov\u00e9 akce pro z\u00e1kazn\u00edky.<\/li><\/ul>\n\n\n\n<p><strong>Na podzim roku 2020 jste byla vyhl\u00e1\u0161ena e\u017denou roku v&nbsp;sout\u011b\u017ei Podnikav\u00e1 \u017eena. Co pro V\u00e1s toto ocen\u011bn\u00ed takto zp\u011btn\u011b znamen\u00e1?<\/strong><\/p>\n\n\n\n<ul><li>Byla to \u00fa\u017easn\u00e1 zku\u0161enost, a i kdy\u017e jsem obecn\u011b sp\u00ed\u0161e skromn\u00e1, zp\u011btn\u011b si dovol\u00edm b\u00fdt tro\u0161inku py\u0161n\u00e1 a hrd\u00e1. Je \u00fa\u017easn\u00e9, \u017ee v&nbsp;takov\u00e9 konkurenci \u0161t\u011bst\u00ed s\u00e1hlo pr\u00e1v\u011b na m\u011b. Za to velmi d\u011bkuji krom\u011b rodiny i na\u0161im z\u00e1kazn\u00edk\u016fm.<\/li><\/ul>\n\n\n\n<p><strong>Jak moc V\u00e1m pomohla v\u00fdhra od GLS v&nbsp;podob\u011b poukazu na p\u0159epravu zdarma v&nbsp;hodnot\u011b 15.000 K\u010d prost\u0159ednictv\u00edm e-Bal\u00edku Profi?<\/strong><\/p>\n\n\n\n<ul><li>V\u00fdhra od spole\u010dnosti GLS byla skv\u011bl\u00e1. O nov\u00e9m dal\u0161\u00edm dopravci jsme uva\u017eovali a GLS v\u00fdb\u011br vy\u0159e\u0161ila za n\u00e1s. Mus\u00edm \u0159\u00edct, \u017ee jsme moc spokojen\u00ed. Slu\u017eby funguj\u00ed znamenit\u011b. Od online zad\u00e1v\u00e1n\u00ed a\u017e po doru\u010dov\u00e1n\u00ed. Spokojenost na\u0161ich z\u00e1kazn\u00edk\u016f zp\u016fsobila, \u017ee jsme v\u00fdhru ji\u017e p\u0159ed \u010dasem vy\u010derpali a pokra\u010dujeme s&nbsp;e-Bal\u00edkem d\u00e1l.<\/li><\/ul>\n\n\n\n<p><strong>Jak\u00e9 m\u00e1te pl\u00e1ny do budoucna?<\/strong><\/p>\n\n\n\n<ul><li>Pl\u00e1n\u016f a n\u00e1pad\u016f v&nbsp;hlav\u011b m\u00e1me spoustu. Sna\u017e\u00edme se neust\u00e1le roz\u0161i\u0159ovat sortiment a pracovat na e-shopu. Upravujeme na\u0161e newslettery, zapracovala jsem na pleten\u00e9 a h\u00e1\u010dkovan\u00e9 tvorb\u011b, v\u00edce se v\u011bnuji marketingu a nov\u011b jsme zavedli funkci hl\u00edd\u00e1n\u00ed vyprodan\u00e9ho zbo\u017e\u00ed. Nem\u00e1me hl\u00eddac\u00edho psa, ale hl\u00eddac\u00ed ko\u010dku. P\u0159edlohou grafiky je n\u00e1\u0161 kocour a k&nbsp;na\u0161im klub\u00ed\u010dk\u016fm se prost\u011b ko\u010dka hod\u00ed. M\u00e1m z&nbsp;pr\u00e1ce na sv\u00e9m e-shopu ohromnou radost, pr\u00e1ce m\u011b napl\u0148uje a d\u011bl\u00e1 \u0161\u0165astnou. A toto chci p\u0159ed\u00e1vat d\u00e1le. St\u00e1le je ale co vylep\u0161ovat a kam se posouvat. M\u00fdm velk\u00fdm a zat\u00edm nespln\u011bn\u00fdm p\u0159\u00e1n\u00edm je m\u00edt kamenn\u00fd obchod v&nbsp;centru Prahy.<\/li><\/ul>\n\n\n\n<p><strong>Co byste cht\u011bla vzk\u00e1zat dal\u0161\u00edm podnikatelk\u00e1m, kter\u00e9 p\u0159em\u00fd\u0161l\u00ed o \u00fa\u010dast v&nbsp;sout\u011b\u017ei e\u017dena?<\/strong><\/p>\n\n\n\n<ul><li>A\u0165 do toho ur\u010dit\u011b jdou. Otev\u0159e se jim mnoho pomysln\u00fdch dve\u0159\u00ed, z\u00edskaj\u00ed nov\u00e9 kontakty, vize, sebev\u011bdom\u00ed a ur\u010dit\u011b je to posune o velk\u00fd kus d\u00e1l. Tak jako m\u011b.<\/li><\/ul>\n\n\n\n<div style=\"height:75px\" aria-hidden=\"true\" class=\"wp-block-spacer\"><\/div>\n\n\n\n<p><\/p>\n","protected":false},"excerpt":{"rendered":"<p>Veronika \u0160vecov\u00e1, jedna z&nbsp;v\u00fdherky\u0148 sout\u011b\u017ee Podnikav\u00e1 \u017eena 2020 v&nbsp;kategorii e\u017dena, podnik\u00e1 ji\u017e od roku 2009, kdy se j\u00ed narodila dcera. Vyr\u00e1b\u011bn\u00ed h\u00e1\u010dkovan\u00fdch a pleten\u00fdch dopl\u0148k\u016f pro d\u00edt\u011b ji chytlo natolik, \u017ee v\u011bci, kter\u00e9 vytvo\u0159ila by jej\u00ed dcera nikdy neunosila. Proto je za\u010dala nab\u00edzet na internetu i ostatn\u00edm mamink\u00e1m. Zalo\u017eila e-shop ganella.cz, kde krom\u011b v\u00fdrobk\u016f prod\u00e1v\u00e1 [&hellip;]<\/p>\n","protected":false},"author":2,"featured_media":5726,"comment_status":"closed","ping_status":"closed","sticky":false,"template":"","format":"standard","meta":{"_mi_skip_tracking":false,"_monsterinsights_sitenote_active":false,"_monsterinsights_sitenote_note":"","_monsterinsights_sitenote_category":0,"footnotes":""},"categories":[2,13,17],"tags":[],"yoast_head":"<!-- This site is optimized with the Yoast SEO plugin v21.5 - https:\/\/yoast.com\/wordpress\/plugins\/seo\/ -->\n<title>M\u00e1m ze sv\u00e9ho e-shopu ohromnou radost, kterou chci p\u0159ed\u00e1vat d\u00e1le, \u0159\u00edk\u00e1 e\u017dena roku 2020 Veronika \u0160vecov\u00e1 - WOMENHOUSE.cz<\/title>\n<meta name=\"robots\" content=\"index, follow, max-snippet:-1, max-image-preview:large, max-video-preview:-1\" \/>\n<link rel=\"canonical\" href=\"https:\/\/womenhouse.cz\/index.php\/2021\/06\/28\/mam-ze-sveho-e-shopu-ohromnou-radost-kterou-chci-predavat-dale-rika-ezena-roku-2020-veronika-svecova\/\" \/>\n<meta property=\"og:locale\" content=\"cs_CZ\" \/>\n<meta property=\"og:type\" content=\"article\" \/>\n<meta property=\"og:title\" content=\"M\u00e1m ze sv\u00e9ho e-shopu ohromnou radost, kterou chci p\u0159ed\u00e1vat d\u00e1le, \u0159\u00edk\u00e1 e\u017dena roku 2020 Veronika \u0160vecov\u00e1 - WOMENHOUSE.cz\" \/>\n<meta property=\"og:description\" content=\"Veronika \u0160vecov\u00e1, jedna z&nbsp;v\u00fdherky\u0148 sout\u011b\u017ee Podnikav\u00e1 \u017eena 2020 v&nbsp;kategorii e\u017dena, podnik\u00e1 ji\u017e od roku 2009, kdy se j\u00ed narodila dcera. Vyr\u00e1b\u011bn\u00ed h\u00e1\u010dkovan\u00fdch a pleten\u00fdch dopl\u0148k\u016f pro d\u00edt\u011b ji chytlo natolik, \u017ee v\u011bci, kter\u00e9 vytvo\u0159ila by jej\u00ed dcera nikdy neunosila. Proto je za\u010dala nab\u00edzet na internetu i ostatn\u00edm mamink\u00e1m. Zalo\u017eila e-shop ganella.cz, kde krom\u011b v\u00fdrobk\u016f prod\u00e1v\u00e1 [&hellip;]\" \/>\n<meta property=\"og:url\" content=\"https:\/\/womenhouse.cz\/index.php\/2021\/06\/28\/mam-ze-sveho-e-shopu-ohromnou-radost-kterou-chci-predavat-dale-rika-ezena-roku-2020-veronika-svecova\/\" \/>\n<meta property=\"og:site_name\" content=\"WOMENHOUSE.cz\" \/>\n<meta property=\"article:publisher\" content=\"https:\/\/www.facebook.com\/womenhousecz\" \/>\n<meta property=\"article:published_time\" content=\"2021-06-28T09:43:34+00:00\" \/>\n<meta property=\"article:modified_time\" content=\"2021-09-29T22:41:18+00:00\" \/>\n<meta property=\"og:image\" content=\"https:\/\/womenhouse.cz\/wp-content\/uploads\/2021\/06\/Veronika-Svecova_TTL.jpg\" \/>\n\t<meta property=\"og:image:width\" content=\"1250\" \/>\n\t<meta property=\"og:image:height\" content=\"834\" \/>\n\t<meta property=\"og:image:type\" content=\"image\/jpeg\" \/>\n<meta name=\"author\" content=\"Jolana Hol\u00e1\u0148ov\u00e1\" \/>\n<meta name=\"twitter:card\" content=\"summary_large_image\" \/>\n<meta name=\"twitter:label1\" content=\"Napsal(a)\" \/>\n\t<meta name=\"twitter:data1\" content=\"Jolana Hol\u00e1\u0148ov\u00e1\" \/>\n\t<meta name=\"twitter:label2\" content=\"Odhadovan\u00e1 doba \u010dten\u00ed\" \/>\n\t<meta name=\"twitter:data2\" content=\"4 minuty\" \/>\n<script type=\"application\/ld+json\" class=\"yoast-schema-graph\">{\"@context\":\"https:\/\/schema.org\",\"@graph\":[{\"@type\":\"Article\",\"@id\":\"https:\/\/womenhouse.cz\/index.php\/2021\/06\/28\/mam-ze-sveho-e-shopu-ohromnou-radost-kterou-chci-predavat-dale-rika-ezena-roku-2020-veronika-svecova\/#article\",\"isPartOf\":{\"@id\":\"https:\/\/womenhouse.cz\/index.php\/2021\/06\/28\/mam-ze-sveho-e-shopu-ohromnou-radost-kterou-chci-predavat-dale-rika-ezena-roku-2020-veronika-svecova\/\"},\"author\":{\"name\":\"Jolana Hol\u00e1\u0148ov\u00e1\",\"@id\":\"https:\/\/womenhouse.cz\/#\/schema\/person\/541326101f8d68c711e83e8fecc80738\"},\"headline\":\"M\u00e1m ze sv\u00e9ho e-shopu ohromnou radost, kterou chci p\u0159ed\u00e1vat d\u00e1le, \u0159\u00edk\u00e1 e\u017dena roku 2020 Veronika \u0160vecov\u00e1\",\"datePublished\":\"2021-06-28T09:43:34+00:00\",\"dateModified\":\"2021-09-29T22:41:18+00:00\",\"mainEntityOfPage\":{\"@id\":\"https:\/\/womenhouse.cz\/index.php\/2021\/06\/28\/mam-ze-sveho-e-shopu-ohromnou-radost-kterou-chci-predavat-dale-rika-ezena-roku-2020-veronika-svecova\/\"},\"wordCount\":791,\"publisher\":{\"@id\":\"https:\/\/womenhouse.cz\/#organization\"},\"articleSection\":[\"NEWS\",\"ROZHOVORY\",\"SPOLE\u010cNOST &amp; VZTAHY\"],\"inLanguage\":\"cs\"},{\"@type\":\"WebPage\",\"@id\":\"https:\/\/womenhouse.cz\/index.php\/2021\/06\/28\/mam-ze-sveho-e-shopu-ohromnou-radost-kterou-chci-predavat-dale-rika-ezena-roku-2020-veronika-svecova\/\",\"url\":\"https:\/\/womenhouse.cz\/index.php\/2021\/06\/28\/mam-ze-sveho-e-shopu-ohromnou-radost-kterou-chci-predavat-dale-rika-ezena-roku-2020-veronika-svecova\/\",\"name\":\"M\u00e1m ze sv\u00e9ho e-shopu ohromnou radost, kterou chci p\u0159ed\u00e1vat d\u00e1le, \u0159\u00edk\u00e1 e\u017dena roku 2020 Veronika \u0160vecov\u00e1 - WOMENHOUSE.cz\",\"isPartOf\":{\"@id\":\"https:\/\/womenhouse.cz\/#website\"},\"datePublished\":\"2021-06-28T09:43:34+00:00\",\"dateModified\":\"2021-09-29T22:41:18+00:00\",\"breadcrumb\":{\"@id\":\"https:\/\/womenhouse.cz\/index.php\/2021\/06\/28\/mam-ze-sveho-e-shopu-ohromnou-radost-kterou-chci-predavat-dale-rika-ezena-roku-2020-veronika-svecova\/#breadcrumb\"},\"inLanguage\":\"cs\",\"potentialAction\":[{\"@type\":\"ReadAction\",\"target\":[\"https:\/\/womenhouse.cz\/index.php\/2021\/06\/28\/mam-ze-sveho-e-shopu-ohromnou-radost-kterou-chci-predavat-dale-rika-ezena-roku-2020-veronika-svecova\/\"]}]},{\"@type\":\"BreadcrumbList\",\"@id\":\"https:\/\/womenhouse.cz\/index.php\/2021\/06\/28\/mam-ze-sveho-e-shopu-ohromnou-radost-kterou-chci-predavat-dale-rika-ezena-roku-2020-veronika-svecova\/#breadcrumb\",\"itemListElement\":[{\"@type\":\"ListItem\",\"position\":1,\"name\":\"Dom\u016f\",\"item\":\"https:\/\/womenhouse.cz\/\"},{\"@type\":\"ListItem\",\"position\":2,\"name\":\"M\u00e1m ze sv\u00e9ho e-shopu ohromnou radost, kterou chci p\u0159ed\u00e1vat d\u00e1le, \u0159\u00edk\u00e1 e\u017dena roku 2020 Veronika \u0160vecov\u00e1\"}]},{\"@type\":\"WebSite\",\"@id\":\"https:\/\/womenhouse.cz\/#website\",\"url\":\"https:\/\/womenhouse.cz\/\",\"name\":\"WOMENHOUSE.cz\",\"description\":\"Port\u00e1l v\u00fdhradn\u011b jen pro \u017eeny...\",\"publisher\":{\"@id\":\"https:\/\/womenhouse.cz\/#organization\"},\"potentialAction\":[{\"@type\":\"SearchAction\",\"target\":{\"@type\":\"EntryPoint\",\"urlTemplate\":\"https:\/\/womenhouse.cz\/?s={search_term_string}\"},\"query-input\":\"required name=search_term_string\"}],\"inLanguage\":\"cs\"},{\"@type\":\"Organization\",\"@id\":\"https:\/\/womenhouse.cz\/#organization\",\"name\":\"WOMENHOUSE.cz\",\"url\":\"https:\/\/womenhouse.cz\/\",\"logo\":{\"@type\":\"ImageObject\",\"inLanguage\":\"cs\",\"@id\":\"https:\/\/womenhouse.cz\/#\/schema\/logo\/image\/\",\"url\":\"https:\/\/womenhouse.cz\/wp-content\/uploads\/2020\/06\/cropped-logo_Womenhouse_RGB-02-removebg-preview-1.png\",\"contentUrl\":\"https:\/\/womenhouse.cz\/wp-content\/uploads\/2020\/06\/cropped-logo_Womenhouse_RGB-02-removebg-preview-1.png\",\"width\":561,\"height\":375,\"caption\":\"WOMENHOUSE.cz\"},\"image\":{\"@id\":\"https:\/\/womenhouse.cz\/#\/schema\/logo\/image\/\"},\"sameAs\":[\"https:\/\/www.facebook.com\/womenhousecz\",\"https:\/\/www.instagram.com\/womenhousecz\/\"]},{\"@type\":\"Person\",\"@id\":\"https:\/\/womenhouse.cz\/#\/schema\/person\/541326101f8d68c711e83e8fecc80738\",\"name\":\"Jolana Hol\u00e1\u0148ov\u00e1\",\"sameAs\":[\"http:\/\/www.womenhouse.cz\"],\"url\":\"https:\/\/womenhouse.cz\/index.php\/author\/jolhol\/\"}]}<\/script>\n<!-- \/ Yoast SEO plugin. -->","yoast_head_json":{"title":"M\u00e1m ze sv\u00e9ho e-shopu ohromnou radost, kterou chci p\u0159ed\u00e1vat d\u00e1le, \u0159\u00edk\u00e1 e\u017dena roku 2020 Veronika \u0160vecov\u00e1 - WOMENHOUSE.cz","robots":{"index":"index","follow":"follow","max-snippet":"max-snippet:-1","max-image-preview":"max-image-preview:large","max-video-preview":"max-video-preview:-1"},"canonical":"https:\/\/womenhouse.cz\/index.php\/2021\/06\/28\/mam-ze-sveho-e-shopu-ohromnou-radost-kterou-chci-predavat-dale-rika-ezena-roku-2020-veronika-svecova\/","og_locale":"cs_CZ","og_type":"article","og_title":"M\u00e1m ze sv\u00e9ho e-shopu ohromnou radost, kterou chci p\u0159ed\u00e1vat d\u00e1le, \u0159\u00edk\u00e1 e\u017dena roku 2020 Veronika \u0160vecov\u00e1 - WOMENHOUSE.cz","og_description":"Veronika \u0160vecov\u00e1, jedna z&nbsp;v\u00fdherky\u0148 sout\u011b\u017ee Podnikav\u00e1 \u017eena 2020 v&nbsp;kategorii e\u017dena, podnik\u00e1 ji\u017e od roku 2009, kdy se j\u00ed narodila dcera. Vyr\u00e1b\u011bn\u00ed h\u00e1\u010dkovan\u00fdch a pleten\u00fdch dopl\u0148k\u016f pro d\u00edt\u011b ji chytlo natolik, \u017ee v\u011bci, kter\u00e9 vytvo\u0159ila by jej\u00ed dcera nikdy neunosila. Proto je za\u010dala nab\u00edzet na internetu i ostatn\u00edm mamink\u00e1m. Zalo\u017eila e-shop ganella.cz, kde krom\u011b v\u00fdrobk\u016f prod\u00e1v\u00e1 [&hellip;]","og_url":"https:\/\/womenhouse.cz\/index.php\/2021\/06\/28\/mam-ze-sveho-e-shopu-ohromnou-radost-kterou-chci-predavat-dale-rika-ezena-roku-2020-veronika-svecova\/","og_site_name":"WOMENHOUSE.cz","article_publisher":"https:\/\/www.facebook.com\/womenhousecz","article_published_time":"2021-06-28T09:43:34+00:00","article_modified_time":"2021-09-29T22:41:18+00:00","og_image":[{"width":1250,"height":834,"url":"https:\/\/womenhouse.cz\/wp-content\/uploads\/2021\/06\/Veronika-Svecova_TTL.jpg","type":"image\/jpeg"}],"author":"Jolana Hol\u00e1\u0148ov\u00e1","twitter_card":"summary_large_image","twitter_misc":{"Napsal(a)":"Jolana Hol\u00e1\u0148ov\u00e1","Odhadovan\u00e1 doba \u010dten\u00ed":"4 minuty"},"schema":{"@context":"https:\/\/schema.org","@graph":[{"@type":"Article","@id":"https:\/\/womenhouse.cz\/index.php\/2021\/06\/28\/mam-ze-sveho-e-shopu-ohromnou-radost-kterou-chci-predavat-dale-rika-ezena-roku-2020-veronika-svecova\/#article","isPartOf":{"@id":"https:\/\/womenhouse.cz\/index.php\/2021\/06\/28\/mam-ze-sveho-e-shopu-ohromnou-radost-kterou-chci-predavat-dale-rika-ezena-roku-2020-veronika-svecova\/"},"author":{"name":"Jolana Hol\u00e1\u0148ov\u00e1","@id":"https:\/\/womenhouse.cz\/#\/schema\/person\/541326101f8d68c711e83e8fecc80738"},"headline":"M\u00e1m ze sv\u00e9ho e-shopu ohromnou radost, kterou chci p\u0159ed\u00e1vat d\u00e1le, \u0159\u00edk\u00e1 e\u017dena roku 2020 Veronika \u0160vecov\u00e1","datePublished":"2021-06-28T09:43:34+00:00","dateModified":"2021-09-29T22:41:18+00:00","mainEntityOfPage":{"@id":"https:\/\/womenhouse.cz\/index.php\/2021\/06\/28\/mam-ze-sveho-e-shopu-ohromnou-radost-kterou-chci-predavat-dale-rika-ezena-roku-2020-veronika-svecova\/"},"wordCount":791,"publisher":{"@id":"https:\/\/womenhouse.cz\/#organization"},"articleSection":["NEWS","ROZHOVORY","SPOLE\u010cNOST &amp; VZTAHY"],"inLanguage":"cs"},{"@type":"WebPage","@id":"https:\/\/womenhouse.cz\/index.php\/2021\/06\/28\/mam-ze-sveho-e-shopu-ohromnou-radost-kterou-chci-predavat-dale-rika-ezena-roku-2020-veronika-svecova\/","url":"https:\/\/womenhouse.cz\/index.php\/2021\/06\/28\/mam-ze-sveho-e-shopu-ohromnou-radost-kterou-chci-predavat-dale-rika-ezena-roku-2020-veronika-svecova\/","name":"M\u00e1m ze sv\u00e9ho e-shopu ohromnou radost, kterou chci p\u0159ed\u00e1vat d\u00e1le, \u0159\u00edk\u00e1 e\u017dena roku 2020 Veronika \u0160vecov\u00e1 - WOMENHOUSE.cz","isPartOf":{"@id":"https:\/\/womenhouse.cz\/#website"},"datePublished":"2021-06-28T09:43:34+00:00","dateModified":"2021-09-29T22:41:18+00:00","breadcrumb":{"@id":"https:\/\/womenhouse.cz\/index.php\/2021\/06\/28\/mam-ze-sveho-e-shopu-ohromnou-radost-kterou-chci-predavat-dale-rika-ezena-roku-2020-veronika-svecova\/#breadcrumb"},"inLanguage":"cs","potentialAction":[{"@type":"ReadAction","target":["https:\/\/womenhouse.cz\/index.php\/2021\/06\/28\/mam-ze-sveho-e-shopu-ohromnou-radost-kterou-chci-predavat-dale-rika-ezena-roku-2020-veronika-svecova\/"]}]},{"@type":"BreadcrumbList","@id":"https:\/\/womenhouse.cz\/index.php\/2021\/06\/28\/mam-ze-sveho-e-shopu-ohromnou-radost-kterou-chci-predavat-dale-rika-ezena-roku-2020-veronika-svecova\/#breadcrumb","itemListElement":[{"@type":"ListItem","position":1,"name":"Dom\u016f","item":"https:\/\/womenhouse.cz\/"},{"@type":"ListItem","position":2,"name":"M\u00e1m ze sv\u00e9ho e-shopu ohromnou radost, kterou chci p\u0159ed\u00e1vat d\u00e1le, \u0159\u00edk\u00e1 e\u017dena roku 2020 Veronika \u0160vecov\u00e1"}]},{"@type":"WebSite","@id":"https:\/\/womenhouse.cz\/#website","url":"https:\/\/womenhouse.cz\/","name":"WOMENHOUSE.cz","description":"Port\u00e1l v\u00fdhradn\u011b jen pro \u017eeny...","publisher":{"@id":"https:\/\/womenhouse.cz\/#organization"},"potentialAction":[{"@type":"SearchAction","target":{"@type":"EntryPoint","urlTemplate":"https:\/\/womenhouse.cz\/?s={search_term_string}"},"query-input":"required name=search_term_string"}],"inLanguage":"cs"},{"@type":"Organization","@id":"https:\/\/womenhouse.cz\/#organization","name":"WOMENHOUSE.cz","url":"https:\/\/womenhouse.cz\/","logo":{"@type":"ImageObject","inLanguage":"cs","@id":"https:\/\/womenhouse.cz\/#\/schema\/logo\/image\/","url":"https:\/\/womenhouse.cz\/wp-content\/uploads\/2020\/06\/cropped-logo_Womenhouse_RGB-02-removebg-preview-1.png","contentUrl":"https:\/\/womenhouse.cz\/wp-content\/uploads\/2020\/06\/cropped-logo_Womenhouse_RGB-02-removebg-preview-1.png","width":561,"height":375,"caption":"WOMENHOUSE.cz"},"image":{"@id":"https:\/\/womenhouse.cz\/#\/schema\/logo\/image\/"},"sameAs":["https:\/\/www.facebook.com\/womenhousecz","https:\/\/www.instagram.com\/womenhousecz\/"]},{"@type":"Person","@id":"https:\/\/womenhouse.cz\/#\/schema\/person\/541326101f8d68c711e83e8fecc80738","name":"Jolana Hol\u00e1\u0148ov\u00e1","sameAs":["http:\/\/www.womenhouse.cz"],"url":"https:\/\/womenhouse.cz\/index.php\/author\/jolhol\/"}]}},"_links":{"self":[{"href":"https:\/\/womenhouse.cz\/index.php\/wp-json\/wp\/v2\/posts\/5724"}],"collection":[{"href":"https:\/\/womenhouse.cz\/index.php\/wp-json\/wp\/v2\/posts"}],"about":[{"href":"https:\/\/womenhouse.cz\/index.php\/wp-json\/wp\/v2\/types\/post"}],"author":[{"embeddable":true,"href":"https:\/\/womenhouse.cz\/index.php\/wp-json\/wp\/v2\/users\/2"}],"replies":[{"embeddable":true,"href":"https:\/\/womenhouse.cz\/index.php\/wp-json\/wp\/v2\/comments?post=5724"}],"version-history":[{"count":-2,"href":"https:\/\/womenhouse.cz\/index.php\/wp-json\/wp\/v2\/posts\/5724\/revisions"}],"wp:featuredmedia":[{"embeddable":true,"href":"https:\/\/womenhouse.cz\/index.php\/wp-json\/wp\/v2\/media\/5726"}],"wp:attachment":[{"href":"https:\/\/womenhouse.cz\/index.php\/wp-json\/wp\/v2\/media?parent=5724"}],"wp:term":[{"taxonomy":"category","embeddable":true,"href":"https:\/\/womenhouse.cz\/index.php\/wp-json\/wp\/v2\/categories?post=5724"},{"taxonomy":"post_tag","embeddable":true,"href":"https:\/\/womenhouse.cz\/index.php\/wp-json\/wp\/v2\/tags?post=5724"}],"curies":[{"name":"wp","href":"https:\/\/api.w.org\/{rel}","templated":true}]}}