{"id":5536,"date":"2021-06-01T16:07:31","date_gmt":"2021-06-01T14:07:31","guid":{"rendered":"https:\/\/womenhouse.cz\/?p=5536"},"modified":"2021-07-15T01:41:34","modified_gmt":"2021-07-14T23:41:34","slug":"sos-detske-vesnicky-prevzaly-od-porsche-ceska-republika-dalsi-vozy-znacky-volkswagen","status":"publish","type":"post","link":"https:\/\/womenhouse.cz\/index.php\/2021\/06\/01\/sos-detske-vesnicky-prevzaly-od-porsche-ceska-republika-dalsi-vozy-znacky-volkswagen\/","title":{"rendered":"SOS d\u011btsk\u00e9 vesni\u010dky p\u0159evzaly od Porsche \u010cesk\u00e1 republika dal\u0161\u00ed vozy zna\u010dky Volkswagen"},"content":{"rendered":"\n<p><strong>Jednatel\u00e9 Porsche \u010cesk\u00e1 republika Franz Pommer a Jan Hurt p\u0159edali z\u00e1stupc\u016fm neziskov\u00e1 organizace SOS d\u011btsk\u00e9 vesni\u010dky p\u011bt nov\u00fdch voz\u016f zna\u010dky Volkswagen. Soci\u00e1ln\u00edm pracovn\u00edk\u016fm poslou\u017e\u00ed k cest\u00e1m za d\u011btmi z ohro\u017een\u00fdch rodin.<\/strong><\/p>\n\n\n\n<p><strong>\u201eSpolehliv\u00e1 mobilita pat\u0159\u00ed do na\u0161eho popisu pr\u00e1ce. Proto n\u00e1s opravdu t\u011b\u0161\u00ed, \u017ee m\u016f\u017eeme flotilou p\u011bti voz\u016f dlouhodob\u011b podporovat velmi z\u00e1slu\u017en\u00e9 aktivity SOS d\u011btsk\u00fdch vesni\u010dek,\u201c vysv\u011btluje Franz Pommer, jednatel Porsche \u010cesk\u00e1 republika.<\/strong><\/p>\n\n\n\n<figure class=\"wp-block-image size-large\"><img loading=\"lazy\" decoding=\"async\" width=\"1024\" height=\"752\" src=\"https:\/\/womenhouse.cz\/wp-content\/uploads\/2021\/06\/67346-foto-1-1024x752.jpg\" alt=\"\" class=\"wp-image-5537\" srcset=\"https:\/\/womenhouse.cz\/wp-content\/uploads\/2021\/06\/67346-foto-1-1024x752.jpg 1024w, https:\/\/womenhouse.cz\/wp-content\/uploads\/2021\/06\/67346-foto-1-300x220.jpg 300w, https:\/\/womenhouse.cz\/wp-content\/uploads\/2021\/06\/67346-foto-1-768x564.jpg 768w, https:\/\/womenhouse.cz\/wp-content\/uploads\/2021\/06\/67346-foto-1-1536x1127.jpg 1536w, https:\/\/womenhouse.cz\/wp-content\/uploads\/2021\/06\/67346-foto-1.jpg 1650w\" sizes=\"(max-width: 1024px) 100vw, 1024px\" \/><figcaption><strong>FOTO:<\/strong> <strong><em>Jednatel\u00e9 Porsche \u010cesk\u00e1 republika Franz Pommer a Jan Hurt p\u0159i p\u0159ed\u00e1n\u00ed voz\u016f zna\u010dky Volkswagen.<\/em><\/strong><\/figcaption><\/figure>\n\n\n\n<div style=\"height:14px\" aria-hidden=\"true\" class=\"wp-block-spacer\"><\/div>\n\n\n\n<p>Spolupr\u00e1ce nejv\u011bt\u0161\u00edho import\u00e9ra automobil\u016f do \u010cR a SOS vesni\u010dek za\u010dala loni na ja\u0159e, kdy \u201evesni\u010dky\u201c p\u0159evzaly prvn\u00ed p\u011btici voz\u016f zna\u010dky Volkswagen. Nest\u00e1tn\u00ed neziskov\u00e1 organizace SOS d\u011btsk\u00e9 vesni\u010dky se tehdy ocitla ve slo\u017eit\u00e9 situaci, kdy n\u00e1hle p\u0159i\u0161la o automobilov\u00e9ho partnera. Z ne\u010dekan\u00e9 krize pomohla SOS d\u011btsk\u00fdm vesni\u010dk\u00e1m bleskov\u00e1 reakce spole\u010dnosti Porsche \u010cesk\u00e1 republika, kter\u00e1 pro pomoc ohro\u017een\u00fdm d\u011btem poskytla p\u011bt voz\u016f Volkswagen. Na podzim lo\u0148sk\u00e9ho roku dostaly SOS vesni\u010dky nov\u00e9 vozy Volkswagen a v tomto t\u00fddnu byla p\u011btice obm\u011bn\u011bna \u010dty\u0159mi modely Touran a jedn\u00edm Caddy.<\/p>\n\n\n\n<p>\u201eJako Porsche \u010cesk\u00e1 republika nevid\u00edme ve spolupr\u00e1ci s SOS d\u011btsk\u00fdmi vesni\u010dkami komer\u010dn\u00ed c\u00edle, ale z\u00e1vazek pom\u00e1hat. Cel\u00e1 my\u0161lenka souvis\u00ed s na\u0161\u00ed strategi\u00ed \u201enext generation\u201c, kter\u00e1 \u0159e\u0161\u00ed soci\u00e1ln\u00ed ot\u00e1zky a z\u00e1le\u017eitosti. Uv\u011bdomujeme si, \u017ee covidov\u00e1 situace byla pro tyto rodiny velice n\u00e1ro\u010dn\u00e1 a zaslou\u017e\u00ed si na\u0161i pomoc,\u201c <strong>dopl\u0148uje Franz Pommer.<\/strong><\/p>\n\n\n\n<p>Vozy slou\u017e\u00ed prim\u00e1rn\u011b k cest\u00e1m soci\u00e1ln\u00edch pracovnic za rodinami, nicm\u00e9n\u011b letos, kv\u016fli koronavirov\u00e9 situaci, byly pou\u017e\u00edv\u00e1ny tak\u00e9 pro rozvoz potravin nebo pom\u016fcek pot\u0159ebn\u00fdch k distan\u010dn\u00ed v\u00fduce: \u201eV souvislosti s koronavirem p\u0159i\u0161la \u0159ada rodin o ve\u0161ker\u00e9 p\u0159\u00edjmy a zejm\u00e9na maminky samo\u017eivitelky \u010dasto nem\u011bly prost\u0159edky ani na z\u00e1kladn\u00ed potraviny. Zabezpe\u010dovali jsme tak\u00e9 ochrann\u00e9 pom\u016fcky, ale i po\u010d\u00edta\u010de nebo tablety pro d\u011bti na distan\u010dn\u00ed v\u00fduku,\u201c \u0159\u00edk\u00e1 v\u00fdkonn\u00e1 \u0159editelka SOS d\u011btsk\u00fdch vesni\u010dek Jindra \u0160al\u00e1tov\u00e1. Podle jej\u00edch slov vozy Volkswagen b\u011bhem pandemie najezdily 3000-4000 km a pomoci se do\u010dkalo 230 d\u011bt\u00ed v p\u011bstounsk\u00fdch rodin\u00e1ch a 712 d\u011bt\u00ed z rodin ohro\u017een\u00fdch odebr\u00e1n\u00edm d\u00edt\u011bte. \u201eMysl\u00edm, \u017ee te\u010f, po velmi dlouh\u00e9m uzav\u0159en\u00ed \u0161kol a \u0161kolek, bude na\u0161e pomoc je\u0161t\u011b nal\u00e9hav\u011bj\u0161\u00ed,\u201c <strong>dopl\u0148uje<\/strong>.<\/p>\n\n\n\n<p>Do pomoci SOS d\u011btsk\u00fdm vesni\u010dk\u00e1m se zapojili v r\u00e1mci dobrovolnick\u00fdch aktivit i samotn\u00ed zam\u011bstnanci Porsche \u010cesk\u00e1 republika, kdy\u017e se pod\u00edleli na v\u00fdstavb\u011b terapeutick\u00e9 zahrady ve \u0161kolic\u00edm a terapeutick\u00e9m centru SOS d\u011btsk\u00fdch vesni\u010dek. Slou\u017eit bude d\u011btem vyrovn\u00e1vaj\u00edc\u00edm se s ran\u00fdm traumatem, zp\u016fsoben\u00fdm nap\u0159\u00edklad odebr\u00e1n\u00edm z rodiny nebo pobytem v \u00fastavn\u00ed p\u00e9\u010di.<\/p>\n\n\n\n<p>\u00dakolem terapeutick\u00e9 zahrady je vytvo\u0159it m\u00edsto, kter\u00e9 napom\u016f\u017ee komunikaci mezi d\u011btmi a jejich p\u011bstouny \u010di terapeutem. \u201eNa\u0161i zam\u011bstnanci odpracovali v\u00edce ne\u017e 100 dobrovoln\u00fdch pracovn\u00edch hodin,\u201c komentuje Franz Pommer. Zam\u011bstnanci firmy pom\u00e1hali nap\u0159. s v\u00fdsadbou tr\u00e1vn\u00edk\u016f, \u010dek\u00e1 je je\u0161t\u011b tvorba hmatov\u00e9ho chodn\u00ed\u010dku, p\u00edskovi\u0161t\u011b, vodn\u00edch hr\u00e1tek, hmyz\u00edho dome\u010dku a dal\u0161\u00edch z\u00e1bavn\u00fdch prvk\u016f pro d\u011bti. \u201eS budov\u00e1n\u00edm terapeutick\u00e9 zahrady jsme cht\u011bli za\u010d\u00edt u\u017e minul\u00fd rok, nicm\u00e9n\u011b covid tomu nep\u0159\u00e1l. Letos se to v\u0161ak d\u00edky zam\u011bstnanc\u016fm firmy Porsche \u010cR, kte\u0159\u00ed n\u00e1m ohromn\u011b pomohli t\u00edm, \u017ee p\u0159idali ruku k d\u00edlu, kone\u010dn\u011b da\u0159\u00ed projekt realizovat,\u201c <strong>popisuje celou akci corporate fundraiserka SOS d\u011btsk\u00fdch vesni\u010dek Jana Pac\u00e1kov\u00e1<\/strong>.<\/p>\n\n\n\n<div style=\"height:100px\" aria-hidden=\"true\" class=\"wp-block-spacer\"><\/div>\n","protected":false},"excerpt":{"rendered":"<p>Jednatel\u00e9 Porsche \u010cesk\u00e1 republika Franz Pommer a Jan Hurt p\u0159edali z\u00e1stupc\u016fm neziskov\u00e1 organizace SOS d\u011btsk\u00e9 vesni\u010dky p\u011bt nov\u00fdch voz\u016f zna\u010dky Volkswagen. Soci\u00e1ln\u00edm pracovn\u00edk\u016fm poslou\u017e\u00ed k cest\u00e1m za d\u011btmi z ohro\u017een\u00fdch rodin. \u201eSpolehliv\u00e1 mobilita pat\u0159\u00ed do na\u0161eho popisu pr\u00e1ce. Proto n\u00e1s opravdu t\u011b\u0161\u00ed, \u017ee m\u016f\u017eeme flotilou p\u011bti voz\u016f dlouhodob\u011b podporovat velmi z\u00e1slu\u017en\u00e9 aktivity SOS d\u011btsk\u00fdch vesni\u010dek,\u201c [&hellip;]<\/p>\n","protected":false},"author":2,"featured_media":5537,"comment_status":"closed","ping_status":"closed","sticky":false,"template":"","format":"standard","meta":{"_mi_skip_tracking":false,"_monsterinsights_sitenote_active":false,"_monsterinsights_sitenote_note":"","_monsterinsights_sitenote_category":0,"footnotes":""},"categories":[20,2,17],"tags":[],"yoast_head":"<!-- This site is optimized with the Yoast SEO plugin v21.5 - https:\/\/yoast.com\/wordpress\/plugins\/seo\/ -->\n<title>SOS d\u011btsk\u00e9 vesni\u010dky p\u0159evzaly od Porsche \u010cesk\u00e1 republika dal\u0161\u00ed vozy zna\u010dky Volkswagen - WOMENHOUSE.cz<\/title>\n<meta name=\"robots\" content=\"index, follow, max-snippet:-1, max-image-preview:large, max-video-preview:-1\" \/>\n<link rel=\"canonical\" href=\"https:\/\/womenhouse.cz\/index.php\/2021\/06\/01\/sos-detske-vesnicky-prevzaly-od-porsche-ceska-republika-dalsi-vozy-znacky-volkswagen\/\" \/>\n<meta property=\"og:locale\" content=\"cs_CZ\" \/>\n<meta property=\"og:type\" content=\"article\" \/>\n<meta property=\"og:title\" content=\"SOS d\u011btsk\u00e9 vesni\u010dky p\u0159evzaly od Porsche \u010cesk\u00e1 republika dal\u0161\u00ed vozy zna\u010dky Volkswagen - WOMENHOUSE.cz\" \/>\n<meta property=\"og:description\" content=\"Jednatel\u00e9 Porsche \u010cesk\u00e1 republika Franz Pommer a Jan Hurt p\u0159edali z\u00e1stupc\u016fm neziskov\u00e1 organizace SOS d\u011btsk\u00e9 vesni\u010dky p\u011bt nov\u00fdch voz\u016f zna\u010dky Volkswagen. Soci\u00e1ln\u00edm pracovn\u00edk\u016fm poslou\u017e\u00ed k cest\u00e1m za d\u011btmi z ohro\u017een\u00fdch rodin. \u201eSpolehliv\u00e1 mobilita pat\u0159\u00ed do na\u0161eho popisu pr\u00e1ce. Proto n\u00e1s opravdu t\u011b\u0161\u00ed, \u017ee m\u016f\u017eeme flotilou p\u011bti voz\u016f dlouhodob\u011b podporovat velmi z\u00e1slu\u017en\u00e9 aktivity SOS d\u011btsk\u00fdch vesni\u010dek,\u201c [&hellip;]\" \/>\n<meta property=\"og:url\" content=\"https:\/\/womenhouse.cz\/index.php\/2021\/06\/01\/sos-detske-vesnicky-prevzaly-od-porsche-ceska-republika-dalsi-vozy-znacky-volkswagen\/\" \/>\n<meta property=\"og:site_name\" content=\"WOMENHOUSE.cz\" \/>\n<meta property=\"article:publisher\" content=\"https:\/\/www.facebook.com\/womenhousecz\" \/>\n<meta property=\"article:published_time\" content=\"2021-06-01T14:07:31+00:00\" \/>\n<meta property=\"article:modified_time\" content=\"2021-07-14T23:41:34+00:00\" \/>\n<meta property=\"og:image\" content=\"https:\/\/womenhouse.cz\/wp-content\/uploads\/2021\/06\/67346-foto-1.jpg\" \/>\n\t<meta property=\"og:image:width\" content=\"1650\" \/>\n\t<meta property=\"og:image:height\" content=\"1211\" \/>\n\t<meta property=\"og:image:type\" content=\"image\/jpeg\" \/>\n<meta name=\"author\" content=\"Jolana Hol\u00e1\u0148ov\u00e1\" \/>\n<meta name=\"twitter:card\" content=\"summary_large_image\" \/>\n<meta name=\"twitter:label1\" content=\"Napsal(a)\" \/>\n\t<meta name=\"twitter:data1\" content=\"Jolana Hol\u00e1\u0148ov\u00e1\" \/>\n\t<meta name=\"twitter:label2\" content=\"Odhadovan\u00e1 doba \u010dten\u00ed\" \/>\n\t<meta name=\"twitter:data2\" content=\"3 minuty\" \/>\n<script type=\"application\/ld+json\" class=\"yoast-schema-graph\">{\"@context\":\"https:\/\/schema.org\",\"@graph\":[{\"@type\":\"Article\",\"@id\":\"https:\/\/womenhouse.cz\/index.php\/2021\/06\/01\/sos-detske-vesnicky-prevzaly-od-porsche-ceska-republika-dalsi-vozy-znacky-volkswagen\/#article\",\"isPartOf\":{\"@id\":\"https:\/\/womenhouse.cz\/index.php\/2021\/06\/01\/sos-detske-vesnicky-prevzaly-od-porsche-ceska-republika-dalsi-vozy-znacky-volkswagen\/\"},\"author\":{\"name\":\"Jolana Hol\u00e1\u0148ov\u00e1\",\"@id\":\"https:\/\/womenhouse.cz\/#\/schema\/person\/541326101f8d68c711e83e8fecc80738\"},\"headline\":\"SOS d\u011btsk\u00e9 vesni\u010dky p\u0159evzaly od Porsche \u010cesk\u00e1 republika dal\u0161\u00ed vozy zna\u010dky Volkswagen\",\"datePublished\":\"2021-06-01T14:07:31+00:00\",\"dateModified\":\"2021-07-14T23:41:34+00:00\",\"mainEntityOfPage\":{\"@id\":\"https:\/\/womenhouse.cz\/index.php\/2021\/06\/01\/sos-detske-vesnicky-prevzaly-od-porsche-ceska-republika-dalsi-vozy-znacky-volkswagen\/\"},\"wordCount\":702,\"publisher\":{\"@id\":\"https:\/\/womenhouse.cz\/#organization\"},\"articleSection\":[\"AUTA &amp; \u017dENY\",\"NEWS\",\"SPOLE\u010cNOST &amp; VZTAHY\"],\"inLanguage\":\"cs\"},{\"@type\":\"WebPage\",\"@id\":\"https:\/\/womenhouse.cz\/index.php\/2021\/06\/01\/sos-detske-vesnicky-prevzaly-od-porsche-ceska-republika-dalsi-vozy-znacky-volkswagen\/\",\"url\":\"https:\/\/womenhouse.cz\/index.php\/2021\/06\/01\/sos-detske-vesnicky-prevzaly-od-porsche-ceska-republika-dalsi-vozy-znacky-volkswagen\/\",\"name\":\"SOS d\u011btsk\u00e9 vesni\u010dky p\u0159evzaly od Porsche \u010cesk\u00e1 republika dal\u0161\u00ed vozy zna\u010dky Volkswagen - WOMENHOUSE.cz\",\"isPartOf\":{\"@id\":\"https:\/\/womenhouse.cz\/#website\"},\"datePublished\":\"2021-06-01T14:07:31+00:00\",\"dateModified\":\"2021-07-14T23:41:34+00:00\",\"breadcrumb\":{\"@id\":\"https:\/\/womenhouse.cz\/index.php\/2021\/06\/01\/sos-detske-vesnicky-prevzaly-od-porsche-ceska-republika-dalsi-vozy-znacky-volkswagen\/#breadcrumb\"},\"inLanguage\":\"cs\",\"potentialAction\":[{\"@type\":\"ReadAction\",\"target\":[\"https:\/\/womenhouse.cz\/index.php\/2021\/06\/01\/sos-detske-vesnicky-prevzaly-od-porsche-ceska-republika-dalsi-vozy-znacky-volkswagen\/\"]}]},{\"@type\":\"BreadcrumbList\",\"@id\":\"https:\/\/womenhouse.cz\/index.php\/2021\/06\/01\/sos-detske-vesnicky-prevzaly-od-porsche-ceska-republika-dalsi-vozy-znacky-volkswagen\/#breadcrumb\",\"itemListElement\":[{\"@type\":\"ListItem\",\"position\":1,\"name\":\"Dom\u016f\",\"item\":\"https:\/\/womenhouse.cz\/\"},{\"@type\":\"ListItem\",\"position\":2,\"name\":\"SOS d\u011btsk\u00e9 vesni\u010dky p\u0159evzaly od Porsche \u010cesk\u00e1 republika dal\u0161\u00ed vozy zna\u010dky Volkswagen\"}]},{\"@type\":\"WebSite\",\"@id\":\"https:\/\/womenhouse.cz\/#website\",\"url\":\"https:\/\/womenhouse.cz\/\",\"name\":\"WOMENHOUSE.cz\",\"description\":\"Port\u00e1l v\u00fdhradn\u011b jen pro \u017eeny...\",\"publisher\":{\"@id\":\"https:\/\/womenhouse.cz\/#organization\"},\"potentialAction\":[{\"@type\":\"SearchAction\",\"target\":{\"@type\":\"EntryPoint\",\"urlTemplate\":\"https:\/\/womenhouse.cz\/?s={search_term_string}\"},\"query-input\":\"required name=search_term_string\"}],\"inLanguage\":\"cs\"},{\"@type\":\"Organization\",\"@id\":\"https:\/\/womenhouse.cz\/#organization\",\"name\":\"WOMENHOUSE.cz\",\"url\":\"https:\/\/womenhouse.cz\/\",\"logo\":{\"@type\":\"ImageObject\",\"inLanguage\":\"cs\",\"@id\":\"https:\/\/womenhouse.cz\/#\/schema\/logo\/image\/\",\"url\":\"https:\/\/womenhouse.cz\/wp-content\/uploads\/2020\/06\/cropped-logo_Womenhouse_RGB-02-removebg-preview-1.png\",\"contentUrl\":\"https:\/\/womenhouse.cz\/wp-content\/uploads\/2020\/06\/cropped-logo_Womenhouse_RGB-02-removebg-preview-1.png\",\"width\":561,\"height\":375,\"caption\":\"WOMENHOUSE.cz\"},\"image\":{\"@id\":\"https:\/\/womenhouse.cz\/#\/schema\/logo\/image\/\"},\"sameAs\":[\"https:\/\/www.facebook.com\/womenhousecz\",\"https:\/\/www.instagram.com\/womenhousecz\/\"]},{\"@type\":\"Person\",\"@id\":\"https:\/\/womenhouse.cz\/#\/schema\/person\/541326101f8d68c711e83e8fecc80738\",\"name\":\"Jolana Hol\u00e1\u0148ov\u00e1\",\"sameAs\":[\"http:\/\/www.womenhouse.cz\"],\"url\":\"https:\/\/womenhouse.cz\/index.php\/author\/jolhol\/\"}]}<\/script>\n<!-- \/ Yoast SEO plugin. -->","yoast_head_json":{"title":"SOS d\u011btsk\u00e9 vesni\u010dky p\u0159evzaly od Porsche \u010cesk\u00e1 republika dal\u0161\u00ed vozy zna\u010dky Volkswagen - WOMENHOUSE.cz","robots":{"index":"index","follow":"follow","max-snippet":"max-snippet:-1","max-image-preview":"max-image-preview:large","max-video-preview":"max-video-preview:-1"},"canonical":"https:\/\/womenhouse.cz\/index.php\/2021\/06\/01\/sos-detske-vesnicky-prevzaly-od-porsche-ceska-republika-dalsi-vozy-znacky-volkswagen\/","og_locale":"cs_CZ","og_type":"article","og_title":"SOS d\u011btsk\u00e9 vesni\u010dky p\u0159evzaly od Porsche \u010cesk\u00e1 republika dal\u0161\u00ed vozy zna\u010dky Volkswagen - WOMENHOUSE.cz","og_description":"Jednatel\u00e9 Porsche \u010cesk\u00e1 republika Franz Pommer a Jan Hurt p\u0159edali z\u00e1stupc\u016fm neziskov\u00e1 organizace SOS d\u011btsk\u00e9 vesni\u010dky p\u011bt nov\u00fdch voz\u016f zna\u010dky Volkswagen. Soci\u00e1ln\u00edm pracovn\u00edk\u016fm poslou\u017e\u00ed k cest\u00e1m za d\u011btmi z ohro\u017een\u00fdch rodin. \u201eSpolehliv\u00e1 mobilita pat\u0159\u00ed do na\u0161eho popisu pr\u00e1ce. Proto n\u00e1s opravdu t\u011b\u0161\u00ed, \u017ee m\u016f\u017eeme flotilou p\u011bti voz\u016f dlouhodob\u011b podporovat velmi z\u00e1slu\u017en\u00e9 aktivity SOS d\u011btsk\u00fdch vesni\u010dek,\u201c [&hellip;]","og_url":"https:\/\/womenhouse.cz\/index.php\/2021\/06\/01\/sos-detske-vesnicky-prevzaly-od-porsche-ceska-republika-dalsi-vozy-znacky-volkswagen\/","og_site_name":"WOMENHOUSE.cz","article_publisher":"https:\/\/www.facebook.com\/womenhousecz","article_published_time":"2021-06-01T14:07:31+00:00","article_modified_time":"2021-07-14T23:41:34+00:00","og_image":[{"width":1650,"height":1211,"url":"https:\/\/womenhouse.cz\/wp-content\/uploads\/2021\/06\/67346-foto-1.jpg","type":"image\/jpeg"}],"author":"Jolana Hol\u00e1\u0148ov\u00e1","twitter_card":"summary_large_image","twitter_misc":{"Napsal(a)":"Jolana Hol\u00e1\u0148ov\u00e1","Odhadovan\u00e1 doba \u010dten\u00ed":"3 minuty"},"schema":{"@context":"https:\/\/schema.org","@graph":[{"@type":"Article","@id":"https:\/\/womenhouse.cz\/index.php\/2021\/06\/01\/sos-detske-vesnicky-prevzaly-od-porsche-ceska-republika-dalsi-vozy-znacky-volkswagen\/#article","isPartOf":{"@id":"https:\/\/womenhouse.cz\/index.php\/2021\/06\/01\/sos-detske-vesnicky-prevzaly-od-porsche-ceska-republika-dalsi-vozy-znacky-volkswagen\/"},"author":{"name":"Jolana Hol\u00e1\u0148ov\u00e1","@id":"https:\/\/womenhouse.cz\/#\/schema\/person\/541326101f8d68c711e83e8fecc80738"},"headline":"SOS d\u011btsk\u00e9 vesni\u010dky p\u0159evzaly od Porsche \u010cesk\u00e1 republika dal\u0161\u00ed vozy zna\u010dky Volkswagen","datePublished":"2021-06-01T14:07:31+00:00","dateModified":"2021-07-14T23:41:34+00:00","mainEntityOfPage":{"@id":"https:\/\/womenhouse.cz\/index.php\/2021\/06\/01\/sos-detske-vesnicky-prevzaly-od-porsche-ceska-republika-dalsi-vozy-znacky-volkswagen\/"},"wordCount":702,"publisher":{"@id":"https:\/\/womenhouse.cz\/#organization"},"articleSection":["AUTA &amp; \u017dENY","NEWS","SPOLE\u010cNOST &amp; VZTAHY"],"inLanguage":"cs"},{"@type":"WebPage","@id":"https:\/\/womenhouse.cz\/index.php\/2021\/06\/01\/sos-detske-vesnicky-prevzaly-od-porsche-ceska-republika-dalsi-vozy-znacky-volkswagen\/","url":"https:\/\/womenhouse.cz\/index.php\/2021\/06\/01\/sos-detske-vesnicky-prevzaly-od-porsche-ceska-republika-dalsi-vozy-znacky-volkswagen\/","name":"SOS d\u011btsk\u00e9 vesni\u010dky p\u0159evzaly od Porsche \u010cesk\u00e1 republika dal\u0161\u00ed vozy zna\u010dky Volkswagen - WOMENHOUSE.cz","isPartOf":{"@id":"https:\/\/womenhouse.cz\/#website"},"datePublished":"2021-06-01T14:07:31+00:00","dateModified":"2021-07-14T23:41:34+00:00","breadcrumb":{"@id":"https:\/\/womenhouse.cz\/index.php\/2021\/06\/01\/sos-detske-vesnicky-prevzaly-od-porsche-ceska-republika-dalsi-vozy-znacky-volkswagen\/#breadcrumb"},"inLanguage":"cs","potentialAction":[{"@type":"ReadAction","target":["https:\/\/womenhouse.cz\/index.php\/2021\/06\/01\/sos-detske-vesnicky-prevzaly-od-porsche-ceska-republika-dalsi-vozy-znacky-volkswagen\/"]}]},{"@type":"BreadcrumbList","@id":"https:\/\/womenhouse.cz\/index.php\/2021\/06\/01\/sos-detske-vesnicky-prevzaly-od-porsche-ceska-republika-dalsi-vozy-znacky-volkswagen\/#breadcrumb","itemListElement":[{"@type":"ListItem","position":1,"name":"Dom\u016f","item":"https:\/\/womenhouse.cz\/"},{"@type":"ListItem","position":2,"name":"SOS d\u011btsk\u00e9 vesni\u010dky p\u0159evzaly od Porsche \u010cesk\u00e1 republika dal\u0161\u00ed vozy zna\u010dky Volkswagen"}]},{"@type":"WebSite","@id":"https:\/\/womenhouse.cz\/#website","url":"https:\/\/womenhouse.cz\/","name":"WOMENHOUSE.cz","description":"Port\u00e1l v\u00fdhradn\u011b jen pro \u017eeny...","publisher":{"@id":"https:\/\/womenhouse.cz\/#organization"},"potentialAction":[{"@type":"SearchAction","target":{"@type":"EntryPoint","urlTemplate":"https:\/\/womenhouse.cz\/?s={search_term_string}"},"query-input":"required name=search_term_string"}],"inLanguage":"cs"},{"@type":"Organization","@id":"https:\/\/womenhouse.cz\/#organization","name":"WOMENHOUSE.cz","url":"https:\/\/womenhouse.cz\/","logo":{"@type":"ImageObject","inLanguage":"cs","@id":"https:\/\/womenhouse.cz\/#\/schema\/logo\/image\/","url":"https:\/\/womenhouse.cz\/wp-content\/uploads\/2020\/06\/cropped-logo_Womenhouse_RGB-02-removebg-preview-1.png","contentUrl":"https:\/\/womenhouse.cz\/wp-content\/uploads\/2020\/06\/cropped-logo_Womenhouse_RGB-02-removebg-preview-1.png","width":561,"height":375,"caption":"WOMENHOUSE.cz"},"image":{"@id":"https:\/\/womenhouse.cz\/#\/schema\/logo\/image\/"},"sameAs":["https:\/\/www.facebook.com\/womenhousecz","https:\/\/www.instagram.com\/womenhousecz\/"]},{"@type":"Person","@id":"https:\/\/womenhouse.cz\/#\/schema\/person\/541326101f8d68c711e83e8fecc80738","name":"Jolana Hol\u00e1\u0148ov\u00e1","sameAs":["http:\/\/www.womenhouse.cz"],"url":"https:\/\/womenhouse.cz\/index.php\/author\/jolhol\/"}]}},"_links":{"self":[{"href":"https:\/\/womenhouse.cz\/index.php\/wp-json\/wp\/v2\/posts\/5536"}],"collection":[{"href":"https:\/\/womenhouse.cz\/index.php\/wp-json\/wp\/v2\/posts"}],"about":[{"href":"https:\/\/womenhouse.cz\/index.php\/wp-json\/wp\/v2\/types\/post"}],"author":[{"embeddable":true,"href":"https:\/\/womenhouse.cz\/index.php\/wp-json\/wp\/v2\/users\/2"}],"replies":[{"embeddable":true,"href":"https:\/\/womenhouse.cz\/index.php\/wp-json\/wp\/v2\/comments?post=5536"}],"version-history":[{"count":3,"href":"https:\/\/womenhouse.cz\/index.php\/wp-json\/wp\/v2\/posts\/5536\/revisions"}],"predecessor-version":[{"id":5545,"href":"https:\/\/womenhouse.cz\/index.php\/wp-json\/wp\/v2\/posts\/5536\/revisions\/5545"}],"wp:featuredmedia":[{"embeddable":true,"href":"https:\/\/womenhouse.cz\/index.php\/wp-json\/wp\/v2\/media\/5537"}],"wp:attachment":[{"href":"https:\/\/womenhouse.cz\/index.php\/wp-json\/wp\/v2\/media?parent=5536"}],"wp:term":[{"taxonomy":"category","embeddable":true,"href":"https:\/\/womenhouse.cz\/index.php\/wp-json\/wp\/v2\/categories?post=5536"},{"taxonomy":"post_tag","embeddable":true,"href":"https:\/\/womenhouse.cz\/index.php\/wp-json\/wp\/v2\/tags?post=5536"}],"curies":[{"name":"wp","href":"https:\/\/api.w.org\/{rel}","templated":true}]}}