{"id":5182,"date":"2021-04-14T01:32:00","date_gmt":"2021-04-13T23:32:00","guid":{"rendered":"https:\/\/womenhouse.cz\/?p=5182"},"modified":"2021-06-15T12:39:28","modified_gmt":"2021-06-15T10:39:28","slug":"nejsi-na-to-sama-vychazi-prvni-pruvodce-rakovinou-prsu-tip-na-knihu","status":"publish","type":"post","link":"https:\/\/womenhouse.cz\/index.php\/2021\/04\/14\/nejsi-na-to-sama-vychazi-prvni-pruvodce-rakovinou-prsu-tip-na-knihu\/","title":{"rendered":"Nejsi na to sama \u2013 vych\u00e1z\u00ed prvn\u00ed pr\u016fvodce rakovinou prsu  |  Tip na knihu"},"content":{"rendered":"\n<p><strong>Kdy\u017e si \u017eena vyslechne diagn\u00f3zu karcinomu prsu, p\u0159ich\u00e1z\u00ed \u0161ok a strach z&nbsp;nezn\u00e1m\u00e9ho. V&nbsp;obrovsk\u00e9m mno\u017estv\u00ed zpr\u00e1v, vy\u0161et\u0159en\u00ed a obav o sv\u016fj \u017eivot se ztr\u00e1c\u00ed v&nbsp;tom, co je b\u011b\u017en\u00e9 \u010di na co m\u00e1 n\u00e1rok. Pr\u00e1v\u011b nedostatek relevantn\u00edch informac\u00ed na jednom m\u00edst\u011b vnukl Nikole Samkov\u00e9, mana\u017eerce projektu Bellis \u2013 mlad\u00e9 \u017eeny s&nbsp;rakovinou prsu, n\u00e1pad sepsat pro\u017eitky a rady v\u0161em \u017een\u00e1m pot\u00fdkaj\u00edc\u00edch se s&nbsp;t\u00edmto z\u00e1ke\u0159n\u00fdm onemocn\u011bn\u00edm. Spojila sv\u00e9 s\u00edly s&nbsp;dal\u0161\u00edmi pacientkami a p\u0159edn\u00edmi \u010desk\u00fdmi odborn\u00edky z&nbsp;\u0159ad onkolog\u016f, radiolog\u016f, onkopsycholog\u016f a plastick\u00fdch chirurg\u016f, a tak vznikla kniha Nejsi na to sama \u2013 pr\u016fvodce rakovinou prsu pod hlavi\u010dkou projektu Bellis a vydavatelstv\u00ed Grada.<\/strong><\/p>\n\n\n\n<figure class=\"wp-block-image\"><img decoding=\"async\" src=\"https:\/\/bookhouse.cz\/wp-content\/uploads\/2021\/04\/Nejsi-na-to-sama_TTL-1024x630.jpg\" alt=\"\" class=\"wp-image-2756\"\/><\/figure>\n\n\n\n<p><strong>Relevantn\u00ed informace od l\u00e9ka\u0159\u016f a pro\u017eitky pacientek na jednom m\u00edst\u011b<\/strong><\/p>\n\n\n\n<p>Onemocn\u011bn\u00ed rakoviny prsu je velmi n\u00e1ro\u010dn\u00e9 nejen po fyzick\u00e9 str\u00e1nce, ale tak\u00e9 psychick\u00e9 a mnohdy \u010dasov\u00e9. Obzvl\u00e1\u0161t\u011b, kdy\u017e zas\u00e1hne do \u017eivota mlad\u00e9 \u017eeny tou\u017e\u00edc\u00ed po rodin\u011b nebo se u\u017e o n\u00ed staraj\u00edc\u00ed. Jak vysv\u011btlit d\u011btem, aby se neb\u00e1ly hol\u00e9 hlavy, jak \u0159\u00edct v&nbsp;pr\u00e1ci, \u017ee jsem nemocn\u00e1, na kter\u00e1 vy\u0161et\u0159en\u00ed m\u00e1m n\u00e1rok nebo jak se vr\u00e1tit do aktivn\u00edho \u017eivota po chemoterapi\u00edch a oza\u0159ov\u00e1n\u00ed? To je pouze drobn\u00e1 uk\u00e1zka toho, \u010d\u00edm si \u017eeny s&nbsp;t\u00edmto mnohdy agresivn\u00edm onemocn\u011bn\u00edm proch\u00e1zej\u00ed v&nbsp;produktivn\u00edm v\u011bku. P\u0159\u00edli\u0161 m\u00e1lo relevantn\u00edch informac\u00ed a osobn\u00edch zku\u0161enost\u00ed jin\u00fdch pacientek byly pro&nbsp;<strong>mana\u017eerku projektu Bellis \u2013 mlad\u00e9 \u017eeny s&nbsp;rakovinou prsu (pod organizac\u00ed Aliance \u017een s&nbsp;rakovinou prsu o.p.s.) Nikolu Samkovou<\/strong>&nbsp;spou\u0161t\u011b\u010dem k&nbsp;seps\u00e1n\u00ed t\u00e9to knihy u\u017e od prvn\u00edho dne jej\u00ed diagn\u00f3zy.&nbsp;<em>\u201eKdy\u017e jsem p\u0159ed 9 lety onemocn\u011bla, bylo minimum zpr\u00e1v o karcinomu prsu z&nbsp;pohledu pacientky. V&nbsp;\u010cesku nebyly \u017e\u00e1dn\u00e9 organizace zam\u011b\u0159en\u00e9 na tak mlad\u00e9 pacientky jako j\u00e1, bylo mi tehdy 23 let. Cht\u011bla jsem, aby u\u017e \u017e\u00e1dn\u00e1 \u017eena nemusela \u010delit t\u00e9to nemoci a z\u00e1rove\u0148 o n\u00ed v\u011bd\u011bla tak m\u00e1lo. Jsem r\u00e1da, \u017ee se pro tento n\u00e1pad nadchly i dal\u0161\u00ed pacientky a odborn\u00edci, kter\u00e9 jsme oslovily,\u201c&nbsp;<\/em>p\u0159ibli\u017euje Nikola Samkov\u00e1.<\/p>\n\n\n\n<div class=\"wp-block-image\"><figure class=\"aligncenter\"><img decoding=\"async\" src=\"https:\/\/bookhouse.cz\/wp-content\/uploads\/2021\/04\/Nejsi-na-to-sama_TTL_2.jpg\" alt=\"\" class=\"wp-image-2757\"\/><\/figure><\/div>\n\n\n\n<p>Kniha vznikala v\u00edce ne\u017e rok seps\u00e1n\u00edm rad a poznatk\u016f \u017een, kter\u00e9 si onemocn\u011bn\u00edm proch\u00e1zej\u00ed nebo maj\u00ed jeho l\u00e9\u010dbu \u00fasp\u011b\u0161n\u011b za sebou. Odborn\u00fdmi garantkami knihy jsou onkopsycholo\u017eka&nbsp;<strong>doc. MUDr. Laura Jan\u00e1\u010dkov\u00e1, CSc., Ph.D.<\/strong>&nbsp;a mamodiagnosti\u010dka a zakladatelka s\u00edt\u011b mamma center&nbsp;<strong>MUDr. Miroslava Skovajsov\u00e1, Ph.D.<\/strong>&nbsp;Na knize spolupracovali tak\u00e9 onkolo\u017eky&nbsp;<strong>prof. MUDr. Petra Tesa\u0159ov\u00e1, CSc., MD, Ph.D.<\/strong>&nbsp;(VFN Praha) a&nbsp;<strong>MUDr. Petra Pokorn\u00e1<\/strong>&nbsp;(FN Motol),&nbsp;<strong>MUDr. B\u011bla Malinov\u00e1<\/strong>&nbsp;z&nbsp;radioterapeutick\u00e9ho odd\u011blen\u00ed ve FN Motol a plastick\u00fd chirurg&nbsp;<strong>doc. MUDr. Ond\u0159ej M\u011b\u0161\u0165\u00e1k, PhD.&nbsp;<\/strong>(Esth\u00e9 klinika). V&nbsp;knize najdou \u010dten\u00e1\u0159ky a \u010dten\u00e1\u0159i odborn\u00e9 informace, osobn\u00ed pro\u017eitky pacientek a jejich bl\u00edzk\u00fdch (partner\u016f, rodiny, p\u0159\u00e1tel), u\u017eite\u010dn\u00e9 odkazy, ale tak\u00e9&nbsp;<strong>8 konkr\u00e9tn\u00edch p\u0159\u00edb\u011bh\u016f \u017een<\/strong>, kter\u00e9 si touto nemoc\u00ed zd\u00e1rn\u011b pro\u0161ly. Jejich posl\u00e1n\u00edm je p\u0159edat nejen zku\u0161enosti, ale tak\u00e9 povzbudit ty, je\u017e na za\u010d\u00e1tku l\u00e9\u010dby teprve stoj\u00ed. Uk\u00e1zat, \u017ee karcinom prsu je v&nbsp;dne\u0161n\u00ed dob\u011b dob\u0159e l\u00e9\u010diteln\u00e9 onemocn\u011bn\u00ed, pokud se na n\u011bj p\u0159ijde v\u010das d\u00edky samovy\u0161et\u0159en\u00ed nebo screeningu.&nbsp;<em>\u201eJsem hrd\u00e1, \u017ee se Bellisk\u00e1m poda\u0159il tento jedine\u010dn\u00fd po\u010din. Je to d\u016fle\u017eit\u00e9 poselstv\u00ed v\u0161em \u017een\u00e1m pot\u00fdkaj\u00edc\u00edch se s touto n\u00e1ro\u010dnou nemoc\u00ed. Takto komplexn\u00ed materi\u00e1l jako je kniha Nejsi na to sama \u2013 pr\u016fvodce rakovinou prsu, n\u011bco takov\u00e9ho tu chyb\u011blo a jsem r\u00e1da, \u017ee se d\u011bv\u010dat\u016fm z projektu Bellis poda\u0159ilo knihu vytvo\u0159it,\u201c&nbsp;<\/em>\u0159\u00edk\u00e1&nbsp;<strong>Eva Knappov\u00e1, \u0159editelka Aliance \u017een s&nbsp;rakovinou prsu<\/strong>, pod kterou projekt Bellis spad\u00e1.<\/p>\n\n\n\n<p><strong>Z&nbsp;ka\u017ed\u00e9ho zakoupen\u00e9ho v\u00fdtisku dv\u011b knihy zdarma pro nov\u00e9 pacientky<\/strong><\/p>\n\n\n\n<p>O knihu je mo\u017en\u00e9 za\u017e\u00e1dat prost\u0159ednictv\u00edm projektu Bellis. Kniha bude zdarma pro ka\u017edou nov\u011b diagnostikovanou pacientku \u010di \u017eenu v&nbsp;aktivn\u00ed onkologick\u00e9 l\u00e9\u010db\u011b zam\u011b\u0159en\u00e9 na karcinom prsu (chemoterapie, radioterapie, operace \u010di biologick\u00e1 l\u00e9\u010dba).<\/p>\n\n\n\n<p>Za symbolickou cenu 200 K\u010d si ji budou moci koupit jak\u00e9koli pacientky s&nbsp;karcinomem prsu, a\u0165 u\u017e podstupuj\u00edc\u00ed hormon\u00e1ln\u00ed l\u00e9\u010dbu nebo po skon\u010den\u00ed cel\u00e9ho l\u00e9\u010debn\u00e9ho cyklu.<\/p>\n\n\n\n<p>Cena 400 K\u010d je pak stanovena pro v\u0161echny ostatn\u00ed z\u00e1jemce. Z&nbsp;t\u00e9to ceny poputuj\u00ed finan\u010dn\u00ed prost\u0159edky na v\u00fdtisky zdarma pro 2 nov\u011b diagnostikovan\u00e9 pacientky.<\/p>\n\n\n\n<p>Knihu si lze objednat za tyto zv\u00fdhodn\u011bn\u00e9 ceny na&nbsp;<a href=\"mailto:nejsinatosama@gmail.com\">nejsinatosama@gmail.com<\/a>. Osobn\u00ed vyzvednut\u00ed je mo\u017en\u00e9 na Praze 3 a 1, d\u00e1le pak v&nbsp;P\u0159\u00edbrami, Pardubic\u00edch, Hradci Kr\u00e1lov\u00e9 a dal\u0161\u00edch m\u011bstech uveden\u00fdch na webu&nbsp;<a href=\"http:\/\/www.bellisky.cz\/\">www.bellisky.cz<\/a>. Knihy budou tak\u00e9 k dispozici v Nemocni\u010dn\u00edch knihovni\u010dk\u00e1ch, ve vybran\u00fdch Komplexn\u00edch onkologick\u00fdch centrech, ve vybran\u00fdch mamocentrech a na dal\u0161\u00edch m\u00edstech. Knihu je mo\u017en\u00e9 zaslat po cel\u00e9 \u010cR s&nbsp;p\u0159\u00edplatkem za po\u0161tovn\u00e9 a baln\u00e9.<\/p>\n\n\n\n<div class=\"wp-block-image\"><figure class=\"aligncenter\"><img decoding=\"async\" src=\"https:\/\/bookhouse.cz\/wp-content\/uploads\/2021\/04\/Nejsi-na-to-sama-705x1024.jpg\" alt=\"\" class=\"wp-image-2758\"\/><\/figure><\/div>\n\n\n\n<p><strong>Knihu si lze objednat tak\u00e9 na&nbsp;<a href=\"https:\/\/www.grada.cz\/\">e-shopu vydavatelstv\u00ed Grada<\/a>&nbsp;za cenu 299 K\u010d, v&nbsp;jejich prodejn\u00e1ch a s\u00edt\u00edch knihkupectv\u00ed.<\/strong><\/p>\n\n\n\n<p>Pro v\u00edce informac\u00ed anebo pro objedn\u00e1n\u00ed knihy lze volat tak\u00e9 na AVON Linku za zdrav\u00e1 prsa na bezplatn\u00e9 telefonn\u00ed \u010d\u00edslo 800 546 546 ka\u017ed\u00fd v\u0161edn\u00ed den od 10:00 hod. do 18:00 hod.<\/p>\n\n\n\n<div style=\"height:100px\" aria-hidden=\"true\" class=\"wp-block-spacer\"><\/div>\n","protected":false},"excerpt":{"rendered":"<p>Kdy\u017e si \u017eena vyslechne diagn\u00f3zu karcinomu prsu, p\u0159ich\u00e1z\u00ed \u0161ok a strach z&nbsp;nezn\u00e1m\u00e9ho. V&nbsp;obrovsk\u00e9m mno\u017estv\u00ed zpr\u00e1v, vy\u0161et\u0159en\u00ed a obav o sv\u016fj \u017eivot se ztr\u00e1c\u00ed v&nbsp;tom, co je b\u011b\u017en\u00e9 \u010di na co m\u00e1 n\u00e1rok. Pr\u00e1v\u011b nedostatek relevantn\u00edch informac\u00ed na jednom m\u00edst\u011b vnukl Nikole Samkov\u00e9, mana\u017eerce projektu Bellis \u2013 mlad\u00e9 \u017eeny s&nbsp;rakovinou prsu, n\u00e1pad sepsat pro\u017eitky a rady [&hellip;]<\/p>\n","protected":false},"author":6,"featured_media":5183,"comment_status":"closed","ping_status":"closed","sticky":false,"template":"","format":"standard","meta":{"_mi_skip_tracking":false,"_monsterinsights_sitenote_active":false,"_monsterinsights_sitenote_note":"","_monsterinsights_sitenote_category":0,"footnotes":""},"categories":[19,2],"tags":[],"yoast_head":"<!-- This site is optimized with the Yoast SEO plugin v21.5 - https:\/\/yoast.com\/wordpress\/plugins\/seo\/ -->\n<title>Nejsi na to sama \u2013 vych\u00e1z\u00ed prvn\u00ed pr\u016fvodce rakovinou prsu | Tip na knihu - WOMENHOUSE.cz<\/title>\n<meta name=\"robots\" content=\"index, follow, max-snippet:-1, max-image-preview:large, max-video-preview:-1\" \/>\n<link rel=\"canonical\" href=\"https:\/\/womenhouse.cz\/index.php\/2021\/04\/14\/nejsi-na-to-sama-vychazi-prvni-pruvodce-rakovinou-prsu-tip-na-knihu\/\" \/>\n<meta property=\"og:locale\" content=\"cs_CZ\" \/>\n<meta property=\"og:type\" content=\"article\" \/>\n<meta property=\"og:title\" content=\"Nejsi na to sama \u2013 vych\u00e1z\u00ed prvn\u00ed pr\u016fvodce rakovinou prsu | Tip na knihu - WOMENHOUSE.cz\" \/>\n<meta property=\"og:description\" content=\"Kdy\u017e si \u017eena vyslechne diagn\u00f3zu karcinomu prsu, p\u0159ich\u00e1z\u00ed \u0161ok a strach z&nbsp;nezn\u00e1m\u00e9ho. V&nbsp;obrovsk\u00e9m mno\u017estv\u00ed zpr\u00e1v, vy\u0161et\u0159en\u00ed a obav o sv\u016fj \u017eivot se ztr\u00e1c\u00ed v&nbsp;tom, co je b\u011b\u017en\u00e9 \u010di na co m\u00e1 n\u00e1rok. Pr\u00e1v\u011b nedostatek relevantn\u00edch informac\u00ed na jednom m\u00edst\u011b vnukl Nikole Samkov\u00e9, mana\u017eerce projektu Bellis \u2013 mlad\u00e9 \u017eeny s&nbsp;rakovinou prsu, n\u00e1pad sepsat pro\u017eitky a rady [&hellip;]\" \/>\n<meta property=\"og:url\" content=\"https:\/\/womenhouse.cz\/index.php\/2021\/04\/14\/nejsi-na-to-sama-vychazi-prvni-pruvodce-rakovinou-prsu-tip-na-knihu\/\" \/>\n<meta property=\"og:site_name\" content=\"WOMENHOUSE.cz\" \/>\n<meta property=\"article:publisher\" content=\"https:\/\/www.facebook.com\/womenhousecz\" \/>\n<meta property=\"article:published_time\" content=\"2021-04-13T23:32:00+00:00\" \/>\n<meta property=\"article:modified_time\" content=\"2021-06-15T10:39:28+00:00\" \/>\n<meta property=\"og:image\" content=\"https:\/\/womenhouse.cz\/wp-content\/uploads\/2021\/04\/Nejsi-na-to-sama_TTL_2.jpg\" \/>\n\t<meta property=\"og:image:width\" content=\"916\" \/>\n\t<meta property=\"og:image:height\" content=\"638\" \/>\n\t<meta property=\"og:image:type\" content=\"image\/jpeg\" \/>\n<meta name=\"author\" content=\"Petra Kub\u00edkov\u00e1\" \/>\n<meta name=\"twitter:card\" content=\"summary_large_image\" \/>\n<meta name=\"twitter:label1\" content=\"Napsal(a)\" \/>\n\t<meta name=\"twitter:data1\" content=\"Petra Kub\u00edkov\u00e1\" \/>\n\t<meta name=\"twitter:label2\" content=\"Odhadovan\u00e1 doba \u010dten\u00ed\" \/>\n\t<meta name=\"twitter:data2\" content=\"5 minut\" \/>\n<script type=\"application\/ld+json\" class=\"yoast-schema-graph\">{\"@context\":\"https:\/\/schema.org\",\"@graph\":[{\"@type\":\"Article\",\"@id\":\"https:\/\/womenhouse.cz\/index.php\/2021\/04\/14\/nejsi-na-to-sama-vychazi-prvni-pruvodce-rakovinou-prsu-tip-na-knihu\/#article\",\"isPartOf\":{\"@id\":\"https:\/\/womenhouse.cz\/index.php\/2021\/04\/14\/nejsi-na-to-sama-vychazi-prvni-pruvodce-rakovinou-prsu-tip-na-knihu\/\"},\"author\":{\"name\":\"Petra Kub\u00edkov\u00e1\",\"@id\":\"https:\/\/womenhouse.cz\/#\/schema\/person\/4a1fde0be3f0c5dd5006ba6dc68c7656\"},\"headline\":\"Nejsi na to sama \u2013 vych\u00e1z\u00ed prvn\u00ed pr\u016fvodce rakovinou prsu | Tip na knihu\",\"datePublished\":\"2021-04-13T23:32:00+00:00\",\"dateModified\":\"2021-06-15T10:39:28+00:00\",\"mainEntityOfPage\":{\"@id\":\"https:\/\/womenhouse.cz\/index.php\/2021\/04\/14\/nejsi-na-to-sama-vychazi-prvni-pruvodce-rakovinou-prsu-tip-na-knihu\/\"},\"wordCount\":1014,\"publisher\":{\"@id\":\"https:\/\/womenhouse.cz\/#organization\"},\"articleSection\":[\"KNIHY &amp; \u010cASOPISY\",\"NEWS\"],\"inLanguage\":\"cs\"},{\"@type\":\"WebPage\",\"@id\":\"https:\/\/womenhouse.cz\/index.php\/2021\/04\/14\/nejsi-na-to-sama-vychazi-prvni-pruvodce-rakovinou-prsu-tip-na-knihu\/\",\"url\":\"https:\/\/womenhouse.cz\/index.php\/2021\/04\/14\/nejsi-na-to-sama-vychazi-prvni-pruvodce-rakovinou-prsu-tip-na-knihu\/\",\"name\":\"Nejsi na to sama \u2013 vych\u00e1z\u00ed prvn\u00ed pr\u016fvodce rakovinou prsu | Tip na knihu - WOMENHOUSE.cz\",\"isPartOf\":{\"@id\":\"https:\/\/womenhouse.cz\/#website\"},\"datePublished\":\"2021-04-13T23:32:00+00:00\",\"dateModified\":\"2021-06-15T10:39:28+00:00\",\"breadcrumb\":{\"@id\":\"https:\/\/womenhouse.cz\/index.php\/2021\/04\/14\/nejsi-na-to-sama-vychazi-prvni-pruvodce-rakovinou-prsu-tip-na-knihu\/#breadcrumb\"},\"inLanguage\":\"cs\",\"potentialAction\":[{\"@type\":\"ReadAction\",\"target\":[\"https:\/\/womenhouse.cz\/index.php\/2021\/04\/14\/nejsi-na-to-sama-vychazi-prvni-pruvodce-rakovinou-prsu-tip-na-knihu\/\"]}]},{\"@type\":\"BreadcrumbList\",\"@id\":\"https:\/\/womenhouse.cz\/index.php\/2021\/04\/14\/nejsi-na-to-sama-vychazi-prvni-pruvodce-rakovinou-prsu-tip-na-knihu\/#breadcrumb\",\"itemListElement\":[{\"@type\":\"ListItem\",\"position\":1,\"name\":\"Dom\u016f\",\"item\":\"https:\/\/womenhouse.cz\/\"},{\"@type\":\"ListItem\",\"position\":2,\"name\":\"Nejsi na to sama \u2013 vych\u00e1z\u00ed prvn\u00ed pr\u016fvodce rakovinou prsu | Tip na knihu\"}]},{\"@type\":\"WebSite\",\"@id\":\"https:\/\/womenhouse.cz\/#website\",\"url\":\"https:\/\/womenhouse.cz\/\",\"name\":\"WOMENHOUSE.cz\",\"description\":\"Port\u00e1l v\u00fdhradn\u011b jen pro \u017eeny...\",\"publisher\":{\"@id\":\"https:\/\/womenhouse.cz\/#organization\"},\"potentialAction\":[{\"@type\":\"SearchAction\",\"target\":{\"@type\":\"EntryPoint\",\"urlTemplate\":\"https:\/\/womenhouse.cz\/?s={search_term_string}\"},\"query-input\":\"required name=search_term_string\"}],\"inLanguage\":\"cs\"},{\"@type\":\"Organization\",\"@id\":\"https:\/\/womenhouse.cz\/#organization\",\"name\":\"WOMENHOUSE.cz\",\"url\":\"https:\/\/womenhouse.cz\/\",\"logo\":{\"@type\":\"ImageObject\",\"inLanguage\":\"cs\",\"@id\":\"https:\/\/womenhouse.cz\/#\/schema\/logo\/image\/\",\"url\":\"https:\/\/womenhouse.cz\/wp-content\/uploads\/2020\/06\/cropped-logo_Womenhouse_RGB-02-removebg-preview-1.png\",\"contentUrl\":\"https:\/\/womenhouse.cz\/wp-content\/uploads\/2020\/06\/cropped-logo_Womenhouse_RGB-02-removebg-preview-1.png\",\"width\":561,\"height\":375,\"caption\":\"WOMENHOUSE.cz\"},\"image\":{\"@id\":\"https:\/\/womenhouse.cz\/#\/schema\/logo\/image\/\"},\"sameAs\":[\"https:\/\/www.facebook.com\/womenhousecz\",\"https:\/\/www.instagram.com\/womenhousecz\/\"]},{\"@type\":\"Person\",\"@id\":\"https:\/\/womenhouse.cz\/#\/schema\/person\/4a1fde0be3f0c5dd5006ba6dc68c7656\",\"name\":\"Petra Kub\u00edkov\u00e1\",\"sameAs\":[\"http:\/\/WOMENHOUSE.cz\"],\"url\":\"https:\/\/womenhouse.cz\/index.php\/author\/kubip\/\"}]}<\/script>\n<!-- \/ Yoast SEO plugin. -->","yoast_head_json":{"title":"Nejsi na to sama \u2013 vych\u00e1z\u00ed prvn\u00ed pr\u016fvodce rakovinou prsu | Tip na knihu - WOMENHOUSE.cz","robots":{"index":"index","follow":"follow","max-snippet":"max-snippet:-1","max-image-preview":"max-image-preview:large","max-video-preview":"max-video-preview:-1"},"canonical":"https:\/\/womenhouse.cz\/index.php\/2021\/04\/14\/nejsi-na-to-sama-vychazi-prvni-pruvodce-rakovinou-prsu-tip-na-knihu\/","og_locale":"cs_CZ","og_type":"article","og_title":"Nejsi na to sama \u2013 vych\u00e1z\u00ed prvn\u00ed pr\u016fvodce rakovinou prsu | Tip na knihu - WOMENHOUSE.cz","og_description":"Kdy\u017e si \u017eena vyslechne diagn\u00f3zu karcinomu prsu, p\u0159ich\u00e1z\u00ed \u0161ok a strach z&nbsp;nezn\u00e1m\u00e9ho. V&nbsp;obrovsk\u00e9m mno\u017estv\u00ed zpr\u00e1v, vy\u0161et\u0159en\u00ed a obav o sv\u016fj \u017eivot se ztr\u00e1c\u00ed v&nbsp;tom, co je b\u011b\u017en\u00e9 \u010di na co m\u00e1 n\u00e1rok. Pr\u00e1v\u011b nedostatek relevantn\u00edch informac\u00ed na jednom m\u00edst\u011b vnukl Nikole Samkov\u00e9, mana\u017eerce projektu Bellis \u2013 mlad\u00e9 \u017eeny s&nbsp;rakovinou prsu, n\u00e1pad sepsat pro\u017eitky a rady [&hellip;]","og_url":"https:\/\/womenhouse.cz\/index.php\/2021\/04\/14\/nejsi-na-to-sama-vychazi-prvni-pruvodce-rakovinou-prsu-tip-na-knihu\/","og_site_name":"WOMENHOUSE.cz","article_publisher":"https:\/\/www.facebook.com\/womenhousecz","article_published_time":"2021-04-13T23:32:00+00:00","article_modified_time":"2021-06-15T10:39:28+00:00","og_image":[{"width":916,"height":638,"url":"https:\/\/womenhouse.cz\/wp-content\/uploads\/2021\/04\/Nejsi-na-to-sama_TTL_2.jpg","type":"image\/jpeg"}],"author":"Petra Kub\u00edkov\u00e1","twitter_card":"summary_large_image","twitter_misc":{"Napsal(a)":"Petra Kub\u00edkov\u00e1","Odhadovan\u00e1 doba \u010dten\u00ed":"5 minut"},"schema":{"@context":"https:\/\/schema.org","@graph":[{"@type":"Article","@id":"https:\/\/womenhouse.cz\/index.php\/2021\/04\/14\/nejsi-na-to-sama-vychazi-prvni-pruvodce-rakovinou-prsu-tip-na-knihu\/#article","isPartOf":{"@id":"https:\/\/womenhouse.cz\/index.php\/2021\/04\/14\/nejsi-na-to-sama-vychazi-prvni-pruvodce-rakovinou-prsu-tip-na-knihu\/"},"author":{"name":"Petra Kub\u00edkov\u00e1","@id":"https:\/\/womenhouse.cz\/#\/schema\/person\/4a1fde0be3f0c5dd5006ba6dc68c7656"},"headline":"Nejsi na to sama \u2013 vych\u00e1z\u00ed prvn\u00ed pr\u016fvodce rakovinou prsu | Tip na knihu","datePublished":"2021-04-13T23:32:00+00:00","dateModified":"2021-06-15T10:39:28+00:00","mainEntityOfPage":{"@id":"https:\/\/womenhouse.cz\/index.php\/2021\/04\/14\/nejsi-na-to-sama-vychazi-prvni-pruvodce-rakovinou-prsu-tip-na-knihu\/"},"wordCount":1014,"publisher":{"@id":"https:\/\/womenhouse.cz\/#organization"},"articleSection":["KNIHY &amp; \u010cASOPISY","NEWS"],"inLanguage":"cs"},{"@type":"WebPage","@id":"https:\/\/womenhouse.cz\/index.php\/2021\/04\/14\/nejsi-na-to-sama-vychazi-prvni-pruvodce-rakovinou-prsu-tip-na-knihu\/","url":"https:\/\/womenhouse.cz\/index.php\/2021\/04\/14\/nejsi-na-to-sama-vychazi-prvni-pruvodce-rakovinou-prsu-tip-na-knihu\/","name":"Nejsi na to sama \u2013 vych\u00e1z\u00ed prvn\u00ed pr\u016fvodce rakovinou prsu | Tip na knihu - WOMENHOUSE.cz","isPartOf":{"@id":"https:\/\/womenhouse.cz\/#website"},"datePublished":"2021-04-13T23:32:00+00:00","dateModified":"2021-06-15T10:39:28+00:00","breadcrumb":{"@id":"https:\/\/womenhouse.cz\/index.php\/2021\/04\/14\/nejsi-na-to-sama-vychazi-prvni-pruvodce-rakovinou-prsu-tip-na-knihu\/#breadcrumb"},"inLanguage":"cs","potentialAction":[{"@type":"ReadAction","target":["https:\/\/womenhouse.cz\/index.php\/2021\/04\/14\/nejsi-na-to-sama-vychazi-prvni-pruvodce-rakovinou-prsu-tip-na-knihu\/"]}]},{"@type":"BreadcrumbList","@id":"https:\/\/womenhouse.cz\/index.php\/2021\/04\/14\/nejsi-na-to-sama-vychazi-prvni-pruvodce-rakovinou-prsu-tip-na-knihu\/#breadcrumb","itemListElement":[{"@type":"ListItem","position":1,"name":"Dom\u016f","item":"https:\/\/womenhouse.cz\/"},{"@type":"ListItem","position":2,"name":"Nejsi na to sama \u2013 vych\u00e1z\u00ed prvn\u00ed pr\u016fvodce rakovinou prsu | Tip na knihu"}]},{"@type":"WebSite","@id":"https:\/\/womenhouse.cz\/#website","url":"https:\/\/womenhouse.cz\/","name":"WOMENHOUSE.cz","description":"Port\u00e1l v\u00fdhradn\u011b jen pro \u017eeny...","publisher":{"@id":"https:\/\/womenhouse.cz\/#organization"},"potentialAction":[{"@type":"SearchAction","target":{"@type":"EntryPoint","urlTemplate":"https:\/\/womenhouse.cz\/?s={search_term_string}"},"query-input":"required name=search_term_string"}],"inLanguage":"cs"},{"@type":"Organization","@id":"https:\/\/womenhouse.cz\/#organization","name":"WOMENHOUSE.cz","url":"https:\/\/womenhouse.cz\/","logo":{"@type":"ImageObject","inLanguage":"cs","@id":"https:\/\/womenhouse.cz\/#\/schema\/logo\/image\/","url":"https:\/\/womenhouse.cz\/wp-content\/uploads\/2020\/06\/cropped-logo_Womenhouse_RGB-02-removebg-preview-1.png","contentUrl":"https:\/\/womenhouse.cz\/wp-content\/uploads\/2020\/06\/cropped-logo_Womenhouse_RGB-02-removebg-preview-1.png","width":561,"height":375,"caption":"WOMENHOUSE.cz"},"image":{"@id":"https:\/\/womenhouse.cz\/#\/schema\/logo\/image\/"},"sameAs":["https:\/\/www.facebook.com\/womenhousecz","https:\/\/www.instagram.com\/womenhousecz\/"]},{"@type":"Person","@id":"https:\/\/womenhouse.cz\/#\/schema\/person\/4a1fde0be3f0c5dd5006ba6dc68c7656","name":"Petra Kub\u00edkov\u00e1","sameAs":["http:\/\/WOMENHOUSE.cz"],"url":"https:\/\/womenhouse.cz\/index.php\/author\/kubip\/"}]}},"_links":{"self":[{"href":"https:\/\/womenhouse.cz\/index.php\/wp-json\/wp\/v2\/posts\/5182"}],"collection":[{"href":"https:\/\/womenhouse.cz\/index.php\/wp-json\/wp\/v2\/posts"}],"about":[{"href":"https:\/\/womenhouse.cz\/index.php\/wp-json\/wp\/v2\/types\/post"}],"author":[{"embeddable":true,"href":"https:\/\/womenhouse.cz\/index.php\/wp-json\/wp\/v2\/users\/6"}],"replies":[{"embeddable":true,"href":"https:\/\/womenhouse.cz\/index.php\/wp-json\/wp\/v2\/comments?post=5182"}],"version-history":[{"count":-4,"href":"https:\/\/womenhouse.cz\/index.php\/wp-json\/wp\/v2\/posts\/5182\/revisions"}],"wp:featuredmedia":[{"embeddable":true,"href":"https:\/\/womenhouse.cz\/index.php\/wp-json\/wp\/v2\/media\/5183"}],"wp:attachment":[{"href":"https:\/\/womenhouse.cz\/index.php\/wp-json\/wp\/v2\/media?parent=5182"}],"wp:term":[{"taxonomy":"category","embeddable":true,"href":"https:\/\/womenhouse.cz\/index.php\/wp-json\/wp\/v2\/categories?post=5182"},{"taxonomy":"post_tag","embeddable":true,"href":"https:\/\/womenhouse.cz\/index.php\/wp-json\/wp\/v2\/tags?post=5182"}],"curies":[{"name":"wp","href":"https:\/\/api.w.org\/{rel}","templated":true}]}}