{"id":5022,"date":"2021-03-22T03:11:00","date_gmt":"2021-03-22T02:11:00","guid":{"rendered":"https:\/\/womenhouse.cz\/?p=5022"},"modified":"2021-05-24T02:33:18","modified_gmt":"2021-05-24T00:33:18","slug":"garnier-predstavuje-silu-ampuli-v-textilni-masce","status":"publish","type":"post","link":"https:\/\/womenhouse.cz\/index.php\/2021\/03\/22\/garnier-predstavuje-silu-ampuli-v-textilni-masce\/","title":{"rendered":"Garnier p\u0159edstavuje s\u00edlu ampul\u00ed v\u00a0textiln\u00ed masce"},"content":{"rendered":"\n<p><strong>Fanou\u0161ci textiln\u00edch masek, zbyst\u0159ete! Garnier uv\u00e1d\u00ed nov\u00e9 textiln\u00ed masky se s\u00edlou ampul\u00ed, jejich\u017e v\u00fdsledek je d\u00edky vysok\u00e9 koncentraci \u00fa\u010dinn\u00fdch l\u00e1tek viditeln\u00fd u\u017e za 5 minut. Jsou tedy ide\u00e1ln\u00ed pro rann\u00ed beauty rutinu, ve kter\u00e9 nechcete ztratit ani minutu nav\u00edc. T\u0159i varianty pro t\u0159i r\u016fzn\u00e9 pot\u0159eby va\u0161\u00ed pleti \u2013 najd\u011bte si tu svou mezi textiln\u00ed maskou s\u00a0vitaminem C a extraktem z\u00a0ananasu pro rozjasn\u011bn\u00ed unaven\u00e9 pleti, maskou s\u00a0kyselinou hyaluronovou a extraktem z\u00a0melounu pro hydrataci a vypln\u011bn\u00ed nebo maskou s\u00a0obsahem niacinamidu a extraktem z\u00a0kapusty pro vyv\u00e1\u017een\u00ed pleti a sn\u00ed\u017een\u00ed nadbytku mazu.<\/strong><\/p>\n\n\n\n<figure class=\"wp-block-gallery columns-3 is-cropped wp-block-gallery-1 is-layout-flex wp-block-gallery-is-layout-flex\"><ul class=\"blocks-gallery-grid\"><li class=\"blocks-gallery-item\"><figure><img loading=\"lazy\" decoding=\"async\" width=\"342\" height=\"640\" src=\"https:\/\/womenhouse.cz\/wp-content\/uploads\/2021\/03\/GARNIER_CONTENT_SKIN_MASK_1.jpg\" alt=\"\" data-id=\"5023\" data-full-url=\"https:\/\/womenhouse.cz\/wp-content\/uploads\/2021\/03\/GARNIER_CONTENT_SKIN_MASK_1.jpg\" data-link=\"https:\/\/womenhouse.cz\/?attachment_id=5023\" class=\"wp-image-5023\" srcset=\"https:\/\/womenhouse.cz\/wp-content\/uploads\/2021\/03\/GARNIER_CONTENT_SKIN_MASK_1.jpg 342w, https:\/\/womenhouse.cz\/wp-content\/uploads\/2021\/03\/GARNIER_CONTENT_SKIN_MASK_1-160x300.jpg 160w\" sizes=\"(max-width: 342px) 100vw, 342px\" \/><\/figure><\/li><li class=\"blocks-gallery-item\"><figure><img loading=\"lazy\" decoding=\"async\" width=\"350\" height=\"639\" src=\"https:\/\/womenhouse.cz\/wp-content\/uploads\/2021\/03\/GARNIER_CONTENT_SKIN_MASK_2.jpg\" alt=\"\" data-id=\"5024\" data-full-url=\"https:\/\/womenhouse.cz\/wp-content\/uploads\/2021\/03\/GARNIER_CONTENT_SKIN_MASK_2.jpg\" data-link=\"https:\/\/womenhouse.cz\/?attachment_id=5024\" class=\"wp-image-5024\" srcset=\"https:\/\/womenhouse.cz\/wp-content\/uploads\/2021\/03\/GARNIER_CONTENT_SKIN_MASK_2.jpg 350w, https:\/\/womenhouse.cz\/wp-content\/uploads\/2021\/03\/GARNIER_CONTENT_SKIN_MASK_2-164x300.jpg 164w\" sizes=\"(max-width: 350px) 100vw, 350px\" \/><\/figure><\/li><li class=\"blocks-gallery-item\"><figure><img loading=\"lazy\" decoding=\"async\" width=\"350\" height=\"640\" src=\"https:\/\/womenhouse.cz\/wp-content\/uploads\/2021\/03\/GARNIER_CONTENT_SKIN_MASK_3.jpg\" alt=\"\" data-id=\"5025\" data-full-url=\"https:\/\/womenhouse.cz\/wp-content\/uploads\/2021\/03\/GARNIER_CONTENT_SKIN_MASK_3.jpg\" data-link=\"https:\/\/womenhouse.cz\/?attachment_id=5025\" class=\"wp-image-5025\" srcset=\"https:\/\/womenhouse.cz\/wp-content\/uploads\/2021\/03\/GARNIER_CONTENT_SKIN_MASK_3.jpg 350w, https:\/\/womenhouse.cz\/wp-content\/uploads\/2021\/03\/GARNIER_CONTENT_SKIN_MASK_3-164x300.jpg 164w\" sizes=\"(max-width: 350px) 100vw, 350px\" \/><\/figure><\/li><\/ul><\/figure>\n\n\n\n<p><strong>Textiln\u00ed maska s\u00a0vitaminem C a extraktem z\u00a0ananasu \u2013 rann\u00ed vzpruha pro ple\u0165<\/strong><\/p>\n\n\n\n<p>P\u0159\u00edli\u0161 kr\u00e1tk\u00fd sp\u00e1nek, sez\u00f3nn\u00ed zm\u011bny, ale i stres p\u0159ed rann\u00ed poradou se mohou neblaze podepsat na vzhledu na\u0161\u00ed pleti. Pokud chcete po r\u00e1nu sv\u00e9 pleti dop\u0159\u00e1t trochu povzbuzen\u00ed, vyzkou\u0161ejte <strong>s\u00edlu ampule v&nbsp;textiln\u00ed masce s&nbsp;vitaminem C a extraktem z&nbsp;ananasu<\/strong>, d\u00edky kter\u00e9 bude ple\u0165 u\u017e po 5 minut\u00e1ch<strong><a href=\"#sdendnote1sym\"><sup>i<\/sup><\/a> z\u00e1\u0159iv\u011bj\u0161\u00ed, nabit\u00e1 energi\u00ed a zklidn\u011bn\u00e1<\/strong>. Extrakt z&nbsp;ananasu ve spojen\u00ed s&nbsp;1 % vitam\u00ednu Cg p\u0159inese unaven\u00e9 pleti pot\u0159ebn\u00e9 rozjasn\u011bn\u00ed.<\/p>\n\n\n\n<p><\/p>\n\n\n\n<div class=\"wp-block-image\"><figure class=\"aligncenter size-large\"><img loading=\"lazy\" decoding=\"async\" width=\"900\" height=\"900\" src=\"https:\/\/womenhouse.cz\/wp-content\/uploads\/2021\/03\/GARNIER_CONTENT_SKIN_MASK_18DEC19_PACK_MASK_Ampoule_PineApple_Front.jpg\" alt=\"\" class=\"wp-image-5026\" srcset=\"https:\/\/womenhouse.cz\/wp-content\/uploads\/2021\/03\/GARNIER_CONTENT_SKIN_MASK_18DEC19_PACK_MASK_Ampoule_PineApple_Front.jpg 900w, https:\/\/womenhouse.cz\/wp-content\/uploads\/2021\/03\/GARNIER_CONTENT_SKIN_MASK_18DEC19_PACK_MASK_Ampoule_PineApple_Front-300x300.jpg 300w, https:\/\/womenhouse.cz\/wp-content\/uploads\/2021\/03\/GARNIER_CONTENT_SKIN_MASK_18DEC19_PACK_MASK_Ampoule_PineApple_Front-150x150.jpg 150w, https:\/\/womenhouse.cz\/wp-content\/uploads\/2021\/03\/GARNIER_CONTENT_SKIN_MASK_18DEC19_PACK_MASK_Ampoule_PineApple_Front-768x768.jpg 768w\" sizes=\"(max-width: 900px) 100vw, 900px\" \/><\/figure><\/div>\n\n\n\n<p><strong>Textiln\u00ed maska s obsahem kyseliny hyaluronov\u00e9 a extraktem z vodn\u00edho melounu \u2013 pro hydrataci a vypln\u011bn\u00ed<\/strong><\/p>\n\n\n\n<p>Dop\u0159ejte sv\u00e9 pleti po\u0159\u00e1dnou d\u00e1vku hydratace, vypln\u011bn\u00ed a pocit sv\u011b\u017eesti, kter\u00e9 se v\u00e1m budou hodit nejen p\u0159ed rann\u00ed sch\u016fzkou. Nov\u00e1 <strong>textiln\u00ed maska se s\u00edlou ampule obsahuje 1 % kyseliny hyaluronov\u00e9<\/strong>, kter\u00e1 je zn\u00e1m\u00e1 t\u00edm, \u017ee na sebe v\u00e1\u017ee a\u017e 1000x v\u00edce vody, ne\u017e sama v\u00e1\u017e\u00ed, <strong>a extrakt z&nbsp;vodn\u00edho melounu<\/strong>. Ji\u017e za 5 minut<a href=\"#sdendnote2sym\"><sup>ii<\/sup><\/a> bude va\u0161e <strong>ple\u0165 vypnut\u00e1, viditeln\u011b vyhlazen\u00e1 a revitalizovan\u00e1<\/strong>. Hod\u00ed se pro ple\u0165, kter\u00e1 je unaven\u00e1 \u010di ochabl\u00e1, ocen\u00edte ji i r\u00e1no p\u0159ed povinnostmi cel\u00e9ho dne \u010di p\u0159i sez\u00f3nn\u00edch zm\u011bn\u00e1ch.<\/p>\n\n\n\n<div class=\"wp-block-image\"><figure class=\"aligncenter size-large\"><img loading=\"lazy\" decoding=\"async\" width=\"900\" height=\"900\" src=\"https:\/\/womenhouse.cz\/wp-content\/uploads\/2021\/03\/GARNIER_CONTENT_SKIN_MASK_18DEC19_PACK_MASK_Ampoule_WaterMelon_Front.jpg\" alt=\"\" class=\"wp-image-5027\" srcset=\"https:\/\/womenhouse.cz\/wp-content\/uploads\/2021\/03\/GARNIER_CONTENT_SKIN_MASK_18DEC19_PACK_MASK_Ampoule_WaterMelon_Front.jpg 900w, https:\/\/womenhouse.cz\/wp-content\/uploads\/2021\/03\/GARNIER_CONTENT_SKIN_MASK_18DEC19_PACK_MASK_Ampoule_WaterMelon_Front-300x300.jpg 300w, https:\/\/womenhouse.cz\/wp-content\/uploads\/2021\/03\/GARNIER_CONTENT_SKIN_MASK_18DEC19_PACK_MASK_Ampoule_WaterMelon_Front-150x150.jpg 150w, https:\/\/womenhouse.cz\/wp-content\/uploads\/2021\/03\/GARNIER_CONTENT_SKIN_MASK_18DEC19_PACK_MASK_Ampoule_WaterMelon_Front-768x768.jpg 768w\" sizes=\"(max-width: 900px) 100vw, 900px\" \/><\/figure><\/div>\n\n\n\n<p><strong>Textiln\u00ed maska s&nbsp;obsahem niacinamidu a extraktem z&nbsp;kapusty \u2013 detox pro zne\u010di\u0161t\u011bnou ple\u0165<\/strong><\/p>\n\n\n\n<p>Nov\u00e1 <strong>textiln\u00ed maska se s\u00edlou ampule obsahuj\u00edc\u00ed extrakt z&nbsp;kapusty a niacinamid<\/strong> p\u0159isp\u00edv\u00e1 ke zdrav\u011b vypadaj\u00edc\u00ed poko\u017ece. Ji\u017e za 5 minut<a href=\"#sdendnote3sym\"><sup>iii<\/sup><\/a> se ple\u0165 zd\u00e1 b\u00fdt <strong>m\u00e9n\u011b leskl\u00e1, je viditeln\u011b vy\u010di\u0161t\u011bna a \u010dist\u011b a zdrav\u011b z\u00e1\u0159\u00ed<\/strong>. Kdy po t\u00e9to masce s\u00e1hnout? Ide\u00e1ln\u011b den po konzumaci nezdrav\u00e9ho j\u00eddla, maska se v\u00e1m bude hodit i v&nbsp;p\u0159\u00edpad\u011b zne\u010di\u0161t\u011bn\u00e9 pleti a p\u0159i sez\u00f3nn\u00edch zm\u011bn\u00e1ch, kter\u00e9 se na vzhledu pleti podepisuj\u00ed.<\/p>\n\n\n\n<div class=\"wp-block-image\"><figure class=\"aligncenter size-large\"><img loading=\"lazy\" decoding=\"async\" width=\"900\" height=\"900\" src=\"https:\/\/womenhouse.cz\/wp-content\/uploads\/2021\/03\/GARNIER_CONTENT_SKIN_MASK_18DEC19_PACK_MASK_Ampoule_Kale_Front.jpg\" alt=\"\" class=\"wp-image-5028\" srcset=\"https:\/\/womenhouse.cz\/wp-content\/uploads\/2021\/03\/GARNIER_CONTENT_SKIN_MASK_18DEC19_PACK_MASK_Ampoule_Kale_Front.jpg 900w, https:\/\/womenhouse.cz\/wp-content\/uploads\/2021\/03\/GARNIER_CONTENT_SKIN_MASK_18DEC19_PACK_MASK_Ampoule_Kale_Front-300x300.jpg 300w, https:\/\/womenhouse.cz\/wp-content\/uploads\/2021\/03\/GARNIER_CONTENT_SKIN_MASK_18DEC19_PACK_MASK_Ampoule_Kale_Front-150x150.jpg 150w, https:\/\/womenhouse.cz\/wp-content\/uploads\/2021\/03\/GARNIER_CONTENT_SKIN_MASK_18DEC19_PACK_MASK_Ampoule_Kale_Front-768x768.jpg 768w\" sizes=\"(max-width: 900px) 100vw, 900px\" \/><\/figure><\/div>\n\n\n\n<h4 class=\"wp-block-heading\"><strong>Jak se textiln\u00ed masky se s\u00edlou ampule pou\u017e\u00edvaj\u00ed?<\/strong><\/h4>\n\n\n\n<p>Je to velmi jednoduch\u00e9, masku nejprve <strong>rozlo\u017ete a p\u0159izp\u016fsobte ji kontur\u00e1m va\u0161\u00ed tv\u00e1\u0159e<\/strong>. Nechte <strong>p\u016fsobit 5 minut<\/strong> a n\u00e1sledn\u011b odstra\u0148te. Nevst\u0159eban\u00fd zbytek m\u016f\u017eete <strong>vmas\u00edrovat do poko\u017eky nebo set\u0159\u00edt vatov\u00fdm tamponem<\/strong>. V&nbsp;p\u0159\u00edpad\u011b masky s&nbsp;kyselinou hyaluronovou se v\u00e1m d\u00edky vysok\u00e9 koncentraci t\u00e9to l\u00e1tky m\u016f\u017ee zd\u00e1t, \u017ee je poko\u017eka na dotek lepiv\u00e1 \u2013 nebojte se tedy p\u0159ebyte\u010dn\u00fd zbytek d\u016fkladn\u011b set\u0159\u00edt. Hotovo!<\/p>\n\n\n\n<p><strong>Datum uveden\u00ed:<\/strong> b\u0159ezen 2021<\/p>\n\n\n\n<h4 class=\"wp-block-heading\"><strong>Doporu\u010den\u00e1 prodejn\u00ed cena:<\/strong><\/h4>\n\n\n\n<p>Garnier Ampule textiln\u00ed maska Niacinamide 15 g &#8211; 79,90 K\u010d<br>Garnier Ampule textiln\u00ed maska Vitamin C 15 g7  &#8211; 79,90 K\u010d <br>Garnier Ampule textiln\u00ed maska Hyaluron 15 g  &#8211; 79,90 K\u010d<\/p>\n\n\n\n<div style=\"height:12px\" aria-hidden=\"true\" class=\"wp-block-spacer\"><\/div>\n\n\n\n<p><\/p>\n","protected":false},"excerpt":{"rendered":"<p>Fanou\u0161ci textiln\u00edch masek, zbyst\u0159ete! Garnier uv\u00e1d\u00ed nov\u00e9 textiln\u00ed masky se s\u00edlou ampul\u00ed, jejich\u017e v\u00fdsledek je d\u00edky vysok\u00e9 koncentraci \u00fa\u010dinn\u00fdch l\u00e1tek viditeln\u00fd u\u017e za 5 minut. Jsou tedy ide\u00e1ln\u00ed pro rann\u00ed beauty rutinu, ve kter\u00e9 nechcete ztratit ani minutu nav\u00edc. T\u0159i varianty pro t\u0159i r\u016fzn\u00e9 pot\u0159eby va\u0161\u00ed pleti \u2013 najd\u011bte si tu svou mezi textiln\u00ed maskou [&hellip;]<\/p>\n","protected":false},"author":6,"featured_media":5029,"comment_status":"closed","ping_status":"closed","sticky":false,"template":"","format":"standard","meta":{"_mi_skip_tracking":false,"_monsterinsights_sitenote_active":false,"_monsterinsights_sitenote_note":"","_monsterinsights_sitenote_category":0,"footnotes":""},"categories":[9,2,12],"tags":[],"yoast_head":"<!-- This site is optimized with the Yoast SEO plugin v21.5 - https:\/\/yoast.com\/wordpress\/plugins\/seo\/ -->\n<title>Garnier p\u0159edstavuje s\u00edlu ampul\u00ed v\u00a0textiln\u00ed masce - WOMENHOUSE.cz<\/title>\n<meta name=\"robots\" content=\"index, follow, max-snippet:-1, max-image-preview:large, max-video-preview:-1\" \/>\n<link rel=\"canonical\" href=\"https:\/\/womenhouse.cz\/index.php\/2021\/03\/22\/garnier-predstavuje-silu-ampuli-v-textilni-masce\/\" \/>\n<meta property=\"og:locale\" content=\"cs_CZ\" \/>\n<meta property=\"og:type\" content=\"article\" \/>\n<meta property=\"og:title\" content=\"Garnier p\u0159edstavuje s\u00edlu ampul\u00ed v\u00a0textiln\u00ed masce - WOMENHOUSE.cz\" \/>\n<meta property=\"og:description\" content=\"Fanou\u0161ci textiln\u00edch masek, zbyst\u0159ete! Garnier uv\u00e1d\u00ed nov\u00e9 textiln\u00ed masky se s\u00edlou ampul\u00ed, jejich\u017e v\u00fdsledek je d\u00edky vysok\u00e9 koncentraci \u00fa\u010dinn\u00fdch l\u00e1tek viditeln\u00fd u\u017e za 5 minut. Jsou tedy ide\u00e1ln\u00ed pro rann\u00ed beauty rutinu, ve kter\u00e9 nechcete ztratit ani minutu nav\u00edc. T\u0159i varianty pro t\u0159i r\u016fzn\u00e9 pot\u0159eby va\u0161\u00ed pleti \u2013 najd\u011bte si tu svou mezi textiln\u00ed maskou [&hellip;]\" \/>\n<meta property=\"og:url\" content=\"https:\/\/womenhouse.cz\/index.php\/2021\/03\/22\/garnier-predstavuje-silu-ampuli-v-textilni-masce\/\" \/>\n<meta property=\"og:site_name\" content=\"WOMENHOUSE.cz\" \/>\n<meta property=\"article:publisher\" content=\"https:\/\/www.facebook.com\/womenhousecz\" \/>\n<meta property=\"article:published_time\" content=\"2021-03-22T02:11:00+00:00\" \/>\n<meta property=\"article:modified_time\" content=\"2021-05-24T00:33:18+00:00\" \/>\n<meta property=\"og:image\" content=\"https:\/\/womenhouse.cz\/wp-content\/uploads\/2021\/03\/GARNIER_TTL.jpg\" \/>\n\t<meta property=\"og:image:width\" content=\"1600\" \/>\n\t<meta property=\"og:image:height\" content=\"1017\" \/>\n\t<meta property=\"og:image:type\" content=\"image\/jpeg\" \/>\n<meta name=\"author\" content=\"Petra Kub\u00edkov\u00e1\" \/>\n<meta name=\"twitter:card\" content=\"summary_large_image\" \/>\n<meta name=\"twitter:label1\" content=\"Napsal(a)\" \/>\n\t<meta name=\"twitter:data1\" content=\"Petra Kub\u00edkov\u00e1\" \/>\n\t<meta name=\"twitter:label2\" content=\"Odhadovan\u00e1 doba \u010dten\u00ed\" \/>\n\t<meta name=\"twitter:data2\" content=\"3 minuty\" \/>\n<script type=\"application\/ld+json\" class=\"yoast-schema-graph\">{\"@context\":\"https:\/\/schema.org\",\"@graph\":[{\"@type\":\"Article\",\"@id\":\"https:\/\/womenhouse.cz\/index.php\/2021\/03\/22\/garnier-predstavuje-silu-ampuli-v-textilni-masce\/#article\",\"isPartOf\":{\"@id\":\"https:\/\/womenhouse.cz\/index.php\/2021\/03\/22\/garnier-predstavuje-silu-ampuli-v-textilni-masce\/\"},\"author\":{\"name\":\"Petra Kub\u00edkov\u00e1\",\"@id\":\"https:\/\/womenhouse.cz\/#\/schema\/person\/4a1fde0be3f0c5dd5006ba6dc68c7656\"},\"headline\":\"Garnier p\u0159edstavuje s\u00edlu ampul\u00ed v\u00a0textiln\u00ed masce\",\"datePublished\":\"2021-03-22T02:11:00+00:00\",\"dateModified\":\"2021-05-24T00:33:18+00:00\",\"mainEntityOfPage\":{\"@id\":\"https:\/\/womenhouse.cz\/index.php\/2021\/03\/22\/garnier-predstavuje-silu-ampuli-v-textilni-masce\/\"},\"wordCount\":589,\"publisher\":{\"@id\":\"https:\/\/womenhouse.cz\/#organization\"},\"articleSection\":[\"KOSMETIKA\",\"NEWS\",\"TIPY &amp; TRENDY\"],\"inLanguage\":\"cs\"},{\"@type\":\"WebPage\",\"@id\":\"https:\/\/womenhouse.cz\/index.php\/2021\/03\/22\/garnier-predstavuje-silu-ampuli-v-textilni-masce\/\",\"url\":\"https:\/\/womenhouse.cz\/index.php\/2021\/03\/22\/garnier-predstavuje-silu-ampuli-v-textilni-masce\/\",\"name\":\"Garnier p\u0159edstavuje s\u00edlu ampul\u00ed v\u00a0textiln\u00ed masce - WOMENHOUSE.cz\",\"isPartOf\":{\"@id\":\"https:\/\/womenhouse.cz\/#website\"},\"datePublished\":\"2021-03-22T02:11:00+00:00\",\"dateModified\":\"2021-05-24T00:33:18+00:00\",\"breadcrumb\":{\"@id\":\"https:\/\/womenhouse.cz\/index.php\/2021\/03\/22\/garnier-predstavuje-silu-ampuli-v-textilni-masce\/#breadcrumb\"},\"inLanguage\":\"cs\",\"potentialAction\":[{\"@type\":\"ReadAction\",\"target\":[\"https:\/\/womenhouse.cz\/index.php\/2021\/03\/22\/garnier-predstavuje-silu-ampuli-v-textilni-masce\/\"]}]},{\"@type\":\"BreadcrumbList\",\"@id\":\"https:\/\/womenhouse.cz\/index.php\/2021\/03\/22\/garnier-predstavuje-silu-ampuli-v-textilni-masce\/#breadcrumb\",\"itemListElement\":[{\"@type\":\"ListItem\",\"position\":1,\"name\":\"Dom\u016f\",\"item\":\"https:\/\/womenhouse.cz\/\"},{\"@type\":\"ListItem\",\"position\":2,\"name\":\"Garnier p\u0159edstavuje s\u00edlu ampul\u00ed v\u00a0textiln\u00ed masce\"}]},{\"@type\":\"WebSite\",\"@id\":\"https:\/\/womenhouse.cz\/#website\",\"url\":\"https:\/\/womenhouse.cz\/\",\"name\":\"WOMENHOUSE.cz\",\"description\":\"Port\u00e1l v\u00fdhradn\u011b jen pro \u017eeny...\",\"publisher\":{\"@id\":\"https:\/\/womenhouse.cz\/#organization\"},\"potentialAction\":[{\"@type\":\"SearchAction\",\"target\":{\"@type\":\"EntryPoint\",\"urlTemplate\":\"https:\/\/womenhouse.cz\/?s={search_term_string}\"},\"query-input\":\"required name=search_term_string\"}],\"inLanguage\":\"cs\"},{\"@type\":\"Organization\",\"@id\":\"https:\/\/womenhouse.cz\/#organization\",\"name\":\"WOMENHOUSE.cz\",\"url\":\"https:\/\/womenhouse.cz\/\",\"logo\":{\"@type\":\"ImageObject\",\"inLanguage\":\"cs\",\"@id\":\"https:\/\/womenhouse.cz\/#\/schema\/logo\/image\/\",\"url\":\"https:\/\/womenhouse.cz\/wp-content\/uploads\/2020\/06\/cropped-logo_Womenhouse_RGB-02-removebg-preview-1.png\",\"contentUrl\":\"https:\/\/womenhouse.cz\/wp-content\/uploads\/2020\/06\/cropped-logo_Womenhouse_RGB-02-removebg-preview-1.png\",\"width\":561,\"height\":375,\"caption\":\"WOMENHOUSE.cz\"},\"image\":{\"@id\":\"https:\/\/womenhouse.cz\/#\/schema\/logo\/image\/\"},\"sameAs\":[\"https:\/\/www.facebook.com\/womenhousecz\",\"https:\/\/www.instagram.com\/womenhousecz\/\"]},{\"@type\":\"Person\",\"@id\":\"https:\/\/womenhouse.cz\/#\/schema\/person\/4a1fde0be3f0c5dd5006ba6dc68c7656\",\"name\":\"Petra Kub\u00edkov\u00e1\",\"sameAs\":[\"http:\/\/WOMENHOUSE.cz\"],\"url\":\"https:\/\/womenhouse.cz\/index.php\/author\/kubip\/\"}]}<\/script>\n<!-- \/ Yoast SEO plugin. -->","yoast_head_json":{"title":"Garnier p\u0159edstavuje s\u00edlu ampul\u00ed v\u00a0textiln\u00ed masce - WOMENHOUSE.cz","robots":{"index":"index","follow":"follow","max-snippet":"max-snippet:-1","max-image-preview":"max-image-preview:large","max-video-preview":"max-video-preview:-1"},"canonical":"https:\/\/womenhouse.cz\/index.php\/2021\/03\/22\/garnier-predstavuje-silu-ampuli-v-textilni-masce\/","og_locale":"cs_CZ","og_type":"article","og_title":"Garnier p\u0159edstavuje s\u00edlu ampul\u00ed v\u00a0textiln\u00ed masce - WOMENHOUSE.cz","og_description":"Fanou\u0161ci textiln\u00edch masek, zbyst\u0159ete! Garnier uv\u00e1d\u00ed nov\u00e9 textiln\u00ed masky se s\u00edlou ampul\u00ed, jejich\u017e v\u00fdsledek je d\u00edky vysok\u00e9 koncentraci \u00fa\u010dinn\u00fdch l\u00e1tek viditeln\u00fd u\u017e za 5 minut. Jsou tedy ide\u00e1ln\u00ed pro rann\u00ed beauty rutinu, ve kter\u00e9 nechcete ztratit ani minutu nav\u00edc. T\u0159i varianty pro t\u0159i r\u016fzn\u00e9 pot\u0159eby va\u0161\u00ed pleti \u2013 najd\u011bte si tu svou mezi textiln\u00ed maskou [&hellip;]","og_url":"https:\/\/womenhouse.cz\/index.php\/2021\/03\/22\/garnier-predstavuje-silu-ampuli-v-textilni-masce\/","og_site_name":"WOMENHOUSE.cz","article_publisher":"https:\/\/www.facebook.com\/womenhousecz","article_published_time":"2021-03-22T02:11:00+00:00","article_modified_time":"2021-05-24T00:33:18+00:00","og_image":[{"width":1600,"height":1017,"url":"https:\/\/womenhouse.cz\/wp-content\/uploads\/2021\/03\/GARNIER_TTL.jpg","type":"image\/jpeg"}],"author":"Petra Kub\u00edkov\u00e1","twitter_card":"summary_large_image","twitter_misc":{"Napsal(a)":"Petra Kub\u00edkov\u00e1","Odhadovan\u00e1 doba \u010dten\u00ed":"3 minuty"},"schema":{"@context":"https:\/\/schema.org","@graph":[{"@type":"Article","@id":"https:\/\/womenhouse.cz\/index.php\/2021\/03\/22\/garnier-predstavuje-silu-ampuli-v-textilni-masce\/#article","isPartOf":{"@id":"https:\/\/womenhouse.cz\/index.php\/2021\/03\/22\/garnier-predstavuje-silu-ampuli-v-textilni-masce\/"},"author":{"name":"Petra Kub\u00edkov\u00e1","@id":"https:\/\/womenhouse.cz\/#\/schema\/person\/4a1fde0be3f0c5dd5006ba6dc68c7656"},"headline":"Garnier p\u0159edstavuje s\u00edlu ampul\u00ed v\u00a0textiln\u00ed masce","datePublished":"2021-03-22T02:11:00+00:00","dateModified":"2021-05-24T00:33:18+00:00","mainEntityOfPage":{"@id":"https:\/\/womenhouse.cz\/index.php\/2021\/03\/22\/garnier-predstavuje-silu-ampuli-v-textilni-masce\/"},"wordCount":589,"publisher":{"@id":"https:\/\/womenhouse.cz\/#organization"},"articleSection":["KOSMETIKA","NEWS","TIPY &amp; TRENDY"],"inLanguage":"cs"},{"@type":"WebPage","@id":"https:\/\/womenhouse.cz\/index.php\/2021\/03\/22\/garnier-predstavuje-silu-ampuli-v-textilni-masce\/","url":"https:\/\/womenhouse.cz\/index.php\/2021\/03\/22\/garnier-predstavuje-silu-ampuli-v-textilni-masce\/","name":"Garnier p\u0159edstavuje s\u00edlu ampul\u00ed v\u00a0textiln\u00ed masce - WOMENHOUSE.cz","isPartOf":{"@id":"https:\/\/womenhouse.cz\/#website"},"datePublished":"2021-03-22T02:11:00+00:00","dateModified":"2021-05-24T00:33:18+00:00","breadcrumb":{"@id":"https:\/\/womenhouse.cz\/index.php\/2021\/03\/22\/garnier-predstavuje-silu-ampuli-v-textilni-masce\/#breadcrumb"},"inLanguage":"cs","potentialAction":[{"@type":"ReadAction","target":["https:\/\/womenhouse.cz\/index.php\/2021\/03\/22\/garnier-predstavuje-silu-ampuli-v-textilni-masce\/"]}]},{"@type":"BreadcrumbList","@id":"https:\/\/womenhouse.cz\/index.php\/2021\/03\/22\/garnier-predstavuje-silu-ampuli-v-textilni-masce\/#breadcrumb","itemListElement":[{"@type":"ListItem","position":1,"name":"Dom\u016f","item":"https:\/\/womenhouse.cz\/"},{"@type":"ListItem","position":2,"name":"Garnier p\u0159edstavuje s\u00edlu ampul\u00ed v\u00a0textiln\u00ed masce"}]},{"@type":"WebSite","@id":"https:\/\/womenhouse.cz\/#website","url":"https:\/\/womenhouse.cz\/","name":"WOMENHOUSE.cz","description":"Port\u00e1l v\u00fdhradn\u011b jen pro \u017eeny...","publisher":{"@id":"https:\/\/womenhouse.cz\/#organization"},"potentialAction":[{"@type":"SearchAction","target":{"@type":"EntryPoint","urlTemplate":"https:\/\/womenhouse.cz\/?s={search_term_string}"},"query-input":"required name=search_term_string"}],"inLanguage":"cs"},{"@type":"Organization","@id":"https:\/\/womenhouse.cz\/#organization","name":"WOMENHOUSE.cz","url":"https:\/\/womenhouse.cz\/","logo":{"@type":"ImageObject","inLanguage":"cs","@id":"https:\/\/womenhouse.cz\/#\/schema\/logo\/image\/","url":"https:\/\/womenhouse.cz\/wp-content\/uploads\/2020\/06\/cropped-logo_Womenhouse_RGB-02-removebg-preview-1.png","contentUrl":"https:\/\/womenhouse.cz\/wp-content\/uploads\/2020\/06\/cropped-logo_Womenhouse_RGB-02-removebg-preview-1.png","width":561,"height":375,"caption":"WOMENHOUSE.cz"},"image":{"@id":"https:\/\/womenhouse.cz\/#\/schema\/logo\/image\/"},"sameAs":["https:\/\/www.facebook.com\/womenhousecz","https:\/\/www.instagram.com\/womenhousecz\/"]},{"@type":"Person","@id":"https:\/\/womenhouse.cz\/#\/schema\/person\/4a1fde0be3f0c5dd5006ba6dc68c7656","name":"Petra Kub\u00edkov\u00e1","sameAs":["http:\/\/WOMENHOUSE.cz"],"url":"https:\/\/womenhouse.cz\/index.php\/author\/kubip\/"}]}},"_links":{"self":[{"href":"https:\/\/womenhouse.cz\/index.php\/wp-json\/wp\/v2\/posts\/5022"}],"collection":[{"href":"https:\/\/womenhouse.cz\/index.php\/wp-json\/wp\/v2\/posts"}],"about":[{"href":"https:\/\/womenhouse.cz\/index.php\/wp-json\/wp\/v2\/types\/post"}],"author":[{"embeddable":true,"href":"https:\/\/womenhouse.cz\/index.php\/wp-json\/wp\/v2\/users\/6"}],"replies":[{"embeddable":true,"href":"https:\/\/womenhouse.cz\/index.php\/wp-json\/wp\/v2\/comments?post=5022"}],"version-history":[{"count":-2,"href":"https:\/\/womenhouse.cz\/index.php\/wp-json\/wp\/v2\/posts\/5022\/revisions"}],"wp:featuredmedia":[{"embeddable":true,"href":"https:\/\/womenhouse.cz\/index.php\/wp-json\/wp\/v2\/media\/5029"}],"wp:attachment":[{"href":"https:\/\/womenhouse.cz\/index.php\/wp-json\/wp\/v2\/media?parent=5022"}],"wp:term":[{"taxonomy":"category","embeddable":true,"href":"https:\/\/womenhouse.cz\/index.php\/wp-json\/wp\/v2\/categories?post=5022"},{"taxonomy":"post_tag","embeddable":true,"href":"https:\/\/womenhouse.cz\/index.php\/wp-json\/wp\/v2\/tags?post=5022"}],"curies":[{"name":"wp","href":"https:\/\/api.w.org\/{rel}","templated":true}]}}