{"id":5010,"date":"2021-03-19T18:34:32","date_gmt":"2021-03-19T17:34:32","guid":{"rendered":"https:\/\/womenhouse.cz\/?p=5010"},"modified":"2021-05-23T03:14:26","modified_gmt":"2021-05-23T01:14:26","slug":"nebojte-se-vystoupit-z-komfortni-zony-radi-zenam-vitezka-souteze-podnikava-zena-veronika-svecova","status":"publish","type":"post","link":"https:\/\/womenhouse.cz\/index.php\/2021\/03\/19\/nebojte-se-vystoupit-z-komfortni-zony-radi-zenam-vitezka-souteze-podnikava-zena-veronika-svecova\/","title":{"rendered":"Nebojte se vystoupit z\u00a0komfortn\u00ed z\u00f3ny, rad\u00ed \u017een\u00e1m v\u00edt\u011bzka sout\u011b\u017ee Podnikav\u00e1 \u017eena Veronika \u0160vecov\u00e1"},"content":{"rendered":"\n<p><strong>Projekt Podnikav\u00e1 \u017eena, jeho\u017e c\u00edlem je finan\u010dn\u011b podpo\u0159it \u017eeny v podnik\u00e1n\u00ed, zviditelnit jejich schopnosti a p\u0159\u00edpadn\u011b jim tak\u00e9 poskytnout pot\u0159ebn\u00e9 poradenstv\u00ed, po\u0159\u00e1d\u00e1 ji\u017e od roku 2014 spole\u010dnost \u017deny s.r.o. ve spolupr\u00e1ci s AMSP \u010cR. V \u0161est\u00e9m ro\u010dn\u00edku projektu s\u00a0podporou bal\u00edkov\u00e9ho p\u0159epravce GLS vznikla speci\u00e1ln\u00ed kategorie e\u017dena pro \u017eeny podnikaj\u00edc\u00ed v\u00a0e-commerce. Na z\u00e1klad\u011b ve\u0159ejn\u00e9ho hlasov\u00e1n\u00ed byly vybr\u00e1ny t\u0159i nejlep\u0161\u00ed podnikatelsk\u00e9 p\u0159\u00edb\u011bhy, jejich\u017e majitelky obdr\u017eely poukaz v hodnot\u011b 15 tis\u00edc K\u010d na slu\u017ebu e-Bal\u00edk Profi, kter\u00e1 umo\u017e\u0148uje platby pomoc\u00ed kredit\u016f, a na p\u0159eprav\u011b tak jde v\u00fdrazn\u011b u\u0161et\u0159it.<\/strong><\/p>\n\n\n\n<div class=\"wp-block-image\"><figure class=\"aligncenter size-large\"><img loading=\"lazy\" decoding=\"async\" width=\"682\" height=\"1024\" src=\"https:\/\/womenhouse.cz\/wp-content\/uploads\/2021\/03\/eZena-Veronika-Svecova-2-682x1024.png\" alt=\"\" class=\"wp-image-5011\" srcset=\"https:\/\/womenhouse.cz\/wp-content\/uploads\/2021\/03\/eZena-Veronika-Svecova-2-682x1024.png 682w, https:\/\/womenhouse.cz\/wp-content\/uploads\/2021\/03\/eZena-Veronika-Svecova-2-200x300.png 200w, https:\/\/womenhouse.cz\/wp-content\/uploads\/2021\/03\/eZena-Veronika-Svecova-2-768x1152.png 768w, https:\/\/womenhouse.cz\/wp-content\/uploads\/2021\/03\/eZena-Veronika-Svecova-2.png 853w\" sizes=\"(max-width: 682px) 100vw, 682px\" \/><\/figure><\/div>\n\n\n\n<h4 class=\"wp-block-heading\"><strong>e\u017dena roku 2020 nab\u00edz\u00ed \u0161etrnou a recyklovanou vlnu a p\u0159\u00edze<\/strong><\/h4>\n\n\n\n<p>Veronika \u0160vecov\u00e1, b\u00fdval\u00e1 u\u010ditelka prvn\u00edho stupn\u011b z\u00e1kladn\u00ed \u0161koly, za\u010dala podnikat v roce 2009 po narozen\u00ed dcerky. Vyr\u00e1b\u011bn\u00ed h\u00e1\u010dkovan\u00fdch a pleten\u00fdch dopl\u0148k\u016f pro d\u00edt\u011b ji chytlo natolik, \u017ee v\u011bci, kter\u00e9 tvo\u0159ila by jej\u00ed dcera neunosila, a za\u010dala je tedy nab\u00edzet na internetu. Od t\u00e9 doby provozuje e-shop <a href=\"http:\/\/ganella.cz\/\">ganella.cz<\/a>, kde krom\u011b dopl\u0148k\u016f prod\u00e1v\u00e1 vlnu a p\u0159\u00edze z p\u0159\u00edrodn\u00edch materi\u00e1l\u016f, kter\u00e9 jsou \u0161etrn\u00e9 k \u017eivotn\u00edmu prost\u0159ed\u00ed i recyklovan\u00e9. Sv\u00fdm z\u00e1kazn\u00edk\u016fm tak\u00e9 rad\u00ed s v\u00fdb\u011brem vhodn\u00fdch materi\u00e1l\u016f a pom\u00e1h\u00e1 s n\u00e1vody na pleten\u00ed a h\u00e1\u010dkov\u00e1n\u00ed.<\/p>\n\n\n\n<h4 class=\"wp-block-heading\"><strong>Pro\u010d jste se p\u0159ihl\u00e1sila do sout\u011b\u017ee Podnikav\u00e1 \u017eena roku?<\/strong><\/h4>\n\n\n\n<p>R\u00e1da zkou\u0161\u00edm nov\u00e9 v\u011bci a z\u00fa\u010dastnit se t\u00e9to sout\u011b\u017ee pro m\u011b bylo v\u00fdzvou.<\/p>\n\n\n\n<h4 class=\"wp-block-heading\"><strong>Co pro V\u00e1s znamen\u00e1 ocen\u011bn\u00ed v&nbsp;kategorii e\u017d<\/strong><strong>ena?<\/strong><\/h4>\n\n\n\n<p>Znamen\u00e1 pro m\u011b moc. Hlasov\u00e1n\u00ed prob\u00edhalo ze strany ve\u0159ejnosti. Hlasy pos\u00edlala rodina, p\u0159\u00e1tel\u00e9, zn\u00e1m\u00ed, ale hlavn\u011b z\u00e1kaznice a z\u00e1kazn\u00edci. Je to pro m\u011b b\u00e1je\u010dn\u00e1 zp\u011btn\u00e1 vazba a potvrzen\u00ed toho, \u017ee podnik\u00e1m spr\u00e1vn\u011b. Zakl\u00e1d\u00e1m si na mnoha v\u011bcech a jednou z&nbsp;nich je komunikace se z\u00e1kazn\u00edky. Touto cestou mi to bylo kr\u00e1sn\u00fdm zp\u016fsobem vr\u00e1ceno.<\/p>\n\n\n\n<h4 class=\"wp-block-heading\"><strong>Jak V\u00e1m v\u00fdhra od GLS pom\u016f\u017ee v&nbsp;podnik\u00e1n\u00ed<\/strong><strong>?<\/strong><\/h4>\n\n\n\n<p>Na roz\u0161i\u0159ov\u00e1n\u00ed a zdokonalov\u00e1n\u00ed na\u0161eho e-shopu neust\u00e1le pracujeme. Na\u0161im z\u00e1kazn\u00edk\u016fm se sna\u017e\u00edme nab\u00edzet novinky a komfort p\u0159i nakupov\u00e1n\u00ed. P\u0159id\u00e1n\u00edm dal\u0161\u00edho dopravce si z\u00e1kazn\u00edci budou moci vybrat a zvolit si toho, kdo jim nejv\u00edce vyhovuje. M\u00edt na v\u00fdb\u011br je v\u017edy lep\u0161\u00ed. Slu\u017eeb GLS vyu\u017e\u00edv\u00e1me co by p\u0159\u00edjemci z\u00e1silek od dodavatel\u016f. Moc r\u00e1di si vyzkou\u0161\u00edme i druhou stranu \u2013 jejich odes\u00edl\u00e1n\u00ed.<\/p>\n\n\n\n<h4 class=\"wp-block-heading\"><strong>Co byste poradila ostatn\u00edm \u017een\u00e1m, kter\u00e9 cht\u011bj\u00ed podnikat?<\/strong><\/h4>\n\n\n\n<p>Co bych poradila? Pokud mohu radit, tak se neb\u00e1t s\u00a0podnik\u00e1n\u00edm za\u010d\u00edt. To bylo pro m\u011b nejt\u011b\u017e\u0161\u00ed a st\u00e1lo m\u011b to hodn\u011b bezesn\u00fdch noc\u00ed. Opustit pozici zam\u011bstnance na pln\u00fd \u00favazek. Vystoupit z\u00a0komfortn\u00ed z\u00f3ny, kdy v\u00e1m \u00fakoly a n\u00e1pl\u0148 pr\u00e1ce ur\u010duje n\u011bkdo jin\u00fd a ka\u017ed\u00fd m\u011bs\u00edc doraz\u00ed v\u00fdplata. V\u0161echno m\u00e1 sv\u00e1 pro a proti. Po osmi letech podnik\u00e1n\u00ed v\u00edm, \u017ee to bylo to nejlep\u0161\u00ed, co jsem mohla ud\u011blat.<\/p>\n\n\n\n<figure class=\"wp-block-gallery columns-2 is-cropped wp-block-gallery-1 is-layout-flex wp-block-gallery-is-layout-flex\"><ul class=\"blocks-gallery-grid\"><li class=\"blocks-gallery-item\"><figure><img loading=\"lazy\" decoding=\"async\" width=\"682\" height=\"1024\" src=\"https:\/\/womenhouse.cz\/wp-content\/uploads\/2021\/03\/eZena-Veronika-Svecova-2-682x1024.png\" alt=\"\" data-id=\"5011\" data-full-url=\"https:\/\/womenhouse.cz\/wp-content\/uploads\/2021\/03\/eZena-Veronika-Svecova-2.png\" data-link=\"https:\/\/womenhouse.cz\/?attachment_id=5011\" class=\"wp-image-5011\" srcset=\"https:\/\/womenhouse.cz\/wp-content\/uploads\/2021\/03\/eZena-Veronika-Svecova-2-682x1024.png 682w, https:\/\/womenhouse.cz\/wp-content\/uploads\/2021\/03\/eZena-Veronika-Svecova-2-200x300.png 200w, https:\/\/womenhouse.cz\/wp-content\/uploads\/2021\/03\/eZena-Veronika-Svecova-2-768x1152.png 768w, https:\/\/womenhouse.cz\/wp-content\/uploads\/2021\/03\/eZena-Veronika-Svecova-2.png 853w\" sizes=\"(max-width: 682px) 100vw, 682px\" \/><\/figure><\/li><li class=\"blocks-gallery-item\"><figure><img loading=\"lazy\" decoding=\"async\" width=\"806\" height=\"1024\" src=\"https:\/\/womenhouse.cz\/wp-content\/uploads\/2021\/03\/eZena-Veronika-Svecova-4-806x1024.png\" alt=\"\" data-id=\"5013\" data-full-url=\"https:\/\/womenhouse.cz\/wp-content\/uploads\/2021\/03\/eZena-Veronika-Svecova-4.png\" data-link=\"https:\/\/womenhouse.cz\/?attachment_id=5013\" class=\"wp-image-5013\" srcset=\"https:\/\/womenhouse.cz\/wp-content\/uploads\/2021\/03\/eZena-Veronika-Svecova-4-806x1024.png 806w, https:\/\/womenhouse.cz\/wp-content\/uploads\/2021\/03\/eZena-Veronika-Svecova-4-236x300.png 236w, https:\/\/womenhouse.cz\/wp-content\/uploads\/2021\/03\/eZena-Veronika-Svecova-4-768x975.png 768w, https:\/\/womenhouse.cz\/wp-content\/uploads\/2021\/03\/eZena-Veronika-Svecova-4.png 1008w\" sizes=\"(max-width: 806px) 100vw, 806px\" \/><\/figure><\/li><li class=\"blocks-gallery-item\"><figure><img loading=\"lazy\" decoding=\"async\" width=\"1024\" height=\"802\" src=\"https:\/\/womenhouse.cz\/wp-content\/uploads\/2021\/03\/eZena-Veronika-Svecova-3-1024x802.png\" alt=\"\" data-id=\"5012\" data-full-url=\"https:\/\/womenhouse.cz\/wp-content\/uploads\/2021\/03\/eZena-Veronika-Svecova-3.png\" data-link=\"https:\/\/womenhouse.cz\/?attachment_id=5012\" class=\"wp-image-5012\" srcset=\"https:\/\/womenhouse.cz\/wp-content\/uploads\/2021\/03\/eZena-Veronika-Svecova-3-1024x802.png 1024w, https:\/\/womenhouse.cz\/wp-content\/uploads\/2021\/03\/eZena-Veronika-Svecova-3-300x235.png 300w, https:\/\/womenhouse.cz\/wp-content\/uploads\/2021\/03\/eZena-Veronika-Svecova-3-768x601.png 768w, https:\/\/womenhouse.cz\/wp-content\/uploads\/2021\/03\/eZena-Veronika-Svecova-3.png 1280w\" sizes=\"(max-width: 1024px) 100vw, 1024px\" \/><\/figure><\/li><\/ul><\/figure>\n\n\n\n<div style=\"height:10px\" aria-hidden=\"true\" class=\"wp-block-spacer\"><\/div>\n\n\n\n<div style=\"height:27px\" aria-hidden=\"true\" class=\"wp-block-spacer\"><\/div>\n","protected":false},"excerpt":{"rendered":"<p>Projekt Podnikav\u00e1 \u017eena, jeho\u017e c\u00edlem je finan\u010dn\u011b podpo\u0159it \u017eeny v podnik\u00e1n\u00ed, zviditelnit jejich schopnosti a p\u0159\u00edpadn\u011b jim tak\u00e9 poskytnout pot\u0159ebn\u00e9 poradenstv\u00ed, po\u0159\u00e1d\u00e1 ji\u017e od roku 2014 spole\u010dnost \u017deny s.r.o. ve spolupr\u00e1ci s AMSP \u010cR. V \u0161est\u00e9m ro\u010dn\u00edku projektu s\u00a0podporou bal\u00edkov\u00e9ho p\u0159epravce GLS vznikla speci\u00e1ln\u00ed kategorie e\u017dena pro \u017eeny podnikaj\u00edc\u00ed v\u00a0e-commerce. Na z\u00e1klad\u011b ve\u0159ejn\u00e9ho hlasov\u00e1n\u00ed byly [&hellip;]<\/p>\n","protected":false},"author":6,"featured_media":5011,"comment_status":"closed","ping_status":"closed","sticky":false,"template":"","format":"standard","meta":{"_mi_skip_tracking":false,"_monsterinsights_sitenote_active":false,"_monsterinsights_sitenote_note":"","_monsterinsights_sitenote_category":0,"footnotes":""},"categories":[2,13,17],"tags":[],"yoast_head":"<!-- This site is optimized with the Yoast SEO plugin v21.5 - https:\/\/yoast.com\/wordpress\/plugins\/seo\/ -->\n<title>Nebojte se vystoupit z\u00a0komfortn\u00ed z\u00f3ny, rad\u00ed \u017een\u00e1m v\u00edt\u011bzka sout\u011b\u017ee Podnikav\u00e1 \u017eena Veronika \u0160vecov\u00e1 - WOMENHOUSE.cz<\/title>\n<meta name=\"robots\" content=\"index, follow, max-snippet:-1, max-image-preview:large, max-video-preview:-1\" \/>\n<link rel=\"canonical\" href=\"https:\/\/womenhouse.cz\/index.php\/2021\/03\/19\/nebojte-se-vystoupit-z-komfortni-zony-radi-zenam-vitezka-souteze-podnikava-zena-veronika-svecova\/\" \/>\n<meta property=\"og:locale\" content=\"cs_CZ\" \/>\n<meta property=\"og:type\" content=\"article\" \/>\n<meta property=\"og:title\" content=\"Nebojte se vystoupit z\u00a0komfortn\u00ed z\u00f3ny, rad\u00ed \u017een\u00e1m v\u00edt\u011bzka sout\u011b\u017ee Podnikav\u00e1 \u017eena Veronika \u0160vecov\u00e1 - WOMENHOUSE.cz\" \/>\n<meta property=\"og:description\" content=\"Projekt Podnikav\u00e1 \u017eena, jeho\u017e c\u00edlem je finan\u010dn\u011b podpo\u0159it \u017eeny v podnik\u00e1n\u00ed, zviditelnit jejich schopnosti a p\u0159\u00edpadn\u011b jim tak\u00e9 poskytnout pot\u0159ebn\u00e9 poradenstv\u00ed, po\u0159\u00e1d\u00e1 ji\u017e od roku 2014 spole\u010dnost \u017deny s.r.o. ve spolupr\u00e1ci s AMSP \u010cR. V \u0161est\u00e9m ro\u010dn\u00edku projektu s\u00a0podporou bal\u00edkov\u00e9ho p\u0159epravce GLS vznikla speci\u00e1ln\u00ed kategorie e\u017dena pro \u017eeny podnikaj\u00edc\u00ed v\u00a0e-commerce. Na z\u00e1klad\u011b ve\u0159ejn\u00e9ho hlasov\u00e1n\u00ed byly [&hellip;]\" \/>\n<meta property=\"og:url\" content=\"https:\/\/womenhouse.cz\/index.php\/2021\/03\/19\/nebojte-se-vystoupit-z-komfortni-zony-radi-zenam-vitezka-souteze-podnikava-zena-veronika-svecova\/\" \/>\n<meta property=\"og:site_name\" content=\"WOMENHOUSE.cz\" \/>\n<meta property=\"article:publisher\" content=\"https:\/\/www.facebook.com\/womenhousecz\" \/>\n<meta property=\"article:published_time\" content=\"2021-03-19T17:34:32+00:00\" \/>\n<meta property=\"article:modified_time\" content=\"2021-05-23T01:14:26+00:00\" \/>\n<meta property=\"og:image\" content=\"https:\/\/womenhouse.cz\/wp-content\/uploads\/2021\/03\/eZena-Veronika-Svecova-2.png\" \/>\n\t<meta property=\"og:image:width\" content=\"853\" \/>\n\t<meta property=\"og:image:height\" content=\"1280\" \/>\n\t<meta property=\"og:image:type\" content=\"image\/png\" \/>\n<meta name=\"author\" content=\"Petra Kub\u00edkov\u00e1\" \/>\n<meta name=\"twitter:card\" content=\"summary_large_image\" \/>\n<meta name=\"twitter:label1\" content=\"Napsal(a)\" \/>\n\t<meta name=\"twitter:data1\" content=\"Petra Kub\u00edkov\u00e1\" \/>\n\t<meta name=\"twitter:label2\" content=\"Odhadovan\u00e1 doba \u010dten\u00ed\" \/>\n\t<meta name=\"twitter:data2\" content=\"3 minuty\" \/>\n<script type=\"application\/ld+json\" class=\"yoast-schema-graph\">{\"@context\":\"https:\/\/schema.org\",\"@graph\":[{\"@type\":\"Article\",\"@id\":\"https:\/\/womenhouse.cz\/index.php\/2021\/03\/19\/nebojte-se-vystoupit-z-komfortni-zony-radi-zenam-vitezka-souteze-podnikava-zena-veronika-svecova\/#article\",\"isPartOf\":{\"@id\":\"https:\/\/womenhouse.cz\/index.php\/2021\/03\/19\/nebojte-se-vystoupit-z-komfortni-zony-radi-zenam-vitezka-souteze-podnikava-zena-veronika-svecova\/\"},\"author\":{\"name\":\"Petra Kub\u00edkov\u00e1\",\"@id\":\"https:\/\/womenhouse.cz\/#\/schema\/person\/4a1fde0be3f0c5dd5006ba6dc68c7656\"},\"headline\":\"Nebojte se vystoupit z\u00a0komfortn\u00ed z\u00f3ny, rad\u00ed \u017een\u00e1m v\u00edt\u011bzka sout\u011b\u017ee Podnikav\u00e1 \u017eena Veronika \u0160vecov\u00e1\",\"datePublished\":\"2021-03-19T17:34:32+00:00\",\"dateModified\":\"2021-05-23T01:14:26+00:00\",\"mainEntityOfPage\":{\"@id\":\"https:\/\/womenhouse.cz\/index.php\/2021\/03\/19\/nebojte-se-vystoupit-z-komfortni-zony-radi-zenam-vitezka-souteze-podnikava-zena-veronika-svecova\/\"},\"wordCount\":596,\"publisher\":{\"@id\":\"https:\/\/womenhouse.cz\/#organization\"},\"articleSection\":[\"NEWS\",\"ROZHOVORY\",\"SPOLE\u010cNOST &amp; VZTAHY\"],\"inLanguage\":\"cs\"},{\"@type\":\"WebPage\",\"@id\":\"https:\/\/womenhouse.cz\/index.php\/2021\/03\/19\/nebojte-se-vystoupit-z-komfortni-zony-radi-zenam-vitezka-souteze-podnikava-zena-veronika-svecova\/\",\"url\":\"https:\/\/womenhouse.cz\/index.php\/2021\/03\/19\/nebojte-se-vystoupit-z-komfortni-zony-radi-zenam-vitezka-souteze-podnikava-zena-veronika-svecova\/\",\"name\":\"Nebojte se vystoupit z\u00a0komfortn\u00ed z\u00f3ny, rad\u00ed \u017een\u00e1m v\u00edt\u011bzka sout\u011b\u017ee Podnikav\u00e1 \u017eena Veronika \u0160vecov\u00e1 - WOMENHOUSE.cz\",\"isPartOf\":{\"@id\":\"https:\/\/womenhouse.cz\/#website\"},\"datePublished\":\"2021-03-19T17:34:32+00:00\",\"dateModified\":\"2021-05-23T01:14:26+00:00\",\"breadcrumb\":{\"@id\":\"https:\/\/womenhouse.cz\/index.php\/2021\/03\/19\/nebojte-se-vystoupit-z-komfortni-zony-radi-zenam-vitezka-souteze-podnikava-zena-veronika-svecova\/#breadcrumb\"},\"inLanguage\":\"cs\",\"potentialAction\":[{\"@type\":\"ReadAction\",\"target\":[\"https:\/\/womenhouse.cz\/index.php\/2021\/03\/19\/nebojte-se-vystoupit-z-komfortni-zony-radi-zenam-vitezka-souteze-podnikava-zena-veronika-svecova\/\"]}]},{\"@type\":\"BreadcrumbList\",\"@id\":\"https:\/\/womenhouse.cz\/index.php\/2021\/03\/19\/nebojte-se-vystoupit-z-komfortni-zony-radi-zenam-vitezka-souteze-podnikava-zena-veronika-svecova\/#breadcrumb\",\"itemListElement\":[{\"@type\":\"ListItem\",\"position\":1,\"name\":\"Dom\u016f\",\"item\":\"https:\/\/womenhouse.cz\/\"},{\"@type\":\"ListItem\",\"position\":2,\"name\":\"Nebojte se vystoupit z\u00a0komfortn\u00ed z\u00f3ny, rad\u00ed \u017een\u00e1m v\u00edt\u011bzka sout\u011b\u017ee Podnikav\u00e1 \u017eena Veronika \u0160vecov\u00e1\"}]},{\"@type\":\"WebSite\",\"@id\":\"https:\/\/womenhouse.cz\/#website\",\"url\":\"https:\/\/womenhouse.cz\/\",\"name\":\"WOMENHOUSE.cz\",\"description\":\"Port\u00e1l v\u00fdhradn\u011b jen pro \u017eeny...\",\"publisher\":{\"@id\":\"https:\/\/womenhouse.cz\/#organization\"},\"potentialAction\":[{\"@type\":\"SearchAction\",\"target\":{\"@type\":\"EntryPoint\",\"urlTemplate\":\"https:\/\/womenhouse.cz\/?s={search_term_string}\"},\"query-input\":\"required name=search_term_string\"}],\"inLanguage\":\"cs\"},{\"@type\":\"Organization\",\"@id\":\"https:\/\/womenhouse.cz\/#organization\",\"name\":\"WOMENHOUSE.cz\",\"url\":\"https:\/\/womenhouse.cz\/\",\"logo\":{\"@type\":\"ImageObject\",\"inLanguage\":\"cs\",\"@id\":\"https:\/\/womenhouse.cz\/#\/schema\/logo\/image\/\",\"url\":\"https:\/\/womenhouse.cz\/wp-content\/uploads\/2020\/06\/cropped-logo_Womenhouse_RGB-02-removebg-preview-1.png\",\"contentUrl\":\"https:\/\/womenhouse.cz\/wp-content\/uploads\/2020\/06\/cropped-logo_Womenhouse_RGB-02-removebg-preview-1.png\",\"width\":561,\"height\":375,\"caption\":\"WOMENHOUSE.cz\"},\"image\":{\"@id\":\"https:\/\/womenhouse.cz\/#\/schema\/logo\/image\/\"},\"sameAs\":[\"https:\/\/www.facebook.com\/womenhousecz\",\"https:\/\/www.instagram.com\/womenhousecz\/\"]},{\"@type\":\"Person\",\"@id\":\"https:\/\/womenhouse.cz\/#\/schema\/person\/4a1fde0be3f0c5dd5006ba6dc68c7656\",\"name\":\"Petra Kub\u00edkov\u00e1\",\"sameAs\":[\"http:\/\/WOMENHOUSE.cz\"],\"url\":\"https:\/\/womenhouse.cz\/index.php\/author\/kubip\/\"}]}<\/script>\n<!-- \/ Yoast SEO plugin. -->","yoast_head_json":{"title":"Nebojte se vystoupit z\u00a0komfortn\u00ed z\u00f3ny, rad\u00ed \u017een\u00e1m v\u00edt\u011bzka sout\u011b\u017ee Podnikav\u00e1 \u017eena Veronika \u0160vecov\u00e1 - WOMENHOUSE.cz","robots":{"index":"index","follow":"follow","max-snippet":"max-snippet:-1","max-image-preview":"max-image-preview:large","max-video-preview":"max-video-preview:-1"},"canonical":"https:\/\/womenhouse.cz\/index.php\/2021\/03\/19\/nebojte-se-vystoupit-z-komfortni-zony-radi-zenam-vitezka-souteze-podnikava-zena-veronika-svecova\/","og_locale":"cs_CZ","og_type":"article","og_title":"Nebojte se vystoupit z\u00a0komfortn\u00ed z\u00f3ny, rad\u00ed \u017een\u00e1m v\u00edt\u011bzka sout\u011b\u017ee Podnikav\u00e1 \u017eena Veronika \u0160vecov\u00e1 - WOMENHOUSE.cz","og_description":"Projekt Podnikav\u00e1 \u017eena, jeho\u017e c\u00edlem je finan\u010dn\u011b podpo\u0159it \u017eeny v podnik\u00e1n\u00ed, zviditelnit jejich schopnosti a p\u0159\u00edpadn\u011b jim tak\u00e9 poskytnout pot\u0159ebn\u00e9 poradenstv\u00ed, po\u0159\u00e1d\u00e1 ji\u017e od roku 2014 spole\u010dnost \u017deny s.r.o. ve spolupr\u00e1ci s AMSP \u010cR. V \u0161est\u00e9m ro\u010dn\u00edku projektu s\u00a0podporou bal\u00edkov\u00e9ho p\u0159epravce GLS vznikla speci\u00e1ln\u00ed kategorie e\u017dena pro \u017eeny podnikaj\u00edc\u00ed v\u00a0e-commerce. Na z\u00e1klad\u011b ve\u0159ejn\u00e9ho hlasov\u00e1n\u00ed byly [&hellip;]","og_url":"https:\/\/womenhouse.cz\/index.php\/2021\/03\/19\/nebojte-se-vystoupit-z-komfortni-zony-radi-zenam-vitezka-souteze-podnikava-zena-veronika-svecova\/","og_site_name":"WOMENHOUSE.cz","article_publisher":"https:\/\/www.facebook.com\/womenhousecz","article_published_time":"2021-03-19T17:34:32+00:00","article_modified_time":"2021-05-23T01:14:26+00:00","og_image":[{"width":853,"height":1280,"url":"https:\/\/womenhouse.cz\/wp-content\/uploads\/2021\/03\/eZena-Veronika-Svecova-2.png","type":"image\/png"}],"author":"Petra Kub\u00edkov\u00e1","twitter_card":"summary_large_image","twitter_misc":{"Napsal(a)":"Petra Kub\u00edkov\u00e1","Odhadovan\u00e1 doba \u010dten\u00ed":"3 minuty"},"schema":{"@context":"https:\/\/schema.org","@graph":[{"@type":"Article","@id":"https:\/\/womenhouse.cz\/index.php\/2021\/03\/19\/nebojte-se-vystoupit-z-komfortni-zony-radi-zenam-vitezka-souteze-podnikava-zena-veronika-svecova\/#article","isPartOf":{"@id":"https:\/\/womenhouse.cz\/index.php\/2021\/03\/19\/nebojte-se-vystoupit-z-komfortni-zony-radi-zenam-vitezka-souteze-podnikava-zena-veronika-svecova\/"},"author":{"name":"Petra Kub\u00edkov\u00e1","@id":"https:\/\/womenhouse.cz\/#\/schema\/person\/4a1fde0be3f0c5dd5006ba6dc68c7656"},"headline":"Nebojte se vystoupit z\u00a0komfortn\u00ed z\u00f3ny, rad\u00ed \u017een\u00e1m v\u00edt\u011bzka sout\u011b\u017ee Podnikav\u00e1 \u017eena Veronika \u0160vecov\u00e1","datePublished":"2021-03-19T17:34:32+00:00","dateModified":"2021-05-23T01:14:26+00:00","mainEntityOfPage":{"@id":"https:\/\/womenhouse.cz\/index.php\/2021\/03\/19\/nebojte-se-vystoupit-z-komfortni-zony-radi-zenam-vitezka-souteze-podnikava-zena-veronika-svecova\/"},"wordCount":596,"publisher":{"@id":"https:\/\/womenhouse.cz\/#organization"},"articleSection":["NEWS","ROZHOVORY","SPOLE\u010cNOST &amp; VZTAHY"],"inLanguage":"cs"},{"@type":"WebPage","@id":"https:\/\/womenhouse.cz\/index.php\/2021\/03\/19\/nebojte-se-vystoupit-z-komfortni-zony-radi-zenam-vitezka-souteze-podnikava-zena-veronika-svecova\/","url":"https:\/\/womenhouse.cz\/index.php\/2021\/03\/19\/nebojte-se-vystoupit-z-komfortni-zony-radi-zenam-vitezka-souteze-podnikava-zena-veronika-svecova\/","name":"Nebojte se vystoupit z\u00a0komfortn\u00ed z\u00f3ny, rad\u00ed \u017een\u00e1m v\u00edt\u011bzka sout\u011b\u017ee Podnikav\u00e1 \u017eena Veronika \u0160vecov\u00e1 - WOMENHOUSE.cz","isPartOf":{"@id":"https:\/\/womenhouse.cz\/#website"},"datePublished":"2021-03-19T17:34:32+00:00","dateModified":"2021-05-23T01:14:26+00:00","breadcrumb":{"@id":"https:\/\/womenhouse.cz\/index.php\/2021\/03\/19\/nebojte-se-vystoupit-z-komfortni-zony-radi-zenam-vitezka-souteze-podnikava-zena-veronika-svecova\/#breadcrumb"},"inLanguage":"cs","potentialAction":[{"@type":"ReadAction","target":["https:\/\/womenhouse.cz\/index.php\/2021\/03\/19\/nebojte-se-vystoupit-z-komfortni-zony-radi-zenam-vitezka-souteze-podnikava-zena-veronika-svecova\/"]}]},{"@type":"BreadcrumbList","@id":"https:\/\/womenhouse.cz\/index.php\/2021\/03\/19\/nebojte-se-vystoupit-z-komfortni-zony-radi-zenam-vitezka-souteze-podnikava-zena-veronika-svecova\/#breadcrumb","itemListElement":[{"@type":"ListItem","position":1,"name":"Dom\u016f","item":"https:\/\/womenhouse.cz\/"},{"@type":"ListItem","position":2,"name":"Nebojte se vystoupit z\u00a0komfortn\u00ed z\u00f3ny, rad\u00ed \u017een\u00e1m v\u00edt\u011bzka sout\u011b\u017ee Podnikav\u00e1 \u017eena Veronika \u0160vecov\u00e1"}]},{"@type":"WebSite","@id":"https:\/\/womenhouse.cz\/#website","url":"https:\/\/womenhouse.cz\/","name":"WOMENHOUSE.cz","description":"Port\u00e1l v\u00fdhradn\u011b jen pro \u017eeny...","publisher":{"@id":"https:\/\/womenhouse.cz\/#organization"},"potentialAction":[{"@type":"SearchAction","target":{"@type":"EntryPoint","urlTemplate":"https:\/\/womenhouse.cz\/?s={search_term_string}"},"query-input":"required name=search_term_string"}],"inLanguage":"cs"},{"@type":"Organization","@id":"https:\/\/womenhouse.cz\/#organization","name":"WOMENHOUSE.cz","url":"https:\/\/womenhouse.cz\/","logo":{"@type":"ImageObject","inLanguage":"cs","@id":"https:\/\/womenhouse.cz\/#\/schema\/logo\/image\/","url":"https:\/\/womenhouse.cz\/wp-content\/uploads\/2020\/06\/cropped-logo_Womenhouse_RGB-02-removebg-preview-1.png","contentUrl":"https:\/\/womenhouse.cz\/wp-content\/uploads\/2020\/06\/cropped-logo_Womenhouse_RGB-02-removebg-preview-1.png","width":561,"height":375,"caption":"WOMENHOUSE.cz"},"image":{"@id":"https:\/\/womenhouse.cz\/#\/schema\/logo\/image\/"},"sameAs":["https:\/\/www.facebook.com\/womenhousecz","https:\/\/www.instagram.com\/womenhousecz\/"]},{"@type":"Person","@id":"https:\/\/womenhouse.cz\/#\/schema\/person\/4a1fde0be3f0c5dd5006ba6dc68c7656","name":"Petra Kub\u00edkov\u00e1","sameAs":["http:\/\/WOMENHOUSE.cz"],"url":"https:\/\/womenhouse.cz\/index.php\/author\/kubip\/"}]}},"_links":{"self":[{"href":"https:\/\/womenhouse.cz\/index.php\/wp-json\/wp\/v2\/posts\/5010"}],"collection":[{"href":"https:\/\/womenhouse.cz\/index.php\/wp-json\/wp\/v2\/posts"}],"about":[{"href":"https:\/\/womenhouse.cz\/index.php\/wp-json\/wp\/v2\/types\/post"}],"author":[{"embeddable":true,"href":"https:\/\/womenhouse.cz\/index.php\/wp-json\/wp\/v2\/users\/6"}],"replies":[{"embeddable":true,"href":"https:\/\/womenhouse.cz\/index.php\/wp-json\/wp\/v2\/comments?post=5010"}],"version-history":[{"count":-4,"href":"https:\/\/womenhouse.cz\/index.php\/wp-json\/wp\/v2\/posts\/5010\/revisions"}],"wp:featuredmedia":[{"embeddable":true,"href":"https:\/\/womenhouse.cz\/index.php\/wp-json\/wp\/v2\/media\/5011"}],"wp:attachment":[{"href":"https:\/\/womenhouse.cz\/index.php\/wp-json\/wp\/v2\/media?parent=5010"}],"wp:term":[{"taxonomy":"category","embeddable":true,"href":"https:\/\/womenhouse.cz\/index.php\/wp-json\/wp\/v2\/categories?post=5010"},{"taxonomy":"post_tag","embeddable":true,"href":"https:\/\/womenhouse.cz\/index.php\/wp-json\/wp\/v2\/tags?post=5010"}],"curies":[{"name":"wp","href":"https:\/\/api.w.org\/{rel}","templated":true}]}}