{"id":471,"date":"2019-08-07T00:32:41","date_gmt":"2019-08-06T22:32:41","guid":{"rendered":"http:\/\/womenhouse.cz\/?p=471"},"modified":"2019-09-04T00:22:58","modified_gmt":"2019-09-03T22:22:58","slug":"dermacol-otevira-v-atriu-flora-svuj-treti-znackovy-obchod","status":"publish","type":"post","link":"https:\/\/womenhouse.cz\/index.php\/2019\/08\/07\/dermacol-otevira-v-atriu-flora-svuj-treti-znackovy-obchod\/","title":{"rendered":"Dermacol otev\u00edr\u00e1 v Atriu Flora sv\u016fj t\u0159et\u00ed zna\u010dkov\u00fd obchod"},"content":{"rendered":"\n<p><strong>Po t\u00e9m\u011b\u0159 p\u011bti letech, kter\u00e1 uplynula od otev\u0159en\u00ed prvn\u00ed prodejny Dermacol, otev\u00edr\u00e1 1. srpna 2019 \u010desk\u00e1 kosmetick\u00e1 zna\u010dka sv\u016fj v po\u0159ad\u00ed ji\u017e dvan\u00e1ct\u00fd obchod. Pro jeho prostory si tentokr\u00e1t vybrala OC Atrium Flora na pra\u017esk\u00fdch Vinohradech. V hlavn\u00edm m\u011bst\u011b jde u\u017e o t\u0159et\u00ed zna\u010dkovou prodejnu vych\u00e1zej\u00edc\u00ed z origin\u00e1ln\u00edho konceptu, kter\u00fdm chce Dermacol posouvat n\u00e1kup kosmetiky do roviny p\u0159\u00edjemn\u00e9ho smyslov\u00e9ho z\u00e1\u017eitku.<\/strong><\/p>\n\n\n\n<figure class=\"wp-block-image\"><img decoding=\"async\" src=\"http:\/\/www.luxuryhouse.cz\/tmp\/12895_0_800_1565130314.jpg\" alt=\"\"\/><\/figure>\n\n\n\n<p>Z\u00e1kazn\u00edci na plo\u0161e 58,5 metru \u010dtvere\u010dn\u00edho najdou kompletn\u00ed portfolio v\u00fdrobk\u016f, odborn\u00e9 poradenstv\u00ed a l\u00ed\u010den\u00ed od profesion\u00e1ln\u00edch viz\u00e1\u017eist\u016f, stejn\u011b jako v\u00edce ne\u017e sto odst\u00edn\u016f rt\u011bnek, lesk\u016f a barev na rty, kter\u00e9 spolu s make-upem pat\u0159\u00ed k bestseller\u016fm zna\u010dky. Na sv\u00e9 si tak ur\u010dit\u011b p\u0159ijdou nejen z\u00e1kaznice OC Atrium Flora, ale i d\u00e1my pracuj\u00edc\u00ed v byznysov\u00fdch prostor\u00e1ch tohoto multifunk\u010dn\u00edho centra.<\/p>\n\n\n\n<figure class=\"wp-block-image\"><img decoding=\"async\" src=\"http:\/\/www.luxuryhouse.cz\/tmp\/12896_0_800_1565130315.jpg\" alt=\"\"\/><\/figure>\n\n\n\n<p>Origin\u00e1ln\u00ed \u010desk\u00e1 kosmetick\u00e1 zna\u010dka Dermacol, jej\u00ed\u017e ko\u0159eny sahaj\u00ed do doby spolupr\u00e1ce barrandovsk\u00fdch filmov\u00fdch ateli\u00e9r\u016f a pra\u017esk\u00e9ho \u00dastavu l\u00e9ka\u0159sk\u00e9 kosmetiky, se i po 50 letech existence hrd\u011b hl\u00e1s\u00ed ke sv\u00e9mu posl\u00e1n\u00ed. T\u00edm je m\u011bnit sv\u011bt a ka\u017edodenn\u00ed \u017eivot k lep\u0161\u00edmu pr\u00e1v\u011b prost\u0159ednictv\u00edm kvalitn\u00ed a cenov\u011b dostupn\u00e9 kosmetiky. Svoje kompletn\u00ed portfolio d\u00e1msk\u00e9 i p\u00e1nsk\u00e9 ple\u0165ov\u00e9 a t\u011blov\u00e9 kosmetiky, parf\u00e9m\u016f a zejm\u00e9na dekorativn\u00ed kosmetiky postupn\u011b zp\u0159\u00edstup\u0148uje i ve sv\u00fdch zna\u010dkov\u00fdch obchodech, kter\u00e9 na rozd\u00edl od on-line prost\u0159ed\u00ed \u010di b\u011b\u017en\u00e9 obchodn\u00ed s\u00edt\u011b poskytuj\u00ed z\u00e1kazn\u00edk\u016fm i jedine\u010dn\u00fd smyslov\u00fd z\u00e1\u017eitek a osobn\u00ed p\u0159\u00edstup.<\/p>\n\n\n\n<figure class=\"wp-block-image\"><img decoding=\"async\" src=\"http:\/\/www.luxuryhouse.cz\/tmp\/12897_0_800_1565130315.jpg\" alt=\"\"\/><\/figure>\n\n\n\n<p><strong>Na co se zde tedy m\u016f\u017eete t\u011b\u0161it a \u010d\u00edm bude nov\u00e9 Kr\u00e1lovstv\u00ed kr\u00e1sy v\u00fdjime\u010dn\u00e9?&nbsp;<\/strong><\/p>\n\n\n\n<p><em>\u201eP\u0159ipravili jsme unik\u00e1tn\u00ed designovou prezentaci odst\u00edn\u016f na\u0161ich bestseller\u016f \u2013 dlouhotrvaj\u00edc\u00edch barev na rty 16H Lip Colour a matn\u00fdch rt\u011bnek Matte Mania, kter\u00fdm jsme v OC Flora vy\u010dlenili velkorys\u00fd prostor. V\u011b\u0159\u00edm, \u017ee sv\u016fj obl\u00edben\u00fd odst\u00edn si tu cestou z pr\u00e1ce \u010di n\u00e1kup\u016f vybere ka\u017ed\u00e1 \u017eena a zp\u0159\u00edjemn\u00ed t\u00edm den sob\u011b i okol\u00ed,\u201c<\/em><strong>&nbsp;dod\u00e1v\u00e1 Val\u00e9ria Gazdov\u00e1, marketingov\u00e1 \u0159editelka zna\u010dky Dermacol<\/strong>.<\/p>\n\n\n\n<figure class=\"wp-block-image\"><img decoding=\"async\" src=\"http:\/\/www.luxuryhouse.cz\/tmp\/12898_0_800_1565130316.jpg\" alt=\"\"\/><\/figure>\n\n\n\n<p><strong>Ve\u0161ker\u00e9 aktu\u00e1ln\u00ed informace najdete na str\u00e1nk\u00e1ch&nbsp;<a href=\"http:\/\/www.atrium-flora.cz\/\">www.atrium-flora.cz<\/a>.<\/strong><\/p>\n","protected":false},"excerpt":{"rendered":"<p>Po t\u00e9m\u011b\u0159 p\u011bti letech, kter\u00e1 uplynula od otev\u0159en\u00ed prvn\u00ed prodejny Dermacol, otev\u00edr\u00e1 1. srpna 2019 \u010desk\u00e1 kosmetick\u00e1 zna\u010dka sv\u016fj v po\u0159ad\u00ed ji\u017e dvan\u00e1ct\u00fd obchod. Pro jeho prostory si tentokr\u00e1t vybrala OC Atrium Flora na pra\u017esk\u00fdch Vinohradech. V hlavn\u00edm m\u011bst\u011b jde u\u017e o t\u0159et\u00ed zna\u010dkovou prodejnu vych\u00e1zej\u00edc\u00ed z origin\u00e1ln\u00edho konceptu, kter\u00fdm chce Dermacol posouvat n\u00e1kup kosmetiky [&hellip;]<\/p>\n","protected":false},"author":1,"featured_media":472,"comment_status":"closed","ping_status":"closed","sticky":false,"template":"","format":"standard","meta":{"_mi_skip_tracking":false,"_monsterinsights_sitenote_active":false,"_monsterinsights_sitenote_note":"","_monsterinsights_sitenote_category":0,"footnotes":""},"categories":[9,2],"tags":[],"yoast_head":"<!-- This site is optimized with the Yoast SEO plugin v21.5 - https:\/\/yoast.com\/wordpress\/plugins\/seo\/ -->\n<title>Dermacol otev\u00edr\u00e1 v Atriu Flora sv\u016fj t\u0159et\u00ed zna\u010dkov\u00fd obchod - WOMENHOUSE.cz<\/title>\n<meta name=\"robots\" content=\"index, follow, max-snippet:-1, max-image-preview:large, max-video-preview:-1\" \/>\n<link rel=\"canonical\" href=\"https:\/\/womenhouse.cz\/index.php\/2019\/08\/07\/dermacol-otevira-v-atriu-flora-svuj-treti-znackovy-obchod\/\" \/>\n<meta property=\"og:locale\" content=\"cs_CZ\" \/>\n<meta property=\"og:type\" content=\"article\" \/>\n<meta property=\"og:title\" content=\"Dermacol otev\u00edr\u00e1 v Atriu Flora sv\u016fj t\u0159et\u00ed zna\u010dkov\u00fd obchod - WOMENHOUSE.cz\" \/>\n<meta property=\"og:description\" content=\"Po t\u00e9m\u011b\u0159 p\u011bti letech, kter\u00e1 uplynula od otev\u0159en\u00ed prvn\u00ed prodejny Dermacol, otev\u00edr\u00e1 1. srpna 2019 \u010desk\u00e1 kosmetick\u00e1 zna\u010dka sv\u016fj v po\u0159ad\u00ed ji\u017e dvan\u00e1ct\u00fd obchod. Pro jeho prostory si tentokr\u00e1t vybrala OC Atrium Flora na pra\u017esk\u00fdch Vinohradech. V hlavn\u00edm m\u011bst\u011b jde u\u017e o t\u0159et\u00ed zna\u010dkovou prodejnu vych\u00e1zej\u00edc\u00ed z origin\u00e1ln\u00edho konceptu, kter\u00fdm chce Dermacol posouvat n\u00e1kup kosmetiky [&hellip;]\" \/>\n<meta property=\"og:url\" content=\"https:\/\/womenhouse.cz\/index.php\/2019\/08\/07\/dermacol-otevira-v-atriu-flora-svuj-treti-znackovy-obchod\/\" \/>\n<meta property=\"og:site_name\" content=\"WOMENHOUSE.cz\" \/>\n<meta property=\"article:publisher\" content=\"https:\/\/www.facebook.com\/womenhousecz\" \/>\n<meta property=\"article:published_time\" content=\"2019-08-06T22:32:41+00:00\" \/>\n<meta property=\"article:modified_time\" content=\"2019-09-03T22:22:58+00:00\" \/>\n<meta property=\"og:image\" content=\"https:\/\/womenhouse.cz\/wp-content\/uploads\/2019\/08\/dermacol_TTL.jpg\" \/>\n\t<meta property=\"og:image:width\" content=\"1950\" \/>\n\t<meta property=\"og:image:height\" content=\"1120\" \/>\n\t<meta property=\"og:image:type\" content=\"image\/jpeg\" \/>\n<meta name=\"author\" content=\"Ivomik\" \/>\n<meta name=\"twitter:card\" content=\"summary_large_image\" \/>\n<meta name=\"twitter:label1\" content=\"Napsal(a)\" \/>\n\t<meta name=\"twitter:data1\" content=\"Ivomik\" \/>\n\t<meta name=\"twitter:label2\" content=\"Odhadovan\u00e1 doba \u010dten\u00ed\" \/>\n\t<meta name=\"twitter:data2\" content=\"2 minuty\" \/>\n<script type=\"application\/ld+json\" class=\"yoast-schema-graph\">{\"@context\":\"https:\/\/schema.org\",\"@graph\":[{\"@type\":\"Article\",\"@id\":\"https:\/\/womenhouse.cz\/index.php\/2019\/08\/07\/dermacol-otevira-v-atriu-flora-svuj-treti-znackovy-obchod\/#article\",\"isPartOf\":{\"@id\":\"https:\/\/womenhouse.cz\/index.php\/2019\/08\/07\/dermacol-otevira-v-atriu-flora-svuj-treti-znackovy-obchod\/\"},\"author\":{\"name\":\"Ivomik\",\"@id\":\"https:\/\/womenhouse.cz\/#\/schema\/person\/b307df8d81e61893cd451a29106d7498\"},\"headline\":\"Dermacol otev\u00edr\u00e1 v Atriu Flora sv\u016fj t\u0159et\u00ed zna\u010dkov\u00fd obchod\",\"datePublished\":\"2019-08-06T22:32:41+00:00\",\"dateModified\":\"2019-09-03T22:22:58+00:00\",\"mainEntityOfPage\":{\"@id\":\"https:\/\/womenhouse.cz\/index.php\/2019\/08\/07\/dermacol-otevira-v-atriu-flora-svuj-treti-znackovy-obchod\/\"},\"wordCount\":421,\"publisher\":{\"@id\":\"https:\/\/womenhouse.cz\/#organization\"},\"articleSection\":[\"KOSMETIKA\",\"NEWS\"],\"inLanguage\":\"cs\"},{\"@type\":\"WebPage\",\"@id\":\"https:\/\/womenhouse.cz\/index.php\/2019\/08\/07\/dermacol-otevira-v-atriu-flora-svuj-treti-znackovy-obchod\/\",\"url\":\"https:\/\/womenhouse.cz\/index.php\/2019\/08\/07\/dermacol-otevira-v-atriu-flora-svuj-treti-znackovy-obchod\/\",\"name\":\"Dermacol otev\u00edr\u00e1 v Atriu Flora sv\u016fj t\u0159et\u00ed zna\u010dkov\u00fd obchod - WOMENHOUSE.cz\",\"isPartOf\":{\"@id\":\"https:\/\/womenhouse.cz\/#website\"},\"datePublished\":\"2019-08-06T22:32:41+00:00\",\"dateModified\":\"2019-09-03T22:22:58+00:00\",\"breadcrumb\":{\"@id\":\"https:\/\/womenhouse.cz\/index.php\/2019\/08\/07\/dermacol-otevira-v-atriu-flora-svuj-treti-znackovy-obchod\/#breadcrumb\"},\"inLanguage\":\"cs\",\"potentialAction\":[{\"@type\":\"ReadAction\",\"target\":[\"https:\/\/womenhouse.cz\/index.php\/2019\/08\/07\/dermacol-otevira-v-atriu-flora-svuj-treti-znackovy-obchod\/\"]}]},{\"@type\":\"BreadcrumbList\",\"@id\":\"https:\/\/womenhouse.cz\/index.php\/2019\/08\/07\/dermacol-otevira-v-atriu-flora-svuj-treti-znackovy-obchod\/#breadcrumb\",\"itemListElement\":[{\"@type\":\"ListItem\",\"position\":1,\"name\":\"Dom\u016f\",\"item\":\"https:\/\/womenhouse.cz\/\"},{\"@type\":\"ListItem\",\"position\":2,\"name\":\"Dermacol otev\u00edr\u00e1 v Atriu Flora sv\u016fj t\u0159et\u00ed zna\u010dkov\u00fd obchod\"}]},{\"@type\":\"WebSite\",\"@id\":\"https:\/\/womenhouse.cz\/#website\",\"url\":\"https:\/\/womenhouse.cz\/\",\"name\":\"WOMENHOUSE.cz\",\"description\":\"Port\u00e1l v\u00fdhradn\u011b jen pro \u017eeny...\",\"publisher\":{\"@id\":\"https:\/\/womenhouse.cz\/#organization\"},\"potentialAction\":[{\"@type\":\"SearchAction\",\"target\":{\"@type\":\"EntryPoint\",\"urlTemplate\":\"https:\/\/womenhouse.cz\/?s={search_term_string}\"},\"query-input\":\"required name=search_term_string\"}],\"inLanguage\":\"cs\"},{\"@type\":\"Organization\",\"@id\":\"https:\/\/womenhouse.cz\/#organization\",\"name\":\"WOMENHOUSE.cz\",\"url\":\"https:\/\/womenhouse.cz\/\",\"logo\":{\"@type\":\"ImageObject\",\"inLanguage\":\"cs\",\"@id\":\"https:\/\/womenhouse.cz\/#\/schema\/logo\/image\/\",\"url\":\"https:\/\/womenhouse.cz\/wp-content\/uploads\/2020\/06\/cropped-logo_Womenhouse_RGB-02-removebg-preview-1.png\",\"contentUrl\":\"https:\/\/womenhouse.cz\/wp-content\/uploads\/2020\/06\/cropped-logo_Womenhouse_RGB-02-removebg-preview-1.png\",\"width\":561,\"height\":375,\"caption\":\"WOMENHOUSE.cz\"},\"image\":{\"@id\":\"https:\/\/womenhouse.cz\/#\/schema\/logo\/image\/\"},\"sameAs\":[\"https:\/\/www.facebook.com\/womenhousecz\",\"https:\/\/www.instagram.com\/womenhousecz\/\"]},{\"@type\":\"Person\",\"@id\":\"https:\/\/womenhouse.cz\/#\/schema\/person\/b307df8d81e61893cd451a29106d7498\",\"name\":\"Ivomik\",\"url\":\"https:\/\/womenhouse.cz\/index.php\/author\/ivomik\/\"}]}<\/script>\n<!-- \/ Yoast SEO plugin. -->","yoast_head_json":{"title":"Dermacol otev\u00edr\u00e1 v Atriu Flora sv\u016fj t\u0159et\u00ed zna\u010dkov\u00fd obchod - WOMENHOUSE.cz","robots":{"index":"index","follow":"follow","max-snippet":"max-snippet:-1","max-image-preview":"max-image-preview:large","max-video-preview":"max-video-preview:-1"},"canonical":"https:\/\/womenhouse.cz\/index.php\/2019\/08\/07\/dermacol-otevira-v-atriu-flora-svuj-treti-znackovy-obchod\/","og_locale":"cs_CZ","og_type":"article","og_title":"Dermacol otev\u00edr\u00e1 v Atriu Flora sv\u016fj t\u0159et\u00ed zna\u010dkov\u00fd obchod - WOMENHOUSE.cz","og_description":"Po t\u00e9m\u011b\u0159 p\u011bti letech, kter\u00e1 uplynula od otev\u0159en\u00ed prvn\u00ed prodejny Dermacol, otev\u00edr\u00e1 1. srpna 2019 \u010desk\u00e1 kosmetick\u00e1 zna\u010dka sv\u016fj v po\u0159ad\u00ed ji\u017e dvan\u00e1ct\u00fd obchod. Pro jeho prostory si tentokr\u00e1t vybrala OC Atrium Flora na pra\u017esk\u00fdch Vinohradech. V hlavn\u00edm m\u011bst\u011b jde u\u017e o t\u0159et\u00ed zna\u010dkovou prodejnu vych\u00e1zej\u00edc\u00ed z origin\u00e1ln\u00edho konceptu, kter\u00fdm chce Dermacol posouvat n\u00e1kup kosmetiky [&hellip;]","og_url":"https:\/\/womenhouse.cz\/index.php\/2019\/08\/07\/dermacol-otevira-v-atriu-flora-svuj-treti-znackovy-obchod\/","og_site_name":"WOMENHOUSE.cz","article_publisher":"https:\/\/www.facebook.com\/womenhousecz","article_published_time":"2019-08-06T22:32:41+00:00","article_modified_time":"2019-09-03T22:22:58+00:00","og_image":[{"width":1950,"height":1120,"url":"https:\/\/womenhouse.cz\/wp-content\/uploads\/2019\/08\/dermacol_TTL.jpg","type":"image\/jpeg"}],"author":"Ivomik","twitter_card":"summary_large_image","twitter_misc":{"Napsal(a)":"Ivomik","Odhadovan\u00e1 doba \u010dten\u00ed":"2 minuty"},"schema":{"@context":"https:\/\/schema.org","@graph":[{"@type":"Article","@id":"https:\/\/womenhouse.cz\/index.php\/2019\/08\/07\/dermacol-otevira-v-atriu-flora-svuj-treti-znackovy-obchod\/#article","isPartOf":{"@id":"https:\/\/womenhouse.cz\/index.php\/2019\/08\/07\/dermacol-otevira-v-atriu-flora-svuj-treti-znackovy-obchod\/"},"author":{"name":"Ivomik","@id":"https:\/\/womenhouse.cz\/#\/schema\/person\/b307df8d81e61893cd451a29106d7498"},"headline":"Dermacol otev\u00edr\u00e1 v Atriu Flora sv\u016fj t\u0159et\u00ed zna\u010dkov\u00fd obchod","datePublished":"2019-08-06T22:32:41+00:00","dateModified":"2019-09-03T22:22:58+00:00","mainEntityOfPage":{"@id":"https:\/\/womenhouse.cz\/index.php\/2019\/08\/07\/dermacol-otevira-v-atriu-flora-svuj-treti-znackovy-obchod\/"},"wordCount":421,"publisher":{"@id":"https:\/\/womenhouse.cz\/#organization"},"articleSection":["KOSMETIKA","NEWS"],"inLanguage":"cs"},{"@type":"WebPage","@id":"https:\/\/womenhouse.cz\/index.php\/2019\/08\/07\/dermacol-otevira-v-atriu-flora-svuj-treti-znackovy-obchod\/","url":"https:\/\/womenhouse.cz\/index.php\/2019\/08\/07\/dermacol-otevira-v-atriu-flora-svuj-treti-znackovy-obchod\/","name":"Dermacol otev\u00edr\u00e1 v Atriu Flora sv\u016fj t\u0159et\u00ed zna\u010dkov\u00fd obchod - WOMENHOUSE.cz","isPartOf":{"@id":"https:\/\/womenhouse.cz\/#website"},"datePublished":"2019-08-06T22:32:41+00:00","dateModified":"2019-09-03T22:22:58+00:00","breadcrumb":{"@id":"https:\/\/womenhouse.cz\/index.php\/2019\/08\/07\/dermacol-otevira-v-atriu-flora-svuj-treti-znackovy-obchod\/#breadcrumb"},"inLanguage":"cs","potentialAction":[{"@type":"ReadAction","target":["https:\/\/womenhouse.cz\/index.php\/2019\/08\/07\/dermacol-otevira-v-atriu-flora-svuj-treti-znackovy-obchod\/"]}]},{"@type":"BreadcrumbList","@id":"https:\/\/womenhouse.cz\/index.php\/2019\/08\/07\/dermacol-otevira-v-atriu-flora-svuj-treti-znackovy-obchod\/#breadcrumb","itemListElement":[{"@type":"ListItem","position":1,"name":"Dom\u016f","item":"https:\/\/womenhouse.cz\/"},{"@type":"ListItem","position":2,"name":"Dermacol otev\u00edr\u00e1 v Atriu Flora sv\u016fj t\u0159et\u00ed zna\u010dkov\u00fd obchod"}]},{"@type":"WebSite","@id":"https:\/\/womenhouse.cz\/#website","url":"https:\/\/womenhouse.cz\/","name":"WOMENHOUSE.cz","description":"Port\u00e1l v\u00fdhradn\u011b jen pro \u017eeny...","publisher":{"@id":"https:\/\/womenhouse.cz\/#organization"},"potentialAction":[{"@type":"SearchAction","target":{"@type":"EntryPoint","urlTemplate":"https:\/\/womenhouse.cz\/?s={search_term_string}"},"query-input":"required name=search_term_string"}],"inLanguage":"cs"},{"@type":"Organization","@id":"https:\/\/womenhouse.cz\/#organization","name":"WOMENHOUSE.cz","url":"https:\/\/womenhouse.cz\/","logo":{"@type":"ImageObject","inLanguage":"cs","@id":"https:\/\/womenhouse.cz\/#\/schema\/logo\/image\/","url":"https:\/\/womenhouse.cz\/wp-content\/uploads\/2020\/06\/cropped-logo_Womenhouse_RGB-02-removebg-preview-1.png","contentUrl":"https:\/\/womenhouse.cz\/wp-content\/uploads\/2020\/06\/cropped-logo_Womenhouse_RGB-02-removebg-preview-1.png","width":561,"height":375,"caption":"WOMENHOUSE.cz"},"image":{"@id":"https:\/\/womenhouse.cz\/#\/schema\/logo\/image\/"},"sameAs":["https:\/\/www.facebook.com\/womenhousecz","https:\/\/www.instagram.com\/womenhousecz\/"]},{"@type":"Person","@id":"https:\/\/womenhouse.cz\/#\/schema\/person\/b307df8d81e61893cd451a29106d7498","name":"Ivomik","url":"https:\/\/womenhouse.cz\/index.php\/author\/ivomik\/"}]}},"_links":{"self":[{"href":"https:\/\/womenhouse.cz\/index.php\/wp-json\/wp\/v2\/posts\/471"}],"collection":[{"href":"https:\/\/womenhouse.cz\/index.php\/wp-json\/wp\/v2\/posts"}],"about":[{"href":"https:\/\/womenhouse.cz\/index.php\/wp-json\/wp\/v2\/types\/post"}],"author":[{"embeddable":true,"href":"https:\/\/womenhouse.cz\/index.php\/wp-json\/wp\/v2\/users\/1"}],"replies":[{"embeddable":true,"href":"https:\/\/womenhouse.cz\/index.php\/wp-json\/wp\/v2\/comments?post=471"}],"version-history":[{"count":-4,"href":"https:\/\/womenhouse.cz\/index.php\/wp-json\/wp\/v2\/posts\/471\/revisions"}],"wp:featuredmedia":[{"embeddable":true,"href":"https:\/\/womenhouse.cz\/index.php\/wp-json\/wp\/v2\/media\/472"}],"wp:attachment":[{"href":"https:\/\/womenhouse.cz\/index.php\/wp-json\/wp\/v2\/media?parent=471"}],"wp:term":[{"taxonomy":"category","embeddable":true,"href":"https:\/\/womenhouse.cz\/index.php\/wp-json\/wp\/v2\/categories?post=471"},{"taxonomy":"post_tag","embeddable":true,"href":"https:\/\/womenhouse.cz\/index.php\/wp-json\/wp\/v2\/tags?post=471"}],"curies":[{"name":"wp","href":"https:\/\/api.w.org\/{rel}","templated":true}]}}