{"id":4551,"date":"2020-12-11T00:05:35","date_gmt":"2020-12-10T23:05:35","guid":{"rendered":"https:\/\/womenhouse.cz\/?p=4551"},"modified":"2021-01-05T14:38:53","modified_gmt":"2021-01-05T13:38:53","slug":"poteste-deti-z-detskeho-domova-diky-stromu-splnenych-prani-v-atriu-flora","status":"publish","type":"post","link":"https:\/\/womenhouse.cz\/index.php\/2020\/12\/11\/poteste-deti-z-detskeho-domova-diky-stromu-splnenych-prani-v-atriu-flora\/","title":{"rendered":"Pot\u011b\u0161te d\u011bti z d\u011btsk\u00e9ho domova d\u00edky Stromu spln\u011bn\u00fdch p\u0159\u00e1n\u00ed v Atriu Flora"},"content":{"rendered":"\n<p><strong>Pot\u011b\u0161te opu\u0161t\u011bn\u00e9 d\u011bti ze \u017eateck\u00e9ho d\u011btsk\u00e9ho domova a sta\u0148te se jejich Je\u017e\u00ed\u0161kem i v&nbsp;leto\u0161n\u00edm roce. D\u00edky obchodn\u00edmu centru Atrium Flora m\u00e1te \u0161anci ud\u011blat dobr\u00fd skutek a pot\u011b\u0161it jedno z&nbsp;87 \u017eateck\u00fdch d\u011bt\u00ed d\u00e1rkem ze Stromu spln\u011bn\u00fdch p\u0159\u00e1n\u00ed.<\/strong><\/p>\n\n\n\n<figure class=\"wp-block-image size-large\"><img loading=\"lazy\" decoding=\"async\" width=\"696\" height=\"696\" src=\"https:\/\/womenhouse.cz\/wp-content\/uploads\/2020\/12\/obr-2.jpg\" alt=\"\" class=\"wp-image-4552\" srcset=\"https:\/\/womenhouse.cz\/wp-content\/uploads\/2020\/12\/obr-2.jpg 696w, https:\/\/womenhouse.cz\/wp-content\/uploads\/2020\/12\/obr-2-300x300.jpg 300w, https:\/\/womenhouse.cz\/wp-content\/uploads\/2020\/12\/obr-2-150x150.jpg 150w\" sizes=\"(max-width: 696px) 100vw, 696px\" \/><\/figure>\n\n\n\n<p><strong>Ji\u017e od 1. prosince 2020 m\u016f\u017eete ud\u011blat dobr\u00fd skutek a obdarovat jedno z&nbsp;d\u011bt\u00ed ze \u017eateck\u00e9ho d\u011btsk\u00e9ho domova. Obchodn\u00ed centrum Atrium Flora se op\u011bt rozhodlo podpo\u0159it tento domov a uspo\u0159\u00e1dat ve spolupr\u00e1ci s&nbsp;n\u00edm akci Strom spln\u011bn\u00fdch p\u0159\u00e1n\u00ed. Ta pln\u00ed ka\u017edoro\u010dn\u011b p\u0159\u00e1n\u00ed des\u00edtek d\u011bt\u00ed z&nbsp;d\u011btsk\u00e9ho domova. Obdr\u017een\u00e9 d\u00e1rky jim vykouzl\u00ed \u00fasm\u011bv na rtech a v \u017eateck\u00e9m domov\u011b zavl\u00e1dne \u0161t\u011bst\u00ed a vd\u011b\u010dnost za poskytnut\u00e9 dary.<\/strong><\/p>\n\n\n\n<div class=\"wp-block-image\"><figure class=\"aligncenter size-large\"><img loading=\"lazy\" decoding=\"async\" width=\"576\" height=\"1024\" src=\"https:\/\/womenhouse.cz\/wp-content\/uploads\/2020\/12\/obr-576x1024.jpg\" alt=\"\" class=\"wp-image-4554\" srcset=\"https:\/\/womenhouse.cz\/wp-content\/uploads\/2020\/12\/obr-576x1024.jpg 576w, https:\/\/womenhouse.cz\/wp-content\/uploads\/2020\/12\/obr-169x300.jpg 169w, https:\/\/womenhouse.cz\/wp-content\/uploads\/2020\/12\/obr-768x1365.jpg 768w, https:\/\/womenhouse.cz\/wp-content\/uploads\/2020\/12\/obr-864x1536.jpg 864w, https:\/\/womenhouse.cz\/wp-content\/uploads\/2020\/12\/obr-1152x2048.jpg 1152w, https:\/\/womenhouse.cz\/wp-content\/uploads\/2020\/12\/obr.jpg 1440w\" sizes=\"(max-width: 576px) 100vw, 576px\" \/><\/figure><\/div>\n\n\n\n<p>Sta\u0148te se i vy letos anonymn\u00edm Je\u017e\u00ed\u0161kem, a nejen vzhledem k&nbsp;sou\u010dasn\u00e9 situaci, kdy jsou d\u011bti nav\u00edc izolovan\u00e9, jim ud\u011blejte v\u00e1no\u010dn\u00ed radost. Nezapom\u00ednejme, \u017ee ne ka\u017ed\u00fd z&nbsp;n\u00e1s m\u00e1 mo\u017enost tr\u00e1vit V\u00e1noce s&nbsp;na\u0161imi nejbli\u017e\u0161\u00edmi. P\u0159\u00e1n\u00ed d\u011bt\u00ed ze \u017eateck\u00e9ho d\u011btsk\u00e9ho domova um\u00edst\u011bn\u00e1 na strom v&nbsp;obchodn\u00edm centru Atrium Flora na pra\u017esk\u00e9m \u017di\u017ekov\u011b bude mo\u017en\u00e9 splnit od 1. do 23. prosince 2020. Pak budou d\u00e1rky odvezeny do d\u011btsk\u00e9ho domova. Ud\u011blat radost je jednoduch\u00e9 \u2013 vyberte si jedno z&nbsp;p\u0159\u00e1n\u00ed na strom\u011b a spl\u0148te ho. Pot\u011b\u0161te ty, kter\u00e9 jejich vlastn\u00ed rodi\u010de pot\u011b\u0161it nemohou. Volba, kter\u00fd d\u00e1rek se rozhodnete darovat, je \u010dist\u011b na v\u00e1s. Konkr\u00e9tn\u00ed p\u0159\u00e1n\u00ed d\u011bt\u00ed jsou r\u016fzn\u00e1, od z\u00e1kladn\u00edch pot\u0159eb, jako je oble\u010den\u00ed \u010di obuv, p\u0159es hra\u010dky po batohy do \u0161koly.<\/p>\n\n\n\n<figure class=\"wp-block-image size-large\"><img loading=\"lazy\" decoding=\"async\" width=\"1024\" height=\"683\" src=\"https:\/\/womenhouse.cz\/wp-content\/uploads\/2020\/12\/oc-flora-1-1024x683.jpg\" alt=\"\" class=\"wp-image-4553\" srcset=\"https:\/\/womenhouse.cz\/wp-content\/uploads\/2020\/12\/oc-flora-1-1024x683.jpg 1024w, https:\/\/womenhouse.cz\/wp-content\/uploads\/2020\/12\/oc-flora-1-300x200.jpg 300w, https:\/\/womenhouse.cz\/wp-content\/uploads\/2020\/12\/oc-flora-1-768x513.jpg 768w\" sizes=\"(max-width: 1024px) 100vw, 1024px\" \/><\/figure>\n\n\n\n<p><strong>Aktu\u00e1ln\u00ed informace najdete na str\u00e1nk\u00e1ch <a href=\"http:\/\/www.atrium-flora.cz\/\">www.atrium-flora.cz<\/a>.<\/strong><\/p>\n\n\n\n<div style=\"height:100px\" aria-hidden=\"true\" class=\"wp-block-spacer\"><\/div>\n","protected":false},"excerpt":{"rendered":"<p>Pot\u011b\u0161te opu\u0161t\u011bn\u00e9 d\u011bti ze \u017eateck\u00e9ho d\u011btsk\u00e9ho domova a sta\u0148te se jejich Je\u017e\u00ed\u0161kem i v&nbsp;leto\u0161n\u00edm roce. D\u00edky obchodn\u00edmu centru Atrium Flora m\u00e1te \u0161anci ud\u011blat dobr\u00fd skutek a pot\u011b\u0161it jedno z&nbsp;87 \u017eateck\u00fdch d\u011bt\u00ed d\u00e1rkem ze Stromu spln\u011bn\u00fdch p\u0159\u00e1n\u00ed. Ji\u017e od 1. prosince 2020 m\u016f\u017eete ud\u011blat dobr\u00fd skutek a obdarovat jedno z&nbsp;d\u011bt\u00ed ze \u017eateck\u00e9ho d\u011btsk\u00e9ho domova. Obchodn\u00ed centrum [&hellip;]<\/p>\n","protected":false},"author":2,"featured_media":4552,"comment_status":"closed","ping_status":"closed","sticky":false,"template":"","format":"standard","meta":{"_mi_skip_tracking":false,"_monsterinsights_sitenote_active":false,"_monsterinsights_sitenote_note":"","_monsterinsights_sitenote_category":0,"footnotes":""},"categories":[21,4,2,17],"tags":[],"yoast_head":"<!-- This site is optimized with the Yoast SEO plugin v21.5 - https:\/\/yoast.com\/wordpress\/plugins\/seo\/ -->\n<title>Pot\u011b\u0161te d\u011bti z d\u011btsk\u00e9ho domova d\u00edky Stromu spln\u011bn\u00fdch p\u0159\u00e1n\u00ed v Atriu Flora - WOMENHOUSE.cz<\/title>\n<meta name=\"robots\" content=\"index, follow, max-snippet:-1, max-image-preview:large, max-video-preview:-1\" \/>\n<link rel=\"canonical\" href=\"https:\/\/womenhouse.cz\/index.php\/2020\/12\/11\/poteste-deti-z-detskeho-domova-diky-stromu-splnenych-prani-v-atriu-flora\/\" \/>\n<meta property=\"og:locale\" content=\"cs_CZ\" \/>\n<meta property=\"og:type\" content=\"article\" \/>\n<meta property=\"og:title\" content=\"Pot\u011b\u0161te d\u011bti z d\u011btsk\u00e9ho domova d\u00edky Stromu spln\u011bn\u00fdch p\u0159\u00e1n\u00ed v Atriu Flora - WOMENHOUSE.cz\" \/>\n<meta property=\"og:description\" content=\"Pot\u011b\u0161te opu\u0161t\u011bn\u00e9 d\u011bti ze \u017eateck\u00e9ho d\u011btsk\u00e9ho domova a sta\u0148te se jejich Je\u017e\u00ed\u0161kem i v&nbsp;leto\u0161n\u00edm roce. D\u00edky obchodn\u00edmu centru Atrium Flora m\u00e1te \u0161anci ud\u011blat dobr\u00fd skutek a pot\u011b\u0161it jedno z&nbsp;87 \u017eateck\u00fdch d\u011bt\u00ed d\u00e1rkem ze Stromu spln\u011bn\u00fdch p\u0159\u00e1n\u00ed. Ji\u017e od 1. prosince 2020 m\u016f\u017eete ud\u011blat dobr\u00fd skutek a obdarovat jedno z&nbsp;d\u011bt\u00ed ze \u017eateck\u00e9ho d\u011btsk\u00e9ho domova. Obchodn\u00ed centrum [&hellip;]\" \/>\n<meta property=\"og:url\" content=\"https:\/\/womenhouse.cz\/index.php\/2020\/12\/11\/poteste-deti-z-detskeho-domova-diky-stromu-splnenych-prani-v-atriu-flora\/\" \/>\n<meta property=\"og:site_name\" content=\"WOMENHOUSE.cz\" \/>\n<meta property=\"article:publisher\" content=\"https:\/\/www.facebook.com\/womenhousecz\" \/>\n<meta property=\"article:published_time\" content=\"2020-12-10T23:05:35+00:00\" \/>\n<meta property=\"article:modified_time\" content=\"2021-01-05T13:38:53+00:00\" \/>\n<meta property=\"og:image\" content=\"https:\/\/womenhouse.cz\/wp-content\/uploads\/2020\/12\/obr-2.jpg\" \/>\n\t<meta property=\"og:image:width\" content=\"696\" \/>\n\t<meta property=\"og:image:height\" content=\"696\" \/>\n\t<meta property=\"og:image:type\" content=\"image\/jpeg\" \/>\n<meta name=\"author\" content=\"Jolana Hol\u00e1\u0148ov\u00e1\" \/>\n<meta name=\"twitter:card\" content=\"summary_large_image\" \/>\n<meta name=\"twitter:label1\" content=\"Napsal(a)\" \/>\n\t<meta name=\"twitter:data1\" content=\"Jolana Hol\u00e1\u0148ov\u00e1\" \/>\n\t<meta name=\"twitter:label2\" content=\"Odhadovan\u00e1 doba \u010dten\u00ed\" \/>\n\t<meta name=\"twitter:data2\" content=\"2 minuty\" \/>\n<script type=\"application\/ld+json\" class=\"yoast-schema-graph\">{\"@context\":\"https:\/\/schema.org\",\"@graph\":[{\"@type\":\"Article\",\"@id\":\"https:\/\/womenhouse.cz\/index.php\/2020\/12\/11\/poteste-deti-z-detskeho-domova-diky-stromu-splnenych-prani-v-atriu-flora\/#article\",\"isPartOf\":{\"@id\":\"https:\/\/womenhouse.cz\/index.php\/2020\/12\/11\/poteste-deti-z-detskeho-domova-diky-stromu-splnenych-prani-v-atriu-flora\/\"},\"author\":{\"name\":\"Jolana Hol\u00e1\u0148ov\u00e1\",\"@id\":\"https:\/\/womenhouse.cz\/#\/schema\/person\/541326101f8d68c711e83e8fecc80738\"},\"headline\":\"Pot\u011b\u0161te d\u011bti z d\u011btsk\u00e9ho domova d\u00edky Stromu spln\u011bn\u00fdch p\u0159\u00e1n\u00ed v Atriu Flora\",\"datePublished\":\"2020-12-10T23:05:35+00:00\",\"dateModified\":\"2021-01-05T13:38:53+00:00\",\"mainEntityOfPage\":{\"@id\":\"https:\/\/womenhouse.cz\/index.php\/2020\/12\/11\/poteste-deti-z-detskeho-domova-diky-stromu-splnenych-prani-v-atriu-flora\/\"},\"wordCount\":357,\"publisher\":{\"@id\":\"https:\/\/womenhouse.cz\/#organization\"},\"articleSection\":[\"AKCE &amp; KULTURA\",\"M\u00f3DA\",\"NEWS\",\"SPOLE\u010cNOST &amp; VZTAHY\"],\"inLanguage\":\"cs\"},{\"@type\":\"WebPage\",\"@id\":\"https:\/\/womenhouse.cz\/index.php\/2020\/12\/11\/poteste-deti-z-detskeho-domova-diky-stromu-splnenych-prani-v-atriu-flora\/\",\"url\":\"https:\/\/womenhouse.cz\/index.php\/2020\/12\/11\/poteste-deti-z-detskeho-domova-diky-stromu-splnenych-prani-v-atriu-flora\/\",\"name\":\"Pot\u011b\u0161te d\u011bti z d\u011btsk\u00e9ho domova d\u00edky Stromu spln\u011bn\u00fdch p\u0159\u00e1n\u00ed v Atriu Flora - WOMENHOUSE.cz\",\"isPartOf\":{\"@id\":\"https:\/\/womenhouse.cz\/#website\"},\"datePublished\":\"2020-12-10T23:05:35+00:00\",\"dateModified\":\"2021-01-05T13:38:53+00:00\",\"breadcrumb\":{\"@id\":\"https:\/\/womenhouse.cz\/index.php\/2020\/12\/11\/poteste-deti-z-detskeho-domova-diky-stromu-splnenych-prani-v-atriu-flora\/#breadcrumb\"},\"inLanguage\":\"cs\",\"potentialAction\":[{\"@type\":\"ReadAction\",\"target\":[\"https:\/\/womenhouse.cz\/index.php\/2020\/12\/11\/poteste-deti-z-detskeho-domova-diky-stromu-splnenych-prani-v-atriu-flora\/\"]}]},{\"@type\":\"BreadcrumbList\",\"@id\":\"https:\/\/womenhouse.cz\/index.php\/2020\/12\/11\/poteste-deti-z-detskeho-domova-diky-stromu-splnenych-prani-v-atriu-flora\/#breadcrumb\",\"itemListElement\":[{\"@type\":\"ListItem\",\"position\":1,\"name\":\"Dom\u016f\",\"item\":\"https:\/\/womenhouse.cz\/\"},{\"@type\":\"ListItem\",\"position\":2,\"name\":\"Pot\u011b\u0161te d\u011bti z d\u011btsk\u00e9ho domova d\u00edky Stromu spln\u011bn\u00fdch p\u0159\u00e1n\u00ed v Atriu Flora\"}]},{\"@type\":\"WebSite\",\"@id\":\"https:\/\/womenhouse.cz\/#website\",\"url\":\"https:\/\/womenhouse.cz\/\",\"name\":\"WOMENHOUSE.cz\",\"description\":\"Port\u00e1l v\u00fdhradn\u011b jen pro \u017eeny...\",\"publisher\":{\"@id\":\"https:\/\/womenhouse.cz\/#organization\"},\"potentialAction\":[{\"@type\":\"SearchAction\",\"target\":{\"@type\":\"EntryPoint\",\"urlTemplate\":\"https:\/\/womenhouse.cz\/?s={search_term_string}\"},\"query-input\":\"required name=search_term_string\"}],\"inLanguage\":\"cs\"},{\"@type\":\"Organization\",\"@id\":\"https:\/\/womenhouse.cz\/#organization\",\"name\":\"WOMENHOUSE.cz\",\"url\":\"https:\/\/womenhouse.cz\/\",\"logo\":{\"@type\":\"ImageObject\",\"inLanguage\":\"cs\",\"@id\":\"https:\/\/womenhouse.cz\/#\/schema\/logo\/image\/\",\"url\":\"https:\/\/womenhouse.cz\/wp-content\/uploads\/2020\/06\/cropped-logo_Womenhouse_RGB-02-removebg-preview-1.png\",\"contentUrl\":\"https:\/\/womenhouse.cz\/wp-content\/uploads\/2020\/06\/cropped-logo_Womenhouse_RGB-02-removebg-preview-1.png\",\"width\":561,\"height\":375,\"caption\":\"WOMENHOUSE.cz\"},\"image\":{\"@id\":\"https:\/\/womenhouse.cz\/#\/schema\/logo\/image\/\"},\"sameAs\":[\"https:\/\/www.facebook.com\/womenhousecz\",\"https:\/\/www.instagram.com\/womenhousecz\/\"]},{\"@type\":\"Person\",\"@id\":\"https:\/\/womenhouse.cz\/#\/schema\/person\/541326101f8d68c711e83e8fecc80738\",\"name\":\"Jolana Hol\u00e1\u0148ov\u00e1\",\"sameAs\":[\"http:\/\/www.womenhouse.cz\"],\"url\":\"https:\/\/womenhouse.cz\/index.php\/author\/jolhol\/\"}]}<\/script>\n<!-- \/ Yoast SEO plugin. -->","yoast_head_json":{"title":"Pot\u011b\u0161te d\u011bti z d\u011btsk\u00e9ho domova d\u00edky Stromu spln\u011bn\u00fdch p\u0159\u00e1n\u00ed v Atriu Flora - WOMENHOUSE.cz","robots":{"index":"index","follow":"follow","max-snippet":"max-snippet:-1","max-image-preview":"max-image-preview:large","max-video-preview":"max-video-preview:-1"},"canonical":"https:\/\/womenhouse.cz\/index.php\/2020\/12\/11\/poteste-deti-z-detskeho-domova-diky-stromu-splnenych-prani-v-atriu-flora\/","og_locale":"cs_CZ","og_type":"article","og_title":"Pot\u011b\u0161te d\u011bti z d\u011btsk\u00e9ho domova d\u00edky Stromu spln\u011bn\u00fdch p\u0159\u00e1n\u00ed v Atriu Flora - WOMENHOUSE.cz","og_description":"Pot\u011b\u0161te opu\u0161t\u011bn\u00e9 d\u011bti ze \u017eateck\u00e9ho d\u011btsk\u00e9ho domova a sta\u0148te se jejich Je\u017e\u00ed\u0161kem i v&nbsp;leto\u0161n\u00edm roce. D\u00edky obchodn\u00edmu centru Atrium Flora m\u00e1te \u0161anci ud\u011blat dobr\u00fd skutek a pot\u011b\u0161it jedno z&nbsp;87 \u017eateck\u00fdch d\u011bt\u00ed d\u00e1rkem ze Stromu spln\u011bn\u00fdch p\u0159\u00e1n\u00ed. Ji\u017e od 1. prosince 2020 m\u016f\u017eete ud\u011blat dobr\u00fd skutek a obdarovat jedno z&nbsp;d\u011bt\u00ed ze \u017eateck\u00e9ho d\u011btsk\u00e9ho domova. Obchodn\u00ed centrum [&hellip;]","og_url":"https:\/\/womenhouse.cz\/index.php\/2020\/12\/11\/poteste-deti-z-detskeho-domova-diky-stromu-splnenych-prani-v-atriu-flora\/","og_site_name":"WOMENHOUSE.cz","article_publisher":"https:\/\/www.facebook.com\/womenhousecz","article_published_time":"2020-12-10T23:05:35+00:00","article_modified_time":"2021-01-05T13:38:53+00:00","og_image":[{"width":696,"height":696,"url":"https:\/\/womenhouse.cz\/wp-content\/uploads\/2020\/12\/obr-2.jpg","type":"image\/jpeg"}],"author":"Jolana Hol\u00e1\u0148ov\u00e1","twitter_card":"summary_large_image","twitter_misc":{"Napsal(a)":"Jolana Hol\u00e1\u0148ov\u00e1","Odhadovan\u00e1 doba \u010dten\u00ed":"2 minuty"},"schema":{"@context":"https:\/\/schema.org","@graph":[{"@type":"Article","@id":"https:\/\/womenhouse.cz\/index.php\/2020\/12\/11\/poteste-deti-z-detskeho-domova-diky-stromu-splnenych-prani-v-atriu-flora\/#article","isPartOf":{"@id":"https:\/\/womenhouse.cz\/index.php\/2020\/12\/11\/poteste-deti-z-detskeho-domova-diky-stromu-splnenych-prani-v-atriu-flora\/"},"author":{"name":"Jolana Hol\u00e1\u0148ov\u00e1","@id":"https:\/\/womenhouse.cz\/#\/schema\/person\/541326101f8d68c711e83e8fecc80738"},"headline":"Pot\u011b\u0161te d\u011bti z d\u011btsk\u00e9ho domova d\u00edky Stromu spln\u011bn\u00fdch p\u0159\u00e1n\u00ed v Atriu Flora","datePublished":"2020-12-10T23:05:35+00:00","dateModified":"2021-01-05T13:38:53+00:00","mainEntityOfPage":{"@id":"https:\/\/womenhouse.cz\/index.php\/2020\/12\/11\/poteste-deti-z-detskeho-domova-diky-stromu-splnenych-prani-v-atriu-flora\/"},"wordCount":357,"publisher":{"@id":"https:\/\/womenhouse.cz\/#organization"},"articleSection":["AKCE &amp; KULTURA","M\u00f3DA","NEWS","SPOLE\u010cNOST &amp; VZTAHY"],"inLanguage":"cs"},{"@type":"WebPage","@id":"https:\/\/womenhouse.cz\/index.php\/2020\/12\/11\/poteste-deti-z-detskeho-domova-diky-stromu-splnenych-prani-v-atriu-flora\/","url":"https:\/\/womenhouse.cz\/index.php\/2020\/12\/11\/poteste-deti-z-detskeho-domova-diky-stromu-splnenych-prani-v-atriu-flora\/","name":"Pot\u011b\u0161te d\u011bti z d\u011btsk\u00e9ho domova d\u00edky Stromu spln\u011bn\u00fdch p\u0159\u00e1n\u00ed v Atriu Flora - WOMENHOUSE.cz","isPartOf":{"@id":"https:\/\/womenhouse.cz\/#website"},"datePublished":"2020-12-10T23:05:35+00:00","dateModified":"2021-01-05T13:38:53+00:00","breadcrumb":{"@id":"https:\/\/womenhouse.cz\/index.php\/2020\/12\/11\/poteste-deti-z-detskeho-domova-diky-stromu-splnenych-prani-v-atriu-flora\/#breadcrumb"},"inLanguage":"cs","potentialAction":[{"@type":"ReadAction","target":["https:\/\/womenhouse.cz\/index.php\/2020\/12\/11\/poteste-deti-z-detskeho-domova-diky-stromu-splnenych-prani-v-atriu-flora\/"]}]},{"@type":"BreadcrumbList","@id":"https:\/\/womenhouse.cz\/index.php\/2020\/12\/11\/poteste-deti-z-detskeho-domova-diky-stromu-splnenych-prani-v-atriu-flora\/#breadcrumb","itemListElement":[{"@type":"ListItem","position":1,"name":"Dom\u016f","item":"https:\/\/womenhouse.cz\/"},{"@type":"ListItem","position":2,"name":"Pot\u011b\u0161te d\u011bti z d\u011btsk\u00e9ho domova d\u00edky Stromu spln\u011bn\u00fdch p\u0159\u00e1n\u00ed v Atriu Flora"}]},{"@type":"WebSite","@id":"https:\/\/womenhouse.cz\/#website","url":"https:\/\/womenhouse.cz\/","name":"WOMENHOUSE.cz","description":"Port\u00e1l v\u00fdhradn\u011b jen pro \u017eeny...","publisher":{"@id":"https:\/\/womenhouse.cz\/#organization"},"potentialAction":[{"@type":"SearchAction","target":{"@type":"EntryPoint","urlTemplate":"https:\/\/womenhouse.cz\/?s={search_term_string}"},"query-input":"required name=search_term_string"}],"inLanguage":"cs"},{"@type":"Organization","@id":"https:\/\/womenhouse.cz\/#organization","name":"WOMENHOUSE.cz","url":"https:\/\/womenhouse.cz\/","logo":{"@type":"ImageObject","inLanguage":"cs","@id":"https:\/\/womenhouse.cz\/#\/schema\/logo\/image\/","url":"https:\/\/womenhouse.cz\/wp-content\/uploads\/2020\/06\/cropped-logo_Womenhouse_RGB-02-removebg-preview-1.png","contentUrl":"https:\/\/womenhouse.cz\/wp-content\/uploads\/2020\/06\/cropped-logo_Womenhouse_RGB-02-removebg-preview-1.png","width":561,"height":375,"caption":"WOMENHOUSE.cz"},"image":{"@id":"https:\/\/womenhouse.cz\/#\/schema\/logo\/image\/"},"sameAs":["https:\/\/www.facebook.com\/womenhousecz","https:\/\/www.instagram.com\/womenhousecz\/"]},{"@type":"Person","@id":"https:\/\/womenhouse.cz\/#\/schema\/person\/541326101f8d68c711e83e8fecc80738","name":"Jolana Hol\u00e1\u0148ov\u00e1","sameAs":["http:\/\/www.womenhouse.cz"],"url":"https:\/\/womenhouse.cz\/index.php\/author\/jolhol\/"}]}},"_links":{"self":[{"href":"https:\/\/womenhouse.cz\/index.php\/wp-json\/wp\/v2\/posts\/4551"}],"collection":[{"href":"https:\/\/womenhouse.cz\/index.php\/wp-json\/wp\/v2\/posts"}],"about":[{"href":"https:\/\/womenhouse.cz\/index.php\/wp-json\/wp\/v2\/types\/post"}],"author":[{"embeddable":true,"href":"https:\/\/womenhouse.cz\/index.php\/wp-json\/wp\/v2\/users\/2"}],"replies":[{"embeddable":true,"href":"https:\/\/womenhouse.cz\/index.php\/wp-json\/wp\/v2\/comments?post=4551"}],"version-history":[{"count":-3,"href":"https:\/\/womenhouse.cz\/index.php\/wp-json\/wp\/v2\/posts\/4551\/revisions"}],"wp:featuredmedia":[{"embeddable":true,"href":"https:\/\/womenhouse.cz\/index.php\/wp-json\/wp\/v2\/media\/4552"}],"wp:attachment":[{"href":"https:\/\/womenhouse.cz\/index.php\/wp-json\/wp\/v2\/media?parent=4551"}],"wp:term":[{"taxonomy":"category","embeddable":true,"href":"https:\/\/womenhouse.cz\/index.php\/wp-json\/wp\/v2\/categories?post=4551"},{"taxonomy":"post_tag","embeddable":true,"href":"https:\/\/womenhouse.cz\/index.php\/wp-json\/wp\/v2\/tags?post=4551"}],"curies":[{"name":"wp","href":"https:\/\/api.w.org\/{rel}","templated":true}]}}