{"id":4448,"date":"2020-11-21T01:43:16","date_gmt":"2020-11-21T00:43:16","guid":{"rendered":"https:\/\/womenhouse.cz\/?p=4448"},"modified":"2021-02-19T02:51:54","modified_gmt":"2021-02-19T01:51:54","slug":"modni-damske-svetry-v-sezone-2020","status":"publish","type":"post","link":"https:\/\/womenhouse.cz\/index.php\/2020\/11\/21\/modni-damske-svetry-v-sezone-2020\/","title":{"rendered":"M\u00f3dn\u00ed d\u00e1msk\u00e9 svetry v sez\u00f3n\u011b 2020"},"content":{"rendered":"\n<p><strong>Nastal chladn\u00fd podzim a spolu s n\u00edm si p\u0159\u00edze\u0148 znovu z\u00edskaly tepl\u00e9 svetry. \u017d\u00e1dn\u00fd d\u00e1msk\u00fd \u0161atn\u00edk se neobejde bez tohoto prvku, kter\u00fd chr\u00e1n\u00ed nejen p\u0159ed chladem, ale je tak\u00e9 nepostradatelnou sou\u010d\u00e1st\u00ed mnoha stylizac\u00ed. Jak\u00e9 svetry jsou v m\u00f3d\u011b v sez\u00f3n\u011b podzim\/zima 2020 &#8211; 2021?<\/strong><\/p>\n\n\n\n<figure class=\"wp-block-image size-large\"><img loading=\"lazy\" decoding=\"async\" width=\"759\" height=\"1024\" src=\"https:\/\/womenhouse.cz\/wp-content\/uploads\/2020\/11\/svetrmikalina-759x1024.jpg\" alt=\"\" class=\"wp-image-4450\" srcset=\"https:\/\/womenhouse.cz\/wp-content\/uploads\/2020\/11\/svetrmikalina-759x1024.jpg 759w, https:\/\/womenhouse.cz\/wp-content\/uploads\/2020\/11\/svetrmikalina-222x300.jpg 222w, https:\/\/womenhouse.cz\/wp-content\/uploads\/2020\/11\/svetrmikalina-768x1036.jpg 768w, https:\/\/womenhouse.cz\/wp-content\/uploads\/2020\/11\/svetrmikalina.jpg 1024w\" sizes=\"(max-width: 759px) 100vw, 759px\" \/><\/figure>\n\n\n\n<h2 class=\"wp-block-heading\">Dlouh\u00fd svetr s rol\u00e1kem<\/h2>\n\n\n\n<p>Jedn\u00edm z nejzaj\u00edmav\u011bj\u0161\u00edch trend\u016f t\u00e9to sez\u00f3ny jsou dlouh\u00e9 svetry s rol\u00e1kem. Modely tohoto typu se daj\u00ed mimo jin\u00e9 nosit se \u0161irok\u00fdmi nohavicemi, s \u00fazk\u00fdmi d\u017e\u00ednami nebo leg\u00ednami a tak\u00e9 nam\u00edsto \u0161at\u016f. Nen\u00ed pochyb o tom, \u017ee to nen\u00ed jen jedna z&nbsp;nejstylov\u011bj\u0161\u00edch a nejuniverz\u00e1ln\u011bj\u0161\u00edch mo\u017enost\u00ed, ale i nejteplej\u0161\u00ed a nejpohodln\u011bj\u0161\u00ed volba pro podzim a zimu.<\/p>\n\n\n\n<h2 class=\"wp-block-heading\">Melan\u017eov\u00e9 svetry<\/h2>\n\n\n\n<p>Melan\u017eov\u00e9 tkaniny, to znamen\u00e1 kombinace r\u016fzn\u00fdch barev, jsou skv\u011bl\u00fdm zp\u016fsobem, jak o\u017eivit barevn\u011b lad\u011bnou stylizaci. M\u00f3dn\u00ed svetry, kter\u00e9 odr\u00e1\u017eej\u00ed tento trend, mohou m\u00edt r\u016fzn\u00e9 st\u0159ihy a vzory: od dvou podobn\u00fdch odst\u00edn\u016f po v\u00edcebarevn\u00e9 kontrastn\u00ed sm\u011bsi.<\/p>\n\n\n\n<figure class=\"wp-block-image size-large\"><img loading=\"lazy\" decoding=\"async\" width=\"759\" height=\"1024\" src=\"https:\/\/womenhouse.cz\/wp-content\/uploads\/2020\/11\/swetraltin-759x1024.jpg\" alt=\"\" class=\"wp-image-4451\" srcset=\"https:\/\/womenhouse.cz\/wp-content\/uploads\/2020\/11\/swetraltin-759x1024.jpg 759w, https:\/\/womenhouse.cz\/wp-content\/uploads\/2020\/11\/swetraltin-222x300.jpg 222w, https:\/\/womenhouse.cz\/wp-content\/uploads\/2020\/11\/swetraltin-768x1036.jpg 768w, https:\/\/womenhouse.cz\/wp-content\/uploads\/2020\/11\/swetraltin.jpg 1024w\" sizes=\"(max-width: 759px) 100vw, 759px\" \/><\/figure>\n\n\n\n<h2 class=\"wp-block-heading\">Svetr s objemn\u00fdmi ruk\u00e1vy<\/h2>\n\n\n\n<p>Skute\u010dn\u00fdm hitem leto\u0161n\u00edho podzimu jsou tepl\u00e9 svetry s efektn\u00edmi nafoukl\u00fdmi ruk\u00e1vy. Takov\u00fd prvek funguje tak v kr\u00e1tk\u00fdch svetrech (kter\u00e9 je mo\u017en\u00e9 kombinovat s kalhotami nebo zastr\u010dit do sukn\u00ed s vysok\u00fdm pasem), jako\u017e i v dlouh\u00fdch svetrech p\u0159ipom\u00ednaj\u00edc\u00edch teplou tuniku.<\/p>\n\n\n\n<h2 class=\"wp-block-heading\">Tepl\u00fd svetr oversize<\/h2>\n\n\n\n<p>Velk\u00fd objem se net\u00fdk\u00e1 pouze ruk\u00e1v\u016f, ale i cel\u00fdch svetr\u016f. Prostorn\u00e9 oble\u010den\u00ed m\u00e1 mnoho v\u00fdhod: je mimo\u0159\u00e1dn\u011b pohodln\u00e9, dokonale se star\u00e1 o na\u0161i tepelnou pohodu a nav\u00edc dok\u00e1\u017ee tvarovat postavu. Vypad\u00e1 mj. skv\u011ble na velmi \u0161t\u00edhl\u00fdch lidech, s mal\u00fdmi prsy, jako\u017e i na d\u00e1m\u00e1ch s postavou typu jablko, proto\u017ee skr\u00fdvaj\u00ed v\u00fdrazn\u00e9 b\u0159\u00ed\u0161ko, p\u0159i\u010dem\u017e odhaluj\u00ed tvarovan\u00e9 nohy.<\/p>\n\n\n\n<figure class=\"wp-block-image size-large\"><img loading=\"lazy\" decoding=\"async\" width=\"759\" height=\"1024\" src=\"https:\/\/womenhouse.cz\/wp-content\/uploads\/2020\/11\/svetrdastan-759x1024.jpg\" alt=\"\" class=\"wp-image-4449\" srcset=\"https:\/\/womenhouse.cz\/wp-content\/uploads\/2020\/11\/svetrdastan-759x1024.jpg 759w, https:\/\/womenhouse.cz\/wp-content\/uploads\/2020\/11\/svetrdastan-222x300.jpg 222w, https:\/\/womenhouse.cz\/wp-content\/uploads\/2020\/11\/svetrdastan-768x1036.jpg 768w, https:\/\/womenhouse.cz\/wp-content\/uploads\/2020\/11\/svetrdastan.jpg 1024w\" sizes=\"(max-width: 759px) 100vw, 759px\" \/><\/figure>\n\n\n\n<h2 class=\"wp-block-heading\">Svetr s nekryt\u00fdm ramenem<\/h2>\n\n\n\n<p>Jak b\u00fdv\u00e1 zvykem, nechyb\u011bly ani odkazy na m\u00f3du p\u0159ed desetilet\u00ed &#8211; tentokr\u00e1t z&nbsp;bl\u00e1zniv\u00fdch 70. let. Asymetrick\u00fd v\u00fdst\u0159ih, kter\u00fd non\u0161alantn\u011b odhaluje jedno rameno, je zp\u016fsob, jak p\u016fsobit elegantn\u011b a z\u00e1rove\u0148 velmi sv\u016fdn\u011b. Takov\u00fd svetr se d\u00e1 nosit na ka\u017edou p\u0159\u00edle\u017eitost: na proch\u00e1zku, setk\u00e1n\u00ed s p\u0159\u00e1teli, do pr\u00e1ce nebo na romantick\u00e9 rande.<\/p>\n\n\n\n<p>B\u00e9\u017eov\u00e1, b\u00edl\u00e1 a r\u016fzn\u00e9 odst\u00edny \u0161ed\u00e9 nebo hn\u011bd\u00e9 jsou klasikou, kter\u00e1 n\u00e1m bude slou\u017eit mnoho let. Odkaz na barvy zem\u011b je sou\u010d\u00e1st\u00ed v\u011bdom\u00e9 m\u00f3dy, kter\u00e1 se zam\u011b\u0159uje na p\u0159\u00edrodn\u00ed materi\u00e1ly a n\u00e1kup nad\u010dasov\u00fdch v\u011bc\u00ed, kter\u00e9 nen\u00ed t\u0159eba \u010dasto m\u011bnit, co\u017e p\u0159isp\u00edv\u00e1 k p\u00e9\u010di o planetu. Neutr\u00e1ln\u00ed barvy se hod\u00ed k jin\u00fdm klasick\u00fdm odst\u00ednem (nap\u0159\u00edklad k \u010dern\u00e9), jako\u017e i k intenzivn\u00edm a \u017eiv\u00fdm barv\u00e1m (nap\u0159\u00edklad k \u010derven\u00e9, tyrkysov\u00e9 nebo fialov\u00e9).<\/p>\n\n\n\n<p><strong>M\u00f3dn\u00ed svetry najdete na\u00a0<a href=\"https:\/\/cz.selfieroom.com\/cz\/svetry\">https:\/\/cz.selfieroom.com\/cz\/svetry<\/a><\/strong><\/p>\n\n\n\n<div style=\"height:20px\" aria-hidden=\"true\" class=\"wp-block-spacer\"><\/div>\n\n\n\n<figure class=\"wp-block-gallery columns-2 is-cropped wp-block-gallery-1 is-layout-flex wp-block-gallery-is-layout-flex\"><ul class=\"blocks-gallery-grid\"><li class=\"blocks-gallery-item\"><figure><img loading=\"lazy\" decoding=\"async\" width=\"759\" height=\"1024\" src=\"https:\/\/womenhouse.cz\/wp-content\/uploads\/2020\/11\/svetrmikalina-759x1024.jpg\" alt=\"\" data-id=\"4450\" data-full-url=\"https:\/\/womenhouse.cz\/wp-content\/uploads\/2020\/11\/svetrmikalina.jpg\" data-link=\"https:\/\/womenhouse.cz\/?attachment_id=4450\" class=\"wp-image-4450\" srcset=\"https:\/\/womenhouse.cz\/wp-content\/uploads\/2020\/11\/svetrmikalina-759x1024.jpg 759w, https:\/\/womenhouse.cz\/wp-content\/uploads\/2020\/11\/svetrmikalina-222x300.jpg 222w, https:\/\/womenhouse.cz\/wp-content\/uploads\/2020\/11\/svetrmikalina-768x1036.jpg 768w, https:\/\/womenhouse.cz\/wp-content\/uploads\/2020\/11\/svetrmikalina.jpg 1024w\" sizes=\"(max-width: 759px) 100vw, 759px\" \/><\/figure><\/li><li class=\"blocks-gallery-item\"><figure><img loading=\"lazy\" decoding=\"async\" width=\"759\" height=\"1024\" src=\"https:\/\/womenhouse.cz\/wp-content\/uploads\/2020\/11\/swetraltin-759x1024.jpg\" alt=\"\" data-id=\"4451\" data-full-url=\"https:\/\/womenhouse.cz\/wp-content\/uploads\/2020\/11\/swetraltin.jpg\" data-link=\"https:\/\/womenhouse.cz\/?attachment_id=4451\" class=\"wp-image-4451\" srcset=\"https:\/\/womenhouse.cz\/wp-content\/uploads\/2020\/11\/swetraltin-759x1024.jpg 759w, https:\/\/womenhouse.cz\/wp-content\/uploads\/2020\/11\/swetraltin-222x300.jpg 222w, https:\/\/womenhouse.cz\/wp-content\/uploads\/2020\/11\/swetraltin-768x1036.jpg 768w, https:\/\/womenhouse.cz\/wp-content\/uploads\/2020\/11\/swetraltin.jpg 1024w\" sizes=\"(max-width: 759px) 100vw, 759px\" \/><\/figure><\/li><li class=\"blocks-gallery-item\"><figure><img loading=\"lazy\" decoding=\"async\" width=\"759\" height=\"1024\" src=\"https:\/\/womenhouse.cz\/wp-content\/uploads\/2020\/11\/svetrdastan-759x1024.jpg\" alt=\"\" data-id=\"4449\" data-full-url=\"https:\/\/womenhouse.cz\/wp-content\/uploads\/2020\/11\/svetrdastan.jpg\" data-link=\"https:\/\/womenhouse.cz\/?attachment_id=4449\" class=\"wp-image-4449\" srcset=\"https:\/\/womenhouse.cz\/wp-content\/uploads\/2020\/11\/svetrdastan-759x1024.jpg 759w, https:\/\/womenhouse.cz\/wp-content\/uploads\/2020\/11\/svetrdastan-222x300.jpg 222w, https:\/\/womenhouse.cz\/wp-content\/uploads\/2020\/11\/svetrdastan-768x1036.jpg 768w, https:\/\/womenhouse.cz\/wp-content\/uploads\/2020\/11\/svetrdastan.jpg 1024w\" sizes=\"(max-width: 759px) 100vw, 759px\" \/><\/figure><\/li><\/ul><\/figure>\n\n\n\n<div style=\"height:100px\" aria-hidden=\"true\" class=\"wp-block-spacer\"><\/div>\n","protected":false},"excerpt":{"rendered":"<p>Nastal chladn\u00fd podzim a spolu s n\u00edm si p\u0159\u00edze\u0148 znovu z\u00edskaly tepl\u00e9 svetry. \u017d\u00e1dn\u00fd d\u00e1msk\u00fd \u0161atn\u00edk se neobejde bez tohoto prvku, kter\u00fd chr\u00e1n\u00ed nejen p\u0159ed chladem, ale je tak\u00e9 nepostradatelnou sou\u010d\u00e1st\u00ed mnoha stylizac\u00ed. Jak\u00e9 svetry jsou v m\u00f3d\u011b v sez\u00f3n\u011b podzim\/zima 2020 &#8211; 2021? Dlouh\u00fd svetr s rol\u00e1kem Jedn\u00edm z nejzaj\u00edmav\u011bj\u0161\u00edch trend\u016f t\u00e9to sez\u00f3ny jsou [&hellip;]<\/p>\n","protected":false},"author":2,"featured_media":4450,"comment_status":"closed","ping_status":"closed","sticky":false,"template":"","format":"standard","meta":{"_mi_skip_tracking":false,"_monsterinsights_sitenote_active":false,"_monsterinsights_sitenote_note":"","_monsterinsights_sitenote_category":0,"footnotes":""},"categories":[25,4,2],"tags":[],"yoast_head":"<!-- This site is optimized with the Yoast SEO plugin v21.5 - https:\/\/yoast.com\/wordpress\/plugins\/seo\/ -->\n<title>M\u00f3dn\u00ed d\u00e1msk\u00e9 svetry v sez\u00f3n\u011b 2020 - WOMENHOUSE.cz<\/title>\n<meta name=\"robots\" content=\"index, follow, max-snippet:-1, max-image-preview:large, max-video-preview:-1\" \/>\n<link rel=\"canonical\" href=\"https:\/\/womenhouse.cz\/index.php\/2020\/11\/21\/modni-damske-svetry-v-sezone-2020\/\" \/>\n<meta property=\"og:locale\" content=\"cs_CZ\" \/>\n<meta property=\"og:type\" content=\"article\" \/>\n<meta property=\"og:title\" content=\"M\u00f3dn\u00ed d\u00e1msk\u00e9 svetry v sez\u00f3n\u011b 2020 - WOMENHOUSE.cz\" \/>\n<meta property=\"og:description\" content=\"Nastal chladn\u00fd podzim a spolu s n\u00edm si p\u0159\u00edze\u0148 znovu z\u00edskaly tepl\u00e9 svetry. \u017d\u00e1dn\u00fd d\u00e1msk\u00fd \u0161atn\u00edk se neobejde bez tohoto prvku, kter\u00fd chr\u00e1n\u00ed nejen p\u0159ed chladem, ale je tak\u00e9 nepostradatelnou sou\u010d\u00e1st\u00ed mnoha stylizac\u00ed. Jak\u00e9 svetry jsou v m\u00f3d\u011b v sez\u00f3n\u011b podzim\/zima 2020 &#8211; 2021? Dlouh\u00fd svetr s rol\u00e1kem Jedn\u00edm z nejzaj\u00edmav\u011bj\u0161\u00edch trend\u016f t\u00e9to sez\u00f3ny jsou [&hellip;]\" \/>\n<meta property=\"og:url\" content=\"https:\/\/womenhouse.cz\/index.php\/2020\/11\/21\/modni-damske-svetry-v-sezone-2020\/\" \/>\n<meta property=\"og:site_name\" content=\"WOMENHOUSE.cz\" \/>\n<meta property=\"article:publisher\" content=\"https:\/\/www.facebook.com\/womenhousecz\" \/>\n<meta property=\"article:published_time\" content=\"2020-11-21T00:43:16+00:00\" \/>\n<meta property=\"article:modified_time\" content=\"2021-02-19T01:51:54+00:00\" \/>\n<meta property=\"og:image\" content=\"https:\/\/womenhouse.cz\/wp-content\/uploads\/2020\/11\/svetrmikalina.jpg\" \/>\n\t<meta property=\"og:image:width\" content=\"1024\" \/>\n\t<meta property=\"og:image:height\" content=\"1381\" \/>\n\t<meta property=\"og:image:type\" content=\"image\/jpeg\" \/>\n<meta name=\"author\" content=\"Jolana Hol\u00e1\u0148ov\u00e1\" \/>\n<meta name=\"twitter:card\" content=\"summary_large_image\" \/>\n<meta name=\"twitter:label1\" content=\"Napsal(a)\" \/>\n\t<meta name=\"twitter:data1\" content=\"Jolana Hol\u00e1\u0148ov\u00e1\" \/>\n\t<meta name=\"twitter:label2\" content=\"Odhadovan\u00e1 doba \u010dten\u00ed\" \/>\n\t<meta name=\"twitter:data2\" content=\"3 minuty\" \/>\n<script type=\"application\/ld+json\" class=\"yoast-schema-graph\">{\"@context\":\"https:\/\/schema.org\",\"@graph\":[{\"@type\":\"Article\",\"@id\":\"https:\/\/womenhouse.cz\/index.php\/2020\/11\/21\/modni-damske-svetry-v-sezone-2020\/#article\",\"isPartOf\":{\"@id\":\"https:\/\/womenhouse.cz\/index.php\/2020\/11\/21\/modni-damske-svetry-v-sezone-2020\/\"},\"author\":{\"name\":\"Jolana Hol\u00e1\u0148ov\u00e1\",\"@id\":\"https:\/\/womenhouse.cz\/#\/schema\/person\/541326101f8d68c711e83e8fecc80738\"},\"headline\":\"M\u00f3dn\u00ed d\u00e1msk\u00e9 svetry v sez\u00f3n\u011b 2020\",\"datePublished\":\"2020-11-21T00:43:16+00:00\",\"dateModified\":\"2021-02-19T01:51:54+00:00\",\"mainEntityOfPage\":{\"@id\":\"https:\/\/womenhouse.cz\/index.php\/2020\/11\/21\/modni-damske-svetry-v-sezone-2020\/\"},\"wordCount\":526,\"publisher\":{\"@id\":\"https:\/\/womenhouse.cz\/#organization\"},\"articleSection\":[\"FASHION\",\"M\u00f3DA\",\"NEWS\"],\"inLanguage\":\"cs\"},{\"@type\":\"WebPage\",\"@id\":\"https:\/\/womenhouse.cz\/index.php\/2020\/11\/21\/modni-damske-svetry-v-sezone-2020\/\",\"url\":\"https:\/\/womenhouse.cz\/index.php\/2020\/11\/21\/modni-damske-svetry-v-sezone-2020\/\",\"name\":\"M\u00f3dn\u00ed d\u00e1msk\u00e9 svetry v sez\u00f3n\u011b 2020 - WOMENHOUSE.cz\",\"isPartOf\":{\"@id\":\"https:\/\/womenhouse.cz\/#website\"},\"datePublished\":\"2020-11-21T00:43:16+00:00\",\"dateModified\":\"2021-02-19T01:51:54+00:00\",\"breadcrumb\":{\"@id\":\"https:\/\/womenhouse.cz\/index.php\/2020\/11\/21\/modni-damske-svetry-v-sezone-2020\/#breadcrumb\"},\"inLanguage\":\"cs\",\"potentialAction\":[{\"@type\":\"ReadAction\",\"target\":[\"https:\/\/womenhouse.cz\/index.php\/2020\/11\/21\/modni-damske-svetry-v-sezone-2020\/\"]}]},{\"@type\":\"BreadcrumbList\",\"@id\":\"https:\/\/womenhouse.cz\/index.php\/2020\/11\/21\/modni-damske-svetry-v-sezone-2020\/#breadcrumb\",\"itemListElement\":[{\"@type\":\"ListItem\",\"position\":1,\"name\":\"Dom\u016f\",\"item\":\"https:\/\/womenhouse.cz\/\"},{\"@type\":\"ListItem\",\"position\":2,\"name\":\"M\u00f3dn\u00ed d\u00e1msk\u00e9 svetry v sez\u00f3n\u011b 2020\"}]},{\"@type\":\"WebSite\",\"@id\":\"https:\/\/womenhouse.cz\/#website\",\"url\":\"https:\/\/womenhouse.cz\/\",\"name\":\"WOMENHOUSE.cz\",\"description\":\"Port\u00e1l v\u00fdhradn\u011b jen pro \u017eeny...\",\"publisher\":{\"@id\":\"https:\/\/womenhouse.cz\/#organization\"},\"potentialAction\":[{\"@type\":\"SearchAction\",\"target\":{\"@type\":\"EntryPoint\",\"urlTemplate\":\"https:\/\/womenhouse.cz\/?s={search_term_string}\"},\"query-input\":\"required name=search_term_string\"}],\"inLanguage\":\"cs\"},{\"@type\":\"Organization\",\"@id\":\"https:\/\/womenhouse.cz\/#organization\",\"name\":\"WOMENHOUSE.cz\",\"url\":\"https:\/\/womenhouse.cz\/\",\"logo\":{\"@type\":\"ImageObject\",\"inLanguage\":\"cs\",\"@id\":\"https:\/\/womenhouse.cz\/#\/schema\/logo\/image\/\",\"url\":\"https:\/\/womenhouse.cz\/wp-content\/uploads\/2020\/06\/cropped-logo_Womenhouse_RGB-02-removebg-preview-1.png\",\"contentUrl\":\"https:\/\/womenhouse.cz\/wp-content\/uploads\/2020\/06\/cropped-logo_Womenhouse_RGB-02-removebg-preview-1.png\",\"width\":561,\"height\":375,\"caption\":\"WOMENHOUSE.cz\"},\"image\":{\"@id\":\"https:\/\/womenhouse.cz\/#\/schema\/logo\/image\/\"},\"sameAs\":[\"https:\/\/www.facebook.com\/womenhousecz\",\"https:\/\/www.instagram.com\/womenhousecz\/\"]},{\"@type\":\"Person\",\"@id\":\"https:\/\/womenhouse.cz\/#\/schema\/person\/541326101f8d68c711e83e8fecc80738\",\"name\":\"Jolana Hol\u00e1\u0148ov\u00e1\",\"sameAs\":[\"http:\/\/www.womenhouse.cz\"],\"url\":\"https:\/\/womenhouse.cz\/index.php\/author\/jolhol\/\"}]}<\/script>\n<!-- \/ Yoast SEO plugin. -->","yoast_head_json":{"title":"M\u00f3dn\u00ed d\u00e1msk\u00e9 svetry v sez\u00f3n\u011b 2020 - WOMENHOUSE.cz","robots":{"index":"index","follow":"follow","max-snippet":"max-snippet:-1","max-image-preview":"max-image-preview:large","max-video-preview":"max-video-preview:-1"},"canonical":"https:\/\/womenhouse.cz\/index.php\/2020\/11\/21\/modni-damske-svetry-v-sezone-2020\/","og_locale":"cs_CZ","og_type":"article","og_title":"M\u00f3dn\u00ed d\u00e1msk\u00e9 svetry v sez\u00f3n\u011b 2020 - WOMENHOUSE.cz","og_description":"Nastal chladn\u00fd podzim a spolu s n\u00edm si p\u0159\u00edze\u0148 znovu z\u00edskaly tepl\u00e9 svetry. \u017d\u00e1dn\u00fd d\u00e1msk\u00fd \u0161atn\u00edk se neobejde bez tohoto prvku, kter\u00fd chr\u00e1n\u00ed nejen p\u0159ed chladem, ale je tak\u00e9 nepostradatelnou sou\u010d\u00e1st\u00ed mnoha stylizac\u00ed. Jak\u00e9 svetry jsou v m\u00f3d\u011b v sez\u00f3n\u011b podzim\/zima 2020 &#8211; 2021? Dlouh\u00fd svetr s rol\u00e1kem Jedn\u00edm z nejzaj\u00edmav\u011bj\u0161\u00edch trend\u016f t\u00e9to sez\u00f3ny jsou [&hellip;]","og_url":"https:\/\/womenhouse.cz\/index.php\/2020\/11\/21\/modni-damske-svetry-v-sezone-2020\/","og_site_name":"WOMENHOUSE.cz","article_publisher":"https:\/\/www.facebook.com\/womenhousecz","article_published_time":"2020-11-21T00:43:16+00:00","article_modified_time":"2021-02-19T01:51:54+00:00","og_image":[{"width":1024,"height":1381,"url":"https:\/\/womenhouse.cz\/wp-content\/uploads\/2020\/11\/svetrmikalina.jpg","type":"image\/jpeg"}],"author":"Jolana Hol\u00e1\u0148ov\u00e1","twitter_card":"summary_large_image","twitter_misc":{"Napsal(a)":"Jolana Hol\u00e1\u0148ov\u00e1","Odhadovan\u00e1 doba \u010dten\u00ed":"3 minuty"},"schema":{"@context":"https:\/\/schema.org","@graph":[{"@type":"Article","@id":"https:\/\/womenhouse.cz\/index.php\/2020\/11\/21\/modni-damske-svetry-v-sezone-2020\/#article","isPartOf":{"@id":"https:\/\/womenhouse.cz\/index.php\/2020\/11\/21\/modni-damske-svetry-v-sezone-2020\/"},"author":{"name":"Jolana Hol\u00e1\u0148ov\u00e1","@id":"https:\/\/womenhouse.cz\/#\/schema\/person\/541326101f8d68c711e83e8fecc80738"},"headline":"M\u00f3dn\u00ed d\u00e1msk\u00e9 svetry v sez\u00f3n\u011b 2020","datePublished":"2020-11-21T00:43:16+00:00","dateModified":"2021-02-19T01:51:54+00:00","mainEntityOfPage":{"@id":"https:\/\/womenhouse.cz\/index.php\/2020\/11\/21\/modni-damske-svetry-v-sezone-2020\/"},"wordCount":526,"publisher":{"@id":"https:\/\/womenhouse.cz\/#organization"},"articleSection":["FASHION","M\u00f3DA","NEWS"],"inLanguage":"cs"},{"@type":"WebPage","@id":"https:\/\/womenhouse.cz\/index.php\/2020\/11\/21\/modni-damske-svetry-v-sezone-2020\/","url":"https:\/\/womenhouse.cz\/index.php\/2020\/11\/21\/modni-damske-svetry-v-sezone-2020\/","name":"M\u00f3dn\u00ed d\u00e1msk\u00e9 svetry v sez\u00f3n\u011b 2020 - WOMENHOUSE.cz","isPartOf":{"@id":"https:\/\/womenhouse.cz\/#website"},"datePublished":"2020-11-21T00:43:16+00:00","dateModified":"2021-02-19T01:51:54+00:00","breadcrumb":{"@id":"https:\/\/womenhouse.cz\/index.php\/2020\/11\/21\/modni-damske-svetry-v-sezone-2020\/#breadcrumb"},"inLanguage":"cs","potentialAction":[{"@type":"ReadAction","target":["https:\/\/womenhouse.cz\/index.php\/2020\/11\/21\/modni-damske-svetry-v-sezone-2020\/"]}]},{"@type":"BreadcrumbList","@id":"https:\/\/womenhouse.cz\/index.php\/2020\/11\/21\/modni-damske-svetry-v-sezone-2020\/#breadcrumb","itemListElement":[{"@type":"ListItem","position":1,"name":"Dom\u016f","item":"https:\/\/womenhouse.cz\/"},{"@type":"ListItem","position":2,"name":"M\u00f3dn\u00ed d\u00e1msk\u00e9 svetry v sez\u00f3n\u011b 2020"}]},{"@type":"WebSite","@id":"https:\/\/womenhouse.cz\/#website","url":"https:\/\/womenhouse.cz\/","name":"WOMENHOUSE.cz","description":"Port\u00e1l v\u00fdhradn\u011b jen pro \u017eeny...","publisher":{"@id":"https:\/\/womenhouse.cz\/#organization"},"potentialAction":[{"@type":"SearchAction","target":{"@type":"EntryPoint","urlTemplate":"https:\/\/womenhouse.cz\/?s={search_term_string}"},"query-input":"required name=search_term_string"}],"inLanguage":"cs"},{"@type":"Organization","@id":"https:\/\/womenhouse.cz\/#organization","name":"WOMENHOUSE.cz","url":"https:\/\/womenhouse.cz\/","logo":{"@type":"ImageObject","inLanguage":"cs","@id":"https:\/\/womenhouse.cz\/#\/schema\/logo\/image\/","url":"https:\/\/womenhouse.cz\/wp-content\/uploads\/2020\/06\/cropped-logo_Womenhouse_RGB-02-removebg-preview-1.png","contentUrl":"https:\/\/womenhouse.cz\/wp-content\/uploads\/2020\/06\/cropped-logo_Womenhouse_RGB-02-removebg-preview-1.png","width":561,"height":375,"caption":"WOMENHOUSE.cz"},"image":{"@id":"https:\/\/womenhouse.cz\/#\/schema\/logo\/image\/"},"sameAs":["https:\/\/www.facebook.com\/womenhousecz","https:\/\/www.instagram.com\/womenhousecz\/"]},{"@type":"Person","@id":"https:\/\/womenhouse.cz\/#\/schema\/person\/541326101f8d68c711e83e8fecc80738","name":"Jolana Hol\u00e1\u0148ov\u00e1","sameAs":["http:\/\/www.womenhouse.cz"],"url":"https:\/\/womenhouse.cz\/index.php\/author\/jolhol\/"}]}},"_links":{"self":[{"href":"https:\/\/womenhouse.cz\/index.php\/wp-json\/wp\/v2\/posts\/4448"}],"collection":[{"href":"https:\/\/womenhouse.cz\/index.php\/wp-json\/wp\/v2\/posts"}],"about":[{"href":"https:\/\/womenhouse.cz\/index.php\/wp-json\/wp\/v2\/types\/post"}],"author":[{"embeddable":true,"href":"https:\/\/womenhouse.cz\/index.php\/wp-json\/wp\/v2\/users\/2"}],"replies":[{"embeddable":true,"href":"https:\/\/womenhouse.cz\/index.php\/wp-json\/wp\/v2\/comments?post=4448"}],"version-history":[{"count":-4,"href":"https:\/\/womenhouse.cz\/index.php\/wp-json\/wp\/v2\/posts\/4448\/revisions"}],"wp:featuredmedia":[{"embeddable":true,"href":"https:\/\/womenhouse.cz\/index.php\/wp-json\/wp\/v2\/media\/4450"}],"wp:attachment":[{"href":"https:\/\/womenhouse.cz\/index.php\/wp-json\/wp\/v2\/media?parent=4448"}],"wp:term":[{"taxonomy":"category","embeddable":true,"href":"https:\/\/womenhouse.cz\/index.php\/wp-json\/wp\/v2\/categories?post=4448"},{"taxonomy":"post_tag","embeddable":true,"href":"https:\/\/womenhouse.cz\/index.php\/wp-json\/wp\/v2\/tags?post=4448"}],"curies":[{"name":"wp","href":"https:\/\/api.w.org\/{rel}","templated":true}]}}