{"id":3913,"date":"2020-08-31T12:23:49","date_gmt":"2020-08-31T10:23:49","guid":{"rendered":"https:\/\/womenhouse.cz\/?p=3913"},"modified":"2020-09-08T10:36:10","modified_gmt":"2020-09-08T08:36:10","slug":"festival-open-house-praha-2020-zacina-uz-1-zari-doprovodnym-programem","status":"publish","type":"post","link":"https:\/\/womenhouse.cz\/index.php\/2020\/08\/31\/festival-open-house-praha-2020-zacina-uz-1-zari-doprovodnym-programem\/","title":{"rendered":"Festival Open House Praha 2020 za\u010d\u00edn\u00e1 u\u017e 1. z\u00e1\u0159\u00ed doprovodn\u00fdm programem"},"content":{"rendered":"\n<p><strong>\u0160est\u00fd ro\u010dn\u00edk festivalu Open House Praha 2020 prob\u011bhne tentokr\u00e1t kv\u016fli pandemii koronaviru za netradi\u010dn\u00edch okolnost\u00ed. U\u017e v \u00fater\u00fd 1. z\u00e1\u0159\u00ed bude festival zah\u00e1jen doprovodn\u00fdm programem, kter\u00fd se ponese v komorn\u00edm duchu.<\/strong><\/p>\n\n\n\n<figure class=\"wp-block-image size-large\"><img loading=\"lazy\" decoding=\"async\" width=\"1024\" height=\"683\" src=\"https:\/\/womenhouse.cz\/wp-content\/uploads\/2020\/08\/Kongresove_centrum_Praha_exterier_foto_Tomas_Sysel-029-1024x683.jpg\" alt=\"\" class=\"wp-image-3922\" srcset=\"https:\/\/womenhouse.cz\/wp-content\/uploads\/2020\/08\/Kongresove_centrum_Praha_exterier_foto_Tomas_Sysel-029-1024x683.jpg 1024w, https:\/\/womenhouse.cz\/wp-content\/uploads\/2020\/08\/Kongresove_centrum_Praha_exterier_foto_Tomas_Sysel-029-300x200.jpg 300w, https:\/\/womenhouse.cz\/wp-content\/uploads\/2020\/08\/Kongresove_centrum_Praha_exterier_foto_Tomas_Sysel-029-768x513.jpg 768w, https:\/\/womenhouse.cz\/wp-content\/uploads\/2020\/08\/Kongresove_centrum_Praha_exterier_foto_Tomas_Sysel-029-1536x1025.jpg 1536w, https:\/\/womenhouse.cz\/wp-content\/uploads\/2020\/08\/Kongresove_centrum_Praha_exterier_foto_Tomas_Sysel-029.jpg 1798w\" sizes=\"(max-width: 1024px) 100vw, 1024px\" \/><\/figure>\n\n\n\n<p>\u201eRozhodli jsme se reagovat na aktu\u00e1ln\u00ed situaci s\u00e9ri\u00ed tematick\u00fdch akc\u00ed, kter\u00e9 roz\u0161i\u0159uj\u00ed hlavn\u00ed program festivalu a nech\u00e1vaj\u00ed n\u00e1v\u0161t\u011bvn\u00edky za\u017e\u00edvat architekturu jinak,\u201c \u0159\u00edk\u00e1 \u0159editelka festivalu Andrea \u0160enky\u0159\u00edkov\u00e1.<\/p>\n\n\n\n<figure class=\"wp-block-image\"><img decoding=\"async\" src=\"http:\/\/www.menhouse.cz\/tmp\/17126_0_800_1598867989.jpg\" alt=\"\"\/><\/figure>\n\n\n\n<p>Site-specific hudebn\u00ed a tane\u010dn\u00ed performance, debata, filmov\u00e1 projekce, proch\u00e1zky a dal\u0161\u00ed akce \u010dekaj\u00ed ve\u0159ejnost v r\u016fzn\u00fdch festivalov\u00fdch objektech. V dom\u011b Radost se od \u00fater\u00fd 1. z\u00e1\u0159\u00ed otev\u0159e festivalov\u00e9 infocentrum, kde bude mo\u017en\u00e9 si zakoupit ti\u0161t\u011bn\u00e9ho pr\u016fvodce. O v\u00edkendu 5. a 6. z\u00e1\u0159\u00ed bude zdarma zp\u0159\u00edstupn\u011bno v\u00edce ne\u017e 70 objekt\u016f po cel\u00e9 Praze, od historick\u00fdch \u010di industri\u00e1ln\u00edch pam\u00e1tek, po modern\u00ed kancel\u00e1\u0159sk\u00e9 \u010di reziden\u010dn\u00ed budovy a prostory.<\/p>\n\n\n\n<figure class=\"wp-block-image\"><img decoding=\"async\" src=\"https:\/\/celebrityhouse.cz\/wp-content\/uploads\/2020\/08\/Dum_Radost_Cafe_Radost_foto_Jakub-Cuska-5-1024x677.jpg\" alt=\"\" class=\"wp-image-2743\"\/><\/figure>\n\n\n\n<h3 class=\"wp-block-heading\">V\u00fdb\u011br z doprovodn\u00e9ho programu<\/h3>\n\n\n\n<p>Nad\u0161en\u00ed z pozn\u00e1v\u00e1n\u00ed nov\u00fdch m\u00edst spojilo organiz\u00e1tory s hudebn\u00edky z uskupen\u00ed V\u00e1\u017en\u00fd z\u00e1jem, jejich\u017e hlavn\u00ed aktivitou je po\u0159\u00e1d\u00e1n\u00ed koncert\u016f v\u00e1\u017en\u00e9 hudby v neobvykl\u00fdch lokalit\u00e1ch, jako t\u0159eba v nemocnici, obchod\u011b \u010di byt\u011b. Festival zah\u00e1j\u00ed v \u00fater\u00fd 1. z\u00e1\u0159\u00ed od 16.00 hodin koncert v kubistick\u00e9 zahrad\u011b Kova\u0159ovicovy vily.<\/p>\n\n\n\n<p>Hudebn\u00edci vystoup\u00ed pak je\u0161t\u011b dvakr\u00e1t, v d\u00edln\u011b Braasi Factory v Hole\u0161ovic\u00edch a v budov\u011b b\u00fdval\u00e9ho V\u0161eobecn\u00e9ho penzijn\u00edho \u00fastavu na \u017di\u017ekov\u011b. Spiritu\u00e1ln\u00ed prostory Pra\u017esk\u00e9 k\u0159i\u017eovatky zase inspirovaly tane\u010dnici Jitku \u010cechovou z uskupen\u00ed Pulsar, kter\u00e1 se p\u0159edstav\u00ed v \u00fater\u00fd 1. z\u00e1\u0159\u00ed od 19.00 hodin v kr\u00e1tk\u00e9m s\u00f3lov\u00e9m v\u00fdstupu De Profundis s \u017eiv\u00fdm hudebn\u00edm doprovodem. Sou\u010d\u00e1st\u00ed programu je ve\u010dern\u00ed komentovan\u00e1 prohl\u00eddka kostela sv. Anny, na jeho\u017e rekonstrukci se pod\u00edlela architektka a patronka festivalu Eva Ji\u0159i\u010dn\u00e1.<\/p>\n\n\n\n<figure class=\"wp-block-image\"><img decoding=\"async\" src=\"https:\/\/celebrityhouse.cz\/wp-content\/uploads\/2020\/08\/Petschkuv_palac_20190519_foto_Vaclav_Zizka%E2%80%9309-1024x683.jpg\" alt=\"\" class=\"wp-image-2757\"\/><\/figure>\n\n\n\n<p>Leto\u0161n\u00ed tematick\u00fd okruh Budovy o\u017e\u00edvaj\u00edc\u00ed dopln\u00ed ve st\u0159edu 2. z\u00e1\u0159\u00ed od 18.30 hodin debata City Makers \u2013 Jak o\u017e\u00edvaj\u00ed pr\u00e1zdn\u00e9 domy?, kter\u00e1 se uskute\u010dn\u00ed v dom\u011b Radost. Hosty debaty jsou mimo jin\u00e9 z\u00e1stupci z \u0159ad zapojen\u00fdch budov, nap\u0159\u00edklad Mat\u011bj Velek (ze spolku Pra\u017esk\u00e9 centrum, Kas\u00e1rna Karl\u00edn), Martin Louda (z domu Radost), Michal To\u0161ovsk\u00fd (z Pra\u017esk\u00e9 tr\u017enice), nebo Petr Zeman (ze spolku Pr\u00e1zdn\u00e9 domy a z\u00e1rove\u0148 \u010dlen zastupitelstva Magistr\u00e1tu hl. m\u011bsta Prahy).<\/p>\n\n\n\n<figure class=\"wp-block-embed-youtube wp-block-embed is-type-rich is-provider-embed-handler wp-embed-aspect-16-9 wp-has-aspect-ratio\"><div class=\"wp-block-embed__wrapper\">\n<iframe loading=\"lazy\" title=\"Pozv\u00e1nka na festival Open House Praha 2020\" width=\"640\" height=\"360\" src=\"https:\/\/www.youtube.com\/embed\/8hrQ3YDiRoc?feature=oembed\" frameborder=\"0\" allow=\"accelerometer; autoplay; encrypted-media; gyroscope; picture-in-picture\" allowfullscreen><\/iframe>\n<\/div><\/figure>\n\n\n\n<p>Jedn\u00edm z are\u00e1l\u016f, kter\u00fd v bl\u00edzk\u00e9 budoucnosti \u010dek\u00e1 revitalizace je Pra\u017esk\u00e1 tr\u017enice. U p\u0159\u00edle\u017eitosti 125. v\u00fdro\u010d\u00ed vzniku tohoto b\u00fdval\u00e9ho are\u00e1lu \u00dast\u0159edn\u00edch jatek kr\u00e1lovsk\u00e9ho m\u011bsta Prahy si organiz\u00e1to\u0159i p\u0159ipravili ve \u010dtvrtek 3. z\u00e1\u0159\u00ed od 18.00 hodin speci\u00e1ln\u00ed proch\u00e1zku s architektem Petrem Ku\u010derou v\u011bnovanou historii i budoucnosti.<\/p>\n\n\n\n<figure class=\"wp-block-image\"><img decoding=\"async\" src=\"http:\/\/www.menhouse.cz\/tmp\/17135_0_800_1598867998.jpg\" alt=\"\"\/><\/figure>\n\n\n\n<p><strong>Informace o v\u0161ech akc\u00edch doprovodn\u00e9ho programu a mo\u017enostech jejich rezervace jsou k dispozici na:&nbsp;<a href=\"https:\/\/www.openhousepraha.cz\/kalendar-akci\/\">www.openhousepraha.cz\/kalendar-akci\/<\/a>.<\/strong><\/p>\n\n\n\n<div style=\"height:20px\" aria-hidden=\"true\" class=\"wp-block-spacer\"><\/div>\n\n\n\n<figure class=\"wp-block-gallery columns-2 is-cropped wp-block-gallery-1 is-layout-flex wp-block-gallery-is-layout-flex\"><ul class=\"blocks-gallery-grid\"><li class=\"blocks-gallery-item\"><figure><img loading=\"lazy\" decoding=\"async\" width=\"1024\" height=\"683\" src=\"https:\/\/womenhouse.cz\/wp-content\/uploads\/2020\/08\/Braasi_Factory_interier_foto_Jan_Kasl-5-1024x683.jpg\" alt=\"\" data-id=\"3914\" data-full-url=\"https:\/\/womenhouse.cz\/wp-content\/uploads\/2020\/08\/Braasi_Factory_interier_foto_Jan_Kasl-5.jpg\" data-link=\"https:\/\/womenhouse.cz\/?attachment_id=3914\" class=\"wp-image-3914\" srcset=\"https:\/\/womenhouse.cz\/wp-content\/uploads\/2020\/08\/Braasi_Factory_interier_foto_Jan_Kasl-5-1024x683.jpg 1024w, https:\/\/womenhouse.cz\/wp-content\/uploads\/2020\/08\/Braasi_Factory_interier_foto_Jan_Kasl-5-300x200.jpg 300w, https:\/\/womenhouse.cz\/wp-content\/uploads\/2020\/08\/Braasi_Factory_interier_foto_Jan_Kasl-5-768x512.jpg 768w, https:\/\/womenhouse.cz\/wp-content\/uploads\/2020\/08\/Braasi_Factory_interier_foto_Jan_Kasl-5-1536x1024.jpg 1536w, https:\/\/womenhouse.cz\/wp-content\/uploads\/2020\/08\/Braasi_Factory_interier_foto_Jan_Kasl-5.jpg 1800w\" sizes=\"(max-width: 1024px) 100vw, 1024px\" \/><\/figure><\/li><li class=\"blocks-gallery-item\"><figure><img loading=\"lazy\" decoding=\"async\" width=\"1024\" height=\"683\" src=\"https:\/\/womenhouse.cz\/wp-content\/uploads\/2020\/08\/CSOB_Kampus_Radlicka_exterier_foto_Tomas_Sysel-022-1024x683.jpg\" alt=\"\" data-id=\"3915\" data-full-url=\"https:\/\/womenhouse.cz\/wp-content\/uploads\/2020\/08\/CSOB_Kampus_Radlicka_exterier_foto_Tomas_Sysel-022.jpg\" data-link=\"https:\/\/womenhouse.cz\/?attachment_id=3915\" class=\"wp-image-3915\" srcset=\"https:\/\/womenhouse.cz\/wp-content\/uploads\/2020\/08\/CSOB_Kampus_Radlicka_exterier_foto_Tomas_Sysel-022-1024x683.jpg 1024w, https:\/\/womenhouse.cz\/wp-content\/uploads\/2020\/08\/CSOB_Kampus_Radlicka_exterier_foto_Tomas_Sysel-022-300x200.jpg 300w, https:\/\/womenhouse.cz\/wp-content\/uploads\/2020\/08\/CSOB_Kampus_Radlicka_exterier_foto_Tomas_Sysel-022-768x512.jpg 768w, https:\/\/womenhouse.cz\/wp-content\/uploads\/2020\/08\/CSOB_Kampus_Radlicka_exterier_foto_Tomas_Sysel-022-1536x1024.jpg 1536w, https:\/\/womenhouse.cz\/wp-content\/uploads\/2020\/08\/CSOB_Kampus_Radlicka_exterier_foto_Tomas_Sysel-022.jpg 1800w\" sizes=\"(max-width: 1024px) 100vw, 1024px\" \/><\/figure><\/li><li class=\"blocks-gallery-item\"><figure><img loading=\"lazy\" decoding=\"async\" width=\"1024\" height=\"683\" src=\"https:\/\/womenhouse.cz\/wp-content\/uploads\/2020\/08\/Divadlo_Na_Fidlovacce_exterier_foto_Tomas_Sysel-003-1024x683.jpg\" alt=\"\" data-id=\"3916\" data-full-url=\"https:\/\/womenhouse.cz\/wp-content\/uploads\/2020\/08\/Divadlo_Na_Fidlovacce_exterier_foto_Tomas_Sysel-003.jpg\" data-link=\"https:\/\/womenhouse.cz\/?attachment_id=3916\" class=\"wp-image-3916\" srcset=\"https:\/\/womenhouse.cz\/wp-content\/uploads\/2020\/08\/Divadlo_Na_Fidlovacce_exterier_foto_Tomas_Sysel-003-1024x683.jpg 1024w, https:\/\/womenhouse.cz\/wp-content\/uploads\/2020\/08\/Divadlo_Na_Fidlovacce_exterier_foto_Tomas_Sysel-003-300x200.jpg 300w, https:\/\/womenhouse.cz\/wp-content\/uploads\/2020\/08\/Divadlo_Na_Fidlovacce_exterier_foto_Tomas_Sysel-003-768x512.jpg 768w, https:\/\/womenhouse.cz\/wp-content\/uploads\/2020\/08\/Divadlo_Na_Fidlovacce_exterier_foto_Tomas_Sysel-003-1536x1024.jpg 1536w, https:\/\/womenhouse.cz\/wp-content\/uploads\/2020\/08\/Divadlo_Na_Fidlovacce_exterier_foto_Tomas_Sysel-003.jpg 1800w\" sizes=\"(max-width: 1024px) 100vw, 1024px\" \/><\/figure><\/li><li class=\"blocks-gallery-item\"><figure><img loading=\"lazy\" decoding=\"async\" width=\"1024\" height=\"677\" src=\"https:\/\/womenhouse.cz\/wp-content\/uploads\/2020\/08\/Dum_Radost_Cafe_Radost_foto_Jakub-Cuska-5-1024x677.jpg\" alt=\"\" data-id=\"3917\" data-full-url=\"https:\/\/womenhouse.cz\/wp-content\/uploads\/2020\/08\/Dum_Radost_Cafe_Radost_foto_Jakub-Cuska-5.jpg\" data-link=\"https:\/\/womenhouse.cz\/?attachment_id=3917\" class=\"wp-image-3917\" srcset=\"https:\/\/womenhouse.cz\/wp-content\/uploads\/2020\/08\/Dum_Radost_Cafe_Radost_foto_Jakub-Cuska-5-1024x677.jpg 1024w, https:\/\/womenhouse.cz\/wp-content\/uploads\/2020\/08\/Dum_Radost_Cafe_Radost_foto_Jakub-Cuska-5-300x198.jpg 300w, https:\/\/womenhouse.cz\/wp-content\/uploads\/2020\/08\/Dum_Radost_Cafe_Radost_foto_Jakub-Cuska-5-768x508.jpg 768w, https:\/\/womenhouse.cz\/wp-content\/uploads\/2020\/08\/Dum_Radost_Cafe_Radost_foto_Jakub-Cuska-5-1536x1016.jpg 1536w, https:\/\/womenhouse.cz\/wp-content\/uploads\/2020\/08\/Dum_Radost_Cafe_Radost_foto_Jakub-Cuska-5.jpg 1815w\" sizes=\"(max-width: 1024px) 100vw, 1024px\" \/><\/figure><\/li><li class=\"blocks-gallery-item\"><figure><img loading=\"lazy\" decoding=\"async\" width=\"1024\" height=\"683\" src=\"https:\/\/womenhouse.cz\/wp-content\/uploads\/2020\/08\/Dum_zemedelske_osvety_Tomas_Sysel-5-1024x683.jpg\" alt=\"\" data-id=\"3918\" data-full-url=\"https:\/\/womenhouse.cz\/wp-content\/uploads\/2020\/08\/Dum_zemedelske_osvety_Tomas_Sysel-5.jpg\" data-link=\"https:\/\/womenhouse.cz\/?attachment_id=3918\" class=\"wp-image-3918\" srcset=\"https:\/\/womenhouse.cz\/wp-content\/uploads\/2020\/08\/Dum_zemedelske_osvety_Tomas_Sysel-5-1024x683.jpg 1024w, https:\/\/womenhouse.cz\/wp-content\/uploads\/2020\/08\/Dum_zemedelske_osvety_Tomas_Sysel-5-300x200.jpg 300w, https:\/\/womenhouse.cz\/wp-content\/uploads\/2020\/08\/Dum_zemedelske_osvety_Tomas_Sysel-5-768x512.jpg 768w, https:\/\/womenhouse.cz\/wp-content\/uploads\/2020\/08\/Dum_zemedelske_osvety_Tomas_Sysel-5-1536x1024.jpg 1536w, https:\/\/womenhouse.cz\/wp-content\/uploads\/2020\/08\/Dum_zemedelske_osvety_Tomas_Sysel-5.jpg 1800w\" sizes=\"(max-width: 1024px) 100vw, 1024px\" \/><\/figure><\/li><li class=\"blocks-gallery-item\"><figure><img loading=\"lazy\" decoding=\"async\" width=\"1024\" height=\"683\" src=\"https:\/\/womenhouse.cz\/wp-content\/uploads\/2020\/08\/Historicky_parnik_Vysehrad_20190519_foto_Tomas_Sapovalov-01-2-1024x683.jpg\" alt=\"\" data-id=\"3919\" data-full-url=\"https:\/\/womenhouse.cz\/wp-content\/uploads\/2020\/08\/Historicky_parnik_Vysehrad_20190519_foto_Tomas_Sapovalov-01-2.jpg\" data-link=\"https:\/\/womenhouse.cz\/?attachment_id=3919\" class=\"wp-image-3919\" srcset=\"https:\/\/womenhouse.cz\/wp-content\/uploads\/2020\/08\/Historicky_parnik_Vysehrad_20190519_foto_Tomas_Sapovalov-01-2-1024x683.jpg 1024w, https:\/\/womenhouse.cz\/wp-content\/uploads\/2020\/08\/Historicky_parnik_Vysehrad_20190519_foto_Tomas_Sapovalov-01-2-300x200.jpg 300w, https:\/\/womenhouse.cz\/wp-content\/uploads\/2020\/08\/Historicky_parnik_Vysehrad_20190519_foto_Tomas_Sapovalov-01-2-768x513.jpg 768w, https:\/\/womenhouse.cz\/wp-content\/uploads\/2020\/08\/Historicky_parnik_Vysehrad_20190519_foto_Tomas_Sapovalov-01-2-1536x1025.jpg 1536w, https:\/\/womenhouse.cz\/wp-content\/uploads\/2020\/08\/Historicky_parnik_Vysehrad_20190519_foto_Tomas_Sapovalov-01-2.jpg 1798w\" sizes=\"(max-width: 1024px) 100vw, 1024px\" \/><\/figure><\/li><li class=\"blocks-gallery-item\"><figure><img loading=\"lazy\" decoding=\"async\" width=\"1024\" height=\"683\" src=\"https:\/\/womenhouse.cz\/wp-content\/uploads\/2020\/08\/Chranene_zdrav_pracoviste_Thomayerova_nemocnice_foto_Vladimir_Lacena-8-1024x683.jpg\" alt=\"\" data-id=\"3920\" data-full-url=\"https:\/\/womenhouse.cz\/wp-content\/uploads\/2020\/08\/Chranene_zdrav_pracoviste_Thomayerova_nemocnice_foto_Vladimir_Lacena-8.jpg\" data-link=\"https:\/\/womenhouse.cz\/?attachment_id=3920\" class=\"wp-image-3920\" srcset=\"https:\/\/womenhouse.cz\/wp-content\/uploads\/2020\/08\/Chranene_zdrav_pracoviste_Thomayerova_nemocnice_foto_Vladimir_Lacena-8-1024x683.jpg 1024w, https:\/\/womenhouse.cz\/wp-content\/uploads\/2020\/08\/Chranene_zdrav_pracoviste_Thomayerova_nemocnice_foto_Vladimir_Lacena-8-300x200.jpg 300w, https:\/\/womenhouse.cz\/wp-content\/uploads\/2020\/08\/Chranene_zdrav_pracoviste_Thomayerova_nemocnice_foto_Vladimir_Lacena-8-768x512.jpg 768w, https:\/\/womenhouse.cz\/wp-content\/uploads\/2020\/08\/Chranene_zdrav_pracoviste_Thomayerova_nemocnice_foto_Vladimir_Lacena-8-1536x1024.jpg 1536w, https:\/\/womenhouse.cz\/wp-content\/uploads\/2020\/08\/Chranene_zdrav_pracoviste_Thomayerova_nemocnice_foto_Vladimir_Lacena-8.jpg 1800w\" sizes=\"(max-width: 1024px) 100vw, 1024px\" \/><\/figure><\/li><li class=\"blocks-gallery-item\"><figure><img loading=\"lazy\" decoding=\"async\" width=\"1024\" height=\"576\" src=\"https:\/\/womenhouse.cz\/wp-content\/uploads\/2020\/08\/Kasarny_Karlin_exterier_foto_Tomas_Sysel-009-1024x576.jpg\" alt=\"\" data-id=\"3921\" data-full-url=\"https:\/\/womenhouse.cz\/wp-content\/uploads\/2020\/08\/Kasarny_Karlin_exterier_foto_Tomas_Sysel-009.jpg\" data-link=\"https:\/\/womenhouse.cz\/?attachment_id=3921\" class=\"wp-image-3921\" srcset=\"https:\/\/womenhouse.cz\/wp-content\/uploads\/2020\/08\/Kasarny_Karlin_exterier_foto_Tomas_Sysel-009-1024x576.jpg 1024w, https:\/\/womenhouse.cz\/wp-content\/uploads\/2020\/08\/Kasarny_Karlin_exterier_foto_Tomas_Sysel-009-300x169.jpg 300w, https:\/\/womenhouse.cz\/wp-content\/uploads\/2020\/08\/Kasarny_Karlin_exterier_foto_Tomas_Sysel-009-768x432.jpg 768w, https:\/\/womenhouse.cz\/wp-content\/uploads\/2020\/08\/Kasarny_Karlin_exterier_foto_Tomas_Sysel-009-1536x864.jpg 1536w, https:\/\/womenhouse.cz\/wp-content\/uploads\/2020\/08\/Kasarny_Karlin_exterier_foto_Tomas_Sysel-009.jpg 1950w\" sizes=\"(max-width: 1024px) 100vw, 1024px\" \/><\/figure><\/li><li class=\"blocks-gallery-item\"><figure><img loading=\"lazy\" decoding=\"async\" width=\"1024\" height=\"683\" src=\"https:\/\/womenhouse.cz\/wp-content\/uploads\/2020\/08\/Kongresove_centrum_Praha_exterier_foto_Tomas_Sysel-029-1024x683.jpg\" alt=\"\" data-id=\"3922\" data-full-url=\"https:\/\/womenhouse.cz\/wp-content\/uploads\/2020\/08\/Kongresove_centrum_Praha_exterier_foto_Tomas_Sysel-029.jpg\" data-link=\"https:\/\/womenhouse.cz\/?attachment_id=3922\" class=\"wp-image-3922\" srcset=\"https:\/\/womenhouse.cz\/wp-content\/uploads\/2020\/08\/Kongresove_centrum_Praha_exterier_foto_Tomas_Sysel-029-1024x683.jpg 1024w, https:\/\/womenhouse.cz\/wp-content\/uploads\/2020\/08\/Kongresove_centrum_Praha_exterier_foto_Tomas_Sysel-029-300x200.jpg 300w, https:\/\/womenhouse.cz\/wp-content\/uploads\/2020\/08\/Kongresove_centrum_Praha_exterier_foto_Tomas_Sysel-029-768x513.jpg 768w, https:\/\/womenhouse.cz\/wp-content\/uploads\/2020\/08\/Kongresove_centrum_Praha_exterier_foto_Tomas_Sysel-029-1536x1025.jpg 1536w, https:\/\/womenhouse.cz\/wp-content\/uploads\/2020\/08\/Kongresove_centrum_Praha_exterier_foto_Tomas_Sysel-029.jpg 1798w\" sizes=\"(max-width: 1024px) 100vw, 1024px\" \/><\/figure><\/li><li class=\"blocks-gallery-item\"><figure><img loading=\"lazy\" decoding=\"async\" width=\"1024\" height=\"683\" src=\"https:\/\/womenhouse.cz\/wp-content\/uploads\/2020\/08\/Kovarovicova_vila_exterier_foto_Tomas_Sysel-019-1024x683.jpg\" alt=\"\" data-id=\"3923\" data-full-url=\"https:\/\/womenhouse.cz\/wp-content\/uploads\/2020\/08\/Kovarovicova_vila_exterier_foto_Tomas_Sysel-019.jpg\" data-link=\"https:\/\/womenhouse.cz\/?attachment_id=3923\" class=\"wp-image-3923\" srcset=\"https:\/\/womenhouse.cz\/wp-content\/uploads\/2020\/08\/Kovarovicova_vila_exterier_foto_Tomas_Sysel-019-1024x683.jpg 1024w, https:\/\/womenhouse.cz\/wp-content\/uploads\/2020\/08\/Kovarovicova_vila_exterier_foto_Tomas_Sysel-019-300x200.jpg 300w, https:\/\/womenhouse.cz\/wp-content\/uploads\/2020\/08\/Kovarovicova_vila_exterier_foto_Tomas_Sysel-019-768x513.jpg 768w, https:\/\/womenhouse.cz\/wp-content\/uploads\/2020\/08\/Kovarovicova_vila_exterier_foto_Tomas_Sysel-019-1536x1025.jpg 1536w, https:\/\/womenhouse.cz\/wp-content\/uploads\/2020\/08\/Kovarovicova_vila_exterier_foto_Tomas_Sysel-019.jpg 1798w\" sizes=\"(max-width: 1024px) 100vw, 1024px\" \/><\/figure><\/li><li class=\"blocks-gallery-item\"><figure><img loading=\"lazy\" decoding=\"async\" width=\"1024\" height=\"683\" src=\"https:\/\/womenhouse.cz\/wp-content\/uploads\/2020\/08\/Krematorium_Strasnice_20190518_foto_Daniel_Prazak\u201301-1024x683.jpg\" alt=\"\" data-id=\"3924\" data-full-url=\"https:\/\/womenhouse.cz\/wp-content\/uploads\/2020\/08\/Krematorium_Strasnice_20190518_foto_Daniel_Prazak\u201301.jpg\" data-link=\"https:\/\/womenhouse.cz\/?attachment_id=3924\" class=\"wp-image-3924\" srcset=\"https:\/\/womenhouse.cz\/wp-content\/uploads\/2020\/08\/Krematorium_Strasnice_20190518_foto_Daniel_Prazak\u201301-1024x683.jpg 1024w, https:\/\/womenhouse.cz\/wp-content\/uploads\/2020\/08\/Krematorium_Strasnice_20190518_foto_Daniel_Prazak\u201301-300x200.jpg 300w, https:\/\/womenhouse.cz\/wp-content\/uploads\/2020\/08\/Krematorium_Strasnice_20190518_foto_Daniel_Prazak\u201301-768x512.jpg 768w, https:\/\/womenhouse.cz\/wp-content\/uploads\/2020\/08\/Krematorium_Strasnice_20190518_foto_Daniel_Prazak\u201301-1536x1024.jpg 1536w, https:\/\/womenhouse.cz\/wp-content\/uploads\/2020\/08\/Krematorium_Strasnice_20190518_foto_Daniel_Prazak\u201301.jpg 1800w\" sizes=\"(max-width: 1024px) 100vw, 1024px\" \/><\/figure><\/li><li class=\"blocks-gallery-item\"><figure><img loading=\"lazy\" decoding=\"async\" width=\"1024\" height=\"683\" src=\"https:\/\/womenhouse.cz\/wp-content\/uploads\/2020\/08\/Nuselsky_pivovar_exterier_foto_Tomas_Sysel-009-1024x683.jpg\" alt=\"\" data-id=\"3925\" data-full-url=\"https:\/\/womenhouse.cz\/wp-content\/uploads\/2020\/08\/Nuselsky_pivovar_exterier_foto_Tomas_Sysel-009.jpg\" data-link=\"https:\/\/womenhouse.cz\/?attachment_id=3925\" class=\"wp-image-3925\" srcset=\"https:\/\/womenhouse.cz\/wp-content\/uploads\/2020\/08\/Nuselsky_pivovar_exterier_foto_Tomas_Sysel-009-1024x683.jpg 1024w, https:\/\/womenhouse.cz\/wp-content\/uploads\/2020\/08\/Nuselsky_pivovar_exterier_foto_Tomas_Sysel-009-300x200.jpg 300w, https:\/\/womenhouse.cz\/wp-content\/uploads\/2020\/08\/Nuselsky_pivovar_exterier_foto_Tomas_Sysel-009-768x512.jpg 768w, https:\/\/womenhouse.cz\/wp-content\/uploads\/2020\/08\/Nuselsky_pivovar_exterier_foto_Tomas_Sysel-009-1536x1024.jpg 1536w, https:\/\/womenhouse.cz\/wp-content\/uploads\/2020\/08\/Nuselsky_pivovar_exterier_foto_Tomas_Sysel-009.jpg 1800w\" sizes=\"(max-width: 1024px) 100vw, 1024px\" \/><\/figure><\/li><li class=\"blocks-gallery-item\"><figure><img loading=\"lazy\" decoding=\"async\" width=\"1024\" height=\"683\" src=\"https:\/\/womenhouse.cz\/wp-content\/uploads\/2020\/08\/OHP_Bez_barier_neslysici_foto-Dusan_Vondra-1024x683.jpg\" alt=\"\" data-id=\"3926\" data-full-url=\"https:\/\/womenhouse.cz\/wp-content\/uploads\/2020\/08\/OHP_Bez_barier_neslysici_foto-Dusan_Vondra.jpg\" data-link=\"https:\/\/womenhouse.cz\/?attachment_id=3926\" class=\"wp-image-3926\" srcset=\"https:\/\/womenhouse.cz\/wp-content\/uploads\/2020\/08\/OHP_Bez_barier_neslysici_foto-Dusan_Vondra-1024x683.jpg 1024w, https:\/\/womenhouse.cz\/wp-content\/uploads\/2020\/08\/OHP_Bez_barier_neslysici_foto-Dusan_Vondra-300x200.jpg 300w, https:\/\/womenhouse.cz\/wp-content\/uploads\/2020\/08\/OHP_Bez_barier_neslysici_foto-Dusan_Vondra-768x512.jpg 768w, https:\/\/womenhouse.cz\/wp-content\/uploads\/2020\/08\/OHP_Bez_barier_neslysici_foto-Dusan_Vondra-1536x1024.jpg 1536w, https:\/\/womenhouse.cz\/wp-content\/uploads\/2020\/08\/OHP_Bez_barier_neslysici_foto-Dusan_Vondra.jpg 1800w\" sizes=\"(max-width: 1024px) 100vw, 1024px\" \/><\/figure><\/li><li class=\"blocks-gallery-item\"><figure><img loading=\"lazy\" decoding=\"async\" width=\"1024\" height=\"683\" src=\"https:\/\/womenhouse.cz\/wp-content\/uploads\/2020\/08\/OHP_deti_foto_Dusan_Vondra-2-1024x683.jpg\" alt=\"\" data-id=\"3927\" data-full-url=\"https:\/\/womenhouse.cz\/wp-content\/uploads\/2020\/08\/OHP_deti_foto_Dusan_Vondra-2.jpg\" data-link=\"https:\/\/womenhouse.cz\/?attachment_id=3927\" class=\"wp-image-3927\" srcset=\"https:\/\/womenhouse.cz\/wp-content\/uploads\/2020\/08\/OHP_deti_foto_Dusan_Vondra-2-1024x683.jpg 1024w, https:\/\/womenhouse.cz\/wp-content\/uploads\/2020\/08\/OHP_deti_foto_Dusan_Vondra-2-300x200.jpg 300w, https:\/\/womenhouse.cz\/wp-content\/uploads\/2020\/08\/OHP_deti_foto_Dusan_Vondra-2-768x512.jpg 768w, https:\/\/womenhouse.cz\/wp-content\/uploads\/2020\/08\/OHP_deti_foto_Dusan_Vondra-2-1536x1024.jpg 1536w, https:\/\/womenhouse.cz\/wp-content\/uploads\/2020\/08\/OHP_deti_foto_Dusan_Vondra-2.jpg 1800w\" sizes=\"(max-width: 1024px) 100vw, 1024px\" \/><\/figure><\/li><li class=\"blocks-gallery-item\"><figure><img loading=\"lazy\" decoding=\"async\" width=\"1024\" height=\"683\" src=\"https:\/\/womenhouse.cz\/wp-content\/uploads\/2020\/08\/Olsansky_hrbitov_\u2013_komplex_hrobek_exterier_foto_Tomas_Sysel-016-1024x683.jpg\" alt=\"\" data-id=\"3928\" data-full-url=\"https:\/\/womenhouse.cz\/wp-content\/uploads\/2020\/08\/Olsansky_hrbitov_\u2013_komplex_hrobek_exterier_foto_Tomas_Sysel-016.jpg\" data-link=\"https:\/\/womenhouse.cz\/?attachment_id=3928\" class=\"wp-image-3928\" srcset=\"https:\/\/womenhouse.cz\/wp-content\/uploads\/2020\/08\/Olsansky_hrbitov_\u2013_komplex_hrobek_exterier_foto_Tomas_Sysel-016-1024x683.jpg 1024w, https:\/\/womenhouse.cz\/wp-content\/uploads\/2020\/08\/Olsansky_hrbitov_\u2013_komplex_hrobek_exterier_foto_Tomas_Sysel-016-300x200.jpg 300w, https:\/\/womenhouse.cz\/wp-content\/uploads\/2020\/08\/Olsansky_hrbitov_\u2013_komplex_hrobek_exterier_foto_Tomas_Sysel-016-768x513.jpg 768w, https:\/\/womenhouse.cz\/wp-content\/uploads\/2020\/08\/Olsansky_hrbitov_\u2013_komplex_hrobek_exterier_foto_Tomas_Sysel-016-1536x1025.jpg 1536w, https:\/\/womenhouse.cz\/wp-content\/uploads\/2020\/08\/Olsansky_hrbitov_\u2013_komplex_hrobek_exterier_foto_Tomas_Sysel-016.jpg 1798w\" sizes=\"(max-width: 1024px) 100vw, 1024px\" \/><\/figure><\/li><li class=\"blocks-gallery-item\"><figure><img loading=\"lazy\" decoding=\"async\" width=\"1024\" height=\"683\" src=\"https:\/\/womenhouse.cz\/wp-content\/uploads\/2020\/08\/Palac_ARA_HubHub_foto_Jan_Faukner-1-1024x683.jpg\" alt=\"\" data-id=\"3929\" data-full-url=\"https:\/\/womenhouse.cz\/wp-content\/uploads\/2020\/08\/Palac_ARA_HubHub_foto_Jan_Faukner-1.jpg\" data-link=\"https:\/\/womenhouse.cz\/?attachment_id=3929\" class=\"wp-image-3929\" srcset=\"https:\/\/womenhouse.cz\/wp-content\/uploads\/2020\/08\/Palac_ARA_HubHub_foto_Jan_Faukner-1-1024x683.jpg 1024w, https:\/\/womenhouse.cz\/wp-content\/uploads\/2020\/08\/Palac_ARA_HubHub_foto_Jan_Faukner-1-300x200.jpg 300w, https:\/\/womenhouse.cz\/wp-content\/uploads\/2020\/08\/Palac_ARA_HubHub_foto_Jan_Faukner-1-768x512.jpg 768w, https:\/\/womenhouse.cz\/wp-content\/uploads\/2020\/08\/Palac_ARA_HubHub_foto_Jan_Faukner-1-1536x1024.jpg 1536w, https:\/\/womenhouse.cz\/wp-content\/uploads\/2020\/08\/Palac_ARA_HubHub_foto_Jan_Faukner-1.jpg 1800w\" sizes=\"(max-width: 1024px) 100vw, 1024px\" \/><\/figure><\/li><li class=\"blocks-gallery-item\"><figure><img loading=\"lazy\" decoding=\"async\" width=\"1024\" height=\"683\" src=\"https:\/\/womenhouse.cz\/wp-content\/uploads\/2020\/08\/Palac_Ericsson_20190518_foto_Katerina_Vodrazkova\u201302-1024x683.jpg\" alt=\"\" data-id=\"3930\" data-full-url=\"https:\/\/womenhouse.cz\/wp-content\/uploads\/2020\/08\/Palac_Ericsson_20190518_foto_Katerina_Vodrazkova\u201302.jpg\" data-link=\"https:\/\/womenhouse.cz\/?attachment_id=3930\" class=\"wp-image-3930\" srcset=\"https:\/\/womenhouse.cz\/wp-content\/uploads\/2020\/08\/Palac_Ericsson_20190518_foto_Katerina_Vodrazkova\u201302-1024x683.jpg 1024w, https:\/\/womenhouse.cz\/wp-content\/uploads\/2020\/08\/Palac_Ericsson_20190518_foto_Katerina_Vodrazkova\u201302-300x200.jpg 300w, https:\/\/womenhouse.cz\/wp-content\/uploads\/2020\/08\/Palac_Ericsson_20190518_foto_Katerina_Vodrazkova\u201302-768x512.jpg 768w, https:\/\/womenhouse.cz\/wp-content\/uploads\/2020\/08\/Palac_Ericsson_20190518_foto_Katerina_Vodrazkova\u201302-1536x1024.jpg 1536w, https:\/\/womenhouse.cz\/wp-content\/uploads\/2020\/08\/Palac_Ericsson_20190518_foto_Katerina_Vodrazkova\u201302.jpg 1800w\" sizes=\"(max-width: 1024px) 100vw, 1024px\" \/><\/figure><\/li><li class=\"blocks-gallery-item\"><figure><img loading=\"lazy\" decoding=\"async\" width=\"1024\" height=\"683\" src=\"https:\/\/womenhouse.cz\/wp-content\/uploads\/2020\/08\/Petschkuv_palac_20190519_foto_Vaclav_Zizka\u201309-1024x683.jpg\" alt=\"\" data-id=\"3931\" data-full-url=\"https:\/\/womenhouse.cz\/wp-content\/uploads\/2020\/08\/Petschkuv_palac_20190519_foto_Vaclav_Zizka\u201309.jpg\" data-link=\"https:\/\/womenhouse.cz\/?attachment_id=3931\" class=\"wp-image-3931\" srcset=\"https:\/\/womenhouse.cz\/wp-content\/uploads\/2020\/08\/Petschkuv_palac_20190519_foto_Vaclav_Zizka\u201309-1024x683.jpg 1024w, https:\/\/womenhouse.cz\/wp-content\/uploads\/2020\/08\/Petschkuv_palac_20190519_foto_Vaclav_Zizka\u201309-300x200.jpg 300w, https:\/\/womenhouse.cz\/wp-content\/uploads\/2020\/08\/Petschkuv_palac_20190519_foto_Vaclav_Zizka\u201309-768x512.jpg 768w, https:\/\/womenhouse.cz\/wp-content\/uploads\/2020\/08\/Petschkuv_palac_20190519_foto_Vaclav_Zizka\u201309-1536x1024.jpg 1536w, https:\/\/womenhouse.cz\/wp-content\/uploads\/2020\/08\/Petschkuv_palac_20190519_foto_Vaclav_Zizka\u201309.jpg 1800w\" sizes=\"(max-width: 1024px) 100vw, 1024px\" \/><\/figure><\/li><li class=\"blocks-gallery-item\"><figure><img loading=\"lazy\" decoding=\"async\" width=\"1024\" height=\"683\" src=\"https:\/\/womenhouse.cz\/wp-content\/uploads\/2020\/08\/Vystaviste_Praha_foto_archiv_budovy-1-1024x683.jpg\" alt=\"\" data-id=\"3932\" data-full-url=\"https:\/\/womenhouse.cz\/wp-content\/uploads\/2020\/08\/Vystaviste_Praha_foto_archiv_budovy-1.jpg\" data-link=\"https:\/\/womenhouse.cz\/?attachment_id=3932\" class=\"wp-image-3932\" srcset=\"https:\/\/womenhouse.cz\/wp-content\/uploads\/2020\/08\/Vystaviste_Praha_foto_archiv_budovy-1-1024x683.jpg 1024w, https:\/\/womenhouse.cz\/wp-content\/uploads\/2020\/08\/Vystaviste_Praha_foto_archiv_budovy-1-300x200.jpg 300w, https:\/\/womenhouse.cz\/wp-content\/uploads\/2020\/08\/Vystaviste_Praha_foto_archiv_budovy-1-768x512.jpg 768w, https:\/\/womenhouse.cz\/wp-content\/uploads\/2020\/08\/Vystaviste_Praha_foto_archiv_budovy-1-1536x1024.jpg 1536w, https:\/\/womenhouse.cz\/wp-content\/uploads\/2020\/08\/Vystaviste_Praha_foto_archiv_budovy-1.jpg 1800w\" sizes=\"(max-width: 1024px) 100vw, 1024px\" \/><\/figure><\/li><\/ul><\/figure>\n\n\n\n<div style=\"height:44px\" aria-hidden=\"true\" class=\"wp-block-spacer\"><\/div>\n\n\n\n<p><\/p>\n","protected":false},"excerpt":{"rendered":"<p>\u0160est\u00fd ro\u010dn\u00edk festivalu Open House Praha 2020 prob\u011bhne tentokr\u00e1t kv\u016fli pandemii koronaviru za netradi\u010dn\u00edch okolnost\u00ed. U\u017e v \u00fater\u00fd 1. z\u00e1\u0159\u00ed bude festival zah\u00e1jen doprovodn\u00fdm programem, kter\u00fd se ponese v komorn\u00edm duchu. \u201eRozhodli jsme se reagovat na aktu\u00e1ln\u00ed situaci s\u00e9ri\u00ed tematick\u00fdch akc\u00ed, kter\u00e9 roz\u0161i\u0159uj\u00ed hlavn\u00ed program festivalu a nech\u00e1vaj\u00ed n\u00e1v\u0161t\u011bvn\u00edky za\u017e\u00edvat architekturu jinak,\u201c \u0159\u00edk\u00e1 \u0159editelka festivalu [&hellip;]<\/p>\n","protected":false},"author":3,"featured_media":3922,"comment_status":"closed","ping_status":"closed","sticky":false,"template":"","format":"standard","meta":{"_mi_skip_tracking":false,"_monsterinsights_sitenote_active":false,"_monsterinsights_sitenote_note":"","_monsterinsights_sitenote_category":0,"footnotes":""},"categories":[21,11,12],"tags":[],"yoast_head":"<!-- This site is optimized with the Yoast SEO plugin v21.5 - https:\/\/yoast.com\/wordpress\/plugins\/seo\/ -->\n<title>Festival Open House Praha 2020 za\u010d\u00edn\u00e1 u\u017e 1. z\u00e1\u0159\u00ed doprovodn\u00fdm programem - WOMENHOUSE.cz<\/title>\n<meta name=\"robots\" content=\"index, follow, max-snippet:-1, max-image-preview:large, max-video-preview:-1\" \/>\n<link rel=\"canonical\" href=\"https:\/\/womenhouse.cz\/index.php\/2020\/08\/31\/festival-open-house-praha-2020-zacina-uz-1-zari-doprovodnym-programem\/\" \/>\n<meta property=\"og:locale\" content=\"cs_CZ\" \/>\n<meta property=\"og:type\" content=\"article\" \/>\n<meta property=\"og:title\" content=\"Festival Open House Praha 2020 za\u010d\u00edn\u00e1 u\u017e 1. z\u00e1\u0159\u00ed doprovodn\u00fdm programem - WOMENHOUSE.cz\" \/>\n<meta property=\"og:description\" content=\"\u0160est\u00fd ro\u010dn\u00edk festivalu Open House Praha 2020 prob\u011bhne tentokr\u00e1t kv\u016fli pandemii koronaviru za netradi\u010dn\u00edch okolnost\u00ed. U\u017e v \u00fater\u00fd 1. z\u00e1\u0159\u00ed bude festival zah\u00e1jen doprovodn\u00fdm programem, kter\u00fd se ponese v komorn\u00edm duchu. \u201eRozhodli jsme se reagovat na aktu\u00e1ln\u00ed situaci s\u00e9ri\u00ed tematick\u00fdch akc\u00ed, kter\u00e9 roz\u0161i\u0159uj\u00ed hlavn\u00ed program festivalu a nech\u00e1vaj\u00ed n\u00e1v\u0161t\u011bvn\u00edky za\u017e\u00edvat architekturu jinak,\u201c \u0159\u00edk\u00e1 \u0159editelka festivalu [&hellip;]\" \/>\n<meta property=\"og:url\" content=\"https:\/\/womenhouse.cz\/index.php\/2020\/08\/31\/festival-open-house-praha-2020-zacina-uz-1-zari-doprovodnym-programem\/\" \/>\n<meta property=\"og:site_name\" content=\"WOMENHOUSE.cz\" \/>\n<meta property=\"article:publisher\" content=\"https:\/\/www.facebook.com\/womenhousecz\" \/>\n<meta property=\"article:published_time\" content=\"2020-08-31T10:23:49+00:00\" \/>\n<meta property=\"article:modified_time\" content=\"2020-09-08T08:36:10+00:00\" \/>\n<meta property=\"og:image\" content=\"https:\/\/womenhouse.cz\/wp-content\/uploads\/2020\/08\/Kongresove_centrum_Praha_exterier_foto_Tomas_Sysel-029.jpg\" \/>\n\t<meta property=\"og:image:width\" content=\"1798\" \/>\n\t<meta property=\"og:image:height\" content=\"1200\" \/>\n\t<meta property=\"og:image:type\" content=\"image\/jpeg\" \/>\n<meta name=\"author\" content=\"Miroslav Van\u011bk\" \/>\n<meta name=\"twitter:card\" content=\"summary_large_image\" \/>\n<meta name=\"twitter:label1\" content=\"Napsal(a)\" \/>\n\t<meta name=\"twitter:data1\" content=\"Miroslav Van\u011bk\" \/>\n\t<meta name=\"twitter:label2\" content=\"Odhadovan\u00e1 doba \u010dten\u00ed\" \/>\n\t<meta name=\"twitter:data2\" content=\"3 minuty\" \/>\n<script type=\"application\/ld+json\" class=\"yoast-schema-graph\">{\"@context\":\"https:\/\/schema.org\",\"@graph\":[{\"@type\":\"Article\",\"@id\":\"https:\/\/womenhouse.cz\/index.php\/2020\/08\/31\/festival-open-house-praha-2020-zacina-uz-1-zari-doprovodnym-programem\/#article\",\"isPartOf\":{\"@id\":\"https:\/\/womenhouse.cz\/index.php\/2020\/08\/31\/festival-open-house-praha-2020-zacina-uz-1-zari-doprovodnym-programem\/\"},\"author\":{\"name\":\"Miroslav Van\u011bk\",\"@id\":\"https:\/\/womenhouse.cz\/#\/schema\/person\/86cffd1f6a5059d13fa66315493f584d\"},\"headline\":\"Festival Open House Praha 2020 za\u010d\u00edn\u00e1 u\u017e 1. z\u00e1\u0159\u00ed doprovodn\u00fdm programem\",\"datePublished\":\"2020-08-31T10:23:49+00:00\",\"dateModified\":\"2020-09-08T08:36:10+00:00\",\"mainEntityOfPage\":{\"@id\":\"https:\/\/womenhouse.cz\/index.php\/2020\/08\/31\/festival-open-house-praha-2020-zacina-uz-1-zari-doprovodnym-programem\/\"},\"wordCount\":524,\"publisher\":{\"@id\":\"https:\/\/womenhouse.cz\/#organization\"},\"articleSection\":[\"AKCE &amp; KULTURA\",\"BYDLEN\u00cd &amp; DESIGN\",\"TIPY &amp; TRENDY\"],\"inLanguage\":\"cs\"},{\"@type\":\"WebPage\",\"@id\":\"https:\/\/womenhouse.cz\/index.php\/2020\/08\/31\/festival-open-house-praha-2020-zacina-uz-1-zari-doprovodnym-programem\/\",\"url\":\"https:\/\/womenhouse.cz\/index.php\/2020\/08\/31\/festival-open-house-praha-2020-zacina-uz-1-zari-doprovodnym-programem\/\",\"name\":\"Festival Open House Praha 2020 za\u010d\u00edn\u00e1 u\u017e 1. z\u00e1\u0159\u00ed doprovodn\u00fdm programem - WOMENHOUSE.cz\",\"isPartOf\":{\"@id\":\"https:\/\/womenhouse.cz\/#website\"},\"datePublished\":\"2020-08-31T10:23:49+00:00\",\"dateModified\":\"2020-09-08T08:36:10+00:00\",\"breadcrumb\":{\"@id\":\"https:\/\/womenhouse.cz\/index.php\/2020\/08\/31\/festival-open-house-praha-2020-zacina-uz-1-zari-doprovodnym-programem\/#breadcrumb\"},\"inLanguage\":\"cs\",\"potentialAction\":[{\"@type\":\"ReadAction\",\"target\":[\"https:\/\/womenhouse.cz\/index.php\/2020\/08\/31\/festival-open-house-praha-2020-zacina-uz-1-zari-doprovodnym-programem\/\"]}]},{\"@type\":\"BreadcrumbList\",\"@id\":\"https:\/\/womenhouse.cz\/index.php\/2020\/08\/31\/festival-open-house-praha-2020-zacina-uz-1-zari-doprovodnym-programem\/#breadcrumb\",\"itemListElement\":[{\"@type\":\"ListItem\",\"position\":1,\"name\":\"Dom\u016f\",\"item\":\"https:\/\/womenhouse.cz\/\"},{\"@type\":\"ListItem\",\"position\":2,\"name\":\"Festival Open House Praha 2020 za\u010d\u00edn\u00e1 u\u017e 1. z\u00e1\u0159\u00ed doprovodn\u00fdm programem\"}]},{\"@type\":\"WebSite\",\"@id\":\"https:\/\/womenhouse.cz\/#website\",\"url\":\"https:\/\/womenhouse.cz\/\",\"name\":\"WOMENHOUSE.cz\",\"description\":\"Port\u00e1l v\u00fdhradn\u011b jen pro \u017eeny...\",\"publisher\":{\"@id\":\"https:\/\/womenhouse.cz\/#organization\"},\"potentialAction\":[{\"@type\":\"SearchAction\",\"target\":{\"@type\":\"EntryPoint\",\"urlTemplate\":\"https:\/\/womenhouse.cz\/?s={search_term_string}\"},\"query-input\":\"required name=search_term_string\"}],\"inLanguage\":\"cs\"},{\"@type\":\"Organization\",\"@id\":\"https:\/\/womenhouse.cz\/#organization\",\"name\":\"WOMENHOUSE.cz\",\"url\":\"https:\/\/womenhouse.cz\/\",\"logo\":{\"@type\":\"ImageObject\",\"inLanguage\":\"cs\",\"@id\":\"https:\/\/womenhouse.cz\/#\/schema\/logo\/image\/\",\"url\":\"https:\/\/womenhouse.cz\/wp-content\/uploads\/2020\/06\/cropped-logo_Womenhouse_RGB-02-removebg-preview-1.png\",\"contentUrl\":\"https:\/\/womenhouse.cz\/wp-content\/uploads\/2020\/06\/cropped-logo_Womenhouse_RGB-02-removebg-preview-1.png\",\"width\":561,\"height\":375,\"caption\":\"WOMENHOUSE.cz\"},\"image\":{\"@id\":\"https:\/\/womenhouse.cz\/#\/schema\/logo\/image\/\"},\"sameAs\":[\"https:\/\/www.facebook.com\/womenhousecz\",\"https:\/\/www.instagram.com\/womenhousecz\/\"]},{\"@type\":\"Person\",\"@id\":\"https:\/\/womenhouse.cz\/#\/schema\/person\/86cffd1f6a5059d13fa66315493f584d\",\"name\":\"Miroslav Van\u011bk\",\"sameAs\":[\"http:\/\/www.womenhouse.cz\"],\"url\":\"https:\/\/womenhouse.cz\/index.php\/author\/mirvan\/\"}]}<\/script>\n<!-- \/ Yoast SEO plugin. -->","yoast_head_json":{"title":"Festival Open House Praha 2020 za\u010d\u00edn\u00e1 u\u017e 1. z\u00e1\u0159\u00ed doprovodn\u00fdm programem - WOMENHOUSE.cz","robots":{"index":"index","follow":"follow","max-snippet":"max-snippet:-1","max-image-preview":"max-image-preview:large","max-video-preview":"max-video-preview:-1"},"canonical":"https:\/\/womenhouse.cz\/index.php\/2020\/08\/31\/festival-open-house-praha-2020-zacina-uz-1-zari-doprovodnym-programem\/","og_locale":"cs_CZ","og_type":"article","og_title":"Festival Open House Praha 2020 za\u010d\u00edn\u00e1 u\u017e 1. z\u00e1\u0159\u00ed doprovodn\u00fdm programem - WOMENHOUSE.cz","og_description":"\u0160est\u00fd ro\u010dn\u00edk festivalu Open House Praha 2020 prob\u011bhne tentokr\u00e1t kv\u016fli pandemii koronaviru za netradi\u010dn\u00edch okolnost\u00ed. U\u017e v \u00fater\u00fd 1. z\u00e1\u0159\u00ed bude festival zah\u00e1jen doprovodn\u00fdm programem, kter\u00fd se ponese v komorn\u00edm duchu. \u201eRozhodli jsme se reagovat na aktu\u00e1ln\u00ed situaci s\u00e9ri\u00ed tematick\u00fdch akc\u00ed, kter\u00e9 roz\u0161i\u0159uj\u00ed hlavn\u00ed program festivalu a nech\u00e1vaj\u00ed n\u00e1v\u0161t\u011bvn\u00edky za\u017e\u00edvat architekturu jinak,\u201c \u0159\u00edk\u00e1 \u0159editelka festivalu [&hellip;]","og_url":"https:\/\/womenhouse.cz\/index.php\/2020\/08\/31\/festival-open-house-praha-2020-zacina-uz-1-zari-doprovodnym-programem\/","og_site_name":"WOMENHOUSE.cz","article_publisher":"https:\/\/www.facebook.com\/womenhousecz","article_published_time":"2020-08-31T10:23:49+00:00","article_modified_time":"2020-09-08T08:36:10+00:00","og_image":[{"width":1798,"height":1200,"url":"https:\/\/womenhouse.cz\/wp-content\/uploads\/2020\/08\/Kongresove_centrum_Praha_exterier_foto_Tomas_Sysel-029.jpg","type":"image\/jpeg"}],"author":"Miroslav Van\u011bk","twitter_card":"summary_large_image","twitter_misc":{"Napsal(a)":"Miroslav Van\u011bk","Odhadovan\u00e1 doba \u010dten\u00ed":"3 minuty"},"schema":{"@context":"https:\/\/schema.org","@graph":[{"@type":"Article","@id":"https:\/\/womenhouse.cz\/index.php\/2020\/08\/31\/festival-open-house-praha-2020-zacina-uz-1-zari-doprovodnym-programem\/#article","isPartOf":{"@id":"https:\/\/womenhouse.cz\/index.php\/2020\/08\/31\/festival-open-house-praha-2020-zacina-uz-1-zari-doprovodnym-programem\/"},"author":{"name":"Miroslav Van\u011bk","@id":"https:\/\/womenhouse.cz\/#\/schema\/person\/86cffd1f6a5059d13fa66315493f584d"},"headline":"Festival Open House Praha 2020 za\u010d\u00edn\u00e1 u\u017e 1. z\u00e1\u0159\u00ed doprovodn\u00fdm programem","datePublished":"2020-08-31T10:23:49+00:00","dateModified":"2020-09-08T08:36:10+00:00","mainEntityOfPage":{"@id":"https:\/\/womenhouse.cz\/index.php\/2020\/08\/31\/festival-open-house-praha-2020-zacina-uz-1-zari-doprovodnym-programem\/"},"wordCount":524,"publisher":{"@id":"https:\/\/womenhouse.cz\/#organization"},"articleSection":["AKCE &amp; KULTURA","BYDLEN\u00cd &amp; DESIGN","TIPY &amp; TRENDY"],"inLanguage":"cs"},{"@type":"WebPage","@id":"https:\/\/womenhouse.cz\/index.php\/2020\/08\/31\/festival-open-house-praha-2020-zacina-uz-1-zari-doprovodnym-programem\/","url":"https:\/\/womenhouse.cz\/index.php\/2020\/08\/31\/festival-open-house-praha-2020-zacina-uz-1-zari-doprovodnym-programem\/","name":"Festival Open House Praha 2020 za\u010d\u00edn\u00e1 u\u017e 1. z\u00e1\u0159\u00ed doprovodn\u00fdm programem - WOMENHOUSE.cz","isPartOf":{"@id":"https:\/\/womenhouse.cz\/#website"},"datePublished":"2020-08-31T10:23:49+00:00","dateModified":"2020-09-08T08:36:10+00:00","breadcrumb":{"@id":"https:\/\/womenhouse.cz\/index.php\/2020\/08\/31\/festival-open-house-praha-2020-zacina-uz-1-zari-doprovodnym-programem\/#breadcrumb"},"inLanguage":"cs","potentialAction":[{"@type":"ReadAction","target":["https:\/\/womenhouse.cz\/index.php\/2020\/08\/31\/festival-open-house-praha-2020-zacina-uz-1-zari-doprovodnym-programem\/"]}]},{"@type":"BreadcrumbList","@id":"https:\/\/womenhouse.cz\/index.php\/2020\/08\/31\/festival-open-house-praha-2020-zacina-uz-1-zari-doprovodnym-programem\/#breadcrumb","itemListElement":[{"@type":"ListItem","position":1,"name":"Dom\u016f","item":"https:\/\/womenhouse.cz\/"},{"@type":"ListItem","position":2,"name":"Festival Open House Praha 2020 za\u010d\u00edn\u00e1 u\u017e 1. z\u00e1\u0159\u00ed doprovodn\u00fdm programem"}]},{"@type":"WebSite","@id":"https:\/\/womenhouse.cz\/#website","url":"https:\/\/womenhouse.cz\/","name":"WOMENHOUSE.cz","description":"Port\u00e1l v\u00fdhradn\u011b jen pro \u017eeny...","publisher":{"@id":"https:\/\/womenhouse.cz\/#organization"},"potentialAction":[{"@type":"SearchAction","target":{"@type":"EntryPoint","urlTemplate":"https:\/\/womenhouse.cz\/?s={search_term_string}"},"query-input":"required name=search_term_string"}],"inLanguage":"cs"},{"@type":"Organization","@id":"https:\/\/womenhouse.cz\/#organization","name":"WOMENHOUSE.cz","url":"https:\/\/womenhouse.cz\/","logo":{"@type":"ImageObject","inLanguage":"cs","@id":"https:\/\/womenhouse.cz\/#\/schema\/logo\/image\/","url":"https:\/\/womenhouse.cz\/wp-content\/uploads\/2020\/06\/cropped-logo_Womenhouse_RGB-02-removebg-preview-1.png","contentUrl":"https:\/\/womenhouse.cz\/wp-content\/uploads\/2020\/06\/cropped-logo_Womenhouse_RGB-02-removebg-preview-1.png","width":561,"height":375,"caption":"WOMENHOUSE.cz"},"image":{"@id":"https:\/\/womenhouse.cz\/#\/schema\/logo\/image\/"},"sameAs":["https:\/\/www.facebook.com\/womenhousecz","https:\/\/www.instagram.com\/womenhousecz\/"]},{"@type":"Person","@id":"https:\/\/womenhouse.cz\/#\/schema\/person\/86cffd1f6a5059d13fa66315493f584d","name":"Miroslav Van\u011bk","sameAs":["http:\/\/www.womenhouse.cz"],"url":"https:\/\/womenhouse.cz\/index.php\/author\/mirvan\/"}]}},"_links":{"self":[{"href":"https:\/\/womenhouse.cz\/index.php\/wp-json\/wp\/v2\/posts\/3913"}],"collection":[{"href":"https:\/\/womenhouse.cz\/index.php\/wp-json\/wp\/v2\/posts"}],"about":[{"href":"https:\/\/womenhouse.cz\/index.php\/wp-json\/wp\/v2\/types\/post"}],"author":[{"embeddable":true,"href":"https:\/\/womenhouse.cz\/index.php\/wp-json\/wp\/v2\/users\/3"}],"replies":[{"embeddable":true,"href":"https:\/\/womenhouse.cz\/index.php\/wp-json\/wp\/v2\/comments?post=3913"}],"version-history":[{"count":-3,"href":"https:\/\/womenhouse.cz\/index.php\/wp-json\/wp\/v2\/posts\/3913\/revisions"}],"wp:featuredmedia":[{"embeddable":true,"href":"https:\/\/womenhouse.cz\/index.php\/wp-json\/wp\/v2\/media\/3922"}],"wp:attachment":[{"href":"https:\/\/womenhouse.cz\/index.php\/wp-json\/wp\/v2\/media?parent=3913"}],"wp:term":[{"taxonomy":"category","embeddable":true,"href":"https:\/\/womenhouse.cz\/index.php\/wp-json\/wp\/v2\/categories?post=3913"},{"taxonomy":"post_tag","embeddable":true,"href":"https:\/\/womenhouse.cz\/index.php\/wp-json\/wp\/v2\/tags?post=3913"}],"curies":[{"name":"wp","href":"https:\/\/api.w.org\/{rel}","templated":true}]}}