{"id":384,"date":"2019-07-19T00:11:04","date_gmt":"2019-07-18T22:11:04","guid":{"rendered":"http:\/\/womenhouse.cz\/?p=384"},"modified":"2019-09-04T18:19:37","modified_gmt":"2019-09-04T16:19:37","slug":"moda-pro-ty-nejdulezitejsi-lidi-na-svete","status":"publish","type":"post","link":"https:\/\/womenhouse.cz\/index.php\/2019\/07\/19\/moda-pro-ty-nejdulezitejsi-lidi-na-svete\/","title":{"rendered":"M\u00f3da pro ty nejd\u016fle\u017eit\u011bj\u0161\u00ed lidi na sv\u011bt\u011b!"},"content":{"rendered":"\n<p><strong>Hled\u00e1te slavnostn\u00ed \u0161aty na v\u00fdjime\u010dnou p\u0159\u00edle\u017eitost? Z nab\u00eddky obchodu Ceremony Kids ve Slovansk\u00e9m dom\u011b si v\u017edy vyberete n\u011bco v\u00fdjime\u010dn\u00e9ho pro sv\u00e9 ratolesti.<\/strong><\/p>\n\n\n\n<figure class=\"wp-block-image\"><img loading=\"lazy\" decoding=\"async\" width=\"1024\" height=\"484\" src=\"http:\/\/womenhouse.cz\/wp-content\/uploads\/2019\/07\/MIMI2-720x340-1024x484.jpg\" alt=\"\" class=\"wp-image-386\" srcset=\"https:\/\/womenhouse.cz\/wp-content\/uploads\/2019\/07\/MIMI2-720x340-1024x484.jpg 1024w, https:\/\/womenhouse.cz\/wp-content\/uploads\/2019\/07\/MIMI2-720x340-300x142.jpg 300w, https:\/\/womenhouse.cz\/wp-content\/uploads\/2019\/07\/MIMI2-720x340-768x363.jpg 768w, https:\/\/womenhouse.cz\/wp-content\/uploads\/2019\/07\/MIMI2-720x340.jpg 1950w\" sizes=\"(max-width: 1024px) 100vw, 1024px\" \/><\/figure>\n\n\n\n<p>Dnes u\u017e se d\u011btsk\u00e1 m\u00f3da neli\u0161\u00ed tolik od dosp\u011bl\u00e9. Koneckonc\u016f, d\u00edvky i chlapci maj\u00ed tak\u00e9 touhu nosit m\u00f3dn\u00ed oble\u010den\u00ed, jako jejich m\u00e1ma a t\u00e1ta, aby vypadaly elegantn\u011b a stylov\u011b. A tak se m\u00f3dn\u00ed design\u00e9\u0159i sna\u017e\u00ed p\u0159izp\u016fsobit styl a barvy oble\u010den\u00ed pro d\u011bti a jejich rodi\u010de.<\/p>\n\n\n\n<figure class=\"wp-block-image\"><img decoding=\"async\" src=\"http:\/\/kidshouse.cz\/wp-content\/uploads\/2019\/07\/MIMI3.jpg\" alt=\"\" class=\"wp-image-277\"\/><\/figure>\n\n\n\n<p>Pro d\u00edvky jsou nezbytn\u00fdm kouskem letn\u00ed sez\u00f3ny \u0161aty se z\u00e1kladn\u00edm kv\u011btinov\u00fdm potiskem a krajkov\u00fd prop\u00ednac\u00ed svet\u0159\u00edk. Navrstv\u011bte barvy a vzory, kostky a punt\u00edky a dejte do elegantn\u00edho outfitu va\u0161eho d\u00edt\u011bte z\u00e1bavn\u00e9 a hrav\u00e9 prvky. Pro chlapce letn\u00ed trend ud\u00e1v\u00e1 ko\u0161ilky, sako a \u0161ortky chinos.<\/p>\n\n\n\n<figure class=\"wp-block-image\"><img decoding=\"async\" src=\"http:\/\/kidshouse.cz\/wp-content\/uploads\/2019\/07\/MIMI5-683x1024.jpg\" alt=\"\" class=\"wp-image-279\"\/><\/figure>\n\n\n\n<p>Klu\u010di\u010d\u00ed outfit m\u016f\u017eete doplnit stylovou \u010depic\u00ed a tak doladit klasick\u00fd a\u017e americk\u00fd le\u017e\u00e9rn\u00ed styl. Kdy\u017e vsad\u00edte na sportovn\u00ed styl, tak t\u00edm nic nezkaz\u00edte. V\u017edy\u0165 barevn\u00e9 kra\u0165asy, tepl\u00e1ky, tri\u010dka a mikiny jsou tak pohodln\u00e9, z\u00e1bavn\u00e9 a d\u011btem slu\u0161\u00ed.<\/p>\n\n\n\n<figure class=\"wp-block-image\"><img decoding=\"async\" src=\"http:\/\/kidshouse.cz\/wp-content\/uploads\/2019\/07\/MIMI4-1024x683.jpg\" alt=\"\" class=\"wp-image-278\"\/><\/figure>\n\n\n\n<p>V l\u00e9t\u011b obl\u00e9k\u00e1me d\u011bti i pro speci\u00e1ln\u00ed oslavy jako je svatba, k\u0159tiny a dal\u0161\u00ed slavnostn\u00ed p\u0159\u00edle\u017eitosti. V Ceremony Kids najdete nep\u0159ebern\u00e9 mno\u017estv\u00ed slavnostn\u00edch kr\u00e1sn\u00fdch \u0161at\u016f pro hol\u010di\u010dky a obleky s ko\u0161il\u00ed a mot\u00fdlkem pro chlape\u010dky.<\/p>\n\n\n\n<p><strong>V\u00edce na&nbsp;<\/strong><a href=\"http:\/\/www.ceremonykids.cz\/kontakty-a-prodejny\/\"><strong>www.ceremonykids.cz<\/strong><\/a><strong>.<\/strong><\/p>\n\n\n\n<p>Kamenn\u00fd obchod naleznete v centru Prahy ve Slovansk\u00e9m dom\u011b (vedle kina).<\/p>\n\n\n\n<p><strong>Ceremony Kids \u2013&nbsp;Slovansk\u00fd d\u016fm (vedle kina)<\/strong><\/p>\n\n\n\n<p>Na P\u0159\u00edkop\u011b 22, Praha 1<\/p>\n\n\n\n<p><strong>Otev\u00edrac\u00ed doba:<\/strong><\/p>\n\n\n\n<p>PO-NE: 10 \u2013 20 hod<\/p>\n\n\n\n<p><strong>Nav\u00edc aktu\u00e1ln\u011b m\u016f\u017eete sout\u011b\u017eit o voucher v hodnot\u011b 3.000 K\u010d na port\u00e1lu&nbsp;<a href=\"http:\/\/kidshouse.cz\/\">KIDSHOUSE.cz<\/a>.<\/strong><br><\/p>\n","protected":false},"excerpt":{"rendered":"<p>Hled\u00e1te slavnostn\u00ed \u0161aty na v\u00fdjime\u010dnou p\u0159\u00edle\u017eitost? Z nab\u00eddky obchodu Ceremony Kids ve Slovansk\u00e9m dom\u011b si v\u017edy vyberete n\u011bco v\u00fdjime\u010dn\u00e9ho pro sv\u00e9 ratolesti. Dnes u\u017e se d\u011btsk\u00e1 m\u00f3da neli\u0161\u00ed tolik od dosp\u011bl\u00e9. Koneckonc\u016f, d\u00edvky i chlapci maj\u00ed tak\u00e9 touhu nosit m\u00f3dn\u00ed oble\u010den\u00ed, jako jejich m\u00e1ma a t\u00e1ta, aby vypadaly elegantn\u011b a stylov\u011b. A tak se m\u00f3dn\u00ed [&hellip;]<\/p>\n","protected":false},"author":2,"featured_media":385,"comment_status":"closed","ping_status":"closed","sticky":false,"template":"","format":"standard","meta":{"_mi_skip_tracking":false,"_monsterinsights_sitenote_active":false,"_monsterinsights_sitenote_note":"","_monsterinsights_sitenote_category":0,"footnotes":""},"categories":[25,2,12],"tags":[],"yoast_head":"<!-- This site is optimized with the Yoast SEO plugin v21.5 - https:\/\/yoast.com\/wordpress\/plugins\/seo\/ -->\n<title>M\u00f3da pro ty nejd\u016fle\u017eit\u011bj\u0161\u00ed lidi na sv\u011bt\u011b! - WOMENHOUSE.cz<\/title>\n<meta name=\"robots\" content=\"index, follow, max-snippet:-1, max-image-preview:large, max-video-preview:-1\" \/>\n<link rel=\"canonical\" href=\"https:\/\/womenhouse.cz\/index.php\/2019\/07\/19\/moda-pro-ty-nejdulezitejsi-lidi-na-svete\/\" \/>\n<meta property=\"og:locale\" content=\"cs_CZ\" \/>\n<meta property=\"og:type\" content=\"article\" \/>\n<meta property=\"og:title\" content=\"M\u00f3da pro ty nejd\u016fle\u017eit\u011bj\u0161\u00ed lidi na sv\u011bt\u011b! - WOMENHOUSE.cz\" \/>\n<meta property=\"og:description\" content=\"Hled\u00e1te slavnostn\u00ed \u0161aty na v\u00fdjime\u010dnou p\u0159\u00edle\u017eitost? Z nab\u00eddky obchodu Ceremony Kids ve Slovansk\u00e9m dom\u011b si v\u017edy vyberete n\u011bco v\u00fdjime\u010dn\u00e9ho pro sv\u00e9 ratolesti. Dnes u\u017e se d\u011btsk\u00e1 m\u00f3da neli\u0161\u00ed tolik od dosp\u011bl\u00e9. Koneckonc\u016f, d\u00edvky i chlapci maj\u00ed tak\u00e9 touhu nosit m\u00f3dn\u00ed oble\u010den\u00ed, jako jejich m\u00e1ma a t\u00e1ta, aby vypadaly elegantn\u011b a stylov\u011b. A tak se m\u00f3dn\u00ed [&hellip;]\" \/>\n<meta property=\"og:url\" content=\"https:\/\/womenhouse.cz\/index.php\/2019\/07\/19\/moda-pro-ty-nejdulezitejsi-lidi-na-svete\/\" \/>\n<meta property=\"og:site_name\" content=\"WOMENHOUSE.cz\" \/>\n<meta property=\"article:publisher\" content=\"https:\/\/www.facebook.com\/womenhousecz\" \/>\n<meta property=\"article:published_time\" content=\"2019-07-18T22:11:04+00:00\" \/>\n<meta property=\"article:modified_time\" content=\"2019-09-04T16:19:37+00:00\" \/>\n<meta property=\"og:image\" content=\"https:\/\/womenhouse.cz\/wp-content\/uploads\/2019\/07\/MIMI1-1024x683.jpg\" \/>\n\t<meta property=\"og:image:width\" content=\"1950\" \/>\n\t<meta property=\"og:image:height\" content=\"1301\" \/>\n\t<meta property=\"og:image:type\" content=\"image\/jpeg\" \/>\n<meta name=\"author\" content=\"Jolana Hol\u00e1\u0148ov\u00e1\" \/>\n<meta name=\"twitter:card\" content=\"summary_large_image\" \/>\n<meta name=\"twitter:label1\" content=\"Napsal(a)\" \/>\n\t<meta name=\"twitter:data1\" content=\"Jolana Hol\u00e1\u0148ov\u00e1\" \/>\n\t<meta name=\"twitter:label2\" content=\"Odhadovan\u00e1 doba \u010dten\u00ed\" \/>\n\t<meta name=\"twitter:data2\" content=\"2 minuty\" \/>\n<script type=\"application\/ld+json\" class=\"yoast-schema-graph\">{\"@context\":\"https:\/\/schema.org\",\"@graph\":[{\"@type\":\"Article\",\"@id\":\"https:\/\/womenhouse.cz\/index.php\/2019\/07\/19\/moda-pro-ty-nejdulezitejsi-lidi-na-svete\/#article\",\"isPartOf\":{\"@id\":\"https:\/\/womenhouse.cz\/index.php\/2019\/07\/19\/moda-pro-ty-nejdulezitejsi-lidi-na-svete\/\"},\"author\":{\"name\":\"Jolana Hol\u00e1\u0148ov\u00e1\",\"@id\":\"https:\/\/womenhouse.cz\/#\/schema\/person\/541326101f8d68c711e83e8fecc80738\"},\"headline\":\"M\u00f3da pro ty nejd\u016fle\u017eit\u011bj\u0161\u00ed lidi na sv\u011bt\u011b!\",\"datePublished\":\"2019-07-18T22:11:04+00:00\",\"dateModified\":\"2019-09-04T16:19:37+00:00\",\"mainEntityOfPage\":{\"@id\":\"https:\/\/womenhouse.cz\/index.php\/2019\/07\/19\/moda-pro-ty-nejdulezitejsi-lidi-na-svete\/\"},\"wordCount\":325,\"publisher\":{\"@id\":\"https:\/\/womenhouse.cz\/#organization\"},\"articleSection\":[\"FASHION\",\"NEWS\",\"TIPY &amp; TRENDY\"],\"inLanguage\":\"cs\"},{\"@type\":\"WebPage\",\"@id\":\"https:\/\/womenhouse.cz\/index.php\/2019\/07\/19\/moda-pro-ty-nejdulezitejsi-lidi-na-svete\/\",\"url\":\"https:\/\/womenhouse.cz\/index.php\/2019\/07\/19\/moda-pro-ty-nejdulezitejsi-lidi-na-svete\/\",\"name\":\"M\u00f3da pro ty nejd\u016fle\u017eit\u011bj\u0161\u00ed lidi na sv\u011bt\u011b! - WOMENHOUSE.cz\",\"isPartOf\":{\"@id\":\"https:\/\/womenhouse.cz\/#website\"},\"datePublished\":\"2019-07-18T22:11:04+00:00\",\"dateModified\":\"2019-09-04T16:19:37+00:00\",\"breadcrumb\":{\"@id\":\"https:\/\/womenhouse.cz\/index.php\/2019\/07\/19\/moda-pro-ty-nejdulezitejsi-lidi-na-svete\/#breadcrumb\"},\"inLanguage\":\"cs\",\"potentialAction\":[{\"@type\":\"ReadAction\",\"target\":[\"https:\/\/womenhouse.cz\/index.php\/2019\/07\/19\/moda-pro-ty-nejdulezitejsi-lidi-na-svete\/\"]}]},{\"@type\":\"BreadcrumbList\",\"@id\":\"https:\/\/womenhouse.cz\/index.php\/2019\/07\/19\/moda-pro-ty-nejdulezitejsi-lidi-na-svete\/#breadcrumb\",\"itemListElement\":[{\"@type\":\"ListItem\",\"position\":1,\"name\":\"Dom\u016f\",\"item\":\"https:\/\/womenhouse.cz\/\"},{\"@type\":\"ListItem\",\"position\":2,\"name\":\"M\u00f3da pro ty nejd\u016fle\u017eit\u011bj\u0161\u00ed lidi na sv\u011bt\u011b!\"}]},{\"@type\":\"WebSite\",\"@id\":\"https:\/\/womenhouse.cz\/#website\",\"url\":\"https:\/\/womenhouse.cz\/\",\"name\":\"WOMENHOUSE.cz\",\"description\":\"Port\u00e1l v\u00fdhradn\u011b jen pro \u017eeny...\",\"publisher\":{\"@id\":\"https:\/\/womenhouse.cz\/#organization\"},\"potentialAction\":[{\"@type\":\"SearchAction\",\"target\":{\"@type\":\"EntryPoint\",\"urlTemplate\":\"https:\/\/womenhouse.cz\/?s={search_term_string}\"},\"query-input\":\"required name=search_term_string\"}],\"inLanguage\":\"cs\"},{\"@type\":\"Organization\",\"@id\":\"https:\/\/womenhouse.cz\/#organization\",\"name\":\"WOMENHOUSE.cz\",\"url\":\"https:\/\/womenhouse.cz\/\",\"logo\":{\"@type\":\"ImageObject\",\"inLanguage\":\"cs\",\"@id\":\"https:\/\/womenhouse.cz\/#\/schema\/logo\/image\/\",\"url\":\"https:\/\/womenhouse.cz\/wp-content\/uploads\/2020\/06\/cropped-logo_Womenhouse_RGB-02-removebg-preview-1.png\",\"contentUrl\":\"https:\/\/womenhouse.cz\/wp-content\/uploads\/2020\/06\/cropped-logo_Womenhouse_RGB-02-removebg-preview-1.png\",\"width\":561,\"height\":375,\"caption\":\"WOMENHOUSE.cz\"},\"image\":{\"@id\":\"https:\/\/womenhouse.cz\/#\/schema\/logo\/image\/\"},\"sameAs\":[\"https:\/\/www.facebook.com\/womenhousecz\",\"https:\/\/www.instagram.com\/womenhousecz\/\"]},{\"@type\":\"Person\",\"@id\":\"https:\/\/womenhouse.cz\/#\/schema\/person\/541326101f8d68c711e83e8fecc80738\",\"name\":\"Jolana Hol\u00e1\u0148ov\u00e1\",\"sameAs\":[\"http:\/\/www.womenhouse.cz\"],\"url\":\"https:\/\/womenhouse.cz\/index.php\/author\/jolhol\/\"}]}<\/script>\n<!-- \/ Yoast SEO plugin. -->","yoast_head_json":{"title":"M\u00f3da pro ty nejd\u016fle\u017eit\u011bj\u0161\u00ed lidi na sv\u011bt\u011b! - WOMENHOUSE.cz","robots":{"index":"index","follow":"follow","max-snippet":"max-snippet:-1","max-image-preview":"max-image-preview:large","max-video-preview":"max-video-preview:-1"},"canonical":"https:\/\/womenhouse.cz\/index.php\/2019\/07\/19\/moda-pro-ty-nejdulezitejsi-lidi-na-svete\/","og_locale":"cs_CZ","og_type":"article","og_title":"M\u00f3da pro ty nejd\u016fle\u017eit\u011bj\u0161\u00ed lidi na sv\u011bt\u011b! - WOMENHOUSE.cz","og_description":"Hled\u00e1te slavnostn\u00ed \u0161aty na v\u00fdjime\u010dnou p\u0159\u00edle\u017eitost? Z nab\u00eddky obchodu Ceremony Kids ve Slovansk\u00e9m dom\u011b si v\u017edy vyberete n\u011bco v\u00fdjime\u010dn\u00e9ho pro sv\u00e9 ratolesti. Dnes u\u017e se d\u011btsk\u00e1 m\u00f3da neli\u0161\u00ed tolik od dosp\u011bl\u00e9. Koneckonc\u016f, d\u00edvky i chlapci maj\u00ed tak\u00e9 touhu nosit m\u00f3dn\u00ed oble\u010den\u00ed, jako jejich m\u00e1ma a t\u00e1ta, aby vypadaly elegantn\u011b a stylov\u011b. A tak se m\u00f3dn\u00ed [&hellip;]","og_url":"https:\/\/womenhouse.cz\/index.php\/2019\/07\/19\/moda-pro-ty-nejdulezitejsi-lidi-na-svete\/","og_site_name":"WOMENHOUSE.cz","article_publisher":"https:\/\/www.facebook.com\/womenhousecz","article_published_time":"2019-07-18T22:11:04+00:00","article_modified_time":"2019-09-04T16:19:37+00:00","og_image":[{"width":1950,"height":1301,"url":"https:\/\/womenhouse.cz\/wp-content\/uploads\/2019\/07\/MIMI1-1024x683.jpg","type":"image\/jpeg"}],"author":"Jolana Hol\u00e1\u0148ov\u00e1","twitter_card":"summary_large_image","twitter_misc":{"Napsal(a)":"Jolana Hol\u00e1\u0148ov\u00e1","Odhadovan\u00e1 doba \u010dten\u00ed":"2 minuty"},"schema":{"@context":"https:\/\/schema.org","@graph":[{"@type":"Article","@id":"https:\/\/womenhouse.cz\/index.php\/2019\/07\/19\/moda-pro-ty-nejdulezitejsi-lidi-na-svete\/#article","isPartOf":{"@id":"https:\/\/womenhouse.cz\/index.php\/2019\/07\/19\/moda-pro-ty-nejdulezitejsi-lidi-na-svete\/"},"author":{"name":"Jolana Hol\u00e1\u0148ov\u00e1","@id":"https:\/\/womenhouse.cz\/#\/schema\/person\/541326101f8d68c711e83e8fecc80738"},"headline":"M\u00f3da pro ty nejd\u016fle\u017eit\u011bj\u0161\u00ed lidi na sv\u011bt\u011b!","datePublished":"2019-07-18T22:11:04+00:00","dateModified":"2019-09-04T16:19:37+00:00","mainEntityOfPage":{"@id":"https:\/\/womenhouse.cz\/index.php\/2019\/07\/19\/moda-pro-ty-nejdulezitejsi-lidi-na-svete\/"},"wordCount":325,"publisher":{"@id":"https:\/\/womenhouse.cz\/#organization"},"articleSection":["FASHION","NEWS","TIPY &amp; TRENDY"],"inLanguage":"cs"},{"@type":"WebPage","@id":"https:\/\/womenhouse.cz\/index.php\/2019\/07\/19\/moda-pro-ty-nejdulezitejsi-lidi-na-svete\/","url":"https:\/\/womenhouse.cz\/index.php\/2019\/07\/19\/moda-pro-ty-nejdulezitejsi-lidi-na-svete\/","name":"M\u00f3da pro ty nejd\u016fle\u017eit\u011bj\u0161\u00ed lidi na sv\u011bt\u011b! - WOMENHOUSE.cz","isPartOf":{"@id":"https:\/\/womenhouse.cz\/#website"},"datePublished":"2019-07-18T22:11:04+00:00","dateModified":"2019-09-04T16:19:37+00:00","breadcrumb":{"@id":"https:\/\/womenhouse.cz\/index.php\/2019\/07\/19\/moda-pro-ty-nejdulezitejsi-lidi-na-svete\/#breadcrumb"},"inLanguage":"cs","potentialAction":[{"@type":"ReadAction","target":["https:\/\/womenhouse.cz\/index.php\/2019\/07\/19\/moda-pro-ty-nejdulezitejsi-lidi-na-svete\/"]}]},{"@type":"BreadcrumbList","@id":"https:\/\/womenhouse.cz\/index.php\/2019\/07\/19\/moda-pro-ty-nejdulezitejsi-lidi-na-svete\/#breadcrumb","itemListElement":[{"@type":"ListItem","position":1,"name":"Dom\u016f","item":"https:\/\/womenhouse.cz\/"},{"@type":"ListItem","position":2,"name":"M\u00f3da pro ty nejd\u016fle\u017eit\u011bj\u0161\u00ed lidi na sv\u011bt\u011b!"}]},{"@type":"WebSite","@id":"https:\/\/womenhouse.cz\/#website","url":"https:\/\/womenhouse.cz\/","name":"WOMENHOUSE.cz","description":"Port\u00e1l v\u00fdhradn\u011b jen pro \u017eeny...","publisher":{"@id":"https:\/\/womenhouse.cz\/#organization"},"potentialAction":[{"@type":"SearchAction","target":{"@type":"EntryPoint","urlTemplate":"https:\/\/womenhouse.cz\/?s={search_term_string}"},"query-input":"required name=search_term_string"}],"inLanguage":"cs"},{"@type":"Organization","@id":"https:\/\/womenhouse.cz\/#organization","name":"WOMENHOUSE.cz","url":"https:\/\/womenhouse.cz\/","logo":{"@type":"ImageObject","inLanguage":"cs","@id":"https:\/\/womenhouse.cz\/#\/schema\/logo\/image\/","url":"https:\/\/womenhouse.cz\/wp-content\/uploads\/2020\/06\/cropped-logo_Womenhouse_RGB-02-removebg-preview-1.png","contentUrl":"https:\/\/womenhouse.cz\/wp-content\/uploads\/2020\/06\/cropped-logo_Womenhouse_RGB-02-removebg-preview-1.png","width":561,"height":375,"caption":"WOMENHOUSE.cz"},"image":{"@id":"https:\/\/womenhouse.cz\/#\/schema\/logo\/image\/"},"sameAs":["https:\/\/www.facebook.com\/womenhousecz","https:\/\/www.instagram.com\/womenhousecz\/"]},{"@type":"Person","@id":"https:\/\/womenhouse.cz\/#\/schema\/person\/541326101f8d68c711e83e8fecc80738","name":"Jolana Hol\u00e1\u0148ov\u00e1","sameAs":["http:\/\/www.womenhouse.cz"],"url":"https:\/\/womenhouse.cz\/index.php\/author\/jolhol\/"}]}},"_links":{"self":[{"href":"https:\/\/womenhouse.cz\/index.php\/wp-json\/wp\/v2\/posts\/384"}],"collection":[{"href":"https:\/\/womenhouse.cz\/index.php\/wp-json\/wp\/v2\/posts"}],"about":[{"href":"https:\/\/womenhouse.cz\/index.php\/wp-json\/wp\/v2\/types\/post"}],"author":[{"embeddable":true,"href":"https:\/\/womenhouse.cz\/index.php\/wp-json\/wp\/v2\/users\/2"}],"replies":[{"embeddable":true,"href":"https:\/\/womenhouse.cz\/index.php\/wp-json\/wp\/v2\/comments?post=384"}],"version-history":[{"count":-3,"href":"https:\/\/womenhouse.cz\/index.php\/wp-json\/wp\/v2\/posts\/384\/revisions"}],"wp:featuredmedia":[{"embeddable":true,"href":"https:\/\/womenhouse.cz\/index.php\/wp-json\/wp\/v2\/media\/385"}],"wp:attachment":[{"href":"https:\/\/womenhouse.cz\/index.php\/wp-json\/wp\/v2\/media?parent=384"}],"wp:term":[{"taxonomy":"category","embeddable":true,"href":"https:\/\/womenhouse.cz\/index.php\/wp-json\/wp\/v2\/categories?post=384"},{"taxonomy":"post_tag","embeddable":true,"href":"https:\/\/womenhouse.cz\/index.php\/wp-json\/wp\/v2\/tags?post=384"}],"curies":[{"name":"wp","href":"https:\/\/api.w.org\/{rel}","templated":true}]}}