{"id":3495,"date":"2020-07-01T13:19:10","date_gmt":"2020-07-01T11:19:10","guid":{"rendered":"https:\/\/womenhouse.cz\/?p=3495"},"modified":"2020-08-27T00:25:51","modified_gmt":"2020-08-26T22:25:51","slug":"nebojte-se-mit-vlastni-vizi-za-kterou-si-budete-stat-radi-pavlina-ascher-marjakova","status":"publish","type":"post","link":"https:\/\/womenhouse.cz\/index.php\/2020\/07\/01\/nebojte-se-mit-vlastni-vizi-za-kterou-si-budete-stat-radi-pavlina-ascher-marjakova\/","title":{"rendered":"Nebojte se m\u00edt vlastn\u00ed vizi, za kterou si budete st\u00e1t, rad\u00ed Pavl\u00edna Ascher Marjakov\u00e1"},"content":{"rendered":"\n<p><strong>Pavl\u00edna Ascher Marjakov\u00e1 stoj\u00ed za \u00fasp\u011b\u0161nou handmade zna\u010dkou M. ASCH \u2013 Be original, je\u017e plete a \u0161ije oble\u010den\u00ed s l\u00e1skou nejen pro d\u011bti, ale i ostatn\u00ed, kte\u0159\u00ed se cht\u011bj\u00ed c\u00edtit v oble\u010den\u00ed pohodln\u011b. Jak se vlastn\u011b maminka dcery Viktorky k podnik\u00e1n\u00ed dostala a jak zvl\u00e1d\u00e1 sou\u010dasnou koronavirovou krizi?<\/strong><\/p>\n\n\n\n<figure class=\"wp-block-image size-large\"><img loading=\"lazy\" decoding=\"async\" width=\"682\" height=\"1024\" src=\"https:\/\/womenhouse.cz\/wp-content\/uploads\/2020\/07\/Pavl\u00edna-Ascher-Marjakov\u00e1-682x1024.jpeg\" alt=\"\" class=\"wp-image-3498\" srcset=\"https:\/\/womenhouse.cz\/wp-content\/uploads\/2020\/07\/Pavl\u00edna-Ascher-Marjakov\u00e1-682x1024.jpeg 682w, https:\/\/womenhouse.cz\/wp-content\/uploads\/2020\/07\/Pavl\u00edna-Ascher-Marjakov\u00e1-200x300.jpeg 200w, https:\/\/womenhouse.cz\/wp-content\/uploads\/2020\/07\/Pavl\u00edna-Ascher-Marjakov\u00e1-768x1152.jpeg 768w, https:\/\/womenhouse.cz\/wp-content\/uploads\/2020\/07\/Pavl\u00edna-Ascher-Marjakov\u00e1.jpeg 867w\" sizes=\"(max-width: 682px) 100vw, 682px\" \/><\/figure>\n\n\n\n<h4 class=\"wp-block-heading\"><strong>Kdy jste poprv\u00e9 dostala n\u00e1pad na vlastn\u00ed podnik\u00e1n\u00ed?<\/strong><\/h4>\n\n\n\n<p>U\u017e od mali\u010dka jsem tvo\u0159iv\u00fd typ, tak\u017ee u\u017e v d\u011btstv\u00ed jsem si p\u0159edstavovala to, \u017ee budu m\u00edt n\u011bco sv\u00e9ho. Nicm\u00e9n\u011b asi \u00fapln\u011b prvn\u00ed my\u0161lenka na zna\u010dku oble\u010den\u00ed padla u tety v USA, kdy\u017e jsme let\u011bli na Floridu a v letadle jsme spole\u010dn\u011b vym\u00fd\u0161lely prvn\u00ed n\u00e1zvy. Jako prvn\u00ed se zna\u010dka m\u011bla jmenovat STAMP (zn\u00e1mka). Teta byla nad\u0161en\u00e1, na to nikdy nezapomenu.<\/p>\n\n\n\n<p>Po n\u011bjak\u00e9 dob\u011b to ale v\u0161echno n\u011bjak vy\u0161um\u011blo, j\u00e1 odjela za prac\u00ed do It\u00e1lie a myslela jsem, \u017ee u\u017e se k tomu nevr\u00e1t\u00edm. P\u00e1r letech jsem ale ot\u011bhotn\u011bla, chystala v\u00fdbavi\u010dku pro dcerku a u\u017e se to vezlo. Po narozen\u00ed Viktorky jsme byly n\u011bjakou dobu v Ostravsk\u00e9 nemocnici a dlouh\u00e9 chv\u00edle jsem si vypl\u0148ovala pleten\u00edm. Mou prvn\u00ed upletenou \u010depi\u010dku, kterou jsem vyfotila na nemocni\u010dn\u00edm l\u016f\u017eku, m\u016f\u017eete je\u0161t\u011b vid\u011bt na m\u00e9m instagramov\u00e9m \u00fa\u010dtu. T\u00edm to v\u0161echno za\u010dalo, p\u0159ich\u00e1zely prvn\u00ed objedn\u00e1vky a rozjel se m\u016fj &#8222;koloto\u010d&#8220;, za kter\u00fd jsem nesm\u00edrn\u011b vd\u011b\u010dn\u00e1.<\/p>\n\n\n\n<h4 class=\"wp-block-heading\"><strong>Co znamen\u00e1 n\u00e1zev va\u0161eho e-shopu M.ASCH Be original?<\/strong><\/h4>\n\n\n\n<p>Vznikl spojen\u00edm m\u00e9ho a man\u017eelova p\u0159\u00edjmen\u00ed. M jako Marjak, ASCH jako Ascher\/ov\u00e1 = M.ASCH \u2013 Be original.<\/p>\n\n\n\n<h4 class=\"wp-block-heading\"><strong>Co pro v\u00e1s znamen\u00e1 vlastn\u00ed podnik\u00e1n\u00ed?<\/strong><\/h4>\n\n\n\n<p>Svobodu, discipl\u00ednu, pokoru a l\u00e1sku. Tahle slova pro m\u011b znamenaj\u00ed vlastn\u00ed podnik\u00e1n\u00ed. Pracujeme neust\u00e1le, ale kone\u010dn\u011b pracujeme pro n\u011bco, co n\u00e1s napl\u0148uje a bav\u00ed. M\u016f\u017eeme ud\u00e1vat nov\u00fd standard z\u00e1silek, kter\u00e9 lidem p\u0159ijdou dom\u016f (a\u0165 u\u017e je to obsah bal\u00ed\u010dku nebo balen\u00ed, ve kter\u00e9m objedn\u00e1vka p\u0159ijde). To tvo\u0159en\u00ed bez omezen\u00ed je pro m\u011b n\u011bco nepopsateln\u00e9ho. V\u017edy, kdy\u017e mi nap\u00ed\u0161e n\u011bjak\u00e1 m\u00e1 z\u00e1kaznice, \u017ee u\u017e ji uchv\u00e1tilo jen to balen\u00ed, m\u00e1m obrovskou vnit\u0159n\u00ed radost a v\u00edm, \u017ee n\u011bco d\u011bl\u00e1me spr\u00e1vn\u011b.<\/p>\n\n\n\n<h4 class=\"wp-block-heading\"><strong>Pro\u010d jste se zam\u011b\u0159ila zrovna na podnik\u00e1n\u00ed v oblasti e-commerce?<\/strong><\/h4>\n\n\n\n<p>E-commerce je podnik\u00e1n\u00ed neomezen\u00fdch mo\u017enost\u00ed. Mn\u011b podnik\u00e1n\u00ed v e-commerce pohltilo v\u00edce m\u00e9n\u011b samo u\u017e prvn\u00edm okam\u017eikem, kdy jsem vystavila prvn\u00ed fotku \u010depi\u010dky na soci\u00e1ln\u00ed s\u00edti. U\u017e del\u0161\u00ed dobu si ale pohr\u00e1v\u00e1m s my\u0161lenkou kamenn\u00e9 prodejny, tak\u017ee uvid\u00edme.<\/p>\n\n\n\n<h4 class=\"wp-block-heading\"><strong>Co byste doporu\u010dila ostatn\u00edm \u017een\u00e1m, kter\u00e9 si cht\u011bj\u00ed zalo\u017eit vlastn\u00ed e-shop?<\/strong><\/h4>\n\n\n\n<p>Nebojte se m\u00edt vlastn\u00ed vizi, za kterou si budete st\u00e1t. Nepolevujte ve sv\u00fdch priorit\u00e1ch. Neposlouchejte lidi, co by v\u00e1m cht\u011bli v podnik\u00e1n\u00ed radit a m\u011bnit strategii, pokud je o to nepo\u017e\u00e1d\u00e1te. Vy sama p\u0159ece v\u00edte nejl\u00edp, jak sv\u016fj n\u00e1pad uskute\u010dnit a prodat. V\u0161e m\u00e1 sv\u016fj p\u0159irozen\u00fd r\u016fst, a pokud v\u011bci d\u011bl\u00e1te po\u0159\u00e1dn\u011b, s pokorou a l\u00e1skou, odm\u011bna p\u0159ijde v\u017edy.<\/p>\n\n\n\n<h4 class=\"wp-block-heading\"><strong>Jak vn\u00edm\u00e1te situaci s koronavirem a jak se projevila na popt\u00e1vce po va\u0161ich produktech?<\/strong><\/h4>\n\n\n\n<p>Je to nep\u0159\u00edjemn\u00e1 situace, kter\u00e1 postihla n\u00e1s v\u0161echny. M\u011bli jsme to \u0161t\u011bst\u00ed, \u017ee n\u00e1s se to po pracovn\u00ed str\u00e1nce p\u0159\u00edli\u0161 nedotklo, a moc m\u011b mrz\u00ed, \u017ee n\u011bkte\u0159\u00ed na tom jsou h\u016f\u0159e. Prvn\u00ed t\u00fdden, kdy p\u0159evl\u00e1dala nejistota a strach, jsme registrovali pokles objedn\u00e1vek, nyn\u00ed u\u017e evidujeme n\u00e1r\u016fst, kdy odes\u00edl\u00e1me podobn\u00e9 mno\u017estv\u00ed bal\u00ed\u010dk\u016f jako v p\u0159edv\u00e1no\u010dn\u00edm obdob\u00ed.<\/p>\n\n\n\n<h4 class=\"wp-block-heading\"><strong>M\u00e1te n\u011bjak\u00e1 povzbudiv\u00e1 slova pro sv\u00e9 z\u00e1kazn\u00edky, fanou\u0161ky a podnikatelky, na jejich\u017e podnik\u00e1n\u00ed se koronavirus negativn\u011b podepisuje?<\/strong><\/h4>\n\n\n\n<p>I kdy\u017e toto obdob\u00ed bylo velice nep\u0159\u00edjemn\u00e9, tak u\u017e je skoro za n\u00e1mi a v\u011b\u0159\u00edm, \u017ee n\u00e1m m\u016f\u017ee pomoci. D\u016fle\u017eit\u00e9 je to nevzd\u00e1vat a zam\u011b\u0159it se na to, co m\u016f\u017eeme vylep\u0161it, jak se p\u0159izp\u016fsobit, a hledat zp\u016fsoby, jak efektivn\u011b nab\u00edzet slu\u017eby a v\u00fdrobky i za takto zt\u00ed\u017een\u00fdch podm\u00ednek. Pokud va\u0161eho podnik\u00e1n\u00ed p\u0159e\u017eilo koronavirus, tak p\u0159e\u017eije v\u0161echno.<\/p>\n\n\n\n<h4 class=\"wp-block-heading\"><strong>Spousta lid\u00ed si pohr\u00e1v\u00e1 s podnikatelsk\u00fdm n\u00e1padem. Jak lze nejl\u00e9pe sebrat odvahu a p\u0159ej\u00edt od n\u00e1padu k \u010din\u016fm?<\/strong><\/h4>\n\n\n\n<p>Doporu\u010duji moc dlouho nep\u0159em\u00fd\u0161let, jak a co prov\u00e9st, a prost\u011b to ud\u011blat. \u010c\u00edm d\u00e9le budete p\u0159em\u00fd\u0161let, t\u00edm v\u00edc v\u00e1m bude hlava na\u0161ept\u00e1vat, pro\u010d to neud\u011blat. Kdy\u017e to nevyjde, budete m\u00edt dobrou zku\u0161enost do budoucna.<\/p>\n\n\n\n<h4 class=\"wp-block-heading\"><strong>Pro\u010d si mysl\u00edte, \u017ee by \u017eeny m\u011bli j\u00edt se sv\u00fdmi podnikatelsk\u00fdmi pl\u00e1ny z oblasti e-commerce do sout\u011b\u017ee e\u017dena?<\/strong><\/h4>\n\n\n\n<p>Ka\u017ed\u00fd pro \u00fasp\u011bch v podnik\u00e1n\u00ed pot\u0159ebuje p\u0159edev\u0161\u00edm spolehliv\u00e9 a kvalitn\u00ed partnery, pro m\u011b j\u00edm je p\u0159epravn\u00ed spole\u010dnost GLS, kter\u00e1 doru\u010dovala \u00fapln\u011b prvn\u00ed v\u00fdrobky, kter\u00e9 jsem sv\u00fdm z\u00e1kazn\u00edk\u016fm u\u0161ila. Od t\u00e9 doby v nich m\u00e1m st\u00e1le oporu. A i proto podporuji sout\u011b\u017e e\u017dena, kde lze jako jednu z hlavn\u00edch cen vyhr\u00e1t slu\u017eby e-Bal\u00edku Pro? od GLS na rozjezd podnik\u00e1n\u00ed zdarma. A to je dobr\u00e1 p\u0159\u00edle\u017eitost pro za\u010d\u00ednaj\u00edc\u00ed podnikatelky a p\u0159\u00edle\u017eitost\u00ed by se m\u011blo vyu\u017e\u00edvat!<\/p>\n\n\n\n<div style=\"height:20px\" aria-hidden=\"true\" class=\"wp-block-spacer\"><\/div>\n\n\n\n<figure class=\"wp-block-gallery columns-1 is-cropped wp-block-gallery-1 is-layout-flex wp-block-gallery-is-layout-flex\"><ul class=\"blocks-gallery-grid\"><li class=\"blocks-gallery-item\"><figure><img loading=\"lazy\" decoding=\"async\" width=\"1024\" height=\"683\" src=\"https:\/\/womenhouse.cz\/wp-content\/uploads\/2020\/07\/Delivery-IV-1024x683.jpg\" alt=\"\" data-id=\"3497\" data-full-url=\"https:\/\/womenhouse.cz\/wp-content\/uploads\/2020\/07\/Delivery-IV.jpg\" data-link=\"https:\/\/womenhouse.cz\/?attachment_id=3497\" class=\"wp-image-3497\" srcset=\"https:\/\/womenhouse.cz\/wp-content\/uploads\/2020\/07\/Delivery-IV-1024x683.jpg 1024w, https:\/\/womenhouse.cz\/wp-content\/uploads\/2020\/07\/Delivery-IV-300x200.jpg 300w, https:\/\/womenhouse.cz\/wp-content\/uploads\/2020\/07\/Delivery-IV-768x512.jpg 768w, https:\/\/womenhouse.cz\/wp-content\/uploads\/2020\/07\/Delivery-IV-1536x1025.jpg 1536w, https:\/\/womenhouse.cz\/wp-content\/uploads\/2020\/07\/Delivery-IV.jpg 1950w\" sizes=\"(max-width: 1024px) 100vw, 1024px\" \/><\/figure><\/li><li class=\"blocks-gallery-item\"><figure><img loading=\"lazy\" decoding=\"async\" width=\"682\" height=\"1024\" src=\"https:\/\/womenhouse.cz\/wp-content\/uploads\/2020\/07\/Pavl\u00edna-Ascher-Marjakov\u00e1-682x1024.jpeg\" alt=\"\" data-id=\"3498\" data-full-url=\"https:\/\/womenhouse.cz\/wp-content\/uploads\/2020\/07\/Pavl\u00edna-Ascher-Marjakov\u00e1.jpeg\" data-link=\"https:\/\/womenhouse.cz\/?attachment_id=3498\" class=\"wp-image-3498\" srcset=\"https:\/\/womenhouse.cz\/wp-content\/uploads\/2020\/07\/Pavl\u00edna-Ascher-Marjakov\u00e1-682x1024.jpeg 682w, https:\/\/womenhouse.cz\/wp-content\/uploads\/2020\/07\/Pavl\u00edna-Ascher-Marjakov\u00e1-200x300.jpeg 200w, https:\/\/womenhouse.cz\/wp-content\/uploads\/2020\/07\/Pavl\u00edna-Ascher-Marjakov\u00e1-768x1152.jpeg 768w, https:\/\/womenhouse.cz\/wp-content\/uploads\/2020\/07\/Pavl\u00edna-Ascher-Marjakov\u00e1.jpeg 867w\" sizes=\"(max-width: 682px) 100vw, 682px\" \/><\/figure><\/li><\/ul><\/figure>\n\n\n\n<div style=\"height:100px\" aria-hidden=\"true\" class=\"wp-block-spacer\"><\/div>\n","protected":false},"excerpt":{"rendered":"<p>Pavl\u00edna Ascher Marjakov\u00e1 stoj\u00ed za \u00fasp\u011b\u0161nou handmade zna\u010dkou M. ASCH \u2013 Be original, je\u017e plete a \u0161ije oble\u010den\u00ed s l\u00e1skou nejen pro d\u011bti, ale i ostatn\u00ed, kte\u0159\u00ed se cht\u011bj\u00ed c\u00edtit v oble\u010den\u00ed pohodln\u011b. Jak se vlastn\u011b maminka dcery Viktorky k podnik\u00e1n\u00ed dostala a jak zvl\u00e1d\u00e1 sou\u010dasnou koronavirovou krizi? Kdy jste poprv\u00e9 dostala n\u00e1pad na vlastn\u00ed [&hellip;]<\/p>\n","protected":false},"author":6,"featured_media":3500,"comment_status":"closed","ping_status":"closed","sticky":false,"template":"","format":"standard","meta":{"_mi_skip_tracking":false,"_monsterinsights_sitenote_active":false,"_monsterinsights_sitenote_note":"","_monsterinsights_sitenote_category":0,"footnotes":""},"categories":[2,13],"tags":[],"yoast_head":"<!-- This site is optimized with the Yoast SEO plugin v21.5 - https:\/\/yoast.com\/wordpress\/plugins\/seo\/ -->\n<title>Nebojte se m\u00edt vlastn\u00ed vizi, za kterou si budete st\u00e1t, rad\u00ed Pavl\u00edna Ascher Marjakov\u00e1 - WOMENHOUSE.cz<\/title>\n<meta name=\"robots\" content=\"index, follow, max-snippet:-1, max-image-preview:large, max-video-preview:-1\" \/>\n<link rel=\"canonical\" href=\"https:\/\/womenhouse.cz\/index.php\/2020\/07\/01\/nebojte-se-mit-vlastni-vizi-za-kterou-si-budete-stat-radi-pavlina-ascher-marjakova\/\" \/>\n<meta property=\"og:locale\" content=\"cs_CZ\" \/>\n<meta property=\"og:type\" content=\"article\" \/>\n<meta property=\"og:title\" content=\"Nebojte se m\u00edt vlastn\u00ed vizi, za kterou si budete st\u00e1t, rad\u00ed Pavl\u00edna Ascher Marjakov\u00e1 - WOMENHOUSE.cz\" \/>\n<meta property=\"og:description\" content=\"Pavl\u00edna Ascher Marjakov\u00e1 stoj\u00ed za \u00fasp\u011b\u0161nou handmade zna\u010dkou M. ASCH \u2013 Be original, je\u017e plete a \u0161ije oble\u010den\u00ed s l\u00e1skou nejen pro d\u011bti, ale i ostatn\u00ed, kte\u0159\u00ed se cht\u011bj\u00ed c\u00edtit v oble\u010den\u00ed pohodln\u011b. Jak se vlastn\u011b maminka dcery Viktorky k podnik\u00e1n\u00ed dostala a jak zvl\u00e1d\u00e1 sou\u010dasnou koronavirovou krizi? Kdy jste poprv\u00e9 dostala n\u00e1pad na vlastn\u00ed [&hellip;]\" \/>\n<meta property=\"og:url\" content=\"https:\/\/womenhouse.cz\/index.php\/2020\/07\/01\/nebojte-se-mit-vlastni-vizi-za-kterou-si-budete-stat-radi-pavlina-ascher-marjakova\/\" \/>\n<meta property=\"og:site_name\" content=\"WOMENHOUSE.cz\" \/>\n<meta property=\"article:publisher\" content=\"https:\/\/www.facebook.com\/womenhousecz\" \/>\n<meta property=\"article:published_time\" content=\"2020-07-01T11:19:10+00:00\" \/>\n<meta property=\"article:modified_time\" content=\"2020-08-26T22:25:51+00:00\" \/>\n<meta property=\"og:image\" content=\"https:\/\/womenhouse.cz\/wp-content\/uploads\/2020\/07\/Pavl\u00edna-Ascher-Marjakov\u00e1_TTL.jpg\" \/>\n\t<meta property=\"og:image:width\" content=\"867\" \/>\n\t<meta property=\"og:image:height\" content=\"774\" \/>\n\t<meta property=\"og:image:type\" content=\"image\/jpeg\" \/>\n<meta name=\"author\" content=\"Petra Kub\u00edkov\u00e1\" \/>\n<meta name=\"twitter:card\" content=\"summary_large_image\" \/>\n<meta name=\"twitter:label1\" content=\"Napsal(a)\" \/>\n\t<meta name=\"twitter:data1\" content=\"Petra Kub\u00edkov\u00e1\" \/>\n\t<meta name=\"twitter:label2\" content=\"Odhadovan\u00e1 doba \u010dten\u00ed\" \/>\n\t<meta name=\"twitter:data2\" content=\"5 minut\" \/>\n<script type=\"application\/ld+json\" class=\"yoast-schema-graph\">{\"@context\":\"https:\/\/schema.org\",\"@graph\":[{\"@type\":\"Article\",\"@id\":\"https:\/\/womenhouse.cz\/index.php\/2020\/07\/01\/nebojte-se-mit-vlastni-vizi-za-kterou-si-budete-stat-radi-pavlina-ascher-marjakova\/#article\",\"isPartOf\":{\"@id\":\"https:\/\/womenhouse.cz\/index.php\/2020\/07\/01\/nebojte-se-mit-vlastni-vizi-za-kterou-si-budete-stat-radi-pavlina-ascher-marjakova\/\"},\"author\":{\"name\":\"Petra Kub\u00edkov\u00e1\",\"@id\":\"https:\/\/womenhouse.cz\/#\/schema\/person\/4a1fde0be3f0c5dd5006ba6dc68c7656\"},\"headline\":\"Nebojte se m\u00edt vlastn\u00ed vizi, za kterou si budete st\u00e1t, rad\u00ed Pavl\u00edna Ascher Marjakov\u00e1\",\"datePublished\":\"2020-07-01T11:19:10+00:00\",\"dateModified\":\"2020-08-26T22:25:51+00:00\",\"mainEntityOfPage\":{\"@id\":\"https:\/\/womenhouse.cz\/index.php\/2020\/07\/01\/nebojte-se-mit-vlastni-vizi-za-kterou-si-budete-stat-radi-pavlina-ascher-marjakova\/\"},\"wordCount\":1016,\"publisher\":{\"@id\":\"https:\/\/womenhouse.cz\/#organization\"},\"articleSection\":[\"NEWS\",\"ROZHOVORY\"],\"inLanguage\":\"cs\"},{\"@type\":\"WebPage\",\"@id\":\"https:\/\/womenhouse.cz\/index.php\/2020\/07\/01\/nebojte-se-mit-vlastni-vizi-za-kterou-si-budete-stat-radi-pavlina-ascher-marjakova\/\",\"url\":\"https:\/\/womenhouse.cz\/index.php\/2020\/07\/01\/nebojte-se-mit-vlastni-vizi-za-kterou-si-budete-stat-radi-pavlina-ascher-marjakova\/\",\"name\":\"Nebojte se m\u00edt vlastn\u00ed vizi, za kterou si budete st\u00e1t, rad\u00ed Pavl\u00edna Ascher Marjakov\u00e1 - WOMENHOUSE.cz\",\"isPartOf\":{\"@id\":\"https:\/\/womenhouse.cz\/#website\"},\"datePublished\":\"2020-07-01T11:19:10+00:00\",\"dateModified\":\"2020-08-26T22:25:51+00:00\",\"breadcrumb\":{\"@id\":\"https:\/\/womenhouse.cz\/index.php\/2020\/07\/01\/nebojte-se-mit-vlastni-vizi-za-kterou-si-budete-stat-radi-pavlina-ascher-marjakova\/#breadcrumb\"},\"inLanguage\":\"cs\",\"potentialAction\":[{\"@type\":\"ReadAction\",\"target\":[\"https:\/\/womenhouse.cz\/index.php\/2020\/07\/01\/nebojte-se-mit-vlastni-vizi-za-kterou-si-budete-stat-radi-pavlina-ascher-marjakova\/\"]}]},{\"@type\":\"BreadcrumbList\",\"@id\":\"https:\/\/womenhouse.cz\/index.php\/2020\/07\/01\/nebojte-se-mit-vlastni-vizi-za-kterou-si-budete-stat-radi-pavlina-ascher-marjakova\/#breadcrumb\",\"itemListElement\":[{\"@type\":\"ListItem\",\"position\":1,\"name\":\"Dom\u016f\",\"item\":\"https:\/\/womenhouse.cz\/\"},{\"@type\":\"ListItem\",\"position\":2,\"name\":\"Nebojte se m\u00edt vlastn\u00ed vizi, za kterou si budete st\u00e1t, rad\u00ed Pavl\u00edna Ascher Marjakov\u00e1\"}]},{\"@type\":\"WebSite\",\"@id\":\"https:\/\/womenhouse.cz\/#website\",\"url\":\"https:\/\/womenhouse.cz\/\",\"name\":\"WOMENHOUSE.cz\",\"description\":\"Port\u00e1l v\u00fdhradn\u011b jen pro \u017eeny...\",\"publisher\":{\"@id\":\"https:\/\/womenhouse.cz\/#organization\"},\"potentialAction\":[{\"@type\":\"SearchAction\",\"target\":{\"@type\":\"EntryPoint\",\"urlTemplate\":\"https:\/\/womenhouse.cz\/?s={search_term_string}\"},\"query-input\":\"required name=search_term_string\"}],\"inLanguage\":\"cs\"},{\"@type\":\"Organization\",\"@id\":\"https:\/\/womenhouse.cz\/#organization\",\"name\":\"WOMENHOUSE.cz\",\"url\":\"https:\/\/womenhouse.cz\/\",\"logo\":{\"@type\":\"ImageObject\",\"inLanguage\":\"cs\",\"@id\":\"https:\/\/womenhouse.cz\/#\/schema\/logo\/image\/\",\"url\":\"https:\/\/womenhouse.cz\/wp-content\/uploads\/2020\/06\/cropped-logo_Womenhouse_RGB-02-removebg-preview-1.png\",\"contentUrl\":\"https:\/\/womenhouse.cz\/wp-content\/uploads\/2020\/06\/cropped-logo_Womenhouse_RGB-02-removebg-preview-1.png\",\"width\":561,\"height\":375,\"caption\":\"WOMENHOUSE.cz\"},\"image\":{\"@id\":\"https:\/\/womenhouse.cz\/#\/schema\/logo\/image\/\"},\"sameAs\":[\"https:\/\/www.facebook.com\/womenhousecz\",\"https:\/\/www.instagram.com\/womenhousecz\/\"]},{\"@type\":\"Person\",\"@id\":\"https:\/\/womenhouse.cz\/#\/schema\/person\/4a1fde0be3f0c5dd5006ba6dc68c7656\",\"name\":\"Petra Kub\u00edkov\u00e1\",\"sameAs\":[\"http:\/\/WOMENHOUSE.cz\"],\"url\":\"https:\/\/womenhouse.cz\/index.php\/author\/kubip\/\"}]}<\/script>\n<!-- \/ Yoast SEO plugin. -->","yoast_head_json":{"title":"Nebojte se m\u00edt vlastn\u00ed vizi, za kterou si budete st\u00e1t, rad\u00ed Pavl\u00edna Ascher Marjakov\u00e1 - WOMENHOUSE.cz","robots":{"index":"index","follow":"follow","max-snippet":"max-snippet:-1","max-image-preview":"max-image-preview:large","max-video-preview":"max-video-preview:-1"},"canonical":"https:\/\/womenhouse.cz\/index.php\/2020\/07\/01\/nebojte-se-mit-vlastni-vizi-za-kterou-si-budete-stat-radi-pavlina-ascher-marjakova\/","og_locale":"cs_CZ","og_type":"article","og_title":"Nebojte se m\u00edt vlastn\u00ed vizi, za kterou si budete st\u00e1t, rad\u00ed Pavl\u00edna Ascher Marjakov\u00e1 - WOMENHOUSE.cz","og_description":"Pavl\u00edna Ascher Marjakov\u00e1 stoj\u00ed za \u00fasp\u011b\u0161nou handmade zna\u010dkou M. ASCH \u2013 Be original, je\u017e plete a \u0161ije oble\u010den\u00ed s l\u00e1skou nejen pro d\u011bti, ale i ostatn\u00ed, kte\u0159\u00ed se cht\u011bj\u00ed c\u00edtit v oble\u010den\u00ed pohodln\u011b. Jak se vlastn\u011b maminka dcery Viktorky k podnik\u00e1n\u00ed dostala a jak zvl\u00e1d\u00e1 sou\u010dasnou koronavirovou krizi? Kdy jste poprv\u00e9 dostala n\u00e1pad na vlastn\u00ed [&hellip;]","og_url":"https:\/\/womenhouse.cz\/index.php\/2020\/07\/01\/nebojte-se-mit-vlastni-vizi-za-kterou-si-budete-stat-radi-pavlina-ascher-marjakova\/","og_site_name":"WOMENHOUSE.cz","article_publisher":"https:\/\/www.facebook.com\/womenhousecz","article_published_time":"2020-07-01T11:19:10+00:00","article_modified_time":"2020-08-26T22:25:51+00:00","og_image":[{"width":867,"height":774,"url":"https:\/\/womenhouse.cz\/wp-content\/uploads\/2020\/07\/Pavl\u00edna-Ascher-Marjakov\u00e1_TTL.jpg","type":"image\/jpeg"}],"author":"Petra Kub\u00edkov\u00e1","twitter_card":"summary_large_image","twitter_misc":{"Napsal(a)":"Petra Kub\u00edkov\u00e1","Odhadovan\u00e1 doba \u010dten\u00ed":"5 minut"},"schema":{"@context":"https:\/\/schema.org","@graph":[{"@type":"Article","@id":"https:\/\/womenhouse.cz\/index.php\/2020\/07\/01\/nebojte-se-mit-vlastni-vizi-za-kterou-si-budete-stat-radi-pavlina-ascher-marjakova\/#article","isPartOf":{"@id":"https:\/\/womenhouse.cz\/index.php\/2020\/07\/01\/nebojte-se-mit-vlastni-vizi-za-kterou-si-budete-stat-radi-pavlina-ascher-marjakova\/"},"author":{"name":"Petra Kub\u00edkov\u00e1","@id":"https:\/\/womenhouse.cz\/#\/schema\/person\/4a1fde0be3f0c5dd5006ba6dc68c7656"},"headline":"Nebojte se m\u00edt vlastn\u00ed vizi, za kterou si budete st\u00e1t, rad\u00ed Pavl\u00edna Ascher Marjakov\u00e1","datePublished":"2020-07-01T11:19:10+00:00","dateModified":"2020-08-26T22:25:51+00:00","mainEntityOfPage":{"@id":"https:\/\/womenhouse.cz\/index.php\/2020\/07\/01\/nebojte-se-mit-vlastni-vizi-za-kterou-si-budete-stat-radi-pavlina-ascher-marjakova\/"},"wordCount":1016,"publisher":{"@id":"https:\/\/womenhouse.cz\/#organization"},"articleSection":["NEWS","ROZHOVORY"],"inLanguage":"cs"},{"@type":"WebPage","@id":"https:\/\/womenhouse.cz\/index.php\/2020\/07\/01\/nebojte-se-mit-vlastni-vizi-za-kterou-si-budete-stat-radi-pavlina-ascher-marjakova\/","url":"https:\/\/womenhouse.cz\/index.php\/2020\/07\/01\/nebojte-se-mit-vlastni-vizi-za-kterou-si-budete-stat-radi-pavlina-ascher-marjakova\/","name":"Nebojte se m\u00edt vlastn\u00ed vizi, za kterou si budete st\u00e1t, rad\u00ed Pavl\u00edna Ascher Marjakov\u00e1 - WOMENHOUSE.cz","isPartOf":{"@id":"https:\/\/womenhouse.cz\/#website"},"datePublished":"2020-07-01T11:19:10+00:00","dateModified":"2020-08-26T22:25:51+00:00","breadcrumb":{"@id":"https:\/\/womenhouse.cz\/index.php\/2020\/07\/01\/nebojte-se-mit-vlastni-vizi-za-kterou-si-budete-stat-radi-pavlina-ascher-marjakova\/#breadcrumb"},"inLanguage":"cs","potentialAction":[{"@type":"ReadAction","target":["https:\/\/womenhouse.cz\/index.php\/2020\/07\/01\/nebojte-se-mit-vlastni-vizi-za-kterou-si-budete-stat-radi-pavlina-ascher-marjakova\/"]}]},{"@type":"BreadcrumbList","@id":"https:\/\/womenhouse.cz\/index.php\/2020\/07\/01\/nebojte-se-mit-vlastni-vizi-za-kterou-si-budete-stat-radi-pavlina-ascher-marjakova\/#breadcrumb","itemListElement":[{"@type":"ListItem","position":1,"name":"Dom\u016f","item":"https:\/\/womenhouse.cz\/"},{"@type":"ListItem","position":2,"name":"Nebojte se m\u00edt vlastn\u00ed vizi, za kterou si budete st\u00e1t, rad\u00ed Pavl\u00edna Ascher Marjakov\u00e1"}]},{"@type":"WebSite","@id":"https:\/\/womenhouse.cz\/#website","url":"https:\/\/womenhouse.cz\/","name":"WOMENHOUSE.cz","description":"Port\u00e1l v\u00fdhradn\u011b jen pro \u017eeny...","publisher":{"@id":"https:\/\/womenhouse.cz\/#organization"},"potentialAction":[{"@type":"SearchAction","target":{"@type":"EntryPoint","urlTemplate":"https:\/\/womenhouse.cz\/?s={search_term_string}"},"query-input":"required name=search_term_string"}],"inLanguage":"cs"},{"@type":"Organization","@id":"https:\/\/womenhouse.cz\/#organization","name":"WOMENHOUSE.cz","url":"https:\/\/womenhouse.cz\/","logo":{"@type":"ImageObject","inLanguage":"cs","@id":"https:\/\/womenhouse.cz\/#\/schema\/logo\/image\/","url":"https:\/\/womenhouse.cz\/wp-content\/uploads\/2020\/06\/cropped-logo_Womenhouse_RGB-02-removebg-preview-1.png","contentUrl":"https:\/\/womenhouse.cz\/wp-content\/uploads\/2020\/06\/cropped-logo_Womenhouse_RGB-02-removebg-preview-1.png","width":561,"height":375,"caption":"WOMENHOUSE.cz"},"image":{"@id":"https:\/\/womenhouse.cz\/#\/schema\/logo\/image\/"},"sameAs":["https:\/\/www.facebook.com\/womenhousecz","https:\/\/www.instagram.com\/womenhousecz\/"]},{"@type":"Person","@id":"https:\/\/womenhouse.cz\/#\/schema\/person\/4a1fde0be3f0c5dd5006ba6dc68c7656","name":"Petra Kub\u00edkov\u00e1","sameAs":["http:\/\/WOMENHOUSE.cz"],"url":"https:\/\/womenhouse.cz\/index.php\/author\/kubip\/"}]}},"_links":{"self":[{"href":"https:\/\/womenhouse.cz\/index.php\/wp-json\/wp\/v2\/posts\/3495"}],"collection":[{"href":"https:\/\/womenhouse.cz\/index.php\/wp-json\/wp\/v2\/posts"}],"about":[{"href":"https:\/\/womenhouse.cz\/index.php\/wp-json\/wp\/v2\/types\/post"}],"author":[{"embeddable":true,"href":"https:\/\/womenhouse.cz\/index.php\/wp-json\/wp\/v2\/users\/6"}],"replies":[{"embeddable":true,"href":"https:\/\/womenhouse.cz\/index.php\/wp-json\/wp\/v2\/comments?post=3495"}],"version-history":[{"count":-3,"href":"https:\/\/womenhouse.cz\/index.php\/wp-json\/wp\/v2\/posts\/3495\/revisions"}],"wp:featuredmedia":[{"embeddable":true,"href":"https:\/\/womenhouse.cz\/index.php\/wp-json\/wp\/v2\/media\/3500"}],"wp:attachment":[{"href":"https:\/\/womenhouse.cz\/index.php\/wp-json\/wp\/v2\/media?parent=3495"}],"wp:term":[{"taxonomy":"category","embeddable":true,"href":"https:\/\/womenhouse.cz\/index.php\/wp-json\/wp\/v2\/categories?post=3495"},{"taxonomy":"post_tag","embeddable":true,"href":"https:\/\/womenhouse.cz\/index.php\/wp-json\/wp\/v2\/tags?post=3495"}],"curies":[{"name":"wp","href":"https:\/\/api.w.org\/{rel}","templated":true}]}}