{"id":328,"date":"2019-07-08T18:03:51","date_gmt":"2019-07-08T16:03:51","guid":{"rendered":"http:\/\/womenhouse.cz\/?p=328"},"modified":"2019-07-30T23:42:33","modified_gmt":"2019-07-30T21:42:33","slug":"nova-znacka-vlasove-kosmetiky-john-frieda","status":"publish","type":"post","link":"https:\/\/womenhouse.cz\/index.php\/2019\/07\/08\/nova-znacka-vlasove-kosmetiky-john-frieda\/","title":{"rendered":"Nov\u00e1 zna\u010dka vlasov\u00e9 kosmetiky John Frieda"},"content":{"rendered":"\n<p><strong>P\u0159\u00edb\u011bh zna\u010dky John Frieda se za\u010dal ps\u00e1t p\u0159ed v\u00edce ne\u017e 30 lety s otev\u0159en\u00edm jej\u00edho prvn\u00edho salonu na ulici New Cavendish Street v Lond\u00fdn\u011b. Dnes vize zna\u010dky odr\u00e1\u017e\u00ed odkaz tohoto salonu a nab\u00edz\u00ed produkty, kter\u00e9 c\u00edl\u00ed na specifick\u00e9 stylingov\u00e9 pot\u0159eby vlas\u016f a kter\u00e9 v\u00e1m nab\u00eddnou v\u00fdsledek jako ze salonu. Ten v\u00fdsledek uvid\u00edte i uc\u00edt\u00edte.<\/strong><\/p>\n\n\n\n<p>Za dobu existence zna\u010dky jsme se nau\u010dili, \u017ee mus\u00edme nab\u00edzet specifick\u00e1 \u0159e\u0161en\u00ed pro specifick\u00e9 pot\u0159eby vlas\u016f. Proto jsme si dali za c\u00edl zjistit, co p\u0159esn\u011b zp\u016fsobuje, \u017ee jsou blond vlasy jasn\u011bj\u0161\u00ed, tmav\u00e9 lesklej\u0161\u00ed a pro\u010d si vlnit\u00e9 vlasy dr\u017e\u00ed sv\u016fj nepoddajn\u00fd tvar. Produkty John Frieda tedy obsahuj\u00ed i hlubok\u00e9 porozum\u011bn\u00ed osobit\u00e9mu charakteru ka\u017ed\u00e9ho typu vlas\u016f a daj\u00ed v\u00e1m mo\u017enost naj\u00edt si p\u0159esn\u011b ten \u00fa\u010des, po jak\u00e9m tou\u017e\u00edte.<\/p>\n\n\n\n<p>Na prvn\u00edm m\u00edst\u011b seznamu produkt\u016f pro boj s&nbsp;vlnit\u00fdmi vlasy stoj\u00ed p\u016fvodn\u00ed s\u00e9rum John Frieda\u00ae Frizz Ease. Jeho uveden\u00ed v roce 1990 zp\u016fsobilo revoluci ve tvarov\u00e1n\u00ed nezkrotn\u00fdch vln a dalo vlas\u016fm zcela novou svobodu a flexibilitu. Dnes se tato \u0159ada d\u00edv\u00e1 na vlnit\u00e9 vlasy z&nbsp;nejr\u016fzn\u011bj\u0161\u00edch \u00fahl\u016f a nab\u00edz\u00ed komplexn\u00ed paletu \u0159e\u0161en\u00ed, kter\u00e1 v\u00e1m pomohou bez n\u00e1mahy vytvarovat vlasy do jak\u00e9hokoliv \u00fa\u010desu.<\/p>\n\n\n\n<p>V roce 1998 p\u0159ibyla do portfolia zna\u010dky \u0159ada John Frieda\u00ae Sheer Blonde\u00ae, kter\u00e1 m\u011bn\u00ed blond v&nbsp;blond s&nbsp;velk\u00fdm \u201eB\u201c. V\u00fdrobky t\u00e9to \u0159ady byly speci\u00e1ln\u011b vyvinuty tak, aby krom b\u011b\u017en\u00e9 ka\u017edodenn\u00ed p\u00e9\u010de dodaly sv\u011btl\u00fdm vlas\u016fm v\u0161e, co pot\u0159ebuj\u00ed, aby se prom\u011bnily v&nbsp;nep\u0159ehl\u00e9dnutelnou ozdobu ka\u017ed\u00e9 \u017eeny.<\/p>\n\n\n\n<p>Kolekce Brilliant Brunette\u00ae z\u00e1sadn\u011b zm\u011bnila pravidla hry. Tato v\u016fbec prvn\u00ed \u0159ada pe\u010duj\u00edc\u00ed o barvu vlas\u016f zv\u00fdraz\u0148uje jedine\u010dn\u00e9 t\u00f3ny v\u0161ech odst\u00edn\u016f hn\u011bd\u00fdch vlas\u016f, od syt\u00e9ho karamelu po to nejtmav\u0161\u00ed espresso. Bl\u00fdskn\u011bte se.<\/p>\n\n\n\n<p>U\u017e d\u00e9le ne\u017e 10 let d\u00e1v\u00e1 \u0159ada Radiant Red\u00ae zrzav\u00fdm a rud\u00fdm vlas\u016fm energii a bojuje s&nbsp;vadnut\u00edm jejich jedine\u010dn\u00e9 barvy. Pro\u010d by \u010derven\u00e9 vlasy m\u011bly dostat \u010dervenou?<\/p>\n\n\n\n<p>V roce 1988 spat\u0159ila sv\u011btlo sv\u011bta bezoplachov\u00e1 p\u00e9\u010de Blow Dry Lotion z \u0159ady Luxurious Volume\u00ae, kter\u00e1 c\u00edlila na prom\u011bnu jemn\u00fdch vlas\u016f. Od t\u00e9 doby zna\u010dka John Frieda p\u0159in\u00e1\u0161\u00ed v&nbsp;tomto segmentu dal\u0161\u00ed a dal\u0161\u00ed inovativn\u00ed novinky. Dnes \u0159ada Luxurious Volume\u00ae nab\u00edz\u00ed \u0161irokou paletu \u0159e\u0161en\u00ed, kter\u00e1 jsou navr\u017eena tak, aby ka\u017ed\u00e9mu \u00fa\u010desu dala \u00fachvatn\u00fd a dlouhotrvaj\u00edc\u00ed objem. V\u00fdsledky hovo\u0159\u00ed samy za sebe.<\/p>\n\n\n\n<h2 class=\"wp-block-heading\"><strong>Z\u00c1KLADN\u00cd \u0158ADA PRODUKT\u016e JOHN FRIEDA<\/strong><\/h2>\n\n\n\n<h3 class=\"wp-block-heading\"><strong>FRIZZ EASE<\/strong><\/h3>\n\n\n\n<p>Podpo\u0159te styl, zkro\u0165te kudrny. John Frieda Frizz Ease v\u00e1m tu mo\u017enost d\u00e1. Na\u0161e oce\u0148ovan\u00e9 produkty bojuj\u00edc\u00ed s&nbsp;krout\u00edc\u00edmi se vlasy znamenaj\u00ed hladk\u00fd za\u010d\u00e1tek ka\u017ed\u00e9ho \u00fa\u010desu.<\/p>\n\n\n\n<figure class=\"wp-block-image\"><img decoding=\"async\" src=\"https:\/\/www.luxuryhouse.cz\/tmp\/12632_0_800_1562458962.png\" alt=\"\"\/><\/figure>\n\n\n\n<p><strong>Frizz Ease Dream Curls \u2013 \u0161ampon 250 ml, 279 K\u010d \/ 10,79 \u20ac<\/strong><\/p>\n\n\n\n<p>S \u0161amponem na vlnit\u00e9 vlasy se m\u016f\u017eete t\u011b\u0161it na n\u00e1dhern\u011b zv\u00fdrazn\u011bn\u00e9, hebk\u00e9 a dokonal\u00e9 vlny jako ze salonu. \u0160ampon d\u016fkladn\u011b hydratuje a \u010dist\u00ed vlasy, p\u0159i\u010dem\u017e podtrhne a zv\u00fd\u0161\u00ed p\u0159irozenou kr\u00e1su va\u0161ich vlnit\u00fdch vlas\u016f. Receptura obsahuje intenzivn\u011b vy\u017eivuj\u00edc\u00ed a z\u00e1rove\u0148 neuv\u011b\u0159iteln\u011b lehk\u00fd habe\u0161sk\u00fd olej.<\/p>\n\n\n\n<p>&#8211; hydratuje a zjem\u0148uje<\/p>\n\n\n\n<p>&#8211; zv\u00fdraz\u0148uje a zkr\u00e1\u0161luje p\u0159irozen\u00e9 vlny<\/p>\n\n\n\n<p>&#8211; obsahuje habe\u0161sk\u00fd olej<\/p>\n\n\n\n<p>Odborn\u011b navr\u017een\u00e9 slo\u017een\u00ed na vlnit\u00e9 a kudrnat\u00e9 vlasy lze pou\u017e\u00edvat na v\u0161echny typy zakroucen\u00ed vlas\u016f. Produkt m\u016f\u017eete bezpe\u010dn\u011b pou\u017e\u00edvat i na barven\u00e9 a chemicky o\u0161et\u0159en\u00e9 vlasy.<\/p>\n\n\n\n<p><strong>Frizz Ease Dream Curls \u2013 kondicion\u00e9r 250 ml, 279 K\u010d \/ 10,79 \u20ac<\/strong><\/p>\n\n\n\n<p>Kondicion\u00e9r Frizz Ease Dream Curls d\u00e1 va\u0161im vlas\u016fm hebkost a pot\u0159ebnou v\u00fd\u017eivu ka\u017ed\u00fd den a jeho pou\u017e\u00edv\u00e1n\u00ed vede ke zv\u00fdrazn\u011bn\u00ed, zjemn\u011bn\u00ed a hydratov\u00e1n\u00ed vlnit\u00fdch vlas\u016f. \u0160pi\u010dkov\u00e1 receptura obsahuje i lehou\u010dk\u00fd, nemastn\u00fd habe\u0161sk\u00fd olej. Aplikujte ho po ka\u017ed\u00e9m myt\u00ed \u0161amponem.<\/p>\n\n\n\n<p>&#8211; zjem\u0148uje a hydratuje vlny<\/p>\n\n\n\n<p>&#8211; vy\u017eivuje vlnit\u00e9 vlasy na ka\u017edodenn\u00ed b\u00e1zi<\/p>\n\n\n\n<p>&#8211; obsahuje lehou\u010dk\u00fd habe\u0161sk\u00fd olej<\/p>\n\n\n\n<p>Odborn\u011b navr\u017een\u00e9 slo\u017een\u00ed na vlnit\u00e9 a kudrnat\u00e9 vlasy lze pou\u017e\u00edvat na v\u0161echny typy zakroucen\u00ed vlas\u016f. Produkt m\u016f\u017eete bezpe\u010dn\u011b pou\u017e\u00edvat i na barven\u00e9 a chemicky o\u0161et\u0159en\u00e9 vlasy.<\/p>\n\n\n\n<h3 class=\"wp-block-heading\"><strong>SHEER BLONDE<\/strong><\/h3>\n\n\n\n<p>John Frieda Sheer Blonde d\u00e1 va\u0161im slov\u016fm s\u00edlu, a\u0165 se sv\u011btu rozhodnete \u0159\u00edct cokoliv. Tak zaza\u0159te.<\/p>\n\n\n\n<figure class=\"wp-block-image\"><img decoding=\"async\" src=\"https:\/\/www.luxuryhouse.cz\/tmp\/12633_0_800_1562458964.png\" alt=\"\"\/><\/figure>\n\n\n\n<p><strong>Sheer Blonde Go Blonder \u2013 zesv\u011btluj\u00edc\u00ed \u0161ampon 250 ml, 279 K\u010d \/ 10,79 \u20ac<\/strong><\/p>\n\n\n\n<p>Zapome\u0148te na mdlou barvu sv\u00fdch blond vlas\u016f a proza\u0159te je sluncem! Zesv\u011btluj\u00edc\u00ed \u0161ampon postupn\u011b rozjas\u0148uje blond vlasy a d\u00e1v\u00e1 jim letn\u00ed \u0161mrnc po cel\u00fd rok.<\/p>\n\n\n\n<p>&#8211; postupn\u011b zesv\u011btluje blond vlasy a proza\u0159uje je sluncem<\/p>\n\n\n\n<p>&#8211; obsahuje citrusy a he\u0159m\u00e1nek<\/p>\n\n\n\n<p>&#8211; neobsahuje amoniak ani peroxid<\/p>\n\n\n\n<p>Vyzkou\u0161ejte sv\u011btlej\u0161\u00ed odst\u00edn blond vlas\u016f, se kter\u00fdm budete vypadat fantasticky a stejn\u011b tak se budete i c\u00edtit. \u0160ampon Go Blonder od John Frieda navrac\u00ed vlas\u016fm jejich zdrav\u00fd vzhled i hebkost, ani\u017e by je vysu\u0161oval. Receptura obsahuje p\u0159\u00edrodn\u00ed zesv\u011btluj\u00edc\u00ed komplex, kter\u00fd \u0161etrn\u011b tlum\u00ed pigmenty ve vlasech, a kter\u00fd d\u00e1 va\u0161im vlas\u016fm p\u016fvabn\u00fd letn\u00ed \u0161mrnc po cel\u00fd rok. Produkt je dostate\u010dn\u011b \u0161etrn\u00fd i pro ka\u017edodenn\u00ed pou\u017e\u00edv\u00e1n\u00ed. Bez obsahu amoniaku a peroxidu. Pro v\u0161echny odst\u00edny p\u0159\u00edrodn\u00edch, barven\u00fdch nebo mel\u00edrovan\u00fdch blond vlas\u016f.<\/p>\n\n\n\n<p><strong>Sheer Blonde Go Blonder \u2013 zesv\u011btluj\u00edc\u00ed kondicion\u00e9r 250 ml, 279 K\u010d \/ 10,79 \u20ac<\/strong><\/p>\n\n\n\n<p>Zapome\u0148te na mdlou barvu sv\u00fdch blond vlas\u016f a proza\u0159te je sluncem! Kondicion\u00e9r Sheer Blonde Go Blonder hydratuje a zesv\u011btluje blond vlasy a p\u0159in\u00e1\u0161\u00ed jim t\u0159pytiv\u00fd charakter hork\u00e9ho l\u00e9ta. N\u00e1\u0161 zesv\u011btluj\u00edc\u00ed kondicion\u00e9r obnovuje m\u00edru hydratace vlas\u016f a navrac\u00ed jim hebkost.<\/p>\n\n\n\n<p>&#8211; hydratuje a postupn\u011b zesv\u011btluje<\/p>\n\n\n\n<p>&#8211; obsahuje citrusy a he\u0159m\u00e1nek<\/p>\n\n\n\n<p>Pokud tento zesv\u011btluj\u00edc\u00ed kondicion\u00e9r pou\u017e\u00edv\u00e1te spole\u010dn\u011b se zesv\u011btluj\u00edc\u00edm \u0161amponem, zaznamen\u00e1te postupn\u00e9 zesv\u011btlen\u00ed vlas\u016f, obnovu hydratace a n\u00e1vrat jejich zdrav\u011b hebk\u00e9ho vzhledu. Produkt je dostate\u010dn\u011b \u0161etrn\u00fd i pro ka\u017edodenn\u00ed pou\u017e\u00edv\u00e1n\u00ed. Bez obsahu amoniaku a peroxidu. Pro v\u0161echny odst\u00edny p\u0159\u00edrodn\u00edch, barven\u00fdch nebo mel\u00edrovan\u00fdch blond vlas\u016f.<\/p>\n\n\n\n<h3 class=\"wp-block-heading\"><strong>LUXURIOUS VOLUME<\/strong><\/h3>\n\n\n\n<p>John Frieda Luxurious Volume znamen\u00e1 nep\u0159ehl\u00e9dnuteln\u00fd, sm\u011bl\u00fd a n\u00e1dhern\u00fd manifest pro va\u0161e vlasy. Jemn\u00fdm vlas\u016fm d\u00e1te dlouhotrvaj\u00edc\u00ed a hmatateln\u00fd objem.<\/p>\n\n\n\n<figure class=\"wp-block-image\"><img decoding=\"async\" src=\"https:\/\/www.luxuryhouse.cz\/tmp\/12631_0_800_1562458960.png\" alt=\"\"\/><\/figure>\n\n\n\n<p><strong>Luxurious Volume Touchably Full \u2013 \u0161ampon 250 ml, 279 K\u010d \/ 10,79 \u20ac<\/strong><\/p>\n\n\n\n<p>Dop\u0159ejte jemn\u00fdm vlas\u016fm, kter\u00e9 mohou p\u016fsobit jako bez \u017eivota, ohromuj\u00edc\u00ed objem a \u00fachvatnou hebkost. N\u00e1\u0161 \u0161ampon na jemn\u00e9 vlasy s&nbsp;komplexem Caffeine Vitality v\u00e1m pom\u016f\u017ee s&nbsp;vytvo\u0159en\u00edm pln\u011bj\u0161\u00edho a heb\u010d\u00edho \u00fa\u010desu po ka\u017ed\u00e9m myt\u00ed.<\/p>\n\n\n\n<p>&#8211; d\u00e1v\u00e1 vlas\u016fm p\u0159irozen\u011b p\u016fsob\u00edc\u00ed objem<\/p>\n\n\n\n<p>&#8211; obsahuje komplex Caffeine Vitality<\/p>\n\n\n\n<p>&#8211; p\u0159in\u00e1\u0161\u00ed jemn\u00fdm vlas\u016fm hmatatelnou hebkost a objem<\/p>\n\n\n\n<p><strong>Luxurious Volume Touchably Full \u2013 kondicion\u00e9r 250 ml, 279 K\u010d \/ 10,79 \u20ac<\/strong><\/p>\n\n\n\n<p>Hydratujte jemn\u00e9 vlasy lehou\u010dk\u00fdm kondicion\u00e9rem pro zv\u00fd\u0161en\u00ed objemu a u\u017e\u00edvejte si pln\u011bj\u0161\u00edho \u00fa\u010desu. Kondicion\u00e9r obsahuje komplex Caffeine Vitality. Usnad\u0148uje roz\u010des\u00e1v\u00e1n\u00ed a zvy\u0161uje objem, ani\u017e by ztratil sv\u00e9 vlastnosti klasick\u00e9ho kondicion\u00e9ru.<\/p>\n\n\n\n<p>&#8211; d\u00e1 vlas\u016fm pot\u0159ebnou v\u00fd\u017eivu a usnad\u0148uje roz\u010des\u00e1v\u00e1n\u00ed<\/p>\n\n\n\n<p>&#8211; funguje jako klasick\u00fd kondicion\u00e9r na jemn\u00e9 vlasy<\/p>\n\n\n\n<p>&#8211; obsahuje komplex Caffeine Vitality<\/p>\n\n\n\n<p>Bezpe\u010dn\u00fd i na barven\u00e9 vlasy.<\/p>\n\n\n\n<h3 class=\"wp-block-heading\"><strong>BRILLIANT BRUNETTE<\/strong><\/h3>\n\n\n\n<p>V\u00edte, kolik toho m\u016f\u017eete \u0159\u00edci sv\u00fdmi vlasy? John Frieda Brilliant Brunette\u00ae se u\u017e postar\u00e1 o to, aby to ostatn\u00ed poslouchali. Bl\u00fdskn\u011bte se plastick\u00fdm leskem, nebo si pohrajte s&nbsp;nov\u00fdm odst\u00ednem.<\/p>\n\n\n\n<figure class=\"wp-block-image\"><img decoding=\"async\" src=\"https:\/\/www.luxuryhouse.cz\/tmp\/12634_0_800_1562458966.png\" alt=\"\"\/><\/figure>\n\n\n\n<p><strong>Brilliant Brunette \u2013 \u0161ampon s&nbsp;efektem ochrany barvy 250 ml, 279 K\u010d \/ 10,79 \u20ac<\/strong><\/p>\n\n\n\n<p>Nenechte vyblednout barvu sv\u00fdch vlas\u016f. Ochra\u0148te a uchovejte sv\u00e9 barven\u00e9 tmav\u00e9 vlasy. Tento hydrata\u010dn\u00ed \u0161ampon navrac\u00ed vysu\u0161en\u00fdm tmav\u00fdm vlas\u016fm vl\u00e1hu i objem a s&nbsp;ka\u017ed\u00fdm myt\u00edm chr\u00e1n\u00ed tmavou barvu vlas\u016f, bez ohledu na to, jak\u00fd odst\u00edn m\u00e1te.<\/p>\n\n\n\n<p><strong>Brilliant Brunette \u2013 kondicion\u00e9r s&nbsp;efektem ochrany barvy 250 ml, 279 K\u010d \/ 10,79 \u20ac<\/strong><\/p>\n\n\n\n<p>Rozlu\u010dte se s&nbsp;vysu\u0161en\u00fdmi a mdl\u00fdmi tmav\u00fdmi vlasy. Zachra\u0148te jejich p\u016fsobivou \u017eivost a lesk. Tento kondicion\u00e9r na such\u00e9 vlasy hydratuje a star\u00e1 se o zachov\u00e1n\u00ed n\u00e1dhern\u00e9 tmav\u00e9 barvy. Hod\u00ed se na v\u0161echny hn\u011bd\u00e9 odst\u00edny a bojuje s&nbsp;blednut\u00edm barvy.<\/p>\n\n\n\n<h3 class=\"wp-block-heading\"><strong>FULL REPAIR<\/strong><\/h3>\n\n\n\n<p>Dodejte barven\u00fdm vlas\u016fm zdrav\u00fd vzhled a navra\u0165te jim pot\u0159ebnou vitalitu a energii.<\/p>\n\n\n\n<figure class=\"wp-block-image\"><img decoding=\"async\" src=\"https:\/\/www.luxuryhouse.cz\/tmp\/12635_0_800_1562458968.png\" alt=\"\"\/><\/figure>\n\n\n\n<p><strong>Full Repair \u2013 \u0161ampon 250 ml, 279 K\u010d \/ 10,79 \u20ac<\/strong><\/p>\n\n\n\n<p>\u0160ampon John Frieda Full Repair Strengthen+Restore efektivn\u011b \u010dist\u00ed poko\u017eku hlavy, d\u016fkladn\u011b myje vlasy a navrac\u00ed jim p\u0159irozenou kr\u00e1su.<\/p>\n\n\n\n<ul><li>myje vlasy a \u010dist\u00ed poko\u017eku hlavy<\/li><li>posiluje vlasov\u00e1 vl\u00e1kna<\/li><li>regeneruje a vy\u017eivuje vlasy<\/li><li>sni\u017euje l\u00e1mavost vlas\u016f<\/li><\/ul>\n\n\n\n<p><strong>Full Repair \u2013 kondicion\u00e9r 250 ml, 279 K\u010d \/ 10,79 \u20ac<\/strong><\/p>\n\n\n\n<p>Kondicion\u00e9r John Frieda Full Repair Strengthen+Restore zajist\u00ed va\u0161im vlas\u016fm snadn\u00e9 roz\u010des\u00e1n\u00ed a pot\u0159ebnou v\u00fd\u017eivu, bez \u010deho\u017e se kr\u00e1sn\u00e9 a zdrav\u00e9 vlasy neobejdou.<\/p>\n\n\n\n<ul><li>opravuje jak mechanick\u00e9, tak chemick\u00e9 po\u0161kozen\u00ed<\/li><li>uhlazuje a p\u016fsob\u00ed proti krepat\u011bn\u00ed<\/li><li>chr\u00e1n\u00ed vlasy p\u0159ed po\u0161kozen\u00edm<\/li><li>poskytuje pot\u0159ebnou hydrataci<\/li><\/ul>\n\n\n\n<figure><iframe loading=\"lazy\" width=\"720\" height=\"362\" src=\"https:\/\/www.youtube.com\/embed\/xgw-pddukDo\" allowfullscreen=\"\"><\/iframe><\/figure>\n\n\n\n<ul class=\"wp-block-gallery columns-3 is-cropped wp-block-gallery-1 is-layout-flex wp-block-gallery-is-layout-flex\"><li class=\"blocks-gallery-item\"><figure><img loading=\"lazy\" decoding=\"async\" width=\"1024\" height=\"1024\" src=\"http:\/\/womenhouse.cz\/wp-content\/uploads\/2019\/07\/Brilliant-Brunette-Colour-protecting-conditioner-1024x1024.png\" alt=\"\" data-id=\"330\" data-link=\"http:\/\/womenhouse.cz\/?attachment_id=330\" class=\"wp-image-330\" srcset=\"https:\/\/womenhouse.cz\/wp-content\/uploads\/2019\/07\/Brilliant-Brunette-Colour-protecting-conditioner-1024x1024.png 1024w, https:\/\/womenhouse.cz\/wp-content\/uploads\/2019\/07\/Brilliant-Brunette-Colour-protecting-conditioner-150x150.png 150w, https:\/\/womenhouse.cz\/wp-content\/uploads\/2019\/07\/Brilliant-Brunette-Colour-protecting-conditioner-300x300.png 300w, https:\/\/womenhouse.cz\/wp-content\/uploads\/2019\/07\/Brilliant-Brunette-Colour-protecting-conditioner-768x768.png 768w, https:\/\/womenhouse.cz\/wp-content\/uploads\/2019\/07\/Brilliant-Brunette-Colour-protecting-conditioner.png 1301w\" sizes=\"(max-width: 1024px) 100vw, 1024px\" \/><\/figure><\/li><li class=\"blocks-gallery-item\"><figure><img loading=\"lazy\" decoding=\"async\" width=\"1024\" height=\"1024\" src=\"http:\/\/womenhouse.cz\/wp-content\/uploads\/2019\/07\/Brilliant-Brunette-Colour-protecting-shampoo-1024x1024.png\" alt=\"\" data-id=\"331\" data-link=\"http:\/\/womenhouse.cz\/?attachment_id=331\" class=\"wp-image-331\" srcset=\"https:\/\/womenhouse.cz\/wp-content\/uploads\/2019\/07\/Brilliant-Brunette-Colour-protecting-shampoo-1024x1024.png 1024w, https:\/\/womenhouse.cz\/wp-content\/uploads\/2019\/07\/Brilliant-Brunette-Colour-protecting-shampoo-150x150.png 150w, https:\/\/womenhouse.cz\/wp-content\/uploads\/2019\/07\/Brilliant-Brunette-Colour-protecting-shampoo-300x300.png 300w, https:\/\/womenhouse.cz\/wp-content\/uploads\/2019\/07\/Brilliant-Brunette-Colour-protecting-shampoo-768x768.png 768w, https:\/\/womenhouse.cz\/wp-content\/uploads\/2019\/07\/Brilliant-Brunette-Colour-protecting-shampoo.png 1301w\" sizes=\"(max-width: 1024px) 100vw, 1024px\" \/><\/figure><\/li><li class=\"blocks-gallery-item\"><figure><img loading=\"lazy\" decoding=\"async\" width=\"1024\" height=\"1024\" src=\"http:\/\/womenhouse.cz\/wp-content\/uploads\/2019\/07\/Frizz-Ease-Miraculous-Recovery-Conditioner-1024x1024.png\" alt=\"\" data-id=\"332\" data-link=\"http:\/\/womenhouse.cz\/?attachment_id=332\" class=\"wp-image-332\" srcset=\"https:\/\/womenhouse.cz\/wp-content\/uploads\/2019\/07\/Frizz-Ease-Miraculous-Recovery-Conditioner-1024x1024.png 1024w, https:\/\/womenhouse.cz\/wp-content\/uploads\/2019\/07\/Frizz-Ease-Miraculous-Recovery-Conditioner-150x150.png 150w, https:\/\/womenhouse.cz\/wp-content\/uploads\/2019\/07\/Frizz-Ease-Miraculous-Recovery-Conditioner-300x300.png 300w, https:\/\/womenhouse.cz\/wp-content\/uploads\/2019\/07\/Frizz-Ease-Miraculous-Recovery-Conditioner-768x768.png 768w, https:\/\/womenhouse.cz\/wp-content\/uploads\/2019\/07\/Frizz-Ease-Miraculous-Recovery-Conditioner.png 1301w\" sizes=\"(max-width: 1024px) 100vw, 1024px\" \/><\/figure><\/li><li class=\"blocks-gallery-item\"><figure><img loading=\"lazy\" decoding=\"async\" width=\"1024\" height=\"1024\" src=\"http:\/\/womenhouse.cz\/wp-content\/uploads\/2019\/07\/Frizz-Ease-Miraculous-Recovery-Shampoo-1024x1024.png\" alt=\"\" data-id=\"333\" data-link=\"http:\/\/womenhouse.cz\/?attachment_id=333\" class=\"wp-image-333\" srcset=\"https:\/\/womenhouse.cz\/wp-content\/uploads\/2019\/07\/Frizz-Ease-Miraculous-Recovery-Shampoo-1024x1024.png 1024w, https:\/\/womenhouse.cz\/wp-content\/uploads\/2019\/07\/Frizz-Ease-Miraculous-Recovery-Shampoo-150x150.png 150w, https:\/\/womenhouse.cz\/wp-content\/uploads\/2019\/07\/Frizz-Ease-Miraculous-Recovery-Shampoo-300x300.png 300w, https:\/\/womenhouse.cz\/wp-content\/uploads\/2019\/07\/Frizz-Ease-Miraculous-Recovery-Shampoo-768x768.png 768w, https:\/\/womenhouse.cz\/wp-content\/uploads\/2019\/07\/Frizz-Ease-Miraculous-Recovery-Shampoo.png 1301w\" sizes=\"(max-width: 1024px) 100vw, 1024px\" \/><\/figure><\/li><li class=\"blocks-gallery-item\"><figure><img loading=\"lazy\" decoding=\"async\" width=\"1024\" height=\"1024\" src=\"http:\/\/womenhouse.cz\/wp-content\/uploads\/2019\/07\/Full-Repair-Strengthen-Restore-conditioner-1024x1024.png\" alt=\"\" data-id=\"334\" data-link=\"http:\/\/womenhouse.cz\/?attachment_id=334\" class=\"wp-image-334\" srcset=\"https:\/\/womenhouse.cz\/wp-content\/uploads\/2019\/07\/Full-Repair-Strengthen-Restore-conditioner-1024x1024.png 1024w, https:\/\/womenhouse.cz\/wp-content\/uploads\/2019\/07\/Full-Repair-Strengthen-Restore-conditioner-150x150.png 150w, https:\/\/womenhouse.cz\/wp-content\/uploads\/2019\/07\/Full-Repair-Strengthen-Restore-conditioner-300x300.png 300w, https:\/\/womenhouse.cz\/wp-content\/uploads\/2019\/07\/Full-Repair-Strengthen-Restore-conditioner-768x768.png 768w, https:\/\/womenhouse.cz\/wp-content\/uploads\/2019\/07\/Full-Repair-Strengthen-Restore-conditioner.png 1301w\" sizes=\"(max-width: 1024px) 100vw, 1024px\" \/><\/figure><\/li><li class=\"blocks-gallery-item\"><figure><img loading=\"lazy\" decoding=\"async\" width=\"1024\" height=\"1024\" src=\"http:\/\/womenhouse.cz\/wp-content\/uploads\/2019\/07\/Full-Repair-Strengthen-Restore-shampoo-1024x1024.png\" alt=\"\" data-id=\"335\" data-link=\"http:\/\/womenhouse.cz\/?attachment_id=335\" class=\"wp-image-335\" srcset=\"https:\/\/womenhouse.cz\/wp-content\/uploads\/2019\/07\/Full-Repair-Strengthen-Restore-shampoo-1024x1024.png 1024w, https:\/\/womenhouse.cz\/wp-content\/uploads\/2019\/07\/Full-Repair-Strengthen-Restore-shampoo-150x150.png 150w, https:\/\/womenhouse.cz\/wp-content\/uploads\/2019\/07\/Full-Repair-Strengthen-Restore-shampoo-300x300.png 300w, https:\/\/womenhouse.cz\/wp-content\/uploads\/2019\/07\/Full-Repair-Strengthen-Restore-shampoo-768x768.png 768w, https:\/\/womenhouse.cz\/wp-content\/uploads\/2019\/07\/Full-Repair-Strengthen-Restore-shampoo.png 1301w\" sizes=\"(max-width: 1024px) 100vw, 1024px\" \/><\/figure><\/li><li class=\"blocks-gallery-item\"><figure><img loading=\"lazy\" decoding=\"async\" width=\"1024\" height=\"1024\" src=\"http:\/\/womenhouse.cz\/wp-content\/uploads\/2019\/07\/Luxurious-Volume-Core-restore-conditioner-1024x1024.png\" alt=\"\" data-id=\"336\" data-link=\"http:\/\/womenhouse.cz\/?attachment_id=336\" class=\"wp-image-336\" srcset=\"https:\/\/womenhouse.cz\/wp-content\/uploads\/2019\/07\/Luxurious-Volume-Core-restore-conditioner-1024x1024.png 1024w, https:\/\/womenhouse.cz\/wp-content\/uploads\/2019\/07\/Luxurious-Volume-Core-restore-conditioner-150x150.png 150w, https:\/\/womenhouse.cz\/wp-content\/uploads\/2019\/07\/Luxurious-Volume-Core-restore-conditioner-300x300.png 300w, https:\/\/womenhouse.cz\/wp-content\/uploads\/2019\/07\/Luxurious-Volume-Core-restore-conditioner-768x768.png 768w, https:\/\/womenhouse.cz\/wp-content\/uploads\/2019\/07\/Luxurious-Volume-Core-restore-conditioner.png 1301w\" sizes=\"(max-width: 1024px) 100vw, 1024px\" \/><\/figure><\/li><li class=\"blocks-gallery-item\"><figure><img loading=\"lazy\" decoding=\"async\" width=\"1024\" height=\"1024\" src=\"http:\/\/womenhouse.cz\/wp-content\/uploads\/2019\/07\/Luxurious-Volume-Core-restore-shampoo-1024x1024.png\" alt=\"\" data-id=\"337\" data-link=\"http:\/\/womenhouse.cz\/?attachment_id=337\" class=\"wp-image-337\" srcset=\"https:\/\/womenhouse.cz\/wp-content\/uploads\/2019\/07\/Luxurious-Volume-Core-restore-shampoo-1024x1024.png 1024w, https:\/\/womenhouse.cz\/wp-content\/uploads\/2019\/07\/Luxurious-Volume-Core-restore-shampoo-150x150.png 150w, https:\/\/womenhouse.cz\/wp-content\/uploads\/2019\/07\/Luxurious-Volume-Core-restore-shampoo-300x300.png 300w, https:\/\/womenhouse.cz\/wp-content\/uploads\/2019\/07\/Luxurious-Volume-Core-restore-shampoo-768x768.png 768w, https:\/\/womenhouse.cz\/wp-content\/uploads\/2019\/07\/Luxurious-Volume-Core-restore-shampoo.png 1301w\" sizes=\"(max-width: 1024px) 100vw, 1024px\" \/><\/figure><\/li><li class=\"blocks-gallery-item\"><figure><img loading=\"lazy\" decoding=\"async\" width=\"1024\" height=\"1024\" src=\"http:\/\/womenhouse.cz\/wp-content\/uploads\/2019\/07\/Luxurious-Volume-Touchably-full-conditioner-1024x1024.png\" alt=\"\" data-id=\"338\" data-link=\"http:\/\/womenhouse.cz\/?attachment_id=338\" class=\"wp-image-338\" srcset=\"https:\/\/womenhouse.cz\/wp-content\/uploads\/2019\/07\/Luxurious-Volume-Touchably-full-conditioner-1024x1024.png 1024w, https:\/\/womenhouse.cz\/wp-content\/uploads\/2019\/07\/Luxurious-Volume-Touchably-full-conditioner-150x150.png 150w, https:\/\/womenhouse.cz\/wp-content\/uploads\/2019\/07\/Luxurious-Volume-Touchably-full-conditioner-300x300.png 300w, https:\/\/womenhouse.cz\/wp-content\/uploads\/2019\/07\/Luxurious-Volume-Touchably-full-conditioner-768x768.png 768w, https:\/\/womenhouse.cz\/wp-content\/uploads\/2019\/07\/Luxurious-Volume-Touchably-full-conditioner.png 1301w\" sizes=\"(max-width: 1024px) 100vw, 1024px\" \/><\/figure><\/li><li class=\"blocks-gallery-item\"><figure><img loading=\"lazy\" decoding=\"async\" width=\"1024\" height=\"1024\" src=\"http:\/\/womenhouse.cz\/wp-content\/uploads\/2019\/07\/Luxurious-Volume-Touchably-full-shampoo-1024x1024.png\" alt=\"\" data-id=\"339\" data-link=\"http:\/\/womenhouse.cz\/?attachment_id=339\" class=\"wp-image-339\" srcset=\"https:\/\/womenhouse.cz\/wp-content\/uploads\/2019\/07\/Luxurious-Volume-Touchably-full-shampoo-1024x1024.png 1024w, https:\/\/womenhouse.cz\/wp-content\/uploads\/2019\/07\/Luxurious-Volume-Touchably-full-shampoo-150x150.png 150w, https:\/\/womenhouse.cz\/wp-content\/uploads\/2019\/07\/Luxurious-Volume-Touchably-full-shampoo-300x300.png 300w, https:\/\/womenhouse.cz\/wp-content\/uploads\/2019\/07\/Luxurious-Volume-Touchably-full-shampoo-768x768.png 768w, https:\/\/womenhouse.cz\/wp-content\/uploads\/2019\/07\/Luxurious-Volume-Touchably-full-shampoo.png 1301w\" sizes=\"(max-width: 1024px) 100vw, 1024px\" \/><\/figure><\/li><li class=\"blocks-gallery-item\"><figure><img loading=\"lazy\" decoding=\"async\" width=\"1024\" height=\"1024\" src=\"http:\/\/womenhouse.cz\/wp-content\/uploads\/2019\/07\/Sheer-Blonde-lightening-conditioner-1024x1024.png\" alt=\"\" data-id=\"340\" data-link=\"http:\/\/womenhouse.cz\/?attachment_id=340\" class=\"wp-image-340\" srcset=\"https:\/\/womenhouse.cz\/wp-content\/uploads\/2019\/07\/Sheer-Blonde-lightening-conditioner-1024x1024.png 1024w, https:\/\/womenhouse.cz\/wp-content\/uploads\/2019\/07\/Sheer-Blonde-lightening-conditioner-150x150.png 150w, https:\/\/womenhouse.cz\/wp-content\/uploads\/2019\/07\/Sheer-Blonde-lightening-conditioner-300x300.png 300w, https:\/\/womenhouse.cz\/wp-content\/uploads\/2019\/07\/Sheer-Blonde-lightening-conditioner-768x768.png 768w, https:\/\/womenhouse.cz\/wp-content\/uploads\/2019\/07\/Sheer-Blonde-lightening-conditioner.png 1301w\" sizes=\"(max-width: 1024px) 100vw, 1024px\" \/><\/figure><\/li><li class=\"blocks-gallery-item\"><figure><img loading=\"lazy\" decoding=\"async\" width=\"1024\" height=\"1024\" src=\"http:\/\/womenhouse.cz\/wp-content\/uploads\/2019\/07\/Sheer-Blonde-lightening-shampoo-1024x1024.png\" alt=\"\" data-id=\"341\" data-link=\"http:\/\/womenhouse.cz\/?attachment_id=341\" class=\"wp-image-341\" srcset=\"https:\/\/womenhouse.cz\/wp-content\/uploads\/2019\/07\/Sheer-Blonde-lightening-shampoo-1024x1024.png 1024w, https:\/\/womenhouse.cz\/wp-content\/uploads\/2019\/07\/Sheer-Blonde-lightening-shampoo-150x150.png 150w, https:\/\/womenhouse.cz\/wp-content\/uploads\/2019\/07\/Sheer-Blonde-lightening-shampoo-300x300.png 300w, https:\/\/womenhouse.cz\/wp-content\/uploads\/2019\/07\/Sheer-Blonde-lightening-shampoo-768x768.png 768w, https:\/\/womenhouse.cz\/wp-content\/uploads\/2019\/07\/Sheer-Blonde-lightening-shampoo.png 1301w\" sizes=\"(max-width: 1024px) 100vw, 1024px\" \/><\/figure><\/li><\/ul>\n","protected":false},"excerpt":{"rendered":"<p>P\u0159\u00edb\u011bh zna\u010dky John Frieda se za\u010dal ps\u00e1t p\u0159ed v\u00edce ne\u017e 30 lety s otev\u0159en\u00edm jej\u00edho prvn\u00edho salonu na ulici New Cavendish Street v Lond\u00fdn\u011b. Dnes vize zna\u010dky odr\u00e1\u017e\u00ed odkaz tohoto salonu a nab\u00edz\u00ed produkty, kter\u00e9 c\u00edl\u00ed na specifick\u00e9 stylingov\u00e9 pot\u0159eby vlas\u016f a kter\u00e9 v\u00e1m nab\u00eddnou v\u00fdsledek jako ze salonu. Ten v\u00fdsledek uvid\u00edte i uc\u00edt\u00edte. Za [&hellip;]<\/p>\n","protected":false},"author":2,"featured_media":329,"comment_status":"closed","ping_status":"closed","sticky":false,"template":"","format":"standard","meta":{"_mi_skip_tracking":false,"_monsterinsights_sitenote_active":false,"_monsterinsights_sitenote_note":"","_monsterinsights_sitenote_category":0,"footnotes":""},"categories":[9,2,12],"tags":[],"yoast_head":"<!-- This site is optimized with the Yoast SEO plugin v21.5 - https:\/\/yoast.com\/wordpress\/plugins\/seo\/ -->\n<title>Nov\u00e1 zna\u010dka vlasov\u00e9 kosmetiky John Frieda - WOMENHOUSE.cz<\/title>\n<meta name=\"robots\" content=\"index, follow, max-snippet:-1, max-image-preview:large, max-video-preview:-1\" \/>\n<link rel=\"canonical\" href=\"https:\/\/womenhouse.cz\/index.php\/2019\/07\/08\/nova-znacka-vlasove-kosmetiky-john-frieda\/\" \/>\n<meta property=\"og:locale\" content=\"cs_CZ\" \/>\n<meta property=\"og:type\" content=\"article\" \/>\n<meta property=\"og:title\" content=\"Nov\u00e1 zna\u010dka vlasov\u00e9 kosmetiky John Frieda - WOMENHOUSE.cz\" \/>\n<meta property=\"og:description\" content=\"P\u0159\u00edb\u011bh zna\u010dky John Frieda se za\u010dal ps\u00e1t p\u0159ed v\u00edce ne\u017e 30 lety s otev\u0159en\u00edm jej\u00edho prvn\u00edho salonu na ulici New Cavendish Street v Lond\u00fdn\u011b. Dnes vize zna\u010dky odr\u00e1\u017e\u00ed odkaz tohoto salonu a nab\u00edz\u00ed produkty, kter\u00e9 c\u00edl\u00ed na specifick\u00e9 stylingov\u00e9 pot\u0159eby vlas\u016f a kter\u00e9 v\u00e1m nab\u00eddnou v\u00fdsledek jako ze salonu. Ten v\u00fdsledek uvid\u00edte i uc\u00edt\u00edte. Za [&hellip;]\" \/>\n<meta property=\"og:url\" content=\"https:\/\/womenhouse.cz\/index.php\/2019\/07\/08\/nova-znacka-vlasove-kosmetiky-john-frieda\/\" \/>\n<meta property=\"og:site_name\" content=\"WOMENHOUSE.cz\" \/>\n<meta property=\"article:publisher\" content=\"https:\/\/www.facebook.com\/womenhousecz\" \/>\n<meta property=\"article:published_time\" content=\"2019-07-08T16:03:51+00:00\" \/>\n<meta property=\"article:modified_time\" content=\"2019-07-30T21:42:33+00:00\" \/>\n<meta property=\"og:image\" content=\"https:\/\/womenhouse.cz\/wp-content\/uploads\/2019\/07\/39L_JF_FE_FlexibleHold_Hairspray_Lana_Ad_2015-1024x736.png\" \/>\n\t<meta property=\"og:image:width\" content=\"1024\" \/>\n\t<meta property=\"og:image:height\" content=\"736\" \/>\n\t<meta property=\"og:image:type\" content=\"image\/png\" \/>\n<meta name=\"author\" content=\"Jolana Hol\u00e1\u0148ov\u00e1\" \/>\n<meta name=\"twitter:card\" content=\"summary_large_image\" \/>\n<meta name=\"twitter:label1\" content=\"Napsal(a)\" \/>\n\t<meta name=\"twitter:data1\" content=\"Jolana Hol\u00e1\u0148ov\u00e1\" \/>\n\t<meta name=\"twitter:label2\" content=\"Odhadovan\u00e1 doba \u010dten\u00ed\" \/>\n\t<meta name=\"twitter:data2\" content=\"8 minut\" \/>\n<script type=\"application\/ld+json\" class=\"yoast-schema-graph\">{\"@context\":\"https:\/\/schema.org\",\"@graph\":[{\"@type\":\"Article\",\"@id\":\"https:\/\/womenhouse.cz\/index.php\/2019\/07\/08\/nova-znacka-vlasove-kosmetiky-john-frieda\/#article\",\"isPartOf\":{\"@id\":\"https:\/\/womenhouse.cz\/index.php\/2019\/07\/08\/nova-znacka-vlasove-kosmetiky-john-frieda\/\"},\"author\":{\"name\":\"Jolana Hol\u00e1\u0148ov\u00e1\",\"@id\":\"https:\/\/womenhouse.cz\/#\/schema\/person\/541326101f8d68c711e83e8fecc80738\"},\"headline\":\"Nov\u00e1 zna\u010dka vlasov\u00e9 kosmetiky John Frieda\",\"datePublished\":\"2019-07-08T16:03:51+00:00\",\"dateModified\":\"2019-07-30T21:42:33+00:00\",\"mainEntityOfPage\":{\"@id\":\"https:\/\/womenhouse.cz\/index.php\/2019\/07\/08\/nova-znacka-vlasove-kosmetiky-john-frieda\/\"},\"wordCount\":1605,\"publisher\":{\"@id\":\"https:\/\/womenhouse.cz\/#organization\"},\"articleSection\":[\"KOSMETIKA\",\"NEWS\",\"TIPY &amp; TRENDY\"],\"inLanguage\":\"cs\"},{\"@type\":\"WebPage\",\"@id\":\"https:\/\/womenhouse.cz\/index.php\/2019\/07\/08\/nova-znacka-vlasove-kosmetiky-john-frieda\/\",\"url\":\"https:\/\/womenhouse.cz\/index.php\/2019\/07\/08\/nova-znacka-vlasove-kosmetiky-john-frieda\/\",\"name\":\"Nov\u00e1 zna\u010dka vlasov\u00e9 kosmetiky John Frieda - WOMENHOUSE.cz\",\"isPartOf\":{\"@id\":\"https:\/\/womenhouse.cz\/#website\"},\"datePublished\":\"2019-07-08T16:03:51+00:00\",\"dateModified\":\"2019-07-30T21:42:33+00:00\",\"breadcrumb\":{\"@id\":\"https:\/\/womenhouse.cz\/index.php\/2019\/07\/08\/nova-znacka-vlasove-kosmetiky-john-frieda\/#breadcrumb\"},\"inLanguage\":\"cs\",\"potentialAction\":[{\"@type\":\"ReadAction\",\"target\":[\"https:\/\/womenhouse.cz\/index.php\/2019\/07\/08\/nova-znacka-vlasove-kosmetiky-john-frieda\/\"]}]},{\"@type\":\"BreadcrumbList\",\"@id\":\"https:\/\/womenhouse.cz\/index.php\/2019\/07\/08\/nova-znacka-vlasove-kosmetiky-john-frieda\/#breadcrumb\",\"itemListElement\":[{\"@type\":\"ListItem\",\"position\":1,\"name\":\"Dom\u016f\",\"item\":\"https:\/\/womenhouse.cz\/\"},{\"@type\":\"ListItem\",\"position\":2,\"name\":\"Nov\u00e1 zna\u010dka vlasov\u00e9 kosmetiky John Frieda\"}]},{\"@type\":\"WebSite\",\"@id\":\"https:\/\/womenhouse.cz\/#website\",\"url\":\"https:\/\/womenhouse.cz\/\",\"name\":\"WOMENHOUSE.cz\",\"description\":\"Port\u00e1l v\u00fdhradn\u011b jen pro \u017eeny...\",\"publisher\":{\"@id\":\"https:\/\/womenhouse.cz\/#organization\"},\"potentialAction\":[{\"@type\":\"SearchAction\",\"target\":{\"@type\":\"EntryPoint\",\"urlTemplate\":\"https:\/\/womenhouse.cz\/?s={search_term_string}\"},\"query-input\":\"required name=search_term_string\"}],\"inLanguage\":\"cs\"},{\"@type\":\"Organization\",\"@id\":\"https:\/\/womenhouse.cz\/#organization\",\"name\":\"WOMENHOUSE.cz\",\"url\":\"https:\/\/womenhouse.cz\/\",\"logo\":{\"@type\":\"ImageObject\",\"inLanguage\":\"cs\",\"@id\":\"https:\/\/womenhouse.cz\/#\/schema\/logo\/image\/\",\"url\":\"https:\/\/womenhouse.cz\/wp-content\/uploads\/2020\/06\/cropped-logo_Womenhouse_RGB-02-removebg-preview-1.png\",\"contentUrl\":\"https:\/\/womenhouse.cz\/wp-content\/uploads\/2020\/06\/cropped-logo_Womenhouse_RGB-02-removebg-preview-1.png\",\"width\":561,\"height\":375,\"caption\":\"WOMENHOUSE.cz\"},\"image\":{\"@id\":\"https:\/\/womenhouse.cz\/#\/schema\/logo\/image\/\"},\"sameAs\":[\"https:\/\/www.facebook.com\/womenhousecz\",\"https:\/\/www.instagram.com\/womenhousecz\/\"]},{\"@type\":\"Person\",\"@id\":\"https:\/\/womenhouse.cz\/#\/schema\/person\/541326101f8d68c711e83e8fecc80738\",\"name\":\"Jolana Hol\u00e1\u0148ov\u00e1\",\"sameAs\":[\"http:\/\/www.womenhouse.cz\"],\"url\":\"https:\/\/womenhouse.cz\/index.php\/author\/jolhol\/\"}]}<\/script>\n<!-- \/ Yoast SEO plugin. -->","yoast_head_json":{"title":"Nov\u00e1 zna\u010dka vlasov\u00e9 kosmetiky John Frieda - WOMENHOUSE.cz","robots":{"index":"index","follow":"follow","max-snippet":"max-snippet:-1","max-image-preview":"max-image-preview:large","max-video-preview":"max-video-preview:-1"},"canonical":"https:\/\/womenhouse.cz\/index.php\/2019\/07\/08\/nova-znacka-vlasove-kosmetiky-john-frieda\/","og_locale":"cs_CZ","og_type":"article","og_title":"Nov\u00e1 zna\u010dka vlasov\u00e9 kosmetiky John Frieda - WOMENHOUSE.cz","og_description":"P\u0159\u00edb\u011bh zna\u010dky John Frieda se za\u010dal ps\u00e1t p\u0159ed v\u00edce ne\u017e 30 lety s otev\u0159en\u00edm jej\u00edho prvn\u00edho salonu na ulici New Cavendish Street v Lond\u00fdn\u011b. Dnes vize zna\u010dky odr\u00e1\u017e\u00ed odkaz tohoto salonu a nab\u00edz\u00ed produkty, kter\u00e9 c\u00edl\u00ed na specifick\u00e9 stylingov\u00e9 pot\u0159eby vlas\u016f a kter\u00e9 v\u00e1m nab\u00eddnou v\u00fdsledek jako ze salonu. Ten v\u00fdsledek uvid\u00edte i uc\u00edt\u00edte. Za [&hellip;]","og_url":"https:\/\/womenhouse.cz\/index.php\/2019\/07\/08\/nova-znacka-vlasove-kosmetiky-john-frieda\/","og_site_name":"WOMENHOUSE.cz","article_publisher":"https:\/\/www.facebook.com\/womenhousecz","article_published_time":"2019-07-08T16:03:51+00:00","article_modified_time":"2019-07-30T21:42:33+00:00","og_image":[{"width":1024,"height":736,"url":"https:\/\/womenhouse.cz\/wp-content\/uploads\/2019\/07\/39L_JF_FE_FlexibleHold_Hairspray_Lana_Ad_2015-1024x736.png","type":"image\/png"}],"author":"Jolana Hol\u00e1\u0148ov\u00e1","twitter_card":"summary_large_image","twitter_misc":{"Napsal(a)":"Jolana Hol\u00e1\u0148ov\u00e1","Odhadovan\u00e1 doba \u010dten\u00ed":"8 minut"},"schema":{"@context":"https:\/\/schema.org","@graph":[{"@type":"Article","@id":"https:\/\/womenhouse.cz\/index.php\/2019\/07\/08\/nova-znacka-vlasove-kosmetiky-john-frieda\/#article","isPartOf":{"@id":"https:\/\/womenhouse.cz\/index.php\/2019\/07\/08\/nova-znacka-vlasove-kosmetiky-john-frieda\/"},"author":{"name":"Jolana Hol\u00e1\u0148ov\u00e1","@id":"https:\/\/womenhouse.cz\/#\/schema\/person\/541326101f8d68c711e83e8fecc80738"},"headline":"Nov\u00e1 zna\u010dka vlasov\u00e9 kosmetiky John Frieda","datePublished":"2019-07-08T16:03:51+00:00","dateModified":"2019-07-30T21:42:33+00:00","mainEntityOfPage":{"@id":"https:\/\/womenhouse.cz\/index.php\/2019\/07\/08\/nova-znacka-vlasove-kosmetiky-john-frieda\/"},"wordCount":1605,"publisher":{"@id":"https:\/\/womenhouse.cz\/#organization"},"articleSection":["KOSMETIKA","NEWS","TIPY &amp; TRENDY"],"inLanguage":"cs"},{"@type":"WebPage","@id":"https:\/\/womenhouse.cz\/index.php\/2019\/07\/08\/nova-znacka-vlasove-kosmetiky-john-frieda\/","url":"https:\/\/womenhouse.cz\/index.php\/2019\/07\/08\/nova-znacka-vlasove-kosmetiky-john-frieda\/","name":"Nov\u00e1 zna\u010dka vlasov\u00e9 kosmetiky John Frieda - WOMENHOUSE.cz","isPartOf":{"@id":"https:\/\/womenhouse.cz\/#website"},"datePublished":"2019-07-08T16:03:51+00:00","dateModified":"2019-07-30T21:42:33+00:00","breadcrumb":{"@id":"https:\/\/womenhouse.cz\/index.php\/2019\/07\/08\/nova-znacka-vlasove-kosmetiky-john-frieda\/#breadcrumb"},"inLanguage":"cs","potentialAction":[{"@type":"ReadAction","target":["https:\/\/womenhouse.cz\/index.php\/2019\/07\/08\/nova-znacka-vlasove-kosmetiky-john-frieda\/"]}]},{"@type":"BreadcrumbList","@id":"https:\/\/womenhouse.cz\/index.php\/2019\/07\/08\/nova-znacka-vlasove-kosmetiky-john-frieda\/#breadcrumb","itemListElement":[{"@type":"ListItem","position":1,"name":"Dom\u016f","item":"https:\/\/womenhouse.cz\/"},{"@type":"ListItem","position":2,"name":"Nov\u00e1 zna\u010dka vlasov\u00e9 kosmetiky John Frieda"}]},{"@type":"WebSite","@id":"https:\/\/womenhouse.cz\/#website","url":"https:\/\/womenhouse.cz\/","name":"WOMENHOUSE.cz","description":"Port\u00e1l v\u00fdhradn\u011b jen pro \u017eeny...","publisher":{"@id":"https:\/\/womenhouse.cz\/#organization"},"potentialAction":[{"@type":"SearchAction","target":{"@type":"EntryPoint","urlTemplate":"https:\/\/womenhouse.cz\/?s={search_term_string}"},"query-input":"required name=search_term_string"}],"inLanguage":"cs"},{"@type":"Organization","@id":"https:\/\/womenhouse.cz\/#organization","name":"WOMENHOUSE.cz","url":"https:\/\/womenhouse.cz\/","logo":{"@type":"ImageObject","inLanguage":"cs","@id":"https:\/\/womenhouse.cz\/#\/schema\/logo\/image\/","url":"https:\/\/womenhouse.cz\/wp-content\/uploads\/2020\/06\/cropped-logo_Womenhouse_RGB-02-removebg-preview-1.png","contentUrl":"https:\/\/womenhouse.cz\/wp-content\/uploads\/2020\/06\/cropped-logo_Womenhouse_RGB-02-removebg-preview-1.png","width":561,"height":375,"caption":"WOMENHOUSE.cz"},"image":{"@id":"https:\/\/womenhouse.cz\/#\/schema\/logo\/image\/"},"sameAs":["https:\/\/www.facebook.com\/womenhousecz","https:\/\/www.instagram.com\/womenhousecz\/"]},{"@type":"Person","@id":"https:\/\/womenhouse.cz\/#\/schema\/person\/541326101f8d68c711e83e8fecc80738","name":"Jolana Hol\u00e1\u0148ov\u00e1","sameAs":["http:\/\/www.womenhouse.cz"],"url":"https:\/\/womenhouse.cz\/index.php\/author\/jolhol\/"}]}},"_links":{"self":[{"href":"https:\/\/womenhouse.cz\/index.php\/wp-json\/wp\/v2\/posts\/328"}],"collection":[{"href":"https:\/\/womenhouse.cz\/index.php\/wp-json\/wp\/v2\/posts"}],"about":[{"href":"https:\/\/womenhouse.cz\/index.php\/wp-json\/wp\/v2\/types\/post"}],"author":[{"embeddable":true,"href":"https:\/\/womenhouse.cz\/index.php\/wp-json\/wp\/v2\/users\/2"}],"replies":[{"embeddable":true,"href":"https:\/\/womenhouse.cz\/index.php\/wp-json\/wp\/v2\/comments?post=328"}],"version-history":[{"count":-4,"href":"https:\/\/womenhouse.cz\/index.php\/wp-json\/wp\/v2\/posts\/328\/revisions"}],"wp:featuredmedia":[{"embeddable":true,"href":"https:\/\/womenhouse.cz\/index.php\/wp-json\/wp\/v2\/media\/329"}],"wp:attachment":[{"href":"https:\/\/womenhouse.cz\/index.php\/wp-json\/wp\/v2\/media?parent=328"}],"wp:term":[{"taxonomy":"category","embeddable":true,"href":"https:\/\/womenhouse.cz\/index.php\/wp-json\/wp\/v2\/categories?post=328"},{"taxonomy":"post_tag","embeddable":true,"href":"https:\/\/womenhouse.cz\/index.php\/wp-json\/wp\/v2\/tags?post=328"}],"curies":[{"name":"wp","href":"https:\/\/api.w.org\/{rel}","templated":true}]}}