{"id":3087,"date":"2020-05-23T00:01:00","date_gmt":"2020-05-22T22:01:00","guid":{"rendered":"https:\/\/womenhouse.cz\/?p=3087"},"modified":"2020-07-10T00:13:20","modified_gmt":"2020-07-09T22:13:20","slug":"kdyz-si-neprejeme-slunecni-paprsky","status":"publish","type":"post","link":"https:\/\/womenhouse.cz\/index.php\/2020\/05\/23\/kdyz-si-neprejeme-slunecni-paprsky\/","title":{"rendered":"Kdy\u017e si nep\u0159ejeme slune\u010dn\u00ed paprsky"},"content":{"rendered":"\n<p><strong>V zim\u011b jsme za ka\u017ed\u00fd slune\u010dn\u00fd den r\u00e1di a u\u017e\u00edv\u00e1me si ho. Se zvy\u0161uj\u00edc\u00edmi se teplotami v pr\u016fb\u011bhu jara ale chceme m\u00edt i mo\u017enost se p\u0159ed sluncem ukr\u00fdt.<\/strong><\/p>\n\n\n\n<figure class=\"wp-block-image size-large\"><img loading=\"lazy\" decoding=\"async\" width=\"841\" height=\"561\" src=\"https:\/\/womenhouse.cz\/wp-content\/uploads\/2020\/05\/markyza_markilux_1600_5.jpg\" alt=\"\" class=\"wp-image-3091\" srcset=\"https:\/\/womenhouse.cz\/wp-content\/uploads\/2020\/05\/markyza_markilux_1600_5.jpg 841w, https:\/\/womenhouse.cz\/wp-content\/uploads\/2020\/05\/markyza_markilux_1600_5-300x200.jpg 300w, https:\/\/womenhouse.cz\/wp-content\/uploads\/2020\/05\/markyza_markilux_1600_5-768x512.jpg 768w\" sizes=\"(max-width: 841px) 100vw, 841px\" \/><\/figure>\n\n\n\n<h3 class=\"wp-block-heading\">Zast\u00edn\u011bn\u00e9 m\u00edsto<\/h3>\n\n\n\n<p>Mo\u017enost tr\u00e1vit v\u00edce \u010dasu na \u010derstv\u00e9m vzduchu je jedn\u00edm z d\u016fvod\u016f, pro\u010d si lid\u00e9 po\u0159izuj\u00ed rodinn\u00e9 domy a st\u011bhuj\u00ed se z panel\u00e1kov\u00fdch byt\u016f. Krom\u011b mnoha starost\u00ed ohledn\u011b p\u00e9\u010de a \u00fadr\u017eby takov\u00e9ho domu n\u00e1m v\u011bt\u0161inou nab\u00edz\u00ed velk\u00fd prostor v podob\u011b zahrady. S p\u0159\u00edchodem tepl\u00e9ho po\u010das\u00ed ale m\u00e1me probl\u00e9m s t\u00edm, \u017ee slune\u010dn\u00e1 zahrada zalit\u00e1 sluncem se m\u011bn\u00ed ve v\u00fdhe\u0148, na kter\u00e9 dlouho nevydr\u017e\u00edme, a tak je n\u00e1m k u\u017e\u00edv\u00e1n\u00ed k ni\u010demu. Sed\u00edme uvnit\u0159 domu, kde je chladn\u011bji a ven na horkou a rozp\u00e1lenou terasu se n\u00e1m snad ani nechce. P\u0159edstava, jak si v klidu \u010dteme obl\u00edben\u00fd rom\u00e1n nebo vychutn\u00e1v\u00e1me k\u00e1vu s partnerem tak rychle bere za sv\u00e9. Pro zast\u00edn\u011bn\u00ed m\u00edsta pro odpo\u010dinek m\u00e1me na v\u00fdb\u011br dv\u011b mo\u017enosti: <a href=\"https:\/\/www.t-shade.cz\/\">mark\u00fdza nebo pergola<\/a>. Jak si vybrat?<\/p>\n\n\n\n<figure class=\"wp-block-image size-large\"><img loading=\"lazy\" decoding=\"async\" width=\"1024\" height=\"694\" src=\"https:\/\/womenhouse.cz\/wp-content\/uploads\/2020\/05\/markyza_markilux_1710_2-1024x694-1.jpg\" alt=\"\" class=\"wp-image-3093\" srcset=\"https:\/\/womenhouse.cz\/wp-content\/uploads\/2020\/05\/markyza_markilux_1710_2-1024x694-1.jpg 1024w, https:\/\/womenhouse.cz\/wp-content\/uploads\/2020\/05\/markyza_markilux_1710_2-1024x694-1-300x203.jpg 300w, https:\/\/womenhouse.cz\/wp-content\/uploads\/2020\/05\/markyza_markilux_1710_2-1024x694-1-768x521.jpg 768w\" sizes=\"(max-width: 1024px) 100vw, 1024px\" \/><\/figure>\n\n\n\n<h3 class=\"wp-block-heading\">Podle krit\u00e9ri\u00ed<\/h3>\n\n\n\n<p>Zamyslet bychom se m\u011bli nad t\u00edm, kde bude na\u0161e posezen\u00ed um\u00edst\u011bn\u00e9. St\u00e1t m\u016f\u017ee samostatn\u011b, uprost\u0159ed zahrady, nebo naopak navazovat na d\u016fm a zv\u011bt\u0161ovat tak jeho u\u017eitn\u00fd prostor. <a href=\"https:\/\/www.t-shade.cz\/hlinikove-pergoly\">Pergola<\/a> m\u00e1 pevnou konstrukci, pot\u0159ebuje pevn\u00fd a rovn\u00fd povrch a tak\u00e9 dostate\u010dn\u00fd prostor. Sloupy konstrukce jsou viditeln\u00e9, nelze je schovat ani je jednodu\u0161e p\u0159esunout na jin\u00e9 m\u00edsto. <a href=\"https:\/\/www.t-shade.cz\/markyzy\">Mark\u00fdza<\/a> oproti tomu nepot\u0159ebuje \u017e\u00e1dnou konstrukci, upev\u0148uje se p\u0159\u00edmo do fas\u00e1dy a m\u016f\u017eete ji zat\u00e1hnout \u010di rozt\u00e1hnout podle sv\u00e9 pot\u0159eby. P\u0159i opat\u0159en\u00ed \u010didlem v\u011btru se nemus\u00edte b\u00e1t ani zm\u011bny po\u010das\u00ed, jakmile \u010didlo zaznamen\u00e1 v\u00edtr, automaticky mark\u00fdzu zat\u00e1hne. D\u00e9\u0161\u0165 pak pergol\u00e1m ani kvalitn\u00edm mark\u00fdz\u00e1m nijak nevad\u00ed, nemus\u00edte se tak nechat vyru\u0161ovat z odpo\u010dinku p\u0159i p\u0159\u00edchodu prvn\u00edch kapek.<\/p>\n\n\n\n<figure class=\"wp-block-image size-large\"><img loading=\"lazy\" decoding=\"async\" width=\"1024\" height=\"678\" src=\"https:\/\/womenhouse.cz\/wp-content\/uploads\/2020\/05\/markyza_markilux_1600_2-1024x678-1.jpg\" alt=\"\" class=\"wp-image-3089\" srcset=\"https:\/\/womenhouse.cz\/wp-content\/uploads\/2020\/05\/markyza_markilux_1600_2-1024x678-1.jpg 1024w, https:\/\/womenhouse.cz\/wp-content\/uploads\/2020\/05\/markyza_markilux_1600_2-1024x678-1-300x199.jpg 300w, https:\/\/womenhouse.cz\/wp-content\/uploads\/2020\/05\/markyza_markilux_1600_2-1024x678-1-768x509.jpg 768w\" sizes=\"(max-width: 1024px) 100vw, 1024px\" \/><\/figure>\n\n\n\n<p>St\u00edn je, zvl\u00e1\u0161\u0165 v hork\u00e9m l\u00e9t\u011b, velmi pot\u0159ebn\u00fd a \u017e\u00e1dan\u00fd. Zast\u00edn\u011bn\u00ed ur\u010dit\u00e9ho prostoru u domu n\u00e1m vytvo\u0159\u00ed pohodln\u00e9 a p\u0159\u00edjemn\u00e9 m\u00edsto pro odpo\u010dinek i tr\u00e1ven\u00ed \u010dasu s nejbli\u017e\u0161\u00edmi.<\/p>\n\n\n\n<div style=\"height:20px\" aria-hidden=\"true\" class=\"wp-block-spacer\"><\/div>\n\n\n\n<figure class=\"wp-block-gallery columns-2 is-cropped wp-block-gallery-1 is-layout-flex wp-block-gallery-is-layout-flex\"><ul class=\"blocks-gallery-grid\"><li class=\"blocks-gallery-item\"><figure><img loading=\"lazy\" decoding=\"async\" width=\"1024\" height=\"698\" src=\"https:\/\/womenhouse.cz\/wp-content\/uploads\/2020\/05\/markyza_markilux_1600_1-1024x698-1.jpg\" alt=\"\" data-id=\"3088\" data-full-url=\"https:\/\/womenhouse.cz\/wp-content\/uploads\/2020\/05\/markyza_markilux_1600_1-1024x698-1.jpg\" data-link=\"https:\/\/womenhouse.cz\/?attachment_id=3088\" class=\"wp-image-3088\" srcset=\"https:\/\/womenhouse.cz\/wp-content\/uploads\/2020\/05\/markyza_markilux_1600_1-1024x698-1.jpg 1024w, https:\/\/womenhouse.cz\/wp-content\/uploads\/2020\/05\/markyza_markilux_1600_1-1024x698-1-300x204.jpg 300w, https:\/\/womenhouse.cz\/wp-content\/uploads\/2020\/05\/markyza_markilux_1600_1-1024x698-1-768x524.jpg 768w\" sizes=\"(max-width: 1024px) 100vw, 1024px\" \/><\/figure><\/li><li class=\"blocks-gallery-item\"><figure><img loading=\"lazy\" decoding=\"async\" width=\"1024\" height=\"678\" src=\"https:\/\/womenhouse.cz\/wp-content\/uploads\/2020\/05\/markyza_markilux_1600_2-1024x678-1.jpg\" alt=\"\" data-id=\"3089\" data-full-url=\"https:\/\/womenhouse.cz\/wp-content\/uploads\/2020\/05\/markyza_markilux_1600_2-1024x678-1.jpg\" data-link=\"https:\/\/womenhouse.cz\/?attachment_id=3089\" class=\"wp-image-3089\" srcset=\"https:\/\/womenhouse.cz\/wp-content\/uploads\/2020\/05\/markyza_markilux_1600_2-1024x678-1.jpg 1024w, https:\/\/womenhouse.cz\/wp-content\/uploads\/2020\/05\/markyza_markilux_1600_2-1024x678-1-300x199.jpg 300w, https:\/\/womenhouse.cz\/wp-content\/uploads\/2020\/05\/markyza_markilux_1600_2-1024x678-1-768x509.jpg 768w\" sizes=\"(max-width: 1024px) 100vw, 1024px\" \/><\/figure><\/li><li class=\"blocks-gallery-item\"><figure><img loading=\"lazy\" decoding=\"async\" width=\"933\" height=\"622\" src=\"https:\/\/womenhouse.cz\/wp-content\/uploads\/2020\/05\/markyza_markilux_1600_4.jpg\" alt=\"\" data-id=\"3090\" data-full-url=\"https:\/\/womenhouse.cz\/wp-content\/uploads\/2020\/05\/markyza_markilux_1600_4.jpg\" data-link=\"https:\/\/womenhouse.cz\/?attachment_id=3090\" class=\"wp-image-3090\" srcset=\"https:\/\/womenhouse.cz\/wp-content\/uploads\/2020\/05\/markyza_markilux_1600_4.jpg 933w, https:\/\/womenhouse.cz\/wp-content\/uploads\/2020\/05\/markyza_markilux_1600_4-300x200.jpg 300w, https:\/\/womenhouse.cz\/wp-content\/uploads\/2020\/05\/markyza_markilux_1600_4-768x512.jpg 768w\" sizes=\"(max-width: 933px) 100vw, 933px\" \/><\/figure><\/li><li class=\"blocks-gallery-item\"><figure><img loading=\"lazy\" decoding=\"async\" width=\"841\" height=\"561\" src=\"https:\/\/womenhouse.cz\/wp-content\/uploads\/2020\/05\/markyza_markilux_1600_5.jpg\" alt=\"\" data-id=\"3091\" data-full-url=\"https:\/\/womenhouse.cz\/wp-content\/uploads\/2020\/05\/markyza_markilux_1600_5.jpg\" data-link=\"https:\/\/womenhouse.cz\/?attachment_id=3091\" class=\"wp-image-3091\" srcset=\"https:\/\/womenhouse.cz\/wp-content\/uploads\/2020\/05\/markyza_markilux_1600_5.jpg 841w, https:\/\/womenhouse.cz\/wp-content\/uploads\/2020\/05\/markyza_markilux_1600_5-300x200.jpg 300w, https:\/\/womenhouse.cz\/wp-content\/uploads\/2020\/05\/markyza_markilux_1600_5-768x512.jpg 768w\" sizes=\"(max-width: 841px) 100vw, 841px\" \/><\/figure><\/li><li class=\"blocks-gallery-item\"><figure><img loading=\"lazy\" decoding=\"async\" width=\"841\" height=\"561\" src=\"https:\/\/womenhouse.cz\/wp-content\/uploads\/2020\/05\/markyza_markilux_1600_6.jpg\" alt=\"\" data-id=\"3092\" data-full-url=\"https:\/\/womenhouse.cz\/wp-content\/uploads\/2020\/05\/markyza_markilux_1600_6.jpg\" data-link=\"https:\/\/womenhouse.cz\/?attachment_id=3092\" class=\"wp-image-3092\" srcset=\"https:\/\/womenhouse.cz\/wp-content\/uploads\/2020\/05\/markyza_markilux_1600_6.jpg 841w, https:\/\/womenhouse.cz\/wp-content\/uploads\/2020\/05\/markyza_markilux_1600_6-300x200.jpg 300w, https:\/\/womenhouse.cz\/wp-content\/uploads\/2020\/05\/markyza_markilux_1600_6-768x512.jpg 768w\" sizes=\"(max-width: 841px) 100vw, 841px\" \/><\/figure><\/li><li class=\"blocks-gallery-item\"><figure><img loading=\"lazy\" decoding=\"async\" width=\"1024\" height=\"694\" src=\"https:\/\/womenhouse.cz\/wp-content\/uploads\/2020\/05\/markyza_markilux_1710_2-1024x694-1.jpg\" alt=\"\" data-id=\"3093\" data-full-url=\"https:\/\/womenhouse.cz\/wp-content\/uploads\/2020\/05\/markyza_markilux_1710_2-1024x694-1.jpg\" data-link=\"https:\/\/womenhouse.cz\/?attachment_id=3093\" class=\"wp-image-3093\" srcset=\"https:\/\/womenhouse.cz\/wp-content\/uploads\/2020\/05\/markyza_markilux_1710_2-1024x694-1.jpg 1024w, https:\/\/womenhouse.cz\/wp-content\/uploads\/2020\/05\/markyza_markilux_1710_2-1024x694-1-300x203.jpg 300w, https:\/\/womenhouse.cz\/wp-content\/uploads\/2020\/05\/markyza_markilux_1710_2-1024x694-1-768x521.jpg 768w\" sizes=\"(max-width: 1024px) 100vw, 1024px\" \/><\/figure><\/li><\/ul><\/figure>\n","protected":false},"excerpt":{"rendered":"<p>V zim\u011b jsme za ka\u017ed\u00fd slune\u010dn\u00fd den r\u00e1di a u\u017e\u00edv\u00e1me si ho. Se zvy\u0161uj\u00edc\u00edmi se teplotami v pr\u016fb\u011bhu jara ale chceme m\u00edt i mo\u017enost se p\u0159ed sluncem ukr\u00fdt. Zast\u00edn\u011bn\u00e9 m\u00edsto Mo\u017enost tr\u00e1vit v\u00edce \u010dasu na \u010derstv\u00e9m vzduchu je jedn\u00edm z d\u016fvod\u016f, pro\u010d si lid\u00e9 po\u0159izuj\u00ed rodinn\u00e9 domy a st\u011bhuj\u00ed se z panel\u00e1kov\u00fdch byt\u016f. Krom\u011b mnoha [&hellip;]<\/p>\n","protected":false},"author":3,"featured_media":3091,"comment_status":"closed","ping_status":"closed","sticky":false,"template":"","format":"standard","meta":{"_mi_skip_tracking":false,"_monsterinsights_sitenote_active":false,"_monsterinsights_sitenote_note":"","_monsterinsights_sitenote_category":0,"footnotes":""},"categories":[11,2],"tags":[],"yoast_head":"<!-- This site is optimized with the Yoast SEO plugin v21.5 - https:\/\/yoast.com\/wordpress\/plugins\/seo\/ -->\n<title>Kdy\u017e si nep\u0159ejeme slune\u010dn\u00ed paprsky - WOMENHOUSE.cz<\/title>\n<meta name=\"robots\" content=\"index, follow, max-snippet:-1, max-image-preview:large, max-video-preview:-1\" \/>\n<link rel=\"canonical\" href=\"https:\/\/womenhouse.cz\/index.php\/2020\/05\/23\/kdyz-si-neprejeme-slunecni-paprsky\/\" \/>\n<meta property=\"og:locale\" content=\"cs_CZ\" \/>\n<meta property=\"og:type\" content=\"article\" \/>\n<meta property=\"og:title\" content=\"Kdy\u017e si nep\u0159ejeme slune\u010dn\u00ed paprsky - WOMENHOUSE.cz\" \/>\n<meta property=\"og:description\" content=\"V zim\u011b jsme za ka\u017ed\u00fd slune\u010dn\u00fd den r\u00e1di a u\u017e\u00edv\u00e1me si ho. Se zvy\u0161uj\u00edc\u00edmi se teplotami v pr\u016fb\u011bhu jara ale chceme m\u00edt i mo\u017enost se p\u0159ed sluncem ukr\u00fdt. Zast\u00edn\u011bn\u00e9 m\u00edsto Mo\u017enost tr\u00e1vit v\u00edce \u010dasu na \u010derstv\u00e9m vzduchu je jedn\u00edm z d\u016fvod\u016f, pro\u010d si lid\u00e9 po\u0159izuj\u00ed rodinn\u00e9 domy a st\u011bhuj\u00ed se z panel\u00e1kov\u00fdch byt\u016f. Krom\u011b mnoha [&hellip;]\" \/>\n<meta property=\"og:url\" content=\"https:\/\/womenhouse.cz\/index.php\/2020\/05\/23\/kdyz-si-neprejeme-slunecni-paprsky\/\" \/>\n<meta property=\"og:site_name\" content=\"WOMENHOUSE.cz\" \/>\n<meta property=\"article:publisher\" content=\"https:\/\/www.facebook.com\/womenhousecz\" \/>\n<meta property=\"article:published_time\" content=\"2020-05-22T22:01:00+00:00\" \/>\n<meta property=\"article:modified_time\" content=\"2020-07-09T22:13:20+00:00\" \/>\n<meta property=\"og:image\" content=\"https:\/\/womenhouse.cz\/wp-content\/uploads\/2020\/05\/markyza_markilux_1600_5.jpg\" \/>\n\t<meta property=\"og:image:width\" content=\"841\" \/>\n\t<meta property=\"og:image:height\" content=\"561\" \/>\n\t<meta property=\"og:image:type\" content=\"image\/jpeg\" \/>\n<meta name=\"author\" content=\"Miroslav Van\u011bk\" \/>\n<meta name=\"twitter:card\" content=\"summary_large_image\" \/>\n<meta name=\"twitter:label1\" content=\"Napsal(a)\" \/>\n\t<meta name=\"twitter:data1\" content=\"Miroslav Van\u011bk\" \/>\n\t<meta name=\"twitter:label2\" content=\"Odhadovan\u00e1 doba \u010dten\u00ed\" \/>\n\t<meta name=\"twitter:data2\" content=\"2 minuty\" \/>\n<script type=\"application\/ld+json\" class=\"yoast-schema-graph\">{\"@context\":\"https:\/\/schema.org\",\"@graph\":[{\"@type\":\"Article\",\"@id\":\"https:\/\/womenhouse.cz\/index.php\/2020\/05\/23\/kdyz-si-neprejeme-slunecni-paprsky\/#article\",\"isPartOf\":{\"@id\":\"https:\/\/womenhouse.cz\/index.php\/2020\/05\/23\/kdyz-si-neprejeme-slunecni-paprsky\/\"},\"author\":{\"name\":\"Miroslav Van\u011bk\",\"@id\":\"https:\/\/womenhouse.cz\/#\/schema\/person\/86cffd1f6a5059d13fa66315493f584d\"},\"headline\":\"Kdy\u017e si nep\u0159ejeme slune\u010dn\u00ed paprsky\",\"datePublished\":\"2020-05-22T22:01:00+00:00\",\"dateModified\":\"2020-07-09T22:13:20+00:00\",\"mainEntityOfPage\":{\"@id\":\"https:\/\/womenhouse.cz\/index.php\/2020\/05\/23\/kdyz-si-neprejeme-slunecni-paprsky\/\"},\"wordCount\":427,\"publisher\":{\"@id\":\"https:\/\/womenhouse.cz\/#organization\"},\"articleSection\":[\"BYDLEN\u00cd &amp; DESIGN\",\"NEWS\"],\"inLanguage\":\"cs\"},{\"@type\":\"WebPage\",\"@id\":\"https:\/\/womenhouse.cz\/index.php\/2020\/05\/23\/kdyz-si-neprejeme-slunecni-paprsky\/\",\"url\":\"https:\/\/womenhouse.cz\/index.php\/2020\/05\/23\/kdyz-si-neprejeme-slunecni-paprsky\/\",\"name\":\"Kdy\u017e si nep\u0159ejeme slune\u010dn\u00ed paprsky - WOMENHOUSE.cz\",\"isPartOf\":{\"@id\":\"https:\/\/womenhouse.cz\/#website\"},\"datePublished\":\"2020-05-22T22:01:00+00:00\",\"dateModified\":\"2020-07-09T22:13:20+00:00\",\"breadcrumb\":{\"@id\":\"https:\/\/womenhouse.cz\/index.php\/2020\/05\/23\/kdyz-si-neprejeme-slunecni-paprsky\/#breadcrumb\"},\"inLanguage\":\"cs\",\"potentialAction\":[{\"@type\":\"ReadAction\",\"target\":[\"https:\/\/womenhouse.cz\/index.php\/2020\/05\/23\/kdyz-si-neprejeme-slunecni-paprsky\/\"]}]},{\"@type\":\"BreadcrumbList\",\"@id\":\"https:\/\/womenhouse.cz\/index.php\/2020\/05\/23\/kdyz-si-neprejeme-slunecni-paprsky\/#breadcrumb\",\"itemListElement\":[{\"@type\":\"ListItem\",\"position\":1,\"name\":\"Dom\u016f\",\"item\":\"https:\/\/womenhouse.cz\/\"},{\"@type\":\"ListItem\",\"position\":2,\"name\":\"Kdy\u017e si nep\u0159ejeme slune\u010dn\u00ed paprsky\"}]},{\"@type\":\"WebSite\",\"@id\":\"https:\/\/womenhouse.cz\/#website\",\"url\":\"https:\/\/womenhouse.cz\/\",\"name\":\"WOMENHOUSE.cz\",\"description\":\"Port\u00e1l v\u00fdhradn\u011b jen pro \u017eeny...\",\"publisher\":{\"@id\":\"https:\/\/womenhouse.cz\/#organization\"},\"potentialAction\":[{\"@type\":\"SearchAction\",\"target\":{\"@type\":\"EntryPoint\",\"urlTemplate\":\"https:\/\/womenhouse.cz\/?s={search_term_string}\"},\"query-input\":\"required name=search_term_string\"}],\"inLanguage\":\"cs\"},{\"@type\":\"Organization\",\"@id\":\"https:\/\/womenhouse.cz\/#organization\",\"name\":\"WOMENHOUSE.cz\",\"url\":\"https:\/\/womenhouse.cz\/\",\"logo\":{\"@type\":\"ImageObject\",\"inLanguage\":\"cs\",\"@id\":\"https:\/\/womenhouse.cz\/#\/schema\/logo\/image\/\",\"url\":\"https:\/\/womenhouse.cz\/wp-content\/uploads\/2020\/06\/cropped-logo_Womenhouse_RGB-02-removebg-preview-1.png\",\"contentUrl\":\"https:\/\/womenhouse.cz\/wp-content\/uploads\/2020\/06\/cropped-logo_Womenhouse_RGB-02-removebg-preview-1.png\",\"width\":561,\"height\":375,\"caption\":\"WOMENHOUSE.cz\"},\"image\":{\"@id\":\"https:\/\/womenhouse.cz\/#\/schema\/logo\/image\/\"},\"sameAs\":[\"https:\/\/www.facebook.com\/womenhousecz\",\"https:\/\/www.instagram.com\/womenhousecz\/\"]},{\"@type\":\"Person\",\"@id\":\"https:\/\/womenhouse.cz\/#\/schema\/person\/86cffd1f6a5059d13fa66315493f584d\",\"name\":\"Miroslav Van\u011bk\",\"sameAs\":[\"http:\/\/www.womenhouse.cz\"],\"url\":\"https:\/\/womenhouse.cz\/index.php\/author\/mirvan\/\"}]}<\/script>\n<!-- \/ Yoast SEO plugin. -->","yoast_head_json":{"title":"Kdy\u017e si nep\u0159ejeme slune\u010dn\u00ed paprsky - WOMENHOUSE.cz","robots":{"index":"index","follow":"follow","max-snippet":"max-snippet:-1","max-image-preview":"max-image-preview:large","max-video-preview":"max-video-preview:-1"},"canonical":"https:\/\/womenhouse.cz\/index.php\/2020\/05\/23\/kdyz-si-neprejeme-slunecni-paprsky\/","og_locale":"cs_CZ","og_type":"article","og_title":"Kdy\u017e si nep\u0159ejeme slune\u010dn\u00ed paprsky - WOMENHOUSE.cz","og_description":"V zim\u011b jsme za ka\u017ed\u00fd slune\u010dn\u00fd den r\u00e1di a u\u017e\u00edv\u00e1me si ho. Se zvy\u0161uj\u00edc\u00edmi se teplotami v pr\u016fb\u011bhu jara ale chceme m\u00edt i mo\u017enost se p\u0159ed sluncem ukr\u00fdt. Zast\u00edn\u011bn\u00e9 m\u00edsto Mo\u017enost tr\u00e1vit v\u00edce \u010dasu na \u010derstv\u00e9m vzduchu je jedn\u00edm z d\u016fvod\u016f, pro\u010d si lid\u00e9 po\u0159izuj\u00ed rodinn\u00e9 domy a st\u011bhuj\u00ed se z panel\u00e1kov\u00fdch byt\u016f. Krom\u011b mnoha [&hellip;]","og_url":"https:\/\/womenhouse.cz\/index.php\/2020\/05\/23\/kdyz-si-neprejeme-slunecni-paprsky\/","og_site_name":"WOMENHOUSE.cz","article_publisher":"https:\/\/www.facebook.com\/womenhousecz","article_published_time":"2020-05-22T22:01:00+00:00","article_modified_time":"2020-07-09T22:13:20+00:00","og_image":[{"width":841,"height":561,"url":"https:\/\/womenhouse.cz\/wp-content\/uploads\/2020\/05\/markyza_markilux_1600_5.jpg","type":"image\/jpeg"}],"author":"Miroslav Van\u011bk","twitter_card":"summary_large_image","twitter_misc":{"Napsal(a)":"Miroslav Van\u011bk","Odhadovan\u00e1 doba \u010dten\u00ed":"2 minuty"},"schema":{"@context":"https:\/\/schema.org","@graph":[{"@type":"Article","@id":"https:\/\/womenhouse.cz\/index.php\/2020\/05\/23\/kdyz-si-neprejeme-slunecni-paprsky\/#article","isPartOf":{"@id":"https:\/\/womenhouse.cz\/index.php\/2020\/05\/23\/kdyz-si-neprejeme-slunecni-paprsky\/"},"author":{"name":"Miroslav Van\u011bk","@id":"https:\/\/womenhouse.cz\/#\/schema\/person\/86cffd1f6a5059d13fa66315493f584d"},"headline":"Kdy\u017e si nep\u0159ejeme slune\u010dn\u00ed paprsky","datePublished":"2020-05-22T22:01:00+00:00","dateModified":"2020-07-09T22:13:20+00:00","mainEntityOfPage":{"@id":"https:\/\/womenhouse.cz\/index.php\/2020\/05\/23\/kdyz-si-neprejeme-slunecni-paprsky\/"},"wordCount":427,"publisher":{"@id":"https:\/\/womenhouse.cz\/#organization"},"articleSection":["BYDLEN\u00cd &amp; DESIGN","NEWS"],"inLanguage":"cs"},{"@type":"WebPage","@id":"https:\/\/womenhouse.cz\/index.php\/2020\/05\/23\/kdyz-si-neprejeme-slunecni-paprsky\/","url":"https:\/\/womenhouse.cz\/index.php\/2020\/05\/23\/kdyz-si-neprejeme-slunecni-paprsky\/","name":"Kdy\u017e si nep\u0159ejeme slune\u010dn\u00ed paprsky - WOMENHOUSE.cz","isPartOf":{"@id":"https:\/\/womenhouse.cz\/#website"},"datePublished":"2020-05-22T22:01:00+00:00","dateModified":"2020-07-09T22:13:20+00:00","breadcrumb":{"@id":"https:\/\/womenhouse.cz\/index.php\/2020\/05\/23\/kdyz-si-neprejeme-slunecni-paprsky\/#breadcrumb"},"inLanguage":"cs","potentialAction":[{"@type":"ReadAction","target":["https:\/\/womenhouse.cz\/index.php\/2020\/05\/23\/kdyz-si-neprejeme-slunecni-paprsky\/"]}]},{"@type":"BreadcrumbList","@id":"https:\/\/womenhouse.cz\/index.php\/2020\/05\/23\/kdyz-si-neprejeme-slunecni-paprsky\/#breadcrumb","itemListElement":[{"@type":"ListItem","position":1,"name":"Dom\u016f","item":"https:\/\/womenhouse.cz\/"},{"@type":"ListItem","position":2,"name":"Kdy\u017e si nep\u0159ejeme slune\u010dn\u00ed paprsky"}]},{"@type":"WebSite","@id":"https:\/\/womenhouse.cz\/#website","url":"https:\/\/womenhouse.cz\/","name":"WOMENHOUSE.cz","description":"Port\u00e1l v\u00fdhradn\u011b jen pro \u017eeny...","publisher":{"@id":"https:\/\/womenhouse.cz\/#organization"},"potentialAction":[{"@type":"SearchAction","target":{"@type":"EntryPoint","urlTemplate":"https:\/\/womenhouse.cz\/?s={search_term_string}"},"query-input":"required name=search_term_string"}],"inLanguage":"cs"},{"@type":"Organization","@id":"https:\/\/womenhouse.cz\/#organization","name":"WOMENHOUSE.cz","url":"https:\/\/womenhouse.cz\/","logo":{"@type":"ImageObject","inLanguage":"cs","@id":"https:\/\/womenhouse.cz\/#\/schema\/logo\/image\/","url":"https:\/\/womenhouse.cz\/wp-content\/uploads\/2020\/06\/cropped-logo_Womenhouse_RGB-02-removebg-preview-1.png","contentUrl":"https:\/\/womenhouse.cz\/wp-content\/uploads\/2020\/06\/cropped-logo_Womenhouse_RGB-02-removebg-preview-1.png","width":561,"height":375,"caption":"WOMENHOUSE.cz"},"image":{"@id":"https:\/\/womenhouse.cz\/#\/schema\/logo\/image\/"},"sameAs":["https:\/\/www.facebook.com\/womenhousecz","https:\/\/www.instagram.com\/womenhousecz\/"]},{"@type":"Person","@id":"https:\/\/womenhouse.cz\/#\/schema\/person\/86cffd1f6a5059d13fa66315493f584d","name":"Miroslav Van\u011bk","sameAs":["http:\/\/www.womenhouse.cz"],"url":"https:\/\/womenhouse.cz\/index.php\/author\/mirvan\/"}]}},"_links":{"self":[{"href":"https:\/\/womenhouse.cz\/index.php\/wp-json\/wp\/v2\/posts\/3087"}],"collection":[{"href":"https:\/\/womenhouse.cz\/index.php\/wp-json\/wp\/v2\/posts"}],"about":[{"href":"https:\/\/womenhouse.cz\/index.php\/wp-json\/wp\/v2\/types\/post"}],"author":[{"embeddable":true,"href":"https:\/\/womenhouse.cz\/index.php\/wp-json\/wp\/v2\/users\/3"}],"replies":[{"embeddable":true,"href":"https:\/\/womenhouse.cz\/index.php\/wp-json\/wp\/v2\/comments?post=3087"}],"version-history":[{"count":-4,"href":"https:\/\/womenhouse.cz\/index.php\/wp-json\/wp\/v2\/posts\/3087\/revisions"}],"wp:featuredmedia":[{"embeddable":true,"href":"https:\/\/womenhouse.cz\/index.php\/wp-json\/wp\/v2\/media\/3091"}],"wp:attachment":[{"href":"https:\/\/womenhouse.cz\/index.php\/wp-json\/wp\/v2\/media?parent=3087"}],"wp:term":[{"taxonomy":"category","embeddable":true,"href":"https:\/\/womenhouse.cz\/index.php\/wp-json\/wp\/v2\/categories?post=3087"},{"taxonomy":"post_tag","embeddable":true,"href":"https:\/\/womenhouse.cz\/index.php\/wp-json\/wp\/v2\/tags?post=3087"}],"curies":[{"name":"wp","href":"https:\/\/api.w.org\/{rel}","templated":true}]}}