{"id":298,"date":"2019-07-01T01:14:07","date_gmt":"2019-06-30T23:14:07","guid":{"rendered":"http:\/\/womenhouse.cz\/?p=298"},"modified":"2019-09-04T18:23:03","modified_gmt":"2019-09-04T16:23:03","slug":"baldinini-oslavilo-na-ceskem-trhu-jiz-dvacaty-rok","status":"publish","type":"post","link":"https:\/\/womenhouse.cz\/index.php\/2019\/07\/01\/baldinini-oslavilo-na-ceskem-trhu-jiz-dvacaty-rok\/","title":{"rendered":"Baldinini oslavilo na \u010desk\u00e9m trhu ji\u017e dvac\u00e1t\u00fd rok!"},"content":{"rendered":"\n<p><strong>Boty Baldinini se ji\u017e d\u00e1vno staly symbolem. Pro n\u011bkoho luxusu, ale pro v\u0161echny symbolem pohodl\u00ed&nbsp; a elegance. \u0160pi\u010dkov\u00fd design, nev\u0161edn\u00ed materi\u00e1ly a \u0161ikovnost italsk\u00fdch \u0161evc\u016f p\u0159ed\u00e1van\u00e1 z otce na syna cel\u00fdch sto let \u2013 tomu se \u0159\u00edk\u00e1 tradice!&nbsp;&nbsp;A spole\u010dnost Baldinini CZ oslavila na \u010desk\u00e9m trhu jubilejn\u00ed dvac\u00e1t\u00fd rok!&nbsp;<\/strong><\/p>\n\n\n\n<figure class=\"wp-block-image\"><img decoding=\"async\" src=\"http:\/\/luxuryhouse.cz\/tmp\/12573_0_800_1561801225.jpg\" alt=\"\"\/><\/figure>\n\n\n\n<p>Kdy\u017e je \u0159e\u010d o luxusn\u00ed nebo pr\u00e9miov\u00e9 italsk\u00e9 m\u00f3d\u011b, nesm\u00ed b\u00fdt opomenuta zna\u010dka Baldinini. Od po\u010d\u00e1tku se pod touto zna\u010dkou vyr\u00e1b\u00ed boty, a to v\u00fdhradn\u011b ru\u010dn\u011b \u0161it\u00e9. Svou tradici si Baldinini nese hrd\u011b u\u017e p\u0159es sto let, a i dnes kvalitu ru\u010dn\u00edho \u0159emesla \u0159ad\u00ed mezi svoje p\u0159ednosti. V\u00fdb\u011br kvalitn\u00ed k\u016f\u017ee, vytvo\u0159en\u00ed stylov\u00e9ho designu a tradi\u010dn\u00ed ru\u010dn\u00ed pr\u00e1ce, to jsou hlavn\u00ed pil\u00ed\u0159e, na kter\u00fdch si zna\u010dka zakl\u00e1d\u00e1. D\u00edky tomu pod rukami n\u00e1vrh\u00e1\u0159\u016f vznikaj\u00ed luxusn\u00ed kousky, kter\u00e9 jsou uzn\u00e1v\u00e1ny na p\u0159edn\u00edch m\u00f3dn\u00edch trz\u00edch.<\/p>\n\n\n\n<figure class=\"wp-block-image\"><img decoding=\"async\" src=\"http:\/\/luxuryhouse.cz\/tmp\/12578_0_800_1561801366.jpg\" alt=\"\"\/><\/figure>\n\n\n\n<p><strong>Gimmi Baldinini, majitel zna\u010dky Baldinini o rodinn\u00e9 zna\u010dce \u0159\u00edk\u00e1<em>:<\/em><\/strong><\/p>\n\n\n\n<p><em>\u201eTradi\u010dn\u00ed ru\u010dn\u00ed pr\u00e1ce na\u0161i firmy se um\u00ed prom\u011bnit v autentickou zna\u010dku: to je v\u00fdsledek dosa\u017een\u00fd d\u00edky snaze \u0161pi\u010dkov\u00fdch mistr\u016f, jejich a mnoha dal\u0161\u00edch \u0161ikovn\u00fdch rukou. Historie Baldinini je z\u00e1rove\u0148 histori\u00ed tvrdohlav\u00fdch lid\u00ed, lid\u00ed ze San Mauro Pascoli. Doved<\/em><em>li sv\u00e9 \u0159emesln\u00e9 dovednosti na \u00farove\u0148 um\u011bn\u00ed, zam\u011b\u0159ili na dokonalost formy sv\u00e9ho \u0159emesla i ru\u010dn\u00ed pr\u00e1ce, a jako ko\u0159eny budouc\u00ed \u010dinnosti charakterizovan\u00e9 dovednostmi a talentem, technick\u00fdmi znalostmi a zku\u0161enostmi, kter\u00e9 p\u0159ed\u00e1vaj\u00ed z otce na syna. Toto cenn\u00e9 d\u011bdictv\u00ed formovan\u00e9 \u010dasem se stalo z\u00e1kladem mistrovstv\u00ed italsk\u00e9 obuvnick\u00e9 tradice\u201c.<\/em><\/p>\n\n\n\n<figure class=\"wp-block-image\"><img decoding=\"async\" src=\"http:\/\/luxuryhouse.cz\/tmp\/12580_0_800_1561801385.jpg\" alt=\"\"\/><\/figure>\n\n\n\n<p>Nahl\u00e9dneme-li do historie tak se psal se rok 1910, kdy rodina, kter\u00e9 je Gimmi Baldinini ji\u017e t\u0159et\u00ed generac\u00ed, podnikla sv\u00e9 prvn\u00ed kroky v obuvnictv\u00ed a za\u010dala tak vyr\u00e1b\u011bt obuv na zak\u00e1zku v\u00fdhradn\u011b ru\u010dn\u011b. Nyn\u00ed o 100 let pozd\u011bji a s&nbsp;vyroben\u00fdmi miliony p\u00e1r\u016f bot, m\u00e1 spole\u010dnost BALDININI v\u00edce ne\u017e 100 vlajkov\u00fdch obchod\u016f po cel\u00e9m sv\u011bt\u011b. V\u00fdrobn\u00ed proces zam\u011bstn\u00e1v\u00e1 v\u00edce ne\u017e 250 vysoce kvalifikovan\u00fdch pracovn\u00edk\u016f ve v\u00edce ne\u017e 100 butic\u00edch po cel\u00e9m sv\u011bt\u011b, nap\u0159\u00edklad v USA jsou butiky Baldinini na Florid\u011b, New Jersey nebo New Yorku, d\u00e1le v Pa\u0159\u00ed\u017ei, Moskv\u011b, Pekingu, Hong Kongu a na st\u0159edn\u00edm v\u00fdchod\u011b. Zna\u010dka Baldinini p\u0159itahuje pozornost cel\u00e9ho sv\u011bta, pat\u0159\u00ed mezi nejuzn\u00e1van\u011bj\u0161\u00ed m\u00f3dn\u00ed zna\u010dky na sv\u011bt\u011b, kterou sleduj\u00ed i nejv\u011bt\u0161\u00ed m\u00f3dn\u00ed ikony.<\/p>\n\n\n\n<h2 class=\"wp-block-heading\"><strong>BALDININI OSLAVILO 20 LET NA \u010cESK\u00c9M TRHU<\/strong><\/h2>\n\n\n\n<p>Spole\u010dnost Baldinini CZ, p\u016fsob\u00ed na \u010desk\u00e9m trhu ji\u017e 20 let. Kdo se r\u00e1d nech\u00e1 h\u00fd\u010dkat a uv\u011bdomuje si, \u017ee boty jsou na\u0161\u00ed vizitkou, m\u016f\u017ee v BALDININI butic\u00edch uspokojit touhu po bot\u00e1ch, kter\u00e9 nos\u00ed sv\u011bt. Baldinini nejsou v\u0161ak jen boty, jsou to tak\u00e9 kabelky, batohy, bundy, p\u00e1nsk\u00e9 ta\u0161ky, p\u00e1sky nebo cestovn\u00ed kufry \u010di parf\u00e9my.&nbsp;<\/p>\n\n\n\n<p>A komu je tato m\u00f3da ur\u010dena?&nbsp;&nbsp;\u017den\u00e1m, kter\u00e9 cht\u011bj\u00ed nechat vyniknout svou \u017eenskou energii, \u0161arm, styl a maj\u00ed r\u00e1di rafinovanost.&nbsp;&nbsp;Ale tak\u00e9 mu\u017e\u016fm, kte\u0159\u00ed si potrp\u00ed na kvalitu zpracov\u00e1n\u00ed, elegantn\u00ed linie a komfort.<\/p>\n\n\n\n<p>Za zna\u010dkou Baldinini CZ stoj\u00ed majitelka Milena Maksimovi\u010d, velmi inspirativn\u00ed d\u00e1ma.&nbsp;<\/p>\n\n\n\n<figure class=\"wp-block-image\"><img decoding=\"async\" src=\"http:\/\/luxuryhouse.cz\/tmp\/12577_0_800_1561801275.jpg\" alt=\"\"\/><\/figure>\n\n\n\n<p>O p\u0159\u00edzni a z\u00e1jem o tuto zna\u010dku jsme se mohli p\u0159esv\u011bd\u010dit 16. kv\u011btna, kdy se v&nbsp;butiku za p\u0159\u00edtomnosti des\u00edtek zn\u00e1m\u00fdch \u010desk\u00fdch osobnost\u00ed, v\u00e1\u017een\u00fdch host\u016f a m\u00e9di\u00ed konal ve\u010d\u00edrek na oslavu tohoto kr\u00e1sn\u00e9ho jubilea.<\/p>\n\n\n\n<p><em>\u201eP\u0159ed 20 lety jsem otev\u0159ela prvn\u00ed butik Baldinini v&nbsp;Hav\u00ed\u0159sk\u00e9 ulici, m\u00e1lokdo ji tu znal. Byla to dobr\u00e1 doba pro za\u010d\u00e1tek, ale tak\u00e9 trnit\u00e1. Jsem py\u0161n\u00e1, \u017ee jsme v\u0161e zvl\u00e1dli, a \u017ee se n\u00e1m ji\u017e 20 let da\u0159\u00ed d\u011blat z\u00e1kazn\u00edky spokojen\u00fdmi, kdy\u017e si u n\u00e1s zakoup\u00ed nejen boty, ale i kabelku, pen\u011b\u017eenku, bundu, br\u00fdle. Zna\u010dka Baldinini pro m\u011b osobn\u011b je symbolem pr\u00e9miov\u00fdch produkt\u016f a preciznosti, kter\u00fd ud\u00e1v\u00e1 trendy v m\u00f3dn\u00edm sv\u011bt\u011b.\u201c, \u0159\u00edk\u00e1 Milana Maksimovi\u010d, majitelka obchod\u016f Baldinini CZ.<\/em><\/p>\n\n\n\n<h2 class=\"wp-block-heading\"><strong>Nov\u00e1 kolekce jaro\/l\u00e9to 2019:<\/strong><\/h2>\n\n\n\n<p>Jako kr\u00e1lovna letn\u00edch rytm\u016f a intenzivn\u00edho, osl\u0148uj\u00edc\u00edho stylu, takov\u00e1 je kolekce Baldinini jaro \/ l\u00e9to 2019 s bohatou paletou barev, kter\u00e9 charakterizuj\u00ed karibskou n\u00e1ladu. P\u0159esn\u011b tak, se budete c\u00edtit v&nbsp;nov\u00e9 kolekci Baldinini. Leto\u0161n\u00edmu l\u00e9tu vl\u00e1dnou barvy a odst\u00edny r\u016f\u017eov\u00e9, fuchsiov\u00e9, tyrkysov\u011b zelen\u00e9 \u010di st\u00e1le v\u00edce obl\u00edben\u00e1 barva ho\u0159\u010dice. Styl sedmdes\u00e1t\u00fdch, osmdes\u00e1t\u00fdch let a indick\u00e9ho l\u00e9to je hitem nadch\u00e1zej\u00edc\u00ed sez\u00f3ny.&nbsp;<\/p>\n\n\n\n<figure class=\"wp-block-image\"><img decoding=\"async\" src=\"http:\/\/luxuryhouse.cz\/tmp\/12574_0_800_1561801247.jpg\" alt=\"\"\/><\/figure>\n\n\n\n<p>Zdoben\u00ed je st\u00e1le trendy, a tak i v&nbsp;nov\u00e9 kolekci Baldinini uvid\u00edte podpatky a jin\u00e9 \u010d\u00e1sti obuvi zdoben\u00e9 kameny. V\u00fdrazn\u00e9 a dominantn\u00ed n\u00e1pisy a leskl\u00e9 prvky a se prol\u00ednaj\u00ed sportovn\u00edm stylem v&nbsp;kolekci Baldinini, kter\u00fd si dr\u017e\u00ed op\u011bt styl 80. let. Baldinini styl se v\u017edy zam\u011b\u0159uje na \u017eenskost. M\u016f\u017eete si tak u\u017e\u00edvat n\u00e1dhern\u00e9 kontrastn\u00ed tvary.<\/p>\n\n\n\n<ul class=\"wp-block-gallery columns-3 is-cropped wp-block-gallery-1 is-layout-flex wp-block-gallery-is-layout-flex\"><li class=\"blocks-gallery-item\"><figure><img loading=\"lazy\" decoding=\"async\" width=\"1024\" height=\"683\" src=\"http:\/\/womenhouse.cz\/wp-content\/uploads\/2019\/07\/12572_0_800_1561801216-1-1024x683.jpg\" alt=\"\" data-id=\"301\" data-link=\"http:\/\/womenhouse.cz\/index.php\/2019\/07\/01\/baldinini-oslavilo-na-ceskem-trhu-jiz-dvacaty-rok\/12572_0_800_1561801216-2\/\" class=\"wp-image-301\" srcset=\"https:\/\/womenhouse.cz\/wp-content\/uploads\/2019\/07\/12572_0_800_1561801216-1-1024x683.jpg 1024w, https:\/\/womenhouse.cz\/wp-content\/uploads\/2019\/07\/12572_0_800_1561801216-1-300x200.jpg 300w, https:\/\/womenhouse.cz\/wp-content\/uploads\/2019\/07\/12572_0_800_1561801216-1-768x512.jpg 768w, https:\/\/womenhouse.cz\/wp-content\/uploads\/2019\/07\/12572_0_800_1561801216-1.jpg 1200w\" sizes=\"(max-width: 1024px) 100vw, 1024px\" \/><\/figure><\/li><li class=\"blocks-gallery-item\"><figure><img loading=\"lazy\" decoding=\"async\" width=\"532\" height=\"800\" src=\"http:\/\/womenhouse.cz\/wp-content\/uploads\/2019\/07\/12573_0_800_1561801225.jpg\" alt=\"\" data-id=\"302\" data-link=\"http:\/\/womenhouse.cz\/index.php\/2019\/07\/01\/baldinini-oslavilo-na-ceskem-trhu-jiz-dvacaty-rok\/12573_0_800_1561801225\/\" class=\"wp-image-302\" srcset=\"https:\/\/womenhouse.cz\/wp-content\/uploads\/2019\/07\/12573_0_800_1561801225.jpg 532w, https:\/\/womenhouse.cz\/wp-content\/uploads\/2019\/07\/12573_0_800_1561801225-200x300.jpg 200w\" sizes=\"(max-width: 532px) 100vw, 532px\" \/><\/figure><\/li><li class=\"blocks-gallery-item\"><figure><img loading=\"lazy\" decoding=\"async\" width=\"532\" height=\"800\" src=\"http:\/\/womenhouse.cz\/wp-content\/uploads\/2019\/07\/12574_0_800_1561801247.jpg\" alt=\"\" data-id=\"303\" data-link=\"http:\/\/womenhouse.cz\/index.php\/2019\/07\/01\/baldinini-oslavilo-na-ceskem-trhu-jiz-dvacaty-rok\/12574_0_800_1561801247\/\" class=\"wp-image-303\" srcset=\"https:\/\/womenhouse.cz\/wp-content\/uploads\/2019\/07\/12574_0_800_1561801247.jpg 532w, https:\/\/womenhouse.cz\/wp-content\/uploads\/2019\/07\/12574_0_800_1561801247-200x300.jpg 200w\" sizes=\"(max-width: 532px) 100vw, 532px\" \/><\/figure><\/li><li class=\"blocks-gallery-item\"><figure><img loading=\"lazy\" decoding=\"async\" width=\"1024\" height=\"683\" src=\"http:\/\/womenhouse.cz\/wp-content\/uploads\/2019\/07\/12575_0_800_1561801254-1024x683.jpg\" alt=\"\" data-id=\"304\" data-link=\"http:\/\/womenhouse.cz\/index.php\/2019\/07\/01\/baldinini-oslavilo-na-ceskem-trhu-jiz-dvacaty-rok\/12575_0_800_1561801254\/\" class=\"wp-image-304\" srcset=\"https:\/\/womenhouse.cz\/wp-content\/uploads\/2019\/07\/12575_0_800_1561801254-1024x683.jpg 1024w, https:\/\/womenhouse.cz\/wp-content\/uploads\/2019\/07\/12575_0_800_1561801254-300x200.jpg 300w, https:\/\/womenhouse.cz\/wp-content\/uploads\/2019\/07\/12575_0_800_1561801254-768x512.jpg 768w, https:\/\/womenhouse.cz\/wp-content\/uploads\/2019\/07\/12575_0_800_1561801254.jpg 1200w\" sizes=\"(max-width: 1024px) 100vw, 1024px\" \/><\/figure><\/li><li class=\"blocks-gallery-item\"><figure><img loading=\"lazy\" decoding=\"async\" width=\"532\" height=\"800\" src=\"http:\/\/womenhouse.cz\/wp-content\/uploads\/2019\/07\/12576_0_800_1561801263.jpg\" alt=\"\" data-id=\"305\" data-link=\"http:\/\/womenhouse.cz\/index.php\/2019\/07\/01\/baldinini-oslavilo-na-ceskem-trhu-jiz-dvacaty-rok\/12576_0_800_1561801263\/\" class=\"wp-image-305\" srcset=\"https:\/\/womenhouse.cz\/wp-content\/uploads\/2019\/07\/12576_0_800_1561801263.jpg 532w, https:\/\/womenhouse.cz\/wp-content\/uploads\/2019\/07\/12576_0_800_1561801263-200x300.jpg 200w\" sizes=\"(max-width: 532px) 100vw, 532px\" \/><\/figure><\/li><li class=\"blocks-gallery-item\"><figure><img loading=\"lazy\" decoding=\"async\" width=\"532\" height=\"800\" src=\"http:\/\/womenhouse.cz\/wp-content\/uploads\/2019\/07\/12577_0_800_1561801275.jpg\" alt=\"\" data-id=\"306\" data-link=\"http:\/\/womenhouse.cz\/index.php\/2019\/07\/01\/baldinini-oslavilo-na-ceskem-trhu-jiz-dvacaty-rok\/12577_0_800_1561801275\/\" class=\"wp-image-306\" srcset=\"https:\/\/womenhouse.cz\/wp-content\/uploads\/2019\/07\/12577_0_800_1561801275.jpg 532w, https:\/\/womenhouse.cz\/wp-content\/uploads\/2019\/07\/12577_0_800_1561801275-200x300.jpg 200w\" sizes=\"(max-width: 532px) 100vw, 532px\" \/><\/figure><\/li><li class=\"blocks-gallery-item\"><figure><img loading=\"lazy\" decoding=\"async\" width=\"1024\" height=\"683\" src=\"http:\/\/womenhouse.cz\/wp-content\/uploads\/2019\/07\/12578_0_800_1561801366-1024x683.jpg\" alt=\"\" data-id=\"307\" data-link=\"http:\/\/womenhouse.cz\/index.php\/2019\/07\/01\/baldinini-oslavilo-na-ceskem-trhu-jiz-dvacaty-rok\/12578_0_800_1561801366\/\" class=\"wp-image-307\" srcset=\"https:\/\/womenhouse.cz\/wp-content\/uploads\/2019\/07\/12578_0_800_1561801366-1024x683.jpg 1024w, https:\/\/womenhouse.cz\/wp-content\/uploads\/2019\/07\/12578_0_800_1561801366-300x200.jpg 300w, https:\/\/womenhouse.cz\/wp-content\/uploads\/2019\/07\/12578_0_800_1561801366-768x512.jpg 768w, https:\/\/womenhouse.cz\/wp-content\/uploads\/2019\/07\/12578_0_800_1561801366.jpg 1200w\" sizes=\"(max-width: 1024px) 100vw, 1024px\" \/><\/figure><\/li><li class=\"blocks-gallery-item\"><figure><img loading=\"lazy\" decoding=\"async\" width=\"532\" height=\"800\" src=\"http:\/\/womenhouse.cz\/wp-content\/uploads\/2019\/07\/12579_0_800_1561801375.jpg\" alt=\"\" data-id=\"308\" data-link=\"http:\/\/womenhouse.cz\/index.php\/2019\/07\/01\/baldinini-oslavilo-na-ceskem-trhu-jiz-dvacaty-rok\/12579_0_800_1561801375\/\" class=\"wp-image-308\" srcset=\"https:\/\/womenhouse.cz\/wp-content\/uploads\/2019\/07\/12579_0_800_1561801375.jpg 532w, https:\/\/womenhouse.cz\/wp-content\/uploads\/2019\/07\/12579_0_800_1561801375-200x300.jpg 200w\" sizes=\"(max-width: 532px) 100vw, 532px\" \/><\/figure><\/li><li class=\"blocks-gallery-item\"><figure><img loading=\"lazy\" decoding=\"async\" width=\"532\" height=\"800\" src=\"http:\/\/womenhouse.cz\/wp-content\/uploads\/2019\/07\/12580_0_800_1561801385.jpg\" alt=\"\" data-id=\"309\" data-link=\"http:\/\/womenhouse.cz\/index.php\/2019\/07\/01\/baldinini-oslavilo-na-ceskem-trhu-jiz-dvacaty-rok\/12580_0_800_1561801385\/\" class=\"wp-image-309\" srcset=\"https:\/\/womenhouse.cz\/wp-content\/uploads\/2019\/07\/12580_0_800_1561801385.jpg 532w, https:\/\/womenhouse.cz\/wp-content\/uploads\/2019\/07\/12580_0_800_1561801385-200x300.jpg 200w\" sizes=\"(max-width: 532px) 100vw, 532px\" \/><\/figure><\/li><li class=\"blocks-gallery-item\"><figure><img loading=\"lazy\" decoding=\"async\" width=\"1024\" height=\"683\" src=\"http:\/\/womenhouse.cz\/wp-content\/uploads\/2019\/07\/12581_0_800_1561801397-1024x683.jpg\" alt=\"\" data-id=\"310\" data-link=\"http:\/\/womenhouse.cz\/index.php\/2019\/07\/01\/baldinini-oslavilo-na-ceskem-trhu-jiz-dvacaty-rok\/12581_0_800_1561801397\/\" class=\"wp-image-310\" srcset=\"https:\/\/womenhouse.cz\/wp-content\/uploads\/2019\/07\/12581_0_800_1561801397-1024x683.jpg 1024w, https:\/\/womenhouse.cz\/wp-content\/uploads\/2019\/07\/12581_0_800_1561801397-300x200.jpg 300w, https:\/\/womenhouse.cz\/wp-content\/uploads\/2019\/07\/12581_0_800_1561801397-768x512.jpg 768w, https:\/\/womenhouse.cz\/wp-content\/uploads\/2019\/07\/12581_0_800_1561801397.jpg 1200w\" sizes=\"(max-width: 1024px) 100vw, 1024px\" \/><\/figure><\/li><li class=\"blocks-gallery-item\"><figure><img loading=\"lazy\" decoding=\"async\" width=\"532\" height=\"800\" src=\"http:\/\/womenhouse.cz\/wp-content\/uploads\/2019\/07\/12582_0_800_1561801407.jpg\" alt=\"\" data-id=\"311\" data-link=\"http:\/\/womenhouse.cz\/index.php\/2019\/07\/01\/baldinini-oslavilo-na-ceskem-trhu-jiz-dvacaty-rok\/12582_0_800_1561801407\/\" class=\"wp-image-311\" srcset=\"https:\/\/womenhouse.cz\/wp-content\/uploads\/2019\/07\/12582_0_800_1561801407.jpg 532w, https:\/\/womenhouse.cz\/wp-content\/uploads\/2019\/07\/12582_0_800_1561801407-200x300.jpg 200w\" sizes=\"(max-width: 532px) 100vw, 532px\" \/><\/figure><\/li><li class=\"blocks-gallery-item\"><figure><img loading=\"lazy\" decoding=\"async\" width=\"532\" height=\"800\" src=\"http:\/\/womenhouse.cz\/wp-content\/uploads\/2019\/07\/12583_0_800_1561801438.jpg\" alt=\"\" data-id=\"312\" data-link=\"http:\/\/womenhouse.cz\/index.php\/2019\/07\/01\/baldinini-oslavilo-na-ceskem-trhu-jiz-dvacaty-rok\/12583_0_800_1561801438\/\" class=\"wp-image-312\" srcset=\"https:\/\/womenhouse.cz\/wp-content\/uploads\/2019\/07\/12583_0_800_1561801438.jpg 532w, https:\/\/womenhouse.cz\/wp-content\/uploads\/2019\/07\/12583_0_800_1561801438-200x300.jpg 200w\" sizes=\"(max-width: 532px) 100vw, 532px\" \/><\/figure><\/li><li class=\"blocks-gallery-item\"><figure><img loading=\"lazy\" decoding=\"async\" width=\"532\" height=\"800\" src=\"http:\/\/womenhouse.cz\/wp-content\/uploads\/2019\/07\/12584_0_800_1561801459.jpg\" alt=\"\" data-id=\"313\" data-link=\"http:\/\/womenhouse.cz\/index.php\/2019\/07\/01\/baldinini-oslavilo-na-ceskem-trhu-jiz-dvacaty-rok\/12584_0_800_1561801459\/\" class=\"wp-image-313\" srcset=\"https:\/\/womenhouse.cz\/wp-content\/uploads\/2019\/07\/12584_0_800_1561801459.jpg 532w, https:\/\/womenhouse.cz\/wp-content\/uploads\/2019\/07\/12584_0_800_1561801459-200x300.jpg 200w\" sizes=\"(max-width: 532px) 100vw, 532px\" \/><\/figure><\/li><li class=\"blocks-gallery-item\"><figure><img loading=\"lazy\" decoding=\"async\" width=\"532\" height=\"800\" src=\"http:\/\/womenhouse.cz\/wp-content\/uploads\/2019\/07\/12585_0_800_1561801469.jpg\" alt=\"\" data-id=\"314\" data-link=\"http:\/\/womenhouse.cz\/index.php\/2019\/07\/01\/baldinini-oslavilo-na-ceskem-trhu-jiz-dvacaty-rok\/12585_0_800_1561801469\/\" class=\"wp-image-314\" srcset=\"https:\/\/womenhouse.cz\/wp-content\/uploads\/2019\/07\/12585_0_800_1561801469.jpg 532w, https:\/\/womenhouse.cz\/wp-content\/uploads\/2019\/07\/12585_0_800_1561801469-200x300.jpg 200w\" sizes=\"(max-width: 532px) 100vw, 532px\" \/><\/figure><\/li><li class=\"blocks-gallery-item\"><figure><img loading=\"lazy\" decoding=\"async\" width=\"532\" height=\"800\" src=\"http:\/\/womenhouse.cz\/wp-content\/uploads\/2019\/07\/12586_0_800_1561801933.jpg\" alt=\"\" data-id=\"315\" data-link=\"http:\/\/womenhouse.cz\/index.php\/2019\/07\/01\/baldinini-oslavilo-na-ceskem-trhu-jiz-dvacaty-rok\/12586_0_800_1561801933\/\" class=\"wp-image-315\" srcset=\"https:\/\/womenhouse.cz\/wp-content\/uploads\/2019\/07\/12586_0_800_1561801933.jpg 532w, https:\/\/womenhouse.cz\/wp-content\/uploads\/2019\/07\/12586_0_800_1561801933-200x300.jpg 200w\" sizes=\"(max-width: 532px) 100vw, 532px\" \/><\/figure><\/li><li class=\"blocks-gallery-item\"><figure><img loading=\"lazy\" decoding=\"async\" width=\"532\" height=\"800\" src=\"http:\/\/womenhouse.cz\/wp-content\/uploads\/2019\/07\/12587_0_800_1561801941.jpg\" alt=\"\" data-id=\"316\" data-link=\"http:\/\/womenhouse.cz\/index.php\/2019\/07\/01\/baldinini-oslavilo-na-ceskem-trhu-jiz-dvacaty-rok\/12587_0_800_1561801941\/\" class=\"wp-image-316\" srcset=\"https:\/\/womenhouse.cz\/wp-content\/uploads\/2019\/07\/12587_0_800_1561801941.jpg 532w, https:\/\/womenhouse.cz\/wp-content\/uploads\/2019\/07\/12587_0_800_1561801941-200x300.jpg 200w\" sizes=\"(max-width: 532px) 100vw, 532px\" \/><\/figure><\/li><li class=\"blocks-gallery-item\"><figure><img loading=\"lazy\" decoding=\"async\" width=\"532\" height=\"800\" src=\"http:\/\/womenhouse.cz\/wp-content\/uploads\/2019\/07\/12588_0_800_1561802018.jpg\" alt=\"\" data-id=\"317\" data-link=\"http:\/\/womenhouse.cz\/index.php\/2019\/07\/01\/baldinini-oslavilo-na-ceskem-trhu-jiz-dvacaty-rok\/12588_0_800_1561802018\/\" class=\"wp-image-317\" srcset=\"https:\/\/womenhouse.cz\/wp-content\/uploads\/2019\/07\/12588_0_800_1561802018.jpg 532w, https:\/\/womenhouse.cz\/wp-content\/uploads\/2019\/07\/12588_0_800_1561802018-200x300.jpg 200w\" sizes=\"(max-width: 532px) 100vw, 532px\" \/><\/figure><\/li><\/ul>\n","protected":false},"excerpt":{"rendered":"<p>Boty Baldinini se ji\u017e d\u00e1vno staly symbolem. Pro n\u011bkoho luxusu, ale pro v\u0161echny symbolem pohodl\u00ed&nbsp; a elegance. \u0160pi\u010dkov\u00fd design, nev\u0161edn\u00ed materi\u00e1ly a \u0161ikovnost italsk\u00fdch \u0161evc\u016f p\u0159ed\u00e1van\u00e1 z otce na syna cel\u00fdch sto let \u2013 tomu se \u0159\u00edk\u00e1 tradice!&nbsp;&nbsp;A spole\u010dnost Baldinini CZ oslavila na \u010desk\u00e9m trhu jubilejn\u00ed dvac\u00e1t\u00fd rok!&nbsp; Kdy\u017e je \u0159e\u010d o luxusn\u00ed nebo pr\u00e9miov\u00e9 [&hellip;]<\/p>\n","protected":false},"author":2,"featured_media":299,"comment_status":"closed","ping_status":"closed","sticky":false,"template":"","format":"standard","meta":{"_mi_skip_tracking":false,"_monsterinsights_sitenote_active":false,"_monsterinsights_sitenote_note":"","_monsterinsights_sitenote_category":0,"footnotes":""},"categories":[23,25,18,2],"tags":[],"yoast_head":"<!-- This site is optimized with the Yoast SEO plugin v21.5 - https:\/\/yoast.com\/wordpress\/plugins\/seo\/ -->\n<title>Baldinini oslavilo na \u010desk\u00e9m trhu ji\u017e dvac\u00e1t\u00fd rok! - WOMENHOUSE.cz<\/title>\n<meta name=\"robots\" content=\"index, follow, max-snippet:-1, max-image-preview:large, max-video-preview:-1\" \/>\n<link rel=\"canonical\" href=\"https:\/\/womenhouse.cz\/index.php\/2019\/07\/01\/baldinini-oslavilo-na-ceskem-trhu-jiz-dvacaty-rok\/\" \/>\n<meta property=\"og:locale\" content=\"cs_CZ\" \/>\n<meta property=\"og:type\" content=\"article\" \/>\n<meta property=\"og:title\" content=\"Baldinini oslavilo na \u010desk\u00e9m trhu ji\u017e dvac\u00e1t\u00fd rok! - WOMENHOUSE.cz\" \/>\n<meta property=\"og:description\" content=\"Boty Baldinini se ji\u017e d\u00e1vno staly symbolem. Pro n\u011bkoho luxusu, ale pro v\u0161echny symbolem pohodl\u00ed&nbsp; a elegance. \u0160pi\u010dkov\u00fd design, nev\u0161edn\u00ed materi\u00e1ly a \u0161ikovnost italsk\u00fdch \u0161evc\u016f p\u0159ed\u00e1van\u00e1 z otce na syna cel\u00fdch sto let \u2013 tomu se \u0159\u00edk\u00e1 tradice!&nbsp;&nbsp;A spole\u010dnost Baldinini CZ oslavila na \u010desk\u00e9m trhu jubilejn\u00ed dvac\u00e1t\u00fd rok!&nbsp; Kdy\u017e je \u0159e\u010d o luxusn\u00ed nebo pr\u00e9miov\u00e9 [&hellip;]\" \/>\n<meta property=\"og:url\" content=\"https:\/\/womenhouse.cz\/index.php\/2019\/07\/01\/baldinini-oslavilo-na-ceskem-trhu-jiz-dvacaty-rok\/\" \/>\n<meta property=\"og:site_name\" content=\"WOMENHOUSE.cz\" \/>\n<meta property=\"article:publisher\" content=\"https:\/\/www.facebook.com\/womenhousecz\" \/>\n<meta property=\"article:published_time\" content=\"2019-06-30T23:14:07+00:00\" \/>\n<meta property=\"article:modified_time\" content=\"2019-09-04T16:23:03+00:00\" \/>\n<meta property=\"og:image\" content=\"https:\/\/womenhouse.cz\/wp-content\/uploads\/2019\/07\/12572_0_800_1561801216.jpg\" \/>\n\t<meta property=\"og:image:width\" content=\"1200\" \/>\n\t<meta property=\"og:image:height\" content=\"800\" \/>\n\t<meta property=\"og:image:type\" content=\"image\/jpeg\" \/>\n<meta name=\"author\" content=\"Jolana Hol\u00e1\u0148ov\u00e1\" \/>\n<meta name=\"twitter:card\" content=\"summary_large_image\" \/>\n<meta name=\"twitter:label1\" content=\"Napsal(a)\" \/>\n\t<meta name=\"twitter:data1\" content=\"Jolana Hol\u00e1\u0148ov\u00e1\" \/>\n\t<meta name=\"twitter:label2\" content=\"Odhadovan\u00e1 doba \u010dten\u00ed\" \/>\n\t<meta name=\"twitter:data2\" content=\"5 minut\" \/>\n<script type=\"application\/ld+json\" class=\"yoast-schema-graph\">{\"@context\":\"https:\/\/schema.org\",\"@graph\":[{\"@type\":\"Article\",\"@id\":\"https:\/\/womenhouse.cz\/index.php\/2019\/07\/01\/baldinini-oslavilo-na-ceskem-trhu-jiz-dvacaty-rok\/#article\",\"isPartOf\":{\"@id\":\"https:\/\/womenhouse.cz\/index.php\/2019\/07\/01\/baldinini-oslavilo-na-ceskem-trhu-jiz-dvacaty-rok\/\"},\"author\":{\"name\":\"Jolana Hol\u00e1\u0148ov\u00e1\",\"@id\":\"https:\/\/womenhouse.cz\/#\/schema\/person\/541326101f8d68c711e83e8fecc80738\"},\"headline\":\"Baldinini oslavilo na \u010desk\u00e9m trhu ji\u017e dvac\u00e1t\u00fd rok!\",\"datePublished\":\"2019-06-30T23:14:07+00:00\",\"dateModified\":\"2019-09-04T16:23:03+00:00\",\"mainEntityOfPage\":{\"@id\":\"https:\/\/womenhouse.cz\/index.php\/2019\/07\/01\/baldinini-oslavilo-na-ceskem-trhu-jiz-dvacaty-rok\/\"},\"wordCount\":914,\"publisher\":{\"@id\":\"https:\/\/womenhouse.cz\/#organization\"},\"articleSection\":[\"CELEBRITY\",\"FASHION\",\"FOTOREPORTY\",\"NEWS\"],\"inLanguage\":\"cs\"},{\"@type\":\"WebPage\",\"@id\":\"https:\/\/womenhouse.cz\/index.php\/2019\/07\/01\/baldinini-oslavilo-na-ceskem-trhu-jiz-dvacaty-rok\/\",\"url\":\"https:\/\/womenhouse.cz\/index.php\/2019\/07\/01\/baldinini-oslavilo-na-ceskem-trhu-jiz-dvacaty-rok\/\",\"name\":\"Baldinini oslavilo na \u010desk\u00e9m trhu ji\u017e dvac\u00e1t\u00fd rok! - WOMENHOUSE.cz\",\"isPartOf\":{\"@id\":\"https:\/\/womenhouse.cz\/#website\"},\"datePublished\":\"2019-06-30T23:14:07+00:00\",\"dateModified\":\"2019-09-04T16:23:03+00:00\",\"breadcrumb\":{\"@id\":\"https:\/\/womenhouse.cz\/index.php\/2019\/07\/01\/baldinini-oslavilo-na-ceskem-trhu-jiz-dvacaty-rok\/#breadcrumb\"},\"inLanguage\":\"cs\",\"potentialAction\":[{\"@type\":\"ReadAction\",\"target\":[\"https:\/\/womenhouse.cz\/index.php\/2019\/07\/01\/baldinini-oslavilo-na-ceskem-trhu-jiz-dvacaty-rok\/\"]}]},{\"@type\":\"BreadcrumbList\",\"@id\":\"https:\/\/womenhouse.cz\/index.php\/2019\/07\/01\/baldinini-oslavilo-na-ceskem-trhu-jiz-dvacaty-rok\/#breadcrumb\",\"itemListElement\":[{\"@type\":\"ListItem\",\"position\":1,\"name\":\"Dom\u016f\",\"item\":\"https:\/\/womenhouse.cz\/\"},{\"@type\":\"ListItem\",\"position\":2,\"name\":\"Baldinini oslavilo na \u010desk\u00e9m trhu ji\u017e dvac\u00e1t\u00fd rok!\"}]},{\"@type\":\"WebSite\",\"@id\":\"https:\/\/womenhouse.cz\/#website\",\"url\":\"https:\/\/womenhouse.cz\/\",\"name\":\"WOMENHOUSE.cz\",\"description\":\"Port\u00e1l v\u00fdhradn\u011b jen pro \u017eeny...\",\"publisher\":{\"@id\":\"https:\/\/womenhouse.cz\/#organization\"},\"potentialAction\":[{\"@type\":\"SearchAction\",\"target\":{\"@type\":\"EntryPoint\",\"urlTemplate\":\"https:\/\/womenhouse.cz\/?s={search_term_string}\"},\"query-input\":\"required name=search_term_string\"}],\"inLanguage\":\"cs\"},{\"@type\":\"Organization\",\"@id\":\"https:\/\/womenhouse.cz\/#organization\",\"name\":\"WOMENHOUSE.cz\",\"url\":\"https:\/\/womenhouse.cz\/\",\"logo\":{\"@type\":\"ImageObject\",\"inLanguage\":\"cs\",\"@id\":\"https:\/\/womenhouse.cz\/#\/schema\/logo\/image\/\",\"url\":\"https:\/\/womenhouse.cz\/wp-content\/uploads\/2020\/06\/cropped-logo_Womenhouse_RGB-02-removebg-preview-1.png\",\"contentUrl\":\"https:\/\/womenhouse.cz\/wp-content\/uploads\/2020\/06\/cropped-logo_Womenhouse_RGB-02-removebg-preview-1.png\",\"width\":561,\"height\":375,\"caption\":\"WOMENHOUSE.cz\"},\"image\":{\"@id\":\"https:\/\/womenhouse.cz\/#\/schema\/logo\/image\/\"},\"sameAs\":[\"https:\/\/www.facebook.com\/womenhousecz\",\"https:\/\/www.instagram.com\/womenhousecz\/\"]},{\"@type\":\"Person\",\"@id\":\"https:\/\/womenhouse.cz\/#\/schema\/person\/541326101f8d68c711e83e8fecc80738\",\"name\":\"Jolana Hol\u00e1\u0148ov\u00e1\",\"sameAs\":[\"http:\/\/www.womenhouse.cz\"],\"url\":\"https:\/\/womenhouse.cz\/index.php\/author\/jolhol\/\"}]}<\/script>\n<!-- \/ Yoast SEO plugin. -->","yoast_head_json":{"title":"Baldinini oslavilo na \u010desk\u00e9m trhu ji\u017e dvac\u00e1t\u00fd rok! - WOMENHOUSE.cz","robots":{"index":"index","follow":"follow","max-snippet":"max-snippet:-1","max-image-preview":"max-image-preview:large","max-video-preview":"max-video-preview:-1"},"canonical":"https:\/\/womenhouse.cz\/index.php\/2019\/07\/01\/baldinini-oslavilo-na-ceskem-trhu-jiz-dvacaty-rok\/","og_locale":"cs_CZ","og_type":"article","og_title":"Baldinini oslavilo na \u010desk\u00e9m trhu ji\u017e dvac\u00e1t\u00fd rok! - WOMENHOUSE.cz","og_description":"Boty Baldinini se ji\u017e d\u00e1vno staly symbolem. Pro n\u011bkoho luxusu, ale pro v\u0161echny symbolem pohodl\u00ed&nbsp; a elegance. \u0160pi\u010dkov\u00fd design, nev\u0161edn\u00ed materi\u00e1ly a \u0161ikovnost italsk\u00fdch \u0161evc\u016f p\u0159ed\u00e1van\u00e1 z otce na syna cel\u00fdch sto let \u2013 tomu se \u0159\u00edk\u00e1 tradice!&nbsp;&nbsp;A spole\u010dnost Baldinini CZ oslavila na \u010desk\u00e9m trhu jubilejn\u00ed dvac\u00e1t\u00fd rok!&nbsp; Kdy\u017e je \u0159e\u010d o luxusn\u00ed nebo pr\u00e9miov\u00e9 [&hellip;]","og_url":"https:\/\/womenhouse.cz\/index.php\/2019\/07\/01\/baldinini-oslavilo-na-ceskem-trhu-jiz-dvacaty-rok\/","og_site_name":"WOMENHOUSE.cz","article_publisher":"https:\/\/www.facebook.com\/womenhousecz","article_published_time":"2019-06-30T23:14:07+00:00","article_modified_time":"2019-09-04T16:23:03+00:00","og_image":[{"width":1200,"height":800,"url":"https:\/\/womenhouse.cz\/wp-content\/uploads\/2019\/07\/12572_0_800_1561801216.jpg","type":"image\/jpeg"}],"author":"Jolana Hol\u00e1\u0148ov\u00e1","twitter_card":"summary_large_image","twitter_misc":{"Napsal(a)":"Jolana Hol\u00e1\u0148ov\u00e1","Odhadovan\u00e1 doba \u010dten\u00ed":"5 minut"},"schema":{"@context":"https:\/\/schema.org","@graph":[{"@type":"Article","@id":"https:\/\/womenhouse.cz\/index.php\/2019\/07\/01\/baldinini-oslavilo-na-ceskem-trhu-jiz-dvacaty-rok\/#article","isPartOf":{"@id":"https:\/\/womenhouse.cz\/index.php\/2019\/07\/01\/baldinini-oslavilo-na-ceskem-trhu-jiz-dvacaty-rok\/"},"author":{"name":"Jolana Hol\u00e1\u0148ov\u00e1","@id":"https:\/\/womenhouse.cz\/#\/schema\/person\/541326101f8d68c711e83e8fecc80738"},"headline":"Baldinini oslavilo na \u010desk\u00e9m trhu ji\u017e dvac\u00e1t\u00fd rok!","datePublished":"2019-06-30T23:14:07+00:00","dateModified":"2019-09-04T16:23:03+00:00","mainEntityOfPage":{"@id":"https:\/\/womenhouse.cz\/index.php\/2019\/07\/01\/baldinini-oslavilo-na-ceskem-trhu-jiz-dvacaty-rok\/"},"wordCount":914,"publisher":{"@id":"https:\/\/womenhouse.cz\/#organization"},"articleSection":["CELEBRITY","FASHION","FOTOREPORTY","NEWS"],"inLanguage":"cs"},{"@type":"WebPage","@id":"https:\/\/womenhouse.cz\/index.php\/2019\/07\/01\/baldinini-oslavilo-na-ceskem-trhu-jiz-dvacaty-rok\/","url":"https:\/\/womenhouse.cz\/index.php\/2019\/07\/01\/baldinini-oslavilo-na-ceskem-trhu-jiz-dvacaty-rok\/","name":"Baldinini oslavilo na \u010desk\u00e9m trhu ji\u017e dvac\u00e1t\u00fd rok! - WOMENHOUSE.cz","isPartOf":{"@id":"https:\/\/womenhouse.cz\/#website"},"datePublished":"2019-06-30T23:14:07+00:00","dateModified":"2019-09-04T16:23:03+00:00","breadcrumb":{"@id":"https:\/\/womenhouse.cz\/index.php\/2019\/07\/01\/baldinini-oslavilo-na-ceskem-trhu-jiz-dvacaty-rok\/#breadcrumb"},"inLanguage":"cs","potentialAction":[{"@type":"ReadAction","target":["https:\/\/womenhouse.cz\/index.php\/2019\/07\/01\/baldinini-oslavilo-na-ceskem-trhu-jiz-dvacaty-rok\/"]}]},{"@type":"BreadcrumbList","@id":"https:\/\/womenhouse.cz\/index.php\/2019\/07\/01\/baldinini-oslavilo-na-ceskem-trhu-jiz-dvacaty-rok\/#breadcrumb","itemListElement":[{"@type":"ListItem","position":1,"name":"Dom\u016f","item":"https:\/\/womenhouse.cz\/"},{"@type":"ListItem","position":2,"name":"Baldinini oslavilo na \u010desk\u00e9m trhu ji\u017e dvac\u00e1t\u00fd rok!"}]},{"@type":"WebSite","@id":"https:\/\/womenhouse.cz\/#website","url":"https:\/\/womenhouse.cz\/","name":"WOMENHOUSE.cz","description":"Port\u00e1l v\u00fdhradn\u011b jen pro \u017eeny...","publisher":{"@id":"https:\/\/womenhouse.cz\/#organization"},"potentialAction":[{"@type":"SearchAction","target":{"@type":"EntryPoint","urlTemplate":"https:\/\/womenhouse.cz\/?s={search_term_string}"},"query-input":"required name=search_term_string"}],"inLanguage":"cs"},{"@type":"Organization","@id":"https:\/\/womenhouse.cz\/#organization","name":"WOMENHOUSE.cz","url":"https:\/\/womenhouse.cz\/","logo":{"@type":"ImageObject","inLanguage":"cs","@id":"https:\/\/womenhouse.cz\/#\/schema\/logo\/image\/","url":"https:\/\/womenhouse.cz\/wp-content\/uploads\/2020\/06\/cropped-logo_Womenhouse_RGB-02-removebg-preview-1.png","contentUrl":"https:\/\/womenhouse.cz\/wp-content\/uploads\/2020\/06\/cropped-logo_Womenhouse_RGB-02-removebg-preview-1.png","width":561,"height":375,"caption":"WOMENHOUSE.cz"},"image":{"@id":"https:\/\/womenhouse.cz\/#\/schema\/logo\/image\/"},"sameAs":["https:\/\/www.facebook.com\/womenhousecz","https:\/\/www.instagram.com\/womenhousecz\/"]},{"@type":"Person","@id":"https:\/\/womenhouse.cz\/#\/schema\/person\/541326101f8d68c711e83e8fecc80738","name":"Jolana Hol\u00e1\u0148ov\u00e1","sameAs":["http:\/\/www.womenhouse.cz"],"url":"https:\/\/womenhouse.cz\/index.php\/author\/jolhol\/"}]}},"_links":{"self":[{"href":"https:\/\/womenhouse.cz\/index.php\/wp-json\/wp\/v2\/posts\/298"}],"collection":[{"href":"https:\/\/womenhouse.cz\/index.php\/wp-json\/wp\/v2\/posts"}],"about":[{"href":"https:\/\/womenhouse.cz\/index.php\/wp-json\/wp\/v2\/types\/post"}],"author":[{"embeddable":true,"href":"https:\/\/womenhouse.cz\/index.php\/wp-json\/wp\/v2\/users\/2"}],"replies":[{"embeddable":true,"href":"https:\/\/womenhouse.cz\/index.php\/wp-json\/wp\/v2\/comments?post=298"}],"version-history":[{"count":-2,"href":"https:\/\/womenhouse.cz\/index.php\/wp-json\/wp\/v2\/posts\/298\/revisions"}],"wp:featuredmedia":[{"embeddable":true,"href":"https:\/\/womenhouse.cz\/index.php\/wp-json\/wp\/v2\/media\/299"}],"wp:attachment":[{"href":"https:\/\/womenhouse.cz\/index.php\/wp-json\/wp\/v2\/media?parent=298"}],"wp:term":[{"taxonomy":"category","embeddable":true,"href":"https:\/\/womenhouse.cz\/index.php\/wp-json\/wp\/v2\/categories?post=298"},{"taxonomy":"post_tag","embeddable":true,"href":"https:\/\/womenhouse.cz\/index.php\/wp-json\/wp\/v2\/tags?post=298"}],"curies":[{"name":"wp","href":"https:\/\/api.w.org\/{rel}","templated":true}]}}