{"id":2861,"date":"2020-05-04T00:01:48","date_gmt":"2020-05-03T22:01:48","guid":{"rendered":"http:\/\/womenhouse.cz\/?p=2861"},"modified":"2020-05-12T00:49:23","modified_gmt":"2020-05-11T22:49:23","slug":"soutez-o-balicek-kosmetiky-znacky-mary-kay","status":"publish","type":"post","link":"https:\/\/womenhouse.cz\/index.php\/2020\/05\/04\/soutez-o-balicek-kosmetiky-znacky-mary-kay\/","title":{"rendered":"Sout\u011b\u017e o bal\u00ed\u010dek kosmetiky zna\u010dky Mary Kay"},"content":{"rendered":"\n<p><strong>T\u0159i z v\u00e1s maj\u00ed mo\u017enost vyhr\u00e1t bal\u00ed\u010dek kosmetiky zna\u010dky Mary Kay.<\/strong><\/p>\n\n\n\n<p>V bal\u00ed\u010dku naleznete TimeWise Hydrata\u010dn\u00ed gelovou masku s regenera\u010dn\u00edm \u00fa\u010dinkem a uklid\u0148uj\u00edc\u00ed o\u010dn\u00ed masku.<\/p>\n\n\n\n<div style=\"height:20px\" aria-hidden=\"true\" class=\"wp-block-spacer\"><\/div>\n\n\n\n<p><strong>Sout\u011b\u017en\u00ed ot\u00e1zka:<\/strong><\/p>\n\n\n\n<p><strong>Kter\u00e9 produkty byly v roce 2019 ocen\u011bny Asociac\u00ed viz\u00e1\u017eist\u016f a stylist\u016f \u010cR?<\/strong><\/p>\n\n\n\n<p><strong>a) Gel na obo\u010d\u00ed a Tekut\u00e9 o\u010dn\u00ed linky<\/strong><\/p>\n\n\n\n<p><strong>b) Paleta Perfect Palette a Fixa\u010dn\u00ed gel pod make-up s SPF 15<\/strong><\/p>\n\n\n\n<p><strong>c) Fixa\u010dn\u00ed gel pod make-up s SPF 15 a Gel na obo\u010d\u00ed<\/strong><\/p>\n\n\n\n<p>N\u00e1pov\u011bdu naleznete na webu <a href=\"https:\/\/www.marykay.cz\/cs-cz\/\"><strong>www.marykay.cz<\/strong><\/a>.<\/p>\n\n\n\n<div style=\"height:20px\" aria-hidden=\"true\" class=\"wp-block-spacer\"><\/div>\n\n\n\n<p><strong>Po\u0161lete n\u00e1m spr\u00e1vnou odpov\u011b\u010f, sv\u00e9 jm\u00e9no, adresu a telefon na e-mail: soutez@hmg.cz. Do p\u0159edm\u011btu zpr\u00e1vy napi\u0161te: WOMENHOUSE \u2013 Mary Kay. <\/strong>Ze v\u0161ech do\u0161l\u00fdch email\u016f vyhr\u00e1v\u00e1 spr\u00e1vn\u00e1 odpov\u011b\u010f: 150, 300 a 450, tyto emaily od n\u00e1s obdr\u017e\u00ed v\u00fdhru.<\/p>\n\n\n\n<div style=\"height:20px\" aria-hidden=\"true\" class=\"wp-block-spacer\"><\/div>\n\n\n\n<p><strong>Sout\u011b\u017e trv\u00e1 od 4. 5. \u2013 10. 5. 2020<\/strong><\/p>\n\n\n\n<figure class=\"wp-block-image\"><img loading=\"lazy\" decoding=\"async\" width=\"1024\" height=\"683\" src=\"http:\/\/womenhouse.cz\/wp-content\/uploads\/2020\/05\/attractive-4378274_1920-1024x683.jpg\" alt=\"\" class=\"wp-image-2874\" srcset=\"https:\/\/womenhouse.cz\/wp-content\/uploads\/2020\/05\/attractive-4378274_1920-1024x683.jpg 1024w, https:\/\/womenhouse.cz\/wp-content\/uploads\/2020\/05\/attractive-4378274_1920-300x200.jpg 300w, https:\/\/womenhouse.cz\/wp-content\/uploads\/2020\/05\/attractive-4378274_1920-768x512.jpg 768w, https:\/\/womenhouse.cz\/wp-content\/uploads\/2020\/05\/attractive-4378274_1920.jpg 1920w\" sizes=\"(max-width: 1024px) 100vw, 1024px\" \/><\/figure>\n\n\n\n<p>Na\u0161e ple\u0165 si zaslou\u017e\u00ed p\u00e9\u010di za jak\u00e9koli situace. Obzvl\u00e1\u0161\u0165 v sou\u010dasn\u00e9 dob\u011b trp\u00ed pod rou\u0161kou a nem\u016f\u017ee d\u00fdchat. Dop\u0159ejte j\u00ed proto d\u016fkladnou ve\u010dern\u00ed o\u010distu a pot\u00e9 regeneraci. Na tu se v\u00fdborn\u011b hod\u00ed regenera\u010dn\u00ed maska od zna\u010dky Mary Kay.<\/p>\n\n\n\n<div class=\"wp-block-image\"><figure class=\"aligncenter is-resized\"><img loading=\"lazy\" decoding=\"async\" src=\"http:\/\/womenhouse.cz\/wp-content\/uploads\/2020\/05\/TW-Gelov\u00e1-maska-684x1024.png\" alt=\"\" class=\"wp-image-2870\" width=\"259\" height=\"387\" srcset=\"https:\/\/womenhouse.cz\/wp-content\/uploads\/2020\/05\/TW-Gelov\u00e1-maska-684x1024.png 684w, https:\/\/womenhouse.cz\/wp-content\/uploads\/2020\/05\/TW-Gelov\u00e1-maska-200x300.png 200w, https:\/\/womenhouse.cz\/wp-content\/uploads\/2020\/05\/TW-Gelov\u00e1-maska-768x1150.png 768w, https:\/\/womenhouse.cz\/wp-content\/uploads\/2020\/05\/TW-Gelov\u00e1-maska.png 1179w\" sizes=\"(max-width: 259px) 100vw, 259px\" \/><\/figure><\/div>\n\n\n\n<h4 class=\"wp-block-heading\">TimeWise\u00ae Hydrata\u010dn\u00ed gelov\u00e1 maska s regenera\u010dn\u00edm \u00fa\u010dinkem<\/h4>\n\n\n\n<p>Dop\u0159ejte si ka\u017ed\u00fd t\u00fdden alespo\u0148 10 minut slasti s TimeWise Hydrata\u010dn\u00ed gelovou maskou s regenera\u010dn\u00edm \u00fa\u010dinkem. Je to mal\u00fd z\u00e1zrak, kter\u00fd dok\u00e1\u017ee n\u011bkolik v\u011bc\u00ed najednou, a do va\u0161\u00ed unaven\u00e9 a nam\u00e1han\u00e9 pleti vdechne nov\u00fd \u017eivot. Ple\u0165 se jev\u00ed m\u00e9n\u011b nam\u00e1han\u00e1 a je na dotyk jemn\u011bj\u0161\u00ed a h\u00fd\u010dkan\u00e1.<\/p>\n\n\n\n<div class=\"wp-block-image\"><figure class=\"aligncenter\"><img loading=\"lazy\" decoding=\"async\" width=\"1024\" height=\"767\" src=\"http:\/\/womenhouse.cz\/wp-content\/uploads\/2020\/05\/395737-S54-US-A-2813-INDULGE-EYE-GEL-Master-v4-1024x767.jpg\" alt=\"\" class=\"wp-image-2871\" srcset=\"https:\/\/womenhouse.cz\/wp-content\/uploads\/2020\/05\/395737-S54-US-A-2813-INDULGE-EYE-GEL-Master-v4-1024x767.jpg 1024w, https:\/\/womenhouse.cz\/wp-content\/uploads\/2020\/05\/395737-S54-US-A-2813-INDULGE-EYE-GEL-Master-v4-300x225.jpg 300w, https:\/\/womenhouse.cz\/wp-content\/uploads\/2020\/05\/395737-S54-US-A-2813-INDULGE-EYE-GEL-Master-v4-768x575.jpg 768w\" sizes=\"(max-width: 1024px) 100vw, 1024px\" \/><\/figure><\/div>\n\n\n\n<h4 class=\"wp-block-heading\">Uklid\u0148uj\u00edc\u00ed o\u010dn\u00ed maska<\/h4>\n\n\n\n<p>Uklid\u0148uj\u00edc\u00ed o\u010dn\u00ed maska je vhodn\u00e1 pro citlivou ple\u0165 kolem o\u010d\u00ed. Va\u0161e v\u00ed\u010dka a o\u010dn\u00ed okol\u00ed v\u00e1m pod\u011bkuje za p\u00e9\u010di, kterou jim touto maskou v\u011bnujete. Zamilujte si jej\u00ed hydrata\u010dn\u00ed \u00fa\u010dinky, kter\u00e9 v\u00e1m p\u0159inesou osv\u011b\u017een\u00ed.<\/p>\n\n\n\n<p><strong>V\u00edce informac\u00ed a produkt\u016f naleznete na <\/strong><a href=\"https:\/\/www.marykay.cz\/cs-cz\/\"><strong>www.marykay.cz<\/strong><\/a>.<\/p>\n","protected":false},"excerpt":{"rendered":"<p>T\u0159i z v\u00e1s maj\u00ed mo\u017enost vyhr\u00e1t bal\u00ed\u010dek kosmetiky zna\u010dky Mary Kay. V bal\u00ed\u010dku naleznete TimeWise Hydrata\u010dn\u00ed gelovou masku s regenera\u010dn\u00edm \u00fa\u010dinkem a uklid\u0148uj\u00edc\u00ed o\u010dn\u00ed masku. Sout\u011b\u017en\u00ed ot\u00e1zka: Kter\u00e9 produkty byly v roce 2019 ocen\u011bny Asociac\u00ed viz\u00e1\u017eist\u016f a stylist\u016f \u010cR? a) Gel na obo\u010d\u00ed a Tekut\u00e9 o\u010dn\u00ed linky b) Paleta Perfect Palette a Fixa\u010dn\u00ed gel pod [&hellip;]<\/p>\n","protected":false},"author":4,"featured_media":2870,"comment_status":"closed","ping_status":"closed","sticky":false,"template":"","format":"standard","meta":{"_mi_skip_tracking":false,"_monsterinsights_sitenote_active":false,"_monsterinsights_sitenote_note":"","_monsterinsights_sitenote_category":0,"footnotes":""},"categories":[14],"tags":[],"yoast_head":"<!-- This site is optimized with the Yoast SEO plugin v21.5 - https:\/\/yoast.com\/wordpress\/plugins\/seo\/ -->\n<title>Sout\u011b\u017e o bal\u00ed\u010dek kosmetiky zna\u010dky Mary Kay - WOMENHOUSE.cz<\/title>\n<meta name=\"robots\" content=\"index, follow, max-snippet:-1, max-image-preview:large, max-video-preview:-1\" \/>\n<link rel=\"canonical\" href=\"https:\/\/womenhouse.cz\/index.php\/2020\/05\/04\/soutez-o-balicek-kosmetiky-znacky-mary-kay\/\" \/>\n<meta property=\"og:locale\" content=\"cs_CZ\" \/>\n<meta property=\"og:type\" content=\"article\" \/>\n<meta property=\"og:title\" content=\"Sout\u011b\u017e o bal\u00ed\u010dek kosmetiky zna\u010dky Mary Kay - WOMENHOUSE.cz\" \/>\n<meta property=\"og:description\" content=\"T\u0159i z v\u00e1s maj\u00ed mo\u017enost vyhr\u00e1t bal\u00ed\u010dek kosmetiky zna\u010dky Mary Kay. V bal\u00ed\u010dku naleznete TimeWise Hydrata\u010dn\u00ed gelovou masku s regenera\u010dn\u00edm \u00fa\u010dinkem a uklid\u0148uj\u00edc\u00ed o\u010dn\u00ed masku. Sout\u011b\u017en\u00ed ot\u00e1zka: Kter\u00e9 produkty byly v roce 2019 ocen\u011bny Asociac\u00ed viz\u00e1\u017eist\u016f a stylist\u016f \u010cR? a) Gel na obo\u010d\u00ed a Tekut\u00e9 o\u010dn\u00ed linky b) Paleta Perfect Palette a Fixa\u010dn\u00ed gel pod [&hellip;]\" \/>\n<meta property=\"og:url\" content=\"https:\/\/womenhouse.cz\/index.php\/2020\/05\/04\/soutez-o-balicek-kosmetiky-znacky-mary-kay\/\" \/>\n<meta property=\"og:site_name\" content=\"WOMENHOUSE.cz\" \/>\n<meta property=\"article:publisher\" content=\"https:\/\/www.facebook.com\/womenhousecz\" \/>\n<meta property=\"article:published_time\" content=\"2020-05-03T22:01:48+00:00\" \/>\n<meta property=\"article:modified_time\" content=\"2020-05-11T22:49:23+00:00\" \/>\n<meta property=\"og:image\" content=\"https:\/\/womenhouse.cz\/wp-content\/uploads\/2020\/05\/TW-Gelov\u00e1-maska.png\" \/>\n\t<meta property=\"og:image:width\" content=\"1179\" \/>\n\t<meta property=\"og:image:height\" content=\"1766\" \/>\n\t<meta property=\"og:image:type\" content=\"image\/png\" \/>\n<meta name=\"author\" content=\"Tereza Ol\u0161ansk\u00e1\" \/>\n<meta name=\"twitter:card\" content=\"summary_large_image\" \/>\n<meta name=\"twitter:label1\" content=\"Napsal(a)\" \/>\n\t<meta name=\"twitter:data1\" content=\"Tereza Ol\u0161ansk\u00e1\" \/>\n\t<meta name=\"twitter:label2\" content=\"Odhadovan\u00e1 doba \u010dten\u00ed\" \/>\n\t<meta name=\"twitter:data2\" content=\"2 minuty\" \/>\n<script type=\"application\/ld+json\" class=\"yoast-schema-graph\">{\"@context\":\"https:\/\/schema.org\",\"@graph\":[{\"@type\":\"Article\",\"@id\":\"https:\/\/womenhouse.cz\/index.php\/2020\/05\/04\/soutez-o-balicek-kosmetiky-znacky-mary-kay\/#article\",\"isPartOf\":{\"@id\":\"https:\/\/womenhouse.cz\/index.php\/2020\/05\/04\/soutez-o-balicek-kosmetiky-znacky-mary-kay\/\"},\"author\":{\"name\":\"Tereza Ol\u0161ansk\u00e1\",\"@id\":\"https:\/\/womenhouse.cz\/#\/schema\/person\/7996e860f28b7981c8549b8b43930f5d\"},\"headline\":\"Sout\u011b\u017e o bal\u00ed\u010dek kosmetiky zna\u010dky Mary Kay\",\"datePublished\":\"2020-05-03T22:01:48+00:00\",\"dateModified\":\"2020-05-11T22:49:23+00:00\",\"mainEntityOfPage\":{\"@id\":\"https:\/\/womenhouse.cz\/index.php\/2020\/05\/04\/soutez-o-balicek-kosmetiky-znacky-mary-kay\/\"},\"wordCount\":345,\"publisher\":{\"@id\":\"https:\/\/womenhouse.cz\/#organization\"},\"articleSection\":[\"SOUT\u011a\u017dE\"],\"inLanguage\":\"cs\"},{\"@type\":\"WebPage\",\"@id\":\"https:\/\/womenhouse.cz\/index.php\/2020\/05\/04\/soutez-o-balicek-kosmetiky-znacky-mary-kay\/\",\"url\":\"https:\/\/womenhouse.cz\/index.php\/2020\/05\/04\/soutez-o-balicek-kosmetiky-znacky-mary-kay\/\",\"name\":\"Sout\u011b\u017e o bal\u00ed\u010dek kosmetiky zna\u010dky Mary Kay - WOMENHOUSE.cz\",\"isPartOf\":{\"@id\":\"https:\/\/womenhouse.cz\/#website\"},\"datePublished\":\"2020-05-03T22:01:48+00:00\",\"dateModified\":\"2020-05-11T22:49:23+00:00\",\"breadcrumb\":{\"@id\":\"https:\/\/womenhouse.cz\/index.php\/2020\/05\/04\/soutez-o-balicek-kosmetiky-znacky-mary-kay\/#breadcrumb\"},\"inLanguage\":\"cs\",\"potentialAction\":[{\"@type\":\"ReadAction\",\"target\":[\"https:\/\/womenhouse.cz\/index.php\/2020\/05\/04\/soutez-o-balicek-kosmetiky-znacky-mary-kay\/\"]}]},{\"@type\":\"BreadcrumbList\",\"@id\":\"https:\/\/womenhouse.cz\/index.php\/2020\/05\/04\/soutez-o-balicek-kosmetiky-znacky-mary-kay\/#breadcrumb\",\"itemListElement\":[{\"@type\":\"ListItem\",\"position\":1,\"name\":\"Dom\u016f\",\"item\":\"https:\/\/womenhouse.cz\/\"},{\"@type\":\"ListItem\",\"position\":2,\"name\":\"Sout\u011b\u017e o bal\u00ed\u010dek kosmetiky zna\u010dky Mary Kay\"}]},{\"@type\":\"WebSite\",\"@id\":\"https:\/\/womenhouse.cz\/#website\",\"url\":\"https:\/\/womenhouse.cz\/\",\"name\":\"WOMENHOUSE.cz\",\"description\":\"Port\u00e1l v\u00fdhradn\u011b jen pro \u017eeny...\",\"publisher\":{\"@id\":\"https:\/\/womenhouse.cz\/#organization\"},\"potentialAction\":[{\"@type\":\"SearchAction\",\"target\":{\"@type\":\"EntryPoint\",\"urlTemplate\":\"https:\/\/womenhouse.cz\/?s={search_term_string}\"},\"query-input\":\"required name=search_term_string\"}],\"inLanguage\":\"cs\"},{\"@type\":\"Organization\",\"@id\":\"https:\/\/womenhouse.cz\/#organization\",\"name\":\"WOMENHOUSE.cz\",\"url\":\"https:\/\/womenhouse.cz\/\",\"logo\":{\"@type\":\"ImageObject\",\"inLanguage\":\"cs\",\"@id\":\"https:\/\/womenhouse.cz\/#\/schema\/logo\/image\/\",\"url\":\"https:\/\/womenhouse.cz\/wp-content\/uploads\/2020\/06\/cropped-logo_Womenhouse_RGB-02-removebg-preview-1.png\",\"contentUrl\":\"https:\/\/womenhouse.cz\/wp-content\/uploads\/2020\/06\/cropped-logo_Womenhouse_RGB-02-removebg-preview-1.png\",\"width\":561,\"height\":375,\"caption\":\"WOMENHOUSE.cz\"},\"image\":{\"@id\":\"https:\/\/womenhouse.cz\/#\/schema\/logo\/image\/\"},\"sameAs\":[\"https:\/\/www.facebook.com\/womenhousecz\",\"https:\/\/www.instagram.com\/womenhousecz\/\"]},{\"@type\":\"Person\",\"@id\":\"https:\/\/womenhouse.cz\/#\/schema\/person\/7996e860f28b7981c8549b8b43930f5d\",\"name\":\"Tereza Ol\u0161ansk\u00e1\",\"sameAs\":[\"http:\/\/www.womenhouse.cz\"],\"url\":\"https:\/\/womenhouse.cz\/index.php\/author\/olsat\/\"}]}<\/script>\n<!-- \/ Yoast SEO plugin. -->","yoast_head_json":{"title":"Sout\u011b\u017e o bal\u00ed\u010dek kosmetiky zna\u010dky Mary Kay - WOMENHOUSE.cz","robots":{"index":"index","follow":"follow","max-snippet":"max-snippet:-1","max-image-preview":"max-image-preview:large","max-video-preview":"max-video-preview:-1"},"canonical":"https:\/\/womenhouse.cz\/index.php\/2020\/05\/04\/soutez-o-balicek-kosmetiky-znacky-mary-kay\/","og_locale":"cs_CZ","og_type":"article","og_title":"Sout\u011b\u017e o bal\u00ed\u010dek kosmetiky zna\u010dky Mary Kay - WOMENHOUSE.cz","og_description":"T\u0159i z v\u00e1s maj\u00ed mo\u017enost vyhr\u00e1t bal\u00ed\u010dek kosmetiky zna\u010dky Mary Kay. V bal\u00ed\u010dku naleznete TimeWise Hydrata\u010dn\u00ed gelovou masku s regenera\u010dn\u00edm \u00fa\u010dinkem a uklid\u0148uj\u00edc\u00ed o\u010dn\u00ed masku. Sout\u011b\u017en\u00ed ot\u00e1zka: Kter\u00e9 produkty byly v roce 2019 ocen\u011bny Asociac\u00ed viz\u00e1\u017eist\u016f a stylist\u016f \u010cR? a) Gel na obo\u010d\u00ed a Tekut\u00e9 o\u010dn\u00ed linky b) Paleta Perfect Palette a Fixa\u010dn\u00ed gel pod [&hellip;]","og_url":"https:\/\/womenhouse.cz\/index.php\/2020\/05\/04\/soutez-o-balicek-kosmetiky-znacky-mary-kay\/","og_site_name":"WOMENHOUSE.cz","article_publisher":"https:\/\/www.facebook.com\/womenhousecz","article_published_time":"2020-05-03T22:01:48+00:00","article_modified_time":"2020-05-11T22:49:23+00:00","og_image":[{"width":1179,"height":1766,"url":"https:\/\/womenhouse.cz\/wp-content\/uploads\/2020\/05\/TW-Gelov\u00e1-maska.png","type":"image\/png"}],"author":"Tereza Ol\u0161ansk\u00e1","twitter_card":"summary_large_image","twitter_misc":{"Napsal(a)":"Tereza Ol\u0161ansk\u00e1","Odhadovan\u00e1 doba \u010dten\u00ed":"2 minuty"},"schema":{"@context":"https:\/\/schema.org","@graph":[{"@type":"Article","@id":"https:\/\/womenhouse.cz\/index.php\/2020\/05\/04\/soutez-o-balicek-kosmetiky-znacky-mary-kay\/#article","isPartOf":{"@id":"https:\/\/womenhouse.cz\/index.php\/2020\/05\/04\/soutez-o-balicek-kosmetiky-znacky-mary-kay\/"},"author":{"name":"Tereza Ol\u0161ansk\u00e1","@id":"https:\/\/womenhouse.cz\/#\/schema\/person\/7996e860f28b7981c8549b8b43930f5d"},"headline":"Sout\u011b\u017e o bal\u00ed\u010dek kosmetiky zna\u010dky Mary Kay","datePublished":"2020-05-03T22:01:48+00:00","dateModified":"2020-05-11T22:49:23+00:00","mainEntityOfPage":{"@id":"https:\/\/womenhouse.cz\/index.php\/2020\/05\/04\/soutez-o-balicek-kosmetiky-znacky-mary-kay\/"},"wordCount":345,"publisher":{"@id":"https:\/\/womenhouse.cz\/#organization"},"articleSection":["SOUT\u011a\u017dE"],"inLanguage":"cs"},{"@type":"WebPage","@id":"https:\/\/womenhouse.cz\/index.php\/2020\/05\/04\/soutez-o-balicek-kosmetiky-znacky-mary-kay\/","url":"https:\/\/womenhouse.cz\/index.php\/2020\/05\/04\/soutez-o-balicek-kosmetiky-znacky-mary-kay\/","name":"Sout\u011b\u017e o bal\u00ed\u010dek kosmetiky zna\u010dky Mary Kay - WOMENHOUSE.cz","isPartOf":{"@id":"https:\/\/womenhouse.cz\/#website"},"datePublished":"2020-05-03T22:01:48+00:00","dateModified":"2020-05-11T22:49:23+00:00","breadcrumb":{"@id":"https:\/\/womenhouse.cz\/index.php\/2020\/05\/04\/soutez-o-balicek-kosmetiky-znacky-mary-kay\/#breadcrumb"},"inLanguage":"cs","potentialAction":[{"@type":"ReadAction","target":["https:\/\/womenhouse.cz\/index.php\/2020\/05\/04\/soutez-o-balicek-kosmetiky-znacky-mary-kay\/"]}]},{"@type":"BreadcrumbList","@id":"https:\/\/womenhouse.cz\/index.php\/2020\/05\/04\/soutez-o-balicek-kosmetiky-znacky-mary-kay\/#breadcrumb","itemListElement":[{"@type":"ListItem","position":1,"name":"Dom\u016f","item":"https:\/\/womenhouse.cz\/"},{"@type":"ListItem","position":2,"name":"Sout\u011b\u017e o bal\u00ed\u010dek kosmetiky zna\u010dky Mary Kay"}]},{"@type":"WebSite","@id":"https:\/\/womenhouse.cz\/#website","url":"https:\/\/womenhouse.cz\/","name":"WOMENHOUSE.cz","description":"Port\u00e1l v\u00fdhradn\u011b jen pro \u017eeny...","publisher":{"@id":"https:\/\/womenhouse.cz\/#organization"},"potentialAction":[{"@type":"SearchAction","target":{"@type":"EntryPoint","urlTemplate":"https:\/\/womenhouse.cz\/?s={search_term_string}"},"query-input":"required name=search_term_string"}],"inLanguage":"cs"},{"@type":"Organization","@id":"https:\/\/womenhouse.cz\/#organization","name":"WOMENHOUSE.cz","url":"https:\/\/womenhouse.cz\/","logo":{"@type":"ImageObject","inLanguage":"cs","@id":"https:\/\/womenhouse.cz\/#\/schema\/logo\/image\/","url":"https:\/\/womenhouse.cz\/wp-content\/uploads\/2020\/06\/cropped-logo_Womenhouse_RGB-02-removebg-preview-1.png","contentUrl":"https:\/\/womenhouse.cz\/wp-content\/uploads\/2020\/06\/cropped-logo_Womenhouse_RGB-02-removebg-preview-1.png","width":561,"height":375,"caption":"WOMENHOUSE.cz"},"image":{"@id":"https:\/\/womenhouse.cz\/#\/schema\/logo\/image\/"},"sameAs":["https:\/\/www.facebook.com\/womenhousecz","https:\/\/www.instagram.com\/womenhousecz\/"]},{"@type":"Person","@id":"https:\/\/womenhouse.cz\/#\/schema\/person\/7996e860f28b7981c8549b8b43930f5d","name":"Tereza Ol\u0161ansk\u00e1","sameAs":["http:\/\/www.womenhouse.cz"],"url":"https:\/\/womenhouse.cz\/index.php\/author\/olsat\/"}]}},"_links":{"self":[{"href":"https:\/\/womenhouse.cz\/index.php\/wp-json\/wp\/v2\/posts\/2861"}],"collection":[{"href":"https:\/\/womenhouse.cz\/index.php\/wp-json\/wp\/v2\/posts"}],"about":[{"href":"https:\/\/womenhouse.cz\/index.php\/wp-json\/wp\/v2\/types\/post"}],"author":[{"embeddable":true,"href":"https:\/\/womenhouse.cz\/index.php\/wp-json\/wp\/v2\/users\/4"}],"replies":[{"embeddable":true,"href":"https:\/\/womenhouse.cz\/index.php\/wp-json\/wp\/v2\/comments?post=2861"}],"version-history":[{"count":1,"href":"https:\/\/womenhouse.cz\/index.php\/wp-json\/wp\/v2\/posts\/2861\/revisions"}],"predecessor-version":[{"id":2878,"href":"https:\/\/womenhouse.cz\/index.php\/wp-json\/wp\/v2\/posts\/2861\/revisions\/2878"}],"wp:featuredmedia":[{"embeddable":true,"href":"https:\/\/womenhouse.cz\/index.php\/wp-json\/wp\/v2\/media\/2870"}],"wp:attachment":[{"href":"https:\/\/womenhouse.cz\/index.php\/wp-json\/wp\/v2\/media?parent=2861"}],"wp:term":[{"taxonomy":"category","embeddable":true,"href":"https:\/\/womenhouse.cz\/index.php\/wp-json\/wp\/v2\/categories?post=2861"},{"taxonomy":"post_tag","embeddable":true,"href":"https:\/\/womenhouse.cz\/index.php\/wp-json\/wp\/v2\/tags?post=2861"}],"curies":[{"name":"wp","href":"https:\/\/api.w.org\/{rel}","templated":true}]}}