{"id":2527,"date":"2020-03-12T00:01:15","date_gmt":"2020-03-11T23:01:15","guid":{"rendered":"http:\/\/womenhouse.cz\/?p=2527"},"modified":"2020-05-12T22:15:10","modified_gmt":"2020-05-12T20:15:10","slug":"jakou-rtenku-si-vyberete-pro-letosni-jaro","status":"publish","type":"post","link":"https:\/\/womenhouse.cz\/index.php\/2020\/03\/12\/jakou-rtenku-si-vyberete-pro-letosni-jaro\/","title":{"rendered":"Jakou rt\u011bnku si vyberete pro leto\u0161n\u00ed jaro?"},"content":{"rendered":"\n<p><strong>Jaro si \u017e\u00e1d\u00e1 nov\u00e9 odst\u00edny barev! Pry\u010d s tmav\u00fdmi a matn\u00fdmi odst\u00edny, kter\u00e9 v n\u00e1s evokuj\u00ed studenou zimu. Je \u010das na zm\u011bnu, ALCINA proto p\u0159ich\u00e1z\u00ed s kolekc\u00ed \u201eWhat\u2019s your colour\u201c, kter\u00e1 nab\u00edz\u00ed barvy na rty v \u0161irok\u00e9 palet\u011b t\u00f3n\u016f a v rozmanit\u00fdch textur\u00e1ch, aby si na sv\u00e9 p\u0159i\u0161la ka\u017ed\u00e1 z n\u00e1s. S novou limitkou je toti\u017e v\u0161e mo\u017en\u00e9! <\/strong><\/p>\n\n\n\n<div class=\"wp-block-image\"><figure class=\"aligncenter is-resized\"><img loading=\"lazy\" decoding=\"async\" src=\"http:\/\/womenhouse.cz\/wp-content\/uploads\/2020\/03\/alc-rgb-radiantlipstick-nude-1024x874.jpg\" alt=\"\" class=\"wp-image-2535\" width=\"415\" height=\"354\" srcset=\"https:\/\/womenhouse.cz\/wp-content\/uploads\/2020\/03\/alc-rgb-radiantlipstick-nude-1024x874.jpg 1024w, https:\/\/womenhouse.cz\/wp-content\/uploads\/2020\/03\/alc-rgb-radiantlipstick-nude-300x256.jpg 300w, https:\/\/womenhouse.cz\/wp-content\/uploads\/2020\/03\/alc-rgb-radiantlipstick-nude-768x656.jpg 768w, https:\/\/womenhouse.cz\/wp-content\/uploads\/2020\/03\/alc-rgb-radiantlipstick-nude.jpg 1950w\" sizes=\"(max-width: 415px) 100vw, 415px\" \/><\/figure><\/div>\n\n\n\n<h3 class=\"wp-block-heading\"><strong>P\u0159irozen\u00e9 &amp; z\u00e1\u0159iv\u00e9<\/strong><\/h3>\n\n\n\n<p>Intenzivn\u00ed barevn\u00fd fini\u0161, kter\u00fd na rtech vydr\u017e\u00ed dlouh\u00e9 hodiny, ale p\u0159itom st\u00e1le p\u0159\u00edjemn\u00e1 a vl\u00e1\u010dn\u00e1 textura, kter\u00e1 va\u0161e rty nezat\u00ed\u017e\u00ed \u2013 to je nov\u00e1 rt\u011bnka <strong><a href=\"https:\/\/www.alcina.cz\/radiant-lipstick-rosy-peach\">Radiant Lipstick<\/a><\/strong>. Jej\u00ed brilantn\u00ed jas si d\u00edky decentn\u00edm odst\u00edn\u016fm m\u016f\u017eete u\u017e\u00edvat i p\u0159i ka\u017edodenn\u00edm no\u0161en\u00ed. K dost\u00e1n\u00ed je ve t\u0159ech neodolateln\u00fdch odst\u00ednech.<\/p>\n\n\n\n<ul class=\"wp-block-gallery columns-2 is-cropped wp-block-gallery-1 is-layout-flex wp-block-gallery-is-layout-flex\"><li class=\"blocks-gallery-item\"><figure><img loading=\"lazy\" decoding=\"async\" width=\"683\" height=\"1024\" src=\"http:\/\/womenhouse.cz\/wp-content\/uploads\/2020\/03\/alc-39l-pearly-lipstick-texture-pink-layer1-1-683x1024.jpg\" alt=\"\" data-id=\"2533\" data-link=\"http:\/\/womenhouse.cz\/?attachment_id=2533\" class=\"wp-image-2533\" srcset=\"https:\/\/womenhouse.cz\/wp-content\/uploads\/2020\/03\/alc-39l-pearly-lipstick-texture-pink-layer1-1-683x1024.jpg 683w, https:\/\/womenhouse.cz\/wp-content\/uploads\/2020\/03\/alc-39l-pearly-lipstick-texture-pink-layer1-1-200x300.jpg 200w, https:\/\/womenhouse.cz\/wp-content\/uploads\/2020\/03\/alc-39l-pearly-lipstick-texture-pink-layer1-1-768x1152.jpg 768w, https:\/\/womenhouse.cz\/wp-content\/uploads\/2020\/03\/alc-39l-pearly-lipstick-texture-pink-layer1-1.jpg 1300w\" sizes=\"(max-width: 683px) 100vw, 683px\" \/><\/figure><\/li><li class=\"blocks-gallery-item\"><figure><img loading=\"lazy\" decoding=\"async\" width=\"683\" height=\"1024\" src=\"http:\/\/womenhouse.cz\/wp-content\/uploads\/2020\/03\/alc-39l-pearly-lipstick-texture-melon-layer1-683x1024.jpg\" alt=\"\" data-id=\"2534\" data-link=\"http:\/\/womenhouse.cz\/?attachment_id=2534\" class=\"wp-image-2534\" srcset=\"https:\/\/womenhouse.cz\/wp-content\/uploads\/2020\/03\/alc-39l-pearly-lipstick-texture-melon-layer1-683x1024.jpg 683w, https:\/\/womenhouse.cz\/wp-content\/uploads\/2020\/03\/alc-39l-pearly-lipstick-texture-melon-layer1-200x300.jpg 200w, https:\/\/womenhouse.cz\/wp-content\/uploads\/2020\/03\/alc-39l-pearly-lipstick-texture-melon-layer1-768x1152.jpg 768w, https:\/\/womenhouse.cz\/wp-content\/uploads\/2020\/03\/alc-39l-pearly-lipstick-texture-melon-layer1.jpg 1300w\" sizes=\"(max-width: 683px) 100vw, 683px\" \/><\/figure><\/li><\/ul>\n\n\n\n<h3 class=\"wp-block-heading\"><strong>Perle\u0165 je trendy!<\/strong><\/h3>\n\n\n\n<p>Pro ty, kdo cht\u011bj\u00ed v nov\u00e9 sez\u00f3n\u011b vynikat d\u00edky oslniv\u011b leskl\u00fdm rt\u016fm, je tu rt\u011bnka <strong><a href=\"https:\/\/www.alcina.cz\/pearly-lipstick-melon\">Pearly Lipstick<\/a><\/strong>. Ta se py\u0161n\u00ed slo\u017een\u00edm s multi-reflexn\u00edmi perle\u0165ov\u00fdmi pigmenty, jen\u017e zaru\u010duj\u00ed ultra vysok\u00fd lesk, lehkou a p\u0159\u00edjemnou texturou a st\u0159edn\u00edm kryt\u00edm.  <\/p>\n\n\n\n<div class=\"wp-block-image\"><figure class=\"aligncenter is-resized\"><img loading=\"lazy\" decoding=\"async\" src=\"http:\/\/womenhouse.cz\/wp-content\/uploads\/2020\/03\/alc-rgb-lipshaker-gschlossen-strawberry-1024x917.jpg\" alt=\"\" class=\"wp-image-2536\" width=\"390\" height=\"349\" srcset=\"https:\/\/womenhouse.cz\/wp-content\/uploads\/2020\/03\/alc-rgb-lipshaker-gschlossen-strawberry-1024x917.jpg 1024w, https:\/\/womenhouse.cz\/wp-content\/uploads\/2020\/03\/alc-rgb-lipshaker-gschlossen-strawberry-300x269.jpg 300w, https:\/\/womenhouse.cz\/wp-content\/uploads\/2020\/03\/alc-rgb-lipshaker-gschlossen-strawberry-768x687.jpg 768w\" sizes=\"(max-width: 390px) 100vw, 390px\" \/><\/figure><\/div>\n\n\n\n<h3 class=\"wp-block-heading\"><strong>Seznamte se s&nbsp;Lip Shakerem<\/strong><\/h3>\n\n\n\n<p>Dvouf\u00e1zov\u00fd balz\u00e1m <strong><a href=\"https:\/\/www.alcina.cz\/lip-shaker-strawberry\">Lip Shaker<\/a><\/strong> bude va\u0161e rty h\u00fd\u010dkat a pe\u010dovat o n\u011b a z\u00e1rove\u0148 jim dod\u00e1 jemn\u00e9 transparentn\u00ed t\u00f3nov\u00e1n\u00ed. Vy\u017eivuj\u00edc\u00ed f\u00e1ze na b\u00e1zi oleje se postar\u00e1 o to, aby byly rty v\u017edy jemn\u00e9, a t\u00f3novac\u00ed f\u00e1ze vytvo\u0159\u00ed jemn\u011b barevn\u00fd fini\u0161 s decentn\u00edm leskem. P\u0159ed pou\u017eit\u00edm je nutn\u00e9 produkt dob\u0159e prot\u0159epat, aby se ob\u011b slo\u017eky propojily.  <\/p>\n\n\n\n<figure class=\"wp-block-image\"><img loading=\"lazy\" decoding=\"async\" width=\"1024\" height=\"683\" src=\"http:\/\/womenhouse.cz\/wp-content\/uploads\/2020\/03\/alc-rgb-5-lipstick-textures-1024x683.jpg\" alt=\"\" class=\"wp-image-2528\" srcset=\"https:\/\/womenhouse.cz\/wp-content\/uploads\/2020\/03\/alc-rgb-5-lipstick-textures-1024x683.jpg 1024w, https:\/\/womenhouse.cz\/wp-content\/uploads\/2020\/03\/alc-rgb-5-lipstick-textures-300x200.jpg 300w, https:\/\/womenhouse.cz\/wp-content\/uploads\/2020\/03\/alc-rgb-5-lipstick-textures-768x512.jpg 768w, https:\/\/womenhouse.cz\/wp-content\/uploads\/2020\/03\/alc-rgb-5-lipstick-textures.jpg 1950w\" sizes=\"(max-width: 1024px) 100vw, 1024px\" \/><\/figure>\n\n\n\n<h3 class=\"wp-block-heading\">Tip redakce<\/h3>\n\n\n\n<p>Kone\u010dn\u011b se znovu vrac\u00ed lesk a hravost. N\u00e1s naprosto oslnil Lip Shaker v odst\u00ednu Blackberry. Sice ji\u017e m\u00e1me kabelky pln\u00e9 rt\u011bnek, na tento kousek si ale m\u00edsto najdeme!<\/p>\n\n\n\n<div class=\"wp-block-image\"><figure class=\"aligncenter is-resized\"><img loading=\"lazy\" decoding=\"async\" src=\"http:\/\/womenhouse.cz\/wp-content\/uploads\/2020\/03\/alc-rgb-lipshaker-gschlossen-blackberry-2-365x1024.jpg\" alt=\"\" class=\"wp-image-2537\" width=\"94\" height=\"265\" srcset=\"https:\/\/womenhouse.cz\/wp-content\/uploads\/2020\/03\/alc-rgb-lipshaker-gschlossen-blackberry-2-365x1024.jpg 365w, https:\/\/womenhouse.cz\/wp-content\/uploads\/2020\/03\/alc-rgb-lipshaker-gschlossen-blackberry-2-107x300.jpg 107w, https:\/\/womenhouse.cz\/wp-content\/uploads\/2020\/03\/alc-rgb-lipshaker-gschlossen-blackberry-2-768x2155.jpg 768w, https:\/\/womenhouse.cz\/wp-content\/uploads\/2020\/03\/alc-rgb-lipshaker-gschlossen-blackberry-2.jpg 1069w\" sizes=\"(max-width: 94px) 100vw, 94px\" \/><\/figure><\/div>\n\n\n\n<p><\/p>\n","protected":false},"excerpt":{"rendered":"<p>Jaro si \u017e\u00e1d\u00e1 nov\u00e9 odst\u00edny barev! Pry\u010d s tmav\u00fdmi a matn\u00fdmi odst\u00edny, kter\u00e9 v n\u00e1s evokuj\u00ed studenou zimu. Je \u010das na zm\u011bnu, ALCINA proto p\u0159ich\u00e1z\u00ed s kolekc\u00ed \u201eWhat\u2019s your colour\u201c, kter\u00e1 nab\u00edz\u00ed barvy na rty v \u0161irok\u00e9 palet\u011b t\u00f3n\u016f a v rozmanit\u00fdch textur\u00e1ch, aby si na sv\u00e9 p\u0159i\u0161la ka\u017ed\u00e1 z n\u00e1s. S novou limitkou je [&hellip;]<\/p>\n","protected":false},"author":2,"featured_media":2538,"comment_status":"closed","ping_status":"closed","sticky":false,"template":"","format":"standard","meta":{"_mi_skip_tracking":false,"_monsterinsights_sitenote_active":false,"_monsterinsights_sitenote_note":"","_monsterinsights_sitenote_category":0,"footnotes":""},"categories":[9,2],"tags":[],"yoast_head":"<!-- This site is optimized with the Yoast SEO plugin v21.5 - https:\/\/yoast.com\/wordpress\/plugins\/seo\/ -->\n<title>Jakou rt\u011bnku si vyberete pro leto\u0161n\u00ed jaro? - WOMENHOUSE.cz<\/title>\n<meta name=\"robots\" content=\"index, follow, max-snippet:-1, max-image-preview:large, max-video-preview:-1\" \/>\n<link rel=\"canonical\" href=\"https:\/\/womenhouse.cz\/index.php\/2020\/03\/12\/jakou-rtenku-si-vyberete-pro-letosni-jaro\/\" \/>\n<meta property=\"og:locale\" content=\"cs_CZ\" \/>\n<meta property=\"og:type\" content=\"article\" \/>\n<meta property=\"og:title\" content=\"Jakou rt\u011bnku si vyberete pro leto\u0161n\u00ed jaro? - WOMENHOUSE.cz\" \/>\n<meta property=\"og:description\" content=\"Jaro si \u017e\u00e1d\u00e1 nov\u00e9 odst\u00edny barev! Pry\u010d s tmav\u00fdmi a matn\u00fdmi odst\u00edny, kter\u00e9 v n\u00e1s evokuj\u00ed studenou zimu. Je \u010das na zm\u011bnu, ALCINA proto p\u0159ich\u00e1z\u00ed s kolekc\u00ed \u201eWhat\u2019s your colour\u201c, kter\u00e1 nab\u00edz\u00ed barvy na rty v \u0161irok\u00e9 palet\u011b t\u00f3n\u016f a v rozmanit\u00fdch textur\u00e1ch, aby si na sv\u00e9 p\u0159i\u0161la ka\u017ed\u00e1 z n\u00e1s. S novou limitkou je [&hellip;]\" \/>\n<meta property=\"og:url\" content=\"https:\/\/womenhouse.cz\/index.php\/2020\/03\/12\/jakou-rtenku-si-vyberete-pro-letosni-jaro\/\" \/>\n<meta property=\"og:site_name\" content=\"WOMENHOUSE.cz\" \/>\n<meta property=\"article:publisher\" content=\"https:\/\/www.facebook.com\/womenhousecz\" \/>\n<meta property=\"article:published_time\" content=\"2020-03-11T23:01:15+00:00\" \/>\n<meta property=\"article:modified_time\" content=\"2020-05-12T20:15:10+00:00\" \/>\n<meta property=\"og:image\" content=\"https:\/\/womenhouse.cz\/wp-content\/uploads\/2020\/03\/alc-39l-teo-dekoeye-00196-mensi.jpg\" \/>\n\t<meta property=\"og:image:width\" content=\"1950\" \/>\n\t<meta property=\"og:image:height\" content=\"1463\" \/>\n\t<meta property=\"og:image:type\" content=\"image\/jpeg\" \/>\n<meta name=\"author\" content=\"Jolana Hol\u00e1\u0148ov\u00e1\" \/>\n<meta name=\"twitter:card\" content=\"summary_large_image\" \/>\n<meta name=\"twitter:label1\" content=\"Napsal(a)\" \/>\n\t<meta name=\"twitter:data1\" content=\"Jolana Hol\u00e1\u0148ov\u00e1\" \/>\n\t<meta name=\"twitter:label2\" content=\"Odhadovan\u00e1 doba \u010dten\u00ed\" \/>\n\t<meta name=\"twitter:data2\" content=\"2 minuty\" \/>\n<script type=\"application\/ld+json\" class=\"yoast-schema-graph\">{\"@context\":\"https:\/\/schema.org\",\"@graph\":[{\"@type\":\"Article\",\"@id\":\"https:\/\/womenhouse.cz\/index.php\/2020\/03\/12\/jakou-rtenku-si-vyberete-pro-letosni-jaro\/#article\",\"isPartOf\":{\"@id\":\"https:\/\/womenhouse.cz\/index.php\/2020\/03\/12\/jakou-rtenku-si-vyberete-pro-letosni-jaro\/\"},\"author\":{\"name\":\"Jolana Hol\u00e1\u0148ov\u00e1\",\"@id\":\"https:\/\/womenhouse.cz\/#\/schema\/person\/541326101f8d68c711e83e8fecc80738\"},\"headline\":\"Jakou rt\u011bnku si vyberete pro leto\u0161n\u00ed jaro?\",\"datePublished\":\"2020-03-11T23:01:15+00:00\",\"dateModified\":\"2020-05-12T20:15:10+00:00\",\"mainEntityOfPage\":{\"@id\":\"https:\/\/womenhouse.cz\/index.php\/2020\/03\/12\/jakou-rtenku-si-vyberete-pro-letosni-jaro\/\"},\"wordCount\":333,\"publisher\":{\"@id\":\"https:\/\/womenhouse.cz\/#organization\"},\"articleSection\":[\"KOSMETIKA\",\"NEWS\"],\"inLanguage\":\"cs\"},{\"@type\":\"WebPage\",\"@id\":\"https:\/\/womenhouse.cz\/index.php\/2020\/03\/12\/jakou-rtenku-si-vyberete-pro-letosni-jaro\/\",\"url\":\"https:\/\/womenhouse.cz\/index.php\/2020\/03\/12\/jakou-rtenku-si-vyberete-pro-letosni-jaro\/\",\"name\":\"Jakou rt\u011bnku si vyberete pro leto\u0161n\u00ed jaro? - WOMENHOUSE.cz\",\"isPartOf\":{\"@id\":\"https:\/\/womenhouse.cz\/#website\"},\"datePublished\":\"2020-03-11T23:01:15+00:00\",\"dateModified\":\"2020-05-12T20:15:10+00:00\",\"breadcrumb\":{\"@id\":\"https:\/\/womenhouse.cz\/index.php\/2020\/03\/12\/jakou-rtenku-si-vyberete-pro-letosni-jaro\/#breadcrumb\"},\"inLanguage\":\"cs\",\"potentialAction\":[{\"@type\":\"ReadAction\",\"target\":[\"https:\/\/womenhouse.cz\/index.php\/2020\/03\/12\/jakou-rtenku-si-vyberete-pro-letosni-jaro\/\"]}]},{\"@type\":\"BreadcrumbList\",\"@id\":\"https:\/\/womenhouse.cz\/index.php\/2020\/03\/12\/jakou-rtenku-si-vyberete-pro-letosni-jaro\/#breadcrumb\",\"itemListElement\":[{\"@type\":\"ListItem\",\"position\":1,\"name\":\"Dom\u016f\",\"item\":\"https:\/\/womenhouse.cz\/\"},{\"@type\":\"ListItem\",\"position\":2,\"name\":\"Jakou rt\u011bnku si vyberete pro leto\u0161n\u00ed jaro?\"}]},{\"@type\":\"WebSite\",\"@id\":\"https:\/\/womenhouse.cz\/#website\",\"url\":\"https:\/\/womenhouse.cz\/\",\"name\":\"WOMENHOUSE.cz\",\"description\":\"Port\u00e1l v\u00fdhradn\u011b jen pro \u017eeny...\",\"publisher\":{\"@id\":\"https:\/\/womenhouse.cz\/#organization\"},\"potentialAction\":[{\"@type\":\"SearchAction\",\"target\":{\"@type\":\"EntryPoint\",\"urlTemplate\":\"https:\/\/womenhouse.cz\/?s={search_term_string}\"},\"query-input\":\"required name=search_term_string\"}],\"inLanguage\":\"cs\"},{\"@type\":\"Organization\",\"@id\":\"https:\/\/womenhouse.cz\/#organization\",\"name\":\"WOMENHOUSE.cz\",\"url\":\"https:\/\/womenhouse.cz\/\",\"logo\":{\"@type\":\"ImageObject\",\"inLanguage\":\"cs\",\"@id\":\"https:\/\/womenhouse.cz\/#\/schema\/logo\/image\/\",\"url\":\"https:\/\/womenhouse.cz\/wp-content\/uploads\/2020\/06\/cropped-logo_Womenhouse_RGB-02-removebg-preview-1.png\",\"contentUrl\":\"https:\/\/womenhouse.cz\/wp-content\/uploads\/2020\/06\/cropped-logo_Womenhouse_RGB-02-removebg-preview-1.png\",\"width\":561,\"height\":375,\"caption\":\"WOMENHOUSE.cz\"},\"image\":{\"@id\":\"https:\/\/womenhouse.cz\/#\/schema\/logo\/image\/\"},\"sameAs\":[\"https:\/\/www.facebook.com\/womenhousecz\",\"https:\/\/www.instagram.com\/womenhousecz\/\"]},{\"@type\":\"Person\",\"@id\":\"https:\/\/womenhouse.cz\/#\/schema\/person\/541326101f8d68c711e83e8fecc80738\",\"name\":\"Jolana Hol\u00e1\u0148ov\u00e1\",\"sameAs\":[\"http:\/\/www.womenhouse.cz\"],\"url\":\"https:\/\/womenhouse.cz\/index.php\/author\/jolhol\/\"}]}<\/script>\n<!-- \/ Yoast SEO plugin. -->","yoast_head_json":{"title":"Jakou rt\u011bnku si vyberete pro leto\u0161n\u00ed jaro? - WOMENHOUSE.cz","robots":{"index":"index","follow":"follow","max-snippet":"max-snippet:-1","max-image-preview":"max-image-preview:large","max-video-preview":"max-video-preview:-1"},"canonical":"https:\/\/womenhouse.cz\/index.php\/2020\/03\/12\/jakou-rtenku-si-vyberete-pro-letosni-jaro\/","og_locale":"cs_CZ","og_type":"article","og_title":"Jakou rt\u011bnku si vyberete pro leto\u0161n\u00ed jaro? - WOMENHOUSE.cz","og_description":"Jaro si \u017e\u00e1d\u00e1 nov\u00e9 odst\u00edny barev! Pry\u010d s tmav\u00fdmi a matn\u00fdmi odst\u00edny, kter\u00e9 v n\u00e1s evokuj\u00ed studenou zimu. Je \u010das na zm\u011bnu, ALCINA proto p\u0159ich\u00e1z\u00ed s kolekc\u00ed \u201eWhat\u2019s your colour\u201c, kter\u00e1 nab\u00edz\u00ed barvy na rty v \u0161irok\u00e9 palet\u011b t\u00f3n\u016f a v rozmanit\u00fdch textur\u00e1ch, aby si na sv\u00e9 p\u0159i\u0161la ka\u017ed\u00e1 z n\u00e1s. S novou limitkou je [&hellip;]","og_url":"https:\/\/womenhouse.cz\/index.php\/2020\/03\/12\/jakou-rtenku-si-vyberete-pro-letosni-jaro\/","og_site_name":"WOMENHOUSE.cz","article_publisher":"https:\/\/www.facebook.com\/womenhousecz","article_published_time":"2020-03-11T23:01:15+00:00","article_modified_time":"2020-05-12T20:15:10+00:00","og_image":[{"width":1950,"height":1463,"url":"https:\/\/womenhouse.cz\/wp-content\/uploads\/2020\/03\/alc-39l-teo-dekoeye-00196-mensi.jpg","type":"image\/jpeg"}],"author":"Jolana Hol\u00e1\u0148ov\u00e1","twitter_card":"summary_large_image","twitter_misc":{"Napsal(a)":"Jolana Hol\u00e1\u0148ov\u00e1","Odhadovan\u00e1 doba \u010dten\u00ed":"2 minuty"},"schema":{"@context":"https:\/\/schema.org","@graph":[{"@type":"Article","@id":"https:\/\/womenhouse.cz\/index.php\/2020\/03\/12\/jakou-rtenku-si-vyberete-pro-letosni-jaro\/#article","isPartOf":{"@id":"https:\/\/womenhouse.cz\/index.php\/2020\/03\/12\/jakou-rtenku-si-vyberete-pro-letosni-jaro\/"},"author":{"name":"Jolana Hol\u00e1\u0148ov\u00e1","@id":"https:\/\/womenhouse.cz\/#\/schema\/person\/541326101f8d68c711e83e8fecc80738"},"headline":"Jakou rt\u011bnku si vyberete pro leto\u0161n\u00ed jaro?","datePublished":"2020-03-11T23:01:15+00:00","dateModified":"2020-05-12T20:15:10+00:00","mainEntityOfPage":{"@id":"https:\/\/womenhouse.cz\/index.php\/2020\/03\/12\/jakou-rtenku-si-vyberete-pro-letosni-jaro\/"},"wordCount":333,"publisher":{"@id":"https:\/\/womenhouse.cz\/#organization"},"articleSection":["KOSMETIKA","NEWS"],"inLanguage":"cs"},{"@type":"WebPage","@id":"https:\/\/womenhouse.cz\/index.php\/2020\/03\/12\/jakou-rtenku-si-vyberete-pro-letosni-jaro\/","url":"https:\/\/womenhouse.cz\/index.php\/2020\/03\/12\/jakou-rtenku-si-vyberete-pro-letosni-jaro\/","name":"Jakou rt\u011bnku si vyberete pro leto\u0161n\u00ed jaro? - WOMENHOUSE.cz","isPartOf":{"@id":"https:\/\/womenhouse.cz\/#website"},"datePublished":"2020-03-11T23:01:15+00:00","dateModified":"2020-05-12T20:15:10+00:00","breadcrumb":{"@id":"https:\/\/womenhouse.cz\/index.php\/2020\/03\/12\/jakou-rtenku-si-vyberete-pro-letosni-jaro\/#breadcrumb"},"inLanguage":"cs","potentialAction":[{"@type":"ReadAction","target":["https:\/\/womenhouse.cz\/index.php\/2020\/03\/12\/jakou-rtenku-si-vyberete-pro-letosni-jaro\/"]}]},{"@type":"BreadcrumbList","@id":"https:\/\/womenhouse.cz\/index.php\/2020\/03\/12\/jakou-rtenku-si-vyberete-pro-letosni-jaro\/#breadcrumb","itemListElement":[{"@type":"ListItem","position":1,"name":"Dom\u016f","item":"https:\/\/womenhouse.cz\/"},{"@type":"ListItem","position":2,"name":"Jakou rt\u011bnku si vyberete pro leto\u0161n\u00ed jaro?"}]},{"@type":"WebSite","@id":"https:\/\/womenhouse.cz\/#website","url":"https:\/\/womenhouse.cz\/","name":"WOMENHOUSE.cz","description":"Port\u00e1l v\u00fdhradn\u011b jen pro \u017eeny...","publisher":{"@id":"https:\/\/womenhouse.cz\/#organization"},"potentialAction":[{"@type":"SearchAction","target":{"@type":"EntryPoint","urlTemplate":"https:\/\/womenhouse.cz\/?s={search_term_string}"},"query-input":"required name=search_term_string"}],"inLanguage":"cs"},{"@type":"Organization","@id":"https:\/\/womenhouse.cz\/#organization","name":"WOMENHOUSE.cz","url":"https:\/\/womenhouse.cz\/","logo":{"@type":"ImageObject","inLanguage":"cs","@id":"https:\/\/womenhouse.cz\/#\/schema\/logo\/image\/","url":"https:\/\/womenhouse.cz\/wp-content\/uploads\/2020\/06\/cropped-logo_Womenhouse_RGB-02-removebg-preview-1.png","contentUrl":"https:\/\/womenhouse.cz\/wp-content\/uploads\/2020\/06\/cropped-logo_Womenhouse_RGB-02-removebg-preview-1.png","width":561,"height":375,"caption":"WOMENHOUSE.cz"},"image":{"@id":"https:\/\/womenhouse.cz\/#\/schema\/logo\/image\/"},"sameAs":["https:\/\/www.facebook.com\/womenhousecz","https:\/\/www.instagram.com\/womenhousecz\/"]},{"@type":"Person","@id":"https:\/\/womenhouse.cz\/#\/schema\/person\/541326101f8d68c711e83e8fecc80738","name":"Jolana Hol\u00e1\u0148ov\u00e1","sameAs":["http:\/\/www.womenhouse.cz"],"url":"https:\/\/womenhouse.cz\/index.php\/author\/jolhol\/"}]}},"_links":{"self":[{"href":"https:\/\/womenhouse.cz\/index.php\/wp-json\/wp\/v2\/posts\/2527"}],"collection":[{"href":"https:\/\/womenhouse.cz\/index.php\/wp-json\/wp\/v2\/posts"}],"about":[{"href":"https:\/\/womenhouse.cz\/index.php\/wp-json\/wp\/v2\/types\/post"}],"author":[{"embeddable":true,"href":"https:\/\/womenhouse.cz\/index.php\/wp-json\/wp\/v2\/users\/2"}],"replies":[{"embeddable":true,"href":"https:\/\/womenhouse.cz\/index.php\/wp-json\/wp\/v2\/comments?post=2527"}],"version-history":[{"count":-2,"href":"https:\/\/womenhouse.cz\/index.php\/wp-json\/wp\/v2\/posts\/2527\/revisions"}],"wp:featuredmedia":[{"embeddable":true,"href":"https:\/\/womenhouse.cz\/index.php\/wp-json\/wp\/v2\/media\/2538"}],"wp:attachment":[{"href":"https:\/\/womenhouse.cz\/index.php\/wp-json\/wp\/v2\/media?parent=2527"}],"wp:term":[{"taxonomy":"category","embeddable":true,"href":"https:\/\/womenhouse.cz\/index.php\/wp-json\/wp\/v2\/categories?post=2527"},{"taxonomy":"post_tag","embeddable":true,"href":"https:\/\/womenhouse.cz\/index.php\/wp-json\/wp\/v2\/tags?post=2527"}],"curies":[{"name":"wp","href":"https:\/\/api.w.org\/{rel}","templated":true}]}}