{"id":1763,"date":"2019-12-16T00:01:19","date_gmt":"2019-12-15T23:01:19","guid":{"rendered":"http:\/\/womenhouse.cz\/?p=1763"},"modified":"2020-01-23T23:08:23","modified_gmt":"2020-01-23T22:08:23","slug":"soutez-o-balicek-laku-na-nehty-mavala","status":"publish","type":"post","link":"https:\/\/womenhouse.cz\/index.php\/2019\/12\/16\/soutez-o-balicek-laku-na-nehty-mavala\/","title":{"rendered":"Sout\u011b\u017e o bal\u00ed\u010dek lak\u016f na nehty Mavala"},"content":{"rendered":"\n<p>T\u0159i z v\u00e1s maj\u00ed mo\u017enost vyhr\u00e1t bal\u00ed\u010dek lak\u016f na nehty od zna\u010dky Mavala.<\/p>\n\n\n\n<p>Bal\u00ed\u010dek obsahuje \u0161est unik\u00e1tn\u00edch m\u00f3dn\u00edch barev z nov\u00e9 kolekce.<\/p>\n\n\n\n<p><strong>Sout\u011b\u017en\u00ed ot\u00e1zka:<\/strong><\/p>\n\n\n\n<p><strong>V jak\u00e9 zemi se zrodila zna\u010dka Mavala?<\/strong><\/p>\n\n\n\n<p><strong>a)&nbsp;ve Francii<\/strong><\/p>\n\n\n\n<p><strong>b) V Americe<\/strong><\/p>\n\n\n\n<p><strong>c) ve \u0160v\u00fdcarsku<\/strong><\/p>\n\n\n\n<p><strong>N\u00e1pov\u011bdu naleznete na webu&nbsp;<a href=\"https:\/\/www.mavala.cz\/\">www.mavala.cz<\/a><\/strong><\/p>\n\n\n\n<p><strong>Po\u0161lete n\u00e1m spr\u00e1vnou odpov\u011b\u010f, sv\u00e9 jm\u00e9no, adresu a telefon na e-mail: soutez@hmg.cz. Do p\u0159edm\u011btu zpr\u00e1vy napi\u0161te: WOMENHOUSE &#8211; Mavala. <\/strong>Ze v\u0161ech do\u0161l\u00fdch email\u016f vyhr\u00e1v\u00e1 spr\u00e1vn\u00e1 odpov\u011b\u010f: 100, 200 a 300, tyto maily od n\u00e1s obdr\u017e\u00ed v\u00fdhru.<\/p>\n\n\n\n<p><strong><del>Sout\u011b\u017e trv\u00e1 od 16. 12. &#8211; 22. 12. 2019.<\/del><\/strong><\/p>\n\n\n\n<p>Sout\u011b\u017e byla ukon\u010dena a v\u00fdherci byli kontaktov\u00e1ni e-mailem. <\/p>\n\n\n\n<figure class=\"wp-block-image\"><img decoding=\"async\" src=\"http:\/\/luxuryhouse.cz\/tmp\/13801_0_800_1575205738.jpg\" alt=\"\"\/><\/figure>\n\n\n\n<p><strong>M\u00f3dn\u00ed trendy pro podzim tohoto roku budou pln\u00e9 smyslnosti a \u017eenskosti. Odhaluj\u00ed estetiku, kter\u00e1 se zam\u011b\u0159uje na to, na \u010dem skute\u010dn\u011b z\u00e1le\u017e\u00ed. Na trend, kter\u00fd je podn\u00edcen hodnotami. Na vrcholu tohoto \u017eeb\u0159\u00ed\u010dku stoj\u00ed o\u017eiven\u00ed bur\u017eoazn\u00edch k\u00f3d\u016f 70. let. Jsme sv\u011bdky o\u017eiven\u00ed kodex\u016f bur\u017eoazie tohoto desetilet\u00ed, oslavujeme n\u00e1vrat skute\u010dn\u00fdch hodnot elegance po letech konceptu\u00e1ln\u00ed m\u00f3dy s&nbsp;perfektn\u011b navr\u017een\u00fdmi \u0161aty. M\u00f3da je ctnostn\u011bj\u0161\u00ed a mnohem \u017een\u0161t\u011bj\u0161\u00ed.<\/strong><\/p>\n\n\n\n<p>Nesm\u00edme zapomenout na \u010dernou a b\u00edlou, elegantn\u00ed a \u0161okuj\u00edc\u00ed duo, kter\u00e9 je nad\u010dasov\u00e9 a uklid\u0148uj\u00edc\u00ed z\u00e1rove\u0148. Kter\u00e9 p\u0159in\u00e1\u0161\u00ed posledn\u00ed dotek elegance ke st\u0159\u00edzliv\u00fdm a diskr\u00e9tn\u00edm odst\u00edn\u016fm t\u00e9to sez\u00f3ny. Odhaluj\u00ed nobl m\u00f3dn\u00ed trend m\u011bstsk\u00e9ho vzhledu s&nbsp;n\u00e1dechem stylu Gavroche.<\/p>\n\n\n\n<p>V&nbsp;tomto retrem inspirovan\u00e9m \u0161atn\u00edku je snadno adaptovateln\u00e9, tak\u017ee spl\u0148uje p\u0159\u00e1n\u00ed a rozmary \u017een, kter\u00e9 se sna\u017e\u00ed z\u016fstat samy sebou v&nbsp;modern\u00edm a realistick\u00e9m oble\u010den\u00ed za v\u0161ech okolnost\u00ed.<\/p>\n\n\n\n<p>Podzimn\u00ed kolekce&nbsp;<strong><a href=\"https:\/\/www.fann.cz\/produkty\/retro-color-s\/7176\/13672\">MAVALA RETRO COLOR\u00b4S<\/a>&nbsp;<\/strong>\u010derp\u00e1 inspiraci z tohoto elegantn\u00edho trendu, doprov\u00e1zen\u00fd p\u0159irozenost\u00ed ka\u017ed\u00e9 \u017eeny. Nezbytn\u00fd \u0161atn\u00edk, kter\u00fd d\u00e1 t\u011blu i stylu jako pohodl\u00ed, tak n\u00e1dech sv\u00e1d\u011bn\u00ed.<\/p>\n\n\n\n<div class=\"wp-block-image\"><figure class=\"aligncenter is-resized\"><img loading=\"lazy\" decoding=\"async\" src=\"http:\/\/womenhouse.cz\/wp-content\/uploads\/2019\/11\/004-Abu-Dhabi-510x1024.jpg\" alt=\"\" class=\"wp-image-1518\" width=\"200\" height=\"401\" srcset=\"https:\/\/womenhouse.cz\/wp-content\/uploads\/2019\/11\/004-Abu-Dhabi-510x1024.jpg 510w, https:\/\/womenhouse.cz\/wp-content\/uploads\/2019\/11\/004-Abu-Dhabi-149x300.jpg 149w, https:\/\/womenhouse.cz\/wp-content\/uploads\/2019\/11\/004-Abu-Dhabi-768x1543.jpg 768w, https:\/\/womenhouse.cz\/wp-content\/uploads\/2019\/11\/004-Abu-Dhabi.jpg 852w\" sizes=\"(max-width: 200px) 100vw, 200px\" \/><figcaption><br><strong>ABU DHABI ?<\/strong><\/figcaption><\/figure><\/div>\n\n\n\n<p>Intenzivn\u011b b\u00edl\u00e1, jako neposkvrn\u011bn\u00e1 kopule orient\u00e1ln\u00edho pal\u00e1ce oz\u00e1\u0159en\u00e1 paprsky slunce.<\/p>\n\n\n\n<div class=\"wp-block-image\"><figure class=\"aligncenter is-resized\"><img loading=\"lazy\" decoding=\"async\" src=\"http:\/\/womenhouse.cz\/wp-content\/uploads\/2019\/11\/005-Maputo-510x1024.jpg\" alt=\"\" class=\"wp-image-1519\" width=\"199\" height=\"398\"\/><figcaption><br><strong>MAPUTO<\/strong><\/figcaption><\/figure><\/div>\n\n\n\n<p>Tmav\u011b hn\u011bd\u00e1 s n\u00e1dechem terakoty, kter\u00e1 v\u00e1s vyb\u00edz\u00ed k \u00fat\u011bku do srdce tajemn\u00e9 savany.<\/p>\n\n\n\n<div class=\"wp-block-image\"><figure class=\"aligncenter is-resized\"><img loading=\"lazy\" decoding=\"async\" src=\"http:\/\/womenhouse.cz\/wp-content\/uploads\/2019\/11\/021-Tunis-510x1024.jpg\" alt=\"\" class=\"wp-image-1520\" width=\"198\" height=\"397\" srcset=\"https:\/\/womenhouse.cz\/wp-content\/uploads\/2019\/11\/021-Tunis-510x1024.jpg 510w, https:\/\/womenhouse.cz\/wp-content\/uploads\/2019\/11\/021-Tunis-149x300.jpg 149w, https:\/\/womenhouse.cz\/wp-content\/uploads\/2019\/11\/021-Tunis-768x1543.jpg 768w, https:\/\/womenhouse.cz\/wp-content\/uploads\/2019\/11\/021-Tunis.jpg 852w\" sizes=\"(max-width: 198px) 100vw, 198px\" \/><figcaption><br><strong>TUNIS<\/strong><\/figcaption><\/figure><\/div>\n\n\n\n<p>B\u00e9\u017eov\u00e1 s dotekem okru, jako ho\u0159\u00edc\u00ed pou\u0161tn\u00ed slunce.<\/p>\n\n\n\n<div class=\"wp-block-image\"><figure class=\"aligncenter is-resized\"><img loading=\"lazy\" decoding=\"async\" src=\"http:\/\/womenhouse.cz\/wp-content\/uploads\/2019\/11\/035-Quito-510x1024.jpg\" alt=\"\" class=\"wp-image-1521\" width=\"202\" height=\"404\"\/><figcaption><br><strong>QUITO<\/strong><\/figcaption><\/figure><\/div>\n\n\n\n<p>Tmav\u00e1 a t\u0159pytiv\u00e1 \u010derven\u00e1, kouzeln\u00e1 jako sv\u011btlo rovn\u00edkov\u00e9 oblohy.<br><\/p>\n\n\n\n<div class=\"wp-block-image\"><figure class=\"aligncenter is-resized\"><img loading=\"lazy\" decoding=\"async\" src=\"http:\/\/womenhouse.cz\/wp-content\/uploads\/2019\/11\/036-Karachi-510x1024.jpg\" alt=\"\" class=\"wp-image-1522\" width=\"201\" height=\"404\" srcset=\"https:\/\/womenhouse.cz\/wp-content\/uploads\/2019\/11\/036-Karachi-510x1024.jpg 510w, https:\/\/womenhouse.cz\/wp-content\/uploads\/2019\/11\/036-Karachi-149x300.jpg 149w, https:\/\/womenhouse.cz\/wp-content\/uploads\/2019\/11\/036-Karachi-768x1543.jpg 768w, https:\/\/womenhouse.cz\/wp-content\/uploads\/2019\/11\/036-Karachi.jpg 852w\" sizes=\"(max-width: 201px) 100vw, 201px\" \/><figcaption><br><strong>KARACHI ?<\/strong><\/figcaption><\/figure><\/div>\n\n\n\n<p>Lehce luminiscen\u010dn\u00ed ultrafialov\u00e1, z\u00e1hadn\u00e1 jako poklad ztracen\u00e9 civilizace.<br><\/p>\n\n\n\n<div class=\"wp-block-image\"><figure class=\"aligncenter is-resized\"><img loading=\"lazy\" decoding=\"async\" src=\"http:\/\/womenhouse.cz\/wp-content\/uploads\/2019\/11\/039-Bruxelles-510x1024.jpg\" alt=\"\" class=\"wp-image-1523\" width=\"201\" height=\"404\" srcset=\"https:\/\/womenhouse.cz\/wp-content\/uploads\/2019\/11\/039-Bruxelles-510x1024.jpg 510w, https:\/\/womenhouse.cz\/wp-content\/uploads\/2019\/11\/039-Bruxelles-149x300.jpg 149w, https:\/\/womenhouse.cz\/wp-content\/uploads\/2019\/11\/039-Bruxelles-768x1543.jpg 768w, https:\/\/womenhouse.cz\/wp-content\/uploads\/2019\/11\/039-Bruxelles.jpg 852w\" sizes=\"(max-width: 201px) 100vw, 201px\" \/><figcaption><br><strong>BRUXELLES<\/strong><\/figcaption><\/figure><\/div>\n\n\n\n<p>Nad\u010dasov\u011b \u0161ed\u00e1, konej\u0161iv\u00e1 m\u011bkkost uprost\u0159ed zimy.<\/p>\n\n\n\n<p><strong>Laky na nehty lze zakoupit ve v\u0161ech prodejn\u00e1ch parfumeri\u00ed FAnn a na&nbsp;<a href=\"https:\/\/www.fann.cz\/\">www.fann.cz<\/a>.<\/strong><\/p>\n","protected":false},"excerpt":{"rendered":"<p>T\u0159i z v\u00e1s maj\u00ed mo\u017enost vyhr\u00e1t bal\u00ed\u010dek lak\u016f na nehty od zna\u010dky Mavala. Bal\u00ed\u010dek obsahuje \u0161est unik\u00e1tn\u00edch m\u00f3dn\u00edch barev z nov\u00e9 kolekce. Sout\u011b\u017en\u00ed ot\u00e1zka: V jak\u00e9 zemi se zrodila zna\u010dka Mavala? a)&nbsp;ve Francii b) V Americe c) ve \u0160v\u00fdcarsku N\u00e1pov\u011bdu naleznete na webu&nbsp;www.mavala.cz Po\u0161lete n\u00e1m spr\u00e1vnou odpov\u011b\u010f, sv\u00e9 jm\u00e9no, adresu a telefon na e-mail: soutez@hmg.cz. [&hellip;]<\/p>\n","protected":false},"author":2,"featured_media":1517,"comment_status":"closed","ping_status":"closed","sticky":false,"template":"","format":"standard","meta":{"_mi_skip_tracking":false,"_monsterinsights_sitenote_active":false,"_monsterinsights_sitenote_note":"","_monsterinsights_sitenote_category":0,"footnotes":""},"categories":[14],"tags":[],"yoast_head":"<!-- This site is optimized with the Yoast SEO plugin v21.5 - https:\/\/yoast.com\/wordpress\/plugins\/seo\/ -->\n<title>Sout\u011b\u017e o bal\u00ed\u010dek lak\u016f na nehty Mavala - WOMENHOUSE.cz<\/title>\n<meta name=\"robots\" content=\"index, follow, max-snippet:-1, max-image-preview:large, max-video-preview:-1\" \/>\n<link rel=\"canonical\" href=\"https:\/\/womenhouse.cz\/index.php\/2019\/12\/16\/soutez-o-balicek-laku-na-nehty-mavala\/\" \/>\n<meta property=\"og:locale\" content=\"cs_CZ\" \/>\n<meta property=\"og:type\" content=\"article\" \/>\n<meta property=\"og:title\" content=\"Sout\u011b\u017e o bal\u00ed\u010dek lak\u016f na nehty Mavala - WOMENHOUSE.cz\" \/>\n<meta property=\"og:description\" content=\"T\u0159i z v\u00e1s maj\u00ed mo\u017enost vyhr\u00e1t bal\u00ed\u010dek lak\u016f na nehty od zna\u010dky Mavala. Bal\u00ed\u010dek obsahuje \u0161est unik\u00e1tn\u00edch m\u00f3dn\u00edch barev z nov\u00e9 kolekce. Sout\u011b\u017en\u00ed ot\u00e1zka: V jak\u00e9 zemi se zrodila zna\u010dka Mavala? a)&nbsp;ve Francii b) V Americe c) ve \u0160v\u00fdcarsku N\u00e1pov\u011bdu naleznete na webu&nbsp;www.mavala.cz Po\u0161lete n\u00e1m spr\u00e1vnou odpov\u011b\u010f, sv\u00e9 jm\u00e9no, adresu a telefon na e-mail: soutez@hmg.cz. [&hellip;]\" \/>\n<meta property=\"og:url\" content=\"https:\/\/womenhouse.cz\/index.php\/2019\/12\/16\/soutez-o-balicek-laku-na-nehty-mavala\/\" \/>\n<meta property=\"og:site_name\" content=\"WOMENHOUSE.cz\" \/>\n<meta property=\"article:publisher\" content=\"https:\/\/www.facebook.com\/womenhousecz\" \/>\n<meta property=\"article:published_time\" content=\"2019-12-15T23:01:19+00:00\" \/>\n<meta property=\"article:modified_time\" content=\"2020-01-23T22:08:23+00:00\" \/>\n<meta property=\"og:image\" content=\"https:\/\/womenhouse.cz\/wp-content\/uploads\/2019\/11\/Retro-Colors-Collection.jpg\" \/>\n\t<meta property=\"og:image:width\" content=\"1950\" \/>\n\t<meta property=\"og:image:height\" content=\"857\" \/>\n\t<meta property=\"og:image:type\" content=\"image\/jpeg\" \/>\n<meta name=\"author\" content=\"Jolana Hol\u00e1\u0148ov\u00e1\" \/>\n<meta name=\"twitter:card\" content=\"summary_large_image\" \/>\n<meta name=\"twitter:label1\" content=\"Napsal(a)\" \/>\n\t<meta name=\"twitter:data1\" content=\"Jolana Hol\u00e1\u0148ov\u00e1\" \/>\n\t<meta name=\"twitter:label2\" content=\"Odhadovan\u00e1 doba \u010dten\u00ed\" \/>\n\t<meta name=\"twitter:data2\" content=\"2 minuty\" \/>\n<script type=\"application\/ld+json\" class=\"yoast-schema-graph\">{\"@context\":\"https:\/\/schema.org\",\"@graph\":[{\"@type\":\"Article\",\"@id\":\"https:\/\/womenhouse.cz\/index.php\/2019\/12\/16\/soutez-o-balicek-laku-na-nehty-mavala\/#article\",\"isPartOf\":{\"@id\":\"https:\/\/womenhouse.cz\/index.php\/2019\/12\/16\/soutez-o-balicek-laku-na-nehty-mavala\/\"},\"author\":{\"name\":\"Jolana Hol\u00e1\u0148ov\u00e1\",\"@id\":\"https:\/\/womenhouse.cz\/#\/schema\/person\/541326101f8d68c711e83e8fecc80738\"},\"headline\":\"Sout\u011b\u017e o bal\u00ed\u010dek lak\u016f na nehty Mavala\",\"datePublished\":\"2019-12-15T23:01:19+00:00\",\"dateModified\":\"2020-01-23T22:08:23+00:00\",\"mainEntityOfPage\":{\"@id\":\"https:\/\/womenhouse.cz\/index.php\/2019\/12\/16\/soutez-o-balicek-laku-na-nehty-mavala\/\"},\"wordCount\":468,\"publisher\":{\"@id\":\"https:\/\/womenhouse.cz\/#organization\"},\"articleSection\":[\"SOUT\u011a\u017dE\"],\"inLanguage\":\"cs\"},{\"@type\":\"WebPage\",\"@id\":\"https:\/\/womenhouse.cz\/index.php\/2019\/12\/16\/soutez-o-balicek-laku-na-nehty-mavala\/\",\"url\":\"https:\/\/womenhouse.cz\/index.php\/2019\/12\/16\/soutez-o-balicek-laku-na-nehty-mavala\/\",\"name\":\"Sout\u011b\u017e o bal\u00ed\u010dek lak\u016f na nehty Mavala - WOMENHOUSE.cz\",\"isPartOf\":{\"@id\":\"https:\/\/womenhouse.cz\/#website\"},\"datePublished\":\"2019-12-15T23:01:19+00:00\",\"dateModified\":\"2020-01-23T22:08:23+00:00\",\"breadcrumb\":{\"@id\":\"https:\/\/womenhouse.cz\/index.php\/2019\/12\/16\/soutez-o-balicek-laku-na-nehty-mavala\/#breadcrumb\"},\"inLanguage\":\"cs\",\"potentialAction\":[{\"@type\":\"ReadAction\",\"target\":[\"https:\/\/womenhouse.cz\/index.php\/2019\/12\/16\/soutez-o-balicek-laku-na-nehty-mavala\/\"]}]},{\"@type\":\"BreadcrumbList\",\"@id\":\"https:\/\/womenhouse.cz\/index.php\/2019\/12\/16\/soutez-o-balicek-laku-na-nehty-mavala\/#breadcrumb\",\"itemListElement\":[{\"@type\":\"ListItem\",\"position\":1,\"name\":\"Dom\u016f\",\"item\":\"https:\/\/womenhouse.cz\/\"},{\"@type\":\"ListItem\",\"position\":2,\"name\":\"Sout\u011b\u017e o bal\u00ed\u010dek lak\u016f na nehty Mavala\"}]},{\"@type\":\"WebSite\",\"@id\":\"https:\/\/womenhouse.cz\/#website\",\"url\":\"https:\/\/womenhouse.cz\/\",\"name\":\"WOMENHOUSE.cz\",\"description\":\"Port\u00e1l v\u00fdhradn\u011b jen pro \u017eeny...\",\"publisher\":{\"@id\":\"https:\/\/womenhouse.cz\/#organization\"},\"potentialAction\":[{\"@type\":\"SearchAction\",\"target\":{\"@type\":\"EntryPoint\",\"urlTemplate\":\"https:\/\/womenhouse.cz\/?s={search_term_string}\"},\"query-input\":\"required name=search_term_string\"}],\"inLanguage\":\"cs\"},{\"@type\":\"Organization\",\"@id\":\"https:\/\/womenhouse.cz\/#organization\",\"name\":\"WOMENHOUSE.cz\",\"url\":\"https:\/\/womenhouse.cz\/\",\"logo\":{\"@type\":\"ImageObject\",\"inLanguage\":\"cs\",\"@id\":\"https:\/\/womenhouse.cz\/#\/schema\/logo\/image\/\",\"url\":\"https:\/\/womenhouse.cz\/wp-content\/uploads\/2020\/06\/cropped-logo_Womenhouse_RGB-02-removebg-preview-1.png\",\"contentUrl\":\"https:\/\/womenhouse.cz\/wp-content\/uploads\/2020\/06\/cropped-logo_Womenhouse_RGB-02-removebg-preview-1.png\",\"width\":561,\"height\":375,\"caption\":\"WOMENHOUSE.cz\"},\"image\":{\"@id\":\"https:\/\/womenhouse.cz\/#\/schema\/logo\/image\/\"},\"sameAs\":[\"https:\/\/www.facebook.com\/womenhousecz\",\"https:\/\/www.instagram.com\/womenhousecz\/\"]},{\"@type\":\"Person\",\"@id\":\"https:\/\/womenhouse.cz\/#\/schema\/person\/541326101f8d68c711e83e8fecc80738\",\"name\":\"Jolana Hol\u00e1\u0148ov\u00e1\",\"sameAs\":[\"http:\/\/www.womenhouse.cz\"],\"url\":\"https:\/\/womenhouse.cz\/index.php\/author\/jolhol\/\"}]}<\/script>\n<!-- \/ Yoast SEO plugin. -->","yoast_head_json":{"title":"Sout\u011b\u017e o bal\u00ed\u010dek lak\u016f na nehty Mavala - WOMENHOUSE.cz","robots":{"index":"index","follow":"follow","max-snippet":"max-snippet:-1","max-image-preview":"max-image-preview:large","max-video-preview":"max-video-preview:-1"},"canonical":"https:\/\/womenhouse.cz\/index.php\/2019\/12\/16\/soutez-o-balicek-laku-na-nehty-mavala\/","og_locale":"cs_CZ","og_type":"article","og_title":"Sout\u011b\u017e o bal\u00ed\u010dek lak\u016f na nehty Mavala - WOMENHOUSE.cz","og_description":"T\u0159i z v\u00e1s maj\u00ed mo\u017enost vyhr\u00e1t bal\u00ed\u010dek lak\u016f na nehty od zna\u010dky Mavala. Bal\u00ed\u010dek obsahuje \u0161est unik\u00e1tn\u00edch m\u00f3dn\u00edch barev z nov\u00e9 kolekce. Sout\u011b\u017en\u00ed ot\u00e1zka: V jak\u00e9 zemi se zrodila zna\u010dka Mavala? a)&nbsp;ve Francii b) V Americe c) ve \u0160v\u00fdcarsku N\u00e1pov\u011bdu naleznete na webu&nbsp;www.mavala.cz Po\u0161lete n\u00e1m spr\u00e1vnou odpov\u011b\u010f, sv\u00e9 jm\u00e9no, adresu a telefon na e-mail: soutez@hmg.cz. [&hellip;]","og_url":"https:\/\/womenhouse.cz\/index.php\/2019\/12\/16\/soutez-o-balicek-laku-na-nehty-mavala\/","og_site_name":"WOMENHOUSE.cz","article_publisher":"https:\/\/www.facebook.com\/womenhousecz","article_published_time":"2019-12-15T23:01:19+00:00","article_modified_time":"2020-01-23T22:08:23+00:00","og_image":[{"width":1950,"height":857,"url":"https:\/\/womenhouse.cz\/wp-content\/uploads\/2019\/11\/Retro-Colors-Collection.jpg","type":"image\/jpeg"}],"author":"Jolana Hol\u00e1\u0148ov\u00e1","twitter_card":"summary_large_image","twitter_misc":{"Napsal(a)":"Jolana Hol\u00e1\u0148ov\u00e1","Odhadovan\u00e1 doba \u010dten\u00ed":"2 minuty"},"schema":{"@context":"https:\/\/schema.org","@graph":[{"@type":"Article","@id":"https:\/\/womenhouse.cz\/index.php\/2019\/12\/16\/soutez-o-balicek-laku-na-nehty-mavala\/#article","isPartOf":{"@id":"https:\/\/womenhouse.cz\/index.php\/2019\/12\/16\/soutez-o-balicek-laku-na-nehty-mavala\/"},"author":{"name":"Jolana Hol\u00e1\u0148ov\u00e1","@id":"https:\/\/womenhouse.cz\/#\/schema\/person\/541326101f8d68c711e83e8fecc80738"},"headline":"Sout\u011b\u017e o bal\u00ed\u010dek lak\u016f na nehty Mavala","datePublished":"2019-12-15T23:01:19+00:00","dateModified":"2020-01-23T22:08:23+00:00","mainEntityOfPage":{"@id":"https:\/\/womenhouse.cz\/index.php\/2019\/12\/16\/soutez-o-balicek-laku-na-nehty-mavala\/"},"wordCount":468,"publisher":{"@id":"https:\/\/womenhouse.cz\/#organization"},"articleSection":["SOUT\u011a\u017dE"],"inLanguage":"cs"},{"@type":"WebPage","@id":"https:\/\/womenhouse.cz\/index.php\/2019\/12\/16\/soutez-o-balicek-laku-na-nehty-mavala\/","url":"https:\/\/womenhouse.cz\/index.php\/2019\/12\/16\/soutez-o-balicek-laku-na-nehty-mavala\/","name":"Sout\u011b\u017e o bal\u00ed\u010dek lak\u016f na nehty Mavala - WOMENHOUSE.cz","isPartOf":{"@id":"https:\/\/womenhouse.cz\/#website"},"datePublished":"2019-12-15T23:01:19+00:00","dateModified":"2020-01-23T22:08:23+00:00","breadcrumb":{"@id":"https:\/\/womenhouse.cz\/index.php\/2019\/12\/16\/soutez-o-balicek-laku-na-nehty-mavala\/#breadcrumb"},"inLanguage":"cs","potentialAction":[{"@type":"ReadAction","target":["https:\/\/womenhouse.cz\/index.php\/2019\/12\/16\/soutez-o-balicek-laku-na-nehty-mavala\/"]}]},{"@type":"BreadcrumbList","@id":"https:\/\/womenhouse.cz\/index.php\/2019\/12\/16\/soutez-o-balicek-laku-na-nehty-mavala\/#breadcrumb","itemListElement":[{"@type":"ListItem","position":1,"name":"Dom\u016f","item":"https:\/\/womenhouse.cz\/"},{"@type":"ListItem","position":2,"name":"Sout\u011b\u017e o bal\u00ed\u010dek lak\u016f na nehty Mavala"}]},{"@type":"WebSite","@id":"https:\/\/womenhouse.cz\/#website","url":"https:\/\/womenhouse.cz\/","name":"WOMENHOUSE.cz","description":"Port\u00e1l v\u00fdhradn\u011b jen pro \u017eeny...","publisher":{"@id":"https:\/\/womenhouse.cz\/#organization"},"potentialAction":[{"@type":"SearchAction","target":{"@type":"EntryPoint","urlTemplate":"https:\/\/womenhouse.cz\/?s={search_term_string}"},"query-input":"required name=search_term_string"}],"inLanguage":"cs"},{"@type":"Organization","@id":"https:\/\/womenhouse.cz\/#organization","name":"WOMENHOUSE.cz","url":"https:\/\/womenhouse.cz\/","logo":{"@type":"ImageObject","inLanguage":"cs","@id":"https:\/\/womenhouse.cz\/#\/schema\/logo\/image\/","url":"https:\/\/womenhouse.cz\/wp-content\/uploads\/2020\/06\/cropped-logo_Womenhouse_RGB-02-removebg-preview-1.png","contentUrl":"https:\/\/womenhouse.cz\/wp-content\/uploads\/2020\/06\/cropped-logo_Womenhouse_RGB-02-removebg-preview-1.png","width":561,"height":375,"caption":"WOMENHOUSE.cz"},"image":{"@id":"https:\/\/womenhouse.cz\/#\/schema\/logo\/image\/"},"sameAs":["https:\/\/www.facebook.com\/womenhousecz","https:\/\/www.instagram.com\/womenhousecz\/"]},{"@type":"Person","@id":"https:\/\/womenhouse.cz\/#\/schema\/person\/541326101f8d68c711e83e8fecc80738","name":"Jolana Hol\u00e1\u0148ov\u00e1","sameAs":["http:\/\/www.womenhouse.cz"],"url":"https:\/\/womenhouse.cz\/index.php\/author\/jolhol\/"}]}},"_links":{"self":[{"href":"https:\/\/womenhouse.cz\/index.php\/wp-json\/wp\/v2\/posts\/1763"}],"collection":[{"href":"https:\/\/womenhouse.cz\/index.php\/wp-json\/wp\/v2\/posts"}],"about":[{"href":"https:\/\/womenhouse.cz\/index.php\/wp-json\/wp\/v2\/types\/post"}],"author":[{"embeddable":true,"href":"https:\/\/womenhouse.cz\/index.php\/wp-json\/wp\/v2\/users\/2"}],"replies":[{"embeddable":true,"href":"https:\/\/womenhouse.cz\/index.php\/wp-json\/wp\/v2\/comments?post=1763"}],"version-history":[{"count":-3,"href":"https:\/\/womenhouse.cz\/index.php\/wp-json\/wp\/v2\/posts\/1763\/revisions"}],"wp:featuredmedia":[{"embeddable":true,"href":"https:\/\/womenhouse.cz\/index.php\/wp-json\/wp\/v2\/media\/1517"}],"wp:attachment":[{"href":"https:\/\/womenhouse.cz\/index.php\/wp-json\/wp\/v2\/media?parent=1763"}],"wp:term":[{"taxonomy":"category","embeddable":true,"href":"https:\/\/womenhouse.cz\/index.php\/wp-json\/wp\/v2\/categories?post=1763"},{"taxonomy":"post_tag","embeddable":true,"href":"https:\/\/womenhouse.cz\/index.php\/wp-json\/wp\/v2\/tags?post=1763"}],"curies":[{"name":"wp","href":"https:\/\/api.w.org\/{rel}","templated":true}]}}