{"id":17019,"date":"2026-04-27T00:01:00","date_gmt":"2026-04-26T22:01:00","guid":{"rendered":"https:\/\/womenhouse.cz\/?p=17019"},"modified":"2026-04-27T03:42:38","modified_gmt":"2026-04-27T01:42:38","slug":"diagnosticke-dny-s-kerastase-v-salonech-klier","status":"publish","type":"post","link":"https:\/\/womenhouse.cz\/index.php\/2026\/04\/27\/diagnosticke-dny-s-kerastase-v-salonech-klier\/","title":{"rendered":"Diagnostick\u00e9 dny s K\u00e9rastase v sal\u00f3nech Klier"},"content":{"rendered":"\n<div style=\"height:45px\" aria-hidden=\"true\" class=\"wp-block-spacer\"><\/div>\n\n\n\n<p class=\"has-medium-font-size\"><strong>Na\u0161e vlasy si \u017e\u00e1daj\u00ed p\u00e9\u010di, ale ne v\u017edy p\u0159esn\u011b v\u00edme, jakou. Ka\u017ed\u00e9 vlasy jsou jin\u00e9 a jinak reaguj\u00ed na stres, v\u011bk, ro\u010dn\u00ed obdob\u00ed i \u017eivotn\u00ed styl. Pr\u00e1v\u011b proto vznikly diagnostick\u00e9 dny s K\u00e9rastase, kter\u00e9 jdou mnohem hloub\u011bji ne\u017e b\u011b\u017en\u00e1 p\u00e9\u010de. Tak si je u\u017eijte ve vybran\u00fdch salonech <a href=\"https:\/\/www.klier.cz\/\">Klier \u010cR<\/a> a Cut&amp;Color.<\/strong><\/p>\n\n\n\n<div style=\"height:45px\" aria-hidden=\"true\" class=\"wp-block-spacer\"><\/div>\n\n\n<div class=\"wp-block-image\">\n<figure class=\"aligncenter size-full\"><img decoding=\"async\" src=\"https:\/\/celebrityhouse.cz\/wp-content\/uploads\/2026\/04\/Klier.cz_2.jpg\" alt=\"Klier\" class=\"wp-image-14052\" \/><\/figure><\/div>\n\n\n<div style=\"height:45px\" aria-hidden=\"true\" class=\"wp-block-spacer\"><\/div>\n\n\n\n<h2 class=\"wp-block-heading\">Diagnostick\u00e9 dny jsou spr\u00e1vn\u00e1 cesta k p\u00e9\u010di na m\u00edru<\/h2>\n\n\n\n<div style=\"height:21px\" aria-hidden=\"true\" class=\"wp-block-spacer\"><\/div>\n\n\n\n<p class=\"has-medium-font-size\">Speci\u00e1ln\u00ed akce je zam\u011b\u0159en\u00e1 na detailn\u00ed anal\u00fdzu vlas\u016f a vlasov\u00e9 poko\u017eky pomoc\u00ed modern\u00ed technologie, profesion\u00e1ln\u00edho <strong>diagnostick\u00e9ho p\u0159\u00edstroje K-Scan<\/strong>. Ten d\u00edky digit\u00e1ln\u00ed mikrokame\u0159e dok\u00e1\u017ee zv\u011bt\u0161it vlas i poko\u017eku hlavy a\u017e <strong>600\u00d7<\/strong>!<\/p>\n\n\n\n<ul>\n<li class=\"has-medium-font-size\">Odborn\u00edk ze salonu Klier tak d\u00edky tomu z\u00edsk\u00e1 detailn\u00ed pohled na stav vlas\u016f \u2013 jejich hustotu, strukturu, m\u00edru po\u0161kozen\u00ed, hydrataci i zdrav\u00ed vlasov\u00e9 poko\u017eky.<\/li>\n\n\n\n<li class=\"has-medium-font-size\">D\u00edky detailn\u00ed anal\u00fdze pak m\u016f\u017ee doporu\u010dit speci\u00e1ln\u00ed p\u00e9\u010di na m\u00edru, kter\u00e1 bude fungovat a \u0159e\u0161it individu\u00e1ln\u00ed probl\u00e9my, nap\u0159. v\u00fd\u017eivu, hydrataci, l\u00e1mavost, citlivou poko\u017eku nebo ztr\u00e1tu objemu.<\/li>\n<\/ul>\n\n\n\n<p class=\"has-medium-font-size\">Na <a href=\"https:\/\/www.klier.cz\/akce\/diagnosticke-dny-s-kerastase-77\"><strong>webu Klier najdete, kdy se konaj\u00ed diagnostick\u00e9 dny<\/strong><\/a> v jednotliv\u00fdch sal\u00f3nech. Sta\u010d\u00ed si vybrat konkr\u00e9tn\u00ed salon a p\u0159ij\u00edt tak, jak jste zvykl\u00ed \u2013 <strong>bez objedn\u00e1v\u00e1n\u00ed<\/strong>.<\/p>\n\n\n\n<div style=\"height:45px\" aria-hidden=\"true\" class=\"wp-block-spacer\"><\/div>\n\n\n\n<figure class=\"wp-block-gallery has-nested-images columns-default is-cropped wp-block-gallery-1 is-layout-flex wp-block-gallery-is-layout-flex\">\n<figure class=\"wp-block-image size-large\"><img decoding=\"async\" data-id=\"14050\" src=\"https:\/\/celebrityhouse.cz\/wp-content\/uploads\/2026\/04\/Klier.cz_1.jpg\" alt=\"Klier\" class=\"wp-image-14050\" \/><\/figure>\n\n\n\n<figure class=\"wp-block-image size-large\"><img decoding=\"async\" data-id=\"14051\" src=\"https:\/\/celebrityhouse.cz\/wp-content\/uploads\/2026\/04\/Klier.cz_diagnostika-vlasu_diagnosticky-pristroj-K-Scan_image.jpg\" alt=\"Klier\" class=\"wp-image-14051\" \/><\/figure>\n<\/figure>\n\n\n\n<div style=\"height:45px\" aria-hidden=\"true\" class=\"wp-block-spacer\"><\/div>\n\n\n\n<h2 class=\"wp-block-heading\">Co kdy\u017e nebudete st\u00edhat?<\/h2>\n\n\n\n<div style=\"height:21px\" aria-hidden=\"true\" class=\"wp-block-spacer\"><\/div>\n\n\n\n<p class=\"has-medium-font-size\">Na vybran\u00fdch salonech Klier a Cut&amp;Color lze p\u0159ij\u00edt na diagnostiku K-scan i mimo term\u00edny diagnostick\u00fdch dn\u016f. Zde je vlasov\u00e1 diagnostika zdarma ke slu\u017eb\u011b nebo n\u00e1kupu produkt\u016f na salonu, pokud budete cht\u00edt vyu\u017e\u00edt jen samotnou diagnostiku, jej\u00ed zav\u00e1d\u011bj\u00edc\u00ed cena je na t\u011bchto salonech 150 K\u010d. Jedn\u00e1 se o salony:<\/p>\n\n\n\n<ul>\n<li class=\"has-medium-font-size\">Klier \u2013 Galerie Va\u0148kovka, Brno<\/li>\n\n\n\n<li class=\"has-medium-font-size\">Cut&amp;Color \u2013 Ark\u00e1dy Pankr\u00e1c, Praha<\/li>\n\n\n\n<li class=\"has-medium-font-size\">Klier \u2013 OC Futurum, Hradec Kr\u00e1lov\u00e9<\/li>\n<\/ul>\n\n\n\n<p class=\"has-medium-font-size\">Tato mo\u017enost se bude postupn\u011b roz\u0161i\u0159ovat i na dal\u0161\u00ed salony v&nbsp;\u010cR.<\/p>\n\n\n\n<div style=\"height:45px\" aria-hidden=\"true\" class=\"wp-block-spacer\"><\/div>\n\n\n\n<figure class=\"wp-block-gallery has-nested-images columns-default is-cropped wp-block-gallery-2 is-layout-flex wp-block-gallery-is-layout-flex\">\n<figure class=\"wp-block-image size-large\"><img decoding=\"async\" data-id=\"14053\" src=\"https:\/\/celebrityhouse.cz\/wp-content\/uploads\/2026\/04\/Klier.cz_diagnostika-vlasu-2.jpeg\" alt=\"Klier\" class=\"wp-image-14053\" \/><\/figure>\n\n\n\n<figure class=\"wp-block-image size-large\"><img decoding=\"async\" data-id=\"14054\" src=\"https:\/\/celebrityhouse.cz\/wp-content\/uploads\/2026\/04\/Klier.cz_diagnostika-vlasu.jpeg\" alt=\"Klier\" class=\"wp-image-14054\" \/><\/figure>\n<\/figure>\n\n\n\n<div style=\"height:45px\" aria-hidden=\"true\" class=\"wp-block-spacer\"><\/div>\n\n\n\n<h2 class=\"wp-block-heading\">Pro\u010d si vlasovou diagnostiku nenechat uj\u00edt?<\/h2>\n\n\n\n<div style=\"height:21px\" aria-hidden=\"true\" class=\"wp-block-spacer\"><\/div>\n\n\n\n<ul>\n<li class=\"has-medium-font-size\">Z\u00edsk\u00e1te <strong>osobn\u00ed doporu\u010den\u00ed<\/strong> pro p\u00e9\u010di o va\u0161e vlasy od vlasov\u00fdch profesion\u00e1l\u016f z Klieru.<\/li>\n\n\n\n<li class=\"has-medium-font-size\"><strong>Vyzkou\u0161\u00edte luxusn\u00ed p\u00e9\u010di<\/strong> K\u00e9rastase, kter\u00e1 odpov\u00edd\u00e1 p\u0159esn\u011b va\u0161im vlasov\u00fdm pot\u0159eb\u00e1m.<\/li>\n\n\n\n<li class=\"has-medium-font-size\">Dozv\u00edte se,<strong> jak spr\u00e1vn\u011b pe\u010dovat<\/strong> o sv\u00e9 vlasy doma i v salonu.<\/li>\n\n\n\n<li class=\"has-medium-font-size\">Najdete tu nejlep\u0161\u00ed cestu ke zdrav\u00fdm, kr\u00e1sn\u00fdm a siln\u00fdm vlas\u016fm.<\/li>\n<\/ul>\n\n\n\n<p class=\"has-medium-font-size\">Diagnostika vlas\u016f je v r\u00e1mci <a href=\"https:\/\/www.klier.cz\/akce\/diagnosticke-dny-s-kerastase-77\"><strong>diagnostick\u00fdch dn\u016f<\/strong><\/a> <strong>ZDARMA<\/strong>. Salony Klier jsou <strong>otev\u0159en\u00e9 7 dn\u00ed v&nbsp;t\u00fddnu <\/strong>a najdete na <strong>29 m\u00edstech<\/strong> v cel\u00e9 \u010cR. V\u00edce informac\u00ed najdete na webu <a href=\"http:\/\/www.klier.cz\/\"><strong>www.klier.cz<\/strong><\/a>.<\/p>\n\n\n\n<div style=\"height:45px\" aria-hidden=\"true\" class=\"wp-block-spacer\"><\/div>\n\n\n\n<figure class=\"wp-block-gallery has-nested-images columns-2 is-cropped wp-block-gallery-3 is-layout-flex wp-block-gallery-is-layout-flex\">\n<figure class=\"wp-block-image size-large\"><img decoding=\"async\" data-id=\"14050\" src=\"https:\/\/celebrityhouse.cz\/wp-content\/uploads\/2026\/04\/Klier.cz_1.jpg\" alt=\"Klier\" class=\"wp-image-14050\" \/><\/figure>\n\n\n\n<figure class=\"wp-block-image size-large\"><img decoding=\"async\" data-id=\"14051\" src=\"https:\/\/celebrityhouse.cz\/wp-content\/uploads\/2026\/04\/Klier.cz_diagnostika-vlasu_diagnosticky-pristroj-K-Scan_image.jpg\" alt=\"Klier\" class=\"wp-image-14051\" \/><\/figure>\n\n\n\n<figure class=\"wp-block-image size-large\"><img decoding=\"async\" data-id=\"14053\" src=\"https:\/\/celebrityhouse.cz\/wp-content\/uploads\/2026\/04\/Klier.cz_diagnostika-vlasu-2.jpeg\" alt=\"Klier\" class=\"wp-image-14053\" \/><\/figure>\n\n\n\n<figure class=\"wp-block-image size-large\"><img decoding=\"async\" data-id=\"14054\" src=\"https:\/\/celebrityhouse.cz\/wp-content\/uploads\/2026\/04\/Klier.cz_diagnostika-vlasu.jpeg\" alt=\"Klier\" class=\"wp-image-14054\" \/><\/figure>\n\n\n\n<figure class=\"wp-block-image size-large\"><img decoding=\"async\" data-id=\"14055\" src=\"https:\/\/celebrityhouse.cz\/wp-content\/uploads\/2026\/04\/Klier.cz_diagnostika-vlasu_3.jpeg\" alt=\"Klier\" class=\"wp-image-14055\" \/><\/figure>\n\n\n\n<figure class=\"wp-block-image size-large\"><img decoding=\"async\" data-id=\"14049\" src=\"https:\/\/celebrityhouse.cz\/wp-content\/uploads\/2026\/04\/Klier.cz_diagnostika-vlasu_diagnosticky-pristroj-K-Scan-470x1024.png\" alt=\"Klier\" class=\"wp-image-14049\" \/><\/figure>\n\n\n\n<figure class=\"wp-block-image size-large\"><img decoding=\"async\" data-id=\"14052\" src=\"https:\/\/celebrityhouse.cz\/wp-content\/uploads\/2026\/04\/Klier.cz_2.jpg\" alt=\"Klier\" class=\"wp-image-14052\" \/><\/figure>\n\n\n\n<figure class=\"wp-block-image size-large\"><img decoding=\"async\" data-id=\"14056\" src=\"https:\/\/celebrityhouse.cz\/wp-content\/uploads\/2026\/04\/1-1.jpg\" alt=\"Klier\" class=\"wp-image-14056\" \/><\/figure>\n<\/figure>\n\n\n\n<div style=\"height:45px\" aria-hidden=\"true\" class=\"wp-block-spacer\"><\/div>\n\n\n\n<p class=\"has-medium-font-size\"><strong>Zdroj foto:<\/strong>Klier<\/p>\n\n\n\n<div style=\"height:45px\" aria-hidden=\"true\" class=\"wp-block-spacer\"><\/div>\n","protected":false},"excerpt":{"rendered":"<p>Na\u0161e vlasy si \u017e\u00e1daj\u00ed p\u00e9\u010di, ale ne v\u017edy p\u0159esn\u011b v\u00edme, jakou. Ka\u017ed\u00e9 vlasy jsou jin\u00e9 a jinak reaguj\u00ed na stres, v\u011bk, ro\u010dn\u00ed obdob\u00ed i \u017eivotn\u00ed styl. Pr\u00e1v\u011b proto vznikly diagnostick\u00e9 dny s K\u00e9rastase, kter\u00e9 jdou mnohem hloub\u011bji ne\u017e b\u011b\u017en\u00e1 p\u00e9\u010de. Tak si je u\u017eijte ve vybran\u00fdch salonech Klier \u010cR a Cut&amp;Color. Diagnostick\u00e9 dny jsou spr\u00e1vn\u00e1 [&hellip;]<\/p>\n","protected":false},"author":9,"featured_media":17023,"comment_status":"closed","ping_status":"closed","sticky":true,"template":"","format":"standard","meta":{"_mi_skip_tracking":false,"_monsterinsights_sitenote_active":false,"_monsterinsights_sitenote_note":"","_monsterinsights_sitenote_category":0,"footnotes":""},"categories":[21,18,9,2,12],"tags":[],"yoast_head":"<!-- This site is optimized with the Yoast SEO plugin v21.5 - https:\/\/yoast.com\/wordpress\/plugins\/seo\/ -->\n<title>Diagnostick\u00e9 dny s K\u00e9rastase v sal\u00f3nech Klier - WOMENHOUSE.cz<\/title>\n<meta name=\"description\" content=\"Na\u0161e vlasy si \u017e\u00e1daj\u00ed p\u00e9\u010di, ale ne v\u017edy p\u0159esn\u011b v\u00edme, jakou. Ka\u017ed\u00e9 vlasy jsou jin\u00e9 a jinak reaguj\u00ed na stres, v\u011bk, ro\u010dn\u00ed obdob\u00ed i \u017eivotn\u00ed styl.\" \/>\n<meta name=\"robots\" content=\"index, follow, max-snippet:-1, max-image-preview:large, max-video-preview:-1\" \/>\n<link rel=\"canonical\" href=\"https:\/\/womenhouse.cz\/index.php\/2026\/04\/27\/diagnosticke-dny-s-kerastase-v-salonech-klier\/\" \/>\n<meta property=\"og:locale\" content=\"cs_CZ\" \/>\n<meta property=\"og:type\" content=\"article\" \/>\n<meta property=\"og:title\" content=\"Diagnostick\u00e9 dny s K\u00e9rastase v sal\u00f3nech Klier - WOMENHOUSE.cz\" \/>\n<meta property=\"og:description\" content=\"Na\u0161e vlasy si \u017e\u00e1daj\u00ed p\u00e9\u010di, ale ne v\u017edy p\u0159esn\u011b v\u00edme, jakou. Ka\u017ed\u00e9 vlasy jsou jin\u00e9 a jinak reaguj\u00ed na stres, v\u011bk, ro\u010dn\u00ed obdob\u00ed i \u017eivotn\u00ed styl.\" \/>\n<meta property=\"og:url\" content=\"https:\/\/womenhouse.cz\/index.php\/2026\/04\/27\/diagnosticke-dny-s-kerastase-v-salonech-klier\/\" \/>\n<meta property=\"og:site_name\" content=\"WOMENHOUSE.cz\" \/>\n<meta property=\"article:publisher\" content=\"https:\/\/www.facebook.com\/womenhousecz\" \/>\n<meta property=\"article:published_time\" content=\"2026-04-26T22:01:00+00:00\" \/>\n<meta property=\"article:modified_time\" content=\"2026-04-27T01:42:38+00:00\" \/>\n<meta property=\"og:image\" content=\"https:\/\/womenhouse.cz\/wp-content\/uploads\/2026\/04\/Klier.cz_2.jpg\" \/>\n\t<meta property=\"og:image:width\" content=\"750\" \/>\n\t<meta property=\"og:image:height\" content=\"500\" \/>\n\t<meta property=\"og:image:type\" content=\"image\/jpeg\" \/>\n<meta name=\"author\" content=\"Martina Pechov\u00e1\" \/>\n<meta name=\"twitter:card\" content=\"summary_large_image\" \/>\n<meta name=\"twitter:label1\" content=\"Napsal(a)\" \/>\n\t<meta name=\"twitter:data1\" content=\"Martina Pechov\u00e1\" \/>\n\t<meta name=\"twitter:label2\" content=\"Odhadovan\u00e1 doba \u010dten\u00ed\" \/>\n\t<meta name=\"twitter:data2\" content=\"5 minut\" \/>\n<script type=\"application\/ld+json\" class=\"yoast-schema-graph\">{\"@context\":\"https:\/\/schema.org\",\"@graph\":[{\"@type\":\"Article\",\"@id\":\"https:\/\/womenhouse.cz\/index.php\/2026\/04\/27\/diagnosticke-dny-s-kerastase-v-salonech-klier\/#article\",\"isPartOf\":{\"@id\":\"https:\/\/womenhouse.cz\/index.php\/2026\/04\/27\/diagnosticke-dny-s-kerastase-v-salonech-klier\/\"},\"author\":{\"name\":\"Martina Pechov\u00e1\",\"@id\":\"https:\/\/womenhouse.cz\/#\/schema\/person\/09851c27907b92bbc8bcd7f3dfb2a802\"},\"headline\":\"Diagnostick\u00e9 dny s K\u00e9rastase v sal\u00f3nech Klier\",\"datePublished\":\"2026-04-26T22:01:00+00:00\",\"dateModified\":\"2026-04-27T01:42:38+00:00\",\"mainEntityOfPage\":{\"@id\":\"https:\/\/womenhouse.cz\/index.php\/2026\/04\/27\/diagnosticke-dny-s-kerastase-v-salonech-klier\/\"},\"wordCount\":452,\"publisher\":{\"@id\":\"https:\/\/womenhouse.cz\/#organization\"},\"articleSection\":[\"AKCE &amp; KULTURA\",\"FOTOREPORTY\",\"KOSMETIKA\",\"NEWS\",\"TIPY &amp; TRENDY\"],\"inLanguage\":\"cs\"},{\"@type\":\"WebPage\",\"@id\":\"https:\/\/womenhouse.cz\/index.php\/2026\/04\/27\/diagnosticke-dny-s-kerastase-v-salonech-klier\/\",\"url\":\"https:\/\/womenhouse.cz\/index.php\/2026\/04\/27\/diagnosticke-dny-s-kerastase-v-salonech-klier\/\",\"name\":\"Diagnostick\u00e9 dny s K\u00e9rastase v sal\u00f3nech Klier - WOMENHOUSE.cz\",\"isPartOf\":{\"@id\":\"https:\/\/womenhouse.cz\/#website\"},\"datePublished\":\"2026-04-26T22:01:00+00:00\",\"dateModified\":\"2026-04-27T01:42:38+00:00\",\"description\":\"Na\u0161e vlasy si \u017e\u00e1daj\u00ed p\u00e9\u010di, ale ne v\u017edy p\u0159esn\u011b v\u00edme, jakou. Ka\u017ed\u00e9 vlasy jsou jin\u00e9 a jinak reaguj\u00ed na stres, v\u011bk, ro\u010dn\u00ed obdob\u00ed i \u017eivotn\u00ed styl.\",\"breadcrumb\":{\"@id\":\"https:\/\/womenhouse.cz\/index.php\/2026\/04\/27\/diagnosticke-dny-s-kerastase-v-salonech-klier\/#breadcrumb\"},\"inLanguage\":\"cs\",\"potentialAction\":[{\"@type\":\"ReadAction\",\"target\":[\"https:\/\/womenhouse.cz\/index.php\/2026\/04\/27\/diagnosticke-dny-s-kerastase-v-salonech-klier\/\"]}]},{\"@type\":\"BreadcrumbList\",\"@id\":\"https:\/\/womenhouse.cz\/index.php\/2026\/04\/27\/diagnosticke-dny-s-kerastase-v-salonech-klier\/#breadcrumb\",\"itemListElement\":[{\"@type\":\"ListItem\",\"position\":1,\"name\":\"Dom\u016f\",\"item\":\"https:\/\/womenhouse.cz\/\"},{\"@type\":\"ListItem\",\"position\":2,\"name\":\"Diagnostick\u00e9 dny s K\u00e9rastase v sal\u00f3nech Klier\"}]},{\"@type\":\"WebSite\",\"@id\":\"https:\/\/womenhouse.cz\/#website\",\"url\":\"https:\/\/womenhouse.cz\/\",\"name\":\"WOMENHOUSE.cz\",\"description\":\"Port\u00e1l v\u00fdhradn\u011b jen pro \u017eeny...\",\"publisher\":{\"@id\":\"https:\/\/womenhouse.cz\/#organization\"},\"potentialAction\":[{\"@type\":\"SearchAction\",\"target\":{\"@type\":\"EntryPoint\",\"urlTemplate\":\"https:\/\/womenhouse.cz\/?s={search_term_string}\"},\"query-input\":\"required name=search_term_string\"}],\"inLanguage\":\"cs\"},{\"@type\":\"Organization\",\"@id\":\"https:\/\/womenhouse.cz\/#organization\",\"name\":\"WOMENHOUSE.cz\",\"url\":\"https:\/\/womenhouse.cz\/\",\"logo\":{\"@type\":\"ImageObject\",\"inLanguage\":\"cs\",\"@id\":\"https:\/\/womenhouse.cz\/#\/schema\/logo\/image\/\",\"url\":\"https:\/\/womenhouse.cz\/wp-content\/uploads\/2020\/06\/cropped-logo_Womenhouse_RGB-02-removebg-preview-1.png\",\"contentUrl\":\"https:\/\/womenhouse.cz\/wp-content\/uploads\/2020\/06\/cropped-logo_Womenhouse_RGB-02-removebg-preview-1.png\",\"width\":561,\"height\":375,\"caption\":\"WOMENHOUSE.cz\"},\"image\":{\"@id\":\"https:\/\/womenhouse.cz\/#\/schema\/logo\/image\/\"},\"sameAs\":[\"https:\/\/www.facebook.com\/womenhousecz\",\"https:\/\/www.instagram.com\/womenhousecz\/\"]},{\"@type\":\"Person\",\"@id\":\"https:\/\/womenhouse.cz\/#\/schema\/person\/09851c27907b92bbc8bcd7f3dfb2a802\",\"name\":\"Martina Pechov\u00e1\",\"sameAs\":[\"http:\/\/WOMENHOUSE.cz\"],\"url\":\"https:\/\/womenhouse.cz\/index.php\/author\/marpech\/\"}]}<\/script>\n<!-- \/ Yoast SEO plugin. -->","yoast_head_json":{"title":"Diagnostick\u00e9 dny s K\u00e9rastase v sal\u00f3nech Klier - WOMENHOUSE.cz","description":"Na\u0161e vlasy si \u017e\u00e1daj\u00ed p\u00e9\u010di, ale ne v\u017edy p\u0159esn\u011b v\u00edme, jakou. Ka\u017ed\u00e9 vlasy jsou jin\u00e9 a jinak reaguj\u00ed na stres, v\u011bk, ro\u010dn\u00ed obdob\u00ed i \u017eivotn\u00ed styl.","robots":{"index":"index","follow":"follow","max-snippet":"max-snippet:-1","max-image-preview":"max-image-preview:large","max-video-preview":"max-video-preview:-1"},"canonical":"https:\/\/womenhouse.cz\/index.php\/2026\/04\/27\/diagnosticke-dny-s-kerastase-v-salonech-klier\/","og_locale":"cs_CZ","og_type":"article","og_title":"Diagnostick\u00e9 dny s K\u00e9rastase v sal\u00f3nech Klier - WOMENHOUSE.cz","og_description":"Na\u0161e vlasy si \u017e\u00e1daj\u00ed p\u00e9\u010di, ale ne v\u017edy p\u0159esn\u011b v\u00edme, jakou. Ka\u017ed\u00e9 vlasy jsou jin\u00e9 a jinak reaguj\u00ed na stres, v\u011bk, ro\u010dn\u00ed obdob\u00ed i \u017eivotn\u00ed styl.","og_url":"https:\/\/womenhouse.cz\/index.php\/2026\/04\/27\/diagnosticke-dny-s-kerastase-v-salonech-klier\/","og_site_name":"WOMENHOUSE.cz","article_publisher":"https:\/\/www.facebook.com\/womenhousecz","article_published_time":"2026-04-26T22:01:00+00:00","article_modified_time":"2026-04-27T01:42:38+00:00","og_image":[{"width":750,"height":500,"url":"https:\/\/womenhouse.cz\/wp-content\/uploads\/2026\/04\/Klier.cz_2.jpg","type":"image\/jpeg"}],"author":"Martina Pechov\u00e1","twitter_card":"summary_large_image","twitter_misc":{"Napsal(a)":"Martina Pechov\u00e1","Odhadovan\u00e1 doba \u010dten\u00ed":"5 minut"},"schema":{"@context":"https:\/\/schema.org","@graph":[{"@type":"Article","@id":"https:\/\/womenhouse.cz\/index.php\/2026\/04\/27\/diagnosticke-dny-s-kerastase-v-salonech-klier\/#article","isPartOf":{"@id":"https:\/\/womenhouse.cz\/index.php\/2026\/04\/27\/diagnosticke-dny-s-kerastase-v-salonech-klier\/"},"author":{"name":"Martina Pechov\u00e1","@id":"https:\/\/womenhouse.cz\/#\/schema\/person\/09851c27907b92bbc8bcd7f3dfb2a802"},"headline":"Diagnostick\u00e9 dny s K\u00e9rastase v sal\u00f3nech Klier","datePublished":"2026-04-26T22:01:00+00:00","dateModified":"2026-04-27T01:42:38+00:00","mainEntityOfPage":{"@id":"https:\/\/womenhouse.cz\/index.php\/2026\/04\/27\/diagnosticke-dny-s-kerastase-v-salonech-klier\/"},"wordCount":452,"publisher":{"@id":"https:\/\/womenhouse.cz\/#organization"},"articleSection":["AKCE &amp; KULTURA","FOTOREPORTY","KOSMETIKA","NEWS","TIPY &amp; TRENDY"],"inLanguage":"cs"},{"@type":"WebPage","@id":"https:\/\/womenhouse.cz\/index.php\/2026\/04\/27\/diagnosticke-dny-s-kerastase-v-salonech-klier\/","url":"https:\/\/womenhouse.cz\/index.php\/2026\/04\/27\/diagnosticke-dny-s-kerastase-v-salonech-klier\/","name":"Diagnostick\u00e9 dny s K\u00e9rastase v sal\u00f3nech Klier - WOMENHOUSE.cz","isPartOf":{"@id":"https:\/\/womenhouse.cz\/#website"},"datePublished":"2026-04-26T22:01:00+00:00","dateModified":"2026-04-27T01:42:38+00:00","description":"Na\u0161e vlasy si \u017e\u00e1daj\u00ed p\u00e9\u010di, ale ne v\u017edy p\u0159esn\u011b v\u00edme, jakou. Ka\u017ed\u00e9 vlasy jsou jin\u00e9 a jinak reaguj\u00ed na stres, v\u011bk, ro\u010dn\u00ed obdob\u00ed i \u017eivotn\u00ed styl.","breadcrumb":{"@id":"https:\/\/womenhouse.cz\/index.php\/2026\/04\/27\/diagnosticke-dny-s-kerastase-v-salonech-klier\/#breadcrumb"},"inLanguage":"cs","potentialAction":[{"@type":"ReadAction","target":["https:\/\/womenhouse.cz\/index.php\/2026\/04\/27\/diagnosticke-dny-s-kerastase-v-salonech-klier\/"]}]},{"@type":"BreadcrumbList","@id":"https:\/\/womenhouse.cz\/index.php\/2026\/04\/27\/diagnosticke-dny-s-kerastase-v-salonech-klier\/#breadcrumb","itemListElement":[{"@type":"ListItem","position":1,"name":"Dom\u016f","item":"https:\/\/womenhouse.cz\/"},{"@type":"ListItem","position":2,"name":"Diagnostick\u00e9 dny s K\u00e9rastase v sal\u00f3nech Klier"}]},{"@type":"WebSite","@id":"https:\/\/womenhouse.cz\/#website","url":"https:\/\/womenhouse.cz\/","name":"WOMENHOUSE.cz","description":"Port\u00e1l v\u00fdhradn\u011b jen pro \u017eeny...","publisher":{"@id":"https:\/\/womenhouse.cz\/#organization"},"potentialAction":[{"@type":"SearchAction","target":{"@type":"EntryPoint","urlTemplate":"https:\/\/womenhouse.cz\/?s={search_term_string}"},"query-input":"required name=search_term_string"}],"inLanguage":"cs"},{"@type":"Organization","@id":"https:\/\/womenhouse.cz\/#organization","name":"WOMENHOUSE.cz","url":"https:\/\/womenhouse.cz\/","logo":{"@type":"ImageObject","inLanguage":"cs","@id":"https:\/\/womenhouse.cz\/#\/schema\/logo\/image\/","url":"https:\/\/womenhouse.cz\/wp-content\/uploads\/2020\/06\/cropped-logo_Womenhouse_RGB-02-removebg-preview-1.png","contentUrl":"https:\/\/womenhouse.cz\/wp-content\/uploads\/2020\/06\/cropped-logo_Womenhouse_RGB-02-removebg-preview-1.png","width":561,"height":375,"caption":"WOMENHOUSE.cz"},"image":{"@id":"https:\/\/womenhouse.cz\/#\/schema\/logo\/image\/"},"sameAs":["https:\/\/www.facebook.com\/womenhousecz","https:\/\/www.instagram.com\/womenhousecz\/"]},{"@type":"Person","@id":"https:\/\/womenhouse.cz\/#\/schema\/person\/09851c27907b92bbc8bcd7f3dfb2a802","name":"Martina Pechov\u00e1","sameAs":["http:\/\/WOMENHOUSE.cz"],"url":"https:\/\/womenhouse.cz\/index.php\/author\/marpech\/"}]}},"_links":{"self":[{"href":"https:\/\/womenhouse.cz\/index.php\/wp-json\/wp\/v2\/posts\/17019"}],"collection":[{"href":"https:\/\/womenhouse.cz\/index.php\/wp-json\/wp\/v2\/posts"}],"about":[{"href":"https:\/\/womenhouse.cz\/index.php\/wp-json\/wp\/v2\/types\/post"}],"author":[{"embeddable":true,"href":"https:\/\/womenhouse.cz\/index.php\/wp-json\/wp\/v2\/users\/9"}],"replies":[{"embeddable":true,"href":"https:\/\/womenhouse.cz\/index.php\/wp-json\/wp\/v2\/comments?post=17019"}],"version-history":[{"count":-4,"href":"https:\/\/womenhouse.cz\/index.php\/wp-json\/wp\/v2\/posts\/17019\/revisions"}],"wp:featuredmedia":[{"embeddable":true,"href":"https:\/\/womenhouse.cz\/index.php\/wp-json\/wp\/v2\/media\/17023"}],"wp:attachment":[{"href":"https:\/\/womenhouse.cz\/index.php\/wp-json\/wp\/v2\/media?parent=17019"}],"wp:term":[{"taxonomy":"category","embeddable":true,"href":"https:\/\/womenhouse.cz\/index.php\/wp-json\/wp\/v2\/categories?post=17019"},{"taxonomy":"post_tag","embeddable":true,"href":"https:\/\/womenhouse.cz\/index.php\/wp-json\/wp\/v2\/tags?post=17019"}],"curies":[{"name":"wp","href":"https:\/\/api.w.org\/{rel}","templated":true}]}}