{"id":16915,"date":"2026-03-18T00:26:00","date_gmt":"2026-03-17T23:26:00","guid":{"rendered":"https:\/\/womenhouse.cz\/?p=16915"},"modified":"2026-03-18T19:37:02","modified_gmt":"2026-03-18T18:37:02","slug":"jenicek-a-marenka-se-vraci-do-kin-jako-strazci-kouzel-v-kuzi-jamese-bonda","status":"publish","type":"post","link":"https:\/\/womenhouse.cz\/index.php\/2026\/03\/18\/jenicek-a-marenka-se-vraci-do-kin-jako-strazci-kouzel-v-kuzi-jamese-bonda\/","title":{"rendered":"Jen\u00ed\u010dek a Ma\u0159enka se vrac\u00ed do kin jako str\u00e1\u017eci kouzel v k\u016f\u017ei Jamese Bonda"},"content":{"rendered":"\n<div style=\"height:38px\" aria-hidden=\"true\" class=\"wp-block-spacer\"><\/div>\n\n\n\n<p class=\"has-medium-font-size\"><strong>Nejv\u011bt\u0161\u00ed padou\u0161i poh\u00e1dkov\u00e9 \u0159\u00ed\u0161e, t\u0159este se, Jen\u00ed\u010dek a Ma\u0159enka jsou zp\u011bt! Jsou u\u017e trochu dosp\u011bl\u00ed a pracuj\u00ed jako elitn\u00ed agenti v&nbsp;Tajn\u00e9 agentu\u0159e pro kontrolu magie, kter\u00e1 dohl\u00ed\u017e\u00ed na pravidla pro kouzlen\u00ed&nbsp;v poh\u00e1dkov\u00e9m sv\u011bt\u011b. <\/strong><\/p>\n\n\n\n<p class=\"has-medium-font-size\"><strong>Kdy\u017e se princezna R\u016f\u017eenka v&nbsp;den sv\u00fdm osmn\u00e1ct\u00fdch narozenin p\u00edchne o v\u0159eteno a upadne do hlubok\u00e9ho sp\u00e1nku, mus\u00ed zjistit, kdo za to m\u016f\u017ee a jak kletbu zlomit.<\/strong> <strong>A i kdy\u017e uplat\u0148uj\u00ed speci\u00e1ln\u00ed metody, neboj\u00ed se pou\u017e\u00edt \u017e\u00e1dn\u00e9 kouzlo v\u010detn\u011b toho osobn\u00edho a drinky si objedn\u00e1vaj\u00ed v\u00fdhradn\u011b prot\u0159epan\u00e9, nem\u00edchan\u00e9, zrovna lehk\u00fd \u00fakol je ne\u010dek\u00e1. <\/strong><\/p>\n\n\n\n<div style=\"height:38px\" aria-hidden=\"true\" class=\"wp-block-spacer\"><\/div>\n\n\n<div class=\"wp-block-image\">\n<figure class=\"aligncenter size-large\"><img decoding=\"async\" src=\"https:\/\/vcentru.cz\/wp-content\/uploads\/2026\/03\/Jenicek-a-Marenka_Strazci-kouzel-na-severnim-polu-zdroj-Bontonfilm-1024x540.jpg\" alt=\"Prot\u0159epat, nem\u00edchat! Jen\u00ed\u010dek a Ma\u0159enka se vrac\u00ed do kin jako str\u00e1\u017eci kouzel v k\u016f\u017ei Jamese Bonda\" class=\"wp-image-8243\"\/><\/figure><\/div>\n\n\n<div style=\"height:38px\" aria-hidden=\"true\" class=\"wp-block-spacer\"><\/div>\n\n\n\n<p class=\"has-medium-font-size\"><strong>P\u0159i p\u00e1tr\u00e1n\u00ed jim toti\u017e cestu zk\u0159\u00ed\u017e\u00ed Alibaba s&nbsp;celou partou loupe\u017en\u00edk\u016f, pt\u00e1k Ohniv\u00e1k, tajemn\u00fd princ, \u010darod\u011bjnice, Dr\u00e1kula nebo Santa Claus. Nudit se tak rozhodn\u011b nebudou! A o par\u00e1dn\u00ed z\u00e1bavu se Jen\u00ed\u010dek a Ma\u0159enka jako Str\u00e1\u017eci kouzel postaraj\u00ed od 19. b\u0159ezna i v&nbsp;kinech. Chcete d\u016fkaz? Tak se pod\u00edvejte na trailer!<\/strong><\/p>\n\n\n\n<div style=\"height:38px\" aria-hidden=\"true\" class=\"wp-block-spacer\"><\/div>\n\n\n<div class=\"wp-block-image\">\n<figure class=\"aligncenter size-large\"><img decoding=\"async\" src=\"https:\/\/vcentru.cz\/wp-content\/uploads\/2026\/03\/Jenicek-a-Marenka_Strazci-kouzel_Marenka-je-spickova-agenta-pro-kontrolu-tajne-magie-zdroj-Bontonfilm-1024x540.jpg\" alt=\"Prot\u0159epat, nem\u00edchat! Jen\u00ed\u010dek a Ma\u0159enka se vrac\u00ed do kin jako str\u00e1\u017eci kouzel v k\u016f\u017ei Jamese Bonda\" class=\"wp-image-8246\"\/><\/figure><\/div>\n\n\n<div style=\"height:38px\" aria-hidden=\"true\" class=\"wp-block-spacer\"><\/div>\n\n\n\n<p class=\"has-medium-font-size\">U\u017e je to d\u00e1vno, co se jim poda\u0159ilo ut\u00e9ct je\u017eibab\u011b z&nbsp;lopaty. Jen\u00ed\u010dek a Ma\u0159enka te\u010f pracuj\u00ed v Tajn\u00e9 agentu\u0159e pro kontrolu magie, kter\u00e1 dohl\u00ed\u017e\u00ed na dodr\u017eov\u00e1n\u00ed pravidel p\u0159i kouzlen\u00ed v&nbsp;poh\u00e1dkov\u00e9m sv\u011bt\u011b. Sv\u00e9 osmn\u00e1ctiny pr\u00e1v\u011b slav\u00ed princezna R\u016f\u017eenka a jako agenti jej\u00edho veli\u010denstva jsou pov\u011b\u0159en\u00ed t\u00edm, aby svou plnoletost mohla slavit a\u017e do r\u00e1na. Ani n\u00e1pad, \u017ee by se p\u00edchla do prstu o v\u0159eteno kolovr\u00e1tku a usnula hlubok\u00fdm sp\u00e1nkem. Ale stane se, kletba dojde sv\u00e9ho napln\u011bn\u00ed a sourozeneck\u00e9 duo dostane pad\u00e1ka, ani\u017e by mohlo ohledat m\u00edsto \u010dinu. Blb\u00e9 n\u00e1lad\u011b ale nepodlehnou, to nen\u00ed jejich styl, p\u0159iberou do party mlad\u00e9ho kouzeln\u00edka a rozhodnou se odhalit vin\u00edka na vlastn\u00ed p\u011bst.<\/p>\n\n\n\n<div style=\"height:38px\" aria-hidden=\"true\" class=\"wp-block-spacer\"><\/div>\n\n\n\n<figure class=\"wp-block-gallery has-nested-images columns-default is-cropped wp-block-gallery-1 is-layout-flex wp-block-gallery-is-layout-flex\">\n<figure class=\"wp-block-image size-large\"><img decoding=\"async\" data-id=\"8249\" src=\"https:\/\/vcentru.cz\/wp-content\/uploads\/2026\/03\/Jenicek-a-Marenka_Jenicek-a-Marenka_Strazci-kouzel_Osmnacte-narozeniny-si-zaslouzi-poradnou-oslavu-zdroj-Bontonfilm-1024x540.jpg\" alt=\"Prot\u0159epat, nem\u00edchat! Jen\u00ed\u010dek a Ma\u0159enka se vrac\u00ed do kin jako str\u00e1\u017eci kouzel v k\u016f\u017ei Jamese Bonda\" class=\"wp-image-8249\"\/><\/figure>\n\n\n\n<figure class=\"wp-block-image size-large\"><img decoding=\"async\" data-id=\"8245\" src=\"https:\/\/vcentru.cz\/wp-content\/uploads\/2026\/03\/Jenicek-a-Marenka_Strazci-kouzel_Letos-budou-sourozenci-bez-darku-zdroj-Bontonfilm-1024x540.jpg\" alt=\"Prot\u0159epat, nem\u00edchat! Jen\u00ed\u010dek a Ma\u0159enka se vrac\u00ed do kin jako str\u00e1\u017eci kouzel v k\u016f\u017ei Jamese Bonda\" class=\"wp-image-8245\"\/><\/figure>\n<\/figure>\n\n\n\n<div style=\"height:38px\" aria-hidden=\"true\" class=\"wp-block-spacer\"><\/div>\n\n\n\n<p class=\"has-medium-font-size\">P\u00e1tr\u00e1n\u00ed je zavede na severn\u00ed p\u00f3l i do \u0160vindl\u00ed\u0159ova, nechvaln\u011b proslul\u00e9ho \u00fato\u010di\u0161t\u011b nejhledan\u011bj\u0161\u00edch poh\u00e1dkov\u00fdch zlo\u010dinc\u016f, kte\u0159\u00ed na n\u011b maj\u00ed spadeno. Jen\u00ed\u010dkovi se toti\u017e kdysi poda\u0159ilo prodat Alibabovi fale\u0161n\u00fd kouzeln\u00fd lampion, co\u017e mu zhrzen\u00fd loupe\u017en\u00edk nem\u016f\u017ee zapomenout, a chce se mu pomst\u00edt. Je t\u0159eba p\u0159ehodnotit dosavadn\u00ed pl\u00e1n, vedle princezny zachr\u00e1nit i Jen\u00ed\u010dka a \u017e\u00edt \u0161\u0165astn\u011b a\u017e do smrti. Mission: Impossible? Pro Ma\u0159enku nikoli, ta se nezalekne ani pozv\u00e1n\u00ed na ples Dr\u00e1kuly, ze kter\u00e9ho se vyklube emo\u010dn\u00ed up\u00edr.<\/p>\n\n\n\n<div style=\"height:38px\" aria-hidden=\"true\" class=\"wp-block-spacer\"><\/div>\n\n\n<div class=\"wp-block-image\">\n<figure class=\"aligncenter size-large\"><img decoding=\"async\" src=\"https:\/\/vcentru.cz\/wp-content\/uploads\/2026\/03\/Jenicek-a-Marenka_Strazci-kouzel_Pomstychtivy-Alibaba-zdroj-Bontonfilm-1024x540.jpg\" alt=\"Prot\u0159epat, nem\u00edchat! Jen\u00ed\u010dek a Ma\u0159enka se vrac\u00ed do kin jako str\u00e1\u017eci kouzel v k\u016f\u017ei Jamese Bonda\" class=\"wp-image-8241\"\/><\/figure><\/div>\n\n\n<div style=\"height:38px\" aria-hidden=\"true\" class=\"wp-block-spacer\"><\/div>\n\n\n\n<p class=\"has-medium-font-size\">I ze sp\u00e1r\u016f krve\u017e\u00edzniv\u00e9ho hrab\u011bte se ale poda\u0159\u00ed ob\u011bma sourozenc\u016fm zd\u00e1rn\u011b uniknout a do mozaiky nejasnost\u00ed poskl\u00e1dat posledn\u00ed st\u0159\u00edpky. Zajist\u00ed usv\u011bd\u010duj\u00edc\u00ed d\u016fkazy a odhal\u00ed zapeklit\u00fd p\u0159\u00edpad i to, \u017ee prav\u00e1 l\u00e1ska rozhodn\u011b nen\u00ed \u017e\u00e1dn\u00e1 poh\u00e1dka. Aby ne, jsou to p\u0159ece ti nejlep\u0161\u00ed str\u00e1\u017eci kouzel v&nbsp;kr\u00e1lovstv\u00ed.<\/p>\n\n\n\n<div style=\"height:38px\" aria-hidden=\"true\" class=\"wp-block-spacer\"><\/div>\n\n\n\n<figure class=\"wp-block-embed aligncenter is-type-video is-provider-youtube wp-block-embed-youtube wp-embed-aspect-16-9 wp-has-aspect-ratio\"><div class=\"wp-block-embed__wrapper\">\n<iframe loading=\"lazy\" title=\"Jen\u00ed\u010dek a Ma\u0159enka: Str\u00e1\u017eci kouzel (2026) - TRAILER\" width=\"640\" height=\"360\" src=\"https:\/\/www.youtube.com\/embed\/qdzlc6J7rQw?feature=oembed\" frameborder=\"0\" allow=\"accelerometer; autoplay; clipboard-write; encrypted-media; gyroscope; picture-in-picture; web-share\" referrerpolicy=\"strict-origin-when-cross-origin\" allowfullscreen><\/iframe>\n<\/div><\/figure>\n\n\n\n<div style=\"height:38px\" aria-hidden=\"true\" class=\"wp-block-spacer\"><\/div>\n\n\n\n<h2 class=\"wp-block-heading\" style=\"font-size:25px\">Jen\u00ed\u010dek a Ma\u0159enka: Str\u00e1\u017eci kouzel<\/h2>\n\n\n\n<div style=\"height:38px\" aria-hidden=\"true\" class=\"wp-block-spacer\"><\/div>\n\n\n\n<p class=\"has-medium-font-size\"><strong>Velk\u00e1 Brit\u00e1nie, Kypr \u2013 2026<\/strong><\/p>\n\n\n\n<p class=\"has-medium-font-size\"><strong>D\u00e9lka: <\/strong>96 min.<\/p>\n\n\n\n<p class=\"has-medium-font-size\"><strong>\u017d\u00e1nr:<\/strong> animovan\u00fd, rodinn\u00fd, komedie<\/p>\n\n\n\n<p class=\"has-medium-font-size\"><strong>Premi\u00e9ra:<\/strong> 19. b\u0159ezna 2026<\/p>\n\n\n\n<p class=\"has-medium-font-size\"><strong>Re\u017eie:<\/strong> Alex Tsitsilin<\/p>\n\n\n\n<p class=\"has-medium-font-size\"><strong>Sc\u00e9n\u00e1\u0159:<\/strong> Analisa LaBianco, Jeffery Spencer<\/p>\n\n\n\n<p class=\"has-medium-font-size\"><strong>Hraj\u00ed: <\/strong>Nicholas Corda, Sylvana Joyce, Alyson Leigh Rosenfeld, Courtney Shaw<\/p>\n\n\n\n<p class=\"has-medium-font-size\"><strong>V&nbsp;\u010desk\u00e9m zn\u011bn\u00ed:<\/strong> Sabina Rojkov\u00e1, Daniel Krej\u010d\u00edk, Helena Dvo\u0159\u00e1kov\u00e1, Jarom\u00edr Meduna, Vanda Chaloupkov\u00e1, Bohdan T\u016fma a dal\u0161\u00ed<\/p>\n\n\n\n<div style=\"height:109px\" aria-hidden=\"true\" class=\"wp-block-spacer\"><\/div>\n\n\n\n<figure class=\"wp-block-gallery has-nested-images columns-2 is-cropped wp-block-gallery-2 is-layout-flex wp-block-gallery-is-layout-flex\">\n<figure class=\"wp-block-image size-large\"><img decoding=\"async\" data-id=\"8249\" src=\"https:\/\/vcentru.cz\/wp-content\/uploads\/2026\/03\/Jenicek-a-Marenka_Jenicek-a-Marenka_Strazci-kouzel_Osmnacte-narozeniny-si-zaslouzi-poradnou-oslavu-zdroj-Bontonfilm-1024x540.jpg\" alt=\"Prot\u0159epat, nem\u00edchat! Jen\u00ed\u010dek a Ma\u0159enka se vrac\u00ed do kin jako str\u00e1\u017eci kouzel v k\u016f\u017ei Jamese Bonda\" class=\"wp-image-8249\"\/><\/figure>\n\n\n\n<figure class=\"wp-block-image size-large\"><img decoding=\"async\" data-id=\"8252\" src=\"https:\/\/vcentru.cz\/wp-content\/uploads\/2026\/03\/Jenicek-a-Marenka_Spici-Ruzenka-zdroj-Bontonfilm-1024x540.jpg\" alt=\"Prot\u0159epat, nem\u00edchat! Jen\u00ed\u010dek a Ma\u0159enka se vrac\u00ed do kin jako str\u00e1\u017eci kouzel v k\u016f\u017ei Jamese Bonda\" class=\"wp-image-8252\"\/><\/figure>\n\n\n\n<figure class=\"wp-block-image size-large\"><img decoding=\"async\" data-id=\"8248\" src=\"https:\/\/vcentru.cz\/wp-content\/uploads\/2026\/03\/Jenicek-a-Marenka_Strazci-kouzel_Jenicek-je-ostrileny-svudnik-zdroj-Bontonfilm-1024x540.jpg\" alt=\"Prot\u0159epat, nem\u00edchat! Jen\u00ed\u010dek a Ma\u0159enka se vrac\u00ed do kin jako str\u00e1\u017eci kouzel v k\u016f\u017ei Jamese Bonda\" class=\"wp-image-8248\"\/><\/figure>\n\n\n\n<figure class=\"wp-block-image size-large\"><img decoding=\"async\" data-id=\"8246\" src=\"https:\/\/vcentru.cz\/wp-content\/uploads\/2026\/03\/Jenicek-a-Marenka_Strazci-kouzel_Marenka-je-spickova-agenta-pro-kontrolu-tajne-magie-zdroj-Bontonfilm-1024x540.jpg\" alt=\"Prot\u0159epat, nem\u00edchat! Jen\u00ed\u010dek a Ma\u0159enka se vrac\u00ed do kin jako str\u00e1\u017eci kouzel v k\u016f\u017ei Jamese Bonda\" class=\"wp-image-8246\"\/><\/figure>\n\n\n\n<figure class=\"wp-block-image size-large\"><img decoding=\"async\" data-id=\"8244\" src=\"https:\/\/vcentru.cz\/wp-content\/uploads\/2026\/03\/Jenicek-a-Marenka_Strazci-kouzel_Ruzencinu-kletbu-muze-zlomit-jen-polibek-z-prave-lasky-zdroj-Bontonfilm-1024x540.jpg\" alt=\"Prot\u0159epat, nem\u00edchat! Jen\u00ed\u010dek a Ma\u0159enka se vrac\u00ed do kin jako str\u00e1\u017eci kouzel v k\u016f\u017ei Jamese Bonda\" class=\"wp-image-8244\"\/><\/figure>\n\n\n\n<figure class=\"wp-block-image size-large\"><img decoding=\"async\" data-id=\"8247\" src=\"https:\/\/vcentru.cz\/wp-content\/uploads\/2026\/03\/Jenicek-a-Marenka_Strazci-kouzel_Zadna-mise-pro-ne-neni-nemozna-zdroj-Bontonfilm-1024x540.jpg\" alt=\"Prot\u0159epat, nem\u00edchat! Jen\u00ed\u010dek a Ma\u0159enka se vrac\u00ed do kin jako str\u00e1\u017eci kouzel v k\u016f\u017ei Jamese Bonda\" class=\"wp-image-8247\"\/><\/figure>\n\n\n\n<figure class=\"wp-block-image size-large\"><img decoding=\"async\" data-id=\"8243\" src=\"https:\/\/vcentru.cz\/wp-content\/uploads\/2026\/03\/Jenicek-a-Marenka_Strazci-kouzel-na-severnim-polu-zdroj-Bontonfilm-1024x540.jpg\" alt=\"\" class=\"wp-image-8243\"\/><\/figure>\n\n\n\n<figure class=\"wp-block-image size-large\"><img decoding=\"async\" data-id=\"8245\" src=\"https:\/\/vcentru.cz\/wp-content\/uploads\/2026\/03\/Jenicek-a-Marenka_Strazci-kouzel_Letos-budou-sourozenci-bez-darku-zdroj-Bontonfilm-1024x540.jpg\" alt=\"\" class=\"wp-image-8245\"\/><\/figure>\n\n\n\n<figure class=\"wp-block-image size-large\"><img decoding=\"async\" data-id=\"8250\" src=\"https:\/\/vcentru.cz\/wp-content\/uploads\/2026\/03\/Jenicek-a-Marenka_Strazci-kouzel_Marenka-s-Drakulou-ze-ktereho-se-vyklube-emocni-upir-zdroj-Bontonfilm-1024x540.jpg\" alt=\"Prot\u0159epat, nem\u00edchat! Jen\u00ed\u010dek a Ma\u0159enka se vrac\u00ed do kin jako str\u00e1\u017eci kouzel v k\u016f\u017ei Jamese Bonda\" class=\"wp-image-8250\"\/><\/figure>\n\n\n\n<figure class=\"wp-block-image size-large\"><img decoding=\"async\" data-id=\"8242\" src=\"https:\/\/vcentru.cz\/wp-content\/uploads\/2026\/03\/Jenicek-a-Marenka_Strazci-kouzel_Marenka-s-princem-na-plese-zdroj-Bontonfilm-1024x540.jpg\" alt=\"Prot\u0159epat, nem\u00edchat! Jen\u00ed\u010dek a Ma\u0159enka se vrac\u00ed do kin jako str\u00e1\u017eci kouzel v k\u016f\u017ei Jamese Bonda\" class=\"wp-image-8242\"\/><\/figure>\n\n\n\n<figure class=\"wp-block-image size-large\"><img decoding=\"async\" data-id=\"8241\" src=\"https:\/\/vcentru.cz\/wp-content\/uploads\/2026\/03\/Jenicek-a-Marenka_Strazci-kouzel_Pomstychtivy-Alibaba-zdroj-Bontonfilm-1024x540.jpg\" alt=\"Prot\u0159epat, nem\u00edchat! Jen\u00ed\u010dek a Ma\u0159enka se vrac\u00ed do kin jako str\u00e1\u017eci kouzel v k\u016f\u017ei Jamese Bonda\" class=\"wp-image-8241\"\/><\/figure>\n<\/figure>\n\n\n\n<div style=\"height:20px\" aria-hidden=\"true\" class=\"wp-block-spacer\"><\/div>\n\n\n<div class=\"wp-block-image\">\n<figure class=\"aligncenter size-full is-resized\"><img decoding=\"async\" src=\"https:\/\/vcentru.cz\/wp-content\/uploads\/2026\/03\/PLAKAT_Jenicek-a-Marenka_Strazci-kouzel-zdroj-Bontonfilm.jpg\" alt=\"Prot\u0159epat, nem\u00edchat! Jen\u00ed\u010dek a Ma\u0159enka se vrac\u00ed do kin jako str\u00e1\u017eci kouzel v k\u016f\u017ei Jamese Bonda\" class=\"wp-image-8251\" style=\"width:775px;height:auto\"\/><\/figure><\/div>\n\n\n<div style=\"height:40px\" aria-hidden=\"true\" class=\"wp-block-spacer\"><\/div>\n\n\n\n<p class=\"has-medium-font-size\"><strong>Zdroj foto a video: <\/strong>BONTONFILM<\/p>\n\n\n\n<div style=\"height:100px\" aria-hidden=\"true\" class=\"wp-block-spacer\"><\/div>\n","protected":false},"excerpt":{"rendered":"<p>Nejv\u011bt\u0161\u00ed padou\u0161i poh\u00e1dkov\u00e9 \u0159\u00ed\u0161e, t\u0159este se, Jen\u00ed\u010dek a Ma\u0159enka jsou zp\u011bt! Jsou u\u017e trochu dosp\u011bl\u00ed a pracuj\u00ed jako elitn\u00ed agenti v&nbsp;Tajn\u00e9 agentu\u0159e pro kontrolu magie, kter\u00e1 dohl\u00ed\u017e\u00ed na pravidla pro kouzlen\u00ed&nbsp;v poh\u00e1dkov\u00e9m sv\u011bt\u011b. Kdy\u017e se princezna R\u016f\u017eenka v&nbsp;den sv\u00fdm osmn\u00e1ct\u00fdch narozenin p\u00edchne o v\u0159eteno a upadne do hlubok\u00e9ho sp\u00e1nku, mus\u00ed zjistit, kdo za to m\u016f\u017ee [&hellip;]<\/p>\n","protected":false},"author":6,"featured_media":16916,"comment_status":"closed","ping_status":"closed","sticky":true,"template":"","format":"standard","meta":{"_mi_skip_tracking":false,"_monsterinsights_sitenote_active":false,"_monsterinsights_sitenote_note":"","_monsterinsights_sitenote_category":0,"footnotes":""},"categories":[27,2,12],"tags":[46,45],"yoast_head":"<!-- This site is optimized with the Yoast SEO plugin v21.5 - https:\/\/yoast.com\/wordpress\/plugins\/seo\/ -->\n<title>Jen\u00ed\u010dek a Ma\u0159enka se vrac\u00ed do kin jako str\u00e1\u017eci kouzel v k\u016f\u017ei Jamese Bonda - WOMENHOUSE.cz<\/title>\n<meta name=\"description\" content=\"Nejv\u011bt\u0161\u00ed padou\u0161i poh\u00e1dkov\u00e9 \u0159\u00ed\u0161e, t\u0159este se, Jen\u00ed\u010dek a Ma\u0159enka jsou zp\u011bt! Jsou u\u017e trochu dosp\u011bl\u00ed a pracuj\u00ed jako elitn\u00ed agenti v\u00a0Tajn\u00e9 agentu\u0159e\" \/>\n<meta name=\"robots\" content=\"index, follow, max-snippet:-1, max-image-preview:large, max-video-preview:-1\" \/>\n<link rel=\"canonical\" href=\"https:\/\/womenhouse.cz\/index.php\/2026\/03\/18\/jenicek-a-marenka-se-vraci-do-kin-jako-strazci-kouzel-v-kuzi-jamese-bonda\/\" \/>\n<meta property=\"og:locale\" content=\"cs_CZ\" \/>\n<meta property=\"og:type\" content=\"article\" \/>\n<meta property=\"og:title\" content=\"Jen\u00ed\u010dek a Ma\u0159enka se vrac\u00ed do kin jako str\u00e1\u017eci kouzel v k\u016f\u017ei Jamese Bonda - WOMENHOUSE.cz\" \/>\n<meta property=\"og:description\" content=\"Nejv\u011bt\u0161\u00ed padou\u0161i poh\u00e1dkov\u00e9 \u0159\u00ed\u0161e, t\u0159este se, Jen\u00ed\u010dek a Ma\u0159enka jsou zp\u011bt! Jsou u\u017e trochu dosp\u011bl\u00ed a pracuj\u00ed jako elitn\u00ed agenti v\u00a0Tajn\u00e9 agentu\u0159e\" \/>\n<meta property=\"og:url\" content=\"https:\/\/womenhouse.cz\/index.php\/2026\/03\/18\/jenicek-a-marenka-se-vraci-do-kin-jako-strazci-kouzel-v-kuzi-jamese-bonda\/\" \/>\n<meta property=\"og:site_name\" content=\"WOMENHOUSE.cz\" \/>\n<meta property=\"article:publisher\" content=\"https:\/\/www.facebook.com\/womenhousecz\" \/>\n<meta property=\"article:published_time\" content=\"2026-03-17T23:26:00+00:00\" \/>\n<meta property=\"article:modified_time\" content=\"2026-03-18T18:37:02+00:00\" \/>\n<meta property=\"og:image\" content=\"https:\/\/womenhouse.cz\/wp-content\/uploads\/2026\/03\/Jenicek-a-Marenka_Strazci-kouzel_Marenka-s-princem-na-plese-zdroj-Bontonfilm.jpg\" \/>\n\t<meta property=\"og:image:width\" content=\"1250\" \/>\n\t<meta property=\"og:image:height\" content=\"659\" \/>\n\t<meta property=\"og:image:type\" content=\"image\/jpeg\" \/>\n<meta name=\"author\" content=\"Petra Kub\u00edkov\u00e1\" \/>\n<meta name=\"twitter:card\" content=\"summary_large_image\" \/>\n<meta name=\"twitter:label1\" content=\"Napsal(a)\" \/>\n\t<meta name=\"twitter:data1\" content=\"Petra Kub\u00edkov\u00e1\" \/>\n\t<meta name=\"twitter:label2\" content=\"Odhadovan\u00e1 doba \u010dten\u00ed\" \/>\n\t<meta name=\"twitter:data2\" content=\"6 minut\" \/>\n<script type=\"application\/ld+json\" class=\"yoast-schema-graph\">{\"@context\":\"https:\/\/schema.org\",\"@graph\":[{\"@type\":\"Article\",\"@id\":\"https:\/\/womenhouse.cz\/index.php\/2026\/03\/18\/jenicek-a-marenka-se-vraci-do-kin-jako-strazci-kouzel-v-kuzi-jamese-bonda\/#article\",\"isPartOf\":{\"@id\":\"https:\/\/womenhouse.cz\/index.php\/2026\/03\/18\/jenicek-a-marenka-se-vraci-do-kin-jako-strazci-kouzel-v-kuzi-jamese-bonda\/\"},\"author\":{\"name\":\"Petra Kub\u00edkov\u00e1\",\"@id\":\"https:\/\/womenhouse.cz\/#\/schema\/person\/4a1fde0be3f0c5dd5006ba6dc68c7656\"},\"headline\":\"Jen\u00ed\u010dek a Ma\u0159enka se vrac\u00ed do kin jako str\u00e1\u017eci kouzel v k\u016f\u017ei Jamese Bonda\",\"datePublished\":\"2026-03-17T23:26:00+00:00\",\"dateModified\":\"2026-03-18T18:37:02+00:00\",\"mainEntityOfPage\":{\"@id\":\"https:\/\/womenhouse.cz\/index.php\/2026\/03\/18\/jenicek-a-marenka-se-vraci-do-kin-jako-strazci-kouzel-v-kuzi-jamese-bonda\/\"},\"wordCount\":610,\"publisher\":{\"@id\":\"https:\/\/womenhouse.cz\/#organization\"},\"keywords\":[\"film\",\"kino\"],\"articleSection\":[\"KINO &amp; TV\",\"NEWS\",\"TIPY &amp; TRENDY\"],\"inLanguage\":\"cs\"},{\"@type\":\"WebPage\",\"@id\":\"https:\/\/womenhouse.cz\/index.php\/2026\/03\/18\/jenicek-a-marenka-se-vraci-do-kin-jako-strazci-kouzel-v-kuzi-jamese-bonda\/\",\"url\":\"https:\/\/womenhouse.cz\/index.php\/2026\/03\/18\/jenicek-a-marenka-se-vraci-do-kin-jako-strazci-kouzel-v-kuzi-jamese-bonda\/\",\"name\":\"Jen\u00ed\u010dek a Ma\u0159enka se vrac\u00ed do kin jako str\u00e1\u017eci kouzel v k\u016f\u017ei Jamese Bonda - WOMENHOUSE.cz\",\"isPartOf\":{\"@id\":\"https:\/\/womenhouse.cz\/#website\"},\"datePublished\":\"2026-03-17T23:26:00+00:00\",\"dateModified\":\"2026-03-18T18:37:02+00:00\",\"description\":\"Nejv\u011bt\u0161\u00ed padou\u0161i poh\u00e1dkov\u00e9 \u0159\u00ed\u0161e, t\u0159este se, Jen\u00ed\u010dek a Ma\u0159enka jsou zp\u011bt! Jsou u\u017e trochu dosp\u011bl\u00ed a pracuj\u00ed jako elitn\u00ed agenti v\u00a0Tajn\u00e9 agentu\u0159e\",\"breadcrumb\":{\"@id\":\"https:\/\/womenhouse.cz\/index.php\/2026\/03\/18\/jenicek-a-marenka-se-vraci-do-kin-jako-strazci-kouzel-v-kuzi-jamese-bonda\/#breadcrumb\"},\"inLanguage\":\"cs\",\"potentialAction\":[{\"@type\":\"ReadAction\",\"target\":[\"https:\/\/womenhouse.cz\/index.php\/2026\/03\/18\/jenicek-a-marenka-se-vraci-do-kin-jako-strazci-kouzel-v-kuzi-jamese-bonda\/\"]}]},{\"@type\":\"BreadcrumbList\",\"@id\":\"https:\/\/womenhouse.cz\/index.php\/2026\/03\/18\/jenicek-a-marenka-se-vraci-do-kin-jako-strazci-kouzel-v-kuzi-jamese-bonda\/#breadcrumb\",\"itemListElement\":[{\"@type\":\"ListItem\",\"position\":1,\"name\":\"Dom\u016f\",\"item\":\"https:\/\/womenhouse.cz\/\"},{\"@type\":\"ListItem\",\"position\":2,\"name\":\"Jen\u00ed\u010dek a Ma\u0159enka se vrac\u00ed do kin jako str\u00e1\u017eci kouzel v k\u016f\u017ei Jamese Bonda\"}]},{\"@type\":\"WebSite\",\"@id\":\"https:\/\/womenhouse.cz\/#website\",\"url\":\"https:\/\/womenhouse.cz\/\",\"name\":\"WOMENHOUSE.cz\",\"description\":\"Port\u00e1l v\u00fdhradn\u011b jen pro \u017eeny...\",\"publisher\":{\"@id\":\"https:\/\/womenhouse.cz\/#organization\"},\"potentialAction\":[{\"@type\":\"SearchAction\",\"target\":{\"@type\":\"EntryPoint\",\"urlTemplate\":\"https:\/\/womenhouse.cz\/?s={search_term_string}\"},\"query-input\":\"required name=search_term_string\"}],\"inLanguage\":\"cs\"},{\"@type\":\"Organization\",\"@id\":\"https:\/\/womenhouse.cz\/#organization\",\"name\":\"WOMENHOUSE.cz\",\"url\":\"https:\/\/womenhouse.cz\/\",\"logo\":{\"@type\":\"ImageObject\",\"inLanguage\":\"cs\",\"@id\":\"https:\/\/womenhouse.cz\/#\/schema\/logo\/image\/\",\"url\":\"https:\/\/womenhouse.cz\/wp-content\/uploads\/2020\/06\/cropped-logo_Womenhouse_RGB-02-removebg-preview-1.png\",\"contentUrl\":\"https:\/\/womenhouse.cz\/wp-content\/uploads\/2020\/06\/cropped-logo_Womenhouse_RGB-02-removebg-preview-1.png\",\"width\":561,\"height\":375,\"caption\":\"WOMENHOUSE.cz\"},\"image\":{\"@id\":\"https:\/\/womenhouse.cz\/#\/schema\/logo\/image\/\"},\"sameAs\":[\"https:\/\/www.facebook.com\/womenhousecz\",\"https:\/\/www.instagram.com\/womenhousecz\/\"]},{\"@type\":\"Person\",\"@id\":\"https:\/\/womenhouse.cz\/#\/schema\/person\/4a1fde0be3f0c5dd5006ba6dc68c7656\",\"name\":\"Petra Kub\u00edkov\u00e1\",\"sameAs\":[\"http:\/\/WOMENHOUSE.cz\"],\"url\":\"https:\/\/womenhouse.cz\/index.php\/author\/kubip\/\"}]}<\/script>\n<!-- \/ Yoast SEO plugin. -->","yoast_head_json":{"title":"Jen\u00ed\u010dek a Ma\u0159enka se vrac\u00ed do kin jako str\u00e1\u017eci kouzel v k\u016f\u017ei Jamese Bonda - WOMENHOUSE.cz","description":"Nejv\u011bt\u0161\u00ed padou\u0161i poh\u00e1dkov\u00e9 \u0159\u00ed\u0161e, t\u0159este se, Jen\u00ed\u010dek a Ma\u0159enka jsou zp\u011bt! Jsou u\u017e trochu dosp\u011bl\u00ed a pracuj\u00ed jako elitn\u00ed agenti v\u00a0Tajn\u00e9 agentu\u0159e","robots":{"index":"index","follow":"follow","max-snippet":"max-snippet:-1","max-image-preview":"max-image-preview:large","max-video-preview":"max-video-preview:-1"},"canonical":"https:\/\/womenhouse.cz\/index.php\/2026\/03\/18\/jenicek-a-marenka-se-vraci-do-kin-jako-strazci-kouzel-v-kuzi-jamese-bonda\/","og_locale":"cs_CZ","og_type":"article","og_title":"Jen\u00ed\u010dek a Ma\u0159enka se vrac\u00ed do kin jako str\u00e1\u017eci kouzel v k\u016f\u017ei Jamese Bonda - WOMENHOUSE.cz","og_description":"Nejv\u011bt\u0161\u00ed padou\u0161i poh\u00e1dkov\u00e9 \u0159\u00ed\u0161e, t\u0159este se, Jen\u00ed\u010dek a Ma\u0159enka jsou zp\u011bt! Jsou u\u017e trochu dosp\u011bl\u00ed a pracuj\u00ed jako elitn\u00ed agenti v\u00a0Tajn\u00e9 agentu\u0159e","og_url":"https:\/\/womenhouse.cz\/index.php\/2026\/03\/18\/jenicek-a-marenka-se-vraci-do-kin-jako-strazci-kouzel-v-kuzi-jamese-bonda\/","og_site_name":"WOMENHOUSE.cz","article_publisher":"https:\/\/www.facebook.com\/womenhousecz","article_published_time":"2026-03-17T23:26:00+00:00","article_modified_time":"2026-03-18T18:37:02+00:00","og_image":[{"width":1250,"height":659,"url":"https:\/\/womenhouse.cz\/wp-content\/uploads\/2026\/03\/Jenicek-a-Marenka_Strazci-kouzel_Marenka-s-princem-na-plese-zdroj-Bontonfilm.jpg","type":"image\/jpeg"}],"author":"Petra Kub\u00edkov\u00e1","twitter_card":"summary_large_image","twitter_misc":{"Napsal(a)":"Petra Kub\u00edkov\u00e1","Odhadovan\u00e1 doba \u010dten\u00ed":"6 minut"},"schema":{"@context":"https:\/\/schema.org","@graph":[{"@type":"Article","@id":"https:\/\/womenhouse.cz\/index.php\/2026\/03\/18\/jenicek-a-marenka-se-vraci-do-kin-jako-strazci-kouzel-v-kuzi-jamese-bonda\/#article","isPartOf":{"@id":"https:\/\/womenhouse.cz\/index.php\/2026\/03\/18\/jenicek-a-marenka-se-vraci-do-kin-jako-strazci-kouzel-v-kuzi-jamese-bonda\/"},"author":{"name":"Petra Kub\u00edkov\u00e1","@id":"https:\/\/womenhouse.cz\/#\/schema\/person\/4a1fde0be3f0c5dd5006ba6dc68c7656"},"headline":"Jen\u00ed\u010dek a Ma\u0159enka se vrac\u00ed do kin jako str\u00e1\u017eci kouzel v k\u016f\u017ei Jamese Bonda","datePublished":"2026-03-17T23:26:00+00:00","dateModified":"2026-03-18T18:37:02+00:00","mainEntityOfPage":{"@id":"https:\/\/womenhouse.cz\/index.php\/2026\/03\/18\/jenicek-a-marenka-se-vraci-do-kin-jako-strazci-kouzel-v-kuzi-jamese-bonda\/"},"wordCount":610,"publisher":{"@id":"https:\/\/womenhouse.cz\/#organization"},"keywords":["film","kino"],"articleSection":["KINO &amp; TV","NEWS","TIPY &amp; TRENDY"],"inLanguage":"cs"},{"@type":"WebPage","@id":"https:\/\/womenhouse.cz\/index.php\/2026\/03\/18\/jenicek-a-marenka-se-vraci-do-kin-jako-strazci-kouzel-v-kuzi-jamese-bonda\/","url":"https:\/\/womenhouse.cz\/index.php\/2026\/03\/18\/jenicek-a-marenka-se-vraci-do-kin-jako-strazci-kouzel-v-kuzi-jamese-bonda\/","name":"Jen\u00ed\u010dek a Ma\u0159enka se vrac\u00ed do kin jako str\u00e1\u017eci kouzel v k\u016f\u017ei Jamese Bonda - WOMENHOUSE.cz","isPartOf":{"@id":"https:\/\/womenhouse.cz\/#website"},"datePublished":"2026-03-17T23:26:00+00:00","dateModified":"2026-03-18T18:37:02+00:00","description":"Nejv\u011bt\u0161\u00ed padou\u0161i poh\u00e1dkov\u00e9 \u0159\u00ed\u0161e, t\u0159este se, Jen\u00ed\u010dek a Ma\u0159enka jsou zp\u011bt! Jsou u\u017e trochu dosp\u011bl\u00ed a pracuj\u00ed jako elitn\u00ed agenti v\u00a0Tajn\u00e9 agentu\u0159e","breadcrumb":{"@id":"https:\/\/womenhouse.cz\/index.php\/2026\/03\/18\/jenicek-a-marenka-se-vraci-do-kin-jako-strazci-kouzel-v-kuzi-jamese-bonda\/#breadcrumb"},"inLanguage":"cs","potentialAction":[{"@type":"ReadAction","target":["https:\/\/womenhouse.cz\/index.php\/2026\/03\/18\/jenicek-a-marenka-se-vraci-do-kin-jako-strazci-kouzel-v-kuzi-jamese-bonda\/"]}]},{"@type":"BreadcrumbList","@id":"https:\/\/womenhouse.cz\/index.php\/2026\/03\/18\/jenicek-a-marenka-se-vraci-do-kin-jako-strazci-kouzel-v-kuzi-jamese-bonda\/#breadcrumb","itemListElement":[{"@type":"ListItem","position":1,"name":"Dom\u016f","item":"https:\/\/womenhouse.cz\/"},{"@type":"ListItem","position":2,"name":"Jen\u00ed\u010dek a Ma\u0159enka se vrac\u00ed do kin jako str\u00e1\u017eci kouzel v k\u016f\u017ei Jamese Bonda"}]},{"@type":"WebSite","@id":"https:\/\/womenhouse.cz\/#website","url":"https:\/\/womenhouse.cz\/","name":"WOMENHOUSE.cz","description":"Port\u00e1l v\u00fdhradn\u011b jen pro \u017eeny...","publisher":{"@id":"https:\/\/womenhouse.cz\/#organization"},"potentialAction":[{"@type":"SearchAction","target":{"@type":"EntryPoint","urlTemplate":"https:\/\/womenhouse.cz\/?s={search_term_string}"},"query-input":"required name=search_term_string"}],"inLanguage":"cs"},{"@type":"Organization","@id":"https:\/\/womenhouse.cz\/#organization","name":"WOMENHOUSE.cz","url":"https:\/\/womenhouse.cz\/","logo":{"@type":"ImageObject","inLanguage":"cs","@id":"https:\/\/womenhouse.cz\/#\/schema\/logo\/image\/","url":"https:\/\/womenhouse.cz\/wp-content\/uploads\/2020\/06\/cropped-logo_Womenhouse_RGB-02-removebg-preview-1.png","contentUrl":"https:\/\/womenhouse.cz\/wp-content\/uploads\/2020\/06\/cropped-logo_Womenhouse_RGB-02-removebg-preview-1.png","width":561,"height":375,"caption":"WOMENHOUSE.cz"},"image":{"@id":"https:\/\/womenhouse.cz\/#\/schema\/logo\/image\/"},"sameAs":["https:\/\/www.facebook.com\/womenhousecz","https:\/\/www.instagram.com\/womenhousecz\/"]},{"@type":"Person","@id":"https:\/\/womenhouse.cz\/#\/schema\/person\/4a1fde0be3f0c5dd5006ba6dc68c7656","name":"Petra Kub\u00edkov\u00e1","sameAs":["http:\/\/WOMENHOUSE.cz"],"url":"https:\/\/womenhouse.cz\/index.php\/author\/kubip\/"}]}},"_links":{"self":[{"href":"https:\/\/womenhouse.cz\/index.php\/wp-json\/wp\/v2\/posts\/16915"}],"collection":[{"href":"https:\/\/womenhouse.cz\/index.php\/wp-json\/wp\/v2\/posts"}],"about":[{"href":"https:\/\/womenhouse.cz\/index.php\/wp-json\/wp\/v2\/types\/post"}],"author":[{"embeddable":true,"href":"https:\/\/womenhouse.cz\/index.php\/wp-json\/wp\/v2\/users\/6"}],"replies":[{"embeddable":true,"href":"https:\/\/womenhouse.cz\/index.php\/wp-json\/wp\/v2\/comments?post=16915"}],"version-history":[{"count":-4,"href":"https:\/\/womenhouse.cz\/index.php\/wp-json\/wp\/v2\/posts\/16915\/revisions"}],"wp:featuredmedia":[{"embeddable":true,"href":"https:\/\/womenhouse.cz\/index.php\/wp-json\/wp\/v2\/media\/16916"}],"wp:attachment":[{"href":"https:\/\/womenhouse.cz\/index.php\/wp-json\/wp\/v2\/media?parent=16915"}],"wp:term":[{"taxonomy":"category","embeddable":true,"href":"https:\/\/womenhouse.cz\/index.php\/wp-json\/wp\/v2\/categories?post=16915"},{"taxonomy":"post_tag","embeddable":true,"href":"https:\/\/womenhouse.cz\/index.php\/wp-json\/wp\/v2\/tags?post=16915"}],"curies":[{"name":"wp","href":"https:\/\/api.w.org\/{rel}","templated":true}]}}