{"id":16779,"date":"2026-01-10T00:01:00","date_gmt":"2026-01-09T23:01:00","guid":{"rendered":"https:\/\/womenhouse.cz\/?p=16779"},"modified":"2026-01-09T23:36:26","modified_gmt":"2026-01-09T22:36:26","slug":"stylizace-s-kabaty-na-chladnejsi-dny-medicine-radi","status":"publish","type":"post","link":"https:\/\/womenhouse.cz\/index.php\/2026\/01\/10\/stylizace-s-kabaty-na-chladnejsi-dny-medicine-radi\/","title":{"rendered":"Stylizace s kab\u00e1ty na chladn\u011bj\u0161\u00ed dny &#8211; MEDICINE rad\u00ed"},"content":{"rendered":"\n<div style=\"height:41px\" aria-hidden=\"true\" class=\"wp-block-spacer\"><\/div>\n\n\n\n<p class=\"has-medium-font-size\"><strong>V chladn\u011bj\u0161\u00edch m\u011bs\u00edc\u00edch se kab\u00e1t st\u00e1v\u00e1 centr\u00e1ln\u00edm prvkem \u017eensk\u00e9 stylizace. Je to pr\u00e1v\u011b on, kdo v nejv\u011bt\u0161\u00ed m\u00ed\u0159e ovliv\u0148uje celkov\u00fd dojem outfitu, proto\u017ee ho nos\u00edme t\u00e9m\u011b\u0159 ka\u017ed\u00fd den a obvykle v ve\u0159ejn\u00e9m prostoru. Spr\u00e1vn\u011b vybran\u00fd model by m\u011bl kombinovat t\u0159i kl\u00ed\u010dov\u00e9 vlastnosti: funk\u010dnost, pohodl\u00ed a estetiku. <\/strong><\/p>\n\n\n\n<p class=\"has-medium-font-size\"><strong>V praxi to znamen\u00e1 spr\u00e1vn\u00fd st\u0159ih, vhodn\u00fd materi\u00e1l a mo\u017enost kombinov\u00e1n\u00ed kab\u00e1tu s r\u016fzn\u00fdmi styly od casual a\u017e po elegantn\u00ed. Sou\u010dasn\u00e1 m\u00f3da nab\u00edz\u00ed \u0161irokou volbu st\u0159ih\u016f, co\u017e znamen\u00e1, \u017ee kab\u00e1t u\u017e nen\u00ed pouze svrchn\u00edm od\u011bvem, ale v\u011bdom\u00fdm prvkem pro budov\u00e1n\u00ed image. Je dobr\u00e9 v\u011bd\u011bt, jak\u00e9 typy kab\u00e1t\u016f se nejl\u00e9pe hod\u00ed na podzim a zimu a jak je stylizovat, aby byly nejen tepl\u00e9, ale i dob\u0159e slad\u011bn\u00e9 s ostatn\u00edmi kousky \u0161atn\u00edku.<\/strong><\/p>\n\n\n\n<div style=\"height:41px\" aria-hidden=\"true\" class=\"wp-block-spacer\"><\/div>\n\n\n<div class=\"wp-block-image\">\n<figure class=\"aligncenter size-full\"><img loading=\"lazy\" decoding=\"async\" width=\"1000\" height=\"800\" src=\"https:\/\/womenhouse.cz\/wp-content\/uploads\/2026\/01\/medicineblackfridaylistopad202525.png\" alt=\"Stylizace s kab\u00e1ty na chladn\u011bj\u0161\u00ed dny - MEDICINE rad\u00ed\" class=\"wp-image-16782\" srcset=\"https:\/\/womenhouse.cz\/wp-content\/uploads\/2026\/01\/medicineblackfridaylistopad202525.png 1000w, https:\/\/womenhouse.cz\/wp-content\/uploads\/2026\/01\/medicineblackfridaylistopad202525-300x240.png 300w, https:\/\/womenhouse.cz\/wp-content\/uploads\/2026\/01\/medicineblackfridaylistopad202525-768x614.png 768w\" sizes=\"(max-width: 1000px) 100vw, 1000px\" \/><\/figure><\/div>\n\n\n<div style=\"height:41px\" aria-hidden=\"true\" class=\"wp-block-spacer\"><\/div>\n\n\n\n<p class=\"has-medium-font-size\">V chladn\u011bj\u0161\u00edch m\u011bs\u00edc\u00edch se kab\u00e1t st\u00e1v\u00e1 centr\u00e1ln\u00edm prvkem \u017eensk\u00e9 stylizace. Je to pr\u00e1v\u011b on, kdo v nejv\u011bt\u0161\u00ed m\u00ed\u0159e ovliv\u0148uje celkov\u00fd dojem outfitu, proto\u017ee ho nos\u00edme t\u00e9m\u011b\u0159 ka\u017ed\u00fd den a obvykle v ve\u0159ejn\u00e9m prostoru. Spr\u00e1vn\u011b vybran\u00fd model by m\u011bl kombinovat t\u0159i kl\u00ed\u010dov\u00e9 vlastnosti: funk\u010dnost, pohodl\u00ed a estetiku. V praxi to znamen\u00e1 spr\u00e1vn\u00fd st\u0159ih, vhodn\u00fd materi\u00e1l a mo\u017enost kombinov\u00e1n\u00ed kab\u00e1tu s r\u016fzn\u00fdmi styly od casual a\u017e po elegantn\u00ed.<\/p>\n\n\n\n<p class=\"has-medium-font-size\">Sou\u010dasn\u00e1 m\u00f3da nab\u00edz\u00ed \u0161irokou volbu st\u0159ih\u016f, co\u017e znamen\u00e1, \u017ee kab\u00e1t u\u017e nen\u00ed pouze svrchn\u00edm od\u011bvem, ale v\u011bdom\u00fdm prvkem pro budov\u00e1n\u00ed image. Je dobr\u00e9 v\u011bd\u011bt, jak\u00e9 typy kab\u00e1t\u016f se nejl\u00e9pe hod\u00ed na podzim a zimu a jak je stylizovat, aby byly nejen tepl\u00e9, ale i dob\u0159e slad\u011bn\u00e9 s ostatn\u00edmi kousky \u0161atn\u00edku.<\/p>\n\n\n\n<div style=\"height:41px\" aria-hidden=\"true\" class=\"wp-block-spacer\"><\/div>\n\n\n\n<h2 class=\"wp-block-heading\">Klasick\u00fd kab\u00e1t &#8211; univerz\u00e1lnost a nad\u010dasovost<\/h2>\n\n\n\n<div style=\"height:41px\" aria-hidden=\"true\" class=\"wp-block-spacer\"><\/div>\n\n\n\n<p class=\"has-medium-font-size\">Klasick\u00e9 kab\u00e1ty s jednoduch\u00fdm st\u0159ihem jsou \u0159e\u0161en\u00edm, kter\u00e9 funguje bez ohledu na trendy. Obvykle maj\u00ed d\u00e9lku k kolen\u016fm nebo pod kolena, tlumen\u00e9 barvy a minimalistick\u00e9 detaily. Jejich nejv\u011bt\u0161\u00ed v\u00fdhodou je v\u0161estrannost, proto\u017ee se hod\u00ed jak do kancel\u00e1\u0159sk\u00fdch, tak i ka\u017edodenn\u00edch stylizac\u00ed.<\/p>\n\n\n\n<p class=\"has-medium-font-size\">V chladn\u011bj\u0161\u00edch dnech lze klasick\u00fd kab\u00e1t kombinovat s pleten\u00fdmi \u0161aty a koza\u010dkami nebo s jednoduch\u00fdmi kalhotami, svetr a kotn\u00edkov\u00fdmi botkami. D\u016fle\u017eit\u00e9 je zam\u011b\u0159it se na materi\u00e1l, modely s p\u0159\u00edm\u011bs\u00ed vlny poskytuj\u00ed lep\u0161\u00ed tepeln\u00fd komfort a d\u00e9le si zachov\u00e1vaj\u00ed estetick\u00fd vzhled.<\/p>\n\n\n\n<div style=\"height:41px\" aria-hidden=\"true\" class=\"wp-block-spacer\"><\/div>\n\n\n\n<h2 class=\"wp-block-heading\">Oversize kab\u00e1t &#8211; pohodl\u00ed v modern\u00edm pojet\u00ed<\/h2>\n\n\n\n<div style=\"height:41px\" aria-hidden=\"true\" class=\"wp-block-spacer\"><\/div>\n\n\n\n<p class=\"has-medium-font-size\">Voln\u00e9 oversize kab\u00e1ty jsou skv\u011blou volbou pro \u017eeny, kter\u00e9 oce\u0148uj\u00ed svobodu a m\u011bstsk\u00fd styl. Tento st\u0159ih umo\u017e\u0148uje nosit v\u00edce vrstev oble\u010den\u00ed, co\u017e je praktick\u00e9 p\u0159i n\u00edzk\u00fdch teplot\u00e1ch. Krom\u011b toho takov\u00fd kab\u00e1t dod\u00e1v\u00e1 stylizaci lehce nenucen\u00fd, m\u00f3dn\u00ed charakter.<\/p>\n\n\n\n<p class=\"has-medium-font-size\">Pro zachov\u00e1n\u00ed spr\u00e1vn\u00fdch proporc\u00ed siluety je dobr\u00e9 kombinovat oversize kab\u00e1t s v\u00edce p\u0159il\u00e9hav\u00fdmi prvky \u0161atn\u00edku. \u00dazk\u00e9 kalhoty, leg\u00edny nebo sukn\u011b jednoduch\u00e9ho st\u0159ihu dob\u0159e vyv\u00e1\u017e\u00ed objem svrchn\u00edho od\u011bvu. Celkov\u00fd vzhled m\u016f\u017eete doplnit masivn\u00edmi kotn\u00edkov\u00fdmi botkami nebo minimalistick\u00fdmi botami na ploch\u00e9 podr\u00e1\u017ece.<\/p>\n\n\n\n<div style=\"height:41px\" aria-hidden=\"true\" class=\"wp-block-spacer\"><\/div>\n\n\n<div class=\"wp-block-image\">\n<figure class=\"aligncenter size-full\"><img loading=\"lazy\" decoding=\"async\" width=\"498\" height=\"800\" src=\"https:\/\/womenhouse.cz\/wp-content\/uploads\/2026\/01\/medicineblackfridaylistopad202525_V.png\" alt=\"Stylizace s kab\u00e1ty na chladn\u011bj\u0161\u00ed dny - MEDICINE rad\u00ed\" class=\"wp-image-16781\" srcset=\"https:\/\/womenhouse.cz\/wp-content\/uploads\/2026\/01\/medicineblackfridaylistopad202525_V.png 498w, https:\/\/womenhouse.cz\/wp-content\/uploads\/2026\/01\/medicineblackfridaylistopad202525_V-187x300.png 187w\" sizes=\"(max-width: 498px) 100vw, 498px\" \/><\/figure><\/div>\n\n\n<div style=\"height:41px\" aria-hidden=\"true\" class=\"wp-block-spacer\"><\/div>\n\n\n\n<h2 class=\"wp-block-heading\">Kab\u00e1t s p\u00e1skem &#8211; \u017eensk\u00e1 silueta a funk\u010dnost<\/h2>\n\n\n\n<div style=\"height:41px\" aria-hidden=\"true\" class=\"wp-block-spacer\"><\/div>\n\n\n\n<p class=\"has-medium-font-size\">Modely s p\u00e1skem jsou ide\u00e1ln\u00ed volbou pro ty, kter\u00e9 cht\u011bj\u00ed zv\u00fdraznit pas a dodat siluet\u011b propor\u010dn\u00ed vzhled. P\u00e1sek umo\u017e\u0148uje upravit st\u0159ih kab\u00e1tu, co\u017e je praktick\u00e9 p\u0159i prom\u011bnliv\u00e9m po\u010das\u00ed a p\u0159i no\u0161en\u00ed siln\u011bj\u0161\u00edho svetru pod kab\u00e1tem.<\/p>\n\n\n\n<p class=\"has-medium-font-size\">Takov\u00e9\u00a0<a href=\"https:\/\/wearmedicine.cz\/k\/ona\/obleceni\/kabaty\"><strong>d\u00e1msk\u00e9 kab\u00e1ty<\/strong><\/a>\u00a0skv\u011ble funguj\u00ed ve form\u00e1ln\u00edch stylizac\u00edch, ale bez probl\u00e9m\u016f je lze nosit i ka\u017edodenn\u011b. Sta\u010d\u00ed je zkombinovat s d\u017e\u00edny, rol\u00e1kem a pohodln\u00fdmi kotn\u00edkov\u00fdmi botkami, abyste vytvo\u0159ili konzistentn\u00ed m\u011bstsk\u00fd vzhled.<\/p>\n\n\n\n<div style=\"height:41px\" aria-hidden=\"true\" class=\"wp-block-spacer\"><\/div>\n\n\n\n<h2 class=\"wp-block-heading\">Nejobl\u00edben\u011bj\u0161\u00ed st\u0159ihy d\u00e1msk\u00fdch kab\u00e1t\u016f<\/h2>\n\n\n\n<div style=\"height:41px\" aria-hidden=\"true\" class=\"wp-block-spacer\"><\/div>\n\n\n\n<p class=\"has-medium-font-size\"><strong>Aby byl v\u00fdb\u011br vhodn\u00e9ho modelu jednodu\u0161\u0161\u00ed, je dobr\u00e9 si se\u0159adit nejb\u011b\u017en\u011bj\u0161\u00ed st\u0159ihy:<\/strong><\/p>\n\n\n\n<ul>\n<li class=\"has-medium-font-size\">Prost\u00fd kab\u00e1t &#8211; univerz\u00e1ln\u00ed, vhodn\u00fd do pr\u00e1ce i ka\u017edodenn\u00edch stylizac\u00ed,<\/li>\n\n\n\n<li class=\"has-medium-font-size\">Oversize kab\u00e1t &#8211; voln\u00fd, modern\u00ed, ide\u00e1ln\u00ed do vrstven\u00fdch outfit\u016f,<\/li>\n\n\n\n<li class=\"has-medium-font-size\">Kab\u00e1t s p\u00e1skem &#8211; zv\u00fdraz\u0148uje pas, v\u00edce \u017eensk\u00fd ve form\u011b,<\/li>\n\n\n\n<li class=\"has-medium-font-size\">Dvoud\u00edln\u00fd kab\u00e1t &#8211; inspirov\u00e1n klasikou, p\u0159id\u00e1v\u00e1 stylizaci strukturu.<\/li>\n<\/ul>\n\n\n\n<p class=\"has-medium-font-size\">Ka\u017ed\u00fd z t\u011bchto st\u0159ih\u016f lze p\u0159izp\u016fsobit jin\u00e9mu \u017eivotn\u00edmu stylu a preferovan\u00e9mu vzhledu, tak\u017ee je dobr\u00e9 m\u00edt v \u0161atn\u00edku alespo\u0148 jeden univerz\u00e1ln\u00ed model.<\/p>\n\n\n\n<div style=\"height:41px\" aria-hidden=\"true\" class=\"wp-block-spacer\"><\/div>\n\n\n<div class=\"wp-block-image\">\n<figure class=\"aligncenter size-full\"><img loading=\"lazy\" decoding=\"async\" width=\"495\" height=\"800\" src=\"https:\/\/womenhouse.cz\/wp-content\/uploads\/2026\/01\/medicineblackfridaylistopad202525_V2.png\" alt=\"Stylizace s kab\u00e1ty na chladn\u011bj\u0161\u00ed dny - MEDICINE rad\u00ed\" class=\"wp-image-16780\" srcset=\"https:\/\/womenhouse.cz\/wp-content\/uploads\/2026\/01\/medicineblackfridaylistopad202525_V2.png 495w, https:\/\/womenhouse.cz\/wp-content\/uploads\/2026\/01\/medicineblackfridaylistopad202525_V2-186x300.png 186w\" sizes=\"(max-width: 495px) 100vw, 495px\" \/><\/figure><\/div>\n\n\n<div style=\"height:41px\" aria-hidden=\"true\" class=\"wp-block-spacer\"><\/div>\n\n\n\n<h2 class=\"wp-block-heading\">Jak stylizovat kab\u00e1t na chladn\u011bj\u0161\u00ed po\u010das\u00ed<\/h2>\n\n\n\n<div style=\"height:41px\" aria-hidden=\"true\" class=\"wp-block-spacer\"><\/div>\n\n\n\n<p class=\"has-medium-font-size\">Stylizace kab\u00e1tu v chladn\u00fdch dnech by m\u011bla kombinovat estetiku s prakti\u010dnost\u00ed. Kl\u00ed\u010dov\u00e1 je um\u011b\u0159en\u00e1 vrstven\u00ed a v\u00fdb\u011br dopl\u0148k\u016f, kter\u00e9 zvy\u0161uj\u00ed tepeln\u00fd komfort.<br>Nejd\u016fle\u017eit\u011bj\u0161\u00ed pravidla pro stylizace do chladn\u00e9ho po\u010das\u00ed:<\/p>\n\n\n\n<ul>\n<li class=\"has-medium-font-size\">s\u00e1hn\u011bte po vrstv\u00e1ch (rol\u00e1ky, kardigany, tenk\u00e9 svetry pod kab\u00e1tem),<\/li>\n\n\n\n<li class=\"has-medium-font-size\">vyberte vhodn\u00e9 dopl\u0148ky &#8211; \u0161\u00e1ly, \u010depice a rukavice mohou b\u00fdt jak praktick\u00e9, tak dekorativn\u00ed,<\/li>\n\n\n\n<li class=\"has-medium-font-size\">p\u0159izp\u016fsobte obuv d\u00e9lce kab\u00e1tu a podm\u00ednk\u00e1m po\u010das\u00ed,<\/li>\n\n\n\n<li class=\"has-medium-font-size\">zachovejte konzistentn\u00ed barevnost, kter\u00e1 usnadn\u00ed kombinov\u00e1n\u00ed kab\u00e1tu s ostatn\u00edmi kousky \u0161atn\u00edku.<\/li>\n<\/ul>\n\n\n\n<p class=\"has-medium-font-size\">D\u00edky t\u011bmto z\u00e1sad\u00e1m m\u016f\u017ee i jednoduch\u00fd kab\u00e1t slou\u017eit jako z\u00e1klad pro mnoho r\u016fzn\u00fdch stylizac\u00ed vhodn\u00fdch pro r\u016fzn\u00e9 p\u0159\u00edle\u017eitosti.<\/p>\n\n\n\n<div style=\"height:41px\" aria-hidden=\"true\" class=\"wp-block-spacer\"><\/div>\n\n\n\n<h2 class=\"wp-block-heading\">Kde hledat inspiraci a hotov\u00e1 \u0159e\u0161en\u00ed<\/h2>\n\n\n\n<div style=\"height:41px\" aria-hidden=\"true\" class=\"wp-block-spacer\"><\/div>\n\n\n\n<p class=\"has-medium-font-size\">Pokud chcete doplnit sv\u016fj \u0161atn\u00edk o stylov\u00e9 kab\u00e1ty a pleten\u00e9 kousky na chladn\u011bj\u0161\u00ed dny, m\u011bli byste se pod\u00edvat na nab\u00eddku obchodu MEDICINE. V jednom m\u00edst\u011b najdete r\u016fzn\u00e9 st\u0159ihy d\u00e1msk\u00fdch kab\u00e1t\u016f a kardigan\u016f, kter\u00e9 skv\u011ble funguj\u00ed jako vrstva pod svrchn\u00ed od\u011bv.<\/p>\n\n\n\n<p class=\"has-medium-font-size\">Je to pohodln\u00e9 \u0159e\u0161en\u00ed pro \u017eeny, kter\u00e9 ocen\u00ed konzistentn\u00ed styl, dobr\u00fd design a mo\u017enost snadno sestavit celou stylizaci bez dlouh\u00e9ho hled\u00e1n\u00ed.<\/p>\n\n\n\n<div style=\"height:100px\" aria-hidden=\"true\" class=\"wp-block-spacer\"><\/div>\n\n\n\n<figure class=\"wp-block-gallery has-nested-images columns-2 is-cropped wp-block-gallery-1 is-layout-flex wp-block-gallery-is-layout-flex\">\n<figure class=\"wp-block-image size-large\"><img loading=\"lazy\" decoding=\"async\" width=\"495\" height=\"800\" data-id=\"16780\" src=\"https:\/\/womenhouse.cz\/wp-content\/uploads\/2026\/01\/medicineblackfridaylistopad202525_V2.png\" alt=\"Stylizace s kab\u00e1ty na chladn\u011bj\u0161\u00ed dny - MEDICINE rad\u00ed\" class=\"wp-image-16780\" srcset=\"https:\/\/womenhouse.cz\/wp-content\/uploads\/2026\/01\/medicineblackfridaylistopad202525_V2.png 495w, https:\/\/womenhouse.cz\/wp-content\/uploads\/2026\/01\/medicineblackfridaylistopad202525_V2-186x300.png 186w\" sizes=\"(max-width: 495px) 100vw, 495px\" \/><\/figure>\n\n\n\n<figure class=\"wp-block-image size-large\"><img loading=\"lazy\" decoding=\"async\" width=\"498\" height=\"800\" data-id=\"16781\" src=\"https:\/\/womenhouse.cz\/wp-content\/uploads\/2026\/01\/medicineblackfridaylistopad202525_V.png\" alt=\"Stylizace s kab\u00e1ty na chladn\u011bj\u0161\u00ed dny - MEDICINE rad\u00ed\" class=\"wp-image-16781\" srcset=\"https:\/\/womenhouse.cz\/wp-content\/uploads\/2026\/01\/medicineblackfridaylistopad202525_V.png 498w, https:\/\/womenhouse.cz\/wp-content\/uploads\/2026\/01\/medicineblackfridaylistopad202525_V-187x300.png 187w\" sizes=\"(max-width: 498px) 100vw, 498px\" \/><\/figure>\n\n\n\n<figure class=\"wp-block-image size-large\"><img loading=\"lazy\" decoding=\"async\" width=\"1000\" height=\"800\" data-id=\"16782\" src=\"https:\/\/womenhouse.cz\/wp-content\/uploads\/2026\/01\/medicineblackfridaylistopad202525.png\" alt=\"Stylizace s kab\u00e1ty na chladn\u011bj\u0161\u00ed dny - MEDICINE rad\u00ed\" class=\"wp-image-16782\" srcset=\"https:\/\/womenhouse.cz\/wp-content\/uploads\/2026\/01\/medicineblackfridaylistopad202525.png 1000w, https:\/\/womenhouse.cz\/wp-content\/uploads\/2026\/01\/medicineblackfridaylistopad202525-300x240.png 300w, https:\/\/womenhouse.cz\/wp-content\/uploads\/2026\/01\/medicineblackfridaylistopad202525-768x614.png 768w\" sizes=\"(max-width: 1000px) 100vw, 1000px\" \/><\/figure>\n<\/figure>\n\n\n\n<div style=\"height:33px\" aria-hidden=\"true\" class=\"wp-block-spacer\"><\/div>\n\n\n\n<p><strong>Zdroj foto:<\/strong> wearmedicine.cz<\/p>\n\n\n\n<div style=\"height:100px\" aria-hidden=\"true\" class=\"wp-block-spacer\"><\/div>\n","protected":false},"excerpt":{"rendered":"<p>V chladn\u011bj\u0161\u00edch m\u011bs\u00edc\u00edch se kab\u00e1t st\u00e1v\u00e1 centr\u00e1ln\u00edm prvkem \u017eensk\u00e9 stylizace. Je to pr\u00e1v\u011b on, kdo v nejv\u011bt\u0161\u00ed m\u00ed\u0159e ovliv\u0148uje celkov\u00fd dojem outfitu, proto\u017ee ho nos\u00edme t\u00e9m\u011b\u0159 ka\u017ed\u00fd den a obvykle v ve\u0159ejn\u00e9m prostoru. Spr\u00e1vn\u011b vybran\u00fd model by m\u011bl kombinovat t\u0159i kl\u00ed\u010dov\u00e9 vlastnosti: funk\u010dnost, pohodl\u00ed a estetiku. V praxi to znamen\u00e1 spr\u00e1vn\u00fd st\u0159ih, vhodn\u00fd materi\u00e1l a [&hellip;]<\/p>\n","protected":false},"author":2,"featured_media":16782,"comment_status":"closed","ping_status":"closed","sticky":true,"template":"","format":"standard","meta":{"_mi_skip_tracking":false,"_monsterinsights_sitenote_active":false,"_monsterinsights_sitenote_note":"","_monsterinsights_sitenote_category":0,"footnotes":""},"categories":[4,2,12],"tags":[],"yoast_head":"<!-- This site is optimized with the Yoast SEO plugin v21.5 - https:\/\/yoast.com\/wordpress\/plugins\/seo\/ -->\n<title>Stylizace s kab\u00e1ty na chladn\u011bj\u0161\u00ed dny - MEDICINE rad\u00ed - WOMENHOUSE.cz<\/title>\n<meta name=\"description\" content=\"Jak\u00e9 typy kab\u00e1t\u016f se nejl\u00e9pe hod\u00ed na podzim a zimu a jak je stylizovat, aby byly nejen tepl\u00e9, ale i dob\u0159e slad\u011bn\u00e9 s ostatn\u00edmi kousky v \u0161atn\u00edku.\" \/>\n<meta name=\"robots\" content=\"index, follow, max-snippet:-1, max-image-preview:large, max-video-preview:-1\" \/>\n<link rel=\"canonical\" href=\"https:\/\/womenhouse.cz\/index.php\/2026\/01\/10\/stylizace-s-kabaty-na-chladnejsi-dny-medicine-radi\/\" \/>\n<meta property=\"og:locale\" content=\"cs_CZ\" \/>\n<meta property=\"og:type\" content=\"article\" \/>\n<meta property=\"og:title\" content=\"Stylizace s kab\u00e1ty na chladn\u011bj\u0161\u00ed dny - MEDICINE rad\u00ed - WOMENHOUSE.cz\" \/>\n<meta property=\"og:description\" content=\"Jak\u00e9 typy kab\u00e1t\u016f se nejl\u00e9pe hod\u00ed na podzim a zimu a jak je stylizovat, aby byly nejen tepl\u00e9, ale i dob\u0159e slad\u011bn\u00e9 s ostatn\u00edmi kousky v \u0161atn\u00edku.\" \/>\n<meta property=\"og:url\" content=\"https:\/\/womenhouse.cz\/index.php\/2026\/01\/10\/stylizace-s-kabaty-na-chladnejsi-dny-medicine-radi\/\" \/>\n<meta property=\"og:site_name\" content=\"WOMENHOUSE.cz\" \/>\n<meta property=\"article:publisher\" content=\"https:\/\/www.facebook.com\/womenhousecz\" \/>\n<meta property=\"article:published_time\" content=\"2026-01-09T23:01:00+00:00\" \/>\n<meta property=\"article:modified_time\" content=\"2026-01-09T22:36:26+00:00\" \/>\n<meta property=\"og:image\" content=\"https:\/\/womenhouse.cz\/wp-content\/uploads\/2026\/01\/medicineblackfridaylistopad202525.png\" \/>\n\t<meta property=\"og:image:width\" content=\"1000\" \/>\n\t<meta property=\"og:image:height\" content=\"800\" \/>\n\t<meta property=\"og:image:type\" content=\"image\/png\" \/>\n<meta name=\"author\" content=\"Jolana Hol\u00e1\u0148ov\u00e1\" \/>\n<meta name=\"twitter:card\" content=\"summary_large_image\" \/>\n<meta name=\"twitter:label1\" content=\"Napsal(a)\" \/>\n\t<meta name=\"twitter:data1\" content=\"Jolana Hol\u00e1\u0148ov\u00e1\" \/>\n\t<meta name=\"twitter:label2\" content=\"Odhadovan\u00e1 doba \u010dten\u00ed\" \/>\n\t<meta name=\"twitter:data2\" content=\"6 minut\" \/>\n<script type=\"application\/ld+json\" class=\"yoast-schema-graph\">{\"@context\":\"https:\/\/schema.org\",\"@graph\":[{\"@type\":\"Article\",\"@id\":\"https:\/\/womenhouse.cz\/index.php\/2026\/01\/10\/stylizace-s-kabaty-na-chladnejsi-dny-medicine-radi\/#article\",\"isPartOf\":{\"@id\":\"https:\/\/womenhouse.cz\/index.php\/2026\/01\/10\/stylizace-s-kabaty-na-chladnejsi-dny-medicine-radi\/\"},\"author\":{\"name\":\"Jolana Hol\u00e1\u0148ov\u00e1\",\"@id\":\"https:\/\/womenhouse.cz\/#\/schema\/person\/541326101f8d68c711e83e8fecc80738\"},\"headline\":\"Stylizace s kab\u00e1ty na chladn\u011bj\u0161\u00ed dny &#8211; MEDICINE rad\u00ed\",\"datePublished\":\"2026-01-09T23:01:00+00:00\",\"dateModified\":\"2026-01-09T22:36:26+00:00\",\"mainEntityOfPage\":{\"@id\":\"https:\/\/womenhouse.cz\/index.php\/2026\/01\/10\/stylizace-s-kabaty-na-chladnejsi-dny-medicine-radi\/\"},\"wordCount\":1049,\"publisher\":{\"@id\":\"https:\/\/womenhouse.cz\/#organization\"},\"articleSection\":[\"M\u00f3DA\",\"NEWS\",\"TIPY &amp; TRENDY\"],\"inLanguage\":\"cs\"},{\"@type\":\"WebPage\",\"@id\":\"https:\/\/womenhouse.cz\/index.php\/2026\/01\/10\/stylizace-s-kabaty-na-chladnejsi-dny-medicine-radi\/\",\"url\":\"https:\/\/womenhouse.cz\/index.php\/2026\/01\/10\/stylizace-s-kabaty-na-chladnejsi-dny-medicine-radi\/\",\"name\":\"Stylizace s kab\u00e1ty na chladn\u011bj\u0161\u00ed dny - MEDICINE rad\u00ed - WOMENHOUSE.cz\",\"isPartOf\":{\"@id\":\"https:\/\/womenhouse.cz\/#website\"},\"datePublished\":\"2026-01-09T23:01:00+00:00\",\"dateModified\":\"2026-01-09T22:36:26+00:00\",\"description\":\"Jak\u00e9 typy kab\u00e1t\u016f se nejl\u00e9pe hod\u00ed na podzim a zimu a jak je stylizovat, aby byly nejen tepl\u00e9, ale i dob\u0159e slad\u011bn\u00e9 s ostatn\u00edmi kousky v \u0161atn\u00edku.\",\"breadcrumb\":{\"@id\":\"https:\/\/womenhouse.cz\/index.php\/2026\/01\/10\/stylizace-s-kabaty-na-chladnejsi-dny-medicine-radi\/#breadcrumb\"},\"inLanguage\":\"cs\",\"potentialAction\":[{\"@type\":\"ReadAction\",\"target\":[\"https:\/\/womenhouse.cz\/index.php\/2026\/01\/10\/stylizace-s-kabaty-na-chladnejsi-dny-medicine-radi\/\"]}]},{\"@type\":\"BreadcrumbList\",\"@id\":\"https:\/\/womenhouse.cz\/index.php\/2026\/01\/10\/stylizace-s-kabaty-na-chladnejsi-dny-medicine-radi\/#breadcrumb\",\"itemListElement\":[{\"@type\":\"ListItem\",\"position\":1,\"name\":\"Dom\u016f\",\"item\":\"https:\/\/womenhouse.cz\/\"},{\"@type\":\"ListItem\",\"position\":2,\"name\":\"Stylizace s kab\u00e1ty na chladn\u011bj\u0161\u00ed dny &#8211; MEDICINE rad\u00ed\"}]},{\"@type\":\"WebSite\",\"@id\":\"https:\/\/womenhouse.cz\/#website\",\"url\":\"https:\/\/womenhouse.cz\/\",\"name\":\"WOMENHOUSE.cz\",\"description\":\"Port\u00e1l v\u00fdhradn\u011b jen pro \u017eeny...\",\"publisher\":{\"@id\":\"https:\/\/womenhouse.cz\/#organization\"},\"potentialAction\":[{\"@type\":\"SearchAction\",\"target\":{\"@type\":\"EntryPoint\",\"urlTemplate\":\"https:\/\/womenhouse.cz\/?s={search_term_string}\"},\"query-input\":\"required name=search_term_string\"}],\"inLanguage\":\"cs\"},{\"@type\":\"Organization\",\"@id\":\"https:\/\/womenhouse.cz\/#organization\",\"name\":\"WOMENHOUSE.cz\",\"url\":\"https:\/\/womenhouse.cz\/\",\"logo\":{\"@type\":\"ImageObject\",\"inLanguage\":\"cs\",\"@id\":\"https:\/\/womenhouse.cz\/#\/schema\/logo\/image\/\",\"url\":\"https:\/\/womenhouse.cz\/wp-content\/uploads\/2020\/06\/cropped-logo_Womenhouse_RGB-02-removebg-preview-1.png\",\"contentUrl\":\"https:\/\/womenhouse.cz\/wp-content\/uploads\/2020\/06\/cropped-logo_Womenhouse_RGB-02-removebg-preview-1.png\",\"width\":561,\"height\":375,\"caption\":\"WOMENHOUSE.cz\"},\"image\":{\"@id\":\"https:\/\/womenhouse.cz\/#\/schema\/logo\/image\/\"},\"sameAs\":[\"https:\/\/www.facebook.com\/womenhousecz\",\"https:\/\/www.instagram.com\/womenhousecz\/\"]},{\"@type\":\"Person\",\"@id\":\"https:\/\/womenhouse.cz\/#\/schema\/person\/541326101f8d68c711e83e8fecc80738\",\"name\":\"Jolana Hol\u00e1\u0148ov\u00e1\",\"sameAs\":[\"http:\/\/www.womenhouse.cz\"],\"url\":\"https:\/\/womenhouse.cz\/index.php\/author\/jolhol\/\"}]}<\/script>\n<!-- \/ Yoast SEO plugin. -->","yoast_head_json":{"title":"Stylizace s kab\u00e1ty na chladn\u011bj\u0161\u00ed dny - MEDICINE rad\u00ed - WOMENHOUSE.cz","description":"Jak\u00e9 typy kab\u00e1t\u016f se nejl\u00e9pe hod\u00ed na podzim a zimu a jak je stylizovat, aby byly nejen tepl\u00e9, ale i dob\u0159e slad\u011bn\u00e9 s ostatn\u00edmi kousky v \u0161atn\u00edku.","robots":{"index":"index","follow":"follow","max-snippet":"max-snippet:-1","max-image-preview":"max-image-preview:large","max-video-preview":"max-video-preview:-1"},"canonical":"https:\/\/womenhouse.cz\/index.php\/2026\/01\/10\/stylizace-s-kabaty-na-chladnejsi-dny-medicine-radi\/","og_locale":"cs_CZ","og_type":"article","og_title":"Stylizace s kab\u00e1ty na chladn\u011bj\u0161\u00ed dny - MEDICINE rad\u00ed - WOMENHOUSE.cz","og_description":"Jak\u00e9 typy kab\u00e1t\u016f se nejl\u00e9pe hod\u00ed na podzim a zimu a jak je stylizovat, aby byly nejen tepl\u00e9, ale i dob\u0159e slad\u011bn\u00e9 s ostatn\u00edmi kousky v \u0161atn\u00edku.","og_url":"https:\/\/womenhouse.cz\/index.php\/2026\/01\/10\/stylizace-s-kabaty-na-chladnejsi-dny-medicine-radi\/","og_site_name":"WOMENHOUSE.cz","article_publisher":"https:\/\/www.facebook.com\/womenhousecz","article_published_time":"2026-01-09T23:01:00+00:00","article_modified_time":"2026-01-09T22:36:26+00:00","og_image":[{"width":1000,"height":800,"url":"https:\/\/womenhouse.cz\/wp-content\/uploads\/2026\/01\/medicineblackfridaylistopad202525.png","type":"image\/png"}],"author":"Jolana Hol\u00e1\u0148ov\u00e1","twitter_card":"summary_large_image","twitter_misc":{"Napsal(a)":"Jolana Hol\u00e1\u0148ov\u00e1","Odhadovan\u00e1 doba \u010dten\u00ed":"6 minut"},"schema":{"@context":"https:\/\/schema.org","@graph":[{"@type":"Article","@id":"https:\/\/womenhouse.cz\/index.php\/2026\/01\/10\/stylizace-s-kabaty-na-chladnejsi-dny-medicine-radi\/#article","isPartOf":{"@id":"https:\/\/womenhouse.cz\/index.php\/2026\/01\/10\/stylizace-s-kabaty-na-chladnejsi-dny-medicine-radi\/"},"author":{"name":"Jolana Hol\u00e1\u0148ov\u00e1","@id":"https:\/\/womenhouse.cz\/#\/schema\/person\/541326101f8d68c711e83e8fecc80738"},"headline":"Stylizace s kab\u00e1ty na chladn\u011bj\u0161\u00ed dny &#8211; MEDICINE rad\u00ed","datePublished":"2026-01-09T23:01:00+00:00","dateModified":"2026-01-09T22:36:26+00:00","mainEntityOfPage":{"@id":"https:\/\/womenhouse.cz\/index.php\/2026\/01\/10\/stylizace-s-kabaty-na-chladnejsi-dny-medicine-radi\/"},"wordCount":1049,"publisher":{"@id":"https:\/\/womenhouse.cz\/#organization"},"articleSection":["M\u00f3DA","NEWS","TIPY &amp; TRENDY"],"inLanguage":"cs"},{"@type":"WebPage","@id":"https:\/\/womenhouse.cz\/index.php\/2026\/01\/10\/stylizace-s-kabaty-na-chladnejsi-dny-medicine-radi\/","url":"https:\/\/womenhouse.cz\/index.php\/2026\/01\/10\/stylizace-s-kabaty-na-chladnejsi-dny-medicine-radi\/","name":"Stylizace s kab\u00e1ty na chladn\u011bj\u0161\u00ed dny - MEDICINE rad\u00ed - WOMENHOUSE.cz","isPartOf":{"@id":"https:\/\/womenhouse.cz\/#website"},"datePublished":"2026-01-09T23:01:00+00:00","dateModified":"2026-01-09T22:36:26+00:00","description":"Jak\u00e9 typy kab\u00e1t\u016f se nejl\u00e9pe hod\u00ed na podzim a zimu a jak je stylizovat, aby byly nejen tepl\u00e9, ale i dob\u0159e slad\u011bn\u00e9 s ostatn\u00edmi kousky v \u0161atn\u00edku.","breadcrumb":{"@id":"https:\/\/womenhouse.cz\/index.php\/2026\/01\/10\/stylizace-s-kabaty-na-chladnejsi-dny-medicine-radi\/#breadcrumb"},"inLanguage":"cs","potentialAction":[{"@type":"ReadAction","target":["https:\/\/womenhouse.cz\/index.php\/2026\/01\/10\/stylizace-s-kabaty-na-chladnejsi-dny-medicine-radi\/"]}]},{"@type":"BreadcrumbList","@id":"https:\/\/womenhouse.cz\/index.php\/2026\/01\/10\/stylizace-s-kabaty-na-chladnejsi-dny-medicine-radi\/#breadcrumb","itemListElement":[{"@type":"ListItem","position":1,"name":"Dom\u016f","item":"https:\/\/womenhouse.cz\/"},{"@type":"ListItem","position":2,"name":"Stylizace s kab\u00e1ty na chladn\u011bj\u0161\u00ed dny &#8211; MEDICINE rad\u00ed"}]},{"@type":"WebSite","@id":"https:\/\/womenhouse.cz\/#website","url":"https:\/\/womenhouse.cz\/","name":"WOMENHOUSE.cz","description":"Port\u00e1l v\u00fdhradn\u011b jen pro \u017eeny...","publisher":{"@id":"https:\/\/womenhouse.cz\/#organization"},"potentialAction":[{"@type":"SearchAction","target":{"@type":"EntryPoint","urlTemplate":"https:\/\/womenhouse.cz\/?s={search_term_string}"},"query-input":"required name=search_term_string"}],"inLanguage":"cs"},{"@type":"Organization","@id":"https:\/\/womenhouse.cz\/#organization","name":"WOMENHOUSE.cz","url":"https:\/\/womenhouse.cz\/","logo":{"@type":"ImageObject","inLanguage":"cs","@id":"https:\/\/womenhouse.cz\/#\/schema\/logo\/image\/","url":"https:\/\/womenhouse.cz\/wp-content\/uploads\/2020\/06\/cropped-logo_Womenhouse_RGB-02-removebg-preview-1.png","contentUrl":"https:\/\/womenhouse.cz\/wp-content\/uploads\/2020\/06\/cropped-logo_Womenhouse_RGB-02-removebg-preview-1.png","width":561,"height":375,"caption":"WOMENHOUSE.cz"},"image":{"@id":"https:\/\/womenhouse.cz\/#\/schema\/logo\/image\/"},"sameAs":["https:\/\/www.facebook.com\/womenhousecz","https:\/\/www.instagram.com\/womenhousecz\/"]},{"@type":"Person","@id":"https:\/\/womenhouse.cz\/#\/schema\/person\/541326101f8d68c711e83e8fecc80738","name":"Jolana Hol\u00e1\u0148ov\u00e1","sameAs":["http:\/\/www.womenhouse.cz"],"url":"https:\/\/womenhouse.cz\/index.php\/author\/jolhol\/"}]}},"_links":{"self":[{"href":"https:\/\/womenhouse.cz\/index.php\/wp-json\/wp\/v2\/posts\/16779"}],"collection":[{"href":"https:\/\/womenhouse.cz\/index.php\/wp-json\/wp\/v2\/posts"}],"about":[{"href":"https:\/\/womenhouse.cz\/index.php\/wp-json\/wp\/v2\/types\/post"}],"author":[{"embeddable":true,"href":"https:\/\/womenhouse.cz\/index.php\/wp-json\/wp\/v2\/users\/2"}],"replies":[{"embeddable":true,"href":"https:\/\/womenhouse.cz\/index.php\/wp-json\/wp\/v2\/comments?post=16779"}],"version-history":[{"count":-3,"href":"https:\/\/womenhouse.cz\/index.php\/wp-json\/wp\/v2\/posts\/16779\/revisions"}],"wp:featuredmedia":[{"embeddable":true,"href":"https:\/\/womenhouse.cz\/index.php\/wp-json\/wp\/v2\/media\/16782"}],"wp:attachment":[{"href":"https:\/\/womenhouse.cz\/index.php\/wp-json\/wp\/v2\/media?parent=16779"}],"wp:term":[{"taxonomy":"category","embeddable":true,"href":"https:\/\/womenhouse.cz\/index.php\/wp-json\/wp\/v2\/categories?post=16779"},{"taxonomy":"post_tag","embeddable":true,"href":"https:\/\/womenhouse.cz\/index.php\/wp-json\/wp\/v2\/tags?post=16779"}],"curies":[{"name":"wp","href":"https:\/\/api.w.org\/{rel}","templated":true}]}}