{"id":16748,"date":"2026-01-02T00:01:00","date_gmt":"2026-01-01T23:01:00","guid":{"rendered":"https:\/\/womenhouse.cz\/?p=16748"},"modified":"2026-04-15T03:13:01","modified_gmt":"2026-04-15T01:13:01","slug":"pece-o-telo-a-mysl-nova-kolekce-od-tchibo-prinasi-to-nejlepsi-pro-domaci-wellnes-a-relax","status":"publish","type":"post","link":"https:\/\/womenhouse.cz\/index.php\/2026\/01\/02\/pece-o-telo-a-mysl-nova-kolekce-od-tchibo-prinasi-to-nejlepsi-pro-domaci-wellnes-a-relax\/","title":{"rendered":"P\u00e9\u010de o t\u011blo a mysl: Nov\u00e1 kolekce od Tchibo p\u0159in\u00e1\u0161\u00ed to nejlep\u0161\u00ed pro dom\u00e1c\u00ed wellnes a relax"},"content":{"rendered":"\n<div style=\"height:35px\" aria-hidden=\"true\" class=\"wp-block-spacer\"><\/div>\n\n\n\n<p class=\"has-medium-font-size\"><strong>Nechat sv\u011bt na chv\u00edli za dve\u0159mi, zklidnit mysl a dop\u0159\u00e1t si p\u00e9\u010di. To si v neust\u00e1le p\u0159\u00edtomn\u00e9m shonu zaslou\u017e\u00ed ka\u017ed\u00fd. Relaxa\u010dn\u00ed kolekce od Tchibo tak p\u0159in\u00e1\u0161\u00ed v\u0161emo\u017en\u00e9 pomocn\u00edky \u2013 od hebk\u00e9ho dom\u00e1c\u00edho oble\u010den\u00ed po relaxa\u010dn\u00ed, ale i pe\u010duj\u00edc\u00ed pom\u016fcky. Kolekci<\/strong> <strong>\u201e\u010cas na relax: P\u00e9\u010de o t\u011blo a mysl\u201c<\/strong> <strong>najdete od 8. prosince v obchodech a koutc\u00edch Tchibo, na e-shopu Tchibo.cz ji\u017e od 2. prosince.<\/strong><\/p>\n\n\n\n<div style=\"height:35px\" aria-hidden=\"true\" class=\"wp-block-spacer\"><\/div>\n\n\n<div class=\"wp-block-image\">\n<figure class=\"aligncenter size-full\"><img decoding=\"async\" src=\"https:\/\/vcentru.cz\/wp-content\/uploads\/2025\/12\/5_147859_Pyjama-Set_Pinguin_2_50.25_1763490662-1.jpg\" alt=\"P\u00e9\u010de o t\u011blo a mysl: Nov\u00e1 kolekce od Tchibo p\u0159in\u00e1\u0161\u00ed to nejlep\u0161\u00ed pro dom\u00e1c\u00ed wellnes a relax\" class=\"wp-image-6507\" \/><\/figure><\/div>\n\n\n<div style=\"height:35px\" aria-hidden=\"true\" class=\"wp-block-spacer\"><\/div>\n\n\n\n<h2 class=\"wp-block-heading\">Ply\u0161ov\u00fd \u017eupan<\/h2>\n\n\n\n<div style=\"height:35px\" aria-hidden=\"true\" class=\"wp-block-spacer\"><\/div>\n\n\n\n<p class=\"has-medium-font-size\">Mal\u00fd ritu\u00e1l pro dokonal\u00fd relax. \u017dupan po koupeli zah\u0159eje, ply\u0161ov\u00fd materi\u00e1l pohlad\u00ed a uvoln\u00ed. P\u00e1sek p\u0159izp\u016fsob\u00ed st\u0159ih, kapsy schovaj\u00ed drobnosti. \u0160e\u0159\u00edkov\u00e1 barva? Ta dolad\u00ed pohodu.<\/p>\n\n\n\n<p class=\"has-medium-font-size\">Velikosti: S 36\/38 \u2013 XL 48\/50, materi\u00e1l: 100% polyester (recyklovan\u00fd)<\/p>\n\n\n\n<p class=\"has-medium-font-size\"><strong>Zakoup\u00edte v kamenn\u00fdch obchodech Tchibo, v Tchibo koutc\u00edch i na <\/strong><strong>e-shopu Tchibo<\/strong><strong>. P\u0159edb\u011b\u017en\u00e1 prodejn\u00ed cena 999 K\u010d, s TchiboCard 899 K\u010d.<\/strong><\/p>\n\n\n\n<div style=\"height:35px\" aria-hidden=\"true\" class=\"wp-block-spacer\"><\/div>\n\n\n<div class=\"wp-block-image\">\n<figure class=\"aligncenter size-large is-resized\"><img decoding=\"async\" src=\"https:\/\/vcentru.cz\/wp-content\/uploads\/2025\/12\/1_147508_Kuschelmantel_2_50.25_1763490128-683x1024.jpg\" alt=\"P\u00e9\u010de o t\u011blo a mysl: Nov\u00e1 kolekce od Tchibo p\u0159in\u00e1\u0161\u00ed to nejlep\u0161\u00ed pro dom\u00e1c\u00ed wellnes a relax\" class=\"wp-image-6508\" style=\"width:460px\" \/><\/figure><\/div>\n\n\n<div style=\"height:35px\" aria-hidden=\"true\" class=\"wp-block-spacer\"><\/div>\n\n\n\n<h2 class=\"wp-block-heading\">H\u0159ejiv\u00fd p\u00e1s<\/h2>\n\n\n\n<div style=\"height:35px\" aria-hidden=\"true\" class=\"wp-block-spacer\"><\/div>\n\n\n\n<p class=\"has-medium-font-size\">Proti nap\u011bt\u00ed v z\u00e1dech, b\u0159i\u0161e nebo krku p\u016fsob\u00ed teplo zklid\u0148uj\u00edc\u00edm dojmem. Zah\u0159\u00edvac\u00ed p\u00e1s s prodlou\u017een\u00fdm potahem a zap\u00edn\u00e1n\u00edm na such\u00fd zip se p\u0159izp\u016fsob\u00ed po\u017eadovan\u00e9 oblasti a pevn\u011b dr\u017e\u00ed. Potah je m\u011bkk\u00fd na dotek a prakticky prateln\u00fd.<\/p>\n\n\n\n<p class=\"has-medium-font-size\">Rozm\u011bry: \u0160 x V x H cca 35,5 x 11,5 x 5 cm, tlou\u0161\u0165ka materi\u00e1lu cca 1,7 mm, ? plnic\u00edho otvoru cca 3 cm. Potah: \u0160 x V x H cca 120 x 14 x 8\u201314 cm, materi\u00e1l: potah 100% polyester; l\u00e1hev 100% polyvinylchlorid; uz\u00e1v\u011br 100% polypropylen<\/p>\n\n\n\n<p class=\"has-medium-font-size\"><strong>Zakoup\u00edte v kamenn\u00fdch obchodech Tchibo, v Tchibo koutc\u00edch i na <\/strong><strong>e-shopu Tchibo<\/strong><strong>. P\u0159edb\u011b\u017en\u00e1 prodejn\u00ed cena 599 K\u010d.<\/strong><\/p>\n\n\n\n<div style=\"height:35px\" aria-hidden=\"true\" class=\"wp-block-spacer\"><\/div>\n\n\n\n<figure class=\"wp-block-gallery has-nested-images columns-default is-cropped wp-block-gallery-1 is-layout-flex wp-block-gallery-is-layout-flex\">\n<figure class=\"wp-block-image size-large\"><img decoding=\"async\" data-id=\"6510\" src=\"https:\/\/vcentru.cz\/wp-content\/uploads\/2025\/12\/2_149094_Warmflasche_Band_3_50.25_1763490327-683x1024.jpg\" alt=\"P\u00e9\u010de o t\u011blo a mysl: Nov\u00e1 kolekce od Tchibo p\u0159in\u00e1\u0161\u00ed to nejlep\u0161\u00ed pro dom\u00e1c\u00ed wellnes a relax\" class=\"wp-image-6510\" \/><\/figure>\n\n\n\n<figure class=\"wp-block-image size-large\"><img decoding=\"async\" data-id=\"6509\" src=\"https:\/\/vcentru.cz\/wp-content\/uploads\/2025\/12\/2_149094_Warmflasche_Band_FS_2_50.25_1763490419-1024x1024.jpg\" alt=\"P\u00e9\u010de o t\u011blo a mysl: Nov\u00e1 kolekce od Tchibo p\u0159in\u00e1\u0161\u00ed to nejlep\u0161\u00ed pro dom\u00e1c\u00ed wellnes a relax\" class=\"wp-image-6509\" \/><\/figure>\n<\/figure>\n\n\n\n<div style=\"height:35px\" aria-hidden=\"true\" class=\"wp-block-spacer\"><\/div>\n\n\n\n<h2 class=\"wp-block-heading\">5v1 sada na nehty<\/h2>\n\n\n\n<div style=\"height:35px\" aria-hidden=\"true\" class=\"wp-block-spacer\"><\/div>\n\n\n\n<p class=\"has-medium-font-size\">Pro rychlou p\u00e9\u010di a zkr\u00e1\u0161len\u00ed neht\u016f se u\u017e nemus\u00edte nikam objedn\u00e1vat. V pohodl\u00ed domova zvl\u00e1dnete tvarov\u00e1n\u00ed, zkracov\u00e1n\u00ed, le\u0161t\u011bn\u00ed i odstran\u011bn\u00ed nehtov\u00e9 k\u016f\u017ei\u010dky d\u00edky sad\u011b s praktick\u00fdmi n\u00e1stavci. Integrovan\u00e1 UV lampa urychl\u00ed schnut\u00ed laku. Sada je navr\u017eena tak, aby byla snadn\u00e1 na pou\u017eit\u00ed i skladov\u00e1n\u00ed a aby v\u00fdsledky p\u016fsobily profesion\u00e1ln\u011b.<\/p>\n\n\n\n<p class=\"has-medium-font-size\">Rozm\u011bry: za\u0159\u00edzen\u00ed d\u00e9lka cca 16,5 cm, ? cca 3 cm; v\u010detn\u011b stojanu v\u00fd\u0161ka cca 19 cm, ? cca 5,5 cm<\/p>\n\n\n\n<p class=\"has-medium-font-size\"><strong>Zakoup\u00edte v kamenn\u00fdch obchodech Tchibo, v Tchibo koutc\u00edch i na <\/strong><strong>e-shopu Tchibo<\/strong><strong>. P\u0159edb\u011b\u017en\u00e1 prodejn\u00ed cena 599 K\u010d.<\/strong><\/p>\n\n\n\n<div style=\"height:35px\" aria-hidden=\"true\" class=\"wp-block-spacer\"><\/div>\n\n\n<div class=\"wp-block-image\">\n<figure class=\"aligncenter size-large is-resized\"><img decoding=\"async\" src=\"https:\/\/vcentru.cz\/wp-content\/uploads\/2025\/12\/11_149587-5-in-1-Manikure-Pedikure-Set-1-50.25-1024x865.jpg\" alt=\"P\u00e9\u010de o t\u011blo a mysl: Nov\u00e1 kolekce od Tchibo p\u0159in\u00e1\u0161\u00ed to nejlep\u0161\u00ed pro dom\u00e1c\u00ed wellnes a relax\" class=\"wp-image-6502\" style=\"width:460px\" \/><\/figure><\/div>\n\n\n<div style=\"height:35px\" aria-hidden=\"true\" class=\"wp-block-spacer\"><\/div>\n\n\n\n<h2 class=\"wp-block-heading\">Korektor na vbo\u010den\u00fd palec<\/h2>\n\n\n\n<div style=\"height:35px\" aria-hidden=\"true\" class=\"wp-block-spacer\"><\/div>\n\n\n\n<p class=\"has-medium-font-size\">\u0160etrn\u00fd korektor zm\u00edrn\u00ed tlak a bolest p\u0159i vbo\u010den\u00e9m palci. B\u011bhem no\u0161en\u00ed jemn\u011b koriguje postaven\u00ed prstu a sni\u017euj\u00ed mechanick\u00e9 t\u0159en\u00ed v\u016f\u010di obuvi. M\u011bkk\u00fd materi\u00e1l s polstrovac\u00edm efektem poskytuje komfort i p\u0159i del\u0161\u00edm no\u0161en\u00ed a chr\u00e1ni\u010de lze diskr\u00e9tn\u011b nosit pod pono\u017ekami \u010di pun\u010dochami. Jsou opakovan\u011b pou\u017eiteln\u00e9, omyvateln\u00e9. Balen\u00ed obsahuje jeden p\u00e1r.<\/p>\n\n\n\n<p class=\"has-medium-font-size\">Rozm\u011bry: ka\u017ed\u00fd cca 8 \u00d7 5 cm, tlou\u0161\u0165ka cca 2 cm, materi\u00e1l: 100 % styren-ethylen-butylen-styren (termoplastick\u00fd elastomer)<\/p>\n\n\n\n<p class=\"has-medium-font-size\"><strong>Zakoup\u00edte v kamenn\u00fdch obchodech Tchibo, v Tchibo koutc\u00edch i na <\/strong><strong>e-shopu Tchibo<\/strong><strong>. P\u0159edb\u011b\u017en\u00e1 prodejn\u00ed cena 199 K\u010d.<\/strong><\/p>\n\n\n\n<div style=\"height:35px\" aria-hidden=\"true\" class=\"wp-block-spacer\"><\/div>\n\n\n<div class=\"wp-block-image\">\n<figure class=\"aligncenter size-large is-resized\"><img decoding=\"async\" src=\"https:\/\/vcentru.cz\/wp-content\/uploads\/2025\/12\/4_149095_2_Hallux-Valgus-Schutze_1_50.25_1763490577-1024x683.jpg\" alt=\"P\u00e9\u010de o t\u011blo a mysl: Nov\u00e1 kolekce od Tchibo p\u0159in\u00e1\u0161\u00ed to nejlep\u0161\u00ed pro dom\u00e1c\u00ed wellnes a relax\" class=\"wp-image-6495\" style=\"width:460px\" \/><\/figure><\/div>\n\n\n<div style=\"height:35px\" aria-hidden=\"true\" class=\"wp-block-spacer\"><\/div>\n\n\n\n<h2 class=\"wp-block-heading\">Py\u017eamov\u00fd set<\/h2>\n\n\n\n<div style=\"height:35px\" aria-hidden=\"true\" class=\"wp-block-spacer\"><\/div>\n\n\n\n<p class=\"has-medium-font-size\">Ve\u010der si sta\u010d\u00ed obl\u00e9ci pohodln\u00e9 py\u017eamo z m\u011bkk\u00e9ho materi\u00e1lu a nechat se v\u00e9st do \u0159\u00ed\u0161e sn\u016f. Kalhoty s elastick\u00fdm pasem se p\u0159izp\u016fsob\u00ed ka\u017ed\u00e9 postav\u011b a vrchn\u00ed d\u00edl s dlouh\u00fdm ruk\u00e1vem udr\u017e\u00ed t\u011blo v teple. Kvalitn\u00ed zna\u010dkov\u00fd elastan zaru\u010duje odolnost p\u0159i \u010dast\u00e9m pran\u00ed.<\/p>\n\n\n\n<p class=\"has-medium-font-size\">Velikosti: S 36\/38 \u2013 XXL 52\/54, materi\u00e1l: 58 % bavlna (podporuje iniciativu Cotton made in Africa), 39 % visk\u00f3za, 3 % elastan<\/p>\n\n\n\n<p class=\"has-medium-font-size\"><strong>Zakoup\u00edte v kamenn\u00fdch obchodech Tchibo, v Tchibo koutc\u00edch i na <\/strong><strong>e-shopu Tchibo<\/strong><strong>. P\u0159edb\u011b\u017en\u00e1 prodejn\u00ed cena 599 K\u010d.<\/strong><\/p>\n\n\n\n<div style=\"height:35px\" aria-hidden=\"true\" class=\"wp-block-spacer\"><\/div>\n\n\n\n<figure class=\"wp-block-gallery has-nested-images columns-default is-cropped wp-block-gallery-2 is-layout-flex wp-block-gallery-is-layout-flex\">\n<figure class=\"wp-block-image size-large\"><img decoding=\"async\" data-id=\"6501\" src=\"https:\/\/vcentru.cz\/wp-content\/uploads\/2025\/12\/5_147859_Pyjama-Set_Flieder_2_50.25_1763490628-683x1024.jpg\" alt=\"P\u00e9\u010de o t\u011blo a mysl: Nov\u00e1 kolekce od Tchibo p\u0159in\u00e1\u0161\u00ed to nejlep\u0161\u00ed pro dom\u00e1c\u00ed wellnes a relax\" class=\"wp-image-6501\" \/><\/figure>\n\n\n\n<figure class=\"wp-block-image size-large\"><img decoding=\"async\" data-id=\"6496\" src=\"https:\/\/vcentru.cz\/wp-content\/uploads\/2025\/12\/5_147859_Pyjama-Set_Pinguin_FS_1_50.25_1763490681-1024x1024.jpg\" alt=\"P\u00e9\u010de o t\u011blo a mysl: Nov\u00e1 kolekce od Tchibo p\u0159in\u00e1\u0161\u00ed to nejlep\u0161\u00ed pro dom\u00e1c\u00ed wellnes a relax\" class=\"wp-image-6496\" \/><\/figure>\n<\/figure>\n\n\n\n<div style=\"height:35px\" aria-hidden=\"true\" class=\"wp-block-spacer\"><\/div>\n\n\n\n<h2 class=\"wp-block-heading\">Teplo kdekoli<\/h2>\n\n\n\n<div style=\"height:35px\" aria-hidden=\"true\" class=\"wp-block-spacer\"><\/div>\n\n\n\n<p class=\"has-medium-font-size\">Mal\u00e9, roztomil\u00e9 a praktick\u00e9 \u2013 p\u0159esn\u011b to, co chcete m\u00edt p\u0159i sob\u011b v zim\u011b. H\u0159ejiv\u00e9 pol\u0161t\u00e1\u0159ky poskytuj\u00ed teplo pro ruce i t\u011blo b\u011bhem mraziv\u00fdch v\u00fdlet\u016f na trhy nebo p\u0159i proch\u00e1zk\u00e1ch. Ply\u0161ov\u00fd povrch je p\u0159\u00edjemn\u00fd na dotek a v\u00fdrobek je mo\u017en\u00e9 znovu a znovu aktivovat, a\u017e 1000kr\u00e1t.<\/p>\n\n\n\n<p class=\"has-medium-font-size\">Rozm\u011bry: ka\u017ed\u00fd cca 9 \u00d7 5,5 cm, materi\u00e1l: vn\u011bj\u0161\u00ed \u010d\u00e1st h\u0159ejiv\u00e9ho pol\u0161t\u00e1\u0159ku polyvinylchlorid; obsah pol\u0161t\u00e1\u0159ku 98 % octan sodn\u00fd, 2 % voda; ply\u0161ov\u00fd potah 100 % polyester; vnit\u0159n\u00ed pod\u0161\u00edvka 100 % polypropylen<\/p>\n\n\n\n<p class=\"has-medium-font-size\"><strong>Zakoup\u00edte v kamenn\u00fdch obchodech Tchibo, v Tchibo koutc\u00edch i na <\/strong><strong>e-shopu Tchibo<\/strong><strong>. P\u0159edb\u011b\u017en\u00e1 prodejn\u00ed cena 249 K\u010d.<\/strong><\/p>\n\n\n\n<div style=\"height:35px\" aria-hidden=\"true\" class=\"wp-block-spacer\"><\/div>\n\n\n<div class=\"wp-block-image\">\n<figure class=\"aligncenter size-large is-resized\"><img decoding=\"async\" src=\"https:\/\/vcentru.cz\/wp-content\/uploads\/2025\/12\/6_149093_2_Taschenheizkissen_Pinguin_2_50.25_1763491008-1024x683.jpg\" alt=\"P\u00e9\u010de o t\u011blo a mysl: Nov\u00e1 kolekce od Tchibo p\u0159in\u00e1\u0161\u00ed to nejlep\u0161\u00ed pro dom\u00e1c\u00ed wellnes a relax\" class=\"wp-image-6506\" style=\"width:560px\" \/><\/figure><\/div>\n\n\n<div style=\"height:35px\" aria-hidden=\"true\" class=\"wp-block-spacer\"><\/div>\n\n\n\n<h2 class=\"wp-block-heading\">Jemn\u00e9 vlny bez tepeln\u00e9 \u00fapravy<\/h2>\n\n\n\n<div style=\"height:35px\" aria-hidden=\"true\" class=\"wp-block-spacer\"><\/div>\n\n\n\n<p class=\"has-medium-font-size\">Nat\u00e1\u010dec\u00ed p\u00e1s v kombinaci se sponkami a sk\u0159ipcem uchyt\u00ed prameny tak, aby se p\u0159es noc vytvo\u0159ily p\u0159irozen\u00e9 lokny. R\u00e1no sta\u010d\u00ed p\u00e1s vyjmout a vlasy jsou p\u0159ipraven\u00e9 z\u00e1\u0159it po cel\u00fd den. Produkt lze pou\u017e\u00edt na such\u00e9 i mokr\u00e9 vlasy. P\u0159\u00edjemn\u00fd materi\u00e1l je komfortn\u00ed i p\u0159i span\u00ed a je mo\u017en\u00e9 aplikovat na r\u016fzn\u00e9 d\u00e9lky vlas\u016f.<\/p>\n\n\n\n<p class=\"has-medium-font-size\">Rozm\u011bry: celkov\u00e1 d\u00e9lka cca 150 cm, ? cca 3 cm; vlasov\u00e9 gumi\u010dky ? cca 30 cm, \u0161\u00ed\u0159ka cca 8 mm; vlasov\u00e1 spona \u0160 \u00d7 V \u00d7 H cca 3 \u00d7 8 \u00d7 5 cm, materi\u00e1l: nat\u00e1\u010dec\u00ed p\u00e1s 100 % polyesterov\u00fd ply\u0161; v\u00fdpl\u0148 100 % polyester; vlasov\u00e9 gumi\u010dky polyester a guma; vlasov\u00e1 sponka polyester a pru\u017einov\u00e1 ocel<\/p>\n\n\n\n<p class=\"has-medium-font-size\"><strong>Zakoup\u00edte v kamenn\u00fdch obchodech Tchibo, v Tchibo koutc\u00edch i na <\/strong><strong>e-shopu Tchibo<\/strong><strong>. P\u0159edb\u011b\u017en\u00e1 prodejn\u00ed cena 199 K\u010d.<\/strong><\/p>\n\n\n\n<div style=\"height:35px\" aria-hidden=\"true\" class=\"wp-block-spacer\"><\/div>\n\n\n<div class=\"wp-block-image\">\n<figure class=\"aligncenter size-large is-resized\"><img decoding=\"async\" src=\"https:\/\/vcentru.cz\/wp-content\/uploads\/2025\/12\/7_149103_Hitzefreie_Lockenwickler_1_50.25_1763491048-1024x683.jpg\" alt=\"P\u00e9\u010de o t\u011blo a mysl: Nov\u00e1 kolekce od Tchibo p\u0159in\u00e1\u0161\u00ed to nejlep\u0161\u00ed pro dom\u00e1c\u00ed wellnes a relax\" class=\"wp-image-6497\" style=\"aspect-ratio:1.4992870238337748;width:622px;height:auto\" \/><\/figure><\/div>\n\n\n<div style=\"height:35px\" aria-hidden=\"true\" class=\"wp-block-spacer\"><\/div>\n\n\n\n<h2 class=\"wp-block-heading\">Relaxace a uvoln\u011bn\u00ed<\/h2>\n\n\n\n<div style=\"height:35px\" aria-hidden=\"true\" class=\"wp-block-spacer\"><\/div>\n\n\n\n<p class=\"has-medium-font-size\">Jemn\u00e1 mas\u00e1\u017e a p\u00e9\u010de v jednom v\u00fdrobku. M\u011bkk\u00e9 v\u00fdstupky stimuluj\u00ed prokrven\u00ed poko\u017eky a \u0161etrn\u011b odstra\u0148uj\u00ed ne\u010distoty. Hod\u00ed se k pou\u017eit\u00ed na such\u00e9 i mokr\u00e9 vlasy a dob\u0159e funguj\u00ed i ve spojen\u00ed se \u0161amponem. Univerz\u00e1ln\u00ed proveden\u00ed zaru\u010duje pou\u017eit\u00ed pro r\u016fzn\u00e9 typy poko\u017eky hlavy.<\/p>\n\n\n\n<p class=\"has-medium-font-size\">Rozm\u011bry: d\u00e9lka cca 9,5 cm, hlavice cca 7 \u00d7 7 cm, materi\u00e1l: t\u011blo 100% akrylonitril-butadien-styren (ABS), v\u00fdstupky 100% termoplastick\u00e9 elastomery (termoplastick\u00e1 guma)<\/p>\n\n\n\n<p class=\"has-medium-font-size\"><strong>Zakoup\u00edte v kamenn\u00fdch obchodech Tchibo, v Tchibo koutc\u00edch i na <\/strong><strong>e-shopu Tchibo<\/strong><strong>. P\u0159edb\u011b\u017en\u00e1 prodejn\u00ed cena 199 K\u010d.<\/strong><\/p>\n\n\n\n<div style=\"height:35px\" aria-hidden=\"true\" class=\"wp-block-spacer\"><\/div>\n\n\n<div class=\"wp-block-image\">\n<figure class=\"aligncenter size-large is-resized\"><img decoding=\"async\" src=\"https:\/\/vcentru.cz\/wp-content\/uploads\/2025\/12\/8_149170_Kopfmassageburste_FS_1_50.25_1763491106-1024x1024.jpg\" alt=\"P\u00e9\u010de o t\u011blo a mysl: Nov\u00e1 kolekce od Tchibo p\u0159in\u00e1\u0161\u00ed to nejlep\u0161\u00ed pro dom\u00e1c\u00ed wellnes a relax\" class=\"wp-image-6498\" style=\"width:344px;height:auto\" \/><\/figure><\/div>\n\n\n<div style=\"height:35px\" aria-hidden=\"true\" class=\"wp-block-spacer\"><\/div>\n\n\n\n<p class=\"has-medium-font-size\"><a href=\"http:\/\/www.tchibo.cz\/\"><strong>www.tchibo.cz<\/strong><\/a><\/p>\n\n\n\n<div style=\"height:100px\" aria-hidden=\"true\" class=\"wp-block-spacer\"><\/div>\n\n\n\n<figure class=\"wp-block-gallery has-nested-images columns-2 is-cropped wp-block-gallery-3 is-layout-flex wp-block-gallery-is-layout-flex\">\n<figure class=\"wp-block-image size-large\"><img decoding=\"async\" data-id=\"6505\" src=\"https:\/\/vcentru.cz\/wp-content\/uploads\/2025\/12\/5_147859_Pyjama-Set_Pinguin_2_50.25_1763490662-683x1024.jpg\" alt=\"P\u00e9\u010de o t\u011blo a mysl: Nov\u00e1 kolekce od Tchibo p\u0159in\u00e1\u0161\u00ed to nejlep\u0161\u00ed pro dom\u00e1c\u00ed wellnes a relax\" class=\"wp-image-6505\" \/><\/figure>\n\n\n\n<figure class=\"wp-block-image size-large\"><img decoding=\"async\" data-id=\"6508\" src=\"https:\/\/vcentru.cz\/wp-content\/uploads\/2025\/12\/1_147508_Kuschelmantel_2_50.25_1763490128-683x1024.jpg\" alt=\"P\u00e9\u010de o t\u011blo a mysl: Nov\u00e1 kolekce od Tchibo p\u0159in\u00e1\u0161\u00ed to nejlep\u0161\u00ed pro dom\u00e1c\u00ed wellnes a relax\" class=\"wp-image-6508\" \/><\/figure>\n\n\n\n<figure class=\"wp-block-image size-large\"><img decoding=\"async\" data-id=\"6501\" src=\"https:\/\/vcentru.cz\/wp-content\/uploads\/2025\/12\/5_147859_Pyjama-Set_Flieder_2_50.25_1763490628-683x1024.jpg\" alt=\"P\u00e9\u010de o t\u011blo a mysl: Nov\u00e1 kolekce od Tchibo p\u0159in\u00e1\u0161\u00ed to nejlep\u0161\u00ed pro dom\u00e1c\u00ed wellnes a relax\" class=\"wp-image-6501\" \/><\/figure>\n\n\n\n<figure class=\"wp-block-image size-large\"><img decoding=\"async\" data-id=\"6510\" src=\"https:\/\/vcentru.cz\/wp-content\/uploads\/2025\/12\/2_149094_Warmflasche_Band_3_50.25_1763490327-683x1024.jpg\" alt=\"P\u00e9\u010de o t\u011blo a mysl: Nov\u00e1 kolekce od Tchibo p\u0159in\u00e1\u0161\u00ed to nejlep\u0161\u00ed pro dom\u00e1c\u00ed wellnes a relax\" class=\"wp-image-6510\" \/><\/figure>\n\n\n\n<figure class=\"wp-block-image size-large\"><img decoding=\"async\" data-id=\"6506\" src=\"https:\/\/vcentru.cz\/wp-content\/uploads\/2025\/12\/6_149093_2_Taschenheizkissen_Pinguin_2_50.25_1763491008-1024x683.jpg\" alt=\"P\u00e9\u010de o t\u011blo a mysl: Nov\u00e1 kolekce od Tchibo p\u0159in\u00e1\u0161\u00ed to nejlep\u0161\u00ed pro dom\u00e1c\u00ed wellnes a relax\" class=\"wp-image-6506\" \/><\/figure>\n\n\n\n<figure class=\"wp-block-image size-large\"><img decoding=\"async\" data-id=\"6502\" src=\"https:\/\/vcentru.cz\/wp-content\/uploads\/2025\/12\/11_149587-5-in-1-Manikure-Pedikure-Set-1-50.25-1024x865.jpg\" alt=\"P\u00e9\u010de o t\u011blo a mysl: Nov\u00e1 kolekce od Tchibo p\u0159in\u00e1\u0161\u00ed to nejlep\u0161\u00ed pro dom\u00e1c\u00ed wellnes a relax\" class=\"wp-image-6502\" \/><\/figure>\n\n\n\n<figure class=\"wp-block-image size-large\"><img decoding=\"async\" data-id=\"6495\" src=\"https:\/\/vcentru.cz\/wp-content\/uploads\/2025\/12\/4_149095_2_Hallux-Valgus-Schutze_1_50.25_1763490577-1024x683.jpg\" alt=\"P\u00e9\u010de o t\u011blo a mysl: Nov\u00e1 kolekce od Tchibo p\u0159in\u00e1\u0161\u00ed to nejlep\u0161\u00ed pro dom\u00e1c\u00ed wellnes a relax\" class=\"wp-image-6495\" \/><\/figure>\n\n\n\n<figure class=\"wp-block-image size-large\"><img decoding=\"async\" data-id=\"6498\" src=\"https:\/\/vcentru.cz\/wp-content\/uploads\/2025\/12\/8_149170_Kopfmassageburste_FS_1_50.25_1763491106-1024x1024.jpg\" alt=\"P\u00e9\u010de o t\u011blo a mysl: Nov\u00e1 kolekce od Tchibo p\u0159in\u00e1\u0161\u00ed to nejlep\u0161\u00ed pro dom\u00e1c\u00ed wellnes a relax\" class=\"wp-image-6498\" \/><\/figure>\n\n\n\n<figure class=\"wp-block-image size-large\"><img decoding=\"async\" data-id=\"6497\" src=\"https:\/\/vcentru.cz\/wp-content\/uploads\/2025\/12\/7_149103_Hitzefreie_Lockenwickler_1_50.25_1763491048-1024x683.jpg\" alt=\"P\u00e9\u010de o t\u011blo a mysl: Nov\u00e1 kolekce od Tchibo p\u0159in\u00e1\u0161\u00ed to nejlep\u0161\u00ed pro dom\u00e1c\u00ed wellnes a relax\" class=\"wp-image-6497\" \/><\/figure>\n\n\n\n<figure class=\"wp-block-image size-large\"><img decoding=\"async\" data-id=\"6496\" src=\"https:\/\/vcentru.cz\/wp-content\/uploads\/2025\/12\/5_147859_Pyjama-Set_Pinguin_FS_1_50.25_1763490681-1024x1024.jpg\" alt=\"P\u00e9\u010de o t\u011blo a mysl: Nov\u00e1 kolekce od Tchibo p\u0159in\u00e1\u0161\u00ed to nejlep\u0161\u00ed pro dom\u00e1c\u00ed wellnes a relax\" class=\"wp-image-6496\" \/><\/figure>\n\n\n\n<figure class=\"wp-block-image size-large\"><img decoding=\"async\" data-id=\"6509\" src=\"https:\/\/vcentru.cz\/wp-content\/uploads\/2025\/12\/2_149094_Warmflasche_Band_FS_2_50.25_1763490419-1024x1024.jpg\" alt=\"P\u00e9\u010de o t\u011blo a mysl: Nov\u00e1 kolekce od Tchibo p\u0159in\u00e1\u0161\u00ed to nejlep\u0161\u00ed pro dom\u00e1c\u00ed wellnes a relax\" class=\"wp-image-6509\" \/><\/figure>\n\n\n\n<figure class=\"wp-block-image size-large\"><img decoding=\"async\" data-id=\"6503\" src=\"https:\/\/vcentru.cz\/wp-content\/uploads\/2025\/12\/06_149106-Warmflasche-Pinguin-FS-1-50.25-1024x1024.jpg\" alt=\"P\u00e9\u010de o t\u011blo a mysl: Nov\u00e1 kolekce od Tchibo p\u0159in\u00e1\u0161\u00ed to nejlep\u0161\u00ed pro dom\u00e1c\u00ed wellnes a relax\" class=\"wp-image-6503\" \/><\/figure>\n<\/figure>\n\n\n\n<div style=\"height:35px\" aria-hidden=\"true\" class=\"wp-block-spacer\"><\/div>\n\n\n\n<p class=\"has-medium-font-size\"><strong>Zdroj foto: <\/strong>Tchibo<\/p>\n\n\n\n<div style=\"height:65px\" aria-hidden=\"true\" class=\"wp-block-spacer\"><\/div>\n","protected":false},"excerpt":{"rendered":"<p>Nechat sv\u011bt na chv\u00edli za dve\u0159mi, zklidnit mysl a dop\u0159\u00e1t si p\u00e9\u010di. To si v neust\u00e1le p\u0159\u00edtomn\u00e9m shonu zaslou\u017e\u00ed ka\u017ed\u00fd. Relaxa\u010dn\u00ed kolekce od Tchibo tak p\u0159in\u00e1\u0161\u00ed v\u0161emo\u017en\u00e9 pomocn\u00edky \u2013 od hebk\u00e9ho dom\u00e1c\u00edho oble\u010den\u00ed po relaxa\u010dn\u00ed, ale i pe\u010duj\u00edc\u00ed pom\u016fcky. Kolekci \u201e\u010cas na relax: P\u00e9\u010de o t\u011blo a mysl\u201c najdete od 8. prosince v obchodech a [&hellip;]<\/p>\n","protected":false},"author":11,"featured_media":16775,"comment_status":"closed","ping_status":"closed","sticky":false,"template":"","format":"standard","meta":{"_mi_skip_tracking":false,"_monsterinsights_sitenote_active":false,"_monsterinsights_sitenote_note":"","_monsterinsights_sitenote_category":0,"footnotes":""},"categories":[2,22,12],"tags":[],"yoast_head":"<!-- This site is optimized with the Yoast SEO plugin v21.5 - https:\/\/yoast.com\/wordpress\/plugins\/seo\/ -->\n<title>P\u00e9\u010de o t\u011blo a mysl: Nov\u00e1 kolekce od Tchibo p\u0159in\u00e1\u0161\u00ed to nejlep\u0161\u00ed pro dom\u00e1c\u00ed wellnes a relax - WOMENHOUSE.cz<\/title>\n<meta name=\"description\" content=\"Nechat sv\u011bt na chv\u00edli za dve\u0159mi, zklidnit mysl a dop\u0159\u00e1t si p\u00e9\u010di. To si v neust\u00e1le p\u0159\u00edtomn\u00e9m shonu zaslou\u017e\u00ed ka\u017ed\u00fd. Relaxa\u010dn\u00ed kolekce od Tchibo\" \/>\n<meta name=\"robots\" content=\"index, follow, max-snippet:-1, max-image-preview:large, max-video-preview:-1\" \/>\n<link rel=\"canonical\" href=\"https:\/\/womenhouse.cz\/index.php\/2026\/01\/02\/pece-o-telo-a-mysl-nova-kolekce-od-tchibo-prinasi-to-nejlepsi-pro-domaci-wellnes-a-relax\/\" \/>\n<meta property=\"og:locale\" content=\"cs_CZ\" \/>\n<meta property=\"og:type\" content=\"article\" \/>\n<meta property=\"og:title\" content=\"P\u00e9\u010de o t\u011blo a mysl: Nov\u00e1 kolekce od Tchibo p\u0159in\u00e1\u0161\u00ed to nejlep\u0161\u00ed pro dom\u00e1c\u00ed wellnes a relax - WOMENHOUSE.cz\" \/>\n<meta property=\"og:description\" content=\"Nechat sv\u011bt na chv\u00edli za dve\u0159mi, zklidnit mysl a dop\u0159\u00e1t si p\u00e9\u010di. To si v neust\u00e1le p\u0159\u00edtomn\u00e9m shonu zaslou\u017e\u00ed ka\u017ed\u00fd. Relaxa\u010dn\u00ed kolekce od Tchibo\" \/>\n<meta property=\"og:url\" content=\"https:\/\/womenhouse.cz\/index.php\/2026\/01\/02\/pece-o-telo-a-mysl-nova-kolekce-od-tchibo-prinasi-to-nejlepsi-pro-domaci-wellnes-a-relax\/\" \/>\n<meta property=\"og:site_name\" content=\"WOMENHOUSE.cz\" \/>\n<meta property=\"article:publisher\" content=\"https:\/\/www.facebook.com\/womenhousecz\" \/>\n<meta property=\"article:published_time\" content=\"2026-01-01T23:01:00+00:00\" \/>\n<meta property=\"article:modified_time\" content=\"2026-04-15T01:13:01+00:00\" \/>\n<meta property=\"og:image\" content=\"https:\/\/womenhouse.cz\/wp-content\/uploads\/2026\/01\/5_147859_Pyjama-Set_Pinguin_2_50.25_1763490662-1.jpg\" \/>\n\t<meta property=\"og:image:width\" content=\"734\" \/>\n\t<meta property=\"og:image:height\" content=\"565\" \/>\n\t<meta property=\"og:image:type\" content=\"image\/jpeg\" \/>\n<meta name=\"author\" content=\"Helen Guardian\" \/>\n<meta name=\"twitter:card\" content=\"summary_large_image\" \/>\n<meta name=\"twitter:label1\" content=\"Napsal(a)\" \/>\n\t<meta name=\"twitter:data1\" content=\"Helen Guardian\" \/>\n\t<meta name=\"twitter:label2\" content=\"Odhadovan\u00e1 doba \u010dten\u00ed\" \/>\n\t<meta name=\"twitter:data2\" content=\"9 minut\" \/>\n<script type=\"application\/ld+json\" class=\"yoast-schema-graph\">{\"@context\":\"https:\/\/schema.org\",\"@graph\":[{\"@type\":\"Article\",\"@id\":\"https:\/\/womenhouse.cz\/index.php\/2026\/01\/02\/pece-o-telo-a-mysl-nova-kolekce-od-tchibo-prinasi-to-nejlepsi-pro-domaci-wellnes-a-relax\/#article\",\"isPartOf\":{\"@id\":\"https:\/\/womenhouse.cz\/index.php\/2026\/01\/02\/pece-o-telo-a-mysl-nova-kolekce-od-tchibo-prinasi-to-nejlepsi-pro-domaci-wellnes-a-relax\/\"},\"author\":{\"name\":\"Helen Guardian\",\"@id\":\"https:\/\/womenhouse.cz\/#\/schema\/person\/18326d1373d86e3cd83d1a97f46796d2\"},\"headline\":\"P\u00e9\u010de o t\u011blo a mysl: Nov\u00e1 kolekce od Tchibo p\u0159in\u00e1\u0161\u00ed to nejlep\u0161\u00ed pro dom\u00e1c\u00ed wellnes a relax\",\"datePublished\":\"2026-01-01T23:01:00+00:00\",\"dateModified\":\"2026-04-15T01:13:01+00:00\",\"mainEntityOfPage\":{\"@id\":\"https:\/\/womenhouse.cz\/index.php\/2026\/01\/02\/pece-o-telo-a-mysl-nova-kolekce-od-tchibo-prinasi-to-nejlepsi-pro-domaci-wellnes-a-relax\/\"},\"wordCount\":994,\"publisher\":{\"@id\":\"https:\/\/womenhouse.cz\/#organization\"},\"articleSection\":[\"NEWS\",\"RELAX &amp; SPORT\",\"TIPY &amp; TRENDY\"],\"inLanguage\":\"cs\"},{\"@type\":\"WebPage\",\"@id\":\"https:\/\/womenhouse.cz\/index.php\/2026\/01\/02\/pece-o-telo-a-mysl-nova-kolekce-od-tchibo-prinasi-to-nejlepsi-pro-domaci-wellnes-a-relax\/\",\"url\":\"https:\/\/womenhouse.cz\/index.php\/2026\/01\/02\/pece-o-telo-a-mysl-nova-kolekce-od-tchibo-prinasi-to-nejlepsi-pro-domaci-wellnes-a-relax\/\",\"name\":\"P\u00e9\u010de o t\u011blo a mysl: Nov\u00e1 kolekce od Tchibo p\u0159in\u00e1\u0161\u00ed to nejlep\u0161\u00ed pro dom\u00e1c\u00ed wellnes a relax - WOMENHOUSE.cz\",\"isPartOf\":{\"@id\":\"https:\/\/womenhouse.cz\/#website\"},\"datePublished\":\"2026-01-01T23:01:00+00:00\",\"dateModified\":\"2026-04-15T01:13:01+00:00\",\"description\":\"Nechat sv\u011bt na chv\u00edli za dve\u0159mi, zklidnit mysl a dop\u0159\u00e1t si p\u00e9\u010di. To si v neust\u00e1le p\u0159\u00edtomn\u00e9m shonu zaslou\u017e\u00ed ka\u017ed\u00fd. Relaxa\u010dn\u00ed kolekce od Tchibo\",\"breadcrumb\":{\"@id\":\"https:\/\/womenhouse.cz\/index.php\/2026\/01\/02\/pece-o-telo-a-mysl-nova-kolekce-od-tchibo-prinasi-to-nejlepsi-pro-domaci-wellnes-a-relax\/#breadcrumb\"},\"inLanguage\":\"cs\",\"potentialAction\":[{\"@type\":\"ReadAction\",\"target\":[\"https:\/\/womenhouse.cz\/index.php\/2026\/01\/02\/pece-o-telo-a-mysl-nova-kolekce-od-tchibo-prinasi-to-nejlepsi-pro-domaci-wellnes-a-relax\/\"]}]},{\"@type\":\"BreadcrumbList\",\"@id\":\"https:\/\/womenhouse.cz\/index.php\/2026\/01\/02\/pece-o-telo-a-mysl-nova-kolekce-od-tchibo-prinasi-to-nejlepsi-pro-domaci-wellnes-a-relax\/#breadcrumb\",\"itemListElement\":[{\"@type\":\"ListItem\",\"position\":1,\"name\":\"Dom\u016f\",\"item\":\"https:\/\/womenhouse.cz\/\"},{\"@type\":\"ListItem\",\"position\":2,\"name\":\"P\u00e9\u010de o t\u011blo a mysl: Nov\u00e1 kolekce od Tchibo p\u0159in\u00e1\u0161\u00ed to nejlep\u0161\u00ed pro dom\u00e1c\u00ed wellnes a relax\"}]},{\"@type\":\"WebSite\",\"@id\":\"https:\/\/womenhouse.cz\/#website\",\"url\":\"https:\/\/womenhouse.cz\/\",\"name\":\"WOMENHOUSE.cz\",\"description\":\"Port\u00e1l v\u00fdhradn\u011b jen pro \u017eeny...\",\"publisher\":{\"@id\":\"https:\/\/womenhouse.cz\/#organization\"},\"potentialAction\":[{\"@type\":\"SearchAction\",\"target\":{\"@type\":\"EntryPoint\",\"urlTemplate\":\"https:\/\/womenhouse.cz\/?s={search_term_string}\"},\"query-input\":\"required name=search_term_string\"}],\"inLanguage\":\"cs\"},{\"@type\":\"Organization\",\"@id\":\"https:\/\/womenhouse.cz\/#organization\",\"name\":\"WOMENHOUSE.cz\",\"url\":\"https:\/\/womenhouse.cz\/\",\"logo\":{\"@type\":\"ImageObject\",\"inLanguage\":\"cs\",\"@id\":\"https:\/\/womenhouse.cz\/#\/schema\/logo\/image\/\",\"url\":\"https:\/\/womenhouse.cz\/wp-content\/uploads\/2020\/06\/cropped-logo_Womenhouse_RGB-02-removebg-preview-1.png\",\"contentUrl\":\"https:\/\/womenhouse.cz\/wp-content\/uploads\/2020\/06\/cropped-logo_Womenhouse_RGB-02-removebg-preview-1.png\",\"width\":561,\"height\":375,\"caption\":\"WOMENHOUSE.cz\"},\"image\":{\"@id\":\"https:\/\/womenhouse.cz\/#\/schema\/logo\/image\/\"},\"sameAs\":[\"https:\/\/www.facebook.com\/womenhousecz\",\"https:\/\/www.instagram.com\/womenhousecz\/\"]},{\"@type\":\"Person\",\"@id\":\"https:\/\/womenhouse.cz\/#\/schema\/person\/18326d1373d86e3cd83d1a97f46796d2\",\"name\":\"Helen Guardian\",\"sameAs\":[\"http:\/\/WOMENHOUSE.cz\"],\"url\":\"https:\/\/womenhouse.cz\/index.php\/author\/helgu\/\"}]}<\/script>\n<!-- \/ Yoast SEO plugin. -->","yoast_head_json":{"title":"P\u00e9\u010de o t\u011blo a mysl: Nov\u00e1 kolekce od Tchibo p\u0159in\u00e1\u0161\u00ed to nejlep\u0161\u00ed pro dom\u00e1c\u00ed wellnes a relax - WOMENHOUSE.cz","description":"Nechat sv\u011bt na chv\u00edli za dve\u0159mi, zklidnit mysl a dop\u0159\u00e1t si p\u00e9\u010di. To si v neust\u00e1le p\u0159\u00edtomn\u00e9m shonu zaslou\u017e\u00ed ka\u017ed\u00fd. Relaxa\u010dn\u00ed kolekce od Tchibo","robots":{"index":"index","follow":"follow","max-snippet":"max-snippet:-1","max-image-preview":"max-image-preview:large","max-video-preview":"max-video-preview:-1"},"canonical":"https:\/\/womenhouse.cz\/index.php\/2026\/01\/02\/pece-o-telo-a-mysl-nova-kolekce-od-tchibo-prinasi-to-nejlepsi-pro-domaci-wellnes-a-relax\/","og_locale":"cs_CZ","og_type":"article","og_title":"P\u00e9\u010de o t\u011blo a mysl: Nov\u00e1 kolekce od Tchibo p\u0159in\u00e1\u0161\u00ed to nejlep\u0161\u00ed pro dom\u00e1c\u00ed wellnes a relax - WOMENHOUSE.cz","og_description":"Nechat sv\u011bt na chv\u00edli za dve\u0159mi, zklidnit mysl a dop\u0159\u00e1t si p\u00e9\u010di. To si v neust\u00e1le p\u0159\u00edtomn\u00e9m shonu zaslou\u017e\u00ed ka\u017ed\u00fd. Relaxa\u010dn\u00ed kolekce od Tchibo","og_url":"https:\/\/womenhouse.cz\/index.php\/2026\/01\/02\/pece-o-telo-a-mysl-nova-kolekce-od-tchibo-prinasi-to-nejlepsi-pro-domaci-wellnes-a-relax\/","og_site_name":"WOMENHOUSE.cz","article_publisher":"https:\/\/www.facebook.com\/womenhousecz","article_published_time":"2026-01-01T23:01:00+00:00","article_modified_time":"2026-04-15T01:13:01+00:00","og_image":[{"width":734,"height":565,"url":"https:\/\/womenhouse.cz\/wp-content\/uploads\/2026\/01\/5_147859_Pyjama-Set_Pinguin_2_50.25_1763490662-1.jpg","type":"image\/jpeg"}],"author":"Helen Guardian","twitter_card":"summary_large_image","twitter_misc":{"Napsal(a)":"Helen Guardian","Odhadovan\u00e1 doba \u010dten\u00ed":"9 minut"},"schema":{"@context":"https:\/\/schema.org","@graph":[{"@type":"Article","@id":"https:\/\/womenhouse.cz\/index.php\/2026\/01\/02\/pece-o-telo-a-mysl-nova-kolekce-od-tchibo-prinasi-to-nejlepsi-pro-domaci-wellnes-a-relax\/#article","isPartOf":{"@id":"https:\/\/womenhouse.cz\/index.php\/2026\/01\/02\/pece-o-telo-a-mysl-nova-kolekce-od-tchibo-prinasi-to-nejlepsi-pro-domaci-wellnes-a-relax\/"},"author":{"name":"Helen Guardian","@id":"https:\/\/womenhouse.cz\/#\/schema\/person\/18326d1373d86e3cd83d1a97f46796d2"},"headline":"P\u00e9\u010de o t\u011blo a mysl: Nov\u00e1 kolekce od Tchibo p\u0159in\u00e1\u0161\u00ed to nejlep\u0161\u00ed pro dom\u00e1c\u00ed wellnes a relax","datePublished":"2026-01-01T23:01:00+00:00","dateModified":"2026-04-15T01:13:01+00:00","mainEntityOfPage":{"@id":"https:\/\/womenhouse.cz\/index.php\/2026\/01\/02\/pece-o-telo-a-mysl-nova-kolekce-od-tchibo-prinasi-to-nejlepsi-pro-domaci-wellnes-a-relax\/"},"wordCount":994,"publisher":{"@id":"https:\/\/womenhouse.cz\/#organization"},"articleSection":["NEWS","RELAX &amp; SPORT","TIPY &amp; TRENDY"],"inLanguage":"cs"},{"@type":"WebPage","@id":"https:\/\/womenhouse.cz\/index.php\/2026\/01\/02\/pece-o-telo-a-mysl-nova-kolekce-od-tchibo-prinasi-to-nejlepsi-pro-domaci-wellnes-a-relax\/","url":"https:\/\/womenhouse.cz\/index.php\/2026\/01\/02\/pece-o-telo-a-mysl-nova-kolekce-od-tchibo-prinasi-to-nejlepsi-pro-domaci-wellnes-a-relax\/","name":"P\u00e9\u010de o t\u011blo a mysl: Nov\u00e1 kolekce od Tchibo p\u0159in\u00e1\u0161\u00ed to nejlep\u0161\u00ed pro dom\u00e1c\u00ed wellnes a relax - WOMENHOUSE.cz","isPartOf":{"@id":"https:\/\/womenhouse.cz\/#website"},"datePublished":"2026-01-01T23:01:00+00:00","dateModified":"2026-04-15T01:13:01+00:00","description":"Nechat sv\u011bt na chv\u00edli za dve\u0159mi, zklidnit mysl a dop\u0159\u00e1t si p\u00e9\u010di. To si v neust\u00e1le p\u0159\u00edtomn\u00e9m shonu zaslou\u017e\u00ed ka\u017ed\u00fd. Relaxa\u010dn\u00ed kolekce od Tchibo","breadcrumb":{"@id":"https:\/\/womenhouse.cz\/index.php\/2026\/01\/02\/pece-o-telo-a-mysl-nova-kolekce-od-tchibo-prinasi-to-nejlepsi-pro-domaci-wellnes-a-relax\/#breadcrumb"},"inLanguage":"cs","potentialAction":[{"@type":"ReadAction","target":["https:\/\/womenhouse.cz\/index.php\/2026\/01\/02\/pece-o-telo-a-mysl-nova-kolekce-od-tchibo-prinasi-to-nejlepsi-pro-domaci-wellnes-a-relax\/"]}]},{"@type":"BreadcrumbList","@id":"https:\/\/womenhouse.cz\/index.php\/2026\/01\/02\/pece-o-telo-a-mysl-nova-kolekce-od-tchibo-prinasi-to-nejlepsi-pro-domaci-wellnes-a-relax\/#breadcrumb","itemListElement":[{"@type":"ListItem","position":1,"name":"Dom\u016f","item":"https:\/\/womenhouse.cz\/"},{"@type":"ListItem","position":2,"name":"P\u00e9\u010de o t\u011blo a mysl: Nov\u00e1 kolekce od Tchibo p\u0159in\u00e1\u0161\u00ed to nejlep\u0161\u00ed pro dom\u00e1c\u00ed wellnes a relax"}]},{"@type":"WebSite","@id":"https:\/\/womenhouse.cz\/#website","url":"https:\/\/womenhouse.cz\/","name":"WOMENHOUSE.cz","description":"Port\u00e1l v\u00fdhradn\u011b jen pro \u017eeny...","publisher":{"@id":"https:\/\/womenhouse.cz\/#organization"},"potentialAction":[{"@type":"SearchAction","target":{"@type":"EntryPoint","urlTemplate":"https:\/\/womenhouse.cz\/?s={search_term_string}"},"query-input":"required name=search_term_string"}],"inLanguage":"cs"},{"@type":"Organization","@id":"https:\/\/womenhouse.cz\/#organization","name":"WOMENHOUSE.cz","url":"https:\/\/womenhouse.cz\/","logo":{"@type":"ImageObject","inLanguage":"cs","@id":"https:\/\/womenhouse.cz\/#\/schema\/logo\/image\/","url":"https:\/\/womenhouse.cz\/wp-content\/uploads\/2020\/06\/cropped-logo_Womenhouse_RGB-02-removebg-preview-1.png","contentUrl":"https:\/\/womenhouse.cz\/wp-content\/uploads\/2020\/06\/cropped-logo_Womenhouse_RGB-02-removebg-preview-1.png","width":561,"height":375,"caption":"WOMENHOUSE.cz"},"image":{"@id":"https:\/\/womenhouse.cz\/#\/schema\/logo\/image\/"},"sameAs":["https:\/\/www.facebook.com\/womenhousecz","https:\/\/www.instagram.com\/womenhousecz\/"]},{"@type":"Person","@id":"https:\/\/womenhouse.cz\/#\/schema\/person\/18326d1373d86e3cd83d1a97f46796d2","name":"Helen Guardian","sameAs":["http:\/\/WOMENHOUSE.cz"],"url":"https:\/\/womenhouse.cz\/index.php\/author\/helgu\/"}]}},"_links":{"self":[{"href":"https:\/\/womenhouse.cz\/index.php\/wp-json\/wp\/v2\/posts\/16748"}],"collection":[{"href":"https:\/\/womenhouse.cz\/index.php\/wp-json\/wp\/v2\/posts"}],"about":[{"href":"https:\/\/womenhouse.cz\/index.php\/wp-json\/wp\/v2\/types\/post"}],"author":[{"embeddable":true,"href":"https:\/\/womenhouse.cz\/index.php\/wp-json\/wp\/v2\/users\/11"}],"replies":[{"embeddable":true,"href":"https:\/\/womenhouse.cz\/index.php\/wp-json\/wp\/v2\/comments?post=16748"}],"version-history":[{"count":-4,"href":"https:\/\/womenhouse.cz\/index.php\/wp-json\/wp\/v2\/posts\/16748\/revisions"}],"wp:featuredmedia":[{"embeddable":true,"href":"https:\/\/womenhouse.cz\/index.php\/wp-json\/wp\/v2\/media\/16775"}],"wp:attachment":[{"href":"https:\/\/womenhouse.cz\/index.php\/wp-json\/wp\/v2\/media?parent=16748"}],"wp:term":[{"taxonomy":"category","embeddable":true,"href":"https:\/\/womenhouse.cz\/index.php\/wp-json\/wp\/v2\/categories?post=16748"},{"taxonomy":"post_tag","embeddable":true,"href":"https:\/\/womenhouse.cz\/index.php\/wp-json\/wp\/v2\/tags?post=16748"}],"curies":[{"name":"wp","href":"https:\/\/api.w.org\/{rel}","templated":true}]}}