{"id":16702,"date":"2025-12-26T00:01:00","date_gmt":"2025-12-25T23:01:00","guid":{"rendered":"https:\/\/womenhouse.cz\/?p=16702"},"modified":"2026-02-19T20:52:05","modified_gmt":"2026-02-19T19:52:05","slug":"v-cem-oslavit-konec-roku-prinasime-klicove-trendy","status":"publish","type":"post","link":"https:\/\/womenhouse.cz\/index.php\/2025\/12\/26\/v-cem-oslavit-konec-roku-prinasime-klicove-trendy\/","title":{"rendered":"V \u010dem oslavit konec roku? P\u0159in\u00e1\u0161\u00edme kl\u00ed\u010dov\u00e9 trendy"},"content":{"rendered":"\n<div style=\"height:40px\" aria-hidden=\"true\" class=\"wp-block-spacer\"><\/div>\n\n\n\n<p class=\"has-medium-font-size\"><strong>Konec roku je chv\u00edle, kdy se m\u00f3da m\u011bn\u00ed v hru sv\u011btla, extravagance a promy\u0161len\u00fdch detail\u016f. Zat\u00edmco b\u011bhem roku hled\u00e1me funk\u010dnost, v prosinci chceme zaz\u00e1\u0159it. Letos je rovnov\u00e1ha mezi ob\u011bma p\u00f3ly mimo\u0159\u00e1dn\u011b siln\u00e1: ve\u010dern\u00ed m\u00f3da p\u016fsob\u00ed slavnostn\u011b, ale z\u00e1rove\u0148 modern\u011b a sebev\u011bdom\u011b.<\/strong><\/p>\n\n\n\n<div style=\"height:40px\" aria-hidden=\"true\" class=\"wp-block-spacer\"><\/div>\n\n\n\n<figure class=\"wp-block-image size-large\"><img loading=\"lazy\" decoding=\"async\" width=\"1024\" height=\"768\" src=\"https:\/\/womenhouse.cz\/wp-content\/uploads\/2025\/11\/587245022_1397948199032007_3131157821220461615_n-1024x768.jpeg\" alt=\"V \u010dem oslavit konec roku? P\u0159in\u00e1\u0161\u00edme kl\u00ed\u010dov\u00e9 trendy\" class=\"wp-image-16703\" srcset=\"https:\/\/womenhouse.cz\/wp-content\/uploads\/2025\/11\/587245022_1397948199032007_3131157821220461615_n-1024x768.jpeg 1024w, https:\/\/womenhouse.cz\/wp-content\/uploads\/2025\/11\/587245022_1397948199032007_3131157821220461615_n-300x225.jpeg 300w, https:\/\/womenhouse.cz\/wp-content\/uploads\/2025\/11\/587245022_1397948199032007_3131157821220461615_n-768x576.jpeg 768w, https:\/\/womenhouse.cz\/wp-content\/uploads\/2025\/11\/587245022_1397948199032007_3131157821220461615_n-1536x1152.jpeg 1536w, https:\/\/womenhouse.cz\/wp-content\/uploads\/2025\/11\/587245022_1397948199032007_3131157821220461615_n.jpeg 2048w\" sizes=\"(max-width: 1024px) 100vw, 1024px\" \/><\/figure>\n\n\n\n<div style=\"height:40px\" aria-hidden=\"true\" class=\"wp-block-spacer\"><\/div>\n\n\n\n<p class=\"has-medium-font-size\">Kdy\u017e sv\u011btla m\u011bsta odr\u00e1\u017e\u00ed va\u0161e \u0161aty, je jasn\u00e9, \u017ee jste ve spr\u00e1vn\u00e9m trendu. St\u0159\u00edbro, tekut\u00fd metal, chromovan\u00e9 detaily i champagne gold toti\u017e budou dominovat leto\u0161n\u00edm novoro\u010dn\u00edm ve\u010d\u00edrk\u016fm. M\u00f3dn\u00ed domy se shoduj\u00ed: metalick\u00fd efekt m\u00e1 b\u00fdt m\u011bkk\u00fd, spl\u00fdvav\u00fd a nenucen\u011b luxusn\u00ed. Vid\u011bli jsme to na p\u0159ehl\u00eddk\u00e1ch Gucci, Rabanne i Saint Laurent \u2014 lesk nahradil t\u0159pyt, eleganci podpo\u0159ila zdobenost.<\/p>\n\n\n\n<div style=\"height:40px\" class=\"wp-block-spacer\"><\/div>\n\n\n\n<figure class=\"wp-block-gallery has-nested-images columns-default is-cropped wp-block-gallery-1 is-layout-flex wp-block-gallery-is-layout-flex\">\n<figure class=\"wp-block-image size-large\"><img decoding=\"async\" data-id=\"18853\" src=\"https:\/\/prazskeprikopy.cz\/wp-content\/uploads\/2025\/11\/585319858_1308546951302437_8717482715767730640_n-683x1024.jpeg\" alt=\"V \u010dem oslavit konec roku? P\u0159in\u00e1\u0161\u00edme kl\u00ed\u010dov\u00e9 trendy\" class=\"wp-image-18853\" \/><figcaption class=\"wp-element-caption\">Sv\u016fj party kousek m\u016f\u017eete naj\u00edt nap\u0159\u00edklad v H&amp;M v ulici Na P\u0159\u00edkop\u011b. <\/figcaption><\/figure>\n\n\n\n<figure class=\"wp-block-image size-large\"><img decoding=\"async\" data-id=\"18854\" src=\"https:\/\/prazskeprikopy.cz\/wp-content\/uploads\/2025\/11\/586344261_1308546937969105_206954987917090586_n-683x1024.jpeg\" alt=\"V \u010dem oslavit konec roku? P\u0159in\u00e1\u0161\u00edme kl\u00ed\u010dov\u00e9 trendy\" class=\"wp-image-18854\" \/><figcaption class=\"wp-element-caption\">SIlvestrovsk\u00e1 noc si \u017e\u00e1d\u00e1 po\u0159\u00e1dn\u00fd t\u0159pyt. <\/figcaption><\/figure>\n<\/figure>\n\n\n\n<div style=\"height:40px\" class=\"wp-block-spacer\"><\/div>\n\n\n\n<p class=\"has-medium-font-size\">Pokud nechcete volit \u0161aty, letos stejn\u011b efektivn\u011b funguj\u00ed v\u00fdrazn\u00e9 boty s kovov\u00fdmi detaily, bro\u017ee nebo velk\u00e9 n\u00e1u\u0161nice.<\/p>\n\n\n\n<div style=\"height:40px\" class=\"wp-block-spacer\"><\/div>\n\n\n\n<h2 class=\"wp-block-heading\">Sametov\u00fd n\u00e1vrat k opulentnosti<\/h2>\n\n\n\n<div style=\"height:39px\" class=\"wp-block-spacer\"><\/div>\n\n\n\n<p class=\"has-medium-font-size\">Samet je hv\u011bzdou sezony. Vr\u00e1til se ve sv\u00e9 nejkr\u00e1sn\u011bj\u0161\u00ed podob\u011b \u2014 tmav\u00fd, hlubok\u00fd, elegantn\u00ed. Zaujme nejen \u010dern\u00fd \u010di rub\u00ednov\u00fd samet, ale i no\u010dn\u00ed mod\u0159 nebo jemn\u00e1 holub\u00ed \u0161e\u010f. Perfektn\u011b ho zpracovali Tom Ford a Saint Laurent; v high-street nab\u00eddce ho najdete v sofistikovan\u00fdch st\u0159iz\u00edch v Massimo Dutti \u010di COS.<\/p>\n\n\n\n<div style=\"height:40px\" class=\"wp-block-spacer\"><\/div>\n\n\n\n<figure class=\"wp-block-gallery has-nested-images columns-default is-cropped wp-block-gallery-2 is-layout-flex wp-block-gallery-is-layout-flex\">\n<figure class=\"wp-block-image size-large\"><img decoding=\"async\" data-id=\"18868\" src=\"https:\/\/prazskeprikopy.cz\/wp-content\/uploads\/2025\/11\/577032254_1296317989192000_3858502282531866391_n-724x1024.jpeg\" alt=\"V \u010dem oslavit konec roku? P\u0159in\u00e1\u0161\u00edme kl\u00ed\u010dov\u00e9 trendy\" class=\"wp-image-18868\" \/><figcaption class=\"wp-element-caption\">H&amp;M letos ve sv\u00e9 party kolekci nab\u00edz\u00ed tak\u00e9 sametov\u00e9 kousky. <\/figcaption><\/figure>\n\n\n\n<figure class=\"wp-block-image size-large\"><img decoding=\"async\" data-id=\"18864\" src=\"https:\/\/prazskeprikopy.cz\/wp-content\/uploads\/2025\/11\/583322741_1304032648429525_8805725113251585413_n-819x1024.jpeg\" alt=\"V \u010dem oslavit konec roku? P\u0159in\u00e1\u0161\u00edme kl\u00ed\u010dov\u00e9 trendy\" class=\"wp-image-18864\" \/><figcaption class=\"wp-element-caption\">Elegantn\u00ed sametov\u00fd komplet zna\u010dky COS. <\/figcaption><\/figure>\n<\/figure>\n\n\n\n<div style=\"height:40px\" class=\"wp-block-spacer\"><\/div>\n\n\n\n<p class=\"has-medium-font-size\">Sametov\u00e9 \u0161aty nebo sako p\u016fsob\u00ed samo o sob\u011b slavnostn\u011b, sta\u010d\u00ed ho jen doplnit t\u011bmi prav\u00fdmi \u0161perky.<\/p>\n\n\n\n<div style=\"height:40px\" class=\"wp-block-spacer\"><\/div>\n\n\n<div class=\"wp-block-image\">\n<figure class=\"aligncenter size-large is-resized\"><img decoding=\"async\" src=\"https:\/\/prazskeprikopy.cz\/wp-content\/uploads\/2025\/11\/584428248_1262826155891091_1016182221395490634_n-819x1024.jpeg\" alt=\"V \u010dem oslavit konec roku? P\u0159in\u00e1\u0161\u00edme kl\u00ed\u010dov\u00e9 trendy\" class=\"wp-image-18866\" style=\"width:616px;height:auto\" \/><figcaption class=\"wp-element-caption\">St\u0159\u00edbrn\u00e9 n\u00e1u\u0161nice, Marks and Spencer <\/figcaption><\/figure><\/div>\n\n\n<div style=\"height:40px\" class=\"wp-block-spacer\"><\/div>\n\n\n\n<h2 class=\"wp-block-heading\">&#8222;Sculptural draping&#8220; neboli vrstven\u00ed <\/h2>\n\n\n\n<div style=\"height:40px\" class=\"wp-block-spacer\"><\/div>\n\n\n\n<p class=\"has-medium-font-size\">Socha\u0159sk\u00e9 \u0159asen\u00ed, tekouc\u00ed sat\u00e9n a minimalistick\u00e1, ale p\u0159esto hluboce dramatick\u00e1 silueta. N\u00e1vrh\u00e1\u0159i letos pracuj\u00ed s materi\u00e1ly, kter\u00e9 se po t\u011ble rozlij\u00ed jako kapalina a kter\u00e9 se oh\u00fdbaj\u00ed a skl\u00e1daj\u00ed jako druh\u00e1 k\u016f\u017ee. St\u0159ihy se spojuj\u00ed v uzly, k\u0159\u00ed\u017een\u00ed a ne\u010dekan\u00e9 asymetrie, d\u00edky nim\u017e outfit p\u016fsob\u00ed jako um\u011bleck\u00fd objekt. S vrstvami tedy na silvestrovsk\u00e9 party rozhodn\u011b ne\u0161l\u00e1pnete vedle. <\/p>\n\n\n\n<div style=\"height:50px\" class=\"wp-block-spacer\"><\/div>\n\n\n<div class=\"wp-block-image\">\n<figure class=\"aligncenter size-large is-resized\"><img decoding=\"async\" src=\"https:\/\/prazskeprikopy.cz\/wp-content\/uploads\/2025\/11\/577468050_1297441272413005_243369561901389814_n-724x1024.jpeg\" alt=\"V \u010dem oslavit konec roku? P\u0159in\u00e1\u0161\u00edme kl\u00ed\u010dov\u00e9 trendy\" class=\"wp-image-18869\" style=\"width:624px;height:auto\" \/><figcaption class=\"wp-element-caption\">Dramatick\u00e9 st\u0159ihy a siluety letos nab\u00edz\u00ed limitovan\u00e1 kolekce H&amp;M. <\/figcaption><\/figure><\/div>\n\n\n<div style=\"height:40px\" class=\"wp-block-spacer\"><\/div>\n\n\n\n<h2 class=\"wp-block-heading\">Drahocenn\u00e1 \u010dern\u00e1<\/h2>\n\n\n\n<div style=\"height:40px\" class=\"wp-block-spacer\"><\/div>\n\n\n\n<p class=\"has-medium-font-size\">\u010cern\u00e9 ve\u010dern\u00ed looky letos nejsou \u201ebezpe\u010dnou volbou\u201c \u2014 jsou trendem samy o sob\u011b. Hraje se s materi\u00e1ly: lakovan\u00e1 k\u016f\u017ee, hlubok\u00fd sat\u00e9n, sheer vrstvy a geometrick\u00e9 detaily. \u010cern\u00e1 p\u016fsob\u00ed sebev\u011bdom\u011b, architektonicky a slavnostn\u011b.<\/p>\n\n\n\n<div style=\"height:40px\" class=\"wp-block-spacer\"><\/div>\n\n\n\n<figure class=\"wp-block-gallery has-nested-images columns-2 is-cropped wp-block-gallery-3 is-layout-flex wp-block-gallery-is-layout-flex\">\n<figure class=\"wp-block-image size-large\"><img decoding=\"async\" data-id=\"18857\" src=\"https:\/\/prazskeprikopy.cz\/wp-content\/uploads\/2025\/11\/586051127_1395589759267851_2295718618779195729_n-819x1024.jpeg\" alt=\"V \u010dem oslavit konec roku? P\u0159in\u00e1\u0161\u00edme kl\u00ed\u010dov\u00e9 trendy\" class=\"wp-image-18857\" \/><figcaption class=\"wp-element-caption\">Slavnostn\u00ed kolekce ZARA letos s\u00e1z\u00ed na \u010dernou eleganci. <\/figcaption><\/figure>\n\n\n\n<figure class=\"wp-block-image size-large\"><img decoding=\"async\" data-id=\"18858\" src=\"https:\/\/prazskeprikopy.cz\/wp-content\/uploads\/2025\/11\/584802022_1395589772601183_8337529525715464425_n-819x1024.jpeg\" alt=\"V \u010dem oslavit konec roku? P\u0159in\u00e1\u0161\u00edme kl\u00ed\u010dov\u00e9 trendy\" class=\"wp-image-18858\" \/><figcaption class=\"wp-element-caption\">Zvolit m\u016f\u017eete i pr\u016fsvitnou halenku s v\u00fdrazn\u00fdmi kalhotami. <\/figcaption><\/figure>\n\n\n\n<figure class=\"wp-block-image size-large\"><img decoding=\"async\" data-id=\"18861\" src=\"https:\/\/prazskeprikopy.cz\/wp-content\/uploads\/2025\/11\/585688197_1332071175622564_2012373991574985247_n-768x1024.jpeg\" alt=\"V \u010dem oslavit konec roku? P\u0159in\u00e1\u0161\u00edme kl\u00ed\u010dov\u00e9 trendy\" class=\"wp-image-18861\" \/><figcaption class=\"wp-element-caption\">Party kolekce Massimo Dutti, 2025<\/figcaption><\/figure>\n<\/figure>\n\n\n\n<div style=\"height:40px\" class=\"wp-block-spacer\"><\/div>\n\n\n\n<p class=\"has-medium-font-size\">Pokud hled\u00e1te opravdu v\u00fdjime\u010dn\u00fd outfit pro z\u00e1v\u011br roku, Pra\u017esk\u00e9 P\u0159\u00edkopy jsou t\u00edm nejlep\u0161\u00edm v\u00fdchoz\u00edm bodem. Tahle ulice propojuje modern\u00ed energii metropole s kultivovan\u00fdm stylem a nab\u00edz\u00ed v\u00fdb\u011br, kter\u00fd uspokoj\u00ed i velmi n\u00e1ro\u010dn\u00e9 m\u00f3dn\u00ed oko. <\/p>\n\n\n\n<div style=\"height:100px\" class=\"wp-block-spacer\"><\/div>\n\n\n\n<figure class=\"wp-block-gallery has-nested-images columns-3 is-cropped wp-block-gallery-4 is-layout-flex wp-block-gallery-is-layout-flex\">\n<figure class=\"wp-block-image size-large\"><img decoding=\"async\" data-id=\"18853\" src=\"https:\/\/prazskeprikopy.cz\/wp-content\/uploads\/2025\/11\/585319858_1308546951302437_8717482715767730640_n-683x1024.jpeg\" alt=\"V \u010dem oslavit konec roku? P\u0159in\u00e1\u0161\u00edme kl\u00ed\u010dov\u00e9 trendy\" class=\"wp-image-18853\" \/><\/figure>\n\n\n\n<figure class=\"wp-block-image size-large\"><img decoding=\"async\" data-id=\"18854\" src=\"https:\/\/prazskeprikopy.cz\/wp-content\/uploads\/2025\/11\/586344261_1308546937969105_206954987917090586_n-683x1024.jpeg\" alt=\"V \u010dem oslavit konec roku? P\u0159in\u00e1\u0161\u00edme kl\u00ed\u010dov\u00e9 trendy\" class=\"wp-image-18854\" \/><\/figure>\n\n\n\n<figure class=\"wp-block-image size-large\"><img decoding=\"async\" data-id=\"18855\" src=\"https:\/\/prazskeprikopy.cz\/wp-content\/uploads\/2025\/11\/585587699_1308546907969108_3436784605625883086_n-819x1024.jpeg\" alt=\"V \u010dem oslavit konec roku? P\u0159in\u00e1\u0161\u00edme kl\u00ed\u010dov\u00e9 trendy\" class=\"wp-image-18855\" \/><\/figure>\n\n\n\n<figure class=\"wp-block-image size-large\"><img decoding=\"async\" data-id=\"18856\" src=\"https:\/\/prazskeprikopy.cz\/wp-content\/uploads\/2025\/11\/583248394_1392363399590487_5576443942311803235_n-819x1024.jpeg\" alt=\"V \u010dem oslavit konec roku? P\u0159in\u00e1\u0161\u00edme kl\u00ed\u010dov\u00e9 trendy\" class=\"wp-image-18856\" \/><\/figure>\n\n\n\n<figure class=\"wp-block-image size-large\"><img decoding=\"async\" data-id=\"18857\" src=\"https:\/\/prazskeprikopy.cz\/wp-content\/uploads\/2025\/11\/586051127_1395589759267851_2295718618779195729_n-819x1024.jpeg\" alt=\"V \u010dem oslavit konec roku? P\u0159in\u00e1\u0161\u00edme kl\u00ed\u010dov\u00e9 trendy\" class=\"wp-image-18857\" \/><\/figure>\n\n\n\n<figure class=\"wp-block-image size-large\"><img decoding=\"async\" data-id=\"18858\" src=\"https:\/\/prazskeprikopy.cz\/wp-content\/uploads\/2025\/11\/584802022_1395589772601183_8337529525715464425_n-819x1024.jpeg\" alt=\"V \u010dem oslavit konec roku? P\u0159in\u00e1\u0161\u00edme kl\u00ed\u010dov\u00e9 trendy\" class=\"wp-image-18858\" \/><\/figure>\n\n\n\n<figure class=\"wp-block-image size-large\"><img decoding=\"async\" data-id=\"18859\" src=\"https:\/\/prazskeprikopy.cz\/wp-content\/uploads\/2025\/11\/587245022_1397948199032007_3131157821220461615_n-1024x768.jpeg\" alt=\"V \u010dem oslavit konec roku? P\u0159in\u00e1\u0161\u00edme kl\u00ed\u010dov\u00e9 trendy\" class=\"wp-image-18859\" \/><\/figure>\n\n\n\n<figure class=\"wp-block-image size-large\"><img decoding=\"async\" data-id=\"18861\" src=\"https:\/\/prazskeprikopy.cz\/wp-content\/uploads\/2025\/11\/585688197_1332071175622564_2012373991574985247_n-768x1024.jpeg\" alt=\"V \u010dem oslavit konec roku? P\u0159in\u00e1\u0161\u00edme kl\u00ed\u010dov\u00e9 trendy\" class=\"wp-image-18861\" \/><\/figure>\n\n\n\n<figure class=\"wp-block-image size-large\"><img decoding=\"async\" data-id=\"18863\" src=\"https:\/\/prazskeprikopy.cz\/wp-content\/uploads\/2025\/11\/585802168_1332065952289753_7106589840402322295_n-768x1024.jpeg\" alt=\"V \u010dem oslavit konec roku? P\u0159in\u00e1\u0161\u00edme kl\u00ed\u010dov\u00e9 trendy\" class=\"wp-image-18863\" \/><\/figure>\n\n\n\n<figure class=\"wp-block-image size-large\"><img decoding=\"async\" data-id=\"18864\" src=\"https:\/\/prazskeprikopy.cz\/wp-content\/uploads\/2025\/11\/583322741_1304032648429525_8805725113251585413_n-819x1024.jpeg\" alt=\"V \u010dem oslavit konec roku? P\u0159in\u00e1\u0161\u00edme kl\u00ed\u010dov\u00e9 trendy\" class=\"wp-image-18864\" \/><\/figure>\n\n\n\n<figure class=\"wp-block-image size-large\"><img decoding=\"async\" data-id=\"18866\" src=\"https:\/\/prazskeprikopy.cz\/wp-content\/uploads\/2025\/11\/584428248_1262826155891091_1016182221395490634_n-819x1024.jpeg\" alt=\"V \u010dem oslavit konec roku? P\u0159in\u00e1\u0161\u00edme kl\u00ed\u010dov\u00e9 trendy\" class=\"wp-image-18866\" \/><\/figure>\n\n\n\n<figure class=\"wp-block-image size-large\"><img decoding=\"async\" data-id=\"18868\" src=\"https:\/\/prazskeprikopy.cz\/wp-content\/uploads\/2025\/11\/577032254_1296317989192000_3858502282531866391_n-724x1024.jpeg\" alt=\"V \u010dem oslavit konec roku? P\u0159in\u00e1\u0161\u00edme kl\u00ed\u010dov\u00e9 trendy\" class=\"wp-image-18868\" \/><\/figure>\n\n\n\n<figure class=\"wp-block-image size-large\"><img decoding=\"async\" data-id=\"18869\" src=\"https:\/\/prazskeprikopy.cz\/wp-content\/uploads\/2025\/11\/577468050_1297441272413005_243369561901389814_n-724x1024.jpeg\" alt=\"V \u010dem oslavit konec roku? P\u0159in\u00e1\u0161\u00edme kl\u00ed\u010dov\u00e9 trendy\" class=\"wp-image-18869\" \/><\/figure>\n<\/figure>\n\n\n\n<div style=\"height:100px\" class=\"wp-block-spacer\"><\/div>\n\n\n\n<p class=\"has-medium-font-size\"><strong>Zdroj foto: <\/strong>H&amp;M, Massimo Dutti, COS, ZARA, Marks and Spencer <\/p>\n\n\n\n<p><\/p>\n","protected":false},"excerpt":{"rendered":"<p>Konec roku je chv\u00edle, kdy se m\u00f3da m\u011bn\u00ed v hru sv\u011btla, extravagance a promy\u0161len\u00fdch detail\u016f. Zat\u00edmco b\u011bhem roku hled\u00e1me funk\u010dnost, v prosinci chceme zaz\u00e1\u0159it. Letos je rovnov\u00e1ha mezi ob\u011bma p\u00f3ly mimo\u0159\u00e1dn\u011b siln\u00e1: ve\u010dern\u00ed m\u00f3da p\u016fsob\u00ed slavnostn\u011b, ale z\u00e1rove\u0148 modern\u011b a sebev\u011bdom\u011b. Kdy\u017e sv\u011btla m\u011bsta odr\u00e1\u017e\u00ed va\u0161e \u0161aty, je jasn\u00e9, \u017ee jste ve spr\u00e1vn\u00e9m trendu. St\u0159\u00edbro, [&hellip;]<\/p>\n","protected":false},"author":13,"featured_media":16703,"comment_status":"closed","ping_status":"closed","sticky":false,"template":"","format":"standard","meta":{"_mi_skip_tracking":false,"_monsterinsights_sitenote_active":false,"_monsterinsights_sitenote_note":"","_monsterinsights_sitenote_category":0,"footnotes":""},"categories":[25,4,2],"tags":[30,29,42,281,32],"yoast_head":"<!-- This site is optimized with the Yoast SEO plugin v21.5 - https:\/\/yoast.com\/wordpress\/plugins\/seo\/ -->\n<title>V \u010dem oslavit konec roku? P\u0159in\u00e1\u0161\u00edme kl\u00ed\u010dov\u00e9 trendy - WOMENHOUSE.cz<\/title>\n<meta name=\"description\" content=\"Silvestr m\u00e1 b\u00fdt osobn\u00ed slavnost, ne m\u00f3dn\u00ed mise. Vyberte si, v \u010dem se budete c\u00edtit jako nejlep\u0161\u00ed verze sama sebe. P\u0159in\u00e1\u0161\u00edme n\u011bkolik tip\u016f!\" \/>\n<meta name=\"robots\" content=\"index, follow, max-snippet:-1, max-image-preview:large, max-video-preview:-1\" \/>\n<link rel=\"canonical\" href=\"https:\/\/womenhouse.cz\/index.php\/2025\/12\/26\/v-cem-oslavit-konec-roku-prinasime-klicove-trendy\/\" \/>\n<meta property=\"og:locale\" content=\"cs_CZ\" \/>\n<meta property=\"og:type\" content=\"article\" \/>\n<meta property=\"og:title\" content=\"V \u010dem oslavit konec roku? P\u0159in\u00e1\u0161\u00edme kl\u00ed\u010dov\u00e9 trendy - WOMENHOUSE.cz\" \/>\n<meta property=\"og:description\" content=\"Silvestr m\u00e1 b\u00fdt osobn\u00ed slavnost, ne m\u00f3dn\u00ed mise. Vyberte si, v \u010dem se budete c\u00edtit jako nejlep\u0161\u00ed verze sama sebe. P\u0159in\u00e1\u0161\u00edme n\u011bkolik tip\u016f!\" \/>\n<meta property=\"og:url\" content=\"https:\/\/womenhouse.cz\/index.php\/2025\/12\/26\/v-cem-oslavit-konec-roku-prinasime-klicove-trendy\/\" \/>\n<meta property=\"og:site_name\" content=\"WOMENHOUSE.cz\" \/>\n<meta property=\"article:publisher\" content=\"https:\/\/www.facebook.com\/womenhousecz\" \/>\n<meta property=\"article:published_time\" content=\"2025-12-25T23:01:00+00:00\" \/>\n<meta property=\"article:modified_time\" content=\"2026-02-19T19:52:05+00:00\" \/>\n<meta property=\"og:image\" content=\"https:\/\/womenhouse.cz\/wp-content\/uploads\/2025\/11\/587245022_1397948199032007_3131157821220461615_n.jpeg\" \/>\n\t<meta property=\"og:image:width\" content=\"2048\" \/>\n\t<meta property=\"og:image:height\" content=\"1536\" \/>\n\t<meta property=\"og:image:type\" content=\"image\/jpeg\" \/>\n<meta name=\"author\" content=\"Nela Slivkov\u00e1\" \/>\n<meta name=\"twitter:card\" content=\"summary_large_image\" \/>\n<meta name=\"twitter:label1\" content=\"Napsal(a)\" \/>\n\t<meta name=\"twitter:data1\" content=\"Nela Slivkov\u00e1\" \/>\n\t<meta name=\"twitter:label2\" content=\"Odhadovan\u00e1 doba \u010dten\u00ed\" \/>\n\t<meta name=\"twitter:data2\" content=\"7 minut\" \/>\n<script type=\"application\/ld+json\" class=\"yoast-schema-graph\">{\"@context\":\"https:\/\/schema.org\",\"@graph\":[{\"@type\":\"Article\",\"@id\":\"https:\/\/womenhouse.cz\/index.php\/2025\/12\/26\/v-cem-oslavit-konec-roku-prinasime-klicove-trendy\/#article\",\"isPartOf\":{\"@id\":\"https:\/\/womenhouse.cz\/index.php\/2025\/12\/26\/v-cem-oslavit-konec-roku-prinasime-klicove-trendy\/\"},\"author\":{\"name\":\"Nela Slivkov\u00e1\",\"@id\":\"https:\/\/womenhouse.cz\/#\/schema\/person\/326f89815d7d3bcd94dbc1ff49da2ab0\"},\"headline\":\"V \u010dem oslavit konec roku? P\u0159in\u00e1\u0161\u00edme kl\u00ed\u010dov\u00e9 trendy\",\"datePublished\":\"2025-12-25T23:01:00+00:00\",\"dateModified\":\"2026-02-19T19:52:05+00:00\",\"mainEntityOfPage\":{\"@id\":\"https:\/\/womenhouse.cz\/index.php\/2025\/12\/26\/v-cem-oslavit-konec-roku-prinasime-klicove-trendy\/\"},\"wordCount\":529,\"publisher\":{\"@id\":\"https:\/\/womenhouse.cz\/#organization\"},\"keywords\":[\"fashion\",\"m\u00f3da\",\"Pra\u017esk\u00e9 P\u0159\u00edkopy\",\"Silvestr\",\"trendy\"],\"articleSection\":[\"FASHION\",\"M\u00f3DA\",\"NEWS\"],\"inLanguage\":\"cs\"},{\"@type\":\"WebPage\",\"@id\":\"https:\/\/womenhouse.cz\/index.php\/2025\/12\/26\/v-cem-oslavit-konec-roku-prinasime-klicove-trendy\/\",\"url\":\"https:\/\/womenhouse.cz\/index.php\/2025\/12\/26\/v-cem-oslavit-konec-roku-prinasime-klicove-trendy\/\",\"name\":\"V \u010dem oslavit konec roku? P\u0159in\u00e1\u0161\u00edme kl\u00ed\u010dov\u00e9 trendy - WOMENHOUSE.cz\",\"isPartOf\":{\"@id\":\"https:\/\/womenhouse.cz\/#website\"},\"datePublished\":\"2025-12-25T23:01:00+00:00\",\"dateModified\":\"2026-02-19T19:52:05+00:00\",\"description\":\"Silvestr m\u00e1 b\u00fdt osobn\u00ed slavnost, ne m\u00f3dn\u00ed mise. Vyberte si, v \u010dem se budete c\u00edtit jako nejlep\u0161\u00ed verze sama sebe. P\u0159in\u00e1\u0161\u00edme n\u011bkolik tip\u016f!\",\"breadcrumb\":{\"@id\":\"https:\/\/womenhouse.cz\/index.php\/2025\/12\/26\/v-cem-oslavit-konec-roku-prinasime-klicove-trendy\/#breadcrumb\"},\"inLanguage\":\"cs\",\"potentialAction\":[{\"@type\":\"ReadAction\",\"target\":[\"https:\/\/womenhouse.cz\/index.php\/2025\/12\/26\/v-cem-oslavit-konec-roku-prinasime-klicove-trendy\/\"]}]},{\"@type\":\"BreadcrumbList\",\"@id\":\"https:\/\/womenhouse.cz\/index.php\/2025\/12\/26\/v-cem-oslavit-konec-roku-prinasime-klicove-trendy\/#breadcrumb\",\"itemListElement\":[{\"@type\":\"ListItem\",\"position\":1,\"name\":\"Dom\u016f\",\"item\":\"https:\/\/womenhouse.cz\/\"},{\"@type\":\"ListItem\",\"position\":2,\"name\":\"V \u010dem oslavit konec roku? P\u0159in\u00e1\u0161\u00edme kl\u00ed\u010dov\u00e9 trendy\"}]},{\"@type\":\"WebSite\",\"@id\":\"https:\/\/womenhouse.cz\/#website\",\"url\":\"https:\/\/womenhouse.cz\/\",\"name\":\"WOMENHOUSE.cz\",\"description\":\"Port\u00e1l v\u00fdhradn\u011b jen pro \u017eeny...\",\"publisher\":{\"@id\":\"https:\/\/womenhouse.cz\/#organization\"},\"potentialAction\":[{\"@type\":\"SearchAction\",\"target\":{\"@type\":\"EntryPoint\",\"urlTemplate\":\"https:\/\/womenhouse.cz\/?s={search_term_string}\"},\"query-input\":\"required name=search_term_string\"}],\"inLanguage\":\"cs\"},{\"@type\":\"Organization\",\"@id\":\"https:\/\/womenhouse.cz\/#organization\",\"name\":\"WOMENHOUSE.cz\",\"url\":\"https:\/\/womenhouse.cz\/\",\"logo\":{\"@type\":\"ImageObject\",\"inLanguage\":\"cs\",\"@id\":\"https:\/\/womenhouse.cz\/#\/schema\/logo\/image\/\",\"url\":\"https:\/\/womenhouse.cz\/wp-content\/uploads\/2020\/06\/cropped-logo_Womenhouse_RGB-02-removebg-preview-1.png\",\"contentUrl\":\"https:\/\/womenhouse.cz\/wp-content\/uploads\/2020\/06\/cropped-logo_Womenhouse_RGB-02-removebg-preview-1.png\",\"width\":561,\"height\":375,\"caption\":\"WOMENHOUSE.cz\"},\"image\":{\"@id\":\"https:\/\/womenhouse.cz\/#\/schema\/logo\/image\/\"},\"sameAs\":[\"https:\/\/www.facebook.com\/womenhousecz\",\"https:\/\/www.instagram.com\/womenhousecz\/\"]},{\"@type\":\"Person\",\"@id\":\"https:\/\/womenhouse.cz\/#\/schema\/person\/326f89815d7d3bcd94dbc1ff49da2ab0\",\"name\":\"Nela Slivkov\u00e1\",\"sameAs\":[\"http:\/\/WOMENHOUSE.cz\"],\"url\":\"https:\/\/womenhouse.cz\/index.php\/author\/nelasliv\/\"}]}<\/script>\n<!-- \/ Yoast SEO plugin. -->","yoast_head_json":{"title":"V \u010dem oslavit konec roku? P\u0159in\u00e1\u0161\u00edme kl\u00ed\u010dov\u00e9 trendy - WOMENHOUSE.cz","description":"Silvestr m\u00e1 b\u00fdt osobn\u00ed slavnost, ne m\u00f3dn\u00ed mise. Vyberte si, v \u010dem se budete c\u00edtit jako nejlep\u0161\u00ed verze sama sebe. P\u0159in\u00e1\u0161\u00edme n\u011bkolik tip\u016f!","robots":{"index":"index","follow":"follow","max-snippet":"max-snippet:-1","max-image-preview":"max-image-preview:large","max-video-preview":"max-video-preview:-1"},"canonical":"https:\/\/womenhouse.cz\/index.php\/2025\/12\/26\/v-cem-oslavit-konec-roku-prinasime-klicove-trendy\/","og_locale":"cs_CZ","og_type":"article","og_title":"V \u010dem oslavit konec roku? P\u0159in\u00e1\u0161\u00edme kl\u00ed\u010dov\u00e9 trendy - WOMENHOUSE.cz","og_description":"Silvestr m\u00e1 b\u00fdt osobn\u00ed slavnost, ne m\u00f3dn\u00ed mise. Vyberte si, v \u010dem se budete c\u00edtit jako nejlep\u0161\u00ed verze sama sebe. P\u0159in\u00e1\u0161\u00edme n\u011bkolik tip\u016f!","og_url":"https:\/\/womenhouse.cz\/index.php\/2025\/12\/26\/v-cem-oslavit-konec-roku-prinasime-klicove-trendy\/","og_site_name":"WOMENHOUSE.cz","article_publisher":"https:\/\/www.facebook.com\/womenhousecz","article_published_time":"2025-12-25T23:01:00+00:00","article_modified_time":"2026-02-19T19:52:05+00:00","og_image":[{"width":2048,"height":1536,"url":"https:\/\/womenhouse.cz\/wp-content\/uploads\/2025\/11\/587245022_1397948199032007_3131157821220461615_n.jpeg","type":"image\/jpeg"}],"author":"Nela Slivkov\u00e1","twitter_card":"summary_large_image","twitter_misc":{"Napsal(a)":"Nela Slivkov\u00e1","Odhadovan\u00e1 doba \u010dten\u00ed":"7 minut"},"schema":{"@context":"https:\/\/schema.org","@graph":[{"@type":"Article","@id":"https:\/\/womenhouse.cz\/index.php\/2025\/12\/26\/v-cem-oslavit-konec-roku-prinasime-klicove-trendy\/#article","isPartOf":{"@id":"https:\/\/womenhouse.cz\/index.php\/2025\/12\/26\/v-cem-oslavit-konec-roku-prinasime-klicove-trendy\/"},"author":{"name":"Nela Slivkov\u00e1","@id":"https:\/\/womenhouse.cz\/#\/schema\/person\/326f89815d7d3bcd94dbc1ff49da2ab0"},"headline":"V \u010dem oslavit konec roku? P\u0159in\u00e1\u0161\u00edme kl\u00ed\u010dov\u00e9 trendy","datePublished":"2025-12-25T23:01:00+00:00","dateModified":"2026-02-19T19:52:05+00:00","mainEntityOfPage":{"@id":"https:\/\/womenhouse.cz\/index.php\/2025\/12\/26\/v-cem-oslavit-konec-roku-prinasime-klicove-trendy\/"},"wordCount":529,"publisher":{"@id":"https:\/\/womenhouse.cz\/#organization"},"keywords":["fashion","m\u00f3da","Pra\u017esk\u00e9 P\u0159\u00edkopy","Silvestr","trendy"],"articleSection":["FASHION","M\u00f3DA","NEWS"],"inLanguage":"cs"},{"@type":"WebPage","@id":"https:\/\/womenhouse.cz\/index.php\/2025\/12\/26\/v-cem-oslavit-konec-roku-prinasime-klicove-trendy\/","url":"https:\/\/womenhouse.cz\/index.php\/2025\/12\/26\/v-cem-oslavit-konec-roku-prinasime-klicove-trendy\/","name":"V \u010dem oslavit konec roku? P\u0159in\u00e1\u0161\u00edme kl\u00ed\u010dov\u00e9 trendy - WOMENHOUSE.cz","isPartOf":{"@id":"https:\/\/womenhouse.cz\/#website"},"datePublished":"2025-12-25T23:01:00+00:00","dateModified":"2026-02-19T19:52:05+00:00","description":"Silvestr m\u00e1 b\u00fdt osobn\u00ed slavnost, ne m\u00f3dn\u00ed mise. Vyberte si, v \u010dem se budete c\u00edtit jako nejlep\u0161\u00ed verze sama sebe. P\u0159in\u00e1\u0161\u00edme n\u011bkolik tip\u016f!","breadcrumb":{"@id":"https:\/\/womenhouse.cz\/index.php\/2025\/12\/26\/v-cem-oslavit-konec-roku-prinasime-klicove-trendy\/#breadcrumb"},"inLanguage":"cs","potentialAction":[{"@type":"ReadAction","target":["https:\/\/womenhouse.cz\/index.php\/2025\/12\/26\/v-cem-oslavit-konec-roku-prinasime-klicove-trendy\/"]}]},{"@type":"BreadcrumbList","@id":"https:\/\/womenhouse.cz\/index.php\/2025\/12\/26\/v-cem-oslavit-konec-roku-prinasime-klicove-trendy\/#breadcrumb","itemListElement":[{"@type":"ListItem","position":1,"name":"Dom\u016f","item":"https:\/\/womenhouse.cz\/"},{"@type":"ListItem","position":2,"name":"V \u010dem oslavit konec roku? P\u0159in\u00e1\u0161\u00edme kl\u00ed\u010dov\u00e9 trendy"}]},{"@type":"WebSite","@id":"https:\/\/womenhouse.cz\/#website","url":"https:\/\/womenhouse.cz\/","name":"WOMENHOUSE.cz","description":"Port\u00e1l v\u00fdhradn\u011b jen pro \u017eeny...","publisher":{"@id":"https:\/\/womenhouse.cz\/#organization"},"potentialAction":[{"@type":"SearchAction","target":{"@type":"EntryPoint","urlTemplate":"https:\/\/womenhouse.cz\/?s={search_term_string}"},"query-input":"required name=search_term_string"}],"inLanguage":"cs"},{"@type":"Organization","@id":"https:\/\/womenhouse.cz\/#organization","name":"WOMENHOUSE.cz","url":"https:\/\/womenhouse.cz\/","logo":{"@type":"ImageObject","inLanguage":"cs","@id":"https:\/\/womenhouse.cz\/#\/schema\/logo\/image\/","url":"https:\/\/womenhouse.cz\/wp-content\/uploads\/2020\/06\/cropped-logo_Womenhouse_RGB-02-removebg-preview-1.png","contentUrl":"https:\/\/womenhouse.cz\/wp-content\/uploads\/2020\/06\/cropped-logo_Womenhouse_RGB-02-removebg-preview-1.png","width":561,"height":375,"caption":"WOMENHOUSE.cz"},"image":{"@id":"https:\/\/womenhouse.cz\/#\/schema\/logo\/image\/"},"sameAs":["https:\/\/www.facebook.com\/womenhousecz","https:\/\/www.instagram.com\/womenhousecz\/"]},{"@type":"Person","@id":"https:\/\/womenhouse.cz\/#\/schema\/person\/326f89815d7d3bcd94dbc1ff49da2ab0","name":"Nela Slivkov\u00e1","sameAs":["http:\/\/WOMENHOUSE.cz"],"url":"https:\/\/womenhouse.cz\/index.php\/author\/nelasliv\/"}]}},"_links":{"self":[{"href":"https:\/\/womenhouse.cz\/index.php\/wp-json\/wp\/v2\/posts\/16702"}],"collection":[{"href":"https:\/\/womenhouse.cz\/index.php\/wp-json\/wp\/v2\/posts"}],"about":[{"href":"https:\/\/womenhouse.cz\/index.php\/wp-json\/wp\/v2\/types\/post"}],"author":[{"embeddable":true,"href":"https:\/\/womenhouse.cz\/index.php\/wp-json\/wp\/v2\/users\/13"}],"replies":[{"embeddable":true,"href":"https:\/\/womenhouse.cz\/index.php\/wp-json\/wp\/v2\/comments?post=16702"}],"version-history":[{"count":-4,"href":"https:\/\/womenhouse.cz\/index.php\/wp-json\/wp\/v2\/posts\/16702\/revisions"}],"wp:featuredmedia":[{"embeddable":true,"href":"https:\/\/womenhouse.cz\/index.php\/wp-json\/wp\/v2\/media\/16703"}],"wp:attachment":[{"href":"https:\/\/womenhouse.cz\/index.php\/wp-json\/wp\/v2\/media?parent=16702"}],"wp:term":[{"taxonomy":"category","embeddable":true,"href":"https:\/\/womenhouse.cz\/index.php\/wp-json\/wp\/v2\/categories?post=16702"},{"taxonomy":"post_tag","embeddable":true,"href":"https:\/\/womenhouse.cz\/index.php\/wp-json\/wp\/v2\/tags?post=16702"}],"curies":[{"name":"wp","href":"https:\/\/api.w.org\/{rel}","templated":true}]}}