{"id":16684,"date":"2025-11-21T00:01:00","date_gmt":"2025-11-20T23:01:00","guid":{"rendered":"https:\/\/womenhouse.cz\/?p=16684"},"modified":"2026-01-29T00:19:20","modified_gmt":"2026-01-28T23:19:20","slug":"kdo-ma-narok-na-mestsky-byt-k-pronajmu-v-podebradech-podminky-a-kriteria-ktera-musite-splnit","status":"publish","type":"post","link":"https:\/\/womenhouse.cz\/index.php\/2025\/11\/21\/kdo-ma-narok-na-mestsky-byt-k-pronajmu-v-podebradech-podminky-a-kriteria-ktera-musite-splnit\/","title":{"rendered":"Kdo m\u00e1 n\u00e1rok na m\u011bstsk\u00fd byt k pron\u00e1jmu v Pod\u011bbradech? Podm\u00ednky a krit\u00e9ria, kter\u00e1 mus\u00edte splnit"},"content":{"rendered":"\n<div style=\"height:44px\" aria-hidden=\"true\" class=\"wp-block-spacer\"><\/div>\n\n\n\n<p class=\"has-medium-font-size\"><strong><a href=\"https:\/\/www.eurobydleni.cz\/byty\/nymburk\/obec-podebrady\/pronajem\/\">M\u011bstsk\u00e9 byty k pron\u00e1jmu v Pod\u011bbradech<\/a>\u00a0nab\u00edz\u00ed \u0161anci bydlet levn\u011bji ne\u017e v soukrom\u00e9m n\u00e1jmu. Jen\u017ee n\u00e1rok nem\u00e1 ka\u017ed\u00fd, kdo si pod\u00e1 \u017e\u00e1dost. M\u011bsto m\u00e1 jasn\u00e1 pravidla a hodnot\u00ed \u017eadatele podle n\u011bkolika krit\u00e9ri\u00ed. Pod\u00edvejme se, jestli m\u00e1te \u0161anci usp\u011bt.<\/strong><\/p>\n\n\n\n<div style=\"height:44px\" aria-hidden=\"true\" class=\"wp-block-spacer\"><\/div>\n\n\n<div class=\"wp-block-image\">\n<figure class=\"aligncenter size-large\"><img loading=\"lazy\" decoding=\"async\" width=\"1024\" height=\"682\" src=\"https:\/\/womenhouse.cz\/wp-content\/uploads\/2025\/11\/pexels-kindelmedia-7979435-1024x682.jpg\" alt=\"Kdo m\u00e1 n\u00e1rok na m\u011bstsk\u00fd byt k pron\u00e1jmu v Pod\u011bbradech? Podm\u00ednky a krit\u00e9ria, kter\u00e1 mus\u00edte splnit\" class=\"wp-image-16685\" srcset=\"https:\/\/womenhouse.cz\/wp-content\/uploads\/2025\/11\/pexels-kindelmedia-7979435-1024x682.jpg 1024w, https:\/\/womenhouse.cz\/wp-content\/uploads\/2025\/11\/pexels-kindelmedia-7979435-300x200.jpg 300w, https:\/\/womenhouse.cz\/wp-content\/uploads\/2025\/11\/pexels-kindelmedia-7979435-768x512.jpg 768w, https:\/\/womenhouse.cz\/wp-content\/uploads\/2025\/11\/pexels-kindelmedia-7979435-730x485.jpg 730w, https:\/\/womenhouse.cz\/wp-content\/uploads\/2025\/11\/pexels-kindelmedia-7979435.jpg 1280w\" sizes=\"(max-width: 1024px) 100vw, 1024px\" \/><\/figure><\/div>\n\n\n<div style=\"height:44px\" aria-hidden=\"true\" class=\"wp-block-spacer\"><\/div>\n\n\n\n<h2 class=\"wp-block-heading\">Trval\u00fd pobyt v Pod\u011bbradech je podm\u00ednkou<\/h2>\n\n\n\n<div style=\"height:44px\" aria-hidden=\"true\" class=\"wp-block-spacer\"><\/div>\n\n\n\n<p class=\"has-medium-font-size\">Z\u00e1kladn\u00ed podm\u00ednka zn\u00ed jasn\u011b: mus\u00edte m\u00edt trval\u00fd pobyt v m\u00edst\u011b, kde o m\u011bstsk\u00fd byt usilujete. Nesta\u010d\u00ed tu pracovat nebo m\u00edt tady p\u0159\u00edbuzn\u00e9. \u00da\u0159ad vy\u017eaduje ofici\u00e1ln\u00ed registraci na adrese ve m\u011bst\u011b. Pokud se sem teprve st\u011bhujete odjinud, nejd\u0159\u00edv si zaregistrujte trval\u00fd pobyt a a\u017e pak pod\u00e1vejte \u017e\u00e1dost.<\/p>\n\n\n\n<p class=\"has-medium-font-size\">N\u011bkter\u00e1 m\u011bsta nav\u00edc po\u017eaduj\u00ed ur\u010ditou minim\u00e1ln\u00ed dobu trval\u00e9ho pobytu &#8211; t\u0159eba rok nebo dva. Pod\u011bbrady tento po\u017eadavek nemus\u00ed m\u00edt, ale radnice v\u00e1s pravd\u011bpodobn\u011b vy\u0159ad\u00ed, pokud tu \u017eijete teprve m\u011bs\u00edc. Priority dost\u00e1vaj\u00ed lid\u00e9 s del\u0161\u00ed vazbou na m\u011bsto. Rodil\u00ed Pod\u011bbrad\u0161t\u00ed nebo ti, co tu \u017eij\u00ed desetilet\u00ed, maj\u00ed logicky v\u00fdhodu p\u0159ed \u010derstv\u00fdmi p\u0159\u00edchoz\u00edmi.<\/p>\n\n\n\n<p class=\"has-medium-font-size\">Mimo mo\u017enost pron\u00e1jmu se st\u00e1le \u010dast\u011bji objevuje i varianta koup\u011b bytu v Pod\u011bbradech \u2014 v\u00edce o tom, pro\u010d se toto m\u011bsto st\u00e1v\u00e1 atraktivn\u00ed volbou pro n\u00e1kup nemovitosti, najdete v \u010dl\u00e1nku<strong>\u00a0<a href=\"https:\/\/romodromcz.cz\/byty-na-prodej-v-podebradech-5-duvodu-proc-se-sem-prestehovat\/\">\u201eByty na prodej v Pod\u011bbradech: 5 d\u016fvod\u016f, pro\u010d se sem p\u0159est\u011bhovat\u201c<\/a>.<\/strong><\/p>\n\n\n\n<div style=\"height:44px\" aria-hidden=\"true\" class=\"wp-block-spacer\"><\/div>\n\n\n\n<h2 class=\"wp-block-heading\">P\u0159\u00edjmy rozhoduj\u00ed o tom, jestli v\u016fbec m\u016f\u017eete \u017e\u00e1dat<\/h2>\n\n\n\n<div style=\"height:44px\" aria-hidden=\"true\" class=\"wp-block-spacer\"><\/div>\n\n\n\n<p class=\"has-medium-font-size\"><a href=\"https:\/\/socialnibydleni.mpsv.cz\/socialni-bydleni\"><strong>M\u011bstsk\u00e9 byty slou\u017e\u00ed prim\u00e1rn\u011b lidem, kte\u0159\u00ed si nemohou dovolit tr\u017en\u00ed n\u00e1jem.<\/strong><\/a>\u00a0Proto existuj\u00ed p\u0159\u00edjmov\u00e9 limity. Pokud vyd\u011bl\u00e1v\u00e1te p\u0159\u00edli\u0161 mnoho, na m\u011bstsk\u00fd byt nedos\u00e1hnete. Naopak pokud nem\u00e1te \u017e\u00e1dn\u00e9 p\u0159\u00edjmy, tak\u00e9 v\u00e1s vy\u0159ad\u00ed. M\u011bsto chce jistotu, \u017ee n\u00e1jem zaplat\u00edte.<\/p>\n\n\n\n<p class=\"has-medium-font-size\">Konkr\u00e9tn\u00ed \u010d\u00e1stky se li\u0161\u00ed podle velikosti dom\u00e1cnosti. Samo\u017eivitelka se dv\u011bma d\u011btmi m\u00e1 vy\u0161\u0161\u00ed limit ne\u017e bezd\u011btn\u00fd single. P\u0159esn\u00e9 hodnoty si ov\u011b\u0159te p\u0159\u00edmo na m\u011bstsk\u00e9m \u00fa\u0159ad\u011b v Pod\u011bbradech.<\/p>\n\n\n\n<p class=\"has-medium-font-size\">P\u0159i posuzov\u00e1n\u00ed p\u0159\u00edjm\u016f \u00fa\u0159ad po\u010d\u00edt\u00e1 v\u0161echny zdroje &#8211; mzdu, d\u016fchod, rodi\u010dovsk\u00fd p\u0159\u00edsp\u011bvek, soci\u00e1ln\u00ed d\u00e1vky. Neplat\u00ed tu jen v\u00e1\u0161 v\u00fdd\u011blek, ale celkov\u00fd p\u0159\u00edjem dom\u00e1cnosti. Pokud \u017eijete s partnerem nebo s dosp\u011bl\u00fdmi d\u011btmi, s\u010d\u00edtaj\u00ed se p\u0159\u00edjmy v\u0161ech \u010dlen\u016f.<\/p>\n\n\n\n<p class=\"has-medium-font-size\"><a href=\"https:\/\/www.irozhlas.cz\/zpravy-domov\/obecni-byty-najmy-bydleni-zdrazeni-inflace_2305301512_kac\"><strong>Rostouc\u00ed ceny n\u00e1jemn\u00edho bydlen\u00ed v \u010cesku nav\u00edc dlouhodob\u011b zvy\u0161uj\u00ed z\u00e1jem o obecn\u00ed byty, co\u017e potvrzuj\u00ed i celost\u00e1tn\u00ed anal\u00fdzy o zdra\u017eov\u00e1n\u00ed n\u00e1jm\u016f.<\/strong><\/a><\/p>\n\n\n\n<div style=\"height:44px\" aria-hidden=\"true\" class=\"wp-block-spacer\"><\/div>\n\n\n<div class=\"wp-block-image\">\n<figure class=\"aligncenter size-large\"><img loading=\"lazy\" decoding=\"async\" width=\"1024\" height=\"682\" src=\"https:\/\/womenhouse.cz\/wp-content\/uploads\/2025\/11\/pexels-curtis-adams-1694007-7028075-1024x682.jpg\" alt=\"Kdo m\u00e1 n\u00e1rok na m\u011bstsk\u00fd byt k pron\u00e1jmu v Pod\u011bbradech? Podm\u00ednky a krit\u00e9ria, kter\u00e1 mus\u00edte splnit\" class=\"wp-image-16686\" srcset=\"https:\/\/womenhouse.cz\/wp-content\/uploads\/2025\/11\/pexels-curtis-adams-1694007-7028075-1024x682.jpg 1024w, https:\/\/womenhouse.cz\/wp-content\/uploads\/2025\/11\/pexels-curtis-adams-1694007-7028075-300x200.jpg 300w, https:\/\/womenhouse.cz\/wp-content\/uploads\/2025\/11\/pexels-curtis-adams-1694007-7028075-768x512.jpg 768w, https:\/\/womenhouse.cz\/wp-content\/uploads\/2025\/11\/pexels-curtis-adams-1694007-7028075-730x485.jpg 730w, https:\/\/womenhouse.cz\/wp-content\/uploads\/2025\/11\/pexels-curtis-adams-1694007-7028075.jpg 1280w\" sizes=\"(max-width: 1024px) 100vw, 1024px\" \/><\/figure><\/div>\n\n\n<div style=\"height:44px\" aria-hidden=\"true\" class=\"wp-block-spacer\"><\/div>\n\n\n\n<h2 class=\"wp-block-heading\">Bodov\u00fd syst\u00e9m ur\u010duje po\u0159ad\u00ed \u017eadatel\u016f<\/h2>\n\n\n\n<div style=\"height:44px\" aria-hidden=\"true\" class=\"wp-block-spacer\"><\/div>\n\n\n\n<p class=\"has-medium-font-size\">Pod\u011bbrady pou\u017e\u00edvaj\u00ed bodov\u00fd syst\u00e9m pro vyhodnocen\u00ed \u017e\u00e1dost\u00ed. Ka\u017ed\u00fd \u017eadatel dostane ur\u010dit\u00fd po\u010det bod\u016f podle sv\u00e9 \u017eivotn\u00ed situace. \u010c\u00edm v\u00edc bod\u016f, t\u00edm v\u011bt\u0161\u00ed \u0161ance na p\u0159id\u011blen\u00ed bytu. Kdy\u017e se uvoln\u00ed m\u011bstsk\u00fd byt, dostane ho ten s nejvy\u0161\u0161\u00edm po\u010dtem bod\u016f ze seznamu.<\/p>\n\n\n\n<p class=\"has-medium-font-size\">Body z\u00edsk\u00e1te za r\u016fzn\u00e9 faktory. D\u00e9lka trval\u00e9ho pobytu v Pod\u011bbradech p\u0159in\u00e1\u0161\u00ed body nav\u00edc. Po\u010det vy\u017eivovan\u00fdch d\u011bt\u00ed hraje velkou roli &#8211; \u010d\u00edm v\u00edc d\u011bt\u00ed, t\u00edm v\u00edc bod\u016f. Tak\u00e9 zdravotn\u00ed stav \u017eadatele hraje svou roli. Osoba se zdravotn\u00edm posti\u017een\u00edm nebo rodi\u010d pe\u010duj\u00edc\u00ed o nemocn\u00e9 d\u00edt\u011b dostane extra body.<\/p>\n\n\n\n<p class=\"has-medium-font-size\">Sou\u010dasn\u00e1 bytov\u00e1 situace taky ovliv\u0148uje bodov\u00e9 hodnocen\u00ed. Pokud bydl\u00edte v podn\u00e1jmu nebo u rodi\u010d\u016f, m\u00e1te v\u00edc bod\u016f ne\u017e vlastn\u00edk nemovitosti. Nouzov\u00e1 situace, jako je t\u0159eba hroz\u00edc\u00ed vyst\u011bhov\u00e1n\u00ed nebo bydlen\u00ed v nevyhovuj\u00edc\u00edch podm\u00ednk\u00e1ch v\u00e1m p\u0159id\u00e1 dal\u0161\u00ed body.<\/p>\n\n\n\n<div style=\"height:44px\" aria-hidden=\"true\" class=\"wp-block-spacer\"><\/div>\n\n\n\n<h2 class=\"wp-block-heading\">Preference pro n\u011bkter\u00e9 skupiny obyvatel<\/h2>\n\n\n\n<div style=\"height:44px\" aria-hidden=\"true\" class=\"wp-block-spacer\"><\/div>\n\n\n\n<ul>\n<li class=\"has-medium-font-size\">Mlad\u00e9 rodiny s d\u011btmi pat\u0159\u00ed mezi priority v\u011bt\u0161iny m\u011bst. Pod\u011bbrady nejsou v\u00fdjimka. Rodina se dv\u011bma mal\u00fdmi d\u011btmi, kter\u00e1 bydl\u00ed v garsonce u babi\u010dky, m\u00e1 v\u00fdrazn\u011b vy\u0161\u0161\u00ed \u0161anci ne\u017e mlad\u00fd p\u00e1r bez d\u011bt\u00ed s vlastn\u00edm bytem.<\/li>\n\n\n\n<li class=\"has-medium-font-size\">Senio\u0159i tvo\u0159\u00ed dal\u0161\u00ed prioritn\u00ed skupinu. Sta\u0159\u00ed lid\u00e9 \u010dasto \u017eij\u00ed sami ve velk\u00fdch bytech nebo naopak nemaj\u00ed kde bydlet po prodeji nemovitosti. M\u011bsto jim umo\u017e\u0148uje p\u0159\u00edstup k men\u0161\u00edm byt\u016fm za rozumn\u00e9 ceny. V\u011bk nad 65 let obvykle p\u0159in\u00e1\u0161\u00ed bonusov\u00e9 body.<\/li>\n\n\n\n<li class=\"has-medium-font-size\">Samo\u017eivitel\u00e9 a samo\u017eivitelky \u010del\u00ed \u010dasto t\u011b\u017ek\u00e9 finan\u010dn\u00ed situaci. Vychov\u00e1vat d\u00edt\u011b sami a z\u00e1rove\u0148 platit vysok\u00e9 n\u00e1jemn\u00e9 b\u00fdv\u00e1 nad jejich s\u00edly. Proto dost\u00e1vaj\u00ed p\u0159i p\u0159id\u011blov\u00e1n\u00ed m\u011bstsk\u00fdch byt\u016f p\u0159ednost p\u0159ed \u00fapln\u00fdmi rodinami se stejn\u00fdm po\u010dtem d\u011bt\u00ed.<\/li>\n\n\n\n<li class=\"has-medium-font-size\">Zdravotn\u011b posti\u017een\u00ed ob\u010dan\u00e9 pot\u0159ebuj\u00ed n\u011bkdy speci\u00e1ln\u011b upraven\u00e9 byty nebo alespo\u0148 bezbari\u00e9rov\u00fd p\u0159\u00edstup. M\u011bsto na to pamatuje a zohled\u0148uje zdravotn\u00ed stav p\u0159i rozhodov\u00e1n\u00ed. Pokud m\u00e1te invalidn\u00ed d\u016fchod nebo pe\u010dujete o \u010dlena rodiny s posti\u017een\u00edm, zmi\u0148te to v \u017e\u00e1dosti.<\/li>\n<\/ul>\n\n\n\n<div style=\"height:44px\" aria-hidden=\"true\" class=\"wp-block-spacer\"><\/div>\n\n\n\n<h2 class=\"wp-block-heading\">Co v\u00e1s vy\u0159ad\u00ed ze hry?<\/h2>\n\n\n\n<div style=\"height:44px\" aria-hidden=\"true\" class=\"wp-block-spacer\"><\/div>\n\n\n\n<p class=\"has-medium-font-size\">Vlastnictv\u00ed nemovitosti v\u011bt\u0161inou znamen\u00e1 konec \u0161anc\u00ed na m\u011bstsk\u00fd byt. Logika stoj\u00ed na tom, \u017ee m\u011bstsk\u00e9 byty slou\u017e\u00ed t\u011bm, kdo nemaj\u00ed kde bydlet. Pokud vlastn\u00edte d\u016fm nebo byt, i kdy\u017e t\u0159eba zadlu\u017een\u00fd, \u00fa\u0159ad va\u0161i \u017e\u00e1dost odm\u00edtne. V\u00fdjimky existuj\u00ed, ale mus\u00edte prok\u00e1zat extr\u00e9mn\u00ed \u017eivotn\u00ed situaci.<\/p>\n\n\n\n<p class=\"has-medium-font-size\">Dluhy v\u016f\u010di m\u011bstu jsou dal\u0161\u00ed d\u016fvod k vy\u0159azen\u00ed. Pokud dlu\u017e\u00edte Pod\u011bbrad\u016fm na poplatc\u00edch, dan\u00edch nebo pokut\u00e1ch, nedostanete m\u011bstsk\u00fd byt. P\u0159ed pod\u00e1n\u00edm \u017e\u00e1dosti si zkontrolujte, jestli nem\u00e1te v\u016f\u010di m\u011bstu n\u011bjak\u00e9 z\u00e1vazky. P\u0159\u00edpadn\u011b je vypo\u0159\u00e1dejte a pak teprve \u017e\u00e1dejte.<\/p>\n\n\n\n<p class=\"has-medium-font-size\">P\u0159edchoz\u00ed zku\u0161enost s n\u00e1jmem m\u011bstsk\u00e9ho bytu hraje roli taky. Pokud v\u00e1m m\u011bsto u\u017e jednou p\u0159id\u011blilo byt a vy jste dostali v\u00fdpov\u011b\u010f kv\u016fli neplacen\u00ed nebo naru\u0161ov\u00e1n\u00ed po\u0159\u00e1dku, na dal\u0161\u00ed p\u0159\u00edle\u017eitost nejsp\u00ed\u0161 ne\u010dekejte. M\u011bstsk\u00fd \u00fa\u0159ad si tyto informace ov\u011b\u0159uje.<\/p>\n\n\n\n<p class=\"has-medium-font-size\">Trestn\u00e1 \u010dinnost souvisej\u00edc\u00ed s bytem nebo drogami v\u00e1s pravd\u011bpodobn\u011b diskvalifikuje. M\u011bsto nechce riskovat probl\u00e9my v domech, kde bydl\u00ed slu\u0161n\u00ed n\u00e1jemn\u00edci. Pokud m\u00e1te z\u00e1znam v trestn\u00edm rejst\u0159\u00edku za ur\u010dit\u00e9 typy trestn\u00e9 \u010dinnosti, po\u010d\u00edtejte s odm\u00edtnut\u00edm \u017e\u00e1dosti.<\/p>\n\n\n\n<div style=\"height:44px\" aria-hidden=\"true\" class=\"wp-block-spacer\"><\/div>\n\n\n\n<h2 class=\"wp-block-heading\">\u017d\u00e1dost neznamen\u00e1 z\u00e1ruku, ale rozhodn\u011b to zkuste<\/h2>\n\n\n\n<div style=\"height:44px\" aria-hidden=\"true\" class=\"wp-block-spacer\"><\/div>\n\n\n\n<p class=\"has-medium-font-size\">M\u011bstsk\u00fd byt v Pod\u011bbradech nedostane ka\u017ed\u00fd \u017eadatel. Po\u010det voln\u00fdch byt\u016f je omezen\u00fd a z\u00e1jem p\u0159evy\u0161uje nab\u00eddku. N\u011bkte\u0159\u00ed \u010dekaj\u00ed roky, jin\u00ed nedostanou odpov\u011b\u010f nikdy. P\u0159esto m\u00e1 smysl zkusit to, pokud spl\u0148ujete z\u00e1kladn\u00ed podm\u00ednky. V\u00e1\u0161 p\u0159\u00edpad ov\u011b\u0159te osobn\u011b na m\u011bstsk\u00e9m \u00fa\u0159ad\u011b. \u00da\u0159edn\u00edci v\u00e1m \u0159eknou, jestli m\u00e1te \u0161anci, nebo jestli rovnou hledejte jin\u00e9 \u0159e\u0161en\u00ed. \u017d\u00e1dost nic nestoj\u00ed a nikdy nev\u00edte, kdy t\u0159eba n\u00e1hodou posunete nahoru v po\u0159adn\u00edku.<\/p>\n\n\n\n<div style=\"height:100px\" aria-hidden=\"true\" class=\"wp-block-spacer\"><\/div>\n\n\n\n<figure class=\"wp-block-gallery has-nested-images columns-default is-cropped wp-block-gallery-1 is-layout-flex wp-block-gallery-is-layout-flex\">\n<figure class=\"wp-block-image size-large\"><img loading=\"lazy\" decoding=\"async\" width=\"1024\" height=\"682\" data-id=\"16685\" src=\"https:\/\/womenhouse.cz\/wp-content\/uploads\/2025\/11\/pexels-kindelmedia-7979435-1024x682.jpg\" alt=\"Kdo m\u00e1 n\u00e1rok na m\u011bstsk\u00fd byt k pron\u00e1jmu v Pod\u011bbradech? Podm\u00ednky a krit\u00e9ria, kter\u00e1 mus\u00edte splnit\" class=\"wp-image-16685\" srcset=\"https:\/\/womenhouse.cz\/wp-content\/uploads\/2025\/11\/pexels-kindelmedia-7979435-1024x682.jpg 1024w, https:\/\/womenhouse.cz\/wp-content\/uploads\/2025\/11\/pexels-kindelmedia-7979435-300x200.jpg 300w, https:\/\/womenhouse.cz\/wp-content\/uploads\/2025\/11\/pexels-kindelmedia-7979435-768x512.jpg 768w, https:\/\/womenhouse.cz\/wp-content\/uploads\/2025\/11\/pexels-kindelmedia-7979435-730x485.jpg 730w, https:\/\/womenhouse.cz\/wp-content\/uploads\/2025\/11\/pexels-kindelmedia-7979435.jpg 1280w\" sizes=\"(max-width: 1024px) 100vw, 1024px\" \/><\/figure>\n\n\n\n<figure class=\"wp-block-image size-large\"><img loading=\"lazy\" decoding=\"async\" width=\"1024\" height=\"682\" data-id=\"16686\" src=\"https:\/\/womenhouse.cz\/wp-content\/uploads\/2025\/11\/pexels-curtis-adams-1694007-7028075-1024x682.jpg\" alt=\"Kdo m\u00e1 n\u00e1rok na m\u011bstsk\u00fd byt k pron\u00e1jmu v Pod\u011bbradech? Podm\u00ednky a krit\u00e9ria, kter\u00e1 mus\u00edte splnit\" class=\"wp-image-16686\" srcset=\"https:\/\/womenhouse.cz\/wp-content\/uploads\/2025\/11\/pexels-curtis-adams-1694007-7028075-1024x682.jpg 1024w, https:\/\/womenhouse.cz\/wp-content\/uploads\/2025\/11\/pexels-curtis-adams-1694007-7028075-300x200.jpg 300w, https:\/\/womenhouse.cz\/wp-content\/uploads\/2025\/11\/pexels-curtis-adams-1694007-7028075-768x512.jpg 768w, https:\/\/womenhouse.cz\/wp-content\/uploads\/2025\/11\/pexels-curtis-adams-1694007-7028075-730x485.jpg 730w, https:\/\/womenhouse.cz\/wp-content\/uploads\/2025\/11\/pexels-curtis-adams-1694007-7028075.jpg 1280w\" sizes=\"(max-width: 1024px) 100vw, 1024px\" \/><\/figure>\n<\/figure>\n\n\n\n<div style=\"height:29px\" aria-hidden=\"true\" class=\"wp-block-spacer\"><\/div>\n\n\n\n<p><strong>Zdroj foto:<\/strong> Pixabay.com<\/p>\n\n\n\n<div style=\"height:100px\" aria-hidden=\"true\" class=\"wp-block-spacer\"><\/div>\n","protected":false},"excerpt":{"rendered":"<p>M\u011bstsk\u00e9 byty k pron\u00e1jmu v Pod\u011bbradech\u00a0nab\u00edz\u00ed \u0161anci bydlet levn\u011bji ne\u017e v soukrom\u00e9m n\u00e1jmu. Jen\u017ee n\u00e1rok nem\u00e1 ka\u017ed\u00fd, kdo si pod\u00e1 \u017e\u00e1dost. M\u011bsto m\u00e1 jasn\u00e1 pravidla a hodnot\u00ed \u017eadatele podle n\u011bkolika krit\u00e9ri\u00ed. Pod\u00edvejme se, jestli m\u00e1te \u0161anci usp\u011bt. Trval\u00fd pobyt v Pod\u011bbradech je podm\u00ednkou Z\u00e1kladn\u00ed podm\u00ednka zn\u00ed jasn\u011b: mus\u00edte m\u00edt trval\u00fd pobyt v m\u00edst\u011b, kde o [&hellip;]<\/p>\n","protected":false},"author":2,"featured_media":16685,"comment_status":"closed","ping_status":"closed","sticky":false,"template":"","format":"standard","meta":{"_mi_skip_tracking":false,"_monsterinsights_sitenote_active":false,"_monsterinsights_sitenote_note":"","_monsterinsights_sitenote_category":0,"footnotes":""},"categories":[11,2,12],"tags":[],"yoast_head":"<!-- This site is optimized with the Yoast SEO plugin v21.5 - https:\/\/yoast.com\/wordpress\/plugins\/seo\/ -->\n<title>Kdo m\u00e1 n\u00e1rok na m\u011bstsk\u00fd byt k pron\u00e1jmu v Pod\u011bbradech? Podm\u00ednky a krit\u00e9ria, kter\u00e1 mus\u00edte splnit - WOMENHOUSE.cz<\/title>\n<meta name=\"description\" content=\"M\u011bstsk\u00e9 byty k pron\u00e1jmu v Pod\u011bbradech\u00a0nab\u00edz\u00ed \u0161anci bydlet levn\u011bji ne\u017e v soukrom\u00e9m n\u00e1jmu. Jen\u017ee n\u00e1rok nem\u00e1 ka\u017ed\u00fd, kdo si pod\u00e1 \u017e\u00e1dost.\" \/>\n<meta name=\"robots\" content=\"index, follow, max-snippet:-1, max-image-preview:large, max-video-preview:-1\" \/>\n<link rel=\"canonical\" href=\"https:\/\/womenhouse.cz\/index.php\/2025\/11\/21\/kdo-ma-narok-na-mestsky-byt-k-pronajmu-v-podebradech-podminky-a-kriteria-ktera-musite-splnit\/\" \/>\n<meta property=\"og:locale\" content=\"cs_CZ\" \/>\n<meta property=\"og:type\" content=\"article\" \/>\n<meta property=\"og:title\" content=\"Kdo m\u00e1 n\u00e1rok na m\u011bstsk\u00fd byt k pron\u00e1jmu v Pod\u011bbradech? Podm\u00ednky a krit\u00e9ria, kter\u00e1 mus\u00edte splnit - WOMENHOUSE.cz\" \/>\n<meta property=\"og:description\" content=\"M\u011bstsk\u00e9 byty k pron\u00e1jmu v Pod\u011bbradech\u00a0nab\u00edz\u00ed \u0161anci bydlet levn\u011bji ne\u017e v soukrom\u00e9m n\u00e1jmu. Jen\u017ee n\u00e1rok nem\u00e1 ka\u017ed\u00fd, kdo si pod\u00e1 \u017e\u00e1dost.\" \/>\n<meta property=\"og:url\" content=\"https:\/\/womenhouse.cz\/index.php\/2025\/11\/21\/kdo-ma-narok-na-mestsky-byt-k-pronajmu-v-podebradech-podminky-a-kriteria-ktera-musite-splnit\/\" \/>\n<meta property=\"og:site_name\" content=\"WOMENHOUSE.cz\" \/>\n<meta property=\"article:publisher\" content=\"https:\/\/www.facebook.com\/womenhousecz\" \/>\n<meta property=\"article:published_time\" content=\"2025-11-20T23:01:00+00:00\" \/>\n<meta property=\"article:modified_time\" content=\"2026-01-28T23:19:20+00:00\" \/>\n<meta property=\"og:image\" content=\"https:\/\/womenhouse.cz\/wp-content\/uploads\/2025\/11\/pexels-kindelmedia-7979435.jpg\" \/>\n\t<meta property=\"og:image:width\" content=\"1280\" \/>\n\t<meta property=\"og:image:height\" content=\"853\" \/>\n\t<meta property=\"og:image:type\" content=\"image\/jpeg\" \/>\n<meta name=\"author\" content=\"Jolana Hol\u00e1\u0148ov\u00e1\" \/>\n<meta name=\"twitter:card\" content=\"summary_large_image\" \/>\n<meta name=\"twitter:label1\" content=\"Napsal(a)\" \/>\n\t<meta name=\"twitter:data1\" content=\"Jolana Hol\u00e1\u0148ov\u00e1\" \/>\n\t<meta name=\"twitter:label2\" content=\"Odhadovan\u00e1 doba \u010dten\u00ed\" \/>\n\t<meta name=\"twitter:data2\" content=\"6 minut\" \/>\n<script type=\"application\/ld+json\" class=\"yoast-schema-graph\">{\"@context\":\"https:\/\/schema.org\",\"@graph\":[{\"@type\":\"Article\",\"@id\":\"https:\/\/womenhouse.cz\/index.php\/2025\/11\/21\/kdo-ma-narok-na-mestsky-byt-k-pronajmu-v-podebradech-podminky-a-kriteria-ktera-musite-splnit\/#article\",\"isPartOf\":{\"@id\":\"https:\/\/womenhouse.cz\/index.php\/2025\/11\/21\/kdo-ma-narok-na-mestsky-byt-k-pronajmu-v-podebradech-podminky-a-kriteria-ktera-musite-splnit\/\"},\"author\":{\"name\":\"Jolana Hol\u00e1\u0148ov\u00e1\",\"@id\":\"https:\/\/womenhouse.cz\/#\/schema\/person\/541326101f8d68c711e83e8fecc80738\"},\"headline\":\"Kdo m\u00e1 n\u00e1rok na m\u011bstsk\u00fd byt k pron\u00e1jmu v Pod\u011bbradech? Podm\u00ednky a krit\u00e9ria, kter\u00e1 mus\u00edte splnit\",\"datePublished\":\"2025-11-20T23:01:00+00:00\",\"dateModified\":\"2026-01-28T23:19:20+00:00\",\"mainEntityOfPage\":{\"@id\":\"https:\/\/womenhouse.cz\/index.php\/2025\/11\/21\/kdo-ma-narok-na-mestsky-byt-k-pronajmu-v-podebradech-podminky-a-kriteria-ktera-musite-splnit\/\"},\"wordCount\":1196,\"publisher\":{\"@id\":\"https:\/\/womenhouse.cz\/#organization\"},\"articleSection\":[\"BYDLEN\u00cd &amp; DESIGN\",\"NEWS\",\"TIPY &amp; TRENDY\"],\"inLanguage\":\"cs\"},{\"@type\":\"WebPage\",\"@id\":\"https:\/\/womenhouse.cz\/index.php\/2025\/11\/21\/kdo-ma-narok-na-mestsky-byt-k-pronajmu-v-podebradech-podminky-a-kriteria-ktera-musite-splnit\/\",\"url\":\"https:\/\/womenhouse.cz\/index.php\/2025\/11\/21\/kdo-ma-narok-na-mestsky-byt-k-pronajmu-v-podebradech-podminky-a-kriteria-ktera-musite-splnit\/\",\"name\":\"Kdo m\u00e1 n\u00e1rok na m\u011bstsk\u00fd byt k pron\u00e1jmu v Pod\u011bbradech? Podm\u00ednky a krit\u00e9ria, kter\u00e1 mus\u00edte splnit - WOMENHOUSE.cz\",\"isPartOf\":{\"@id\":\"https:\/\/womenhouse.cz\/#website\"},\"datePublished\":\"2025-11-20T23:01:00+00:00\",\"dateModified\":\"2026-01-28T23:19:20+00:00\",\"description\":\"M\u011bstsk\u00e9 byty k pron\u00e1jmu v Pod\u011bbradech\u00a0nab\u00edz\u00ed \u0161anci bydlet levn\u011bji ne\u017e v soukrom\u00e9m n\u00e1jmu. Jen\u017ee n\u00e1rok nem\u00e1 ka\u017ed\u00fd, kdo si pod\u00e1 \u017e\u00e1dost.\",\"breadcrumb\":{\"@id\":\"https:\/\/womenhouse.cz\/index.php\/2025\/11\/21\/kdo-ma-narok-na-mestsky-byt-k-pronajmu-v-podebradech-podminky-a-kriteria-ktera-musite-splnit\/#breadcrumb\"},\"inLanguage\":\"cs\",\"potentialAction\":[{\"@type\":\"ReadAction\",\"target\":[\"https:\/\/womenhouse.cz\/index.php\/2025\/11\/21\/kdo-ma-narok-na-mestsky-byt-k-pronajmu-v-podebradech-podminky-a-kriteria-ktera-musite-splnit\/\"]}]},{\"@type\":\"BreadcrumbList\",\"@id\":\"https:\/\/womenhouse.cz\/index.php\/2025\/11\/21\/kdo-ma-narok-na-mestsky-byt-k-pronajmu-v-podebradech-podminky-a-kriteria-ktera-musite-splnit\/#breadcrumb\",\"itemListElement\":[{\"@type\":\"ListItem\",\"position\":1,\"name\":\"Dom\u016f\",\"item\":\"https:\/\/womenhouse.cz\/\"},{\"@type\":\"ListItem\",\"position\":2,\"name\":\"Kdo m\u00e1 n\u00e1rok na m\u011bstsk\u00fd byt k pron\u00e1jmu v Pod\u011bbradech? Podm\u00ednky a krit\u00e9ria, kter\u00e1 mus\u00edte splnit\"}]},{\"@type\":\"WebSite\",\"@id\":\"https:\/\/womenhouse.cz\/#website\",\"url\":\"https:\/\/womenhouse.cz\/\",\"name\":\"WOMENHOUSE.cz\",\"description\":\"Port\u00e1l v\u00fdhradn\u011b jen pro \u017eeny...\",\"publisher\":{\"@id\":\"https:\/\/womenhouse.cz\/#organization\"},\"potentialAction\":[{\"@type\":\"SearchAction\",\"target\":{\"@type\":\"EntryPoint\",\"urlTemplate\":\"https:\/\/womenhouse.cz\/?s={search_term_string}\"},\"query-input\":\"required name=search_term_string\"}],\"inLanguage\":\"cs\"},{\"@type\":\"Organization\",\"@id\":\"https:\/\/womenhouse.cz\/#organization\",\"name\":\"WOMENHOUSE.cz\",\"url\":\"https:\/\/womenhouse.cz\/\",\"logo\":{\"@type\":\"ImageObject\",\"inLanguage\":\"cs\",\"@id\":\"https:\/\/womenhouse.cz\/#\/schema\/logo\/image\/\",\"url\":\"https:\/\/womenhouse.cz\/wp-content\/uploads\/2020\/06\/cropped-logo_Womenhouse_RGB-02-removebg-preview-1.png\",\"contentUrl\":\"https:\/\/womenhouse.cz\/wp-content\/uploads\/2020\/06\/cropped-logo_Womenhouse_RGB-02-removebg-preview-1.png\",\"width\":561,\"height\":375,\"caption\":\"WOMENHOUSE.cz\"},\"image\":{\"@id\":\"https:\/\/womenhouse.cz\/#\/schema\/logo\/image\/\"},\"sameAs\":[\"https:\/\/www.facebook.com\/womenhousecz\",\"https:\/\/www.instagram.com\/womenhousecz\/\"]},{\"@type\":\"Person\",\"@id\":\"https:\/\/womenhouse.cz\/#\/schema\/person\/541326101f8d68c711e83e8fecc80738\",\"name\":\"Jolana Hol\u00e1\u0148ov\u00e1\",\"sameAs\":[\"http:\/\/www.womenhouse.cz\"],\"url\":\"https:\/\/womenhouse.cz\/index.php\/author\/jolhol\/\"}]}<\/script>\n<!-- \/ Yoast SEO plugin. -->","yoast_head_json":{"title":"Kdo m\u00e1 n\u00e1rok na m\u011bstsk\u00fd byt k pron\u00e1jmu v Pod\u011bbradech? Podm\u00ednky a krit\u00e9ria, kter\u00e1 mus\u00edte splnit - WOMENHOUSE.cz","description":"M\u011bstsk\u00e9 byty k pron\u00e1jmu v Pod\u011bbradech\u00a0nab\u00edz\u00ed \u0161anci bydlet levn\u011bji ne\u017e v soukrom\u00e9m n\u00e1jmu. Jen\u017ee n\u00e1rok nem\u00e1 ka\u017ed\u00fd, kdo si pod\u00e1 \u017e\u00e1dost.","robots":{"index":"index","follow":"follow","max-snippet":"max-snippet:-1","max-image-preview":"max-image-preview:large","max-video-preview":"max-video-preview:-1"},"canonical":"https:\/\/womenhouse.cz\/index.php\/2025\/11\/21\/kdo-ma-narok-na-mestsky-byt-k-pronajmu-v-podebradech-podminky-a-kriteria-ktera-musite-splnit\/","og_locale":"cs_CZ","og_type":"article","og_title":"Kdo m\u00e1 n\u00e1rok na m\u011bstsk\u00fd byt k pron\u00e1jmu v Pod\u011bbradech? Podm\u00ednky a krit\u00e9ria, kter\u00e1 mus\u00edte splnit - WOMENHOUSE.cz","og_description":"M\u011bstsk\u00e9 byty k pron\u00e1jmu v Pod\u011bbradech\u00a0nab\u00edz\u00ed \u0161anci bydlet levn\u011bji ne\u017e v soukrom\u00e9m n\u00e1jmu. Jen\u017ee n\u00e1rok nem\u00e1 ka\u017ed\u00fd, kdo si pod\u00e1 \u017e\u00e1dost.","og_url":"https:\/\/womenhouse.cz\/index.php\/2025\/11\/21\/kdo-ma-narok-na-mestsky-byt-k-pronajmu-v-podebradech-podminky-a-kriteria-ktera-musite-splnit\/","og_site_name":"WOMENHOUSE.cz","article_publisher":"https:\/\/www.facebook.com\/womenhousecz","article_published_time":"2025-11-20T23:01:00+00:00","article_modified_time":"2026-01-28T23:19:20+00:00","og_image":[{"width":1280,"height":853,"url":"https:\/\/womenhouse.cz\/wp-content\/uploads\/2025\/11\/pexels-kindelmedia-7979435.jpg","type":"image\/jpeg"}],"author":"Jolana Hol\u00e1\u0148ov\u00e1","twitter_card":"summary_large_image","twitter_misc":{"Napsal(a)":"Jolana Hol\u00e1\u0148ov\u00e1","Odhadovan\u00e1 doba \u010dten\u00ed":"6 minut"},"schema":{"@context":"https:\/\/schema.org","@graph":[{"@type":"Article","@id":"https:\/\/womenhouse.cz\/index.php\/2025\/11\/21\/kdo-ma-narok-na-mestsky-byt-k-pronajmu-v-podebradech-podminky-a-kriteria-ktera-musite-splnit\/#article","isPartOf":{"@id":"https:\/\/womenhouse.cz\/index.php\/2025\/11\/21\/kdo-ma-narok-na-mestsky-byt-k-pronajmu-v-podebradech-podminky-a-kriteria-ktera-musite-splnit\/"},"author":{"name":"Jolana Hol\u00e1\u0148ov\u00e1","@id":"https:\/\/womenhouse.cz\/#\/schema\/person\/541326101f8d68c711e83e8fecc80738"},"headline":"Kdo m\u00e1 n\u00e1rok na m\u011bstsk\u00fd byt k pron\u00e1jmu v Pod\u011bbradech? Podm\u00ednky a krit\u00e9ria, kter\u00e1 mus\u00edte splnit","datePublished":"2025-11-20T23:01:00+00:00","dateModified":"2026-01-28T23:19:20+00:00","mainEntityOfPage":{"@id":"https:\/\/womenhouse.cz\/index.php\/2025\/11\/21\/kdo-ma-narok-na-mestsky-byt-k-pronajmu-v-podebradech-podminky-a-kriteria-ktera-musite-splnit\/"},"wordCount":1196,"publisher":{"@id":"https:\/\/womenhouse.cz\/#organization"},"articleSection":["BYDLEN\u00cd &amp; DESIGN","NEWS","TIPY &amp; TRENDY"],"inLanguage":"cs"},{"@type":"WebPage","@id":"https:\/\/womenhouse.cz\/index.php\/2025\/11\/21\/kdo-ma-narok-na-mestsky-byt-k-pronajmu-v-podebradech-podminky-a-kriteria-ktera-musite-splnit\/","url":"https:\/\/womenhouse.cz\/index.php\/2025\/11\/21\/kdo-ma-narok-na-mestsky-byt-k-pronajmu-v-podebradech-podminky-a-kriteria-ktera-musite-splnit\/","name":"Kdo m\u00e1 n\u00e1rok na m\u011bstsk\u00fd byt k pron\u00e1jmu v Pod\u011bbradech? Podm\u00ednky a krit\u00e9ria, kter\u00e1 mus\u00edte splnit - WOMENHOUSE.cz","isPartOf":{"@id":"https:\/\/womenhouse.cz\/#website"},"datePublished":"2025-11-20T23:01:00+00:00","dateModified":"2026-01-28T23:19:20+00:00","description":"M\u011bstsk\u00e9 byty k pron\u00e1jmu v Pod\u011bbradech\u00a0nab\u00edz\u00ed \u0161anci bydlet levn\u011bji ne\u017e v soukrom\u00e9m n\u00e1jmu. Jen\u017ee n\u00e1rok nem\u00e1 ka\u017ed\u00fd, kdo si pod\u00e1 \u017e\u00e1dost.","breadcrumb":{"@id":"https:\/\/womenhouse.cz\/index.php\/2025\/11\/21\/kdo-ma-narok-na-mestsky-byt-k-pronajmu-v-podebradech-podminky-a-kriteria-ktera-musite-splnit\/#breadcrumb"},"inLanguage":"cs","potentialAction":[{"@type":"ReadAction","target":["https:\/\/womenhouse.cz\/index.php\/2025\/11\/21\/kdo-ma-narok-na-mestsky-byt-k-pronajmu-v-podebradech-podminky-a-kriteria-ktera-musite-splnit\/"]}]},{"@type":"BreadcrumbList","@id":"https:\/\/womenhouse.cz\/index.php\/2025\/11\/21\/kdo-ma-narok-na-mestsky-byt-k-pronajmu-v-podebradech-podminky-a-kriteria-ktera-musite-splnit\/#breadcrumb","itemListElement":[{"@type":"ListItem","position":1,"name":"Dom\u016f","item":"https:\/\/womenhouse.cz\/"},{"@type":"ListItem","position":2,"name":"Kdo m\u00e1 n\u00e1rok na m\u011bstsk\u00fd byt k pron\u00e1jmu v Pod\u011bbradech? Podm\u00ednky a krit\u00e9ria, kter\u00e1 mus\u00edte splnit"}]},{"@type":"WebSite","@id":"https:\/\/womenhouse.cz\/#website","url":"https:\/\/womenhouse.cz\/","name":"WOMENHOUSE.cz","description":"Port\u00e1l v\u00fdhradn\u011b jen pro \u017eeny...","publisher":{"@id":"https:\/\/womenhouse.cz\/#organization"},"potentialAction":[{"@type":"SearchAction","target":{"@type":"EntryPoint","urlTemplate":"https:\/\/womenhouse.cz\/?s={search_term_string}"},"query-input":"required name=search_term_string"}],"inLanguage":"cs"},{"@type":"Organization","@id":"https:\/\/womenhouse.cz\/#organization","name":"WOMENHOUSE.cz","url":"https:\/\/womenhouse.cz\/","logo":{"@type":"ImageObject","inLanguage":"cs","@id":"https:\/\/womenhouse.cz\/#\/schema\/logo\/image\/","url":"https:\/\/womenhouse.cz\/wp-content\/uploads\/2020\/06\/cropped-logo_Womenhouse_RGB-02-removebg-preview-1.png","contentUrl":"https:\/\/womenhouse.cz\/wp-content\/uploads\/2020\/06\/cropped-logo_Womenhouse_RGB-02-removebg-preview-1.png","width":561,"height":375,"caption":"WOMENHOUSE.cz"},"image":{"@id":"https:\/\/womenhouse.cz\/#\/schema\/logo\/image\/"},"sameAs":["https:\/\/www.facebook.com\/womenhousecz","https:\/\/www.instagram.com\/womenhousecz\/"]},{"@type":"Person","@id":"https:\/\/womenhouse.cz\/#\/schema\/person\/541326101f8d68c711e83e8fecc80738","name":"Jolana Hol\u00e1\u0148ov\u00e1","sameAs":["http:\/\/www.womenhouse.cz"],"url":"https:\/\/womenhouse.cz\/index.php\/author\/jolhol\/"}]}},"_links":{"self":[{"href":"https:\/\/womenhouse.cz\/index.php\/wp-json\/wp\/v2\/posts\/16684"}],"collection":[{"href":"https:\/\/womenhouse.cz\/index.php\/wp-json\/wp\/v2\/posts"}],"about":[{"href":"https:\/\/womenhouse.cz\/index.php\/wp-json\/wp\/v2\/types\/post"}],"author":[{"embeddable":true,"href":"https:\/\/womenhouse.cz\/index.php\/wp-json\/wp\/v2\/users\/2"}],"replies":[{"embeddable":true,"href":"https:\/\/womenhouse.cz\/index.php\/wp-json\/wp\/v2\/comments?post=16684"}],"version-history":[{"count":-4,"href":"https:\/\/womenhouse.cz\/index.php\/wp-json\/wp\/v2\/posts\/16684\/revisions"}],"wp:featuredmedia":[{"embeddable":true,"href":"https:\/\/womenhouse.cz\/index.php\/wp-json\/wp\/v2\/media\/16685"}],"wp:attachment":[{"href":"https:\/\/womenhouse.cz\/index.php\/wp-json\/wp\/v2\/media?parent=16684"}],"wp:term":[{"taxonomy":"category","embeddable":true,"href":"https:\/\/womenhouse.cz\/index.php\/wp-json\/wp\/v2\/categories?post=16684"},{"taxonomy":"post_tag","embeddable":true,"href":"https:\/\/womenhouse.cz\/index.php\/wp-json\/wp\/v2\/tags?post=16684"}],"curies":[{"name":"wp","href":"https:\/\/api.w.org\/{rel}","templated":true}]}}