{"id":16643,"date":"2025-12-03T00:01:48","date_gmt":"2025-12-02T23:01:48","guid":{"rendered":"https:\/\/womenhouse.cz\/?p=16643"},"modified":"2026-02-03T21:08:18","modified_gmt":"2026-02-03T20:08:18","slug":"klasika-znovu-definovana-zara-spousti-novou-kolekci-the-archive","status":"publish","type":"post","link":"https:\/\/womenhouse.cz\/index.php\/2025\/12\/03\/klasika-znovu-definovana-zara-spousti-novou-kolekci-the-archive\/","title":{"rendered":"Klasika znovu definovan\u00e1. Zara spou\u0161t\u00ed novou kolekci The Archive"},"content":{"rendered":"\n<div style=\"height:40px\" aria-hidden=\"true\" class=\"wp-block-spacer\"><\/div>\n\n\n\n<p class=\"has-medium-font-size\"><strong>Kdy\u017e se minimalismus potk\u00e1 s precizn\u00ed krej\u010dovinou, vznikne kolekce, kter\u00e1 p\u0159ekra\u010duje sezonn\u00ed trendy. Zara The Archive p\u0159in\u00e1\u0161\u00ed pe\u010dliv\u011b vybranou \u0159adu p\u00e1nsk\u00fdch kousk\u016f, je\u017e znovu definuj\u00ed \u0161atn\u00edk modern\u00edho mu\u017ee \u2013 sebev\u011bdom\u00e9ho, kultivovan\u00e9ho a z\u00e1rove\u0148 p\u0159irozen\u011b le\u017e\u00e9rn\u00edho.<\/strong><\/p>\n\n\n\n<div style=\"height:40px\" aria-hidden=\"true\" class=\"wp-block-spacer\"><\/div>\n\n\n\n<figure class=\"wp-block-image size-full\"><img loading=\"lazy\" decoding=\"async\" width=\"848\" height=\"498\" src=\"https:\/\/womenhouse.cz\/wp-content\/uploads\/2025\/11\/Snimek-obrazovky-2025-11-03-v-12.55.34.png\" alt=\"\" class=\"wp-image-16644\" srcset=\"https:\/\/womenhouse.cz\/wp-content\/uploads\/2025\/11\/Snimek-obrazovky-2025-11-03-v-12.55.34.png 848w, https:\/\/womenhouse.cz\/wp-content\/uploads\/2025\/11\/Snimek-obrazovky-2025-11-03-v-12.55.34-300x176.png 300w, https:\/\/womenhouse.cz\/wp-content\/uploads\/2025\/11\/Snimek-obrazovky-2025-11-03-v-12.55.34-768x451.png 768w\" sizes=\"(max-width: 848px) 100vw, 848px\" \/><\/figure>\n\n\n\n<div style=\"height:40px\" aria-hidden=\"true\" class=\"wp-block-spacer\"><\/div>\n\n\n\n<p class=\"has-medium-font-size\">V kolekci dominuj\u00ed <strong>car coaty, kab\u00e1ty, saka a bundy<\/strong>, kter\u00e9 se pohybuj\u00ed mezi m\u011bstskou eleganc\u00ed a nenucen\u00fdm stylem v\u00edkendov\u00e9ho \u00faniku. Ka\u017ed\u00fd kousek vynik\u00e1 d\u016frazem na st\u0159ih, kvalitu materi\u00e1lu a precizn\u00ed detaily. Od ladn\u011b padnouc\u00ed siluety a\u017e po promy\u0161len\u00e9 zap\u00edn\u00e1n\u00ed a strukturovan\u00e9 l\u00edmce.<\/p>\n\n\n\n<div style=\"height:40px\" class=\"wp-block-spacer\"><\/div>\n\n\n\n<figure class=\"wp-block-gallery has-nested-images columns-default is-cropped wp-block-gallery-1 is-layout-flex wp-block-gallery-is-layout-flex\">\n<figure class=\"wp-block-image size-large\"><img decoding=\"async\" data-id=\"18497\" src=\"https:\/\/prazskeprikopy.cz\/wp-content\/uploads\/2025\/11\/574468032_1372833318210162_2345957217446282524_n-819x1024.jpeg\" alt=\"Klasika znovu definovan\u00e1. Zara spou\u0161t\u00ed novou kolekci The Archive\" class=\"wp-image-18497\" \/><\/figure>\n\n\n\n<figure class=\"wp-block-image size-large\"><img decoding=\"async\" data-id=\"18492\" src=\"https:\/\/prazskeprikopy.cz\/wp-content\/uploads\/2025\/11\/574574385_1372833378210156_5895657260571723930_n-819x1024.jpeg\" alt=\"Klasika znovu definovan\u00e1. Zara spou\u0161t\u00ed novou kolekci The Archive\" class=\"wp-image-18492\" \/><\/figure>\n<\/figure>\n\n\n\n<div style=\"height:40px\" class=\"wp-block-spacer\"><\/div>\n\n\n\n<p class=\"has-medium-font-size\"><strong>Knitwear<\/strong> zde hraje kl\u00ed\u010dovou roli \u2013 pleteniny kombinuj\u00ed <strong>r\u016fzn\u00e9 textury s odv\u00e1\u017en\u00fdmi barvami<\/strong>, \u010d\u00edm\u017e kolekce z\u00edsk\u00e1v\u00e1 ne\u010dekanou hloubku a hravost. V\u00fdsledkem je vizu\u00e1ln\u00ed i hmatov\u00fd kontrast, kter\u00fd p\u016fsob\u00ed luxusn\u011b, ani\u017e by ztr\u00e1cel na dostupnosti.<\/p>\n\n\n\n<div style=\"height:40px\" class=\"wp-block-spacer\"><\/div>\n\n\n\n<figure class=\"wp-block-gallery has-nested-images columns-2 is-cropped wp-block-gallery-2 is-layout-flex wp-block-gallery-is-layout-flex\">\n<figure class=\"wp-block-image size-large\"><img decoding=\"async\" data-id=\"18496\" src=\"https:\/\/prazskeprikopy.cz\/wp-content\/uploads\/2025\/11\/574580084_1372833298210164_1165895768855523200_n-819x1024.jpeg\" alt=\"Klasika znovu definovan\u00e1. Zara spou\u0161t\u00ed novou kolekci The Archive\" class=\"wp-image-18496\" \/><\/figure>\n\n\n\n<figure class=\"wp-block-image size-large\"><img decoding=\"async\" data-id=\"18493\" src=\"https:\/\/prazskeprikopy.cz\/wp-content\/uploads\/2025\/11\/573620310_1372833281543499_2421578962949246448_n-819x1024.jpeg\" alt=\"Klasika znovu definovan\u00e1. Zara spou\u0161t\u00ed novou kolekci The Archive\" class=\"wp-image-18493\" \/><\/figure>\n\n\n\n<figure class=\"wp-block-image size-large\"><img decoding=\"async\" data-id=\"18490\" src=\"https:\/\/prazskeprikopy.cz\/wp-content\/uploads\/2025\/11\/573292428_1372833308210163_8736584877306944315_n-819x1024.jpeg\" alt=\"Klasika znovu definovan\u00e1. Zara spou\u0161t\u00ed novou kolekci The Archive\" class=\"wp-image-18490\" \/><\/figure>\n<\/figure>\n\n\n\n<div style=\"height:41px\" class=\"wp-block-spacer\"><\/div>\n\n\n\n<p class=\"has-medium-font-size\">Z\u00e1v\u011br tvo\u0159\u00ed <strong>pr\u00e9miov\u00e9 ko\u017een\u00e9 dopl\u0148ky a obuv<\/strong>, kter\u00e9 kolekci dod\u00e1vaj\u00ed ten spr\u00e1vn\u00fd dotek vyt\u0159\u00edbenosti. Ka\u017ed\u00fd prvek p\u016fsob\u00ed promy\u0161len\u011b, jako by byl sou\u010d\u00e1st\u00ed archivu nad\u010dasov\u00e9ho stylu \u2013 p\u0159esn\u011b tak, jak napov\u00edd\u00e1 s\u00e1m n\u00e1zev. <\/p>\n\n\n\n<div style=\"height:39px\" class=\"wp-block-spacer\"><\/div>\n\n\n\n<figure class=\"wp-block-gallery has-nested-images columns-2 is-cropped wp-block-gallery-3 is-layout-flex wp-block-gallery-is-layout-flex\">\n<figure class=\"wp-block-image size-large\"><img decoding=\"async\" data-id=\"18494\" src=\"https:\/\/prazskeprikopy.cz\/wp-content\/uploads\/2025\/11\/574555343_1372833278210166_7623343854813629820_n-819x1024.jpeg\" alt=\"Klasika znovu definovan\u00e1. Zara spou\u0161t\u00ed novou kolekci The Archive\" class=\"wp-image-18494\" \/><\/figure>\n\n\n\n<figure class=\"wp-block-image size-large\"><img decoding=\"async\" data-id=\"18495\" src=\"https:\/\/prazskeprikopy.cz\/wp-content\/uploads\/2025\/11\/574545483_1372833331543494_2121798342008934983_n-819x1024.jpeg\" alt=\"Klasika znovu definovan\u00e1. Zara spou\u0161t\u00ed novou kolekci The Archive\" class=\"wp-image-18495\" \/><\/figure>\n\n\n\n<figure class=\"wp-block-image size-large\"><img decoding=\"async\" data-id=\"18491\" src=\"https:\/\/prazskeprikopy.cz\/wp-content\/uploads\/2025\/11\/573319124_1372833328210161_6649658692832949636_n-819x1024.jpeg\" alt=\"Klasika znovu definovan\u00e1. Zara spou\u0161t\u00ed novou kolekci The Archive\" class=\"wp-image-18491\" \/><\/figure>\n<\/figure>\n\n\n\n<div style=\"height:40px\" class=\"wp-block-spacer\"><\/div>\n\n\n\n<p class=\"has-medium-font-size\">Kolekce Zara The Archive ukazuje, \u017ee sofistikovanost nemus\u00ed b\u00fdt vzd\u00e1len\u00e1. Sta\u010d\u00ed ji um\u011bt nosit. <\/p>\n\n\n\n<div style=\"height:100px\" class=\"wp-block-spacer\"><\/div>\n\n\n\n<figure class=\"wp-block-gallery has-nested-images columns-default is-cropped wp-block-gallery-4 is-layout-flex wp-block-gallery-is-layout-flex\">\n<figure class=\"wp-block-image size-large\"><img decoding=\"async\" data-id=\"18497\" src=\"https:\/\/prazskeprikopy.cz\/wp-content\/uploads\/2025\/11\/574468032_1372833318210162_2345957217446282524_n-819x1024.jpeg\" alt=\"Klasika znovu definovan\u00e1. Zara spou\u0161t\u00ed novou kolekci The Archive\" class=\"wp-image-18497\" \/><\/figure>\n\n\n\n<figure class=\"wp-block-image size-large\"><img decoding=\"async\" data-id=\"18496\" src=\"https:\/\/prazskeprikopy.cz\/wp-content\/uploads\/2025\/11\/574580084_1372833298210164_1165895768855523200_n-819x1024.jpeg\" alt=\"Klasika znovu definovan\u00e1. Zara spou\u0161t\u00ed novou kolekci The Archive\" class=\"wp-image-18496\" \/><\/figure>\n\n\n\n<figure class=\"wp-block-image size-large\"><img decoding=\"async\" data-id=\"18495\" src=\"https:\/\/prazskeprikopy.cz\/wp-content\/uploads\/2025\/11\/574545483_1372833331543494_2121798342008934983_n-819x1024.jpeg\" alt=\"Klasika znovu definovan\u00e1. Zara spou\u0161t\u00ed novou kolekci The Archive\" class=\"wp-image-18495\" \/><\/figure>\n\n\n\n<figure class=\"wp-block-image size-large\"><img decoding=\"async\" data-id=\"18494\" src=\"https:\/\/prazskeprikopy.cz\/wp-content\/uploads\/2025\/11\/574555343_1372833278210166_7623343854813629820_n-819x1024.jpeg\" alt=\"Klasika znovu definovan\u00e1. Zara spou\u0161t\u00ed novou kolekci The Archive\" class=\"wp-image-18494\" \/><\/figure>\n\n\n\n<figure class=\"wp-block-image size-large\"><img decoding=\"async\" data-id=\"18493\" src=\"https:\/\/prazskeprikopy.cz\/wp-content\/uploads\/2025\/11\/573620310_1372833281543499_2421578962949246448_n-819x1024.jpeg\" alt=\"Klasika znovu definovan\u00e1. Zara spou\u0161t\u00ed novou kolekci The Archive\" class=\"wp-image-18493\" \/><\/figure>\n\n\n\n<figure class=\"wp-block-image size-large\"><img decoding=\"async\" data-id=\"18492\" src=\"https:\/\/prazskeprikopy.cz\/wp-content\/uploads\/2025\/11\/574574385_1372833378210156_5895657260571723930_n-819x1024.jpeg\" alt=\"Klasika znovu definovan\u00e1. Zara spou\u0161t\u00ed novou kolekci The Archive\" class=\"wp-image-18492\" \/><\/figure>\n\n\n\n<figure class=\"wp-block-image size-large\"><img decoding=\"async\" data-id=\"18491\" src=\"https:\/\/prazskeprikopy.cz\/wp-content\/uploads\/2025\/11\/573319124_1372833328210161_6649658692832949636_n-819x1024.jpeg\" alt=\"Klasika znovu definovan\u00e1. Zara spou\u0161t\u00ed novou kolekci The Archive\" class=\"wp-image-18491\" \/><\/figure>\n\n\n\n<figure class=\"wp-block-image size-large\"><img decoding=\"async\" data-id=\"18490\" src=\"https:\/\/prazskeprikopy.cz\/wp-content\/uploads\/2025\/11\/573292428_1372833308210163_8736584877306944315_n-819x1024.jpeg\" alt=\"Klasika znovu definovan\u00e1. Zara spou\u0161t\u00ed novou kolekci The Archive\" class=\"wp-image-18490\" \/><\/figure>\n<\/figure>\n\n\n\n<div style=\"height:100px\" class=\"wp-block-spacer\"><\/div>\n\n\n\n<p class=\"has-medium-font-size\"><strong>Zdroj foto<\/strong>: ZARA<\/p>\n\n\n\n<div style=\"height:100px\" class=\"wp-block-spacer\"><\/div>\n","protected":false},"excerpt":{"rendered":"<p>Kdy\u017e se minimalismus potk\u00e1 s precizn\u00ed krej\u010dovinou, vznikne kolekce, kter\u00e1 p\u0159ekra\u010duje sezonn\u00ed trendy. Zara The Archive p\u0159in\u00e1\u0161\u00ed pe\u010dliv\u011b vybranou \u0159adu p\u00e1nsk\u00fdch kousk\u016f, je\u017e znovu definuj\u00ed \u0161atn\u00edk modern\u00edho mu\u017ee \u2013 sebev\u011bdom\u00e9ho, kultivovan\u00e9ho a z\u00e1rove\u0148 p\u0159irozen\u011b le\u017e\u00e9rn\u00edho. V kolekci dominuj\u00ed car coaty, kab\u00e1ty, saka a bundy, kter\u00e9 se pohybuj\u00ed mezi m\u011bstskou eleganc\u00ed a nenucen\u00fdm stylem v\u00edkendov\u00e9ho \u00faniku. [&hellip;]<\/p>\n","protected":false},"author":13,"featured_media":16644,"comment_status":"closed","ping_status":"closed","sticky":false,"template":"","format":"standard","meta":{"_mi_skip_tracking":false,"_monsterinsights_sitenote_active":false,"_monsterinsights_sitenote_note":"","_monsterinsights_sitenote_category":0,"footnotes":""},"categories":[25,4,2],"tags":[30,237],"yoast_head":"<!-- This site is optimized with the Yoast SEO plugin v21.5 - https:\/\/yoast.com\/wordpress\/plugins\/seo\/ -->\n<title>Klasika znovu definovan\u00e1. Zara spou\u0161t\u00ed novou kolekci The Archive - WOMENHOUSE.cz<\/title>\n<meta name=\"description\" content=\"Zara p\u0159edstavuje kolekci The Archive \u2013 v\u00fdb\u011br kab\u00e1t\u016f, sak, pletenin a dopl\u0148k\u016f, kter\u00e9 znovu definuj\u00ed \u0161atn\u00edk modern\u00edho mu\u017ee.\" \/>\n<meta name=\"robots\" content=\"index, follow, max-snippet:-1, max-image-preview:large, max-video-preview:-1\" \/>\n<link rel=\"canonical\" href=\"https:\/\/womenhouse.cz\/index.php\/2025\/12\/03\/klasika-znovu-definovana-zara-spousti-novou-kolekci-the-archive\/\" \/>\n<meta property=\"og:locale\" content=\"cs_CZ\" \/>\n<meta property=\"og:type\" content=\"article\" \/>\n<meta property=\"og:title\" content=\"Klasika znovu definovan\u00e1. Zara spou\u0161t\u00ed novou kolekci The Archive - WOMENHOUSE.cz\" \/>\n<meta property=\"og:description\" content=\"Zara p\u0159edstavuje kolekci The Archive \u2013 v\u00fdb\u011br kab\u00e1t\u016f, sak, pletenin a dopl\u0148k\u016f, kter\u00e9 znovu definuj\u00ed \u0161atn\u00edk modern\u00edho mu\u017ee.\" \/>\n<meta property=\"og:url\" content=\"https:\/\/womenhouse.cz\/index.php\/2025\/12\/03\/klasika-znovu-definovana-zara-spousti-novou-kolekci-the-archive\/\" \/>\n<meta property=\"og:site_name\" content=\"WOMENHOUSE.cz\" \/>\n<meta property=\"article:publisher\" content=\"https:\/\/www.facebook.com\/womenhousecz\" \/>\n<meta property=\"article:published_time\" content=\"2025-12-02T23:01:48+00:00\" \/>\n<meta property=\"article:modified_time\" content=\"2026-02-03T20:08:18+00:00\" \/>\n<meta property=\"og:image\" content=\"https:\/\/womenhouse.cz\/wp-content\/uploads\/2025\/11\/Snimek-obrazovky-2025-11-03-v-12.55.34.png\" \/>\n\t<meta property=\"og:image:width\" content=\"848\" \/>\n\t<meta property=\"og:image:height\" content=\"498\" \/>\n\t<meta property=\"og:image:type\" content=\"image\/png\" \/>\n<meta name=\"author\" content=\"Nela Slivkov\u00e1\" \/>\n<meta name=\"twitter:card\" content=\"summary_large_image\" \/>\n<meta name=\"twitter:label1\" content=\"Napsal(a)\" \/>\n\t<meta name=\"twitter:data1\" content=\"Nela Slivkov\u00e1\" \/>\n\t<meta name=\"twitter:label2\" content=\"Odhadovan\u00e1 doba \u010dten\u00ed\" \/>\n\t<meta name=\"twitter:data2\" content=\"5 minut\" \/>\n<script type=\"application\/ld+json\" class=\"yoast-schema-graph\">{\"@context\":\"https:\/\/schema.org\",\"@graph\":[{\"@type\":\"Article\",\"@id\":\"https:\/\/womenhouse.cz\/index.php\/2025\/12\/03\/klasika-znovu-definovana-zara-spousti-novou-kolekci-the-archive\/#article\",\"isPartOf\":{\"@id\":\"https:\/\/womenhouse.cz\/index.php\/2025\/12\/03\/klasika-znovu-definovana-zara-spousti-novou-kolekci-the-archive\/\"},\"author\":{\"name\":\"Nela Slivkov\u00e1\",\"@id\":\"https:\/\/womenhouse.cz\/#\/schema\/person\/326f89815d7d3bcd94dbc1ff49da2ab0\"},\"headline\":\"Klasika znovu definovan\u00e1. Zara spou\u0161t\u00ed novou kolekci The Archive\",\"datePublished\":\"2025-12-02T23:01:48+00:00\",\"dateModified\":\"2026-02-03T20:08:18+00:00\",\"mainEntityOfPage\":{\"@id\":\"https:\/\/womenhouse.cz\/index.php\/2025\/12\/03\/klasika-znovu-definovana-zara-spousti-novou-kolekci-the-archive\/\"},\"wordCount\":229,\"publisher\":{\"@id\":\"https:\/\/womenhouse.cz\/#organization\"},\"keywords\":[\"fashion\",\"ZARA\"],\"articleSection\":[\"FASHION\",\"M\u00f3DA\",\"NEWS\"],\"inLanguage\":\"cs\"},{\"@type\":\"WebPage\",\"@id\":\"https:\/\/womenhouse.cz\/index.php\/2025\/12\/03\/klasika-znovu-definovana-zara-spousti-novou-kolekci-the-archive\/\",\"url\":\"https:\/\/womenhouse.cz\/index.php\/2025\/12\/03\/klasika-znovu-definovana-zara-spousti-novou-kolekci-the-archive\/\",\"name\":\"Klasika znovu definovan\u00e1. Zara spou\u0161t\u00ed novou kolekci The Archive - WOMENHOUSE.cz\",\"isPartOf\":{\"@id\":\"https:\/\/womenhouse.cz\/#website\"},\"datePublished\":\"2025-12-02T23:01:48+00:00\",\"dateModified\":\"2026-02-03T20:08:18+00:00\",\"description\":\"Zara p\u0159edstavuje kolekci The Archive \u2013 v\u00fdb\u011br kab\u00e1t\u016f, sak, pletenin a dopl\u0148k\u016f, kter\u00e9 znovu definuj\u00ed \u0161atn\u00edk modern\u00edho mu\u017ee.\",\"breadcrumb\":{\"@id\":\"https:\/\/womenhouse.cz\/index.php\/2025\/12\/03\/klasika-znovu-definovana-zara-spousti-novou-kolekci-the-archive\/#breadcrumb\"},\"inLanguage\":\"cs\",\"potentialAction\":[{\"@type\":\"ReadAction\",\"target\":[\"https:\/\/womenhouse.cz\/index.php\/2025\/12\/03\/klasika-znovu-definovana-zara-spousti-novou-kolekci-the-archive\/\"]}]},{\"@type\":\"BreadcrumbList\",\"@id\":\"https:\/\/womenhouse.cz\/index.php\/2025\/12\/03\/klasika-znovu-definovana-zara-spousti-novou-kolekci-the-archive\/#breadcrumb\",\"itemListElement\":[{\"@type\":\"ListItem\",\"position\":1,\"name\":\"Dom\u016f\",\"item\":\"https:\/\/womenhouse.cz\/\"},{\"@type\":\"ListItem\",\"position\":2,\"name\":\"Klasika znovu definovan\u00e1. Zara spou\u0161t\u00ed novou kolekci The Archive\"}]},{\"@type\":\"WebSite\",\"@id\":\"https:\/\/womenhouse.cz\/#website\",\"url\":\"https:\/\/womenhouse.cz\/\",\"name\":\"WOMENHOUSE.cz\",\"description\":\"Port\u00e1l v\u00fdhradn\u011b jen pro \u017eeny...\",\"publisher\":{\"@id\":\"https:\/\/womenhouse.cz\/#organization\"},\"potentialAction\":[{\"@type\":\"SearchAction\",\"target\":{\"@type\":\"EntryPoint\",\"urlTemplate\":\"https:\/\/womenhouse.cz\/?s={search_term_string}\"},\"query-input\":\"required name=search_term_string\"}],\"inLanguage\":\"cs\"},{\"@type\":\"Organization\",\"@id\":\"https:\/\/womenhouse.cz\/#organization\",\"name\":\"WOMENHOUSE.cz\",\"url\":\"https:\/\/womenhouse.cz\/\",\"logo\":{\"@type\":\"ImageObject\",\"inLanguage\":\"cs\",\"@id\":\"https:\/\/womenhouse.cz\/#\/schema\/logo\/image\/\",\"url\":\"https:\/\/womenhouse.cz\/wp-content\/uploads\/2020\/06\/cropped-logo_Womenhouse_RGB-02-removebg-preview-1.png\",\"contentUrl\":\"https:\/\/womenhouse.cz\/wp-content\/uploads\/2020\/06\/cropped-logo_Womenhouse_RGB-02-removebg-preview-1.png\",\"width\":561,\"height\":375,\"caption\":\"WOMENHOUSE.cz\"},\"image\":{\"@id\":\"https:\/\/womenhouse.cz\/#\/schema\/logo\/image\/\"},\"sameAs\":[\"https:\/\/www.facebook.com\/womenhousecz\",\"https:\/\/www.instagram.com\/womenhousecz\/\"]},{\"@type\":\"Person\",\"@id\":\"https:\/\/womenhouse.cz\/#\/schema\/person\/326f89815d7d3bcd94dbc1ff49da2ab0\",\"name\":\"Nela Slivkov\u00e1\",\"sameAs\":[\"http:\/\/WOMENHOUSE.cz\"],\"url\":\"https:\/\/womenhouse.cz\/index.php\/author\/nelasliv\/\"}]}<\/script>\n<!-- \/ Yoast SEO plugin. -->","yoast_head_json":{"title":"Klasika znovu definovan\u00e1. Zara spou\u0161t\u00ed novou kolekci The Archive - WOMENHOUSE.cz","description":"Zara p\u0159edstavuje kolekci The Archive \u2013 v\u00fdb\u011br kab\u00e1t\u016f, sak, pletenin a dopl\u0148k\u016f, kter\u00e9 znovu definuj\u00ed \u0161atn\u00edk modern\u00edho mu\u017ee.","robots":{"index":"index","follow":"follow","max-snippet":"max-snippet:-1","max-image-preview":"max-image-preview:large","max-video-preview":"max-video-preview:-1"},"canonical":"https:\/\/womenhouse.cz\/index.php\/2025\/12\/03\/klasika-znovu-definovana-zara-spousti-novou-kolekci-the-archive\/","og_locale":"cs_CZ","og_type":"article","og_title":"Klasika znovu definovan\u00e1. Zara spou\u0161t\u00ed novou kolekci The Archive - WOMENHOUSE.cz","og_description":"Zara p\u0159edstavuje kolekci The Archive \u2013 v\u00fdb\u011br kab\u00e1t\u016f, sak, pletenin a dopl\u0148k\u016f, kter\u00e9 znovu definuj\u00ed \u0161atn\u00edk modern\u00edho mu\u017ee.","og_url":"https:\/\/womenhouse.cz\/index.php\/2025\/12\/03\/klasika-znovu-definovana-zara-spousti-novou-kolekci-the-archive\/","og_site_name":"WOMENHOUSE.cz","article_publisher":"https:\/\/www.facebook.com\/womenhousecz","article_published_time":"2025-12-02T23:01:48+00:00","article_modified_time":"2026-02-03T20:08:18+00:00","og_image":[{"width":848,"height":498,"url":"https:\/\/womenhouse.cz\/wp-content\/uploads\/2025\/11\/Snimek-obrazovky-2025-11-03-v-12.55.34.png","type":"image\/png"}],"author":"Nela Slivkov\u00e1","twitter_card":"summary_large_image","twitter_misc":{"Napsal(a)":"Nela Slivkov\u00e1","Odhadovan\u00e1 doba \u010dten\u00ed":"5 minut"},"schema":{"@context":"https:\/\/schema.org","@graph":[{"@type":"Article","@id":"https:\/\/womenhouse.cz\/index.php\/2025\/12\/03\/klasika-znovu-definovana-zara-spousti-novou-kolekci-the-archive\/#article","isPartOf":{"@id":"https:\/\/womenhouse.cz\/index.php\/2025\/12\/03\/klasika-znovu-definovana-zara-spousti-novou-kolekci-the-archive\/"},"author":{"name":"Nela Slivkov\u00e1","@id":"https:\/\/womenhouse.cz\/#\/schema\/person\/326f89815d7d3bcd94dbc1ff49da2ab0"},"headline":"Klasika znovu definovan\u00e1. Zara spou\u0161t\u00ed novou kolekci The Archive","datePublished":"2025-12-02T23:01:48+00:00","dateModified":"2026-02-03T20:08:18+00:00","mainEntityOfPage":{"@id":"https:\/\/womenhouse.cz\/index.php\/2025\/12\/03\/klasika-znovu-definovana-zara-spousti-novou-kolekci-the-archive\/"},"wordCount":229,"publisher":{"@id":"https:\/\/womenhouse.cz\/#organization"},"keywords":["fashion","ZARA"],"articleSection":["FASHION","M\u00f3DA","NEWS"],"inLanguage":"cs"},{"@type":"WebPage","@id":"https:\/\/womenhouse.cz\/index.php\/2025\/12\/03\/klasika-znovu-definovana-zara-spousti-novou-kolekci-the-archive\/","url":"https:\/\/womenhouse.cz\/index.php\/2025\/12\/03\/klasika-znovu-definovana-zara-spousti-novou-kolekci-the-archive\/","name":"Klasika znovu definovan\u00e1. Zara spou\u0161t\u00ed novou kolekci The Archive - WOMENHOUSE.cz","isPartOf":{"@id":"https:\/\/womenhouse.cz\/#website"},"datePublished":"2025-12-02T23:01:48+00:00","dateModified":"2026-02-03T20:08:18+00:00","description":"Zara p\u0159edstavuje kolekci The Archive \u2013 v\u00fdb\u011br kab\u00e1t\u016f, sak, pletenin a dopl\u0148k\u016f, kter\u00e9 znovu definuj\u00ed \u0161atn\u00edk modern\u00edho mu\u017ee.","breadcrumb":{"@id":"https:\/\/womenhouse.cz\/index.php\/2025\/12\/03\/klasika-znovu-definovana-zara-spousti-novou-kolekci-the-archive\/#breadcrumb"},"inLanguage":"cs","potentialAction":[{"@type":"ReadAction","target":["https:\/\/womenhouse.cz\/index.php\/2025\/12\/03\/klasika-znovu-definovana-zara-spousti-novou-kolekci-the-archive\/"]}]},{"@type":"BreadcrumbList","@id":"https:\/\/womenhouse.cz\/index.php\/2025\/12\/03\/klasika-znovu-definovana-zara-spousti-novou-kolekci-the-archive\/#breadcrumb","itemListElement":[{"@type":"ListItem","position":1,"name":"Dom\u016f","item":"https:\/\/womenhouse.cz\/"},{"@type":"ListItem","position":2,"name":"Klasika znovu definovan\u00e1. Zara spou\u0161t\u00ed novou kolekci The Archive"}]},{"@type":"WebSite","@id":"https:\/\/womenhouse.cz\/#website","url":"https:\/\/womenhouse.cz\/","name":"WOMENHOUSE.cz","description":"Port\u00e1l v\u00fdhradn\u011b jen pro \u017eeny...","publisher":{"@id":"https:\/\/womenhouse.cz\/#organization"},"potentialAction":[{"@type":"SearchAction","target":{"@type":"EntryPoint","urlTemplate":"https:\/\/womenhouse.cz\/?s={search_term_string}"},"query-input":"required name=search_term_string"}],"inLanguage":"cs"},{"@type":"Organization","@id":"https:\/\/womenhouse.cz\/#organization","name":"WOMENHOUSE.cz","url":"https:\/\/womenhouse.cz\/","logo":{"@type":"ImageObject","inLanguage":"cs","@id":"https:\/\/womenhouse.cz\/#\/schema\/logo\/image\/","url":"https:\/\/womenhouse.cz\/wp-content\/uploads\/2020\/06\/cropped-logo_Womenhouse_RGB-02-removebg-preview-1.png","contentUrl":"https:\/\/womenhouse.cz\/wp-content\/uploads\/2020\/06\/cropped-logo_Womenhouse_RGB-02-removebg-preview-1.png","width":561,"height":375,"caption":"WOMENHOUSE.cz"},"image":{"@id":"https:\/\/womenhouse.cz\/#\/schema\/logo\/image\/"},"sameAs":["https:\/\/www.facebook.com\/womenhousecz","https:\/\/www.instagram.com\/womenhousecz\/"]},{"@type":"Person","@id":"https:\/\/womenhouse.cz\/#\/schema\/person\/326f89815d7d3bcd94dbc1ff49da2ab0","name":"Nela Slivkov\u00e1","sameAs":["http:\/\/WOMENHOUSE.cz"],"url":"https:\/\/womenhouse.cz\/index.php\/author\/nelasliv\/"}]}},"_links":{"self":[{"href":"https:\/\/womenhouse.cz\/index.php\/wp-json\/wp\/v2\/posts\/16643"}],"collection":[{"href":"https:\/\/womenhouse.cz\/index.php\/wp-json\/wp\/v2\/posts"}],"about":[{"href":"https:\/\/womenhouse.cz\/index.php\/wp-json\/wp\/v2\/types\/post"}],"author":[{"embeddable":true,"href":"https:\/\/womenhouse.cz\/index.php\/wp-json\/wp\/v2\/users\/13"}],"replies":[{"embeddable":true,"href":"https:\/\/womenhouse.cz\/index.php\/wp-json\/wp\/v2\/comments?post=16643"}],"version-history":[{"count":-4,"href":"https:\/\/womenhouse.cz\/index.php\/wp-json\/wp\/v2\/posts\/16643\/revisions"}],"wp:featuredmedia":[{"embeddable":true,"href":"https:\/\/womenhouse.cz\/index.php\/wp-json\/wp\/v2\/media\/16644"}],"wp:attachment":[{"href":"https:\/\/womenhouse.cz\/index.php\/wp-json\/wp\/v2\/media?parent=16643"}],"wp:term":[{"taxonomy":"category","embeddable":true,"href":"https:\/\/womenhouse.cz\/index.php\/wp-json\/wp\/v2\/categories?post=16643"},{"taxonomy":"post_tag","embeddable":true,"href":"https:\/\/womenhouse.cz\/index.php\/wp-json\/wp\/v2\/tags?post=16643"}],"curies":[{"name":"wp","href":"https:\/\/api.w.org\/{rel}","templated":true}]}}