{"id":16585,"date":"2025-11-17T00:01:00","date_gmt":"2025-11-16T23:01:00","guid":{"rendered":"https:\/\/womenhouse.cz\/?p=16585"},"modified":"2026-01-02T13:51:55","modified_gmt":"2026-01-02T12:51:55","slug":"spolecna-kolekce-levis-a-barbour","status":"publish","type":"post","link":"https:\/\/womenhouse.cz\/index.php\/2025\/11\/17\/spolecna-kolekce-levis-a-barbour\/","title":{"rendered":"Spole\u010dn\u00e1 kolekce Levi\u2019s a Barbour"},"content":{"rendered":"\n<div style=\"height:35px\" aria-hidden=\"true\" class=\"wp-block-spacer\"><\/div>\n\n\n\n<p class=\"has-medium-font-size\"><strong>Dva tit\u00e1ni funk\u010dn\u00edho oble\u010den\u00ed, zna\u010dka Levi\u2019s\u00ae a britsk\u00e1 legenda Barbour, se spojili v transatlantick\u00e9 spolupr\u00e1ci, kter\u00e1 ct\u00ed v\u00edce ne\u017e 170 let spole\u010dn\u00e9ho d\u011bdictv\u00ed, \u0159emesln\u00e9ho zpracov\u00e1n\u00ed a dobrodru\u017estv\u00ed. Kolekce Levi\u2019s\u00ae x Barbour oslavuje propojen\u00ed u\u017eitku a stylu, kter\u00e9 definuj\u00ed ob\u011b slavn\u00e9 zna\u010dky, a vytv\u00e1\u0159\u00ed nov\u00e9 vyj\u00e1d\u0159en\u00ed origin\u00e1ln\u00edch designov\u00fdch metod.<\/strong><\/p>\n\n\n\n<div style=\"height:35px\" aria-hidden=\"true\" class=\"wp-block-spacer\"><\/div>\n\n\n<div class=\"wp-block-image\">\n<figure class=\"aligncenter size-large\"><img decoding=\"async\" src=\"https:\/\/prazskeprikopy.cz\/wp-content\/uploads\/2025\/11\/MA_008GP-0008_GLO_CL_D1-1-1024x611.jpg\" alt=\"Spole\u010dn\u00e1 kolekce Levi\u2019s a Barbour: oslava d\u011bdictv\u00ed, \u0159emesln\u00e9ho um\u011bn\u00ed a dobrodru\u017estv\u00ed\" class=\"wp-image-18541\" \/><\/figure><\/div>\n\n\n<div style=\"height:35px\" aria-hidden=\"true\" class=\"wp-block-spacer\"><\/div>\n\n\n\n<p class=\"has-medium-font-size\">Kolekce Levi\u2019s\u00ae x Barbour spojuje to nejlep\u0161\u00ed z obou sv\u011bt\u016f \u2013 charakteristickou voskovanou bavlnu Barbour a legend\u00e1rn\u00ed denim Levi\u2019s\u00ae \u2013 a vytv\u00e1\u0159\u00ed tak limitovanou edici bund, oble\u010den\u00ed a dopl\u0148k\u016f, kter\u00e9 v sob\u011b spojuj\u00ed funk\u010dnost, odolnost a nad\u010dasov\u00fd styl. Ka\u017ed\u00fd kus vzd\u00e1v\u00e1 hold ko\u0159en\u016fm pracovn\u00edho oble\u010den\u00ed a \u0159emesln\u00e9mu zpracov\u00e1n\u00ed, kter\u00e9 definovalo ob\u011b zna\u010dky po generace. Toto partnerstv\u00ed zkoum\u00e1, jak se funk\u010dnost a forma spojuj\u00ed v kousc\u00edch, kter\u00e9 nesou du\u0161i sv\u00fdch tv\u016frc\u016f.<\/p>\n\n\n\n<div style=\"height:35px\" aria-hidden=\"true\" class=\"wp-block-spacer\"><\/div>\n\n\n\n<figure class=\"wp-block-gallery has-nested-images columns-default is-cropped wp-block-gallery-1 is-layout-flex wp-block-gallery-is-layout-flex\">\n<figure class=\"wp-block-image size-large\"><img decoding=\"async\" data-id=\"18530\" src=\"https:\/\/prazskeprikopy.cz\/wp-content\/uploads\/2025\/11\/MT_003GM-0000_GLO_CL_FV-1024x1024.jpg\" alt=\"Spole\u010dn\u00e1 kolekce Levi\u2019s a Barbour: oslava d\u011bdictv\u00ed, \u0159emesln\u00e9ho um\u011bn\u00ed a dobrodru\u017estv\u00ed\" class=\"wp-image-18530\" \/><\/figure>\n\n\n\n<figure class=\"wp-block-image size-large\"><img decoding=\"async\" data-id=\"18528\" src=\"https:\/\/prazskeprikopy.cz\/wp-content\/uploads\/2025\/11\/MT_003GM-0000_GLO_CL_BV-1024x1024.jpg\" alt=\"Spole\u010dn\u00e1 kolekce Levi\u2019s a Barbour: oslava d\u011bdictv\u00ed, \u0159emesln\u00e9ho um\u011bn\u00ed a dobrodru\u017estv\u00ed\" class=\"wp-image-18528\" \/><\/figure>\n<\/figure>\n\n\n\n<div style=\"height:35px\" aria-hidden=\"true\" class=\"wp-block-spacer\"><\/div>\n\n\n\n<p class=\"has-medium-font-size\">D\u00e1msk\u00e1 bunda Levi\u2019s\u00ae x Barbour Spey Wax p\u0159edstavuje klasickou siluetu Barbour v tab\u00e1kov\u011b voskovan\u00e9m proveden\u00ed s hn\u011bd\u00fdm l\u00edmcem z \u0161\u0148\u016frky. Klopy kapes p\u0159ipom\u00ednaj\u00ed ikonick\u00fd obloukovit\u00fd tvar Levi\u2019s\u00ae, man\u017eety a pas ve stylu trucker bund a zadn\u00ed stahovac\u00ed lem, charakteristick\u00fd pro archivn\u00ed denim Levi\u2019s\u00ae. S pod\u0161\u00edvkou kapes z moleskinu a s prvky typick\u00e9 pro ob\u011b zna\u010dky propojuje tento kousek outdoorovou funk\u010dnost s autentickou DNA z\u00e1padn\u00edho pracovn\u00edho oble\u010den\u00ed. <\/p>\n\n\n\n<div style=\"height:35px\" aria-hidden=\"true\" class=\"wp-block-spacer\"><\/div>\n\n\n\n<figure class=\"wp-block-gallery has-nested-images columns-default is-cropped wp-block-gallery-2 is-layout-flex wp-block-gallery-is-layout-flex\">\n<figure class=\"wp-block-image size-large\"><img decoding=\"async\" data-id=\"18535\" src=\"https:\/\/prazskeprikopy.cz\/wp-content\/uploads\/2025\/11\/MT_003FP-0000_GLO_CL_FV-1024x1024.jpg\" alt=\"Spole\u010dn\u00e1 kolekce Levi\u2019s a Barbour: oslava d\u011bdictv\u00ed, \u0159emesln\u00e9ho um\u011bn\u00ed a dobrodru\u017estv\u00ed\" class=\"wp-image-18535\" \/><\/figure>\n\n\n\n<figure class=\"wp-block-image size-large\"><img decoding=\"async\" data-id=\"18534\" src=\"https:\/\/prazskeprikopy.cz\/wp-content\/uploads\/2025\/11\/MT_003FP-0000_GLO_CL_BV-1024x1024.jpg\" alt=\"Spole\u010dn\u00e1 kolekce Levi\u2019s a Barbour: oslava d\u011bdictv\u00ed, \u0159emesln\u00e9ho um\u011bn\u00ed a dobrodru\u017estv\u00ed\" class=\"wp-image-18534\" \/><\/figure>\n<\/figure>\n\n\n\n<div style=\"height:35px\" aria-hidden=\"true\" class=\"wp-block-spacer\"><\/div>\n\n\n\n<p class=\"has-medium-font-size\">Pro mu\u017ee se bunda Levi\u2019s\u00ae x Barbour Bedale objevuje ve dvou odli\u0161n\u00fdch verz\u00edch: tmav\u011b modr\u00e1 verze z voskovan\u00e9 pou\u0161tn\u00ed l\u00e1tky s \u010dern\u00fdm l\u00edmcem, p\u0159edn\u00edmi panely a modern\u00ed tartanovou pod\u0161\u00edvkou a verze inspirovan\u00e1 denimem a pracovn\u00edm oble\u010den\u00edm s trojit\u00fdm pro\u0161\u00edv\u00e1n\u00edm, kovov\u00fdm lemov\u00e1n\u00edm z mosazi a prysky\u0159icovou povrchovou \u00fapravou pro autentickou odolnost.<\/p>\n\n\n\n<div style=\"height:35px\" aria-hidden=\"true\" class=\"wp-block-spacer\"><\/div>\n\n\n\n<figure class=\"wp-block-gallery has-nested-images columns-default is-cropped wp-block-gallery-3 is-layout-flex wp-block-gallery-is-layout-flex\">\n<figure class=\"wp-block-image size-large\"><img decoding=\"async\" data-id=\"18538\" src=\"https:\/\/prazskeprikopy.cz\/wp-content\/uploads\/2025\/11\/MT_008GL-0005_GLO_CL_FV-1024x1024.jpg\" alt=\"Spole\u010dn\u00e1 kolekce Levi\u2019s a Barbour: oslava d\u011bdictv\u00ed, \u0159emesln\u00e9ho um\u011bn\u00ed a dobrodru\u017estv\u00ed\" class=\"wp-image-18538\" \/><\/figure>\n\n\n\n<figure class=\"wp-block-image size-large\"><img decoding=\"async\" data-id=\"18537\" src=\"https:\/\/prazskeprikopy.cz\/wp-content\/uploads\/2025\/11\/MT_008GL-0005_GLO_CL_BV-1024x1024.jpg\" alt=\"Spole\u010dn\u00e1 kolekce Levi\u2019s a Barbour: oslava d\u011bdictv\u00ed, \u0159emesln\u00e9ho um\u011bn\u00ed a dobrodru\u017estv\u00ed\" class=\"wp-image-18537\" \/><\/figure>\n<\/figure>\n\n\n\n<div style=\"height:35px\" aria-hidden=\"true\" class=\"wp-block-spacer\"><\/div>\n\n\n\n<p class=\"has-medium-font-size\">Voskovan\u00e1 bunda Levi\u2019s\u00ae x Barbour Type II vyu\u017e\u00edv\u00e1 nejtradi\u010dn\u011bj\u0161\u00ed barevnou kombinaci Barbour v archivn\u00ed olivov\u00e9 barv\u011b s hn\u011bd\u00fdm l\u00edmcem se \u0161\u0148\u016frkou, zat\u00edmco verze Type II Denim nab\u00edz\u00ed st\u0159edn\u011b sepran\u00fd indigo denim s v\u00fdrazn\u011b zelen\u00fdm l\u00edmcem se \u0161\u0148\u016frkou Barbour a t\u00f3novanou v\u00fd\u0161ivkou na man\u017eet\u011b.<\/p>\n\n\n\n<div style=\"height:35px\" aria-hidden=\"true\" class=\"wp-block-spacer\"><\/div>\n\n\n\n<figure class=\"wp-block-gallery has-nested-images columns-default is-cropped wp-block-gallery-4 is-layout-flex wp-block-gallery-is-layout-flex\">\n<figure class=\"wp-block-image size-large\"><img decoding=\"async\" data-id=\"18525\" src=\"https:\/\/prazskeprikopy.cz\/wp-content\/uploads\/2025\/11\/MT_008GK-0005_GLO_CL_FV-1024x1024.jpg\" alt=\"Spole\u010dn\u00e1 kolekce Levi\u2019s a Barbour: oslava d\u011bdictv\u00ed, \u0159emesln\u00e9ho um\u011bn\u00ed a dobrodru\u017estv\u00ed\" class=\"wp-image-18525\" \/><\/figure>\n\n\n\n<figure class=\"wp-block-image size-large\"><img decoding=\"async\" data-id=\"18524\" src=\"https:\/\/prazskeprikopy.cz\/wp-content\/uploads\/2025\/11\/MT_008GK-0005_GLO_CL_BV-1024x1024.jpg\" alt=\"Spole\u010dn\u00e1 kolekce Levi\u2019s a Barbour: oslava d\u011bdictv\u00ed, \u0159emesln\u00e9ho um\u011bn\u00ed a dobrodru\u017estv\u00ed\" class=\"wp-image-18524\" \/><\/figure>\n<\/figure>\n\n\n\n<div style=\"height:35px\" aria-hidden=\"true\" class=\"wp-block-spacer\"><\/div>\n\n\n\n<p class=\"has-medium-font-size\">Pokud jde o spodn\u00ed d\u00edly, modely Levi\u2019s\u00ae x Barbour 578 Pleated Corduroys se vyzna\u010duj\u00ed hlubok\u00fdmi z\u00e1hyby s klasick\u00fdm tartanov\u00fdm lemov\u00e1n\u00edm na vn\u011bj\u0161\u00edm \u0161vu a v\u00fd\u0161ivkou \u201eBarbour\u201c p\u0159idanou na kapsi\u010dce na mince. Vnit\u0159n\u00ed grafika \u010derp\u00e1 p\u0159\u00edmo z archiv\u016f Levi\u2019s\u00ae a Barbour a je sjednocen\u00e1 spole\u010dn\u00fdm stylistick\u00fdm jazykem. Oslavuje pracovn\u00ed d\u011bdictv\u00ed obou zna\u010dek \u2013 na kabelk\u00e1ch je nati\u0161t\u011bna grafika ryb\u00e1\u0159e Barbour a horn\u00edka Levi\u2019s\u00ae. <\/p>\n\n\n\n<div style=\"height:35px\" aria-hidden=\"true\" class=\"wp-block-spacer\"><\/div>\n\n\n\n<figure class=\"wp-block-gallery has-nested-images columns-default is-cropped wp-block-gallery-5 is-layout-flex wp-block-gallery-is-layout-flex\">\n<figure class=\"wp-block-image size-large\"><img decoding=\"async\" data-id=\"18532\" src=\"https:\/\/prazskeprikopy.cz\/wp-content\/uploads\/2025\/11\/MB_003ME-0000_GLO_CL_D1-1024x1024.jpg\" alt=\"Spole\u010dn\u00e1 kolekce Levi\u2019s a Barbour: oslava d\u011bdictv\u00ed, \u0159emesln\u00e9ho um\u011bn\u00ed a dobrodru\u017estv\u00ed\" class=\"wp-image-18532\" \/><\/figure>\n\n\n\n<figure class=\"wp-block-image size-large\"><img decoding=\"async\" data-id=\"18523\" src=\"https:\/\/prazskeprikopy.cz\/wp-content\/uploads\/2025\/11\/MB_003ME-0000_GLO_CL_FV-1024x1024.jpg\" alt=\"Spole\u010dn\u00e1 kolekce Levi\u2019s a Barbour: oslava d\u011bdictv\u00ed, \u0159emesln\u00e9ho um\u011bn\u00ed a dobrodru\u017estv\u00ed\" class=\"wp-image-18523\" \/><\/figure>\n<\/figure>\n\n\n\n<div style=\"height:35px\" aria-hidden=\"true\" class=\"wp-block-spacer\"><\/div>\n\n\n\n<p class=\"has-medium-font-size\">Model Levi\u2019s\u00ae x Barbour 568 Loose nab\u00edz\u00ed tmav\u00fd obno\u0161en\u00fd povrch se stejnou vnit\u0159n\u00ed grafikou a detaily tartanov\u00e9ho lemov\u00e1n\u00ed, kter\u00e9 zd\u016fraz\u0148uj\u00ed autentick\u00fd a za\u017eit\u00fd charakter. Oba spodn\u00ed d\u00edly maj\u00ed na zadn\u00edm pase z\u00e1platy z jacronu s ikonick\u00fdmi logy obou zna\u010dek vyti\u0161t\u011bn\u00fdmi v typick\u00e9 zelen\u00e9 barv\u011b Barbour.<\/p>\n\n\n\n<div style=\"height:35px\" aria-hidden=\"true\" class=\"wp-block-spacer\"><\/div>\n\n\n\n<figure class=\"wp-block-gallery has-nested-images columns-default is-cropped wp-block-gallery-6 is-layout-flex wp-block-gallery-is-layout-flex\">\n<figure class=\"wp-block-image size-large\"><img decoding=\"async\" data-id=\"18531\" src=\"https:\/\/prazskeprikopy.cz\/wp-content\/uploads\/2025\/11\/MB_003GN-0000_GLO_CL_D1-1024x1024.jpg\" alt=\"Spole\u010dn\u00e1 kolekce Levi\u2019s a Barbour: oslava d\u011bdictv\u00ed, \u0159emesln\u00e9ho um\u011bn\u00ed a dobrodru\u017estv\u00ed\" class=\"wp-image-18531\" \/><\/figure>\n\n\n\n<figure class=\"wp-block-image size-large\"><img decoding=\"async\" data-id=\"18521\" src=\"https:\/\/prazskeprikopy.cz\/wp-content\/uploads\/2025\/11\/MB_003GN-0000_GLO_CL_FV-1024x1024.jpg\" alt=\"Spole\u010dn\u00e1 kolekce Levi\u2019s a Barbour: oslava d\u011bdictv\u00ed, \u0159emesln\u00e9ho um\u011bn\u00ed a dobrodru\u017estv\u00ed\" class=\"wp-image-18521\" \/><\/figure>\n<\/figure>\n\n\n\n<div style=\"height:35px\" aria-hidden=\"true\" class=\"wp-block-spacer\"><\/div>\n\n\n\n<p class=\"has-medium-font-size\">Kolekce obsahuje i odolnou mikinu s kapuc\u00ed Levi\u2019s\u00ae x Barbour, kter\u00e1 spojuje klasickou grafiku Barbour s logem Levi\u2019s\u00ae s motivem dvou kon\u00ed. Tri\u010dko Levi\u2019s\u00ae x Barbour s potiskem se vyzna\u010duje kombinac\u00ed grafiky oslavuj\u00edc\u00ed historick\u00e9 du\u0161evn\u00ed vlastnictv\u00ed obou zna\u010dek. Kolekci zavr\u0161uje voskovan\u00e1 k\u0161iltovka Levi\u2019s\u00ae x Barbour z olivov\u011b voskovan\u00e9 barvy s klasickou tartanovou pod\u0161\u00edvkou, zap\u00edn\u00e1n\u00edm ve staro\u017eitn\u00e9 mosazi a \u010derven\u00fdm lemem Levi\u2019s\u00ae.<\/p>\n\n\n\n<div style=\"height:35px\" aria-hidden=\"true\" class=\"wp-block-spacer\"><\/div>\n\n\n\n<figure class=\"wp-block-gallery has-nested-images columns-default is-cropped wp-block-gallery-7 is-layout-flex wp-block-gallery-is-layout-flex\">\n<figure class=\"wp-block-image size-large\"><img decoding=\"async\" data-id=\"18522\" src=\"https:\/\/prazskeprikopy.cz\/wp-content\/uploads\/2025\/11\/MT_008GM-0005_GLO_CL_FV-1024x1024.jpg\" alt=\"Spole\u010dn\u00e1 kolekce Levi\u2019s a Barbour: oslava d\u011bdictv\u00ed, \u0159emesln\u00e9ho um\u011bn\u00ed a dobrodru\u017estv\u00ed\" class=\"wp-image-18522\" \/><\/figure>\n\n\n\n<figure class=\"wp-block-image size-large\"><img decoding=\"async\" data-id=\"18526\" src=\"https:\/\/prazskeprikopy.cz\/wp-content\/uploads\/2025\/11\/MT_008GM-0005_GLO_CL_BV-1024x1024.jpg\" alt=\"Spole\u010dn\u00e1 kolekce Levi\u2019s a Barbour: oslava d\u011bdictv\u00ed, \u0159emesln\u00e9ho um\u011bn\u00ed a dobrodru\u017estv\u00ed\" class=\"wp-image-18526\" \/><\/figure>\n<\/figure>\n\n\n\n<div style=\"height:35px\" aria-hidden=\"true\" class=\"wp-block-spacer\"><\/div>\n\n\n\n<p class=\"has-medium-font-size\">Kampa\u0148 oslavuje skute\u010dn\u00e9 mistrovstv\u00ed: tich\u00e9 odhodl\u00e1n\u00ed, kter\u00e9 se skr\u00fdv\u00e1 za ka\u017ed\u00fdm stehem, n\u00fdtem a \u0161vem. Stoj\u00ed za n\u00ed fotograf a re\u017eis\u00e9r Tbone Fletcher a stylista Tirino Yspol. D\u00e1v\u00e1 prostor autentick\u00fdch \u0159emesln\u00edk\u016fm, kte\u0159\u00ed vystupuj\u00ed v roli model\u016f. <\/p>\n\n\n\n<p class=\"has-medium-font-size\">Mezi vybran\u00fdmi tv\u016frci jsou Shivas Howard Brown, zakladatel spole\u010dnosti Friendly Pressure, kter\u00e1 vyr\u00e1b\u00ed eproduktory a zvukov\u00e9 syst\u00e9my na m\u00edru, keramick\u00fd design\u00e9r Lev Rosenbush, v\u00fdrobce n\u00e1bytku Andu Masebo a \u0161perka\u0159ka Ellie Mercer. Kolekce ct\u00ed trval\u00fd odkaz \u0159emesla, odolnosti a odhodl\u00e1n\u00ed, kter\u00e9 Levi&#8217;s\u00ae a Barbour zt\u011bles\u0148uj\u00ed po generace, a z\u00e1rove\u0148 oslavuje modern\u00ed tv\u016frce, kte\u0159\u00ed vytv\u00e1\u0159ej\u00ed nov\u00e9 odkazy pro budoucnost.<\/p>\n\n\n\n<div style=\"height:35px\" aria-hidden=\"true\" class=\"wp-block-spacer\"><\/div>\n\n\n\n<figure class=\"wp-block-video\"><video controls src=\"https:\/\/prazskeprikopy.cz\/wp-content\/uploads\/2025\/11\/Levis-Barbour_Final_4x5.mp4\"><\/video><\/figure>\n\n\n\n<div style=\"height:35px\" aria-hidden=\"true\" class=\"wp-block-spacer\"><\/div>\n\n\n\n<p class=\"has-medium-font-size\"><strong>Kolekce Levi\u2019s\u00ae x Barbour bude celosv\u011btov\u011b uvedena na trh 30. \u0159\u00edjna a bude k dispozici ke koupi na Levi.com, v aplikaci Levi\u2019s\u00ae.<\/strong><\/p>\n\n\n\n<div style=\"height:100px\" aria-hidden=\"true\" class=\"wp-block-spacer\"><\/div>\n\n\n\n<figure class=\"wp-block-gallery has-nested-images columns-2 is-cropped wp-block-gallery-8 is-layout-flex wp-block-gallery-is-layout-flex\">\n<figure class=\"wp-block-image size-large\"><img decoding=\"async\" data-id=\"18531\" src=\"https:\/\/prazskeprikopy.cz\/wp-content\/uploads\/2025\/11\/MB_003GN-0000_GLO_CL_D1-1024x1024.jpg\" alt=\"Spole\u010dn\u00e1 kolekce Levi\u2019s a Barbour: oslava d\u011bdictv\u00ed, \u0159emesln\u00e9ho um\u011bn\u00ed a dobrodru\u017estv\u00ed\" class=\"wp-image-18531\" \/><\/figure>\n\n\n\n<figure class=\"wp-block-image size-large\"><img decoding=\"async\" data-id=\"18521\" src=\"https:\/\/prazskeprikopy.cz\/wp-content\/uploads\/2025\/11\/MB_003GN-0000_GLO_CL_FV-1024x1024.jpg\" alt=\"Spole\u010dn\u00e1 kolekce Levi\u2019s a Barbour: oslava d\u011bdictv\u00ed, \u0159emesln\u00e9ho um\u011bn\u00ed a dobrodru\u017estv\u00ed\" class=\"wp-image-18521\" \/><\/figure>\n\n\n\n<figure class=\"wp-block-image size-large\"><img decoding=\"async\" data-id=\"18532\" src=\"https:\/\/prazskeprikopy.cz\/wp-content\/uploads\/2025\/11\/MB_003ME-0000_GLO_CL_D1-1024x1024.jpg\" alt=\"Spole\u010dn\u00e1 kolekce Levi\u2019s a Barbour: oslava d\u011bdictv\u00ed, \u0159emesln\u00e9ho um\u011bn\u00ed a dobrodru\u017estv\u00ed\" class=\"wp-image-18532\" \/><\/figure>\n\n\n\n<figure class=\"wp-block-image size-large\"><img decoding=\"async\" data-id=\"18523\" src=\"https:\/\/prazskeprikopy.cz\/wp-content\/uploads\/2025\/11\/MB_003ME-0000_GLO_CL_FV-1024x1024.jpg\" alt=\"Spole\u010dn\u00e1 kolekce Levi\u2019s a Barbour: oslava d\u011bdictv\u00ed, \u0159emesln\u00e9ho um\u011bn\u00ed a dobrodru\u017estv\u00ed\" class=\"wp-image-18523\" \/><\/figure>\n\n\n\n<figure class=\"wp-block-image size-large\"><img decoding=\"async\" data-id=\"18530\" src=\"https:\/\/prazskeprikopy.cz\/wp-content\/uploads\/2025\/11\/MT_003GM-0000_GLO_CL_FV-1024x1024.jpg\" alt=\"Spole\u010dn\u00e1 kolekce Levi\u2019s a Barbour: oslava d\u011bdictv\u00ed, \u0159emesln\u00e9ho um\u011bn\u00ed a dobrodru\u017estv\u00ed\" class=\"wp-image-18530\" \/><\/figure>\n\n\n\n<figure class=\"wp-block-image size-large\"><img decoding=\"async\" data-id=\"18528\" src=\"https:\/\/prazskeprikopy.cz\/wp-content\/uploads\/2025\/11\/MT_003GM-0000_GLO_CL_BV-1024x1024.jpg\" alt=\"Spole\u010dn\u00e1 kolekce Levi\u2019s a Barbour: oslava d\u011bdictv\u00ed, \u0159emesln\u00e9ho um\u011bn\u00ed a dobrodru\u017estv\u00ed\" class=\"wp-image-18528\" \/><\/figure>\n\n\n\n<figure class=\"wp-block-image size-large\"><img decoding=\"async\" data-id=\"18525\" src=\"https:\/\/prazskeprikopy.cz\/wp-content\/uploads\/2025\/11\/MT_008GK-0005_GLO_CL_FV-1024x1024.jpg\" alt=\"Spole\u010dn\u00e1 kolekce Levi\u2019s a Barbour: oslava d\u011bdictv\u00ed, \u0159emesln\u00e9ho um\u011bn\u00ed a dobrodru\u017estv\u00ed\" class=\"wp-image-18525\" \/><\/figure>\n\n\n\n<figure class=\"wp-block-image size-large\"><img decoding=\"async\" data-id=\"18524\" src=\"https:\/\/prazskeprikopy.cz\/wp-content\/uploads\/2025\/11\/MT_008GK-0005_GLO_CL_BV-1024x1024.jpg\" alt=\"Spole\u010dn\u00e1 kolekce Levi\u2019s a Barbour: oslava d\u011bdictv\u00ed, \u0159emesln\u00e9ho um\u011bn\u00ed a dobrodru\u017estv\u00ed\" class=\"wp-image-18524\" \/><\/figure>\n\n\n\n<figure class=\"wp-block-image size-large\"><img decoding=\"async\" data-id=\"18522\" src=\"https:\/\/prazskeprikopy.cz\/wp-content\/uploads\/2025\/11\/MT_008GM-0005_GLO_CL_FV-1024x1024.jpg\" alt=\"Spole\u010dn\u00e1 kolekce Levi\u2019s a Barbour: oslava d\u011bdictv\u00ed, \u0159emesln\u00e9ho um\u011bn\u00ed a dobrodru\u017estv\u00ed\" class=\"wp-image-18522\" \/><\/figure>\n\n\n\n<figure class=\"wp-block-image size-large\"><img decoding=\"async\" data-id=\"18526\" src=\"https:\/\/prazskeprikopy.cz\/wp-content\/uploads\/2025\/11\/MT_008GM-0005_GLO_CL_BV-1024x1024.jpg\" alt=\"Spole\u010dn\u00e1 kolekce Levi\u2019s a Barbour: oslava d\u011bdictv\u00ed, \u0159emesln\u00e9ho um\u011bn\u00ed a dobrodru\u017estv\u00ed\" class=\"wp-image-18526\" \/><\/figure>\n\n\n\n<figure class=\"wp-block-image size-large\"><img decoding=\"async\" data-id=\"18535\" src=\"https:\/\/prazskeprikopy.cz\/wp-content\/uploads\/2025\/11\/MT_003FP-0000_GLO_CL_FV-1024x1024.jpg\" alt=\"Spole\u010dn\u00e1 kolekce Levi\u2019s a Barbour: oslava d\u011bdictv\u00ed, \u0159emesln\u00e9ho um\u011bn\u00ed a dobrodru\u017estv\u00ed\" class=\"wp-image-18535\" \/><\/figure>\n\n\n\n<figure class=\"wp-block-image size-large\"><img decoding=\"async\" data-id=\"18534\" src=\"https:\/\/prazskeprikopy.cz\/wp-content\/uploads\/2025\/11\/MT_003FP-0000_GLO_CL_BV-1024x1024.jpg\" alt=\"Spole\u010dn\u00e1 kolekce Levi\u2019s a Barbour: oslava d\u011bdictv\u00ed, \u0159emesln\u00e9ho um\u011bn\u00ed a dobrodru\u017estv\u00ed\" class=\"wp-image-18534\" \/><\/figure>\n\n\n\n<figure class=\"wp-block-image size-large\"><img decoding=\"async\" data-id=\"18538\" src=\"https:\/\/prazskeprikopy.cz\/wp-content\/uploads\/2025\/11\/MT_008GL-0005_GLO_CL_FV-1024x1024.jpg\" alt=\"Spole\u010dn\u00e1 kolekce Levi\u2019s a Barbour: oslava d\u011bdictv\u00ed, \u0159emesln\u00e9ho um\u011bn\u00ed a dobrodru\u017estv\u00ed\" class=\"wp-image-18538\" \/><\/figure>\n\n\n\n<figure class=\"wp-block-image size-large\"><img decoding=\"async\" data-id=\"18537\" src=\"https:\/\/prazskeprikopy.cz\/wp-content\/uploads\/2025\/11\/MT_008GL-0005_GLO_CL_BV-1024x1024.jpg\" alt=\"Spole\u010dn\u00e1 kolekce Levi\u2019s a Barbour: oslava d\u011bdictv\u00ed, \u0159emesln\u00e9ho um\u011bn\u00ed a dobrodru\u017estv\u00ed\" class=\"wp-image-18537\" \/><\/figure>\n\n\n\n<figure class=\"wp-block-image size-large\"><img decoding=\"async\" data-id=\"18520\" src=\"https:\/\/prazskeprikopy.cz\/wp-content\/uploads\/2025\/11\/MA_008GP-0008_GLO_CL_D1-1024x1024.jpg\" alt=\"Spole\u010dn\u00e1 kolekce Levi\u2019s a Barbour: oslava d\u011bdictv\u00ed, \u0159emesln\u00e9ho um\u011bn\u00ed a dobrodru\u017estv\u00ed\" class=\"wp-image-18520\" \/><\/figure>\n\n\n\n<figure class=\"wp-block-image size-large\"><img decoding=\"async\" data-id=\"18529\" src=\"https:\/\/prazskeprikopy.cz\/wp-content\/uploads\/2025\/11\/MT_008GN-0005_GLO_CL_BV-1024x1024.jpg\" alt=\"Spole\u010dn\u00e1 kolekce Levi\u2019s a Barbour: oslava d\u011bdictv\u00ed, \u0159emesln\u00e9ho um\u011bn\u00ed a dobrodru\u017estv\u00ed\" class=\"wp-image-18529\" \/><\/figure>\n\n\n\n<figure class=\"wp-block-image size-large\"><img decoding=\"async\" data-id=\"18527\" src=\"https:\/\/prazskeprikopy.cz\/wp-content\/uploads\/2025\/11\/MT_008GN-0005_GLO_CL_FV-1024x1024.jpg\" alt=\"Spole\u010dn\u00e1 kolekce Levi\u2019s a Barbour: oslava d\u011bdictv\u00ed, \u0159emesln\u00e9ho um\u011bn\u00ed a dobrodru\u017estv\u00ed\" class=\"wp-image-18527\" \/><\/figure>\n<\/figure>\n\n\n\n<div style=\"height:35px\" aria-hidden=\"true\" class=\"wp-block-spacer\"><\/div>\n\n\n\n<p class=\"has-medium-font-size\"><strong>Zdroj foto:<\/strong> Levi&#8217;s<\/p>\n\n\n\n<div style=\"height:65px\" aria-hidden=\"true\" class=\"wp-block-spacer\"><\/div>\n","protected":false},"excerpt":{"rendered":"<p>Dva tit\u00e1ni funk\u010dn\u00edho oble\u010den\u00ed, zna\u010dka Levi\u2019s\u00ae a britsk\u00e1 legenda Barbour, se spojili v transatlantick\u00e9 spolupr\u00e1ci, kter\u00e1 ct\u00ed v\u00edce ne\u017e 170 let spole\u010dn\u00e9ho d\u011bdictv\u00ed, \u0159emesln\u00e9ho zpracov\u00e1n\u00ed a dobrodru\u017estv\u00ed. Kolekce Levi\u2019s\u00ae x Barbour oslavuje propojen\u00ed u\u017eitku a stylu, kter\u00e9 definuj\u00ed ob\u011b slavn\u00e9 zna\u010dky, a vytv\u00e1\u0159\u00ed nov\u00e9 vyj\u00e1d\u0159en\u00ed origin\u00e1ln\u00edch designov\u00fdch metod. Kolekce Levi\u2019s\u00ae x Barbour spojuje to nejlep\u0161\u00ed [&hellip;]<\/p>\n","protected":false},"author":11,"featured_media":16586,"comment_status":"closed","ping_status":"closed","sticky":false,"template":"","format":"standard","meta":{"_mi_skip_tracking":false,"_monsterinsights_sitenote_active":false,"_monsterinsights_sitenote_note":"","_monsterinsights_sitenote_category":0,"footnotes":""},"categories":[25,2,12],"tags":[],"yoast_head":"<!-- This site is optimized with the Yoast SEO plugin v21.5 - https:\/\/yoast.com\/wordpress\/plugins\/seo\/ -->\n<title>Spole\u010dn\u00e1 kolekce Levi\u2019s a Barbour - WOMENHOUSE.cz<\/title>\n<meta name=\"description\" content=\"Dva tit\u00e1ni funk\u010dn\u00edho oble\u010den\u00ed, zna\u010dka Levi\u2019s\u00ae a britsk\u00e1 legenda Barbour, se spojili v transatlantick\u00e9 spolupr\u00e1ci, kter\u00e1 ct\u00ed v\u00edce ne\u017e 170 let.\" \/>\n<meta name=\"robots\" content=\"index, follow, max-snippet:-1, max-image-preview:large, max-video-preview:-1\" \/>\n<link rel=\"canonical\" href=\"https:\/\/womenhouse.cz\/index.php\/2025\/11\/17\/spolecna-kolekce-levis-a-barbour\/\" \/>\n<meta property=\"og:locale\" content=\"cs_CZ\" \/>\n<meta property=\"og:type\" content=\"article\" \/>\n<meta property=\"og:title\" content=\"Spole\u010dn\u00e1 kolekce Levi\u2019s a Barbour - WOMENHOUSE.cz\" \/>\n<meta property=\"og:description\" content=\"Dva tit\u00e1ni funk\u010dn\u00edho oble\u010den\u00ed, zna\u010dka Levi\u2019s\u00ae a britsk\u00e1 legenda Barbour, se spojili v transatlantick\u00e9 spolupr\u00e1ci, kter\u00e1 ct\u00ed v\u00edce ne\u017e 170 let.\" \/>\n<meta property=\"og:url\" content=\"https:\/\/womenhouse.cz\/index.php\/2025\/11\/17\/spolecna-kolekce-levis-a-barbour\/\" \/>\n<meta property=\"og:site_name\" content=\"WOMENHOUSE.cz\" \/>\n<meta property=\"article:publisher\" content=\"https:\/\/www.facebook.com\/womenhousecz\" \/>\n<meta property=\"article:published_time\" content=\"2025-11-16T23:01:00+00:00\" \/>\n<meta property=\"article:modified_time\" content=\"2026-01-02T12:51:55+00:00\" \/>\n<meta property=\"og:image\" content=\"https:\/\/womenhouse.cz\/wp-content\/uploads\/2025\/11\/MT_008GN-0005_GLO_CL_FV.jpg\" \/>\n\t<meta property=\"og:image:width\" content=\"1100\" \/>\n\t<meta property=\"og:image:height\" content=\"1100\" \/>\n\t<meta property=\"og:image:type\" content=\"image\/jpeg\" \/>\n<meta name=\"author\" content=\"Helen Guardian\" \/>\n<meta name=\"twitter:card\" content=\"summary_large_image\" \/>\n<meta name=\"twitter:label1\" content=\"Napsal(a)\" \/>\n\t<meta name=\"twitter:data1\" content=\"Helen Guardian\" \/>\n\t<meta name=\"twitter:label2\" content=\"Odhadovan\u00e1 doba \u010dten\u00ed\" \/>\n\t<meta name=\"twitter:data2\" content=\"10 minut\" \/>\n<script type=\"application\/ld+json\" class=\"yoast-schema-graph\">{\"@context\":\"https:\/\/schema.org\",\"@graph\":[{\"@type\":\"Article\",\"@id\":\"https:\/\/womenhouse.cz\/index.php\/2025\/11\/17\/spolecna-kolekce-levis-a-barbour\/#article\",\"isPartOf\":{\"@id\":\"https:\/\/womenhouse.cz\/index.php\/2025\/11\/17\/spolecna-kolekce-levis-a-barbour\/\"},\"author\":{\"name\":\"Helen Guardian\",\"@id\":\"https:\/\/womenhouse.cz\/#\/schema\/person\/18326d1373d86e3cd83d1a97f46796d2\"},\"headline\":\"Spole\u010dn\u00e1 kolekce Levi\u2019s a Barbour\",\"datePublished\":\"2025-11-16T23:01:00+00:00\",\"dateModified\":\"2026-01-02T12:51:55+00:00\",\"mainEntityOfPage\":{\"@id\":\"https:\/\/womenhouse.cz\/index.php\/2025\/11\/17\/spolecna-kolekce-levis-a-barbour\/\"},\"wordCount\":763,\"publisher\":{\"@id\":\"https:\/\/womenhouse.cz\/#organization\"},\"articleSection\":[\"FASHION\",\"NEWS\",\"TIPY &amp; TRENDY\"],\"inLanguage\":\"cs\"},{\"@type\":\"WebPage\",\"@id\":\"https:\/\/womenhouse.cz\/index.php\/2025\/11\/17\/spolecna-kolekce-levis-a-barbour\/\",\"url\":\"https:\/\/womenhouse.cz\/index.php\/2025\/11\/17\/spolecna-kolekce-levis-a-barbour\/\",\"name\":\"Spole\u010dn\u00e1 kolekce Levi\u2019s a Barbour - WOMENHOUSE.cz\",\"isPartOf\":{\"@id\":\"https:\/\/womenhouse.cz\/#website\"},\"datePublished\":\"2025-11-16T23:01:00+00:00\",\"dateModified\":\"2026-01-02T12:51:55+00:00\",\"description\":\"Dva tit\u00e1ni funk\u010dn\u00edho oble\u010den\u00ed, zna\u010dka Levi\u2019s\u00ae a britsk\u00e1 legenda Barbour, se spojili v transatlantick\u00e9 spolupr\u00e1ci, kter\u00e1 ct\u00ed v\u00edce ne\u017e 170 let.\",\"breadcrumb\":{\"@id\":\"https:\/\/womenhouse.cz\/index.php\/2025\/11\/17\/spolecna-kolekce-levis-a-barbour\/#breadcrumb\"},\"inLanguage\":\"cs\",\"potentialAction\":[{\"@type\":\"ReadAction\",\"target\":[\"https:\/\/womenhouse.cz\/index.php\/2025\/11\/17\/spolecna-kolekce-levis-a-barbour\/\"]}]},{\"@type\":\"BreadcrumbList\",\"@id\":\"https:\/\/womenhouse.cz\/index.php\/2025\/11\/17\/spolecna-kolekce-levis-a-barbour\/#breadcrumb\",\"itemListElement\":[{\"@type\":\"ListItem\",\"position\":1,\"name\":\"Dom\u016f\",\"item\":\"https:\/\/womenhouse.cz\/\"},{\"@type\":\"ListItem\",\"position\":2,\"name\":\"Spole\u010dn\u00e1 kolekce Levi\u2019s a Barbour\"}]},{\"@type\":\"WebSite\",\"@id\":\"https:\/\/womenhouse.cz\/#website\",\"url\":\"https:\/\/womenhouse.cz\/\",\"name\":\"WOMENHOUSE.cz\",\"description\":\"Port\u00e1l v\u00fdhradn\u011b jen pro \u017eeny...\",\"publisher\":{\"@id\":\"https:\/\/womenhouse.cz\/#organization\"},\"potentialAction\":[{\"@type\":\"SearchAction\",\"target\":{\"@type\":\"EntryPoint\",\"urlTemplate\":\"https:\/\/womenhouse.cz\/?s={search_term_string}\"},\"query-input\":\"required name=search_term_string\"}],\"inLanguage\":\"cs\"},{\"@type\":\"Organization\",\"@id\":\"https:\/\/womenhouse.cz\/#organization\",\"name\":\"WOMENHOUSE.cz\",\"url\":\"https:\/\/womenhouse.cz\/\",\"logo\":{\"@type\":\"ImageObject\",\"inLanguage\":\"cs\",\"@id\":\"https:\/\/womenhouse.cz\/#\/schema\/logo\/image\/\",\"url\":\"https:\/\/womenhouse.cz\/wp-content\/uploads\/2020\/06\/cropped-logo_Womenhouse_RGB-02-removebg-preview-1.png\",\"contentUrl\":\"https:\/\/womenhouse.cz\/wp-content\/uploads\/2020\/06\/cropped-logo_Womenhouse_RGB-02-removebg-preview-1.png\",\"width\":561,\"height\":375,\"caption\":\"WOMENHOUSE.cz\"},\"image\":{\"@id\":\"https:\/\/womenhouse.cz\/#\/schema\/logo\/image\/\"},\"sameAs\":[\"https:\/\/www.facebook.com\/womenhousecz\",\"https:\/\/www.instagram.com\/womenhousecz\/\"]},{\"@type\":\"Person\",\"@id\":\"https:\/\/womenhouse.cz\/#\/schema\/person\/18326d1373d86e3cd83d1a97f46796d2\",\"name\":\"Helen Guardian\",\"sameAs\":[\"http:\/\/WOMENHOUSE.cz\"],\"url\":\"https:\/\/womenhouse.cz\/index.php\/author\/helgu\/\"}]}<\/script>\n<!-- \/ Yoast SEO plugin. -->","yoast_head_json":{"title":"Spole\u010dn\u00e1 kolekce Levi\u2019s a Barbour - WOMENHOUSE.cz","description":"Dva tit\u00e1ni funk\u010dn\u00edho oble\u010den\u00ed, zna\u010dka Levi\u2019s\u00ae a britsk\u00e1 legenda Barbour, se spojili v transatlantick\u00e9 spolupr\u00e1ci, kter\u00e1 ct\u00ed v\u00edce ne\u017e 170 let.","robots":{"index":"index","follow":"follow","max-snippet":"max-snippet:-1","max-image-preview":"max-image-preview:large","max-video-preview":"max-video-preview:-1"},"canonical":"https:\/\/womenhouse.cz\/index.php\/2025\/11\/17\/spolecna-kolekce-levis-a-barbour\/","og_locale":"cs_CZ","og_type":"article","og_title":"Spole\u010dn\u00e1 kolekce Levi\u2019s a Barbour - WOMENHOUSE.cz","og_description":"Dva tit\u00e1ni funk\u010dn\u00edho oble\u010den\u00ed, zna\u010dka Levi\u2019s\u00ae a britsk\u00e1 legenda Barbour, se spojili v transatlantick\u00e9 spolupr\u00e1ci, kter\u00e1 ct\u00ed v\u00edce ne\u017e 170 let.","og_url":"https:\/\/womenhouse.cz\/index.php\/2025\/11\/17\/spolecna-kolekce-levis-a-barbour\/","og_site_name":"WOMENHOUSE.cz","article_publisher":"https:\/\/www.facebook.com\/womenhousecz","article_published_time":"2025-11-16T23:01:00+00:00","article_modified_time":"2026-01-02T12:51:55+00:00","og_image":[{"width":1100,"height":1100,"url":"https:\/\/womenhouse.cz\/wp-content\/uploads\/2025\/11\/MT_008GN-0005_GLO_CL_FV.jpg","type":"image\/jpeg"}],"author":"Helen Guardian","twitter_card":"summary_large_image","twitter_misc":{"Napsal(a)":"Helen Guardian","Odhadovan\u00e1 doba \u010dten\u00ed":"10 minut"},"schema":{"@context":"https:\/\/schema.org","@graph":[{"@type":"Article","@id":"https:\/\/womenhouse.cz\/index.php\/2025\/11\/17\/spolecna-kolekce-levis-a-barbour\/#article","isPartOf":{"@id":"https:\/\/womenhouse.cz\/index.php\/2025\/11\/17\/spolecna-kolekce-levis-a-barbour\/"},"author":{"name":"Helen Guardian","@id":"https:\/\/womenhouse.cz\/#\/schema\/person\/18326d1373d86e3cd83d1a97f46796d2"},"headline":"Spole\u010dn\u00e1 kolekce Levi\u2019s a Barbour","datePublished":"2025-11-16T23:01:00+00:00","dateModified":"2026-01-02T12:51:55+00:00","mainEntityOfPage":{"@id":"https:\/\/womenhouse.cz\/index.php\/2025\/11\/17\/spolecna-kolekce-levis-a-barbour\/"},"wordCount":763,"publisher":{"@id":"https:\/\/womenhouse.cz\/#organization"},"articleSection":["FASHION","NEWS","TIPY &amp; TRENDY"],"inLanguage":"cs"},{"@type":"WebPage","@id":"https:\/\/womenhouse.cz\/index.php\/2025\/11\/17\/spolecna-kolekce-levis-a-barbour\/","url":"https:\/\/womenhouse.cz\/index.php\/2025\/11\/17\/spolecna-kolekce-levis-a-barbour\/","name":"Spole\u010dn\u00e1 kolekce Levi\u2019s a Barbour - WOMENHOUSE.cz","isPartOf":{"@id":"https:\/\/womenhouse.cz\/#website"},"datePublished":"2025-11-16T23:01:00+00:00","dateModified":"2026-01-02T12:51:55+00:00","description":"Dva tit\u00e1ni funk\u010dn\u00edho oble\u010den\u00ed, zna\u010dka Levi\u2019s\u00ae a britsk\u00e1 legenda Barbour, se spojili v transatlantick\u00e9 spolupr\u00e1ci, kter\u00e1 ct\u00ed v\u00edce ne\u017e 170 let.","breadcrumb":{"@id":"https:\/\/womenhouse.cz\/index.php\/2025\/11\/17\/spolecna-kolekce-levis-a-barbour\/#breadcrumb"},"inLanguage":"cs","potentialAction":[{"@type":"ReadAction","target":["https:\/\/womenhouse.cz\/index.php\/2025\/11\/17\/spolecna-kolekce-levis-a-barbour\/"]}]},{"@type":"BreadcrumbList","@id":"https:\/\/womenhouse.cz\/index.php\/2025\/11\/17\/spolecna-kolekce-levis-a-barbour\/#breadcrumb","itemListElement":[{"@type":"ListItem","position":1,"name":"Dom\u016f","item":"https:\/\/womenhouse.cz\/"},{"@type":"ListItem","position":2,"name":"Spole\u010dn\u00e1 kolekce Levi\u2019s a Barbour"}]},{"@type":"WebSite","@id":"https:\/\/womenhouse.cz\/#website","url":"https:\/\/womenhouse.cz\/","name":"WOMENHOUSE.cz","description":"Port\u00e1l v\u00fdhradn\u011b jen pro \u017eeny...","publisher":{"@id":"https:\/\/womenhouse.cz\/#organization"},"potentialAction":[{"@type":"SearchAction","target":{"@type":"EntryPoint","urlTemplate":"https:\/\/womenhouse.cz\/?s={search_term_string}"},"query-input":"required name=search_term_string"}],"inLanguage":"cs"},{"@type":"Organization","@id":"https:\/\/womenhouse.cz\/#organization","name":"WOMENHOUSE.cz","url":"https:\/\/womenhouse.cz\/","logo":{"@type":"ImageObject","inLanguage":"cs","@id":"https:\/\/womenhouse.cz\/#\/schema\/logo\/image\/","url":"https:\/\/womenhouse.cz\/wp-content\/uploads\/2020\/06\/cropped-logo_Womenhouse_RGB-02-removebg-preview-1.png","contentUrl":"https:\/\/womenhouse.cz\/wp-content\/uploads\/2020\/06\/cropped-logo_Womenhouse_RGB-02-removebg-preview-1.png","width":561,"height":375,"caption":"WOMENHOUSE.cz"},"image":{"@id":"https:\/\/womenhouse.cz\/#\/schema\/logo\/image\/"},"sameAs":["https:\/\/www.facebook.com\/womenhousecz","https:\/\/www.instagram.com\/womenhousecz\/"]},{"@type":"Person","@id":"https:\/\/womenhouse.cz\/#\/schema\/person\/18326d1373d86e3cd83d1a97f46796d2","name":"Helen Guardian","sameAs":["http:\/\/WOMENHOUSE.cz"],"url":"https:\/\/womenhouse.cz\/index.php\/author\/helgu\/"}]}},"_links":{"self":[{"href":"https:\/\/womenhouse.cz\/index.php\/wp-json\/wp\/v2\/posts\/16585"}],"collection":[{"href":"https:\/\/womenhouse.cz\/index.php\/wp-json\/wp\/v2\/posts"}],"about":[{"href":"https:\/\/womenhouse.cz\/index.php\/wp-json\/wp\/v2\/types\/post"}],"author":[{"embeddable":true,"href":"https:\/\/womenhouse.cz\/index.php\/wp-json\/wp\/v2\/users\/11"}],"replies":[{"embeddable":true,"href":"https:\/\/womenhouse.cz\/index.php\/wp-json\/wp\/v2\/comments?post=16585"}],"version-history":[{"count":-4,"href":"https:\/\/womenhouse.cz\/index.php\/wp-json\/wp\/v2\/posts\/16585\/revisions"}],"wp:featuredmedia":[{"embeddable":true,"href":"https:\/\/womenhouse.cz\/index.php\/wp-json\/wp\/v2\/media\/16586"}],"wp:attachment":[{"href":"https:\/\/womenhouse.cz\/index.php\/wp-json\/wp\/v2\/media?parent=16585"}],"wp:term":[{"taxonomy":"category","embeddable":true,"href":"https:\/\/womenhouse.cz\/index.php\/wp-json\/wp\/v2\/categories?post=16585"},{"taxonomy":"post_tag","embeddable":true,"href":"https:\/\/womenhouse.cz\/index.php\/wp-json\/wp\/v2\/tags?post=16585"}],"curies":[{"name":"wp","href":"https:\/\/api.w.org\/{rel}","templated":true}]}}