{"id":16523,"date":"2025-11-12T00:01:22","date_gmt":"2025-11-11T23:01:22","guid":{"rendered":"https:\/\/womenhouse.cz\/?p=16523"},"modified":"2025-12-24T12:45:27","modified_gmt":"2025-12-24T11:45:27","slug":"klicove-trendy-z-milanskeho-fashion-weeku-co-vladlo","status":"publish","type":"post","link":"https:\/\/womenhouse.cz\/index.php\/2025\/11\/12\/klicove-trendy-z-milanskeho-fashion-weeku-co-vladlo\/","title":{"rendered":"Kl\u00ed\u010dov\u00e9 trendy z Mil\u00e1nsk\u00e9ho Fashion Weeku. Co vl\u00e1dlo?"},"content":{"rendered":"\n<div style=\"height:40px\" aria-hidden=\"true\" class=\"wp-block-spacer\"><\/div>\n\n\n\n<figure class=\"wp-block-image size-full\"><img loading=\"lazy\" decoding=\"async\" width=\"850\" height=\"315\" src=\"https:\/\/womenhouse.cz\/wp-content\/uploads\/2025\/10\/482096309_639663435098866_5244242252645343388_n.jpeg\" alt=\"Kl\u00ed\u010dov\u00e9 trendy z Mil\u00e1nsk\u00e9ho Fashion Weeku. Co vl\u00e1dlo?\" class=\"wp-image-16524\" srcset=\"https:\/\/womenhouse.cz\/wp-content\/uploads\/2025\/10\/482096309_639663435098866_5244242252645343388_n.jpeg 850w, https:\/\/womenhouse.cz\/wp-content\/uploads\/2025\/10\/482096309_639663435098866_5244242252645343388_n-300x111.jpeg 300w, https:\/\/womenhouse.cz\/wp-content\/uploads\/2025\/10\/482096309_639663435098866_5244242252645343388_n-768x285.jpeg 768w\" sizes=\"(max-width: 850px) 100vw, 850px\" \/><\/figure>\n\n\n\n<p class=\"has-medium-font-size\"><strong>Mil\u00e1n v z\u00e1\u0159\u00ed znovu uk\u00e1zal, pro\u010d pat\u0159\u00ed mezi sv\u011btov\u00e9 <a href=\"https:\/\/prazskeprikopy.cz\/\">metropole m\u00f3dy<\/a>. I p\u0159es nep\u0159\u00edzniv\u00e9 po\u010das\u00ed byla atmosf\u00e9ra ve m\u011bst\u011b p\u0159\u00edmo elektrizuj\u00edc\u00ed. Od rann\u00edch k\u00e1v v kav\u00e1rn\u00e1ch napln\u011bn\u00fdch editory a influencery a\u017e po no\u010dn\u00ed party, kde se m\u00edsil italsk\u00fd \u0161arm s glob\u00e1ln\u00edm glamour. Co ale skute\u010dn\u011b vl\u00e1dlo p\u0159ehl\u00eddkov\u00fdm mol\u016fm a co z toho si m\u016f\u017eeme odn\u00e9st do \u0161atn\u00edk\u016f?<\/strong><\/p>\n\n\n\n<p class=\"has-medium-font-size\">Mil\u00e1n se op\u011bt stal epicentrem<strong> <a href=\"https:\/\/onlyfashion.cz\/\">m\u00f3dy<\/a><\/strong> a na leto\u0161n\u00edm podzimn\u00edm fashion weeku se potvrdilo, \u017ee i ty nejv\u011bt\u0161\u00ed zna\u010dky um\u00ed mluvit jazykem doby. <a href=\"https:\/\/prazskeprikopy.cz\/category\/ulice-v-centru-prahy\/\"><strong>V ulic\u00edch m\u011bsta<\/strong><\/a> se m\u00edsil ruch fotograf\u016f, m\u00f3dn\u00edch insider\u016f a influencer\u016f, zat\u00edmco za dve\u0159mi p\u0159ehl\u00eddkov\u00fdch s\u00e1l\u016f se rodily nov\u00e9 kapitoly p\u0159\u00edb\u011bh\u016f zna\u010dek, kter\u00e9 ur\u010duj\u00ed sv\u011btov\u00fd vkus.<\/p>\n\n\n\n<p class=\"has-medium-font-size\">M\u00f3dn\u00ed d\u016fm <strong>Armani<\/strong> p\u0159edstavil v galerii obraz\u016f Pinacoteca di Brera&nbsp;kolekci pro Spring Summer 2026, kter\u00e1 p\u016fsobila jako tich\u00e1 pocta zesnul\u00e9mu zakladateli a z\u00e1rove\u0148 zavr\u0161en\u00ed jedn\u00e9 velk\u00e9 \u00e9ry. V okam\u017eiku, kdy m\u00f3da p\u0159i\u0161la o svou ikonu, se p\u0159ehl\u00eddka prom\u011bnila v symbolick\u00e9 rozlou\u010den\u00ed \u2013 d\u016fstojn\u00e9, klidn\u00e9 a nabit\u00e9 emocemi. Temn\u00e9 t\u00f3ny a perfektn\u011b st\u0159i\u017een\u00e9 obleky p\u0159ipom\u00ednaly Armaniho celo\u017eivotn\u00ed d\u016fraz na tradici a \u0159emeslnou preciznost. Na mole se st\u0159\u00eddaly obleky s ve\u010dern\u00edmi r\u00f3bami v temn\u011b modr\u00e9 a smaragdov\u00e9, jako by zna\u010dka cht\u011bla \u0159\u00edct, \u017ee elegance, kterou Giorgio Armani vtiskl sv\u011btu, hrav\u011b obstoj\u00ed v \u010dase i po jeho odchodu.<\/p>\n\n\n\n<div style=\"height:38px\" aria-hidden=\"true\" class=\"wp-block-spacer\"><\/div>\n\n\n\n<figure class=\"wp-block-gallery has-nested-images columns-default is-cropped wp-block-gallery-1 is-layout-flex wp-block-gallery-is-layout-flex\">\n<figure class=\"wp-block-image size-large\"><img decoding=\"async\" data-id=\"3794\" src=\"https:\/\/hmgmagazine.cz\/wp-content\/uploads\/2025\/09\/556890154_18083756335939467_7424344965614087707_n-819x1024.jpeg\" alt=\"\" class=\"wp-image-3794\" \/><\/figure>\n\n\n\n<figure class=\"wp-block-image size-large\"><img decoding=\"async\" data-id=\"3795\" src=\"https:\/\/hmgmagazine.cz\/wp-content\/uploads\/2025\/09\/557414101_18083756326939467_2650005874834608341_n-819x1024.jpeg\" alt=\"\" class=\"wp-image-3795\" \/><\/figure>\n\n\n\n<figure class=\"wp-block-image size-large\"><img decoding=\"async\" data-id=\"3796\" src=\"https:\/\/hmgmagazine.cz\/wp-content\/uploads\/2025\/09\/557369065_18083756317939467_6257145124426890242_n-819x1024.jpeg\" alt=\"\" class=\"wp-image-3796\" \/><\/figure>\n\n\n\n<figure class=\"wp-block-image size-large\"><img decoding=\"async\" data-id=\"3797\" src=\"https:\/\/hmgmagazine.cz\/wp-content\/uploads\/2025\/09\/556507147_18083756287939467_8595300323502759053_n-819x1024.jpeg\" alt=\"\" class=\"wp-image-3797\" \/><figcaption class=\"wp-element-caption\">Giorgio Armani Spring Summer 2026<\/figcaption><\/figure>\n\n\n\n<figure class=\"wp-block-image size-large\"><img decoding=\"async\" data-id=\"3798\" src=\"https:\/\/hmgmagazine.cz\/wp-content\/uploads\/2025\/09\/557307429_18083659918939467_4095456955650797722_n-819x1024.jpeg\" alt=\"\" class=\"wp-image-3798\" \/><\/figure>\n<\/figure>\n\n\n\n<div style=\"height:40px\" aria-hidden=\"true\" class=\"wp-block-spacer\"><\/div>\n\n\n\n<p class=\"has-medium-font-size\"><strong>Bottega Veneta<\/strong> p\u0159edvedla svou prvn\u00ed kolekci pod veden\u00edm nov\u00e9ho kreativn\u00edho \u0159editele Louise Trottera, show, kter\u00e1 spojovala precizn\u00ed \u0159emeslo se sv\u011b\u017e\u00edm a hrav\u00fdm pojet\u00edm m\u00f3dy. Ikonick\u00e1 tkalcovsk\u00e1 technika Intrecciato se objevila v nov\u00fdch materi\u00e1lech a kontextech \u2013 od kab\u00e1t\u016f a \u0161at\u016f po dopl\u0148ky, kde se prol\u00ednala k\u016f\u017ee \u010di taffeta. St\u0159ihy balancovaly mezi \u017eensk\u00fdmi siluetami a mu\u017eskou estetikou, vrstven\u00ed bylo kl\u00ed\u010dov\u00fdm prvkem: sukn\u011b a \u0161aty se kombinovaly s masivn\u011bj\u0161\u00edmi topy, ko\u017een\u00fdmi botami a hrav\u00fdmi dopl\u0148ky. Slavnostn\u00ed podtext dodalo i p\u0159ipomenut\u00ed 50. v\u00fdro\u010d\u00ed uveden\u00ed techniky Intrecciato, kter\u00e1 kolekci prop\u016fj\u010dila nejen nostalgii, ale i modern\u00ed \u017eivost a kreativitu.<\/p>\n\n\n\n<div style=\"height:40px\" aria-hidden=\"true\" class=\"wp-block-spacer\"><\/div>\n\n\n\n<figure class=\"wp-block-gallery has-nested-images columns-default is-cropped wp-block-gallery-2 is-layout-flex wp-block-gallery-is-layout-flex\">\n<figure class=\"wp-block-image size-large\"><img decoding=\"async\" data-id=\"3803\" src=\"https:\/\/hmgmagazine.cz\/wp-content\/uploads\/2025\/09\/554330490_18528310696019198_3746812849494299428_n-768x1024.jpeg\" alt=\"\" class=\"wp-image-3803\" \/><figcaption class=\"wp-element-caption\">Bottega Veneta Spring\/Summer 2026, Credit: <strong><a href=\"https:\/\/www.facebook.com\/PiaWurtzbachPage?__cft__[0]=AZVIWq2Oz71PczHXhGlXemUggqBmigVL6mJ8J5_wm2hUkvkkJJimsPhfxm72v_5U4KsDOmVtzMsn1kcHniBRntROg2vOLdpUlBvvmOiW3HgKgtjDNuBc8v2G_CtbXAsUQyPNPMxiL__5-AVCamRw8pO86HFCq6HpwcQUsVLMwVn1t6kAAIzu0rNVaXsyUV1T6Os&amp;__tn__=-]C%2CP-R\">Pia Wurtzbach<\/a><\/strong><\/figcaption><\/figure>\n\n\n\n<figure class=\"wp-block-image size-large\"><img decoding=\"async\" data-id=\"3804\" src=\"https:\/\/hmgmagazine.cz\/wp-content\/uploads\/2025\/09\/557029185_18528310672019198_1433487472019204715_n-768x1024.jpeg\" alt=\"\" class=\"wp-image-3804\" \/><\/figure>\n\n\n\n<figure class=\"wp-block-image size-large\"><img decoding=\"async\" data-id=\"3805\" src=\"https:\/\/hmgmagazine.cz\/wp-content\/uploads\/2025\/09\/556695999_18528310660019198_3144133301206401059_n-769x1024.jpeg\" alt=\"\" class=\"wp-image-3805\" \/><\/figure>\n<\/figure>\n\n\n\n<div style=\"height:40px\" aria-hidden=\"true\" class=\"wp-block-spacer\"><\/div>\n\n\n\n<p class=\"has-medium-font-size\">D\u00e1msk\u00e1 kolekce <strong>Dolce &amp; Gabbana <\/strong>na jaro\/l\u00e9to 2026 na Mil\u00e1nsk\u00e9m fashion weeku byla jako filmov\u00e9 p\u0159edstaven\u00ed, kter\u00e9 rozost\u0159ilo hranici mezi m\u00f3dou a kinem. P\u0159ehl\u00eddku toti\u017e podpo\u0159ily i slavn\u00e9 osobnosti \u2013 Meryl Streep a Stanley Tucci se objevili v rol\u00edch Mirandy Priestly a Nigela Kiplinga z filmu <em>\u010e\u00e1bel nos\u00ed Pradu<\/em>, kter\u00fd se brzy do\u010dk\u00e1 pokra\u010dov\u00e1n\u00ed a my u\u017e se nem\u016f\u017eeme do\u010dkat!<\/p>\n\n\n\n<p class=\"has-medium-font-size\">Kolekce, pojmenovan\u00e1 \u201ePyjama Boys\u201c, uk\u00e1zala spojen\u00ed pohodl\u00ed a luxusu. Modelky p\u0159edv\u00e1d\u011bly outfity inspirovan\u00e9 py\u017eamy, zdoben\u00e9 Swarovski krystaly, pr\u016fsvitn\u00fdm pr\u00e1dlem a oversized kab\u00e1ty, co\u017e vytvo\u0159ilo zaj\u00edmav\u00fd kontrast mezi bohat\u00fdmi detaily a pohodlnost\u00ed. Barevn\u00e1 paleta se nesla ve kv\u011btinov\u00fdch a blankytn\u011b modr\u00fdch t\u00f3nech, co\u017e lze ch\u00e1pat jako nar\u00e1\u017eku na ikonickou pas\u00e1\u017e z filmu, kdy hlavn\u00ed postava Anne Hathaway nos\u00ed modr\u00fd svetr. Zna\u010dka Dolce &amp; Gabbana dok\u00e1\u017ee spojit m\u00f3du s popkulturou a nastavit tak nov\u00fd standard pro luxusn\u00ed loungewear, kter\u00fd je vhodn\u00fd jak na denn\u00ed no\u0161en\u00ed, tak pro ve\u010dern\u00ed program.<\/p>\n\n\n\n<div style=\"height:40px\" aria-hidden=\"true\" class=\"wp-block-spacer\"><\/div>\n\n\n\n<figure class=\"wp-block-gallery has-nested-images columns-default is-cropped wp-block-gallery-3 is-layout-flex wp-block-gallery-is-layout-flex\">\n<figure class=\"wp-block-image size-large\"><img decoding=\"async\" data-id=\"3812\" src=\"https:\/\/hmgmagazine.cz\/wp-content\/uploads\/2025\/09\/555578092_1222233943269209_5838321656293532833_n-683x1024.jpeg\" alt=\"\" class=\"wp-image-3812\" \/><\/figure>\n\n\n\n<figure class=\"wp-block-image size-large\"><img decoding=\"async\" data-id=\"3811\" src=\"https:\/\/hmgmagazine.cz\/wp-content\/uploads\/2025\/09\/555694330_1222233596602577_7706185802291418543_n-683x1024.jpeg\" alt=\"\" class=\"wp-image-3811\" \/><\/figure>\n\n\n\n<figure class=\"wp-block-image size-large\"><img decoding=\"async\" data-id=\"3814\" src=\"https:\/\/hmgmagazine.cz\/wp-content\/uploads\/2025\/09\/555673200_1222233499935920_7970039436191646680_n-683x1024.jpeg\" alt=\"\" class=\"wp-image-3814\" \/><\/figure>\n\n\n\n<figure class=\"wp-block-image size-large\"><img decoding=\"async\" data-id=\"3813\" src=\"https:\/\/hmgmagazine.cz\/wp-content\/uploads\/2025\/09\/556130642_1222233373269266_1176588620514300219_n-683x1024.jpeg\" alt=\"\" class=\"wp-image-3813\" \/><figcaption class=\"wp-element-caption\"><a href=\"https:\/\/www.facebook.com\/hashtag\/dgss26?__cft__[0]=AZWitszOtAWK6QHq8war-O8DT4FUJI5M8yXDn0zMOnYcQ2IOo5OR8-5JzkqQ5QQb8MyLR3v6MYV1r3D6itDIg8QlQ5bG_Atq1a8NCHFxyWOaz-NaMVos_vrF-uzbGe9IX_YMdmMJ_KkCP_KKrynaX2Y9QX0gu5vRLXDehzlTjOPtY_8vQNdmEcydGbPhO7AI1mWL4GQdno6NOGwAD2z0mXgy&amp;__tn__=*NK-R\">DGSS26<\/a> Collection<\/figcaption><\/figure>\n\n\n\n<figure class=\"wp-block-image size-large\"><img decoding=\"async\" data-id=\"3815\" src=\"https:\/\/hmgmagazine.cz\/wp-content\/uploads\/2025\/09\/555468415_1222233199935950_2978076163974251238_n-683x1024.jpeg\" alt=\"\" class=\"wp-image-3815\" \/><\/figure>\n<\/figure>\n\n\n\n<div style=\"height:40px\" aria-hidden=\"true\" class=\"wp-block-spacer\"><\/div>\n\n\n\n<h2 class=\"wp-block-heading\">Co si odn\u00e9st z Mil\u00e1nsk\u00e9ho Fashion Weeku<\/h2>\n\n\n\n<div style=\"height:40px\" aria-hidden=\"true\" class=\"wp-block-spacer\"><\/div>\n\n\n\n<p class=\"has-medium-font-size\">B\u011bhem podzimnho t\u00fddne m\u00f3dy dominovaly t\u0159i v\u00fdrazn\u00e9 p\u0159\u00edstupy k luxusn\u00edm od\u011bv\u016fm. Dolce &amp; Gabbana spojili pohodl\u00ed s glamour \u2013 py\u017eamov\u00e9 st\u0159ihy, hedv\u00e1bn\u00e9 topy a kalhoty. Oversized kab\u00e1ty a v\u00fdrazn\u00e9 dopl\u0148ky jsou ide\u00e1ln\u00ed pro stylov\u00fd, ale komfortn\u00ed look. Armani p\u0159edstavil nad\u010dasovou eleganci v temn\u00fdch t\u00f3nech. Ve\u010dern\u00ed r\u00f3by v odst\u00ednech smaragdu a kr\u00e1lovsk\u00e9 modr\u00e9 a klasick\u00e9 obleky p\u0159edstavuj\u00ed investici do \u0161atn\u00edku, kter\u00e1 vydr\u017e\u00ed roky. Bottega Veneta pod debutem Louise Trottera uk\u00e1zala \u0159emeslnou preciznost s hravost\u00ed \u2013 vrstven\u00ed, mix textur a ikonick\u00e1 technika Intrecciato na kab\u00e1tech, \u0161atech a dopl\u0148c\u00edch p\u0159in\u00e1\u0161\u00ed modern\u00ed a zaj\u00edmav\u00fd vzhled. Do \u0161atn\u00edku z toho m\u016f\u017eete odn\u00e9st kombinaci pohodl\u00ed, elegance a kreativn\u00edho vrstven\u00ed, kter\u00e9 okam\u017eit\u011b osv\u011b\u017e\u00ed jak\u00fdkoli outfit.<\/p>\n\n\n\n<div style=\"height:40px\" aria-hidden=\"true\" class=\"wp-block-spacer\"><\/div>\n\n\n\n<figure class=\"wp-block-gallery has-nested-images columns-default is-cropped wp-block-gallery-4 is-layout-flex wp-block-gallery-is-layout-flex\">\n<figure class=\"wp-block-image size-large\"><img decoding=\"async\" data-id=\"3824\" src=\"https:\/\/hmgmagazine.cz\/wp-content\/uploads\/2025\/09\/546291053_778327397899135_886058285678689866_n-820x1024.jpeg\" alt=\"\" class=\"wp-image-3824\" \/><\/figure>\n\n\n\n<figure class=\"wp-block-image size-large\"><img decoding=\"async\" data-id=\"3825\" src=\"https:\/\/hmgmagazine.cz\/wp-content\/uploads\/2025\/09\/546474036_778327351232473_4158976161899271684_n-820x1024.jpeg\" alt=\"\" class=\"wp-image-3825\" \/><\/figure>\n<\/figure>\n\n\n\n<div style=\"height:40px\" aria-hidden=\"true\" class=\"wp-block-spacer\"><\/div>\n\n\n\n<p class=\"has-medium-font-size\">Mil\u00e1n tak znovu potvrdil, \u017ee je m\u011bstem, kde se m\u00f3da nejen p\u0159edv\u00e1d\u00ed, ale i p\u0159etv\u00e1\u0159\u00ed v kulturn\u00ed manifest. A\u0165 u\u017e \u0161lo o poctu tradici, hled\u00e1n\u00ed nov\u00e9 identity nebo experimenty s nedokonalost\u00ed, velk\u00e9 zna\u010dky st\u00e1le ud\u00e1vaj\u00ed t\u00f3n \u2013 a my se od nich u\u010d\u00edme, \u017ee elegance a styl m\u00e1 mnoho podob. <\/p>\n\n\n\n<div style=\"height:100px\" aria-hidden=\"true\" class=\"wp-block-spacer\"><\/div>\n\n\n\n<figure class=\"wp-block-gallery has-nested-images columns-default is-cropped wp-block-gallery-5 is-layout-flex wp-block-gallery-is-layout-flex\">\n<figure class=\"wp-block-image size-large\"><img decoding=\"async\" data-id=\"3825\" src=\"https:\/\/hmgmagazine.cz\/wp-content\/uploads\/2025\/09\/546474036_778327351232473_4158976161899271684_n-820x1024.jpeg\" alt=\"\" class=\"wp-image-3825\" \/><\/figure>\n\n\n\n<figure class=\"wp-block-image size-large\"><img decoding=\"async\" data-id=\"3824\" src=\"https:\/\/hmgmagazine.cz\/wp-content\/uploads\/2025\/09\/546291053_778327397899135_886058285678689866_n-820x1024.jpeg\" alt=\"\" class=\"wp-image-3824\" \/><\/figure>\n\n\n\n<figure class=\"wp-block-image size-large\"><img decoding=\"async\" data-id=\"3815\" src=\"https:\/\/hmgmagazine.cz\/wp-content\/uploads\/2025\/09\/555468415_1222233199935950_2978076163974251238_n-683x1024.jpeg\" alt=\"\" class=\"wp-image-3815\" \/><\/figure>\n\n\n\n<figure class=\"wp-block-image size-large\"><img decoding=\"async\" data-id=\"3814\" src=\"https:\/\/hmgmagazine.cz\/wp-content\/uploads\/2025\/09\/555673200_1222233499935920_7970039436191646680_n-683x1024.jpeg\" alt=\"\" class=\"wp-image-3814\" \/><\/figure>\n\n\n\n<figure class=\"wp-block-image size-large\"><img decoding=\"async\" data-id=\"3813\" src=\"https:\/\/hmgmagazine.cz\/wp-content\/uploads\/2025\/09\/556130642_1222233373269266_1176588620514300219_n-683x1024.jpeg\" alt=\"\" class=\"wp-image-3813\" \/><\/figure>\n\n\n\n<figure class=\"wp-block-image size-large\"><img decoding=\"async\" data-id=\"3811\" src=\"https:\/\/hmgmagazine.cz\/wp-content\/uploads\/2025\/09\/555694330_1222233596602577_7706185802291418543_n-683x1024.jpeg\" alt=\"\" class=\"wp-image-3811\" \/><\/figure>\n\n\n\n<figure class=\"wp-block-image size-large\"><img decoding=\"async\" data-id=\"3797\" src=\"https:\/\/hmgmagazine.cz\/wp-content\/uploads\/2025\/09\/556507147_18083756287939467_8595300323502759053_n-819x1024.jpeg\" alt=\"\" class=\"wp-image-3797\" \/><\/figure>\n\n\n\n<figure class=\"wp-block-image size-large\"><img decoding=\"async\" data-id=\"3798\" src=\"https:\/\/hmgmagazine.cz\/wp-content\/uploads\/2025\/09\/557307429_18083659918939467_4095456955650797722_n-819x1024.jpeg\" alt=\"\" class=\"wp-image-3798\" \/><\/figure>\n\n\n\n<figure class=\"wp-block-image size-large\"><img decoding=\"async\" data-id=\"3805\" src=\"https:\/\/hmgmagazine.cz\/wp-content\/uploads\/2025\/09\/556695999_18528310660019198_3144133301206401059_n-769x1024.jpeg\" alt=\"\" class=\"wp-image-3805\" \/><\/figure>\n\n\n\n<figure class=\"wp-block-image size-large\"><img decoding=\"async\" data-id=\"3804\" src=\"https:\/\/hmgmagazine.cz\/wp-content\/uploads\/2025\/09\/557029185_18528310672019198_1433487472019204715_n-768x1024.jpeg\" alt=\"\" class=\"wp-image-3804\" \/><\/figure>\n\n\n\n<figure class=\"wp-block-image size-large\"><img decoding=\"async\" data-id=\"3803\" src=\"https:\/\/hmgmagazine.cz\/wp-content\/uploads\/2025\/09\/554330490_18528310696019198_3746812849494299428_n-768x1024.jpeg\" alt=\"\" class=\"wp-image-3803\" \/><\/figure>\n\n\n\n<figure class=\"wp-block-image size-large\"><img decoding=\"async\" data-id=\"3812\" src=\"https:\/\/hmgmagazine.cz\/wp-content\/uploads\/2025\/09\/555578092_1222233943269209_5838321656293532833_n-683x1024.jpeg\" alt=\"\" class=\"wp-image-3812\" \/><\/figure>\n\n\n\n<figure class=\"wp-block-image size-large\"><img decoding=\"async\" data-id=\"3794\" src=\"https:\/\/hmgmagazine.cz\/wp-content\/uploads\/2025\/09\/556890154_18083756335939467_7424344965614087707_n-819x1024.jpeg\" alt=\"\" class=\"wp-image-3794\" \/><\/figure>\n\n\n\n<figure class=\"wp-block-image size-large\"><img decoding=\"async\" data-id=\"3795\" src=\"https:\/\/hmgmagazine.cz\/wp-content\/uploads\/2025\/09\/557414101_18083756326939467_2650005874834608341_n-819x1024.jpeg\" alt=\"\" class=\"wp-image-3795\" \/><\/figure>\n\n\n\n<figure class=\"wp-block-image size-large\"><img decoding=\"async\" data-id=\"3796\" src=\"https:\/\/hmgmagazine.cz\/wp-content\/uploads\/2025\/09\/557369065_18083756317939467_6257145124426890242_n-819x1024.jpeg\" alt=\"\" class=\"wp-image-3796\" \/><\/figure>\n\n\n\n<figure class=\"wp-block-image size-large\"><img decoding=\"async\" data-id=\"3829\" src=\"https:\/\/hmgmagazine.cz\/wp-content\/uploads\/2025\/09\/482096309_639663435098866_5244242252645343388_n.jpeg\" alt=\"\" class=\"wp-image-3829\" \/><\/figure>\n<\/figure>\n\n\n\n<div style=\"height:40px\" aria-hidden=\"true\" class=\"wp-block-spacer\"><\/div>\n\n\n\n<p class=\"has-medium-font-size\"><strong>Zdroj foto<\/strong>: Camera Nazionale della Moda Italiana, Bottega Veneta, Armani, Dolce &amp; Gabbana<\/p>\n\n\n\n<div style=\"height:100px\" aria-hidden=\"true\" class=\"wp-block-spacer\"><\/div>\n","protected":false},"excerpt":{"rendered":"<p>Mil\u00e1n v z\u00e1\u0159\u00ed znovu uk\u00e1zal, pro\u010d pat\u0159\u00ed mezi sv\u011btov\u00e9 metropole m\u00f3dy. I p\u0159es nep\u0159\u00edzniv\u00e9 po\u010das\u00ed byla atmosf\u00e9ra ve m\u011bst\u011b p\u0159\u00edmo elektrizuj\u00edc\u00ed. Od rann\u00edch k\u00e1v v kav\u00e1rn\u00e1ch napln\u011bn\u00fdch editory a influencery a\u017e po no\u010dn\u00ed party, kde se m\u00edsil italsk\u00fd \u0161arm s glob\u00e1ln\u00edm glamour. Co ale skute\u010dn\u011b vl\u00e1dlo p\u0159ehl\u00eddkov\u00fdm mol\u016fm a co z toho si m\u016f\u017eeme odn\u00e9st [&hellip;]<\/p>\n","protected":false},"author":13,"featured_media":16524,"comment_status":"closed","ping_status":"closed","sticky":false,"template":"","format":"standard","meta":{"_mi_skip_tracking":false,"_monsterinsights_sitenote_active":false,"_monsterinsights_sitenote_note":"","_monsterinsights_sitenote_category":0,"footnotes":""},"categories":[25,4,2],"tags":[250,29],"yoast_head":"<!-- This site is optimized with the Yoast SEO plugin v21.5 - https:\/\/yoast.com\/wordpress\/plugins\/seo\/ -->\n<title>Kl\u00ed\u010dov\u00e9 trendy z Mil\u00e1nsk\u00e9ho Fashion Weeku. Co vl\u00e1dlo? - WOMENHOUSE.cz<\/title>\n<meta name=\"description\" content=\"Mil\u00e1nsk\u00fd Fashion Week SS26: Dolce &amp; Gabbana, Armani a Bottega Veneta \u2013 trendy a tipy do \u0161atn\u00edku. Co vl\u00e1dlo na molech?\" \/>\n<meta name=\"robots\" content=\"index, follow, max-snippet:-1, max-image-preview:large, max-video-preview:-1\" \/>\n<link rel=\"canonical\" href=\"https:\/\/womenhouse.cz\/index.php\/2025\/11\/12\/klicove-trendy-z-milanskeho-fashion-weeku-co-vladlo\/\" \/>\n<meta property=\"og:locale\" content=\"cs_CZ\" \/>\n<meta property=\"og:type\" content=\"article\" \/>\n<meta property=\"og:title\" content=\"Kl\u00ed\u010dov\u00e9 trendy z Mil\u00e1nsk\u00e9ho Fashion Weeku. Co vl\u00e1dlo? - WOMENHOUSE.cz\" \/>\n<meta property=\"og:description\" content=\"Mil\u00e1nsk\u00fd Fashion Week SS26: Dolce &amp; Gabbana, Armani a Bottega Veneta \u2013 trendy a tipy do \u0161atn\u00edku. Co vl\u00e1dlo na molech?\" \/>\n<meta property=\"og:url\" content=\"https:\/\/womenhouse.cz\/index.php\/2025\/11\/12\/klicove-trendy-z-milanskeho-fashion-weeku-co-vladlo\/\" \/>\n<meta property=\"og:site_name\" content=\"WOMENHOUSE.cz\" \/>\n<meta property=\"article:publisher\" content=\"https:\/\/www.facebook.com\/womenhousecz\" \/>\n<meta property=\"article:published_time\" content=\"2025-11-11T23:01:22+00:00\" \/>\n<meta property=\"article:modified_time\" content=\"2025-12-24T11:45:27+00:00\" \/>\n<meta property=\"og:image\" content=\"https:\/\/womenhouse.cz\/wp-content\/uploads\/2025\/10\/482096309_639663435098866_5244242252645343388_n.jpeg\" \/>\n\t<meta property=\"og:image:width\" content=\"850\" \/>\n\t<meta property=\"og:image:height\" content=\"315\" \/>\n\t<meta property=\"og:image:type\" content=\"image\/jpeg\" \/>\n<meta name=\"author\" content=\"Nela Slivkov\u00e1\" \/>\n<meta name=\"twitter:card\" content=\"summary_large_image\" \/>\n<meta name=\"twitter:label1\" content=\"Napsal(a)\" \/>\n\t<meta name=\"twitter:data1\" content=\"Nela Slivkov\u00e1\" \/>\n\t<meta name=\"twitter:label2\" content=\"Odhadovan\u00e1 doba \u010dten\u00ed\" \/>\n\t<meta name=\"twitter:data2\" content=\"10 minut\" \/>\n<script type=\"application\/ld+json\" class=\"yoast-schema-graph\">{\"@context\":\"https:\/\/schema.org\",\"@graph\":[{\"@type\":\"Article\",\"@id\":\"https:\/\/womenhouse.cz\/index.php\/2025\/11\/12\/klicove-trendy-z-milanskeho-fashion-weeku-co-vladlo\/#article\",\"isPartOf\":{\"@id\":\"https:\/\/womenhouse.cz\/index.php\/2025\/11\/12\/klicove-trendy-z-milanskeho-fashion-weeku-co-vladlo\/\"},\"author\":{\"name\":\"Nela Slivkov\u00e1\",\"@id\":\"https:\/\/womenhouse.cz\/#\/schema\/person\/326f89815d7d3bcd94dbc1ff49da2ab0\"},\"headline\":\"Kl\u00ed\u010dov\u00e9 trendy z Mil\u00e1nsk\u00e9ho Fashion Weeku. Co vl\u00e1dlo?\",\"datePublished\":\"2025-11-11T23:01:22+00:00\",\"dateModified\":\"2025-12-24T11:45:27+00:00\",\"mainEntityOfPage\":{\"@id\":\"https:\/\/womenhouse.cz\/index.php\/2025\/11\/12\/klicove-trendy-z-milanskeho-fashion-weeku-co-vladlo\/\"},\"wordCount\":844,\"publisher\":{\"@id\":\"https:\/\/womenhouse.cz\/#organization\"},\"keywords\":[\"MFW\",\"m\u00f3da\"],\"articleSection\":[\"FASHION\",\"M\u00f3DA\",\"NEWS\"],\"inLanguage\":\"cs\"},{\"@type\":\"WebPage\",\"@id\":\"https:\/\/womenhouse.cz\/index.php\/2025\/11\/12\/klicove-trendy-z-milanskeho-fashion-weeku-co-vladlo\/\",\"url\":\"https:\/\/womenhouse.cz\/index.php\/2025\/11\/12\/klicove-trendy-z-milanskeho-fashion-weeku-co-vladlo\/\",\"name\":\"Kl\u00ed\u010dov\u00e9 trendy z Mil\u00e1nsk\u00e9ho Fashion Weeku. Co vl\u00e1dlo? - WOMENHOUSE.cz\",\"isPartOf\":{\"@id\":\"https:\/\/womenhouse.cz\/#website\"},\"datePublished\":\"2025-11-11T23:01:22+00:00\",\"dateModified\":\"2025-12-24T11:45:27+00:00\",\"description\":\"Mil\u00e1nsk\u00fd Fashion Week SS26: Dolce & Gabbana, Armani a Bottega Veneta \u2013 trendy a tipy do \u0161atn\u00edku. Co vl\u00e1dlo na molech?\",\"breadcrumb\":{\"@id\":\"https:\/\/womenhouse.cz\/index.php\/2025\/11\/12\/klicove-trendy-z-milanskeho-fashion-weeku-co-vladlo\/#breadcrumb\"},\"inLanguage\":\"cs\",\"potentialAction\":[{\"@type\":\"ReadAction\",\"target\":[\"https:\/\/womenhouse.cz\/index.php\/2025\/11\/12\/klicove-trendy-z-milanskeho-fashion-weeku-co-vladlo\/\"]}]},{\"@type\":\"BreadcrumbList\",\"@id\":\"https:\/\/womenhouse.cz\/index.php\/2025\/11\/12\/klicove-trendy-z-milanskeho-fashion-weeku-co-vladlo\/#breadcrumb\",\"itemListElement\":[{\"@type\":\"ListItem\",\"position\":1,\"name\":\"Dom\u016f\",\"item\":\"https:\/\/womenhouse.cz\/\"},{\"@type\":\"ListItem\",\"position\":2,\"name\":\"Kl\u00ed\u010dov\u00e9 trendy z Mil\u00e1nsk\u00e9ho Fashion Weeku. Co vl\u00e1dlo?\"}]},{\"@type\":\"WebSite\",\"@id\":\"https:\/\/womenhouse.cz\/#website\",\"url\":\"https:\/\/womenhouse.cz\/\",\"name\":\"WOMENHOUSE.cz\",\"description\":\"Port\u00e1l v\u00fdhradn\u011b jen pro \u017eeny...\",\"publisher\":{\"@id\":\"https:\/\/womenhouse.cz\/#organization\"},\"potentialAction\":[{\"@type\":\"SearchAction\",\"target\":{\"@type\":\"EntryPoint\",\"urlTemplate\":\"https:\/\/womenhouse.cz\/?s={search_term_string}\"},\"query-input\":\"required name=search_term_string\"}],\"inLanguage\":\"cs\"},{\"@type\":\"Organization\",\"@id\":\"https:\/\/womenhouse.cz\/#organization\",\"name\":\"WOMENHOUSE.cz\",\"url\":\"https:\/\/womenhouse.cz\/\",\"logo\":{\"@type\":\"ImageObject\",\"inLanguage\":\"cs\",\"@id\":\"https:\/\/womenhouse.cz\/#\/schema\/logo\/image\/\",\"url\":\"https:\/\/womenhouse.cz\/wp-content\/uploads\/2020\/06\/cropped-logo_Womenhouse_RGB-02-removebg-preview-1.png\",\"contentUrl\":\"https:\/\/womenhouse.cz\/wp-content\/uploads\/2020\/06\/cropped-logo_Womenhouse_RGB-02-removebg-preview-1.png\",\"width\":561,\"height\":375,\"caption\":\"WOMENHOUSE.cz\"},\"image\":{\"@id\":\"https:\/\/womenhouse.cz\/#\/schema\/logo\/image\/\"},\"sameAs\":[\"https:\/\/www.facebook.com\/womenhousecz\",\"https:\/\/www.instagram.com\/womenhousecz\/\"]},{\"@type\":\"Person\",\"@id\":\"https:\/\/womenhouse.cz\/#\/schema\/person\/326f89815d7d3bcd94dbc1ff49da2ab0\",\"name\":\"Nela Slivkov\u00e1\",\"sameAs\":[\"http:\/\/WOMENHOUSE.cz\"],\"url\":\"https:\/\/womenhouse.cz\/index.php\/author\/nelasliv\/\"}]}<\/script>\n<!-- \/ Yoast SEO plugin. -->","yoast_head_json":{"title":"Kl\u00ed\u010dov\u00e9 trendy z Mil\u00e1nsk\u00e9ho Fashion Weeku. Co vl\u00e1dlo? - WOMENHOUSE.cz","description":"Mil\u00e1nsk\u00fd Fashion Week SS26: Dolce & Gabbana, Armani a Bottega Veneta \u2013 trendy a tipy do \u0161atn\u00edku. Co vl\u00e1dlo na molech?","robots":{"index":"index","follow":"follow","max-snippet":"max-snippet:-1","max-image-preview":"max-image-preview:large","max-video-preview":"max-video-preview:-1"},"canonical":"https:\/\/womenhouse.cz\/index.php\/2025\/11\/12\/klicove-trendy-z-milanskeho-fashion-weeku-co-vladlo\/","og_locale":"cs_CZ","og_type":"article","og_title":"Kl\u00ed\u010dov\u00e9 trendy z Mil\u00e1nsk\u00e9ho Fashion Weeku. Co vl\u00e1dlo? - WOMENHOUSE.cz","og_description":"Mil\u00e1nsk\u00fd Fashion Week SS26: Dolce & Gabbana, Armani a Bottega Veneta \u2013 trendy a tipy do \u0161atn\u00edku. Co vl\u00e1dlo na molech?","og_url":"https:\/\/womenhouse.cz\/index.php\/2025\/11\/12\/klicove-trendy-z-milanskeho-fashion-weeku-co-vladlo\/","og_site_name":"WOMENHOUSE.cz","article_publisher":"https:\/\/www.facebook.com\/womenhousecz","article_published_time":"2025-11-11T23:01:22+00:00","article_modified_time":"2025-12-24T11:45:27+00:00","og_image":[{"width":850,"height":315,"url":"https:\/\/womenhouse.cz\/wp-content\/uploads\/2025\/10\/482096309_639663435098866_5244242252645343388_n.jpeg","type":"image\/jpeg"}],"author":"Nela Slivkov\u00e1","twitter_card":"summary_large_image","twitter_misc":{"Napsal(a)":"Nela Slivkov\u00e1","Odhadovan\u00e1 doba \u010dten\u00ed":"10 minut"},"schema":{"@context":"https:\/\/schema.org","@graph":[{"@type":"Article","@id":"https:\/\/womenhouse.cz\/index.php\/2025\/11\/12\/klicove-trendy-z-milanskeho-fashion-weeku-co-vladlo\/#article","isPartOf":{"@id":"https:\/\/womenhouse.cz\/index.php\/2025\/11\/12\/klicove-trendy-z-milanskeho-fashion-weeku-co-vladlo\/"},"author":{"name":"Nela Slivkov\u00e1","@id":"https:\/\/womenhouse.cz\/#\/schema\/person\/326f89815d7d3bcd94dbc1ff49da2ab0"},"headline":"Kl\u00ed\u010dov\u00e9 trendy z Mil\u00e1nsk\u00e9ho Fashion Weeku. Co vl\u00e1dlo?","datePublished":"2025-11-11T23:01:22+00:00","dateModified":"2025-12-24T11:45:27+00:00","mainEntityOfPage":{"@id":"https:\/\/womenhouse.cz\/index.php\/2025\/11\/12\/klicove-trendy-z-milanskeho-fashion-weeku-co-vladlo\/"},"wordCount":844,"publisher":{"@id":"https:\/\/womenhouse.cz\/#organization"},"keywords":["MFW","m\u00f3da"],"articleSection":["FASHION","M\u00f3DA","NEWS"],"inLanguage":"cs"},{"@type":"WebPage","@id":"https:\/\/womenhouse.cz\/index.php\/2025\/11\/12\/klicove-trendy-z-milanskeho-fashion-weeku-co-vladlo\/","url":"https:\/\/womenhouse.cz\/index.php\/2025\/11\/12\/klicove-trendy-z-milanskeho-fashion-weeku-co-vladlo\/","name":"Kl\u00ed\u010dov\u00e9 trendy z Mil\u00e1nsk\u00e9ho Fashion Weeku. Co vl\u00e1dlo? - WOMENHOUSE.cz","isPartOf":{"@id":"https:\/\/womenhouse.cz\/#website"},"datePublished":"2025-11-11T23:01:22+00:00","dateModified":"2025-12-24T11:45:27+00:00","description":"Mil\u00e1nsk\u00fd Fashion Week SS26: Dolce & Gabbana, Armani a Bottega Veneta \u2013 trendy a tipy do \u0161atn\u00edku. Co vl\u00e1dlo na molech?","breadcrumb":{"@id":"https:\/\/womenhouse.cz\/index.php\/2025\/11\/12\/klicove-trendy-z-milanskeho-fashion-weeku-co-vladlo\/#breadcrumb"},"inLanguage":"cs","potentialAction":[{"@type":"ReadAction","target":["https:\/\/womenhouse.cz\/index.php\/2025\/11\/12\/klicove-trendy-z-milanskeho-fashion-weeku-co-vladlo\/"]}]},{"@type":"BreadcrumbList","@id":"https:\/\/womenhouse.cz\/index.php\/2025\/11\/12\/klicove-trendy-z-milanskeho-fashion-weeku-co-vladlo\/#breadcrumb","itemListElement":[{"@type":"ListItem","position":1,"name":"Dom\u016f","item":"https:\/\/womenhouse.cz\/"},{"@type":"ListItem","position":2,"name":"Kl\u00ed\u010dov\u00e9 trendy z Mil\u00e1nsk\u00e9ho Fashion Weeku. Co vl\u00e1dlo?"}]},{"@type":"WebSite","@id":"https:\/\/womenhouse.cz\/#website","url":"https:\/\/womenhouse.cz\/","name":"WOMENHOUSE.cz","description":"Port\u00e1l v\u00fdhradn\u011b jen pro \u017eeny...","publisher":{"@id":"https:\/\/womenhouse.cz\/#organization"},"potentialAction":[{"@type":"SearchAction","target":{"@type":"EntryPoint","urlTemplate":"https:\/\/womenhouse.cz\/?s={search_term_string}"},"query-input":"required name=search_term_string"}],"inLanguage":"cs"},{"@type":"Organization","@id":"https:\/\/womenhouse.cz\/#organization","name":"WOMENHOUSE.cz","url":"https:\/\/womenhouse.cz\/","logo":{"@type":"ImageObject","inLanguage":"cs","@id":"https:\/\/womenhouse.cz\/#\/schema\/logo\/image\/","url":"https:\/\/womenhouse.cz\/wp-content\/uploads\/2020\/06\/cropped-logo_Womenhouse_RGB-02-removebg-preview-1.png","contentUrl":"https:\/\/womenhouse.cz\/wp-content\/uploads\/2020\/06\/cropped-logo_Womenhouse_RGB-02-removebg-preview-1.png","width":561,"height":375,"caption":"WOMENHOUSE.cz"},"image":{"@id":"https:\/\/womenhouse.cz\/#\/schema\/logo\/image\/"},"sameAs":["https:\/\/www.facebook.com\/womenhousecz","https:\/\/www.instagram.com\/womenhousecz\/"]},{"@type":"Person","@id":"https:\/\/womenhouse.cz\/#\/schema\/person\/326f89815d7d3bcd94dbc1ff49da2ab0","name":"Nela Slivkov\u00e1","sameAs":["http:\/\/WOMENHOUSE.cz"],"url":"https:\/\/womenhouse.cz\/index.php\/author\/nelasliv\/"}]}},"_links":{"self":[{"href":"https:\/\/womenhouse.cz\/index.php\/wp-json\/wp\/v2\/posts\/16523"}],"collection":[{"href":"https:\/\/womenhouse.cz\/index.php\/wp-json\/wp\/v2\/posts"}],"about":[{"href":"https:\/\/womenhouse.cz\/index.php\/wp-json\/wp\/v2\/types\/post"}],"author":[{"embeddable":true,"href":"https:\/\/womenhouse.cz\/index.php\/wp-json\/wp\/v2\/users\/13"}],"replies":[{"embeddable":true,"href":"https:\/\/womenhouse.cz\/index.php\/wp-json\/wp\/v2\/comments?post=16523"}],"version-history":[{"count":-4,"href":"https:\/\/womenhouse.cz\/index.php\/wp-json\/wp\/v2\/posts\/16523\/revisions"}],"wp:featuredmedia":[{"embeddable":true,"href":"https:\/\/womenhouse.cz\/index.php\/wp-json\/wp\/v2\/media\/16524"}],"wp:attachment":[{"href":"https:\/\/womenhouse.cz\/index.php\/wp-json\/wp\/v2\/media?parent=16523"}],"wp:term":[{"taxonomy":"category","embeddable":true,"href":"https:\/\/womenhouse.cz\/index.php\/wp-json\/wp\/v2\/categories?post=16523"},{"taxonomy":"post_tag","embeddable":true,"href":"https:\/\/womenhouse.cz\/index.php\/wp-json\/wp\/v2\/tags?post=16523"}],"curies":[{"name":"wp","href":"https:\/\/api.w.org\/{rel}","templated":true}]}}