{"id":16413,"date":"2026-01-22T00:01:00","date_gmt":"2026-01-21T23:01:00","guid":{"rendered":"https:\/\/womenhouse.cz\/?p=16413"},"modified":"2026-01-02T12:31:02","modified_gmt":"2026-01-02T11:31:02","slug":"stejna-kosmetika-po-cely-rok-v-lete-i-v-zime-se-potreby-pleti-meni","status":"publish","type":"post","link":"https:\/\/womenhouse.cz\/index.php\/2026\/01\/22\/stejna-kosmetika-po-cely-rok-v-lete-i-v-zime-se-potreby-pleti-meni\/","title":{"rendered":"Stejn\u00e1 kosmetika po cel\u00fd rok? V l\u00e9t\u011b i v zim\u011b se pot\u0159eby pleti m\u011bn\u00ed"},"content":{"rendered":"\n<div style=\"height:35px\" aria-hidden=\"true\" class=\"wp-block-spacer\"><\/div>\n\n\n\n<p class=\"has-medium-font-size\"><strong>St\u0159\u00edd\u00e1n\u00ed ro\u010dn\u00edch obdob\u00ed, prom\u011bnliv\u00e9 po\u010das\u00ed, kol\u00edsav\u00e9 teploty. Vlivy, kter\u00e9 b\u011bhem cel\u00e9ho roku zna\u010dn\u011b rozhoduj\u00ed o stavu a kvalit\u011b va\u0161\u00ed pleti. Pou\u017e\u00edvat tak jeden univerz\u00e1ln\u00ed p\u0159\u00edpravek na ka\u017ed\u00fd den nesta\u010d\u00ed! V\u00a0l\u00e9t\u011b je poko\u017eka vystaven\u00e1 siln\u00e9mu slune\u010dn\u00edmu z\u00e1\u0159en\u00ed a pot\u0159ebuje kvalitn\u00ed ochranu. V\u00a0zim\u011b naopak \u010del\u00ed teplotn\u00edm \u0161ok\u016fm a such\u00e9mu mraziv\u00e9mu v\u011btru, proto se neobejde bez vy\u017eivuj\u00edc\u00ed a p\u0159edev\u0161\u00edm \u0161etrn\u00e9 p\u00e9\u010de. Pro ka\u017ed\u00e9 obdob\u00ed zkr\u00e1tka plat\u00ed jin\u00e1 pravidla, kter\u00e1 je nutn\u00e9 v\u00a0pravideln\u00e9 rutin\u011b zohlednit.<\/strong><\/p>\n\n\n\n<div style=\"height:35px\" aria-hidden=\"true\" class=\"wp-block-spacer\"><\/div>\n\n\n<div class=\"wp-block-image\">\n<figure class=\"aligncenter size-large\"><img loading=\"lazy\" decoding=\"async\" width=\"1024\" height=\"739\" src=\"https:\/\/womenhouse.cz\/wp-content\/uploads\/2025\/10\/Revalid-Skin-Care-ilustracni-foto08-1024x739.jpg\" alt=\"Stejn\u00e1 kosmetika po cel\u00fd rok? V l\u00e9t\u011b i v zim\u011b se pot\u0159eby pleti m\u011bn\u00ed\" class=\"wp-image-16419\" srcset=\"https:\/\/womenhouse.cz\/wp-content\/uploads\/2025\/10\/Revalid-Skin-Care-ilustracni-foto08-1024x739.jpg 1024w, https:\/\/womenhouse.cz\/wp-content\/uploads\/2025\/10\/Revalid-Skin-Care-ilustracni-foto08-300x216.jpg 300w, https:\/\/womenhouse.cz\/wp-content\/uploads\/2025\/10\/Revalid-Skin-Care-ilustracni-foto08-768x554.jpg 768w, https:\/\/womenhouse.cz\/wp-content\/uploads\/2025\/10\/Revalid-Skin-Care-ilustracni-foto08.jpg 1450w\" sizes=\"(max-width: 1024px) 100vw, 1024px\" \/><\/figure><\/div>\n\n\n<div style=\"height:35px\" aria-hidden=\"true\" class=\"wp-block-spacer\"><\/div>\n\n\n\n<h2 class=\"wp-block-heading\">Slunce jako balz\u00e1m na du\u0161i, ale hrozba pro k\u016f\u017ei<\/h2>\n\n\n\n<div style=\"height:35px\" aria-hidden=\"true\" class=\"wp-block-spacer\"><\/div>\n\n\n\n<p class=\"has-medium-font-size\">P\u0159esto\u017ee jsou letn\u00ed dny ji\u017e za n\u00e1mi, je dobr\u00e9 si p\u0159ipomenout, jak toto slunn\u00e9 pr\u00e1zdninov\u00e9 obdob\u00ed pravideln\u011b ovliv\u0148uje stav a kvalitu na\u0161\u00ed pleti. Nejv\u011bt\u0161\u00ed riziko zp\u016fsobuj\u00edc\u00ed \u0159adu ko\u017en\u00edch probl\u00e9m\u016f p\u0159edstavuje beze sporu UV z\u00e1\u0159en\u00ed. Jeho slo\u017eky \u2013 UVA a UVB \u2013 pronikaj\u00ed do jednotliv\u00fdch vrstev k\u016f\u017ee, kde naru\u0161uj\u00ed jej\u00ed p\u0159irozen\u00e9 ochrann\u00e9 mechanismy. Z\u00e1rove\u0148 podporuj\u00ed vznik voln\u00fdch radik\u00e1l\u016f, kter\u00e9 po\u0161kozuj\u00ed ko\u017en\u00ed bu\u0148ky, oslabuj\u00ed kolagenov\u00e1 vl\u00e1kna a zanech\u00e1vaj\u00ed ple\u0165 unavenou a n\u00e1chyln\u011bj\u0161\u00ed k p\u0159ed\u010dasn\u00e9mu st\u00e1rnut\u00ed. <\/p>\n\n\n\n<p class=\"has-medium-font-size\">Krom\u011b slunce nesou sv\u016fj pod\u00edl tak\u00e9 vysok\u00e9 teploty \u010di vlhkost, je\u017e stimuluj\u00ed mazov\u00e9 a potn\u00ed \u017el\u00e1zy. \u010clov\u011bk se tak daleko v\u00edce pot\u00ed, jeho poko\u017eka se mast\u00ed a v d\u016fsledku toho se \u010dast\u011bji objevuj\u00ed ucpan\u00e9 p\u00f3ry, nedokonalosti i z\u00e1n\u011btliv\u00e9 projevy, kter\u00e9 mohou k\u016f\u017ei zat\u011b\u017eovat je\u0161t\u011b dlouho po skon\u010den\u00ed l\u00e9ta. Klimatizace, zne\u010di\u0161t\u011bn\u00e9 ovzdu\u0161\u00ed a zm\u011bny v\u00a0\u017eivotn\u00edm stylu pak cel\u00fd tento efekt umoc\u0148uj\u00ed. Ple\u0165 se tak m\u016f\u017ee pot\u00fdkat s dehydratac\u00ed, ztr\u00e1tou jasu i zv\u00fd\u0161enou citlivost\u00ed.<\/p>\n\n\n\n<p class=\"has-medium-font-size\">Letn\u00ed p\u00e9\u010de by m\u011bla st\u00e1t p\u0159edev\u0161\u00edm na lehk\u00e9, hydrata\u010dn\u00ed kosmetice, kter\u00e1 poko\u017eku chr\u00e1n\u00ed, uzamkne pot\u0159ebnou vlhkost a z\u00e1rove\u0148 ji zbyte\u010dn\u011b nezat\u00ed\u017e\u00ed ani nepodr\u00e1\u017ed\u00ed. <em>\u201eV letn\u00ed p\u00e9\u010di je vhodn\u00e9 up\u0159ednostnit p\u0159\u00edpravky s obsahem p\u0159\u00edrodn\u00edch extrakt\u016f, kter\u00e9 p\u0159isp\u00edvaj\u00ed k ochran\u011b a regeneraci ko\u017en\u00ed bari\u00e9ry. Extrakt ze \u0161v\u00fdcarsk\u00e9ho zimolezu je zdrojem antioxidant\u016f, je\u017e pom\u00e1haj\u00ed omezovat p\u016fsoben\u00ed voln\u00fdch radik\u00e1l\u016f a podporuj\u00ed p\u0159irozenou odolnost pleti. Extrakt z mikro\u0159as Dunaliella salina napom\u00e1h\u00e1 bun\u011b\u010dn\u00e9 obnov\u011b a zaji\u0161\u0165uje dostate\u010dnou energii pro zdrav\u00fd vzhled. <\/em><\/p>\n\n\n\n<p class=\"has-medium-font-size\"><em>Kombinace t\u011bchto slo\u017eek je vhodn\u00e1 pro udr\u017een\u00ed rovnov\u00e1hy a vitality pleti v obdob\u00ed zv\u00fd\u0161en\u00e9 slune\u010dn\u00ed expozice,\u201c <\/em>popisuje <strong>MUDr. Gabriela Ki\u010dmerov\u00e1, dermatolo\u017eka a expertka zna\u010dky Revalid<\/strong>. <em>\u201eUr\u010dit\u011b by se \u010dlov\u011bk m\u011bl vyhnout t\u011b\u017ek\u00fdm, hutn\u00fdm kr\u00e9m\u016fm, kter\u00e9 by mohly zbyte\u010dn\u011b ucp\u00e1vat p\u00f3ry. Z\u00e1rove\u0148 se nedoporu\u010duj\u00ed ani p\u0159\u00edli\u0161 intenzivn\u00ed \u010dist\u00edc\u00ed gely, aby nedo\u0161lo k\u00a0podr\u00e1\u017ed\u011bn\u00ed a naru\u0161en\u00ed ko\u017en\u00ed bari\u00e9ry. Kl\u00ed\u010dov\u00e9 je zkr\u00e1tka poskl\u00e1dat letn\u00ed rutinu jednodu\u0161e se zam\u011b\u0159en\u00edm na hydrataci, ochranu a podporu p\u0159irozen\u00fdch regenera\u010dn\u00edch proces\u016f,\u201c<\/em> dod\u00e1v\u00e1.<\/p>\n\n\n\n<div style=\"height:35px\" aria-hidden=\"true\" class=\"wp-block-spacer\"><\/div>\n\n\n<div class=\"wp-block-image\">\n<figure class=\"aligncenter size-large\"><img loading=\"lazy\" decoding=\"async\" width=\"1024\" height=\"684\" src=\"https:\/\/womenhouse.cz\/wp-content\/uploads\/2025\/10\/Revalid-Skin-Care-ilustracni-foto18-1024x684.jpg\" alt=\"Stejn\u00e1 kosmetika po cel\u00fd rok? V l\u00e9t\u011b i v zim\u011b se pot\u0159eby pleti m\u011bn\u00ed\" class=\"wp-image-16418\" srcset=\"https:\/\/womenhouse.cz\/wp-content\/uploads\/2025\/10\/Revalid-Skin-Care-ilustracni-foto18-1024x684.jpg 1024w, https:\/\/womenhouse.cz\/wp-content\/uploads\/2025\/10\/Revalid-Skin-Care-ilustracni-foto18-300x200.jpg 300w, https:\/\/womenhouse.cz\/wp-content\/uploads\/2025\/10\/Revalid-Skin-Care-ilustracni-foto18-768x513.jpg 768w, https:\/\/womenhouse.cz\/wp-content\/uploads\/2025\/10\/Revalid-Skin-Care-ilustracni-foto18.jpg 1450w\" sizes=\"(max-width: 1024px) 100vw, 1024px\" \/><\/figure><\/div>\n\n\n<div style=\"height:35px\" aria-hidden=\"true\" class=\"wp-block-spacer\"><\/div>\n\n\n\n<h2 class=\"wp-block-heading\">Ani mr\u00e1z poko\u017ece p\u0159\u00edli\u0161 nesv\u011bd\u010d\u00ed<\/h2>\n\n\n\n<div style=\"height:35px\" aria-hidden=\"true\" class=\"wp-block-spacer\"><\/div>\n\n\n\n<p class=\"has-medium-font-size\">Jakmile se ochlad\u00ed a teploty klesnou k\u00a0nule, pro k\u016f\u017ei to znamen\u00e1 jedin\u00e9 \u2013 nov\u00e1 v\u00fdzva, kterou mus\u00ed ust\u00e1t. Tentokr\u00e1t v\u0161ak jinak, ne\u017e tomu bylo v\u00a0l\u00e9t\u011b. Vlivem mrazu, chladu a studen\u00e9ho, such\u00e9ho v\u011btru se zpomaluj\u00ed metabolick\u00e9 funkce v\u00a0poko\u017ece. Sni\u017euje se schopnost produkovat p\u0159irozen\u00e9 ochrann\u00e9 lipidy, doch\u00e1z\u00ed k\u00a0extr\u00e9mn\u00edmu vysu\u0161en\u00ed, a napjat\u00e1 k\u016f\u017ee tak velmi snadno poprask\u00e1. <\/p>\n\n\n\n<p class=\"has-medium-font-size\">Mikrotrhliny pot\u00e9 usnad\u0148uj\u00ed pr\u016fnik bakteri\u00ed, co\u017e m\u016f\u017ee v\u00e9st k\u00a0zna\u010dn\u00e9mu oslaben\u00ed imunity pleti a zv\u00fd\u0161en\u00ed rizika vzniku ekz\u00e9m\u016f a dal\u0161\u00edch z\u00e1n\u011btliv\u00fdch stav\u016f. Ani n\u00e1hl\u00e9 teplotn\u00ed zm\u011bny zp\u016fsoben\u00e9 p\u0159echodem mezi zimou a vyt\u00e1p\u011bn\u00fdmi interi\u00e9ry celkov\u00e9mu stavu p\u0159\u00edli\u0161 nepom\u00e1haj\u00ed. Opakovan\u00e9 uvol\u0148ov\u00e1n\u00ed a smr\u0161\u0165ov\u00e1n\u00ed poko\u017eky oslabuje mikrocirkulaci, naru\u0161uje ko\u017en\u00ed bari\u00e9ru a vede k\u00a0dehydrataci, zv\u00fd\u0161en\u00e9 citlivosti, rychlej\u0161\u00edmu st\u00e1rnut\u00ed a celkov\u00e9mu p\u0159et\u00ed\u017een\u00ed.<\/p>\n\n\n\n<p class=\"has-medium-font-size\">Abyste p\u0159ede\u0161li za\u010derven\u00e1n\u00ed, p\u0159ecitliv\u011blosti, poprask\u00e1n\u00ed a drobn\u00fdm \u0161upink\u00e1m, zam\u011b\u0159te se na pe\u010duj\u00edc\u00ed kosmetiku, je\u017e podpo\u0159\u00ed kl\u00ed\u010dovou rovnov\u00e1hu poko\u017eky. <em>\u201eV zim\u011b se hod\u00ed s\u00e1hnout po regenera\u010dn\u00ed a posiluj\u00edc\u00ed kosmetice. Rostlinn\u00fd multipeptidov\u00fd komplex napom\u00e1h\u00e1 obnov\u011b ko\u017en\u00ed struktury a stimuluje tvorbu kolagenu, \u010d\u00edm\u017e p\u0159isp\u00edv\u00e1 k jej\u00ed pru\u017enosti a odolnosti. Kolagenov\u00fd komplex na rostlinn\u00e9 b\u00e1zi d\u00e1le posiluje zpev\u0148uj\u00edc\u00ed \u00fa\u010dinek a napom\u00e1h\u00e1 zachovat mladistv\u00fd vzhled.<\/em><\/p>\n\n\n\n<p class=\"has-medium-font-size\"><em>\u010cemu se rad\u011bji obloukem vyhnout jsou parf\u00e9mov\u00e9 a jinak dr\u00e1\u017ediv\u00e9 produkty s\u00a0obsahem alkoholu, kter\u00e9 mohou k\u0159ehkou zimn\u00ed poko\u017eku je\u0161t\u011b v\u00edce vysu\u0161ovat a zvy\u0161ovat riziko nep\u0159\u00edjemn\u00e9ho p\u00e1len\u00ed. Ka\u017edodenn\u00ed rutina by m\u011bla pos\u00edlit ko\u017en\u00ed bari\u00e9ru, dodat pleti dostate\u010dnou v\u00fd\u017eivu, a p\u0159edev\u0161\u00edm ji \u0161etrn\u011b zhydratovat. \u00da\u010dinn\u00fdm \u0159e\u0161en\u00edm m\u016f\u017ee b\u00fdt nap\u0159\u00edklad<\/em><a href=\"https:\/\/www.revalid.cz\/produkty\/pletova-pece\"><em><u> protivr\u00e1skov\u00e1 \u0159ada Revalid<\/u><\/em><\/a><em>,\u201c <\/em>vysv\u011btluje z\u00e1sadn\u00ed principy zimn\u00ed p\u00e9\u010de MUDr. Ki\u010dmerov\u00e1.<\/p>\n\n\n\n<div style=\"height:35px\" aria-hidden=\"true\" class=\"wp-block-spacer\"><\/div>\n\n\n<div class=\"wp-block-image\">\n<figure class=\"aligncenter size-large\"><img loading=\"lazy\" decoding=\"async\" width=\"1024\" height=\"683\" src=\"https:\/\/womenhouse.cz\/wp-content\/uploads\/2025\/10\/Ilustracni-foto-zdroj-Adobe-Stock-1024x683.jpeg\" alt=\"Stejn\u00e1 kosmetika po cel\u00fd rok? V l\u00e9t\u011b i v zim\u011b se pot\u0159eby pleti m\u011bn\u00ed\" class=\"wp-image-16422\" srcset=\"https:\/\/womenhouse.cz\/wp-content\/uploads\/2025\/10\/Ilustracni-foto-zdroj-Adobe-Stock-1024x683.jpeg 1024w, https:\/\/womenhouse.cz\/wp-content\/uploads\/2025\/10\/Ilustracni-foto-zdroj-Adobe-Stock-300x200.jpeg 300w, https:\/\/womenhouse.cz\/wp-content\/uploads\/2025\/10\/Ilustracni-foto-zdroj-Adobe-Stock-768x512.jpeg 768w, https:\/\/womenhouse.cz\/wp-content\/uploads\/2025\/10\/Ilustracni-foto-zdroj-Adobe-Stock.jpeg 1450w\" sizes=\"(max-width: 1024px) 100vw, 1024px\" \/><\/figure><\/div>\n\n\n<div style=\"height:35px\" aria-hidden=\"true\" class=\"wp-block-spacer\"><\/div>\n\n\n\n<h2 class=\"wp-block-heading\">Nepodce\u0148te ani p\u0159echodn\u00e1 obdob\u00ed!<\/h2>\n\n\n\n<div style=\"height:35px\" aria-hidden=\"true\" class=\"wp-block-spacer\"><\/div>\n\n\n\n<p class=\"has-medium-font-size\">A\u010dkoliv nejv\u011bt\u0161\u00ed rozd\u00edly ple\u0165 za\u017e\u00edv\u00e1 v&nbsp;zim\u011b a l\u00e9t\u011b, tak\u00e9 na podzim i na ja\u0159e je nutn\u00e9 zohlednit jej\u00ed pot\u0159eby a poskytnout j\u00ed regeneraci po p\u0159edchoz\u00edch m\u011bs\u00edc\u00edch. V&nbsp;lec\u010dem se p\u0159itom tato p\u0159echodn\u00e1 obdob\u00ed v&nbsp;r\u00e1mci skin care shoduj\u00ed. Ochrana ko\u017en\u00ed bari\u00e9ry p\u0159ed voln\u00fdmi radik\u00e1ly z&nbsp;okol\u00ed, hydratace a v\u00fd\u017eiva. Ide\u00e1ln\u00ed je nav\u00edc za\u0159adit leh\u010d\u00ed kr\u00e9my ne\u017e v&nbsp;zim\u011b, ale bohat\u0161\u00ed ne\u017e v&nbsp;l\u00e9t\u011b.<\/p>\n\n\n\n<p class=\"has-medium-font-size\">Na ja\u0159e se poko\u017eka zotavuje po chladn\u00e9 zim\u011b. B\u00fdv\u00e1 tedy such\u00e1, citliv\u011bj\u0161\u00ed a n\u00e1chyln\u00e1 k&nbsp;podr\u00e1\u017ed\u011bn\u00ed. Podle doktorky Ki\u010dmerov\u00e1 je pot\u0159eba d\u00e1t p\u0159ednost zklid\u0148uj\u00edc\u00edm slo\u017ek\u00e1m podporuj\u00edc\u00edm p\u0159irozenou obnovu, jako jsou ceramidy, skvalan \u010di alantoin. Nevynechejte ani antioxidanty, hlavn\u011b vitamin C a niacinamid, kter\u00e9 ple\u0165 p\u0159iprav\u00ed na p\u0159\u00edchod slune\u010dn\u00fdch dn\u00ed.<\/p>\n\n\n\n<p class=\"has-medium-font-size\">B\u011bhem podzimu naopak dozn\u00edvaj\u00ed n\u00e1sledky dovolenkov\u00e9ho re\u017eimu. K\u016f\u017ei chyb\u00ed hydratace a objevuj\u00ed se tak\u00e9 zn\u00e1mky intenzivn\u00edho UV z\u00e1\u0159en\u00ed v\u00a0podob\u011b pigmentov\u00fdch skvrn a vr\u00e1sek. V\u00a0t\u00e9to f\u00e1zi roku je proto z\u00e1sadn\u00ed zam\u011b\u0159it se na regeneraci, sjednocen\u00ed t\u00f3nu pleti a dopln\u011bn\u00ed ztracen\u00e9 hydratace. Poslou\u017e\u00ed v\u00e1m produkty s\u00a0kyselinou hyaluronovou, niacinamidy, vitaminem B5, zinkem \u010di ceramidy. Na \u0161kodu nejsou ani exfolia\u010dn\u00ed p\u0159\u00edpravky, je\u017e pomohou ple\u0165 projasnit. Ka\u017ed\u00e9 obdob\u00ed m\u00e1 zkr\u00e1tka sv\u00e1 specifika, kter\u00e1 je d\u016fle\u017eit\u00e9 zn\u00e1t.<\/p>\n\n\n\n<div style=\"height:35px\" aria-hidden=\"true\" class=\"wp-block-spacer\"><\/div>\n\n\n<div class=\"wp-block-image\">\n<figure class=\"aligncenter size-large\"><img loading=\"lazy\" decoding=\"async\" width=\"1024\" height=\"540\" src=\"https:\/\/womenhouse.cz\/wp-content\/uploads\/2025\/10\/Ilustracni-foto-zdroj-Adobe-Stock-1-1024x540.jpeg\" alt=\"Stejn\u00e1 kosmetika po cel\u00fd rok? V l\u00e9t\u011b i v zim\u011b se pot\u0159eby pleti m\u011bn\u00ed\" class=\"wp-image-16415\" srcset=\"https:\/\/womenhouse.cz\/wp-content\/uploads\/2025\/10\/Ilustracni-foto-zdroj-Adobe-Stock-1-1024x540.jpeg 1024w, https:\/\/womenhouse.cz\/wp-content\/uploads\/2025\/10\/Ilustracni-foto-zdroj-Adobe-Stock-1-300x158.jpeg 300w, https:\/\/womenhouse.cz\/wp-content\/uploads\/2025\/10\/Ilustracni-foto-zdroj-Adobe-Stock-1-768x405.jpeg 768w, https:\/\/womenhouse.cz\/wp-content\/uploads\/2025\/10\/Ilustracni-foto-zdroj-Adobe-Stock-1.jpeg 1450w\" sizes=\"(max-width: 1024px) 100vw, 1024px\" \/><\/figure><\/div>\n\n\n<div style=\"height:35px\" aria-hidden=\"true\" class=\"wp-block-spacer\"><\/div>\n\n\n\n<h2 class=\"wp-block-heading\">Produktov\u00fd tip:<\/h2>\n\n\n\n<div style=\"height:35px\" aria-hidden=\"true\" class=\"wp-block-spacer\"><\/div>\n\n\n\n<h2 class=\"wp-block-heading\">P\u00e9\u010de za ka\u017ed\u00e9ho po\u010das\u00ed!<\/h2>\n\n\n\n<div style=\"height:35px\" aria-hidden=\"true\" class=\"wp-block-spacer\"><\/div>\n\n\n\n<p class=\"has-medium-font-size\">Ple\u0165 b\u011bhem roku \u010del\u00ed cel\u00e9 \u0159ad\u011b v\u00fdzev \u2013 od letn\u00edho slunce a vysok\u00fdch teplot a\u017e po zimn\u00ed mr\u00e1z a such\u00fd vzduch. Proto je d\u016fle\u017eit\u00e9 zvolit p\u00e9\u010di, kter\u00e1 nejen hydratuje a chr\u00e1n\u00ed, ale z\u00e1rove\u0148 podporuje p\u0159irozenou obnovu a zpomaluje vznik viditeln\u00fdch vr\u00e1sek. <a href=\"https:\/\/www.revalid.cz\/produkty\/pletova-pece\"><u>\u0158ada Revalid Extra-Firming<\/u><\/a> byla vyvinuta tak, aby pos\u00edlila pru\u017enost a pevnost pleti a p\u0159isp\u011bla k jej\u00edmu mladistv\u00e9mu vzhledu v ka\u017ed\u00e9m obdob\u00ed. <\/p>\n\n\n\n<p class=\"has-medium-font-size\">Kombinuje biotechnologick\u00e9 peptidy pro podporu kolagenu, kyselinu hyaluronovou pro intenzivn\u00ed hydrataci a antioxidanty z rostlin a vitamin\u016f, kter\u00e9 chr\u00e1n\u00ed p\u0159ed voln\u00fdmi radik\u00e1ly a p\u0159ed\u010dasn\u00fdm st\u00e1rnut\u00edm. D\u00edky t\u00e9to kombinaci ple\u0165 z\u00edsk\u00e1v\u00e1 viditeln\u011b hlad\u0161\u00ed strukturu, lep\u0161\u00ed hydrataci a sv\u011b\u017e\u00ed jas. Spolehn\u011bte se na osv\u011bd\u010denou p\u00e9\u010di, d\u00edky kter\u00e9 v\u00e1s \u017e\u00e1dn\u00e9 po\u010das\u00ed nep\u0159ekvap\u00ed!<\/p>\n\n\n\n<div style=\"height:100px\" aria-hidden=\"true\" class=\"wp-block-spacer\"><\/div>\n\n\n\n<figure class=\"wp-block-gallery has-nested-images columns-2 is-cropped wp-block-gallery-1 is-layout-flex wp-block-gallery-is-layout-flex\">\n<figure class=\"wp-block-image size-large\"><img loading=\"lazy\" decoding=\"async\" width=\"1024\" height=\"540\" data-id=\"16415\" src=\"https:\/\/womenhouse.cz\/wp-content\/uploads\/2025\/10\/Ilustracni-foto-zdroj-Adobe-Stock-1-1024x540.jpeg\" alt=\"Stejn\u00e1 kosmetika po cel\u00fd rok? V l\u00e9t\u011b i v zim\u011b se pot\u0159eby pleti m\u011bn\u00ed\" class=\"wp-image-16415\" srcset=\"https:\/\/womenhouse.cz\/wp-content\/uploads\/2025\/10\/Ilustracni-foto-zdroj-Adobe-Stock-1-1024x540.jpeg 1024w, https:\/\/womenhouse.cz\/wp-content\/uploads\/2025\/10\/Ilustracni-foto-zdroj-Adobe-Stock-1-300x158.jpeg 300w, https:\/\/womenhouse.cz\/wp-content\/uploads\/2025\/10\/Ilustracni-foto-zdroj-Adobe-Stock-1-768x405.jpeg 768w, https:\/\/womenhouse.cz\/wp-content\/uploads\/2025\/10\/Ilustracni-foto-zdroj-Adobe-Stock-1.jpeg 1450w\" sizes=\"(max-width: 1024px) 100vw, 1024px\" \/><\/figure>\n\n\n\n<figure class=\"wp-block-image size-large\"><img loading=\"lazy\" decoding=\"async\" width=\"1024\" height=\"683\" data-id=\"16422\" src=\"https:\/\/womenhouse.cz\/wp-content\/uploads\/2025\/10\/Ilustracni-foto-zdroj-Adobe-Stock-1024x683.jpeg\" alt=\"Stejn\u00e1 kosmetika po cel\u00fd rok? V l\u00e9t\u011b i v zim\u011b se pot\u0159eby pleti m\u011bn\u00ed\" class=\"wp-image-16422\" srcset=\"https:\/\/womenhouse.cz\/wp-content\/uploads\/2025\/10\/Ilustracni-foto-zdroj-Adobe-Stock-1024x683.jpeg 1024w, https:\/\/womenhouse.cz\/wp-content\/uploads\/2025\/10\/Ilustracni-foto-zdroj-Adobe-Stock-300x200.jpeg 300w, https:\/\/womenhouse.cz\/wp-content\/uploads\/2025\/10\/Ilustracni-foto-zdroj-Adobe-Stock-768x512.jpeg 768w, https:\/\/womenhouse.cz\/wp-content\/uploads\/2025\/10\/Ilustracni-foto-zdroj-Adobe-Stock.jpeg 1450w\" sizes=\"(max-width: 1024px) 100vw, 1024px\" \/><\/figure>\n\n\n\n<figure class=\"wp-block-image size-large\"><img loading=\"lazy\" decoding=\"async\" width=\"1024\" height=\"683\" data-id=\"16423\" src=\"https:\/\/womenhouse.cz\/wp-content\/uploads\/2025\/10\/Ilustracni-foto-zdroj-Adobe-Stock1-1-1024x683.jpeg\" alt=\"Stejn\u00e1 kosmetika po cel\u00fd rok? V l\u00e9t\u011b i v zim\u011b se pot\u0159eby pleti m\u011bn\u00ed\" class=\"wp-image-16423\" srcset=\"https:\/\/womenhouse.cz\/wp-content\/uploads\/2025\/10\/Ilustracni-foto-zdroj-Adobe-Stock1-1-1024x683.jpeg 1024w, https:\/\/womenhouse.cz\/wp-content\/uploads\/2025\/10\/Ilustracni-foto-zdroj-Adobe-Stock1-1-300x200.jpeg 300w, https:\/\/womenhouse.cz\/wp-content\/uploads\/2025\/10\/Ilustracni-foto-zdroj-Adobe-Stock1-1-768x512.jpeg 768w, https:\/\/womenhouse.cz\/wp-content\/uploads\/2025\/10\/Ilustracni-foto-zdroj-Adobe-Stock1-1.jpeg 1450w\" sizes=\"(max-width: 1024px) 100vw, 1024px\" \/><\/figure>\n\n\n\n<figure class=\"wp-block-image size-large\"><img loading=\"lazy\" decoding=\"async\" width=\"1024\" height=\"683\" data-id=\"16416\" src=\"https:\/\/womenhouse.cz\/wp-content\/uploads\/2025\/10\/Ilustracni-foto-zdroj-Adobe-Stock1-1024x683.jpeg\" alt=\"Stejn\u00e1 kosmetika po cel\u00fd rok? V l\u00e9t\u011b i v zim\u011b se pot\u0159eby pleti m\u011bn\u00ed\" class=\"wp-image-16416\" srcset=\"https:\/\/womenhouse.cz\/wp-content\/uploads\/2025\/10\/Ilustracni-foto-zdroj-Adobe-Stock1-1024x683.jpeg 1024w, https:\/\/womenhouse.cz\/wp-content\/uploads\/2025\/10\/Ilustracni-foto-zdroj-Adobe-Stock1-300x200.jpeg 300w, https:\/\/womenhouse.cz\/wp-content\/uploads\/2025\/10\/Ilustracni-foto-zdroj-Adobe-Stock1-768x512.jpeg 768w, https:\/\/womenhouse.cz\/wp-content\/uploads\/2025\/10\/Ilustracni-foto-zdroj-Adobe-Stock1.jpeg 1450w\" sizes=\"(max-width: 1024px) 100vw, 1024px\" \/><\/figure>\n\n\n\n<figure class=\"wp-block-image size-large\"><img loading=\"lazy\" decoding=\"async\" width=\"682\" height=\"1024\" data-id=\"16421\" src=\"https:\/\/womenhouse.cz\/wp-content\/uploads\/2025\/10\/Revalid-Skin-Care-ilustracni-foto-682x1024.jpg\" alt=\"Stejn\u00e1 kosmetika po cel\u00fd rok? V l\u00e9t\u011b i v zim\u011b se pot\u0159eby pleti m\u011bn\u00ed\" class=\"wp-image-16421\" srcset=\"https:\/\/womenhouse.cz\/wp-content\/uploads\/2025\/10\/Revalid-Skin-Care-ilustracni-foto-682x1024.jpg 682w, https:\/\/womenhouse.cz\/wp-content\/uploads\/2025\/10\/Revalid-Skin-Care-ilustracni-foto-200x300.jpg 200w, https:\/\/womenhouse.cz\/wp-content\/uploads\/2025\/10\/Revalid-Skin-Care-ilustracni-foto.jpg 733w\" sizes=\"(max-width: 682px) 100vw, 682px\" \/><\/figure>\n\n\n\n<figure class=\"wp-block-image size-large\"><img loading=\"lazy\" decoding=\"async\" width=\"1024\" height=\"684\" data-id=\"16417\" src=\"https:\/\/womenhouse.cz\/wp-content\/uploads\/2025\/10\/Revalid-Skin-Care-ilustracni-foto01-1024x684.jpg\" alt=\"Stejn\u00e1 kosmetika po cel\u00fd rok? V l\u00e9t\u011b i v zim\u011b se pot\u0159eby pleti m\u011bn\u00ed\" class=\"wp-image-16417\" srcset=\"https:\/\/womenhouse.cz\/wp-content\/uploads\/2025\/10\/Revalid-Skin-Care-ilustracni-foto01-1024x684.jpg 1024w, https:\/\/womenhouse.cz\/wp-content\/uploads\/2025\/10\/Revalid-Skin-Care-ilustracni-foto01-300x200.jpg 300w, https:\/\/womenhouse.cz\/wp-content\/uploads\/2025\/10\/Revalid-Skin-Care-ilustracni-foto01-768x513.jpg 768w, https:\/\/womenhouse.cz\/wp-content\/uploads\/2025\/10\/Revalid-Skin-Care-ilustracni-foto01.jpg 1450w\" sizes=\"(max-width: 1024px) 100vw, 1024px\" \/><\/figure>\n\n\n\n<figure class=\"wp-block-image size-large\"><img loading=\"lazy\" decoding=\"async\" width=\"1024\" height=\"684\" data-id=\"16418\" src=\"https:\/\/womenhouse.cz\/wp-content\/uploads\/2025\/10\/Revalid-Skin-Care-ilustracni-foto18-1024x684.jpg\" alt=\"Stejn\u00e1 kosmetika po cel\u00fd rok? V l\u00e9t\u011b i v zim\u011b se pot\u0159eby pleti m\u011bn\u00ed\" class=\"wp-image-16418\" srcset=\"https:\/\/womenhouse.cz\/wp-content\/uploads\/2025\/10\/Revalid-Skin-Care-ilustracni-foto18-1024x684.jpg 1024w, https:\/\/womenhouse.cz\/wp-content\/uploads\/2025\/10\/Revalid-Skin-Care-ilustracni-foto18-300x200.jpg 300w, https:\/\/womenhouse.cz\/wp-content\/uploads\/2025\/10\/Revalid-Skin-Care-ilustracni-foto18-768x513.jpg 768w, https:\/\/womenhouse.cz\/wp-content\/uploads\/2025\/10\/Revalid-Skin-Care-ilustracni-foto18.jpg 1450w\" sizes=\"(max-width: 1024px) 100vw, 1024px\" \/><\/figure>\n\n\n\n<figure class=\"wp-block-image size-large\"><img loading=\"lazy\" decoding=\"async\" width=\"1024\" height=\"684\" data-id=\"16420\" src=\"https:\/\/womenhouse.cz\/wp-content\/uploads\/2025\/10\/Revalid-Skin-Care-ilustracni-foto12-1024x684.jpg\" alt=\"Stejn\u00e1 kosmetika po cel\u00fd rok? V l\u00e9t\u011b i v zim\u011b se pot\u0159eby pleti m\u011bn\u00ed\" class=\"wp-image-16420\" srcset=\"https:\/\/womenhouse.cz\/wp-content\/uploads\/2025\/10\/Revalid-Skin-Care-ilustracni-foto12-1024x684.jpg 1024w, https:\/\/womenhouse.cz\/wp-content\/uploads\/2025\/10\/Revalid-Skin-Care-ilustracni-foto12-300x200.jpg 300w, https:\/\/womenhouse.cz\/wp-content\/uploads\/2025\/10\/Revalid-Skin-Care-ilustracni-foto12-768x513.jpg 768w, https:\/\/womenhouse.cz\/wp-content\/uploads\/2025\/10\/Revalid-Skin-Care-ilustracni-foto12.jpg 1450w\" sizes=\"(max-width: 1024px) 100vw, 1024px\" \/><\/figure>\n\n\n\n<figure class=\"wp-block-image size-large\"><img loading=\"lazy\" decoding=\"async\" width=\"1024\" height=\"739\" data-id=\"16419\" src=\"https:\/\/womenhouse.cz\/wp-content\/uploads\/2025\/10\/Revalid-Skin-Care-ilustracni-foto08-1024x739.jpg\" alt=\"Stejn\u00e1 kosmetika po cel\u00fd rok? V l\u00e9t\u011b i v zim\u011b se pot\u0159eby pleti m\u011bn\u00ed\" class=\"wp-image-16419\" srcset=\"https:\/\/womenhouse.cz\/wp-content\/uploads\/2025\/10\/Revalid-Skin-Care-ilustracni-foto08-1024x739.jpg 1024w, https:\/\/womenhouse.cz\/wp-content\/uploads\/2025\/10\/Revalid-Skin-Care-ilustracni-foto08-300x216.jpg 300w, https:\/\/womenhouse.cz\/wp-content\/uploads\/2025\/10\/Revalid-Skin-Care-ilustracni-foto08-768x554.jpg 768w, https:\/\/womenhouse.cz\/wp-content\/uploads\/2025\/10\/Revalid-Skin-Care-ilustracni-foto08.jpg 1450w\" sizes=\"(max-width: 1024px) 100vw, 1024px\" \/><\/figure>\n<\/figure>\n\n\n\n<div style=\"height:35px\" aria-hidden=\"true\" class=\"wp-block-spacer\"><\/div>\n\n\n\n<p class=\"has-medium-font-size\"><strong>Zdroj foto:<\/strong>\u00a0<a href=\"https:\/\/www.revalid.cz\/\"><u>REVALID<\/u><\/a><\/p>\n\n\n\n<div style=\"height:65px\" aria-hidden=\"true\" class=\"wp-block-spacer\"><\/div>\n\n\n\n<div style=\"height:65px\" aria-hidden=\"true\" class=\"wp-block-spacer\"><\/div>\n","protected":false},"excerpt":{"rendered":"<p>St\u0159\u00edd\u00e1n\u00ed ro\u010dn\u00edch obdob\u00ed, prom\u011bnliv\u00e9 po\u010das\u00ed, kol\u00edsav\u00e9 teploty. Vlivy, kter\u00e9 b\u011bhem cel\u00e9ho roku zna\u010dn\u011b rozhoduj\u00ed o stavu a kvalit\u011b va\u0161\u00ed pleti. Pou\u017e\u00edvat tak jeden univerz\u00e1ln\u00ed p\u0159\u00edpravek na ka\u017ed\u00fd den nesta\u010d\u00ed! V\u00a0l\u00e9t\u011b je poko\u017eka vystaven\u00e1 siln\u00e9mu slune\u010dn\u00edmu z\u00e1\u0159en\u00ed a pot\u0159ebuje kvalitn\u00ed ochranu. V\u00a0zim\u011b naopak \u010del\u00ed teplotn\u00edm \u0161ok\u016fm a such\u00e9mu mraziv\u00e9mu v\u011btru, proto se neobejde bez vy\u017eivuj\u00edc\u00ed a [&hellip;]<\/p>\n","protected":false},"author":11,"featured_media":16416,"comment_status":"closed","ping_status":"closed","sticky":true,"template":"","format":"standard","meta":{"_mi_skip_tracking":false,"_monsterinsights_sitenote_active":false,"_monsterinsights_sitenote_note":"","_monsterinsights_sitenote_category":0,"footnotes":""},"categories":[9,2,12,10],"tags":[],"yoast_head":"<!-- This site is optimized with the Yoast SEO plugin v21.5 - https:\/\/yoast.com\/wordpress\/plugins\/seo\/ -->\n<title>Stejn\u00e1 kosmetika po cel\u00fd rok? V l\u00e9t\u011b i v zim\u011b se pot\u0159eby pleti m\u011bn\u00ed - WOMENHOUSE.cz<\/title>\n<meta name=\"description\" content=\"St\u0159\u00edd\u00e1n\u00ed ro\u010dn\u00edch obdob\u00ed, prom\u011bnliv\u00e9 po\u010das\u00ed, kol\u00edsav\u00e9 teploty. Vlivy, kter\u00e9 b\u011bhem cel\u00e9ho roku zna\u010dn\u011b rozhoduj\u00ed o stavu a kvalit\u011b va\u0161\u00ed pleti.\" \/>\n<meta name=\"robots\" content=\"index, follow, max-snippet:-1, max-image-preview:large, max-video-preview:-1\" \/>\n<link rel=\"canonical\" href=\"https:\/\/womenhouse.cz\/index.php\/2026\/01\/22\/stejna-kosmetika-po-cely-rok-v-lete-i-v-zime-se-potreby-pleti-meni\/\" \/>\n<meta property=\"og:locale\" content=\"cs_CZ\" \/>\n<meta property=\"og:type\" content=\"article\" \/>\n<meta property=\"og:title\" content=\"Stejn\u00e1 kosmetika po cel\u00fd rok? V l\u00e9t\u011b i v zim\u011b se pot\u0159eby pleti m\u011bn\u00ed - WOMENHOUSE.cz\" \/>\n<meta property=\"og:description\" content=\"St\u0159\u00edd\u00e1n\u00ed ro\u010dn\u00edch obdob\u00ed, prom\u011bnliv\u00e9 po\u010das\u00ed, kol\u00edsav\u00e9 teploty. Vlivy, kter\u00e9 b\u011bhem cel\u00e9ho roku zna\u010dn\u011b rozhoduj\u00ed o stavu a kvalit\u011b va\u0161\u00ed pleti.\" \/>\n<meta property=\"og:url\" content=\"https:\/\/womenhouse.cz\/index.php\/2026\/01\/22\/stejna-kosmetika-po-cely-rok-v-lete-i-v-zime-se-potreby-pleti-meni\/\" \/>\n<meta property=\"og:site_name\" content=\"WOMENHOUSE.cz\" \/>\n<meta property=\"article:publisher\" content=\"https:\/\/www.facebook.com\/womenhousecz\" \/>\n<meta property=\"article:published_time\" content=\"2026-01-21T23:01:00+00:00\" \/>\n<meta property=\"article:modified_time\" content=\"2026-01-02T11:31:02+00:00\" \/>\n<meta property=\"og:image\" content=\"https:\/\/womenhouse.cz\/wp-content\/uploads\/2025\/10\/Ilustracni-foto-zdroj-Adobe-Stock1.jpeg\" \/>\n\t<meta property=\"og:image:width\" content=\"1450\" \/>\n\t<meta property=\"og:image:height\" content=\"967\" \/>\n\t<meta property=\"og:image:type\" content=\"image\/jpeg\" \/>\n<meta name=\"author\" content=\"Helen Guardian\" \/>\n<meta name=\"twitter:card\" content=\"summary_large_image\" \/>\n<meta name=\"twitter:label1\" content=\"Napsal(a)\" \/>\n\t<meta name=\"twitter:data1\" content=\"Helen Guardian\" \/>\n\t<meta name=\"twitter:label2\" content=\"Odhadovan\u00e1 doba \u010dten\u00ed\" \/>\n\t<meta name=\"twitter:data2\" content=\"8 minut\" \/>\n<script type=\"application\/ld+json\" class=\"yoast-schema-graph\">{\"@context\":\"https:\/\/schema.org\",\"@graph\":[{\"@type\":\"Article\",\"@id\":\"https:\/\/womenhouse.cz\/index.php\/2026\/01\/22\/stejna-kosmetika-po-cely-rok-v-lete-i-v-zime-se-potreby-pleti-meni\/#article\",\"isPartOf\":{\"@id\":\"https:\/\/womenhouse.cz\/index.php\/2026\/01\/22\/stejna-kosmetika-po-cely-rok-v-lete-i-v-zime-se-potreby-pleti-meni\/\"},\"author\":{\"name\":\"Helen Guardian\",\"@id\":\"https:\/\/womenhouse.cz\/#\/schema\/person\/18326d1373d86e3cd83d1a97f46796d2\"},\"headline\":\"Stejn\u00e1 kosmetika po cel\u00fd rok? V l\u00e9t\u011b i v zim\u011b se pot\u0159eby pleti m\u011bn\u00ed\",\"datePublished\":\"2026-01-21T23:01:00+00:00\",\"dateModified\":\"2026-01-02T11:31:02+00:00\",\"mainEntityOfPage\":{\"@id\":\"https:\/\/womenhouse.cz\/index.php\/2026\/01\/22\/stejna-kosmetika-po-cely-rok-v-lete-i-v-zime-se-potreby-pleti-meni\/\"},\"wordCount\":1358,\"publisher\":{\"@id\":\"https:\/\/womenhouse.cz\/#organization\"},\"articleSection\":[\"KOSMETIKA\",\"NEWS\",\"TIPY &amp; TRENDY\",\"ZDRAV\u00cd\"],\"inLanguage\":\"cs\"},{\"@type\":\"WebPage\",\"@id\":\"https:\/\/womenhouse.cz\/index.php\/2026\/01\/22\/stejna-kosmetika-po-cely-rok-v-lete-i-v-zime-se-potreby-pleti-meni\/\",\"url\":\"https:\/\/womenhouse.cz\/index.php\/2026\/01\/22\/stejna-kosmetika-po-cely-rok-v-lete-i-v-zime-se-potreby-pleti-meni\/\",\"name\":\"Stejn\u00e1 kosmetika po cel\u00fd rok? V l\u00e9t\u011b i v zim\u011b se pot\u0159eby pleti m\u011bn\u00ed - WOMENHOUSE.cz\",\"isPartOf\":{\"@id\":\"https:\/\/womenhouse.cz\/#website\"},\"datePublished\":\"2026-01-21T23:01:00+00:00\",\"dateModified\":\"2026-01-02T11:31:02+00:00\",\"description\":\"St\u0159\u00edd\u00e1n\u00ed ro\u010dn\u00edch obdob\u00ed, prom\u011bnliv\u00e9 po\u010das\u00ed, kol\u00edsav\u00e9 teploty. Vlivy, kter\u00e9 b\u011bhem cel\u00e9ho roku zna\u010dn\u011b rozhoduj\u00ed o stavu a kvalit\u011b va\u0161\u00ed pleti.\",\"breadcrumb\":{\"@id\":\"https:\/\/womenhouse.cz\/index.php\/2026\/01\/22\/stejna-kosmetika-po-cely-rok-v-lete-i-v-zime-se-potreby-pleti-meni\/#breadcrumb\"},\"inLanguage\":\"cs\",\"potentialAction\":[{\"@type\":\"ReadAction\",\"target\":[\"https:\/\/womenhouse.cz\/index.php\/2026\/01\/22\/stejna-kosmetika-po-cely-rok-v-lete-i-v-zime-se-potreby-pleti-meni\/\"]}]},{\"@type\":\"BreadcrumbList\",\"@id\":\"https:\/\/womenhouse.cz\/index.php\/2026\/01\/22\/stejna-kosmetika-po-cely-rok-v-lete-i-v-zime-se-potreby-pleti-meni\/#breadcrumb\",\"itemListElement\":[{\"@type\":\"ListItem\",\"position\":1,\"name\":\"Dom\u016f\",\"item\":\"https:\/\/womenhouse.cz\/\"},{\"@type\":\"ListItem\",\"position\":2,\"name\":\"Stejn\u00e1 kosmetika po cel\u00fd rok? V l\u00e9t\u011b i v zim\u011b se pot\u0159eby pleti m\u011bn\u00ed\"}]},{\"@type\":\"WebSite\",\"@id\":\"https:\/\/womenhouse.cz\/#website\",\"url\":\"https:\/\/womenhouse.cz\/\",\"name\":\"WOMENHOUSE.cz\",\"description\":\"Port\u00e1l v\u00fdhradn\u011b jen pro \u017eeny...\",\"publisher\":{\"@id\":\"https:\/\/womenhouse.cz\/#organization\"},\"potentialAction\":[{\"@type\":\"SearchAction\",\"target\":{\"@type\":\"EntryPoint\",\"urlTemplate\":\"https:\/\/womenhouse.cz\/?s={search_term_string}\"},\"query-input\":\"required name=search_term_string\"}],\"inLanguage\":\"cs\"},{\"@type\":\"Organization\",\"@id\":\"https:\/\/womenhouse.cz\/#organization\",\"name\":\"WOMENHOUSE.cz\",\"url\":\"https:\/\/womenhouse.cz\/\",\"logo\":{\"@type\":\"ImageObject\",\"inLanguage\":\"cs\",\"@id\":\"https:\/\/womenhouse.cz\/#\/schema\/logo\/image\/\",\"url\":\"https:\/\/womenhouse.cz\/wp-content\/uploads\/2020\/06\/cropped-logo_Womenhouse_RGB-02-removebg-preview-1.png\",\"contentUrl\":\"https:\/\/womenhouse.cz\/wp-content\/uploads\/2020\/06\/cropped-logo_Womenhouse_RGB-02-removebg-preview-1.png\",\"width\":561,\"height\":375,\"caption\":\"WOMENHOUSE.cz\"},\"image\":{\"@id\":\"https:\/\/womenhouse.cz\/#\/schema\/logo\/image\/\"},\"sameAs\":[\"https:\/\/www.facebook.com\/womenhousecz\",\"https:\/\/www.instagram.com\/womenhousecz\/\"]},{\"@type\":\"Person\",\"@id\":\"https:\/\/womenhouse.cz\/#\/schema\/person\/18326d1373d86e3cd83d1a97f46796d2\",\"name\":\"Helen Guardian\",\"sameAs\":[\"http:\/\/WOMENHOUSE.cz\"],\"url\":\"https:\/\/womenhouse.cz\/index.php\/author\/helgu\/\"}]}<\/script>\n<!-- \/ Yoast SEO plugin. -->","yoast_head_json":{"title":"Stejn\u00e1 kosmetika po cel\u00fd rok? V l\u00e9t\u011b i v zim\u011b se pot\u0159eby pleti m\u011bn\u00ed - WOMENHOUSE.cz","description":"St\u0159\u00edd\u00e1n\u00ed ro\u010dn\u00edch obdob\u00ed, prom\u011bnliv\u00e9 po\u010das\u00ed, kol\u00edsav\u00e9 teploty. Vlivy, kter\u00e9 b\u011bhem cel\u00e9ho roku zna\u010dn\u011b rozhoduj\u00ed o stavu a kvalit\u011b va\u0161\u00ed pleti.","robots":{"index":"index","follow":"follow","max-snippet":"max-snippet:-1","max-image-preview":"max-image-preview:large","max-video-preview":"max-video-preview:-1"},"canonical":"https:\/\/womenhouse.cz\/index.php\/2026\/01\/22\/stejna-kosmetika-po-cely-rok-v-lete-i-v-zime-se-potreby-pleti-meni\/","og_locale":"cs_CZ","og_type":"article","og_title":"Stejn\u00e1 kosmetika po cel\u00fd rok? V l\u00e9t\u011b i v zim\u011b se pot\u0159eby pleti m\u011bn\u00ed - WOMENHOUSE.cz","og_description":"St\u0159\u00edd\u00e1n\u00ed ro\u010dn\u00edch obdob\u00ed, prom\u011bnliv\u00e9 po\u010das\u00ed, kol\u00edsav\u00e9 teploty. Vlivy, kter\u00e9 b\u011bhem cel\u00e9ho roku zna\u010dn\u011b rozhoduj\u00ed o stavu a kvalit\u011b va\u0161\u00ed pleti.","og_url":"https:\/\/womenhouse.cz\/index.php\/2026\/01\/22\/stejna-kosmetika-po-cely-rok-v-lete-i-v-zime-se-potreby-pleti-meni\/","og_site_name":"WOMENHOUSE.cz","article_publisher":"https:\/\/www.facebook.com\/womenhousecz","article_published_time":"2026-01-21T23:01:00+00:00","article_modified_time":"2026-01-02T11:31:02+00:00","og_image":[{"width":1450,"height":967,"url":"https:\/\/womenhouse.cz\/wp-content\/uploads\/2025\/10\/Ilustracni-foto-zdroj-Adobe-Stock1.jpeg","type":"image\/jpeg"}],"author":"Helen Guardian","twitter_card":"summary_large_image","twitter_misc":{"Napsal(a)":"Helen Guardian","Odhadovan\u00e1 doba \u010dten\u00ed":"8 minut"},"schema":{"@context":"https:\/\/schema.org","@graph":[{"@type":"Article","@id":"https:\/\/womenhouse.cz\/index.php\/2026\/01\/22\/stejna-kosmetika-po-cely-rok-v-lete-i-v-zime-se-potreby-pleti-meni\/#article","isPartOf":{"@id":"https:\/\/womenhouse.cz\/index.php\/2026\/01\/22\/stejna-kosmetika-po-cely-rok-v-lete-i-v-zime-se-potreby-pleti-meni\/"},"author":{"name":"Helen Guardian","@id":"https:\/\/womenhouse.cz\/#\/schema\/person\/18326d1373d86e3cd83d1a97f46796d2"},"headline":"Stejn\u00e1 kosmetika po cel\u00fd rok? V l\u00e9t\u011b i v zim\u011b se pot\u0159eby pleti m\u011bn\u00ed","datePublished":"2026-01-21T23:01:00+00:00","dateModified":"2026-01-02T11:31:02+00:00","mainEntityOfPage":{"@id":"https:\/\/womenhouse.cz\/index.php\/2026\/01\/22\/stejna-kosmetika-po-cely-rok-v-lete-i-v-zime-se-potreby-pleti-meni\/"},"wordCount":1358,"publisher":{"@id":"https:\/\/womenhouse.cz\/#organization"},"articleSection":["KOSMETIKA","NEWS","TIPY &amp; TRENDY","ZDRAV\u00cd"],"inLanguage":"cs"},{"@type":"WebPage","@id":"https:\/\/womenhouse.cz\/index.php\/2026\/01\/22\/stejna-kosmetika-po-cely-rok-v-lete-i-v-zime-se-potreby-pleti-meni\/","url":"https:\/\/womenhouse.cz\/index.php\/2026\/01\/22\/stejna-kosmetika-po-cely-rok-v-lete-i-v-zime-se-potreby-pleti-meni\/","name":"Stejn\u00e1 kosmetika po cel\u00fd rok? V l\u00e9t\u011b i v zim\u011b se pot\u0159eby pleti m\u011bn\u00ed - WOMENHOUSE.cz","isPartOf":{"@id":"https:\/\/womenhouse.cz\/#website"},"datePublished":"2026-01-21T23:01:00+00:00","dateModified":"2026-01-02T11:31:02+00:00","description":"St\u0159\u00edd\u00e1n\u00ed ro\u010dn\u00edch obdob\u00ed, prom\u011bnliv\u00e9 po\u010das\u00ed, kol\u00edsav\u00e9 teploty. Vlivy, kter\u00e9 b\u011bhem cel\u00e9ho roku zna\u010dn\u011b rozhoduj\u00ed o stavu a kvalit\u011b va\u0161\u00ed pleti.","breadcrumb":{"@id":"https:\/\/womenhouse.cz\/index.php\/2026\/01\/22\/stejna-kosmetika-po-cely-rok-v-lete-i-v-zime-se-potreby-pleti-meni\/#breadcrumb"},"inLanguage":"cs","potentialAction":[{"@type":"ReadAction","target":["https:\/\/womenhouse.cz\/index.php\/2026\/01\/22\/stejna-kosmetika-po-cely-rok-v-lete-i-v-zime-se-potreby-pleti-meni\/"]}]},{"@type":"BreadcrumbList","@id":"https:\/\/womenhouse.cz\/index.php\/2026\/01\/22\/stejna-kosmetika-po-cely-rok-v-lete-i-v-zime-se-potreby-pleti-meni\/#breadcrumb","itemListElement":[{"@type":"ListItem","position":1,"name":"Dom\u016f","item":"https:\/\/womenhouse.cz\/"},{"@type":"ListItem","position":2,"name":"Stejn\u00e1 kosmetika po cel\u00fd rok? V l\u00e9t\u011b i v zim\u011b se pot\u0159eby pleti m\u011bn\u00ed"}]},{"@type":"WebSite","@id":"https:\/\/womenhouse.cz\/#website","url":"https:\/\/womenhouse.cz\/","name":"WOMENHOUSE.cz","description":"Port\u00e1l v\u00fdhradn\u011b jen pro \u017eeny...","publisher":{"@id":"https:\/\/womenhouse.cz\/#organization"},"potentialAction":[{"@type":"SearchAction","target":{"@type":"EntryPoint","urlTemplate":"https:\/\/womenhouse.cz\/?s={search_term_string}"},"query-input":"required name=search_term_string"}],"inLanguage":"cs"},{"@type":"Organization","@id":"https:\/\/womenhouse.cz\/#organization","name":"WOMENHOUSE.cz","url":"https:\/\/womenhouse.cz\/","logo":{"@type":"ImageObject","inLanguage":"cs","@id":"https:\/\/womenhouse.cz\/#\/schema\/logo\/image\/","url":"https:\/\/womenhouse.cz\/wp-content\/uploads\/2020\/06\/cropped-logo_Womenhouse_RGB-02-removebg-preview-1.png","contentUrl":"https:\/\/womenhouse.cz\/wp-content\/uploads\/2020\/06\/cropped-logo_Womenhouse_RGB-02-removebg-preview-1.png","width":561,"height":375,"caption":"WOMENHOUSE.cz"},"image":{"@id":"https:\/\/womenhouse.cz\/#\/schema\/logo\/image\/"},"sameAs":["https:\/\/www.facebook.com\/womenhousecz","https:\/\/www.instagram.com\/womenhousecz\/"]},{"@type":"Person","@id":"https:\/\/womenhouse.cz\/#\/schema\/person\/18326d1373d86e3cd83d1a97f46796d2","name":"Helen Guardian","sameAs":["http:\/\/WOMENHOUSE.cz"],"url":"https:\/\/womenhouse.cz\/index.php\/author\/helgu\/"}]}},"_links":{"self":[{"href":"https:\/\/womenhouse.cz\/index.php\/wp-json\/wp\/v2\/posts\/16413"}],"collection":[{"href":"https:\/\/womenhouse.cz\/index.php\/wp-json\/wp\/v2\/posts"}],"about":[{"href":"https:\/\/womenhouse.cz\/index.php\/wp-json\/wp\/v2\/types\/post"}],"author":[{"embeddable":true,"href":"https:\/\/womenhouse.cz\/index.php\/wp-json\/wp\/v2\/users\/11"}],"replies":[{"embeddable":true,"href":"https:\/\/womenhouse.cz\/index.php\/wp-json\/wp\/v2\/comments?post=16413"}],"version-history":[{"count":-1,"href":"https:\/\/womenhouse.cz\/index.php\/wp-json\/wp\/v2\/posts\/16413\/revisions"}],"wp:featuredmedia":[{"embeddable":true,"href":"https:\/\/womenhouse.cz\/index.php\/wp-json\/wp\/v2\/media\/16416"}],"wp:attachment":[{"href":"https:\/\/womenhouse.cz\/index.php\/wp-json\/wp\/v2\/media?parent=16413"}],"wp:term":[{"taxonomy":"category","embeddable":true,"href":"https:\/\/womenhouse.cz\/index.php\/wp-json\/wp\/v2\/categories?post=16413"},{"taxonomy":"post_tag","embeddable":true,"href":"https:\/\/womenhouse.cz\/index.php\/wp-json\/wp\/v2\/tags?post=16413"}],"curies":[{"name":"wp","href":"https:\/\/api.w.org\/{rel}","templated":true}]}}