{"id":16383,"date":"2026-01-09T00:01:00","date_gmt":"2026-01-08T23:01:00","guid":{"rendered":"https:\/\/womenhouse.cz\/?p=16383"},"modified":"2026-04-07T02:34:57","modified_gmt":"2026-04-07T00:34:57","slug":"fostra-elementary-zapisy-do-prvnich-trid-nove-uz-od-15-ledna","status":"publish","type":"post","link":"https:\/\/womenhouse.cz\/index.php\/2026\/01\/09\/fostra-elementary-zapisy-do-prvnich-trid-nove-uz-od-15-ledna\/","title":{"rendered":"Fostra Elementary: Z\u00e1pisy do prvn\u00edch t\u0159\u00edd nov\u011b u\u017e od 15. ledna"},"content":{"rendered":"\n<div style=\"height:45px\" aria-hidden=\"true\" class=\"wp-block-spacer\"><\/div>\n\n\n\n<p class=\"has-medium-font-size\"><strong>Od nadch\u00e1zej\u00edc\u00edho \u0161koln\u00edho roku se m\u011bn\u00ed term\u00edn z\u00e1pis\u016f do prvn\u00edch t\u0159\u00edd z\u00e1kladn\u00edch \u0161kol. Nov\u011b se z\u00e1pisy m\u00edsto na ja\u0159e konaj\u00ed u\u017e v zim\u011b, a to mezi 15. lednem a 15. \u00fanorem. Tato legislativn\u00ed zm\u011bna m\u00e1 \u0161kol\u00e1m i rodin\u00e1m poskytnout jistotu a v\u00edce \u010dasu na pl\u00e1nov\u00e1n\u00ed, stejn\u011b jako \u010das na \u0159e\u0161en\u00ed p\u0159\u00edpadn\u00fdch speci\u00e1ln\u00edch vzd\u011bl\u00e1vac\u00edch pot\u0159eb d\u011bt\u00ed.<\/strong><\/p>\n\n\n\n<div style=\"height:45px\" aria-hidden=\"true\" class=\"wp-block-spacer\"><\/div>\n\n\n<div class=\"wp-block-image\">\n<figure class=\"aligncenter size-large\"><img decoding=\"async\" src=\"https:\/\/kidshouse.cz\/wp-content\/uploads\/2025\/10\/Foto-Fostra-Elementary_2-1024x683.jpg\" alt=\"Fostra Elementary\" class=\"wp-image-7993\" \/><\/figure><\/div>\n\n\n<div style=\"height:45px\" aria-hidden=\"true\" class=\"wp-block-spacer\"><\/div>\n\n\n\n<p class=\"has-medium-font-size\">Rodi\u010de aktu\u00e1ln\u00edch p\u0159ed\u0161kol\u00e1k\u016f maj\u00ed na vyb\u00edr\u00e1n\u00ed \u0161koly m\u00e9n\u011b \u010dasu, ne\u017e bylo dosud zvykem. Z\u00e1pisy do prvn\u00edch t\u0159\u00edd se p\u0159esouvaj\u00ed z jarn\u00edho obdob\u00ed na zimu, ji\u017e v&nbsp;roce 2026 se nov\u011b uskute\u010dn\u00ed v rozmez\u00ed od 15. ledna do 15. \u00fanora. P\u0159ihl\u00e1sit d\u00edt\u011b k z\u00e1pisu bude pot\u0159eba u\u017e na za\u010d\u00e1tku roku. Rodi\u010de tak z\u00edskaj\u00ed d\u0159\u00edv\u011bj\u0161\u00ed jistotu, kter\u00e1 \u0161kola d\u00edt\u011b p\u0159ijme, a v\u00edce prostoru d\u00edt\u011b na za\u010d\u00e1tek \u0161koln\u00ed doch\u00e1zky p\u0159ipravit. V\u00edce \u010dasu tak\u00e9 bude na p\u0159\u00edpadn\u00e9 \u0159e\u0161en\u00ed odkladu.<\/p>\n\n\n\n<p class=\"has-medium-font-size\">\u201e<em>Doporu\u010duji rodi\u010d\u016fm ne\u010dekat na leden. Za\u010dn\u011bte hledat informace o \u0161kole co nejd\u0159\u00edve, ptejte se na metody v\u00fduky i na b\u011b\u017en\u00fd den budouc\u00edch prv\u0148\u00e1\u010dk\u016f. N\u011bkter\u00e9 \u0161koly v\u010detn\u011b t\u00e9 na\u0161\u00ed m\u016f\u017eete u\u017e na podzim nav\u0161t\u00edvit a prohl\u00e9dnout si prost\u0159ed\u00ed,\u201c<\/em> \u0159\u00edk\u00e1 <strong>Jan Voda<\/strong>, \u0159editel mezin\u00e1rodn\u00ed bilingvn\u00ed z\u00e1kladn\u00ed \u0161koly Fostra Elementary a dr\u017eitel titulu \u0158editel roku 2024.<\/p>\n\n\n\n<div style=\"height:45px\" aria-hidden=\"true\" class=\"wp-block-spacer\"><\/div>\n\n\n<div class=\"wp-block-image\">\n<figure class=\"aligncenter size-large\"><img decoding=\"async\" src=\"https:\/\/kidshouse.cz\/wp-content\/uploads\/2025\/10\/Foto-Fostra-Elementary_1-1024x683.jpg\" alt=\"Fostra Elementary\" class=\"wp-image-7992\" \/><\/figure><\/div>\n\n\n<div style=\"height:45px\" aria-hidden=\"true\" class=\"wp-block-spacer\"><\/div>\n\n\n\n<p class=\"has-medium-font-size\">Na zm\u011bnu term\u00ednu z\u00e1pis\u016f reaguje Fostra Elementary posunut\u00edm informa\u010dn\u00edch aktivit. \u0160kola ji\u017e b\u011bhem podzimu nab\u00edz\u00ed dny otev\u0159en\u00fdch dve\u0159\u00ed i takzvan\u00fd DEMOday, tedy setk\u00e1n\u00ed s&nbsp;\u00fakoly v&nbsp;\u010de\u0161tin\u011b i angli\u010dtin\u011b. Slou\u017e\u00ed k&nbsp;tomu, aby d\u00edt\u011b prok\u00e1zalo p\u0159edpoklady ke vzd\u011bl\u00e1v\u00e1n\u00ed podle \u0161koln\u00edho vzd\u011bl\u00e1vac\u00edho programu Fostra Elementary. Tyto p\u0159edpoklady zahrnuj\u00ed \u0161koln\u00ed zralost, jazykov\u00e9 p\u0159edpoklady pro dvojjazy\u010dn\u00e9 studium, soci\u00e1ln\u00ed zdatnost v cizojazy\u010dn\u00e9 interakci a p\u0159izp\u016fsobivost \u0161koln\u00edmu prost\u0159ed\u00ed. DEMOday pom\u00e1h\u00e1 s velkou p\u0159esnost\u00ed ur\u010dit, zda bude d\u00edt\u011b do prvn\u00ed t\u0159\u00eddy p\u0159ijato a \u017ee mu bude pr\u00e1v\u011b tato \u0161kola vyhovovat.<\/p>\n\n\n\n<p class=\"has-medium-font-size\">\u201e<em>N\u00e1stup do prvn\u00ed t\u0159\u00eddy je pro d\u00edt\u011b i rodi\u010de velk\u00fd okam\u017eik. Ve Fostra Elementary chceme, aby ho d\u011bti pro\u017eily s radost\u00ed v prost\u0159ed\u00ed, kde se budou c\u00edtit v\u00edtan\u011b, v bezpe\u010d\u00ed a s&nbsp;respektem,<\/em>\u201c uzav\u00edr\u00e1 <strong>Jan Voda<\/strong>.<\/p>\n\n\n\n<div style=\"height:45px\" aria-hidden=\"true\" class=\"wp-block-spacer\"><\/div>\n\n\n\n<figure class=\"wp-block-gallery has-nested-images columns-default is-cropped wp-block-gallery-1 is-layout-flex wp-block-gallery-is-layout-flex\">\n<figure class=\"wp-block-image size-large\"><img decoding=\"async\" data-id=\"7992\" src=\"https:\/\/kidshouse.cz\/wp-content\/uploads\/2025\/10\/Foto-Fostra-Elementary_1-1024x683.jpg\" alt=\"Fostra Elementary\" class=\"wp-image-7992\" \/><\/figure>\n\n\n\n<figure class=\"wp-block-image size-large\"><img decoding=\"async\" data-id=\"7993\" src=\"https:\/\/kidshouse.cz\/wp-content\/uploads\/2025\/10\/Foto-Fostra-Elementary_2-1024x683.jpg\" alt=\"Fostra Elementary\" class=\"wp-image-7993\" \/><\/figure>\n<\/figure>\n\n\n\n<div style=\"height:45px\" aria-hidden=\"true\" class=\"wp-block-spacer\"><\/div>\n\n\n\n<p class=\"has-medium-font-size\"><strong>Zdroj foto:<\/strong>&nbsp;Fostra Elementary<\/p>\n\n\n\n<div style=\"height:45px\" aria-hidden=\"true\" class=\"wp-block-spacer\"><\/div>\n","protected":false},"excerpt":{"rendered":"<p>Od nadch\u00e1zej\u00edc\u00edho \u0161koln\u00edho roku se m\u011bn\u00ed term\u00edn z\u00e1pis\u016f do prvn\u00edch t\u0159\u00edd z\u00e1kladn\u00edch \u0161kol. Nov\u011b se z\u00e1pisy m\u00edsto na ja\u0159e konaj\u00ed u\u017e v zim\u011b, a to mezi 15. lednem a 15. \u00fanorem. Tato legislativn\u00ed zm\u011bna m\u00e1 \u0161kol\u00e1m i rodin\u00e1m poskytnout jistotu a v\u00edce \u010dasu na pl\u00e1nov\u00e1n\u00ed, stejn\u011b jako \u010das na \u0159e\u0161en\u00ed p\u0159\u00edpadn\u00fdch speci\u00e1ln\u00edch vzd\u011bl\u00e1vac\u00edch pot\u0159eb d\u011bt\u00ed. [&hellip;]<\/p>\n","protected":false},"author":9,"featured_media":16385,"comment_status":"closed","ping_status":"closed","sticky":false,"template":"","format":"standard","meta":{"_mi_skip_tracking":false,"_monsterinsights_sitenote_active":false,"_monsterinsights_sitenote_note":"","_monsterinsights_sitenote_category":0,"footnotes":""},"categories":[18,2,17,12],"tags":[],"yoast_head":"<!-- This site is optimized with the Yoast SEO plugin v21.5 - https:\/\/yoast.com\/wordpress\/plugins\/seo\/ -->\n<title>Fostra Elementary: Z\u00e1pisy do prvn\u00edch t\u0159\u00edd nov\u011b u\u017e od 15. ledna - WOMENHOUSE.cz<\/title>\n<meta name=\"description\" content=\"Od nadch\u00e1zej\u00edc\u00edho \u0161koln\u00edho roku se m\u011bn\u00ed term\u00edn z\u00e1pis\u016f do prvn\u00edch t\u0159\u00edd z\u00e1kladn\u00edch \u0161kol, a to mezi 15. lednem a 15. \u00fanorem.\" \/>\n<meta name=\"robots\" content=\"index, follow, max-snippet:-1, max-image-preview:large, max-video-preview:-1\" \/>\n<link rel=\"canonical\" href=\"https:\/\/womenhouse.cz\/index.php\/2026\/01\/09\/fostra-elementary-zapisy-do-prvnich-trid-nove-uz-od-15-ledna\/\" \/>\n<meta property=\"og:locale\" content=\"cs_CZ\" \/>\n<meta property=\"og:type\" content=\"article\" \/>\n<meta property=\"og:title\" content=\"Fostra Elementary: Z\u00e1pisy do prvn\u00edch t\u0159\u00edd nov\u011b u\u017e od 15. ledna - WOMENHOUSE.cz\" \/>\n<meta property=\"og:description\" content=\"Od nadch\u00e1zej\u00edc\u00edho \u0161koln\u00edho roku se m\u011bn\u00ed term\u00edn z\u00e1pis\u016f do prvn\u00edch t\u0159\u00edd z\u00e1kladn\u00edch \u0161kol, a to mezi 15. lednem a 15. \u00fanorem.\" \/>\n<meta property=\"og:url\" content=\"https:\/\/womenhouse.cz\/index.php\/2026\/01\/09\/fostra-elementary-zapisy-do-prvnich-trid-nove-uz-od-15-ledna\/\" \/>\n<meta property=\"og:site_name\" content=\"WOMENHOUSE.cz\" \/>\n<meta property=\"article:publisher\" content=\"https:\/\/www.facebook.com\/womenhousecz\" \/>\n<meta property=\"article:published_time\" content=\"2026-01-08T23:01:00+00:00\" \/>\n<meta property=\"article:modified_time\" content=\"2026-04-07T00:34:57+00:00\" \/>\n<meta property=\"og:image\" content=\"https:\/\/womenhouse.cz\/wp-content\/uploads\/2025\/10\/Foto-Fostra-Elementary_2.jpg\" \/>\n\t<meta property=\"og:image:width\" content=\"1500\" \/>\n\t<meta property=\"og:image:height\" content=\"1000\" \/>\n\t<meta property=\"og:image:type\" content=\"image\/jpeg\" \/>\n<meta name=\"author\" content=\"Martina Pechov\u00e1\" \/>\n<meta name=\"twitter:card\" content=\"summary_large_image\" \/>\n<meta name=\"twitter:label1\" content=\"Napsal(a)\" \/>\n\t<meta name=\"twitter:data1\" content=\"Martina Pechov\u00e1\" \/>\n\t<meta name=\"twitter:label2\" content=\"Odhadovan\u00e1 doba \u010dten\u00ed\" \/>\n\t<meta name=\"twitter:data2\" content=\"3 minuty\" \/>\n<script type=\"application\/ld+json\" class=\"yoast-schema-graph\">{\"@context\":\"https:\/\/schema.org\",\"@graph\":[{\"@type\":\"Article\",\"@id\":\"https:\/\/womenhouse.cz\/index.php\/2026\/01\/09\/fostra-elementary-zapisy-do-prvnich-trid-nove-uz-od-15-ledna\/#article\",\"isPartOf\":{\"@id\":\"https:\/\/womenhouse.cz\/index.php\/2026\/01\/09\/fostra-elementary-zapisy-do-prvnich-trid-nove-uz-od-15-ledna\/\"},\"author\":{\"name\":\"Martina Pechov\u00e1\",\"@id\":\"https:\/\/womenhouse.cz\/#\/schema\/person\/09851c27907b92bbc8bcd7f3dfb2a802\"},\"headline\":\"Fostra Elementary: Z\u00e1pisy do prvn\u00edch t\u0159\u00edd nov\u011b u\u017e od 15. ledna\",\"datePublished\":\"2026-01-08T23:01:00+00:00\",\"dateModified\":\"2026-04-07T00:34:57+00:00\",\"mainEntityOfPage\":{\"@id\":\"https:\/\/womenhouse.cz\/index.php\/2026\/01\/09\/fostra-elementary-zapisy-do-prvnich-trid-nove-uz-od-15-ledna\/\"},\"wordCount\":455,\"publisher\":{\"@id\":\"https:\/\/womenhouse.cz\/#organization\"},\"articleSection\":[\"FOTOREPORTY\",\"NEWS\",\"SPOLE\u010cNOST &amp; VZTAHY\",\"TIPY &amp; TRENDY\"],\"inLanguage\":\"cs\"},{\"@type\":\"WebPage\",\"@id\":\"https:\/\/womenhouse.cz\/index.php\/2026\/01\/09\/fostra-elementary-zapisy-do-prvnich-trid-nove-uz-od-15-ledna\/\",\"url\":\"https:\/\/womenhouse.cz\/index.php\/2026\/01\/09\/fostra-elementary-zapisy-do-prvnich-trid-nove-uz-od-15-ledna\/\",\"name\":\"Fostra Elementary: Z\u00e1pisy do prvn\u00edch t\u0159\u00edd nov\u011b u\u017e od 15. ledna - WOMENHOUSE.cz\",\"isPartOf\":{\"@id\":\"https:\/\/womenhouse.cz\/#website\"},\"datePublished\":\"2026-01-08T23:01:00+00:00\",\"dateModified\":\"2026-04-07T00:34:57+00:00\",\"description\":\"Od nadch\u00e1zej\u00edc\u00edho \u0161koln\u00edho roku se m\u011bn\u00ed term\u00edn z\u00e1pis\u016f do prvn\u00edch t\u0159\u00edd z\u00e1kladn\u00edch \u0161kol, a to mezi 15. lednem a 15. \u00fanorem.\",\"breadcrumb\":{\"@id\":\"https:\/\/womenhouse.cz\/index.php\/2026\/01\/09\/fostra-elementary-zapisy-do-prvnich-trid-nove-uz-od-15-ledna\/#breadcrumb\"},\"inLanguage\":\"cs\",\"potentialAction\":[{\"@type\":\"ReadAction\",\"target\":[\"https:\/\/womenhouse.cz\/index.php\/2026\/01\/09\/fostra-elementary-zapisy-do-prvnich-trid-nove-uz-od-15-ledna\/\"]}]},{\"@type\":\"BreadcrumbList\",\"@id\":\"https:\/\/womenhouse.cz\/index.php\/2026\/01\/09\/fostra-elementary-zapisy-do-prvnich-trid-nove-uz-od-15-ledna\/#breadcrumb\",\"itemListElement\":[{\"@type\":\"ListItem\",\"position\":1,\"name\":\"Dom\u016f\",\"item\":\"https:\/\/womenhouse.cz\/\"},{\"@type\":\"ListItem\",\"position\":2,\"name\":\"Fostra Elementary: Z\u00e1pisy do prvn\u00edch t\u0159\u00edd nov\u011b u\u017e od 15. ledna\"}]},{\"@type\":\"WebSite\",\"@id\":\"https:\/\/womenhouse.cz\/#website\",\"url\":\"https:\/\/womenhouse.cz\/\",\"name\":\"WOMENHOUSE.cz\",\"description\":\"Port\u00e1l v\u00fdhradn\u011b jen pro \u017eeny...\",\"publisher\":{\"@id\":\"https:\/\/womenhouse.cz\/#organization\"},\"potentialAction\":[{\"@type\":\"SearchAction\",\"target\":{\"@type\":\"EntryPoint\",\"urlTemplate\":\"https:\/\/womenhouse.cz\/?s={search_term_string}\"},\"query-input\":\"required name=search_term_string\"}],\"inLanguage\":\"cs\"},{\"@type\":\"Organization\",\"@id\":\"https:\/\/womenhouse.cz\/#organization\",\"name\":\"WOMENHOUSE.cz\",\"url\":\"https:\/\/womenhouse.cz\/\",\"logo\":{\"@type\":\"ImageObject\",\"inLanguage\":\"cs\",\"@id\":\"https:\/\/womenhouse.cz\/#\/schema\/logo\/image\/\",\"url\":\"https:\/\/womenhouse.cz\/wp-content\/uploads\/2020\/06\/cropped-logo_Womenhouse_RGB-02-removebg-preview-1.png\",\"contentUrl\":\"https:\/\/womenhouse.cz\/wp-content\/uploads\/2020\/06\/cropped-logo_Womenhouse_RGB-02-removebg-preview-1.png\",\"width\":561,\"height\":375,\"caption\":\"WOMENHOUSE.cz\"},\"image\":{\"@id\":\"https:\/\/womenhouse.cz\/#\/schema\/logo\/image\/\"},\"sameAs\":[\"https:\/\/www.facebook.com\/womenhousecz\",\"https:\/\/www.instagram.com\/womenhousecz\/\"]},{\"@type\":\"Person\",\"@id\":\"https:\/\/womenhouse.cz\/#\/schema\/person\/09851c27907b92bbc8bcd7f3dfb2a802\",\"name\":\"Martina Pechov\u00e1\",\"sameAs\":[\"http:\/\/WOMENHOUSE.cz\"],\"url\":\"https:\/\/womenhouse.cz\/index.php\/author\/marpech\/\"}]}<\/script>\n<!-- \/ Yoast SEO plugin. -->","yoast_head_json":{"title":"Fostra Elementary: Z\u00e1pisy do prvn\u00edch t\u0159\u00edd nov\u011b u\u017e od 15. ledna - WOMENHOUSE.cz","description":"Od nadch\u00e1zej\u00edc\u00edho \u0161koln\u00edho roku se m\u011bn\u00ed term\u00edn z\u00e1pis\u016f do prvn\u00edch t\u0159\u00edd z\u00e1kladn\u00edch \u0161kol, a to mezi 15. lednem a 15. \u00fanorem.","robots":{"index":"index","follow":"follow","max-snippet":"max-snippet:-1","max-image-preview":"max-image-preview:large","max-video-preview":"max-video-preview:-1"},"canonical":"https:\/\/womenhouse.cz\/index.php\/2026\/01\/09\/fostra-elementary-zapisy-do-prvnich-trid-nove-uz-od-15-ledna\/","og_locale":"cs_CZ","og_type":"article","og_title":"Fostra Elementary: Z\u00e1pisy do prvn\u00edch t\u0159\u00edd nov\u011b u\u017e od 15. ledna - WOMENHOUSE.cz","og_description":"Od nadch\u00e1zej\u00edc\u00edho \u0161koln\u00edho roku se m\u011bn\u00ed term\u00edn z\u00e1pis\u016f do prvn\u00edch t\u0159\u00edd z\u00e1kladn\u00edch \u0161kol, a to mezi 15. lednem a 15. \u00fanorem.","og_url":"https:\/\/womenhouse.cz\/index.php\/2026\/01\/09\/fostra-elementary-zapisy-do-prvnich-trid-nove-uz-od-15-ledna\/","og_site_name":"WOMENHOUSE.cz","article_publisher":"https:\/\/www.facebook.com\/womenhousecz","article_published_time":"2026-01-08T23:01:00+00:00","article_modified_time":"2026-04-07T00:34:57+00:00","og_image":[{"width":1500,"height":1000,"url":"https:\/\/womenhouse.cz\/wp-content\/uploads\/2025\/10\/Foto-Fostra-Elementary_2.jpg","type":"image\/jpeg"}],"author":"Martina Pechov\u00e1","twitter_card":"summary_large_image","twitter_misc":{"Napsal(a)":"Martina Pechov\u00e1","Odhadovan\u00e1 doba \u010dten\u00ed":"3 minuty"},"schema":{"@context":"https:\/\/schema.org","@graph":[{"@type":"Article","@id":"https:\/\/womenhouse.cz\/index.php\/2026\/01\/09\/fostra-elementary-zapisy-do-prvnich-trid-nove-uz-od-15-ledna\/#article","isPartOf":{"@id":"https:\/\/womenhouse.cz\/index.php\/2026\/01\/09\/fostra-elementary-zapisy-do-prvnich-trid-nove-uz-od-15-ledna\/"},"author":{"name":"Martina Pechov\u00e1","@id":"https:\/\/womenhouse.cz\/#\/schema\/person\/09851c27907b92bbc8bcd7f3dfb2a802"},"headline":"Fostra Elementary: Z\u00e1pisy do prvn\u00edch t\u0159\u00edd nov\u011b u\u017e od 15. ledna","datePublished":"2026-01-08T23:01:00+00:00","dateModified":"2026-04-07T00:34:57+00:00","mainEntityOfPage":{"@id":"https:\/\/womenhouse.cz\/index.php\/2026\/01\/09\/fostra-elementary-zapisy-do-prvnich-trid-nove-uz-od-15-ledna\/"},"wordCount":455,"publisher":{"@id":"https:\/\/womenhouse.cz\/#organization"},"articleSection":["FOTOREPORTY","NEWS","SPOLE\u010cNOST &amp; VZTAHY","TIPY &amp; TRENDY"],"inLanguage":"cs"},{"@type":"WebPage","@id":"https:\/\/womenhouse.cz\/index.php\/2026\/01\/09\/fostra-elementary-zapisy-do-prvnich-trid-nove-uz-od-15-ledna\/","url":"https:\/\/womenhouse.cz\/index.php\/2026\/01\/09\/fostra-elementary-zapisy-do-prvnich-trid-nove-uz-od-15-ledna\/","name":"Fostra Elementary: Z\u00e1pisy do prvn\u00edch t\u0159\u00edd nov\u011b u\u017e od 15. ledna - WOMENHOUSE.cz","isPartOf":{"@id":"https:\/\/womenhouse.cz\/#website"},"datePublished":"2026-01-08T23:01:00+00:00","dateModified":"2026-04-07T00:34:57+00:00","description":"Od nadch\u00e1zej\u00edc\u00edho \u0161koln\u00edho roku se m\u011bn\u00ed term\u00edn z\u00e1pis\u016f do prvn\u00edch t\u0159\u00edd z\u00e1kladn\u00edch \u0161kol, a to mezi 15. lednem a 15. \u00fanorem.","breadcrumb":{"@id":"https:\/\/womenhouse.cz\/index.php\/2026\/01\/09\/fostra-elementary-zapisy-do-prvnich-trid-nove-uz-od-15-ledna\/#breadcrumb"},"inLanguage":"cs","potentialAction":[{"@type":"ReadAction","target":["https:\/\/womenhouse.cz\/index.php\/2026\/01\/09\/fostra-elementary-zapisy-do-prvnich-trid-nove-uz-od-15-ledna\/"]}]},{"@type":"BreadcrumbList","@id":"https:\/\/womenhouse.cz\/index.php\/2026\/01\/09\/fostra-elementary-zapisy-do-prvnich-trid-nove-uz-od-15-ledna\/#breadcrumb","itemListElement":[{"@type":"ListItem","position":1,"name":"Dom\u016f","item":"https:\/\/womenhouse.cz\/"},{"@type":"ListItem","position":2,"name":"Fostra Elementary: Z\u00e1pisy do prvn\u00edch t\u0159\u00edd nov\u011b u\u017e od 15. ledna"}]},{"@type":"WebSite","@id":"https:\/\/womenhouse.cz\/#website","url":"https:\/\/womenhouse.cz\/","name":"WOMENHOUSE.cz","description":"Port\u00e1l v\u00fdhradn\u011b jen pro \u017eeny...","publisher":{"@id":"https:\/\/womenhouse.cz\/#organization"},"potentialAction":[{"@type":"SearchAction","target":{"@type":"EntryPoint","urlTemplate":"https:\/\/womenhouse.cz\/?s={search_term_string}"},"query-input":"required name=search_term_string"}],"inLanguage":"cs"},{"@type":"Organization","@id":"https:\/\/womenhouse.cz\/#organization","name":"WOMENHOUSE.cz","url":"https:\/\/womenhouse.cz\/","logo":{"@type":"ImageObject","inLanguage":"cs","@id":"https:\/\/womenhouse.cz\/#\/schema\/logo\/image\/","url":"https:\/\/womenhouse.cz\/wp-content\/uploads\/2020\/06\/cropped-logo_Womenhouse_RGB-02-removebg-preview-1.png","contentUrl":"https:\/\/womenhouse.cz\/wp-content\/uploads\/2020\/06\/cropped-logo_Womenhouse_RGB-02-removebg-preview-1.png","width":561,"height":375,"caption":"WOMENHOUSE.cz"},"image":{"@id":"https:\/\/womenhouse.cz\/#\/schema\/logo\/image\/"},"sameAs":["https:\/\/www.facebook.com\/womenhousecz","https:\/\/www.instagram.com\/womenhousecz\/"]},{"@type":"Person","@id":"https:\/\/womenhouse.cz\/#\/schema\/person\/09851c27907b92bbc8bcd7f3dfb2a802","name":"Martina Pechov\u00e1","sameAs":["http:\/\/WOMENHOUSE.cz"],"url":"https:\/\/womenhouse.cz\/index.php\/author\/marpech\/"}]}},"_links":{"self":[{"href":"https:\/\/womenhouse.cz\/index.php\/wp-json\/wp\/v2\/posts\/16383"}],"collection":[{"href":"https:\/\/womenhouse.cz\/index.php\/wp-json\/wp\/v2\/posts"}],"about":[{"href":"https:\/\/womenhouse.cz\/index.php\/wp-json\/wp\/v2\/types\/post"}],"author":[{"embeddable":true,"href":"https:\/\/womenhouse.cz\/index.php\/wp-json\/wp\/v2\/users\/9"}],"replies":[{"embeddable":true,"href":"https:\/\/womenhouse.cz\/index.php\/wp-json\/wp\/v2\/comments?post=16383"}],"version-history":[{"count":-4,"href":"https:\/\/womenhouse.cz\/index.php\/wp-json\/wp\/v2\/posts\/16383\/revisions"}],"wp:featuredmedia":[{"embeddable":true,"href":"https:\/\/womenhouse.cz\/index.php\/wp-json\/wp\/v2\/media\/16385"}],"wp:attachment":[{"href":"https:\/\/womenhouse.cz\/index.php\/wp-json\/wp\/v2\/media?parent=16383"}],"wp:term":[{"taxonomy":"category","embeddable":true,"href":"https:\/\/womenhouse.cz\/index.php\/wp-json\/wp\/v2\/categories?post=16383"},{"taxonomy":"post_tag","embeddable":true,"href":"https:\/\/womenhouse.cz\/index.php\/wp-json\/wp\/v2\/tags?post=16383"}],"curies":[{"name":"wp","href":"https:\/\/api.w.org\/{rel}","templated":true}]}}