{"id":16357,"date":"2025-10-23T00:01:00","date_gmt":"2025-10-22T22:01:00","guid":{"rendered":"https:\/\/womenhouse.cz\/?p=16357"},"modified":"2025-12-04T17:24:22","modified_gmt":"2025-12-04T16:24:22","slug":"pva-expo-praha-podzimni-veletrh-for-beauty","status":"publish","type":"post","link":"https:\/\/womenhouse.cz\/index.php\/2025\/10\/23\/pva-expo-praha-podzimni-veletrh-for-beauty\/","title":{"rendered":"PVA EXPO PRAHA: Podzimn\u00ed veletrh FOR BEAUTY"},"content":{"rendered":"\n<div style=\"height:35px\" aria-hidden=\"true\" class=\"wp-block-spacer\"><\/div>\n\n\n\n<p class=\"has-medium-font-size\"><strong>Veletrh FOR BEAUTY zve beauty nad\u0161ence na v\u00fdstavi\u0161t\u011b PVA EXPO PRAHA v Let\u0148anech, a to ve dnech 24. a 25. \u0159\u00edjna. N\u00e1v\u0161t\u011bvn\u00edky \u010dek\u00e1 to nejzaj\u00edmav\u011bj\u0161\u00ed z oblasti kosmetiky, p\u00e9\u010de o t\u011blo a aktu\u00e1ln\u00edch beauty novinek. Chyst\u00e1 se bohat\u00e1 nab\u00eddka renomovan\u00fdch vystavovatel\u016f, exkluzivn\u00ed veletr\u017en\u00ed slevy, mo\u017enost n\u00e1kupu produkt\u016f obl\u00edben\u00fdch zna\u010dek i atraktivn\u00ed doprovodn\u00fd program. Partnerem pro energetiku v\u00fdstavi\u0161t\u011b PVA EXPO PRAHA je spole\u010dnost PKV Build, s.r.o.<\/strong><\/p>\n\n\n\n<div style=\"height:35px\" class=\"wp-block-spacer\"><\/div>\n\n\n<div class=\"wp-block-image\">\n<figure class=\"aligncenter size-large\"><img decoding=\"async\" src=\"https:\/\/vcentru.cz\/wp-content\/uploads\/2025\/10\/06-1024x682.jpg\" alt=\"PVA EXPO PRAHA: Podzimn\u00ed veletrh FOR BEAUTY p\u0159inese spoustu novinek a nabit\u00fd program\" class=\"wp-image-4754\" \/><\/figure><\/div>\n\n\n<div style=\"height:35px\" class=\"wp-block-spacer\"><\/div>\n\n\n\n<p class=\"has-medium-font-size\"><strong>Dv\u011b v\u00fdstavn\u00ed haly budou na konci \u0159\u00edjna hostit p\u0159edn\u00ed \u010desk\u00e9 i zahrani\u010dn\u00ed zna\u010dky<\/strong>, kter\u00e9 dominuj\u00ed sou\u010dasn\u00e9mu beauty sv\u011btu. N\u00e1v\u0161t\u011bvn\u00edci se mohou t\u011b\u0161it tak\u00e9 na atraktivn\u00ed profesion\u00e1ln\u00ed sout\u011b\u017ee \u2013 ned\u00edlnou sou\u010d\u00e1st veletrhu.<\/p>\n\n\n\n<p class=\"has-medium-font-size\">\u201e<em>Bez profesion\u00e1ln\u00edch sout\u011b\u017e\u00ed se veletrh FOR BEAUTY ji\u017e neobejde. N\u00e1v\u0161t\u011bvn\u00edci se mohou tento podzim t\u011b\u0161it na obl\u00edben\u00fd <\/em><strong><em>Beauty Foot Cup<\/em><\/strong><em>, sout\u011b\u017e <\/em><strong><em>Barber Battle Junior<\/em><\/strong><em>, <\/em><strong><em>Mistrovstv\u00ed \u010cR v make-upu<\/em><\/strong><em>, nebo presti\u017en\u00ed <\/em><strong><em>Nail Master Arenu<\/em><\/strong><em>,<\/em>\u201c zve n\u00e1v\u0161t\u011bvn\u00edky \u0159editelka veletrhu FOR BEAUTY Janica Ciglianov\u00e1.<\/p>\n\n\n\n<p class=\"has-medium-font-size\"><strong>Sou\u010d\u00e1st\u00ed veletrhu budou tak\u00e9 interaktivn\u00ed workshopy a odborn\u00e9 prezentace p\u0159\u00edmo na st\u00e1nc\u00edch vystavovatel\u016f. <\/strong>N\u00e1v\u0161t\u011bvn\u00edci si budou moci vyzkou\u0161et nejnov\u011bj\u0161\u00ed produkty a technologie doslova na vlastn\u00ed k\u016f\u017ei pod veden\u00edm zku\u0161en\u00fdch profesion\u00e1l\u016f.<\/p>\n\n\n\n<p class=\"has-medium-font-size\"><strong>Vedle atraktivn\u00edch n\u00e1kupn\u00edch p\u0159\u00edle\u017eitost\u00ed nab\u00eddne veletrh FOR BEAUTY tak\u00e9 profesion\u00e1ln\u00ed slu\u017eby zcela zdarma.<\/strong> Zna\u010dka&nbsp;<strong>Make-Up Institute Prague<\/strong>, dlouholet\u00fd partner veletrhu, p\u0159iprav\u00ed pro n\u00e1v\u0161t\u011bvn\u00edky bezplatn\u00e9 l\u00ed\u010den\u00ed a individu\u00e1ln\u00ed VIP beauty konzultace.<\/p>\n\n\n\n<div style=\"height:35px\" class=\"wp-block-spacer\"><\/div>\n\n\n<div class=\"wp-block-image\">\n<figure class=\"aligncenter size-large\"><img decoding=\"async\" src=\"https:\/\/vcentru.cz\/wp-content\/uploads\/2025\/10\/01-1-1024x683.jpg\" alt=\"PVA EXPO PRAHA: Podzimn\u00ed veletrh FOR BEAUTY p\u0159inese spoustu novinek a nabit\u00fd program\" class=\"wp-image-4781\" \/><\/figure><\/div>\n\n\n<div style=\"height:35px\" class=\"wp-block-spacer\"><\/div>\n\n\n\n<p class=\"has-medium-font-size\">Hlasem veletrhu FOR BEAUTY bude, stejn\u011b jako v&nbsp;p\u0159edchoz\u00edch letech, moder\u00e1tor Ale\u0161 Lehk\u00fd. Ten se ji\u017e tradi\u010dn\u011b ujme role pr\u016fvodce cel\u00fdm programem, kter\u00fd bude na podzim opravdu bohat\u00fd.<\/p>\n\n\n\n<p class=\"has-medium-font-size\">P\u00e1te\u010dn\u00ed program veletrhu zah\u00e1j\u00ed v 10:20 <strong>Ale\u0161 Lehk\u00fd<\/strong>, kter\u00fd p\u0159edstav\u00ed hlavn\u00ed body celodenn\u00edho programu. N\u00e1sledn\u011b, od 10:30, prob\u011bhne p\u0159edstaven\u00ed vizu\u00e1ln\u00edho konceptu veletrhu FOR BEAUTY za \u00fa\u010dasti <strong>Mark\u00e9ty Davidovich, Ta\u0165\u00e1ny Makarenko a Veronicy Biasiol<\/strong>, kter\u00e9 vystoup\u00ed v r\u00e1mci kr\u00e1tk\u00e9 talk show.<\/p>\n\n\n\n<p class=\"has-medium-font-size\">Od 11:00 se na p\u00f3diu p\u0159edstav\u00ed \u017e\u00e1ci&nbsp;<strong>St\u0159edn\u00edho odborn\u00e9ho u\u010dili\u0161t\u011b z Karl\u00edna<\/strong>&nbsp;s projektem&nbsp;<em>To jsme my, kade\u0159n\u00edci z Karl\u00edna!<\/em>. N\u00e1sleduje&nbsp;<strong>m\u00f3dn\u00ed p\u0159ehl\u00eddka MISS CZECH REPUBLIC<\/strong>&nbsp;(11:20\u201311:40) a pot\u00e9 show&nbsp;<strong>Czech Fashion Week \u2013 FASHION SHOW<\/strong>&nbsp;(11:40\u201312:00).<\/p>\n\n\n\n<p class=\"has-medium-font-size\">Ve 12:00 vypukne fin\u00e1le sout\u011b\u017ee&nbsp;<strong>Mistrovstv\u00ed \u010cR v make-upu 2025<\/strong>, letos na t\u00e9ma&nbsp;<em>Bronze Goddess Glam<\/em>, po\u0159\u00e1dan\u00e9&nbsp;<strong>Uni\u00ed kosmeti\u010dek<\/strong>. Sout\u011b\u017e potrv\u00e1 do 13:00.<\/p>\n\n\n\n<div style=\"height:35px\" class=\"wp-block-spacer\"><\/div>\n\n\n<div class=\"wp-block-image\">\n<figure class=\"aligncenter size-large\"><img decoding=\"async\" src=\"https:\/\/vcentru.cz\/wp-content\/uploads\/2025\/10\/05-1024x683.jpg\" alt=\"PVA EXPO PRAHA: Podzimn\u00ed veletrh FOR BEAUTY p\u0159inese spoustu novinek a nabit\u00fd program\" class=\"wp-image-4751\" \/><\/figure><\/div>\n\n\n<div style=\"height:35px\" class=\"wp-block-spacer\"><\/div>\n\n\n\n<p class=\"has-medium-font-size\">Ve 13:00 bude slavnostn\u011b zah\u00e1jena mezin\u00e1rodn\u00ed sout\u011b\u017e&nbsp;<strong>BARBER BATTLE Junior 2025<\/strong> v&nbsp;kategori\u00edch<em> Freestyle haircut, Fast fade <\/em>a <em>Scissor cut,<\/em> kterou po\u0159\u00e1d\u00e1&nbsp;<strong>Barber Battle s.r.o.<\/strong><\/p>\n\n\n\n<p class=\"has-medium-font-size\">V 15:40 dojde k ozn\u00e1men\u00ed finalist\u016f sout\u011b\u017ee, na\u010de\u017e v 15:45 odstartuje samotn\u00e9&nbsp;<strong>Grand Finale<\/strong>. Vyhl\u00e1\u0161en\u00ed v\u00fdsledk\u016f sout\u011b\u017ee&nbsp;<strong>BARBER BATTLE Junior 2025<\/strong>&nbsp;prob\u011bhne v 16:15.<\/p>\n\n\n\n<p class=\"has-medium-font-size\">Program bude pokra\u010dovat v 16:30 slavnostn\u00edm vyhl\u00e1\u0161en\u00edm v\u00fdsledk\u016f sout\u011b\u017ee&nbsp;<strong>NAIL MASTER ARENA 2025<\/strong>, po\u0159\u00e1dan\u00e9 spole\u010dnost\u00ed&nbsp;<strong>RK Nail Design s.r.o.<\/strong> Cel\u00fd p\u00e1te\u010dn\u00ed den uzav\u0159e od 17:15 vyhl\u00e1\u0161en\u00ed v\u00edt\u011bz\u016f presti\u017en\u00ed sout\u011b\u017ee&nbsp;<strong>CZECH NAIL OPEN CUP\/POSTER 2025<\/strong>, pod z\u00e1\u0161titou&nbsp;<strong>Unique Style s.r.o.<\/strong><\/p>\n\n\n\n<p class=\"has-medium-font-size\">Sobotn\u00ed \u010d\u00e1st programu zah\u00e1j\u00ed v 11:15 Ing. Kry\u0161tof Stan\u011bk, MSc., MBA, LL.M.&nbsp;ze spole\u010dnosti&nbsp;Notino, kter\u00fd v r\u00e1mci prezentace s n\u00e1zvem&nbsp;<em>Spole\u010dn\u011b m\u011bn\u00edme sv\u011bt beauty<\/em>&nbsp;p\u0159edstav\u00ed sou\u010dasn\u00e9 sm\u011b\u0159ov\u00e1n\u00ed zna\u010dky a jej\u00ed p\u0159\u00ednos v oblasti kr\u00e1sy a inovac\u00ed.<\/p>\n\n\n\n<div style=\"height:35px\" class=\"wp-block-spacer\"><\/div>\n\n\n<div class=\"wp-block-image\">\n<figure class=\"aligncenter size-large\"><img decoding=\"async\" src=\"https:\/\/vcentru.cz\/wp-content\/uploads\/2025\/10\/04-1024x683.jpg\" alt=\"PVA EXPO PRAHA: Podzimn\u00ed veletrh FOR BEAUTY p\u0159inese spoustu novinek a nabit\u00fd program\" class=\"wp-image-4749\" \/><\/figure><\/div>\n\n\n<div style=\"height:35px\" class=\"wp-block-spacer\"><\/div>\n\n\n\n<p class=\"has-medium-font-size\">N\u00e1sledovat bude p\u0159edn\u00e1\u0161ka&nbsp;Mgr. Michaely Brosche&nbsp;za zna\u010dku&nbsp;Deadia Cosmetics&nbsp;(11:30), kter\u00e1 p\u0159ibl\u00ed\u017e\u00ed omlazuj\u00edc\u00ed metody vyu\u017e\u00edvaj\u00edc\u00ed losos\u00ed DNA.<\/p>\n\n\n\n<p class=\"has-medium-font-size\">Od 11:45 p\u0159edstav\u00ed Mgr. Veronika Vitkovsk\u00e1 z Unique Style rychlou a kvalitn\u00ed metodu zpevn\u011bn\u00ed p\u0159\u00edrodn\u00edch neht\u016f BabyBoomer.<\/p>\n\n\n\n<p class=\"has-medium-font-size\">V poledne, od 12:15, prob\u011bhne kr\u00e1tk\u00e1 talk show s influencerkou&nbsp;Kl\u00e1rou Kov\u00e1\u010dovou, na kterou v 12:30 nav\u00e1\u017ee m\u00f3dn\u00ed p\u0159ehl\u00eddka n\u00e1vrh\u00e1\u0159ky&nbsp;Heleny Bedrnov\u00e9, kter\u00e1 uvede svou kolekci&nbsp;<em>Podzim\/Zima 2025<\/em>&nbsp;s n\u00e1zvem&nbsp;LA FABRICA.<\/p>\n\n\n\n<p class=\"has-medium-font-size\">Ve 13:00 usednou na p\u00f3dium&nbsp;Ag\u00e1ta Hanychov\u00e1&nbsp;a&nbsp;Ornella Koktov\u00e1, \u010derstv\u00e9 v\u00edt\u011bzky ocen\u011bn\u00ed&nbsp;Podcast roku 2025, kter\u00e9 v r\u00e1mci talk show nahl\u00e9dnou do z\u00e1kulis\u00ed sv\u00e9ho \u00fasp\u011b\u0161n\u00e9ho projektu.<\/p>\n\n\n\n<div style=\"height:35px\" class=\"wp-block-spacer\"><\/div>\n\n\n<div class=\"wp-block-image\">\n<figure class=\"aligncenter size-large\"><img decoding=\"async\" src=\"https:\/\/vcentru.cz\/wp-content\/uploads\/2025\/10\/02-1024x683.jpg\" alt=\"PVA EXPO PRAHA: Podzimn\u00ed veletrh FOR BEAUTY p\u0159inese spoustu novinek a nabit\u00fd program\" class=\"wp-image-4753\" \/><\/figure><\/div>\n\n\n<div style=\"height:35px\" class=\"wp-block-spacer\"><\/div>\n\n\n\n<p class=\"has-medium-font-size\">Od 13:15 do 15:00 bude p\u00f3dium pat\u0159it speci\u00e1ln\u00edmu bloku&nbsp;Podzimn\u00ed harmonie, po\u0159\u00e1dan\u00e9mu redakcemi&nbsp;And\u011blsk\u00e9Recepty.cz&nbsp;a&nbsp;HarmonieLuxus.cz. Cel\u00fdm blokem provede zn\u00e1m\u00fd stylista a moder\u00e1tor&nbsp;K\u00e1ja Pavl\u00ed\u010dek.<\/p>\n\n\n\n<p class=\"has-medium-font-size\">Sou\u010d\u00e1st\u00ed programu bude p\u0159edstaven\u00ed&nbsp;SEBI NEMI Luxury Hair Salonu, dr\u017eitele ocen\u011bn\u00ed&nbsp;Best Salon Award 2025, v doprovodu jeho zakladatele&nbsp;Sebastiana Nemiho. Na p\u00f3diu se objev\u00ed tak\u00e9&nbsp;Jakub M\u00e1dl,&nbsp;Mu\u017e roku 2024, kter\u00fd se pod\u011bl\u00ed o sv\u016fj p\u0159\u00edstup k p\u00e9\u010di o t\u011blo i du\u0161i. Bohuslav V\u011btrovsk\u00fd, odborn\u00edk a zakladatel zna\u010dky&nbsp;NATURAMEDICIN, p\u0159edstav\u00ed propojen\u00ed kr\u00e1sy a zdrav\u00ed prost\u0159ednictv\u00edm p\u0159\u00edrodn\u00ed medic\u00edny.<\/p>\n\n\n\n<p class=\"has-medium-font-size\">O sv\u00e9 zku\u0161enosti z mezin\u00e1rodn\u00edch p\u0159ehl\u00eddek a modelingov\u00e9ho sv\u011bta se pod\u011bl\u00ed&nbsp;Jana Marvanov\u00e1, topmodelka, Miss a \u0159editelka projektu&nbsp;MJ TOP MODEL. Program vyvrchol\u00ed slavnostn\u00ed korunovac\u00ed Miss Charity Czech Republic a na z\u00e1v\u011br tohoto bloku se p\u0159edstav\u00ed muzik\u00e1lov\u00e1 zp\u011bva\u010dka&nbsp;Nikola \u010euricov\u00e1.<\/p>\n\n\n\n<p class=\"has-medium-font-size\">V 15:00 budou slavnostn\u011b vyhl\u00e1\u0161eny v\u00fdsledky presti\u017en\u00ed odborn\u00e9 sout\u011b\u017ee&nbsp;BEAUTY FOOT CUP 2025, po\u0159\u00e1dan\u00e9 spole\u010dnostmi&nbsp;ODEL LABORATORIES, s.r.o.&nbsp;a&nbsp;PROFI-PEDIKURA.CZ.<\/p>\n\n\n\n<div style=\"height:35px\" class=\"wp-block-spacer\"><\/div>\n\n\n<div class=\"wp-block-image\">\n<figure class=\"aligncenter size-large\"><img decoding=\"async\" src=\"https:\/\/vcentru.cz\/wp-content\/uploads\/2025\/10\/03-1024x683.jpg\" alt=\"PVA EXPO PRAHA: Podzimn\u00ed veletrh FOR BEAUTY p\u0159inese spoustu novinek a nabit\u00fd program\" class=\"wp-image-4752\" \/><\/figure><\/div>\n\n\n<div style=\"height:35px\" class=\"wp-block-spacer\"><\/div>\n\n\n\n<p class=\"has-medium-font-size\">V 16:00 vystoup\u00ed&nbsp;MUDr. Ali Amiri&nbsp;za&nbsp;AP Aesthetic&nbsp;s odbornou prezentac\u00ed na t\u00e9ma propojen\u00ed estetick\u00e9 medic\u00edny a kosmetick\u00fdch o\u0161et\u0159en\u00ed s vyu\u017eit\u00edm produkt\u016f zna\u010dek&nbsp;Fusion Meso&nbsp;a&nbsp;Ekseption.<\/p>\n\n\n\n<p class=\"has-medium-font-size\">N\u00e1sledovat bude prezentace zna\u010dky&nbsp;Bloom Robbins, kter\u00e1 od 16:15 p\u0159edstav\u00ed sv\u00e9 top produkty.<\/p>\n\n\n\n<p class=\"has-medium-font-size\">Sobotn\u00ed program zakon\u010d\u00ed v&nbsp;16:30 \u0161kolitelky zna\u010dky Davines Martina R\u016f\u017ei\u010dkov\u00e1 a Kate\u0159ina Holcknechtov\u00e1 s podzimn\u00edmi trendy pro va\u0161e vlasy.<\/p>\n\n\n\n<p class=\"has-medium-font-size\">Ve stejn\u00fd term\u00edn jako FOR BEAUTY se na let\u0148ansk\u00e9m v\u00fdstavi\u0161ti PVA EXPO PRAHA bude konat soub\u011b\u017en\u011b tak\u00e9 veletrh pro d\u011bti FOR KIDS a festival FOR GAMES. Zakoupen\u00e1 vstupenka na veletrh FOR BEAUTY bude platn\u00e1 i pro dv\u011b zm\u00edn\u011bn\u00e9 soub\u011b\u017en\u00e9 akce.<\/p>\n\n\n\n<div style=\"height:35px\" class=\"wp-block-spacer\"><\/div>\n\n\n\n<p class=\"has-medium-font-size\"><strong>V\u00edce na <a href=\"http:\/\/www.veletrhkosmetiky.cz\/\">www.veletrhkosmetiky.cz<\/a><\/strong><\/p>\n\n\n\n<div style=\"height:100px\" class=\"wp-block-spacer\"><\/div>\n\n\n\n<figure class=\"wp-block-gallery has-nested-images columns-2 is-cropped wp-block-gallery-1 is-layout-flex wp-block-gallery-is-layout-flex\">\n<figure class=\"wp-block-image size-large\"><img decoding=\"async\" data-id=\"4750\" src=\"https:\/\/vcentru.cz\/wp-content\/uploads\/2025\/10\/01-1024x683.jpg\" alt=\"PVA EXPO PRAHA: Podzimn\u00ed veletrh FOR BEAUTY p\u0159inese spoustu novinek a nabit\u00fd program\" class=\"wp-image-4750\" \/><\/figure>\n\n\n\n<figure class=\"wp-block-image size-large\"><img decoding=\"async\" data-id=\"4753\" src=\"https:\/\/vcentru.cz\/wp-content\/uploads\/2025\/10\/02-1024x683.jpg\" alt=\"PVA EXPO PRAHA: Podzimn\u00ed veletrh FOR BEAUTY p\u0159inese spoustu novinek a nabit\u00fd program\" class=\"wp-image-4753\" \/><\/figure>\n\n\n\n<figure class=\"wp-block-image size-large\"><img decoding=\"async\" data-id=\"4752\" src=\"https:\/\/vcentru.cz\/wp-content\/uploads\/2025\/10\/03-1024x683.jpg\" alt=\"PVA EXPO PRAHA: Podzimn\u00ed veletrh FOR BEAUTY p\u0159inese spoustu novinek a nabit\u00fd program\" class=\"wp-image-4752\" \/><\/figure>\n\n\n\n<figure class=\"wp-block-image size-large\"><img decoding=\"async\" data-id=\"4749\" src=\"https:\/\/vcentru.cz\/wp-content\/uploads\/2025\/10\/04-1024x683.jpg\" alt=\"PVA EXPO PRAHA: Podzimn\u00ed veletrh FOR BEAUTY p\u0159inese spoustu novinek a nabit\u00fd program\" class=\"wp-image-4749\" \/><\/figure>\n\n\n\n<figure class=\"wp-block-image size-large\"><img decoding=\"async\" data-id=\"4751\" src=\"https:\/\/vcentru.cz\/wp-content\/uploads\/2025\/10\/05-1024x683.jpg\" alt=\"PVA EXPO PRAHA: Podzimn\u00ed veletrh FOR BEAUTY p\u0159inese spoustu novinek a nabit\u00fd program\" class=\"wp-image-4751\" \/><\/figure>\n\n\n\n<figure class=\"wp-block-image size-large\"><img decoding=\"async\" data-id=\"4754\" src=\"https:\/\/vcentru.cz\/wp-content\/uploads\/2025\/10\/06-1024x682.jpg\" alt=\"PVA EXPO PRAHA: Podzimn\u00ed veletrh FOR BEAUTY p\u0159inese spoustu novinek a nabit\u00fd program\" class=\"wp-image-4754\" \/><\/figure>\n<\/figure>\n\n\n\n<div style=\"height:35px\" class=\"wp-block-spacer\"><\/div>\n\n\n\n<p class=\"has-medium-font-size\"><strong>Zdroj foto:&nbsp;<\/strong>PVA EXPO PRAHA,&nbsp;FOR BEAUTY<\/p>\n\n\n\n<div style=\"height:65px\" class=\"wp-block-spacer\"><\/div>\n\n\n\n<p><\/p>\n","protected":false},"excerpt":{"rendered":"<p>Veletrh FOR BEAUTY zve beauty nad\u0161ence na v\u00fdstavi\u0161t\u011b PVA EXPO PRAHA v Let\u0148anech, a to ve dnech 24. a 25. \u0159\u00edjna. N\u00e1v\u0161t\u011bvn\u00edky \u010dek\u00e1 to nejzaj\u00edmav\u011bj\u0161\u00ed z oblasti kosmetiky, p\u00e9\u010de o t\u011blo a aktu\u00e1ln\u00edch beauty novinek. Chyst\u00e1 se bohat\u00e1 nab\u00eddka renomovan\u00fdch vystavovatel\u016f, exkluzivn\u00ed veletr\u017en\u00ed slevy, mo\u017enost n\u00e1kupu produkt\u016f obl\u00edben\u00fdch zna\u010dek i atraktivn\u00ed doprovodn\u00fd program. Partnerem pro [&hellip;]<\/p>\n","protected":false},"author":11,"featured_media":16358,"comment_status":"closed","ping_status":"closed","sticky":false,"template":"","format":"standard","meta":{"_mi_skip_tracking":false,"_monsterinsights_sitenote_active":false,"_monsterinsights_sitenote_note":"","_monsterinsights_sitenote_category":0,"footnotes":""},"categories":[21,23,9,28,2,22,12,10],"tags":[],"yoast_head":"<!-- This site is optimized with the Yoast SEO plugin v21.5 - https:\/\/yoast.com\/wordpress\/plugins\/seo\/ -->\n<title>PVA EXPO PRAHA: Podzimn\u00ed veletrh FOR BEAUTY - WOMENHOUSE.cz<\/title>\n<meta name=\"description\" content=\"Veletrh\u00a0FOR BEAUTY\u00a0zve beauty nad\u0161ence na v\u00fdstavi\u0161t\u011b\u00a0PVA EXPO PRAHA v Let\u0148anech, a to ve dnech\u00a024. a 25. \u0159\u00edjna.\" \/>\n<meta name=\"robots\" content=\"index, follow, max-snippet:-1, max-image-preview:large, max-video-preview:-1\" \/>\n<link rel=\"canonical\" href=\"https:\/\/womenhouse.cz\/index.php\/2025\/10\/23\/pva-expo-praha-podzimni-veletrh-for-beauty\/\" \/>\n<meta property=\"og:locale\" content=\"cs_CZ\" \/>\n<meta property=\"og:type\" content=\"article\" \/>\n<meta property=\"og:title\" content=\"PVA EXPO PRAHA: Podzimn\u00ed veletrh FOR BEAUTY - WOMENHOUSE.cz\" \/>\n<meta property=\"og:description\" content=\"Veletrh\u00a0FOR BEAUTY\u00a0zve beauty nad\u0161ence na v\u00fdstavi\u0161t\u011b\u00a0PVA EXPO PRAHA v Let\u0148anech, a to ve dnech\u00a024. a 25. \u0159\u00edjna.\" \/>\n<meta property=\"og:url\" content=\"https:\/\/womenhouse.cz\/index.php\/2025\/10\/23\/pva-expo-praha-podzimni-veletrh-for-beauty\/\" \/>\n<meta property=\"og:site_name\" content=\"WOMENHOUSE.cz\" \/>\n<meta property=\"article:publisher\" content=\"https:\/\/www.facebook.com\/womenhousecz\" \/>\n<meta property=\"article:published_time\" content=\"2025-10-22T22:01:00+00:00\" \/>\n<meta property=\"article:modified_time\" content=\"2025-12-04T16:24:22+00:00\" \/>\n<meta property=\"og:image\" content=\"https:\/\/womenhouse.cz\/wp-content\/uploads\/2025\/10\/05.jpg\" \/>\n\t<meta property=\"og:image:width\" content=\"1450\" \/>\n\t<meta property=\"og:image:height\" content=\"967\" \/>\n\t<meta property=\"og:image:type\" content=\"image\/jpeg\" \/>\n<meta name=\"author\" content=\"Helen Guardian\" \/>\n<meta name=\"twitter:card\" content=\"summary_large_image\" \/>\n<meta name=\"twitter:label1\" content=\"Napsal(a)\" \/>\n\t<meta name=\"twitter:data1\" content=\"Helen Guardian\" \/>\n\t<meta name=\"twitter:label2\" content=\"Odhadovan\u00e1 doba \u010dten\u00ed\" \/>\n\t<meta name=\"twitter:data2\" content=\"7 minut\" \/>\n<script type=\"application\/ld+json\" class=\"yoast-schema-graph\">{\"@context\":\"https:\/\/schema.org\",\"@graph\":[{\"@type\":\"Article\",\"@id\":\"https:\/\/womenhouse.cz\/index.php\/2025\/10\/23\/pva-expo-praha-podzimni-veletrh-for-beauty\/#article\",\"isPartOf\":{\"@id\":\"https:\/\/womenhouse.cz\/index.php\/2025\/10\/23\/pva-expo-praha-podzimni-veletrh-for-beauty\/\"},\"author\":{\"name\":\"Helen Guardian\",\"@id\":\"https:\/\/womenhouse.cz\/#\/schema\/person\/18326d1373d86e3cd83d1a97f46796d2\"},\"headline\":\"PVA EXPO PRAHA: Podzimn\u00ed veletrh FOR BEAUTY\",\"datePublished\":\"2025-10-22T22:01:00+00:00\",\"dateModified\":\"2025-12-04T16:24:22+00:00\",\"mainEntityOfPage\":{\"@id\":\"https:\/\/womenhouse.cz\/index.php\/2025\/10\/23\/pva-expo-praha-podzimni-veletrh-for-beauty\/\"},\"wordCount\":1137,\"publisher\":{\"@id\":\"https:\/\/womenhouse.cz\/#organization\"},\"articleSection\":[\"AKCE &amp; KULTURA\",\"CELEBRITY\",\"KOSMETIKA\",\"MAMINKY\",\"NEWS\",\"RELAX &amp; SPORT\",\"TIPY &amp; TRENDY\",\"ZDRAV\u00cd\"],\"inLanguage\":\"cs\"},{\"@type\":\"WebPage\",\"@id\":\"https:\/\/womenhouse.cz\/index.php\/2025\/10\/23\/pva-expo-praha-podzimni-veletrh-for-beauty\/\",\"url\":\"https:\/\/womenhouse.cz\/index.php\/2025\/10\/23\/pva-expo-praha-podzimni-veletrh-for-beauty\/\",\"name\":\"PVA EXPO PRAHA: Podzimn\u00ed veletrh FOR BEAUTY - WOMENHOUSE.cz\",\"isPartOf\":{\"@id\":\"https:\/\/womenhouse.cz\/#website\"},\"datePublished\":\"2025-10-22T22:01:00+00:00\",\"dateModified\":\"2025-12-04T16:24:22+00:00\",\"description\":\"Veletrh\u00a0FOR BEAUTY\u00a0zve beauty nad\u0161ence na v\u00fdstavi\u0161t\u011b\u00a0PVA EXPO PRAHA v Let\u0148anech, a to ve dnech\u00a024. a 25. \u0159\u00edjna.\",\"breadcrumb\":{\"@id\":\"https:\/\/womenhouse.cz\/index.php\/2025\/10\/23\/pva-expo-praha-podzimni-veletrh-for-beauty\/#breadcrumb\"},\"inLanguage\":\"cs\",\"potentialAction\":[{\"@type\":\"ReadAction\",\"target\":[\"https:\/\/womenhouse.cz\/index.php\/2025\/10\/23\/pva-expo-praha-podzimni-veletrh-for-beauty\/\"]}]},{\"@type\":\"BreadcrumbList\",\"@id\":\"https:\/\/womenhouse.cz\/index.php\/2025\/10\/23\/pva-expo-praha-podzimni-veletrh-for-beauty\/#breadcrumb\",\"itemListElement\":[{\"@type\":\"ListItem\",\"position\":1,\"name\":\"Dom\u016f\",\"item\":\"https:\/\/womenhouse.cz\/\"},{\"@type\":\"ListItem\",\"position\":2,\"name\":\"PVA EXPO PRAHA: Podzimn\u00ed veletrh FOR BEAUTY\"}]},{\"@type\":\"WebSite\",\"@id\":\"https:\/\/womenhouse.cz\/#website\",\"url\":\"https:\/\/womenhouse.cz\/\",\"name\":\"WOMENHOUSE.cz\",\"description\":\"Port\u00e1l v\u00fdhradn\u011b jen pro \u017eeny...\",\"publisher\":{\"@id\":\"https:\/\/womenhouse.cz\/#organization\"},\"potentialAction\":[{\"@type\":\"SearchAction\",\"target\":{\"@type\":\"EntryPoint\",\"urlTemplate\":\"https:\/\/womenhouse.cz\/?s={search_term_string}\"},\"query-input\":\"required name=search_term_string\"}],\"inLanguage\":\"cs\"},{\"@type\":\"Organization\",\"@id\":\"https:\/\/womenhouse.cz\/#organization\",\"name\":\"WOMENHOUSE.cz\",\"url\":\"https:\/\/womenhouse.cz\/\",\"logo\":{\"@type\":\"ImageObject\",\"inLanguage\":\"cs\",\"@id\":\"https:\/\/womenhouse.cz\/#\/schema\/logo\/image\/\",\"url\":\"https:\/\/womenhouse.cz\/wp-content\/uploads\/2020\/06\/cropped-logo_Womenhouse_RGB-02-removebg-preview-1.png\",\"contentUrl\":\"https:\/\/womenhouse.cz\/wp-content\/uploads\/2020\/06\/cropped-logo_Womenhouse_RGB-02-removebg-preview-1.png\",\"width\":561,\"height\":375,\"caption\":\"WOMENHOUSE.cz\"},\"image\":{\"@id\":\"https:\/\/womenhouse.cz\/#\/schema\/logo\/image\/\"},\"sameAs\":[\"https:\/\/www.facebook.com\/womenhousecz\",\"https:\/\/www.instagram.com\/womenhousecz\/\"]},{\"@type\":\"Person\",\"@id\":\"https:\/\/womenhouse.cz\/#\/schema\/person\/18326d1373d86e3cd83d1a97f46796d2\",\"name\":\"Helen Guardian\",\"sameAs\":[\"http:\/\/WOMENHOUSE.cz\"],\"url\":\"https:\/\/womenhouse.cz\/index.php\/author\/helgu\/\"}]}<\/script>\n<!-- \/ Yoast SEO plugin. -->","yoast_head_json":{"title":"PVA EXPO PRAHA: Podzimn\u00ed veletrh FOR BEAUTY - WOMENHOUSE.cz","description":"Veletrh\u00a0FOR BEAUTY\u00a0zve beauty nad\u0161ence na v\u00fdstavi\u0161t\u011b\u00a0PVA EXPO PRAHA v Let\u0148anech, a to ve dnech\u00a024. a 25. \u0159\u00edjna.","robots":{"index":"index","follow":"follow","max-snippet":"max-snippet:-1","max-image-preview":"max-image-preview:large","max-video-preview":"max-video-preview:-1"},"canonical":"https:\/\/womenhouse.cz\/index.php\/2025\/10\/23\/pva-expo-praha-podzimni-veletrh-for-beauty\/","og_locale":"cs_CZ","og_type":"article","og_title":"PVA EXPO PRAHA: Podzimn\u00ed veletrh FOR BEAUTY - WOMENHOUSE.cz","og_description":"Veletrh\u00a0FOR BEAUTY\u00a0zve beauty nad\u0161ence na v\u00fdstavi\u0161t\u011b\u00a0PVA EXPO PRAHA v Let\u0148anech, a to ve dnech\u00a024. a 25. \u0159\u00edjna.","og_url":"https:\/\/womenhouse.cz\/index.php\/2025\/10\/23\/pva-expo-praha-podzimni-veletrh-for-beauty\/","og_site_name":"WOMENHOUSE.cz","article_publisher":"https:\/\/www.facebook.com\/womenhousecz","article_published_time":"2025-10-22T22:01:00+00:00","article_modified_time":"2025-12-04T16:24:22+00:00","og_image":[{"width":1450,"height":967,"url":"https:\/\/womenhouse.cz\/wp-content\/uploads\/2025\/10\/05.jpg","type":"image\/jpeg"}],"author":"Helen Guardian","twitter_card":"summary_large_image","twitter_misc":{"Napsal(a)":"Helen Guardian","Odhadovan\u00e1 doba \u010dten\u00ed":"7 minut"},"schema":{"@context":"https:\/\/schema.org","@graph":[{"@type":"Article","@id":"https:\/\/womenhouse.cz\/index.php\/2025\/10\/23\/pva-expo-praha-podzimni-veletrh-for-beauty\/#article","isPartOf":{"@id":"https:\/\/womenhouse.cz\/index.php\/2025\/10\/23\/pva-expo-praha-podzimni-veletrh-for-beauty\/"},"author":{"name":"Helen Guardian","@id":"https:\/\/womenhouse.cz\/#\/schema\/person\/18326d1373d86e3cd83d1a97f46796d2"},"headline":"PVA EXPO PRAHA: Podzimn\u00ed veletrh FOR BEAUTY","datePublished":"2025-10-22T22:01:00+00:00","dateModified":"2025-12-04T16:24:22+00:00","mainEntityOfPage":{"@id":"https:\/\/womenhouse.cz\/index.php\/2025\/10\/23\/pva-expo-praha-podzimni-veletrh-for-beauty\/"},"wordCount":1137,"publisher":{"@id":"https:\/\/womenhouse.cz\/#organization"},"articleSection":["AKCE &amp; KULTURA","CELEBRITY","KOSMETIKA","MAMINKY","NEWS","RELAX &amp; SPORT","TIPY &amp; TRENDY","ZDRAV\u00cd"],"inLanguage":"cs"},{"@type":"WebPage","@id":"https:\/\/womenhouse.cz\/index.php\/2025\/10\/23\/pva-expo-praha-podzimni-veletrh-for-beauty\/","url":"https:\/\/womenhouse.cz\/index.php\/2025\/10\/23\/pva-expo-praha-podzimni-veletrh-for-beauty\/","name":"PVA EXPO PRAHA: Podzimn\u00ed veletrh FOR BEAUTY - WOMENHOUSE.cz","isPartOf":{"@id":"https:\/\/womenhouse.cz\/#website"},"datePublished":"2025-10-22T22:01:00+00:00","dateModified":"2025-12-04T16:24:22+00:00","description":"Veletrh\u00a0FOR BEAUTY\u00a0zve beauty nad\u0161ence na v\u00fdstavi\u0161t\u011b\u00a0PVA EXPO PRAHA v Let\u0148anech, a to ve dnech\u00a024. a 25. \u0159\u00edjna.","breadcrumb":{"@id":"https:\/\/womenhouse.cz\/index.php\/2025\/10\/23\/pva-expo-praha-podzimni-veletrh-for-beauty\/#breadcrumb"},"inLanguage":"cs","potentialAction":[{"@type":"ReadAction","target":["https:\/\/womenhouse.cz\/index.php\/2025\/10\/23\/pva-expo-praha-podzimni-veletrh-for-beauty\/"]}]},{"@type":"BreadcrumbList","@id":"https:\/\/womenhouse.cz\/index.php\/2025\/10\/23\/pva-expo-praha-podzimni-veletrh-for-beauty\/#breadcrumb","itemListElement":[{"@type":"ListItem","position":1,"name":"Dom\u016f","item":"https:\/\/womenhouse.cz\/"},{"@type":"ListItem","position":2,"name":"PVA EXPO PRAHA: Podzimn\u00ed veletrh FOR BEAUTY"}]},{"@type":"WebSite","@id":"https:\/\/womenhouse.cz\/#website","url":"https:\/\/womenhouse.cz\/","name":"WOMENHOUSE.cz","description":"Port\u00e1l v\u00fdhradn\u011b jen pro \u017eeny...","publisher":{"@id":"https:\/\/womenhouse.cz\/#organization"},"potentialAction":[{"@type":"SearchAction","target":{"@type":"EntryPoint","urlTemplate":"https:\/\/womenhouse.cz\/?s={search_term_string}"},"query-input":"required name=search_term_string"}],"inLanguage":"cs"},{"@type":"Organization","@id":"https:\/\/womenhouse.cz\/#organization","name":"WOMENHOUSE.cz","url":"https:\/\/womenhouse.cz\/","logo":{"@type":"ImageObject","inLanguage":"cs","@id":"https:\/\/womenhouse.cz\/#\/schema\/logo\/image\/","url":"https:\/\/womenhouse.cz\/wp-content\/uploads\/2020\/06\/cropped-logo_Womenhouse_RGB-02-removebg-preview-1.png","contentUrl":"https:\/\/womenhouse.cz\/wp-content\/uploads\/2020\/06\/cropped-logo_Womenhouse_RGB-02-removebg-preview-1.png","width":561,"height":375,"caption":"WOMENHOUSE.cz"},"image":{"@id":"https:\/\/womenhouse.cz\/#\/schema\/logo\/image\/"},"sameAs":["https:\/\/www.facebook.com\/womenhousecz","https:\/\/www.instagram.com\/womenhousecz\/"]},{"@type":"Person","@id":"https:\/\/womenhouse.cz\/#\/schema\/person\/18326d1373d86e3cd83d1a97f46796d2","name":"Helen Guardian","sameAs":["http:\/\/WOMENHOUSE.cz"],"url":"https:\/\/womenhouse.cz\/index.php\/author\/helgu\/"}]}},"_links":{"self":[{"href":"https:\/\/womenhouse.cz\/index.php\/wp-json\/wp\/v2\/posts\/16357"}],"collection":[{"href":"https:\/\/womenhouse.cz\/index.php\/wp-json\/wp\/v2\/posts"}],"about":[{"href":"https:\/\/womenhouse.cz\/index.php\/wp-json\/wp\/v2\/types\/post"}],"author":[{"embeddable":true,"href":"https:\/\/womenhouse.cz\/index.php\/wp-json\/wp\/v2\/users\/11"}],"replies":[{"embeddable":true,"href":"https:\/\/womenhouse.cz\/index.php\/wp-json\/wp\/v2\/comments?post=16357"}],"version-history":[{"count":-4,"href":"https:\/\/womenhouse.cz\/index.php\/wp-json\/wp\/v2\/posts\/16357\/revisions"}],"wp:featuredmedia":[{"embeddable":true,"href":"https:\/\/womenhouse.cz\/index.php\/wp-json\/wp\/v2\/media\/16358"}],"wp:attachment":[{"href":"https:\/\/womenhouse.cz\/index.php\/wp-json\/wp\/v2\/media?parent=16357"}],"wp:term":[{"taxonomy":"category","embeddable":true,"href":"https:\/\/womenhouse.cz\/index.php\/wp-json\/wp\/v2\/categories?post=16357"},{"taxonomy":"post_tag","embeddable":true,"href":"https:\/\/womenhouse.cz\/index.php\/wp-json\/wp\/v2\/tags?post=16357"}],"curies":[{"name":"wp","href":"https:\/\/api.w.org\/{rel}","templated":true}]}}